{"id":29669,"date":"2024-11-09T13:31:10","date_gmt":"2024-11-09T12:31:10","guid":{"rendered":"https:\/\/stuttgarti-katolikusok.de\/?p=29669"},"modified":"2024-11-09T13:40:08","modified_gmt":"2024-11-09T12:40:08","slug":"evkozi-32-vasarnap-a-feltetelek-nelkuli-onatadas","status":"publish","type":"post","link":"https:\/\/stuttgarti-katolikusok.de\/index.php\/evkozi-32-vasarnap-a-feltetelek-nelkuli-onatadas\/","title":{"rendered":"\u00c9vk\u00f6zi 32. vas\u00e1rnap &#8211; A felt\u00e9telek n\u00e9lk\u00fcli \u00f6n\u00e1tad\u00e1s"},"content":{"rendered":"<p><span style=\"color: #ff6600;\"><em>A felt\u00e9telek n\u00e9lk\u00fcli \u00f6n\u00e1tad\u00e1s vas\u00e1rnapj\u00e1nak is nevezhetj\u00fck az \u00c9vk\u00f6zi 32. vas\u00e1rnapot. Ennek jutalma pedig annak a bels\u0151 szabads\u00e1gnak megtapasztal\u00e1sa, amely minden m\u00e1sn\u00e1l, ak\u00e1r anyagi biztons\u00e1gn\u00e1l is, fontosabb.<\/em><\/span><\/p>\n<p><span style=\"color: #ff6600;\"><em>Ebben biztat benn\u00fcnket m\u00e1r a szentmise els\u0151 k\u00f6ny\u00f6rg\u00e9se is. Testi-lelki er\u0151vel Isten szolg\u00e1lat\u00e1ban \u00e1llni azt jelenti, hogy elismerem teremtett voltomat, s egyben k\u00e9sz vagyok a teljes \u00f6n\u00e1tad\u00e1sra.<\/em><\/span><\/p>\n<p><span style=\"color: #ff6600;\"><em>Az olvasm\u00e1nyban kr\u00edzis helyzetr\u0151l halhatunk. A nagy sz\u00e1razs\u00e1g k\u00f6vetkezt\u00e9ben nincs v\u00edz, r\u00e1ad\u00e1sul \u00e9h\u00edns\u00e9g puszt\u00edt. Ez\u00e9rt \u00e9rthetetlen Ill\u00e9s pr\u00f3f\u00e9ta viselked\u00e9se \u00e9s magatart\u00e1sa. Bizonyos \u00e9rtelemben v\u00e9dhetetlen az \u0151 viselked\u00e9se, az empatikus k\u00e9szs\u00e9g teljes hi\u00e1nya. M\u00e9gsem err\u0151l van sz\u00f3! Ill\u00e9s pr\u00f3f\u00e9ta, mint Isten embere ott \u00e9s akkor a hit \u00e9s rem\u00e9ny \u00e9rz\u00e9s\u00e9t er\u0151s\u00edti f\u00f6l az \u00f6zvegyasszony sz\u00edv\u00e9ben. Sorsa am\u00fagy is k\u00e9ts\u00e9gbeejt\u0151, hiszen \u00f6zvegy. Mik\u00f6zben az \u00f6zvegyasszony besz\u00e1mol kiszolg\u00e1ltatott \u00e9s rem\u00e9nytelen \u00e9lethelyzet\u00e9r\u0151l, m\u00e9gis megfogadja a pr\u00f3f\u00e9ta k\u00e9r\u00e9s\u00e9t. Nincs mit vesz\u00edteni!<\/em><\/span><\/p>\n<p><span style=\"color: #ff6600;\"><em>Ez az a pillanat, amelyben \u00f6nmagamra ismerhetek! Val\u00f3sz\u00edn\u0171, s\u0151t biztos, hogy t\u00f6bb alkalommal is \u00e9ltem m\u00e1r \u00e1t hasonl\u00f3 helyzetet egy\u00e9ni \u00e9letemben. Minden rem\u00e9nytelennek \u00e9s kil\u00e1t\u00e1stalannak t\u0171nik. M\u00e9gsem az! Csup\u00e1n abban a kiszolg\u00e1ltatottnak t\u0171n\u0151 helyzetben, a magam gy\u00f6nges\u00e9g\u00e9ben, de er\u0151s hit\u00e9ben, oda kell helyeznem \u00e9letemet Isten tenyer\u00e9be. Ott van \u00e9letem Isten tenyer\u00e9n&#8230;<\/em><\/span><\/p>\n<p><span style=\"color: #ff6600;\"><em>Krisztus megv\u00e1lt\u00f3 \u00e1ldozata \u00f6r\u00f6k \u00e9rv\u00e9ny\u0171. Ez\u00e9rt nem kell \u00fajabb \u00e1ldozatot bemutatnia. Azt akarta azonban, hogy \u00e1ldozata a szentmis\u00e9ben \u00fajb\u00f3l \u00e9s \u00fajb\u00f3l jelenval\u00f3v\u00e1 legyen sz\u00e1munkra, hogy mi is bekapcsol\u00f3dhassunk.<\/em><\/span><\/p>\n<p><span style=\"color: #ff6600;\"><em>Ennek a vas\u00e1rnapnak evang\u00e9liumi elbesz\u00e9l\u00e9se k\u00fcl\u00f6nb\u00f6z\u0151 szem\u00e9lyis\u00e9gi mint\u00e1kat mutat be. \u00c9ppen ez\u00e9rt J\u00e9zus Krisztus tan\u00edt\u00e1sa t\u00falmutat \u00f6nmag\u00e1n. Amikor hallom \u00e9s \u00fajraolvasom, keresem a magam hely\u00e9t a t\u00f6rt\u00e9netben. Ki az, akivel azonosulni tudok, akarok.\u00a0<\/em><\/span><\/p>\n<ul>\n<li><span style=\"color: #ff6600;\"><em>\u00cdr\u00e1stud\u00f3k. St\u00e1tusukat egy\u00e9ni el\u0151ny\u00f6k elnyer\u00e9s\u00e9re haszn\u00e1lj\u00e1k fel. Mekkora k\u00eds\u00e9rt\u00e9s ez a ma embere sz\u00e1m\u00e1ra!<\/em><\/span><\/li>\n<li><span style=\"color: #ff6600;\"><em>Gazdag ember. Elismer\u00e9st \u00e9s szeretetet koldul. A gazdag ember koldul! Nem csak \u0151!<\/em><\/span><\/li>\n<li><span style=\"color: #ff6600;\"><em>Szeg\u00e9ny \u00f6zvegyasszony. Szeg\u00e9ny \u00e9s \u00f6zvegy. Abban a korban a teljes kiszolg\u00e1ltatotts\u00e1g megtestes\u00edt\u0151je. M\u00e9gis mindent odaad. Ez az \u0151 k\u00e9t fill\u00e9rje.<\/em><\/span><\/li>\n<\/ul>\n<p><span style=\"color: #ff6600;\"><em>Az \u00e9n k\u00e9t fill\u00e9rem! November 11-\u00e9n Szent M\u00e1rton p\u00fcsp\u00f6kre eml\u00e9kez\u00fcnk. A leganda szerint k\u00f6nt\u00f6se fel\u00e9t, mert csak arr\u00f3l rendelkezhetett, odaadja annak, akinek sz\u00fcks\u00e9ge van r\u00e1.\u00a0<\/em><\/span><\/p>\n<p><span style=\"color: #ff6600;\"><em>Mindenkinek van k\u00e9t fill\u00e9rje! A k\u00e9rd\u00e9s csup\u00e1n, hogy oda tudom-e adni.\u00a0<\/em><\/span><\/p>\n<p><span style=\"color: #ff6600;\"><em>P\u00e9ntek d\u00e9lut\u00e1n a Bar\u00e1ts\u00e1gklub tagjaival, t\u00f6bb, mint 40-en, rendhagy\u00f3 m\u00f3don G\u00e1bor, merthogy mindenki \u00edgy ismeri, gy\u0171lt\u00fcnk \u00f6ssze. Azon t\u00fal, hogy nagyszer\u0171en \u00e9rezt\u00fck magunkat, err\u0151l hamarosan be is sz\u00e1molunk, volt egy meglepet\u00e9s vend\u00e9g\u00fcnk. Kov\u00e1cs Edit n\u00e9ni is vel\u00fcnk tartott. 92 \u00e9ves kor\u00e1ban fiatalokat megsz\u00e9gyen\u00edt\u0151 energi\u00e1val t\u00f6lt\u00f6tte az est\u00e9t vel\u00fcnk. Mi t\u00f6bb, amikor el\u0151ker\u00fclt a szintetiz\u00e1tor, t\u00f6bb mint egy \u00f3r\u00e1n kereszt\u00fcl k\u00e9nyeztetett benn\u00fcnket. Majdnem \u00e9jf\u00e9l volt, amikor Edit n\u00e9nivel haza\u00e9rt\u00fcnk. Nagyon boldog volt! Pedig \u0151 tett minket boldogg\u00e1, s tette feledhetetlenn\u00e9 az est\u00e9nket. Edit n\u00e9ni fill\u00e9rjei&#8230;<\/em><\/span><\/p>\n<p><a href=\"https:\/\/stuttgarti-katolikusok.de\/wp-content\/uploads\/2024\/11\/edit-neni2.jpg\"><img loading=\"lazy\" decoding=\"async\" class=\"alignnone size-full wp-image-29670\" src=\"https:\/\/stuttgarti-katolikusok.de\/wp-content\/uploads\/2024\/11\/edit-neni2.jpg\" alt=\"\" width=\"1530\" height=\"2040\" srcset=\"https:\/\/stuttgarti-katolikusok.de\/wp-content\/uploads\/2024\/11\/edit-neni2.jpg 1530w, https:\/\/stuttgarti-katolikusok.de\/wp-content\/uploads\/2024\/11\/edit-neni2-225x300.jpg 225w, https:\/\/stuttgarti-katolikusok.de\/wp-content\/uploads\/2024\/11\/edit-neni2-768x1024.jpg 768w, https:\/\/stuttgarti-katolikusok.de\/wp-content\/uploads\/2024\/11\/edit-neni2-1152x1536.jpg 1152w\" sizes=\"auto, (max-width: 1530px) 100vw, 1530px\" \/><\/a><\/p>\n<p><span style=\"color: #008000;\">Kezd\u0151\u00e9nek:<\/span><br \/>\nIm\u00e1ds\u00e1gom jusson sz\u00edned el\u00e9, Uram, hajtsd f\u00fcledet k\u00e9r\u00e9semre! (V\u00f6. Zsolt 87,3)<\/p>\n<p><span style=\"color: #008000;\">K\u00f6ny\u00f6rg\u00e9s:<\/span><br \/>\nMindenhat\u00f3, irgalmas Isten, kegyelmeddel tarts t\u00e1vol t\u0151l\u00fcnk minden rosszat. Add, hogy minden testi-lelki er\u0151nkkel szolg\u00e1latodra \u00e1lljunk, \u00e9s k\u00e9szs\u00e9gesen teljes\u00edts\u00fck szent akaratodat. A mi Urunk, J\u00e9zus Krisztus, a te Fiad \u00e1ltal, aki veled \u00e9l \u00e9s uralkodik a Szentl\u00e9lekkel egys\u00e9gben, Isten mind\u00f6r\u00f6kk\u00f6n \u00f6r\u00f6kk\u00e9.<\/p>\n<p align=\"justify\"><span style=\"color: #008000;\">OLVASM\u00c1NY a Kir\u00e1lyok els\u0151 k\u00f6nyv\u00e9b\u0151l (1Kir 17,10-16)<\/span><br \/>\nA nagy sz\u00e1razs\u00e1g idej\u00e9n Ill\u00e9s pr\u00f3f\u00e9ta az \u00dar parancs\u00e1ra \u00fatra kelt \u00e9s elment Careft\u00e1ba. Amikor a v\u00e1ros kapuj\u00e1hoz \u00e9rt, \u00e9pp ott volt egy \u00f6zvegyasszony, aki r\u0151zs\u00e9t szedegetett. A pr\u00f3f\u00e9ta megsz\u00f3l\u00edtotta, \u00e9s ezt mondta neki: \u201eHozz nekem egy kis vizet kors\u00f3ban, hadd igyam!\u201d Amikor az asszony elindult, ut\u00e1na sz\u00f3lt: \u201eHozz egy falat kenyeret is!\u201d<br \/>\nAz \u00edgy felelt: \u201eAmint igaz, hogy \u00e9l a te Istened: Nincs s\u00fctve semmim, csak egy mar\u00e9k lisztem van a szakajt\u00f3ban, meg egy kis olajam a kors\u00f3ban. \u00c9pp azon vagyok, hogy r\u0151zs\u00e9t szedjek, azt\u00e1n elmegyek \u00e9s elk\u00e9sz\u00edtem magamnak \u00e9s a fiamnak. Megessz\u00fck, azt\u00e1n meghalunk.\u201d<br \/>\nIll\u00e9s azonban \u00edgy v\u00e1laszolt neki: \u201eNe f\u00e9lj! Menj, s tedd, amit mondt\u00e1l; csak el\u0151bb csin\u00e1lj bel\u0151le egy kis lep\u00e9nyt, azt\u00e1n hozd ki nekem; magadnak \u00e9s a fiadnak csak ut\u00e1na k\u00e9sz\u00edts. Mert ezt mondja az \u00dar, Izrael Istene: A szakajt\u00f3 nem \u00fcr\u00fcl ki, a kors\u00f3 nem apad el addig, am\u00edg az \u00dar es\u0151t nem hullat a f\u00f6ldre.\u201d<br \/>\nElment h\u00e1t \u00e9s \u00fagy tett, amint Ill\u00e9s mondta. S volt mit ennie, neki is, fi\u00e1nak is. A szakajt\u00f3 nem \u00fcr\u00fclt ki, \u00e9s a kors\u00f3 nem apadt ki az \u00dar szava szerint, amelyet Ill\u00e9s \u00e1ltal mondott.<br \/>\nEz az Isten ig\u00e9je.<\/p>\n<p align=\"justify\"><span style=\"color: #008000;\">V\u00c1LASZOS ZSOLT\u00c1R (Zsolt 145,7.8-9a.9bc-10)<\/span><br \/>\nV\u00e1lasz:\u00a0<strong>\u00c1ldjad, lel<u>kem<\/u>, az Urat, * dics\u0151\u00edtsed az Is<u>tent!<\/u><\/strong>\u00a0(4g. t\u00f3nus.)<br \/>\nEl\u0151\u00e9nekes: Isten igaz\u00a0<u>ma<\/u>rad \u00f6r\u00f6kk\u00e9, * az elnyomottnak igazs\u00e1got szol<u>g\u00e1l<\/u>tat.<br \/>\nAz \u00e9hez\u0151nek\u00a0<u>\u0151<\/u>\u00a0ad kenyeret, * kiszabad\u00edtja az \u00dar a fog<u>lyo<\/u>kat.<br \/>\nH\u00edvek:\u00a0<strong>\u00c1ldjad, lel<u>kem<\/u>, az Urat, * dics\u0151\u00edtsed az Is<u>tent!<\/u><\/strong><br \/>\nE: Az \u00dar megnyitja a\u00a0<u>va<\/u>kok szem\u00e9t, * \u00e9s f\u00f6lemeli azt, aki el<u>e<\/u>sett.<br \/>\nAz \u00dar szereti az\u00a0<u>i<\/u>gaz embert, * a j\u00f6vev\u00e9nyt meg<u>v\u00e9<\/u>di.<br \/>\nH:\u00a0<strong>\u00c1ldjad, lel<u>kem<\/u>, az Urat, * dics\u0151\u00edtsed az Is<u>tent!<\/u><\/strong><br \/>\nE: Az \u00dar t\u00e1mogatja az \u00e1r<u>v\u00e1t<\/u>\u00a0\u00e9s \u00f6zvegyet, * \u00e9s elpuszt\u00edtja a gonoszok \u00fat<u>j\u00e1t<\/u>.<br \/>\nAz \u00dar ural<u>ko<\/u>dik \u00f6r\u00f6kk\u00e9, * a te Istened, \u00f3 Sion, nemzed\u00e9kr\u0151l nemzed\u00e9k<u>re<\/u>.<br \/>\nH:\u00a0<strong>\u00c1ldjad, lel<u>kem<\/u>, az Urat, * dics\u0151\u00edtsed az Is<u>tent!<\/u><\/strong><\/p>\n<p align=\"justify\"><span style=\"color: #008000;\">SZENTLECKE a Zsid\u00f3khoz \u00edrt lev\u00e9lb\u0151l (Zsid 9,24-28)<\/span><br \/>\nTestv\u00e9reim!<br \/>\nKrisztus nem k\u00e9zzel \u00e9p\u00edtett szent\u00e9lybe l\u00e9pett be, amely a val\u00f3dinak csak el\u0151k\u00e9pe, hanem mag\u00e1ba a mennybe, hogy most az Isten sz\u00edne el\u0151tt k\u00f6zbenj\u00e1rjon \u00e9rt\u00fcnk. Nem az\u00e9rt l\u00e9pett be, hogy t\u00f6bbsz\u00f6r \u00e1ldozza fel mag\u00e1t, mint ahogy a f\u0151pap minden \u00e9vben idegen v\u00e9rrel bel\u00e9p a legszentebb szent\u00e9lybe, hiszen akkor a vil\u00e1g kezdete \u00f3ta m\u00e1r t\u00f6bbsz\u00f6r kellett volna szenvednie. \u00cdgy azonban az id\u0151k v\u00e9g\u00e9n egyszer s mindenkorra megjelent, hogy \u00e1ldozat\u00e1val elt\u00f6r\u00f6lje a b\u0171nt. Amint az ember sz\u00e1m\u00e1ra az a rendelkez\u00e9s, hogy egyszer haljon meg, \u00e9s ut\u00e1na \u00edt\u00e9letben legyen r\u00e9sze, \u00fagy Krisztus is egyszer \u00e1ldozta fel mag\u00e1t, hogy sokaknak b\u0171n\u00e9t elvegye. M\u00e1sodszor nem a b\u0171n miatt jelenik meg, hanem azok \u00fcdv\u00f6z\u00edt\u00e9s\u00e9\u00e9rt, akik r\u00e1 v\u00e1rnak.<br \/>\nEz az Isten ig\u00e9je.<\/p>\n<p align=\"justify\"><span style=\"color: #008000;\">ALLELUJA<\/span><br \/>\nBoldogok, akik lelk\u00fckben szeg\u00e9nyek, * mert \u00f6v\u00e9k a mennyek orsz\u00e1ga. (Mt 5,3 \u2013 4g. t\u00f3nus.)<\/p>\n<p align=\"justify\"><span style=\"color: #008000;\"><em>(Hosszabb forma)<\/em><\/span><br \/>\n<span style=\"color: #008000;\">\u2020 EVANG\u00c9LIUM Szent M\u00e1rk k\u00f6nyv\u00e9b\u0151l (Mk 12,38-44)<\/span><br \/>\nEgy alkalommal, amikor J\u00e9zus tan\u00edtott, ezt mondta a t\u00f6megnek: \u201e\u00d3vakodjatok az \u00edr\u00e1stud\u00f3kt\u00f3l, akik sz\u00edvesen j\u00e1rnak hossz\u00fa k\u00f6nt\u00f6sben, \u00e9s szeretik, ha nyilv\u00e1nos tereken k\u00f6sz\u00f6ntik \u0151ket. \u00d6r\u00f6mest elfoglalj\u00e1k a zsinag\u00f3g\u00e1ban \u00e9s a lakom\u00e1kon a f\u0151helyeket. Fel\u00e9lik az \u00f6zvegyek h\u00e1z\u00e1t, \u00e9s k\u00f6zben sz\u00ednleg nagyokat im\u00e1dkoznak. Ez\u00e9rt kem\u00e9nyebb \u00edt\u00e9let v\u00e1r r\u00e1juk.\u201d<\/p>\n<p align=\"justify\"><span style=\"color: #008000;\"><strong>*<\/strong><\/span> Ezut\u00e1n le\u00fclt szemben a templompersellyel, \u00e9s figyelte, hogy a n\u00e9p hogyan dobja a p\u00e9nzt a perselybe. Sok gazdag sokat dobott be. De egy szeg\u00e9ny \u00f6zvegyasszony is odaj\u00f6tt, \u00e9s csak k\u00e9t fill\u00e9rt dobott be. Erre mag\u00e1hoz h\u00edvta tan\u00edtv\u00e1nyait, \u00e9s \u00edgy sz\u00f3lt hozz\u00e1juk: \u201eBizony mondom nektek, ez a szeg\u00e9ny \u00f6zvegy t\u00f6bbet adott mindenkin\u00e9l, aki csak dobott a perselybe. Mert \u0151k a felesleg\u00fckb\u0151l adakoztak, ez pedig mindent odaadott, amije csak volt, eg\u00e9sz vagyon\u00e1t.\u201d<br \/>\nEzek az evang\u00e9lium ig\u00e9i.<br \/>\n<span style=\"color: #008000;\"><em>(R\u00f6videbb forma:<\/em> Mk 12,41-44 a *-t\u00f3l.)<\/span><\/p>\n<p><span style=\"color: #008000;\">EGYETEMES K\u00d6NY\u00d6RG\u00c9SEK<\/span><br \/>\nPap: Testv\u00e9reim! K\u00e9rj\u00fck Istent\u0151l a nagylelk\u0171s\u00e9g kegyelm\u00e9t, hogy ne sajn\u00e1ljuk az \u00e1ldozatot az \u0151 dics\u0151s\u00e9g\u00e9\u00e9rt!<br \/>\nLektor:<br \/>\n1. Add, Urunk, hogy mindny\u00e1jan szeress\u00fck templomainkat!<br \/>\nH\u00edvek: K\u00e9r\u00fcnk t\u00e9ged, hallgass meg minket!<br \/>\n2. Add, hogy f\u0151p\u00e1sztoraink f\u00e1rads\u00e1got nem k\u00edm\u00e9lve \u00e9p\u00edts\u00e9k Egyh\u00e1zadat!<br \/>\nH\u00edvek: K\u00e9r\u00fcnk t\u00e9ged . . .<br \/>\n3. Add, hogy a gazdag orsz\u00e1gok k\u00e9szs\u00e9gesen seg\u00edts\u00e9k a fejl\u0151d\u00e9sben lev\u0151 n\u00e9peket!<br \/>\nH\u00edvek: K\u00e9r\u00fcnk t\u00e9ged . . .<br \/>\n4. Add, Urunk, hogy pl\u00e9b\u00e1ni\u00e1nk h\u00edvei anyagi hozz\u00e1j\u00e1rul\u00e1sukkal is sz\u00edvesen t\u00e1mogass\u00e1k az Egyh\u00e1zat!<br \/>\nH\u00edvek: K\u00e9r\u00fcnk t\u00e9ged . . .<br \/>\n5. Add, Urunk, hogy \u00e1ldozatos gonddal \u00f3vjuk gyermekeinket, mint a Szentl\u00e9lek templom\u00e1t!<br \/>\nH\u00edvek: K\u00e9r\u00fcnk t\u00e9ged . . .<br \/>\nPap: Irgalmas Isten\u00fcnk! Szent Fiad emberr\u00e9 lett, \u00e9s k\u00f6z\u00f6tt\u00fcnk lakik templomainkban. Add, hogy megbecs\u00fclj\u00fck k\u0151b\u0151l \u00e9p\u00fclt h\u00e1zadat, de m\u00e9g jobban tisztelj\u00fck \u00f6nmagunkban \u00e9s egym\u00e1sban a Szentl\u00e9lek templom\u00e1t! Krisztus, a mi Urunk \u00e1ltal.<br \/>\nH\u00edvek: \u00c1men.<\/p>\n<p><span style=\"color: #008000;\">Felaj\u00e1nl\u00f3 k\u00f6ny\u00f6rg\u00e9s:<\/span><br \/>\nK\u00e9r\u00fcnk, Urunk, Isten\u00fcnk, tekints megengesztel\u0151dve erre az \u00e1ldozatra, hogy amit Fiad szenved\u00e9s\u00e9re eml\u00e9kezve \u00fcnnepl\u00fcnk, azt sz\u00edv\u00fcnk odaad\u00e1s\u00e1val el\u00e9rj\u00fck. Krisztus, a mi Urunk \u00e1ltal.<\/p>\n<p><span style=\"color: #008000;\">\u00c1ldoz\u00e1si \u00e9nek:<\/span><br \/>\nAz \u00dar az \u00e9n p\u00e1sztorom, nincs is semmiben hi\u00e1nyom: z\u00f6ldell\u0151 mez\u0151k\u00f6n terelget engem, cs\u00f6ndes foly\u00f3vizek mellett nevelt f\u00f6l engem! (V\u00f6. Zsolt 22,1-2)<br \/>\n<span style=\"color: #008000;\"><em>Vagy<\/em><\/span><br \/>\nA tan\u00edtv\u00e1nyok felismert\u00e9k az \u00dar J\u00e9zust a keny\u00e9rt\u00f6r\u00e9skor. (V\u00f6. Lk 24,35)<\/p>\n<p><span style=\"color: #008000;\">\u00c1ldoz\u00e1s ut\u00e1ni k\u00f6ny\u00f6rg\u00e9s:<\/span><br \/>\nH\u00e1l\u00e1t adunk, Urunk, Isten\u00fcnk, hogy szent aj\u00e1nd\u00e9koddal t\u00e1pl\u00e1lt\u00e1l minket. K\u00e9rj\u00fck, hogy Szentlelked ki\u00e1rad\u00e1sa \u00e1ltal maradjon meg az igazlelk\u0171s\u00e9g kegyelme mindazokban, akikben mennyei er\u0151d m\u0171k\u00f6dni kezdett. Krisztus, a mi Urunk \u00e1ltal.<\/p>\n<p><em>(Nyit\u00f3k\u00e9p: Katholische Kirche in Stuttgart)<\/em><\/p>\n","protected":false},"excerpt":{"rendered":"<p>A felt\u00e9telek n\u00e9lk\u00fcli \u00f6n\u00e1tad\u00e1s vas\u00e1rnapj\u00e1nak is nevezhetj\u00fck az \u00c9vk\u00f6zi 32. vas\u00e1rnapot. Ennek jutalma pedig annak a bels\u0151 szabads\u00e1gnak megtapasztal\u00e1sa, amely minden m\u00e1sn\u00e1l, ak\u00e1r anyagi biztons\u00e1gn\u00e1l is, fontosabb. Ebben biztat benn\u00fcnket m\u00e1r a szentmise els\u0151 k\u00f6ny\u00f6rg\u00e9se is. Testi-lelki er\u0151vel Isten szolg\u00e1lat\u00e1ban \u00e1llni azt jelenti, hogy elismerem teremtett voltomat, s egyben k\u00e9sz vagyok a teljes \u00f6n\u00e1tad\u00e1sra. Az olvasm\u00e1nyban kr\u00edzis helyzetr\u0151l halhatunk. A nagy sz\u00e1razs\u00e1g k\u00f6vetkezt\u00e9ben nincs v\u00edz, r\u00e1ad\u00e1sul \u00e9h\u00edns\u00e9g puszt\u00edt. Ez\u00e9rt \u00e9rthetetlen Ill\u00e9s pr\u00f3f\u00e9ta viselked\u00e9se \u00e9s magatart\u00e1sa. Bizonyos \u00e9rtelemben v\u00e9dhetetlen az \u0151 viselked\u00e9se, az empatikus k\u00e9szs\u00e9g teljes hi\u00e1nya. M\u00e9gsem err\u0151l van sz\u00f3! Ill\u00e9s pr\u00f3f\u00e9ta, mint Isten embere ott \u00e9s akkor a hit \u00e9s rem\u00e9ny \u00e9rz\u00e9s\u00e9t er\u0151s\u00edti f\u00f6l az \u00f6zvegyasszony sz\u00edv\u00e9ben. Sorsa am\u00fagy is k\u00e9ts\u00e9gbeejt\u0151, hiszen \u00f6zvegy. Mik\u00f6zben az \u00f6zvegyasszony besz\u00e1mol kiszolg\u00e1ltatott \u00e9s rem\u00e9nytelen \u00e9lethelyzet\u00e9r\u0151l, m\u00e9gis megfogadja a pr\u00f3f\u00e9ta k\u00e9r\u00e9s\u00e9t. Nincs mit vesz\u00edteni! Ez az a pillanat, amelyben \u00f6nmagamra ismerhetek! Val\u00f3sz\u00edn\u0171, s\u0151t biztos, hogy t\u00f6bb alkalommal is \u00e9ltem m\u00e1r \u00e1t hasonl\u00f3 helyzetet egy\u00e9ni \u00e9letemben. Minden rem\u00e9nytelennek \u00e9s kil\u00e1t\u00e1stalannak t\u0171nik. M\u00e9gsem az! Csup\u00e1n abban a kiszolg\u00e1ltatottnak t\u0171n\u0151 helyzetben, a magam gy\u00f6nges\u00e9g\u00e9ben, de er\u0151s hit\u00e9ben, oda kell helyeznem \u00e9letemet Isten tenyer\u00e9be. Ott van \u00e9letem Isten tenyer\u00e9n&#8230; Krisztus megv\u00e1lt\u00f3 \u00e1ldozata \u00f6r\u00f6k \u00e9rv\u00e9ny\u0171. Ez\u00e9rt nem kell \u00fajabb \u00e1ldozatot bemutatnia. Azt akarta azonban, hogy \u00e1ldozata a szentmis\u00e9ben \u00fajb\u00f3l \u00e9s \u00fajb\u00f3l jelenval\u00f3v\u00e1 legyen sz\u00e1munkra, hogy mi is bekapcsol\u00f3dhassunk. Ennek a vas\u00e1rnapnak evang\u00e9liumi elbesz\u00e9l\u00e9se k\u00fcl\u00f6nb\u00f6z\u0151 szem\u00e9lyis\u00e9gi mint\u00e1kat mutat be. \u00c9ppen ez\u00e9rt J\u00e9zus Krisztus tan\u00edt\u00e1sa t\u00falmutat \u00f6nmag\u00e1n. Amikor hallom \u00e9s \u00fajraolvasom, keresem a magam hely\u00e9t a t\u00f6rt\u00e9netben. Ki az, akivel azonosulni tudok, akarok.\u00a0 \u00cdr\u00e1stud\u00f3k. St\u00e1tusukat egy\u00e9ni el\u0151ny\u00f6k elnyer\u00e9s\u00e9re haszn\u00e1lj\u00e1k fel. Mekkora k\u00eds\u00e9rt\u00e9s ez a ma embere sz\u00e1m\u00e1ra! Gazdag ember. Elismer\u00e9st \u00e9s szeretetet koldul. A gazdag ember koldul! Nem csak \u0151! Szeg\u00e9ny \u00f6zvegyasszony. Szeg\u00e9ny \u00e9s \u00f6zvegy. Abban a korban a teljes kiszolg\u00e1ltatotts\u00e1g megtestes\u00edt\u0151je. M\u00e9gis mindent odaad. Ez az \u0151 k\u00e9t fill\u00e9rje. Az \u00e9n k\u00e9t fill\u00e9rem! November 11-\u00e9n Szent M\u00e1rton p\u00fcsp\u00f6kre eml\u00e9kez\u00fcnk. A&#8230; <\/p>\n<p><a class=\"readmore\" href=\"https:\/\/stuttgarti-katolikusok.de\/index.php\/evkozi-32-vasarnap-a-feltetelek-nelkuli-onatadas\/\">R\u00e9szletek<\/a><\/p>\n","protected":false},"author":3,"featured_media":29673,"comment_status":"closed","ping_status":"closed","sticky":false,"template":"","format":"standard","meta":{"footnotes":""},"categories":[85,63],"tags":[],"class_list":["post-29669","post","type-post","status-publish","format-standard","has-post-thumbnail","hentry","category-a-liturgia-olvasmanyai","category-vasarnapi-gondolatok"],"yoast_head":"<!-- This site is optimized with the Yoast SEO plugin v27.3 - https:\/\/yoast.com\/product\/yoast-seo-wordpress\/ -->\n<title>\u00c9vk\u00f6zi 32. vas\u00e1rnap - A felt\u00e9telek n\u00e9lk\u00fcli \u00f6n\u00e1tad\u00e1s - Stuttgarti Katolikusok<\/title>\n<meta name=\"robots\" content=\"index, follow, max-snippet:-1, max-image-preview:large, max-video-preview:-1\" \/>\n<link rel=\"canonical\" href=\"https:\/\/stuttgarti-katolikusok.de\/index.php\/evkozi-32-vasarnap-a-feltetelek-nelkuli-onatadas\/\" \/>\n<meta property=\"og:locale\" content=\"hu_HU\" \/>\n<meta property=\"og:type\" content=\"article\" \/>\n<meta property=\"og:title\" content=\"\u00c9vk\u00f6zi 32. vas\u00e1rnap - A felt\u00e9telek n\u00e9lk\u00fcli \u00f6n\u00e1tad\u00e1s - Stuttgarti Katolikusok\" \/>\n<meta property=\"og:description\" content=\"A felt\u00e9telek n\u00e9lk\u00fcli \u00f6n\u00e1tad\u00e1s vas\u00e1rnapj\u00e1nak is nevezhetj\u00fck az \u00c9vk\u00f6zi 32. vas\u00e1rnapot. Ennek jutalma pedig annak a bels\u0151 szabads\u00e1gnak megtapasztal\u00e1sa, amely minden m\u00e1sn\u00e1l, ak\u00e1r anyagi biztons\u00e1gn\u00e1l is, fontosabb. Ebben biztat benn\u00fcnket m\u00e1r a szentmise els\u0151 k\u00f6ny\u00f6rg\u00e9se is. Testi-lelki er\u0151vel Isten szolg\u00e1lat\u00e1ban \u00e1llni azt jelenti, hogy elismerem teremtett voltomat, s egyben k\u00e9sz vagyok a teljes \u00f6n\u00e1tad\u00e1sra. Az olvasm\u00e1nyban kr\u00edzis helyzetr\u0151l halhatunk. A nagy sz\u00e1razs\u00e1g k\u00f6vetkezt\u00e9ben nincs v\u00edz, r\u00e1ad\u00e1sul \u00e9h\u00edns\u00e9g puszt\u00edt. Ez\u00e9rt \u00e9rthetetlen Ill\u00e9s pr\u00f3f\u00e9ta viselked\u00e9se \u00e9s magatart\u00e1sa. Bizonyos \u00e9rtelemben v\u00e9dhetetlen az \u0151 viselked\u00e9se, az empatikus k\u00e9szs\u00e9g teljes hi\u00e1nya. M\u00e9gsem err\u0151l van sz\u00f3! Ill\u00e9s pr\u00f3f\u00e9ta, mint Isten embere ott \u00e9s akkor a hit \u00e9s rem\u00e9ny \u00e9rz\u00e9s\u00e9t er\u0151s\u00edti f\u00f6l az \u00f6zvegyasszony sz\u00edv\u00e9ben. Sorsa am\u00fagy is k\u00e9ts\u00e9gbeejt\u0151, hiszen \u00f6zvegy. Mik\u00f6zben az \u00f6zvegyasszony besz\u00e1mol kiszolg\u00e1ltatott \u00e9s rem\u00e9nytelen \u00e9lethelyzet\u00e9r\u0151l, m\u00e9gis megfogadja a pr\u00f3f\u00e9ta k\u00e9r\u00e9s\u00e9t. Nincs mit vesz\u00edteni! Ez az a pillanat, amelyben \u00f6nmagamra ismerhetek! Val\u00f3sz\u00edn\u0171, s\u0151t biztos, hogy t\u00f6bb alkalommal is \u00e9ltem m\u00e1r \u00e1t hasonl\u00f3 helyzetet egy\u00e9ni \u00e9letemben. Minden rem\u00e9nytelennek \u00e9s kil\u00e1t\u00e1stalannak t\u0171nik. M\u00e9gsem az! Csup\u00e1n abban a kiszolg\u00e1ltatottnak t\u0171n\u0151 helyzetben, a magam gy\u00f6nges\u00e9g\u00e9ben, de er\u0151s hit\u00e9ben, oda kell helyeznem \u00e9letemet Isten tenyer\u00e9be. Ott van \u00e9letem Isten tenyer\u00e9n&#8230; Krisztus megv\u00e1lt\u00f3 \u00e1ldozata \u00f6r\u00f6k \u00e9rv\u00e9ny\u0171. Ez\u00e9rt nem kell \u00fajabb \u00e1ldozatot bemutatnia. Azt akarta azonban, hogy \u00e1ldozata a szentmis\u00e9ben \u00fajb\u00f3l \u00e9s \u00fajb\u00f3l jelenval\u00f3v\u00e1 legyen sz\u00e1munkra, hogy mi is bekapcsol\u00f3dhassunk. Ennek a vas\u00e1rnapnak evang\u00e9liumi elbesz\u00e9l\u00e9se k\u00fcl\u00f6nb\u00f6z\u0151 szem\u00e9lyis\u00e9gi mint\u00e1kat mutat be. \u00c9ppen ez\u00e9rt J\u00e9zus Krisztus tan\u00edt\u00e1sa t\u00falmutat \u00f6nmag\u00e1n. Amikor hallom \u00e9s \u00fajraolvasom, keresem a magam hely\u00e9t a t\u00f6rt\u00e9netben. Ki az, akivel azonosulni tudok, akarok.\u00a0 \u00cdr\u00e1stud\u00f3k. St\u00e1tusukat egy\u00e9ni el\u0151ny\u00f6k elnyer\u00e9s\u00e9re haszn\u00e1lj\u00e1k fel. Mekkora k\u00eds\u00e9rt\u00e9s ez a ma embere sz\u00e1m\u00e1ra! Gazdag ember. Elismer\u00e9st \u00e9s szeretetet koldul. A gazdag ember koldul! Nem csak \u0151! Szeg\u00e9ny \u00f6zvegyasszony. Szeg\u00e9ny \u00e9s \u00f6zvegy. Abban a korban a teljes kiszolg\u00e1ltatotts\u00e1g megtestes\u00edt\u0151je. M\u00e9gis mindent odaad. Ez az \u0151 k\u00e9t fill\u00e9rje. Az \u00e9n k\u00e9t fill\u00e9rem! November 11-\u00e9n Szent M\u00e1rton p\u00fcsp\u00f6kre eml\u00e9kez\u00fcnk. A... R\u00e9szletek\" \/>\n<meta property=\"og:url\" content=\"https:\/\/stuttgarti-katolikusok.de\/index.php\/evkozi-32-vasarnap-a-feltetelek-nelkuli-onatadas\/\" \/>\n<meta property=\"og:site_name\" content=\"Stuttgarti Katolikusok\" \/>\n<meta property=\"article:published_time\" content=\"2024-11-09T12:31:10+00:00\" \/>\n<meta property=\"article:modified_time\" content=\"2024-11-09T12:40:08+00:00\" \/>\n<meta property=\"og:image\" content=\"https:\/\/stuttgarti-katolikusok.de\/wp-content\/uploads\/2024\/11\/st-martin.jpg\" \/>\n\t<meta property=\"og:image:width\" content=\"1080\" \/>\n\t<meta property=\"og:image:height\" content=\"1080\" \/>\n\t<meta property=\"og:image:type\" content=\"image\/jpeg\" \/>\n<meta name=\"author\" content=\"Tibor atya\" \/>\n<meta name=\"twitter:card\" content=\"summary_large_image\" \/>\n<meta name=\"twitter:label1\" content=\"Szerz\u0151:\" \/>\n\t<meta name=\"twitter:data1\" content=\"Tibor atya\" \/>\n\t<meta name=\"twitter:label2\" content=\"Becs\u00fclt olvas\u00e1si id\u0151\" \/>\n\t<meta name=\"twitter:data2\" content=\"8 perc\" \/>\n<script type=\"application\/ld+json\" class=\"yoast-schema-graph\">{\"@context\":\"https:\\\/\\\/schema.org\",\"@graph\":[{\"@type\":\"Article\",\"@id\":\"https:\\\/\\\/stuttgarti-katolikusok.de\\\/index.php\\\/evkozi-32-vasarnap-a-feltetelek-nelkuli-onatadas\\\/#article\",\"isPartOf\":{\"@id\":\"https:\\\/\\\/stuttgarti-katolikusok.de\\\/index.php\\\/evkozi-32-vasarnap-a-feltetelek-nelkuli-onatadas\\\/\"},\"author\":{\"name\":\"Tibor atya\",\"@id\":\"https:\\\/\\\/stuttgarti-katolikusok.de\\\/#\\\/schema\\\/person\\\/75908d6f8fdc03a57889d27209df7795\"},\"headline\":\"\u00c9vk\u00f6zi 32. vas\u00e1rnap &#8211; A felt\u00e9telek n\u00e9lk\u00fcli \u00f6n\u00e1tad\u00e1s\",\"datePublished\":\"2024-11-09T12:31:10+00:00\",\"dateModified\":\"2024-11-09T12:40:08+00:00\",\"mainEntityOfPage\":{\"@id\":\"https:\\\/\\\/stuttgarti-katolikusok.de\\\/index.php\\\/evkozi-32-vasarnap-a-feltetelek-nelkuli-onatadas\\\/\"},\"wordCount\":1845,\"image\":{\"@id\":\"https:\\\/\\\/stuttgarti-katolikusok.de\\\/index.php\\\/evkozi-32-vasarnap-a-feltetelek-nelkuli-onatadas\\\/#primaryimage\"},\"thumbnailUrl\":\"https:\\\/\\\/stuttgarti-katolikusok.de\\\/wp-content\\\/uploads\\\/2024\\\/11\\\/st-martin.jpg\",\"articleSection\":[\"A liturgia olvasm\u00e1nyai\",\"Vas\u00e1rnapi gondolatok\"],\"inLanguage\":\"hu\"},{\"@type\":\"WebPage\",\"@id\":\"https:\\\/\\\/stuttgarti-katolikusok.de\\\/index.php\\\/evkozi-32-vasarnap-a-feltetelek-nelkuli-onatadas\\\/\",\"url\":\"https:\\\/\\\/stuttgarti-katolikusok.de\\\/index.php\\\/evkozi-32-vasarnap-a-feltetelek-nelkuli-onatadas\\\/\",\"name\":\"\u00c9vk\u00f6zi 32. vas\u00e1rnap - A felt\u00e9telek n\u00e9lk\u00fcli \u00f6n\u00e1tad\u00e1s - Stuttgarti Katolikusok\",\"isPartOf\":{\"@id\":\"https:\\\/\\\/stuttgarti-katolikusok.de\\\/#website\"},\"primaryImageOfPage\":{\"@id\":\"https:\\\/\\\/stuttgarti-katolikusok.de\\\/index.php\\\/evkozi-32-vasarnap-a-feltetelek-nelkuli-onatadas\\\/#primaryimage\"},\"image\":{\"@id\":\"https:\\\/\\\/stuttgarti-katolikusok.de\\\/index.php\\\/evkozi-32-vasarnap-a-feltetelek-nelkuli-onatadas\\\/#primaryimage\"},\"thumbnailUrl\":\"https:\\\/\\\/stuttgarti-katolikusok.de\\\/wp-content\\\/uploads\\\/2024\\\/11\\\/st-martin.jpg\",\"datePublished\":\"2024-11-09T12:31:10+00:00\",\"dateModified\":\"2024-11-09T12:40:08+00:00\",\"author\":{\"@id\":\"https:\\\/\\\/stuttgarti-katolikusok.de\\\/#\\\/schema\\\/person\\\/75908d6f8fdc03a57889d27209df7795\"},\"breadcrumb\":{\"@id\":\"https:\\\/\\\/stuttgarti-katolikusok.de\\\/index.php\\\/evkozi-32-vasarnap-a-feltetelek-nelkuli-onatadas\\\/#breadcrumb\"},\"inLanguage\":\"hu\",\"potentialAction\":[{\"@type\":\"ReadAction\",\"target\":[\"https:\\\/\\\/stuttgarti-katolikusok.de\\\/index.php\\\/evkozi-32-vasarnap-a-feltetelek-nelkuli-onatadas\\\/\"]}]},{\"@type\":\"ImageObject\",\"inLanguage\":\"hu\",\"@id\":\"https:\\\/\\\/stuttgarti-katolikusok.de\\\/index.php\\\/evkozi-32-vasarnap-a-feltetelek-nelkuli-onatadas\\\/#primaryimage\",\"url\":\"https:\\\/\\\/stuttgarti-katolikusok.de\\\/wp-content\\\/uploads\\\/2024\\\/11\\\/st-martin.jpg\",\"contentUrl\":\"https:\\\/\\\/stuttgarti-katolikusok.de\\\/wp-content\\\/uploads\\\/2024\\\/11\\\/st-martin.jpg\",\"width\":1080,\"height\":1080},{\"@type\":\"BreadcrumbList\",\"@id\":\"https:\\\/\\\/stuttgarti-katolikusok.de\\\/index.php\\\/evkozi-32-vasarnap-a-feltetelek-nelkuli-onatadas\\\/#breadcrumb\",\"itemListElement\":[{\"@type\":\"ListItem\",\"position\":1,\"name\":\"Kezd\u0151lap\",\"item\":\"https:\\\/\\\/stuttgarti-katolikusok.de\\\/\"},{\"@type\":\"ListItem\",\"position\":2,\"name\":\"\u00c9vk\u00f6zi 32. vas\u00e1rnap &#8211; A felt\u00e9telek n\u00e9lk\u00fcli \u00f6n\u00e1tad\u00e1s\"}]},{\"@type\":\"WebSite\",\"@id\":\"https:\\\/\\\/stuttgarti-katolikusok.de\\\/#website\",\"url\":\"https:\\\/\\\/stuttgarti-katolikusok.de\\\/\",\"name\":\"Stuttgarti Katolikusok\",\"description\":\"\",\"potentialAction\":[{\"@type\":\"SearchAction\",\"target\":{\"@type\":\"EntryPoint\",\"urlTemplate\":\"https:\\\/\\\/stuttgarti-katolikusok.de\\\/?s={search_term_string}\"},\"query-input\":{\"@type\":\"PropertyValueSpecification\",\"valueRequired\":true,\"valueName\":\"search_term_string\"}}],\"inLanguage\":\"hu\"},{\"@type\":\"Person\",\"@id\":\"https:\\\/\\\/stuttgarti-katolikusok.de\\\/#\\\/schema\\\/person\\\/75908d6f8fdc03a57889d27209df7795\",\"name\":\"Tibor atya\",\"image\":{\"@type\":\"ImageObject\",\"inLanguage\":\"hu\",\"@id\":\"https:\\\/\\\/secure.gravatar.com\\\/avatar\\\/61d268e57d1f4525b111222e29d2d5a7f8c420fdbf231ba5566a8ceac74fa960?s=96&d=mm&r=g\",\"url\":\"https:\\\/\\\/secure.gravatar.com\\\/avatar\\\/61d268e57d1f4525b111222e29d2d5a7f8c420fdbf231ba5566a8ceac74fa960?s=96&d=mm&r=g\",\"contentUrl\":\"https:\\\/\\\/secure.gravatar.com\\\/avatar\\\/61d268e57d1f4525b111222e29d2d5a7f8c420fdbf231ba5566a8ceac74fa960?s=96&d=mm&r=g\",\"caption\":\"Tibor atya\"},\"url\":\"https:\\\/\\\/stuttgarti-katolikusok.de\\\/index.php\\\/author\\\/tibor-atya\\\/\"}]}<\/script>\n<!-- \/ Yoast SEO plugin. -->","yoast_head_json":{"title":"\u00c9vk\u00f6zi 32. vas\u00e1rnap - A felt\u00e9telek n\u00e9lk\u00fcli \u00f6n\u00e1tad\u00e1s - Stuttgarti Katolikusok","robots":{"index":"index","follow":"follow","max-snippet":"max-snippet:-1","max-image-preview":"max-image-preview:large","max-video-preview":"max-video-preview:-1"},"canonical":"https:\/\/stuttgarti-katolikusok.de\/index.php\/evkozi-32-vasarnap-a-feltetelek-nelkuli-onatadas\/","og_locale":"hu_HU","og_type":"article","og_title":"\u00c9vk\u00f6zi 32. vas\u00e1rnap - A felt\u00e9telek n\u00e9lk\u00fcli \u00f6n\u00e1tad\u00e1s - Stuttgarti Katolikusok","og_description":"A felt\u00e9telek n\u00e9lk\u00fcli \u00f6n\u00e1tad\u00e1s vas\u00e1rnapj\u00e1nak is nevezhetj\u00fck az \u00c9vk\u00f6zi 32. vas\u00e1rnapot. Ennek jutalma pedig annak a bels\u0151 szabads\u00e1gnak megtapasztal\u00e1sa, amely minden m\u00e1sn\u00e1l, ak\u00e1r anyagi biztons\u00e1gn\u00e1l is, fontosabb. Ebben biztat benn\u00fcnket m\u00e1r a szentmise els\u0151 k\u00f6ny\u00f6rg\u00e9se is. Testi-lelki er\u0151vel Isten szolg\u00e1lat\u00e1ban \u00e1llni azt jelenti, hogy elismerem teremtett voltomat, s egyben k\u00e9sz vagyok a teljes \u00f6n\u00e1tad\u00e1sra. Az olvasm\u00e1nyban kr\u00edzis helyzetr\u0151l halhatunk. A nagy sz\u00e1razs\u00e1g k\u00f6vetkezt\u00e9ben nincs v\u00edz, r\u00e1ad\u00e1sul \u00e9h\u00edns\u00e9g puszt\u00edt. Ez\u00e9rt \u00e9rthetetlen Ill\u00e9s pr\u00f3f\u00e9ta viselked\u00e9se \u00e9s magatart\u00e1sa. Bizonyos \u00e9rtelemben v\u00e9dhetetlen az \u0151 viselked\u00e9se, az empatikus k\u00e9szs\u00e9g teljes hi\u00e1nya. M\u00e9gsem err\u0151l van sz\u00f3! Ill\u00e9s pr\u00f3f\u00e9ta, mint Isten embere ott \u00e9s akkor a hit \u00e9s rem\u00e9ny \u00e9rz\u00e9s\u00e9t er\u0151s\u00edti f\u00f6l az \u00f6zvegyasszony sz\u00edv\u00e9ben. Sorsa am\u00fagy is k\u00e9ts\u00e9gbeejt\u0151, hiszen \u00f6zvegy. Mik\u00f6zben az \u00f6zvegyasszony besz\u00e1mol kiszolg\u00e1ltatott \u00e9s rem\u00e9nytelen \u00e9lethelyzet\u00e9r\u0151l, m\u00e9gis megfogadja a pr\u00f3f\u00e9ta k\u00e9r\u00e9s\u00e9t. Nincs mit vesz\u00edteni! Ez az a pillanat, amelyben \u00f6nmagamra ismerhetek! Val\u00f3sz\u00edn\u0171, s\u0151t biztos, hogy t\u00f6bb alkalommal is \u00e9ltem m\u00e1r \u00e1t hasonl\u00f3 helyzetet egy\u00e9ni \u00e9letemben. Minden rem\u00e9nytelennek \u00e9s kil\u00e1t\u00e1stalannak t\u0171nik. M\u00e9gsem az! Csup\u00e1n abban a kiszolg\u00e1ltatottnak t\u0171n\u0151 helyzetben, a magam gy\u00f6nges\u00e9g\u00e9ben, de er\u0151s hit\u00e9ben, oda kell helyeznem \u00e9letemet Isten tenyer\u00e9be. Ott van \u00e9letem Isten tenyer\u00e9n&#8230; Krisztus megv\u00e1lt\u00f3 \u00e1ldozata \u00f6r\u00f6k \u00e9rv\u00e9ny\u0171. Ez\u00e9rt nem kell \u00fajabb \u00e1ldozatot bemutatnia. Azt akarta azonban, hogy \u00e1ldozata a szentmis\u00e9ben \u00fajb\u00f3l \u00e9s \u00fajb\u00f3l jelenval\u00f3v\u00e1 legyen sz\u00e1munkra, hogy mi is bekapcsol\u00f3dhassunk. Ennek a vas\u00e1rnapnak evang\u00e9liumi elbesz\u00e9l\u00e9se k\u00fcl\u00f6nb\u00f6z\u0151 szem\u00e9lyis\u00e9gi mint\u00e1kat mutat be. \u00c9ppen ez\u00e9rt J\u00e9zus Krisztus tan\u00edt\u00e1sa t\u00falmutat \u00f6nmag\u00e1n. Amikor hallom \u00e9s \u00fajraolvasom, keresem a magam hely\u00e9t a t\u00f6rt\u00e9netben. Ki az, akivel azonosulni tudok, akarok.\u00a0 \u00cdr\u00e1stud\u00f3k. St\u00e1tusukat egy\u00e9ni el\u0151ny\u00f6k elnyer\u00e9s\u00e9re haszn\u00e1lj\u00e1k fel. Mekkora k\u00eds\u00e9rt\u00e9s ez a ma embere sz\u00e1m\u00e1ra! Gazdag ember. Elismer\u00e9st \u00e9s szeretetet koldul. A gazdag ember koldul! Nem csak \u0151! Szeg\u00e9ny \u00f6zvegyasszony. Szeg\u00e9ny \u00e9s \u00f6zvegy. Abban a korban a teljes kiszolg\u00e1ltatotts\u00e1g megtestes\u00edt\u0151je. M\u00e9gis mindent odaad. Ez az \u0151 k\u00e9t fill\u00e9rje. Az \u00e9n k\u00e9t fill\u00e9rem! November 11-\u00e9n Szent M\u00e1rton p\u00fcsp\u00f6kre eml\u00e9kez\u00fcnk. A... R\u00e9szletek","og_url":"https:\/\/stuttgarti-katolikusok.de\/index.php\/evkozi-32-vasarnap-a-feltetelek-nelkuli-onatadas\/","og_site_name":"Stuttgarti Katolikusok","article_published_time":"2024-11-09T12:31:10+00:00","article_modified_time":"2024-11-09T12:40:08+00:00","og_image":[{"width":1080,"height":1080,"url":"https:\/\/stuttgarti-katolikusok.de\/wp-content\/uploads\/2024\/11\/st-martin.jpg","type":"image\/jpeg"}],"author":"Tibor atya","twitter_card":"summary_large_image","twitter_misc":{"Szerz\u0151:":"Tibor atya","Becs\u00fclt olvas\u00e1si id\u0151":"8 perc"},"schema":{"@context":"https:\/\/schema.org","@graph":[{"@type":"Article","@id":"https:\/\/stuttgarti-katolikusok.de\/index.php\/evkozi-32-vasarnap-a-feltetelek-nelkuli-onatadas\/#article","isPartOf":{"@id":"https:\/\/stuttgarti-katolikusok.de\/index.php\/evkozi-32-vasarnap-a-feltetelek-nelkuli-onatadas\/"},"author":{"name":"Tibor atya","@id":"https:\/\/stuttgarti-katolikusok.de\/#\/schema\/person\/75908d6f8fdc03a57889d27209df7795"},"headline":"\u00c9vk\u00f6zi 32. vas\u00e1rnap &#8211; A felt\u00e9telek n\u00e9lk\u00fcli \u00f6n\u00e1tad\u00e1s","datePublished":"2024-11-09T12:31:10+00:00","dateModified":"2024-11-09T12:40:08+00:00","mainEntityOfPage":{"@id":"https:\/\/stuttgarti-katolikusok.de\/index.php\/evkozi-32-vasarnap-a-feltetelek-nelkuli-onatadas\/"},"wordCount":1845,"image":{"@id":"https:\/\/stuttgarti-katolikusok.de\/index.php\/evkozi-32-vasarnap-a-feltetelek-nelkuli-onatadas\/#primaryimage"},"thumbnailUrl":"https:\/\/stuttgarti-katolikusok.de\/wp-content\/uploads\/2024\/11\/st-martin.jpg","articleSection":["A liturgia olvasm\u00e1nyai","Vas\u00e1rnapi gondolatok"],"inLanguage":"hu"},{"@type":"WebPage","@id":"https:\/\/stuttgarti-katolikusok.de\/index.php\/evkozi-32-vasarnap-a-feltetelek-nelkuli-onatadas\/","url":"https:\/\/stuttgarti-katolikusok.de\/index.php\/evkozi-32-vasarnap-a-feltetelek-nelkuli-onatadas\/","name":"\u00c9vk\u00f6zi 32. vas\u00e1rnap - A felt\u00e9telek n\u00e9lk\u00fcli \u00f6n\u00e1tad\u00e1s - Stuttgarti Katolikusok","isPartOf":{"@id":"https:\/\/stuttgarti-katolikusok.de\/#website"},"primaryImageOfPage":{"@id":"https:\/\/stuttgarti-katolikusok.de\/index.php\/evkozi-32-vasarnap-a-feltetelek-nelkuli-onatadas\/#primaryimage"},"image":{"@id":"https:\/\/stuttgarti-katolikusok.de\/index.php\/evkozi-32-vasarnap-a-feltetelek-nelkuli-onatadas\/#primaryimage"},"thumbnailUrl":"https:\/\/stuttgarti-katolikusok.de\/wp-content\/uploads\/2024\/11\/st-martin.jpg","datePublished":"2024-11-09T12:31:10+00:00","dateModified":"2024-11-09T12:40:08+00:00","author":{"@id":"https:\/\/stuttgarti-katolikusok.de\/#\/schema\/person\/75908d6f8fdc03a57889d27209df7795"},"breadcrumb":{"@id":"https:\/\/stuttgarti-katolikusok.de\/index.php\/evkozi-32-vasarnap-a-feltetelek-nelkuli-onatadas\/#breadcrumb"},"inLanguage":"hu","potentialAction":[{"@type":"ReadAction","target":["https:\/\/stuttgarti-katolikusok.de\/index.php\/evkozi-32-vasarnap-a-feltetelek-nelkuli-onatadas\/"]}]},{"@type":"ImageObject","inLanguage":"hu","@id":"https:\/\/stuttgarti-katolikusok.de\/index.php\/evkozi-32-vasarnap-a-feltetelek-nelkuli-onatadas\/#primaryimage","url":"https:\/\/stuttgarti-katolikusok.de\/wp-content\/uploads\/2024\/11\/st-martin.jpg","contentUrl":"https:\/\/stuttgarti-katolikusok.de\/wp-content\/uploads\/2024\/11\/st-martin.jpg","width":1080,"height":1080},{"@type":"BreadcrumbList","@id":"https:\/\/stuttgarti-katolikusok.de\/index.php\/evkozi-32-vasarnap-a-feltetelek-nelkuli-onatadas\/#breadcrumb","itemListElement":[{"@type":"ListItem","position":1,"name":"Kezd\u0151lap","item":"https:\/\/stuttgarti-katolikusok.de\/"},{"@type":"ListItem","position":2,"name":"\u00c9vk\u00f6zi 32. vas\u00e1rnap &#8211; A felt\u00e9telek n\u00e9lk\u00fcli \u00f6n\u00e1tad\u00e1s"}]},{"@type":"WebSite","@id":"https:\/\/stuttgarti-katolikusok.de\/#website","url":"https:\/\/stuttgarti-katolikusok.de\/","name":"Stuttgarti Katolikusok","description":"","potentialAction":[{"@type":"SearchAction","target":{"@type":"EntryPoint","urlTemplate":"https:\/\/stuttgarti-katolikusok.de\/?s={search_term_string}"},"query-input":{"@type":"PropertyValueSpecification","valueRequired":true,"valueName":"search_term_string"}}],"inLanguage":"hu"},{"@type":"Person","@id":"https:\/\/stuttgarti-katolikusok.de\/#\/schema\/person\/75908d6f8fdc03a57889d27209df7795","name":"Tibor atya","image":{"@type":"ImageObject","inLanguage":"hu","@id":"https:\/\/secure.gravatar.com\/avatar\/61d268e57d1f4525b111222e29d2d5a7f8c420fdbf231ba5566a8ceac74fa960?s=96&d=mm&r=g","url":"https:\/\/secure.gravatar.com\/avatar\/61d268e57d1f4525b111222e29d2d5a7f8c420fdbf231ba5566a8ceac74fa960?s=96&d=mm&r=g","contentUrl":"https:\/\/secure.gravatar.com\/avatar\/61d268e57d1f4525b111222e29d2d5a7f8c420fdbf231ba5566a8ceac74fa960?s=96&d=mm&r=g","caption":"Tibor atya"},"url":"https:\/\/stuttgarti-katolikusok.de\/index.php\/author\/tibor-atya\/"}]}},"_links":{"self":[{"href":"https:\/\/stuttgarti-katolikusok.de\/index.php\/wp-json\/wp\/v2\/posts\/29669","targetHints":{"allow":["GET"]}}],"collection":[{"href":"https:\/\/stuttgarti-katolikusok.de\/index.php\/wp-json\/wp\/v2\/posts"}],"about":[{"href":"https:\/\/stuttgarti-katolikusok.de\/index.php\/wp-json\/wp\/v2\/types\/post"}],"author":[{"embeddable":true,"href":"https:\/\/stuttgarti-katolikusok.de\/index.php\/wp-json\/wp\/v2\/users\/3"}],"replies":[{"embeddable":true,"href":"https:\/\/stuttgarti-katolikusok.de\/index.php\/wp-json\/wp\/v2\/comments?post=29669"}],"version-history":[{"count":3,"href":"https:\/\/stuttgarti-katolikusok.de\/index.php\/wp-json\/wp\/v2\/posts\/29669\/revisions"}],"predecessor-version":[{"id":29675,"href":"https:\/\/stuttgarti-katolikusok.de\/index.php\/wp-json\/wp\/v2\/posts\/29669\/revisions\/29675"}],"wp:featuredmedia":[{"embeddable":true,"href":"https:\/\/stuttgarti-katolikusok.de\/index.php\/wp-json\/wp\/v2\/media\/29673"}],"wp:attachment":[{"href":"https:\/\/stuttgarti-katolikusok.de\/index.php\/wp-json\/wp\/v2\/media?parent=29669"}],"wp:term":[{"taxonomy":"category","embeddable":true,"href":"https:\/\/stuttgarti-katolikusok.de\/index.php\/wp-json\/wp\/v2\/categories?post=29669"},{"taxonomy":"post_tag","embeddable":true,"href":"https:\/\/stuttgarti-katolikusok.de\/index.php\/wp-json\/wp\/v2\/tags?post=29669"}],"curies":[{"name":"wp","href":"https:\/\/api.w.org\/{rel}","templated":true}]}}