{"id":29639,"date":"2024-11-04T22:05:58","date_gmt":"2024-11-04T21:05:58","guid":{"rendered":"https:\/\/stuttgarti-katolikusok.de\/?p=29639"},"modified":"2024-11-05T13:11:45","modified_gmt":"2024-11-05T12:11:45","slug":"2024-november-4-es-10-kozott","status":"publish","type":"post","link":"https:\/\/stuttgarti-katolikusok.de\/index.php\/2024-november-4-es-10-kozott\/","title":{"rendered":"2024. NOVEMBER 4 \u00c9S 10 K\u00d6Z\u00d6TT"},"content":{"rendered":"<p><span style=\"color: #ff6600;\"><strong>Programel\u0151zetes<\/strong><\/span><\/p>\n<p style=\"text-align: center;\"><span style=\"color: #ff6600;\"><strong>*<\/strong><\/span><\/p>\n<p><strong>November 8-\u00e1n,<\/strong>\u00a0p\u00e9nteken, <em><strong>Stuttgarti d\u00e9lut\u00e1n<\/strong><\/em>. <span style=\"color: #ff0000;\"><strong>A szentmise ELMARAD!!!<\/strong><\/span><\/p>\n<p><a href=\"https:\/\/stuttgarti-katolikusok.de\/wp-content\/uploads\/2024\/11\/2024-november.jpg\"><img loading=\"lazy\" decoding=\"async\" class=\"alignnone size-full wp-image-29641\" src=\"https:\/\/stuttgarti-katolikusok.de\/wp-content\/uploads\/2024\/11\/2024-november.jpg\" alt=\"\" width=\"1654\" height=\"2339\" \/><\/a><\/p>\n<p style=\"text-align: center;\"><span style=\"color: #ff6600;\"><strong>*<\/strong><\/span><\/p>\n<p><strong>November 9-\u00e9n<\/strong><em><strong>,<\/strong><\/em> szombaton<em>, <\/em><strong>Biberachban <\/strong>16.45 \u00f3rakor<em> szentmise, <\/em>ut\u00e1na <em>agap\u00e9.<\/em><\/p>\n<p><a href=\"https:\/\/stuttgarti-katolikusok.de\/wp-content\/uploads\/2024\/11\/amiens.jpg\"><img loading=\"lazy\" decoding=\"async\" class=\"alignnone size-full wp-image-29640\" src=\"https:\/\/stuttgarti-katolikusok.de\/wp-content\/uploads\/2024\/11\/amiens.jpg\" alt=\"\" width=\"640\" height=\"606\" srcset=\"https:\/\/stuttgarti-katolikusok.de\/wp-content\/uploads\/2024\/11\/amiens.jpg 640w, https:\/\/stuttgarti-katolikusok.de\/wp-content\/uploads\/2024\/11\/amiens-300x284.jpg 300w\" sizes=\"auto, (max-width: 640px) 100vw, 640px\" \/><\/a><\/p>\n<p><strong>Weingartenben <\/strong>19.00 \u00f3rakor<em> n\u00e9met-magyar nyelv\u0171 szentmise a Bazilik\u00e1ban.<\/em> Zar\u00e1ndokszentmis\u00e9n vesz\u00fcnk r\u00e9szt, ugyanis Dr. Sz\u00e9kely J\u00e1nos, a szombathelyi egyh\u00e1zmegye p\u00fcsp\u00f6ke zar\u00e1ndokcsoportot k\u00eds\u00e9r Tours-ba. Ez egyben azt is jelenti, hogy m\u00e1snap, november 10-\u00e9n, vas\u00e1rnap a 14 Nothelfer Kapelle-ben a szentmise ELMARAD!<\/p>\n<p>K\u00e9rlek benneteket, hogy adj\u00e1tok tov\u00e1bb a h\u00edrt bar\u00e1ti \u00e9s ismer\u0151si k\u00f6rben. B\u00e1r nem mi vagyunk a vend\u00e9gl\u00e1t\u00f3k, biztatlak benneteket, hogy hozzatok kev\u00e9ske s\u00fctem\u00e9nyt, amellyel mi magunk is kedveskedhet\u00fcnk a zar\u00e1ndokcsoport tagjainak. Sz\u00edv\u00fcnk szeretet\u00e9n t\u00fal ezt tudjuk megosztani J\u00e1nos p\u00fcsp\u00f6k aty\u00e1val \u00e9s zar\u00e1ndok testv\u00e9reivel.<\/p>\n<p style=\"text-align: center;\"><span style=\"color: #ff6600;\"><strong>\u00a0*<\/strong><\/span><\/p>\n<p><strong>November 10-\u00e9n<\/strong><em>, <span style=\"color: #008000;\"><strong>\u00c9vk\u00f6zi 32. vas\u00e1rnap<\/strong><\/span>,<\/em><\/p>\n<p><strong>Weingartenben <\/strong>10.00 \u00f3rakor <em>a 14 Nothelfer Kapelle-ben <span style=\"color: #ff0000;\"><strong>a<\/strong><\/span> <span style=\"color: #ff0000;\"><strong>szentmise ELMARAD!!!<\/strong><\/span><\/em><\/p>\n<p><strong>Ulmban <\/strong>15.00 \u00f3rakor<em> szentmise, <\/em><em>ut\u00e1na <\/em><em>agap\u00e9. \u00a0<\/em><\/p>\n<p style=\"text-align: center;\"><span style=\"color: #ff6600;\"><strong>*<\/strong><\/span><\/p>\n<p>Minden helyen mindenkit szeretettel v\u00e1r a k\u00f6z\u00f6ss\u00e9g \u00e9s Tibor atya!<\/p>\n<p><span style=\"color: #ff6600;\"><em><strong>Bens\u0151s\u00e9ges \u0151szi napokat, j\u00f3 munk\u00e1t, tartalmas besz\u00e9lget\u00e9seket \u00e9s \u00f6r\u00f6mteli tal\u00e1lkoz\u00e1sokat k\u00edv\u00e1nunk minden Kedves H\u00edv\u00fcnknek!<\/strong><\/em><\/span><\/p>\n<p style=\"text-align: center;\"><span style=\"color: #ff6600;\"><strong>*<\/strong><\/span><\/p>\n<p><a href=\"https:\/\/stuttgarti-katolikusok.de\/wp-content\/uploads\/2021\/11\/250551142-3069853013252505-7342526171911996296-n.jpg\"><img loading=\"lazy\" decoding=\"async\" class=\"alignnone size-full wp-image-22460\" src=\"https:\/\/stuttgarti-katolikusok.de\/wp-content\/uploads\/2021\/11\/250551142-3069853013252505-7342526171911996296-n.jpg\" alt=\"\" width=\"1440\" height=\"1800\" srcset=\"https:\/\/stuttgarti-katolikusok.de\/wp-content\/uploads\/2021\/11\/250551142-3069853013252505-7342526171911996296-n.jpg 1440w, https:\/\/stuttgarti-katolikusok.de\/wp-content\/uploads\/2021\/11\/250551142-3069853013252505-7342526171911996296-n-240x300.jpg 240w, https:\/\/stuttgarti-katolikusok.de\/wp-content\/uploads\/2021\/11\/250551142-3069853013252505-7342526171911996296-n-819x1024.jpg 819w, https:\/\/stuttgarti-katolikusok.de\/wp-content\/uploads\/2021\/11\/250551142-3069853013252505-7342526171911996296-n-1229x1536.jpg 1229w\" sizes=\"auto, (max-width: 1440px) 100vw, 1440px\" \/><\/a><\/p>\n<p><em>(K\u00e9p forr\u00e1sa: Lovas Istv\u00e1n)<\/em><\/p>\n<p style=\"text-align: center;\"><span style=\"color: #ff6600;\"><strong>*<\/strong><\/span><\/p>\n<p><span style=\"color: #ff6600;\"><em><strong>\u201eKi-ki maga felel\u0151s az\u00e9rt, hogy a saj\u00e1t \u00e9let\u00e9t \u00e9lje \u00e9s \u00f6nmag\u00e1t megtal\u00e1lja. Ha ezt a felel\u0151ss\u00e9get m\u00e1sra igyekszik \u00e1th\u00e1r\u00edtani, akkor nem fogja megtal\u00e1lni saj\u00e1t l\u00e9t\u00e9nek \u00e9rtelm\u00e9t.\u201d<\/strong><\/em> <\/span><em>(Thomas Merton \u2013 1915-1968 \u2013 trappista szerzetes, lelkis\u00e9gi \u00edr\u00f3, k\u00f6lt\u0151)<\/em><\/p>\n<p><em>(K\u00e9pek forr\u00e1sa: Instagram \u00e9s Lovas Istv\u00e1n)<\/em><\/p>\n","protected":false},"excerpt":{"rendered":"<p>Programel\u0151zetes * November 8-\u00e1n,\u00a0p\u00e9nteken, Stuttgarti d\u00e9lut\u00e1n. A szentmise ELMARAD!!! * November 9-\u00e9n, szombaton, Biberachban 16.45 \u00f3rakor szentmise, ut\u00e1na agap\u00e9. Weingartenben 19.00 \u00f3rakor n\u00e9met-magyar nyelv\u0171 szentmise a Bazilik\u00e1ban. Zar\u00e1ndokszentmis\u00e9n vesz\u00fcnk r\u00e9szt, ugyanis Dr. Sz\u00e9kely J\u00e1nos, a szombathelyi egyh\u00e1zmegye p\u00fcsp\u00f6ke zar\u00e1ndokcsoportot k\u00eds\u00e9r Tours-ba. Ez egyben azt is jelenti, hogy m\u00e1snap, november 10-\u00e9n, vas\u00e1rnap a 14 Nothelfer Kapelle-ben a szentmise ELMARAD! K\u00e9rlek benneteket, hogy adj\u00e1tok tov\u00e1bb a h\u00edrt bar\u00e1ti \u00e9s ismer\u0151si k\u00f6rben. B\u00e1r nem mi vagyunk a vend\u00e9gl\u00e1t\u00f3k, biztatlak benneteket, hogy hozzatok kev\u00e9ske s\u00fctem\u00e9nyt, amellyel mi magunk is kedveskedhet\u00fcnk a zar\u00e1ndokcsoport tagjainak. Sz\u00edv\u00fcnk szeretet\u00e9n t\u00fal ezt tudjuk megosztani J\u00e1nos p\u00fcsp\u00f6k aty\u00e1val \u00e9s zar\u00e1ndok testv\u00e9reivel. \u00a0* November 10-\u00e9n, \u00c9vk\u00f6zi 32. vas\u00e1rnap, Weingartenben 10.00 \u00f3rakor a 14 Nothelfer Kapelle-ben a szentmise ELMARAD!!! Ulmban 15.00 \u00f3rakor szentmise, ut\u00e1na agap\u00e9. \u00a0 * Minden helyen mindenkit szeretettel v\u00e1r a k\u00f6z\u00f6ss\u00e9g \u00e9s Tibor atya! Bens\u0151s\u00e9ges \u0151szi napokat, j\u00f3 munk\u00e1t, tartalmas besz\u00e9lget\u00e9seket \u00e9s \u00f6r\u00f6mteli tal\u00e1lkoz\u00e1sokat k\u00edv\u00e1nunk minden Kedves H\u00edv\u00fcnknek! * (K\u00e9p forr\u00e1sa: Lovas Istv\u00e1n) * \u201eKi-ki maga felel\u0151s az\u00e9rt, hogy a saj\u00e1t \u00e9let\u00e9t \u00e9lje \u00e9s \u00f6nmag\u00e1t megtal\u00e1lja. Ha ezt a felel\u0151ss\u00e9get m\u00e1sra igyekszik \u00e1th\u00e1r\u00edtani, akkor nem fogja megtal\u00e1lni saj\u00e1t l\u00e9t\u00e9nek \u00e9rtelm\u00e9t.\u201d (Thomas Merton \u2013 1915-1968 \u2013 trappista szerzetes, lelkis\u00e9gi \u00edr\u00f3, k\u00f6lt\u0151) (K\u00e9pek forr\u00e1sa: Instagram \u00e9s Lovas Istv\u00e1n)<\/p>\n","protected":false},"author":3,"featured_media":27416,"comment_status":"closed","ping_status":"closed","sticky":false,"template":"","format":"standard","meta":{"footnotes":""},"categories":[37],"tags":[],"class_list":["post-29639","post","type-post","status-publish","format-standard","has-post-thumbnail","hentry","category-progamelozetes"],"yoast_head":"<!-- This site is optimized with the Yoast SEO plugin v27.3 - https:\/\/yoast.com\/product\/yoast-seo-wordpress\/ -->\n<title>2024. NOVEMBER 4 \u00c9S 10 K\u00d6Z\u00d6TT - Stuttgarti Katolikusok<\/title>\n<meta name=\"robots\" content=\"index, follow, max-snippet:-1, max-image-preview:large, max-video-preview:-1\" \/>\n<link rel=\"canonical\" href=\"https:\/\/stuttgarti-katolikusok.de\/index.php\/2024-november-4-es-10-kozott\/\" \/>\n<meta property=\"og:locale\" content=\"hu_HU\" \/>\n<meta property=\"og:type\" content=\"article\" \/>\n<meta property=\"og:title\" content=\"2024. NOVEMBER 4 \u00c9S 10 K\u00d6Z\u00d6TT - Stuttgarti Katolikusok\" \/>\n<meta property=\"og:description\" content=\"Programel\u0151zetes * November 8-\u00e1n,\u00a0p\u00e9nteken, Stuttgarti d\u00e9lut\u00e1n. A szentmise ELMARAD!!! * November 9-\u00e9n, szombaton, Biberachban 16.45 \u00f3rakor szentmise, ut\u00e1na agap\u00e9. Weingartenben 19.00 \u00f3rakor n\u00e9met-magyar nyelv\u0171 szentmise a Bazilik\u00e1ban. Zar\u00e1ndokszentmis\u00e9n vesz\u00fcnk r\u00e9szt, ugyanis Dr. Sz\u00e9kely J\u00e1nos, a szombathelyi egyh\u00e1zmegye p\u00fcsp\u00f6ke zar\u00e1ndokcsoportot k\u00eds\u00e9r Tours-ba. Ez egyben azt is jelenti, hogy m\u00e1snap, november 10-\u00e9n, vas\u00e1rnap a 14 Nothelfer Kapelle-ben a szentmise ELMARAD! K\u00e9rlek benneteket, hogy adj\u00e1tok tov\u00e1bb a h\u00edrt bar\u00e1ti \u00e9s ismer\u0151si k\u00f6rben. B\u00e1r nem mi vagyunk a vend\u00e9gl\u00e1t\u00f3k, biztatlak benneteket, hogy hozzatok kev\u00e9ske s\u00fctem\u00e9nyt, amellyel mi magunk is kedveskedhet\u00fcnk a zar\u00e1ndokcsoport tagjainak. Sz\u00edv\u00fcnk szeretet\u00e9n t\u00fal ezt tudjuk megosztani J\u00e1nos p\u00fcsp\u00f6k aty\u00e1val \u00e9s zar\u00e1ndok testv\u00e9reivel. \u00a0* November 10-\u00e9n, \u00c9vk\u00f6zi 32. vas\u00e1rnap, Weingartenben 10.00 \u00f3rakor a 14 Nothelfer Kapelle-ben a szentmise ELMARAD!!! Ulmban 15.00 \u00f3rakor szentmise, ut\u00e1na agap\u00e9. \u00a0 * Minden helyen mindenkit szeretettel v\u00e1r a k\u00f6z\u00f6ss\u00e9g \u00e9s Tibor atya! Bens\u0151s\u00e9ges \u0151szi napokat, j\u00f3 munk\u00e1t, tartalmas besz\u00e9lget\u00e9seket \u00e9s \u00f6r\u00f6mteli tal\u00e1lkoz\u00e1sokat k\u00edv\u00e1nunk minden Kedves H\u00edv\u00fcnknek! * (K\u00e9p forr\u00e1sa: Lovas Istv\u00e1n) * \u201eKi-ki maga felel\u0151s az\u00e9rt, hogy a saj\u00e1t \u00e9let\u00e9t \u00e9lje \u00e9s \u00f6nmag\u00e1t megtal\u00e1lja. Ha ezt a felel\u0151ss\u00e9get m\u00e1sra igyekszik \u00e1th\u00e1r\u00edtani, akkor nem fogja megtal\u00e1lni saj\u00e1t l\u00e9t\u00e9nek \u00e9rtelm\u00e9t.\u201d (Thomas Merton \u2013 1915-1968 \u2013 trappista szerzetes, lelkis\u00e9gi \u00edr\u00f3, k\u00f6lt\u0151) (K\u00e9pek forr\u00e1sa: Instagram \u00e9s Lovas Istv\u00e1n)\" \/>\n<meta property=\"og:url\" content=\"https:\/\/stuttgarti-katolikusok.de\/index.php\/2024-november-4-es-10-kozott\/\" \/>\n<meta property=\"og:site_name\" content=\"Stuttgarti Katolikusok\" \/>\n<meta property=\"article:published_time\" content=\"2024-11-04T21:05:58+00:00\" \/>\n<meta property=\"article:modified_time\" content=\"2024-11-05T12:11:45+00:00\" \/>\n<meta property=\"og:image\" content=\"https:\/\/stuttgarti-katolikusok.de\/wp-content\/uploads\/2023\/11\/whatsapp-kep-2023-11-07-005828-fcb0a00c.jpg\" \/>\n\t<meta property=\"og:image:width\" content=\"1080\" \/>\n\t<meta property=\"og:image:height\" content=\"1097\" \/>\n\t<meta property=\"og:image:type\" content=\"image\/jpeg\" \/>\n<meta name=\"author\" content=\"Tibor atya\" \/>\n<meta name=\"twitter:card\" content=\"summary_large_image\" \/>\n<meta name=\"twitter:label1\" content=\"Szerz\u0151:\" \/>\n\t<meta name=\"twitter:data1\" content=\"Tibor atya\" \/>\n\t<meta name=\"twitter:label2\" content=\"Becs\u00fclt olvas\u00e1si id\u0151\" \/>\n\t<meta name=\"twitter:data2\" content=\"2 perc\" \/>\n<script type=\"application\/ld+json\" class=\"yoast-schema-graph\">{\"@context\":\"https:\\\/\\\/schema.org\",\"@graph\":[{\"@type\":\"Article\",\"@id\":\"https:\\\/\\\/stuttgarti-katolikusok.de\\\/index.php\\\/2024-november-4-es-10-kozott\\\/#article\",\"isPartOf\":{\"@id\":\"https:\\\/\\\/stuttgarti-katolikusok.de\\\/index.php\\\/2024-november-4-es-10-kozott\\\/\"},\"author\":{\"name\":\"Tibor atya\",\"@id\":\"https:\\\/\\\/stuttgarti-katolikusok.de\\\/#\\\/schema\\\/person\\\/75908d6f8fdc03a57889d27209df7795\"},\"headline\":\"2024. NOVEMBER 4 \u00c9S 10 K\u00d6Z\u00d6TT\",\"datePublished\":\"2024-11-04T21:05:58+00:00\",\"dateModified\":\"2024-11-05T12:11:45+00:00\",\"mainEntityOfPage\":{\"@id\":\"https:\\\/\\\/stuttgarti-katolikusok.de\\\/index.php\\\/2024-november-4-es-10-kozott\\\/\"},\"wordCount\":281,\"image\":{\"@id\":\"https:\\\/\\\/stuttgarti-katolikusok.de\\\/index.php\\\/2024-november-4-es-10-kozott\\\/#primaryimage\"},\"thumbnailUrl\":\"https:\\\/\\\/stuttgarti-katolikusok.de\\\/wp-content\\\/uploads\\\/2023\\\/11\\\/whatsapp-kep-2023-11-07-005828-fcb0a00c.jpg\",\"articleSection\":[\"Progamel\u0151zetes\"],\"inLanguage\":\"hu\"},{\"@type\":\"WebPage\",\"@id\":\"https:\\\/\\\/stuttgarti-katolikusok.de\\\/index.php\\\/2024-november-4-es-10-kozott\\\/\",\"url\":\"https:\\\/\\\/stuttgarti-katolikusok.de\\\/index.php\\\/2024-november-4-es-10-kozott\\\/\",\"name\":\"2024. NOVEMBER 4 \u00c9S 10 K\u00d6Z\u00d6TT - Stuttgarti Katolikusok\",\"isPartOf\":{\"@id\":\"https:\\\/\\\/stuttgarti-katolikusok.de\\\/#website\"},\"primaryImageOfPage\":{\"@id\":\"https:\\\/\\\/stuttgarti-katolikusok.de\\\/index.php\\\/2024-november-4-es-10-kozott\\\/#primaryimage\"},\"image\":{\"@id\":\"https:\\\/\\\/stuttgarti-katolikusok.de\\\/index.php\\\/2024-november-4-es-10-kozott\\\/#primaryimage\"},\"thumbnailUrl\":\"https:\\\/\\\/stuttgarti-katolikusok.de\\\/wp-content\\\/uploads\\\/2023\\\/11\\\/whatsapp-kep-2023-11-07-005828-fcb0a00c.jpg\",\"datePublished\":\"2024-11-04T21:05:58+00:00\",\"dateModified\":\"2024-11-05T12:11:45+00:00\",\"author\":{\"@id\":\"https:\\\/\\\/stuttgarti-katolikusok.de\\\/#\\\/schema\\\/person\\\/75908d6f8fdc03a57889d27209df7795\"},\"breadcrumb\":{\"@id\":\"https:\\\/\\\/stuttgarti-katolikusok.de\\\/index.php\\\/2024-november-4-es-10-kozott\\\/#breadcrumb\"},\"inLanguage\":\"hu\",\"potentialAction\":[{\"@type\":\"ReadAction\",\"target\":[\"https:\\\/\\\/stuttgarti-katolikusok.de\\\/index.php\\\/2024-november-4-es-10-kozott\\\/\"]}]},{\"@type\":\"ImageObject\",\"inLanguage\":\"hu\",\"@id\":\"https:\\\/\\\/stuttgarti-katolikusok.de\\\/index.php\\\/2024-november-4-es-10-kozott\\\/#primaryimage\",\"url\":\"https:\\\/\\\/stuttgarti-katolikusok.de\\\/wp-content\\\/uploads\\\/2023\\\/11\\\/whatsapp-kep-2023-11-07-005828-fcb0a00c.jpg\",\"contentUrl\":\"https:\\\/\\\/stuttgarti-katolikusok.de\\\/wp-content\\\/uploads\\\/2023\\\/11\\\/whatsapp-kep-2023-11-07-005828-fcb0a00c.jpg\",\"width\":1080,\"height\":1097},{\"@type\":\"BreadcrumbList\",\"@id\":\"https:\\\/\\\/stuttgarti-katolikusok.de\\\/index.php\\\/2024-november-4-es-10-kozott\\\/#breadcrumb\",\"itemListElement\":[{\"@type\":\"ListItem\",\"position\":1,\"name\":\"Kezd\u0151lap\",\"item\":\"https:\\\/\\\/stuttgarti-katolikusok.de\\\/\"},{\"@type\":\"ListItem\",\"position\":2,\"name\":\"2024. NOVEMBER 4 \u00c9S 10 K\u00d6Z\u00d6TT\"}]},{\"@type\":\"WebSite\",\"@id\":\"https:\\\/\\\/stuttgarti-katolikusok.de\\\/#website\",\"url\":\"https:\\\/\\\/stuttgarti-katolikusok.de\\\/\",\"name\":\"Stuttgarti Katolikusok\",\"description\":\"\",\"potentialAction\":[{\"@type\":\"SearchAction\",\"target\":{\"@type\":\"EntryPoint\",\"urlTemplate\":\"https:\\\/\\\/stuttgarti-katolikusok.de\\\/?s={search_term_string}\"},\"query-input\":{\"@type\":\"PropertyValueSpecification\",\"valueRequired\":true,\"valueName\":\"search_term_string\"}}],\"inLanguage\":\"hu\"},{\"@type\":\"Person\",\"@id\":\"https:\\\/\\\/stuttgarti-katolikusok.de\\\/#\\\/schema\\\/person\\\/75908d6f8fdc03a57889d27209df7795\",\"name\":\"Tibor atya\",\"image\":{\"@type\":\"ImageObject\",\"inLanguage\":\"hu\",\"@id\":\"https:\\\/\\\/secure.gravatar.com\\\/avatar\\\/61d268e57d1f4525b111222e29d2d5a7f8c420fdbf231ba5566a8ceac74fa960?s=96&d=mm&r=g\",\"url\":\"https:\\\/\\\/secure.gravatar.com\\\/avatar\\\/61d268e57d1f4525b111222e29d2d5a7f8c420fdbf231ba5566a8ceac74fa960?s=96&d=mm&r=g\",\"contentUrl\":\"https:\\\/\\\/secure.gravatar.com\\\/avatar\\\/61d268e57d1f4525b111222e29d2d5a7f8c420fdbf231ba5566a8ceac74fa960?s=96&d=mm&r=g\",\"caption\":\"Tibor atya\"},\"url\":\"https:\\\/\\\/stuttgarti-katolikusok.de\\\/index.php\\\/author\\\/tibor-atya\\\/\"}]}<\/script>\n<!-- \/ Yoast SEO plugin. -->","yoast_head_json":{"title":"2024. NOVEMBER 4 \u00c9S 10 K\u00d6Z\u00d6TT - Stuttgarti Katolikusok","robots":{"index":"index","follow":"follow","max-snippet":"max-snippet:-1","max-image-preview":"max-image-preview:large","max-video-preview":"max-video-preview:-1"},"canonical":"https:\/\/stuttgarti-katolikusok.de\/index.php\/2024-november-4-es-10-kozott\/","og_locale":"hu_HU","og_type":"article","og_title":"2024. NOVEMBER 4 \u00c9S 10 K\u00d6Z\u00d6TT - Stuttgarti Katolikusok","og_description":"Programel\u0151zetes * November 8-\u00e1n,\u00a0p\u00e9nteken, Stuttgarti d\u00e9lut\u00e1n. A szentmise ELMARAD!!! * November 9-\u00e9n, szombaton, Biberachban 16.45 \u00f3rakor szentmise, ut\u00e1na agap\u00e9. Weingartenben 19.00 \u00f3rakor n\u00e9met-magyar nyelv\u0171 szentmise a Bazilik\u00e1ban. Zar\u00e1ndokszentmis\u00e9n vesz\u00fcnk r\u00e9szt, ugyanis Dr. Sz\u00e9kely J\u00e1nos, a szombathelyi egyh\u00e1zmegye p\u00fcsp\u00f6ke zar\u00e1ndokcsoportot k\u00eds\u00e9r Tours-ba. Ez egyben azt is jelenti, hogy m\u00e1snap, november 10-\u00e9n, vas\u00e1rnap a 14 Nothelfer Kapelle-ben a szentmise ELMARAD! K\u00e9rlek benneteket, hogy adj\u00e1tok tov\u00e1bb a h\u00edrt bar\u00e1ti \u00e9s ismer\u0151si k\u00f6rben. B\u00e1r nem mi vagyunk a vend\u00e9gl\u00e1t\u00f3k, biztatlak benneteket, hogy hozzatok kev\u00e9ske s\u00fctem\u00e9nyt, amellyel mi magunk is kedveskedhet\u00fcnk a zar\u00e1ndokcsoport tagjainak. Sz\u00edv\u00fcnk szeretet\u00e9n t\u00fal ezt tudjuk megosztani J\u00e1nos p\u00fcsp\u00f6k aty\u00e1val \u00e9s zar\u00e1ndok testv\u00e9reivel. \u00a0* November 10-\u00e9n, \u00c9vk\u00f6zi 32. vas\u00e1rnap, Weingartenben 10.00 \u00f3rakor a 14 Nothelfer Kapelle-ben a szentmise ELMARAD!!! Ulmban 15.00 \u00f3rakor szentmise, ut\u00e1na agap\u00e9. \u00a0 * Minden helyen mindenkit szeretettel v\u00e1r a k\u00f6z\u00f6ss\u00e9g \u00e9s Tibor atya! Bens\u0151s\u00e9ges \u0151szi napokat, j\u00f3 munk\u00e1t, tartalmas besz\u00e9lget\u00e9seket \u00e9s \u00f6r\u00f6mteli tal\u00e1lkoz\u00e1sokat k\u00edv\u00e1nunk minden Kedves H\u00edv\u00fcnknek! * (K\u00e9p forr\u00e1sa: Lovas Istv\u00e1n) * \u201eKi-ki maga felel\u0151s az\u00e9rt, hogy a saj\u00e1t \u00e9let\u00e9t \u00e9lje \u00e9s \u00f6nmag\u00e1t megtal\u00e1lja. Ha ezt a felel\u0151ss\u00e9get m\u00e1sra igyekszik \u00e1th\u00e1r\u00edtani, akkor nem fogja megtal\u00e1lni saj\u00e1t l\u00e9t\u00e9nek \u00e9rtelm\u00e9t.\u201d (Thomas Merton \u2013 1915-1968 \u2013 trappista szerzetes, lelkis\u00e9gi \u00edr\u00f3, k\u00f6lt\u0151) (K\u00e9pek forr\u00e1sa: Instagram \u00e9s Lovas Istv\u00e1n)","og_url":"https:\/\/stuttgarti-katolikusok.de\/index.php\/2024-november-4-es-10-kozott\/","og_site_name":"Stuttgarti Katolikusok","article_published_time":"2024-11-04T21:05:58+00:00","article_modified_time":"2024-11-05T12:11:45+00:00","og_image":[{"width":1080,"height":1097,"url":"https:\/\/stuttgarti-katolikusok.de\/wp-content\/uploads\/2023\/11\/whatsapp-kep-2023-11-07-005828-fcb0a00c.jpg","type":"image\/jpeg"}],"author":"Tibor atya","twitter_card":"summary_large_image","twitter_misc":{"Szerz\u0151:":"Tibor atya","Becs\u00fclt olvas\u00e1si id\u0151":"2 perc"},"schema":{"@context":"https:\/\/schema.org","@graph":[{"@type":"Article","@id":"https:\/\/stuttgarti-katolikusok.de\/index.php\/2024-november-4-es-10-kozott\/#article","isPartOf":{"@id":"https:\/\/stuttgarti-katolikusok.de\/index.php\/2024-november-4-es-10-kozott\/"},"author":{"name":"Tibor atya","@id":"https:\/\/stuttgarti-katolikusok.de\/#\/schema\/person\/75908d6f8fdc03a57889d27209df7795"},"headline":"2024. NOVEMBER 4 \u00c9S 10 K\u00d6Z\u00d6TT","datePublished":"2024-11-04T21:05:58+00:00","dateModified":"2024-11-05T12:11:45+00:00","mainEntityOfPage":{"@id":"https:\/\/stuttgarti-katolikusok.de\/index.php\/2024-november-4-es-10-kozott\/"},"wordCount":281,"image":{"@id":"https:\/\/stuttgarti-katolikusok.de\/index.php\/2024-november-4-es-10-kozott\/#primaryimage"},"thumbnailUrl":"https:\/\/stuttgarti-katolikusok.de\/wp-content\/uploads\/2023\/11\/whatsapp-kep-2023-11-07-005828-fcb0a00c.jpg","articleSection":["Progamel\u0151zetes"],"inLanguage":"hu"},{"@type":"WebPage","@id":"https:\/\/stuttgarti-katolikusok.de\/index.php\/2024-november-4-es-10-kozott\/","url":"https:\/\/stuttgarti-katolikusok.de\/index.php\/2024-november-4-es-10-kozott\/","name":"2024. NOVEMBER 4 \u00c9S 10 K\u00d6Z\u00d6TT - Stuttgarti Katolikusok","isPartOf":{"@id":"https:\/\/stuttgarti-katolikusok.de\/#website"},"primaryImageOfPage":{"@id":"https:\/\/stuttgarti-katolikusok.de\/index.php\/2024-november-4-es-10-kozott\/#primaryimage"},"image":{"@id":"https:\/\/stuttgarti-katolikusok.de\/index.php\/2024-november-4-es-10-kozott\/#primaryimage"},"thumbnailUrl":"https:\/\/stuttgarti-katolikusok.de\/wp-content\/uploads\/2023\/11\/whatsapp-kep-2023-11-07-005828-fcb0a00c.jpg","datePublished":"2024-11-04T21:05:58+00:00","dateModified":"2024-11-05T12:11:45+00:00","author":{"@id":"https:\/\/stuttgarti-katolikusok.de\/#\/schema\/person\/75908d6f8fdc03a57889d27209df7795"},"breadcrumb":{"@id":"https:\/\/stuttgarti-katolikusok.de\/index.php\/2024-november-4-es-10-kozott\/#breadcrumb"},"inLanguage":"hu","potentialAction":[{"@type":"ReadAction","target":["https:\/\/stuttgarti-katolikusok.de\/index.php\/2024-november-4-es-10-kozott\/"]}]},{"@type":"ImageObject","inLanguage":"hu","@id":"https:\/\/stuttgarti-katolikusok.de\/index.php\/2024-november-4-es-10-kozott\/#primaryimage","url":"https:\/\/stuttgarti-katolikusok.de\/wp-content\/uploads\/2023\/11\/whatsapp-kep-2023-11-07-005828-fcb0a00c.jpg","contentUrl":"https:\/\/stuttgarti-katolikusok.de\/wp-content\/uploads\/2023\/11\/whatsapp-kep-2023-11-07-005828-fcb0a00c.jpg","width":1080,"height":1097},{"@type":"BreadcrumbList","@id":"https:\/\/stuttgarti-katolikusok.de\/index.php\/2024-november-4-es-10-kozott\/#breadcrumb","itemListElement":[{"@type":"ListItem","position":1,"name":"Kezd\u0151lap","item":"https:\/\/stuttgarti-katolikusok.de\/"},{"@type":"ListItem","position":2,"name":"2024. NOVEMBER 4 \u00c9S 10 K\u00d6Z\u00d6TT"}]},{"@type":"WebSite","@id":"https:\/\/stuttgarti-katolikusok.de\/#website","url":"https:\/\/stuttgarti-katolikusok.de\/","name":"Stuttgarti Katolikusok","description":"","potentialAction":[{"@type":"SearchAction","target":{"@type":"EntryPoint","urlTemplate":"https:\/\/stuttgarti-katolikusok.de\/?s={search_term_string}"},"query-input":{"@type":"PropertyValueSpecification","valueRequired":true,"valueName":"search_term_string"}}],"inLanguage":"hu"},{"@type":"Person","@id":"https:\/\/stuttgarti-katolikusok.de\/#\/schema\/person\/75908d6f8fdc03a57889d27209df7795","name":"Tibor atya","image":{"@type":"ImageObject","inLanguage":"hu","@id":"https:\/\/secure.gravatar.com\/avatar\/61d268e57d1f4525b111222e29d2d5a7f8c420fdbf231ba5566a8ceac74fa960?s=96&d=mm&r=g","url":"https:\/\/secure.gravatar.com\/avatar\/61d268e57d1f4525b111222e29d2d5a7f8c420fdbf231ba5566a8ceac74fa960?s=96&d=mm&r=g","contentUrl":"https:\/\/secure.gravatar.com\/avatar\/61d268e57d1f4525b111222e29d2d5a7f8c420fdbf231ba5566a8ceac74fa960?s=96&d=mm&r=g","caption":"Tibor atya"},"url":"https:\/\/stuttgarti-katolikusok.de\/index.php\/author\/tibor-atya\/"}]}},"_links":{"self":[{"href":"https:\/\/stuttgarti-katolikusok.de\/index.php\/wp-json\/wp\/v2\/posts\/29639","targetHints":{"allow":["GET"]}}],"collection":[{"href":"https:\/\/stuttgarti-katolikusok.de\/index.php\/wp-json\/wp\/v2\/posts"}],"about":[{"href":"https:\/\/stuttgarti-katolikusok.de\/index.php\/wp-json\/wp\/v2\/types\/post"}],"author":[{"embeddable":true,"href":"https:\/\/stuttgarti-katolikusok.de\/index.php\/wp-json\/wp\/v2\/users\/3"}],"replies":[{"embeddable":true,"href":"https:\/\/stuttgarti-katolikusok.de\/index.php\/wp-json\/wp\/v2\/comments?post=29639"}],"version-history":[{"count":6,"href":"https:\/\/stuttgarti-katolikusok.de\/index.php\/wp-json\/wp\/v2\/posts\/29639\/revisions"}],"predecessor-version":[{"id":29665,"href":"https:\/\/stuttgarti-katolikusok.de\/index.php\/wp-json\/wp\/v2\/posts\/29639\/revisions\/29665"}],"wp:featuredmedia":[{"embeddable":true,"href":"https:\/\/stuttgarti-katolikusok.de\/index.php\/wp-json\/wp\/v2\/media\/27416"}],"wp:attachment":[{"href":"https:\/\/stuttgarti-katolikusok.de\/index.php\/wp-json\/wp\/v2\/media?parent=29639"}],"wp:term":[{"taxonomy":"category","embeddable":true,"href":"https:\/\/stuttgarti-katolikusok.de\/index.php\/wp-json\/wp\/v2\/categories?post=29639"},{"taxonomy":"post_tag","embeddable":true,"href":"https:\/\/stuttgarti-katolikusok.de\/index.php\/wp-json\/wp\/v2\/tags?post=29639"}],"curies":[{"name":"wp","href":"https:\/\/api.w.org\/{rel}","templated":true}]}}