{"id":29631,"date":"2024-11-03T01:15:24","date_gmt":"2024-11-03T00:15:24","guid":{"rendered":"https:\/\/stuttgarti-katolikusok.de\/?p=29631"},"modified":"2025-10-31T21:44:44","modified_gmt":"2025-10-31T20:44:44","slug":"evkozi-31-vasarnap-2","status":"publish","type":"post","link":"https:\/\/stuttgarti-katolikusok.de\/index.php\/evkozi-31-vasarnap-2\/","title":{"rendered":"\u00c9vk\u00f6zi 31. vas\u00e1rnap"},"content":{"rendered":"<p><span style=\"color: #ff6600;\"><em>Az \u00e9vk\u00f6zi 31. vas\u00e1rnap olvasm\u00e1nya a t\u00f6rv\u00e9ny megtart\u00f3 erej\u00e9r\u0151l sz\u00f3l. A t\u00f6rv\u00e9nyek szerinti \u00e9let egyben z\u00e1loga \u00e9s biztos\u00edt\u00e9ka a hossz\u00fa \u00e9letnek, Isten aj\u00e1nd\u00e9ka. Csakis a t\u00f6rv\u00e9nyek megtart\u00e1s\u00e1val lehet rem\u00e9ny\u00fck arra, hogy eljussanak a tejjel-m\u00e9zzel foly\u00f3 orsz\u00e1gba. Gy\u00f6ny\u00f6r\u0171 a k\u00e9p: szemem el\u0151tt az \u00dar t\u00f6rv\u00e9nye mindenkor. Az igaz\u00e1n vall\u00e1sos zsid\u00f3k egy kis l\u00e1d\u00e1csk\u00e1ban, melyet homlokukra k\u00f6t\u00f6ttek a reggeli im\u00e1ds\u00e1g k\u00f6zben, \u0151rizt\u00e9k a t\u00f6rv\u00e9nyt. Ez volt a teffilin (v\u00f6. 119. zsolt\u00e1r).Az ilyen embert a zsolt\u00e1ros egyben boldog embernek nevezi. Vagyis az \u00dar t\u00f6rv\u00e9nye szerinti \u00e9let az igazi boldogs\u00e1g. Az olvasm\u00e1ny utols\u00f3 mondata egy felh\u00edv\u00e1s is egyben. A parancsokat sz\u00edv\u00fcnkben kell \u0151rizn\u00fcnk!<\/em><\/span><\/p>\n<p><span style=\"color: #ff6600;\"><em>Az evang\u00e9liumi r\u00e9szt \u00fagy is tekinthetj\u00fck, mint az olvasm\u00e1nyban elhangzott tan\u00edt\u00e1s folytat\u00e1s\u00e1t. Igazi provok\u00e1ci\u00f3 az \u00dar J\u00e9zushoz int\u00e9zett k\u00e9rd\u00e9s. Nem \u00fcl fel a provok\u00e1ci\u00f3nak, ink\u00e1bb kifejti tan\u00edt\u00e1s\u00e1t \u00e9s k\u00e9pviseli \u00e1ll\u00e1sfoglal\u00e1s\u00e1t a legf\u0151bb t\u00f6rv\u00e9nnyel kapcsolatosan. Ezzel mintegy nek\u00fcnk is p\u00e9ld\u00e1t mutat, vagyis nem szabad fel\u00fclni semmilyen provok\u00e1ci\u00f3nak. M\u00e1sr\u00e9szt a szeretet kett\u0151s parancs\u00e1n\u00e1l nincs fontosabb. Amennyiben a szeretet parancsa otthonra lel sz\u00edv\u00fcnkben, meg\u00e9lem a t\u00f6rv\u00e9nyek \u00e9s parancsok k\u00f6zels\u00e9g\u00e9nek \u00e9s megtart\u00f3 erej\u00e9nek csod\u00e1latos \u00e9rz\u00e9s\u00e9t. Szabadd\u00e1 v\u00e1lok a t\u00f6rv\u00e9nyek k\u00edn\u00e1lta keretek k\u00f6z\u00f6tt! Megtapasztal\u00e1sa ez annak a bels\u0151 szabads\u00e1gnak, amelyre mindig v\u00e1gy\u00f3dom. Nem m\u00e1s, mint az igazi szeretet, annak vertik\u00e1lis \u00e9s horizont\u00e1lis ir\u00e1ny\u00e1val. Mennyire t\u00f6rekszem, hogy mind a k\u00e9t ir\u00e1nyban megtapasztaljam a szeretet parancs\u00e1nak k\u00f6zels\u00e9g\u00e9t?<\/em><\/span><\/p>\n<p><span style=\"color: #008000;\">Kezd\u0151\u00e9nek:<\/span><br \/>\nNe hagyj el engem, \u00e9n Uram, Istenem, ne t\u00e1vozz el t\u0151lem; siess seg\u00edts\u00e9gemre, Uram, \u00fcdv\u00f6ss\u00e9gem ereje! (V\u00f6. Zsolt 37,22-23)<\/p>\n<p><span style=\"color: #008000;\">K\u00f6ny\u00f6rg\u00e9s:<\/span><br \/>\nMindenhat\u00f3, irgalmas Isten, a te kegyelmed m\u0171ve, hogy h\u00edveid m\u00e9lt\u00f3k\u00e9ppen \u00e9s tetsz\u00e9sed szerint szolg\u00e1lnak neked. Add, k\u00e9r\u00fcnk, hogy minden akad\u00e1lyt legy\u0151zve elnyerj\u00fck a meg\u00edg\u00e9rt boldogs\u00e1got. A mi Urunk, J\u00e9zus Krisztus, a te Fiad \u00e1ltal, aki veled \u00e9l \u00e9s uralkodik a Szentl\u00e9lekkel egys\u00e9gben, Isten mind\u00f6r\u00f6kk\u00f6n \u00f6r\u00f6kk\u00e9.<\/p>\n<p align=\"justify\"><span style=\"color: #008000;\">OLVASM\u00c1NY M\u00f3zes \u00f6t\u00f6dik k\u00f6nyv\u00e9b\u0151l (MT\u00f6rv 6,2-6)<\/span><br \/>\nAz \u00cdg\u00e9ret f\u00f6ldj\u00e9nek hat\u00e1r\u00e1n M\u00f3zes ezt a besz\u00e9det int\u00e9zte a n\u00e9phez: \u201eF\u00e9ld az Urat, Istenedet eg\u00e9sz \u00e9letedben, tartsd meg parancsait \u00e9s t\u00f6rv\u00e9nyeit, amelyeket meghagyok neked, fiaidnak \u00e9s unok\u00e1idnak is, hogy sok\u00e1ig \u00e9lj.<br \/>\nHalld h\u00e1t, Izrael, \u00e9s legyen gondod r\u00e1, hogy teljes\u00edtsd azokat, \u00edgy j\u00f3l megy majd sorod \u00e9s megsokasodsz a tejjel-m\u00e9zzel foly\u00f3 orsz\u00e1gban, amelyet az \u00dar, aty\u00e1id Istene \u00edg\u00e9rt neked! Halld, Izrael! Az \u00dar, a mi Isten\u00fcnk az egyetlen \u00dar! Szeresd Uradat, Istenedet teljes sz\u00edvedb\u0151l, teljes lelkedb\u0151l \u00e9s minden er\u0151db\u0151l! Ezeket a parancsokat, amelyeket ma szabok neked, \u0151rizd meg sz\u00edvedben.\u201d<br \/>\nEz az Isten ig\u00e9je.<\/p>\n<p align=\"justify\"><span style=\"color: #008000;\">V\u00c1LASZOS ZSOLT\u00c1R (Zsolt 17,2-3a.3bc-4.47.51ab)<\/span><br \/>\nV\u00e1lasz:\u00a0<strong>Szeretlek, Uram,\u00a0<u>Is<\/u>tenem, * \u00e9n e<u>r\u0151s<\/u>s\u00e9gem.<\/strong>\u00a0(3a. t\u00f3nus.)<br \/>\nEl\u0151\u00e9nekes: Szeretlek, Uram,\u00a0<u>Is<\/u>tenem, * \u00e9n e<u>r\u0151s<\/u>s\u00e9gem.<br \/>\nMened\u00e9kem \u00e9s szikla<u>v\u00e1<\/u>ram, * szabad\u00edt\u00f3m te\u00a0<u>vagy<\/u>, Uram.<br \/>\nH\u00edvek:\u00a0<strong>Szeretlek, Uram,\u00a0<u>Is<\/u>tenem, * \u00e9n e<u>r\u0151s<\/u>s\u00e9gem.<\/strong><br \/>\nE: Istenem, seg\u00edt\u0151m, akiben\u00a0<u>re<\/u>m\u00e9lek, * oltalmaz\u00f3m, p\u00e1rtfog\u00f3m \u00e9s \u00fcd<u>v\u00f6m<\/u>\u00a0ereje.<br \/>\nAz \u00darhoz ki\u00e1ltok, aki dics\u00e9retre\u00a0<u>m\u00e9l<\/u>t\u00f3, * \u00e9s megszabadulok ellens\u00e9<u>ge<\/u>imt\u0151l.<br \/>\nH:\u00a0<strong>Szeretlek, Uram,\u00a0<u>Is<\/u>tenem, * \u00e9n e<u>r\u0151s<\/u>s\u00e9gem.<\/strong><br \/>\nE: \u00c9l az \u00dar, az \u00e9n \u00e1ldott\u00a0<u>se<\/u>g\u00edt\u0151m, * legyen dics\u0151s\u00e9g \u00fcdv\u00f6m Is<u>te<\/u>n\u00e9nek.<br \/>\nFelmagasztalta kir\u00e1ly\u00e1t, gy\u0151zelmet adott\u00a0<u>n\u00e9<\/u>ki, * irgalmas volt f\u00f6l<u>kent<\/u>j\u00e9hez.<br \/>\nH:\u00a0<strong>Szeretlek, Uram,\u00a0<u>Is<\/u>tenem, * \u00e9n e<u>r\u0151s<\/u>s\u00e9gem.<\/strong><\/p>\n<p align=\"justify\"><span style=\"color: #008000;\">SZENTLECKE a Zsid\u00f3khoz \u00edrt lev\u00e9lb\u0151l (Zsid 7,23-28)<\/span><br \/>\nTestv\u00e9reim!<br \/>\nA zsid\u00f3kn\u00e1l nagy sz\u00e1mban voltak papok, mivel a hal\u00e1l k\u00f6vetkezt\u00e9ben nem maradhattak meg. Krisztus viszont \u00f6r\u00f6kre megmarad, s \u00edgy paps\u00e1ga \u00f6r\u00f6kk\u00e9 tart. Ez\u00e9rt tudja mind\u00f6r\u00f6kre \u00fcdv\u00f6z\u00edteni azokat, akik \u00e1ltala j\u00e1rulnak Isten el\u00e9, hiszen \u00f6r\u00f6kk\u00e9 \u00e9l, hogy k\u00f6zbenj\u00e1rjon \u00e9rt\u00fcnk. Ilyen f\u0151pap kellett nek\u00fcnk: szent, \u00e1rtatlan, feddhetetlen, a b\u0171n\u00f6s\u00f6kt\u0151l elk\u00fcl\u00f6n\u00edtett, aki f\u00f6ls\u00e9gesebb az egekn\u00e9l. \u0150 nem szorul r\u00e1, mint a t\u00f6bbi f\u0151pap, hogy naponk\u00e9nt el\u0151sz\u00f6r a saj\u00e1t v\u00e9tkei\u00e9rt mutasson be \u00e1ldozatot, s csak azut\u00e1n a n\u00e9p b\u0171nei\u00e9rt. Egyszer s mindenkorra megtette ezt, amikor fel\u00e1ldozta \u00f6nmag\u00e1t. A t\u00f6rv\u00e9ny teh\u00e1t gyarl\u00f3 embereket rendelt f\u0151papp\u00e1, m\u00edg az esk\u00fc szava, amely a t\u00f6rv\u00e9nyt k\u00f6vette, mag\u00e1t az \u00f6r\u00f6kre t\u00f6k\u00e9letes Fi\u00fat.<br \/>\nEz az Isten ig\u00e9je.<\/p>\n<p align=\"justify\"><span style=\"color: #008000;\">ALLELUJA<\/span><br \/>\nJ\u00e9zus mondja: \u2020 \u201eAki szeret engem, megfogadja szavamat, * Aty\u00e1m is szeretni fogja \u00e9s hozz\u00e1 k\u00f6lt\u00f6z\u00fcnk.\u201d (Jn 14,23 \u2013 8 G. t\u00f3nus.)<\/p>\n<p align=\"justify\"><span style=\"color: #008000;\">\u2020 EVANG\u00c9LIUM Szent M\u00e1rk k\u00f6nyv\u00e9b\u0151l (Mk 12,28b-34)<\/span><br \/>\nAbban az id\u0151ben egy \u00edr\u00e1stud\u00f3 megk\u00e9rdezte J\u00e9zust\u00f3l: \u201eMelyik az els\u0151 a parancsok k\u00f6z\u00fcl?\u201d<br \/>\nJ\u00e9zus \u00edgy v\u00e1laszolt: \u201eEz az els\u0151: Halld, Izrael! Az \u00dar a mi Isten\u00fcnk, az egyetlen \u00dar. Szeresd Uradat, Istenedet teljes sz\u00edvedb\u0151l, teljes lelkedb\u0151l, teljes elm\u00e9db\u0151l \u00e9s minden er\u0151db\u0151l! A m\u00e1sodik hasonl\u00f3 ehhez: Szeresd felebar\u00e1todat, mint \u00f6nmagadat! Ezekn\u00e9l nincs nagyobb parancsolat.\u201d<br \/>\nAz \u00edr\u00e1stud\u00f3 erre azt v\u00e1laszolta: \u201eVal\u00f3ban, j\u00f3l mondtad, Mester, hogy \u0151 az Egyetlen, \u00e9s hogy rajta k\u00edv\u00fcl nincs m\u00e1s. \u00c9s azt is, hogy \u0151t teljes sz\u00edv\u00fcnkb\u0151l, teljes elm\u00e9nkb\u0151l \u00e9s teljes er\u0151nkb\u0151l szeretni, embert\u00e1rsunkat pedig \u00fagy szeretni, mint saj\u00e1t magunkat, t\u00f6bbet \u00e9r minden \u00e9g\u0151 vagy v\u00e9res \u00e1ldozatn\u00e1l.\u201d<br \/>\nJ\u00e9zus az okos felelet hallat\u00e1ra megdics\u00e9rte: \u201eNem j\u00e1rsz messze Isten orsz\u00e1g\u00e1t\u00f3l.\u201d Ezut\u00e1n t\u00f6bb k\u00e9rd\u00e9st m\u00e1r nem mertek neki f\u00f6ltenni.<br \/>\nEzek az evang\u00e9lium ig\u00e9i.<\/p>\n<p><span style=\"color: #008000;\">EGYETEMES K\u00d6NY\u00d6RG\u00c9SEK<\/span><br \/>\nPap: K\u00e9rj\u00fck egy sz\u00edvvel-l\u00e9lekkel a j\u00f3s\u00e1gos Istent, akit Aty\u00e1nknak h\u00edvunk, hogy seg\u00edtsen minket kegyelm\u00e9vel a szeretet gyakorl\u00e1s\u00e1ra!<br \/>\nLektor:<br \/>\n1. Add, Urunk, hogy gyermekeid mindenn\u00e9l jobban szeressenek t\u00e9ged!<br \/>\nH\u00edvek: K\u00e9r\u00fcnk T\u00e9ged, hallgass meg minket!<br \/>\n2. Add, Urunk, hogy az evang\u00e9lium hirdet\u0151i cselekedeteikkel is tan\u00fas\u00e1got tegyenek Krisztusr\u00f3l!<br \/>\nH\u00edvek: K\u00e9r\u00fcnk T\u00e9ged, hallgass meg minket!<br \/>\n3. Add, Urunk, hogy h\u00edveid emberszeretet\u00e9ben felismerje a vil\u00e1g szent Fiad j\u00f3s\u00e1g\u00e1t!<br \/>\nH\u00edvek: K\u00e9r\u00fcnk T\u00e9ged, hallgass meg minket!<br \/>\n4. Add, Urunk, hogy az elhagyottak \u00e9s a betegek ne n\u00e9lk\u00fcl\u00f6zz\u00e9k embert\u00e1rsaik szolg\u00e1l\u00f3 szeretet\u00e9t!<br \/>\nH\u00edvek: K\u00e9r\u00fcnk T\u00e9ged, hallgass meg minket!<br \/>\n5. Add, Urunk, hogy hal\u00e1lunk \u00f3r\u00e1j\u00e1n mindny\u00e1jan eljuthassunk atyai h\u00e1zadba!<br \/>\nH\u00edvek: K\u00e9r\u00fcnk T\u00e9ged, hallgass meg minket!<br \/>\nPap: Urunk, Isten\u00fcnk! Szent Fiad \u00e1ltal tan\u00edtottad, hogy mennyei Aty\u00e1nk vagy. Seg\u00edts gondvisel\u0151 j\u00f3s\u00e1goddal, hogy mindig szeret\u0151 gyermekeid lehess\u00fcnk! Krisztus, a mi Urunk \u00e1ltal.<br \/>\nH\u00edvek: \u00c1men.<\/p>\n<p><span style=\"color: #008000;\">Felaj\u00e1nl\u00f3 k\u00f6ny\u00f6rg\u00e9s:<\/span><br \/>\nUrunk, Isten\u00fcnk, legyen kedves el\u0151tted ez a tiszta \u00e1ldozat, \u00e9s \u00e1rassza r\u00e1nk b\u0151ven szent irgalmadat. Krisztus, a mi Urunk \u00e1ltal.<\/p>\n<p><span style=\"color: #008000;\">\u00c1ldoz\u00e1si \u00e9nek:<\/span><br \/>\nAz \u00e9let \u00fatj\u00e1t mutatod nekem, az \u00f6r\u00f6m teljess\u00e9g\u00e9t sz\u00edned el\u0151tt, Uram.(V\u00f6. Zsolt 15,11)<br \/>\n<span style=\"color: #008000;\"><em>Vagy<\/em><\/span><br \/>\nAmint engem az \u00e9l\u0151 Atya k\u00fcld\u00f6tt, \u00e9s az Atya \u00e1ltal \u00e9lek, \u00fagy aki engem eszik, az \u00e1ltalam \u00e9l &#8211; mondja az \u00dar. (Jn 6,58)<\/p>\n<p><span style=\"color: #008000;\">\u00c1ldoz\u00e1s ut\u00e1ni k\u00f6ny\u00f6rg\u00e9s:<\/span><br \/>\nK\u00e9r\u00fcnk, Urunk, Isten\u00fcnk, n\u00f6vekedjen benn\u00fcnk egyre hat\u00e9konyabban kegyelmed, \u00e9s a mennyei szents\u00e9g ereje j\u00f3s\u00e1godb\u00f3l tegyen alkalmass\u00e1 arra, hogy elnyerj\u00fck \u00edg\u00e9reteidet. Krisztus, a mi Urunk \u00e1ltal.<\/p>\n<p><em>(K\u00e9p forr\u00e1sa: N\u00e9meti Gergely)<\/em><\/p>\n","protected":false},"excerpt":{"rendered":"<p>Az \u00e9vk\u00f6zi 31. vas\u00e1rnap olvasm\u00e1nya a t\u00f6rv\u00e9ny megtart\u00f3 erej\u00e9r\u0151l sz\u00f3l. A t\u00f6rv\u00e9nyek szerinti \u00e9let egyben z\u00e1loga \u00e9s biztos\u00edt\u00e9ka a hossz\u00fa \u00e9letnek, Isten aj\u00e1nd\u00e9ka. Csakis a t\u00f6rv\u00e9nyek megtart\u00e1s\u00e1val lehet rem\u00e9ny\u00fck arra, hogy eljussanak a tejjel-m\u00e9zzel foly\u00f3 orsz\u00e1gba. Gy\u00f6ny\u00f6r\u0171 a k\u00e9p: szemem el\u0151tt az \u00dar t\u00f6rv\u00e9nye mindenkor. Az igaz\u00e1n vall\u00e1sos zsid\u00f3k egy kis l\u00e1d\u00e1csk\u00e1ban, melyet homlokukra k\u00f6t\u00f6ttek a reggeli im\u00e1ds\u00e1g k\u00f6zben, \u0151rizt\u00e9k a t\u00f6rv\u00e9nyt. Ez volt a teffilin (v\u00f6. 119. zsolt\u00e1r).Az ilyen embert a zsolt\u00e1ros egyben boldog embernek nevezi. Vagyis az \u00dar t\u00f6rv\u00e9nye szerinti \u00e9let az igazi boldogs\u00e1g. Az olvasm\u00e1ny utols\u00f3 mondata egy felh\u00edv\u00e1s is egyben. A parancsokat sz\u00edv\u00fcnkben kell \u0151rizn\u00fcnk! Az evang\u00e9liumi r\u00e9szt \u00fagy is tekinthetj\u00fck, mint az olvasm\u00e1nyban elhangzott tan\u00edt\u00e1s folytat\u00e1s\u00e1t. Igazi provok\u00e1ci\u00f3 az \u00dar J\u00e9zushoz int\u00e9zett k\u00e9rd\u00e9s. Nem \u00fcl fel a provok\u00e1ci\u00f3nak, ink\u00e1bb kifejti tan\u00edt\u00e1s\u00e1t \u00e9s k\u00e9pviseli \u00e1ll\u00e1sfoglal\u00e1s\u00e1t a legf\u0151bb t\u00f6rv\u00e9nnyel kapcsolatosan. Ezzel mintegy nek\u00fcnk is p\u00e9ld\u00e1t mutat, vagyis nem szabad fel\u00fclni semmilyen provok\u00e1ci\u00f3nak. M\u00e1sr\u00e9szt a szeretet kett\u0151s parancs\u00e1n\u00e1l nincs fontosabb. Amennyiben a szeretet parancsa otthonra lel sz\u00edv\u00fcnkben, meg\u00e9lem a t\u00f6rv\u00e9nyek \u00e9s parancsok k\u00f6zels\u00e9g\u00e9nek \u00e9s megtart\u00f3 erej\u00e9nek csod\u00e1latos \u00e9rz\u00e9s\u00e9t. Szabadd\u00e1 v\u00e1lok a t\u00f6rv\u00e9nyek k\u00edn\u00e1lta keretek k\u00f6z\u00f6tt! Megtapasztal\u00e1sa ez annak a bels\u0151 szabads\u00e1gnak, amelyre mindig v\u00e1gy\u00f3dom. Nem m\u00e1s, mint az igazi szeretet, annak vertik\u00e1lis \u00e9s horizont\u00e1lis ir\u00e1ny\u00e1val. Mennyire t\u00f6rekszem, hogy mind a k\u00e9t ir\u00e1nyban megtapasztaljam a szeretet parancs\u00e1nak k\u00f6zels\u00e9g\u00e9t? Kezd\u0151\u00e9nek: Ne hagyj el engem, \u00e9n Uram, Istenem, ne t\u00e1vozz el t\u0151lem; siess seg\u00edts\u00e9gemre, Uram, \u00fcdv\u00f6ss\u00e9gem ereje! (V\u00f6. Zsolt 37,22-23) K\u00f6ny\u00f6rg\u00e9s: Mindenhat\u00f3, irgalmas Isten, a te kegyelmed m\u0171ve, hogy h\u00edveid m\u00e9lt\u00f3k\u00e9ppen \u00e9s tetsz\u00e9sed szerint szolg\u00e1lnak neked. Add, k\u00e9r\u00fcnk, hogy minden akad\u00e1lyt legy\u0151zve elnyerj\u00fck a meg\u00edg\u00e9rt boldogs\u00e1got. A mi Urunk, J\u00e9zus Krisztus, a te Fiad \u00e1ltal, aki veled \u00e9l \u00e9s uralkodik a Szentl\u00e9lekkel egys\u00e9gben, Isten mind\u00f6r\u00f6kk\u00f6n \u00f6r\u00f6kk\u00e9. OLVASM\u00c1NY M\u00f3zes \u00f6t\u00f6dik k\u00f6nyv\u00e9b\u0151l (MT\u00f6rv 6,2-6) Az \u00cdg\u00e9ret f\u00f6ldj\u00e9nek hat\u00e1r\u00e1n M\u00f3zes ezt a besz\u00e9det int\u00e9zte a n\u00e9phez: \u201eF\u00e9ld az Urat, Istenedet eg\u00e9sz \u00e9letedben, tartsd meg&#8230; <\/p>\n<p><a class=\"readmore\" href=\"https:\/\/stuttgarti-katolikusok.de\/index.php\/evkozi-31-vasarnap-2\/\">R\u00e9szletek<\/a><\/p>\n","protected":false},"author":3,"featured_media":29632,"comment_status":"closed","ping_status":"closed","sticky":false,"template":"","format":"standard","meta":{"footnotes":""},"categories":[85,63],"tags":[],"class_list":["post-29631","post","type-post","status-publish","format-standard","has-post-thumbnail","hentry","category-a-liturgia-olvasmanyai","category-vasarnapi-gondolatok"],"yoast_head":"<!-- This site is optimized with the Yoast SEO plugin v27.3 - https:\/\/yoast.com\/product\/yoast-seo-wordpress\/ -->\n<title>\u00c9vk\u00f6zi 31. vas\u00e1rnap - Stuttgarti Katolikusok<\/title>\n<meta name=\"robots\" content=\"index, follow, max-snippet:-1, max-image-preview:large, max-video-preview:-1\" \/>\n<link rel=\"canonical\" href=\"https:\/\/stuttgarti-katolikusok.de\/index.php\/evkozi-31-vasarnap-2\/\" \/>\n<meta property=\"og:locale\" content=\"hu_HU\" \/>\n<meta property=\"og:type\" content=\"article\" \/>\n<meta property=\"og:title\" content=\"\u00c9vk\u00f6zi 31. vas\u00e1rnap - Stuttgarti Katolikusok\" \/>\n<meta property=\"og:description\" content=\"Az \u00e9vk\u00f6zi 31. vas\u00e1rnap olvasm\u00e1nya a t\u00f6rv\u00e9ny megtart\u00f3 erej\u00e9r\u0151l sz\u00f3l. A t\u00f6rv\u00e9nyek szerinti \u00e9let egyben z\u00e1loga \u00e9s biztos\u00edt\u00e9ka a hossz\u00fa \u00e9letnek, Isten aj\u00e1nd\u00e9ka. Csakis a t\u00f6rv\u00e9nyek megtart\u00e1s\u00e1val lehet rem\u00e9ny\u00fck arra, hogy eljussanak a tejjel-m\u00e9zzel foly\u00f3 orsz\u00e1gba. Gy\u00f6ny\u00f6r\u0171 a k\u00e9p: szemem el\u0151tt az \u00dar t\u00f6rv\u00e9nye mindenkor. Az igaz\u00e1n vall\u00e1sos zsid\u00f3k egy kis l\u00e1d\u00e1csk\u00e1ban, melyet homlokukra k\u00f6t\u00f6ttek a reggeli im\u00e1ds\u00e1g k\u00f6zben, \u0151rizt\u00e9k a t\u00f6rv\u00e9nyt. Ez volt a teffilin (v\u00f6. 119. zsolt\u00e1r).Az ilyen embert a zsolt\u00e1ros egyben boldog embernek nevezi. Vagyis az \u00dar t\u00f6rv\u00e9nye szerinti \u00e9let az igazi boldogs\u00e1g. Az olvasm\u00e1ny utols\u00f3 mondata egy felh\u00edv\u00e1s is egyben. A parancsokat sz\u00edv\u00fcnkben kell \u0151rizn\u00fcnk! Az evang\u00e9liumi r\u00e9szt \u00fagy is tekinthetj\u00fck, mint az olvasm\u00e1nyban elhangzott tan\u00edt\u00e1s folytat\u00e1s\u00e1t. Igazi provok\u00e1ci\u00f3 az \u00dar J\u00e9zushoz int\u00e9zett k\u00e9rd\u00e9s. Nem \u00fcl fel a provok\u00e1ci\u00f3nak, ink\u00e1bb kifejti tan\u00edt\u00e1s\u00e1t \u00e9s k\u00e9pviseli \u00e1ll\u00e1sfoglal\u00e1s\u00e1t a legf\u0151bb t\u00f6rv\u00e9nnyel kapcsolatosan. Ezzel mintegy nek\u00fcnk is p\u00e9ld\u00e1t mutat, vagyis nem szabad fel\u00fclni semmilyen provok\u00e1ci\u00f3nak. M\u00e1sr\u00e9szt a szeretet kett\u0151s parancs\u00e1n\u00e1l nincs fontosabb. Amennyiben a szeretet parancsa otthonra lel sz\u00edv\u00fcnkben, meg\u00e9lem a t\u00f6rv\u00e9nyek \u00e9s parancsok k\u00f6zels\u00e9g\u00e9nek \u00e9s megtart\u00f3 erej\u00e9nek csod\u00e1latos \u00e9rz\u00e9s\u00e9t. Szabadd\u00e1 v\u00e1lok a t\u00f6rv\u00e9nyek k\u00edn\u00e1lta keretek k\u00f6z\u00f6tt! Megtapasztal\u00e1sa ez annak a bels\u0151 szabads\u00e1gnak, amelyre mindig v\u00e1gy\u00f3dom. Nem m\u00e1s, mint az igazi szeretet, annak vertik\u00e1lis \u00e9s horizont\u00e1lis ir\u00e1ny\u00e1val. Mennyire t\u00f6rekszem, hogy mind a k\u00e9t ir\u00e1nyban megtapasztaljam a szeretet parancs\u00e1nak k\u00f6zels\u00e9g\u00e9t? Kezd\u0151\u00e9nek: Ne hagyj el engem, \u00e9n Uram, Istenem, ne t\u00e1vozz el t\u0151lem; siess seg\u00edts\u00e9gemre, Uram, \u00fcdv\u00f6ss\u00e9gem ereje! (V\u00f6. Zsolt 37,22-23) K\u00f6ny\u00f6rg\u00e9s: Mindenhat\u00f3, irgalmas Isten, a te kegyelmed m\u0171ve, hogy h\u00edveid m\u00e9lt\u00f3k\u00e9ppen \u00e9s tetsz\u00e9sed szerint szolg\u00e1lnak neked. Add, k\u00e9r\u00fcnk, hogy minden akad\u00e1lyt legy\u0151zve elnyerj\u00fck a meg\u00edg\u00e9rt boldogs\u00e1got. A mi Urunk, J\u00e9zus Krisztus, a te Fiad \u00e1ltal, aki veled \u00e9l \u00e9s uralkodik a Szentl\u00e9lekkel egys\u00e9gben, Isten mind\u00f6r\u00f6kk\u00f6n \u00f6r\u00f6kk\u00e9. OLVASM\u00c1NY M\u00f3zes \u00f6t\u00f6dik k\u00f6nyv\u00e9b\u0151l (MT\u00f6rv 6,2-6) Az \u00cdg\u00e9ret f\u00f6ldj\u00e9nek hat\u00e1r\u00e1n M\u00f3zes ezt a besz\u00e9det int\u00e9zte a n\u00e9phez: \u201eF\u00e9ld az Urat, Istenedet eg\u00e9sz \u00e9letedben, tartsd meg... R\u00e9szletek\" \/>\n<meta property=\"og:url\" content=\"https:\/\/stuttgarti-katolikusok.de\/index.php\/evkozi-31-vasarnap-2\/\" \/>\n<meta property=\"og:site_name\" content=\"Stuttgarti Katolikusok\" \/>\n<meta property=\"article:published_time\" content=\"2024-11-03T00:15:24+00:00\" \/>\n<meta property=\"article:modified_time\" content=\"2025-10-31T20:44:44+00:00\" \/>\n<meta property=\"og:image\" content=\"https:\/\/stuttgarti-katolikusok.de\/wp-content\/uploads\/2024\/11\/ng13.jpg\" \/>\n\t<meta property=\"og:image:width\" content=\"2048\" \/>\n\t<meta property=\"og:image:height\" content=\"1365\" \/>\n\t<meta property=\"og:image:type\" content=\"image\/jpeg\" \/>\n<meta name=\"author\" content=\"Tibor atya\" \/>\n<meta name=\"twitter:card\" content=\"summary_large_image\" \/>\n<meta name=\"twitter:label1\" content=\"Szerz\u0151:\" \/>\n\t<meta name=\"twitter:data1\" content=\"Tibor atya\" \/>\n\t<meta name=\"twitter:label2\" content=\"Becs\u00fclt olvas\u00e1si id\u0151\" \/>\n\t<meta name=\"twitter:data2\" content=\"6 perc\" \/>\n<script type=\"application\/ld+json\" class=\"yoast-schema-graph\">{\"@context\":\"https:\\\/\\\/schema.org\",\"@graph\":[{\"@type\":\"Article\",\"@id\":\"https:\\\/\\\/stuttgarti-katolikusok.de\\\/index.php\\\/evkozi-31-vasarnap-2\\\/#article\",\"isPartOf\":{\"@id\":\"https:\\\/\\\/stuttgarti-katolikusok.de\\\/index.php\\\/evkozi-31-vasarnap-2\\\/\"},\"author\":{\"name\":\"Tibor atya\",\"@id\":\"https:\\\/\\\/stuttgarti-katolikusok.de\\\/#\\\/schema\\\/person\\\/75908d6f8fdc03a57889d27209df7795\"},\"headline\":\"\u00c9vk\u00f6zi 31. vas\u00e1rnap\",\"datePublished\":\"2024-11-03T00:15:24+00:00\",\"dateModified\":\"2025-10-31T20:44:44+00:00\",\"mainEntityOfPage\":{\"@id\":\"https:\\\/\\\/stuttgarti-katolikusok.de\\\/index.php\\\/evkozi-31-vasarnap-2\\\/\"},\"wordCount\":1415,\"image\":{\"@id\":\"https:\\\/\\\/stuttgarti-katolikusok.de\\\/index.php\\\/evkozi-31-vasarnap-2\\\/#primaryimage\"},\"thumbnailUrl\":\"https:\\\/\\\/stuttgarti-katolikusok.de\\\/wp-content\\\/uploads\\\/2024\\\/11\\\/ng13.jpg\",\"articleSection\":[\"A liturgia olvasm\u00e1nyai\",\"Vas\u00e1rnapi gondolatok\"],\"inLanguage\":\"hu\"},{\"@type\":\"WebPage\",\"@id\":\"https:\\\/\\\/stuttgarti-katolikusok.de\\\/index.php\\\/evkozi-31-vasarnap-2\\\/\",\"url\":\"https:\\\/\\\/stuttgarti-katolikusok.de\\\/index.php\\\/evkozi-31-vasarnap-2\\\/\",\"name\":\"\u00c9vk\u00f6zi 31. vas\u00e1rnap - Stuttgarti Katolikusok\",\"isPartOf\":{\"@id\":\"https:\\\/\\\/stuttgarti-katolikusok.de\\\/#website\"},\"primaryImageOfPage\":{\"@id\":\"https:\\\/\\\/stuttgarti-katolikusok.de\\\/index.php\\\/evkozi-31-vasarnap-2\\\/#primaryimage\"},\"image\":{\"@id\":\"https:\\\/\\\/stuttgarti-katolikusok.de\\\/index.php\\\/evkozi-31-vasarnap-2\\\/#primaryimage\"},\"thumbnailUrl\":\"https:\\\/\\\/stuttgarti-katolikusok.de\\\/wp-content\\\/uploads\\\/2024\\\/11\\\/ng13.jpg\",\"datePublished\":\"2024-11-03T00:15:24+00:00\",\"dateModified\":\"2025-10-31T20:44:44+00:00\",\"author\":{\"@id\":\"https:\\\/\\\/stuttgarti-katolikusok.de\\\/#\\\/schema\\\/person\\\/75908d6f8fdc03a57889d27209df7795\"},\"breadcrumb\":{\"@id\":\"https:\\\/\\\/stuttgarti-katolikusok.de\\\/index.php\\\/evkozi-31-vasarnap-2\\\/#breadcrumb\"},\"inLanguage\":\"hu\",\"potentialAction\":[{\"@type\":\"ReadAction\",\"target\":[\"https:\\\/\\\/stuttgarti-katolikusok.de\\\/index.php\\\/evkozi-31-vasarnap-2\\\/\"]}]},{\"@type\":\"ImageObject\",\"inLanguage\":\"hu\",\"@id\":\"https:\\\/\\\/stuttgarti-katolikusok.de\\\/index.php\\\/evkozi-31-vasarnap-2\\\/#primaryimage\",\"url\":\"https:\\\/\\\/stuttgarti-katolikusok.de\\\/wp-content\\\/uploads\\\/2024\\\/11\\\/ng13.jpg\",\"contentUrl\":\"https:\\\/\\\/stuttgarti-katolikusok.de\\\/wp-content\\\/uploads\\\/2024\\\/11\\\/ng13.jpg\",\"width\":2048,\"height\":1365},{\"@type\":\"BreadcrumbList\",\"@id\":\"https:\\\/\\\/stuttgarti-katolikusok.de\\\/index.php\\\/evkozi-31-vasarnap-2\\\/#breadcrumb\",\"itemListElement\":[{\"@type\":\"ListItem\",\"position\":1,\"name\":\"Kezd\u0151lap\",\"item\":\"https:\\\/\\\/stuttgarti-katolikusok.de\\\/\"},{\"@type\":\"ListItem\",\"position\":2,\"name\":\"\u00c9vk\u00f6zi 31. vas\u00e1rnap\"}]},{\"@type\":\"WebSite\",\"@id\":\"https:\\\/\\\/stuttgarti-katolikusok.de\\\/#website\",\"url\":\"https:\\\/\\\/stuttgarti-katolikusok.de\\\/\",\"name\":\"Stuttgarti Katolikusok\",\"description\":\"\",\"potentialAction\":[{\"@type\":\"SearchAction\",\"target\":{\"@type\":\"EntryPoint\",\"urlTemplate\":\"https:\\\/\\\/stuttgarti-katolikusok.de\\\/?s={search_term_string}\"},\"query-input\":{\"@type\":\"PropertyValueSpecification\",\"valueRequired\":true,\"valueName\":\"search_term_string\"}}],\"inLanguage\":\"hu\"},{\"@type\":\"Person\",\"@id\":\"https:\\\/\\\/stuttgarti-katolikusok.de\\\/#\\\/schema\\\/person\\\/75908d6f8fdc03a57889d27209df7795\",\"name\":\"Tibor atya\",\"image\":{\"@type\":\"ImageObject\",\"inLanguage\":\"hu\",\"@id\":\"https:\\\/\\\/secure.gravatar.com\\\/avatar\\\/61d268e57d1f4525b111222e29d2d5a7f8c420fdbf231ba5566a8ceac74fa960?s=96&d=mm&r=g\",\"url\":\"https:\\\/\\\/secure.gravatar.com\\\/avatar\\\/61d268e57d1f4525b111222e29d2d5a7f8c420fdbf231ba5566a8ceac74fa960?s=96&d=mm&r=g\",\"contentUrl\":\"https:\\\/\\\/secure.gravatar.com\\\/avatar\\\/61d268e57d1f4525b111222e29d2d5a7f8c420fdbf231ba5566a8ceac74fa960?s=96&d=mm&r=g\",\"caption\":\"Tibor atya\"},\"url\":\"https:\\\/\\\/stuttgarti-katolikusok.de\\\/index.php\\\/author\\\/tibor-atya\\\/\"}]}<\/script>\n<!-- \/ Yoast SEO plugin. -->","yoast_head_json":{"title":"\u00c9vk\u00f6zi 31. vas\u00e1rnap - Stuttgarti Katolikusok","robots":{"index":"index","follow":"follow","max-snippet":"max-snippet:-1","max-image-preview":"max-image-preview:large","max-video-preview":"max-video-preview:-1"},"canonical":"https:\/\/stuttgarti-katolikusok.de\/index.php\/evkozi-31-vasarnap-2\/","og_locale":"hu_HU","og_type":"article","og_title":"\u00c9vk\u00f6zi 31. vas\u00e1rnap - Stuttgarti Katolikusok","og_description":"Az \u00e9vk\u00f6zi 31. vas\u00e1rnap olvasm\u00e1nya a t\u00f6rv\u00e9ny megtart\u00f3 erej\u00e9r\u0151l sz\u00f3l. A t\u00f6rv\u00e9nyek szerinti \u00e9let egyben z\u00e1loga \u00e9s biztos\u00edt\u00e9ka a hossz\u00fa \u00e9letnek, Isten aj\u00e1nd\u00e9ka. Csakis a t\u00f6rv\u00e9nyek megtart\u00e1s\u00e1val lehet rem\u00e9ny\u00fck arra, hogy eljussanak a tejjel-m\u00e9zzel foly\u00f3 orsz\u00e1gba. Gy\u00f6ny\u00f6r\u0171 a k\u00e9p: szemem el\u0151tt az \u00dar t\u00f6rv\u00e9nye mindenkor. Az igaz\u00e1n vall\u00e1sos zsid\u00f3k egy kis l\u00e1d\u00e1csk\u00e1ban, melyet homlokukra k\u00f6t\u00f6ttek a reggeli im\u00e1ds\u00e1g k\u00f6zben, \u0151rizt\u00e9k a t\u00f6rv\u00e9nyt. Ez volt a teffilin (v\u00f6. 119. zsolt\u00e1r).Az ilyen embert a zsolt\u00e1ros egyben boldog embernek nevezi. Vagyis az \u00dar t\u00f6rv\u00e9nye szerinti \u00e9let az igazi boldogs\u00e1g. Az olvasm\u00e1ny utols\u00f3 mondata egy felh\u00edv\u00e1s is egyben. A parancsokat sz\u00edv\u00fcnkben kell \u0151rizn\u00fcnk! Az evang\u00e9liumi r\u00e9szt \u00fagy is tekinthetj\u00fck, mint az olvasm\u00e1nyban elhangzott tan\u00edt\u00e1s folytat\u00e1s\u00e1t. Igazi provok\u00e1ci\u00f3 az \u00dar J\u00e9zushoz int\u00e9zett k\u00e9rd\u00e9s. Nem \u00fcl fel a provok\u00e1ci\u00f3nak, ink\u00e1bb kifejti tan\u00edt\u00e1s\u00e1t \u00e9s k\u00e9pviseli \u00e1ll\u00e1sfoglal\u00e1s\u00e1t a legf\u0151bb t\u00f6rv\u00e9nnyel kapcsolatosan. Ezzel mintegy nek\u00fcnk is p\u00e9ld\u00e1t mutat, vagyis nem szabad fel\u00fclni semmilyen provok\u00e1ci\u00f3nak. M\u00e1sr\u00e9szt a szeretet kett\u0151s parancs\u00e1n\u00e1l nincs fontosabb. Amennyiben a szeretet parancsa otthonra lel sz\u00edv\u00fcnkben, meg\u00e9lem a t\u00f6rv\u00e9nyek \u00e9s parancsok k\u00f6zels\u00e9g\u00e9nek \u00e9s megtart\u00f3 erej\u00e9nek csod\u00e1latos \u00e9rz\u00e9s\u00e9t. Szabadd\u00e1 v\u00e1lok a t\u00f6rv\u00e9nyek k\u00edn\u00e1lta keretek k\u00f6z\u00f6tt! Megtapasztal\u00e1sa ez annak a bels\u0151 szabads\u00e1gnak, amelyre mindig v\u00e1gy\u00f3dom. Nem m\u00e1s, mint az igazi szeretet, annak vertik\u00e1lis \u00e9s horizont\u00e1lis ir\u00e1ny\u00e1val. Mennyire t\u00f6rekszem, hogy mind a k\u00e9t ir\u00e1nyban megtapasztaljam a szeretet parancs\u00e1nak k\u00f6zels\u00e9g\u00e9t? Kezd\u0151\u00e9nek: Ne hagyj el engem, \u00e9n Uram, Istenem, ne t\u00e1vozz el t\u0151lem; siess seg\u00edts\u00e9gemre, Uram, \u00fcdv\u00f6ss\u00e9gem ereje! (V\u00f6. Zsolt 37,22-23) K\u00f6ny\u00f6rg\u00e9s: Mindenhat\u00f3, irgalmas Isten, a te kegyelmed m\u0171ve, hogy h\u00edveid m\u00e9lt\u00f3k\u00e9ppen \u00e9s tetsz\u00e9sed szerint szolg\u00e1lnak neked. Add, k\u00e9r\u00fcnk, hogy minden akad\u00e1lyt legy\u0151zve elnyerj\u00fck a meg\u00edg\u00e9rt boldogs\u00e1got. A mi Urunk, J\u00e9zus Krisztus, a te Fiad \u00e1ltal, aki veled \u00e9l \u00e9s uralkodik a Szentl\u00e9lekkel egys\u00e9gben, Isten mind\u00f6r\u00f6kk\u00f6n \u00f6r\u00f6kk\u00e9. OLVASM\u00c1NY M\u00f3zes \u00f6t\u00f6dik k\u00f6nyv\u00e9b\u0151l (MT\u00f6rv 6,2-6) Az \u00cdg\u00e9ret f\u00f6ldj\u00e9nek hat\u00e1r\u00e1n M\u00f3zes ezt a besz\u00e9det int\u00e9zte a n\u00e9phez: \u201eF\u00e9ld az Urat, Istenedet eg\u00e9sz \u00e9letedben, tartsd meg... R\u00e9szletek","og_url":"https:\/\/stuttgarti-katolikusok.de\/index.php\/evkozi-31-vasarnap-2\/","og_site_name":"Stuttgarti Katolikusok","article_published_time":"2024-11-03T00:15:24+00:00","article_modified_time":"2025-10-31T20:44:44+00:00","og_image":[{"width":2048,"height":1365,"url":"https:\/\/stuttgarti-katolikusok.de\/wp-content\/uploads\/2024\/11\/ng13.jpg","type":"image\/jpeg"}],"author":"Tibor atya","twitter_card":"summary_large_image","twitter_misc":{"Szerz\u0151:":"Tibor atya","Becs\u00fclt olvas\u00e1si id\u0151":"6 perc"},"schema":{"@context":"https:\/\/schema.org","@graph":[{"@type":"Article","@id":"https:\/\/stuttgarti-katolikusok.de\/index.php\/evkozi-31-vasarnap-2\/#article","isPartOf":{"@id":"https:\/\/stuttgarti-katolikusok.de\/index.php\/evkozi-31-vasarnap-2\/"},"author":{"name":"Tibor atya","@id":"https:\/\/stuttgarti-katolikusok.de\/#\/schema\/person\/75908d6f8fdc03a57889d27209df7795"},"headline":"\u00c9vk\u00f6zi 31. vas\u00e1rnap","datePublished":"2024-11-03T00:15:24+00:00","dateModified":"2025-10-31T20:44:44+00:00","mainEntityOfPage":{"@id":"https:\/\/stuttgarti-katolikusok.de\/index.php\/evkozi-31-vasarnap-2\/"},"wordCount":1415,"image":{"@id":"https:\/\/stuttgarti-katolikusok.de\/index.php\/evkozi-31-vasarnap-2\/#primaryimage"},"thumbnailUrl":"https:\/\/stuttgarti-katolikusok.de\/wp-content\/uploads\/2024\/11\/ng13.jpg","articleSection":["A liturgia olvasm\u00e1nyai","Vas\u00e1rnapi gondolatok"],"inLanguage":"hu"},{"@type":"WebPage","@id":"https:\/\/stuttgarti-katolikusok.de\/index.php\/evkozi-31-vasarnap-2\/","url":"https:\/\/stuttgarti-katolikusok.de\/index.php\/evkozi-31-vasarnap-2\/","name":"\u00c9vk\u00f6zi 31. vas\u00e1rnap - Stuttgarti Katolikusok","isPartOf":{"@id":"https:\/\/stuttgarti-katolikusok.de\/#website"},"primaryImageOfPage":{"@id":"https:\/\/stuttgarti-katolikusok.de\/index.php\/evkozi-31-vasarnap-2\/#primaryimage"},"image":{"@id":"https:\/\/stuttgarti-katolikusok.de\/index.php\/evkozi-31-vasarnap-2\/#primaryimage"},"thumbnailUrl":"https:\/\/stuttgarti-katolikusok.de\/wp-content\/uploads\/2024\/11\/ng13.jpg","datePublished":"2024-11-03T00:15:24+00:00","dateModified":"2025-10-31T20:44:44+00:00","author":{"@id":"https:\/\/stuttgarti-katolikusok.de\/#\/schema\/person\/75908d6f8fdc03a57889d27209df7795"},"breadcrumb":{"@id":"https:\/\/stuttgarti-katolikusok.de\/index.php\/evkozi-31-vasarnap-2\/#breadcrumb"},"inLanguage":"hu","potentialAction":[{"@type":"ReadAction","target":["https:\/\/stuttgarti-katolikusok.de\/index.php\/evkozi-31-vasarnap-2\/"]}]},{"@type":"ImageObject","inLanguage":"hu","@id":"https:\/\/stuttgarti-katolikusok.de\/index.php\/evkozi-31-vasarnap-2\/#primaryimage","url":"https:\/\/stuttgarti-katolikusok.de\/wp-content\/uploads\/2024\/11\/ng13.jpg","contentUrl":"https:\/\/stuttgarti-katolikusok.de\/wp-content\/uploads\/2024\/11\/ng13.jpg","width":2048,"height":1365},{"@type":"BreadcrumbList","@id":"https:\/\/stuttgarti-katolikusok.de\/index.php\/evkozi-31-vasarnap-2\/#breadcrumb","itemListElement":[{"@type":"ListItem","position":1,"name":"Kezd\u0151lap","item":"https:\/\/stuttgarti-katolikusok.de\/"},{"@type":"ListItem","position":2,"name":"\u00c9vk\u00f6zi 31. vas\u00e1rnap"}]},{"@type":"WebSite","@id":"https:\/\/stuttgarti-katolikusok.de\/#website","url":"https:\/\/stuttgarti-katolikusok.de\/","name":"Stuttgarti Katolikusok","description":"","potentialAction":[{"@type":"SearchAction","target":{"@type":"EntryPoint","urlTemplate":"https:\/\/stuttgarti-katolikusok.de\/?s={search_term_string}"},"query-input":{"@type":"PropertyValueSpecification","valueRequired":true,"valueName":"search_term_string"}}],"inLanguage":"hu"},{"@type":"Person","@id":"https:\/\/stuttgarti-katolikusok.de\/#\/schema\/person\/75908d6f8fdc03a57889d27209df7795","name":"Tibor atya","image":{"@type":"ImageObject","inLanguage":"hu","@id":"https:\/\/secure.gravatar.com\/avatar\/61d268e57d1f4525b111222e29d2d5a7f8c420fdbf231ba5566a8ceac74fa960?s=96&d=mm&r=g","url":"https:\/\/secure.gravatar.com\/avatar\/61d268e57d1f4525b111222e29d2d5a7f8c420fdbf231ba5566a8ceac74fa960?s=96&d=mm&r=g","contentUrl":"https:\/\/secure.gravatar.com\/avatar\/61d268e57d1f4525b111222e29d2d5a7f8c420fdbf231ba5566a8ceac74fa960?s=96&d=mm&r=g","caption":"Tibor atya"},"url":"https:\/\/stuttgarti-katolikusok.de\/index.php\/author\/tibor-atya\/"}]}},"_links":{"self":[{"href":"https:\/\/stuttgarti-katolikusok.de\/index.php\/wp-json\/wp\/v2\/posts\/29631","targetHints":{"allow":["GET"]}}],"collection":[{"href":"https:\/\/stuttgarti-katolikusok.de\/index.php\/wp-json\/wp\/v2\/posts"}],"about":[{"href":"https:\/\/stuttgarti-katolikusok.de\/index.php\/wp-json\/wp\/v2\/types\/post"}],"author":[{"embeddable":true,"href":"https:\/\/stuttgarti-katolikusok.de\/index.php\/wp-json\/wp\/v2\/users\/3"}],"replies":[{"embeddable":true,"href":"https:\/\/stuttgarti-katolikusok.de\/index.php\/wp-json\/wp\/v2\/comments?post=29631"}],"version-history":[{"count":3,"href":"https:\/\/stuttgarti-katolikusok.de\/index.php\/wp-json\/wp\/v2\/posts\/29631\/revisions"}],"predecessor-version":[{"id":29668,"href":"https:\/\/stuttgarti-katolikusok.de\/index.php\/wp-json\/wp\/v2\/posts\/29631\/revisions\/29668"}],"wp:featuredmedia":[{"embeddable":true,"href":"https:\/\/stuttgarti-katolikusok.de\/index.php\/wp-json\/wp\/v2\/media\/29632"}],"wp:attachment":[{"href":"https:\/\/stuttgarti-katolikusok.de\/index.php\/wp-json\/wp\/v2\/media?parent=29631"}],"wp:term":[{"taxonomy":"category","embeddable":true,"href":"https:\/\/stuttgarti-katolikusok.de\/index.php\/wp-json\/wp\/v2\/categories?post=29631"},{"taxonomy":"post_tag","embeddable":true,"href":"https:\/\/stuttgarti-katolikusok.de\/index.php\/wp-json\/wp\/v2\/tags?post=29631"}],"curies":[{"name":"wp","href":"https:\/\/api.w.org\/{rel}","templated":true}]}}