{"id":29594,"date":"2024-10-26T11:37:41","date_gmt":"2024-10-26T09:37:41","guid":{"rendered":"https:\/\/stuttgarti-katolikusok.de\/?p=29594"},"modified":"2024-10-26T12:44:19","modified_gmt":"2024-10-26T10:44:19","slug":"evkozi-30-vasarnap-2","status":"publish","type":"post","link":"https:\/\/stuttgarti-katolikusok.de\/index.php\/evkozi-30-vasarnap-2\/","title":{"rendered":"\u00c9vk\u00f6zi 30. vas\u00e1rnap"},"content":{"rendered":"<p><span style=\"color: #ff6600;\"><em>Az \u00e9vk\u00f6zi 30. vas\u00e1rnap kezd\u0151\u00e9neke a h\u00edv\u0151 ember \u00f6r\u00f6k feladat\u00e1r\u00f3l sz\u00f3l: <strong>keresni \u00e9s r\u00e1tal\u00e1lni Istenre<\/strong>. A keres\u00e9s \u00e9s r\u00e1tal\u00e1l\u00e1s ny\u00fajtotta \u00f6r\u00f6m \u00e9s boldogs\u00e1g.<\/em><\/span><\/p>\n<p><span style=\"color: #ff6600;\"><em>A szentmise els\u0151 k\u00f6ny\u00f6rg\u00e9se az alapvet\u0151 isteni er\u00e9nyek &#8211;<strong> hit, rem\u00e9ny \u00e9s szeretet<\/strong> &#8211; fontoss\u00e1g\u00e1t, \u00e9let\u00fcnkben bet\u00f6lt\u00f6tt fontos szerep\u00e9t emeli ki.<\/em><\/span><\/p>\n<p><span style=\"color: #ff6600;\"><em>Az olvasm\u00e1nyban Jeremi\u00e1s pr\u00f3f\u00e9ta &#8222;Izrael marad\u00e9k\u00e1nak&#8221; fontoss\u00e1g\u00e1r\u00f3l sz\u00f3l. Tan\u00edt\u00e1sa tekinthet\u0151 \u00fagy is, mint a <strong>rem\u00e9ny<\/strong> \u00fczenete. Alkalmazva magunk \u00e9let\u00e9re, elmondhatjuk, hogy mindennapjaink meg\u00e9l\u00e9s\u00e9nek sz\u00fcks\u00e9gszer\u0171 felt\u00e9tele a rem\u00e9ny. Ennek a rem\u00e9nynek jutalma Isten atyai szeretete. B\u00e1r jelen sorsukat meg\u00e9rdemelt b\u00fcntet\u00e9sk\u00e9nt \u00e9lik meg, m\u00e9gis r\u00e1d\u00f6bbennek \u00e9s er\u0151s\u00f6dik benn\u00fck a rem\u00e9ny, hogy hazajutnak.<\/em><\/span><\/p>\n<p><span style=\"color: #ff6600;\"><em>A 125. zsolt\u00e1r gy\u00f6ny\u00f6r\u0171en \u00e9rz\u00e9kelteti Isten v\u00e1lasztott n\u00e9pe ir\u00e1nti h\u0171s\u00e9g\u00e9t \u00e9s gondoskod\u00f3 szeretet\u00e9t. Mennyire csod\u00e1latos, hogy mi magunk is megtapasztalhatjuk Isten ir\u00e1ntunk val\u00f3 gondoskod\u00f3 szeretet\u00e9t. Ennek pedig egyetlen felt\u00e9tele van: er\u0151s\u00edteni egy\u00e9ni \u00e9let\u00fcnkben az Isten ir\u00e1nti rem\u00e9ny\u00fcnket, h\u0171s\u00e9g\u00fcnket \u00e9s szeretet\u00fcnket.\u00a0<\/em><\/span><\/p>\n<p><span style=\"color: #ff6600;\"><em>J\u00e9zus a mi \u00f6r\u00f6k F\u0151papunk, aki meg\u00e9rt\u0151 tud lenni az emberek ir\u00e1nt. Ezt v\u00e1rja el a jelen kor papjait\u00f3l is. \u00c9rdekes ez a felismer\u00e9s annak f\u00e9ny\u00e9ben, ahogyan megrajzolj\u00e1k\u00a0 jelen\u00fcnkben egy lelkip\u00e1sztor profilj\u00e1t. Pedig a v\u00e1lasz eg\u00e9szen vil\u00e1gos \u00e9s \u00e9rthet\u0151. A lelkip\u00e1sztor alapvet\u0151 k\u00fcldet\u00e9se \u00e9s feladata Isten el\u0151tt k\u00e9pviselni a re\u00e1b\u00edzott embert\u00e1rsakat, vagyis a k\u00f6z\u00f6ss\u00e9g tagjait. Ezt szolg\u00e1lja eg\u00e9sz papi \u00e9lete! \u0150 ad sz\u00e1mot err\u0151l, nem m\u00e1sok sz\u00e1moltatj\u00e1k el. Hivat\u00e1s\u00e1t \u00e9s szolg\u00e1lat\u00e1t csakis a <strong>szeretet<\/strong> isteni er\u00e9ny\u00e9nek birtok\u00e1ban tudja hathat\u00f3san bet\u00f6lteni.<\/em><\/span><\/p>\n<p><span style=\"color: #ff6600;\"><em>Az evang\u00e9lium pedig a vak Bartimeus p\u00e9ld\u00e1j\u00e1n kereszt\u00fcl a<strong> hit<\/strong> isteni er\u00e9ny\u00e9nek fontoss\u00e1g\u00e1t szeml\u00e9lteti. Nem tudjuk, hogy vakon sz\u00fcletett, vagy pedig id\u0151vel vesz\u00edtette el szeme vil\u00e1g\u00e1t. Itt \u00e9s most mindez nem is l\u00e9nyeges. A vak Bartimeus \u00e9let\u00e9b\u0151l hi\u00e1nyzik valami nagyon l\u00e9nyeges: a l\u00e1t\u00e1s. Maga a vaks\u00e1g a l\u00e1t\u00e1s pszichol\u00f3giai vagy neurol\u00f3giai eredet\u0171 r\u00e9szleges vagy teljes hi\u00e1nya. Csakis \u00edgy \u00e9rtelmezhet\u0151 ez a t\u00f6rt\u00e9net a magam \u00e9let\u00e9ben. Vakk\u00e1 v\u00e1lhatok, s ez a hi\u00e1ny, a l\u00e1t\u00e1s k\u00e9szs\u00e9ge, ord\u00edt\u00f3 lesz \u00e9letemben. Eszm\u00e9imhez \u00e9s magam gy\u00e1rtotta ideol\u00f3gi\u00e1khoz val\u00f3 cs\u00f6k\u00f6ny\u00f6s \u00e9s g\u00f6rcs\u00f6s ragaszkod\u00e1s elvakultt\u00e1, vakk\u00e1 tehet. A lehet\u0151 legnagyobb vesz\u00e9ly \u00e9letemben!<\/em><\/span><\/p>\n<p><span style=\"color: #ff6600;\"><em><strong>L\u00e1t\u00e1s &#8211; Vaks\u00e1g.<\/strong> Van ki\u00fat? Igen, \u00fczeni az evang\u00e9liumi t\u00f6rt\u00e9net. El\u0151sz\u00f6ris fel kell ismernem vaks\u00e1gomat. Nem m\u00e1s ez, mint jelen \u00e9lethelyzetem bel\u00e1t\u00e1sa. Tov\u00e1bb\u00e1 tennem kell az\u00e9rt, hogy ett\u0151l megszabaduljak. \u00c9rdekes megfigyelni az az elsz\u00e1nt\u00e1sgot, amelyben Bartimeus keresi a tal\u00e1lkoz\u00e1s lehet\u0151s\u00e9g\u00e9t J\u00e9zussal. Amikor pedig J\u00e9zus megsz\u00f3l\u00edtja \u00e9s megk\u00e9rdezi \u0151t, hogy mit szeretne, vil\u00e1gosan elmondja k\u00e9r\u00e9s\u00e9t. J\u00e9zus \u00fatj\u00e1ra bocs\u00e1tja \u0151t: &#8222;<strong>Menj, a hited megmentett t\u00e9ged.&#8221;<\/strong> Vagyis J\u00e9zus Bartimeus hit\u00e9t dics\u00e9ri meg. Az a t\u00e9ny pedig, hogy visszanyerte l\u00e1t\u00e1s\u00e1t, jutalma addigi \u00f6sszes er\u0151fesz\u00edt\u00e9s\u00e9nek, amelyet az\u00e9rt tett, hogy \u00fajb\u00f3l l\u00e1thasson.<\/em><\/span><\/p>\n<p><span style=\"color: #008000;\">Kezd\u0151\u00e9nek:<\/span><br \/>\nAz Urat keres\u0151 sz\u00edvek \u00f6rvendezzenek! Keress\u00e9tek az Urat \u00e9s er\u0151re kaptok, keress\u00e9tek arc\u00e1t sz\u00fcntelen! (V\u00f6. Zsolt 104,3-4)<\/p>\n<p><span style=\"color: #008000;\">K\u00f6ny\u00f6rg\u00e9s:<\/span><br \/>\nMindenhat\u00f3, \u00f6r\u00f6k Isten, n\u00f6veld benn\u00fcnk a hitet, a rem\u00e9nyt \u00e9s a szeretetet. Add, hogy szeress\u00fck, amit parancsolsz, \u00e9s seg\u00edts, hogy elnyerj\u00fck, amit \u00edg\u00e9rsz. A mi Urunk, J\u00e9zus Krisztus, a te Fiad \u00e1ltal, aki veled \u00e9l \u00e9s uralkodik a Szentl\u00e9lekkel egys\u00e9gben, Isten mind\u00f6r\u00f6kk\u00f6n \u00f6r\u00f6kk\u00e9.<\/p>\n<p><span style=\"color: #008000;\">OLVASM\u00c1NY Jeremi\u00e1s pr\u00f3f\u00e9ta k\u00f6nyv\u00e9b\u0151l (Jer 31,7-9)<\/span><br \/>\nEzt mondja az \u00dar: \u201eKit\u00f6r\u0151 \u00f6r\u00f6mmel \u00f6r\u00fcljetek J\u00e1kobon, \u00f6rvendjetek annak, aki els\u0151 a nemzetek k\u00f6z\u00f6tt. Dics\u0151\u00edts\u00e9tek, hirdess\u00e9tek \u00e9s mondj\u00e1tok: \u00bbAz \u00dar megszabad\u00edtotta n\u00e9p\u00e9t, Izrael marad\u00e9k\u00e1t.\u00ab \u00cdme, visszahozom \u0151ket \u00e9szak f\u00f6ldj\u00e9r\u0151l, \u00e9s \u00f6sszegy\u0171jt\u00f6m \u0151ket a f\u00f6ld hat\u00e1rair\u00f3l. Mindny\u00e1jukat \u00f6sszegy\u0171jt\u00f6m: a vakokat \u00e9s a s\u00e1nt\u00e1kat is, a v\u00e1rand\u00f3sokat \u00e9s a sz\u00fcl\u0151 any\u00e1kat is. Nagy sereg lesz, amely ide visszat\u00e9r. K\u00f6nnyek k\u00f6z\u00f6tt j\u00f6nnek, foh\u00e1szkod\u00e1s k\u00f6zt vezetem \u0151ket vissza. Forr\u00e1svizekhez vez\u00e9rlem \u0151ket, sima \u00f6sv\u00e9nyeken, nehogy elessenek. Mert atyj\u00e1v\u00e1 lettem Izraelnek, \u00e9s Efraim az \u00e9n els\u0151sz\u00fcl\u00f6tt fiam.\u201d<br \/>\nEz az Isten ig\u00e9je.<\/p>\n<p><span style=\"color: #008000;\">V\u00c1LASZOS ZSOLT\u00c1R (Zsolt 125,1-2ab.2cd-3.4-5.6)<\/span><br \/>\nV\u00e1lasz:\u00a0<strong>Hatalmas dolgot m<\/strong><strong>\u0171<\/strong><strong>velt az <\/strong><strong>\u00da<\/strong><strong>r<\/strong><strong>\u00a0<\/strong><strong><u>v<\/u><\/strong><strong><u>\u00e9<\/u><\/strong><strong>l<\/strong><strong>\u00fc<\/strong><strong>nk, * az<\/strong><strong>\u00e9<\/strong><strong>rt<\/strong><strong>\u00a0<\/strong><strong><u>sz<\/u><\/strong><strong><u>\u00ed<\/u><\/strong><strong><u>v<\/u><\/strong><strong>b<\/strong><strong>\u0151<\/strong><strong>l ujjongunk.<\/strong>\u00a0(8 G. t\u00f3nus.)<br \/>\nEl\u0151\u00e9nekes: Mid\u0151n az \u00dar hazah\u00edvta Sionnak\u00a0<u>fog<\/u>lyait, * olyanok voltunk, mint\u00a0<u>a<\/u>kik \u00e1lmodnak.<br \/>\nMegtelt akkor \u00f6r\u00f6mmel az\u00a0<u>aj<\/u>kunk, * \u00e9s a nyelv\u00fcnk\u00a0<u>uj<\/u>jong\u00e1ssal.<br \/>\nH\u00edvek:\u00a0<strong>Hatalmas dolgot m<\/strong><strong>\u0171<\/strong><strong>velt az <\/strong><strong>\u00da<\/strong><strong>r<\/strong><strong>\u00a0<\/strong><strong><u>v<\/u><\/strong><strong><u>\u00e9<\/u><\/strong><strong>l<\/strong><strong>\u00fc<\/strong><strong>nk, * az<\/strong><strong>\u00e9<\/strong><strong>rt<\/strong><strong>\u00a0<\/strong><strong><u>sz<\/u><\/strong><strong><u>\u00ed<\/u><\/strong><strong><u>v<\/u><\/strong><strong>b<\/strong><strong>\u0151<\/strong><strong>l ujjongunk.<\/strong><br \/>\nE: Akkor \u00edgy besz\u00e9ltek a\u00a0<u>nem<\/u>zetek: * \u201eAz \u00dar nagy dolgot\u00a0<u>m<\/u><u>\u0171<\/u>velt v\u00e9l\u00fck.\u201d<br \/>\nHatalmas dolgot m\u0171velt az \u00dar\u00a0<u>v<\/u><u>\u00e9<\/u>l\u00fcnk, * az\u00e9rt\u00a0<u>sz<\/u><u>\u00ed<\/u><u>v<\/u>b\u0151l ujjongunk.<br \/>\nH:\u00a0<strong>Hatalmas dolgot m<\/strong><strong>\u0171<\/strong><strong>velt az <\/strong><strong>\u00da<\/strong><strong>r<\/strong><strong>\u00a0<\/strong><strong><u>v<\/u><\/strong><strong><u>\u00e9<\/u><\/strong><strong>l<\/strong><strong>\u00fc<\/strong><strong>nk, * az<\/strong><strong>\u00e9<\/strong><strong>rt<\/strong><strong>\u00a0<\/strong><strong><u>sz<\/u><\/strong><strong><u>\u00ed<\/u><\/strong><strong><u>v<\/u><\/strong><strong>b<\/strong><strong>\u0151<\/strong><strong>l ujjongunk.<\/strong><br \/>\nE: Ford\u00edtsd, Uram, j\u00f3ra\u00a0<u>sor<\/u>sunkat, * amint meg\u00e1rasztod d\u00e9<u>len<\/u>\u00a0a foly\u00f3kat.<br \/>\nAkik k\u00f6nnyek k\u00f6z\u00f6tt\u00a0<u>vet<\/u>nek, * majd uj<u>jong<\/u>va aratnak.<br \/>\nH:\u00a0<strong>Hatalmas dolgot m<\/strong><strong>\u0171<\/strong><strong>velt az <\/strong><strong>\u00da<\/strong><strong>r<\/strong><strong>\u00a0<\/strong><strong><u>v<\/u><\/strong><strong><u>\u00e9<\/u><\/strong><strong>l<\/strong><strong>\u00fc<\/strong><strong>nk, * az<\/strong><strong>\u00e9<\/strong><strong>rt<\/strong><strong>\u00a0<\/strong><strong><u>sz<\/u><\/strong><strong><u>\u00ed<\/u><\/strong><strong><u>v<\/u><\/strong><strong>b<\/strong><strong>\u0151<\/strong><strong>l ujjongunk.<\/strong><br \/>\nE: S\u00edrva viszik a magot, mikor vetni\u00a0<u>in<\/u>dulnak, * de ujjongva j\u00f6nnek, j\u00f6nnek \u00e9s hozz\u00e1k\u00a0<u>k<\/u><u>\u00e9<\/u>v\u00e9iket.<br \/>\nH:\u00a0<strong>Hatalmas dolgot m<\/strong><strong>\u0171<\/strong><strong>velt az <\/strong><strong>\u00da<\/strong><strong>r<\/strong><strong>\u00a0<\/strong><strong><u>v<\/u><\/strong><strong><u>\u00e9<\/u><\/strong><strong>l<\/strong><strong>\u00fc<\/strong><strong>nk, * az<\/strong><strong>\u00e9<\/strong><strong>rt<\/strong><strong>\u00a0<\/strong><strong><u>sz<\/u><\/strong><strong><u>\u00ed<\/u><\/strong><strong><u>v<\/u><\/strong><strong>b<\/strong><strong>\u0151<\/strong><strong>l ujjongunk.<\/strong><\/p>\n<p><span style=\"color: #008000;\">SZENTLECKE a Zsid\u00f3khoz \u00edrt lev\u00e9lb\u0151l (Zsid 5,1-6)<\/span><br \/>\nTestv\u00e9reim!<br \/>\nMinden f\u0151pap az emberek k\u00f6z\u00fcl val\u00f3, \u00e9s arra rendelik, hogy az Isten tisztelet\u00e9ben k\u00e9pviselje az embereket, aj\u00e1nd\u00e9kokat \u00e9s \u00e1ldozatot mutasson be a b\u0171n\u00f6k\u00e9rt, mint olyan valaki, aki meg\u00e9rt\u0151 tud lenni a tudatlanok \u00e9s a t\u00e9velyg\u0151k ir\u00e1nt, hiszen \u0151r\u00e1 is gy\u00f6nges\u00e9g nehezedik. \u00cdgy a n\u00e9p\u00e9rt is, \u00e9s a saj\u00e1t v\u00e9tkei\u00e9rt is \u00e1ldozatot kell bemutatnia. Ezt a tiszts\u00e9get mag\u00e1t\u00f3l senki sem v\u00e1llalhatja, csak az, akit Isten megh\u00edv, mint \u00c1ront. \u00cdgy Krisztus sem \u00f6nmag\u00e1t emelte f\u0151papi m\u00e9lt\u00f3s\u00e1gra, hanem az, aki \u00edgy sz\u00f3lt hozz\u00e1: \u201eFiam vagy te, ma sz\u00fcltelek t\u00e9ged.\u201d M\u00e1sutt meg ezt mondja: \u201ePap vagy te mind\u00f6r\u00f6kk\u00e9 Melkizedek rendje szerint.\u201d<br \/>\nEz az Isten ig\u00e9je.<\/p>\n<p><span style=\"color: #008000;\">ALLELUJA<\/span><br \/>\n\u00dcdv\u00f6z\u00edt\u0151nk, J\u00e9zus Krisztus gy\u0151z\u00f6tt a hal\u00e1lon, * \u00e9s az evang\u00e9liumban f\u00f6lragyogtatta az \u00f6r\u00f6k \u00e9letet. (2Tim 1,10 \u2013 12. t\u00f3nus.)<\/p>\n<p><span style=\"color: #008000;\">\u2020 EVANG\u00c9LIUM Szent M\u00e1rk k\u00f6nyv\u00e9b\u0151l (Mk 10,46-52)<\/span><br \/>\nAbban az id\u0151ben tan\u00edtv\u00e1nyaival J\u00e9zus Jerik\u00f3ba \u00e9rkezett. Amikor tan\u00edtv\u00e1nyainak \u00e9s nagy t\u00f6megnek a k\u00eds\u00e9ret\u00e9ben elhagyta Jerik\u00f3t, egy vak koldus, Timeus fia, Bartimeus ott \u00fclt az \u00fatsz\u00e9len. Hallva, hogy a n\u00e1z\u00e1reti J\u00e9zus k\u00f6zeledik, elkezdett ki\u00e1ltozni: ,J\u00e9zus, D\u00e1vid fia, k\u00f6ny\u00f6r\u00fclj rajtam!\u201d T\u00f6bben sz\u00f3ltak neki, hogy hallgasson, de \u0151 ann\u00e1l hangosabban ki\u00e1ltotta: \u201eD\u00e1vid fia, k\u00f6ny\u00f6r\u00fclj rajtam!\u201d<br \/>\nJ\u00e9zus meg\u00e1llt \u00e9s \u00edgy sz\u00f3lt: \u201eH\u00edvj\u00e1tok ide!\u201d Odasz\u00f3ltak a vaknak: \u201eB\u00e1tors\u00e1g! Gyere, t\u00e9ged h\u00edv!\u201d Az eldobta k\u00f6nt\u00f6s\u00e9t, felugrott \u00e9s odament J\u00e9zushoz. J\u00e9zus megk\u00e9rdezte: \u201eMit akarsz, mit tegyek veled?\u201d A vak ezt felelte: \u201eMester, hogy l\u00e1ssak.\u201d J\u00e9zus erre \u00edgy sz\u00f3lt hozz\u00e1: \u201eMenj, a hited megmentett t\u00e9ged.\u201d Az pedig nyomban visszanyerte l\u00e1t\u00e1s\u00e1t, \u00e9s k\u00f6vette \u0151t az \u00faton.<br \/>\nEzek az evang\u00e9lium ig\u00e9i.<\/p>\n<p><span style=\"color: #008000;\">EGYETEMES K\u00d6NY\u00d6RG\u00c9SEK<\/span><br \/>\nPap: Im\u00e1dkozzunk, testv\u00e9reim, a mindenhat\u00f3 Istenhez, aki megszabad\u00edthat minket testi \u00e9s lelki nyomor\u00fas\u00e1gunkt\u00f3l!<br \/>\nLektor:<br \/>\n1. Add, Urunk, hogy Egyh\u00e1zad az evang\u00e9lium hirdet\u00e9s\u00e9vel \u00e9s a kegyelem eszk\u00f6zeivel orvosoljon minden lelki nyomor\u00fas\u00e1got!<br \/>\nH\u00edvek: K\u00e9r\u00fcnk T\u00e9ged, hallgass meg minket!<br \/>\n2. Add, hogy a kutat\u00f3k \u00e9s a feltal\u00e1l\u00f3k a tudom\u00e1ny v\u00edvm\u00e1nyait az emberis\u00e9g jav\u00e1ra haszn\u00e1lj\u00e1k!<br \/>\nH\u00edvek: K\u00e9r\u00fcnk T\u00e9ged, hallgass meg minket!<br \/>\n3. Gy\u00f3gy\u00edtsd meg a lelki vaks\u00e1gban szenved\u0151ket, hogy megl\u00e1ss\u00e1k az igaz tan\u00edt\u00e1s f\u00e9ny\u00e9t!<br \/>\nH\u00edvek: K\u00e9r\u00fcnk T\u00e9ged, hallgass meg minket!<br \/>\n4. Vezesd t\u00e9velyg\u0151 embert\u00e1rsainkat a helyes \u00e9let \u00fatj\u00e1ra!<br \/>\nH\u00edvek: K\u00e9r\u00fcnk T\u00e9ged, hallgass meg minket!<br \/>\n5. Ragyogtasd fel meghalt h\u00edveidnek az \u00f6r\u00f6k vil\u00e1goss\u00e1g f\u00e9nyess\u00e9g\u00e9t!<br \/>\nH\u00edvek: K\u00e9r\u00fcnk T\u00e9ged, hallgass meg minket!<br \/>\nPap: Mennyei Aty\u00e1nk! Szent Fiad visszaadta a hozz\u00e1 esdekl\u0151 ember l\u00e1t\u00e1s\u00e1t. K\u00f6ny\u00f6r\u00f6gve k\u00e9r\u00fcnk, adj nek\u00fcnk lelki vil\u00e1goss\u00e1got, hogy eljuthassunk hozz\u00e1d! Krisztus, a mi Urunk \u00e1ltal.<br \/>\nH\u00edvek: \u00c1men.<\/p>\n<p><span style=\"color: #008000;\">Felaj\u00e1nl\u00f3 k\u00f6ny\u00f6rg\u00e9s:<\/span><br \/>\nK\u00e9r\u00fcnk, Urunk, Isten\u00fcnk, fogadd sz\u00edvesen \u00e1ldozati adom\u00e1nyainkat, amelyeket F\u00f6ls\u00e9gednek felaj\u00e1nlunk, hogy szolg\u00e1latunk egyre nagyobb dics\u0151s\u00e9gedre v\u00e1lj\u00e9k. Krisztus, a mi Urunk \u00e1ltal.<\/p>\n<p><span style=\"color: #008000;\">\u00c1ldoz\u00e1si \u00e9nek:<\/span><br \/>\nVigadjunk szabad\u00edt\u00e1sodban, \u00e9s Isten\u00fcnk nev\u00e9ben a mi dics\u0151s\u00e9g\u00fcnk. (V\u00f6. Zsolt 19,6)<br \/>\n<span style=\"color: #008000;\"><em>vagy<\/em><\/span><br \/>\nKrisztus szeretett minket, \u00e9s odaadta mag\u00e1t \u00e9rt\u00fcnk j\u00f3 illat\u00fa \u00e1ldozati adom\u00e1nyk\u00e9nt az Istennek. (Ef 5,2)<\/p>\n<p><span style=\"color: #008000;\">\u00c1ldoz\u00e1s ut\u00e1ni k\u00f6ny\u00f6rg\u00e9s:<\/span><br \/>\nK\u00e9r\u00fcnk, Urunk, Isten\u00fcnk, m\u0171k\u00f6dj\u00e9k hat\u00e9konyan benn\u00fcnk a szent\u00e1ldoz\u00e1s kegyelme, hogy amit most a szent sz\u00ednek alatt magunkhoz vett\u00fcnk, azt a maga teljes val\u00f3s\u00e1g\u00e1ban is elnyerj\u00fck. Krisztus, a mi Urunk \u00e1ltal.<\/p>\n<p><em>(K\u00e9p forr\u00e1sa: N\u00e9meti Gergely)<\/em><\/p>\n","protected":false},"excerpt":{"rendered":"<p>Az \u00e9vk\u00f6zi 30. vas\u00e1rnap kezd\u0151\u00e9neke a h\u00edv\u0151 ember \u00f6r\u00f6k feladat\u00e1r\u00f3l sz\u00f3l: keresni \u00e9s r\u00e1tal\u00e1lni Istenre. A keres\u00e9s \u00e9s r\u00e1tal\u00e1l\u00e1s ny\u00fajtotta \u00f6r\u00f6m \u00e9s boldogs\u00e1g. A szentmise els\u0151 k\u00f6ny\u00f6rg\u00e9se az alapvet\u0151 isteni er\u00e9nyek &#8211; hit, rem\u00e9ny \u00e9s szeretet &#8211; fontoss\u00e1g\u00e1t, \u00e9let\u00fcnkben bet\u00f6lt\u00f6tt fontos szerep\u00e9t emeli ki. Az olvasm\u00e1nyban Jeremi\u00e1s pr\u00f3f\u00e9ta &#8222;Izrael marad\u00e9k\u00e1nak&#8221; fontoss\u00e1g\u00e1r\u00f3l sz\u00f3l. Tan\u00edt\u00e1sa tekinthet\u0151 \u00fagy is, mint a rem\u00e9ny \u00fczenete. Alkalmazva magunk \u00e9let\u00e9re, elmondhatjuk, hogy mindennapjaink meg\u00e9l\u00e9s\u00e9nek sz\u00fcks\u00e9gszer\u0171 felt\u00e9tele a rem\u00e9ny. Ennek a rem\u00e9nynek jutalma Isten atyai szeretete. B\u00e1r jelen sorsukat meg\u00e9rdemelt b\u00fcntet\u00e9sk\u00e9nt \u00e9lik meg, m\u00e9gis r\u00e1d\u00f6bbennek \u00e9s er\u0151s\u00f6dik benn\u00fck a rem\u00e9ny, hogy hazajutnak. A 125. zsolt\u00e1r gy\u00f6ny\u00f6r\u0171en \u00e9rz\u00e9kelteti Isten v\u00e1lasztott n\u00e9pe ir\u00e1nti h\u0171s\u00e9g\u00e9t \u00e9s gondoskod\u00f3 szeretet\u00e9t. Mennyire csod\u00e1latos, hogy mi magunk is megtapasztalhatjuk Isten ir\u00e1ntunk val\u00f3 gondoskod\u00f3 szeretet\u00e9t. Ennek pedig egyetlen felt\u00e9tele van: er\u0151s\u00edteni egy\u00e9ni \u00e9let\u00fcnkben az Isten ir\u00e1nti rem\u00e9ny\u00fcnket, h\u0171s\u00e9g\u00fcnket \u00e9s szeretet\u00fcnket.\u00a0 J\u00e9zus a mi \u00f6r\u00f6k F\u0151papunk, aki meg\u00e9rt\u0151 tud lenni az emberek ir\u00e1nt. Ezt v\u00e1rja el a jelen kor papjait\u00f3l is. \u00c9rdekes ez a felismer\u00e9s annak f\u00e9ny\u00e9ben, ahogyan megrajzolj\u00e1k\u00a0 jelen\u00fcnkben egy lelkip\u00e1sztor profilj\u00e1t. Pedig a v\u00e1lasz eg\u00e9szen vil\u00e1gos \u00e9s \u00e9rthet\u0151. A lelkip\u00e1sztor alapvet\u0151 k\u00fcldet\u00e9se \u00e9s feladata Isten el\u0151tt k\u00e9pviselni a re\u00e1b\u00edzott embert\u00e1rsakat, vagyis a k\u00f6z\u00f6ss\u00e9g tagjait. Ezt szolg\u00e1lja eg\u00e9sz papi \u00e9lete! \u0150 ad sz\u00e1mot err\u0151l, nem m\u00e1sok sz\u00e1moltatj\u00e1k el. Hivat\u00e1s\u00e1t \u00e9s szolg\u00e1lat\u00e1t csakis a szeretet isteni er\u00e9ny\u00e9nek birtok\u00e1ban tudja hathat\u00f3san bet\u00f6lteni. Az evang\u00e9lium pedig a vak Bartimeus p\u00e9ld\u00e1j\u00e1n kereszt\u00fcl a hit isteni er\u00e9ny\u00e9nek fontoss\u00e1g\u00e1t szeml\u00e9lteti. Nem tudjuk, hogy vakon sz\u00fcletett, vagy pedig id\u0151vel vesz\u00edtette el szeme vil\u00e1g\u00e1t. Itt \u00e9s most mindez nem is l\u00e9nyeges. A vak Bartimeus \u00e9let\u00e9b\u0151l hi\u00e1nyzik valami nagyon l\u00e9nyeges: a l\u00e1t\u00e1s. Maga a vaks\u00e1g a l\u00e1t\u00e1s pszichol\u00f3giai vagy neurol\u00f3giai eredet\u0171 r\u00e9szleges vagy teljes hi\u00e1nya. Csakis \u00edgy \u00e9rtelmezhet\u0151 ez a t\u00f6rt\u00e9net a magam \u00e9let\u00e9ben. Vakk\u00e1 v\u00e1lhatok, s ez a hi\u00e1ny, a l\u00e1t\u00e1s k\u00e9szs\u00e9ge, ord\u00edt\u00f3 lesz \u00e9letemben. Eszm\u00e9imhez \u00e9s magam gy\u00e1rtotta ideol\u00f3gi\u00e1khoz val\u00f3 cs\u00f6k\u00f6ny\u00f6s \u00e9s g\u00f6rcs\u00f6s&#8230; <\/p>\n<p><a class=\"readmore\" href=\"https:\/\/stuttgarti-katolikusok.de\/index.php\/evkozi-30-vasarnap-2\/\">R\u00e9szletek<\/a><\/p>\n","protected":false},"author":3,"featured_media":29595,"comment_status":"closed","ping_status":"closed","sticky":false,"template":"","format":"standard","meta":{"footnotes":""},"categories":[85,63],"tags":[],"class_list":["post-29594","post","type-post","status-publish","format-standard","has-post-thumbnail","hentry","category-a-liturgia-olvasmanyai","category-vasarnapi-gondolatok"],"yoast_head":"<!-- This site is optimized with the Yoast SEO plugin v27.3 - https:\/\/yoast.com\/product\/yoast-seo-wordpress\/ -->\n<title>\u00c9vk\u00f6zi 30. vas\u00e1rnap - Stuttgarti Katolikusok<\/title>\n<meta name=\"robots\" content=\"index, follow, max-snippet:-1, max-image-preview:large, max-video-preview:-1\" \/>\n<link rel=\"canonical\" href=\"https:\/\/stuttgarti-katolikusok.de\/index.php\/evkozi-30-vasarnap-2\/\" \/>\n<meta property=\"og:locale\" content=\"hu_HU\" \/>\n<meta property=\"og:type\" content=\"article\" \/>\n<meta property=\"og:title\" content=\"\u00c9vk\u00f6zi 30. vas\u00e1rnap - Stuttgarti Katolikusok\" \/>\n<meta property=\"og:description\" content=\"Az \u00e9vk\u00f6zi 30. vas\u00e1rnap kezd\u0151\u00e9neke a h\u00edv\u0151 ember \u00f6r\u00f6k feladat\u00e1r\u00f3l sz\u00f3l: keresni \u00e9s r\u00e1tal\u00e1lni Istenre. A keres\u00e9s \u00e9s r\u00e1tal\u00e1l\u00e1s ny\u00fajtotta \u00f6r\u00f6m \u00e9s boldogs\u00e1g. A szentmise els\u0151 k\u00f6ny\u00f6rg\u00e9se az alapvet\u0151 isteni er\u00e9nyek &#8211; hit, rem\u00e9ny \u00e9s szeretet &#8211; fontoss\u00e1g\u00e1t, \u00e9let\u00fcnkben bet\u00f6lt\u00f6tt fontos szerep\u00e9t emeli ki. Az olvasm\u00e1nyban Jeremi\u00e1s pr\u00f3f\u00e9ta &#8222;Izrael marad\u00e9k\u00e1nak&#8221; fontoss\u00e1g\u00e1r\u00f3l sz\u00f3l. Tan\u00edt\u00e1sa tekinthet\u0151 \u00fagy is, mint a rem\u00e9ny \u00fczenete. Alkalmazva magunk \u00e9let\u00e9re, elmondhatjuk, hogy mindennapjaink meg\u00e9l\u00e9s\u00e9nek sz\u00fcks\u00e9gszer\u0171 felt\u00e9tele a rem\u00e9ny. Ennek a rem\u00e9nynek jutalma Isten atyai szeretete. B\u00e1r jelen sorsukat meg\u00e9rdemelt b\u00fcntet\u00e9sk\u00e9nt \u00e9lik meg, m\u00e9gis r\u00e1d\u00f6bbennek \u00e9s er\u0151s\u00f6dik benn\u00fck a rem\u00e9ny, hogy hazajutnak. A 125. zsolt\u00e1r gy\u00f6ny\u00f6r\u0171en \u00e9rz\u00e9kelteti Isten v\u00e1lasztott n\u00e9pe ir\u00e1nti h\u0171s\u00e9g\u00e9t \u00e9s gondoskod\u00f3 szeretet\u00e9t. Mennyire csod\u00e1latos, hogy mi magunk is megtapasztalhatjuk Isten ir\u00e1ntunk val\u00f3 gondoskod\u00f3 szeretet\u00e9t. Ennek pedig egyetlen felt\u00e9tele van: er\u0151s\u00edteni egy\u00e9ni \u00e9let\u00fcnkben az Isten ir\u00e1nti rem\u00e9ny\u00fcnket, h\u0171s\u00e9g\u00fcnket \u00e9s szeretet\u00fcnket.\u00a0 J\u00e9zus a mi \u00f6r\u00f6k F\u0151papunk, aki meg\u00e9rt\u0151 tud lenni az emberek ir\u00e1nt. Ezt v\u00e1rja el a jelen kor papjait\u00f3l is. \u00c9rdekes ez a felismer\u00e9s annak f\u00e9ny\u00e9ben, ahogyan megrajzolj\u00e1k\u00a0 jelen\u00fcnkben egy lelkip\u00e1sztor profilj\u00e1t. Pedig a v\u00e1lasz eg\u00e9szen vil\u00e1gos \u00e9s \u00e9rthet\u0151. A lelkip\u00e1sztor alapvet\u0151 k\u00fcldet\u00e9se \u00e9s feladata Isten el\u0151tt k\u00e9pviselni a re\u00e1b\u00edzott embert\u00e1rsakat, vagyis a k\u00f6z\u00f6ss\u00e9g tagjait. Ezt szolg\u00e1lja eg\u00e9sz papi \u00e9lete! \u0150 ad sz\u00e1mot err\u0151l, nem m\u00e1sok sz\u00e1moltatj\u00e1k el. Hivat\u00e1s\u00e1t \u00e9s szolg\u00e1lat\u00e1t csakis a szeretet isteni er\u00e9ny\u00e9nek birtok\u00e1ban tudja hathat\u00f3san bet\u00f6lteni. Az evang\u00e9lium pedig a vak Bartimeus p\u00e9ld\u00e1j\u00e1n kereszt\u00fcl a hit isteni er\u00e9ny\u00e9nek fontoss\u00e1g\u00e1t szeml\u00e9lteti. Nem tudjuk, hogy vakon sz\u00fcletett, vagy pedig id\u0151vel vesz\u00edtette el szeme vil\u00e1g\u00e1t. Itt \u00e9s most mindez nem is l\u00e9nyeges. A vak Bartimeus \u00e9let\u00e9b\u0151l hi\u00e1nyzik valami nagyon l\u00e9nyeges: a l\u00e1t\u00e1s. Maga a vaks\u00e1g a l\u00e1t\u00e1s pszichol\u00f3giai vagy neurol\u00f3giai eredet\u0171 r\u00e9szleges vagy teljes hi\u00e1nya. Csakis \u00edgy \u00e9rtelmezhet\u0151 ez a t\u00f6rt\u00e9net a magam \u00e9let\u00e9ben. Vakk\u00e1 v\u00e1lhatok, s ez a hi\u00e1ny, a l\u00e1t\u00e1s k\u00e9szs\u00e9ge, ord\u00edt\u00f3 lesz \u00e9letemben. Eszm\u00e9imhez \u00e9s magam gy\u00e1rtotta ideol\u00f3gi\u00e1khoz val\u00f3 cs\u00f6k\u00f6ny\u00f6s \u00e9s g\u00f6rcs\u00f6s... R\u00e9szletek\" \/>\n<meta property=\"og:url\" content=\"https:\/\/stuttgarti-katolikusok.de\/index.php\/evkozi-30-vasarnap-2\/\" \/>\n<meta property=\"og:site_name\" content=\"Stuttgarti Katolikusok\" \/>\n<meta property=\"article:published_time\" content=\"2024-10-26T09:37:41+00:00\" \/>\n<meta property=\"article:modified_time\" content=\"2024-10-26T10:44:19+00:00\" \/>\n<meta property=\"og:image\" content=\"https:\/\/stuttgarti-katolikusok.de\/wp-content\/uploads\/2024\/10\/ng12.jpg\" \/>\n\t<meta property=\"og:image:width\" content=\"2048\" \/>\n\t<meta property=\"og:image:height\" content=\"1365\" \/>\n\t<meta property=\"og:image:type\" content=\"image\/jpeg\" \/>\n<meta name=\"author\" content=\"Tibor atya\" \/>\n<meta name=\"twitter:card\" content=\"summary_large_image\" \/>\n<meta name=\"twitter:label1\" content=\"Szerz\u0151:\" \/>\n\t<meta name=\"twitter:data1\" content=\"Tibor atya\" \/>\n\t<meta name=\"twitter:label2\" content=\"Becs\u00fclt olvas\u00e1si id\u0151\" \/>\n\t<meta name=\"twitter:data2\" content=\"8 perc\" \/>\n<script type=\"application\/ld+json\" class=\"yoast-schema-graph\">{\"@context\":\"https:\\\/\\\/schema.org\",\"@graph\":[{\"@type\":\"Article\",\"@id\":\"https:\\\/\\\/stuttgarti-katolikusok.de\\\/index.php\\\/evkozi-30-vasarnap-2\\\/#article\",\"isPartOf\":{\"@id\":\"https:\\\/\\\/stuttgarti-katolikusok.de\\\/index.php\\\/evkozi-30-vasarnap-2\\\/\"},\"author\":{\"name\":\"Tibor atya\",\"@id\":\"https:\\\/\\\/stuttgarti-katolikusok.de\\\/#\\\/schema\\\/person\\\/75908d6f8fdc03a57889d27209df7795\"},\"headline\":\"\u00c9vk\u00f6zi 30. vas\u00e1rnap\",\"datePublished\":\"2024-10-26T09:37:41+00:00\",\"dateModified\":\"2024-10-26T10:44:19+00:00\",\"mainEntityOfPage\":{\"@id\":\"https:\\\/\\\/stuttgarti-katolikusok.de\\\/index.php\\\/evkozi-30-vasarnap-2\\\/\"},\"wordCount\":1772,\"image\":{\"@id\":\"https:\\\/\\\/stuttgarti-katolikusok.de\\\/index.php\\\/evkozi-30-vasarnap-2\\\/#primaryimage\"},\"thumbnailUrl\":\"https:\\\/\\\/stuttgarti-katolikusok.de\\\/wp-content\\\/uploads\\\/2024\\\/10\\\/ng12.jpg\",\"articleSection\":[\"A liturgia olvasm\u00e1nyai\",\"Vas\u00e1rnapi gondolatok\"],\"inLanguage\":\"hu\"},{\"@type\":\"WebPage\",\"@id\":\"https:\\\/\\\/stuttgarti-katolikusok.de\\\/index.php\\\/evkozi-30-vasarnap-2\\\/\",\"url\":\"https:\\\/\\\/stuttgarti-katolikusok.de\\\/index.php\\\/evkozi-30-vasarnap-2\\\/\",\"name\":\"\u00c9vk\u00f6zi 30. vas\u00e1rnap - Stuttgarti Katolikusok\",\"isPartOf\":{\"@id\":\"https:\\\/\\\/stuttgarti-katolikusok.de\\\/#website\"},\"primaryImageOfPage\":{\"@id\":\"https:\\\/\\\/stuttgarti-katolikusok.de\\\/index.php\\\/evkozi-30-vasarnap-2\\\/#primaryimage\"},\"image\":{\"@id\":\"https:\\\/\\\/stuttgarti-katolikusok.de\\\/index.php\\\/evkozi-30-vasarnap-2\\\/#primaryimage\"},\"thumbnailUrl\":\"https:\\\/\\\/stuttgarti-katolikusok.de\\\/wp-content\\\/uploads\\\/2024\\\/10\\\/ng12.jpg\",\"datePublished\":\"2024-10-26T09:37:41+00:00\",\"dateModified\":\"2024-10-26T10:44:19+00:00\",\"author\":{\"@id\":\"https:\\\/\\\/stuttgarti-katolikusok.de\\\/#\\\/schema\\\/person\\\/75908d6f8fdc03a57889d27209df7795\"},\"breadcrumb\":{\"@id\":\"https:\\\/\\\/stuttgarti-katolikusok.de\\\/index.php\\\/evkozi-30-vasarnap-2\\\/#breadcrumb\"},\"inLanguage\":\"hu\",\"potentialAction\":[{\"@type\":\"ReadAction\",\"target\":[\"https:\\\/\\\/stuttgarti-katolikusok.de\\\/index.php\\\/evkozi-30-vasarnap-2\\\/\"]}]},{\"@type\":\"ImageObject\",\"inLanguage\":\"hu\",\"@id\":\"https:\\\/\\\/stuttgarti-katolikusok.de\\\/index.php\\\/evkozi-30-vasarnap-2\\\/#primaryimage\",\"url\":\"https:\\\/\\\/stuttgarti-katolikusok.de\\\/wp-content\\\/uploads\\\/2024\\\/10\\\/ng12.jpg\",\"contentUrl\":\"https:\\\/\\\/stuttgarti-katolikusok.de\\\/wp-content\\\/uploads\\\/2024\\\/10\\\/ng12.jpg\",\"width\":2048,\"height\":1365},{\"@type\":\"BreadcrumbList\",\"@id\":\"https:\\\/\\\/stuttgarti-katolikusok.de\\\/index.php\\\/evkozi-30-vasarnap-2\\\/#breadcrumb\",\"itemListElement\":[{\"@type\":\"ListItem\",\"position\":1,\"name\":\"Kezd\u0151lap\",\"item\":\"https:\\\/\\\/stuttgarti-katolikusok.de\\\/\"},{\"@type\":\"ListItem\",\"position\":2,\"name\":\"\u00c9vk\u00f6zi 30. vas\u00e1rnap\"}]},{\"@type\":\"WebSite\",\"@id\":\"https:\\\/\\\/stuttgarti-katolikusok.de\\\/#website\",\"url\":\"https:\\\/\\\/stuttgarti-katolikusok.de\\\/\",\"name\":\"Stuttgarti Katolikusok\",\"description\":\"\",\"potentialAction\":[{\"@type\":\"SearchAction\",\"target\":{\"@type\":\"EntryPoint\",\"urlTemplate\":\"https:\\\/\\\/stuttgarti-katolikusok.de\\\/?s={search_term_string}\"},\"query-input\":{\"@type\":\"PropertyValueSpecification\",\"valueRequired\":true,\"valueName\":\"search_term_string\"}}],\"inLanguage\":\"hu\"},{\"@type\":\"Person\",\"@id\":\"https:\\\/\\\/stuttgarti-katolikusok.de\\\/#\\\/schema\\\/person\\\/75908d6f8fdc03a57889d27209df7795\",\"name\":\"Tibor atya\",\"image\":{\"@type\":\"ImageObject\",\"inLanguage\":\"hu\",\"@id\":\"https:\\\/\\\/secure.gravatar.com\\\/avatar\\\/61d268e57d1f4525b111222e29d2d5a7f8c420fdbf231ba5566a8ceac74fa960?s=96&d=mm&r=g\",\"url\":\"https:\\\/\\\/secure.gravatar.com\\\/avatar\\\/61d268e57d1f4525b111222e29d2d5a7f8c420fdbf231ba5566a8ceac74fa960?s=96&d=mm&r=g\",\"contentUrl\":\"https:\\\/\\\/secure.gravatar.com\\\/avatar\\\/61d268e57d1f4525b111222e29d2d5a7f8c420fdbf231ba5566a8ceac74fa960?s=96&d=mm&r=g\",\"caption\":\"Tibor atya\"},\"url\":\"https:\\\/\\\/stuttgarti-katolikusok.de\\\/index.php\\\/author\\\/tibor-atya\\\/\"}]}<\/script>\n<!-- \/ Yoast SEO plugin. -->","yoast_head_json":{"title":"\u00c9vk\u00f6zi 30. vas\u00e1rnap - Stuttgarti Katolikusok","robots":{"index":"index","follow":"follow","max-snippet":"max-snippet:-1","max-image-preview":"max-image-preview:large","max-video-preview":"max-video-preview:-1"},"canonical":"https:\/\/stuttgarti-katolikusok.de\/index.php\/evkozi-30-vasarnap-2\/","og_locale":"hu_HU","og_type":"article","og_title":"\u00c9vk\u00f6zi 30. vas\u00e1rnap - Stuttgarti Katolikusok","og_description":"Az \u00e9vk\u00f6zi 30. vas\u00e1rnap kezd\u0151\u00e9neke a h\u00edv\u0151 ember \u00f6r\u00f6k feladat\u00e1r\u00f3l sz\u00f3l: keresni \u00e9s r\u00e1tal\u00e1lni Istenre. A keres\u00e9s \u00e9s r\u00e1tal\u00e1l\u00e1s ny\u00fajtotta \u00f6r\u00f6m \u00e9s boldogs\u00e1g. A szentmise els\u0151 k\u00f6ny\u00f6rg\u00e9se az alapvet\u0151 isteni er\u00e9nyek &#8211; hit, rem\u00e9ny \u00e9s szeretet &#8211; fontoss\u00e1g\u00e1t, \u00e9let\u00fcnkben bet\u00f6lt\u00f6tt fontos szerep\u00e9t emeli ki. Az olvasm\u00e1nyban Jeremi\u00e1s pr\u00f3f\u00e9ta &#8222;Izrael marad\u00e9k\u00e1nak&#8221; fontoss\u00e1g\u00e1r\u00f3l sz\u00f3l. Tan\u00edt\u00e1sa tekinthet\u0151 \u00fagy is, mint a rem\u00e9ny \u00fczenete. Alkalmazva magunk \u00e9let\u00e9re, elmondhatjuk, hogy mindennapjaink meg\u00e9l\u00e9s\u00e9nek sz\u00fcks\u00e9gszer\u0171 felt\u00e9tele a rem\u00e9ny. Ennek a rem\u00e9nynek jutalma Isten atyai szeretete. B\u00e1r jelen sorsukat meg\u00e9rdemelt b\u00fcntet\u00e9sk\u00e9nt \u00e9lik meg, m\u00e9gis r\u00e1d\u00f6bbennek \u00e9s er\u0151s\u00f6dik benn\u00fck a rem\u00e9ny, hogy hazajutnak. A 125. zsolt\u00e1r gy\u00f6ny\u00f6r\u0171en \u00e9rz\u00e9kelteti Isten v\u00e1lasztott n\u00e9pe ir\u00e1nti h\u0171s\u00e9g\u00e9t \u00e9s gondoskod\u00f3 szeretet\u00e9t. Mennyire csod\u00e1latos, hogy mi magunk is megtapasztalhatjuk Isten ir\u00e1ntunk val\u00f3 gondoskod\u00f3 szeretet\u00e9t. Ennek pedig egyetlen felt\u00e9tele van: er\u0151s\u00edteni egy\u00e9ni \u00e9let\u00fcnkben az Isten ir\u00e1nti rem\u00e9ny\u00fcnket, h\u0171s\u00e9g\u00fcnket \u00e9s szeretet\u00fcnket.\u00a0 J\u00e9zus a mi \u00f6r\u00f6k F\u0151papunk, aki meg\u00e9rt\u0151 tud lenni az emberek ir\u00e1nt. Ezt v\u00e1rja el a jelen kor papjait\u00f3l is. \u00c9rdekes ez a felismer\u00e9s annak f\u00e9ny\u00e9ben, ahogyan megrajzolj\u00e1k\u00a0 jelen\u00fcnkben egy lelkip\u00e1sztor profilj\u00e1t. Pedig a v\u00e1lasz eg\u00e9szen vil\u00e1gos \u00e9s \u00e9rthet\u0151. A lelkip\u00e1sztor alapvet\u0151 k\u00fcldet\u00e9se \u00e9s feladata Isten el\u0151tt k\u00e9pviselni a re\u00e1b\u00edzott embert\u00e1rsakat, vagyis a k\u00f6z\u00f6ss\u00e9g tagjait. Ezt szolg\u00e1lja eg\u00e9sz papi \u00e9lete! \u0150 ad sz\u00e1mot err\u0151l, nem m\u00e1sok sz\u00e1moltatj\u00e1k el. Hivat\u00e1s\u00e1t \u00e9s szolg\u00e1lat\u00e1t csakis a szeretet isteni er\u00e9ny\u00e9nek birtok\u00e1ban tudja hathat\u00f3san bet\u00f6lteni. Az evang\u00e9lium pedig a vak Bartimeus p\u00e9ld\u00e1j\u00e1n kereszt\u00fcl a hit isteni er\u00e9ny\u00e9nek fontoss\u00e1g\u00e1t szeml\u00e9lteti. Nem tudjuk, hogy vakon sz\u00fcletett, vagy pedig id\u0151vel vesz\u00edtette el szeme vil\u00e1g\u00e1t. Itt \u00e9s most mindez nem is l\u00e9nyeges. A vak Bartimeus \u00e9let\u00e9b\u0151l hi\u00e1nyzik valami nagyon l\u00e9nyeges: a l\u00e1t\u00e1s. Maga a vaks\u00e1g a l\u00e1t\u00e1s pszichol\u00f3giai vagy neurol\u00f3giai eredet\u0171 r\u00e9szleges vagy teljes hi\u00e1nya. Csakis \u00edgy \u00e9rtelmezhet\u0151 ez a t\u00f6rt\u00e9net a magam \u00e9let\u00e9ben. Vakk\u00e1 v\u00e1lhatok, s ez a hi\u00e1ny, a l\u00e1t\u00e1s k\u00e9szs\u00e9ge, ord\u00edt\u00f3 lesz \u00e9letemben. Eszm\u00e9imhez \u00e9s magam gy\u00e1rtotta ideol\u00f3gi\u00e1khoz val\u00f3 cs\u00f6k\u00f6ny\u00f6s \u00e9s g\u00f6rcs\u00f6s... R\u00e9szletek","og_url":"https:\/\/stuttgarti-katolikusok.de\/index.php\/evkozi-30-vasarnap-2\/","og_site_name":"Stuttgarti Katolikusok","article_published_time":"2024-10-26T09:37:41+00:00","article_modified_time":"2024-10-26T10:44:19+00:00","og_image":[{"width":2048,"height":1365,"url":"https:\/\/stuttgarti-katolikusok.de\/wp-content\/uploads\/2024\/10\/ng12.jpg","type":"image\/jpeg"}],"author":"Tibor atya","twitter_card":"summary_large_image","twitter_misc":{"Szerz\u0151:":"Tibor atya","Becs\u00fclt olvas\u00e1si id\u0151":"8 perc"},"schema":{"@context":"https:\/\/schema.org","@graph":[{"@type":"Article","@id":"https:\/\/stuttgarti-katolikusok.de\/index.php\/evkozi-30-vasarnap-2\/#article","isPartOf":{"@id":"https:\/\/stuttgarti-katolikusok.de\/index.php\/evkozi-30-vasarnap-2\/"},"author":{"name":"Tibor atya","@id":"https:\/\/stuttgarti-katolikusok.de\/#\/schema\/person\/75908d6f8fdc03a57889d27209df7795"},"headline":"\u00c9vk\u00f6zi 30. vas\u00e1rnap","datePublished":"2024-10-26T09:37:41+00:00","dateModified":"2024-10-26T10:44:19+00:00","mainEntityOfPage":{"@id":"https:\/\/stuttgarti-katolikusok.de\/index.php\/evkozi-30-vasarnap-2\/"},"wordCount":1772,"image":{"@id":"https:\/\/stuttgarti-katolikusok.de\/index.php\/evkozi-30-vasarnap-2\/#primaryimage"},"thumbnailUrl":"https:\/\/stuttgarti-katolikusok.de\/wp-content\/uploads\/2024\/10\/ng12.jpg","articleSection":["A liturgia olvasm\u00e1nyai","Vas\u00e1rnapi gondolatok"],"inLanguage":"hu"},{"@type":"WebPage","@id":"https:\/\/stuttgarti-katolikusok.de\/index.php\/evkozi-30-vasarnap-2\/","url":"https:\/\/stuttgarti-katolikusok.de\/index.php\/evkozi-30-vasarnap-2\/","name":"\u00c9vk\u00f6zi 30. vas\u00e1rnap - Stuttgarti Katolikusok","isPartOf":{"@id":"https:\/\/stuttgarti-katolikusok.de\/#website"},"primaryImageOfPage":{"@id":"https:\/\/stuttgarti-katolikusok.de\/index.php\/evkozi-30-vasarnap-2\/#primaryimage"},"image":{"@id":"https:\/\/stuttgarti-katolikusok.de\/index.php\/evkozi-30-vasarnap-2\/#primaryimage"},"thumbnailUrl":"https:\/\/stuttgarti-katolikusok.de\/wp-content\/uploads\/2024\/10\/ng12.jpg","datePublished":"2024-10-26T09:37:41+00:00","dateModified":"2024-10-26T10:44:19+00:00","author":{"@id":"https:\/\/stuttgarti-katolikusok.de\/#\/schema\/person\/75908d6f8fdc03a57889d27209df7795"},"breadcrumb":{"@id":"https:\/\/stuttgarti-katolikusok.de\/index.php\/evkozi-30-vasarnap-2\/#breadcrumb"},"inLanguage":"hu","potentialAction":[{"@type":"ReadAction","target":["https:\/\/stuttgarti-katolikusok.de\/index.php\/evkozi-30-vasarnap-2\/"]}]},{"@type":"ImageObject","inLanguage":"hu","@id":"https:\/\/stuttgarti-katolikusok.de\/index.php\/evkozi-30-vasarnap-2\/#primaryimage","url":"https:\/\/stuttgarti-katolikusok.de\/wp-content\/uploads\/2024\/10\/ng12.jpg","contentUrl":"https:\/\/stuttgarti-katolikusok.de\/wp-content\/uploads\/2024\/10\/ng12.jpg","width":2048,"height":1365},{"@type":"BreadcrumbList","@id":"https:\/\/stuttgarti-katolikusok.de\/index.php\/evkozi-30-vasarnap-2\/#breadcrumb","itemListElement":[{"@type":"ListItem","position":1,"name":"Kezd\u0151lap","item":"https:\/\/stuttgarti-katolikusok.de\/"},{"@type":"ListItem","position":2,"name":"\u00c9vk\u00f6zi 30. vas\u00e1rnap"}]},{"@type":"WebSite","@id":"https:\/\/stuttgarti-katolikusok.de\/#website","url":"https:\/\/stuttgarti-katolikusok.de\/","name":"Stuttgarti Katolikusok","description":"","potentialAction":[{"@type":"SearchAction","target":{"@type":"EntryPoint","urlTemplate":"https:\/\/stuttgarti-katolikusok.de\/?s={search_term_string}"},"query-input":{"@type":"PropertyValueSpecification","valueRequired":true,"valueName":"search_term_string"}}],"inLanguage":"hu"},{"@type":"Person","@id":"https:\/\/stuttgarti-katolikusok.de\/#\/schema\/person\/75908d6f8fdc03a57889d27209df7795","name":"Tibor atya","image":{"@type":"ImageObject","inLanguage":"hu","@id":"https:\/\/secure.gravatar.com\/avatar\/61d268e57d1f4525b111222e29d2d5a7f8c420fdbf231ba5566a8ceac74fa960?s=96&d=mm&r=g","url":"https:\/\/secure.gravatar.com\/avatar\/61d268e57d1f4525b111222e29d2d5a7f8c420fdbf231ba5566a8ceac74fa960?s=96&d=mm&r=g","contentUrl":"https:\/\/secure.gravatar.com\/avatar\/61d268e57d1f4525b111222e29d2d5a7f8c420fdbf231ba5566a8ceac74fa960?s=96&d=mm&r=g","caption":"Tibor atya"},"url":"https:\/\/stuttgarti-katolikusok.de\/index.php\/author\/tibor-atya\/"}]}},"_links":{"self":[{"href":"https:\/\/stuttgarti-katolikusok.de\/index.php\/wp-json\/wp\/v2\/posts\/29594","targetHints":{"allow":["GET"]}}],"collection":[{"href":"https:\/\/stuttgarti-katolikusok.de\/index.php\/wp-json\/wp\/v2\/posts"}],"about":[{"href":"https:\/\/stuttgarti-katolikusok.de\/index.php\/wp-json\/wp\/v2\/types\/post"}],"author":[{"embeddable":true,"href":"https:\/\/stuttgarti-katolikusok.de\/index.php\/wp-json\/wp\/v2\/users\/3"}],"replies":[{"embeddable":true,"href":"https:\/\/stuttgarti-katolikusok.de\/index.php\/wp-json\/wp\/v2\/comments?post=29594"}],"version-history":[{"count":4,"href":"https:\/\/stuttgarti-katolikusok.de\/index.php\/wp-json\/wp\/v2\/posts\/29594\/revisions"}],"predecessor-version":[{"id":29599,"href":"https:\/\/stuttgarti-katolikusok.de\/index.php\/wp-json\/wp\/v2\/posts\/29594\/revisions\/29599"}],"wp:featuredmedia":[{"embeddable":true,"href":"https:\/\/stuttgarti-katolikusok.de\/index.php\/wp-json\/wp\/v2\/media\/29595"}],"wp:attachment":[{"href":"https:\/\/stuttgarti-katolikusok.de\/index.php\/wp-json\/wp\/v2\/media?parent=29594"}],"wp:term":[{"taxonomy":"category","embeddable":true,"href":"https:\/\/stuttgarti-katolikusok.de\/index.php\/wp-json\/wp\/v2\/categories?post=29594"},{"taxonomy":"post_tag","embeddable":true,"href":"https:\/\/stuttgarti-katolikusok.de\/index.php\/wp-json\/wp\/v2\/tags?post=29594"}],"curies":[{"name":"wp","href":"https:\/\/api.w.org\/{rel}","templated":true}]}}