{"id":29547,"date":"2024-10-19T11:20:54","date_gmt":"2024-10-19T09:20:54","guid":{"rendered":"https:\/\/stuttgarti-katolikusok.de\/?p=29547"},"modified":"2025-10-18T10:05:14","modified_gmt":"2025-10-18T08:05:14","slug":"evkozi-29-vasarnap-misszios-vasarnap","status":"publish","type":"post","link":"https:\/\/stuttgarti-katolikusok.de\/index.php\/evkozi-29-vasarnap-misszios-vasarnap\/","title":{"rendered":"\u00c9vk\u00f6zi 29. vas\u00e1rnap \u2013 Misszi\u00f3s vas\u00e1rnap"},"content":{"rendered":"<p>&nbsp;<\/p>\n<p><span style=\"color: #008000;\">Kezd\u0151\u00e9nek:<\/span><br \/>\nHozz\u00e1d ki\u00e1ltok, mert te meghallgatsz, Istenem, hajtsd hozz\u00e1m f\u00fcledet, hallgasd meg szavam! \u00d3vj engem, Uram, mint szemed f\u00e9ny\u00e9t, sz\u00e1rnyad \u00e1rny\u00e9k\u00e1ban oltalmazz engem! (V\u00f6. Zsolt 16,6.8)<\/p>\n<p><span style=\"color: #008000;\">K\u00f6ny\u00f6rg\u00e9s:<\/span><br \/>\nMindenhat\u00f3, \u00f6r\u00f6k Isten, add, hogy mindenkor \u0151szinte sz\u00edvvel \u00e9s k\u00e9szs\u00e9ges akarattal szolg\u00e1ljunk F\u00f6ls\u00e9gednek. A mi Urunk, J\u00e9zus Krisztus, a te Fiad \u00e1ltal, aki veled \u00e9l \u00e9s uralkodik a Szentl\u00e9lekkel egys\u00e9gben, Isten mind\u00f6r\u00f6kk\u00f6n \u00f6r\u00f6kk\u00e9.<\/p>\n<p align=\"justify\"><span style=\"color: #008000;\">OLVASM\u00c1NY Izaj\u00e1s pr\u00f3f\u00e9ta k\u00f6nyv\u00e9b\u0151l (Iz 53,10-11)<\/span><br \/>\nA pr\u00f3f\u00e9ta ezt mondja az elj\u00f6vend\u0151 \u00dcdv\u00f6z\u00edt\u0151r\u0151l: \u00dagy tetszett az \u00darnak, hogy \u00f6sszet\u00f6ri szenved\u00e9ssel. Ha odaadja \u00e9let\u00e9t engesztel\u0151 \u00e1ldozatul: l\u00e1tni fogja ut\u00f3dait, hossz\u00fara ny\u00falik \u00e9lete, \u00e9s teljes\u00fcl \u00e1ltala az \u00dar akarata. Majd ha v\u00e9get \u00e9r lelk\u00e9nek gy\u00f6trelme, l\u00e1tni fogja a vil\u00e1goss\u00e1got \u00e9s megel\u00e9ged\u00e9s t\u00f6lti el. Igaz szolg\u00e1m sokakat igazz\u00e1 tesz tud\u00e1sa \u00e1ltal, \u00e9s gonoszs\u00e1gaikat \u0151 hordozza.<br \/>\nEz az Isten ig\u00e9je.<\/p>\n<p align=\"justify\"><span style=\"color: #008000;\">V\u00c1LASZOS ZSOLT\u00c1R (Zsolt 32,4-5.18-19.20.22)<\/span><br \/>\nV\u00e1lasz:\u00a0<strong>Kegyes szemed legyen\u00a0<u>raj<\/u>tunk, * tebenned van\u00a0<u>bi<\/u>zodalmunk.<\/strong>\u00a0(5. t\u00f3nus.)<br \/>\nEl\u0151\u00e9nekes: Sziklaszil\u00e1rd az \u00dar\u00a0<u>i<\/u>g\u00e9je, * minden tett\u00e9t\u00a0<u>h\u0171<\/u>s\u00e9g vezeti.<br \/>\nAz igazlelk\u0171s\u00e9get \u00e9s a t\u00f6rv\u00e9nyt\u00a0<u>sze<\/u>reti, * telve van a f\u00f6ld az \u00dar\u00a0<u>ir<\/u>galm\u00e1val.<br \/>\nH\u00edvek:\u00a0<strong>Kegyes szemed legyen\u00a0<u>raj<\/u>tunk, * tebenned van\u00a0<u>bi<\/u>zodalmunk.<\/strong><br \/>\nE: Az istenf\u00e9l\u0151kre \u00fcgyel az \u00dar\u00a0<u>sze<\/u>me, * akik b\u00edznak az \u0151\u00a0<u>ir<\/u>galm\u00e1ban.<br \/>\nMegmenti lelk\u00fcket a\u00a0<u>ha<\/u>l\u00e1lt\u00f3l, * \u00e9s t\u00e1pl\u00e1lja \u0151ket\u00a0<u>\u00e9<\/u>h\u00edns\u00e9g idej\u00e9n.<br \/>\nH:\u00a0<strong>Kegyes szemed legyen\u00a0<u>raj<\/u>tunk, * tebenned van\u00a0<u>bi<\/u>zodalmunk.<\/strong><br \/>\nE: Az \u00darra hagyatkozik\u00a0<u>lel<\/u>k\u00fcnk, * \u0151 a seg\u00edt\u0151nk, \u00e9s\u00a0<u>\u0151<\/u>\u00a0a mi oltalmunk.<br \/>\nKegyes szemed legyen\u00a0<u>raj<\/u>tunk, * tebenned van\u00a0<u>bi<\/u>zodalmunk.<br \/>\nH:\u00a0<strong>Kegyes szemed legyen\u00a0<u>raj<\/u>tunk, * tebenned van\u00a0<u>bi<\/u>zodalmunk.<\/strong><\/p>\n<p align=\"justify\"><span style=\"color: #008000;\">SZENTLECKE a Zsid\u00f3khoz \u00edrt lev\u00e9lb\u0151l (Zsid 4,14-16)<\/span><br \/>\nTestv\u00e9reim!<br \/>\nMivel olyan kiv\u00e1l\u00f3 f\u0151papunk van, aki \u00e1thatolt az egeken: J\u00e9zus, az Isten Fia, \u2013 ez\u00e9rt legy\u00fcnk \u00e1llhatatosak a hitvall\u00e1sban. A mi f\u0151papunk ugyanis nem olyan, hogy ne tudna egy\u00fctt \u00e9rezni gy\u00f6nges\u00e9geinkkel, hanem olyan, aki hozz\u00e1nk hasonl\u00f3an mindenben k\u00eds\u00e9rt\u00e9st szenvedett, a b\u0171nt\u0151l azonban mentes maradt. J\u00e1ruljunk teh\u00e1t bizalommal a kegyelem tr\u00f3nj\u00e1hoz, hogy irgalmat tal\u00e1ljunk \u00e9s kegyelmet kapjunk, amikor seg\u00edts\u00e9gre szorulunk.<br \/>\nEz az Isten ig\u00e9je.<\/p>\n<p align=\"justify\"><span style=\"color: #008000;\">ALLELUJA<\/span><br \/>\nAz Emberfia az\u00e9rt j\u00f6tt, hogy szolg\u00e1ljon, * \u00e9s az \u00e9let\u00e9t sokak\u00e9rt v\u00e1lts\u00e1gul adja. (Mk 10,45 \u2013 5. t\u00f3nus.)<\/p>\n<p align=\"justify\"><span style=\"color: #008000;\">\u2020 EVANG\u00c9LIUM Szent M\u00e1rk k\u00f6nyv\u00e9b\u0151l (Mk 10,35-45)<\/span><br \/>\nAbban az id\u0151ben: Zebedeus fiai, Jakab \u00e9s J\u00e1nos odamentek J\u00e9zushoz, \u00e9s ezt mondt\u00e1k: \u201eMester, szeretn\u00e9nk, ha megtenn\u00e9d nek\u00fcnk, amit k\u00e9r\u00fcnk.\u201d \u0150 megk\u00e9rdezte: \u201eMit k\u00edv\u00e1ntok, mit tegyek nektek?\u201d Ezt felelt\u00e9k: \u201eAdd meg nek\u00fcnk, hogy egyik\u00fcnk a jobbodon, m\u00e1sikunk a bal oldaladon \u00fclj\u00f6n a te dics\u0151s\u00e9gedben.\u201d J\u00e9zus \u00edgy v\u00e1laszolt: \u201eNem tudj\u00e1tok, mit k\u00e9rtek. Tudtok-e inni a kehelyb\u0151l, amelyb\u0151l \u00e9n iszom, vagy meg tudtok-e keresztelkedni a kereszts\u00e9ggel, amellyel \u00e9n megkeresztelkedem?\u201d Azt felelt\u00e9k: \u201eMeg tudjuk tenni!\u201d J\u00e9zus \u00edgy folytatta: \u201eA kehelyb\u0151l, amelyb\u0151l \u00e9n iszom, ti is inni fogtok, s a kereszts\u00e9ggel, amellyel megkeresztelkedem, ti is megkeresztelkedtek. De hogy a jobb \u00e9s bal oldalamon ki \u00fclj\u00f6n, azt nem \u00e9n d\u00f6nt\u00f6m el. Az a hely azokat illeti, akiknek k\u00e9sz\u00fclt.\u201d Amikor a t\u00f6bbi t\u00edz ezt hallotta, megnehezteltek Jakabra \u00e9s J\u00e1nosra.<\/p>\n<p align=\"justify\"><strong><span style=\"color: #008000;\">*<\/span><\/strong> Ez\u00e9rt J\u00e9zus odah\u00edvta \u0151ket mag\u00e1hoz, \u00e9s \u00edgy sz\u00f3lt hozz\u00e1juk: \u201eTudj\u00e1tok, hogy akiket a vil\u00e1g urainak tartanak, azok zsarnokoskodnak a n\u00e9peken, \u00e9s vezet\u0151 embereik \u00e9reztetik vel\u00fck hatalmukat. De k\u00f6z\u00f6ttetek ez ne \u00edgy legyen. Ha valaki k\u00f6z\u00fcletek ki akar t\u0171nni, legyen a szolg\u00e1tok, \u00e9s ha valaki k\u00f6z\u00fcletek els\u0151 akar lenni, legyen mindenkinek a szolg\u00e1ja. Hisz az Emberfia nem az\u00e9rt j\u00f6tt, hogy szolg\u00e1ljanak neki, hanem hogy \u0151 szolg\u00e1ljon, \u00e9s \u00e9let\u00e9t adja v\u00e1lts\u00e1gul sokak\u00e9rt.\u201d<br \/>\nEzek az evang\u00e9lium ig\u00e9i.<\/p>\n<p><em>(R\u00f6videbb forma:<\/em> Mk 10,42-45 a *-t\u00f3l)<\/p>\n<p><span style=\"color: #008000;\">EGYETEMES K\u00d6NY\u00d6RG\u00c9SEK<\/span><br \/>\nPap: K\u00e9rj\u00fck, testv\u00e9reim, mennyei Aty\u00e1nkat, hogy ugyanaz a lelk\u00fclet \u00e9ljen benn\u00fcnk, amely szent Fi\u00e1t, J\u00e9zus Krisztust elt\u00f6lt\u00f6tte!<br \/>\nLektor: 1. Add, Urunk, hogy Egyh\u00e1zad p\u00e1sztorai az al\u00e1zatoss\u00e1g szellem\u00e9ben h\u00edveiknek szentelj\u00e9k \u00e9let\u00fcket!<br \/>\nH\u00edvek: K\u00e9r\u00fcnk T\u00e9ged, hallgass meg minket!<br \/>\n2. Add, Urunk, hogy a szerzetesek \u00e9let\u00e9b\u0151l felismerj\u00fck az evang\u00e9liumi tan\u00e1csok: a szeg\u00e9nys\u00e9g, a tisztas\u00e1g \u00e9s az engedelmess\u00e9g \u00e9rt\u00e9k\u00e9t!<br \/>\nH\u00edvek: K\u00e9r\u00fcnk T\u00e9ged, hallgass meg minket!<br \/>\n3. Add, Urunk, hogy a vil\u00e1g vezet\u0151i tiszts\u00e9g\u00fcket ne uralomnak, hanem szolg\u00e1latnak tekints\u00e9k!<br \/>\nH\u00edvek: K\u00e9r\u00fcnk T\u00e9ged, hallgass meg minket!<br \/>\n4. Add, hogy szenved\u0151 testv\u00e9reink elfogadj\u00e1k kezedb\u0151l a keser\u0171s\u00e9g kelyh\u00e9t a maguk \u00e9s m\u00e1sok \u00fcdv\u00f6ss\u00e9g\u00e9\u00e9rt!<br \/>\nH\u00edvek: K\u00e9r\u00fcnk T\u00e9ged, hallgass meg minket!<br \/>\n5. Add, hogy a k\u00eds\u00e9rt\u00e9s neh\u00e9z \u00f3r\u00e1iban is h\u0171s\u00e9gesek maradjunk szent akaratodhoz!<br \/>\nH\u00edvek: K\u00e9r\u00fcnk T\u00e9ged, hallgass meg minket!<br \/>\n6. Add, hogy a hal\u00e1l k\u00fcsz\u00f6b\u00e9t \u00e1tl\u00e9pve, Fiadhoz hasonl\u00f3an mi is eljussunk az \u00f6r\u00f6k dics\u0151s\u00e9gbe!<br \/>\nH\u00edvek: K\u00e9r\u00fcnk T\u00e9ged, hallgass meg minket!<br \/>\nPap: Mennyei Aty\u00e1nk, aki Fiadat az\u00e9rt k\u00fcldted a vil\u00e1gba, hogy Mester\u00fcnk \u00e9s p\u00e9ldak\u00e9p\u00fcnk legyen, engedd, hogy az \u0151 nyomdokain j\u00e1rva eljuthassunk hozz\u00e1d! Krisztus, a mi Urunk \u00e1ltal.<br \/>\nH\u00edvek: \u00c1men.<\/p>\n<p><span style=\"color: #008000;\">Felaj\u00e1nl\u00f3 k\u00f6ny\u00f6rg\u00e9s:<\/span><br \/>\nK\u00e9r\u00fcnk, Urunk, Isten\u00fcnk, add, hogy aj\u00e1nd\u00e9kaidat k\u00e9szs\u00e9ges szolg\u00e1lattal hozzuk el\u00e9d. Kegyelmed seg\u00edts\u00e9g\u00e9vel tiszt\u00edtson meg minket ez az \u00e1ldozat, amelyet bemutatunk neked. Krisztus, a mi Urunk \u00e1ltal.<\/p>\n<p><span style=\"color: #008000;\">\u00c1ldoz\u00e1si \u00e9nek:<\/span><br \/>\n\u00edme, az \u00dar szeme azokon, akik \u0151t f\u00e9lik, \u00e9s azokon, akik az \u0151 irgalmass\u00e1g\u00e1ban b\u00edznak; megmenti lelk\u00fcket a hal\u00e1lt\u00f3l, \u00e9s t\u00e1pl\u00e1lja \u0151ket \u00edns\u00e9g idej\u00e9n. (V\u00f6. Zsolt 32,18-19)<br \/>\n<em>Vagy<\/em><br \/>\nAz Emberfia az\u00e9rt j\u00f6tt, hogy \u00e9let\u00e9t adja v\u00e1lts\u00e1gul sokak\u00e9rt. (Mk 10,45)<\/p>\n<p><span style=\"color: #008000;\">\u00c1ldoz\u00e1s ut\u00e1ni k\u00f6ny\u00f6rg\u00e9s:<\/span><br \/>\nK\u00e9r\u00fcnk, Urunk, Isten\u00fcnk, gazdag\u00edts benn\u00fcnket mennyei aj\u00e1nd\u00e9kod gyakori v\u00e9tel\u00e9vel, hogy a muland\u00f3 javak seg\u00edtsenek, az \u00f6r\u00f6k javak pedig t\u00f6k\u00e9letes\u00edtsenek minket. Krisztus, a mi Urunk \u00e1ltal.<\/p>\n<p><em>(K\u00e9p forr\u00e1sa: Pixabay)<\/em><\/p>\n","protected":false},"excerpt":{"rendered":"<p>&nbsp; Kezd\u0151\u00e9nek: Hozz\u00e1d ki\u00e1ltok, mert te meghallgatsz, Istenem, hajtsd hozz\u00e1m f\u00fcledet, hallgasd meg szavam! \u00d3vj engem, Uram, mint szemed f\u00e9ny\u00e9t, sz\u00e1rnyad \u00e1rny\u00e9k\u00e1ban oltalmazz engem! (V\u00f6. Zsolt 16,6.8) K\u00f6ny\u00f6rg\u00e9s: Mindenhat\u00f3, \u00f6r\u00f6k Isten, add, hogy mindenkor \u0151szinte sz\u00edvvel \u00e9s k\u00e9szs\u00e9ges akarattal szolg\u00e1ljunk F\u00f6ls\u00e9gednek. A mi Urunk, J\u00e9zus Krisztus, a te Fiad \u00e1ltal, aki veled \u00e9l \u00e9s uralkodik a Szentl\u00e9lekkel egys\u00e9gben, Isten mind\u00f6r\u00f6kk\u00f6n \u00f6r\u00f6kk\u00e9. OLVASM\u00c1NY Izaj\u00e1s pr\u00f3f\u00e9ta k\u00f6nyv\u00e9b\u0151l (Iz 53,10-11) A pr\u00f3f\u00e9ta ezt mondja az elj\u00f6vend\u0151 \u00dcdv\u00f6z\u00edt\u0151r\u0151l: \u00dagy tetszett az \u00darnak, hogy \u00f6sszet\u00f6ri szenved\u00e9ssel. Ha odaadja \u00e9let\u00e9t engesztel\u0151 \u00e1ldozatul: l\u00e1tni fogja ut\u00f3dait, hossz\u00fara ny\u00falik \u00e9lete, \u00e9s teljes\u00fcl \u00e1ltala az \u00dar akarata. Majd ha v\u00e9get \u00e9r lelk\u00e9nek gy\u00f6trelme, l\u00e1tni fogja a vil\u00e1goss\u00e1got \u00e9s megel\u00e9ged\u00e9s t\u00f6lti el. Igaz szolg\u00e1m sokakat igazz\u00e1 tesz tud\u00e1sa \u00e1ltal, \u00e9s gonoszs\u00e1gaikat \u0151 hordozza. Ez az Isten ig\u00e9je. V\u00c1LASZOS ZSOLT\u00c1R (Zsolt 32,4-5.18-19.20.22) V\u00e1lasz:\u00a0Kegyes szemed legyen\u00a0rajtunk, * tebenned van\u00a0bizodalmunk.\u00a0(5. t\u00f3nus.) El\u0151\u00e9nekes: Sziklaszil\u00e1rd az \u00dar\u00a0ig\u00e9je, * minden tett\u00e9t\u00a0h\u0171s\u00e9g vezeti. Az igazlelk\u0171s\u00e9get \u00e9s a t\u00f6rv\u00e9nyt\u00a0szereti, * telve van a f\u00f6ld az \u00dar\u00a0irgalm\u00e1val. H\u00edvek:\u00a0Kegyes szemed legyen\u00a0rajtunk, * tebenned van\u00a0bizodalmunk. E: Az istenf\u00e9l\u0151kre \u00fcgyel az \u00dar\u00a0szeme, * akik b\u00edznak az \u0151\u00a0irgalm\u00e1ban. Megmenti lelk\u00fcket a\u00a0hal\u00e1lt\u00f3l, * \u00e9s t\u00e1pl\u00e1lja \u0151ket\u00a0\u00e9h\u00edns\u00e9g idej\u00e9n. H:\u00a0Kegyes szemed legyen\u00a0rajtunk, * tebenned van\u00a0bizodalmunk. E: Az \u00darra hagyatkozik\u00a0lelk\u00fcnk, * \u0151 a seg\u00edt\u0151nk, \u00e9s\u00a0\u0151\u00a0a mi oltalmunk. Kegyes szemed legyen\u00a0rajtunk, * tebenned van\u00a0bizodalmunk. H:\u00a0Kegyes szemed legyen\u00a0rajtunk, * tebenned van\u00a0bizodalmunk. SZENTLECKE a Zsid\u00f3khoz \u00edrt lev\u00e9lb\u0151l (Zsid 4,14-16) Testv\u00e9reim! Mivel olyan kiv\u00e1l\u00f3 f\u0151papunk van, aki \u00e1thatolt az egeken: J\u00e9zus, az Isten Fia, \u2013 ez\u00e9rt legy\u00fcnk \u00e1llhatatosak a hitvall\u00e1sban. A mi f\u0151papunk ugyanis nem olyan, hogy ne tudna egy\u00fctt \u00e9rezni gy\u00f6nges\u00e9geinkkel, hanem olyan, aki hozz\u00e1nk hasonl\u00f3an mindenben k\u00eds\u00e9rt\u00e9st szenvedett, a b\u0171nt\u0151l azonban mentes maradt. J\u00e1ruljunk teh\u00e1t bizalommal a kegyelem tr\u00f3nj\u00e1hoz, hogy irgalmat tal\u00e1ljunk \u00e9s kegyelmet kapjunk, amikor seg\u00edts\u00e9gre szorulunk. Ez az Isten ig\u00e9je. ALLELUJA Az Emberfia az\u00e9rt j\u00f6tt, hogy szolg\u00e1ljon, * \u00e9s az \u00e9let\u00e9t sokak\u00e9rt v\u00e1lts\u00e1gul adja. (Mk 10,45 \u2013&#8230; <\/p>\n<p><a class=\"readmore\" href=\"https:\/\/stuttgarti-katolikusok.de\/index.php\/evkozi-29-vasarnap-misszios-vasarnap\/\">R\u00e9szletek<\/a><\/p>\n","protected":false},"author":3,"featured_media":20418,"comment_status":"closed","ping_status":"closed","sticky":false,"template":"","format":"standard","meta":{"footnotes":""},"categories":[85,63],"tags":[],"class_list":["post-29547","post","type-post","status-publish","format-standard","has-post-thumbnail","hentry","category-a-liturgia-olvasmanyai","category-vasarnapi-gondolatok"],"yoast_head":"<!-- This site is optimized with the Yoast SEO plugin v27.3 - https:\/\/yoast.com\/product\/yoast-seo-wordpress\/ -->\n<title>\u00c9vk\u00f6zi 29. vas\u00e1rnap \u2013 Misszi\u00f3s vas\u00e1rnap - Stuttgarti Katolikusok<\/title>\n<meta name=\"robots\" content=\"index, follow, max-snippet:-1, max-image-preview:large, max-video-preview:-1\" \/>\n<link rel=\"canonical\" href=\"https:\/\/stuttgarti-katolikusok.de\/index.php\/evkozi-29-vasarnap-misszios-vasarnap\/\" \/>\n<meta property=\"og:locale\" content=\"hu_HU\" \/>\n<meta property=\"og:type\" content=\"article\" \/>\n<meta property=\"og:title\" content=\"\u00c9vk\u00f6zi 29. vas\u00e1rnap \u2013 Misszi\u00f3s vas\u00e1rnap - Stuttgarti Katolikusok\" \/>\n<meta property=\"og:description\" content=\"&nbsp; Kezd\u0151\u00e9nek: Hozz\u00e1d ki\u00e1ltok, mert te meghallgatsz, Istenem, hajtsd hozz\u00e1m f\u00fcledet, hallgasd meg szavam! \u00d3vj engem, Uram, mint szemed f\u00e9ny\u00e9t, sz\u00e1rnyad \u00e1rny\u00e9k\u00e1ban oltalmazz engem! (V\u00f6. Zsolt 16,6.8) K\u00f6ny\u00f6rg\u00e9s: Mindenhat\u00f3, \u00f6r\u00f6k Isten, add, hogy mindenkor \u0151szinte sz\u00edvvel \u00e9s k\u00e9szs\u00e9ges akarattal szolg\u00e1ljunk F\u00f6ls\u00e9gednek. A mi Urunk, J\u00e9zus Krisztus, a te Fiad \u00e1ltal, aki veled \u00e9l \u00e9s uralkodik a Szentl\u00e9lekkel egys\u00e9gben, Isten mind\u00f6r\u00f6kk\u00f6n \u00f6r\u00f6kk\u00e9. OLVASM\u00c1NY Izaj\u00e1s pr\u00f3f\u00e9ta k\u00f6nyv\u00e9b\u0151l (Iz 53,10-11) A pr\u00f3f\u00e9ta ezt mondja az elj\u00f6vend\u0151 \u00dcdv\u00f6z\u00edt\u0151r\u0151l: \u00dagy tetszett az \u00darnak, hogy \u00f6sszet\u00f6ri szenved\u00e9ssel. Ha odaadja \u00e9let\u00e9t engesztel\u0151 \u00e1ldozatul: l\u00e1tni fogja ut\u00f3dait, hossz\u00fara ny\u00falik \u00e9lete, \u00e9s teljes\u00fcl \u00e1ltala az \u00dar akarata. Majd ha v\u00e9get \u00e9r lelk\u00e9nek gy\u00f6trelme, l\u00e1tni fogja a vil\u00e1goss\u00e1got \u00e9s megel\u00e9ged\u00e9s t\u00f6lti el. Igaz szolg\u00e1m sokakat igazz\u00e1 tesz tud\u00e1sa \u00e1ltal, \u00e9s gonoszs\u00e1gaikat \u0151 hordozza. Ez az Isten ig\u00e9je. V\u00c1LASZOS ZSOLT\u00c1R (Zsolt 32,4-5.18-19.20.22) V\u00e1lasz:\u00a0Kegyes szemed legyen\u00a0rajtunk, * tebenned van\u00a0bizodalmunk.\u00a0(5. t\u00f3nus.) El\u0151\u00e9nekes: Sziklaszil\u00e1rd az \u00dar\u00a0ig\u00e9je, * minden tett\u00e9t\u00a0h\u0171s\u00e9g vezeti. Az igazlelk\u0171s\u00e9get \u00e9s a t\u00f6rv\u00e9nyt\u00a0szereti, * telve van a f\u00f6ld az \u00dar\u00a0irgalm\u00e1val. H\u00edvek:\u00a0Kegyes szemed legyen\u00a0rajtunk, * tebenned van\u00a0bizodalmunk. E: Az istenf\u00e9l\u0151kre \u00fcgyel az \u00dar\u00a0szeme, * akik b\u00edznak az \u0151\u00a0irgalm\u00e1ban. Megmenti lelk\u00fcket a\u00a0hal\u00e1lt\u00f3l, * \u00e9s t\u00e1pl\u00e1lja \u0151ket\u00a0\u00e9h\u00edns\u00e9g idej\u00e9n. H:\u00a0Kegyes szemed legyen\u00a0rajtunk, * tebenned van\u00a0bizodalmunk. E: Az \u00darra hagyatkozik\u00a0lelk\u00fcnk, * \u0151 a seg\u00edt\u0151nk, \u00e9s\u00a0\u0151\u00a0a mi oltalmunk. Kegyes szemed legyen\u00a0rajtunk, * tebenned van\u00a0bizodalmunk. H:\u00a0Kegyes szemed legyen\u00a0rajtunk, * tebenned van\u00a0bizodalmunk. SZENTLECKE a Zsid\u00f3khoz \u00edrt lev\u00e9lb\u0151l (Zsid 4,14-16) Testv\u00e9reim! Mivel olyan kiv\u00e1l\u00f3 f\u0151papunk van, aki \u00e1thatolt az egeken: J\u00e9zus, az Isten Fia, \u2013 ez\u00e9rt legy\u00fcnk \u00e1llhatatosak a hitvall\u00e1sban. A mi f\u0151papunk ugyanis nem olyan, hogy ne tudna egy\u00fctt \u00e9rezni gy\u00f6nges\u00e9geinkkel, hanem olyan, aki hozz\u00e1nk hasonl\u00f3an mindenben k\u00eds\u00e9rt\u00e9st szenvedett, a b\u0171nt\u0151l azonban mentes maradt. J\u00e1ruljunk teh\u00e1t bizalommal a kegyelem tr\u00f3nj\u00e1hoz, hogy irgalmat tal\u00e1ljunk \u00e9s kegyelmet kapjunk, amikor seg\u00edts\u00e9gre szorulunk. Ez az Isten ig\u00e9je. ALLELUJA Az Emberfia az\u00e9rt j\u00f6tt, hogy szolg\u00e1ljon, * \u00e9s az \u00e9let\u00e9t sokak\u00e9rt v\u00e1lts\u00e1gul adja. (Mk 10,45 \u2013... R\u00e9szletek\" \/>\n<meta property=\"og:url\" content=\"https:\/\/stuttgarti-katolikusok.de\/index.php\/evkozi-29-vasarnap-misszios-vasarnap\/\" \/>\n<meta property=\"og:site_name\" content=\"Stuttgarti Katolikusok\" \/>\n<meta property=\"article:published_time\" content=\"2024-10-19T09:20:54+00:00\" \/>\n<meta property=\"article:modified_time\" content=\"2025-10-18T08:05:14+00:00\" \/>\n<meta property=\"og:image\" content=\"https:\/\/stuttgarti-katolikusok.de\/wp-content\/uploads\/2020\/10\/szi-levelek.jpg\" \/>\n\t<meta property=\"og:image:width\" content=\"640\" \/>\n\t<meta property=\"og:image:height\" content=\"426\" \/>\n\t<meta property=\"og:image:type\" content=\"image\/jpeg\" \/>\n<meta name=\"author\" content=\"Tibor atya\" \/>\n<meta name=\"twitter:card\" content=\"summary_large_image\" \/>\n<meta name=\"twitter:label1\" content=\"Szerz\u0151:\" \/>\n\t<meta name=\"twitter:data1\" content=\"Tibor atya\" \/>\n\t<meta name=\"twitter:label2\" content=\"Becs\u00fclt olvas\u00e1si id\u0151\" \/>\n\t<meta name=\"twitter:data2\" content=\"5 perc\" \/>\n<script type=\"application\/ld+json\" class=\"yoast-schema-graph\">{\"@context\":\"https:\\\/\\\/schema.org\",\"@graph\":[{\"@type\":\"Article\",\"@id\":\"https:\\\/\\\/stuttgarti-katolikusok.de\\\/index.php\\\/evkozi-29-vasarnap-misszios-vasarnap\\\/#article\",\"isPartOf\":{\"@id\":\"https:\\\/\\\/stuttgarti-katolikusok.de\\\/index.php\\\/evkozi-29-vasarnap-misszios-vasarnap\\\/\"},\"author\":{\"name\":\"Tibor atya\",\"@id\":\"https:\\\/\\\/stuttgarti-katolikusok.de\\\/#\\\/schema\\\/person\\\/75908d6f8fdc03a57889d27209df7795\"},\"headline\":\"\u00c9vk\u00f6zi 29. vas\u00e1rnap \u2013 Misszi\u00f3s vas\u00e1rnap\",\"datePublished\":\"2024-10-19T09:20:54+00:00\",\"dateModified\":\"2025-10-18T08:05:14+00:00\",\"mainEntityOfPage\":{\"@id\":\"https:\\\/\\\/stuttgarti-katolikusok.de\\\/index.php\\\/evkozi-29-vasarnap-misszios-vasarnap\\\/\"},\"wordCount\":1146,\"image\":{\"@id\":\"https:\\\/\\\/stuttgarti-katolikusok.de\\\/index.php\\\/evkozi-29-vasarnap-misszios-vasarnap\\\/#primaryimage\"},\"thumbnailUrl\":\"https:\\\/\\\/stuttgarti-katolikusok.de\\\/wp-content\\\/uploads\\\/2020\\\/10\\\/szi-levelek.jpg\",\"articleSection\":[\"A liturgia olvasm\u00e1nyai\",\"Vas\u00e1rnapi gondolatok\"],\"inLanguage\":\"hu\"},{\"@type\":\"WebPage\",\"@id\":\"https:\\\/\\\/stuttgarti-katolikusok.de\\\/index.php\\\/evkozi-29-vasarnap-misszios-vasarnap\\\/\",\"url\":\"https:\\\/\\\/stuttgarti-katolikusok.de\\\/index.php\\\/evkozi-29-vasarnap-misszios-vasarnap\\\/\",\"name\":\"\u00c9vk\u00f6zi 29. vas\u00e1rnap \u2013 Misszi\u00f3s vas\u00e1rnap - Stuttgarti Katolikusok\",\"isPartOf\":{\"@id\":\"https:\\\/\\\/stuttgarti-katolikusok.de\\\/#website\"},\"primaryImageOfPage\":{\"@id\":\"https:\\\/\\\/stuttgarti-katolikusok.de\\\/index.php\\\/evkozi-29-vasarnap-misszios-vasarnap\\\/#primaryimage\"},\"image\":{\"@id\":\"https:\\\/\\\/stuttgarti-katolikusok.de\\\/index.php\\\/evkozi-29-vasarnap-misszios-vasarnap\\\/#primaryimage\"},\"thumbnailUrl\":\"https:\\\/\\\/stuttgarti-katolikusok.de\\\/wp-content\\\/uploads\\\/2020\\\/10\\\/szi-levelek.jpg\",\"datePublished\":\"2024-10-19T09:20:54+00:00\",\"dateModified\":\"2025-10-18T08:05:14+00:00\",\"author\":{\"@id\":\"https:\\\/\\\/stuttgarti-katolikusok.de\\\/#\\\/schema\\\/person\\\/75908d6f8fdc03a57889d27209df7795\"},\"breadcrumb\":{\"@id\":\"https:\\\/\\\/stuttgarti-katolikusok.de\\\/index.php\\\/evkozi-29-vasarnap-misszios-vasarnap\\\/#breadcrumb\"},\"inLanguage\":\"hu\",\"potentialAction\":[{\"@type\":\"ReadAction\",\"target\":[\"https:\\\/\\\/stuttgarti-katolikusok.de\\\/index.php\\\/evkozi-29-vasarnap-misszios-vasarnap\\\/\"]}]},{\"@type\":\"ImageObject\",\"inLanguage\":\"hu\",\"@id\":\"https:\\\/\\\/stuttgarti-katolikusok.de\\\/index.php\\\/evkozi-29-vasarnap-misszios-vasarnap\\\/#primaryimage\",\"url\":\"https:\\\/\\\/stuttgarti-katolikusok.de\\\/wp-content\\\/uploads\\\/2020\\\/10\\\/szi-levelek.jpg\",\"contentUrl\":\"https:\\\/\\\/stuttgarti-katolikusok.de\\\/wp-content\\\/uploads\\\/2020\\\/10\\\/szi-levelek.jpg\",\"width\":640,\"height\":426},{\"@type\":\"BreadcrumbList\",\"@id\":\"https:\\\/\\\/stuttgarti-katolikusok.de\\\/index.php\\\/evkozi-29-vasarnap-misszios-vasarnap\\\/#breadcrumb\",\"itemListElement\":[{\"@type\":\"ListItem\",\"position\":1,\"name\":\"Kezd\u0151lap\",\"item\":\"https:\\\/\\\/stuttgarti-katolikusok.de\\\/\"},{\"@type\":\"ListItem\",\"position\":2,\"name\":\"\u00c9vk\u00f6zi 29. vas\u00e1rnap \u2013 Misszi\u00f3s vas\u00e1rnap\"}]},{\"@type\":\"WebSite\",\"@id\":\"https:\\\/\\\/stuttgarti-katolikusok.de\\\/#website\",\"url\":\"https:\\\/\\\/stuttgarti-katolikusok.de\\\/\",\"name\":\"Stuttgarti Katolikusok\",\"description\":\"\",\"potentialAction\":[{\"@type\":\"SearchAction\",\"target\":{\"@type\":\"EntryPoint\",\"urlTemplate\":\"https:\\\/\\\/stuttgarti-katolikusok.de\\\/?s={search_term_string}\"},\"query-input\":{\"@type\":\"PropertyValueSpecification\",\"valueRequired\":true,\"valueName\":\"search_term_string\"}}],\"inLanguage\":\"hu\"},{\"@type\":\"Person\",\"@id\":\"https:\\\/\\\/stuttgarti-katolikusok.de\\\/#\\\/schema\\\/person\\\/75908d6f8fdc03a57889d27209df7795\",\"name\":\"Tibor atya\",\"image\":{\"@type\":\"ImageObject\",\"inLanguage\":\"hu\",\"@id\":\"https:\\\/\\\/secure.gravatar.com\\\/avatar\\\/61d268e57d1f4525b111222e29d2d5a7f8c420fdbf231ba5566a8ceac74fa960?s=96&d=mm&r=g\",\"url\":\"https:\\\/\\\/secure.gravatar.com\\\/avatar\\\/61d268e57d1f4525b111222e29d2d5a7f8c420fdbf231ba5566a8ceac74fa960?s=96&d=mm&r=g\",\"contentUrl\":\"https:\\\/\\\/secure.gravatar.com\\\/avatar\\\/61d268e57d1f4525b111222e29d2d5a7f8c420fdbf231ba5566a8ceac74fa960?s=96&d=mm&r=g\",\"caption\":\"Tibor atya\"},\"url\":\"https:\\\/\\\/stuttgarti-katolikusok.de\\\/index.php\\\/author\\\/tibor-atya\\\/\"}]}<\/script>\n<!-- \/ Yoast SEO plugin. -->","yoast_head_json":{"title":"\u00c9vk\u00f6zi 29. vas\u00e1rnap \u2013 Misszi\u00f3s vas\u00e1rnap - Stuttgarti Katolikusok","robots":{"index":"index","follow":"follow","max-snippet":"max-snippet:-1","max-image-preview":"max-image-preview:large","max-video-preview":"max-video-preview:-1"},"canonical":"https:\/\/stuttgarti-katolikusok.de\/index.php\/evkozi-29-vasarnap-misszios-vasarnap\/","og_locale":"hu_HU","og_type":"article","og_title":"\u00c9vk\u00f6zi 29. vas\u00e1rnap \u2013 Misszi\u00f3s vas\u00e1rnap - Stuttgarti Katolikusok","og_description":"&nbsp; Kezd\u0151\u00e9nek: Hozz\u00e1d ki\u00e1ltok, mert te meghallgatsz, Istenem, hajtsd hozz\u00e1m f\u00fcledet, hallgasd meg szavam! \u00d3vj engem, Uram, mint szemed f\u00e9ny\u00e9t, sz\u00e1rnyad \u00e1rny\u00e9k\u00e1ban oltalmazz engem! (V\u00f6. Zsolt 16,6.8) K\u00f6ny\u00f6rg\u00e9s: Mindenhat\u00f3, \u00f6r\u00f6k Isten, add, hogy mindenkor \u0151szinte sz\u00edvvel \u00e9s k\u00e9szs\u00e9ges akarattal szolg\u00e1ljunk F\u00f6ls\u00e9gednek. A mi Urunk, J\u00e9zus Krisztus, a te Fiad \u00e1ltal, aki veled \u00e9l \u00e9s uralkodik a Szentl\u00e9lekkel egys\u00e9gben, Isten mind\u00f6r\u00f6kk\u00f6n \u00f6r\u00f6kk\u00e9. OLVASM\u00c1NY Izaj\u00e1s pr\u00f3f\u00e9ta k\u00f6nyv\u00e9b\u0151l (Iz 53,10-11) A pr\u00f3f\u00e9ta ezt mondja az elj\u00f6vend\u0151 \u00dcdv\u00f6z\u00edt\u0151r\u0151l: \u00dagy tetszett az \u00darnak, hogy \u00f6sszet\u00f6ri szenved\u00e9ssel. Ha odaadja \u00e9let\u00e9t engesztel\u0151 \u00e1ldozatul: l\u00e1tni fogja ut\u00f3dait, hossz\u00fara ny\u00falik \u00e9lete, \u00e9s teljes\u00fcl \u00e1ltala az \u00dar akarata. Majd ha v\u00e9get \u00e9r lelk\u00e9nek gy\u00f6trelme, l\u00e1tni fogja a vil\u00e1goss\u00e1got \u00e9s megel\u00e9ged\u00e9s t\u00f6lti el. Igaz szolg\u00e1m sokakat igazz\u00e1 tesz tud\u00e1sa \u00e1ltal, \u00e9s gonoszs\u00e1gaikat \u0151 hordozza. Ez az Isten ig\u00e9je. V\u00c1LASZOS ZSOLT\u00c1R (Zsolt 32,4-5.18-19.20.22) V\u00e1lasz:\u00a0Kegyes szemed legyen\u00a0rajtunk, * tebenned van\u00a0bizodalmunk.\u00a0(5. t\u00f3nus.) El\u0151\u00e9nekes: Sziklaszil\u00e1rd az \u00dar\u00a0ig\u00e9je, * minden tett\u00e9t\u00a0h\u0171s\u00e9g vezeti. Az igazlelk\u0171s\u00e9get \u00e9s a t\u00f6rv\u00e9nyt\u00a0szereti, * telve van a f\u00f6ld az \u00dar\u00a0irgalm\u00e1val. H\u00edvek:\u00a0Kegyes szemed legyen\u00a0rajtunk, * tebenned van\u00a0bizodalmunk. E: Az istenf\u00e9l\u0151kre \u00fcgyel az \u00dar\u00a0szeme, * akik b\u00edznak az \u0151\u00a0irgalm\u00e1ban. Megmenti lelk\u00fcket a\u00a0hal\u00e1lt\u00f3l, * \u00e9s t\u00e1pl\u00e1lja \u0151ket\u00a0\u00e9h\u00edns\u00e9g idej\u00e9n. H:\u00a0Kegyes szemed legyen\u00a0rajtunk, * tebenned van\u00a0bizodalmunk. E: Az \u00darra hagyatkozik\u00a0lelk\u00fcnk, * \u0151 a seg\u00edt\u0151nk, \u00e9s\u00a0\u0151\u00a0a mi oltalmunk. Kegyes szemed legyen\u00a0rajtunk, * tebenned van\u00a0bizodalmunk. H:\u00a0Kegyes szemed legyen\u00a0rajtunk, * tebenned van\u00a0bizodalmunk. SZENTLECKE a Zsid\u00f3khoz \u00edrt lev\u00e9lb\u0151l (Zsid 4,14-16) Testv\u00e9reim! Mivel olyan kiv\u00e1l\u00f3 f\u0151papunk van, aki \u00e1thatolt az egeken: J\u00e9zus, az Isten Fia, \u2013 ez\u00e9rt legy\u00fcnk \u00e1llhatatosak a hitvall\u00e1sban. A mi f\u0151papunk ugyanis nem olyan, hogy ne tudna egy\u00fctt \u00e9rezni gy\u00f6nges\u00e9geinkkel, hanem olyan, aki hozz\u00e1nk hasonl\u00f3an mindenben k\u00eds\u00e9rt\u00e9st szenvedett, a b\u0171nt\u0151l azonban mentes maradt. J\u00e1ruljunk teh\u00e1t bizalommal a kegyelem tr\u00f3nj\u00e1hoz, hogy irgalmat tal\u00e1ljunk \u00e9s kegyelmet kapjunk, amikor seg\u00edts\u00e9gre szorulunk. Ez az Isten ig\u00e9je. ALLELUJA Az Emberfia az\u00e9rt j\u00f6tt, hogy szolg\u00e1ljon, * \u00e9s az \u00e9let\u00e9t sokak\u00e9rt v\u00e1lts\u00e1gul adja. (Mk 10,45 \u2013... R\u00e9szletek","og_url":"https:\/\/stuttgarti-katolikusok.de\/index.php\/evkozi-29-vasarnap-misszios-vasarnap\/","og_site_name":"Stuttgarti Katolikusok","article_published_time":"2024-10-19T09:20:54+00:00","article_modified_time":"2025-10-18T08:05:14+00:00","og_image":[{"width":640,"height":426,"url":"https:\/\/stuttgarti-katolikusok.de\/wp-content\/uploads\/2020\/10\/szi-levelek.jpg","type":"image\/jpeg"}],"author":"Tibor atya","twitter_card":"summary_large_image","twitter_misc":{"Szerz\u0151:":"Tibor atya","Becs\u00fclt olvas\u00e1si id\u0151":"5 perc"},"schema":{"@context":"https:\/\/schema.org","@graph":[{"@type":"Article","@id":"https:\/\/stuttgarti-katolikusok.de\/index.php\/evkozi-29-vasarnap-misszios-vasarnap\/#article","isPartOf":{"@id":"https:\/\/stuttgarti-katolikusok.de\/index.php\/evkozi-29-vasarnap-misszios-vasarnap\/"},"author":{"name":"Tibor atya","@id":"https:\/\/stuttgarti-katolikusok.de\/#\/schema\/person\/75908d6f8fdc03a57889d27209df7795"},"headline":"\u00c9vk\u00f6zi 29. vas\u00e1rnap \u2013 Misszi\u00f3s vas\u00e1rnap","datePublished":"2024-10-19T09:20:54+00:00","dateModified":"2025-10-18T08:05:14+00:00","mainEntityOfPage":{"@id":"https:\/\/stuttgarti-katolikusok.de\/index.php\/evkozi-29-vasarnap-misszios-vasarnap\/"},"wordCount":1146,"image":{"@id":"https:\/\/stuttgarti-katolikusok.de\/index.php\/evkozi-29-vasarnap-misszios-vasarnap\/#primaryimage"},"thumbnailUrl":"https:\/\/stuttgarti-katolikusok.de\/wp-content\/uploads\/2020\/10\/szi-levelek.jpg","articleSection":["A liturgia olvasm\u00e1nyai","Vas\u00e1rnapi gondolatok"],"inLanguage":"hu"},{"@type":"WebPage","@id":"https:\/\/stuttgarti-katolikusok.de\/index.php\/evkozi-29-vasarnap-misszios-vasarnap\/","url":"https:\/\/stuttgarti-katolikusok.de\/index.php\/evkozi-29-vasarnap-misszios-vasarnap\/","name":"\u00c9vk\u00f6zi 29. vas\u00e1rnap \u2013 Misszi\u00f3s vas\u00e1rnap - Stuttgarti Katolikusok","isPartOf":{"@id":"https:\/\/stuttgarti-katolikusok.de\/#website"},"primaryImageOfPage":{"@id":"https:\/\/stuttgarti-katolikusok.de\/index.php\/evkozi-29-vasarnap-misszios-vasarnap\/#primaryimage"},"image":{"@id":"https:\/\/stuttgarti-katolikusok.de\/index.php\/evkozi-29-vasarnap-misszios-vasarnap\/#primaryimage"},"thumbnailUrl":"https:\/\/stuttgarti-katolikusok.de\/wp-content\/uploads\/2020\/10\/szi-levelek.jpg","datePublished":"2024-10-19T09:20:54+00:00","dateModified":"2025-10-18T08:05:14+00:00","author":{"@id":"https:\/\/stuttgarti-katolikusok.de\/#\/schema\/person\/75908d6f8fdc03a57889d27209df7795"},"breadcrumb":{"@id":"https:\/\/stuttgarti-katolikusok.de\/index.php\/evkozi-29-vasarnap-misszios-vasarnap\/#breadcrumb"},"inLanguage":"hu","potentialAction":[{"@type":"ReadAction","target":["https:\/\/stuttgarti-katolikusok.de\/index.php\/evkozi-29-vasarnap-misszios-vasarnap\/"]}]},{"@type":"ImageObject","inLanguage":"hu","@id":"https:\/\/stuttgarti-katolikusok.de\/index.php\/evkozi-29-vasarnap-misszios-vasarnap\/#primaryimage","url":"https:\/\/stuttgarti-katolikusok.de\/wp-content\/uploads\/2020\/10\/szi-levelek.jpg","contentUrl":"https:\/\/stuttgarti-katolikusok.de\/wp-content\/uploads\/2020\/10\/szi-levelek.jpg","width":640,"height":426},{"@type":"BreadcrumbList","@id":"https:\/\/stuttgarti-katolikusok.de\/index.php\/evkozi-29-vasarnap-misszios-vasarnap\/#breadcrumb","itemListElement":[{"@type":"ListItem","position":1,"name":"Kezd\u0151lap","item":"https:\/\/stuttgarti-katolikusok.de\/"},{"@type":"ListItem","position":2,"name":"\u00c9vk\u00f6zi 29. vas\u00e1rnap \u2013 Misszi\u00f3s vas\u00e1rnap"}]},{"@type":"WebSite","@id":"https:\/\/stuttgarti-katolikusok.de\/#website","url":"https:\/\/stuttgarti-katolikusok.de\/","name":"Stuttgarti Katolikusok","description":"","potentialAction":[{"@type":"SearchAction","target":{"@type":"EntryPoint","urlTemplate":"https:\/\/stuttgarti-katolikusok.de\/?s={search_term_string}"},"query-input":{"@type":"PropertyValueSpecification","valueRequired":true,"valueName":"search_term_string"}}],"inLanguage":"hu"},{"@type":"Person","@id":"https:\/\/stuttgarti-katolikusok.de\/#\/schema\/person\/75908d6f8fdc03a57889d27209df7795","name":"Tibor atya","image":{"@type":"ImageObject","inLanguage":"hu","@id":"https:\/\/secure.gravatar.com\/avatar\/61d268e57d1f4525b111222e29d2d5a7f8c420fdbf231ba5566a8ceac74fa960?s=96&d=mm&r=g","url":"https:\/\/secure.gravatar.com\/avatar\/61d268e57d1f4525b111222e29d2d5a7f8c420fdbf231ba5566a8ceac74fa960?s=96&d=mm&r=g","contentUrl":"https:\/\/secure.gravatar.com\/avatar\/61d268e57d1f4525b111222e29d2d5a7f8c420fdbf231ba5566a8ceac74fa960?s=96&d=mm&r=g","caption":"Tibor atya"},"url":"https:\/\/stuttgarti-katolikusok.de\/index.php\/author\/tibor-atya\/"}]}},"_links":{"self":[{"href":"https:\/\/stuttgarti-katolikusok.de\/index.php\/wp-json\/wp\/v2\/posts\/29547","targetHints":{"allow":["GET"]}}],"collection":[{"href":"https:\/\/stuttgarti-katolikusok.de\/index.php\/wp-json\/wp\/v2\/posts"}],"about":[{"href":"https:\/\/stuttgarti-katolikusok.de\/index.php\/wp-json\/wp\/v2\/types\/post"}],"author":[{"embeddable":true,"href":"https:\/\/stuttgarti-katolikusok.de\/index.php\/wp-json\/wp\/v2\/users\/3"}],"replies":[{"embeddable":true,"href":"https:\/\/stuttgarti-katolikusok.de\/index.php\/wp-json\/wp\/v2\/comments?post=29547"}],"version-history":[{"count":2,"href":"https:\/\/stuttgarti-katolikusok.de\/index.php\/wp-json\/wp\/v2\/posts\/29547\/revisions"}],"predecessor-version":[{"id":29549,"href":"https:\/\/stuttgarti-katolikusok.de\/index.php\/wp-json\/wp\/v2\/posts\/29547\/revisions\/29549"}],"wp:featuredmedia":[{"embeddable":true,"href":"https:\/\/stuttgarti-katolikusok.de\/index.php\/wp-json\/wp\/v2\/media\/20418"}],"wp:attachment":[{"href":"https:\/\/stuttgarti-katolikusok.de\/index.php\/wp-json\/wp\/v2\/media?parent=29547"}],"wp:term":[{"taxonomy":"category","embeddable":true,"href":"https:\/\/stuttgarti-katolikusok.de\/index.php\/wp-json\/wp\/v2\/categories?post=29547"},{"taxonomy":"post_tag","embeddable":true,"href":"https:\/\/stuttgarti-katolikusok.de\/index.php\/wp-json\/wp\/v2\/tags?post=29547"}],"curies":[{"name":"wp","href":"https:\/\/api.w.org\/{rel}","templated":true}]}}