{"id":29518,"date":"2024-10-15T12:56:10","date_gmt":"2024-10-15T10:56:10","guid":{"rendered":"https:\/\/stuttgarti-katolikusok.de\/?p=29518"},"modified":"2024-10-15T13:19:23","modified_gmt":"2024-10-15T11:19:23","slug":"2024-oktober-14-es-20-kozott","status":"publish","type":"post","link":"https:\/\/stuttgarti-katolikusok.de\/index.php\/2024-oktober-14-es-20-kozott\/","title":{"rendered":"2024. OKT\u00d3BER 14 \u00c9S 20 K\u00d6Z\u00d6TT"},"content":{"rendered":"<p><span style=\"color: #008000;\"><strong>Programel\u0151zetes<\/strong><\/span><\/p>\n<p style=\"text-align: center;\"><span style=\"color: #008000;\"><em>\u00a0\u00a0<\/em><strong>*<\/strong><\/span><\/p>\n<p><strong>Okt\u00f3ber 18-\u00e1n,<\/strong>\u00a0p\u00e9nteken, <strong>Stuttgartban <\/strong><\/p>\n<p>17.30 \u00f3rakor <em>szentmise.<\/em><\/p>\n<p>18.00 \u00f3rakor <em>Bar\u00e1ts\u00e1gklub<\/em><em>.<a href=\"https:\/\/stuttgarti-katolikusok.de\/wp-content\/uploads\/2024\/10\/meghivoszuret-1018.jpg\"><img loading=\"lazy\" decoding=\"async\" class=\"alignnone size-full wp-image-29519\" src=\"https:\/\/stuttgarti-katolikusok.de\/wp-content\/uploads\/2024\/10\/meghivoszuret-1018.jpg\" alt=\"\" width=\"2339\" height=\"1654\" srcset=\"https:\/\/stuttgarti-katolikusok.de\/wp-content\/uploads\/2024\/10\/meghivoszuret-1018.jpg 2339w, https:\/\/stuttgarti-katolikusok.de\/wp-content\/uploads\/2024\/10\/meghivoszuret-1018-300x212.jpg 300w, https:\/\/stuttgarti-katolikusok.de\/wp-content\/uploads\/2024\/10\/meghivoszuret-1018-1024x724.jpg 1024w, https:\/\/stuttgarti-katolikusok.de\/wp-content\/uploads\/2024\/10\/meghivoszuret-1018-1536x1086.jpg 1536w, https:\/\/stuttgarti-katolikusok.de\/wp-content\/uploads\/2024\/10\/meghivoszuret-1018-2048x1448.jpg 2048w\" sizes=\"auto, (max-width: 2339px) 100vw, 2339px\" \/><\/a><\/em><\/p>\n<p style=\"text-align: center;\"><strong>\u00a0<\/strong><span style=\"color: #008000;\"><em><strong>\u00a0*<\/strong><\/em><\/span><\/p>\n<p><strong>Okt\u00f3ber 19-\u00e9n<em>, <\/em><\/strong>szombaton,<strong> Heidenheimban <\/strong>15.30 \u00f3rakor <em>\u00f6kumenikus istentisztelet,<\/em> ut\u00e1na <em>agap\u00e9, <\/em>benne r\u00f6vid <em>\u00fcnnepi megeml\u00e9kez\u00e9s 1956. okt\u00f3ber 23<\/em><em>-r\u00f3l.<\/em><\/p>\n<p style=\"text-align: center;\"><span style=\"color: #008000;\"><strong><em>\u00a0*<\/em><\/strong><\/span><\/p>\n<p><strong>Okt\u00f3ber 20-\u00e1n<\/strong>, <span style=\"color: #008000;\"><strong><em>\u00c9vk\u00f6zi 29. vas\u00e1rnap<\/em><\/strong><\/span><em>,<\/em><\/p>\n<p><strong>Ludwigsburgban <\/strong>9.00 \u00f3rakor <em>szentmise, <\/em>ut\u00e1na <em>agap\u00e9,<\/em><\/p>\n<p><strong>Stuttgartban <\/strong><\/p>\n<p>15.00 \u00f3rakor <em>\u00f6kumenikus istentisztelet.<\/em>\u00a0Ig\u00e9t hirdet Nt. G\u00e9mes P\u00e1l evang\u00e9likus lelk\u00e9sz.<\/p>\n<p>16.00 \u00f3rakor <em>\u00fcnnepi megeml\u00e9kez\u00e9s 1956. okt\u00f3ber 23<\/em>-r\u00f3l, v\u00e9g\u00fcl <em>\u00e1ll\u00f3fogad\u00e1s<\/em> a k\u00f6z\u00f6ss\u00e9gi teremben.<\/p>\n<p><a href=\"https:\/\/stuttgarti-katolikusok.de\/wp-content\/uploads\/2024\/10\/titkon-almodok-plakat.jpg\"><img loading=\"lazy\" decoding=\"async\" class=\"alignnone size-full wp-image-29520\" src=\"https:\/\/stuttgarti-katolikusok.de\/wp-content\/uploads\/2024\/10\/titkon-almodok-plakat.jpg\" alt=\"\" width=\"1754\" height=\"1240\" srcset=\"https:\/\/stuttgarti-katolikusok.de\/wp-content\/uploads\/2024\/10\/titkon-almodok-plakat.jpg 1754w, https:\/\/stuttgarti-katolikusok.de\/wp-content\/uploads\/2024\/10\/titkon-almodok-plakat-300x212.jpg 300w, https:\/\/stuttgarti-katolikusok.de\/wp-content\/uploads\/2024\/10\/titkon-almodok-plakat-1024x724.jpg 1024w, https:\/\/stuttgarti-katolikusok.de\/wp-content\/uploads\/2024\/10\/titkon-almodok-plakat-1536x1086.jpg 1536w\" sizes=\"auto, (max-width: 1754px) 100vw, 1754px\" \/><\/a><\/p>\n<p style=\"text-align: center;\"><span style=\"color: #008000;\"><strong>\u00a0*<\/strong><\/span><\/p>\n<p>Minden helyen mindenkit szeretettel v\u00e1r a k\u00f6z\u00f6ss\u00e9g \u00e9s Tibor atya!<\/p>\n<p style=\"text-align: center;\"><span style=\"color: #008000;\"><strong>*<\/strong><\/span><\/p>\n<p><a href=\"https:\/\/stuttgarti-katolikusok.de\/wp-content\/uploads\/2022\/10\/whatsapp-kep-2022-10-18-095507.jpg\"><img loading=\"lazy\" decoding=\"async\" class=\"alignnone size-full wp-image-23807\" src=\"https:\/\/stuttgarti-katolikusok.de\/wp-content\/uploads\/2022\/10\/whatsapp-kep-2022-10-18-095507.jpg\" alt=\"\" width=\"1886\" height=\"1308\" srcset=\"https:\/\/stuttgarti-katolikusok.de\/wp-content\/uploads\/2022\/10\/whatsapp-kep-2022-10-18-095507.jpg 1886w, https:\/\/stuttgarti-katolikusok.de\/wp-content\/uploads\/2022\/10\/whatsapp-kep-2022-10-18-095507-300x208.jpg 300w, https:\/\/stuttgarti-katolikusok.de\/wp-content\/uploads\/2022\/10\/whatsapp-kep-2022-10-18-095507-1024x710.jpg 1024w, https:\/\/stuttgarti-katolikusok.de\/wp-content\/uploads\/2022\/10\/whatsapp-kep-2022-10-18-095507-1536x1065.jpg 1536w\" sizes=\"auto, (max-width: 1886px) 100vw, 1886px\" \/><\/a><\/p>\n<p style=\"text-align: center;\"><span style=\"color: #008000;\"><strong><em>*<\/em><\/strong><\/span><\/p>\n<p><span style=\"color: #008000;\"><strong><em>Bens\u0151s\u00e9ges \u0151szi napokat, j\u00f3 munk\u00e1t, tartalmas besz\u00e9lget\u00e9seket \u00e9s \u00f6r\u00f6mteli tal\u00e1lkoz\u00e1sokat k\u00edv\u00e1nunk minden Kedves H\u00edv\u00fcnknek!<\/em><\/strong><\/span><\/p>\n<p style=\"text-align: center;\"><span style=\"color: #008000;\"><strong><em>*<\/em><\/strong><\/span><\/p>\n<p><span style=\"color: #008000;\">\u201eCsak az k\u00e9pes a m\u00e1sok \u00e9let\u00e9\u00e9rt \u00f6nmag\u00e1t m\u00e9lyen \u00e9s \u00e1lland\u00f3an odaadni, aki a saj\u00e1t \u00e9letakarat\u00e1\u00e9rt val\u00f3 odaad\u00e1sban az esem\u00e9nyekt\u0151l val\u00f3 bels\u0151 szabads\u00e1got megtapasztalta.\u201d<\/span> <em>(Albert Schweitzer \u2013 1875-1965)<\/em><\/p>\n<p><em>(Nyit\u00f3k\u00e9p forr\u00e1sa: Instagram)<\/em><\/p>\n","protected":false},"excerpt":{"rendered":"<p>Programel\u0151zetes \u00a0\u00a0* Okt\u00f3ber 18-\u00e1n,\u00a0p\u00e9nteken, Stuttgartban 17.30 \u00f3rakor szentmise. 18.00 \u00f3rakor Bar\u00e1ts\u00e1gklub. \u00a0\u00a0* Okt\u00f3ber 19-\u00e9n, szombaton, Heidenheimban 15.30 \u00f3rakor \u00f6kumenikus istentisztelet, ut\u00e1na agap\u00e9, benne r\u00f6vid \u00fcnnepi megeml\u00e9kez\u00e9s 1956. okt\u00f3ber 23-r\u00f3l. \u00a0* Okt\u00f3ber 20-\u00e1n, \u00c9vk\u00f6zi 29. vas\u00e1rnap, Ludwigsburgban 9.00 \u00f3rakor szentmise, ut\u00e1na agap\u00e9, Stuttgartban 15.00 \u00f3rakor \u00f6kumenikus istentisztelet.\u00a0Ig\u00e9t hirdet Nt. G\u00e9mes P\u00e1l evang\u00e9likus lelk\u00e9sz. 16.00 \u00f3rakor \u00fcnnepi megeml\u00e9kez\u00e9s 1956. okt\u00f3ber 23-r\u00f3l, v\u00e9g\u00fcl \u00e1ll\u00f3fogad\u00e1s a k\u00f6z\u00f6ss\u00e9gi teremben. \u00a0* Minden helyen mindenkit szeretettel v\u00e1r a k\u00f6z\u00f6ss\u00e9g \u00e9s Tibor atya! * * Bens\u0151s\u00e9ges \u0151szi napokat, j\u00f3 munk\u00e1t, tartalmas besz\u00e9lget\u00e9seket \u00e9s \u00f6r\u00f6mteli tal\u00e1lkoz\u00e1sokat k\u00edv\u00e1nunk minden Kedves H\u00edv\u00fcnknek! * \u201eCsak az k\u00e9pes a m\u00e1sok \u00e9let\u00e9\u00e9rt \u00f6nmag\u00e1t m\u00e9lyen \u00e9s \u00e1lland\u00f3an odaadni, aki a saj\u00e1t \u00e9letakarat\u00e1\u00e9rt val\u00f3 odaad\u00e1sban az esem\u00e9nyekt\u0151l val\u00f3 bels\u0151 szabads\u00e1got megtapasztalta.\u201d (Albert Schweitzer \u2013 1875-1965) (Nyit\u00f3k\u00e9p forr\u00e1sa: Instagram)<\/p>\n","protected":false},"author":3,"featured_media":27308,"comment_status":"closed","ping_status":"closed","sticky":false,"template":"","format":"standard","meta":{"footnotes":""},"categories":[37],"tags":[],"class_list":["post-29518","post","type-post","status-publish","format-standard","has-post-thumbnail","hentry","category-progamelozetes"],"yoast_head":"<!-- This site is optimized with the Yoast SEO plugin v27.3 - https:\/\/yoast.com\/product\/yoast-seo-wordpress\/ -->\n<title>2024. OKT\u00d3BER 14 \u00c9S 20 K\u00d6Z\u00d6TT - Stuttgarti Katolikusok<\/title>\n<meta name=\"robots\" content=\"index, follow, max-snippet:-1, max-image-preview:large, max-video-preview:-1\" \/>\n<link rel=\"canonical\" href=\"https:\/\/stuttgarti-katolikusok.de\/index.php\/2024-oktober-14-es-20-kozott\/\" \/>\n<meta property=\"og:locale\" content=\"hu_HU\" \/>\n<meta property=\"og:type\" content=\"article\" \/>\n<meta property=\"og:title\" content=\"2024. OKT\u00d3BER 14 \u00c9S 20 K\u00d6Z\u00d6TT - Stuttgarti Katolikusok\" \/>\n<meta property=\"og:description\" content=\"Programel\u0151zetes \u00a0\u00a0* Okt\u00f3ber 18-\u00e1n,\u00a0p\u00e9nteken, Stuttgartban 17.30 \u00f3rakor szentmise. 18.00 \u00f3rakor Bar\u00e1ts\u00e1gklub. \u00a0\u00a0* Okt\u00f3ber 19-\u00e9n, szombaton, Heidenheimban 15.30 \u00f3rakor \u00f6kumenikus istentisztelet, ut\u00e1na agap\u00e9, benne r\u00f6vid \u00fcnnepi megeml\u00e9kez\u00e9s 1956. okt\u00f3ber 23-r\u00f3l. \u00a0* Okt\u00f3ber 20-\u00e1n, \u00c9vk\u00f6zi 29. vas\u00e1rnap, Ludwigsburgban 9.00 \u00f3rakor szentmise, ut\u00e1na agap\u00e9, Stuttgartban 15.00 \u00f3rakor \u00f6kumenikus istentisztelet.\u00a0Ig\u00e9t hirdet Nt. G\u00e9mes P\u00e1l evang\u00e9likus lelk\u00e9sz. 16.00 \u00f3rakor \u00fcnnepi megeml\u00e9kez\u00e9s 1956. okt\u00f3ber 23-r\u00f3l, v\u00e9g\u00fcl \u00e1ll\u00f3fogad\u00e1s a k\u00f6z\u00f6ss\u00e9gi teremben. \u00a0* Minden helyen mindenkit szeretettel v\u00e1r a k\u00f6z\u00f6ss\u00e9g \u00e9s Tibor atya! * * Bens\u0151s\u00e9ges \u0151szi napokat, j\u00f3 munk\u00e1t, tartalmas besz\u00e9lget\u00e9seket \u00e9s \u00f6r\u00f6mteli tal\u00e1lkoz\u00e1sokat k\u00edv\u00e1nunk minden Kedves H\u00edv\u00fcnknek! * \u201eCsak az k\u00e9pes a m\u00e1sok \u00e9let\u00e9\u00e9rt \u00f6nmag\u00e1t m\u00e9lyen \u00e9s \u00e1lland\u00f3an odaadni, aki a saj\u00e1t \u00e9letakarat\u00e1\u00e9rt val\u00f3 odaad\u00e1sban az esem\u00e9nyekt\u0151l val\u00f3 bels\u0151 szabads\u00e1got megtapasztalta.\u201d (Albert Schweitzer \u2013 1875-1965) (Nyit\u00f3k\u00e9p forr\u00e1sa: Instagram)\" \/>\n<meta property=\"og:url\" content=\"https:\/\/stuttgarti-katolikusok.de\/index.php\/2024-oktober-14-es-20-kozott\/\" \/>\n<meta property=\"og:site_name\" content=\"Stuttgarti Katolikusok\" \/>\n<meta property=\"article:published_time\" content=\"2024-10-15T10:56:10+00:00\" \/>\n<meta property=\"article:modified_time\" content=\"2024-10-15T11:19:23+00:00\" \/>\n<meta property=\"og:image\" content=\"https:\/\/stuttgarti-katolikusok.de\/wp-content\/uploads\/2023\/10\/szabadsaghid.jpg\" \/>\n\t<meta property=\"og:image:width\" content=\"1080\" \/>\n\t<meta property=\"og:image:height\" content=\"769\" \/>\n\t<meta property=\"og:image:type\" content=\"image\/jpeg\" \/>\n<meta name=\"author\" content=\"Tibor atya\" \/>\n<meta name=\"twitter:card\" content=\"summary_large_image\" \/>\n<meta name=\"twitter:label1\" content=\"Szerz\u0151:\" \/>\n\t<meta name=\"twitter:data1\" content=\"Tibor atya\" \/>\n\t<meta name=\"twitter:label2\" content=\"Becs\u00fclt olvas\u00e1si id\u0151\" \/>\n\t<meta name=\"twitter:data2\" content=\"2 perc\" \/>\n<script type=\"application\/ld+json\" class=\"yoast-schema-graph\">{\"@context\":\"https:\\\/\\\/schema.org\",\"@graph\":[{\"@type\":\"Article\",\"@id\":\"https:\\\/\\\/stuttgarti-katolikusok.de\\\/index.php\\\/2024-oktober-14-es-20-kozott\\\/#article\",\"isPartOf\":{\"@id\":\"https:\\\/\\\/stuttgarti-katolikusok.de\\\/index.php\\\/2024-oktober-14-es-20-kozott\\\/\"},\"author\":{\"name\":\"Tibor atya\",\"@id\":\"https:\\\/\\\/stuttgarti-katolikusok.de\\\/#\\\/schema\\\/person\\\/75908d6f8fdc03a57889d27209df7795\"},\"headline\":\"2024. OKT\u00d3BER 14 \u00c9S 20 K\u00d6Z\u00d6TT\",\"datePublished\":\"2024-10-15T10:56:10+00:00\",\"dateModified\":\"2024-10-15T11:19:23+00:00\",\"mainEntityOfPage\":{\"@id\":\"https:\\\/\\\/stuttgarti-katolikusok.de\\\/index.php\\\/2024-oktober-14-es-20-kozott\\\/\"},\"wordCount\":179,\"image\":{\"@id\":\"https:\\\/\\\/stuttgarti-katolikusok.de\\\/index.php\\\/2024-oktober-14-es-20-kozott\\\/#primaryimage\"},\"thumbnailUrl\":\"https:\\\/\\\/stuttgarti-katolikusok.de\\\/wp-content\\\/uploads\\\/2023\\\/10\\\/szabadsaghid.jpg\",\"articleSection\":[\"Progamel\u0151zetes\"],\"inLanguage\":\"hu\"},{\"@type\":\"WebPage\",\"@id\":\"https:\\\/\\\/stuttgarti-katolikusok.de\\\/index.php\\\/2024-oktober-14-es-20-kozott\\\/\",\"url\":\"https:\\\/\\\/stuttgarti-katolikusok.de\\\/index.php\\\/2024-oktober-14-es-20-kozott\\\/\",\"name\":\"2024. OKT\u00d3BER 14 \u00c9S 20 K\u00d6Z\u00d6TT - Stuttgarti Katolikusok\",\"isPartOf\":{\"@id\":\"https:\\\/\\\/stuttgarti-katolikusok.de\\\/#website\"},\"primaryImageOfPage\":{\"@id\":\"https:\\\/\\\/stuttgarti-katolikusok.de\\\/index.php\\\/2024-oktober-14-es-20-kozott\\\/#primaryimage\"},\"image\":{\"@id\":\"https:\\\/\\\/stuttgarti-katolikusok.de\\\/index.php\\\/2024-oktober-14-es-20-kozott\\\/#primaryimage\"},\"thumbnailUrl\":\"https:\\\/\\\/stuttgarti-katolikusok.de\\\/wp-content\\\/uploads\\\/2023\\\/10\\\/szabadsaghid.jpg\",\"datePublished\":\"2024-10-15T10:56:10+00:00\",\"dateModified\":\"2024-10-15T11:19:23+00:00\",\"author\":{\"@id\":\"https:\\\/\\\/stuttgarti-katolikusok.de\\\/#\\\/schema\\\/person\\\/75908d6f8fdc03a57889d27209df7795\"},\"breadcrumb\":{\"@id\":\"https:\\\/\\\/stuttgarti-katolikusok.de\\\/index.php\\\/2024-oktober-14-es-20-kozott\\\/#breadcrumb\"},\"inLanguage\":\"hu\",\"potentialAction\":[{\"@type\":\"ReadAction\",\"target\":[\"https:\\\/\\\/stuttgarti-katolikusok.de\\\/index.php\\\/2024-oktober-14-es-20-kozott\\\/\"]}]},{\"@type\":\"ImageObject\",\"inLanguage\":\"hu\",\"@id\":\"https:\\\/\\\/stuttgarti-katolikusok.de\\\/index.php\\\/2024-oktober-14-es-20-kozott\\\/#primaryimage\",\"url\":\"https:\\\/\\\/stuttgarti-katolikusok.de\\\/wp-content\\\/uploads\\\/2023\\\/10\\\/szabadsaghid.jpg\",\"contentUrl\":\"https:\\\/\\\/stuttgarti-katolikusok.de\\\/wp-content\\\/uploads\\\/2023\\\/10\\\/szabadsaghid.jpg\",\"width\":1080,\"height\":769},{\"@type\":\"BreadcrumbList\",\"@id\":\"https:\\\/\\\/stuttgarti-katolikusok.de\\\/index.php\\\/2024-oktober-14-es-20-kozott\\\/#breadcrumb\",\"itemListElement\":[{\"@type\":\"ListItem\",\"position\":1,\"name\":\"Kezd\u0151lap\",\"item\":\"https:\\\/\\\/stuttgarti-katolikusok.de\\\/\"},{\"@type\":\"ListItem\",\"position\":2,\"name\":\"2024. OKT\u00d3BER 14 \u00c9S 20 K\u00d6Z\u00d6TT\"}]},{\"@type\":\"WebSite\",\"@id\":\"https:\\\/\\\/stuttgarti-katolikusok.de\\\/#website\",\"url\":\"https:\\\/\\\/stuttgarti-katolikusok.de\\\/\",\"name\":\"Stuttgarti Katolikusok\",\"description\":\"\",\"potentialAction\":[{\"@type\":\"SearchAction\",\"target\":{\"@type\":\"EntryPoint\",\"urlTemplate\":\"https:\\\/\\\/stuttgarti-katolikusok.de\\\/?s={search_term_string}\"},\"query-input\":{\"@type\":\"PropertyValueSpecification\",\"valueRequired\":true,\"valueName\":\"search_term_string\"}}],\"inLanguage\":\"hu\"},{\"@type\":\"Person\",\"@id\":\"https:\\\/\\\/stuttgarti-katolikusok.de\\\/#\\\/schema\\\/person\\\/75908d6f8fdc03a57889d27209df7795\",\"name\":\"Tibor atya\",\"image\":{\"@type\":\"ImageObject\",\"inLanguage\":\"hu\",\"@id\":\"https:\\\/\\\/secure.gravatar.com\\\/avatar\\\/61d268e57d1f4525b111222e29d2d5a7f8c420fdbf231ba5566a8ceac74fa960?s=96&d=mm&r=g\",\"url\":\"https:\\\/\\\/secure.gravatar.com\\\/avatar\\\/61d268e57d1f4525b111222e29d2d5a7f8c420fdbf231ba5566a8ceac74fa960?s=96&d=mm&r=g\",\"contentUrl\":\"https:\\\/\\\/secure.gravatar.com\\\/avatar\\\/61d268e57d1f4525b111222e29d2d5a7f8c420fdbf231ba5566a8ceac74fa960?s=96&d=mm&r=g\",\"caption\":\"Tibor atya\"},\"url\":\"https:\\\/\\\/stuttgarti-katolikusok.de\\\/index.php\\\/author\\\/tibor-atya\\\/\"}]}<\/script>\n<!-- \/ Yoast SEO plugin. -->","yoast_head_json":{"title":"2024. OKT\u00d3BER 14 \u00c9S 20 K\u00d6Z\u00d6TT - Stuttgarti Katolikusok","robots":{"index":"index","follow":"follow","max-snippet":"max-snippet:-1","max-image-preview":"max-image-preview:large","max-video-preview":"max-video-preview:-1"},"canonical":"https:\/\/stuttgarti-katolikusok.de\/index.php\/2024-oktober-14-es-20-kozott\/","og_locale":"hu_HU","og_type":"article","og_title":"2024. OKT\u00d3BER 14 \u00c9S 20 K\u00d6Z\u00d6TT - Stuttgarti Katolikusok","og_description":"Programel\u0151zetes \u00a0\u00a0* Okt\u00f3ber 18-\u00e1n,\u00a0p\u00e9nteken, Stuttgartban 17.30 \u00f3rakor szentmise. 18.00 \u00f3rakor Bar\u00e1ts\u00e1gklub. \u00a0\u00a0* Okt\u00f3ber 19-\u00e9n, szombaton, Heidenheimban 15.30 \u00f3rakor \u00f6kumenikus istentisztelet, ut\u00e1na agap\u00e9, benne r\u00f6vid \u00fcnnepi megeml\u00e9kez\u00e9s 1956. okt\u00f3ber 23-r\u00f3l. \u00a0* Okt\u00f3ber 20-\u00e1n, \u00c9vk\u00f6zi 29. vas\u00e1rnap, Ludwigsburgban 9.00 \u00f3rakor szentmise, ut\u00e1na agap\u00e9, Stuttgartban 15.00 \u00f3rakor \u00f6kumenikus istentisztelet.\u00a0Ig\u00e9t hirdet Nt. G\u00e9mes P\u00e1l evang\u00e9likus lelk\u00e9sz. 16.00 \u00f3rakor \u00fcnnepi megeml\u00e9kez\u00e9s 1956. okt\u00f3ber 23-r\u00f3l, v\u00e9g\u00fcl \u00e1ll\u00f3fogad\u00e1s a k\u00f6z\u00f6ss\u00e9gi teremben. \u00a0* Minden helyen mindenkit szeretettel v\u00e1r a k\u00f6z\u00f6ss\u00e9g \u00e9s Tibor atya! * * Bens\u0151s\u00e9ges \u0151szi napokat, j\u00f3 munk\u00e1t, tartalmas besz\u00e9lget\u00e9seket \u00e9s \u00f6r\u00f6mteli tal\u00e1lkoz\u00e1sokat k\u00edv\u00e1nunk minden Kedves H\u00edv\u00fcnknek! * \u201eCsak az k\u00e9pes a m\u00e1sok \u00e9let\u00e9\u00e9rt \u00f6nmag\u00e1t m\u00e9lyen \u00e9s \u00e1lland\u00f3an odaadni, aki a saj\u00e1t \u00e9letakarat\u00e1\u00e9rt val\u00f3 odaad\u00e1sban az esem\u00e9nyekt\u0151l val\u00f3 bels\u0151 szabads\u00e1got megtapasztalta.\u201d (Albert Schweitzer \u2013 1875-1965) (Nyit\u00f3k\u00e9p forr\u00e1sa: Instagram)","og_url":"https:\/\/stuttgarti-katolikusok.de\/index.php\/2024-oktober-14-es-20-kozott\/","og_site_name":"Stuttgarti Katolikusok","article_published_time":"2024-10-15T10:56:10+00:00","article_modified_time":"2024-10-15T11:19:23+00:00","og_image":[{"width":1080,"height":769,"url":"https:\/\/stuttgarti-katolikusok.de\/wp-content\/uploads\/2023\/10\/szabadsaghid.jpg","type":"image\/jpeg"}],"author":"Tibor atya","twitter_card":"summary_large_image","twitter_misc":{"Szerz\u0151:":"Tibor atya","Becs\u00fclt olvas\u00e1si id\u0151":"2 perc"},"schema":{"@context":"https:\/\/schema.org","@graph":[{"@type":"Article","@id":"https:\/\/stuttgarti-katolikusok.de\/index.php\/2024-oktober-14-es-20-kozott\/#article","isPartOf":{"@id":"https:\/\/stuttgarti-katolikusok.de\/index.php\/2024-oktober-14-es-20-kozott\/"},"author":{"name":"Tibor atya","@id":"https:\/\/stuttgarti-katolikusok.de\/#\/schema\/person\/75908d6f8fdc03a57889d27209df7795"},"headline":"2024. OKT\u00d3BER 14 \u00c9S 20 K\u00d6Z\u00d6TT","datePublished":"2024-10-15T10:56:10+00:00","dateModified":"2024-10-15T11:19:23+00:00","mainEntityOfPage":{"@id":"https:\/\/stuttgarti-katolikusok.de\/index.php\/2024-oktober-14-es-20-kozott\/"},"wordCount":179,"image":{"@id":"https:\/\/stuttgarti-katolikusok.de\/index.php\/2024-oktober-14-es-20-kozott\/#primaryimage"},"thumbnailUrl":"https:\/\/stuttgarti-katolikusok.de\/wp-content\/uploads\/2023\/10\/szabadsaghid.jpg","articleSection":["Progamel\u0151zetes"],"inLanguage":"hu"},{"@type":"WebPage","@id":"https:\/\/stuttgarti-katolikusok.de\/index.php\/2024-oktober-14-es-20-kozott\/","url":"https:\/\/stuttgarti-katolikusok.de\/index.php\/2024-oktober-14-es-20-kozott\/","name":"2024. OKT\u00d3BER 14 \u00c9S 20 K\u00d6Z\u00d6TT - Stuttgarti Katolikusok","isPartOf":{"@id":"https:\/\/stuttgarti-katolikusok.de\/#website"},"primaryImageOfPage":{"@id":"https:\/\/stuttgarti-katolikusok.de\/index.php\/2024-oktober-14-es-20-kozott\/#primaryimage"},"image":{"@id":"https:\/\/stuttgarti-katolikusok.de\/index.php\/2024-oktober-14-es-20-kozott\/#primaryimage"},"thumbnailUrl":"https:\/\/stuttgarti-katolikusok.de\/wp-content\/uploads\/2023\/10\/szabadsaghid.jpg","datePublished":"2024-10-15T10:56:10+00:00","dateModified":"2024-10-15T11:19:23+00:00","author":{"@id":"https:\/\/stuttgarti-katolikusok.de\/#\/schema\/person\/75908d6f8fdc03a57889d27209df7795"},"breadcrumb":{"@id":"https:\/\/stuttgarti-katolikusok.de\/index.php\/2024-oktober-14-es-20-kozott\/#breadcrumb"},"inLanguage":"hu","potentialAction":[{"@type":"ReadAction","target":["https:\/\/stuttgarti-katolikusok.de\/index.php\/2024-oktober-14-es-20-kozott\/"]}]},{"@type":"ImageObject","inLanguage":"hu","@id":"https:\/\/stuttgarti-katolikusok.de\/index.php\/2024-oktober-14-es-20-kozott\/#primaryimage","url":"https:\/\/stuttgarti-katolikusok.de\/wp-content\/uploads\/2023\/10\/szabadsaghid.jpg","contentUrl":"https:\/\/stuttgarti-katolikusok.de\/wp-content\/uploads\/2023\/10\/szabadsaghid.jpg","width":1080,"height":769},{"@type":"BreadcrumbList","@id":"https:\/\/stuttgarti-katolikusok.de\/index.php\/2024-oktober-14-es-20-kozott\/#breadcrumb","itemListElement":[{"@type":"ListItem","position":1,"name":"Kezd\u0151lap","item":"https:\/\/stuttgarti-katolikusok.de\/"},{"@type":"ListItem","position":2,"name":"2024. OKT\u00d3BER 14 \u00c9S 20 K\u00d6Z\u00d6TT"}]},{"@type":"WebSite","@id":"https:\/\/stuttgarti-katolikusok.de\/#website","url":"https:\/\/stuttgarti-katolikusok.de\/","name":"Stuttgarti Katolikusok","description":"","potentialAction":[{"@type":"SearchAction","target":{"@type":"EntryPoint","urlTemplate":"https:\/\/stuttgarti-katolikusok.de\/?s={search_term_string}"},"query-input":{"@type":"PropertyValueSpecification","valueRequired":true,"valueName":"search_term_string"}}],"inLanguage":"hu"},{"@type":"Person","@id":"https:\/\/stuttgarti-katolikusok.de\/#\/schema\/person\/75908d6f8fdc03a57889d27209df7795","name":"Tibor atya","image":{"@type":"ImageObject","inLanguage":"hu","@id":"https:\/\/secure.gravatar.com\/avatar\/61d268e57d1f4525b111222e29d2d5a7f8c420fdbf231ba5566a8ceac74fa960?s=96&d=mm&r=g","url":"https:\/\/secure.gravatar.com\/avatar\/61d268e57d1f4525b111222e29d2d5a7f8c420fdbf231ba5566a8ceac74fa960?s=96&d=mm&r=g","contentUrl":"https:\/\/secure.gravatar.com\/avatar\/61d268e57d1f4525b111222e29d2d5a7f8c420fdbf231ba5566a8ceac74fa960?s=96&d=mm&r=g","caption":"Tibor atya"},"url":"https:\/\/stuttgarti-katolikusok.de\/index.php\/author\/tibor-atya\/"}]}},"_links":{"self":[{"href":"https:\/\/stuttgarti-katolikusok.de\/index.php\/wp-json\/wp\/v2\/posts\/29518","targetHints":{"allow":["GET"]}}],"collection":[{"href":"https:\/\/stuttgarti-katolikusok.de\/index.php\/wp-json\/wp\/v2\/posts"}],"about":[{"href":"https:\/\/stuttgarti-katolikusok.de\/index.php\/wp-json\/wp\/v2\/types\/post"}],"author":[{"embeddable":true,"href":"https:\/\/stuttgarti-katolikusok.de\/index.php\/wp-json\/wp\/v2\/users\/3"}],"replies":[{"embeddable":true,"href":"https:\/\/stuttgarti-katolikusok.de\/index.php\/wp-json\/wp\/v2\/comments?post=29518"}],"version-history":[{"count":5,"href":"https:\/\/stuttgarti-katolikusok.de\/index.php\/wp-json\/wp\/v2\/posts\/29518\/revisions"}],"predecessor-version":[{"id":29528,"href":"https:\/\/stuttgarti-katolikusok.de\/index.php\/wp-json\/wp\/v2\/posts\/29518\/revisions\/29528"}],"wp:featuredmedia":[{"embeddable":true,"href":"https:\/\/stuttgarti-katolikusok.de\/index.php\/wp-json\/wp\/v2\/media\/27308"}],"wp:attachment":[{"href":"https:\/\/stuttgarti-katolikusok.de\/index.php\/wp-json\/wp\/v2\/media?parent=29518"}],"wp:term":[{"taxonomy":"category","embeddable":true,"href":"https:\/\/stuttgarti-katolikusok.de\/index.php\/wp-json\/wp\/v2\/categories?post=29518"},{"taxonomy":"post_tag","embeddable":true,"href":"https:\/\/stuttgarti-katolikusok.de\/index.php\/wp-json\/wp\/v2\/tags?post=29518"}],"curies":[{"name":"wp","href":"https:\/\/api.w.org\/{rel}","templated":true}]}}