{"id":29509,"date":"2024-10-12T01:31:33","date_gmt":"2024-10-11T23:31:33","guid":{"rendered":"https:\/\/stuttgarti-katolikusok.de\/?p=29509"},"modified":"2024-10-12T01:31:33","modified_gmt":"2024-10-11T23:31:33","slug":"evkozi-28-vasarnap-2","status":"publish","type":"post","link":"https:\/\/stuttgarti-katolikusok.de\/index.php\/evkozi-28-vasarnap-2\/","title":{"rendered":"\u00c9vk\u00f6zi 28. vas\u00e1rnap"},"content":{"rendered":"<p><span style=\"color: #ff6600;\"><em>Szent P\u00e1l apostol a maga tan\u00edt\u00f3 al\u00e1zat\u00e1ban \u00e9s \u0151szintes\u00e9gben \u00edgy vall \u00f6nmag\u00e1r\u00f3l: &#8222;Tan\u00edt\u00e1som \u00e9s igehirdet\u00e9sem nem a b\u00f6lcsess\u00e9g elragad\u00f3 szavaib\u00f3l \u00e1llt, hanem a l\u00e9lek \u00e9s az er\u0151 bizonys\u00e1g\u00e1b\u00f3l, hogy hiteteknek ne emberi b\u00f6lcsess\u00e9g, hanem Isten ereje legyen az alapja&#8221; (1 Kor 2, 4-5). Legnagyobb kincs\u00fcnk, ha Isten a mi b\u00f6lcsess\u00e9g\u00fcnk forr\u00e1sa.<\/em><\/span><\/p>\n<p><span style=\"color: #ff6600;\"><em>Az olvasm\u00e1nyban a megszem\u00e9lyes\u00edtett B\u00f6lcsess\u00e9gr\u0151l hallhatunk. Ma is helyt\u00e1ll\u00f3 maga az \u00fczenet, k\u00fcl\u00f6n\u00f6sen annak t\u00fckr\u00e9ben, hogy nagyon sokan boldogs\u00e1guk forr\u00e1s\u00e1t a hatalomban, er\u0151ben, gazdags\u00e1gban, eg\u00e9szs\u00e9gben, sz\u00e9ps\u00e9gben l\u00e1tj\u00e1k. Az igazi b\u00f6lcsess\u00e9g olyan, mint a soha ki nem alv\u00f3 f\u00e9ny. Mindig bevil\u00e1g\u00edtja a magunkban \u00e9s magunk k\u00f6r\u00fcl l\u00e9v\u0151 s\u00f6t\u00e9ts\u00e9get. Aki pedig birtok\u00e1ban van az igazi b\u00f6lcsess\u00e9gnek, az egyben m\u00e9rhetetlen kincsre \u00e9s gazdags\u00e1gra tesz szert.<\/em><\/span><\/p>\n<p><span style=\"color: #ff6600;\"><em>A szentlecke Isten szav\u00e1nak teremt\u0151 erej\u00e9r\u0151l sz\u00f3l. Maga a gondolat nem \u00faj, hiszen a Teremt\u00e9s k\u00f6nyve m\u00e1r megeml\u00edti Isten teremt\u0151 szav\u00e1nak erej\u00e9t. Ne feledjem, \u00e9n is rendelkezem a sz\u00f3 teremt\u0151 erej\u00e9vel. \u00c9ljek vele! Ellenben ne \u00e9ljek vissza vele! Amennyiben ezt teszem, el\u0151bb vagy ut\u00f3bb igaztalan \u00e9s puszt\u00edt\u00f3 szavaim k\u00f6vetkezm\u00e9nyeivel szembe kell n\u00e9znem. A gy\u0171l\u00f6let t\u00e1pl\u00e1lta szavak rombolnak \u00e9s \u00f6lnek.\u00a0<\/em><\/span><\/p>\n<p><span style=\"color: #ff6600;\"><em>Kempis Tam\u00e1s &#8222;Krisztus k\u00f6vet\u00e9se&#8221; c\u00edm\u0171 m\u0171ve a kereszt\u00e9ny irodalom egyik legjelent\u0151sebb alkot\u00e1sa, amely a lelki \u00e9let \u00e9s a kereszt\u00e9ny b\u00f6lcsess\u00e9g alapvet\u0151 tan\u00edt\u00e1sait foglalja \u00f6ssze. A k\u00f6nyv n\u00e9gy f\u0151 r\u00e9szre tagol\u00f3dik: az els\u0151 r\u00e9sz a lelki \u00e9let alapjait t\u00e1rgyalja;\u00a0 a m\u00e1sodik r\u00e9sz a bels\u0151 \u00e9letre \u00f6sszpontos\u00edt; a harmadik r\u00e9sz a vigasztal\u00e1sr\u00f3l sz\u00f3l \u00e9s a negyedik r\u00e9sz az Olt\u00e1riszents\u00e9gr\u0151l \u00e9rtekezik.\u00a0Kempis Tam\u00e1s m\u0171ve teh\u00e1t a t\u00f6k\u00e9letess\u00e9g minden fok\u00e1t \u00e9s \u00fatj\u00e1t \u00e9rinti.\u00a0<\/em><\/span><\/p>\n<p><span style=\"color: #ff6600;\"><em>Az evang\u00e9liumi jelenet, melyet M\u00e1rk evang\u00e9lista meg\u00f6r\u00f6k\u00edt egy k\u00fcl\u00f6nleges helyzetet. Egy gazdag ifj\u00far\u00f3l van sz\u00f3, akinek l\u00e1tsz\u00f3lag minden megvan, nem szenved hi\u00e1nyt semmiben sem, m\u00e9gsem boldog. S ezt az ifj\u00fat r\u00e1ad\u00e1sul J\u00e9zus meg is kedveli. \u00c9rdekes J\u00e9zus tan\u00e1csa az ifj\u00fanak: &#8222;Valami hi\u00e1nyzik m\u00e9g bel\u0151led. Menj, add el, amid van&#8230; Azt\u00e1n gyere \u00e9s k\u00f6vess engem!&#8221;\u00a0<\/em><\/span><\/p>\n<p><span style=\"color: #ff6600;\"><em>Assisi Szent Ferenc meg\u00e9lte ezt az evang\u00e9liumi jelenetet, amikoris meztelenre vetk\u0151zve a szeg\u00e9nys\u00e9g radik\u00e1lis v\u00e1llal\u00e1s\u00e1t v\u00e1lasztotta. Sz\u00e1m\u00e1ra ez a szimbolikus cselekedet a teljes szabads\u00e1g \u00e9s f\u00fcggetlens\u00e9g, s az abban val\u00f3 boldogs\u00e1g meg\u00e9l\u00e9se \u00e9s megtapasztal\u00e1sa.\u00a0<\/em><\/span><\/p>\n<p><span style=\"color: #ff6600;\"><em>Szabadnak \u00e9s f\u00fcggetlennek lenni! Mindent\u0151l \u00e9s mindenkit\u0151l. Ez az igazi boldogs\u00e1g, a bens\u0151, a l\u00e9lek szabads\u00e1ga \u00e9s boldogs\u00e1ga.<\/em><\/span><\/p>\n<p><span style=\"color: #008000;\">Kezd\u0151\u00e9nek:<\/span><br \/>\nHa v\u00e9tkeinket sz\u00e1mon tartod, Uram, Uram, ki az, aki el\u0151tted meg\u00e1llhat? \u00c1m n\u00e1lad mindig k\u00e9sz a megbocs\u00e1jt\u00e1s, Izrael Istene. (Zsolt 129,3-4)<\/p>\n<p><span style=\"color: #008000;\">K\u00f6ny\u00f6rg\u00e9s:<\/span><br \/>\nUrunk, Isten\u00fcnk, kegyelmed mindenkor ind\u00edtson \u00e9s k\u00eds\u00e9rjen minket, hogy figyelm\u00fcnk sz\u00fcntelen\u00fcl a j\u00f3tettekre ir\u00e1nyuljon. A mi Urunk, J\u00e9zus Krisztus, a te Fiad \u00e1ltal, aki veled \u00e9l \u00e9s uralkodik a Szentl\u00e9lekkel egys\u00e9gben, Isten mind\u00f6r\u00f6kk\u00f6n \u00f6r\u00f6kk\u00e9.<\/p>\n<p><span style=\"color: #008000;\">OLVASM\u00c1NY a B\u00f6lcsess\u00e9g k\u00f6nyv\u00e9b\u0151l (B\u00f6lcs 7,7-11)<\/span><br \/>\nK\u00f6ny\u00f6r\u00f6gtem, \u00e9s megkaptam az okoss\u00e1got; esdekeltem, \u00e9s lesz\u00e1llt r\u00e1m a b\u00f6lcsess\u00e9g lelke. T\u00f6bbre becs\u00fcltem a jogarn\u00e1l \u00e9s a tr\u00f3nn\u00e1l, \u00e9s hozz\u00e1 m\u00e9rten semminek tartottam a gazdags\u00e1got. A f\u00f6lbecs\u00fclhetetlen dr\u00e1gak\u00f6vet sem \u00e1ll\u00edtottam vele egy sorba, mert mellette minden arany csak egy mar\u00e9k homok, \u00e9s vele \u00f6sszem\u00e9rve az ez\u00fcst csak s\u00e1rnak sz\u00e1m\u00edt. Jobban szerettem az eg\u00e9szs\u00e9gn\u00e9l \u00e9s a sz\u00e9ps\u00e9gn\u00e9l, \u00e9s birtokl\u00e1s\u00e1t a vil\u00e1goss\u00e1gn\u00e1l is t\u00f6bbre tartottam; mert a f\u00e9ny, amely bel\u0151le \u00e1rad, nem alszik ki soha. De a b\u00f6lcsess\u00e9ggel egy\u00fctt a t\u00f6bbi javak is mind hozz\u00e1m j\u00f6ttek, \u00e9s m\u00e9rhetetlen gazdags\u00e1got kaptam t\u0151le.<br \/>\nEz az Isten ig\u00e9je.<\/p>\n<p><span style=\"color: #008000;\">V\u00c1LASZOS ZSOLT\u00c1R (Zsolt 89,12-13.14-15.16-17)<\/span><br \/>\nV\u00e1lasz:\u00a0<strong>\u00c1<\/strong><strong>raszd r<\/strong><strong>\u00e1nk irgal<u>ma<\/u>dat, Urunk, * hogy mindenkor uj<u>jong<\/u>junk.<\/strong>\u00a0(4g. t\u00f3nus.)<br \/>\nEl\u0151\u00e9nekes: Tan\u00edts meg sz\u00e1mot vetni nap<u>ja<\/u>ink sor\u00e1val, * hogy b\u00f6lcsess\u00e9gre nevelj\u00fck sz\u00ed<u>v<\/u><u>\u00fcn<\/u>ket.<br \/>\nT\u00e9rj hozz\u00e1nk, Urunk,\u00a0<u>med<\/u>dig v\u00e1rsz m\u00e9g? * L\u00e9gy k\u00f6ny\u00f6r\u00fcletes szolg\u00e1id<u>hoz<\/u>.<br \/>\nH\u00edvek:\u00a0<strong>\u00c1<\/strong><strong>raszd r<\/strong><strong>\u00e1nk irgal<u>ma<\/u>dat, Urunk, * hogy mindenkor uj<u>jong<\/u>junk.<\/strong><br \/>\nE: \u00c1raszd r\u00e1nk\u00a0<u>ir<\/u>galmadat, * hogy mindenkor \u00f6rvendj\u00fcnk \u00e9s uj<u>jong<\/u>junk!<br \/>\nVid\u00e1m\u00edts fel a napok\u00e9rt, melyeken mega<u>l<\/u><u>\u00e1z<\/u>t\u00e1l minket, * az \u00e9vek\u00e9rt, amikor sok bajt l\u00e1t<u>tunk<\/u>.<br \/>\nH:\u00a0<strong>\u00c1<\/strong><strong>raszd r<\/strong><strong>\u00e1nk irgal<u>ma<\/u>dat, Urunk, * hogy mindenkor uj<u>jong<\/u>junk.<\/strong><br \/>\nE: L\u00e1ss\u00e1k meg, amit szolg\u00e1<u>i<\/u>d\u00e9rt m\u0171velt\u00e9l, * dics\u0151s\u00e9ged t\u00e1rd fel gyermekeik e<u>l<\/u><u>\u0151tt<\/u>.<br \/>\nRagyogjon f\u00f6l\u00f6tt\u00fcnk Urunknak, Isten\u00fcnknek j\u00f3<u>s<\/u><u>\u00e1<\/u>ga, \u2020 \u00e1ldott legyen kez\u00fcnk\u00a0<u>min<\/u>den m\u0171ve, * k\u00eds\u00e9rje \u00e1ld\u00e1sod kez\u00fcnk minden mun<u>k<\/u><u>\u00e1<\/u>j\u00e1t!<br \/>\nH:\u00a0<strong>\u00c1<\/strong><strong>raszd r<\/strong><strong>\u00e1nk irgal<u>ma<\/u>dat, Urunk, * hogy mindenkor uj<u>jong<\/u>junk.<\/strong><\/p>\n<p><span style=\"color: #008000;\">SZENTLECKE a Zsid\u00f3khoz \u00edrt lev\u00e9lb\u0151l (Zsid 4,12-13)<\/span><br \/>\nTestv\u00e9reim!<br \/>\nAz Isten szava eleven, \u00e1that\u00f3, \u00e9s minden k\u00e9t\u00e9l\u0171 kardn\u00e1l \u00e9lesebb, behatol a l\u00e9lek \u00e9s a szellem, az \u00edz \u00e9s a vel\u0151 gy\u00f6ker\u00e9ig, meg\u00edt\u00e9li a sz\u00edv gondolatait \u00e9s \u00e9rz\u00e9seit. Semmilyen teremtett dolog nem marad el\u0151tte rejtve. Minden f\u00f6l van fedve \u00e9s nyitva van az el\u0151tt, akinek sz\u00e1mad\u00e1ssal tartozunk.<br \/>\nEz az Isten ig\u00e9je.<\/p>\n<p><span style=\"color: #008000;\">ALLELUJA<\/span><br \/>\nBoldogok, akik l\u00e9lekben szeg\u00e9nyek, * mert \u00f6v\u00e9k a mennyek orsz\u00e1ga. (Mt 5,3 \u2013 4g. t\u00f3nus.)<\/p>\n<p><span style=\"color: #008000;\">\u2020 EVANG\u00c9LIUM Szent M\u00e1rk k\u00f6nyv\u00e9b\u0151l (Mk 10,17-30)<\/span><br \/>\nAbban az id\u0151ben amikor J\u00e9zus \u00fatnak indult, odasietett hozz\u00e1 valaki, t\u00e9rdre borult el\u0151tte, \u00e9s \u00fagy k\u00e9rdezte: \u201eJ\u00f3 Mester! Mit tegyek, hogy elnyerjem az \u00f6r\u00f6k \u00e9letet?\u201d<br \/>\nJ\u00e9zus megk\u00e9rdezte: \u201eMi\u00e9rt mondasz engem j\u00f3nak? Senki sem j\u00f3, csak az Isten. Ismered a parancsokat: Ne \u00f6lj! Ne t\u00f6rj h\u00e1zass\u00e1got! Ne lopj! Ne tan\u00faskodj hamisan! Ne csalj! Tiszteld ap\u00e1dat \u00e9s any\u00e1dat!\u201d<br \/>\nEkkor az \u00edgy v\u00e1laszolt: \u201eMester, ezeket mind megtartottam kora ifj\u00fas\u00e1gomt\u00f3l fogva.\u201d<br \/>\nJ\u00e9zus r\u00e1n\u00e9zett \u00e9s megkedvelte. Ezt mondta neki: \u201eValami hi\u00e1nyzik m\u00e9g bel\u0151led. Menj, add el, amid van, oszd sz\u00e9t a szeg\u00e9nyek k\u00f6zt, \u00e9s \u00edgy kincsed lesz az \u00e9gben. Azt\u00e1n gyere \u00e9s k\u00f6vess engem!\u201d<br \/>\nEnnek hallat\u00e1ra \u0151 elszomorodott, \u00e9s leverten t\u00e1vozott, mert nagy vagyona volt.<br \/>\nJ\u00e9zus ekkor k\u00f6r\u00fcln\u00e9zett, \u00e9s \u00edgy sz\u00f3lt tan\u00edtv\u00e1nyaihoz: \u201eMilyen nehezen jut be a gazdag az Isten orsz\u00e1g\u00e1ba!\u201d A tan\u00edtv\u00e1nyok megd\u00f6bbentek szavain. J\u00e9zus azonban megism\u00e9telte: \u201eFiaim, milyen neh\u00e9z bejutni a gazdagoknak az Isten orsz\u00e1g\u00e1ba! K\u00f6nnyebb a tev\u00e9nek \u00e1tmenni a t\u0171 fok\u00e1n, mint a gazdagnak bejutni az Isten orsz\u00e1g\u00e1ba.\u201d<br \/>\nAzok m\u00e9g jobban csod\u00e1lkoztak, \u00e9s k\u00e9rdezgett\u00e9k egym\u00e1st: \u201eH\u00e1t akkor ki \u00fcdv\u00f6z\u00fclhet?\u201d<br \/>\nJ\u00e9zus r\u00e1juk n\u00e9zett \u00e9s folytatta: \u201eEmbernek lehetetlen ez, de Istennek nem. Mert Istennek minden lehets\u00e9ges.\u201d <span style=\"color: #008000;\"><strong>*<\/strong><\/span><br \/>\nEkkor P\u00e9ter megsz\u00f3lalt \u00e9s ezt mondta neki: \u201eN\u00e9zd, mi mindent elhagytunk, \u00e9s k\u00f6vett\u00fcnk t\u00e9ged.\u201d<br \/>\nJ\u00e9zus \u00edgy v\u00e1laszolt: \u201eBizony mondom nektek, mindenki, aki \u00e9rtem \u00e9s az evang\u00e9lium\u00e9rt elhagyja otthon\u00e1t, testv\u00e9reit, anyj\u00e1t, apj\u00e1t, gyermekeit vagy f\u00f6ldj\u00e9t, sz\u00e1zannyit kap, most, ezen a vil\u00e1gon otthont, testv\u00e9rt, any\u00e1t, ap\u00e1t, gyermeket \u00e9s f\u00f6ldet \u2013 b\u00e1r \u00fcld\u00f6z\u00e9sek k\u00f6zepette \u2013, az elj\u00f6vend\u0151 vil\u00e1gban pedig \u00f6r\u00f6k \u00e9letet.\u201d<br \/>\nEzek az evang\u00e9lium ig\u00e9i.<\/p>\n<p><span style=\"color: #008000;\"><em>Vagy r<\/em><em>\u00f6videbb forma:<\/em>\u00a0Mk 10,17-27 a *-ig<\/span><\/p>\n<p><span style=\"color: #008000;\">EGYETEMES K\u00d6NY\u00d6RG\u00c9SEK<\/span><br \/>\nPap: K\u00e9rj\u00fck, testv\u00e9reim, mennyei Aty\u00e1nkt\u00f3l a b\u00f6lcsess\u00e9g aj\u00e1nd\u00e9k\u00e1t, hogy az \u00e9let igazi \u00e9rt\u00e9keit felismerj\u00fck!<br \/>\nLektor: 1. Adj, Urunk, b\u00f6lcsess\u00e9get az embereknek, hogy helyesen \u00e9rt\u00e9kelj\u00e9k a f\u00f6ldi javakat!<br \/>\nH\u00edvek: K\u00e9r\u00fcnk t\u00e9ged, hallgass meg minket!<br \/>\n2. Adj, Urunk, Egyh\u00e1zadnak \u00f6nzetlen igehirdet\u0151ket az evang\u00e9lium terjeszt\u00e9s\u00e9re!<br \/>\nH\u00edvek: K\u00e9r\u00fcnk t\u00e9ged . . .<br \/>\n3. Add, Urunk, hogy az \u00e1llamf\u00e9rfiak b\u00f6lcsen vezess\u00e9k n\u00e9peiket a f\u00f6ldi boldogul\u00e1s \u00fatj\u00e1n!<br \/>\nH\u00edvek: K\u00e9r\u00fcnk t\u00e9ged . . .<br \/>\n4. Adj, Urunk, b\u00f6lcsess\u00e9get a fiataloknak, akiket papjaid \u00e9s szerzeteseid sor\u00e1ba h\u00edvsz, hogy mindent elhagyva k\u00f6vess\u00e9k szent Fiadat!<br \/>\nH\u00edvek: K\u00e9r\u00fcnk t\u00e9ged . . .<br \/>\n5. Add, Urunk, hogy az \u00edt\u00e9let napj\u00e1n nyugodtan adhassunk sz\u00e1mot a f\u00f6ldi javak haszn\u00e1lat\u00e1r\u00f3l!<br \/>\nH\u00edvek: K\u00e9r\u00fcnk t\u00e9ged . . .<br \/>\nPap: Mennyei Aty\u00e1nk! Adj nek\u00fcnk b\u00f6lcsess\u00e9get, hogy tan\u00edt\u00e1sod szerint mindig az igaz \u00e9rt\u00e9keket v\u00e1lasszuk, a hamisakat pedig elvess\u00fck! Krisztus, a mi Urunk \u00e1ltal.<br \/>\nH\u00edvek: \u00c1men.<\/p>\n<p><span style=\"color: #008000;\">Felaj\u00e1nl\u00f3 k\u00f6ny\u00f6rg\u00e9s:<\/span><br \/>\nUrunk, Isten\u00fcnk, fogadd el h\u00edveid k\u00f6ny\u00f6rg\u00e9seit \u00e9s ezeket a felaj\u00e1nlott \u00e1ldozati adom\u00e1nyokat, hogy odaad\u00f3 szolg\u00e1latunk r\u00e9v\u00e9n a mennyei dics\u0151s\u00e9gbe jussunk. Krisztus, a mi Urunk \u00e1ltal.<\/p>\n<p>&nbsp;<\/p>\n<p><span style=\"color: #008000;\">\u00c1ldoz\u00e1si \u00e9nek:<\/span><br \/>\nA gazdagok nyomorba juthatnak \u00e9s \u00e9hezhetnek; de az Urat keres\u0151k nem szenvednek hi\u00e1nyt semmi j\u00f3ban. (V\u00f6. Zsolt 33,11)<br \/>\n<span style=\"color: #008000;\"><em>Vagy<\/em><\/span><br \/>\nAmikor ism\u00e9t megjelenik az \u00dar, hasonl\u00f3k lesz\u00fcnk hozz\u00e1, mert \u00fagy l\u00e1tjuk majd \u0151t, amint van. (1Jn 3,2)<\/p>\n<p><span style=\"color: #008000;\">\u00c1ldoz\u00e1s ut\u00e1ni k\u00f6ny\u00f6rg\u00e9s:<\/span><br \/>\nK\u00e9rve k\u00e9rj\u00fck F\u00f6ls\u00e9gedet, Urunk, Isten\u00fcnk, hogy amint Fiad szent Test\u00e9vel \u00e9s V\u00e9r\u00e9vel t\u00e1pl\u00e1lsz, t\u00e9gy minket az isteni \u00e9let r\u00e9szes\u00e9v\u00e9. Krisztus, a mi Urunk \u00e1ltal.<\/p>\n<p>&nbsp;<\/p>\n","protected":false},"excerpt":{"rendered":"<p>Szent P\u00e1l apostol a maga tan\u00edt\u00f3 al\u00e1zat\u00e1ban \u00e9s \u0151szintes\u00e9gben \u00edgy vall \u00f6nmag\u00e1r\u00f3l: &#8222;Tan\u00edt\u00e1som \u00e9s igehirdet\u00e9sem nem a b\u00f6lcsess\u00e9g elragad\u00f3 szavaib\u00f3l \u00e1llt, hanem a l\u00e9lek \u00e9s az er\u0151 bizonys\u00e1g\u00e1b\u00f3l, hogy hiteteknek ne emberi b\u00f6lcsess\u00e9g, hanem Isten ereje legyen az alapja&#8221; (1 Kor 2, 4-5). Legnagyobb kincs\u00fcnk, ha Isten a mi b\u00f6lcsess\u00e9g\u00fcnk forr\u00e1sa. Az olvasm\u00e1nyban a megszem\u00e9lyes\u00edtett B\u00f6lcsess\u00e9gr\u0151l hallhatunk. Ma is helyt\u00e1ll\u00f3 maga az \u00fczenet, k\u00fcl\u00f6n\u00f6sen annak t\u00fckr\u00e9ben, hogy nagyon sokan boldogs\u00e1guk forr\u00e1s\u00e1t a hatalomban, er\u0151ben, gazdags\u00e1gban, eg\u00e9szs\u00e9gben, sz\u00e9ps\u00e9gben l\u00e1tj\u00e1k. Az igazi b\u00f6lcsess\u00e9g olyan, mint a soha ki nem alv\u00f3 f\u00e9ny. Mindig bevil\u00e1g\u00edtja a magunkban \u00e9s magunk k\u00f6r\u00fcl l\u00e9v\u0151 s\u00f6t\u00e9ts\u00e9get. Aki pedig birtok\u00e1ban van az igazi b\u00f6lcsess\u00e9gnek, az egyben m\u00e9rhetetlen kincsre \u00e9s gazdags\u00e1gra tesz szert. A szentlecke Isten szav\u00e1nak teremt\u0151 erej\u00e9r\u0151l sz\u00f3l. Maga a gondolat nem \u00faj, hiszen a Teremt\u00e9s k\u00f6nyve m\u00e1r megeml\u00edti Isten teremt\u0151 szav\u00e1nak erej\u00e9t. Ne feledjem, \u00e9n is rendelkezem a sz\u00f3 teremt\u0151 erej\u00e9vel. \u00c9ljek vele! Ellenben ne \u00e9ljek vissza vele! Amennyiben ezt teszem, el\u0151bb vagy ut\u00f3bb igaztalan \u00e9s puszt\u00edt\u00f3 szavaim k\u00f6vetkezm\u00e9nyeivel szembe kell n\u00e9znem. A gy\u0171l\u00f6let t\u00e1pl\u00e1lta szavak rombolnak \u00e9s \u00f6lnek.\u00a0 Kempis Tam\u00e1s &#8222;Krisztus k\u00f6vet\u00e9se&#8221; c\u00edm\u0171 m\u0171ve a kereszt\u00e9ny irodalom egyik legjelent\u0151sebb alkot\u00e1sa, amely a lelki \u00e9let \u00e9s a kereszt\u00e9ny b\u00f6lcsess\u00e9g alapvet\u0151 tan\u00edt\u00e1sait foglalja \u00f6ssze. A k\u00f6nyv n\u00e9gy f\u0151 r\u00e9szre tagol\u00f3dik: az els\u0151 r\u00e9sz a lelki \u00e9let alapjait t\u00e1rgyalja;\u00a0 a m\u00e1sodik r\u00e9sz a bels\u0151 \u00e9letre \u00f6sszpontos\u00edt; a harmadik r\u00e9sz a vigasztal\u00e1sr\u00f3l sz\u00f3l \u00e9s a negyedik r\u00e9sz az Olt\u00e1riszents\u00e9gr\u0151l \u00e9rtekezik.\u00a0Kempis Tam\u00e1s m\u0171ve teh\u00e1t a t\u00f6k\u00e9letess\u00e9g minden fok\u00e1t \u00e9s \u00fatj\u00e1t \u00e9rinti.\u00a0 Az evang\u00e9liumi jelenet, melyet M\u00e1rk evang\u00e9lista meg\u00f6r\u00f6k\u00edt egy k\u00fcl\u00f6nleges helyzetet. Egy gazdag ifj\u00far\u00f3l van sz\u00f3, akinek l\u00e1tsz\u00f3lag minden megvan, nem szenved hi\u00e1nyt semmiben sem, m\u00e9gsem boldog. S ezt az ifj\u00fat r\u00e1ad\u00e1sul J\u00e9zus meg is kedveli. \u00c9rdekes J\u00e9zus tan\u00e1csa az ifj\u00fanak: &#8222;Valami hi\u00e1nyzik m\u00e9g bel\u0151led. Menj, add el, amid van&#8230; Azt\u00e1n gyere \u00e9s k\u00f6vess engem!&#8221;\u00a0 Assisi Szent Ferenc meg\u00e9lte ezt az&#8230; <\/p>\n<p><a class=\"readmore\" href=\"https:\/\/stuttgarti-katolikusok.de\/index.php\/evkozi-28-vasarnap-2\/\">R\u00e9szletek<\/a><\/p>\n","protected":false},"author":3,"featured_media":23808,"comment_status":"closed","ping_status":"closed","sticky":false,"template":"","format":"standard","meta":{"footnotes":""},"categories":[85,63],"tags":[],"class_list":["post-29509","post","type-post","status-publish","format-standard","has-post-thumbnail","hentry","category-a-liturgia-olvasmanyai","category-vasarnapi-gondolatok"],"yoast_head":"<!-- This site is optimized with the Yoast SEO plugin v27.3 - https:\/\/yoast.com\/product\/yoast-seo-wordpress\/ -->\n<title>\u00c9vk\u00f6zi 28. vas\u00e1rnap - Stuttgarti Katolikusok<\/title>\n<meta name=\"robots\" content=\"index, follow, max-snippet:-1, max-image-preview:large, max-video-preview:-1\" \/>\n<link rel=\"canonical\" href=\"https:\/\/stuttgarti-katolikusok.de\/index.php\/evkozi-28-vasarnap-2\/\" \/>\n<meta property=\"og:locale\" content=\"hu_HU\" \/>\n<meta property=\"og:type\" content=\"article\" \/>\n<meta property=\"og:title\" content=\"\u00c9vk\u00f6zi 28. vas\u00e1rnap - Stuttgarti Katolikusok\" \/>\n<meta property=\"og:description\" content=\"Szent P\u00e1l apostol a maga tan\u00edt\u00f3 al\u00e1zat\u00e1ban \u00e9s \u0151szintes\u00e9gben \u00edgy vall \u00f6nmag\u00e1r\u00f3l: &#8222;Tan\u00edt\u00e1som \u00e9s igehirdet\u00e9sem nem a b\u00f6lcsess\u00e9g elragad\u00f3 szavaib\u00f3l \u00e1llt, hanem a l\u00e9lek \u00e9s az er\u0151 bizonys\u00e1g\u00e1b\u00f3l, hogy hiteteknek ne emberi b\u00f6lcsess\u00e9g, hanem Isten ereje legyen az alapja&#8221; (1 Kor 2, 4-5). Legnagyobb kincs\u00fcnk, ha Isten a mi b\u00f6lcsess\u00e9g\u00fcnk forr\u00e1sa. Az olvasm\u00e1nyban a megszem\u00e9lyes\u00edtett B\u00f6lcsess\u00e9gr\u0151l hallhatunk. Ma is helyt\u00e1ll\u00f3 maga az \u00fczenet, k\u00fcl\u00f6n\u00f6sen annak t\u00fckr\u00e9ben, hogy nagyon sokan boldogs\u00e1guk forr\u00e1s\u00e1t a hatalomban, er\u0151ben, gazdags\u00e1gban, eg\u00e9szs\u00e9gben, sz\u00e9ps\u00e9gben l\u00e1tj\u00e1k. Az igazi b\u00f6lcsess\u00e9g olyan, mint a soha ki nem alv\u00f3 f\u00e9ny. Mindig bevil\u00e1g\u00edtja a magunkban \u00e9s magunk k\u00f6r\u00fcl l\u00e9v\u0151 s\u00f6t\u00e9ts\u00e9get. Aki pedig birtok\u00e1ban van az igazi b\u00f6lcsess\u00e9gnek, az egyben m\u00e9rhetetlen kincsre \u00e9s gazdags\u00e1gra tesz szert. A szentlecke Isten szav\u00e1nak teremt\u0151 erej\u00e9r\u0151l sz\u00f3l. Maga a gondolat nem \u00faj, hiszen a Teremt\u00e9s k\u00f6nyve m\u00e1r megeml\u00edti Isten teremt\u0151 szav\u00e1nak erej\u00e9t. Ne feledjem, \u00e9n is rendelkezem a sz\u00f3 teremt\u0151 erej\u00e9vel. \u00c9ljek vele! Ellenben ne \u00e9ljek vissza vele! Amennyiben ezt teszem, el\u0151bb vagy ut\u00f3bb igaztalan \u00e9s puszt\u00edt\u00f3 szavaim k\u00f6vetkezm\u00e9nyeivel szembe kell n\u00e9znem. A gy\u0171l\u00f6let t\u00e1pl\u00e1lta szavak rombolnak \u00e9s \u00f6lnek.\u00a0 Kempis Tam\u00e1s &#8222;Krisztus k\u00f6vet\u00e9se&#8221; c\u00edm\u0171 m\u0171ve a kereszt\u00e9ny irodalom egyik legjelent\u0151sebb alkot\u00e1sa, amely a lelki \u00e9let \u00e9s a kereszt\u00e9ny b\u00f6lcsess\u00e9g alapvet\u0151 tan\u00edt\u00e1sait foglalja \u00f6ssze. A k\u00f6nyv n\u00e9gy f\u0151 r\u00e9szre tagol\u00f3dik: az els\u0151 r\u00e9sz a lelki \u00e9let alapjait t\u00e1rgyalja;\u00a0 a m\u00e1sodik r\u00e9sz a bels\u0151 \u00e9letre \u00f6sszpontos\u00edt; a harmadik r\u00e9sz a vigasztal\u00e1sr\u00f3l sz\u00f3l \u00e9s a negyedik r\u00e9sz az Olt\u00e1riszents\u00e9gr\u0151l \u00e9rtekezik.\u00a0Kempis Tam\u00e1s m\u0171ve teh\u00e1t a t\u00f6k\u00e9letess\u00e9g minden fok\u00e1t \u00e9s \u00fatj\u00e1t \u00e9rinti.\u00a0 Az evang\u00e9liumi jelenet, melyet M\u00e1rk evang\u00e9lista meg\u00f6r\u00f6k\u00edt egy k\u00fcl\u00f6nleges helyzetet. Egy gazdag ifj\u00far\u00f3l van sz\u00f3, akinek l\u00e1tsz\u00f3lag minden megvan, nem szenved hi\u00e1nyt semmiben sem, m\u00e9gsem boldog. S ezt az ifj\u00fat r\u00e1ad\u00e1sul J\u00e9zus meg is kedveli. \u00c9rdekes J\u00e9zus tan\u00e1csa az ifj\u00fanak: &#8222;Valami hi\u00e1nyzik m\u00e9g bel\u0151led. Menj, add el, amid van&#8230; Azt\u00e1n gyere \u00e9s k\u00f6vess engem!&#8221;\u00a0 Assisi Szent Ferenc meg\u00e9lte ezt az... R\u00e9szletek\" \/>\n<meta property=\"og:url\" content=\"https:\/\/stuttgarti-katolikusok.de\/index.php\/evkozi-28-vasarnap-2\/\" \/>\n<meta property=\"og:site_name\" content=\"Stuttgarti Katolikusok\" \/>\n<meta property=\"article:published_time\" content=\"2024-10-11T23:31:33+00:00\" \/>\n<meta property=\"og:image\" content=\"https:\/\/stuttgarti-katolikusok.de\/wp-content\/uploads\/2022\/10\/whatsapp-kep-2022-10-18-095449.jpg\" \/>\n\t<meta property=\"og:image:width\" content=\"2000\" \/>\n\t<meta property=\"og:image:height\" content=\"1269\" \/>\n\t<meta property=\"og:image:type\" content=\"image\/jpeg\" \/>\n<meta name=\"author\" content=\"Tibor atya\" \/>\n<meta name=\"twitter:card\" content=\"summary_large_image\" \/>\n<meta name=\"twitter:label1\" content=\"Szerz\u0151:\" \/>\n\t<meta name=\"twitter:data1\" content=\"Tibor atya\" \/>\n\t<meta name=\"twitter:label2\" content=\"Becs\u00fclt olvas\u00e1si id\u0151\" \/>\n\t<meta name=\"twitter:data2\" content=\"7 perc\" \/>\n<script type=\"application\/ld+json\" class=\"yoast-schema-graph\">{\"@context\":\"https:\\\/\\\/schema.org\",\"@graph\":[{\"@type\":\"Article\",\"@id\":\"https:\\\/\\\/stuttgarti-katolikusok.de\\\/index.php\\\/evkozi-28-vasarnap-2\\\/#article\",\"isPartOf\":{\"@id\":\"https:\\\/\\\/stuttgarti-katolikusok.de\\\/index.php\\\/evkozi-28-vasarnap-2\\\/\"},\"author\":{\"name\":\"Tibor atya\",\"@id\":\"https:\\\/\\\/stuttgarti-katolikusok.de\\\/#\\\/schema\\\/person\\\/75908d6f8fdc03a57889d27209df7795\"},\"headline\":\"\u00c9vk\u00f6zi 28. vas\u00e1rnap\",\"datePublished\":\"2024-10-11T23:31:33+00:00\",\"mainEntityOfPage\":{\"@id\":\"https:\\\/\\\/stuttgarti-katolikusok.de\\\/index.php\\\/evkozi-28-vasarnap-2\\\/\"},\"wordCount\":1719,\"image\":{\"@id\":\"https:\\\/\\\/stuttgarti-katolikusok.de\\\/index.php\\\/evkozi-28-vasarnap-2\\\/#primaryimage\"},\"thumbnailUrl\":\"https:\\\/\\\/stuttgarti-katolikusok.de\\\/wp-content\\\/uploads\\\/2022\\\/10\\\/whatsapp-kep-2022-10-18-095449.jpg\",\"articleSection\":[\"A liturgia olvasm\u00e1nyai\",\"Vas\u00e1rnapi gondolatok\"],\"inLanguage\":\"hu\"},{\"@type\":\"WebPage\",\"@id\":\"https:\\\/\\\/stuttgarti-katolikusok.de\\\/index.php\\\/evkozi-28-vasarnap-2\\\/\",\"url\":\"https:\\\/\\\/stuttgarti-katolikusok.de\\\/index.php\\\/evkozi-28-vasarnap-2\\\/\",\"name\":\"\u00c9vk\u00f6zi 28. vas\u00e1rnap - Stuttgarti Katolikusok\",\"isPartOf\":{\"@id\":\"https:\\\/\\\/stuttgarti-katolikusok.de\\\/#website\"},\"primaryImageOfPage\":{\"@id\":\"https:\\\/\\\/stuttgarti-katolikusok.de\\\/index.php\\\/evkozi-28-vasarnap-2\\\/#primaryimage\"},\"image\":{\"@id\":\"https:\\\/\\\/stuttgarti-katolikusok.de\\\/index.php\\\/evkozi-28-vasarnap-2\\\/#primaryimage\"},\"thumbnailUrl\":\"https:\\\/\\\/stuttgarti-katolikusok.de\\\/wp-content\\\/uploads\\\/2022\\\/10\\\/whatsapp-kep-2022-10-18-095449.jpg\",\"datePublished\":\"2024-10-11T23:31:33+00:00\",\"author\":{\"@id\":\"https:\\\/\\\/stuttgarti-katolikusok.de\\\/#\\\/schema\\\/person\\\/75908d6f8fdc03a57889d27209df7795\"},\"breadcrumb\":{\"@id\":\"https:\\\/\\\/stuttgarti-katolikusok.de\\\/index.php\\\/evkozi-28-vasarnap-2\\\/#breadcrumb\"},\"inLanguage\":\"hu\",\"potentialAction\":[{\"@type\":\"ReadAction\",\"target\":[\"https:\\\/\\\/stuttgarti-katolikusok.de\\\/index.php\\\/evkozi-28-vasarnap-2\\\/\"]}]},{\"@type\":\"ImageObject\",\"inLanguage\":\"hu\",\"@id\":\"https:\\\/\\\/stuttgarti-katolikusok.de\\\/index.php\\\/evkozi-28-vasarnap-2\\\/#primaryimage\",\"url\":\"https:\\\/\\\/stuttgarti-katolikusok.de\\\/wp-content\\\/uploads\\\/2022\\\/10\\\/whatsapp-kep-2022-10-18-095449.jpg\",\"contentUrl\":\"https:\\\/\\\/stuttgarti-katolikusok.de\\\/wp-content\\\/uploads\\\/2022\\\/10\\\/whatsapp-kep-2022-10-18-095449.jpg\",\"width\":2000,\"height\":1269},{\"@type\":\"BreadcrumbList\",\"@id\":\"https:\\\/\\\/stuttgarti-katolikusok.de\\\/index.php\\\/evkozi-28-vasarnap-2\\\/#breadcrumb\",\"itemListElement\":[{\"@type\":\"ListItem\",\"position\":1,\"name\":\"Kezd\u0151lap\",\"item\":\"https:\\\/\\\/stuttgarti-katolikusok.de\\\/\"},{\"@type\":\"ListItem\",\"position\":2,\"name\":\"\u00c9vk\u00f6zi 28. vas\u00e1rnap\"}]},{\"@type\":\"WebSite\",\"@id\":\"https:\\\/\\\/stuttgarti-katolikusok.de\\\/#website\",\"url\":\"https:\\\/\\\/stuttgarti-katolikusok.de\\\/\",\"name\":\"Stuttgarti Katolikusok\",\"description\":\"\",\"potentialAction\":[{\"@type\":\"SearchAction\",\"target\":{\"@type\":\"EntryPoint\",\"urlTemplate\":\"https:\\\/\\\/stuttgarti-katolikusok.de\\\/?s={search_term_string}\"},\"query-input\":{\"@type\":\"PropertyValueSpecification\",\"valueRequired\":true,\"valueName\":\"search_term_string\"}}],\"inLanguage\":\"hu\"},{\"@type\":\"Person\",\"@id\":\"https:\\\/\\\/stuttgarti-katolikusok.de\\\/#\\\/schema\\\/person\\\/75908d6f8fdc03a57889d27209df7795\",\"name\":\"Tibor atya\",\"image\":{\"@type\":\"ImageObject\",\"inLanguage\":\"hu\",\"@id\":\"https:\\\/\\\/secure.gravatar.com\\\/avatar\\\/61d268e57d1f4525b111222e29d2d5a7f8c420fdbf231ba5566a8ceac74fa960?s=96&d=mm&r=g\",\"url\":\"https:\\\/\\\/secure.gravatar.com\\\/avatar\\\/61d268e57d1f4525b111222e29d2d5a7f8c420fdbf231ba5566a8ceac74fa960?s=96&d=mm&r=g\",\"contentUrl\":\"https:\\\/\\\/secure.gravatar.com\\\/avatar\\\/61d268e57d1f4525b111222e29d2d5a7f8c420fdbf231ba5566a8ceac74fa960?s=96&d=mm&r=g\",\"caption\":\"Tibor atya\"},\"url\":\"https:\\\/\\\/stuttgarti-katolikusok.de\\\/index.php\\\/author\\\/tibor-atya\\\/\"}]}<\/script>\n<!-- \/ Yoast SEO plugin. -->","yoast_head_json":{"title":"\u00c9vk\u00f6zi 28. vas\u00e1rnap - Stuttgarti Katolikusok","robots":{"index":"index","follow":"follow","max-snippet":"max-snippet:-1","max-image-preview":"max-image-preview:large","max-video-preview":"max-video-preview:-1"},"canonical":"https:\/\/stuttgarti-katolikusok.de\/index.php\/evkozi-28-vasarnap-2\/","og_locale":"hu_HU","og_type":"article","og_title":"\u00c9vk\u00f6zi 28. vas\u00e1rnap - Stuttgarti Katolikusok","og_description":"Szent P\u00e1l apostol a maga tan\u00edt\u00f3 al\u00e1zat\u00e1ban \u00e9s \u0151szintes\u00e9gben \u00edgy vall \u00f6nmag\u00e1r\u00f3l: &#8222;Tan\u00edt\u00e1som \u00e9s igehirdet\u00e9sem nem a b\u00f6lcsess\u00e9g elragad\u00f3 szavaib\u00f3l \u00e1llt, hanem a l\u00e9lek \u00e9s az er\u0151 bizonys\u00e1g\u00e1b\u00f3l, hogy hiteteknek ne emberi b\u00f6lcsess\u00e9g, hanem Isten ereje legyen az alapja&#8221; (1 Kor 2, 4-5). Legnagyobb kincs\u00fcnk, ha Isten a mi b\u00f6lcsess\u00e9g\u00fcnk forr\u00e1sa. Az olvasm\u00e1nyban a megszem\u00e9lyes\u00edtett B\u00f6lcsess\u00e9gr\u0151l hallhatunk. Ma is helyt\u00e1ll\u00f3 maga az \u00fczenet, k\u00fcl\u00f6n\u00f6sen annak t\u00fckr\u00e9ben, hogy nagyon sokan boldogs\u00e1guk forr\u00e1s\u00e1t a hatalomban, er\u0151ben, gazdags\u00e1gban, eg\u00e9szs\u00e9gben, sz\u00e9ps\u00e9gben l\u00e1tj\u00e1k. Az igazi b\u00f6lcsess\u00e9g olyan, mint a soha ki nem alv\u00f3 f\u00e9ny. Mindig bevil\u00e1g\u00edtja a magunkban \u00e9s magunk k\u00f6r\u00fcl l\u00e9v\u0151 s\u00f6t\u00e9ts\u00e9get. Aki pedig birtok\u00e1ban van az igazi b\u00f6lcsess\u00e9gnek, az egyben m\u00e9rhetetlen kincsre \u00e9s gazdags\u00e1gra tesz szert. A szentlecke Isten szav\u00e1nak teremt\u0151 erej\u00e9r\u0151l sz\u00f3l. Maga a gondolat nem \u00faj, hiszen a Teremt\u00e9s k\u00f6nyve m\u00e1r megeml\u00edti Isten teremt\u0151 szav\u00e1nak erej\u00e9t. Ne feledjem, \u00e9n is rendelkezem a sz\u00f3 teremt\u0151 erej\u00e9vel. \u00c9ljek vele! Ellenben ne \u00e9ljek vissza vele! Amennyiben ezt teszem, el\u0151bb vagy ut\u00f3bb igaztalan \u00e9s puszt\u00edt\u00f3 szavaim k\u00f6vetkezm\u00e9nyeivel szembe kell n\u00e9znem. A gy\u0171l\u00f6let t\u00e1pl\u00e1lta szavak rombolnak \u00e9s \u00f6lnek.\u00a0 Kempis Tam\u00e1s &#8222;Krisztus k\u00f6vet\u00e9se&#8221; c\u00edm\u0171 m\u0171ve a kereszt\u00e9ny irodalom egyik legjelent\u0151sebb alkot\u00e1sa, amely a lelki \u00e9let \u00e9s a kereszt\u00e9ny b\u00f6lcsess\u00e9g alapvet\u0151 tan\u00edt\u00e1sait foglalja \u00f6ssze. A k\u00f6nyv n\u00e9gy f\u0151 r\u00e9szre tagol\u00f3dik: az els\u0151 r\u00e9sz a lelki \u00e9let alapjait t\u00e1rgyalja;\u00a0 a m\u00e1sodik r\u00e9sz a bels\u0151 \u00e9letre \u00f6sszpontos\u00edt; a harmadik r\u00e9sz a vigasztal\u00e1sr\u00f3l sz\u00f3l \u00e9s a negyedik r\u00e9sz az Olt\u00e1riszents\u00e9gr\u0151l \u00e9rtekezik.\u00a0Kempis Tam\u00e1s m\u0171ve teh\u00e1t a t\u00f6k\u00e9letess\u00e9g minden fok\u00e1t \u00e9s \u00fatj\u00e1t \u00e9rinti.\u00a0 Az evang\u00e9liumi jelenet, melyet M\u00e1rk evang\u00e9lista meg\u00f6r\u00f6k\u00edt egy k\u00fcl\u00f6nleges helyzetet. Egy gazdag ifj\u00far\u00f3l van sz\u00f3, akinek l\u00e1tsz\u00f3lag minden megvan, nem szenved hi\u00e1nyt semmiben sem, m\u00e9gsem boldog. S ezt az ifj\u00fat r\u00e1ad\u00e1sul J\u00e9zus meg is kedveli. \u00c9rdekes J\u00e9zus tan\u00e1csa az ifj\u00fanak: &#8222;Valami hi\u00e1nyzik m\u00e9g bel\u0151led. Menj, add el, amid van&#8230; Azt\u00e1n gyere \u00e9s k\u00f6vess engem!&#8221;\u00a0 Assisi Szent Ferenc meg\u00e9lte ezt az... R\u00e9szletek","og_url":"https:\/\/stuttgarti-katolikusok.de\/index.php\/evkozi-28-vasarnap-2\/","og_site_name":"Stuttgarti Katolikusok","article_published_time":"2024-10-11T23:31:33+00:00","og_image":[{"width":2000,"height":1269,"url":"https:\/\/stuttgarti-katolikusok.de\/wp-content\/uploads\/2022\/10\/whatsapp-kep-2022-10-18-095449.jpg","type":"image\/jpeg"}],"author":"Tibor atya","twitter_card":"summary_large_image","twitter_misc":{"Szerz\u0151:":"Tibor atya","Becs\u00fclt olvas\u00e1si id\u0151":"7 perc"},"schema":{"@context":"https:\/\/schema.org","@graph":[{"@type":"Article","@id":"https:\/\/stuttgarti-katolikusok.de\/index.php\/evkozi-28-vasarnap-2\/#article","isPartOf":{"@id":"https:\/\/stuttgarti-katolikusok.de\/index.php\/evkozi-28-vasarnap-2\/"},"author":{"name":"Tibor atya","@id":"https:\/\/stuttgarti-katolikusok.de\/#\/schema\/person\/75908d6f8fdc03a57889d27209df7795"},"headline":"\u00c9vk\u00f6zi 28. vas\u00e1rnap","datePublished":"2024-10-11T23:31:33+00:00","mainEntityOfPage":{"@id":"https:\/\/stuttgarti-katolikusok.de\/index.php\/evkozi-28-vasarnap-2\/"},"wordCount":1719,"image":{"@id":"https:\/\/stuttgarti-katolikusok.de\/index.php\/evkozi-28-vasarnap-2\/#primaryimage"},"thumbnailUrl":"https:\/\/stuttgarti-katolikusok.de\/wp-content\/uploads\/2022\/10\/whatsapp-kep-2022-10-18-095449.jpg","articleSection":["A liturgia olvasm\u00e1nyai","Vas\u00e1rnapi gondolatok"],"inLanguage":"hu"},{"@type":"WebPage","@id":"https:\/\/stuttgarti-katolikusok.de\/index.php\/evkozi-28-vasarnap-2\/","url":"https:\/\/stuttgarti-katolikusok.de\/index.php\/evkozi-28-vasarnap-2\/","name":"\u00c9vk\u00f6zi 28. vas\u00e1rnap - Stuttgarti Katolikusok","isPartOf":{"@id":"https:\/\/stuttgarti-katolikusok.de\/#website"},"primaryImageOfPage":{"@id":"https:\/\/stuttgarti-katolikusok.de\/index.php\/evkozi-28-vasarnap-2\/#primaryimage"},"image":{"@id":"https:\/\/stuttgarti-katolikusok.de\/index.php\/evkozi-28-vasarnap-2\/#primaryimage"},"thumbnailUrl":"https:\/\/stuttgarti-katolikusok.de\/wp-content\/uploads\/2022\/10\/whatsapp-kep-2022-10-18-095449.jpg","datePublished":"2024-10-11T23:31:33+00:00","author":{"@id":"https:\/\/stuttgarti-katolikusok.de\/#\/schema\/person\/75908d6f8fdc03a57889d27209df7795"},"breadcrumb":{"@id":"https:\/\/stuttgarti-katolikusok.de\/index.php\/evkozi-28-vasarnap-2\/#breadcrumb"},"inLanguage":"hu","potentialAction":[{"@type":"ReadAction","target":["https:\/\/stuttgarti-katolikusok.de\/index.php\/evkozi-28-vasarnap-2\/"]}]},{"@type":"ImageObject","inLanguage":"hu","@id":"https:\/\/stuttgarti-katolikusok.de\/index.php\/evkozi-28-vasarnap-2\/#primaryimage","url":"https:\/\/stuttgarti-katolikusok.de\/wp-content\/uploads\/2022\/10\/whatsapp-kep-2022-10-18-095449.jpg","contentUrl":"https:\/\/stuttgarti-katolikusok.de\/wp-content\/uploads\/2022\/10\/whatsapp-kep-2022-10-18-095449.jpg","width":2000,"height":1269},{"@type":"BreadcrumbList","@id":"https:\/\/stuttgarti-katolikusok.de\/index.php\/evkozi-28-vasarnap-2\/#breadcrumb","itemListElement":[{"@type":"ListItem","position":1,"name":"Kezd\u0151lap","item":"https:\/\/stuttgarti-katolikusok.de\/"},{"@type":"ListItem","position":2,"name":"\u00c9vk\u00f6zi 28. vas\u00e1rnap"}]},{"@type":"WebSite","@id":"https:\/\/stuttgarti-katolikusok.de\/#website","url":"https:\/\/stuttgarti-katolikusok.de\/","name":"Stuttgarti Katolikusok","description":"","potentialAction":[{"@type":"SearchAction","target":{"@type":"EntryPoint","urlTemplate":"https:\/\/stuttgarti-katolikusok.de\/?s={search_term_string}"},"query-input":{"@type":"PropertyValueSpecification","valueRequired":true,"valueName":"search_term_string"}}],"inLanguage":"hu"},{"@type":"Person","@id":"https:\/\/stuttgarti-katolikusok.de\/#\/schema\/person\/75908d6f8fdc03a57889d27209df7795","name":"Tibor atya","image":{"@type":"ImageObject","inLanguage":"hu","@id":"https:\/\/secure.gravatar.com\/avatar\/61d268e57d1f4525b111222e29d2d5a7f8c420fdbf231ba5566a8ceac74fa960?s=96&d=mm&r=g","url":"https:\/\/secure.gravatar.com\/avatar\/61d268e57d1f4525b111222e29d2d5a7f8c420fdbf231ba5566a8ceac74fa960?s=96&d=mm&r=g","contentUrl":"https:\/\/secure.gravatar.com\/avatar\/61d268e57d1f4525b111222e29d2d5a7f8c420fdbf231ba5566a8ceac74fa960?s=96&d=mm&r=g","caption":"Tibor atya"},"url":"https:\/\/stuttgarti-katolikusok.de\/index.php\/author\/tibor-atya\/"}]}},"_links":{"self":[{"href":"https:\/\/stuttgarti-katolikusok.de\/index.php\/wp-json\/wp\/v2\/posts\/29509","targetHints":{"allow":["GET"]}}],"collection":[{"href":"https:\/\/stuttgarti-katolikusok.de\/index.php\/wp-json\/wp\/v2\/posts"}],"about":[{"href":"https:\/\/stuttgarti-katolikusok.de\/index.php\/wp-json\/wp\/v2\/types\/post"}],"author":[{"embeddable":true,"href":"https:\/\/stuttgarti-katolikusok.de\/index.php\/wp-json\/wp\/v2\/users\/3"}],"replies":[{"embeddable":true,"href":"https:\/\/stuttgarti-katolikusok.de\/index.php\/wp-json\/wp\/v2\/comments?post=29509"}],"version-history":[{"count":1,"href":"https:\/\/stuttgarti-katolikusok.de\/index.php\/wp-json\/wp\/v2\/posts\/29509\/revisions"}],"predecessor-version":[{"id":29510,"href":"https:\/\/stuttgarti-katolikusok.de\/index.php\/wp-json\/wp\/v2\/posts\/29509\/revisions\/29510"}],"wp:featuredmedia":[{"embeddable":true,"href":"https:\/\/stuttgarti-katolikusok.de\/index.php\/wp-json\/wp\/v2\/media\/23808"}],"wp:attachment":[{"href":"https:\/\/stuttgarti-katolikusok.de\/index.php\/wp-json\/wp\/v2\/media?parent=29509"}],"wp:term":[{"taxonomy":"category","embeddable":true,"href":"https:\/\/stuttgarti-katolikusok.de\/index.php\/wp-json\/wp\/v2\/categories?post=29509"},{"taxonomy":"post_tag","embeddable":true,"href":"https:\/\/stuttgarti-katolikusok.de\/index.php\/wp-json\/wp\/v2\/tags?post=29509"}],"curies":[{"name":"wp","href":"https:\/\/api.w.org\/{rel}","templated":true}]}}