{"id":29504,"date":"2024-10-09T00:52:29","date_gmt":"2024-10-08T22:52:29","guid":{"rendered":"https:\/\/stuttgarti-katolikusok.de\/?p=29504"},"modified":"2024-10-09T01:04:29","modified_gmt":"2024-10-08T23:04:29","slug":"baratsagklub-2024-szeptember-27","status":"publish","type":"post","link":"https:\/\/stuttgarti-katolikusok.de\/index.php\/baratsagklub-2024-szeptember-27\/","title":{"rendered":"Bar\u00e1ts\u00e1gklub &#8211; 2024. szeptember 27."},"content":{"rendered":"\n<div class=\"brlbs-cmpnt-container brlbs-cmpnt-content-blocker brlbs-cmpnt-with-individual-styles\" data-borlabs-cookie-content-blocker-id=\"default\" data-borlabs-cookie-content=\"PGEgZGF0YS1mbGlja3ItZW1iZWQ9J3RydWUnIGhyZWY9J2h0dHBzOi8vd3d3LmZsaWNrci5jb20vcGhvdG9zLzE5MDEyMTk2NEBOMDYvYWxidW1zLzcyMTc3NzIwMzIxMDIxODE5LycgdGl0bGU9J0JhcsOhdHPDoWdrbHViIC0gMjAyNC4gc3plcHRlbWJlciBieSBicnVkZXJrbGF1czIwMjAsIG9uIEZsaWNrcic+PGltZyBzcmM9J2h0dHBzOi8vbGl2ZS5zdGF0aWNmbGlja3IuY29tLzY1NTM1LzU0MDUzMjUxMjg2XzdlMjE1ZTJmZjlfYy5qcGcnIHdpZHRoPSc4MDAnIGhlaWdodD0nNjAwJyBhbHQ9J0lNRy0yMDI0MTAwNy1XQTAwMDUnPjwvYT48c2NyaXB0IGFzeW5jIHNyYz0naHR0cHM6Ly9lbWJlZHIuZmxpY2tyLmNvbS9hc3NldHMvY2xpZW50LWNvZGUuanMnIGNoYXJzZXQ9J3V0Zi04Jz48L3NjcmlwdD4=\">\n<div class=\"brlbs-cmpnt-cb-preset-a\">\n<p class=\"brlbs-cmpnt-cb-description\">You are currently viewing a placeholder content from <strong>Default<\/strong>. To access the actual content, click the button below. Please note that doing so will share data with third-party providers.<\/p>\n<div class=\"brlbs-cmpnt-cb-buttons\"> <a class=\"brlbs-cmpnt-cb-btn\" href=\"#\" data-borlabs-cookie-unblock role=\"button\">Unblock content<\/a> <a class=\"brlbs-cmpnt-cb-btn\" href=\"#\" data-borlabs-cookie-accept-service role=\"button\" style=\"display: none\">Accept required service and unblock content<\/a> <\/div>\n<p> <a class=\"brlbs-cmpnt-cb-provider-toggle\" href=\"#\" data-borlabs-cookie-show-provider-information role=\"button\">More Information<\/a> <\/div>\n<\/div>\n<p><span style=\"color: #ff6600;\"><em>K\u00f6sz\u00f6net S\u00e1ndornak a k\u00e9pek\u00e9rt. Erika \u00e9s Marika \u00edr\u00e1sait olvashatj\u00e1tok az al\u00e1bbiakban:<\/em><\/span><\/p>\n<p>Sz\u00e1momra mindig nagy kih\u00edv\u00e1st jelent, hogy milyen t\u00e9m\u00e1t hozzak h\u00f3napr\u00f3l-h\u00f3napra a Bar\u00e1ts\u00e1gklub d\u00e9lut\u00e1njaira. Legyen \u00e9rdekes, j\u00f3 lenne valami \u00fajat hallani, ismereteinket b\u0151v\u00edteni, de term\u00e9szetesen szeretn\u00e9nk j\u00f3l is \u00e9rezni magunkat.<\/p>\n<p>F\u00e9rjem,\u00a0 S\u00e1ndor k\u00e9rte, hogy legyen egy d\u00e9lut\u00e1nunk, amikor mindenki elhozza mag\u00e1val az egyik legkedvesebb t\u00e1rgy\u00e1t \u00e9s elmes\u00e9li, hogy mi\u00e9rt is az a t\u00e1rgy sz\u00e1m\u00e1ra kedves. Az \u00f6tlet nagyon tetszett \u00e9s \u00f6r\u00f6mmel k\u00e9sz\u00edtettem el a megh\u00edv\u00f3t, szeptember 27-\u00e9re, az \u201eAz eml\u00e9kek d\u00e9lut\u00e1nj\u00e1ra\u201d.<\/p>\n<p>Akkor m\u00e9g nem tudhattam, hogy az egyik sz\u00e1momra legeml\u00e9kezetesebb Klubd\u00e9lut\u00e1nunk lesz.<\/p>\n<p>Ott azon a d\u00e9lut\u00e1non a t\u00e1rgyak \u00e9letre keltek . Megjelent el\u0151tt\u00fcnk a k\u00e9sz\u00edt\u0151je, az egykori k\u00f6rnyezete. El tudtuk k\u00e9pzelni a szem\u00e9lyeket akik hordt\u00e1k, haszn\u00e1lt\u00e1k, kedvelt\u00e9k. \u00c9s a t\u00f6rt\u00e9netek, melyet elmes\u00e9ltetettek a t\u00e1rgyak kapcs\u00e1n. Azt hiszem egyet-kett\u0151tt megk\u00f6nnyezt\u00fcnk.<\/p>\n<p>M\u00e9lyen meg\u00e9rintett a menyasszonyi ruha t\u00f6rt\u00e9nete, melyet \u00e9desanyja viselt b\u00fcszk\u00e9n az esk\u00fcv\u0151j\u00e9n \u00e9s most l\u00e1nya, t\u00f6bb \u00e9vvel k\u00e9s\u0151bb a kez\u00e9ben tarthat. A ruha \u00e1ltal kibontakozott a csal\u00e1dnak az \u00e9lete, t\u00f6rt\u00e9nete. Ki k\u00e9sz\u00edthette a ruh\u00e1t, egy f\u00e9rfi vagy egy n\u0151? Milyen \u00e9rz\u00e9sek munk\u00e1ltak benne mikor l\u00e9trehozta a finom anyagb\u00f3l valakinek az \u00e1lmai esk\u00fcv\u0151i ruh\u00e1j\u00e1t?<\/p>\n<p>Vagy a 110 \u00e9ves f\u00e9nyk\u00e9pez\u0151g\u00e9p t\u00f6rt\u00e9nete, amikor egy fiatal l\u00e1ny \u00e1lm\u00e1b\u00f3l val\u00f3s\u00e1g v\u00e1lik, \u00e9s tanulhat egy szakm\u00e1t, ami akkor abban az id\u0151ben ritkas\u00e1gnak sz\u00e1m\u00edtott. A f\u00e9nyk\u00e9pez\u0151g\u00e9p \u00e1ltal megtudhattuk, hogy \u00e1lmainkat nem szabad feladnunk \u00e9s igenis lehet harcolni az el\u0151\u00edt\u00e9letekkel, a korral \u00e9s a sz\u00fcleinkkel. H\u00e1ny embernek a boldogs\u00e1g\u00e1t, eml\u00e9k\u00e9t \u00f6r\u00f6k\u00edtett\u00e9k meg ezzel a f\u00e9nyk\u00e9pez\u0151vel? Kik \u00e9lhetnek m\u00e9g azok k\u00f6z\u00fcl, akik belen\u00e9ztek a lencs\u00e9j\u00e9be?<\/p>\n<p>Egy csod\u00e1latos aranynyakl\u00e1nc egy Sz\u0171z M\u00e1ria med\u00e1llal. \u00c9s az \u00e9desanya, aki f\u00e9ltette, \u00f3vta pici l\u00e1ny\u00e1t, \u00e9s tudta, hogy Sz\u0171z M\u00e1ria majd vigy\u00e1zz r\u00e1, ez\u00e9rt akasztotta 3 \u00e9ves gyermeke nyak\u00e1ba.<\/p>\n<p>Sz\u0171z M\u00e1ria faragott pici szobra. Egykor ap\u00e1c\u00e1k adt\u00e1k egy l\u00e1nynak, hogy eml\u00e9kezz\u00e9k a vel\u00fck elt\u00f6lt\u00f6tt \u00e9rt\u00e9kes id\u0151re, vagy r\u00e1juk? \u00c9s term\u00e9szetesen m\u00e9g sorolhatn\u00e1m az \u00e9rt\u00e9kesebbn\u00e9l \u00e9rt\u00e9kesebb t\u00e1rgyakat, eml\u00e9keket \u00e9s t\u00f6rt\u00e9neteket, melyet megosztottunk egym\u00e1ssal ezen a d\u00e9lut\u00e1non.<\/p>\n<p>Sokat feltetett\u00e9k a k\u00e9rd\u00e9st ott azon a d\u00e9lut\u00e1non: Mi lesz majd ut\u00e1nunk a t\u00e1rgyak sorsa? Ki \u0151riz meg \u00e9s mennyit bel\u0151l\u00fck? Jelentenek majd m\u00e1soknak is ugyanennyit? Nem tudhatjuk.<\/p>\n<p>Most azonban m\u00e9g otthonuk van n\u00e1lunk. Eg\u00e9szen bent, itt legbel\u00fcl sokkal \u00fcresebbek lenn\u00e9nk a r\u00e9gi id\u0151k eml\u00e9k\u00e9t \u0151rz\u0151 t\u00e1rgyak n\u00e9lk\u00fcl. Oly k\u00f6t\u0151d\u00e9s ez, amely \u00e9rt\u00e9ket ny\u00fajt, bels\u0151 er\u0151t ad, kapocs egykori szeretteinkhez.<\/p>\n<p><em>Erd\u0151sn\u00e9 Nyitrai Erika<\/em><\/p>\n<p><em><strong>\u201eEML\u00c9KEK D\u00c9LUT\u00c1NJA&#8221;<\/strong><\/em><\/p>\n<p>&#8222;A r\u00e9gi t\u00e1rgyakban ott rejlik az id\u0151 m\u00fal\u00e1sa \u00e9s az eml\u00e9kek var\u00e1zsa.&#8221;<\/p>\n<p>A ny\u00e1ri sz\u00fcnid\u0151 v\u00e9get \u00e9rt. Elkezd\u0151d\u00f6ttek \u00fajra a szentmis\u00e9k, a programok, t\u00f6bbek k\u00f6z\u00f6tt a Bar\u00e1ts\u00e1gklub is.<\/p>\n<p>Izgultam nagyon, hogy r\u00e9szt tudjunk venni f\u00e9rjemmel, Bandival a Bar\u00e1ts\u00e1gklub sz\u00fcnid\u0151 ut\u00e1ni els\u0151 tal\u00e1lkoz\u00f3j\u00e1n, hiszen nagyon megtetszett \u00e9s vonzott a meghirdetett program\u00a0 &#8222;Eml\u00e9kek d\u00e9lut\u00e1nja&#8221; mott\u00f3ja.<\/p>\n<p>Szeptember 27-\u00e9n azt\u00e1n a szentmise ut\u00e1n a k\u00f6z\u00f6ss\u00e9gi teremben gy\u0171lt\u00fcnk \u00f6ssze.\u00a0Aki csak tudott, hozott eml\u00e9kt\u00e1rgyakat \u00e9s a kijel\u00f6lt asztalra helyezte.<\/p>\n<p>Erika, a klub vezet\u0151je \u00fcdv\u00f6z\u00f6lt benn\u00fcnket. \u00d6rvendt\u00fcnk egym\u00e1snak. Ut\u00e1na helyet foglaltunk az asztal k\u00f6r\u00fcl, \u00e9s Erika lelk\u00fcnket megind\u00edt\u00f3 k\u00f6sz\u00f6nt\u0151 szavai ut\u00e1n els\u0151k\u00e9nt Tibor atya kezdte a visszaeml\u00e9kez\u00e9st. Egy 1200-es Lada makettet hozott el, melyet az elm\u00falt esztend\u0151ben kapott egy jegyesp\u00e1rt\u00f3l. B\u00e1r mind\u00f6ssze egy esztend\u0151s m\u00faltra tekint vissza az eml\u00e9kt\u00e1rgy, m\u00e9gis a k\u00f6zvet\u00edtett t\u00f6rt\u00e9net t\u00f6bb \u00e9vtizedre ny\u00falik vissza.<\/p>\n<p>\u00c9s igy ment tov\u00e1bb.<\/p>\n<p>Anik\u00f3 100 \u00e9ves f\u00e9nyk\u00e9pez\u0151 g\u00e9p\u00e9t mutatta be \u00e9s mes\u00e9lte el a t\u00f6rt\u00e9netet, hogyan jutott hozz\u00e1.<\/p>\n<p>Kati mes\u00e9lt az &#8222;1 krajc\u00e1rr\u00f3l&#8221;, amit a b\u00e9lteki sz\u00fcl\u0151i h\u00e1z jav\u00edt\u00e1sakor tal\u00e1lt Attila. A h\u00e1z az 1800-as \u00e9vekben \u00e9p\u00fclt \u00e9s arra lehetett k\u00f6vetkeztetni,\u00a0hogy amikor \u00e9p\u00edtett\u00e9k, akkor tehett\u00e9k a h\u00e1zhoz.<\/p>\n<p>Attila pedig \u00e9desanyja monogramos kend\u0151j\u00e9vel eml\u00e9kezett a r\u00e9gi id\u0151kre.<\/p>\n<p>T\u00f3ni \u00e9s R\u00f3zsika is a magukkal hozott kors\u00f3ikkal eml\u00e9keztek az otthoni elm\u00falt id\u0151kre.<\/p>\n<p>Neli pedig \u00e9desanyja nagyon sz\u00e9p, k\u00fcl\u00f6nleges menyasszonyi ruh\u00e1j\u00e1val \u00e9s annak t\u00f6rt\u00e9net\u00e9vel k\u00f6nnyeztetett meg benn\u00fcnket.<\/p>\n<p>Piroska, \u00e9desanyj\u00e1t\u00f3l n\u00e1szaj\u00e1nd\u00e9kba kapott, sz\u00e9p, h\u00edmzett kend\u0151it mutatta meg \u00e9s egy r\u00e9gi egyh\u00e1zi \u00e9nekesk\u00f6nyvet, amelyb\u0151l nagy sajn\u00e1lat\u00e1ra a sz\u00e9p ismert \u00e9nekeket m\u00e1r nem \u00e9neklik.<\/p>\n<p>Zs\u00f3fika, nagymam\u00e1ja mell\u00e9ny\u00e9t mutatta meg, amit nagyon sz\u00edvesen mind mai napig is hord, ha nincs is hozz\u00e1 meg a megfelel\u0151 szoknya.<\/p>\n<p>Erika, egy nagymam\u00e1j\u00e1t\u00f3l \u00f6r\u00f6k\u00f6lt vir\u00e1gv\u00e1z\u00e1t hozott. T\u00f6rt\u00e9netet is mes\u00e9lt a nagymam\u00e1j\u00e1r\u00f3l, akinek k\u00f6sz\u00f6nheti, hogy a Bar\u00e1ts\u00e1gklub vezet\u00e9s\u00e9t elfogadta.<\/p>\n<p>A r\u00e9sztvev\u0151k besz\u00e1mol\u00f3i, a r\u00e9gm\u00falt felid\u00e9z\u00e9se, k\u00f6nnyeket csaltak szemeimbe, \u00e1t\u00e9reztem azokat a m\u00e9ly \u00e9rz\u00e9seket, amelyek mindannyiunkban rejt\u0151znek, \u00e9s ott, a lelk\u00fcnk m\u00e9ly\u00e9n \u0151rz\u00fcnk. Csod\u00e1s dolog, az \u00f6kl\u00f6mnyi kis sz\u00edv milyen hegy nagys\u00e1g\u00fa \u00e9rz\u00e9seket hord mag\u00e1val!<\/p>\n<p>Szok\u00e1sunkhoz h\u00edven, az est\u00e9t az \u00e1ltalunk hozott finoms\u00e1gok elfogyaszt\u00e1s\u00e1val \u00e9s k\u00f6tetlen besz\u00e9lget\u00e9ssel z\u00e1rtuk.<\/p>\n<p>K\u00f6sz\u00f6n\u00f6m Erika \u00e9s S\u00e1ndor ezt a sz\u00e9p d\u00e9lut\u00e1nt \u00e9s est\u00e9t.<\/p>\n<p>\u00c9desany\u00e1m eml\u00e9k\u00e9re ezt az \u00f6 \u00e1ltala valamikor k\u00e9zzel le\u00edrt vers\u00e9vel\u00a0szeretn\u00e9m z\u00e1rni soraimat.<\/p>\n<p><strong>L\u00e9vay J\u00f3zsef: Itthon<\/strong><\/p>\n<p>Orgonafa vir\u00e1gzott m\u00e1r a kis kertben<\/p>\n<p>Messze f\u00f6ldr\u0151l, hogy sok\u00e1ra hazamentem.<\/p>\n<p>M\u00e1jusi nap ragyogott a magas \u00e9gen<\/p>\n<p>Bokor, vir\u00e1g k\u00f6sz\u00f6ntgetett az \u00fatsz\u00e9len.<\/p>\n<p>&nbsp;<\/p>\n<p>V\u00f6lgy \u00f6l\u00e9ben kis falum m\u00e9g csak a r\u00e9gi<\/p>\n<p>S\u00f3v\u00e1r lelkem m\u00e9gis olyan nagyon n\u00e9zi,<\/p>\n<p>Ott van-e m\u00e9g s\u00fcr\u0171 ak\u00e1c enyhe \u00e1rny\u00e1n<\/p>\n<p>Az a hajl\u00e9k, hol az \u00fcdv\u00f6k \u00fcdve v\u00e1rt r\u00e1m?<\/p>\n<p>&nbsp;<\/p>\n<p>A templomban \u00e9ppen d\u00e9lre harangoznak<\/p>\n<p>\u00d6r\u00fcl\u00f6k a fel\u00e9m sz\u00e1ll\u00f3 galamboknak<\/p>\n<p>Feh\u00e9r lelkek h\u00f3pelyhei, tiszta v\u00e1gyak,<\/p>\n<p>Melyek a mi hajl\u00e9kunkb\u00f3l el\u00e9m sz\u00e1llnak<\/p>\n<p>&nbsp;<\/p>\n<p>Sietek is a nagy utc\u00e1n sz\u00edvrepesve,<\/p>\n<p>Ragyog minden, mintha arany sz\u00edne lenne.<\/p>\n<p>Leveles gally, kis ker\u00edt\u00e9s, piciny ablak, apr\u00f3 h\u00e1zak,<\/p>\n<p>Mint valaha, \u00fagy fogadnak.<\/p>\n<p>&nbsp;<\/p>\n<p>A kapuba ki-ki\u00e1llnak, \u00f6reg, gyermek;<\/p>\n<p>Felragyog a szem\u00fck, ahogy megismernek,<\/p>\n<p>Ny\u00e1jas arccal integetnek \u00fagy, mint r\u00e9gen.<\/p>\n<p>Aki csak l\u00e1t, mind el\u00e9m j\u00f6n az alv\u00e9gen.<\/p>\n<p>&nbsp;<\/p>\n<p>Itt a kis h\u00e1z. R\u00e1hajol m\u00e9g az ak\u00e1cfa&#8230;<\/p>\n<p>De sz\u00edvemnek m\u00e9gis olyan nagy a gy\u00e1sza.<\/p>\n<p>Mind egy\u00fctt van, csak any\u00e1m nincs s j\u00f3 testv\u00e9rem.<\/p>\n<p>Hov\u00e1 mentek? Mikor j\u00f6nnek? f\u00e9lve k\u00e9rdem.<\/p>\n<p>&nbsp;<\/p>\n<p>Ajk nem felel, csak k\u00f6nny besz\u00e9l a szemekben,<\/p>\n<p>\u00fcres a h\u00e1z, nincs nekem itt mit keresnem<\/p>\n<p>Temet\u0151ben szomor\u00fa f\u0171z hajol r\u00e1juk.<\/p>\n<p>L\u00e1gyan susog, hogy \u00e9desebb legyen \u00e1lmuk.<\/p>\n<p>&nbsp;<\/p>\n<p>Szomor\u00fa f\u0171z! Hajolj h\u00e1t a sirhalomra!<\/p>\n<p>Mondd el nekik, hogy a sz\u00edvem odavonja<\/p>\n<p>\u00c1rva lelkem b\u00fas szerelme s k\u00f6nnyem \u00e1rja<\/p>\n<p>Amely \u0151ket visszas\u00edrja, s hazav\u00e1rja.<\/p>\n<p><em>Stauder Marika<\/em><\/p>\n","protected":false},"excerpt":{"rendered":"<p>You are currently viewing a placeholder content from Default. To access the actual content, click the button below. Please note that doing so will share data with third-party providers. Unblock content Accept required service and unblock content More Information K\u00f6sz\u00f6net S\u00e1ndornak a k\u00e9pek\u00e9rt. Erika \u00e9s Marika \u00edr\u00e1sait olvashatj\u00e1tok az al\u00e1bbiakban: Sz\u00e1momra mindig nagy kih\u00edv\u00e1st jelent, hogy milyen t\u00e9m\u00e1t hozzak h\u00f3napr\u00f3l-h\u00f3napra a Bar\u00e1ts\u00e1gklub d\u00e9lut\u00e1njaira. Legyen \u00e9rdekes, j\u00f3 lenne valami \u00fajat hallani, ismereteinket b\u0151v\u00edteni, de term\u00e9szetesen szeretn\u00e9nk j\u00f3l is \u00e9rezni magunkat. F\u00e9rjem,\u00a0 S\u00e1ndor k\u00e9rte, hogy legyen egy d\u00e9lut\u00e1nunk, amikor mindenki elhozza mag\u00e1val az egyik legkedvesebb t\u00e1rgy\u00e1t \u00e9s elmes\u00e9li, hogy mi\u00e9rt is az a t\u00e1rgy sz\u00e1m\u00e1ra kedves. Az \u00f6tlet nagyon tetszett \u00e9s \u00f6r\u00f6mmel k\u00e9sz\u00edtettem el a megh\u00edv\u00f3t, szeptember 27-\u00e9re, az \u201eAz eml\u00e9kek d\u00e9lut\u00e1nj\u00e1ra\u201d. Akkor m\u00e9g nem tudhattam, hogy az egyik sz\u00e1momra legeml\u00e9kezetesebb Klubd\u00e9lut\u00e1nunk lesz. Ott azon a d\u00e9lut\u00e1non a t\u00e1rgyak \u00e9letre keltek . Megjelent el\u0151tt\u00fcnk a k\u00e9sz\u00edt\u0151je, az egykori k\u00f6rnyezete. El tudtuk k\u00e9pzelni a szem\u00e9lyeket akik hordt\u00e1k, haszn\u00e1lt\u00e1k, kedvelt\u00e9k. \u00c9s a t\u00f6rt\u00e9netek, melyet elmes\u00e9ltetettek a t\u00e1rgyak kapcs\u00e1n. Azt hiszem egyet-kett\u0151tt megk\u00f6nnyezt\u00fcnk. M\u00e9lyen meg\u00e9rintett a menyasszonyi ruha t\u00f6rt\u00e9nete, melyet \u00e9desanyja viselt b\u00fcszk\u00e9n az esk\u00fcv\u0151j\u00e9n \u00e9s most l\u00e1nya, t\u00f6bb \u00e9vvel k\u00e9s\u0151bb a kez\u00e9ben tarthat. A ruha \u00e1ltal kibontakozott a csal\u00e1dnak az \u00e9lete, t\u00f6rt\u00e9nete. Ki k\u00e9sz\u00edthette a ruh\u00e1t, egy f\u00e9rfi vagy egy n\u0151? Milyen \u00e9rz\u00e9sek munk\u00e1ltak benne mikor l\u00e9trehozta a finom anyagb\u00f3l valakinek az \u00e1lmai esk\u00fcv\u0151i ruh\u00e1j\u00e1t? Vagy a 110 \u00e9ves f\u00e9nyk\u00e9pez\u0151g\u00e9p t\u00f6rt\u00e9nete, amikor egy fiatal l\u00e1ny \u00e1lm\u00e1b\u00f3l val\u00f3s\u00e1g v\u00e1lik, \u00e9s tanulhat egy szakm\u00e1t, ami akkor abban az id\u0151ben ritkas\u00e1gnak sz\u00e1m\u00edtott. A f\u00e9nyk\u00e9pez\u0151g\u00e9p \u00e1ltal megtudhattuk, hogy \u00e1lmainkat nem szabad feladnunk \u00e9s igenis lehet harcolni az el\u0151\u00edt\u00e9letekkel, a korral \u00e9s a sz\u00fcleinkkel. H\u00e1ny embernek a boldogs\u00e1g\u00e1t, eml\u00e9k\u00e9t \u00f6r\u00f6k\u00edtett\u00e9k meg ezzel a f\u00e9nyk\u00e9pez\u0151vel? Kik \u00e9lhetnek m\u00e9g azok k\u00f6z\u00fcl, akik belen\u00e9ztek a lencs\u00e9j\u00e9be? Egy csod\u00e1latos aranynyakl\u00e1nc egy Sz\u0171z M\u00e1ria med\u00e1llal. \u00c9s az \u00e9desanya, aki f\u00e9ltette, \u00f3vta pici l\u00e1ny\u00e1t, \u00e9s&#8230; <\/p>\n<p><a class=\"readmore\" href=\"https:\/\/stuttgarti-katolikusok.de\/index.php\/baratsagklub-2024-szeptember-27\/\">R\u00e9szletek<\/a><\/p>\n","protected":false},"author":3,"featured_media":29389,"comment_status":"closed","ping_status":"closed","sticky":false,"template":"","format":"standard","meta":{"footnotes":""},"categories":[32,28],"tags":[],"class_list":["post-29504","post","type-post","status-publish","format-standard","has-post-thumbnail","hentry","category-baratsag-klub","category-olvasoink-irjak"],"yoast_head":"<!-- This site is optimized with the Yoast SEO plugin v27.3 - https:\/\/yoast.com\/product\/yoast-seo-wordpress\/ -->\n<title>Bar\u00e1ts\u00e1gklub - 2024. szeptember 27. - Stuttgarti Katolikusok<\/title>\n<meta name=\"robots\" content=\"index, follow, max-snippet:-1, max-image-preview:large, max-video-preview:-1\" \/>\n<link rel=\"canonical\" href=\"https:\/\/stuttgarti-katolikusok.de\/index.php\/baratsagklub-2024-szeptember-27\/\" \/>\n<meta property=\"og:locale\" content=\"hu_HU\" \/>\n<meta property=\"og:type\" content=\"article\" \/>\n<meta property=\"og:title\" content=\"Bar\u00e1ts\u00e1gklub - 2024. szeptember 27. - Stuttgarti Katolikusok\" \/>\n<meta property=\"og:description\" content=\"You are currently viewing a placeholder content from Default. To access the actual content, click the button below. Please note that doing so will share data with third-party providers. Unblock content Accept required service and unblock content More Information K\u00f6sz\u00f6net S\u00e1ndornak a k\u00e9pek\u00e9rt. Erika \u00e9s Marika \u00edr\u00e1sait olvashatj\u00e1tok az al\u00e1bbiakban: Sz\u00e1momra mindig nagy kih\u00edv\u00e1st jelent, hogy milyen t\u00e9m\u00e1t hozzak h\u00f3napr\u00f3l-h\u00f3napra a Bar\u00e1ts\u00e1gklub d\u00e9lut\u00e1njaira. Legyen \u00e9rdekes, j\u00f3 lenne valami \u00fajat hallani, ismereteinket b\u0151v\u00edteni, de term\u00e9szetesen szeretn\u00e9nk j\u00f3l is \u00e9rezni magunkat. F\u00e9rjem,\u00a0 S\u00e1ndor k\u00e9rte, hogy legyen egy d\u00e9lut\u00e1nunk, amikor mindenki elhozza mag\u00e1val az egyik legkedvesebb t\u00e1rgy\u00e1t \u00e9s elmes\u00e9li, hogy mi\u00e9rt is az a t\u00e1rgy sz\u00e1m\u00e1ra kedves. Az \u00f6tlet nagyon tetszett \u00e9s \u00f6r\u00f6mmel k\u00e9sz\u00edtettem el a megh\u00edv\u00f3t, szeptember 27-\u00e9re, az \u201eAz eml\u00e9kek d\u00e9lut\u00e1nj\u00e1ra\u201d. Akkor m\u00e9g nem tudhattam, hogy az egyik sz\u00e1momra legeml\u00e9kezetesebb Klubd\u00e9lut\u00e1nunk lesz. Ott azon a d\u00e9lut\u00e1non a t\u00e1rgyak \u00e9letre keltek . Megjelent el\u0151tt\u00fcnk a k\u00e9sz\u00edt\u0151je, az egykori k\u00f6rnyezete. El tudtuk k\u00e9pzelni a szem\u00e9lyeket akik hordt\u00e1k, haszn\u00e1lt\u00e1k, kedvelt\u00e9k. \u00c9s a t\u00f6rt\u00e9netek, melyet elmes\u00e9ltetettek a t\u00e1rgyak kapcs\u00e1n. Azt hiszem egyet-kett\u0151tt megk\u00f6nnyezt\u00fcnk. M\u00e9lyen meg\u00e9rintett a menyasszonyi ruha t\u00f6rt\u00e9nete, melyet \u00e9desanyja viselt b\u00fcszk\u00e9n az esk\u00fcv\u0151j\u00e9n \u00e9s most l\u00e1nya, t\u00f6bb \u00e9vvel k\u00e9s\u0151bb a kez\u00e9ben tarthat. A ruha \u00e1ltal kibontakozott a csal\u00e1dnak az \u00e9lete, t\u00f6rt\u00e9nete. Ki k\u00e9sz\u00edthette a ruh\u00e1t, egy f\u00e9rfi vagy egy n\u0151? Milyen \u00e9rz\u00e9sek munk\u00e1ltak benne mikor l\u00e9trehozta a finom anyagb\u00f3l valakinek az \u00e1lmai esk\u00fcv\u0151i ruh\u00e1j\u00e1t? Vagy a 110 \u00e9ves f\u00e9nyk\u00e9pez\u0151g\u00e9p t\u00f6rt\u00e9nete, amikor egy fiatal l\u00e1ny \u00e1lm\u00e1b\u00f3l val\u00f3s\u00e1g v\u00e1lik, \u00e9s tanulhat egy szakm\u00e1t, ami akkor abban az id\u0151ben ritkas\u00e1gnak sz\u00e1m\u00edtott. A f\u00e9nyk\u00e9pez\u0151g\u00e9p \u00e1ltal megtudhattuk, hogy \u00e1lmainkat nem szabad feladnunk \u00e9s igenis lehet harcolni az el\u0151\u00edt\u00e9letekkel, a korral \u00e9s a sz\u00fcleinkkel. H\u00e1ny embernek a boldogs\u00e1g\u00e1t, eml\u00e9k\u00e9t \u00f6r\u00f6k\u00edtett\u00e9k meg ezzel a f\u00e9nyk\u00e9pez\u0151vel? Kik \u00e9lhetnek m\u00e9g azok k\u00f6z\u00fcl, akik belen\u00e9ztek a lencs\u00e9j\u00e9be? Egy csod\u00e1latos aranynyakl\u00e1nc egy Sz\u0171z M\u00e1ria med\u00e1llal. \u00c9s az \u00e9desanya, aki f\u00e9ltette, \u00f3vta pici l\u00e1ny\u00e1t, \u00e9s... R\u00e9szletek\" \/>\n<meta property=\"og:url\" content=\"https:\/\/stuttgarti-katolikusok.de\/index.php\/baratsagklub-2024-szeptember-27\/\" \/>\n<meta property=\"og:site_name\" content=\"Stuttgarti Katolikusok\" \/>\n<meta property=\"article:published_time\" content=\"2024-10-08T22:52:29+00:00\" \/>\n<meta property=\"article:modified_time\" content=\"2024-10-08T23:04:29+00:00\" \/>\n<meta property=\"og:image\" content=\"https:\/\/stuttgarti-katolikusok.de\/wp-content\/uploads\/2024\/09\/2024-szeptember.jpg\" \/>\n\t<meta property=\"og:image:width\" content=\"2339\" \/>\n\t<meta property=\"og:image:height\" content=\"1654\" \/>\n\t<meta property=\"og:image:type\" content=\"image\/jpeg\" \/>\n<meta name=\"author\" content=\"Tibor atya\" \/>\n<meta name=\"twitter:card\" content=\"summary_large_image\" \/>\n<meta name=\"twitter:label1\" content=\"Szerz\u0151:\" \/>\n\t<meta name=\"twitter:data1\" content=\"Tibor atya\" \/>\n\t<meta name=\"twitter:label2\" content=\"Becs\u00fclt olvas\u00e1si id\u0151\" \/>\n\t<meta name=\"twitter:data2\" content=\"6 perc\" \/>\n<script type=\"application\/ld+json\" class=\"yoast-schema-graph\">{\"@context\":\"https:\\\/\\\/schema.org\",\"@graph\":[{\"@type\":\"Article\",\"@id\":\"https:\\\/\\\/stuttgarti-katolikusok.de\\\/index.php\\\/baratsagklub-2024-szeptember-27\\\/#article\",\"isPartOf\":{\"@id\":\"https:\\\/\\\/stuttgarti-katolikusok.de\\\/index.php\\\/baratsagklub-2024-szeptember-27\\\/\"},\"author\":{\"name\":\"Tibor atya\",\"@id\":\"https:\\\/\\\/stuttgarti-katolikusok.de\\\/#\\\/schema\\\/person\\\/75908d6f8fdc03a57889d27209df7795\"},\"headline\":\"Bar\u00e1ts\u00e1gklub &#8211; 2024. szeptember 27.\",\"datePublished\":\"2024-10-08T22:52:29+00:00\",\"dateModified\":\"2024-10-08T23:04:29+00:00\",\"mainEntityOfPage\":{\"@id\":\"https:\\\/\\\/stuttgarti-katolikusok.de\\\/index.php\\\/baratsagklub-2024-szeptember-27\\\/\"},\"wordCount\":1456,\"image\":{\"@id\":\"https:\\\/\\\/stuttgarti-katolikusok.de\\\/index.php\\\/baratsagklub-2024-szeptember-27\\\/#primaryimage\"},\"thumbnailUrl\":\"https:\\\/\\\/stuttgarti-katolikusok.de\\\/wp-content\\\/uploads\\\/2024\\\/09\\\/2024-szeptember.jpg\",\"articleSection\":[\"Bar\u00e1ts\u00e1g Klub\",\"Olvas\u00f3ink \u00edrj\u00e1k\"],\"inLanguage\":\"hu\"},{\"@type\":\"WebPage\",\"@id\":\"https:\\\/\\\/stuttgarti-katolikusok.de\\\/index.php\\\/baratsagklub-2024-szeptember-27\\\/\",\"url\":\"https:\\\/\\\/stuttgarti-katolikusok.de\\\/index.php\\\/baratsagklub-2024-szeptember-27\\\/\",\"name\":\"Bar\u00e1ts\u00e1gklub - 2024. szeptember 27. - Stuttgarti Katolikusok\",\"isPartOf\":{\"@id\":\"https:\\\/\\\/stuttgarti-katolikusok.de\\\/#website\"},\"primaryImageOfPage\":{\"@id\":\"https:\\\/\\\/stuttgarti-katolikusok.de\\\/index.php\\\/baratsagklub-2024-szeptember-27\\\/#primaryimage\"},\"image\":{\"@id\":\"https:\\\/\\\/stuttgarti-katolikusok.de\\\/index.php\\\/baratsagklub-2024-szeptember-27\\\/#primaryimage\"},\"thumbnailUrl\":\"https:\\\/\\\/stuttgarti-katolikusok.de\\\/wp-content\\\/uploads\\\/2024\\\/09\\\/2024-szeptember.jpg\",\"datePublished\":\"2024-10-08T22:52:29+00:00\",\"dateModified\":\"2024-10-08T23:04:29+00:00\",\"author\":{\"@id\":\"https:\\\/\\\/stuttgarti-katolikusok.de\\\/#\\\/schema\\\/person\\\/75908d6f8fdc03a57889d27209df7795\"},\"breadcrumb\":{\"@id\":\"https:\\\/\\\/stuttgarti-katolikusok.de\\\/index.php\\\/baratsagklub-2024-szeptember-27\\\/#breadcrumb\"},\"inLanguage\":\"hu\",\"potentialAction\":[{\"@type\":\"ReadAction\",\"target\":[\"https:\\\/\\\/stuttgarti-katolikusok.de\\\/index.php\\\/baratsagklub-2024-szeptember-27\\\/\"]}]},{\"@type\":\"ImageObject\",\"inLanguage\":\"hu\",\"@id\":\"https:\\\/\\\/stuttgarti-katolikusok.de\\\/index.php\\\/baratsagklub-2024-szeptember-27\\\/#primaryimage\",\"url\":\"https:\\\/\\\/stuttgarti-katolikusok.de\\\/wp-content\\\/uploads\\\/2024\\\/09\\\/2024-szeptember.jpg\",\"contentUrl\":\"https:\\\/\\\/stuttgarti-katolikusok.de\\\/wp-content\\\/uploads\\\/2024\\\/09\\\/2024-szeptember.jpg\",\"width\":2339,\"height\":1654},{\"@type\":\"BreadcrumbList\",\"@id\":\"https:\\\/\\\/stuttgarti-katolikusok.de\\\/index.php\\\/baratsagklub-2024-szeptember-27\\\/#breadcrumb\",\"itemListElement\":[{\"@type\":\"ListItem\",\"position\":1,\"name\":\"Kezd\u0151lap\",\"item\":\"https:\\\/\\\/stuttgarti-katolikusok.de\\\/\"},{\"@type\":\"ListItem\",\"position\":2,\"name\":\"Bar\u00e1ts\u00e1gklub &#8211; 2024. szeptember 27.\"}]},{\"@type\":\"WebSite\",\"@id\":\"https:\\\/\\\/stuttgarti-katolikusok.de\\\/#website\",\"url\":\"https:\\\/\\\/stuttgarti-katolikusok.de\\\/\",\"name\":\"Stuttgarti Katolikusok\",\"description\":\"\",\"potentialAction\":[{\"@type\":\"SearchAction\",\"target\":{\"@type\":\"EntryPoint\",\"urlTemplate\":\"https:\\\/\\\/stuttgarti-katolikusok.de\\\/?s={search_term_string}\"},\"query-input\":{\"@type\":\"PropertyValueSpecification\",\"valueRequired\":true,\"valueName\":\"search_term_string\"}}],\"inLanguage\":\"hu\"},{\"@type\":\"Person\",\"@id\":\"https:\\\/\\\/stuttgarti-katolikusok.de\\\/#\\\/schema\\\/person\\\/75908d6f8fdc03a57889d27209df7795\",\"name\":\"Tibor atya\",\"image\":{\"@type\":\"ImageObject\",\"inLanguage\":\"hu\",\"@id\":\"https:\\\/\\\/secure.gravatar.com\\\/avatar\\\/61d268e57d1f4525b111222e29d2d5a7f8c420fdbf231ba5566a8ceac74fa960?s=96&d=mm&r=g\",\"url\":\"https:\\\/\\\/secure.gravatar.com\\\/avatar\\\/61d268e57d1f4525b111222e29d2d5a7f8c420fdbf231ba5566a8ceac74fa960?s=96&d=mm&r=g\",\"contentUrl\":\"https:\\\/\\\/secure.gravatar.com\\\/avatar\\\/61d268e57d1f4525b111222e29d2d5a7f8c420fdbf231ba5566a8ceac74fa960?s=96&d=mm&r=g\",\"caption\":\"Tibor atya\"},\"url\":\"https:\\\/\\\/stuttgarti-katolikusok.de\\\/index.php\\\/author\\\/tibor-atya\\\/\"}]}<\/script>\n<!-- \/ Yoast SEO plugin. -->","yoast_head_json":{"title":"Bar\u00e1ts\u00e1gklub - 2024. szeptember 27. - Stuttgarti Katolikusok","robots":{"index":"index","follow":"follow","max-snippet":"max-snippet:-1","max-image-preview":"max-image-preview:large","max-video-preview":"max-video-preview:-1"},"canonical":"https:\/\/stuttgarti-katolikusok.de\/index.php\/baratsagklub-2024-szeptember-27\/","og_locale":"hu_HU","og_type":"article","og_title":"Bar\u00e1ts\u00e1gklub - 2024. szeptember 27. - Stuttgarti Katolikusok","og_description":"You are currently viewing a placeholder content from Default. To access the actual content, click the button below. Please note that doing so will share data with third-party providers. Unblock content Accept required service and unblock content More Information K\u00f6sz\u00f6net S\u00e1ndornak a k\u00e9pek\u00e9rt. Erika \u00e9s Marika \u00edr\u00e1sait olvashatj\u00e1tok az al\u00e1bbiakban: Sz\u00e1momra mindig nagy kih\u00edv\u00e1st jelent, hogy milyen t\u00e9m\u00e1t hozzak h\u00f3napr\u00f3l-h\u00f3napra a Bar\u00e1ts\u00e1gklub d\u00e9lut\u00e1njaira. Legyen \u00e9rdekes, j\u00f3 lenne valami \u00fajat hallani, ismereteinket b\u0151v\u00edteni, de term\u00e9szetesen szeretn\u00e9nk j\u00f3l is \u00e9rezni magunkat. F\u00e9rjem,\u00a0 S\u00e1ndor k\u00e9rte, hogy legyen egy d\u00e9lut\u00e1nunk, amikor mindenki elhozza mag\u00e1val az egyik legkedvesebb t\u00e1rgy\u00e1t \u00e9s elmes\u00e9li, hogy mi\u00e9rt is az a t\u00e1rgy sz\u00e1m\u00e1ra kedves. Az \u00f6tlet nagyon tetszett \u00e9s \u00f6r\u00f6mmel k\u00e9sz\u00edtettem el a megh\u00edv\u00f3t, szeptember 27-\u00e9re, az \u201eAz eml\u00e9kek d\u00e9lut\u00e1nj\u00e1ra\u201d. Akkor m\u00e9g nem tudhattam, hogy az egyik sz\u00e1momra legeml\u00e9kezetesebb Klubd\u00e9lut\u00e1nunk lesz. Ott azon a d\u00e9lut\u00e1non a t\u00e1rgyak \u00e9letre keltek . Megjelent el\u0151tt\u00fcnk a k\u00e9sz\u00edt\u0151je, az egykori k\u00f6rnyezete. El tudtuk k\u00e9pzelni a szem\u00e9lyeket akik hordt\u00e1k, haszn\u00e1lt\u00e1k, kedvelt\u00e9k. \u00c9s a t\u00f6rt\u00e9netek, melyet elmes\u00e9ltetettek a t\u00e1rgyak kapcs\u00e1n. Azt hiszem egyet-kett\u0151tt megk\u00f6nnyezt\u00fcnk. M\u00e9lyen meg\u00e9rintett a menyasszonyi ruha t\u00f6rt\u00e9nete, melyet \u00e9desanyja viselt b\u00fcszk\u00e9n az esk\u00fcv\u0151j\u00e9n \u00e9s most l\u00e1nya, t\u00f6bb \u00e9vvel k\u00e9s\u0151bb a kez\u00e9ben tarthat. A ruha \u00e1ltal kibontakozott a csal\u00e1dnak az \u00e9lete, t\u00f6rt\u00e9nete. Ki k\u00e9sz\u00edthette a ruh\u00e1t, egy f\u00e9rfi vagy egy n\u0151? Milyen \u00e9rz\u00e9sek munk\u00e1ltak benne mikor l\u00e9trehozta a finom anyagb\u00f3l valakinek az \u00e1lmai esk\u00fcv\u0151i ruh\u00e1j\u00e1t? Vagy a 110 \u00e9ves f\u00e9nyk\u00e9pez\u0151g\u00e9p t\u00f6rt\u00e9nete, amikor egy fiatal l\u00e1ny \u00e1lm\u00e1b\u00f3l val\u00f3s\u00e1g v\u00e1lik, \u00e9s tanulhat egy szakm\u00e1t, ami akkor abban az id\u0151ben ritkas\u00e1gnak sz\u00e1m\u00edtott. A f\u00e9nyk\u00e9pez\u0151g\u00e9p \u00e1ltal megtudhattuk, hogy \u00e1lmainkat nem szabad feladnunk \u00e9s igenis lehet harcolni az el\u0151\u00edt\u00e9letekkel, a korral \u00e9s a sz\u00fcleinkkel. H\u00e1ny embernek a boldogs\u00e1g\u00e1t, eml\u00e9k\u00e9t \u00f6r\u00f6k\u00edtett\u00e9k meg ezzel a f\u00e9nyk\u00e9pez\u0151vel? Kik \u00e9lhetnek m\u00e9g azok k\u00f6z\u00fcl, akik belen\u00e9ztek a lencs\u00e9j\u00e9be? Egy csod\u00e1latos aranynyakl\u00e1nc egy Sz\u0171z M\u00e1ria med\u00e1llal. \u00c9s az \u00e9desanya, aki f\u00e9ltette, \u00f3vta pici l\u00e1ny\u00e1t, \u00e9s... R\u00e9szletek","og_url":"https:\/\/stuttgarti-katolikusok.de\/index.php\/baratsagklub-2024-szeptember-27\/","og_site_name":"Stuttgarti Katolikusok","article_published_time":"2024-10-08T22:52:29+00:00","article_modified_time":"2024-10-08T23:04:29+00:00","og_image":[{"width":2339,"height":1654,"url":"https:\/\/stuttgarti-katolikusok.de\/wp-content\/uploads\/2024\/09\/2024-szeptember.jpg","type":"image\/jpeg"}],"author":"Tibor atya","twitter_card":"summary_large_image","twitter_misc":{"Szerz\u0151:":"Tibor atya","Becs\u00fclt olvas\u00e1si id\u0151":"6 perc"},"schema":{"@context":"https:\/\/schema.org","@graph":[{"@type":"Article","@id":"https:\/\/stuttgarti-katolikusok.de\/index.php\/baratsagklub-2024-szeptember-27\/#article","isPartOf":{"@id":"https:\/\/stuttgarti-katolikusok.de\/index.php\/baratsagklub-2024-szeptember-27\/"},"author":{"name":"Tibor atya","@id":"https:\/\/stuttgarti-katolikusok.de\/#\/schema\/person\/75908d6f8fdc03a57889d27209df7795"},"headline":"Bar\u00e1ts\u00e1gklub &#8211; 2024. szeptember 27.","datePublished":"2024-10-08T22:52:29+00:00","dateModified":"2024-10-08T23:04:29+00:00","mainEntityOfPage":{"@id":"https:\/\/stuttgarti-katolikusok.de\/index.php\/baratsagklub-2024-szeptember-27\/"},"wordCount":1456,"image":{"@id":"https:\/\/stuttgarti-katolikusok.de\/index.php\/baratsagklub-2024-szeptember-27\/#primaryimage"},"thumbnailUrl":"https:\/\/stuttgarti-katolikusok.de\/wp-content\/uploads\/2024\/09\/2024-szeptember.jpg","articleSection":["Bar\u00e1ts\u00e1g Klub","Olvas\u00f3ink \u00edrj\u00e1k"],"inLanguage":"hu"},{"@type":"WebPage","@id":"https:\/\/stuttgarti-katolikusok.de\/index.php\/baratsagklub-2024-szeptember-27\/","url":"https:\/\/stuttgarti-katolikusok.de\/index.php\/baratsagklub-2024-szeptember-27\/","name":"Bar\u00e1ts\u00e1gklub - 2024. szeptember 27. - Stuttgarti Katolikusok","isPartOf":{"@id":"https:\/\/stuttgarti-katolikusok.de\/#website"},"primaryImageOfPage":{"@id":"https:\/\/stuttgarti-katolikusok.de\/index.php\/baratsagklub-2024-szeptember-27\/#primaryimage"},"image":{"@id":"https:\/\/stuttgarti-katolikusok.de\/index.php\/baratsagklub-2024-szeptember-27\/#primaryimage"},"thumbnailUrl":"https:\/\/stuttgarti-katolikusok.de\/wp-content\/uploads\/2024\/09\/2024-szeptember.jpg","datePublished":"2024-10-08T22:52:29+00:00","dateModified":"2024-10-08T23:04:29+00:00","author":{"@id":"https:\/\/stuttgarti-katolikusok.de\/#\/schema\/person\/75908d6f8fdc03a57889d27209df7795"},"breadcrumb":{"@id":"https:\/\/stuttgarti-katolikusok.de\/index.php\/baratsagklub-2024-szeptember-27\/#breadcrumb"},"inLanguage":"hu","potentialAction":[{"@type":"ReadAction","target":["https:\/\/stuttgarti-katolikusok.de\/index.php\/baratsagklub-2024-szeptember-27\/"]}]},{"@type":"ImageObject","inLanguage":"hu","@id":"https:\/\/stuttgarti-katolikusok.de\/index.php\/baratsagklub-2024-szeptember-27\/#primaryimage","url":"https:\/\/stuttgarti-katolikusok.de\/wp-content\/uploads\/2024\/09\/2024-szeptember.jpg","contentUrl":"https:\/\/stuttgarti-katolikusok.de\/wp-content\/uploads\/2024\/09\/2024-szeptember.jpg","width":2339,"height":1654},{"@type":"BreadcrumbList","@id":"https:\/\/stuttgarti-katolikusok.de\/index.php\/baratsagklub-2024-szeptember-27\/#breadcrumb","itemListElement":[{"@type":"ListItem","position":1,"name":"Kezd\u0151lap","item":"https:\/\/stuttgarti-katolikusok.de\/"},{"@type":"ListItem","position":2,"name":"Bar\u00e1ts\u00e1gklub &#8211; 2024. szeptember 27."}]},{"@type":"WebSite","@id":"https:\/\/stuttgarti-katolikusok.de\/#website","url":"https:\/\/stuttgarti-katolikusok.de\/","name":"Stuttgarti Katolikusok","description":"","potentialAction":[{"@type":"SearchAction","target":{"@type":"EntryPoint","urlTemplate":"https:\/\/stuttgarti-katolikusok.de\/?s={search_term_string}"},"query-input":{"@type":"PropertyValueSpecification","valueRequired":true,"valueName":"search_term_string"}}],"inLanguage":"hu"},{"@type":"Person","@id":"https:\/\/stuttgarti-katolikusok.de\/#\/schema\/person\/75908d6f8fdc03a57889d27209df7795","name":"Tibor atya","image":{"@type":"ImageObject","inLanguage":"hu","@id":"https:\/\/secure.gravatar.com\/avatar\/61d268e57d1f4525b111222e29d2d5a7f8c420fdbf231ba5566a8ceac74fa960?s=96&d=mm&r=g","url":"https:\/\/secure.gravatar.com\/avatar\/61d268e57d1f4525b111222e29d2d5a7f8c420fdbf231ba5566a8ceac74fa960?s=96&d=mm&r=g","contentUrl":"https:\/\/secure.gravatar.com\/avatar\/61d268e57d1f4525b111222e29d2d5a7f8c420fdbf231ba5566a8ceac74fa960?s=96&d=mm&r=g","caption":"Tibor atya"},"url":"https:\/\/stuttgarti-katolikusok.de\/index.php\/author\/tibor-atya\/"}]}},"_links":{"self":[{"href":"https:\/\/stuttgarti-katolikusok.de\/index.php\/wp-json\/wp\/v2\/posts\/29504","targetHints":{"allow":["GET"]}}],"collection":[{"href":"https:\/\/stuttgarti-katolikusok.de\/index.php\/wp-json\/wp\/v2\/posts"}],"about":[{"href":"https:\/\/stuttgarti-katolikusok.de\/index.php\/wp-json\/wp\/v2\/types\/post"}],"author":[{"embeddable":true,"href":"https:\/\/stuttgarti-katolikusok.de\/index.php\/wp-json\/wp\/v2\/users\/3"}],"replies":[{"embeddable":true,"href":"https:\/\/stuttgarti-katolikusok.de\/index.php\/wp-json\/wp\/v2\/comments?post=29504"}],"version-history":[{"count":3,"href":"https:\/\/stuttgarti-katolikusok.de\/index.php\/wp-json\/wp\/v2\/posts\/29504\/revisions"}],"predecessor-version":[{"id":29507,"href":"https:\/\/stuttgarti-katolikusok.de\/index.php\/wp-json\/wp\/v2\/posts\/29504\/revisions\/29507"}],"wp:featuredmedia":[{"embeddable":true,"href":"https:\/\/stuttgarti-katolikusok.de\/index.php\/wp-json\/wp\/v2\/media\/29389"}],"wp:attachment":[{"href":"https:\/\/stuttgarti-katolikusok.de\/index.php\/wp-json\/wp\/v2\/media?parent=29504"}],"wp:term":[{"taxonomy":"category","embeddable":true,"href":"https:\/\/stuttgarti-katolikusok.de\/index.php\/wp-json\/wp\/v2\/categories?post=29504"},{"taxonomy":"post_tag","embeddable":true,"href":"https:\/\/stuttgarti-katolikusok.de\/index.php\/wp-json\/wp\/v2\/tags?post=29504"}],"curies":[{"name":"wp","href":"https:\/\/api.w.org\/{rel}","templated":true}]}}