{"id":29457,"date":"2024-10-05T13:18:55","date_gmt":"2024-10-05T11:18:55","guid":{"rendered":"https:\/\/stuttgarti-katolikusok.de\/?p=29457"},"modified":"2024-10-05T13:21:26","modified_gmt":"2024-10-05T11:21:26","slug":"evkozi-27-vasarnap-termenybetakaritasi-halaadas","status":"publish","type":"post","link":"https:\/\/stuttgarti-katolikusok.de\/index.php\/evkozi-27-vasarnap-termenybetakaritasi-halaadas\/","title":{"rendered":"\u00c9vk\u00f6zi 27. vas\u00e1rnap \u2013 Term\u00e9nybetakar\u00edt\u00e1si h\u00e1laad\u00e1s"},"content":{"rendered":"<p><span style=\"color: #ff6600;\"><em>Az \u00e9vk\u00f6zi 27. vas\u00e1rnap kezd\u0151\u00e9neke Isten fens\u00e9ges nagys\u00e1g\u00e1t hirdeti. Minden az \u0150 hatalma al\u00e1 tartozik. Mennyire j\u00f3 tudni azt a benn\u00fcnket egyre elbizonytalan\u00edt\u00f3 vil\u00e1gban, hogy Isten a mindens\u00e9g Ura. Sorsunk \u00e9let\u00fcnk az \u0150 kez\u00e9ben van.<\/em><\/span><\/p>\n<p><span style=\"color: #ff6600;\"><em>Sz\u00e1momra ennek a vas\u00e1rnapnak k\u00f6ny\u00f6rg\u00e9se az egyik legm\u00e9lyebb katolikus teol\u00f3giai tan\u00edt\u00e1s \u00e9s \u00fczenet is egyben. Tal\u00e1n az\u00e9rt is, mert ifj\u00fa di\u00e1k\u00e9veim egy \u0151szi vas\u00e1rnap d\u00e9lut\u00e1nj\u00e1t eleven\u00edti fel. Po\u00f3sz Lajos atya Hossz\u00famez\u0151n volt pl\u00e9b\u00e1nos, s vas\u00e1rnap est\u00e9re akkori pl\u00e9b\u00e1nosomhoz l\u00e1togatott, \u00c1ib S\u00e1ndor aty\u00e1hoz. Nagyon j\u00f3 bar\u00e1ts\u00e1gban voltak. Term\u00e9szetes volt, hogy Lajos atya v\u00e9gezte a vas\u00e1rnap esti szentmis\u00e9t. Az \u0151 saj\u00e1tos \u00e9s egyedi st\u00edlus\u00e1ban \u00e9ppen err\u0151l a k\u00f6ny\u00f6rg\u00e9sr\u0151l tartotta elm\u00e9lked\u00e9s\u00e9t. Az\u00f3ta is gyakran elm\u00e9lkedem ennek a k\u00f6ny\u00f6rg\u00e9snek tartalmas \u00fczeneteir\u0151l.<\/em><\/span><\/p>\n<ul>\n<li><span style=\"color: #ff6600;\"><em>&#8222;Isten, te mindig t\u00f6bbet adsz nek\u00fcnk, mint amit meg\u00e9rdeml\u00fcnk \u00e9s k\u00edv\u00e1nhatunk.&#8221; &#8211;\u00a0 Amennyiben \u0151szinte vagyok magamhoz, el kell ismernem, nincs ez m\u00e1sk\u00e9nt a magam \u00e9let\u00e9ben sem. Ne tagadd meg ezt \u0151szintes\u00e9get magadt\u00f3l sem, s r\u00e1 fogsz j\u00f6nni, hogy magad \u00e9let\u00e9ben is pontosan \u00edgy van. \u00c9rdemeinken \u00e9s egy\u00e9ni k\u00edv\u00e1ns\u00e1gainkon \u00e9s \u00f3hajainkon t\u00fal!<\/em><\/span><\/li>\n<li><span style=\"color: #ff6600;\"><em>&#8222;\u00c1raszd r\u00e1nk irgalmadat, bocs\u00e1sd meg mindazt, amivel lelkiismeret\u00fcnk v\u00e1dol.&#8221; &#8211; Ezzel elismerem v\u00e9tkes voltomat, s azt, hogy Isten irgalma n\u00e9lk\u00fcl senki vagyok. Lelkiismeretem v\u00e1dl\u00f3 szav\u00e1t csakis Isten irgalma tudja lecsendes\u00edteni \u00e9s kioltani.<\/em><\/span><\/li>\n<li><span style=\"color: #ff6600;\"><em>&#8222;\u00c9s amit szinte m\u00e1r k\u00e9rni sem mer\u00fcnk, add meg t\u00fal\u00e1rad\u00f3 atyai j\u00f3s\u00e1godb\u00f3l.&#8221; &#8211; Szavak n\u00e9lk\u00fcl is meg\u00e9rtj\u00fck egym\u00e1st! Emberi kapcsolataink \u00e9s k\u00f6t\u0151d\u00e9seink igazi fokm\u00e9r\u0151je. Igaz, ebbe vagy belen\u00f6v\u00fcnk &#8211; sz\u00fcl\u0151k \u00e9s gyermek kapcsolata -, vagy pedig hosszas \u00e9s k\u00f6z\u00f6s utat megt\u00e9ve &#8211; bar\u00e1ti kapcsolatok &#8211; jutunk el ide. A j\u00f3 Isten eset\u00e9ben pedig m\u00e1r ki sem kell mondanunk, nem is kell k\u00e9rn\u00fcnk, mert t\u00fal\u00e1rad\u00f3 atyai j\u00f3s\u00e1g\u00e1b\u00f3l megadja nek\u00fcnk. Mennyire csod\u00e1latos,\u00a0 megnyugtat\u00f3 felismer\u00e9s \u00e9s \u00e9rz\u00e9s ez!\u00a0<\/em><\/span><\/li>\n<\/ul>\n<p><span style=\"color: #ff6600;\"><em>Ideol\u00f3giai \u00e9rtelemben fert\u0151z\u00f6tt vil\u00e1gunkban megnyugtat\u00f3 \u00e9rz\u00e9s ism\u00e9telten felid\u00e9zni a kinyilatkoztat\u00e1s ir\u00e1nyt mutat\u00f3 tan\u00edt\u00e1s\u00e1t a Teremt\u00e9s k\u00f6nyv\u00e9b\u0151l. Err\u0151l hallhatunk az els\u0151 olvasm\u00e1nyban. Embernek csakis ember lesz m\u00e9lt\u00f3 \u00e9s hozz\u00e1 ill\u0151 t\u00e1rsa. \u00c9ppen ez\u00e9rt kell\u0151 \u00f3vatoss\u00e1gban kell viszonyulnunk a mesters\u00e9ges intelligenci\u00e1hoz. Tov\u00e1bb\u00e1, korunk vesz\u00e9lyes v\u00e1llal\u00e1sa a hat\u00e1rok teljess\u00e9ggel t\u00f6rt\u00e9n\u0151 elmos\u00e1sa a f\u00e9rfi \u00e9s n\u0151 vonatkoz\u00e1s\u00e1ban. Ism\u00e9telten egy nagyon vesz\u00e9lyes \u00e9s ingov\u00e1nyos ter\u00fclete ez jelen \u00e9let\u00fcnknek.<\/em><\/span><\/p>\n<p><span style=\"color: #ff6600;\"><em>Emberi \u00e9let\u00fcnk boldogs\u00e1g\u00e1nak felt\u00e9tele, hogy Isten \u00e1ld\u00e1sa k\u00eds\u00e9rjen benn\u00fcnket. Ezt k\u00fcldi \u00fczenetk\u00e9nt a 127. zsolt\u00e1r.<\/em><\/span><\/p>\n<p><span style=\"color: #ff6600;\"><em>Krisztus \u00e9rt\u00fcnk, a mi \u00fcdv\u00f6ss\u00e9g\u00fcnk\u00e9rt lett emberr\u00e9 \u00e9s v\u00e1llalta a hal\u00e1lt. Ezzel nem csup\u00e1n megv\u00e1ltott benn\u00fcnket, de ugyanakkor \u00f6szt\u00f6n\u00f6z is, hogy k\u00f6vetni tudjam p\u00e9ld\u00e1j\u00e1t.<\/em><\/span><\/p>\n<p><span style=\"color: #ff6600;\"><em>A farizeusok provokat\u00edv k\u00e9rd\u00e9ssel keresik fel J\u00e9zust. \u0150 azonban \u00e1tl\u00e1tja \u00e1rt\u00f3 sz\u00e1nd\u00e9kukat, s azt a vil\u00e1gos v\u00e1laszt adja, amellyel saj\u00e1t maguk is tiszt\u00e1ban vannak. \u00c9let\u00fcnk megannyi ter\u00fclet\u00e9n provok\u00e1ci\u00f3k sokas\u00e1g\u00e1val tal\u00e1ljuk szembe magunkat. Hat\u00e1rozotts\u00e1g \u00e9s \u00f3ri\u00e1si \u00f6nfegyelem kell ahhoz, hogy az ilyen helyzetekben elveimet a lehet\u0151 leghat\u00e1rozottabb form\u00e1ban k\u00e9pviselni tudjam. K\u00f6zben pedig tudjam megv\u00e9deni magam az alantas sz\u00e1nd\u00e9k\u00fa emberi provok\u00e1ci\u00f3kt\u00f3l.<\/em><\/span><\/p>\n<p><span style=\"color: #008000;\">Kezd\u0151\u00e9nek:<\/span><br \/>\nHatalmad al\u00e1 tartozik, Uram, minden, \u00e9s nincs, aki akaratodnak ellen\u00e1llhatna. Te alkottad az eget \u00e9s a f\u00f6ldet, \u00e9s mindent, amit az \u00e9g hat\u00e1ra mag\u00e1ba foglal; te vagy a mindens\u00e9g Ura. (V\u00f6. Eszt 4.17c-e)<\/p>\n<p><span style=\"color: #008000;\">K\u00f6ny\u00f6rg\u00e9s:<\/span><br \/>\nMindenhat\u00f3, \u00f6r\u00f6k Isten, te mindig t\u00f6bbet adsz nek\u00fcnk, mint amit meg\u00e9rdeml\u00fcnk \u00e9s k\u00edv\u00e1nhatunk. \u00c1raszd r\u00e1nk irgalmadat, bocs\u00e1sd meg mindazt, amivel lelkiismeret\u00fcnk v\u00e1dol. \u00c9s amit szinte m\u00e1r k\u00e9rni sem mer\u00fcnk, add meg t\u00fal\u00e1rad\u00f3 atyai j\u00f3s\u00e1godb\u00f3l. A mi Urunk, J\u00e9zus Krisztus, a te Fiad \u00e1ltal, aki veled \u00e9l \u00e9s uralkodik a Szentl\u00e9lekkel egys\u00e9gben, Isten mind\u00f6r\u00f6kk\u00f6n \u00f6r\u00f6kk\u00e9.<\/p>\n<p><span style=\"color: #008000;\">OLVASM\u00c1NY M\u00f3zes els\u0151 k\u00f6nyv\u00e9b\u0151l (Ter 2,18-24)<\/span><br \/>\nAz els\u0151 ember teremt\u00e9se ut\u00e1n \u00edgy sz\u00f3lt az \u00daristen: \u201eNem j\u00f3 az embernek egyed\u00fcl lennie. Alkotok neki seg\u00edt\u0151t\u00e1rsat, aki hozz\u00e1 ill\u0151.\u201d<br \/>\nAz \u00daristen megteremtette a f\u00f6ldb\u0151l a mez\u0151 minden \u00e1llat\u00e1t \u00e9s az \u00e9g minden madar\u00e1t. Odavezette \u0151ket az emberhez, hogy l\u00e1ssa, milyen nevet ad nekik. Az lett a nev\u00fck, amit az ember adott nekik. Az ember teh\u00e1t nevet adott minden \u00e1llatnak, az \u00e9g minden madar\u00e1nak \u00e9s a mez\u0151 minden vadj\u00e1nak. De a maga sz\u00e1m\u00e1ra nem tal\u00e1lt seg\u00edt\u0151t\u00e1rsat, aki hasonl\u00f3 lett volna hozz\u00e1.<br \/>\nEz\u00e9rt az \u00daristen \u00e1lmot bocs\u00e1tott az emberre, \u00e9s amikor elaludt, kivette az egyik oldalbord\u00e1j\u00e1t, a hely\u00e9t pedig h\u00fassal t\u00f6lt\u00f6tte ki. Ezut\u00e1n az \u00daristen az oldalbord\u00e1b\u00f3l, amelyet az emberb\u0151l kivett, megalkotta az asszonyt, \u00e9s az emberhez vezette. Az ember \u00edgy sz\u00f3lt: \u201eEz most m\u00e1r csont az \u00e9n csontomb\u00f3l \u00e9s h\u00fas az \u00e9n h\u00fasomb\u00f3l. Asszony a neve, mivel a f\u00e9rfib\u0151l v\u00e9tetett.\u201d Ez\u00e9rt a f\u00e9rfi elhagyja apj\u00e1t \u00e9s anyj\u00e1t, a feles\u00e9g\u00e9hez ragaszkodik, \u00e9s a kett\u0151 egy test lesz.<br \/>\nEz az Isten ig\u00e9je.<\/p>\n<p><span style=\"color: #008000;\">V\u00c1LASZOS ZSOLT\u00c1R (Zsolt 127,1-2.3.4-5.6)<\/span><br \/>\nV\u00e1lasz:\u00a0<strong>\u00c9let\u00fcnknek min<u>den<\/u>\u00a0napj\u00e1t, * Isten\u00a0<u>\u00e1l<\/u>d\u00e1sa k\u00eds\u00e9rje!<\/strong>\u00a0(6. t\u00f3nus.)<br \/>\nEl\u0151\u00e9nekes: Boldog mindaz, ki f\u00e9li\u00a0<u>az<\/u>\u00a0Urat, * aki az\u00a0<u>\u0151<\/u>\u00a0\u00fatjain j\u00e1r.<br \/>\nKezed munk\u00e1j\u00e1<u>b\u00f3l<\/u>\u00a0\u00e9lhetsz, * boldog leszel,\u00a0<u>\u00e9s<\/u>\u00a0j\u00f3l megy sorod.<br \/>\nH\u00edvek:\u00a0<strong>\u00c9let\u00fcnknek min<u>den<\/u>\u00a0napj\u00e1t, * Isten\u00a0<u>\u00e1l<\/u>d\u00e1sa k\u00eds\u00e9rje!<\/strong><br \/>\nE: Feles\u00e9ged olyan, mint a ter<u>m\u0151<\/u>\u00a0sz\u0151l\u0151t\u0151, * a te h\u00e1<u>zad<\/u>\u00a0bensej\u00e9ben.<br \/>\nFiaid olyanok, mint az olaj<u>fa<\/u>csemet\u00e9k, * \u00fagy veszik k\u00f6<u>r\u00fcl<\/u>\u00a0asztalodat.<br \/>\nH:\u00a0<strong>\u00c9let\u00fcnknek min<u>den<\/u>\u00a0napj\u00e1t, * Isten\u00a0<u>\u00e1l<\/u>d\u00e1sa k\u00eds\u00e9rje!<\/strong><br \/>\nE: \u00cdme, ilyen \u00e1ld\u00e1sban r\u00e9szes\u00fcl az\u00a0<u>az<\/u>\u00a0ember, * aki\u00a0<u>f\u00e9<\/u>li az Urat.<br \/>\n\u00c1ldjon meg t\u00e9ged az\u00a0<u>\u00dar<\/u>\u00a0Sionb\u00f3l, * hogy l\u00e1sd Jeruzs\u00e1lem j\u00f3l\u00e9t\u00e9t \u00e9le<u>ted<\/u>\u00a0minden napj\u00e1n.<br \/>\nH:\u00a0<strong>\u00c9let\u00fcnknek min<u>den<\/u>\u00a0napj\u00e1t, * Isten\u00a0<u>\u00e1l<\/u>d\u00e1sa k\u00eds\u00e9rje!<\/strong><br \/>\nE: L\u00e1sd meg fiaid<u>nak<\/u>\u00a0fiait, * b\u00e9kes<u>s\u00e9g<\/u>\u00a0Izraelnek!<br \/>\nH:\u00a0<strong>\u00c9let\u00fcnknek min<u>den<\/u>\u00a0napj\u00e1t, * Isten\u00a0<u>\u00e1l<\/u>d\u00e1sa k\u00eds\u00e9rje!<\/strong><\/p>\n<p><span style=\"color: #008000;\">SZENTLECKE a Zsid\u00f3khoz \u00edrt lev\u00e9lb\u0151l (Zsid 2,9-11)<\/span><br \/>\nTestv\u00e9reim!<br \/>\nAnnyit az\u00e9rt m\u00e1r l\u00e1tunk, hogy J\u00e9zus, aki kev\u00e9ssel lett kisebb az angyalokn\u00e1l, a hal\u00e1l elszenved\u00e9s\u00e9\u00e9rt a dics\u0151s\u00e9g \u00e9s nagys\u00e1g koron\u00e1j\u00e1t nyerte el, hiszen az Isten irgalm\u00e1b\u00f3l mindny\u00e1junk\u00e9rt meg\u00edzlelte a hal\u00e1lt.<br \/>\nIllett ugyanis (Istenhez), hogy azt, aki\u00e9rt \u00e9s aki \u00e1ltal minden lett \u2013 mivel sz\u00e1mtalan fi\u00e1t elvezette az \u00fcdv\u00f6ss\u00e9gre \u2013, az \u00fcdv\u00f6ss\u00e9g szerz\u0151jek\u00e9nt a szenved\u00e9sben t\u00f6k\u00e9letes\u00edtse. Mert ugyanatt\u00f3l az egyt\u0151l val\u00f3k mind: a megszentel\u0151 \u00e9s azok, akiket megszentelt. Ez\u00e9rt nem sz\u00e9gyelli testv\u00e9rnek nevezni \u0151ket.<br \/>\nEz az Isten ig\u00e9je.<\/p>\n<p><span style=\"color: #008000;\">ALLELUJA<\/span><br \/>\nHa szeretj\u00fck egym\u00e1st, Isten megmarad sz\u00edv\u00fcnkben, * \u00e9s szeretete t\u00f6k\u00e9letes lesz benn\u00fcnk. (1Jn 4,12 \u2013 10. t\u00f3nus.)<\/p>\n<p><em><span style=\"color: #008000;\">Hosszabb forma:<\/span> <span style=\"color: #008000;\">(Mk 10,2-16)<\/span><\/em><\/p>\n<p><span style=\"color: #008000;\"><em>R\u00f6videbb forma:<\/em><\/span>\u00a0<span style=\"color: #008000;\"><em>(Mk 10,2-12 a *-ig.)<\/em><\/span><\/p>\n<p><span style=\"color: #008000;\">\u2020 EVANG\u00c9LIUM Szent M\u00e1rk k\u00f6nyv\u00e9b\u0151l \u00a0<\/span><br \/>\nAbban az id\u0151ben: A farizeusok odamentek J\u00e9zushoz \u00e9s megk\u00e9rdezt\u00e9k: \u201eSzabad-e a f\u00e9rjnek elbocs\u00e1tania a feles\u00e9g\u00e9t?\u201d Pr\u00f3b\u00e1ra akart\u00e1k ugyanis tenni. \u0150 azonban k\u00e9rd\u00e9ssel v\u00e1laszolt: \u201eMit parancsolt nektek M\u00f3zes?\u201d Azt felelt\u00e9k: \u201eM\u00f3zes megengedte, hogy v\u00e1l\u00f3levelet \u00edrjunk \u00e9s elv\u00e1ljunk.\u201d J\u00e9zus folytatta: \u201eA ti sz\u00edvetek kem\u00e9nys\u00e9ge miatt \u00edrta nektek ezt a parancsot. Isten azonban a teremt\u00e9s kezdet\u00e9n f\u00e9rfit \u00e9s n\u0151t alkotott. Az ember ez\u00e9rt elhagyja apj\u00e1t, anyj\u00e1t, a feles\u00e9g\u00e9hez csatlakozik, \u00e9s ketten egy test lesznek. Ett\u0151l kezdve t\u00f6bb\u00e9 m\u00e1r nem k\u00e9t test, hanem csak egy. Amit teh\u00e1t Isten egybek\u00f6t\u00f6tt, azt ember ne v\u00e1lassza sz\u00e9t.\u201d Otthon tan\u00edtv\u00e1nyai ism\u00e9t megk\u00e9rdezt\u00e9k \u0151t ezzel kapcsolatban. Ezt v\u00e1laszolta: \u201eAki elbocs\u00e1tja feles\u00e9g\u00e9t \u00e9s m\u00e1st vesz el, h\u00e1zass\u00e1gt\u00f6r\u00e9st k\u00f6vet el ellene. Ha pedig a feles\u00e9g hagyja el f\u00e9rj\u00e9t, \u00e9s m\u00e1shoz megy, h\u00e1zass\u00e1got t\u00f6r.\u201d<strong><span style=\"color: #008000;\">*<\/span><\/strong><br \/>\nKisgyermekeket vittek hozz\u00e1, hogy tegye r\u00e1juk a kez\u00e9t. A tan\u00edtv\u00e1nyok azonban elutas\u00edtott\u00e1k \u0151ket. Amikor J\u00e9zus megl\u00e1tta ezt, megharagudott, \u00e9s ezt mondta nekik: \u201eEngedj\u00e9tek hozz\u00e1m j\u00f6nni a gyermekeket, \u00e9s ne tilts\u00e1tok el \u0151ket, mert ilyenek\u00e9 az Isten orsz\u00e1ga. Bizony, mondom nektek: Aki nem \u00fagy fogadja az Isten orsz\u00e1g\u00e1t, mint egy gyermek, nem megy be oda.\u201d Azut\u00e1n \u00f6l\u00e9be vette a gyermekeket, \u00e9s kez\u00e9t r\u00e1juk t\u00e9ve meg\u00e1ldotta \u0151ket.<br \/>\nEzek az evang\u00e9lium ig\u00e9i.<\/p>\n<p><span style=\"color: #008000;\">EGYETEMES K\u00d6NY\u00d6RG\u00c9SEK<\/span><br \/>\nPap: Im\u00e1dkozzunk, testv\u00e9reim, a mennyei Aty\u00e1hoz, hogy csal\u00e1djaink \u00e9let\u00e9t szentelje meg a szeretet \u00e9s szil\u00e1rd\u00edtsa meg a h\u0171s\u00e9g!<br \/>\nLektor:<br \/>\n1. Add, Urunk, hogy a h\u00e1zast\u00e1rsak k\u00f6lcs\u00f6n\u00f6s \u00e9s \u00e1ldozatos szeretettel boldog\u00edts\u00e1k egym\u00e1st!<br \/>\nH\u00edvek: K\u00e9r\u00fcnk T\u00e9ged, hallgass meg minket!<br \/>\n2. Add, Urunk, hogy a h\u00e1zast\u00e1rsak mindhal\u00e1lig h\u0171s\u00e9gben \u00e9ljenek, \u00e9s a csal\u00e1dok egy\u00fctt maradjanak!<br \/>\nH\u00edvek: K\u00e9r\u00fcnk T\u00e9ged, hallgass meg minket!<br \/>\n3. Add, Urunk, hogy a sz\u00fcl\u0151k im\u00e1ds\u00e1gos lelk\u00fclete \u00e9s munkaszeretete igaz kereszt\u00e9ny otthont teremtsen a csal\u00e1dnak!<br \/>\nH\u00edvek: K\u00e9r\u00fcnk T\u00e9ged, hallgass meg minket!<br \/>\n4. Add, hogy a sz\u00fcl\u0151k gyermekeiket mindig a j\u00f3ra nevelj\u00e9k, \u00e9s soha meg ne botr\u00e1nkoztass\u00e1k!<br \/>\nH\u00edvek: K\u00e9r\u00fcnk T\u00e9ged, hallgass meg minket!<br \/>\n5. Add, Urunk, hogy a gyermekek eg\u00e9sz \u00e9let\u00fckben szeretettel viszonozz\u00e1k sz\u00fcleik j\u00f3s\u00e1g\u00e1t!<br \/>\nH\u00edvek: K\u00e9r\u00fcnk T\u00e9ged, hallgass meg minket!<br \/>\nPap: Isten\u00fcnk, ki az emberi nemet a h\u00e1zass\u00e1g alap\u00edt\u00e1s\u00e1val k\u00edv\u00e1ntad fenntartani, szenteld meg a kereszt\u00e9ny csal\u00e1dokat, hogy \u00e9let\u00fck p\u00e9ldak\u00e9p\u00fcl szolg\u00e1ljon a vil\u00e1gnak! Krisztus, a mi Urunk \u00e1ltal.<br \/>\nH\u00edvek: \u00c1men.<\/p>\n<p><span style=\"color: #008000;\">Felaj\u00e1nl\u00f3 k\u00f6ny\u00f6rg\u00e9s:<\/span><br \/>\nK\u00e9r\u00fcnk, Urunk, Isten\u00fcnk, fogadd el rendel\u00e9sed szerint bemutatott \u00e1ldozatunkat, \u00e9s a szent miszt\u00e9riumokkal, amelyeket k\u00f6teles szolg\u00e1latunkkal meg\u00fcnnepl\u00fcnk, tedd teljess\u00e9 megv\u00e1lt\u00e1sunkat \u00e9s szentelj meg minket. Krisztus, a mi Urunk \u00e1ltal.<\/p>\n<p><span style=\"color: #008000;\">\u00c1ldoz\u00e1si \u00e9nek:<\/span><br \/>\nJ\u00f3 az \u00dar azokhoz, akik benne rem\u00e9lnek, a l\u00e9lekhez, amely \u0151t keresi. (Siral 3,25)<br \/>\n<span style=\"color: #008000;\"><em>Vagy<\/em><\/span><br \/>\nEgy keny\u00e9r \u00e9s egy test vagyunk mi sokan, mindny\u00e1jan, akik egy keny\u00e9rben \u00e9s egy kehelyben r\u00e9szes\u00fcl\u00fcnk. (V\u00f6. 1Kor 10,17)<\/p>\n<p><span style=\"color: #008000;\">\u00c1ldoz\u00e1s ut\u00e1ni k\u00f6ny\u00f6rg\u00e9s:<\/span><br \/>\nAdd meg, k\u00e9r\u00fcnk, mindenhat\u00f3 Isten\u00fcnk, hogy t\u00e1pl\u00e1ljon \u00e9s lelkes\u00edtsen ez a magunkhoz vett szents\u00e9g, \u00e9s alak\u00edtson minket szent Fiad k\u00e9pm\u00e1s\u00e1ra. Krisztus, a mi Urunk \u00e1ltal.<\/p>\n<p><em>(K\u00e9p forr\u00e1sa: Pixabay)<\/em><\/p>\n","protected":false},"excerpt":{"rendered":"<p>Az \u00e9vk\u00f6zi 27. vas\u00e1rnap kezd\u0151\u00e9neke Isten fens\u00e9ges nagys\u00e1g\u00e1t hirdeti. Minden az \u0150 hatalma al\u00e1 tartozik. Mennyire j\u00f3 tudni azt a benn\u00fcnket egyre elbizonytalan\u00edt\u00f3 vil\u00e1gban, hogy Isten a mindens\u00e9g Ura. Sorsunk \u00e9let\u00fcnk az \u0150 kez\u00e9ben van. Sz\u00e1momra ennek a vas\u00e1rnapnak k\u00f6ny\u00f6rg\u00e9se az egyik legm\u00e9lyebb katolikus teol\u00f3giai tan\u00edt\u00e1s \u00e9s \u00fczenet is egyben. Tal\u00e1n az\u00e9rt is, mert ifj\u00fa di\u00e1k\u00e9veim egy \u0151szi vas\u00e1rnap d\u00e9lut\u00e1nj\u00e1t eleven\u00edti fel. Po\u00f3sz Lajos atya Hossz\u00famez\u0151n volt pl\u00e9b\u00e1nos, s vas\u00e1rnap est\u00e9re akkori pl\u00e9b\u00e1nosomhoz l\u00e1togatott, \u00c1ib S\u00e1ndor aty\u00e1hoz. Nagyon j\u00f3 bar\u00e1ts\u00e1gban voltak. Term\u00e9szetes volt, hogy Lajos atya v\u00e9gezte a vas\u00e1rnap esti szentmis\u00e9t. Az \u0151 saj\u00e1tos \u00e9s egyedi st\u00edlus\u00e1ban \u00e9ppen err\u0151l a k\u00f6ny\u00f6rg\u00e9sr\u0151l tartotta elm\u00e9lked\u00e9s\u00e9t. Az\u00f3ta is gyakran elm\u00e9lkedem ennek a k\u00f6ny\u00f6rg\u00e9snek tartalmas \u00fczeneteir\u0151l. &#8222;Isten, te mindig t\u00f6bbet adsz nek\u00fcnk, mint amit meg\u00e9rdeml\u00fcnk \u00e9s k\u00edv\u00e1nhatunk.&#8221; &#8211;\u00a0 Amennyiben \u0151szinte vagyok magamhoz, el kell ismernem, nincs ez m\u00e1sk\u00e9nt a magam \u00e9let\u00e9ben sem. Ne tagadd meg ezt \u0151szintes\u00e9get magadt\u00f3l sem, s r\u00e1 fogsz j\u00f6nni, hogy magad \u00e9let\u00e9ben is pontosan \u00edgy van. \u00c9rdemeinken \u00e9s egy\u00e9ni k\u00edv\u00e1ns\u00e1gainkon \u00e9s \u00f3hajainkon t\u00fal! &#8222;\u00c1raszd r\u00e1nk irgalmadat, bocs\u00e1sd meg mindazt, amivel lelkiismeret\u00fcnk v\u00e1dol.&#8221; &#8211; Ezzel elismerem v\u00e9tkes voltomat, s azt, hogy Isten irgalma n\u00e9lk\u00fcl senki vagyok. Lelkiismeretem v\u00e1dl\u00f3 szav\u00e1t csakis Isten irgalma tudja lecsendes\u00edteni \u00e9s kioltani. &#8222;\u00c9s amit szinte m\u00e1r k\u00e9rni sem mer\u00fcnk, add meg t\u00fal\u00e1rad\u00f3 atyai j\u00f3s\u00e1godb\u00f3l.&#8221; &#8211; Szavak n\u00e9lk\u00fcl is meg\u00e9rtj\u00fck egym\u00e1st! Emberi kapcsolataink \u00e9s k\u00f6t\u0151d\u00e9seink igazi fokm\u00e9r\u0151je. Igaz, ebbe vagy belen\u00f6v\u00fcnk &#8211; sz\u00fcl\u0151k \u00e9s gyermek kapcsolata -, vagy pedig hosszas \u00e9s k\u00f6z\u00f6s utat megt\u00e9ve &#8211; bar\u00e1ti kapcsolatok &#8211; jutunk el ide. A j\u00f3 Isten eset\u00e9ben pedig m\u00e1r ki sem kell mondanunk, nem is kell k\u00e9rn\u00fcnk, mert t\u00fal\u00e1rad\u00f3 atyai j\u00f3s\u00e1g\u00e1b\u00f3l megadja nek\u00fcnk. Mennyire csod\u00e1latos,\u00a0 megnyugtat\u00f3 felismer\u00e9s \u00e9s \u00e9rz\u00e9s ez!\u00a0 Ideol\u00f3giai \u00e9rtelemben fert\u0151z\u00f6tt vil\u00e1gunkban megnyugtat\u00f3 \u00e9rz\u00e9s ism\u00e9telten felid\u00e9zni a kinyilatkoztat\u00e1s ir\u00e1nyt mutat\u00f3 tan\u00edt\u00e1s\u00e1t a Teremt\u00e9s k\u00f6nyv\u00e9b\u0151l. Err\u0151l hallhatunk az els\u0151 olvasm\u00e1nyban. Embernek csakis ember lesz m\u00e9lt\u00f3 \u00e9s hozz\u00e1 ill\u0151 t\u00e1rsa&#8230;. <\/p>\n<p><a class=\"readmore\" href=\"https:\/\/stuttgarti-katolikusok.de\/index.php\/evkozi-27-vasarnap-termenybetakaritasi-halaadas\/\">R\u00e9szletek<\/a><\/p>\n","protected":false},"author":3,"featured_media":20221,"comment_status":"closed","ping_status":"closed","sticky":false,"template":"","format":"standard","meta":{"footnotes":""},"categories":[85,63],"tags":[],"class_list":["post-29457","post","type-post","status-publish","format-standard","has-post-thumbnail","hentry","category-a-liturgia-olvasmanyai","category-vasarnapi-gondolatok"],"yoast_head":"<!-- This site is optimized with the Yoast SEO plugin v27.3 - https:\/\/yoast.com\/product\/yoast-seo-wordpress\/ -->\n<title>\u00c9vk\u00f6zi 27. vas\u00e1rnap \u2013 Term\u00e9nybetakar\u00edt\u00e1si h\u00e1laad\u00e1s - Stuttgarti Katolikusok<\/title>\n<meta name=\"robots\" content=\"index, follow, max-snippet:-1, max-image-preview:large, max-video-preview:-1\" \/>\n<link rel=\"canonical\" href=\"https:\/\/stuttgarti-katolikusok.de\/index.php\/evkozi-27-vasarnap-termenybetakaritasi-halaadas\/\" \/>\n<meta property=\"og:locale\" content=\"hu_HU\" \/>\n<meta property=\"og:type\" content=\"article\" \/>\n<meta property=\"og:title\" content=\"\u00c9vk\u00f6zi 27. vas\u00e1rnap \u2013 Term\u00e9nybetakar\u00edt\u00e1si h\u00e1laad\u00e1s - Stuttgarti Katolikusok\" \/>\n<meta property=\"og:description\" content=\"Az \u00e9vk\u00f6zi 27. vas\u00e1rnap kezd\u0151\u00e9neke Isten fens\u00e9ges nagys\u00e1g\u00e1t hirdeti. Minden az \u0150 hatalma al\u00e1 tartozik. Mennyire j\u00f3 tudni azt a benn\u00fcnket egyre elbizonytalan\u00edt\u00f3 vil\u00e1gban, hogy Isten a mindens\u00e9g Ura. Sorsunk \u00e9let\u00fcnk az \u0150 kez\u00e9ben van. Sz\u00e1momra ennek a vas\u00e1rnapnak k\u00f6ny\u00f6rg\u00e9se az egyik legm\u00e9lyebb katolikus teol\u00f3giai tan\u00edt\u00e1s \u00e9s \u00fczenet is egyben. Tal\u00e1n az\u00e9rt is, mert ifj\u00fa di\u00e1k\u00e9veim egy \u0151szi vas\u00e1rnap d\u00e9lut\u00e1nj\u00e1t eleven\u00edti fel. Po\u00f3sz Lajos atya Hossz\u00famez\u0151n volt pl\u00e9b\u00e1nos, s vas\u00e1rnap est\u00e9re akkori pl\u00e9b\u00e1nosomhoz l\u00e1togatott, \u00c1ib S\u00e1ndor aty\u00e1hoz. Nagyon j\u00f3 bar\u00e1ts\u00e1gban voltak. Term\u00e9szetes volt, hogy Lajos atya v\u00e9gezte a vas\u00e1rnap esti szentmis\u00e9t. Az \u0151 saj\u00e1tos \u00e9s egyedi st\u00edlus\u00e1ban \u00e9ppen err\u0151l a k\u00f6ny\u00f6rg\u00e9sr\u0151l tartotta elm\u00e9lked\u00e9s\u00e9t. Az\u00f3ta is gyakran elm\u00e9lkedem ennek a k\u00f6ny\u00f6rg\u00e9snek tartalmas \u00fczeneteir\u0151l. &#8222;Isten, te mindig t\u00f6bbet adsz nek\u00fcnk, mint amit meg\u00e9rdeml\u00fcnk \u00e9s k\u00edv\u00e1nhatunk.&#8221; &#8211;\u00a0 Amennyiben \u0151szinte vagyok magamhoz, el kell ismernem, nincs ez m\u00e1sk\u00e9nt a magam \u00e9let\u00e9ben sem. Ne tagadd meg ezt \u0151szintes\u00e9get magadt\u00f3l sem, s r\u00e1 fogsz j\u00f6nni, hogy magad \u00e9let\u00e9ben is pontosan \u00edgy van. \u00c9rdemeinken \u00e9s egy\u00e9ni k\u00edv\u00e1ns\u00e1gainkon \u00e9s \u00f3hajainkon t\u00fal! &#8222;\u00c1raszd r\u00e1nk irgalmadat, bocs\u00e1sd meg mindazt, amivel lelkiismeret\u00fcnk v\u00e1dol.&#8221; &#8211; Ezzel elismerem v\u00e9tkes voltomat, s azt, hogy Isten irgalma n\u00e9lk\u00fcl senki vagyok. Lelkiismeretem v\u00e1dl\u00f3 szav\u00e1t csakis Isten irgalma tudja lecsendes\u00edteni \u00e9s kioltani. &#8222;\u00c9s amit szinte m\u00e1r k\u00e9rni sem mer\u00fcnk, add meg t\u00fal\u00e1rad\u00f3 atyai j\u00f3s\u00e1godb\u00f3l.&#8221; &#8211; Szavak n\u00e9lk\u00fcl is meg\u00e9rtj\u00fck egym\u00e1st! Emberi kapcsolataink \u00e9s k\u00f6t\u0151d\u00e9seink igazi fokm\u00e9r\u0151je. Igaz, ebbe vagy belen\u00f6v\u00fcnk &#8211; sz\u00fcl\u0151k \u00e9s gyermek kapcsolata -, vagy pedig hosszas \u00e9s k\u00f6z\u00f6s utat megt\u00e9ve &#8211; bar\u00e1ti kapcsolatok &#8211; jutunk el ide. A j\u00f3 Isten eset\u00e9ben pedig m\u00e1r ki sem kell mondanunk, nem is kell k\u00e9rn\u00fcnk, mert t\u00fal\u00e1rad\u00f3 atyai j\u00f3s\u00e1g\u00e1b\u00f3l megadja nek\u00fcnk. Mennyire csod\u00e1latos,\u00a0 megnyugtat\u00f3 felismer\u00e9s \u00e9s \u00e9rz\u00e9s ez!\u00a0 Ideol\u00f3giai \u00e9rtelemben fert\u0151z\u00f6tt vil\u00e1gunkban megnyugtat\u00f3 \u00e9rz\u00e9s ism\u00e9telten felid\u00e9zni a kinyilatkoztat\u00e1s ir\u00e1nyt mutat\u00f3 tan\u00edt\u00e1s\u00e1t a Teremt\u00e9s k\u00f6nyv\u00e9b\u0151l. Err\u0151l hallhatunk az els\u0151 olvasm\u00e1nyban. Embernek csakis ember lesz m\u00e9lt\u00f3 \u00e9s hozz\u00e1 ill\u0151 t\u00e1rsa.... R\u00e9szletek\" \/>\n<meta property=\"og:url\" content=\"https:\/\/stuttgarti-katolikusok.de\/index.php\/evkozi-27-vasarnap-termenybetakaritasi-halaadas\/\" \/>\n<meta property=\"og:site_name\" content=\"Stuttgarti Katolikusok\" \/>\n<meta property=\"article:published_time\" content=\"2024-10-05T11:18:55+00:00\" \/>\n<meta property=\"article:modified_time\" content=\"2024-10-05T11:21:26+00:00\" \/>\n<meta property=\"og:image\" content=\"https:\/\/stuttgarti-katolikusok.de\/wp-content\/uploads\/2020\/10\/szoloskert.jpg\" \/>\n\t<meta property=\"og:image:width\" content=\"640\" \/>\n\t<meta property=\"og:image:height\" content=\"426\" \/>\n\t<meta property=\"og:image:type\" content=\"image\/jpeg\" \/>\n<meta name=\"author\" content=\"Tibor atya\" \/>\n<meta name=\"twitter:card\" content=\"summary_large_image\" \/>\n<meta name=\"twitter:label1\" content=\"Szerz\u0151:\" \/>\n\t<meta name=\"twitter:data1\" content=\"Tibor atya\" \/>\n\t<meta name=\"twitter:label2\" content=\"Becs\u00fclt olvas\u00e1si id\u0151\" \/>\n\t<meta name=\"twitter:data2\" content=\"8 perc\" \/>\n<script type=\"application\/ld+json\" class=\"yoast-schema-graph\">{\"@context\":\"https:\\\/\\\/schema.org\",\"@graph\":[{\"@type\":\"Article\",\"@id\":\"https:\\\/\\\/stuttgarti-katolikusok.de\\\/index.php\\\/evkozi-27-vasarnap-termenybetakaritasi-halaadas\\\/#article\",\"isPartOf\":{\"@id\":\"https:\\\/\\\/stuttgarti-katolikusok.de\\\/index.php\\\/evkozi-27-vasarnap-termenybetakaritasi-halaadas\\\/\"},\"author\":{\"name\":\"Tibor atya\",\"@id\":\"https:\\\/\\\/stuttgarti-katolikusok.de\\\/#\\\/schema\\\/person\\\/75908d6f8fdc03a57889d27209df7795\"},\"headline\":\"\u00c9vk\u00f6zi 27. vas\u00e1rnap \u2013 Term\u00e9nybetakar\u00edt\u00e1si h\u00e1laad\u00e1s\",\"datePublished\":\"2024-10-05T11:18:55+00:00\",\"dateModified\":\"2024-10-05T11:21:26+00:00\",\"mainEntityOfPage\":{\"@id\":\"https:\\\/\\\/stuttgarti-katolikusok.de\\\/index.php\\\/evkozi-27-vasarnap-termenybetakaritasi-halaadas\\\/\"},\"wordCount\":2000,\"image\":{\"@id\":\"https:\\\/\\\/stuttgarti-katolikusok.de\\\/index.php\\\/evkozi-27-vasarnap-termenybetakaritasi-halaadas\\\/#primaryimage\"},\"thumbnailUrl\":\"https:\\\/\\\/stuttgarti-katolikusok.de\\\/wp-content\\\/uploads\\\/2020\\\/10\\\/szoloskert.jpg\",\"articleSection\":[\"A liturgia olvasm\u00e1nyai\",\"Vas\u00e1rnapi gondolatok\"],\"inLanguage\":\"hu\"},{\"@type\":\"WebPage\",\"@id\":\"https:\\\/\\\/stuttgarti-katolikusok.de\\\/index.php\\\/evkozi-27-vasarnap-termenybetakaritasi-halaadas\\\/\",\"url\":\"https:\\\/\\\/stuttgarti-katolikusok.de\\\/index.php\\\/evkozi-27-vasarnap-termenybetakaritasi-halaadas\\\/\",\"name\":\"\u00c9vk\u00f6zi 27. vas\u00e1rnap \u2013 Term\u00e9nybetakar\u00edt\u00e1si h\u00e1laad\u00e1s - Stuttgarti Katolikusok\",\"isPartOf\":{\"@id\":\"https:\\\/\\\/stuttgarti-katolikusok.de\\\/#website\"},\"primaryImageOfPage\":{\"@id\":\"https:\\\/\\\/stuttgarti-katolikusok.de\\\/index.php\\\/evkozi-27-vasarnap-termenybetakaritasi-halaadas\\\/#primaryimage\"},\"image\":{\"@id\":\"https:\\\/\\\/stuttgarti-katolikusok.de\\\/index.php\\\/evkozi-27-vasarnap-termenybetakaritasi-halaadas\\\/#primaryimage\"},\"thumbnailUrl\":\"https:\\\/\\\/stuttgarti-katolikusok.de\\\/wp-content\\\/uploads\\\/2020\\\/10\\\/szoloskert.jpg\",\"datePublished\":\"2024-10-05T11:18:55+00:00\",\"dateModified\":\"2024-10-05T11:21:26+00:00\",\"author\":{\"@id\":\"https:\\\/\\\/stuttgarti-katolikusok.de\\\/#\\\/schema\\\/person\\\/75908d6f8fdc03a57889d27209df7795\"},\"breadcrumb\":{\"@id\":\"https:\\\/\\\/stuttgarti-katolikusok.de\\\/index.php\\\/evkozi-27-vasarnap-termenybetakaritasi-halaadas\\\/#breadcrumb\"},\"inLanguage\":\"hu\",\"potentialAction\":[{\"@type\":\"ReadAction\",\"target\":[\"https:\\\/\\\/stuttgarti-katolikusok.de\\\/index.php\\\/evkozi-27-vasarnap-termenybetakaritasi-halaadas\\\/\"]}]},{\"@type\":\"ImageObject\",\"inLanguage\":\"hu\",\"@id\":\"https:\\\/\\\/stuttgarti-katolikusok.de\\\/index.php\\\/evkozi-27-vasarnap-termenybetakaritasi-halaadas\\\/#primaryimage\",\"url\":\"https:\\\/\\\/stuttgarti-katolikusok.de\\\/wp-content\\\/uploads\\\/2020\\\/10\\\/szoloskert.jpg\",\"contentUrl\":\"https:\\\/\\\/stuttgarti-katolikusok.de\\\/wp-content\\\/uploads\\\/2020\\\/10\\\/szoloskert.jpg\",\"width\":640,\"height\":426},{\"@type\":\"BreadcrumbList\",\"@id\":\"https:\\\/\\\/stuttgarti-katolikusok.de\\\/index.php\\\/evkozi-27-vasarnap-termenybetakaritasi-halaadas\\\/#breadcrumb\",\"itemListElement\":[{\"@type\":\"ListItem\",\"position\":1,\"name\":\"Kezd\u0151lap\",\"item\":\"https:\\\/\\\/stuttgarti-katolikusok.de\\\/\"},{\"@type\":\"ListItem\",\"position\":2,\"name\":\"\u00c9vk\u00f6zi 27. vas\u00e1rnap \u2013 Term\u00e9nybetakar\u00edt\u00e1si h\u00e1laad\u00e1s\"}]},{\"@type\":\"WebSite\",\"@id\":\"https:\\\/\\\/stuttgarti-katolikusok.de\\\/#website\",\"url\":\"https:\\\/\\\/stuttgarti-katolikusok.de\\\/\",\"name\":\"Stuttgarti Katolikusok\",\"description\":\"\",\"potentialAction\":[{\"@type\":\"SearchAction\",\"target\":{\"@type\":\"EntryPoint\",\"urlTemplate\":\"https:\\\/\\\/stuttgarti-katolikusok.de\\\/?s={search_term_string}\"},\"query-input\":{\"@type\":\"PropertyValueSpecification\",\"valueRequired\":true,\"valueName\":\"search_term_string\"}}],\"inLanguage\":\"hu\"},{\"@type\":\"Person\",\"@id\":\"https:\\\/\\\/stuttgarti-katolikusok.de\\\/#\\\/schema\\\/person\\\/75908d6f8fdc03a57889d27209df7795\",\"name\":\"Tibor atya\",\"image\":{\"@type\":\"ImageObject\",\"inLanguage\":\"hu\",\"@id\":\"https:\\\/\\\/secure.gravatar.com\\\/avatar\\\/61d268e57d1f4525b111222e29d2d5a7f8c420fdbf231ba5566a8ceac74fa960?s=96&d=mm&r=g\",\"url\":\"https:\\\/\\\/secure.gravatar.com\\\/avatar\\\/61d268e57d1f4525b111222e29d2d5a7f8c420fdbf231ba5566a8ceac74fa960?s=96&d=mm&r=g\",\"contentUrl\":\"https:\\\/\\\/secure.gravatar.com\\\/avatar\\\/61d268e57d1f4525b111222e29d2d5a7f8c420fdbf231ba5566a8ceac74fa960?s=96&d=mm&r=g\",\"caption\":\"Tibor atya\"},\"url\":\"https:\\\/\\\/stuttgarti-katolikusok.de\\\/index.php\\\/author\\\/tibor-atya\\\/\"}]}<\/script>\n<!-- \/ Yoast SEO plugin. -->","yoast_head_json":{"title":"\u00c9vk\u00f6zi 27. vas\u00e1rnap \u2013 Term\u00e9nybetakar\u00edt\u00e1si h\u00e1laad\u00e1s - Stuttgarti Katolikusok","robots":{"index":"index","follow":"follow","max-snippet":"max-snippet:-1","max-image-preview":"max-image-preview:large","max-video-preview":"max-video-preview:-1"},"canonical":"https:\/\/stuttgarti-katolikusok.de\/index.php\/evkozi-27-vasarnap-termenybetakaritasi-halaadas\/","og_locale":"hu_HU","og_type":"article","og_title":"\u00c9vk\u00f6zi 27. vas\u00e1rnap \u2013 Term\u00e9nybetakar\u00edt\u00e1si h\u00e1laad\u00e1s - Stuttgarti Katolikusok","og_description":"Az \u00e9vk\u00f6zi 27. vas\u00e1rnap kezd\u0151\u00e9neke Isten fens\u00e9ges nagys\u00e1g\u00e1t hirdeti. Minden az \u0150 hatalma al\u00e1 tartozik. Mennyire j\u00f3 tudni azt a benn\u00fcnket egyre elbizonytalan\u00edt\u00f3 vil\u00e1gban, hogy Isten a mindens\u00e9g Ura. Sorsunk \u00e9let\u00fcnk az \u0150 kez\u00e9ben van. Sz\u00e1momra ennek a vas\u00e1rnapnak k\u00f6ny\u00f6rg\u00e9se az egyik legm\u00e9lyebb katolikus teol\u00f3giai tan\u00edt\u00e1s \u00e9s \u00fczenet is egyben. Tal\u00e1n az\u00e9rt is, mert ifj\u00fa di\u00e1k\u00e9veim egy \u0151szi vas\u00e1rnap d\u00e9lut\u00e1nj\u00e1t eleven\u00edti fel. Po\u00f3sz Lajos atya Hossz\u00famez\u0151n volt pl\u00e9b\u00e1nos, s vas\u00e1rnap est\u00e9re akkori pl\u00e9b\u00e1nosomhoz l\u00e1togatott, \u00c1ib S\u00e1ndor aty\u00e1hoz. Nagyon j\u00f3 bar\u00e1ts\u00e1gban voltak. Term\u00e9szetes volt, hogy Lajos atya v\u00e9gezte a vas\u00e1rnap esti szentmis\u00e9t. Az \u0151 saj\u00e1tos \u00e9s egyedi st\u00edlus\u00e1ban \u00e9ppen err\u0151l a k\u00f6ny\u00f6rg\u00e9sr\u0151l tartotta elm\u00e9lked\u00e9s\u00e9t. Az\u00f3ta is gyakran elm\u00e9lkedem ennek a k\u00f6ny\u00f6rg\u00e9snek tartalmas \u00fczeneteir\u0151l. &#8222;Isten, te mindig t\u00f6bbet adsz nek\u00fcnk, mint amit meg\u00e9rdeml\u00fcnk \u00e9s k\u00edv\u00e1nhatunk.&#8221; &#8211;\u00a0 Amennyiben \u0151szinte vagyok magamhoz, el kell ismernem, nincs ez m\u00e1sk\u00e9nt a magam \u00e9let\u00e9ben sem. Ne tagadd meg ezt \u0151szintes\u00e9get magadt\u00f3l sem, s r\u00e1 fogsz j\u00f6nni, hogy magad \u00e9let\u00e9ben is pontosan \u00edgy van. \u00c9rdemeinken \u00e9s egy\u00e9ni k\u00edv\u00e1ns\u00e1gainkon \u00e9s \u00f3hajainkon t\u00fal! &#8222;\u00c1raszd r\u00e1nk irgalmadat, bocs\u00e1sd meg mindazt, amivel lelkiismeret\u00fcnk v\u00e1dol.&#8221; &#8211; Ezzel elismerem v\u00e9tkes voltomat, s azt, hogy Isten irgalma n\u00e9lk\u00fcl senki vagyok. Lelkiismeretem v\u00e1dl\u00f3 szav\u00e1t csakis Isten irgalma tudja lecsendes\u00edteni \u00e9s kioltani. &#8222;\u00c9s amit szinte m\u00e1r k\u00e9rni sem mer\u00fcnk, add meg t\u00fal\u00e1rad\u00f3 atyai j\u00f3s\u00e1godb\u00f3l.&#8221; &#8211; Szavak n\u00e9lk\u00fcl is meg\u00e9rtj\u00fck egym\u00e1st! Emberi kapcsolataink \u00e9s k\u00f6t\u0151d\u00e9seink igazi fokm\u00e9r\u0151je. Igaz, ebbe vagy belen\u00f6v\u00fcnk &#8211; sz\u00fcl\u0151k \u00e9s gyermek kapcsolata -, vagy pedig hosszas \u00e9s k\u00f6z\u00f6s utat megt\u00e9ve &#8211; bar\u00e1ti kapcsolatok &#8211; jutunk el ide. A j\u00f3 Isten eset\u00e9ben pedig m\u00e1r ki sem kell mondanunk, nem is kell k\u00e9rn\u00fcnk, mert t\u00fal\u00e1rad\u00f3 atyai j\u00f3s\u00e1g\u00e1b\u00f3l megadja nek\u00fcnk. Mennyire csod\u00e1latos,\u00a0 megnyugtat\u00f3 felismer\u00e9s \u00e9s \u00e9rz\u00e9s ez!\u00a0 Ideol\u00f3giai \u00e9rtelemben fert\u0151z\u00f6tt vil\u00e1gunkban megnyugtat\u00f3 \u00e9rz\u00e9s ism\u00e9telten felid\u00e9zni a kinyilatkoztat\u00e1s ir\u00e1nyt mutat\u00f3 tan\u00edt\u00e1s\u00e1t a Teremt\u00e9s k\u00f6nyv\u00e9b\u0151l. Err\u0151l hallhatunk az els\u0151 olvasm\u00e1nyban. Embernek csakis ember lesz m\u00e9lt\u00f3 \u00e9s hozz\u00e1 ill\u0151 t\u00e1rsa.... R\u00e9szletek","og_url":"https:\/\/stuttgarti-katolikusok.de\/index.php\/evkozi-27-vasarnap-termenybetakaritasi-halaadas\/","og_site_name":"Stuttgarti Katolikusok","article_published_time":"2024-10-05T11:18:55+00:00","article_modified_time":"2024-10-05T11:21:26+00:00","og_image":[{"width":640,"height":426,"url":"https:\/\/stuttgarti-katolikusok.de\/wp-content\/uploads\/2020\/10\/szoloskert.jpg","type":"image\/jpeg"}],"author":"Tibor atya","twitter_card":"summary_large_image","twitter_misc":{"Szerz\u0151:":"Tibor atya","Becs\u00fclt olvas\u00e1si id\u0151":"8 perc"},"schema":{"@context":"https:\/\/schema.org","@graph":[{"@type":"Article","@id":"https:\/\/stuttgarti-katolikusok.de\/index.php\/evkozi-27-vasarnap-termenybetakaritasi-halaadas\/#article","isPartOf":{"@id":"https:\/\/stuttgarti-katolikusok.de\/index.php\/evkozi-27-vasarnap-termenybetakaritasi-halaadas\/"},"author":{"name":"Tibor atya","@id":"https:\/\/stuttgarti-katolikusok.de\/#\/schema\/person\/75908d6f8fdc03a57889d27209df7795"},"headline":"\u00c9vk\u00f6zi 27. vas\u00e1rnap \u2013 Term\u00e9nybetakar\u00edt\u00e1si h\u00e1laad\u00e1s","datePublished":"2024-10-05T11:18:55+00:00","dateModified":"2024-10-05T11:21:26+00:00","mainEntityOfPage":{"@id":"https:\/\/stuttgarti-katolikusok.de\/index.php\/evkozi-27-vasarnap-termenybetakaritasi-halaadas\/"},"wordCount":2000,"image":{"@id":"https:\/\/stuttgarti-katolikusok.de\/index.php\/evkozi-27-vasarnap-termenybetakaritasi-halaadas\/#primaryimage"},"thumbnailUrl":"https:\/\/stuttgarti-katolikusok.de\/wp-content\/uploads\/2020\/10\/szoloskert.jpg","articleSection":["A liturgia olvasm\u00e1nyai","Vas\u00e1rnapi gondolatok"],"inLanguage":"hu"},{"@type":"WebPage","@id":"https:\/\/stuttgarti-katolikusok.de\/index.php\/evkozi-27-vasarnap-termenybetakaritasi-halaadas\/","url":"https:\/\/stuttgarti-katolikusok.de\/index.php\/evkozi-27-vasarnap-termenybetakaritasi-halaadas\/","name":"\u00c9vk\u00f6zi 27. vas\u00e1rnap \u2013 Term\u00e9nybetakar\u00edt\u00e1si h\u00e1laad\u00e1s - Stuttgarti Katolikusok","isPartOf":{"@id":"https:\/\/stuttgarti-katolikusok.de\/#website"},"primaryImageOfPage":{"@id":"https:\/\/stuttgarti-katolikusok.de\/index.php\/evkozi-27-vasarnap-termenybetakaritasi-halaadas\/#primaryimage"},"image":{"@id":"https:\/\/stuttgarti-katolikusok.de\/index.php\/evkozi-27-vasarnap-termenybetakaritasi-halaadas\/#primaryimage"},"thumbnailUrl":"https:\/\/stuttgarti-katolikusok.de\/wp-content\/uploads\/2020\/10\/szoloskert.jpg","datePublished":"2024-10-05T11:18:55+00:00","dateModified":"2024-10-05T11:21:26+00:00","author":{"@id":"https:\/\/stuttgarti-katolikusok.de\/#\/schema\/person\/75908d6f8fdc03a57889d27209df7795"},"breadcrumb":{"@id":"https:\/\/stuttgarti-katolikusok.de\/index.php\/evkozi-27-vasarnap-termenybetakaritasi-halaadas\/#breadcrumb"},"inLanguage":"hu","potentialAction":[{"@type":"ReadAction","target":["https:\/\/stuttgarti-katolikusok.de\/index.php\/evkozi-27-vasarnap-termenybetakaritasi-halaadas\/"]}]},{"@type":"ImageObject","inLanguage":"hu","@id":"https:\/\/stuttgarti-katolikusok.de\/index.php\/evkozi-27-vasarnap-termenybetakaritasi-halaadas\/#primaryimage","url":"https:\/\/stuttgarti-katolikusok.de\/wp-content\/uploads\/2020\/10\/szoloskert.jpg","contentUrl":"https:\/\/stuttgarti-katolikusok.de\/wp-content\/uploads\/2020\/10\/szoloskert.jpg","width":640,"height":426},{"@type":"BreadcrumbList","@id":"https:\/\/stuttgarti-katolikusok.de\/index.php\/evkozi-27-vasarnap-termenybetakaritasi-halaadas\/#breadcrumb","itemListElement":[{"@type":"ListItem","position":1,"name":"Kezd\u0151lap","item":"https:\/\/stuttgarti-katolikusok.de\/"},{"@type":"ListItem","position":2,"name":"\u00c9vk\u00f6zi 27. vas\u00e1rnap \u2013 Term\u00e9nybetakar\u00edt\u00e1si h\u00e1laad\u00e1s"}]},{"@type":"WebSite","@id":"https:\/\/stuttgarti-katolikusok.de\/#website","url":"https:\/\/stuttgarti-katolikusok.de\/","name":"Stuttgarti Katolikusok","description":"","potentialAction":[{"@type":"SearchAction","target":{"@type":"EntryPoint","urlTemplate":"https:\/\/stuttgarti-katolikusok.de\/?s={search_term_string}"},"query-input":{"@type":"PropertyValueSpecification","valueRequired":true,"valueName":"search_term_string"}}],"inLanguage":"hu"},{"@type":"Person","@id":"https:\/\/stuttgarti-katolikusok.de\/#\/schema\/person\/75908d6f8fdc03a57889d27209df7795","name":"Tibor atya","image":{"@type":"ImageObject","inLanguage":"hu","@id":"https:\/\/secure.gravatar.com\/avatar\/61d268e57d1f4525b111222e29d2d5a7f8c420fdbf231ba5566a8ceac74fa960?s=96&d=mm&r=g","url":"https:\/\/secure.gravatar.com\/avatar\/61d268e57d1f4525b111222e29d2d5a7f8c420fdbf231ba5566a8ceac74fa960?s=96&d=mm&r=g","contentUrl":"https:\/\/secure.gravatar.com\/avatar\/61d268e57d1f4525b111222e29d2d5a7f8c420fdbf231ba5566a8ceac74fa960?s=96&d=mm&r=g","caption":"Tibor atya"},"url":"https:\/\/stuttgarti-katolikusok.de\/index.php\/author\/tibor-atya\/"}]}},"_links":{"self":[{"href":"https:\/\/stuttgarti-katolikusok.de\/index.php\/wp-json\/wp\/v2\/posts\/29457","targetHints":{"allow":["GET"]}}],"collection":[{"href":"https:\/\/stuttgarti-katolikusok.de\/index.php\/wp-json\/wp\/v2\/posts"}],"about":[{"href":"https:\/\/stuttgarti-katolikusok.de\/index.php\/wp-json\/wp\/v2\/types\/post"}],"author":[{"embeddable":true,"href":"https:\/\/stuttgarti-katolikusok.de\/index.php\/wp-json\/wp\/v2\/users\/3"}],"replies":[{"embeddable":true,"href":"https:\/\/stuttgarti-katolikusok.de\/index.php\/wp-json\/wp\/v2\/comments?post=29457"}],"version-history":[{"count":3,"href":"https:\/\/stuttgarti-katolikusok.de\/index.php\/wp-json\/wp\/v2\/posts\/29457\/revisions"}],"predecessor-version":[{"id":29460,"href":"https:\/\/stuttgarti-katolikusok.de\/index.php\/wp-json\/wp\/v2\/posts\/29457\/revisions\/29460"}],"wp:featuredmedia":[{"embeddable":true,"href":"https:\/\/stuttgarti-katolikusok.de\/index.php\/wp-json\/wp\/v2\/media\/20221"}],"wp:attachment":[{"href":"https:\/\/stuttgarti-katolikusok.de\/index.php\/wp-json\/wp\/v2\/media?parent=29457"}],"wp:term":[{"taxonomy":"category","embeddable":true,"href":"https:\/\/stuttgarti-katolikusok.de\/index.php\/wp-json\/wp\/v2\/categories?post=29457"},{"taxonomy":"post_tag","embeddable":true,"href":"https:\/\/stuttgarti-katolikusok.de\/index.php\/wp-json\/wp\/v2\/tags?post=29457"}],"curies":[{"name":"wp","href":"https:\/\/api.w.org\/{rel}","templated":true}]}}