{"id":29450,"date":"2024-10-04T12:50:30","date_gmt":"2024-10-04T10:50:30","guid":{"rendered":"https:\/\/stuttgarti-katolikusok.de\/?p=29450"},"modified":"2024-10-04T13:01:24","modified_gmt":"2024-10-04T11:01:24","slug":"2024-oktober","status":"publish","type":"post","link":"https:\/\/stuttgarti-katolikusok.de\/index.php\/2024-oktober\/","title":{"rendered":"2024 OKT\u00d3BER"},"content":{"rendered":"<p>A Bar\u00e1tom okt\u00f3beri sz\u00e1m\u00e1ban a szerkeszt\u0151 t\u00e1rsakkal egy\u00fctt, Demeter Melinda Katalin \u00e9s Dr. Czupper-V\u00e1raljai \u00c1gnes, az \u00e9let\u00fcnket \u00e9rint\u0151 kih\u00edv\u00e1sokra adott v\u00e1laszainkat igyekezt\u00fcnk megfogalmazni. Egyh\u00e1zk\u00f6zs\u00e9g\u00fcnk egyike a 100 m\u00e1s anyanyelv\u0171 k\u00f6z\u00f6ss\u00e9gnek a Rottenburg-Stuttgart Egyh\u00e1zmegy\u00e9ben. Egyben pedig r\u00e9szese annak az \u00e1talakul\u00e1si \u00e9s v\u00e1ltoz\u00e1si folyamatnak, amely az eg\u00e9sz egyh\u00e1zmegy\u00e9t tekintve \u00e9rint benn\u00fcnket.<\/p>\n<p>D\u00e1vid Melinda \u00edr\u00e1s\u00e1ban a Millenniumi templomot mutatja be Cs\u00edkszered\u00e1b\u00f3l, amely szint\u00e9n a Makovecz\u00a0 Imre f\u00e9mjelezte \u00e9p\u00edt\u00e9si st\u00edlus saj\u00e1tos jegyeit hordozza.<\/p>\n<p>Halmosi S\u00e1ndor: Rubljov Rinpocse, most megjelent k\u00f6nyv\u00e9b\u0151l hoztunk egy \u00fajabb verset. S\u00e1ndor verses k\u00f6tete megv\u00e1s\u00e1rolhat\u00f3 pl\u00e9b\u00e1ni\u00e1nkon. \u00c1ra 10 Eur\u00f3.<\/p>\n<p>Term\u00e9szetesen k\u00f6sz\u00f6net Pap L\u00f3r\u00e1nt bar\u00e1tomnak, aki ism\u00e9telten a t\u00f6rdel\u0151i \u00e9s szerkeszt\u0151i munk\u00e1t v\u00e9gezte a r\u00e1 jellemz\u0151 ig\u00e9nyess\u00e9gben.<\/p>\n<p><em>Tibor atya<\/em><\/p>\n<a href=\"https:\/\/stuttgarti-katolikusok.de\/wp-content\/uploads\/2024\/10\/Baratom_Oktober_2024_WEB.pdf\" class=\"pdfemb-viewer\" style=\"\" data-width=\"max\" data-height=\"max\" data-toolbar=\"bottom\" data-toolbar-fixed=\"off\">Baratom_Oktober_2024_WEB<\/a>\n<p><em>(Nyit\u00f3k\u00e9p forr\u00e1sa: Pixabay)<\/em><\/p>\n","protected":false},"excerpt":{"rendered":"<p>A Bar\u00e1tom okt\u00f3beri sz\u00e1m\u00e1ban a szerkeszt\u0151 t\u00e1rsakkal egy\u00fctt, Demeter Melinda Katalin \u00e9s Dr. Czupper-V\u00e1raljai \u00c1gnes, az \u00e9let\u00fcnket \u00e9rint\u0151 kih\u00edv\u00e1sokra adott v\u00e1laszainkat igyekezt\u00fcnk megfogalmazni. Egyh\u00e1zk\u00f6zs\u00e9g\u00fcnk egyike a 100 m\u00e1s anyanyelv\u0171 k\u00f6z\u00f6ss\u00e9gnek a Rottenburg-Stuttgart Egyh\u00e1zmegy\u00e9ben. Egyben pedig r\u00e9szese annak az \u00e1talakul\u00e1si \u00e9s v\u00e1ltoz\u00e1si folyamatnak, amely az eg\u00e9sz egyh\u00e1zmegy\u00e9t tekintve \u00e9rint benn\u00fcnket. D\u00e1vid Melinda \u00edr\u00e1s\u00e1ban a Millenniumi templomot mutatja be Cs\u00edkszered\u00e1b\u00f3l, amely szint\u00e9n a Makovecz\u00a0 Imre f\u00e9mjelezte \u00e9p\u00edt\u00e9si st\u00edlus saj\u00e1tos jegyeit hordozza. Halmosi S\u00e1ndor: Rubljov Rinpocse, most megjelent k\u00f6nyv\u00e9b\u0151l hoztunk egy \u00fajabb verset. S\u00e1ndor verses k\u00f6tete megv\u00e1s\u00e1rolhat\u00f3 pl\u00e9b\u00e1ni\u00e1nkon. \u00c1ra 10 Eur\u00f3. Term\u00e9szetesen k\u00f6sz\u00f6net Pap L\u00f3r\u00e1nt bar\u00e1tomnak, aki ism\u00e9telten a t\u00f6rdel\u0151i \u00e9s szerkeszt\u0151i munk\u00e1t v\u00e9gezte a r\u00e1 jellemz\u0151 ig\u00e9nyess\u00e9gben. Tibor atya (Nyit\u00f3k\u00e9p forr\u00e1sa: Pixabay)<\/p>\n","protected":false},"author":3,"featured_media":29451,"comment_status":"closed","ping_status":"closed","sticky":false,"template":"","format":"standard","meta":{"footnotes":""},"categories":[29],"tags":[],"class_list":["post-29450","post","type-post","status-publish","format-standard","has-post-thumbnail","hentry","category-baratom"],"yoast_head":"<!-- This site is optimized with the Yoast SEO plugin v27.3 - https:\/\/yoast.com\/product\/yoast-seo-wordpress\/ -->\n<title>2024 OKT\u00d3BER - Stuttgarti Katolikusok<\/title>\n<meta name=\"robots\" content=\"index, follow, max-snippet:-1, max-image-preview:large, max-video-preview:-1\" \/>\n<link rel=\"canonical\" href=\"https:\/\/stuttgarti-katolikusok.de\/index.php\/2024-oktober\/\" \/>\n<meta property=\"og:locale\" content=\"hu_HU\" \/>\n<meta property=\"og:type\" content=\"article\" \/>\n<meta property=\"og:title\" content=\"2024 OKT\u00d3BER - Stuttgarti Katolikusok\" \/>\n<meta property=\"og:description\" content=\"A Bar\u00e1tom okt\u00f3beri sz\u00e1m\u00e1ban a szerkeszt\u0151 t\u00e1rsakkal egy\u00fctt, Demeter Melinda Katalin \u00e9s Dr. Czupper-V\u00e1raljai \u00c1gnes, az \u00e9let\u00fcnket \u00e9rint\u0151 kih\u00edv\u00e1sokra adott v\u00e1laszainkat igyekezt\u00fcnk megfogalmazni. Egyh\u00e1zk\u00f6zs\u00e9g\u00fcnk egyike a 100 m\u00e1s anyanyelv\u0171 k\u00f6z\u00f6ss\u00e9gnek a Rottenburg-Stuttgart Egyh\u00e1zmegy\u00e9ben. Egyben pedig r\u00e9szese annak az \u00e1talakul\u00e1si \u00e9s v\u00e1ltoz\u00e1si folyamatnak, amely az eg\u00e9sz egyh\u00e1zmegy\u00e9t tekintve \u00e9rint benn\u00fcnket. D\u00e1vid Melinda \u00edr\u00e1s\u00e1ban a Millenniumi templomot mutatja be Cs\u00edkszered\u00e1b\u00f3l, amely szint\u00e9n a Makovecz\u00a0 Imre f\u00e9mjelezte \u00e9p\u00edt\u00e9si st\u00edlus saj\u00e1tos jegyeit hordozza. Halmosi S\u00e1ndor: Rubljov Rinpocse, most megjelent k\u00f6nyv\u00e9b\u0151l hoztunk egy \u00fajabb verset. S\u00e1ndor verses k\u00f6tete megv\u00e1s\u00e1rolhat\u00f3 pl\u00e9b\u00e1ni\u00e1nkon. \u00c1ra 10 Eur\u00f3. Term\u00e9szetesen k\u00f6sz\u00f6net Pap L\u00f3r\u00e1nt bar\u00e1tomnak, aki ism\u00e9telten a t\u00f6rdel\u0151i \u00e9s szerkeszt\u0151i munk\u00e1t v\u00e9gezte a r\u00e1 jellemz\u0151 ig\u00e9nyess\u00e9gben. Tibor atya (Nyit\u00f3k\u00e9p forr\u00e1sa: Pixabay)\" \/>\n<meta property=\"og:url\" content=\"https:\/\/stuttgarti-katolikusok.de\/index.php\/2024-oktober\/\" \/>\n<meta property=\"og:site_name\" content=\"Stuttgarti Katolikusok\" \/>\n<meta property=\"article:published_time\" content=\"2024-10-04T10:50:30+00:00\" \/>\n<meta property=\"article:modified_time\" content=\"2024-10-04T11:01:24+00:00\" \/>\n<meta property=\"og:image\" content=\"https:\/\/stuttgarti-katolikusok.de\/wp-content\/uploads\/2024\/10\/autumn-1649362-1280-1.jpg\" \/>\n\t<meta property=\"og:image:width\" content=\"1280\" \/>\n\t<meta property=\"og:image:height\" content=\"905\" \/>\n\t<meta property=\"og:image:type\" content=\"image\/jpeg\" \/>\n<meta name=\"author\" content=\"Tibor atya\" \/>\n<meta name=\"twitter:card\" content=\"summary_large_image\" \/>\n<meta name=\"twitter:label1\" content=\"Szerz\u0151:\" \/>\n\t<meta name=\"twitter:data1\" content=\"Tibor atya\" \/>\n\t<meta name=\"twitter:label2\" content=\"Becs\u00fclt olvas\u00e1si id\u0151\" \/>\n\t<meta name=\"twitter:data2\" content=\"1 perc\" \/>\n<script type=\"application\/ld+json\" class=\"yoast-schema-graph\">{\"@context\":\"https:\\\/\\\/schema.org\",\"@graph\":[{\"@type\":\"Article\",\"@id\":\"https:\\\/\\\/stuttgarti-katolikusok.de\\\/index.php\\\/2024-oktober\\\/#article\",\"isPartOf\":{\"@id\":\"https:\\\/\\\/stuttgarti-katolikusok.de\\\/index.php\\\/2024-oktober\\\/\"},\"author\":{\"name\":\"Tibor atya\",\"@id\":\"https:\\\/\\\/stuttgarti-katolikusok.de\\\/#\\\/schema\\\/person\\\/75908d6f8fdc03a57889d27209df7795\"},\"headline\":\"2024 OKT\u00d3BER\",\"datePublished\":\"2024-10-04T10:50:30+00:00\",\"dateModified\":\"2024-10-04T11:01:24+00:00\",\"mainEntityOfPage\":{\"@id\":\"https:\\\/\\\/stuttgarti-katolikusok.de\\\/index.php\\\/2024-oktober\\\/\"},\"wordCount\":191,\"image\":{\"@id\":\"https:\\\/\\\/stuttgarti-katolikusok.de\\\/index.php\\\/2024-oktober\\\/#primaryimage\"},\"thumbnailUrl\":\"https:\\\/\\\/stuttgarti-katolikusok.de\\\/wp-content\\\/uploads\\\/2024\\\/10\\\/autumn-1649362-1280-1.jpg\",\"articleSection\":[\"Bar\u00e1tom\"],\"inLanguage\":\"hu\"},{\"@type\":\"WebPage\",\"@id\":\"https:\\\/\\\/stuttgarti-katolikusok.de\\\/index.php\\\/2024-oktober\\\/\",\"url\":\"https:\\\/\\\/stuttgarti-katolikusok.de\\\/index.php\\\/2024-oktober\\\/\",\"name\":\"2024 OKT\u00d3BER - Stuttgarti Katolikusok\",\"isPartOf\":{\"@id\":\"https:\\\/\\\/stuttgarti-katolikusok.de\\\/#website\"},\"primaryImageOfPage\":{\"@id\":\"https:\\\/\\\/stuttgarti-katolikusok.de\\\/index.php\\\/2024-oktober\\\/#primaryimage\"},\"image\":{\"@id\":\"https:\\\/\\\/stuttgarti-katolikusok.de\\\/index.php\\\/2024-oktober\\\/#primaryimage\"},\"thumbnailUrl\":\"https:\\\/\\\/stuttgarti-katolikusok.de\\\/wp-content\\\/uploads\\\/2024\\\/10\\\/autumn-1649362-1280-1.jpg\",\"datePublished\":\"2024-10-04T10:50:30+00:00\",\"dateModified\":\"2024-10-04T11:01:24+00:00\",\"author\":{\"@id\":\"https:\\\/\\\/stuttgarti-katolikusok.de\\\/#\\\/schema\\\/person\\\/75908d6f8fdc03a57889d27209df7795\"},\"breadcrumb\":{\"@id\":\"https:\\\/\\\/stuttgarti-katolikusok.de\\\/index.php\\\/2024-oktober\\\/#breadcrumb\"},\"inLanguage\":\"hu\",\"potentialAction\":[{\"@type\":\"ReadAction\",\"target\":[\"https:\\\/\\\/stuttgarti-katolikusok.de\\\/index.php\\\/2024-oktober\\\/\"]}]},{\"@type\":\"ImageObject\",\"inLanguage\":\"hu\",\"@id\":\"https:\\\/\\\/stuttgarti-katolikusok.de\\\/index.php\\\/2024-oktober\\\/#primaryimage\",\"url\":\"https:\\\/\\\/stuttgarti-katolikusok.de\\\/wp-content\\\/uploads\\\/2024\\\/10\\\/autumn-1649362-1280-1.jpg\",\"contentUrl\":\"https:\\\/\\\/stuttgarti-katolikusok.de\\\/wp-content\\\/uploads\\\/2024\\\/10\\\/autumn-1649362-1280-1.jpg\",\"width\":1280,\"height\":905},{\"@type\":\"BreadcrumbList\",\"@id\":\"https:\\\/\\\/stuttgarti-katolikusok.de\\\/index.php\\\/2024-oktober\\\/#breadcrumb\",\"itemListElement\":[{\"@type\":\"ListItem\",\"position\":1,\"name\":\"Kezd\u0151lap\",\"item\":\"https:\\\/\\\/stuttgarti-katolikusok.de\\\/\"},{\"@type\":\"ListItem\",\"position\":2,\"name\":\"2024 OKT\u00d3BER\"}]},{\"@type\":\"WebSite\",\"@id\":\"https:\\\/\\\/stuttgarti-katolikusok.de\\\/#website\",\"url\":\"https:\\\/\\\/stuttgarti-katolikusok.de\\\/\",\"name\":\"Stuttgarti Katolikusok\",\"description\":\"\",\"potentialAction\":[{\"@type\":\"SearchAction\",\"target\":{\"@type\":\"EntryPoint\",\"urlTemplate\":\"https:\\\/\\\/stuttgarti-katolikusok.de\\\/?s={search_term_string}\"},\"query-input\":{\"@type\":\"PropertyValueSpecification\",\"valueRequired\":true,\"valueName\":\"search_term_string\"}}],\"inLanguage\":\"hu\"},{\"@type\":\"Person\",\"@id\":\"https:\\\/\\\/stuttgarti-katolikusok.de\\\/#\\\/schema\\\/person\\\/75908d6f8fdc03a57889d27209df7795\",\"name\":\"Tibor atya\",\"image\":{\"@type\":\"ImageObject\",\"inLanguage\":\"hu\",\"@id\":\"https:\\\/\\\/secure.gravatar.com\\\/avatar\\\/61d268e57d1f4525b111222e29d2d5a7f8c420fdbf231ba5566a8ceac74fa960?s=96&d=mm&r=g\",\"url\":\"https:\\\/\\\/secure.gravatar.com\\\/avatar\\\/61d268e57d1f4525b111222e29d2d5a7f8c420fdbf231ba5566a8ceac74fa960?s=96&d=mm&r=g\",\"contentUrl\":\"https:\\\/\\\/secure.gravatar.com\\\/avatar\\\/61d268e57d1f4525b111222e29d2d5a7f8c420fdbf231ba5566a8ceac74fa960?s=96&d=mm&r=g\",\"caption\":\"Tibor atya\"},\"url\":\"https:\\\/\\\/stuttgarti-katolikusok.de\\\/index.php\\\/author\\\/tibor-atya\\\/\"}]}<\/script>\n<!-- \/ Yoast SEO plugin. -->","yoast_head_json":{"title":"2024 OKT\u00d3BER - Stuttgarti Katolikusok","robots":{"index":"index","follow":"follow","max-snippet":"max-snippet:-1","max-image-preview":"max-image-preview:large","max-video-preview":"max-video-preview:-1"},"canonical":"https:\/\/stuttgarti-katolikusok.de\/index.php\/2024-oktober\/","og_locale":"hu_HU","og_type":"article","og_title":"2024 OKT\u00d3BER - Stuttgarti Katolikusok","og_description":"A Bar\u00e1tom okt\u00f3beri sz\u00e1m\u00e1ban a szerkeszt\u0151 t\u00e1rsakkal egy\u00fctt, Demeter Melinda Katalin \u00e9s Dr. Czupper-V\u00e1raljai \u00c1gnes, az \u00e9let\u00fcnket \u00e9rint\u0151 kih\u00edv\u00e1sokra adott v\u00e1laszainkat igyekezt\u00fcnk megfogalmazni. Egyh\u00e1zk\u00f6zs\u00e9g\u00fcnk egyike a 100 m\u00e1s anyanyelv\u0171 k\u00f6z\u00f6ss\u00e9gnek a Rottenburg-Stuttgart Egyh\u00e1zmegy\u00e9ben. Egyben pedig r\u00e9szese annak az \u00e1talakul\u00e1si \u00e9s v\u00e1ltoz\u00e1si folyamatnak, amely az eg\u00e9sz egyh\u00e1zmegy\u00e9t tekintve \u00e9rint benn\u00fcnket. D\u00e1vid Melinda \u00edr\u00e1s\u00e1ban a Millenniumi templomot mutatja be Cs\u00edkszered\u00e1b\u00f3l, amely szint\u00e9n a Makovecz\u00a0 Imre f\u00e9mjelezte \u00e9p\u00edt\u00e9si st\u00edlus saj\u00e1tos jegyeit hordozza. Halmosi S\u00e1ndor: Rubljov Rinpocse, most megjelent k\u00f6nyv\u00e9b\u0151l hoztunk egy \u00fajabb verset. S\u00e1ndor verses k\u00f6tete megv\u00e1s\u00e1rolhat\u00f3 pl\u00e9b\u00e1ni\u00e1nkon. \u00c1ra 10 Eur\u00f3. Term\u00e9szetesen k\u00f6sz\u00f6net Pap L\u00f3r\u00e1nt bar\u00e1tomnak, aki ism\u00e9telten a t\u00f6rdel\u0151i \u00e9s szerkeszt\u0151i munk\u00e1t v\u00e9gezte a r\u00e1 jellemz\u0151 ig\u00e9nyess\u00e9gben. Tibor atya (Nyit\u00f3k\u00e9p forr\u00e1sa: Pixabay)","og_url":"https:\/\/stuttgarti-katolikusok.de\/index.php\/2024-oktober\/","og_site_name":"Stuttgarti Katolikusok","article_published_time":"2024-10-04T10:50:30+00:00","article_modified_time":"2024-10-04T11:01:24+00:00","og_image":[{"width":1280,"height":905,"url":"https:\/\/stuttgarti-katolikusok.de\/wp-content\/uploads\/2024\/10\/autumn-1649362-1280-1.jpg","type":"image\/jpeg"}],"author":"Tibor atya","twitter_card":"summary_large_image","twitter_misc":{"Szerz\u0151:":"Tibor atya","Becs\u00fclt olvas\u00e1si id\u0151":"1 perc"},"schema":{"@context":"https:\/\/schema.org","@graph":[{"@type":"Article","@id":"https:\/\/stuttgarti-katolikusok.de\/index.php\/2024-oktober\/#article","isPartOf":{"@id":"https:\/\/stuttgarti-katolikusok.de\/index.php\/2024-oktober\/"},"author":{"name":"Tibor atya","@id":"https:\/\/stuttgarti-katolikusok.de\/#\/schema\/person\/75908d6f8fdc03a57889d27209df7795"},"headline":"2024 OKT\u00d3BER","datePublished":"2024-10-04T10:50:30+00:00","dateModified":"2024-10-04T11:01:24+00:00","mainEntityOfPage":{"@id":"https:\/\/stuttgarti-katolikusok.de\/index.php\/2024-oktober\/"},"wordCount":191,"image":{"@id":"https:\/\/stuttgarti-katolikusok.de\/index.php\/2024-oktober\/#primaryimage"},"thumbnailUrl":"https:\/\/stuttgarti-katolikusok.de\/wp-content\/uploads\/2024\/10\/autumn-1649362-1280-1.jpg","articleSection":["Bar\u00e1tom"],"inLanguage":"hu"},{"@type":"WebPage","@id":"https:\/\/stuttgarti-katolikusok.de\/index.php\/2024-oktober\/","url":"https:\/\/stuttgarti-katolikusok.de\/index.php\/2024-oktober\/","name":"2024 OKT\u00d3BER - Stuttgarti Katolikusok","isPartOf":{"@id":"https:\/\/stuttgarti-katolikusok.de\/#website"},"primaryImageOfPage":{"@id":"https:\/\/stuttgarti-katolikusok.de\/index.php\/2024-oktober\/#primaryimage"},"image":{"@id":"https:\/\/stuttgarti-katolikusok.de\/index.php\/2024-oktober\/#primaryimage"},"thumbnailUrl":"https:\/\/stuttgarti-katolikusok.de\/wp-content\/uploads\/2024\/10\/autumn-1649362-1280-1.jpg","datePublished":"2024-10-04T10:50:30+00:00","dateModified":"2024-10-04T11:01:24+00:00","author":{"@id":"https:\/\/stuttgarti-katolikusok.de\/#\/schema\/person\/75908d6f8fdc03a57889d27209df7795"},"breadcrumb":{"@id":"https:\/\/stuttgarti-katolikusok.de\/index.php\/2024-oktober\/#breadcrumb"},"inLanguage":"hu","potentialAction":[{"@type":"ReadAction","target":["https:\/\/stuttgarti-katolikusok.de\/index.php\/2024-oktober\/"]}]},{"@type":"ImageObject","inLanguage":"hu","@id":"https:\/\/stuttgarti-katolikusok.de\/index.php\/2024-oktober\/#primaryimage","url":"https:\/\/stuttgarti-katolikusok.de\/wp-content\/uploads\/2024\/10\/autumn-1649362-1280-1.jpg","contentUrl":"https:\/\/stuttgarti-katolikusok.de\/wp-content\/uploads\/2024\/10\/autumn-1649362-1280-1.jpg","width":1280,"height":905},{"@type":"BreadcrumbList","@id":"https:\/\/stuttgarti-katolikusok.de\/index.php\/2024-oktober\/#breadcrumb","itemListElement":[{"@type":"ListItem","position":1,"name":"Kezd\u0151lap","item":"https:\/\/stuttgarti-katolikusok.de\/"},{"@type":"ListItem","position":2,"name":"2024 OKT\u00d3BER"}]},{"@type":"WebSite","@id":"https:\/\/stuttgarti-katolikusok.de\/#website","url":"https:\/\/stuttgarti-katolikusok.de\/","name":"Stuttgarti Katolikusok","description":"","potentialAction":[{"@type":"SearchAction","target":{"@type":"EntryPoint","urlTemplate":"https:\/\/stuttgarti-katolikusok.de\/?s={search_term_string}"},"query-input":{"@type":"PropertyValueSpecification","valueRequired":true,"valueName":"search_term_string"}}],"inLanguage":"hu"},{"@type":"Person","@id":"https:\/\/stuttgarti-katolikusok.de\/#\/schema\/person\/75908d6f8fdc03a57889d27209df7795","name":"Tibor atya","image":{"@type":"ImageObject","inLanguage":"hu","@id":"https:\/\/secure.gravatar.com\/avatar\/61d268e57d1f4525b111222e29d2d5a7f8c420fdbf231ba5566a8ceac74fa960?s=96&d=mm&r=g","url":"https:\/\/secure.gravatar.com\/avatar\/61d268e57d1f4525b111222e29d2d5a7f8c420fdbf231ba5566a8ceac74fa960?s=96&d=mm&r=g","contentUrl":"https:\/\/secure.gravatar.com\/avatar\/61d268e57d1f4525b111222e29d2d5a7f8c420fdbf231ba5566a8ceac74fa960?s=96&d=mm&r=g","caption":"Tibor atya"},"url":"https:\/\/stuttgarti-katolikusok.de\/index.php\/author\/tibor-atya\/"}]}},"_links":{"self":[{"href":"https:\/\/stuttgarti-katolikusok.de\/index.php\/wp-json\/wp\/v2\/posts\/29450","targetHints":{"allow":["GET"]}}],"collection":[{"href":"https:\/\/stuttgarti-katolikusok.de\/index.php\/wp-json\/wp\/v2\/posts"}],"about":[{"href":"https:\/\/stuttgarti-katolikusok.de\/index.php\/wp-json\/wp\/v2\/types\/post"}],"author":[{"embeddable":true,"href":"https:\/\/stuttgarti-katolikusok.de\/index.php\/wp-json\/wp\/v2\/users\/3"}],"replies":[{"embeddable":true,"href":"https:\/\/stuttgarti-katolikusok.de\/index.php\/wp-json\/wp\/v2\/comments?post=29450"}],"version-history":[{"count":4,"href":"https:\/\/stuttgarti-katolikusok.de\/index.php\/wp-json\/wp\/v2\/posts\/29450\/revisions"}],"predecessor-version":[{"id":29456,"href":"https:\/\/stuttgarti-katolikusok.de\/index.php\/wp-json\/wp\/v2\/posts\/29450\/revisions\/29456"}],"wp:featuredmedia":[{"embeddable":true,"href":"https:\/\/stuttgarti-katolikusok.de\/index.php\/wp-json\/wp\/v2\/media\/29451"}],"wp:attachment":[{"href":"https:\/\/stuttgarti-katolikusok.de\/index.php\/wp-json\/wp\/v2\/media?parent=29450"}],"wp:term":[{"taxonomy":"category","embeddable":true,"href":"https:\/\/stuttgarti-katolikusok.de\/index.php\/wp-json\/wp\/v2\/categories?post=29450"},{"taxonomy":"post_tag","embeddable":true,"href":"https:\/\/stuttgarti-katolikusok.de\/index.php\/wp-json\/wp\/v2\/tags?post=29450"}],"curies":[{"name":"wp","href":"https:\/\/api.w.org\/{rel}","templated":true}]}}