{"id":29414,"date":"2024-09-27T21:00:12","date_gmt":"2024-09-27T19:00:12","guid":{"rendered":"https:\/\/stuttgarti-katolikusok.de\/?p=29414"},"modified":"2024-09-28T23:45:17","modified_gmt":"2024-09-28T21:45:17","slug":"evkozi-26-vasarnap-elvandorlok-es-menekultek-vilagnapja","status":"publish","type":"post","link":"https:\/\/stuttgarti-katolikusok.de\/index.php\/evkozi-26-vasarnap-elvandorlok-es-menekultek-vilagnapja\/","title":{"rendered":"\u00c9vk\u00f6zi 26. vas\u00e1rnap \u2013 Elv\u00e1ndorl\u00f3k \u00e9s menek\u00fcltek vil\u00e1gnapja"},"content":{"rendered":"<p><span style=\"color: #ff6600;\"><em>Isten mindenhat\u00f3s\u00e1g\u00e1nak k\u00e9t jellemz\u0151je a k\u00f6ny\u00f6r\u00fcletess\u00e9ge \u00e9s irgalmass\u00e1ga. \u00c9ppen ennek felismer\u00e9se \u00e9s elismer\u00e9se seg\u00edthet legf\u0151bb c\u00e9lom, egy\u00e9ni \u00fcdv\u00f6ss\u00e9gem el\u00e9r\u00e9s\u00e9ben.\u00a0<\/em><\/span><\/p>\n<p><span style=\"color: #ff6600;\"><em>Az olvasm\u00e1ny arr\u00f3l sz\u00e1mol be, hogy egyesek rendk\u00edv\u00fcli m\u00f3don kapj\u00e1k meg Isten kegyelm\u00e9t. \u00c9ppen ez\u00e9rt J\u00f3zsue, Nun fia lelk\u00e9ben tany\u00e1t ver az irigys\u00e9g szelleme. M\u00f3zes v\u00e1lasza J\u00f3zsue sz\u00e1m\u00e1ra ma is ir\u00e1nyt mutat: &#8222;Mi\u00e9rt f\u00e9lt\u00e9kenykedsz miattam? B\u00e1rcsak az eg\u00e9sz n\u00e9pet pr\u00f3f\u00e9t\u00e1v\u00e1 tenn\u00e9 az \u00dar, \u00e9s ki\u00e1rasztan\u00e1 r\u00e1juk lelk\u00e9t!&#8221; Magam \u00e9let\u00e9ben is nagy k\u00eds\u00e9rt\u00e9s lehet mind az irigys\u00e9g, mind a f\u00e9lt\u00e9kenyked\u00e9s lelk\u00fclete. Csakis tudatos \u00f6nnevel\u00e9ssel \u00e9s \u00f6nfegyelmez\u00e9ssel gy\u0151zhetem le magamban ezt a fajta, \u00e9letemet megkeser\u00edt\u0151 k\u00eds\u00e9rt\u00e9st.<\/em><\/span><\/p>\n<p><span style=\"color: #ff6600;\"><em>Jakab apostol level\u00e9ben a szoci\u00e1lis igazs\u00e1gtalans\u00e1g ellen emeli fel szav\u00e1t. Az elv\u00e9gzett munka ut\u00e1n j\u00e1r\u00f3 fizets\u00e9g visszatart\u00e1sa s\u00falyos igazs\u00e1gtalans\u00e1g, b\u0171n. L\u00e1that\u00f3, hogy maga a jelens\u00e9g nem \u00faj, m\u00e1r Jakab apostol idej\u00e9ben szint\u00e9n gondot jelentett. A szoci\u00e1lis igazs\u00e1gtalans\u00e1g elleni fell\u00e9p\u00e9s egyfajta feladata is Egyh\u00e1znak. Teszi mindezt \u00fagy, hogy k\u00f6zben \u00e1ll\u00e1sfoglal\u00e1s\u00e1val rem\u00e9nyt akar adni szeg\u00e9nyeknek \u00e9s elhagyatottaknak.\u00a0<\/em><\/span><\/p>\n<p><span style=\"color: #ff6600;\"><em>M\u00e9lyen radik\u00e1lis az \u00dar J\u00e9zus tan\u00edt\u00e1sa, amely az evang\u00e9liumi szakaszban elhangzik. A botr\u00e1nyt okoz\u00f3kr\u00f3l sz\u00f3l, akikre kem\u00e9ny b\u00fcntet\u00e9s v\u00e1r, amennyiben nem n\u00e9znek szembe az \u00e1ltaluk okozott botr\u00e1nnyal \u00e9s annak k\u00f6vetkezm\u00e9nyeivel. Megold\u00e1sk\u00e9nt J\u00e9zus nem a testcsonk\u00edt\u00e1st hirdeti, hanem a szokatlan k\u00e9ppel elsz\u00e1nts\u00e1gra \u00e9s komolys\u00e1gra int. Semmilyen form\u00e1ban nem szabad egy\u00e9ni \u00fcdv\u00f6ss\u00e9g\u00fcnket vesz\u00e9lyeztetni. Ennek f\u00e9ny\u00e9ben \u00e9rtelmezhet\u0151 az \u00dar J\u00e9zus j\u00f3cselekedetekre \u00f6szt\u00f6nz\u0151 aj\u00e1nl\u00e1sa: &#8222;Aki inni ad nektek ak\u00e1r csak egy poh\u00e1r vizet is az \u00e9n nevemben &#8211; az\u00e9rt, mert Krisztus\u00e9i vagytok -, bizony, mondom nektek, nem marad jutalom n\u00e9lk\u00fcl.&#8221; Mi az, amit &#8222;egy poh\u00e1r v\u00edzk\u00e9nt&#8221; m\u00e1soknak k\u00edn\u00e1lni tudok? Ez is egy\u00e9ni \u00fcdv\u00f6ss\u00e9gem elnyer\u00e9s\u00e9ben hasznos eszk\u00f6z.<\/em><\/span><\/p>\n<p><span style=\"color: #ff6600;\"><em>Tibor atya<\/em><\/span><\/p>\n<p><span style=\"color: #008000;\">Kezd\u0151\u00e9nek:<\/span><br \/>\nMindazt, amit vel\u00fcnk tett\u00e9l, Urunk, igazs\u00e1gosan tetted, mert v\u00e9tkezt\u00fcnk ellened \u00e9s parancsaidnak nem engedelmeskedt\u00fcnk; m\u00e9gis dics\u0151\u00edtsd meg nevedet, \u00e9s t\u00e9gy vel\u00fcnk nagy irgalmass\u00e1god szerint. (D\u00e1n 3,31.29.30.43.42)<\/p>\n<p><span style=\"color: #008000;\">K\u00f6ny\u00f6rg\u00e9s:<\/span><br \/>\nIsten\u00fcnk, te legink\u00e1bb azzal mutatod meg mindenhat\u00f3s\u00e1godat, hogy k\u00f6ny\u00f6r\u00fcletes \u00e9s irgalmas vagy hozz\u00e1nk. \u00c1raszd re\u00e1nk sz\u00fcntelen\u00fcl kegyelmedet, hogy teljes odaad\u00e1ssal t\u00f6rekedj\u00fcnk az \u00f6r\u00f6k boldogs\u00e1gra, amelyet meg\u00edg\u00e9rt\u00e9l. A mi Urunk, J\u00e9zus Krisztus, a te Fiad \u00e1ltal, aki veled \u00e9l \u00e9s uralkodik a Szentl\u00e9lekkel egys\u00e9gben, Isten mind\u00f6r\u00f6kk\u00f6n \u00f6r\u00f6kk\u00e9.<\/p>\n<p align=\"justify\"><span style=\"color: #008000;\">OLVASM\u00c1NY M\u00f3zes negyedik k\u00f6nyv\u00e9b\u0151l (Sz\u00e1m 11,25-29)<\/span><br \/>\nM\u00f3zes az \u00dar parancs\u00e1ra kiv\u00e1lasztott hetven f\u00e9rfit, hogy a n\u00e9p korm\u00e1nyz\u00e1s\u00e1ban seg\u00edts\u00e9g\u00e9re legyenek. Az \u00dar pedig al\u00e1sz\u00e1llt a felh\u0151ben, sz\u00f3lt M\u00f3zeshez, elvett a rajta lev\u0151 l\u00e9lekb\u0151l \u00e9s a hetven v\u00e9nnek adta. Mihelyt al\u00e1sz\u00e1llt r\u00e1juk a l\u00e9lek, pr\u00f3f\u00e9tai elragadtat\u00e1sba estek. Ez azonban nem ism\u00e9tl\u0151d\u00f6tt meg. K\u00e9t ember viszont a t\u00e1borban maradt; az egyiket Eldadnak, a m\u00e1sikat Medadnak h\u00edvt\u00e1k. R\u00e1juk is al\u00e1sz\u00e1llt a l\u00e9lek; \u0151k is a v\u00e9nek k\u00f6z\u00e9 tartoztak, de nem mentek oda a s\u00e1torhoz. \u0150k a t\u00e1borban estek elragadtat\u00e1sba.<br \/>\nEkkor az egyik szolga elfutott \u00e9s jelent\u00e9st tett M\u00f3zesnek e szavakkal: \u201eEldad \u00e9s Medad pr\u00f3f\u00e9tai elragadtat\u00e1sba estek a t\u00e1borban.\u201d Akkor J\u00f3zsue, Nun fia, aki kora ifj\u00fas\u00e1g\u00e1t\u00f3l kezdve M\u00f3zes szolg\u00e1lat\u00e1ban \u00e1llt, megsz\u00f3lalt, s ezt mondta: \u201eUram, M\u00f3zes, tiltsd meg nekik!\u201d M\u00f3zes \u00edgy v\u00e1laszolt: \u201eMi\u00e9rt f\u00e9lt\u00e9kenykedsz miattam? B\u00e1rcsak az eg\u00e9sz n\u00e9pet pr\u00f3f\u00e9t\u00e1v\u00e1 tenn\u00e9 az \u00dar, \u00e9s ki\u00e1rasztan\u00e1 r\u00e1juk lelk\u00e9t!\u201d<br \/>\nEz az Isten ig\u00e9je.<\/p>\n<p align=\"justify\"><span style=\"color: #008000;\">V\u00c1LASZOS ZSOLT\u00c1R (Zsolt 18,8.10.12-13.14)<\/span><br \/>\nV\u00e1lasz:\u00a0<strong>Az \u00dar v\u00e9gz\u00e9sei\u00a0<u>i<\/u>gazak, * megvid\u00e1m\u00edtj\u00e1k\u00a0<u>a<\/u>\u00a0sz\u00edvet.<\/strong>\u00a0(2. t\u00f3nus.)<br \/>\nEl\u0151\u00e9nekes: T\u00f6k\u00e9letes az \u00dar\u00a0<u>t\u00f6r<\/u>v\u00e9nye, * meg\u00faj\u00edtja\u00a0<u>a<\/u>\u00a0lelket.<br \/>\nAz \u00dar rendel\u00e9s\u00e9ben\u00a0<u>b\u00edz<\/u>hatunk, * b\u00f6lcsess\u00e9get ad a ki<u>csi<\/u>nyeknek.<br \/>\nH\u00edvek:\u00a0<strong>Az \u00dar v\u00e9gz\u00e9sei\u00a0<u>i<\/u>gazak, * megvid\u00e1m\u00edtj\u00e1k\u00a0<u>a<\/u>\u00a0sz\u00edvet.<\/strong><br \/>\nE: Az \u00dar f\u00e9lelme\u00a0<u>tisz<\/u>ta, * \u00f6r\u00f6k<u>k\u00e9<\/u>\u00a0megmarad.<br \/>\nAz \u00dar \u00edt\u00e9letei\u00a0<u>i<\/u>gazak, * \u00e9s mind egya<u>r\u00e1nt<\/u>\u00a0jogosak.<br \/>\nH:\u00a0<strong>Az \u00dar v\u00e9gz\u00e9sei\u00a0<u>i<\/u>gazak, * megvid\u00e1m\u00edtj\u00e1k\u00a0<u>a<\/u>\u00a0sz\u00edvet.<\/strong><br \/>\nE: Szolg\u00e1d, Uram, tanul\u00a0<u>be<\/u>l\u0151l\u00fck, * b\u0151 jutalmat \u00e1d meg<u>tar<\/u>t\u00e1suk.<br \/>\n\u00c1mde ki veszi \u00e9szre a\u00a0<u>t\u00e9<\/u>ved\u00e9st? * Rejtett b\u0171neimt\u0151l tiszt\u00edts\u00a0<u>meg<\/u>\u00a0engem!<br \/>\nH:\u00a0<strong>Az \u00dar v\u00e9gz\u00e9sei\u00a0<u>i<\/u>gazak, * megvid\u00e1m\u00edtj\u00e1k\u00a0<u>a<\/u>\u00a0sz\u00edvet.<\/strong><br \/>\nE: A kev\u00e9lys\u00e9gt\u0151l \u0151rizd meg\u00a0<u>szol<\/u>g\u00e1dat, * hogy ne uralkod<u>j\u00e9k<\/u>\u00a0rajtam.<br \/>\nTiszta leszek akkor\u00a0<u>e<\/u>g\u00e9szen, * a nagy b\u0171n\u00f6kt\u0151l meg<u>tisz<\/u>tulok.<br \/>\nH:\u00a0<strong>Az \u00dar v\u00e9gz\u00e9sei\u00a0<u>i<\/u>gazak, * megvid\u00e1m\u00edtj\u00e1k\u00a0<u>a<\/u>\u00a0sz\u00edvet.<\/strong><\/p>\n<p align=\"justify\"><span style=\"color: #008000;\">SZENTLECKE Szent Jakab apostol level\u00e9b\u0151l (Jak 5,1-6)<\/span><br \/>\nRajta, gazdagok, jajvesz\u00e9kelve s\u00edrjatok a r\u00e1tok t\u00f6r\u0151 nyomor\u00fas\u00e1g miatt! Vagyonotok oda, ruh\u00e1tokat megette a moly. Aranyotokat \u00e9s ez\u00fcst\u00f6t\u00f6ket belepte a rozsda, \u00e9s ez a rozsda tan\u00faul szolg\u00e1l ellenetek, s megem\u00e9szti testeteket, mint a t\u0171z. Vagyonotokat szapor\u00edtott\u00e1tok m\u00e9g az utols\u00f3 napokban is.<br \/>\nNos, a b\u00e9r, amelyet a f\u00f6ldeteket learat\u00f3 munk\u00e1sokt\u00f3l visszatartottatok, \u00edme felki\u00e1lt, \u00e9s az arat\u00f3k szava felhatolt a Seregek Ur\u00e1nak f\u00fcl\u00e9be. B\u0151s\u00e9gben \u00e9ltek a f\u00f6ld\u00f6n \u00e9s tobz\u00f3dtok, hizlalj\u00e1tok sz\u00edveteket a le\u00f6l\u00e9s napj\u00e1ra. Az igazat el\u00edt\u00e9lt\u00e9tek, meg\u00f6lt\u00e9tek, s \u0151 nem tan\u00fas\u00edtott ellen\u00e1ll\u00e1st.<br \/>\nEz az Isten ig\u00e9je.<\/p>\n<p align=\"justify\"><span style=\"color: #008000;\">ALLELUJA<\/span><br \/>\nUram, a te szavad igazs\u00e1g, * t\u00e9gy szentt\u00e9 minket igazs\u00e1god \u00e1ltal! (Jn 17,17b \u00e9s a \u2013 4g. t\u00f3nus.)<\/p>\n<p align=\"justify\"><span style=\"color: #008000;\">\u2020 EVANG\u00c9LIUM Szent M\u00e1rk k\u00f6nyv\u00e9b\u0151l (Mk 9,38-43.45.47-48)<\/span><br \/>\nAbban az id\u0151ben J\u00e1nos (apostol) \u00edgy sz\u00f3lt J\u00e9zushoz: \u201eMester, l\u00e1ttunk valakit, aki a te nevedben \u00f6rd\u00f6g\u00f6ket \u0171z ki, de nem tart vel\u00fcnk. Megtiltottuk neki, mert nem k\u00f6vet minket.\u201d J\u00e9zus ezt v\u00e1laszolta: \u201eNe tilts\u00e1tok meg neki! Aki a nevemben csod\u00e1t tesz, nem fog egyk\u00f6nnyen szidalmazni engem. Aki nincs ellen\u00fcnk, vel\u00fcnk van.<br \/>\nAki inni ad nektek ak\u00e1r csak egy poh\u00e1r vizet is az \u00e9n nevemben \u2013 az\u00e9rt, mert Krisztus\u00e9i vagytok \u2013, bizony, mondom nektek, nem marad jutalom n\u00e9lk\u00fcl.<br \/>\nDe aki megbotr\u00e1nkoztat egyet is e kicsinyek k\u00f6z\u00fcl, akik hisznek bennem, jobb volna annak, ha malomk\u00f6vet k\u00f6tn\u00e9nek a nyak\u00e1ra \u00e9s a tengerbe dobn\u00e1k. Ha a kezed megbotr\u00e1nkoztat, v\u00e1gd le. Jobb csonk\u00e1n bemenned az \u00e9letre, mint k\u00e9t k\u00e9zzel a k\u00e1rhozatra jutnod, az olthatatlan t\u0171zre. Ha a l\u00e1bad megbotr\u00e1nkoztat, v\u00e1gd le. Jobb s\u00e1nt\u00e1n bemenned az \u00e9letre, mint k\u00e9t l\u00e1bbal a k\u00e1rhozat olthatatlan t\u00fcz\u00e9re ker\u00fcln\u00f6d. Ha a szemed megbotr\u00e1nkoztat, v\u00e1jd ki. Jobb f\u00e9l szemmel bemenned az Isten orsz\u00e1g\u00e1ba, mint k\u00e9t szemmel a k\u00e1rhozatra jutni, ahol a f\u00e9rg\u00fck el nem pusztul, \u00e9s a t\u00fcz\u00fck ki nem alszik.\u201d<br \/>\nEzek az evang\u00e9lium ig\u00e9i.<\/p>\n<p><span style=\"color: #008000;\">EGYETEMES K\u00d6NY\u00d6RG\u00c9SEK<\/span><br \/>\nPap: K\u00f6ny\u00f6r\u00f6gj\u00fcnk, testv\u00e9reim, mennyei Aty\u00e1nkhoz, hogy gazdagon \u00e1rassza el sz\u00edv\u00fcnket kegyelmi aj\u00e1nd\u00e9kaival!<br \/>\nLektor:<br \/>\n1. Add, Urunk, hogy Egyh\u00e1zad p\u00e1sztorai: a p\u00fcsp\u00f6k\u00f6k, a papok \u00e9s a szerzetesek az eg\u00e9sz vil\u00e1gon az igazs\u00e1goss\u00e1g b\u00e1tor hirdet\u0151i legyenek!<br \/>\nH\u00edvek: K\u00e9r\u00fcnk t\u00e9ged, hallgass meg minket!<br \/>\n2. Engedd, Urunk, hogy a szoci\u00e1lis igazs\u00e1goss\u00e1g \u00e9s szeretet az eg\u00e9sz f\u00f6ldkereks\u00e9gen \u00e9rv\u00e9nyes\u00fclj\u00f6n!<br \/>\nH\u00edvek: K\u00e9r\u00fcnk t\u00e9ged . . .<br \/>\n3. \u00c9breszd fel a j\u00f3l\u00e9tben \u00e9l\u0151 n\u00e9pek lelkiismeret\u00e9t, hogy seg\u00edtsenek a szeg\u00e9nyebb nemzeteken!<br \/>\nH\u00edvek: K\u00e9r\u00fcnk t\u00e9ged . . .<br \/>\n4. \u00d3vd meg h\u00edveidet att\u00f3l, hogy \u00e9let\u00fckkel b\u00e1rkit is megbotr\u00e1nkoztassanak!<br \/>\nH\u00edvek: K\u00e9r\u00fcnk t\u00e9ged . . .<br \/>\n5. Add, hogy az anyagi javak\u00e9rt val\u00f3 f\u00e1radoz\u00e1s k\u00f6zben se feledkezz\u00fcnk el \u00f6r\u00f6k c\u00e9lunkr\u00f3l!<br \/>\nH\u00edvek: K\u00e9r\u00fcnk t\u00e9ged . . .<br \/>\nPap: Mindenhat\u00f3 Isten\u00fcnk, add, hogy a f\u00f6ldi javakat \u00fagy haszn\u00e1ljuk, hogy lelkiekben is gazdagodjunk! Krisztus, a mi Urunk \u00e1ltal.<br \/>\nH\u00edvek: \u00c1men.<\/p>\n<p><span style=\"color: #008000;\">Felaj\u00e1nl\u00f3 k\u00f6ny\u00f6rg\u00e9s:<\/span><br \/>\nAdd meg nek\u00fcnk, irgalmas Isten\u00fcnk, hogy ez az \u00e1ldozat kedves legyen el\u0151tted, \u00e9s fakadjon bel\u0151le sz\u00e1munkra minden \u00e1ld\u00e1s forr\u00e1sa. Krisztus, a mi Urunk \u00e1ltal.<\/p>\n<p><span style=\"color: #008000;\">\u00c1ldoz\u00e1si \u00e9nek:<\/span><br \/>\nEml\u00e9kezz\u00e9l meg szavadr\u00f3l, Uram amit szolg\u00e1dnak mondt\u00e1l, amellyel nekem rem\u00e9nys\u00e9get adt\u00e1l megal\u00e1zotts\u00e1gomban ez a vigaszom. (V\u00f6. Zsolt 118,49-50)<br \/>\n<span style=\"color: #008000;\"><em>Vagy<\/em><\/span><br \/>\nIsten szeretet\u00e9t arr\u00f3l ismert\u00fck fel, hogy \u0150 \u00e9let\u00e9t adta \u00e9rt\u00fcnk. Nek\u00fcnk is \u00e9let\u00fcnket kell adnunk testv\u00e9reink\u00e9rt. (1Jn 3,16)<\/p>\n<p><span style=\"color: #008000;\">\u00c1ldoz\u00e1s ut\u00e1ni k\u00f6ny\u00f6rg\u00e9s:<\/span><br \/>\nUrunk, Isten\u00fcnk, szolg\u00e1ljon ez a mennyei miszt\u00e9rium test\u00fcnk \u00e9s lelk\u00fcnk meg\u00fajul\u00e1s\u00e1ra, hogy az \u00f6r\u00f6k dics\u0151s\u00e9gben t\u00e1rs\u00f6r\u00f6k\u00f6sei legy\u00fcnk Fiadnak, akinek hal\u00e1l\u00e1t hirdetj\u00fck \u00e9s vele egy\u00fctt szenved\u00fcnk. Aki \u00e9l \u00e9s uralkodik mind\u00f6r\u00f6kk\u00f6n \u00f6r\u00f6kk\u00e9.<\/p>\n","protected":false},"excerpt":{"rendered":"<p>Isten mindenhat\u00f3s\u00e1g\u00e1nak k\u00e9t jellemz\u0151je a k\u00f6ny\u00f6r\u00fcletess\u00e9ge \u00e9s irgalmass\u00e1ga. \u00c9ppen ennek felismer\u00e9se \u00e9s elismer\u00e9se seg\u00edthet legf\u0151bb c\u00e9lom, egy\u00e9ni \u00fcdv\u00f6ss\u00e9gem el\u00e9r\u00e9s\u00e9ben.\u00a0 Az olvasm\u00e1ny arr\u00f3l sz\u00e1mol be, hogy egyesek rendk\u00edv\u00fcli m\u00f3don kapj\u00e1k meg Isten kegyelm\u00e9t. \u00c9ppen ez\u00e9rt J\u00f3zsue, Nun fia lelk\u00e9ben tany\u00e1t ver az irigys\u00e9g szelleme. M\u00f3zes v\u00e1lasza J\u00f3zsue sz\u00e1m\u00e1ra ma is ir\u00e1nyt mutat: &#8222;Mi\u00e9rt f\u00e9lt\u00e9kenykedsz miattam? B\u00e1rcsak az eg\u00e9sz n\u00e9pet pr\u00f3f\u00e9t\u00e1v\u00e1 tenn\u00e9 az \u00dar, \u00e9s ki\u00e1rasztan\u00e1 r\u00e1juk lelk\u00e9t!&#8221; Magam \u00e9let\u00e9ben is nagy k\u00eds\u00e9rt\u00e9s lehet mind az irigys\u00e9g, mind a f\u00e9lt\u00e9kenyked\u00e9s lelk\u00fclete. Csakis tudatos \u00f6nnevel\u00e9ssel \u00e9s \u00f6nfegyelmez\u00e9ssel gy\u0151zhetem le magamban ezt a fajta, \u00e9letemet megkeser\u00edt\u0151 k\u00eds\u00e9rt\u00e9st. Jakab apostol level\u00e9ben a szoci\u00e1lis igazs\u00e1gtalans\u00e1g ellen emeli fel szav\u00e1t. Az elv\u00e9gzett munka ut\u00e1n j\u00e1r\u00f3 fizets\u00e9g visszatart\u00e1sa s\u00falyos igazs\u00e1gtalans\u00e1g, b\u0171n. L\u00e1that\u00f3, hogy maga a jelens\u00e9g nem \u00faj, m\u00e1r Jakab apostol idej\u00e9ben szint\u00e9n gondot jelentett. A szoci\u00e1lis igazs\u00e1gtalans\u00e1g elleni fell\u00e9p\u00e9s egyfajta feladata is Egyh\u00e1znak. Teszi mindezt \u00fagy, hogy k\u00f6zben \u00e1ll\u00e1sfoglal\u00e1s\u00e1val rem\u00e9nyt akar adni szeg\u00e9nyeknek \u00e9s elhagyatottaknak.\u00a0 M\u00e9lyen radik\u00e1lis az \u00dar J\u00e9zus tan\u00edt\u00e1sa, amely az evang\u00e9liumi szakaszban elhangzik. A botr\u00e1nyt okoz\u00f3kr\u00f3l sz\u00f3l, akikre kem\u00e9ny b\u00fcntet\u00e9s v\u00e1r, amennyiben nem n\u00e9znek szembe az \u00e1ltaluk okozott botr\u00e1nnyal \u00e9s annak k\u00f6vetkezm\u00e9nyeivel. Megold\u00e1sk\u00e9nt J\u00e9zus nem a testcsonk\u00edt\u00e1st hirdeti, hanem a szokatlan k\u00e9ppel elsz\u00e1nts\u00e1gra \u00e9s komolys\u00e1gra int. Semmilyen form\u00e1ban nem szabad egy\u00e9ni \u00fcdv\u00f6ss\u00e9g\u00fcnket vesz\u00e9lyeztetni. Ennek f\u00e9ny\u00e9ben \u00e9rtelmezhet\u0151 az \u00dar J\u00e9zus j\u00f3cselekedetekre \u00f6szt\u00f6nz\u0151 aj\u00e1nl\u00e1sa: &#8222;Aki inni ad nektek ak\u00e1r csak egy poh\u00e1r vizet is az \u00e9n nevemben &#8211; az\u00e9rt, mert Krisztus\u00e9i vagytok -, bizony, mondom nektek, nem marad jutalom n\u00e9lk\u00fcl.&#8221; Mi az, amit &#8222;egy poh\u00e1r v\u00edzk\u00e9nt&#8221; m\u00e1soknak k\u00edn\u00e1lni tudok? Ez is egy\u00e9ni \u00fcdv\u00f6ss\u00e9gem elnyer\u00e9s\u00e9ben hasznos eszk\u00f6z. Tibor atya Kezd\u0151\u00e9nek: Mindazt, amit vel\u00fcnk tett\u00e9l, Urunk, igazs\u00e1gosan tetted, mert v\u00e9tkezt\u00fcnk ellened \u00e9s parancsaidnak nem engedelmeskedt\u00fcnk; m\u00e9gis dics\u0151\u00edtsd meg nevedet, \u00e9s t\u00e9gy vel\u00fcnk nagy irgalmass\u00e1god szerint. (D\u00e1n 3,31.29.30.43.42) K\u00f6ny\u00f6rg\u00e9s: Isten\u00fcnk, te legink\u00e1bb azzal mutatod meg mindenhat\u00f3s\u00e1godat, hogy k\u00f6ny\u00f6r\u00fcletes \u00e9s irgalmas vagy hozz\u00e1nk. \u00c1raszd re\u00e1nk sz\u00fcntelen\u00fcl kegyelmedet, hogy teljes odaad\u00e1ssal&#8230; <\/p>\n<p><a class=\"readmore\" href=\"https:\/\/stuttgarti-katolikusok.de\/index.php\/evkozi-26-vasarnap-elvandorlok-es-menekultek-vilagnapja\/\">R\u00e9szletek<\/a><\/p>\n","protected":false},"author":3,"featured_media":23590,"comment_status":"closed","ping_status":"closed","sticky":false,"template":"","format":"standard","meta":{"footnotes":""},"categories":[85,63],"tags":[],"class_list":["post-29414","post","type-post","status-publish","format-standard","has-post-thumbnail","hentry","category-a-liturgia-olvasmanyai","category-vasarnapi-gondolatok"],"yoast_head":"<!-- This site is optimized with the Yoast SEO plugin v27.3 - https:\/\/yoast.com\/product\/yoast-seo-wordpress\/ -->\n<title>\u00c9vk\u00f6zi 26. vas\u00e1rnap \u2013 Elv\u00e1ndorl\u00f3k \u00e9s menek\u00fcltek vil\u00e1gnapja - Stuttgarti Katolikusok<\/title>\n<meta name=\"robots\" content=\"index, follow, max-snippet:-1, max-image-preview:large, max-video-preview:-1\" \/>\n<link rel=\"canonical\" href=\"https:\/\/stuttgarti-katolikusok.de\/index.php\/evkozi-26-vasarnap-elvandorlok-es-menekultek-vilagnapja\/\" \/>\n<meta property=\"og:locale\" content=\"hu_HU\" \/>\n<meta property=\"og:type\" content=\"article\" \/>\n<meta property=\"og:title\" content=\"\u00c9vk\u00f6zi 26. vas\u00e1rnap \u2013 Elv\u00e1ndorl\u00f3k \u00e9s menek\u00fcltek vil\u00e1gnapja - Stuttgarti Katolikusok\" \/>\n<meta property=\"og:description\" content=\"Isten mindenhat\u00f3s\u00e1g\u00e1nak k\u00e9t jellemz\u0151je a k\u00f6ny\u00f6r\u00fcletess\u00e9ge \u00e9s irgalmass\u00e1ga. \u00c9ppen ennek felismer\u00e9se \u00e9s elismer\u00e9se seg\u00edthet legf\u0151bb c\u00e9lom, egy\u00e9ni \u00fcdv\u00f6ss\u00e9gem el\u00e9r\u00e9s\u00e9ben.\u00a0 Az olvasm\u00e1ny arr\u00f3l sz\u00e1mol be, hogy egyesek rendk\u00edv\u00fcli m\u00f3don kapj\u00e1k meg Isten kegyelm\u00e9t. \u00c9ppen ez\u00e9rt J\u00f3zsue, Nun fia lelk\u00e9ben tany\u00e1t ver az irigys\u00e9g szelleme. M\u00f3zes v\u00e1lasza J\u00f3zsue sz\u00e1m\u00e1ra ma is ir\u00e1nyt mutat: &#8222;Mi\u00e9rt f\u00e9lt\u00e9kenykedsz miattam? B\u00e1rcsak az eg\u00e9sz n\u00e9pet pr\u00f3f\u00e9t\u00e1v\u00e1 tenn\u00e9 az \u00dar, \u00e9s ki\u00e1rasztan\u00e1 r\u00e1juk lelk\u00e9t!&#8221; Magam \u00e9let\u00e9ben is nagy k\u00eds\u00e9rt\u00e9s lehet mind az irigys\u00e9g, mind a f\u00e9lt\u00e9kenyked\u00e9s lelk\u00fclete. Csakis tudatos \u00f6nnevel\u00e9ssel \u00e9s \u00f6nfegyelmez\u00e9ssel gy\u0151zhetem le magamban ezt a fajta, \u00e9letemet megkeser\u00edt\u0151 k\u00eds\u00e9rt\u00e9st. Jakab apostol level\u00e9ben a szoci\u00e1lis igazs\u00e1gtalans\u00e1g ellen emeli fel szav\u00e1t. Az elv\u00e9gzett munka ut\u00e1n j\u00e1r\u00f3 fizets\u00e9g visszatart\u00e1sa s\u00falyos igazs\u00e1gtalans\u00e1g, b\u0171n. L\u00e1that\u00f3, hogy maga a jelens\u00e9g nem \u00faj, m\u00e1r Jakab apostol idej\u00e9ben szint\u00e9n gondot jelentett. A szoci\u00e1lis igazs\u00e1gtalans\u00e1g elleni fell\u00e9p\u00e9s egyfajta feladata is Egyh\u00e1znak. Teszi mindezt \u00fagy, hogy k\u00f6zben \u00e1ll\u00e1sfoglal\u00e1s\u00e1val rem\u00e9nyt akar adni szeg\u00e9nyeknek \u00e9s elhagyatottaknak.\u00a0 M\u00e9lyen radik\u00e1lis az \u00dar J\u00e9zus tan\u00edt\u00e1sa, amely az evang\u00e9liumi szakaszban elhangzik. A botr\u00e1nyt okoz\u00f3kr\u00f3l sz\u00f3l, akikre kem\u00e9ny b\u00fcntet\u00e9s v\u00e1r, amennyiben nem n\u00e9znek szembe az \u00e1ltaluk okozott botr\u00e1nnyal \u00e9s annak k\u00f6vetkezm\u00e9nyeivel. Megold\u00e1sk\u00e9nt J\u00e9zus nem a testcsonk\u00edt\u00e1st hirdeti, hanem a szokatlan k\u00e9ppel elsz\u00e1nts\u00e1gra \u00e9s komolys\u00e1gra int. Semmilyen form\u00e1ban nem szabad egy\u00e9ni \u00fcdv\u00f6ss\u00e9g\u00fcnket vesz\u00e9lyeztetni. Ennek f\u00e9ny\u00e9ben \u00e9rtelmezhet\u0151 az \u00dar J\u00e9zus j\u00f3cselekedetekre \u00f6szt\u00f6nz\u0151 aj\u00e1nl\u00e1sa: &#8222;Aki inni ad nektek ak\u00e1r csak egy poh\u00e1r vizet is az \u00e9n nevemben &#8211; az\u00e9rt, mert Krisztus\u00e9i vagytok -, bizony, mondom nektek, nem marad jutalom n\u00e9lk\u00fcl.&#8221; Mi az, amit &#8222;egy poh\u00e1r v\u00edzk\u00e9nt&#8221; m\u00e1soknak k\u00edn\u00e1lni tudok? Ez is egy\u00e9ni \u00fcdv\u00f6ss\u00e9gem elnyer\u00e9s\u00e9ben hasznos eszk\u00f6z. Tibor atya Kezd\u0151\u00e9nek: Mindazt, amit vel\u00fcnk tett\u00e9l, Urunk, igazs\u00e1gosan tetted, mert v\u00e9tkezt\u00fcnk ellened \u00e9s parancsaidnak nem engedelmeskedt\u00fcnk; m\u00e9gis dics\u0151\u00edtsd meg nevedet, \u00e9s t\u00e9gy vel\u00fcnk nagy irgalmass\u00e1god szerint. (D\u00e1n 3,31.29.30.43.42) K\u00f6ny\u00f6rg\u00e9s: Isten\u00fcnk, te legink\u00e1bb azzal mutatod meg mindenhat\u00f3s\u00e1godat, hogy k\u00f6ny\u00f6r\u00fcletes \u00e9s irgalmas vagy hozz\u00e1nk. \u00c1raszd re\u00e1nk sz\u00fcntelen\u00fcl kegyelmedet, hogy teljes odaad\u00e1ssal... R\u00e9szletek\" \/>\n<meta property=\"og:url\" content=\"https:\/\/stuttgarti-katolikusok.de\/index.php\/evkozi-26-vasarnap-elvandorlok-es-menekultek-vilagnapja\/\" \/>\n<meta property=\"og:site_name\" content=\"Stuttgarti Katolikusok\" \/>\n<meta property=\"article:published_time\" content=\"2024-09-27T19:00:12+00:00\" \/>\n<meta property=\"article:modified_time\" content=\"2024-09-28T21:45:17+00:00\" \/>\n<meta property=\"og:image\" content=\"https:\/\/stuttgarti-katolikusok.de\/wp-content\/uploads\/2022\/09\/road-1072823-1280.jpg\" \/>\n\t<meta property=\"og:image:width\" content=\"1280\" \/>\n\t<meta property=\"og:image:height\" content=\"747\" \/>\n\t<meta property=\"og:image:type\" content=\"image\/jpeg\" \/>\n<meta name=\"author\" content=\"Tibor atya\" \/>\n<meta name=\"twitter:card\" content=\"summary_large_image\" \/>\n<meta name=\"twitter:label1\" content=\"Szerz\u0151:\" \/>\n\t<meta name=\"twitter:data1\" content=\"Tibor atya\" \/>\n\t<meta name=\"twitter:label2\" content=\"Becs\u00fclt olvas\u00e1si id\u0151\" \/>\n\t<meta name=\"twitter:data2\" content=\"7 perc\" \/>\n<script type=\"application\/ld+json\" class=\"yoast-schema-graph\">{\"@context\":\"https:\\\/\\\/schema.org\",\"@graph\":[{\"@type\":\"Article\",\"@id\":\"https:\\\/\\\/stuttgarti-katolikusok.de\\\/index.php\\\/evkozi-26-vasarnap-elvandorlok-es-menekultek-vilagnapja\\\/#article\",\"isPartOf\":{\"@id\":\"https:\\\/\\\/stuttgarti-katolikusok.de\\\/index.php\\\/evkozi-26-vasarnap-elvandorlok-es-menekultek-vilagnapja\\\/\"},\"author\":{\"name\":\"Tibor atya\",\"@id\":\"https:\\\/\\\/stuttgarti-katolikusok.de\\\/#\\\/schema\\\/person\\\/75908d6f8fdc03a57889d27209df7795\"},\"headline\":\"\u00c9vk\u00f6zi 26. vas\u00e1rnap \u2013 Elv\u00e1ndorl\u00f3k \u00e9s menek\u00fcltek vil\u00e1gnapja\",\"datePublished\":\"2024-09-27T19:00:12+00:00\",\"dateModified\":\"2024-09-28T21:45:17+00:00\",\"mainEntityOfPage\":{\"@id\":\"https:\\\/\\\/stuttgarti-katolikusok.de\\\/index.php\\\/evkozi-26-vasarnap-elvandorlok-es-menekultek-vilagnapja\\\/\"},\"wordCount\":1704,\"image\":{\"@id\":\"https:\\\/\\\/stuttgarti-katolikusok.de\\\/index.php\\\/evkozi-26-vasarnap-elvandorlok-es-menekultek-vilagnapja\\\/#primaryimage\"},\"thumbnailUrl\":\"https:\\\/\\\/stuttgarti-katolikusok.de\\\/wp-content\\\/uploads\\\/2022\\\/09\\\/road-1072823-1280.jpg\",\"articleSection\":[\"A liturgia olvasm\u00e1nyai\",\"Vas\u00e1rnapi gondolatok\"],\"inLanguage\":\"hu\"},{\"@type\":\"WebPage\",\"@id\":\"https:\\\/\\\/stuttgarti-katolikusok.de\\\/index.php\\\/evkozi-26-vasarnap-elvandorlok-es-menekultek-vilagnapja\\\/\",\"url\":\"https:\\\/\\\/stuttgarti-katolikusok.de\\\/index.php\\\/evkozi-26-vasarnap-elvandorlok-es-menekultek-vilagnapja\\\/\",\"name\":\"\u00c9vk\u00f6zi 26. vas\u00e1rnap \u2013 Elv\u00e1ndorl\u00f3k \u00e9s menek\u00fcltek vil\u00e1gnapja - Stuttgarti Katolikusok\",\"isPartOf\":{\"@id\":\"https:\\\/\\\/stuttgarti-katolikusok.de\\\/#website\"},\"primaryImageOfPage\":{\"@id\":\"https:\\\/\\\/stuttgarti-katolikusok.de\\\/index.php\\\/evkozi-26-vasarnap-elvandorlok-es-menekultek-vilagnapja\\\/#primaryimage\"},\"image\":{\"@id\":\"https:\\\/\\\/stuttgarti-katolikusok.de\\\/index.php\\\/evkozi-26-vasarnap-elvandorlok-es-menekultek-vilagnapja\\\/#primaryimage\"},\"thumbnailUrl\":\"https:\\\/\\\/stuttgarti-katolikusok.de\\\/wp-content\\\/uploads\\\/2022\\\/09\\\/road-1072823-1280.jpg\",\"datePublished\":\"2024-09-27T19:00:12+00:00\",\"dateModified\":\"2024-09-28T21:45:17+00:00\",\"author\":{\"@id\":\"https:\\\/\\\/stuttgarti-katolikusok.de\\\/#\\\/schema\\\/person\\\/75908d6f8fdc03a57889d27209df7795\"},\"breadcrumb\":{\"@id\":\"https:\\\/\\\/stuttgarti-katolikusok.de\\\/index.php\\\/evkozi-26-vasarnap-elvandorlok-es-menekultek-vilagnapja\\\/#breadcrumb\"},\"inLanguage\":\"hu\",\"potentialAction\":[{\"@type\":\"ReadAction\",\"target\":[\"https:\\\/\\\/stuttgarti-katolikusok.de\\\/index.php\\\/evkozi-26-vasarnap-elvandorlok-es-menekultek-vilagnapja\\\/\"]}]},{\"@type\":\"ImageObject\",\"inLanguage\":\"hu\",\"@id\":\"https:\\\/\\\/stuttgarti-katolikusok.de\\\/index.php\\\/evkozi-26-vasarnap-elvandorlok-es-menekultek-vilagnapja\\\/#primaryimage\",\"url\":\"https:\\\/\\\/stuttgarti-katolikusok.de\\\/wp-content\\\/uploads\\\/2022\\\/09\\\/road-1072823-1280.jpg\",\"contentUrl\":\"https:\\\/\\\/stuttgarti-katolikusok.de\\\/wp-content\\\/uploads\\\/2022\\\/09\\\/road-1072823-1280.jpg\",\"width\":1280,\"height\":747},{\"@type\":\"BreadcrumbList\",\"@id\":\"https:\\\/\\\/stuttgarti-katolikusok.de\\\/index.php\\\/evkozi-26-vasarnap-elvandorlok-es-menekultek-vilagnapja\\\/#breadcrumb\",\"itemListElement\":[{\"@type\":\"ListItem\",\"position\":1,\"name\":\"Kezd\u0151lap\",\"item\":\"https:\\\/\\\/stuttgarti-katolikusok.de\\\/\"},{\"@type\":\"ListItem\",\"position\":2,\"name\":\"\u00c9vk\u00f6zi 26. vas\u00e1rnap \u2013 Elv\u00e1ndorl\u00f3k \u00e9s menek\u00fcltek vil\u00e1gnapja\"}]},{\"@type\":\"WebSite\",\"@id\":\"https:\\\/\\\/stuttgarti-katolikusok.de\\\/#website\",\"url\":\"https:\\\/\\\/stuttgarti-katolikusok.de\\\/\",\"name\":\"Stuttgarti Katolikusok\",\"description\":\"\",\"potentialAction\":[{\"@type\":\"SearchAction\",\"target\":{\"@type\":\"EntryPoint\",\"urlTemplate\":\"https:\\\/\\\/stuttgarti-katolikusok.de\\\/?s={search_term_string}\"},\"query-input\":{\"@type\":\"PropertyValueSpecification\",\"valueRequired\":true,\"valueName\":\"search_term_string\"}}],\"inLanguage\":\"hu\"},{\"@type\":\"Person\",\"@id\":\"https:\\\/\\\/stuttgarti-katolikusok.de\\\/#\\\/schema\\\/person\\\/75908d6f8fdc03a57889d27209df7795\",\"name\":\"Tibor atya\",\"image\":{\"@type\":\"ImageObject\",\"inLanguage\":\"hu\",\"@id\":\"https:\\\/\\\/secure.gravatar.com\\\/avatar\\\/61d268e57d1f4525b111222e29d2d5a7f8c420fdbf231ba5566a8ceac74fa960?s=96&d=mm&r=g\",\"url\":\"https:\\\/\\\/secure.gravatar.com\\\/avatar\\\/61d268e57d1f4525b111222e29d2d5a7f8c420fdbf231ba5566a8ceac74fa960?s=96&d=mm&r=g\",\"contentUrl\":\"https:\\\/\\\/secure.gravatar.com\\\/avatar\\\/61d268e57d1f4525b111222e29d2d5a7f8c420fdbf231ba5566a8ceac74fa960?s=96&d=mm&r=g\",\"caption\":\"Tibor atya\"},\"url\":\"https:\\\/\\\/stuttgarti-katolikusok.de\\\/index.php\\\/author\\\/tibor-atya\\\/\"}]}<\/script>\n<!-- \/ Yoast SEO plugin. -->","yoast_head_json":{"title":"\u00c9vk\u00f6zi 26. vas\u00e1rnap \u2013 Elv\u00e1ndorl\u00f3k \u00e9s menek\u00fcltek vil\u00e1gnapja - Stuttgarti Katolikusok","robots":{"index":"index","follow":"follow","max-snippet":"max-snippet:-1","max-image-preview":"max-image-preview:large","max-video-preview":"max-video-preview:-1"},"canonical":"https:\/\/stuttgarti-katolikusok.de\/index.php\/evkozi-26-vasarnap-elvandorlok-es-menekultek-vilagnapja\/","og_locale":"hu_HU","og_type":"article","og_title":"\u00c9vk\u00f6zi 26. vas\u00e1rnap \u2013 Elv\u00e1ndorl\u00f3k \u00e9s menek\u00fcltek vil\u00e1gnapja - Stuttgarti Katolikusok","og_description":"Isten mindenhat\u00f3s\u00e1g\u00e1nak k\u00e9t jellemz\u0151je a k\u00f6ny\u00f6r\u00fcletess\u00e9ge \u00e9s irgalmass\u00e1ga. \u00c9ppen ennek felismer\u00e9se \u00e9s elismer\u00e9se seg\u00edthet legf\u0151bb c\u00e9lom, egy\u00e9ni \u00fcdv\u00f6ss\u00e9gem el\u00e9r\u00e9s\u00e9ben.\u00a0 Az olvasm\u00e1ny arr\u00f3l sz\u00e1mol be, hogy egyesek rendk\u00edv\u00fcli m\u00f3don kapj\u00e1k meg Isten kegyelm\u00e9t. \u00c9ppen ez\u00e9rt J\u00f3zsue, Nun fia lelk\u00e9ben tany\u00e1t ver az irigys\u00e9g szelleme. M\u00f3zes v\u00e1lasza J\u00f3zsue sz\u00e1m\u00e1ra ma is ir\u00e1nyt mutat: &#8222;Mi\u00e9rt f\u00e9lt\u00e9kenykedsz miattam? B\u00e1rcsak az eg\u00e9sz n\u00e9pet pr\u00f3f\u00e9t\u00e1v\u00e1 tenn\u00e9 az \u00dar, \u00e9s ki\u00e1rasztan\u00e1 r\u00e1juk lelk\u00e9t!&#8221; Magam \u00e9let\u00e9ben is nagy k\u00eds\u00e9rt\u00e9s lehet mind az irigys\u00e9g, mind a f\u00e9lt\u00e9kenyked\u00e9s lelk\u00fclete. Csakis tudatos \u00f6nnevel\u00e9ssel \u00e9s \u00f6nfegyelmez\u00e9ssel gy\u0151zhetem le magamban ezt a fajta, \u00e9letemet megkeser\u00edt\u0151 k\u00eds\u00e9rt\u00e9st. Jakab apostol level\u00e9ben a szoci\u00e1lis igazs\u00e1gtalans\u00e1g ellen emeli fel szav\u00e1t. Az elv\u00e9gzett munka ut\u00e1n j\u00e1r\u00f3 fizets\u00e9g visszatart\u00e1sa s\u00falyos igazs\u00e1gtalans\u00e1g, b\u0171n. L\u00e1that\u00f3, hogy maga a jelens\u00e9g nem \u00faj, m\u00e1r Jakab apostol idej\u00e9ben szint\u00e9n gondot jelentett. A szoci\u00e1lis igazs\u00e1gtalans\u00e1g elleni fell\u00e9p\u00e9s egyfajta feladata is Egyh\u00e1znak. Teszi mindezt \u00fagy, hogy k\u00f6zben \u00e1ll\u00e1sfoglal\u00e1s\u00e1val rem\u00e9nyt akar adni szeg\u00e9nyeknek \u00e9s elhagyatottaknak.\u00a0 M\u00e9lyen radik\u00e1lis az \u00dar J\u00e9zus tan\u00edt\u00e1sa, amely az evang\u00e9liumi szakaszban elhangzik. A botr\u00e1nyt okoz\u00f3kr\u00f3l sz\u00f3l, akikre kem\u00e9ny b\u00fcntet\u00e9s v\u00e1r, amennyiben nem n\u00e9znek szembe az \u00e1ltaluk okozott botr\u00e1nnyal \u00e9s annak k\u00f6vetkezm\u00e9nyeivel. Megold\u00e1sk\u00e9nt J\u00e9zus nem a testcsonk\u00edt\u00e1st hirdeti, hanem a szokatlan k\u00e9ppel elsz\u00e1nts\u00e1gra \u00e9s komolys\u00e1gra int. Semmilyen form\u00e1ban nem szabad egy\u00e9ni \u00fcdv\u00f6ss\u00e9g\u00fcnket vesz\u00e9lyeztetni. Ennek f\u00e9ny\u00e9ben \u00e9rtelmezhet\u0151 az \u00dar J\u00e9zus j\u00f3cselekedetekre \u00f6szt\u00f6nz\u0151 aj\u00e1nl\u00e1sa: &#8222;Aki inni ad nektek ak\u00e1r csak egy poh\u00e1r vizet is az \u00e9n nevemben &#8211; az\u00e9rt, mert Krisztus\u00e9i vagytok -, bizony, mondom nektek, nem marad jutalom n\u00e9lk\u00fcl.&#8221; Mi az, amit &#8222;egy poh\u00e1r v\u00edzk\u00e9nt&#8221; m\u00e1soknak k\u00edn\u00e1lni tudok? Ez is egy\u00e9ni \u00fcdv\u00f6ss\u00e9gem elnyer\u00e9s\u00e9ben hasznos eszk\u00f6z. Tibor atya Kezd\u0151\u00e9nek: Mindazt, amit vel\u00fcnk tett\u00e9l, Urunk, igazs\u00e1gosan tetted, mert v\u00e9tkezt\u00fcnk ellened \u00e9s parancsaidnak nem engedelmeskedt\u00fcnk; m\u00e9gis dics\u0151\u00edtsd meg nevedet, \u00e9s t\u00e9gy vel\u00fcnk nagy irgalmass\u00e1god szerint. (D\u00e1n 3,31.29.30.43.42) K\u00f6ny\u00f6rg\u00e9s: Isten\u00fcnk, te legink\u00e1bb azzal mutatod meg mindenhat\u00f3s\u00e1godat, hogy k\u00f6ny\u00f6r\u00fcletes \u00e9s irgalmas vagy hozz\u00e1nk. \u00c1raszd re\u00e1nk sz\u00fcntelen\u00fcl kegyelmedet, hogy teljes odaad\u00e1ssal... R\u00e9szletek","og_url":"https:\/\/stuttgarti-katolikusok.de\/index.php\/evkozi-26-vasarnap-elvandorlok-es-menekultek-vilagnapja\/","og_site_name":"Stuttgarti Katolikusok","article_published_time":"2024-09-27T19:00:12+00:00","article_modified_time":"2024-09-28T21:45:17+00:00","og_image":[{"width":1280,"height":747,"url":"https:\/\/stuttgarti-katolikusok.de\/wp-content\/uploads\/2022\/09\/road-1072823-1280.jpg","type":"image\/jpeg"}],"author":"Tibor atya","twitter_card":"summary_large_image","twitter_misc":{"Szerz\u0151:":"Tibor atya","Becs\u00fclt olvas\u00e1si id\u0151":"7 perc"},"schema":{"@context":"https:\/\/schema.org","@graph":[{"@type":"Article","@id":"https:\/\/stuttgarti-katolikusok.de\/index.php\/evkozi-26-vasarnap-elvandorlok-es-menekultek-vilagnapja\/#article","isPartOf":{"@id":"https:\/\/stuttgarti-katolikusok.de\/index.php\/evkozi-26-vasarnap-elvandorlok-es-menekultek-vilagnapja\/"},"author":{"name":"Tibor atya","@id":"https:\/\/stuttgarti-katolikusok.de\/#\/schema\/person\/75908d6f8fdc03a57889d27209df7795"},"headline":"\u00c9vk\u00f6zi 26. vas\u00e1rnap \u2013 Elv\u00e1ndorl\u00f3k \u00e9s menek\u00fcltek vil\u00e1gnapja","datePublished":"2024-09-27T19:00:12+00:00","dateModified":"2024-09-28T21:45:17+00:00","mainEntityOfPage":{"@id":"https:\/\/stuttgarti-katolikusok.de\/index.php\/evkozi-26-vasarnap-elvandorlok-es-menekultek-vilagnapja\/"},"wordCount":1704,"image":{"@id":"https:\/\/stuttgarti-katolikusok.de\/index.php\/evkozi-26-vasarnap-elvandorlok-es-menekultek-vilagnapja\/#primaryimage"},"thumbnailUrl":"https:\/\/stuttgarti-katolikusok.de\/wp-content\/uploads\/2022\/09\/road-1072823-1280.jpg","articleSection":["A liturgia olvasm\u00e1nyai","Vas\u00e1rnapi gondolatok"],"inLanguage":"hu"},{"@type":"WebPage","@id":"https:\/\/stuttgarti-katolikusok.de\/index.php\/evkozi-26-vasarnap-elvandorlok-es-menekultek-vilagnapja\/","url":"https:\/\/stuttgarti-katolikusok.de\/index.php\/evkozi-26-vasarnap-elvandorlok-es-menekultek-vilagnapja\/","name":"\u00c9vk\u00f6zi 26. vas\u00e1rnap \u2013 Elv\u00e1ndorl\u00f3k \u00e9s menek\u00fcltek vil\u00e1gnapja - Stuttgarti Katolikusok","isPartOf":{"@id":"https:\/\/stuttgarti-katolikusok.de\/#website"},"primaryImageOfPage":{"@id":"https:\/\/stuttgarti-katolikusok.de\/index.php\/evkozi-26-vasarnap-elvandorlok-es-menekultek-vilagnapja\/#primaryimage"},"image":{"@id":"https:\/\/stuttgarti-katolikusok.de\/index.php\/evkozi-26-vasarnap-elvandorlok-es-menekultek-vilagnapja\/#primaryimage"},"thumbnailUrl":"https:\/\/stuttgarti-katolikusok.de\/wp-content\/uploads\/2022\/09\/road-1072823-1280.jpg","datePublished":"2024-09-27T19:00:12+00:00","dateModified":"2024-09-28T21:45:17+00:00","author":{"@id":"https:\/\/stuttgarti-katolikusok.de\/#\/schema\/person\/75908d6f8fdc03a57889d27209df7795"},"breadcrumb":{"@id":"https:\/\/stuttgarti-katolikusok.de\/index.php\/evkozi-26-vasarnap-elvandorlok-es-menekultek-vilagnapja\/#breadcrumb"},"inLanguage":"hu","potentialAction":[{"@type":"ReadAction","target":["https:\/\/stuttgarti-katolikusok.de\/index.php\/evkozi-26-vasarnap-elvandorlok-es-menekultek-vilagnapja\/"]}]},{"@type":"ImageObject","inLanguage":"hu","@id":"https:\/\/stuttgarti-katolikusok.de\/index.php\/evkozi-26-vasarnap-elvandorlok-es-menekultek-vilagnapja\/#primaryimage","url":"https:\/\/stuttgarti-katolikusok.de\/wp-content\/uploads\/2022\/09\/road-1072823-1280.jpg","contentUrl":"https:\/\/stuttgarti-katolikusok.de\/wp-content\/uploads\/2022\/09\/road-1072823-1280.jpg","width":1280,"height":747},{"@type":"BreadcrumbList","@id":"https:\/\/stuttgarti-katolikusok.de\/index.php\/evkozi-26-vasarnap-elvandorlok-es-menekultek-vilagnapja\/#breadcrumb","itemListElement":[{"@type":"ListItem","position":1,"name":"Kezd\u0151lap","item":"https:\/\/stuttgarti-katolikusok.de\/"},{"@type":"ListItem","position":2,"name":"\u00c9vk\u00f6zi 26. vas\u00e1rnap \u2013 Elv\u00e1ndorl\u00f3k \u00e9s menek\u00fcltek vil\u00e1gnapja"}]},{"@type":"WebSite","@id":"https:\/\/stuttgarti-katolikusok.de\/#website","url":"https:\/\/stuttgarti-katolikusok.de\/","name":"Stuttgarti Katolikusok","description":"","potentialAction":[{"@type":"SearchAction","target":{"@type":"EntryPoint","urlTemplate":"https:\/\/stuttgarti-katolikusok.de\/?s={search_term_string}"},"query-input":{"@type":"PropertyValueSpecification","valueRequired":true,"valueName":"search_term_string"}}],"inLanguage":"hu"},{"@type":"Person","@id":"https:\/\/stuttgarti-katolikusok.de\/#\/schema\/person\/75908d6f8fdc03a57889d27209df7795","name":"Tibor atya","image":{"@type":"ImageObject","inLanguage":"hu","@id":"https:\/\/secure.gravatar.com\/avatar\/61d268e57d1f4525b111222e29d2d5a7f8c420fdbf231ba5566a8ceac74fa960?s=96&d=mm&r=g","url":"https:\/\/secure.gravatar.com\/avatar\/61d268e57d1f4525b111222e29d2d5a7f8c420fdbf231ba5566a8ceac74fa960?s=96&d=mm&r=g","contentUrl":"https:\/\/secure.gravatar.com\/avatar\/61d268e57d1f4525b111222e29d2d5a7f8c420fdbf231ba5566a8ceac74fa960?s=96&d=mm&r=g","caption":"Tibor atya"},"url":"https:\/\/stuttgarti-katolikusok.de\/index.php\/author\/tibor-atya\/"}]}},"_links":{"self":[{"href":"https:\/\/stuttgarti-katolikusok.de\/index.php\/wp-json\/wp\/v2\/posts\/29414","targetHints":{"allow":["GET"]}}],"collection":[{"href":"https:\/\/stuttgarti-katolikusok.de\/index.php\/wp-json\/wp\/v2\/posts"}],"about":[{"href":"https:\/\/stuttgarti-katolikusok.de\/index.php\/wp-json\/wp\/v2\/types\/post"}],"author":[{"embeddable":true,"href":"https:\/\/stuttgarti-katolikusok.de\/index.php\/wp-json\/wp\/v2\/users\/3"}],"replies":[{"embeddable":true,"href":"https:\/\/stuttgarti-katolikusok.de\/index.php\/wp-json\/wp\/v2\/comments?post=29414"}],"version-history":[{"count":4,"href":"https:\/\/stuttgarti-katolikusok.de\/index.php\/wp-json\/wp\/v2\/posts\/29414\/revisions"}],"predecessor-version":[{"id":29419,"href":"https:\/\/stuttgarti-katolikusok.de\/index.php\/wp-json\/wp\/v2\/posts\/29414\/revisions\/29419"}],"wp:featuredmedia":[{"embeddable":true,"href":"https:\/\/stuttgarti-katolikusok.de\/index.php\/wp-json\/wp\/v2\/media\/23590"}],"wp:attachment":[{"href":"https:\/\/stuttgarti-katolikusok.de\/index.php\/wp-json\/wp\/v2\/media?parent=29414"}],"wp:term":[{"taxonomy":"category","embeddable":true,"href":"https:\/\/stuttgarti-katolikusok.de\/index.php\/wp-json\/wp\/v2\/categories?post=29414"},{"taxonomy":"post_tag","embeddable":true,"href":"https:\/\/stuttgarti-katolikusok.de\/index.php\/wp-json\/wp\/v2\/tags?post=29414"}],"curies":[{"name":"wp","href":"https:\/\/api.w.org\/{rel}","templated":true}]}}