{"id":29388,"date":"2024-09-23T23:59:50","date_gmt":"2024-09-23T21:59:50","guid":{"rendered":"https:\/\/stuttgarti-katolikusok.de\/?p=29388"},"modified":"2025-09-23T22:17:29","modified_gmt":"2025-09-23T20:17:29","slug":"2024-szeptember-23-es-29-kozott","status":"publish","type":"post","link":"https:\/\/stuttgarti-katolikusok.de\/index.php\/2024-szeptember-23-es-29-kozott\/","title":{"rendered":"2024. SZEPTEMBER 23 \u00c9S 29 K\u00d6Z\u00d6TT"},"content":{"rendered":"<p><span style=\"color: #008000;\"><strong>Programel\u0151zetes<\/strong><\/span><\/p>\n<p style=\"text-align: center;\"><span style=\"color: #008000;\"><strong>*<\/strong><\/span><\/p>\n<p><strong>Szeptember 26-\u00e1n<\/strong>, cs\u00fct\u00f6rt\u00f6k\u00f6n, <strong><em>Weingarteni d\u00e9lut\u00e1n<\/em><\/strong>, a <em>14 Nothelfer Kapelle<\/em>-ben 18.00 \u00f3rakor <em>szentmise<\/em>, el\u0151tte <em>r\u00f3zsaf\u00fcz\u00e9rt im\u00e1dkozunk<\/em>. Szentmise keret\u00e9ben <em>katek\u00e9zis.<\/em><\/p>\n<p style=\"text-align: center;\"><span style=\"color: #008000;\"><strong>*<\/strong><\/span><\/p>\n<p><strong>Szeptember 27-\u00e9n<\/strong>, p\u00e9nteken<em>,\u00a0<strong>Stuttgarti d\u00e9lut\u00e1n<\/strong><\/em><em>,<\/em><\/p>\n<p>18.00 \u00f3rakor <em>szentmise,\u00a0<\/em><\/p>\n<p><em>19.00 \u00f3rakor <\/em><em><strong>Bar\u00e1ts\u00e1gklub<\/strong><\/em><em><strong>.<\/strong><\/em><\/p>\n<p><a href=\"https:\/\/stuttgarti-katolikusok.de\/wp-content\/uploads\/2024\/09\/2024-szeptember.jpg\"><img loading=\"lazy\" decoding=\"async\" class=\"alignnone size-full wp-image-29389\" src=\"https:\/\/stuttgarti-katolikusok.de\/wp-content\/uploads\/2024\/09\/2024-szeptember.jpg\" alt=\"\" width=\"2339\" height=\"1654\" srcset=\"https:\/\/stuttgarti-katolikusok.de\/wp-content\/uploads\/2024\/09\/2024-szeptember.jpg 2339w, https:\/\/stuttgarti-katolikusok.de\/wp-content\/uploads\/2024\/09\/2024-szeptember-300x212.jpg 300w, https:\/\/stuttgarti-katolikusok.de\/wp-content\/uploads\/2024\/09\/2024-szeptember-1024x724.jpg 1024w, https:\/\/stuttgarti-katolikusok.de\/wp-content\/uploads\/2024\/09\/2024-szeptember-1536x1086.jpg 1536w, https:\/\/stuttgarti-katolikusok.de\/wp-content\/uploads\/2024\/09\/2024-szeptember-2048x1448.jpg 2048w\" sizes=\"auto, (max-width: 2339px) 100vw, 2339px\" \/><\/a><\/p>\n<p style=\"text-align: center;\"><span style=\"color: #008000;\"><strong>\u00a0*<\/strong><\/span><\/p>\n<p><strong>Szeptember 28-\u00e1n<\/strong>, szombaton, <strong>Tuttlingenben<\/strong>, 16.00 \u00f3rakor <em>szentmise<\/em>, ut\u00e1na <em>agap\u00e9.<\/em><\/p>\n<p style=\"text-align: center;\"><span style=\"color: #008000;\"><strong>*<\/strong><\/span><\/p>\n<p><strong>Szeptember 29-\u00e9n<\/strong>,<strong><em> <span style=\"color: #008000;\">\u00c9vk\u00f6zi 26. vas\u00e1rnap<\/span><\/em><\/strong><em>,<\/em><\/p>\n<p><strong>Ludwigsburgban <\/strong>9.00 \u00f3rakor<em> szentmise, ut\u00e1na<\/em>\u00a0<em>agap\u00e9,<\/em><\/p>\n<p><strong>Reutlingenben <\/strong>16.30 \u00f3rakor<em> szentmise<\/em>, ut\u00e1na <em>agap\u00e9.<\/em><\/p>\n<p style=\"text-align: center;\"><span style=\"color: #008000;\"><strong>\u00a0*<\/strong><\/span><\/p>\n<p>Minden helyen mindenkit szeretettel v\u00e1r a k\u00f6z\u00f6ss\u00e9g \u00e9s Tibor atya!<\/p>\n<p style=\"text-align: center;\"><span style=\"color: #008000;\"><strong>*<\/strong><\/span><\/p>\n<p><span style=\"color: #008000;\">\u201eAz igazi szeretet ott kezd\u0151dik, ahol m\u00e1r nem v\u00e1rsz \u00e9rte viszonz\u00e1st\u201d<\/span><\/p>\n<p><em>(Antonie de Saint-Exup\u00e9ry)<\/em><\/p>\n<p style=\"text-align: center;\"><span style=\"color: #008000;\"><strong>*<\/strong><\/span><\/p>\n<p><strong> <a href=\"https:\/\/stuttgarti-katolikusok.de\/wp-content\/uploads\/2023\/09\/osz25.jpg\"><img loading=\"lazy\" decoding=\"async\" class=\"alignnone size-full wp-image-27227\" src=\"https:\/\/stuttgarti-katolikusok.de\/wp-content\/uploads\/2023\/09\/osz25.jpg\" alt=\"\" width=\"1074\" height=\"1219\" srcset=\"https:\/\/stuttgarti-katolikusok.de\/wp-content\/uploads\/2023\/09\/osz25.jpg 1074w, https:\/\/stuttgarti-katolikusok.de\/wp-content\/uploads\/2023\/09\/osz25-264x300.jpg 264w, https:\/\/stuttgarti-katolikusok.de\/wp-content\/uploads\/2023\/09\/osz25-902x1024.jpg 902w\" sizes=\"auto, (max-width: 1074px) 100vw, 1074px\" \/><\/a><\/strong><\/p>\n<p style=\"text-align: center;\"><span style=\"color: #008000;\"><strong>*<\/strong><\/span><\/p>\n<p><span style=\"color: #008000;\"><strong><em>Bens\u0151s\u00e9ges \u0151szi napokat, j\u00f3 munk\u00e1t, tartalmas besz\u00e9lget\u00e9seket \u00e9s \u00f6r\u00f6mteli tal\u00e1lkoz\u00e1sokat k\u00edv\u00e1nunk minden Kedves H\u00edv\u00fcnknek!<\/em><\/strong><\/span><\/p>\n<p><em>(K\u00e9pek forr\u00e1sa: Instagram)<\/em><\/p>\n","protected":false},"excerpt":{"rendered":"<p>Programel\u0151zetes * Szeptember 26-\u00e1n, cs\u00fct\u00f6rt\u00f6k\u00f6n, Weingarteni d\u00e9lut\u00e1n, a 14 Nothelfer Kapelle-ben 18.00 \u00f3rakor szentmise, el\u0151tte r\u00f3zsaf\u00fcz\u00e9rt im\u00e1dkozunk. Szentmise keret\u00e9ben katek\u00e9zis. * Szeptember 27-\u00e9n, p\u00e9nteken,\u00a0Stuttgarti d\u00e9lut\u00e1n, 18.00 \u00f3rakor szentmise,\u00a0 19.00 \u00f3rakor Bar\u00e1ts\u00e1gklub. \u00a0* Szeptember 28-\u00e1n, szombaton, Tuttlingenben, 16.00 \u00f3rakor szentmise, ut\u00e1na agap\u00e9. * Szeptember 29-\u00e9n, \u00c9vk\u00f6zi 26. vas\u00e1rnap, Ludwigsburgban 9.00 \u00f3rakor szentmise, ut\u00e1na\u00a0agap\u00e9, Reutlingenben 16.30 \u00f3rakor szentmise, ut\u00e1na agap\u00e9. \u00a0* Minden helyen mindenkit szeretettel v\u00e1r a k\u00f6z\u00f6ss\u00e9g \u00e9s Tibor atya! * \u201eAz igazi szeretet ott kezd\u0151dik, ahol m\u00e1r nem v\u00e1rsz \u00e9rte viszonz\u00e1st\u201d (Antonie de Saint-Exup\u00e9ry) * * Bens\u0151s\u00e9ges \u0151szi napokat, j\u00f3 munk\u00e1t, tartalmas besz\u00e9lget\u00e9seket \u00e9s \u00f6r\u00f6mteli tal\u00e1lkoz\u00e1sokat k\u00edv\u00e1nunk minden Kedves H\u00edv\u00fcnknek! (K\u00e9pek forr\u00e1sa: Instagram)<\/p>\n","protected":false},"author":3,"featured_media":29390,"comment_status":"closed","ping_status":"closed","sticky":false,"template":"","format":"standard","meta":{"footnotes":""},"categories":[37],"tags":[],"class_list":["post-29388","post","type-post","status-publish","format-standard","has-post-thumbnail","hentry","category-progamelozetes"],"yoast_head":"<!-- This site is optimized with the Yoast SEO plugin v27.3 - https:\/\/yoast.com\/product\/yoast-seo-wordpress\/ -->\n<title>2024. SZEPTEMBER 23 \u00c9S 29 K\u00d6Z\u00d6TT - Stuttgarti Katolikusok<\/title>\n<meta name=\"robots\" content=\"index, follow, max-snippet:-1, max-image-preview:large, max-video-preview:-1\" \/>\n<link rel=\"canonical\" href=\"https:\/\/stuttgarti-katolikusok.de\/index.php\/2024-szeptember-23-es-29-kozott\/\" \/>\n<meta property=\"og:locale\" content=\"hu_HU\" \/>\n<meta property=\"og:type\" content=\"article\" \/>\n<meta property=\"og:title\" content=\"2024. SZEPTEMBER 23 \u00c9S 29 K\u00d6Z\u00d6TT - Stuttgarti Katolikusok\" \/>\n<meta property=\"og:description\" content=\"Programel\u0151zetes * Szeptember 26-\u00e1n, cs\u00fct\u00f6rt\u00f6k\u00f6n, Weingarteni d\u00e9lut\u00e1n, a 14 Nothelfer Kapelle-ben 18.00 \u00f3rakor szentmise, el\u0151tte r\u00f3zsaf\u00fcz\u00e9rt im\u00e1dkozunk. Szentmise keret\u00e9ben katek\u00e9zis. * Szeptember 27-\u00e9n, p\u00e9nteken,\u00a0Stuttgarti d\u00e9lut\u00e1n, 18.00 \u00f3rakor szentmise,\u00a0 19.00 \u00f3rakor Bar\u00e1ts\u00e1gklub. \u00a0* Szeptember 28-\u00e1n, szombaton, Tuttlingenben, 16.00 \u00f3rakor szentmise, ut\u00e1na agap\u00e9. * Szeptember 29-\u00e9n, \u00c9vk\u00f6zi 26. vas\u00e1rnap, Ludwigsburgban 9.00 \u00f3rakor szentmise, ut\u00e1na\u00a0agap\u00e9, Reutlingenben 16.30 \u00f3rakor szentmise, ut\u00e1na agap\u00e9. \u00a0* Minden helyen mindenkit szeretettel v\u00e1r a k\u00f6z\u00f6ss\u00e9g \u00e9s Tibor atya! * \u201eAz igazi szeretet ott kezd\u0151dik, ahol m\u00e1r nem v\u00e1rsz \u00e9rte viszonz\u00e1st\u201d (Antonie de Saint-Exup\u00e9ry) * * Bens\u0151s\u00e9ges \u0151szi napokat, j\u00f3 munk\u00e1t, tartalmas besz\u00e9lget\u00e9seket \u00e9s \u00f6r\u00f6mteli tal\u00e1lkoz\u00e1sokat k\u00edv\u00e1nunk minden Kedves H\u00edv\u00fcnknek! (K\u00e9pek forr\u00e1sa: Instagram)\" \/>\n<meta property=\"og:url\" content=\"https:\/\/stuttgarti-katolikusok.de\/index.php\/2024-szeptember-23-es-29-kozott\/\" \/>\n<meta property=\"og:site_name\" content=\"Stuttgarti Katolikusok\" \/>\n<meta property=\"article:published_time\" content=\"2024-09-23T21:59:50+00:00\" \/>\n<meta property=\"article:modified_time\" content=\"2025-09-23T20:17:29+00:00\" \/>\n<meta property=\"og:image\" content=\"https:\/\/stuttgarti-katolikusok.de\/wp-content\/uploads\/2024\/09\/os31.jpg\" \/>\n\t<meta property=\"og:image:width\" content=\"1080\" \/>\n\t<meta property=\"og:image:height\" content=\"974\" \/>\n\t<meta property=\"og:image:type\" content=\"image\/jpeg\" \/>\n<meta name=\"author\" content=\"Tibor atya\" \/>\n<meta name=\"twitter:card\" content=\"summary_large_image\" \/>\n<meta name=\"twitter:label1\" content=\"Szerz\u0151:\" \/>\n\t<meta name=\"twitter:data1\" content=\"Tibor atya\" \/>\n\t<meta name=\"twitter:label2\" content=\"Becs\u00fclt olvas\u00e1si id\u0151\" \/>\n\t<meta name=\"twitter:data2\" content=\"2 perc\" \/>\n<script type=\"application\/ld+json\" class=\"yoast-schema-graph\">{\"@context\":\"https:\\\/\\\/schema.org\",\"@graph\":[{\"@type\":\"Article\",\"@id\":\"https:\\\/\\\/stuttgarti-katolikusok.de\\\/index.php\\\/2024-szeptember-23-es-29-kozott\\\/#article\",\"isPartOf\":{\"@id\":\"https:\\\/\\\/stuttgarti-katolikusok.de\\\/index.php\\\/2024-szeptember-23-es-29-kozott\\\/\"},\"author\":{\"name\":\"Tibor atya\",\"@id\":\"https:\\\/\\\/stuttgarti-katolikusok.de\\\/#\\\/schema\\\/person\\\/75908d6f8fdc03a57889d27209df7795\"},\"headline\":\"2024. SZEPTEMBER 23 \u00c9S 29 K\u00d6Z\u00d6TT\",\"datePublished\":\"2024-09-23T21:59:50+00:00\",\"dateModified\":\"2025-09-23T20:17:29+00:00\",\"mainEntityOfPage\":{\"@id\":\"https:\\\/\\\/stuttgarti-katolikusok.de\\\/index.php\\\/2024-szeptember-23-es-29-kozott\\\/\"},\"wordCount\":145,\"image\":{\"@id\":\"https:\\\/\\\/stuttgarti-katolikusok.de\\\/index.php\\\/2024-szeptember-23-es-29-kozott\\\/#primaryimage\"},\"thumbnailUrl\":\"https:\\\/\\\/stuttgarti-katolikusok.de\\\/wp-content\\\/uploads\\\/2024\\\/09\\\/os31.jpg\",\"articleSection\":[\"Progamel\u0151zetes\"],\"inLanguage\":\"hu\"},{\"@type\":\"WebPage\",\"@id\":\"https:\\\/\\\/stuttgarti-katolikusok.de\\\/index.php\\\/2024-szeptember-23-es-29-kozott\\\/\",\"url\":\"https:\\\/\\\/stuttgarti-katolikusok.de\\\/index.php\\\/2024-szeptember-23-es-29-kozott\\\/\",\"name\":\"2024. SZEPTEMBER 23 \u00c9S 29 K\u00d6Z\u00d6TT - Stuttgarti Katolikusok\",\"isPartOf\":{\"@id\":\"https:\\\/\\\/stuttgarti-katolikusok.de\\\/#website\"},\"primaryImageOfPage\":{\"@id\":\"https:\\\/\\\/stuttgarti-katolikusok.de\\\/index.php\\\/2024-szeptember-23-es-29-kozott\\\/#primaryimage\"},\"image\":{\"@id\":\"https:\\\/\\\/stuttgarti-katolikusok.de\\\/index.php\\\/2024-szeptember-23-es-29-kozott\\\/#primaryimage\"},\"thumbnailUrl\":\"https:\\\/\\\/stuttgarti-katolikusok.de\\\/wp-content\\\/uploads\\\/2024\\\/09\\\/os31.jpg\",\"datePublished\":\"2024-09-23T21:59:50+00:00\",\"dateModified\":\"2025-09-23T20:17:29+00:00\",\"author\":{\"@id\":\"https:\\\/\\\/stuttgarti-katolikusok.de\\\/#\\\/schema\\\/person\\\/75908d6f8fdc03a57889d27209df7795\"},\"breadcrumb\":{\"@id\":\"https:\\\/\\\/stuttgarti-katolikusok.de\\\/index.php\\\/2024-szeptember-23-es-29-kozott\\\/#breadcrumb\"},\"inLanguage\":\"hu\",\"potentialAction\":[{\"@type\":\"ReadAction\",\"target\":[\"https:\\\/\\\/stuttgarti-katolikusok.de\\\/index.php\\\/2024-szeptember-23-es-29-kozott\\\/\"]}]},{\"@type\":\"ImageObject\",\"inLanguage\":\"hu\",\"@id\":\"https:\\\/\\\/stuttgarti-katolikusok.de\\\/index.php\\\/2024-szeptember-23-es-29-kozott\\\/#primaryimage\",\"url\":\"https:\\\/\\\/stuttgarti-katolikusok.de\\\/wp-content\\\/uploads\\\/2024\\\/09\\\/os31.jpg\",\"contentUrl\":\"https:\\\/\\\/stuttgarti-katolikusok.de\\\/wp-content\\\/uploads\\\/2024\\\/09\\\/os31.jpg\",\"width\":1080,\"height\":974},{\"@type\":\"BreadcrumbList\",\"@id\":\"https:\\\/\\\/stuttgarti-katolikusok.de\\\/index.php\\\/2024-szeptember-23-es-29-kozott\\\/#breadcrumb\",\"itemListElement\":[{\"@type\":\"ListItem\",\"position\":1,\"name\":\"Kezd\u0151lap\",\"item\":\"https:\\\/\\\/stuttgarti-katolikusok.de\\\/\"},{\"@type\":\"ListItem\",\"position\":2,\"name\":\"2024. SZEPTEMBER 23 \u00c9S 29 K\u00d6Z\u00d6TT\"}]},{\"@type\":\"WebSite\",\"@id\":\"https:\\\/\\\/stuttgarti-katolikusok.de\\\/#website\",\"url\":\"https:\\\/\\\/stuttgarti-katolikusok.de\\\/\",\"name\":\"Stuttgarti Katolikusok\",\"description\":\"\",\"potentialAction\":[{\"@type\":\"SearchAction\",\"target\":{\"@type\":\"EntryPoint\",\"urlTemplate\":\"https:\\\/\\\/stuttgarti-katolikusok.de\\\/?s={search_term_string}\"},\"query-input\":{\"@type\":\"PropertyValueSpecification\",\"valueRequired\":true,\"valueName\":\"search_term_string\"}}],\"inLanguage\":\"hu\"},{\"@type\":\"Person\",\"@id\":\"https:\\\/\\\/stuttgarti-katolikusok.de\\\/#\\\/schema\\\/person\\\/75908d6f8fdc03a57889d27209df7795\",\"name\":\"Tibor atya\",\"image\":{\"@type\":\"ImageObject\",\"inLanguage\":\"hu\",\"@id\":\"https:\\\/\\\/secure.gravatar.com\\\/avatar\\\/61d268e57d1f4525b111222e29d2d5a7f8c420fdbf231ba5566a8ceac74fa960?s=96&d=mm&r=g\",\"url\":\"https:\\\/\\\/secure.gravatar.com\\\/avatar\\\/61d268e57d1f4525b111222e29d2d5a7f8c420fdbf231ba5566a8ceac74fa960?s=96&d=mm&r=g\",\"contentUrl\":\"https:\\\/\\\/secure.gravatar.com\\\/avatar\\\/61d268e57d1f4525b111222e29d2d5a7f8c420fdbf231ba5566a8ceac74fa960?s=96&d=mm&r=g\",\"caption\":\"Tibor atya\"},\"url\":\"https:\\\/\\\/stuttgarti-katolikusok.de\\\/index.php\\\/author\\\/tibor-atya\\\/\"}]}<\/script>\n<!-- \/ Yoast SEO plugin. -->","yoast_head_json":{"title":"2024. SZEPTEMBER 23 \u00c9S 29 K\u00d6Z\u00d6TT - Stuttgarti Katolikusok","robots":{"index":"index","follow":"follow","max-snippet":"max-snippet:-1","max-image-preview":"max-image-preview:large","max-video-preview":"max-video-preview:-1"},"canonical":"https:\/\/stuttgarti-katolikusok.de\/index.php\/2024-szeptember-23-es-29-kozott\/","og_locale":"hu_HU","og_type":"article","og_title":"2024. SZEPTEMBER 23 \u00c9S 29 K\u00d6Z\u00d6TT - Stuttgarti Katolikusok","og_description":"Programel\u0151zetes * Szeptember 26-\u00e1n, cs\u00fct\u00f6rt\u00f6k\u00f6n, Weingarteni d\u00e9lut\u00e1n, a 14 Nothelfer Kapelle-ben 18.00 \u00f3rakor szentmise, el\u0151tte r\u00f3zsaf\u00fcz\u00e9rt im\u00e1dkozunk. Szentmise keret\u00e9ben katek\u00e9zis. * Szeptember 27-\u00e9n, p\u00e9nteken,\u00a0Stuttgarti d\u00e9lut\u00e1n, 18.00 \u00f3rakor szentmise,\u00a0 19.00 \u00f3rakor Bar\u00e1ts\u00e1gklub. \u00a0* Szeptember 28-\u00e1n, szombaton, Tuttlingenben, 16.00 \u00f3rakor szentmise, ut\u00e1na agap\u00e9. * Szeptember 29-\u00e9n, \u00c9vk\u00f6zi 26. vas\u00e1rnap, Ludwigsburgban 9.00 \u00f3rakor szentmise, ut\u00e1na\u00a0agap\u00e9, Reutlingenben 16.30 \u00f3rakor szentmise, ut\u00e1na agap\u00e9. \u00a0* Minden helyen mindenkit szeretettel v\u00e1r a k\u00f6z\u00f6ss\u00e9g \u00e9s Tibor atya! * \u201eAz igazi szeretet ott kezd\u0151dik, ahol m\u00e1r nem v\u00e1rsz \u00e9rte viszonz\u00e1st\u201d (Antonie de Saint-Exup\u00e9ry) * * Bens\u0151s\u00e9ges \u0151szi napokat, j\u00f3 munk\u00e1t, tartalmas besz\u00e9lget\u00e9seket \u00e9s \u00f6r\u00f6mteli tal\u00e1lkoz\u00e1sokat k\u00edv\u00e1nunk minden Kedves H\u00edv\u00fcnknek! (K\u00e9pek forr\u00e1sa: Instagram)","og_url":"https:\/\/stuttgarti-katolikusok.de\/index.php\/2024-szeptember-23-es-29-kozott\/","og_site_name":"Stuttgarti Katolikusok","article_published_time":"2024-09-23T21:59:50+00:00","article_modified_time":"2025-09-23T20:17:29+00:00","og_image":[{"width":1080,"height":974,"url":"https:\/\/stuttgarti-katolikusok.de\/wp-content\/uploads\/2024\/09\/os31.jpg","type":"image\/jpeg"}],"author":"Tibor atya","twitter_card":"summary_large_image","twitter_misc":{"Szerz\u0151:":"Tibor atya","Becs\u00fclt olvas\u00e1si id\u0151":"2 perc"},"schema":{"@context":"https:\/\/schema.org","@graph":[{"@type":"Article","@id":"https:\/\/stuttgarti-katolikusok.de\/index.php\/2024-szeptember-23-es-29-kozott\/#article","isPartOf":{"@id":"https:\/\/stuttgarti-katolikusok.de\/index.php\/2024-szeptember-23-es-29-kozott\/"},"author":{"name":"Tibor atya","@id":"https:\/\/stuttgarti-katolikusok.de\/#\/schema\/person\/75908d6f8fdc03a57889d27209df7795"},"headline":"2024. SZEPTEMBER 23 \u00c9S 29 K\u00d6Z\u00d6TT","datePublished":"2024-09-23T21:59:50+00:00","dateModified":"2025-09-23T20:17:29+00:00","mainEntityOfPage":{"@id":"https:\/\/stuttgarti-katolikusok.de\/index.php\/2024-szeptember-23-es-29-kozott\/"},"wordCount":145,"image":{"@id":"https:\/\/stuttgarti-katolikusok.de\/index.php\/2024-szeptember-23-es-29-kozott\/#primaryimage"},"thumbnailUrl":"https:\/\/stuttgarti-katolikusok.de\/wp-content\/uploads\/2024\/09\/os31.jpg","articleSection":["Progamel\u0151zetes"],"inLanguage":"hu"},{"@type":"WebPage","@id":"https:\/\/stuttgarti-katolikusok.de\/index.php\/2024-szeptember-23-es-29-kozott\/","url":"https:\/\/stuttgarti-katolikusok.de\/index.php\/2024-szeptember-23-es-29-kozott\/","name":"2024. SZEPTEMBER 23 \u00c9S 29 K\u00d6Z\u00d6TT - Stuttgarti Katolikusok","isPartOf":{"@id":"https:\/\/stuttgarti-katolikusok.de\/#website"},"primaryImageOfPage":{"@id":"https:\/\/stuttgarti-katolikusok.de\/index.php\/2024-szeptember-23-es-29-kozott\/#primaryimage"},"image":{"@id":"https:\/\/stuttgarti-katolikusok.de\/index.php\/2024-szeptember-23-es-29-kozott\/#primaryimage"},"thumbnailUrl":"https:\/\/stuttgarti-katolikusok.de\/wp-content\/uploads\/2024\/09\/os31.jpg","datePublished":"2024-09-23T21:59:50+00:00","dateModified":"2025-09-23T20:17:29+00:00","author":{"@id":"https:\/\/stuttgarti-katolikusok.de\/#\/schema\/person\/75908d6f8fdc03a57889d27209df7795"},"breadcrumb":{"@id":"https:\/\/stuttgarti-katolikusok.de\/index.php\/2024-szeptember-23-es-29-kozott\/#breadcrumb"},"inLanguage":"hu","potentialAction":[{"@type":"ReadAction","target":["https:\/\/stuttgarti-katolikusok.de\/index.php\/2024-szeptember-23-es-29-kozott\/"]}]},{"@type":"ImageObject","inLanguage":"hu","@id":"https:\/\/stuttgarti-katolikusok.de\/index.php\/2024-szeptember-23-es-29-kozott\/#primaryimage","url":"https:\/\/stuttgarti-katolikusok.de\/wp-content\/uploads\/2024\/09\/os31.jpg","contentUrl":"https:\/\/stuttgarti-katolikusok.de\/wp-content\/uploads\/2024\/09\/os31.jpg","width":1080,"height":974},{"@type":"BreadcrumbList","@id":"https:\/\/stuttgarti-katolikusok.de\/index.php\/2024-szeptember-23-es-29-kozott\/#breadcrumb","itemListElement":[{"@type":"ListItem","position":1,"name":"Kezd\u0151lap","item":"https:\/\/stuttgarti-katolikusok.de\/"},{"@type":"ListItem","position":2,"name":"2024. SZEPTEMBER 23 \u00c9S 29 K\u00d6Z\u00d6TT"}]},{"@type":"WebSite","@id":"https:\/\/stuttgarti-katolikusok.de\/#website","url":"https:\/\/stuttgarti-katolikusok.de\/","name":"Stuttgarti Katolikusok","description":"","potentialAction":[{"@type":"SearchAction","target":{"@type":"EntryPoint","urlTemplate":"https:\/\/stuttgarti-katolikusok.de\/?s={search_term_string}"},"query-input":{"@type":"PropertyValueSpecification","valueRequired":true,"valueName":"search_term_string"}}],"inLanguage":"hu"},{"@type":"Person","@id":"https:\/\/stuttgarti-katolikusok.de\/#\/schema\/person\/75908d6f8fdc03a57889d27209df7795","name":"Tibor atya","image":{"@type":"ImageObject","inLanguage":"hu","@id":"https:\/\/secure.gravatar.com\/avatar\/61d268e57d1f4525b111222e29d2d5a7f8c420fdbf231ba5566a8ceac74fa960?s=96&d=mm&r=g","url":"https:\/\/secure.gravatar.com\/avatar\/61d268e57d1f4525b111222e29d2d5a7f8c420fdbf231ba5566a8ceac74fa960?s=96&d=mm&r=g","contentUrl":"https:\/\/secure.gravatar.com\/avatar\/61d268e57d1f4525b111222e29d2d5a7f8c420fdbf231ba5566a8ceac74fa960?s=96&d=mm&r=g","caption":"Tibor atya"},"url":"https:\/\/stuttgarti-katolikusok.de\/index.php\/author\/tibor-atya\/"}]}},"_links":{"self":[{"href":"https:\/\/stuttgarti-katolikusok.de\/index.php\/wp-json\/wp\/v2\/posts\/29388","targetHints":{"allow":["GET"]}}],"collection":[{"href":"https:\/\/stuttgarti-katolikusok.de\/index.php\/wp-json\/wp\/v2\/posts"}],"about":[{"href":"https:\/\/stuttgarti-katolikusok.de\/index.php\/wp-json\/wp\/v2\/types\/post"}],"author":[{"embeddable":true,"href":"https:\/\/stuttgarti-katolikusok.de\/index.php\/wp-json\/wp\/v2\/users\/3"}],"replies":[{"embeddable":true,"href":"https:\/\/stuttgarti-katolikusok.de\/index.php\/wp-json\/wp\/v2\/comments?post=29388"}],"version-history":[{"count":6,"href":"https:\/\/stuttgarti-katolikusok.de\/index.php\/wp-json\/wp\/v2\/posts\/29388\/revisions"}],"predecessor-version":[{"id":31714,"href":"https:\/\/stuttgarti-katolikusok.de\/index.php\/wp-json\/wp\/v2\/posts\/29388\/revisions\/31714"}],"wp:featuredmedia":[{"embeddable":true,"href":"https:\/\/stuttgarti-katolikusok.de\/index.php\/wp-json\/wp\/v2\/media\/29390"}],"wp:attachment":[{"href":"https:\/\/stuttgarti-katolikusok.de\/index.php\/wp-json\/wp\/v2\/media?parent=29388"}],"wp:term":[{"taxonomy":"category","embeddable":true,"href":"https:\/\/stuttgarti-katolikusok.de\/index.php\/wp-json\/wp\/v2\/categories?post=29388"},{"taxonomy":"post_tag","embeddable":true,"href":"https:\/\/stuttgarti-katolikusok.de\/index.php\/wp-json\/wp\/v2\/tags?post=29388"}],"curies":[{"name":"wp","href":"https:\/\/api.w.org\/{rel}","templated":true}]}}