{"id":29380,"date":"2024-09-21T08:15:32","date_gmt":"2024-09-21T06:15:32","guid":{"rendered":"https:\/\/stuttgarti-katolikusok.de\/?p=29380"},"modified":"2024-09-21T08:27:41","modified_gmt":"2024-09-21T06:27:41","slug":"evkozi-25-vasarnap-2","status":"publish","type":"post","link":"https:\/\/stuttgarti-katolikusok.de\/index.php\/evkozi-25-vasarnap-2\/","title":{"rendered":"\u00c9vk\u00f6zi 25. vas\u00e1rnap"},"content":{"rendered":"<p><span style=\"color: #ff6600;\"><em>A kereszt\u00e9ny ember f\u00f6ldi \u00e9let\u00e9nek v\u00e9gs\u0151 c\u00e9lja az \u00fcdv\u00f6ss\u00e9g elnyer\u00e9se. Ez az \u00f6r\u00f6k \u00e9let, amelyre f\u00f6ldi \u00e9let\u00fcnkkel tessz\u00fck magunkat \u00e9rdemess\u00e9. Legbiztosabb eszk\u00f6z\u00fcnk pedig ennek elnyer\u00e9s\u00e9hez az isten- \u00e9s emberszeretet parancsa \u00e9s annak megtart\u00e1sa, ahogyan k\u00f6ny\u00f6rg\u00e9s\u00fcnk is fogalmaz. Ezen parancsokat megtartva jutunk el az \u00f6r\u00f6k \u00e9letre.<\/em><\/span><\/p>\n<p><span style=\"color: #ff6600;\"><em>Az olvasm\u00e1ny \u00fczenete a B\u00f6lcsess\u00e9g k\u00f6nyv\u00e9b\u0151l egyfajta biztat\u00e1s \u00e9s b\u00e1tor\u00edt\u00e1s is egyben. Amint akkor, \u00fagy ma is provok\u00e1ci\u00f3k sokas\u00e1g\u00e1val kell szemben\u00e9zn\u00fcnk. Hinnem kell abban, hogy ezen provok\u00e1ci\u00f3k csup\u00e1n lehet\u0151s\u00e9get k\u00edn\u00e1lnak abban, hogy megmutathassam elk\u00f6telezetts\u00e9gemet a felismert \u00e9s elfogadott kereszt\u00e9ny \u00e9rt\u00e9kek ir\u00e1nt. Val\u00f3ban nem egyszer\u0171 feladat, olykor pedig komoly kih\u00edv\u00e1s. \u00c9ppen egy konferenci\u00e1n veszek r\u00e9szt, amelyen a diaszp\u00f3r\u00e1ban \u00e9l\u0151 k\u00f6z\u00f6ss\u00e9gek k\u00e9pvisel\u0151i sz\u00e1molnak be egy\u00e9ni tapasztalataikr\u00f3l. Arr\u00f3l, ahogyan magyark\u00e9nt \u00e9s kereszt\u00e9nyk\u00e9nt meg\u00e9lik nemzeti identit\u00e1sukat \u00e9s hit\u00fcket. A p\u00e9nteki nap r\u00e1hangol\u00f3 &#8222;j\u00e1t\u00e9ka&#8221; egy nagyon \u00e9rdekes feladat volt. Egyfajta virtu\u00e1lis id\u0151vonalon kerest\u00fck meg a magunk \u00e1ltal k\u00e9pviselt k\u00f6z\u00f6ss\u00e9g hely\u00e9t. K\u00fcl\u00f6n\u00f6s \u00e9rz\u00e9s ker\u00edtett hatalm\u00e1ba. \u00d6r\u00f6mteli \u00e9rz\u00e9s volt &#8222;l\u00e1tni&#8221; k\u00f6z\u00f6ss\u00e9g\u00fcnket ezen az id\u0151vonalon. Ak\u00e1r egy pillanatfelv\u00e9tel, amelybe mintegy beles\u0171r\u0171s\u00f6dik 77 \u00e9ves k\u00f6z\u00f6s m\u00faltunk minden \u00f6r\u00f6me \u00e9s f\u00e1jdalma, kih\u00edv\u00e1sa. H\u00e1la \u00e9s k\u00f6sz\u00f6net az el\u0151d\u00f6k hit\u00e9\u00e9rt, a megtett \u00fat\u00e9rt, a helyt\u00e1ll\u00e1s\u00e9rt.<\/em><\/span><\/p>\n<p><span style=\"color: #ff6600;\"><em>A v\u00e1laszos zsolt\u00e1r ism\u00e9tl\u0151d\u0151 v\u00e1lasza egyben meger\u0151s\u00edt\u00e9s is: &#8221; Isten megseg\u00edt engem,\u00a0 az \u00dar oltalmaz\u00f3ja \u00e9letemnek.&#8221; Alapvet\u0151en ebb\u0151l tudunk rem\u00e9nyt \u00e9s\u00a0 er\u0151t mer\u00edteni.\u00a0<\/em><\/span><\/p>\n<p><span style=\"color: #ff6600;\"><em>A szentleck\u00e9ben Jakab apostol a sz\u00edv tisztas\u00e1g\u00e1nak fontoss\u00e1g\u00e1t emeli ki. Akinek sz\u00edve tiszta, ott nincs helye irigys\u00e9gnek \u00e9s \u00f6nz\u00e9snek, amely meleg\u00e1gya az emberi hitv\u00e1nys\u00e1gnak. \u00c9rdemes a &#8222;hitv\u00e1nys\u00e1g&#8221; kifejez\u00e9snek etimol\u00f3giai \u00e9rtelmez\u00e9s\u00e9t megn\u00e9zni: \u00a0erk\u00f6lcsi \u00e9rt\u00e9ktelens\u00e9g, al\u00e1val\u00f3s\u00e1g, aljas viselked\u00e9s, magatart\u00e1s, cselekedet. Jakab apostol ezzel az emberi magatart\u00e1ssal mintegy szembe \u00e1ll\u00edtja azt, aki sz\u00edv\u00e9ben utat \u00e9s teret nyit az Istent\u0151l \u00e9rkez\u0151 b\u00f6lcsess\u00e9g sz\u00e1m\u00e1ra. Csakis ez gy\u0151zedelmeskedhet a hitv\u00e1nys\u00e1g vez\u00e9relte, gonoszs\u00e1g \u00e9s gy\u0171l\u00f6let t\u00e1pl\u00e1lta emberi &#8222;j\u00e1tszm\u00e1kon&#8221;.\u00a0<\/em><\/span><\/p>\n<p><span style=\"color: #ff6600;\"><em>\u201eMir\u0151l vitatkoztatok az \u00faton?\u201d &#8211; k\u00e9rdezi J\u00e9zus tan\u00edtv\u00e1nyait?\u00a0 V\u00e1lasz ugyan nem \u00e9rkezik, de a tan\u00edtv\u00e1nyok hallgat\u00e1sa sokatmond\u00f3. Ugyanis a minden embert \u00e9rint\u0151 egyik, ha nem a legnagyobb, k\u00eds\u00e9rt\u00e9s\u00e9r\u0151l, a hatalom v\u00e1gy\u00e1r\u00f3l vit\u00e1ztak. Ki a nagyobb? &#8211; \u00f6r\u00f6k\u00f6s k\u00e9rd\u00e9se. Ennek a v\u00e1gynak\u00a0 kiel\u00e9g\u00edt\u00e9se szorosan \u00e9s m\u00e9lyen \u00f6sszef\u00fcgg emberi hitv\u00e1nys\u00e1gunk k\u00e9rd\u00e9s\u00e9vel. Az els\u0151s\u00e9gre \u00e9s hatalomra t\u00f6rekv\u0151 ember ugyanis g\u00e1tl\u00e1stalan, nincs eg\u00e9szs\u00e9ges erk\u00f6lcsi \u00e9rz\u00e9ke. Olyan tulajdons\u00e1gokkal ruh\u00e1zza fel mag\u00e1t, amelyekkel nem rendelkezik. Ahelyett azonban, hogy m\u00e1sokra mutatn\u00e1nk, sokkal ink\u00e1bb magunkba kell tekinten\u00fcnk. <\/em><\/span><\/p>\n<p><span style=\"color: #ff6600;\"><em>Am\u00fagy pedig megsz\u00edvlelend\u0151 J\u00e9zus v\u00e1lasza: \u201eHa valaki els\u0151 akar lenni, legyen mindenki k\u00f6z\u00f6tt az utols\u00f3, \u00e9s mindenkinek a szolg\u00e1ja.\u201d A tan\u00edtv\u00e1nyok sz\u00e1m\u00e1ra nehezen \u00e9rtelmezhet\u0151 v\u00e1laszt J\u00e9zus egy gy\u00f6ny\u00f6r\u0171 k\u00e9ppel is szeml\u00e9lteti: egy kisgyermeket \u00e1ll\u00edt k\u00f6z\u00e9j\u00fck. Sz\u00e1momra ez a k\u00e9p \u00e9s annak \u00fczenete egy\u00e9rtelm\u0171: amennyiben le akarom gy\u0151zni a bennem \u00e9s velem \u00e9l\u0151 egyik legnagyobb k\u00eds\u00e9rt\u00e9semet, f\u00e9ktelen hatalmi v\u00e1gyam ki\u00e9l\u00e9s\u00e9t, \u00fagy ism\u00e9telten fel r\u00e1 kell tal\u00e1lnom a bennem \u00e9l\u0151 egykori gyermek\u00e9nemre. Arra, akiben m\u00e9g mindig \u0151szinte, ny\u00edlt, bizalmat ig\u00e9nyl\u0151 \u00e9rz\u00e9sek \u00e9lnek. Aki nem j\u00e1tssza meg mag\u00e1t, s ez\u00e9rt t\u00e1vol is \u00e1ll t\u0151le minden emberi hitv\u00e1nys\u00e1g.<\/em><\/span><\/p>\n<p>N\u00e9pem \u00fcdv\u00f6ss\u00e9ge \u00e9n vagyok &#8211; mondja az \u00dar. B\u00e1rmilyen nyomor\u00fas\u00e1gb\u00f3l ki\u00e1ltsanak is hozz\u00e1m, meghallgatom \u0151ket, \u00e9s Uruk leszek mind\u00f6r\u00f6kre.<\/p>\n<p><span style=\"color: #008000;\">K\u00f6ny\u00f6rg\u00e9s:<\/span><br \/>\nIsten\u00fcnk, te szent t\u00f6rv\u00e9nyedet az isten- \u00e9s emberszeretet parancs\u00e1ban foglaltad \u00f6ssze. Add, hogy parancsaidat megtartva eljussunk az \u00f6r\u00f6k \u00e9letre. A mi Urunk, J\u00e9zus Krisztus, a te Fiad \u00e1ltal, aki veled \u00e9l \u00e9s uralkodik a Szentl\u00e9lekkel egys\u00e9gben, Isten mind\u00f6r\u00f6kk\u00f6n \u00f6r\u00f6kk\u00e9.<\/p>\n<p align=\"justify\"><span style=\"color: #008000;\">OLVASM\u00c1NY a B\u00f6lcsess\u00e9g k\u00f6nyv\u00e9b\u0151l (B\u00f6lcs 2,12.17-20)<\/span><br \/>\nA gonoszok \u00edgy besz\u00e9lnek az igaz emberr\u0151l: \u201eL\u00e1ssuk h\u00e1t, igazak e besz\u00e9dei. Figyelj\u00fck meg, mi v\u00e9gre jut! Mert ha az igaz az Isten gyermeke, akkor az Isten az \u0151 p\u00e1rtj\u00e1ra kel, \u00e9s kiszabad\u00edtja ellens\u00e9gei kez\u00e9b\u0151l. Tegy\u00fck pr\u00f3b\u00e1ra, g\u00fanyoljuk \u00e9s b\u00e1ntalmazzuk \u0151t, hogy megismerj\u00fck szel\u00edds\u00e9g\u00e9t \u00e9s kipr\u00f3b\u00e1ljuk t\u00fcrelm\u00e9t! \u00cdt\u00e9lj\u00fck gyal\u00e1zatos hal\u00e1lra, hiszen azt mondta: \u0151 Isten oltalm\u00e1ban r\u00e9szes\u00fcl!\u201d<br \/>\nEz az Isten ig\u00e9je.<\/p>\n<p align=\"justify\"><span style=\"color: #008000;\">V\u00c1LASZOS ZSOLT\u00c1R (Zsolt 53,3-4.5.6.8)<\/span><br \/>\nV\u00e1lasz:\u00a0<strong>Isten megseg\u00edt\u00a0<u>en<\/u>gem, * az \u00dar oltalmaz\u00f3ja\u00a0<u>\u00e9<\/u>letemnek.<\/strong>\u00a0(5. t\u00f3nus.)<br \/>\nEl\u0151\u00e9nekes: Istenem, szent neved\u00e9rt v\u00e9dj meg\u00a0<u>en<\/u>gem, * szolg\u00e1ltass nekem igazs\u00e1got\u00a0<u>ha<\/u>talmaddal.<br \/>\nHalld meg k\u00f6ny\u00f6rg\u00e9semet,\u00a0<u>Is<\/u>tenem, * hajl\u00edtsd f\u00fcledet\u00a0<u>aj<\/u>kam szav\u00e1ra.<br \/>\nH\u00edvek:\u00a0<strong>Isten megseg\u00edt\u00a0<u>en<\/u>gem, * az \u00dar oltalmaz\u00f3ja\u00a0<u>\u00e9<\/u>letemnek.<\/strong><br \/>\nE: Mert idegenek keltek f\u00f6l el<u>le<\/u>nem, \u2020 a hatalmasok \u00e9letemre\u00a0<u>t\u00f6r<\/u>tek, \u00e9s nem tartott\u00e1k Istent\u00a0<u>sze<\/u>m\u00fck el\u0151tt.<br \/>\nH:\u00a0<strong>Isten megseg\u00edt\u00a0<u>en<\/u>gem, * az \u00dar oltalmaz\u00f3ja\u00a0<u>\u00e9<\/u>letemnek.<\/strong><br \/>\nE: De \u00edme, Isten megseg\u00edt\u00a0<u>en<\/u>gem, * az \u00dar oltalmaz\u00f3ja\u00a0<u>\u00e9<\/u>letemnek.<br \/>\n\u00c1ldozatomat sz\u00edvesen\u00a0<u>meg<\/u>hozom, * magasztalom nevedet,\u00a0<u>U<\/u>ram, mert j\u00f3 vagy.<br \/>\nH:\u00a0<strong>Isten megseg\u00edt\u00a0<u>en<\/u>gem, * az \u00dar oltalmaz\u00f3ja\u00a0<u>\u00e9<\/u>letemnek.<\/strong><\/p>\n<p align=\"justify\"><span style=\"color: #008000;\">SZENTLECKE Szent Jakab level\u00e9b\u0151l (Jak 3,16\u20134,3)<\/span><br \/>\nSzeretteim!<br \/>\nAhol irigys\u00e9g \u00e9s \u00f6nz\u00e9s honol, ott z\u0171rzavar van \u00e9s mindenf\u00e9le hitv\u00e1nys\u00e1g. A fel\u00fclr\u0151l sz\u00e1rmaz\u00f3 b\u00f6lcsess\u00e9g el\u0151sz\u00f6r is tiszta, azt\u00e1n b\u00e9keszeret\u0151, m\u00e9lt\u00e1nyos, enged\u00e9keny, irgalom t\u00f6lti el \u00e9s gazdag term\u00e9st hoz, nem r\u00e9szrehajl\u00f3, nem k\u00e9pmutat\u00f3. Az igazs\u00e1g gy\u00fcm\u00f6lcs\u00e9t b\u00e9k\u00e9ben vetik el azok sz\u00e1m\u00e1ra, akik b\u00e9k\u00e9t teremtenek. Honnan vannak h\u00e1bor\u00fas\u00e1gok \u00e9s veszeked\u00e9sek k\u00f6ztetek? Nemde onn\u00e9t, hogy b\u0171n\u00f6s v\u00e1gyak igyekeznek uralomra jutni tagjaitokban? K\u00edv\u00e1ntok valamit, \u00e9s nincs benne r\u00e9szetek. \u00d6lt\u00f6k \u00e9s irigykedtek, de semmit sem tudtok el\u00e9rni. Harcoltok \u00e9s h\u00e1bor\u00faskodtok, de nincs semmitek, mert nem k\u00e9rtek. K\u00e9rtek ugyan, de nem kapj\u00e1tok meg, mert rossz sz\u00e1nd\u00e9kkal k\u00e9ritek, az\u00e9rt, hogy b\u0171n\u00f6s v\u00e1gyatokban elpazarolj\u00e1tok.<br \/>\nEz az Isten ig\u00e9je.<\/p>\n<p align=\"justify\"><span style=\"color: #008000;\">ALLELUJA<\/span><br \/>\nAz evang\u00e9liumban Isten megh\u00edvott minket, * hogy Urunk J\u00e9zus Krisztus dics\u0151s\u00e9g\u00e9b\u0151l r\u00e9szt adjon n\u00e9k\u00fcnk. (2Tessz 2,14 \u2013 6. t\u00f3nus.)<\/p>\n<p align=\"justify\"><span style=\"color: #008000;\">\u2020 EVANG\u00c9LIUM Szent M\u00e1rk k\u00f6nyv\u00e9b\u0151l (Mk 9,30-37)<\/span><br \/>\nAbban az id\u0151ben J\u00e9zus \u00e9s tan\u00edtv\u00e1nyai \u00e1tmentek Galile\u00e1n. De J\u00e9zus nem akarta, hogy valaki megtudja ezt, mert a tan\u00edtv\u00e1nyait k\u00e9sz\u00fclt oktatni. Ezt mondta nekik: \u201eAz Emberfi\u00e1t az emberek kez\u00e9re adj\u00e1k, meg\u00f6lik, de miut\u00e1n meg\u00f6lt\u00e9k, harmadnapra felt\u00e1mad.\u201d \u0150k nem \u00e9rtett\u00e9k ezeket a szavakat, de f\u00e9ltek megk\u00e9rdezni.<br \/>\nEzut\u00e1n Kafarnaumba \u00e9rtek. Amikor m\u00e1r otthon voltak, J\u00e9zus megk\u00e9rdezte t\u0151l\u00fck: \u201eMir\u0151l vitatkoztatok az \u00faton?\u201d Tan\u00edtv\u00e1nyai azonban hallgattak, mert az \u00faton egym\u00e1s k\u00f6zt arr\u00f3l tanakodtak, hogy ki a nagyobb k\u00f6z\u00fcl\u00fck. Le\u00fclt, odah\u00edvta a tizenkett\u0151t, \u00e9s \u00edgy sz\u00f3lt: \u201eHa valaki els\u0151 akar lenni, legyen mindenki k\u00f6z\u00f6tt az utols\u00f3, \u00e9s mindenkinek a szolg\u00e1ja.\u201d Azt\u00e1n odah\u00edvott egy kisgyermeket, k\u00f6z\u00e9j\u00fck \u00e1ll\u00edtotta, majd mag\u00e1hoz \u00f6lelte, \u00e9s ezt mondta nekik: \u201eAki befogad egy ilyen gyermeket az \u00e9n nevemben, engem fogad be. Aki pedig engem befogad, nem engem fogad be, hanem azt, aki k\u00fcld\u00f6tt engem.\u201d<br \/>\nEzek az evang\u00e9lium ig\u00e9i.<\/p>\n<p><span style=\"color: #008000;\">EGYETEMES K\u00d6NY\u00d6RG\u00c9SEK<\/span><br \/>\nPap: Im\u00e1dkozzunk, testv\u00e9reim, hogy szel\u00edds\u00e9g \u00e9s al\u00e1zatoss\u00e1g lakj\u00e9k sz\u00edv\u00fcnkben!<br \/>\nLektor:<br \/>\n1. Add, Urunk, hogy Egyh\u00e1zad p\u00e1sztorai a szel\u00edd \u00e9s al\u00e1zatos sz\u00edv\u0171 J\u00e9zus p\u00e9ld\u00e1j\u00e1t k\u00f6vess\u00e9k!<br \/>\nH\u00edvek: K\u00e9r\u00fcnk t\u00e9ged, hallgass meg minket!<br \/>\n2. T\u00e1voztass el a nemzetek k\u00f6r\u00e9b\u0151l minden ellens\u00e9gesked\u00e9st \u00e9s k\u00edm\u00e9letlen verseng\u00e9st!<br \/>\nH\u00edvek: K\u00e9r\u00fcnk t\u00e9ged . . .<br \/>\n3. Sz\u00fcntesd meg h\u00edveid k\u00f6r\u00e9ben az irigys\u00e9get \u00e9s az \u00f6nz\u00e9st!<br \/>\nH\u00edvek: K\u00e9r\u00fcnk t\u00e9ged . . .<br \/>\n4. Add, hogy csal\u00e1djaink szeretettel fogadj\u00e1k el a gyermekeket, \u00e9s kereszt\u00e9ny b\u00f6lcsess\u00e9ggel nevelj\u00e9k \u0151ket!<br \/>\nH\u00edvek: K\u00e9r\u00fcnk t\u00e9ged . . .<br \/>\n5. Add meg, k\u00e9r\u00fcnk, sokat szenvedett h\u00edveidnek b\u00e9ket\u0171r\u00e9s\u00fck jutalm\u00e1ul az \u00f6r\u00f6k boldogs\u00e1got!<br \/>\nH\u00edvek: K\u00e9r\u00fcnk t\u00e9ged . . .<br \/>\nPap: Mennyei Aty\u00e1nk! Te a mindennapi \u00e9let megpr\u00f3b\u00e1ltat\u00e1saival is nevelsz benn\u00fcnket. Add, hogy ezeket szel\u00edd t\u00fcrelemmel v\u00e1llaljuk, \u00e9s \u00edgy k\u00f6vess\u00fck Fiad p\u00e9ld\u00e1j\u00e1t! Aki \u00e9l \u00e9s uralkodik mind\u00f6r\u00f6kk\u00f6n-\u00f6r\u00f6kk\u00e9.<br \/>\nH\u00edvek: \u00c1men.<\/p>\n<p><span style=\"color: #008000;\">Felaj\u00e1nl\u00f3 k\u00f6ny\u00f6rg\u00e9s:<\/span><br \/>\nIsten\u00fcnk, fogadd kegyesen n\u00e9ped adom\u00e1nyait, hogy az \u00fcdv\u00f6ss\u00e9get, amelyet buzg\u00f3 hittel vallunk, a szent \u00e1ldozat erej\u00e9b\u0151l elnyerj\u00fck. Krisztus, a mi Urunk \u00e1ltal.<\/p>\n<p>&nbsp;<\/p>\n<p><span style=\"color: #008000;\">\u00c1ldoz\u00e1si \u00e9nek:<\/span><br \/>\nTe azt rendelted, hogy gondosan megtartsuk parancsaidat. B\u00e1r arra ir\u00e1nyuln\u00e1nak \u00fatjaim, hogy megtartsam rendelkez\u00e9seidet. (Zsolt 118,4-5)<br \/>\n<span style=\"color: #008000;\"><em>Vagy<\/em><\/span><br \/>\n\u00c9n vagyok a j\u00f3 P\u00e1sztor &#8211; mondja az \u00dar -, ismerem eny\u00e9imet, \u00e9s eny\u00e9im is ismernek engem. (Jn 10,14)<\/p>\n<p><span style=\"color: #008000;\">\u00c1ldoz\u00e1s ut\u00e1ni k\u00f6ny\u00f6rg\u00e9s:<\/span><br \/>\nSzents\u00e9geiddel er\u0151s\u00edtesz minket, Urunk, Isten\u00fcnk. T\u00e1mogass j\u00f3s\u00e1gosan \u00e1lland\u00f3 seg\u00edts\u00e9geddel, hogy megv\u00e1lt\u00e1sunk kegyelm\u00e9t ezekben a miszt\u00e9riumokban, \u00e9s kereszt\u00e9ny \u00e9let\u00fcnkben is elnyerj\u00fck. Krisztus, a mi Urunk \u00e1ltal.<\/p>\n<p><em>(K\u00e9p forr\u00e1sa: Pixabay)<\/em><\/p>\n","protected":false},"excerpt":{"rendered":"<p>A kereszt\u00e9ny ember f\u00f6ldi \u00e9let\u00e9nek v\u00e9gs\u0151 c\u00e9lja az \u00fcdv\u00f6ss\u00e9g elnyer\u00e9se. Ez az \u00f6r\u00f6k \u00e9let, amelyre f\u00f6ldi \u00e9let\u00fcnkkel tessz\u00fck magunkat \u00e9rdemess\u00e9. Legbiztosabb eszk\u00f6z\u00fcnk pedig ennek elnyer\u00e9s\u00e9hez az isten- \u00e9s emberszeretet parancsa \u00e9s annak megtart\u00e1sa, ahogyan k\u00f6ny\u00f6rg\u00e9s\u00fcnk is fogalmaz. Ezen parancsokat megtartva jutunk el az \u00f6r\u00f6k \u00e9letre. Az olvasm\u00e1ny \u00fczenete a B\u00f6lcsess\u00e9g k\u00f6nyv\u00e9b\u0151l egyfajta biztat\u00e1s \u00e9s b\u00e1tor\u00edt\u00e1s is egyben. Amint akkor, \u00fagy ma is provok\u00e1ci\u00f3k sokas\u00e1g\u00e1val kell szemben\u00e9zn\u00fcnk. Hinnem kell abban, hogy ezen provok\u00e1ci\u00f3k csup\u00e1n lehet\u0151s\u00e9get k\u00edn\u00e1lnak abban, hogy megmutathassam elk\u00f6telezetts\u00e9gemet a felismert \u00e9s elfogadott kereszt\u00e9ny \u00e9rt\u00e9kek ir\u00e1nt. Val\u00f3ban nem egyszer\u0171 feladat, olykor pedig komoly kih\u00edv\u00e1s. \u00c9ppen egy konferenci\u00e1n veszek r\u00e9szt, amelyen a diaszp\u00f3r\u00e1ban \u00e9l\u0151 k\u00f6z\u00f6ss\u00e9gek k\u00e9pvisel\u0151i sz\u00e1molnak be egy\u00e9ni tapasztalataikr\u00f3l. Arr\u00f3l, ahogyan magyark\u00e9nt \u00e9s kereszt\u00e9nyk\u00e9nt meg\u00e9lik nemzeti identit\u00e1sukat \u00e9s hit\u00fcket. A p\u00e9nteki nap r\u00e1hangol\u00f3 &#8222;j\u00e1t\u00e9ka&#8221; egy nagyon \u00e9rdekes feladat volt. Egyfajta virtu\u00e1lis id\u0151vonalon kerest\u00fck meg a magunk \u00e1ltal k\u00e9pviselt k\u00f6z\u00f6ss\u00e9g hely\u00e9t. K\u00fcl\u00f6n\u00f6s \u00e9rz\u00e9s ker\u00edtett hatalm\u00e1ba. \u00d6r\u00f6mteli \u00e9rz\u00e9s volt &#8222;l\u00e1tni&#8221; k\u00f6z\u00f6ss\u00e9g\u00fcnket ezen az id\u0151vonalon. Ak\u00e1r egy pillanatfelv\u00e9tel, amelybe mintegy beles\u0171r\u0171s\u00f6dik 77 \u00e9ves k\u00f6z\u00f6s m\u00faltunk minden \u00f6r\u00f6me \u00e9s f\u00e1jdalma, kih\u00edv\u00e1sa. H\u00e1la \u00e9s k\u00f6sz\u00f6net az el\u0151d\u00f6k hit\u00e9\u00e9rt, a megtett \u00fat\u00e9rt, a helyt\u00e1ll\u00e1s\u00e9rt. A v\u00e1laszos zsolt\u00e1r ism\u00e9tl\u0151d\u0151 v\u00e1lasza egyben meger\u0151s\u00edt\u00e9s is: &#8221; Isten megseg\u00edt engem,\u00a0 az \u00dar oltalmaz\u00f3ja \u00e9letemnek.&#8221; Alapvet\u0151en ebb\u0151l tudunk rem\u00e9nyt \u00e9s\u00a0 er\u0151t mer\u00edteni.\u00a0 A szentleck\u00e9ben Jakab apostol a sz\u00edv tisztas\u00e1g\u00e1nak fontoss\u00e1g\u00e1t emeli ki. Akinek sz\u00edve tiszta, ott nincs helye irigys\u00e9gnek \u00e9s \u00f6nz\u00e9snek, amely meleg\u00e1gya az emberi hitv\u00e1nys\u00e1gnak. \u00c9rdemes a &#8222;hitv\u00e1nys\u00e1g&#8221; kifejez\u00e9snek etimol\u00f3giai \u00e9rtelmez\u00e9s\u00e9t megn\u00e9zni: \u00a0erk\u00f6lcsi \u00e9rt\u00e9ktelens\u00e9g, al\u00e1val\u00f3s\u00e1g, aljas viselked\u00e9s, magatart\u00e1s, cselekedet. Jakab apostol ezzel az emberi magatart\u00e1ssal mintegy szembe \u00e1ll\u00edtja azt, aki sz\u00edv\u00e9ben utat \u00e9s teret nyit az Istent\u0151l \u00e9rkez\u0151 b\u00f6lcsess\u00e9g sz\u00e1m\u00e1ra. Csakis ez gy\u0151zedelmeskedhet a hitv\u00e1nys\u00e1g vez\u00e9relte, gonoszs\u00e1g \u00e9s gy\u0171l\u00f6let t\u00e1pl\u00e1lta emberi &#8222;j\u00e1tszm\u00e1kon&#8221;.\u00a0 \u201eMir\u0151l vitatkoztatok az \u00faton?\u201d &#8211; k\u00e9rdezi J\u00e9zus tan\u00edtv\u00e1nyait?\u00a0 V\u00e1lasz ugyan nem \u00e9rkezik, de a tan\u00edtv\u00e1nyok hallgat\u00e1sa sokatmond\u00f3. Ugyanis a minden embert \u00e9rint\u0151 egyik, ha nem a legnagyobb, k\u00eds\u00e9rt\u00e9s\u00e9r\u0151l,&#8230; <\/p>\n<p><a class=\"readmore\" href=\"https:\/\/stuttgarti-katolikusok.de\/index.php\/evkozi-25-vasarnap-2\/\">R\u00e9szletek<\/a><\/p>\n","protected":false},"author":3,"featured_media":27195,"comment_status":"closed","ping_status":"closed","sticky":false,"template":"","format":"standard","meta":{"footnotes":""},"categories":[85,63],"tags":[],"class_list":["post-29380","post","type-post","status-publish","format-standard","has-post-thumbnail","hentry","category-a-liturgia-olvasmanyai","category-vasarnapi-gondolatok"],"yoast_head":"<!-- This site is optimized with the Yoast SEO plugin v27.3 - https:\/\/yoast.com\/product\/yoast-seo-wordpress\/ -->\n<title>\u00c9vk\u00f6zi 25. vas\u00e1rnap - Stuttgarti Katolikusok<\/title>\n<meta name=\"robots\" content=\"index, follow, max-snippet:-1, max-image-preview:large, max-video-preview:-1\" \/>\n<link rel=\"canonical\" href=\"https:\/\/stuttgarti-katolikusok.de\/index.php\/evkozi-25-vasarnap-2\/\" \/>\n<meta property=\"og:locale\" content=\"hu_HU\" \/>\n<meta property=\"og:type\" content=\"article\" \/>\n<meta property=\"og:title\" content=\"\u00c9vk\u00f6zi 25. vas\u00e1rnap - Stuttgarti Katolikusok\" \/>\n<meta property=\"og:description\" content=\"A kereszt\u00e9ny ember f\u00f6ldi \u00e9let\u00e9nek v\u00e9gs\u0151 c\u00e9lja az \u00fcdv\u00f6ss\u00e9g elnyer\u00e9se. Ez az \u00f6r\u00f6k \u00e9let, amelyre f\u00f6ldi \u00e9let\u00fcnkkel tessz\u00fck magunkat \u00e9rdemess\u00e9. Legbiztosabb eszk\u00f6z\u00fcnk pedig ennek elnyer\u00e9s\u00e9hez az isten- \u00e9s emberszeretet parancsa \u00e9s annak megtart\u00e1sa, ahogyan k\u00f6ny\u00f6rg\u00e9s\u00fcnk is fogalmaz. Ezen parancsokat megtartva jutunk el az \u00f6r\u00f6k \u00e9letre. Az olvasm\u00e1ny \u00fczenete a B\u00f6lcsess\u00e9g k\u00f6nyv\u00e9b\u0151l egyfajta biztat\u00e1s \u00e9s b\u00e1tor\u00edt\u00e1s is egyben. Amint akkor, \u00fagy ma is provok\u00e1ci\u00f3k sokas\u00e1g\u00e1val kell szemben\u00e9zn\u00fcnk. Hinnem kell abban, hogy ezen provok\u00e1ci\u00f3k csup\u00e1n lehet\u0151s\u00e9get k\u00edn\u00e1lnak abban, hogy megmutathassam elk\u00f6telezetts\u00e9gemet a felismert \u00e9s elfogadott kereszt\u00e9ny \u00e9rt\u00e9kek ir\u00e1nt. Val\u00f3ban nem egyszer\u0171 feladat, olykor pedig komoly kih\u00edv\u00e1s. \u00c9ppen egy konferenci\u00e1n veszek r\u00e9szt, amelyen a diaszp\u00f3r\u00e1ban \u00e9l\u0151 k\u00f6z\u00f6ss\u00e9gek k\u00e9pvisel\u0151i sz\u00e1molnak be egy\u00e9ni tapasztalataikr\u00f3l. Arr\u00f3l, ahogyan magyark\u00e9nt \u00e9s kereszt\u00e9nyk\u00e9nt meg\u00e9lik nemzeti identit\u00e1sukat \u00e9s hit\u00fcket. A p\u00e9nteki nap r\u00e1hangol\u00f3 &#8222;j\u00e1t\u00e9ka&#8221; egy nagyon \u00e9rdekes feladat volt. Egyfajta virtu\u00e1lis id\u0151vonalon kerest\u00fck meg a magunk \u00e1ltal k\u00e9pviselt k\u00f6z\u00f6ss\u00e9g hely\u00e9t. K\u00fcl\u00f6n\u00f6s \u00e9rz\u00e9s ker\u00edtett hatalm\u00e1ba. \u00d6r\u00f6mteli \u00e9rz\u00e9s volt &#8222;l\u00e1tni&#8221; k\u00f6z\u00f6ss\u00e9g\u00fcnket ezen az id\u0151vonalon. Ak\u00e1r egy pillanatfelv\u00e9tel, amelybe mintegy beles\u0171r\u0171s\u00f6dik 77 \u00e9ves k\u00f6z\u00f6s m\u00faltunk minden \u00f6r\u00f6me \u00e9s f\u00e1jdalma, kih\u00edv\u00e1sa. H\u00e1la \u00e9s k\u00f6sz\u00f6net az el\u0151d\u00f6k hit\u00e9\u00e9rt, a megtett \u00fat\u00e9rt, a helyt\u00e1ll\u00e1s\u00e9rt. A v\u00e1laszos zsolt\u00e1r ism\u00e9tl\u0151d\u0151 v\u00e1lasza egyben meger\u0151s\u00edt\u00e9s is: &#8221; Isten megseg\u00edt engem,\u00a0 az \u00dar oltalmaz\u00f3ja \u00e9letemnek.&#8221; Alapvet\u0151en ebb\u0151l tudunk rem\u00e9nyt \u00e9s\u00a0 er\u0151t mer\u00edteni.\u00a0 A szentleck\u00e9ben Jakab apostol a sz\u00edv tisztas\u00e1g\u00e1nak fontoss\u00e1g\u00e1t emeli ki. Akinek sz\u00edve tiszta, ott nincs helye irigys\u00e9gnek \u00e9s \u00f6nz\u00e9snek, amely meleg\u00e1gya az emberi hitv\u00e1nys\u00e1gnak. \u00c9rdemes a &#8222;hitv\u00e1nys\u00e1g&#8221; kifejez\u00e9snek etimol\u00f3giai \u00e9rtelmez\u00e9s\u00e9t megn\u00e9zni: \u00a0erk\u00f6lcsi \u00e9rt\u00e9ktelens\u00e9g, al\u00e1val\u00f3s\u00e1g, aljas viselked\u00e9s, magatart\u00e1s, cselekedet. Jakab apostol ezzel az emberi magatart\u00e1ssal mintegy szembe \u00e1ll\u00edtja azt, aki sz\u00edv\u00e9ben utat \u00e9s teret nyit az Istent\u0151l \u00e9rkez\u0151 b\u00f6lcsess\u00e9g sz\u00e1m\u00e1ra. Csakis ez gy\u0151zedelmeskedhet a hitv\u00e1nys\u00e1g vez\u00e9relte, gonoszs\u00e1g \u00e9s gy\u0171l\u00f6let t\u00e1pl\u00e1lta emberi &#8222;j\u00e1tszm\u00e1kon&#8221;.\u00a0 \u201eMir\u0151l vitatkoztatok az \u00faton?\u201d &#8211; k\u00e9rdezi J\u00e9zus tan\u00edtv\u00e1nyait?\u00a0 V\u00e1lasz ugyan nem \u00e9rkezik, de a tan\u00edtv\u00e1nyok hallgat\u00e1sa sokatmond\u00f3. Ugyanis a minden embert \u00e9rint\u0151 egyik, ha nem a legnagyobb, k\u00eds\u00e9rt\u00e9s\u00e9r\u0151l,... R\u00e9szletek\" \/>\n<meta property=\"og:url\" content=\"https:\/\/stuttgarti-katolikusok.de\/index.php\/evkozi-25-vasarnap-2\/\" \/>\n<meta property=\"og:site_name\" content=\"Stuttgarti Katolikusok\" \/>\n<meta property=\"article:published_time\" content=\"2024-09-21T06:15:32+00:00\" \/>\n<meta property=\"article:modified_time\" content=\"2024-09-21T06:27:41+00:00\" \/>\n<meta property=\"og:image\" content=\"https:\/\/stuttgarti-katolikusok.de\/wp-content\/uploads\/2023\/09\/os36.jpg\" \/>\n\t<meta property=\"og:image:width\" content=\"1080\" \/>\n\t<meta property=\"og:image:height\" content=\"1044\" \/>\n\t<meta property=\"og:image:type\" content=\"image\/jpeg\" \/>\n<meta name=\"author\" content=\"Tibor atya\" \/>\n<meta name=\"twitter:card\" content=\"summary_large_image\" \/>\n<meta name=\"twitter:label1\" content=\"Szerz\u0151:\" \/>\n\t<meta name=\"twitter:data1\" content=\"Tibor atya\" \/>\n\t<meta name=\"twitter:label2\" content=\"Becs\u00fclt olvas\u00e1si id\u0151\" \/>\n\t<meta name=\"twitter:data2\" content=\"7 perc\" \/>\n<script type=\"application\/ld+json\" class=\"yoast-schema-graph\">{\"@context\":\"https:\\\/\\\/schema.org\",\"@graph\":[{\"@type\":\"Article\",\"@id\":\"https:\\\/\\\/stuttgarti-katolikusok.de\\\/index.php\\\/evkozi-25-vasarnap-2\\\/#article\",\"isPartOf\":{\"@id\":\"https:\\\/\\\/stuttgarti-katolikusok.de\\\/index.php\\\/evkozi-25-vasarnap-2\\\/\"},\"author\":{\"name\":\"Tibor atya\",\"@id\":\"https:\\\/\\\/stuttgarti-katolikusok.de\\\/#\\\/schema\\\/person\\\/75908d6f8fdc03a57889d27209df7795\"},\"headline\":\"\u00c9vk\u00f6zi 25. vas\u00e1rnap\",\"datePublished\":\"2024-09-21T06:15:32+00:00\",\"dateModified\":\"2024-09-21T06:27:41+00:00\",\"mainEntityOfPage\":{\"@id\":\"https:\\\/\\\/stuttgarti-katolikusok.de\\\/index.php\\\/evkozi-25-vasarnap-2\\\/\"},\"wordCount\":1780,\"image\":{\"@id\":\"https:\\\/\\\/stuttgarti-katolikusok.de\\\/index.php\\\/evkozi-25-vasarnap-2\\\/#primaryimage\"},\"thumbnailUrl\":\"https:\\\/\\\/stuttgarti-katolikusok.de\\\/wp-content\\\/uploads\\\/2023\\\/09\\\/os36.jpg\",\"articleSection\":[\"A liturgia olvasm\u00e1nyai\",\"Vas\u00e1rnapi gondolatok\"],\"inLanguage\":\"hu\"},{\"@type\":\"WebPage\",\"@id\":\"https:\\\/\\\/stuttgarti-katolikusok.de\\\/index.php\\\/evkozi-25-vasarnap-2\\\/\",\"url\":\"https:\\\/\\\/stuttgarti-katolikusok.de\\\/index.php\\\/evkozi-25-vasarnap-2\\\/\",\"name\":\"\u00c9vk\u00f6zi 25. vas\u00e1rnap - Stuttgarti Katolikusok\",\"isPartOf\":{\"@id\":\"https:\\\/\\\/stuttgarti-katolikusok.de\\\/#website\"},\"primaryImageOfPage\":{\"@id\":\"https:\\\/\\\/stuttgarti-katolikusok.de\\\/index.php\\\/evkozi-25-vasarnap-2\\\/#primaryimage\"},\"image\":{\"@id\":\"https:\\\/\\\/stuttgarti-katolikusok.de\\\/index.php\\\/evkozi-25-vasarnap-2\\\/#primaryimage\"},\"thumbnailUrl\":\"https:\\\/\\\/stuttgarti-katolikusok.de\\\/wp-content\\\/uploads\\\/2023\\\/09\\\/os36.jpg\",\"datePublished\":\"2024-09-21T06:15:32+00:00\",\"dateModified\":\"2024-09-21T06:27:41+00:00\",\"author\":{\"@id\":\"https:\\\/\\\/stuttgarti-katolikusok.de\\\/#\\\/schema\\\/person\\\/75908d6f8fdc03a57889d27209df7795\"},\"breadcrumb\":{\"@id\":\"https:\\\/\\\/stuttgarti-katolikusok.de\\\/index.php\\\/evkozi-25-vasarnap-2\\\/#breadcrumb\"},\"inLanguage\":\"hu\",\"potentialAction\":[{\"@type\":\"ReadAction\",\"target\":[\"https:\\\/\\\/stuttgarti-katolikusok.de\\\/index.php\\\/evkozi-25-vasarnap-2\\\/\"]}]},{\"@type\":\"ImageObject\",\"inLanguage\":\"hu\",\"@id\":\"https:\\\/\\\/stuttgarti-katolikusok.de\\\/index.php\\\/evkozi-25-vasarnap-2\\\/#primaryimage\",\"url\":\"https:\\\/\\\/stuttgarti-katolikusok.de\\\/wp-content\\\/uploads\\\/2023\\\/09\\\/os36.jpg\",\"contentUrl\":\"https:\\\/\\\/stuttgarti-katolikusok.de\\\/wp-content\\\/uploads\\\/2023\\\/09\\\/os36.jpg\",\"width\":1080,\"height\":1044},{\"@type\":\"BreadcrumbList\",\"@id\":\"https:\\\/\\\/stuttgarti-katolikusok.de\\\/index.php\\\/evkozi-25-vasarnap-2\\\/#breadcrumb\",\"itemListElement\":[{\"@type\":\"ListItem\",\"position\":1,\"name\":\"Kezd\u0151lap\",\"item\":\"https:\\\/\\\/stuttgarti-katolikusok.de\\\/\"},{\"@type\":\"ListItem\",\"position\":2,\"name\":\"\u00c9vk\u00f6zi 25. vas\u00e1rnap\"}]},{\"@type\":\"WebSite\",\"@id\":\"https:\\\/\\\/stuttgarti-katolikusok.de\\\/#website\",\"url\":\"https:\\\/\\\/stuttgarti-katolikusok.de\\\/\",\"name\":\"Stuttgarti Katolikusok\",\"description\":\"\",\"potentialAction\":[{\"@type\":\"SearchAction\",\"target\":{\"@type\":\"EntryPoint\",\"urlTemplate\":\"https:\\\/\\\/stuttgarti-katolikusok.de\\\/?s={search_term_string}\"},\"query-input\":{\"@type\":\"PropertyValueSpecification\",\"valueRequired\":true,\"valueName\":\"search_term_string\"}}],\"inLanguage\":\"hu\"},{\"@type\":\"Person\",\"@id\":\"https:\\\/\\\/stuttgarti-katolikusok.de\\\/#\\\/schema\\\/person\\\/75908d6f8fdc03a57889d27209df7795\",\"name\":\"Tibor atya\",\"image\":{\"@type\":\"ImageObject\",\"inLanguage\":\"hu\",\"@id\":\"https:\\\/\\\/secure.gravatar.com\\\/avatar\\\/61d268e57d1f4525b111222e29d2d5a7f8c420fdbf231ba5566a8ceac74fa960?s=96&d=mm&r=g\",\"url\":\"https:\\\/\\\/secure.gravatar.com\\\/avatar\\\/61d268e57d1f4525b111222e29d2d5a7f8c420fdbf231ba5566a8ceac74fa960?s=96&d=mm&r=g\",\"contentUrl\":\"https:\\\/\\\/secure.gravatar.com\\\/avatar\\\/61d268e57d1f4525b111222e29d2d5a7f8c420fdbf231ba5566a8ceac74fa960?s=96&d=mm&r=g\",\"caption\":\"Tibor atya\"},\"url\":\"https:\\\/\\\/stuttgarti-katolikusok.de\\\/index.php\\\/author\\\/tibor-atya\\\/\"}]}<\/script>\n<!-- \/ Yoast SEO plugin. -->","yoast_head_json":{"title":"\u00c9vk\u00f6zi 25. vas\u00e1rnap - Stuttgarti Katolikusok","robots":{"index":"index","follow":"follow","max-snippet":"max-snippet:-1","max-image-preview":"max-image-preview:large","max-video-preview":"max-video-preview:-1"},"canonical":"https:\/\/stuttgarti-katolikusok.de\/index.php\/evkozi-25-vasarnap-2\/","og_locale":"hu_HU","og_type":"article","og_title":"\u00c9vk\u00f6zi 25. vas\u00e1rnap - Stuttgarti Katolikusok","og_description":"A kereszt\u00e9ny ember f\u00f6ldi \u00e9let\u00e9nek v\u00e9gs\u0151 c\u00e9lja az \u00fcdv\u00f6ss\u00e9g elnyer\u00e9se. Ez az \u00f6r\u00f6k \u00e9let, amelyre f\u00f6ldi \u00e9let\u00fcnkkel tessz\u00fck magunkat \u00e9rdemess\u00e9. Legbiztosabb eszk\u00f6z\u00fcnk pedig ennek elnyer\u00e9s\u00e9hez az isten- \u00e9s emberszeretet parancsa \u00e9s annak megtart\u00e1sa, ahogyan k\u00f6ny\u00f6rg\u00e9s\u00fcnk is fogalmaz. Ezen parancsokat megtartva jutunk el az \u00f6r\u00f6k \u00e9letre. Az olvasm\u00e1ny \u00fczenete a B\u00f6lcsess\u00e9g k\u00f6nyv\u00e9b\u0151l egyfajta biztat\u00e1s \u00e9s b\u00e1tor\u00edt\u00e1s is egyben. Amint akkor, \u00fagy ma is provok\u00e1ci\u00f3k sokas\u00e1g\u00e1val kell szemben\u00e9zn\u00fcnk. Hinnem kell abban, hogy ezen provok\u00e1ci\u00f3k csup\u00e1n lehet\u0151s\u00e9get k\u00edn\u00e1lnak abban, hogy megmutathassam elk\u00f6telezetts\u00e9gemet a felismert \u00e9s elfogadott kereszt\u00e9ny \u00e9rt\u00e9kek ir\u00e1nt. Val\u00f3ban nem egyszer\u0171 feladat, olykor pedig komoly kih\u00edv\u00e1s. \u00c9ppen egy konferenci\u00e1n veszek r\u00e9szt, amelyen a diaszp\u00f3r\u00e1ban \u00e9l\u0151 k\u00f6z\u00f6ss\u00e9gek k\u00e9pvisel\u0151i sz\u00e1molnak be egy\u00e9ni tapasztalataikr\u00f3l. Arr\u00f3l, ahogyan magyark\u00e9nt \u00e9s kereszt\u00e9nyk\u00e9nt meg\u00e9lik nemzeti identit\u00e1sukat \u00e9s hit\u00fcket. A p\u00e9nteki nap r\u00e1hangol\u00f3 &#8222;j\u00e1t\u00e9ka&#8221; egy nagyon \u00e9rdekes feladat volt. Egyfajta virtu\u00e1lis id\u0151vonalon kerest\u00fck meg a magunk \u00e1ltal k\u00e9pviselt k\u00f6z\u00f6ss\u00e9g hely\u00e9t. K\u00fcl\u00f6n\u00f6s \u00e9rz\u00e9s ker\u00edtett hatalm\u00e1ba. \u00d6r\u00f6mteli \u00e9rz\u00e9s volt &#8222;l\u00e1tni&#8221; k\u00f6z\u00f6ss\u00e9g\u00fcnket ezen az id\u0151vonalon. Ak\u00e1r egy pillanatfelv\u00e9tel, amelybe mintegy beles\u0171r\u0171s\u00f6dik 77 \u00e9ves k\u00f6z\u00f6s m\u00faltunk minden \u00f6r\u00f6me \u00e9s f\u00e1jdalma, kih\u00edv\u00e1sa. H\u00e1la \u00e9s k\u00f6sz\u00f6net az el\u0151d\u00f6k hit\u00e9\u00e9rt, a megtett \u00fat\u00e9rt, a helyt\u00e1ll\u00e1s\u00e9rt. A v\u00e1laszos zsolt\u00e1r ism\u00e9tl\u0151d\u0151 v\u00e1lasza egyben meger\u0151s\u00edt\u00e9s is: &#8221; Isten megseg\u00edt engem,\u00a0 az \u00dar oltalmaz\u00f3ja \u00e9letemnek.&#8221; Alapvet\u0151en ebb\u0151l tudunk rem\u00e9nyt \u00e9s\u00a0 er\u0151t mer\u00edteni.\u00a0 A szentleck\u00e9ben Jakab apostol a sz\u00edv tisztas\u00e1g\u00e1nak fontoss\u00e1g\u00e1t emeli ki. Akinek sz\u00edve tiszta, ott nincs helye irigys\u00e9gnek \u00e9s \u00f6nz\u00e9snek, amely meleg\u00e1gya az emberi hitv\u00e1nys\u00e1gnak. \u00c9rdemes a &#8222;hitv\u00e1nys\u00e1g&#8221; kifejez\u00e9snek etimol\u00f3giai \u00e9rtelmez\u00e9s\u00e9t megn\u00e9zni: \u00a0erk\u00f6lcsi \u00e9rt\u00e9ktelens\u00e9g, al\u00e1val\u00f3s\u00e1g, aljas viselked\u00e9s, magatart\u00e1s, cselekedet. Jakab apostol ezzel az emberi magatart\u00e1ssal mintegy szembe \u00e1ll\u00edtja azt, aki sz\u00edv\u00e9ben utat \u00e9s teret nyit az Istent\u0151l \u00e9rkez\u0151 b\u00f6lcsess\u00e9g sz\u00e1m\u00e1ra. Csakis ez gy\u0151zedelmeskedhet a hitv\u00e1nys\u00e1g vez\u00e9relte, gonoszs\u00e1g \u00e9s gy\u0171l\u00f6let t\u00e1pl\u00e1lta emberi &#8222;j\u00e1tszm\u00e1kon&#8221;.\u00a0 \u201eMir\u0151l vitatkoztatok az \u00faton?\u201d &#8211; k\u00e9rdezi J\u00e9zus tan\u00edtv\u00e1nyait?\u00a0 V\u00e1lasz ugyan nem \u00e9rkezik, de a tan\u00edtv\u00e1nyok hallgat\u00e1sa sokatmond\u00f3. Ugyanis a minden embert \u00e9rint\u0151 egyik, ha nem a legnagyobb, k\u00eds\u00e9rt\u00e9s\u00e9r\u0151l,... R\u00e9szletek","og_url":"https:\/\/stuttgarti-katolikusok.de\/index.php\/evkozi-25-vasarnap-2\/","og_site_name":"Stuttgarti Katolikusok","article_published_time":"2024-09-21T06:15:32+00:00","article_modified_time":"2024-09-21T06:27:41+00:00","og_image":[{"width":1080,"height":1044,"url":"https:\/\/stuttgarti-katolikusok.de\/wp-content\/uploads\/2023\/09\/os36.jpg","type":"image\/jpeg"}],"author":"Tibor atya","twitter_card":"summary_large_image","twitter_misc":{"Szerz\u0151:":"Tibor atya","Becs\u00fclt olvas\u00e1si id\u0151":"7 perc"},"schema":{"@context":"https:\/\/schema.org","@graph":[{"@type":"Article","@id":"https:\/\/stuttgarti-katolikusok.de\/index.php\/evkozi-25-vasarnap-2\/#article","isPartOf":{"@id":"https:\/\/stuttgarti-katolikusok.de\/index.php\/evkozi-25-vasarnap-2\/"},"author":{"name":"Tibor atya","@id":"https:\/\/stuttgarti-katolikusok.de\/#\/schema\/person\/75908d6f8fdc03a57889d27209df7795"},"headline":"\u00c9vk\u00f6zi 25. vas\u00e1rnap","datePublished":"2024-09-21T06:15:32+00:00","dateModified":"2024-09-21T06:27:41+00:00","mainEntityOfPage":{"@id":"https:\/\/stuttgarti-katolikusok.de\/index.php\/evkozi-25-vasarnap-2\/"},"wordCount":1780,"image":{"@id":"https:\/\/stuttgarti-katolikusok.de\/index.php\/evkozi-25-vasarnap-2\/#primaryimage"},"thumbnailUrl":"https:\/\/stuttgarti-katolikusok.de\/wp-content\/uploads\/2023\/09\/os36.jpg","articleSection":["A liturgia olvasm\u00e1nyai","Vas\u00e1rnapi gondolatok"],"inLanguage":"hu"},{"@type":"WebPage","@id":"https:\/\/stuttgarti-katolikusok.de\/index.php\/evkozi-25-vasarnap-2\/","url":"https:\/\/stuttgarti-katolikusok.de\/index.php\/evkozi-25-vasarnap-2\/","name":"\u00c9vk\u00f6zi 25. vas\u00e1rnap - Stuttgarti Katolikusok","isPartOf":{"@id":"https:\/\/stuttgarti-katolikusok.de\/#website"},"primaryImageOfPage":{"@id":"https:\/\/stuttgarti-katolikusok.de\/index.php\/evkozi-25-vasarnap-2\/#primaryimage"},"image":{"@id":"https:\/\/stuttgarti-katolikusok.de\/index.php\/evkozi-25-vasarnap-2\/#primaryimage"},"thumbnailUrl":"https:\/\/stuttgarti-katolikusok.de\/wp-content\/uploads\/2023\/09\/os36.jpg","datePublished":"2024-09-21T06:15:32+00:00","dateModified":"2024-09-21T06:27:41+00:00","author":{"@id":"https:\/\/stuttgarti-katolikusok.de\/#\/schema\/person\/75908d6f8fdc03a57889d27209df7795"},"breadcrumb":{"@id":"https:\/\/stuttgarti-katolikusok.de\/index.php\/evkozi-25-vasarnap-2\/#breadcrumb"},"inLanguage":"hu","potentialAction":[{"@type":"ReadAction","target":["https:\/\/stuttgarti-katolikusok.de\/index.php\/evkozi-25-vasarnap-2\/"]}]},{"@type":"ImageObject","inLanguage":"hu","@id":"https:\/\/stuttgarti-katolikusok.de\/index.php\/evkozi-25-vasarnap-2\/#primaryimage","url":"https:\/\/stuttgarti-katolikusok.de\/wp-content\/uploads\/2023\/09\/os36.jpg","contentUrl":"https:\/\/stuttgarti-katolikusok.de\/wp-content\/uploads\/2023\/09\/os36.jpg","width":1080,"height":1044},{"@type":"BreadcrumbList","@id":"https:\/\/stuttgarti-katolikusok.de\/index.php\/evkozi-25-vasarnap-2\/#breadcrumb","itemListElement":[{"@type":"ListItem","position":1,"name":"Kezd\u0151lap","item":"https:\/\/stuttgarti-katolikusok.de\/"},{"@type":"ListItem","position":2,"name":"\u00c9vk\u00f6zi 25. vas\u00e1rnap"}]},{"@type":"WebSite","@id":"https:\/\/stuttgarti-katolikusok.de\/#website","url":"https:\/\/stuttgarti-katolikusok.de\/","name":"Stuttgarti Katolikusok","description":"","potentialAction":[{"@type":"SearchAction","target":{"@type":"EntryPoint","urlTemplate":"https:\/\/stuttgarti-katolikusok.de\/?s={search_term_string}"},"query-input":{"@type":"PropertyValueSpecification","valueRequired":true,"valueName":"search_term_string"}}],"inLanguage":"hu"},{"@type":"Person","@id":"https:\/\/stuttgarti-katolikusok.de\/#\/schema\/person\/75908d6f8fdc03a57889d27209df7795","name":"Tibor atya","image":{"@type":"ImageObject","inLanguage":"hu","@id":"https:\/\/secure.gravatar.com\/avatar\/61d268e57d1f4525b111222e29d2d5a7f8c420fdbf231ba5566a8ceac74fa960?s=96&d=mm&r=g","url":"https:\/\/secure.gravatar.com\/avatar\/61d268e57d1f4525b111222e29d2d5a7f8c420fdbf231ba5566a8ceac74fa960?s=96&d=mm&r=g","contentUrl":"https:\/\/secure.gravatar.com\/avatar\/61d268e57d1f4525b111222e29d2d5a7f8c420fdbf231ba5566a8ceac74fa960?s=96&d=mm&r=g","caption":"Tibor atya"},"url":"https:\/\/stuttgarti-katolikusok.de\/index.php\/author\/tibor-atya\/"}]}},"_links":{"self":[{"href":"https:\/\/stuttgarti-katolikusok.de\/index.php\/wp-json\/wp\/v2\/posts\/29380","targetHints":{"allow":["GET"]}}],"collection":[{"href":"https:\/\/stuttgarti-katolikusok.de\/index.php\/wp-json\/wp\/v2\/posts"}],"about":[{"href":"https:\/\/stuttgarti-katolikusok.de\/index.php\/wp-json\/wp\/v2\/types\/post"}],"author":[{"embeddable":true,"href":"https:\/\/stuttgarti-katolikusok.de\/index.php\/wp-json\/wp\/v2\/users\/3"}],"replies":[{"embeddable":true,"href":"https:\/\/stuttgarti-katolikusok.de\/index.php\/wp-json\/wp\/v2\/comments?post=29380"}],"version-history":[{"count":5,"href":"https:\/\/stuttgarti-katolikusok.de\/index.php\/wp-json\/wp\/v2\/posts\/29380\/revisions"}],"predecessor-version":[{"id":29385,"href":"https:\/\/stuttgarti-katolikusok.de\/index.php\/wp-json\/wp\/v2\/posts\/29380\/revisions\/29385"}],"wp:featuredmedia":[{"embeddable":true,"href":"https:\/\/stuttgarti-katolikusok.de\/index.php\/wp-json\/wp\/v2\/media\/27195"}],"wp:attachment":[{"href":"https:\/\/stuttgarti-katolikusok.de\/index.php\/wp-json\/wp\/v2\/media?parent=29380"}],"wp:term":[{"taxonomy":"category","embeddable":true,"href":"https:\/\/stuttgarti-katolikusok.de\/index.php\/wp-json\/wp\/v2\/categories?post=29380"},{"taxonomy":"post_tag","embeddable":true,"href":"https:\/\/stuttgarti-katolikusok.de\/index.php\/wp-json\/wp\/v2\/tags?post=29380"}],"curies":[{"name":"wp","href":"https:\/\/api.w.org\/{rel}","templated":true}]}}