{"id":29365,"date":"2024-09-16T21:53:53","date_gmt":"2024-09-16T19:53:53","guid":{"rendered":"https:\/\/stuttgarti-katolikusok.de\/?p=29365"},"modified":"2024-09-16T22:01:57","modified_gmt":"2024-09-16T20:01:57","slug":"2024-szeptember-16-es-22-kozott","status":"publish","type":"post","link":"https:\/\/stuttgarti-katolikusok.de\/index.php\/2024-szeptember-16-es-22-kozott\/","title":{"rendered":"2024. SZEPTEMBER 16 \u00c9S 22 K\u00d6Z\u00d6TT"},"content":{"rendered":"<p><span style=\"color: #008000;\"><strong>Programel\u0151zetes<\/strong><\/span><\/p>\n<p style=\"text-align: center;\"><span style=\"color: #008000;\"><strong>*<\/strong><\/span><\/p>\n<p><strong>Szeptember 20-\u00e1n,<\/strong>\u00a0p\u00e9nteken, <strong><em>Stuttgarti d\u00e9lut\u00e1n<\/em><\/strong><strong>,<\/strong><strong>\u00a0<\/strong><span style=\"color: #ff0000;\"><strong>ELMARAD!!!<\/strong><\/span><\/p>\n<p style=\"text-align: center;\"><span style=\"color: #008000;\"><strong>*<\/strong><\/span><\/p>\n<p><strong>Szeptember 21-\u00e9n<\/strong>, szombaton, <strong>Heidenheimban <\/strong>15.30 \u00f3rakor <em>b\u00facs\u00fas-szentmise<\/em><em>. <\/em>Szentmise ut\u00e1n <em>agap\u00e9 <\/em>\u00e9s r\u00f6vid <em>kultur\u00e1lis m\u0171sor<\/em> \u00e9s <em>t\u00e1nch\u00e1z.<\/em><em>\u00a0<\/em><\/p>\n<p style=\"text-align: center;\"><span style=\"color: #008000;\"><strong>*<\/strong><\/span><\/p>\n<p style=\"text-align: center;\"><a href=\"https:\/\/stuttgarti-katolikusok.de\/wp-content\/uploads\/2024\/09\/szent-istvan-kivagva.jpg\"><img loading=\"lazy\" decoding=\"async\" class=\"alignnone size-full wp-image-29366\" src=\"https:\/\/stuttgarti-katolikusok.de\/wp-content\/uploads\/2024\/09\/szent-istvan-kivagva.jpg\" alt=\"\" width=\"348\" height=\"911\" srcset=\"https:\/\/stuttgarti-katolikusok.de\/wp-content\/uploads\/2024\/09\/szent-istvan-kivagva.jpg 348w, https:\/\/stuttgarti-katolikusok.de\/wp-content\/uploads\/2024\/09\/szent-istvan-kivagva-115x300.jpg 115w\" sizes=\"auto, (max-width: 348px) 100vw, 348px\" \/><\/a><\/p>\n<p style=\"text-align: center;\"><em>(R\u00e9szlet a Szent Istv\u00e1n miseruh\u00e1b\u00f3l)<\/em><\/p>\n<p style=\"text-align: center;\"><em>\u00a0<\/em><span style=\"color: #008000;\"><strong>*<\/strong><\/span><\/p>\n<p><em>\u00a0<\/em><strong>Szeptember 22-\u00e9n<\/strong>, <span style=\"color: #008000;\"><em><strong>\u00c9<\/strong><strong>vk\u00f6zi 25. vas\u00e1rnap<\/strong><\/em><\/span><em>,<\/em><\/p>\n<p><strong>B\u00f6blingenben <\/strong>9.30 \u00f3rakor <em>szentmise<\/em><em>, <\/em>ut\u00e1na <em>agap\u00e9,<\/em><\/p>\n<p><strong>Eislingenben <\/strong>15.00 \u00f3rakor <em>szentmise<\/em><em>, <\/em>ut\u00e1na <em>agap\u00e9.<\/em><\/p>\n<p style=\"text-align: center;\"><span style=\"color: #008000;\"><strong>*<\/strong><\/span><\/p>\n<p>Minden helyen mindenkit szeretettel v\u00e1r a k\u00f6z\u00f6ss\u00e9g \u00e9s Tibor atya!<\/p>\n<p style=\"text-align: center;\"><span style=\"color: #008000;\"><strong>*<\/strong><\/span><\/p>\n<p><a href=\"https:\/\/stuttgarti-katolikusok.de\/wp-content\/uploads\/2024\/09\/img-20240915-wa0002.jpg\"><img loading=\"lazy\" decoding=\"async\" class=\"alignnone size-full wp-image-29362\" src=\"https:\/\/stuttgarti-katolikusok.de\/wp-content\/uploads\/2024\/09\/img-20240915-wa0002.jpg\" alt=\"\" width=\"1724\" height=\"966\" srcset=\"https:\/\/stuttgarti-katolikusok.de\/wp-content\/uploads\/2024\/09\/img-20240915-wa0002.jpg 1724w, https:\/\/stuttgarti-katolikusok.de\/wp-content\/uploads\/2024\/09\/img-20240915-wa0002-300x168.jpg 300w, https:\/\/stuttgarti-katolikusok.de\/wp-content\/uploads\/2024\/09\/img-20240915-wa0002-1024x574.jpg 1024w, https:\/\/stuttgarti-katolikusok.de\/wp-content\/uploads\/2024\/09\/img-20240915-wa0002-1536x861.jpg 1536w, https:\/\/stuttgarti-katolikusok.de\/wp-content\/uploads\/2024\/09\/img-20240915-wa0002-670x374.jpg 670w\" sizes=\"auto, (max-width: 1724px) 100vw, 1724px\" \/><\/a><\/p>\n<p style=\"text-align: center;\"><span style=\"color: #008000;\"><strong>*<\/strong><\/span><\/p>\n<p><span style=\"color: #ff6600;\">\u201e\u2026egyszer\u0171en az, hogy l\u00e9tezel, mozd\u00edtja meg itt \u00e9s most a vil\u00e1got.\u201d<\/span><\/p>\n<p>(Pilinszky J\u00e1nos: Itt \u00e9s most)<\/p>\n<p style=\"text-align: center;\"><span style=\"color: #008000;\"><strong>*<\/strong><\/span><\/p>\n<p><span style=\"color: #008000;\"><strong><em>Bens\u0151s\u00e9ges \u0151szi napokat, j\u00f3 munk\u00e1t, tartalmas besz\u00e9lget\u00e9seket \u00e9s \u00f6r\u00f6mteli tal\u00e1lkoz\u00e1sokat k\u00edv\u00e1nunk minden Kedves H\u00edv\u00fcnknek!<\/em><\/strong><\/span><\/p>\n","protected":false},"excerpt":{"rendered":"<p>Programel\u0151zetes * Szeptember 20-\u00e1n,\u00a0p\u00e9nteken, Stuttgarti d\u00e9lut\u00e1n,\u00a0ELMARAD!!! * Szeptember 21-\u00e9n, szombaton, Heidenheimban 15.30 \u00f3rakor b\u00facs\u00fas-szentmise. Szentmise ut\u00e1n agap\u00e9 \u00e9s r\u00f6vid kultur\u00e1lis m\u0171sor \u00e9s t\u00e1nch\u00e1z.\u00a0 * (R\u00e9szlet a Szent Istv\u00e1n miseruh\u00e1b\u00f3l) \u00a0* \u00a0Szeptember 22-\u00e9n, \u00c9vk\u00f6zi 25. vas\u00e1rnap, B\u00f6blingenben 9.30 \u00f3rakor szentmise, ut\u00e1na agap\u00e9, Eislingenben 15.00 \u00f3rakor szentmise, ut\u00e1na agap\u00e9. * Minden helyen mindenkit szeretettel v\u00e1r a k\u00f6z\u00f6ss\u00e9g \u00e9s Tibor atya! * * \u201e\u2026egyszer\u0171en az, hogy l\u00e9tezel, mozd\u00edtja meg itt \u00e9s most a vil\u00e1got.\u201d (Pilinszky J\u00e1nos: Itt \u00e9s most) * Bens\u0151s\u00e9ges \u0151szi napokat, j\u00f3 munk\u00e1t, tartalmas besz\u00e9lget\u00e9seket \u00e9s \u00f6r\u00f6mteli tal\u00e1lkoz\u00e1sokat k\u00edv\u00e1nunk minden Kedves H\u00edv\u00fcnknek!<\/p>\n","protected":false},"author":3,"featured_media":27228,"comment_status":"closed","ping_status":"closed","sticky":false,"template":"","format":"standard","meta":{"footnotes":""},"categories":[37],"tags":[],"class_list":["post-29365","post","type-post","status-publish","format-standard","has-post-thumbnail","hentry","category-progamelozetes"],"yoast_head":"<!-- This site is optimized with the Yoast SEO plugin v27.3 - https:\/\/yoast.com\/product\/yoast-seo-wordpress\/ -->\n<title>2024. SZEPTEMBER 16 \u00c9S 22 K\u00d6Z\u00d6TT - Stuttgarti Katolikusok<\/title>\n<meta name=\"robots\" content=\"index, follow, max-snippet:-1, max-image-preview:large, max-video-preview:-1\" \/>\n<link rel=\"canonical\" href=\"https:\/\/stuttgarti-katolikusok.de\/index.php\/2024-szeptember-16-es-22-kozott\/\" \/>\n<meta property=\"og:locale\" content=\"hu_HU\" \/>\n<meta property=\"og:type\" content=\"article\" \/>\n<meta property=\"og:title\" content=\"2024. SZEPTEMBER 16 \u00c9S 22 K\u00d6Z\u00d6TT - Stuttgarti Katolikusok\" \/>\n<meta property=\"og:description\" content=\"Programel\u0151zetes * Szeptember 20-\u00e1n,\u00a0p\u00e9nteken, Stuttgarti d\u00e9lut\u00e1n,\u00a0ELMARAD!!! * Szeptember 21-\u00e9n, szombaton, Heidenheimban 15.30 \u00f3rakor b\u00facs\u00fas-szentmise. Szentmise ut\u00e1n agap\u00e9 \u00e9s r\u00f6vid kultur\u00e1lis m\u0171sor \u00e9s t\u00e1nch\u00e1z.\u00a0 * (R\u00e9szlet a Szent Istv\u00e1n miseruh\u00e1b\u00f3l) \u00a0* \u00a0Szeptember 22-\u00e9n, \u00c9vk\u00f6zi 25. vas\u00e1rnap, B\u00f6blingenben 9.30 \u00f3rakor szentmise, ut\u00e1na agap\u00e9, Eislingenben 15.00 \u00f3rakor szentmise, ut\u00e1na agap\u00e9. * Minden helyen mindenkit szeretettel v\u00e1r a k\u00f6z\u00f6ss\u00e9g \u00e9s Tibor atya! * * \u201e\u2026egyszer\u0171en az, hogy l\u00e9tezel, mozd\u00edtja meg itt \u00e9s most a vil\u00e1got.\u201d (Pilinszky J\u00e1nos: Itt \u00e9s most) * Bens\u0151s\u00e9ges \u0151szi napokat, j\u00f3 munk\u00e1t, tartalmas besz\u00e9lget\u00e9seket \u00e9s \u00f6r\u00f6mteli tal\u00e1lkoz\u00e1sokat k\u00edv\u00e1nunk minden Kedves H\u00edv\u00fcnknek!\" \/>\n<meta property=\"og:url\" content=\"https:\/\/stuttgarti-katolikusok.de\/index.php\/2024-szeptember-16-es-22-kozott\/\" \/>\n<meta property=\"og:site_name\" content=\"Stuttgarti Katolikusok\" \/>\n<meta property=\"article:published_time\" content=\"2024-09-16T19:53:53+00:00\" \/>\n<meta property=\"article:modified_time\" content=\"2024-09-16T20:01:57+00:00\" \/>\n<meta property=\"og:image\" content=\"https:\/\/stuttgarti-katolikusok.de\/wp-content\/uploads\/2023\/09\/osz19.jpg\" \/>\n\t<meta property=\"og:image:width\" content=\"1080\" \/>\n\t<meta property=\"og:image:height\" content=\"1071\" \/>\n\t<meta property=\"og:image:type\" content=\"image\/jpeg\" \/>\n<meta name=\"author\" content=\"Tibor atya\" \/>\n<meta name=\"twitter:card\" content=\"summary_large_image\" \/>\n<meta name=\"twitter:label1\" content=\"Szerz\u0151:\" \/>\n\t<meta name=\"twitter:data1\" content=\"Tibor atya\" \/>\n\t<meta name=\"twitter:label2\" content=\"Becs\u00fclt olvas\u00e1si id\u0151\" \/>\n\t<meta name=\"twitter:data2\" content=\"2 perc\" \/>\n<script type=\"application\/ld+json\" class=\"yoast-schema-graph\">{\"@context\":\"https:\\\/\\\/schema.org\",\"@graph\":[{\"@type\":\"Article\",\"@id\":\"https:\\\/\\\/stuttgarti-katolikusok.de\\\/index.php\\\/2024-szeptember-16-es-22-kozott\\\/#article\",\"isPartOf\":{\"@id\":\"https:\\\/\\\/stuttgarti-katolikusok.de\\\/index.php\\\/2024-szeptember-16-es-22-kozott\\\/\"},\"author\":{\"name\":\"Tibor atya\",\"@id\":\"https:\\\/\\\/stuttgarti-katolikusok.de\\\/#\\\/schema\\\/person\\\/75908d6f8fdc03a57889d27209df7795\"},\"headline\":\"2024. SZEPTEMBER 16 \u00c9S 22 K\u00d6Z\u00d6TT\",\"datePublished\":\"2024-09-16T19:53:53+00:00\",\"dateModified\":\"2024-09-16T20:01:57+00:00\",\"mainEntityOfPage\":{\"@id\":\"https:\\\/\\\/stuttgarti-katolikusok.de\\\/index.php\\\/2024-szeptember-16-es-22-kozott\\\/\"},\"wordCount\":131,\"image\":{\"@id\":\"https:\\\/\\\/stuttgarti-katolikusok.de\\\/index.php\\\/2024-szeptember-16-es-22-kozott\\\/#primaryimage\"},\"thumbnailUrl\":\"https:\\\/\\\/stuttgarti-katolikusok.de\\\/wp-content\\\/uploads\\\/2023\\\/09\\\/osz19.jpg\",\"articleSection\":[\"Progamel\u0151zetes\"],\"inLanguage\":\"hu\"},{\"@type\":\"WebPage\",\"@id\":\"https:\\\/\\\/stuttgarti-katolikusok.de\\\/index.php\\\/2024-szeptember-16-es-22-kozott\\\/\",\"url\":\"https:\\\/\\\/stuttgarti-katolikusok.de\\\/index.php\\\/2024-szeptember-16-es-22-kozott\\\/\",\"name\":\"2024. SZEPTEMBER 16 \u00c9S 22 K\u00d6Z\u00d6TT - Stuttgarti Katolikusok\",\"isPartOf\":{\"@id\":\"https:\\\/\\\/stuttgarti-katolikusok.de\\\/#website\"},\"primaryImageOfPage\":{\"@id\":\"https:\\\/\\\/stuttgarti-katolikusok.de\\\/index.php\\\/2024-szeptember-16-es-22-kozott\\\/#primaryimage\"},\"image\":{\"@id\":\"https:\\\/\\\/stuttgarti-katolikusok.de\\\/index.php\\\/2024-szeptember-16-es-22-kozott\\\/#primaryimage\"},\"thumbnailUrl\":\"https:\\\/\\\/stuttgarti-katolikusok.de\\\/wp-content\\\/uploads\\\/2023\\\/09\\\/osz19.jpg\",\"datePublished\":\"2024-09-16T19:53:53+00:00\",\"dateModified\":\"2024-09-16T20:01:57+00:00\",\"author\":{\"@id\":\"https:\\\/\\\/stuttgarti-katolikusok.de\\\/#\\\/schema\\\/person\\\/75908d6f8fdc03a57889d27209df7795\"},\"breadcrumb\":{\"@id\":\"https:\\\/\\\/stuttgarti-katolikusok.de\\\/index.php\\\/2024-szeptember-16-es-22-kozott\\\/#breadcrumb\"},\"inLanguage\":\"hu\",\"potentialAction\":[{\"@type\":\"ReadAction\",\"target\":[\"https:\\\/\\\/stuttgarti-katolikusok.de\\\/index.php\\\/2024-szeptember-16-es-22-kozott\\\/\"]}]},{\"@type\":\"ImageObject\",\"inLanguage\":\"hu\",\"@id\":\"https:\\\/\\\/stuttgarti-katolikusok.de\\\/index.php\\\/2024-szeptember-16-es-22-kozott\\\/#primaryimage\",\"url\":\"https:\\\/\\\/stuttgarti-katolikusok.de\\\/wp-content\\\/uploads\\\/2023\\\/09\\\/osz19.jpg\",\"contentUrl\":\"https:\\\/\\\/stuttgarti-katolikusok.de\\\/wp-content\\\/uploads\\\/2023\\\/09\\\/osz19.jpg\",\"width\":1080,\"height\":1071},{\"@type\":\"BreadcrumbList\",\"@id\":\"https:\\\/\\\/stuttgarti-katolikusok.de\\\/index.php\\\/2024-szeptember-16-es-22-kozott\\\/#breadcrumb\",\"itemListElement\":[{\"@type\":\"ListItem\",\"position\":1,\"name\":\"Kezd\u0151lap\",\"item\":\"https:\\\/\\\/stuttgarti-katolikusok.de\\\/\"},{\"@type\":\"ListItem\",\"position\":2,\"name\":\"2024. SZEPTEMBER 16 \u00c9S 22 K\u00d6Z\u00d6TT\"}]},{\"@type\":\"WebSite\",\"@id\":\"https:\\\/\\\/stuttgarti-katolikusok.de\\\/#website\",\"url\":\"https:\\\/\\\/stuttgarti-katolikusok.de\\\/\",\"name\":\"Stuttgarti Katolikusok\",\"description\":\"\",\"potentialAction\":[{\"@type\":\"SearchAction\",\"target\":{\"@type\":\"EntryPoint\",\"urlTemplate\":\"https:\\\/\\\/stuttgarti-katolikusok.de\\\/?s={search_term_string}\"},\"query-input\":{\"@type\":\"PropertyValueSpecification\",\"valueRequired\":true,\"valueName\":\"search_term_string\"}}],\"inLanguage\":\"hu\"},{\"@type\":\"Person\",\"@id\":\"https:\\\/\\\/stuttgarti-katolikusok.de\\\/#\\\/schema\\\/person\\\/75908d6f8fdc03a57889d27209df7795\",\"name\":\"Tibor atya\",\"image\":{\"@type\":\"ImageObject\",\"inLanguage\":\"hu\",\"@id\":\"https:\\\/\\\/secure.gravatar.com\\\/avatar\\\/61d268e57d1f4525b111222e29d2d5a7f8c420fdbf231ba5566a8ceac74fa960?s=96&d=mm&r=g\",\"url\":\"https:\\\/\\\/secure.gravatar.com\\\/avatar\\\/61d268e57d1f4525b111222e29d2d5a7f8c420fdbf231ba5566a8ceac74fa960?s=96&d=mm&r=g\",\"contentUrl\":\"https:\\\/\\\/secure.gravatar.com\\\/avatar\\\/61d268e57d1f4525b111222e29d2d5a7f8c420fdbf231ba5566a8ceac74fa960?s=96&d=mm&r=g\",\"caption\":\"Tibor atya\"},\"url\":\"https:\\\/\\\/stuttgarti-katolikusok.de\\\/index.php\\\/author\\\/tibor-atya\\\/\"}]}<\/script>\n<!-- \/ Yoast SEO plugin. -->","yoast_head_json":{"title":"2024. SZEPTEMBER 16 \u00c9S 22 K\u00d6Z\u00d6TT - Stuttgarti Katolikusok","robots":{"index":"index","follow":"follow","max-snippet":"max-snippet:-1","max-image-preview":"max-image-preview:large","max-video-preview":"max-video-preview:-1"},"canonical":"https:\/\/stuttgarti-katolikusok.de\/index.php\/2024-szeptember-16-es-22-kozott\/","og_locale":"hu_HU","og_type":"article","og_title":"2024. SZEPTEMBER 16 \u00c9S 22 K\u00d6Z\u00d6TT - Stuttgarti Katolikusok","og_description":"Programel\u0151zetes * Szeptember 20-\u00e1n,\u00a0p\u00e9nteken, Stuttgarti d\u00e9lut\u00e1n,\u00a0ELMARAD!!! * Szeptember 21-\u00e9n, szombaton, Heidenheimban 15.30 \u00f3rakor b\u00facs\u00fas-szentmise. Szentmise ut\u00e1n agap\u00e9 \u00e9s r\u00f6vid kultur\u00e1lis m\u0171sor \u00e9s t\u00e1nch\u00e1z.\u00a0 * (R\u00e9szlet a Szent Istv\u00e1n miseruh\u00e1b\u00f3l) \u00a0* \u00a0Szeptember 22-\u00e9n, \u00c9vk\u00f6zi 25. vas\u00e1rnap, B\u00f6blingenben 9.30 \u00f3rakor szentmise, ut\u00e1na agap\u00e9, Eislingenben 15.00 \u00f3rakor szentmise, ut\u00e1na agap\u00e9. * Minden helyen mindenkit szeretettel v\u00e1r a k\u00f6z\u00f6ss\u00e9g \u00e9s Tibor atya! * * \u201e\u2026egyszer\u0171en az, hogy l\u00e9tezel, mozd\u00edtja meg itt \u00e9s most a vil\u00e1got.\u201d (Pilinszky J\u00e1nos: Itt \u00e9s most) * Bens\u0151s\u00e9ges \u0151szi napokat, j\u00f3 munk\u00e1t, tartalmas besz\u00e9lget\u00e9seket \u00e9s \u00f6r\u00f6mteli tal\u00e1lkoz\u00e1sokat k\u00edv\u00e1nunk minden Kedves H\u00edv\u00fcnknek!","og_url":"https:\/\/stuttgarti-katolikusok.de\/index.php\/2024-szeptember-16-es-22-kozott\/","og_site_name":"Stuttgarti Katolikusok","article_published_time":"2024-09-16T19:53:53+00:00","article_modified_time":"2024-09-16T20:01:57+00:00","og_image":[{"width":1080,"height":1071,"url":"https:\/\/stuttgarti-katolikusok.de\/wp-content\/uploads\/2023\/09\/osz19.jpg","type":"image\/jpeg"}],"author":"Tibor atya","twitter_card":"summary_large_image","twitter_misc":{"Szerz\u0151:":"Tibor atya","Becs\u00fclt olvas\u00e1si id\u0151":"2 perc"},"schema":{"@context":"https:\/\/schema.org","@graph":[{"@type":"Article","@id":"https:\/\/stuttgarti-katolikusok.de\/index.php\/2024-szeptember-16-es-22-kozott\/#article","isPartOf":{"@id":"https:\/\/stuttgarti-katolikusok.de\/index.php\/2024-szeptember-16-es-22-kozott\/"},"author":{"name":"Tibor atya","@id":"https:\/\/stuttgarti-katolikusok.de\/#\/schema\/person\/75908d6f8fdc03a57889d27209df7795"},"headline":"2024. SZEPTEMBER 16 \u00c9S 22 K\u00d6Z\u00d6TT","datePublished":"2024-09-16T19:53:53+00:00","dateModified":"2024-09-16T20:01:57+00:00","mainEntityOfPage":{"@id":"https:\/\/stuttgarti-katolikusok.de\/index.php\/2024-szeptember-16-es-22-kozott\/"},"wordCount":131,"image":{"@id":"https:\/\/stuttgarti-katolikusok.de\/index.php\/2024-szeptember-16-es-22-kozott\/#primaryimage"},"thumbnailUrl":"https:\/\/stuttgarti-katolikusok.de\/wp-content\/uploads\/2023\/09\/osz19.jpg","articleSection":["Progamel\u0151zetes"],"inLanguage":"hu"},{"@type":"WebPage","@id":"https:\/\/stuttgarti-katolikusok.de\/index.php\/2024-szeptember-16-es-22-kozott\/","url":"https:\/\/stuttgarti-katolikusok.de\/index.php\/2024-szeptember-16-es-22-kozott\/","name":"2024. SZEPTEMBER 16 \u00c9S 22 K\u00d6Z\u00d6TT - Stuttgarti Katolikusok","isPartOf":{"@id":"https:\/\/stuttgarti-katolikusok.de\/#website"},"primaryImageOfPage":{"@id":"https:\/\/stuttgarti-katolikusok.de\/index.php\/2024-szeptember-16-es-22-kozott\/#primaryimage"},"image":{"@id":"https:\/\/stuttgarti-katolikusok.de\/index.php\/2024-szeptember-16-es-22-kozott\/#primaryimage"},"thumbnailUrl":"https:\/\/stuttgarti-katolikusok.de\/wp-content\/uploads\/2023\/09\/osz19.jpg","datePublished":"2024-09-16T19:53:53+00:00","dateModified":"2024-09-16T20:01:57+00:00","author":{"@id":"https:\/\/stuttgarti-katolikusok.de\/#\/schema\/person\/75908d6f8fdc03a57889d27209df7795"},"breadcrumb":{"@id":"https:\/\/stuttgarti-katolikusok.de\/index.php\/2024-szeptember-16-es-22-kozott\/#breadcrumb"},"inLanguage":"hu","potentialAction":[{"@type":"ReadAction","target":["https:\/\/stuttgarti-katolikusok.de\/index.php\/2024-szeptember-16-es-22-kozott\/"]}]},{"@type":"ImageObject","inLanguage":"hu","@id":"https:\/\/stuttgarti-katolikusok.de\/index.php\/2024-szeptember-16-es-22-kozott\/#primaryimage","url":"https:\/\/stuttgarti-katolikusok.de\/wp-content\/uploads\/2023\/09\/osz19.jpg","contentUrl":"https:\/\/stuttgarti-katolikusok.de\/wp-content\/uploads\/2023\/09\/osz19.jpg","width":1080,"height":1071},{"@type":"BreadcrumbList","@id":"https:\/\/stuttgarti-katolikusok.de\/index.php\/2024-szeptember-16-es-22-kozott\/#breadcrumb","itemListElement":[{"@type":"ListItem","position":1,"name":"Kezd\u0151lap","item":"https:\/\/stuttgarti-katolikusok.de\/"},{"@type":"ListItem","position":2,"name":"2024. SZEPTEMBER 16 \u00c9S 22 K\u00d6Z\u00d6TT"}]},{"@type":"WebSite","@id":"https:\/\/stuttgarti-katolikusok.de\/#website","url":"https:\/\/stuttgarti-katolikusok.de\/","name":"Stuttgarti Katolikusok","description":"","potentialAction":[{"@type":"SearchAction","target":{"@type":"EntryPoint","urlTemplate":"https:\/\/stuttgarti-katolikusok.de\/?s={search_term_string}"},"query-input":{"@type":"PropertyValueSpecification","valueRequired":true,"valueName":"search_term_string"}}],"inLanguage":"hu"},{"@type":"Person","@id":"https:\/\/stuttgarti-katolikusok.de\/#\/schema\/person\/75908d6f8fdc03a57889d27209df7795","name":"Tibor atya","image":{"@type":"ImageObject","inLanguage":"hu","@id":"https:\/\/secure.gravatar.com\/avatar\/61d268e57d1f4525b111222e29d2d5a7f8c420fdbf231ba5566a8ceac74fa960?s=96&d=mm&r=g","url":"https:\/\/secure.gravatar.com\/avatar\/61d268e57d1f4525b111222e29d2d5a7f8c420fdbf231ba5566a8ceac74fa960?s=96&d=mm&r=g","contentUrl":"https:\/\/secure.gravatar.com\/avatar\/61d268e57d1f4525b111222e29d2d5a7f8c420fdbf231ba5566a8ceac74fa960?s=96&d=mm&r=g","caption":"Tibor atya"},"url":"https:\/\/stuttgarti-katolikusok.de\/index.php\/author\/tibor-atya\/"}]}},"_links":{"self":[{"href":"https:\/\/stuttgarti-katolikusok.de\/index.php\/wp-json\/wp\/v2\/posts\/29365","targetHints":{"allow":["GET"]}}],"collection":[{"href":"https:\/\/stuttgarti-katolikusok.de\/index.php\/wp-json\/wp\/v2\/posts"}],"about":[{"href":"https:\/\/stuttgarti-katolikusok.de\/index.php\/wp-json\/wp\/v2\/types\/post"}],"author":[{"embeddable":true,"href":"https:\/\/stuttgarti-katolikusok.de\/index.php\/wp-json\/wp\/v2\/users\/3"}],"replies":[{"embeddable":true,"href":"https:\/\/stuttgarti-katolikusok.de\/index.php\/wp-json\/wp\/v2\/comments?post=29365"}],"version-history":[{"count":4,"href":"https:\/\/stuttgarti-katolikusok.de\/index.php\/wp-json\/wp\/v2\/posts\/29365\/revisions"}],"predecessor-version":[{"id":31673,"href":"https:\/\/stuttgarti-katolikusok.de\/index.php\/wp-json\/wp\/v2\/posts\/29365\/revisions\/31673"}],"wp:featuredmedia":[{"embeddable":true,"href":"https:\/\/stuttgarti-katolikusok.de\/index.php\/wp-json\/wp\/v2\/media\/27228"}],"wp:attachment":[{"href":"https:\/\/stuttgarti-katolikusok.de\/index.php\/wp-json\/wp\/v2\/media?parent=29365"}],"wp:term":[{"taxonomy":"category","embeddable":true,"href":"https:\/\/stuttgarti-katolikusok.de\/index.php\/wp-json\/wp\/v2\/categories?post=29365"},{"taxonomy":"post_tag","embeddable":true,"href":"https:\/\/stuttgarti-katolikusok.de\/index.php\/wp-json\/wp\/v2\/tags?post=29365"}],"curies":[{"name":"wp","href":"https:\/\/api.w.org\/{rel}","templated":true}]}}