{"id":29359,"date":"2024-09-14T23:24:51","date_gmt":"2024-09-14T21:24:51","guid":{"rendered":"https:\/\/stuttgarti-katolikusok.de\/?p=29359"},"modified":"2024-09-14T23:24:51","modified_gmt":"2024-09-14T21:24:51","slug":"evkozi-24-vasarnap-3","status":"publish","type":"post","link":"https:\/\/stuttgarti-katolikusok.de\/index.php\/evkozi-24-vasarnap-3\/","title":{"rendered":"\u00c9vk\u00f6zi 24. vas\u00e1rnap"},"content":{"rendered":"<p><span style=\"color: #ff6600;\"><em>Az \u00e9vk\u00f6zi 24. vas\u00e1rnap bizonyos \u00e9rtelemben a szenved\u00e9s k\u00e9rd\u00e9s\u00e9t, \u00e9s ahhoz val\u00f3 viszonyul\u00e1sunkat \u00e1ll\u00edtja figyelm\u00fcnk k\u00f6z\u00e9ppontj\u00e1ba.<\/em><\/span><\/p>\n<p><span style=\"color: #ff6600;\"><em>\u00c1lljon itt Szent II. J\u00e1nos P\u00e1l p\u00e1pa elm\u00e9lked\u00e9se : &#8222;J\u00e9zus azonos\u00edtja mag\u00e1t minden sz\u00fcks\u00e9get szenved\u0151 emberrel. Amikor teh\u00e1t m\u00e1sokon seg\u00edt\u00fcnk, ezt val\u00f3j\u00e1ban J\u00e9zussal tessz\u00fck.\u00a0<\/em><\/span><\/p>\n<p><span style=\"color: #ff6600;\"><em>A keresztet hordoz\u00f3 ember pedig komolyan gondoljon arra, hogy minden szenved\u00e9s Krisztus szenved\u00e9s\u00e9ben val\u00f3 r\u00e9szesed\u00e9s. Szent P\u00e1l apostol szerint az a hivat\u00e1sunk, hogy szenved\u00e9seinkkel kieg\u00e9sz\u00edts\u00fck azt, ami Krisztus szenved\u00e9s\u00e9b\u0151l hi\u00e1nyzik az Egyh\u00e1z jav\u00e1ra.<\/em><\/span><\/p>\n<p><span style=\"color: #ff6600;\"><em>Krisztus ezt mondta: &#8222;velem tett\u00e9tek&#8221;. Mindenkiben \u0151 tapasztalja meg szeretet\u00fcnket. Neki seg\u00edt\u00fcnk, amikor megk\u00fcl\u00f6nb\u00f6ztet\u00e9s n\u00e9lk\u00fcl seg\u00edts\u00e9get ny\u00fajtunk minden szenved\u0151nek. \u0150 van jelen minden szenved\u0151ben, mivel \u00fcdv\u00f6z\u00edt\u0151 szenved\u00e9se egyszer s mindenkorra felt\u00e1rul minden emberi szenved\u00e9s el\u0151tt. S minden szenved\u0151 egyszer s mindenkorra megh\u00edv\u00e1st kapott, hogy &#8222;Krisztus szenved\u00e9seinek&#8221; r\u00e9szese legyen. Mik\u00e9nt mindenkihez sz\u00f3l P\u00e1l apostol szava: &#8222;Eg\u00e9sz\u00edts\u00e9tek ki&#8221; saj\u00e1t szenved\u00e9setekkel azt, &#8222;ami Krisztus szenved\u00e9s\u00e9b\u0151l m\u00e9g hi\u00e1nyzik&#8221;.<\/em><\/span><\/p>\n<p><span style=\"color: #008000;\">Kezd\u0151\u00e9nek:<\/span><br \/>\nAdj b\u00e9k\u00e9t, Urunk, azoknak, akik benned b\u00edznak, hogy pr\u00f3f\u00e9t\u00e1id igazmond\u00f3knak bizonyuljanak; hallgasd meg szolg\u00e1d, \u00e9s a te n\u00e9ped, Izrael k\u00f6ny\u00f6rg\u00e9s\u00e9t. (V\u00f6. Sir 36,18)<\/p>\n<p><span style=\"color: #008000;\">K\u00f6ny\u00f6rg\u00e9s:<\/span><br \/>\nMindens\u00e9g teremt\u0151 \u00e9s gondvisel\u0151 Istene, tekints re\u00e1nk \u00e9s engedd \u00e9rezn\u00fcnk irgalmas j\u00f3s\u00e1god, hogy eg\u00e9sz sz\u00edvvel szolg\u00e1ljunk neked. A mi Urunk, J\u00e9zus Krisztus, a te Fiad \u00e1ltal, aki veled \u00e9l \u00e9s uralkodik a Szentl\u00e9lekkel egys\u00e9gben, Isten mind\u00f6r\u00f6kk\u00f6n \u00f6r\u00f6kk\u00e9.<\/p>\n<p align=\"justify\"><span style=\"color: #008000;\">OLVASM\u00c1NY Izaj\u00e1s pr\u00f3f\u00e9ta k\u00f6nyv\u00e9b\u0151l (Iz 50,5-9a)<\/span><br \/>\nPr\u00f3f\u00e9t\u00e1ja \u00e1ltal a Megv\u00e1lt\u00f3 \u00edgy besz\u00e9l: \u201eIsten, az \u00dar megnyitotta f\u00fclemet. \u00c9n nem \u00e1lltam ellen, \u00e9s nem h\u00e1tr\u00e1ltam meg. H\u00e1tamat odaford\u00edtottam azoknak, akik vertek, arcomat pedig azoknak, akik t\u00e9p\u00e1ztak. Nem rejtettem el arcomat azok el\u0151l, akik gyal\u00e1ztak \u00e9s lek\u00f6pd\u00f6stek. Isten, az \u00dar megseg\u00edt, ez\u00e9rt nem vallok sz\u00e9gyent. Arcomat megkem\u00e9ny\u00edtem, mint a k\u0151szikla, s tudom, hogy nem kell sz\u00e9gyenkeznem. K\u00f6zel van, aki igazs\u00e1got szolg\u00e1ltat nekem. Ki sz\u00e1llhat velem perbe? \u00c1lljunk ki egy\u00fctt! Ki az ellenfelem? J\u00f6jj\u00f6n ide hozz\u00e1m! Isten, az \u00dar seg\u00edts\u00e9gemre siet. Ki \u00edt\u00e9lhetne el?\u201d<br \/>\nEz az Isten ig\u00e9je.<\/p>\n<p align=\"justify\"><span style=\"color: #008000;\">V\u00c1LASZOS ZSOLT\u00c1R (Zsolt 114,1-2.3-4.5-6.8-9)<\/span><br \/>\nV\u00e1lasz:\u00a0<strong>Az \u00dar sz\u00edne\u00a0<u>e<\/u>l\u0151tt j\u00e1rok, * az\u00a0<u>\u00e9<\/u>l\u0151k f\u00f6ldj\u00e9n.<\/strong>\u00a0(7. t\u00f3nus.)<br \/>\nVagy:\u00a0<strong>Alleluja, alleluja, alleluja.<\/strong><br \/>\nEl\u0151\u00e9nekes: Az Urat\u00a0<u>na<\/u>gyon szeretem * mert k\u00f6ny\u00f6rg\u00e9sem szav\u00e1t\u00a0<u>meg<\/u>hallgatta.<br \/>\nF\u00fcl\u00e9t hozz\u00e1m\u00a0<u>for<\/u>d\u00edtotta, * amely napon hozz\u00e1\u00a0<u>ki<\/u>\u00e1ltottam.<br \/>\nH\u00edvek:\u00a0<strong>Az \u00dar sz\u00edne\u00a0<u>e<\/u>l\u0151tt j\u00e1rok, * az\u00a0<u>\u00e9<\/u>l\u0151k f\u00f6ldj\u00e9n.<\/strong><br \/>\nVagy:\u00a0<strong>Alleluja, alleluja, alleluja.<\/strong><br \/>\nE: A hal\u00e1l k\u00f6tel\u00e9kei\u00a0<u>k\u00f6<\/u>r\u00fcl fontak, * el\u00e9rtek engem az alvil\u00e1g\u00a0<u>gy\u00f6t<\/u>relmei.<br \/>\nSzorongat\u00e1s \u00e9s f\u00e1jdalom fo<u>gott<\/u>\u00a0el, \u2020 \u00e1mde az \u00dar nev\u00e9t\u00a0<u>ki<\/u>\u00e1ltottam, * \u201eUram, mentsd meg az\u00a0<u>\u00e9<\/u>letemet.\u201d<br \/>\nH:\u00a0<strong>Az \u00dar sz\u00edne\u00a0<u>e<\/u>l\u0151tt j\u00e1rok, * az\u00a0<u>\u00e9<\/u>l\u0151k f\u00f6ldj\u00e9n.<\/strong><br \/>\nVagy:\u00a0<strong>Alleluja, alleluja, alleluja.<\/strong><br \/>\nE: Az \u00dar j\u00f3s\u00e1gos \u00e9s\u00a0<u>i<\/u>gazs\u00e1gos, * irgalmas\u00a0<u>a<\/u>\u00a0mi Isten\u00fcnk.<br \/>\nAz \u00dar oltalm\u00e1ba fogadja a\u00a0<u>ki<\/u>csinyeket; * nyomorult voltam,\u00a0<u>de<\/u>\u00a0\u0151 megmentett.\u201d<br \/>\nH:\u00a0<strong>Az \u00dar sz\u00edne\u00a0<u>e<\/u>l\u0151tt j\u00e1rok, * az\u00a0<u>\u00e9<\/u>l\u0151k f\u00f6ldj\u00e9n.<\/strong><br \/>\nVagy:\u00a0<strong>Alleluja, alleluja, alleluja.<\/strong><br \/>\nE: Lelkemet a hal\u00e1lt\u00f3l\u00a0<u>meg<\/u>mentette, * szememet a k\u00f6nnyhullat\u00e1st\u00f3l, l\u00e1bamat az\u00a0<u>el<\/u>buk\u00e1st\u00f3l.<br \/>\nAz \u00dar sz\u00edne\u00a0<u>e<\/u>l\u0151tt j\u00e1rok, * az\u00a0<u>\u00e9<\/u>l\u0151k f\u00f6ldj\u00e9n.<br \/>\nH:\u00a0<strong>Az \u00dar sz\u00edne\u00a0<u>e<\/u>l\u0151tt j\u00e1rok, * az\u00a0<u>\u00e9<\/u>l\u0151k f\u00f6ldj\u00e9n.<\/strong><br \/>\nVagy:\u00a0<strong>Alleluja, alleluja, alleluja.<\/strong><\/p>\n<p align=\"justify\"><span style=\"color: #008000;\">SZENTLECKE Szent Jakab level\u00e9b\u0151l (Jak 2,14-18)<\/span><br \/>\nTestv\u00e9reim!<br \/>\nMit haszn\u00e1l, ha valaki azt \u00e1ll\u00edtja, hogy van hite, bel\u0151le fakad\u00f3 tettei azonban nincsenek? \u00dcdv\u00f6z\u00edtheti a hite? Ha valamelyik testv\u00e9rnek nem volna ruh\u00e1ja \u00e9s nem volna meg a mindennapi t\u00e1pl\u00e1l\u00e9ka, \u00e9s egyiketek \u00edgy sz\u00f3lna hozz\u00e1: \u201eMenj b\u00e9k\u00e9ben, melegedj, \u00e9s lakj\u00e1l j\u00f3l!\u201d, de nem adn\u00e1tok meg neki, amire test\u00e9nek sz\u00fcks\u00e9ge van, mit haszn\u00e1lna? Ugyan\u00edgy a hit is, ha tettek nem sz\u00e1rmaznak bel\u0151le, mag\u00e1ban holt dolog. Azt is mondhatja valaki: \u201eNeked hited van, nekem meg tetteim.\u201d Ha tettek n\u00e9lk\u00fcl megmutatod nekem hitedet, tetteim alapj\u00e1n \u00e9n is bebizony\u00edtom neked hitemet.<br \/>\nEz az Isten ig\u00e9je.<\/p>\n<p align=\"justify\"><span style=\"color: #008000;\">ALLELUJA<\/span><br \/>\nNincs m\u00e1sban dicsekv\u00e9sem, mint az \u00dar keresztj\u00e9ben, \u2020 \u00e1ltala a vil\u00e1g megfesz\u00edttetett sz\u00e1momra, * \u00e9s \u00e9n a vil\u00e1g sz\u00e1m\u00e1ra. (Gal 6,14 \u2013 4g. t\u00f3nus.)<\/p>\n<p align=\"justify\"><span style=\"color: #008000;\">\u2020 EVANG\u00c9LIUM Szent M\u00e1rk k\u00f6nyv\u00e9b\u0151l (Mk 8,27-35)<\/span><br \/>\nAbban az id\u0151ben J\u00e9zus elment tan\u00edtv\u00e1nyaival F\u00fcl\u00f6p Cez\u00e1re\u00e1j\u00e1nak vid\u00e9k\u00e9re. \u00datk\u00f6zben megk\u00e9rdezte tan\u00edtv\u00e1nyait: \u201eKinek tartanak engem az emberek?\u201d Azok \u00edgy v\u00e1laszoltak: \u201eN\u00e9melyek Keresztel\u0151 J\u00e1nosnak, m\u00e1sok Ill\u00e9snek, ism\u00e9t m\u00e1sok valamelyik pr\u00f3f\u00e9t\u00e1nak.\u201d Erre megk\u00e9rdezte t\u0151l\u00fck: \u201eH\u00e1t ti mit mondotok, ki vagyok?\u201d P\u00e9ter v\u00e1laszolt: \u201eTe vagy a Messi\u00e1s!\u201d Ekkor J\u00e9zus a lelk\u00fckre k\u00f6t\u00f6tte, hogy ne sz\u00f3ljanak err\u0151l senkinek. Ezut\u00e1n arra kezdte tan\u00edtani \u0151ket, hogy az Emberfi\u00e1nak sokat kell szenvednie, a v\u00e9nek, a f\u0151papok \u00e9s az \u00edr\u00e1stud\u00f3k elvetik, meg\u00f6lik, de harmadnapra felt\u00e1mad. Ezt eg\u00e9szen ny\u00edltan megmondta.<br \/>\nErre P\u00e9ter f\u00e9lrevonta \u00e9s szemreh\u00e1ny\u00e1st tett neki. De \u0151 h\u00e1trafordult, r\u00e1n\u00e9zett tan\u00edtv\u00e1nyaira, \u00e9s \u00edgy korholta P\u00e9tert: \u201eT\u00e1vozz t\u0151lem, s\u00e1t\u00e1n, mert nem Isten sz\u00e1nd\u00e9ka szerint gondolkodsz, hanem emberi m\u00f3don.\u201d Majd \u00f6sszeh\u00edvta a n\u00e9pet \u00e9s tan\u00edtv\u00e1nyait, s \u00edgy sz\u00f3lt hozz\u00e1juk: \u201eHa valaki k\u00f6vetni akar, tagadja meg mag\u00e1t, vegye fel keresztj\u00e9t, \u00e9s k\u00f6vessen. Mert aki meg akarja menteni \u00e9let\u00e9t, elvesz\u00edti azt, de aki elvesz\u00edti \u00e9let\u00e9t \u00e9rtem \u00e9s az evang\u00e9lium\u00e9rt, megmenti azt.<br \/>\nEzek az evang\u00e9lium ig\u00e9i.<\/p>\n<p><span style=\"color: #008000;\">EGYETEMES K\u00d6NY\u00d6RG\u00c9SEK<\/span><br \/>\nPap: Im\u00e1dkozzunk testv\u00e9reim, hogy J\u00e9zus Krisztust k\u00f6vetve sz\u00edvesen v\u00e1llaljuk mindennapi keresztjeinket!<br \/>\nLektor:<br \/>\n1. Add Egyh\u00e1zad p\u00e1sztorainak, hogy a lelkek \u00fcdv\u00f6ss\u00e9g\u00e9\u00e9rt t\u00fcrelmesen hordozz\u00e1k k\u00f6teless\u00e9g\u00fck keresztj\u00e9t!<br \/>\nH\u00edvek: K\u00e9r\u00fcnk t\u00e9ged, hallgass meg minket!<br \/>\n2. Add, hogy a n\u00e9pek felel\u0151s vezet\u0151i az igazs\u00e1gtalans\u00e1g \u00e9s a nyomor megsz\u00fcntet\u00e9s\u00e9n f\u00e1radozzanak!<br \/>\nH\u00edvek: K\u00e9r\u00fcnk t\u00e9ged . . .<br \/>\n3. Add, hogy a betegek a maguk \u00e9s m\u00e1sok \u00f6r\u00f6k boldogs\u00e1g\u00e1\u00e9rt k\u00e9szs\u00e9gesen v\u00e1llalj\u00e1k szenved\u00e9s\u00fcket!<br \/>\nH\u00edvek: K\u00e9r\u00fcnk t\u00e9ged . . .<br \/>\n4. Add, hogy egyik\u00fcnk se z\u00fagol\u00f3dj\u00e9k \u00e9let\u00e9nek keresztje miatt, hanem ismerj\u00fck fel benne szent akaratodat!<br \/>\nH\u00edvek: K\u00e9r\u00fcnk t\u00e9ged . . .<br \/>\n5. Add, hogy seg\u00edts\u00fck embert\u00e1rsainkat kereszthordoz\u00e1sukban az irgalmass\u00e1g cselekedeteinek gyakorl\u00e1s\u00e1val!<br \/>\nH\u00edvek: K\u00e9r\u00fcnk t\u00e9ged . . .<br \/>\nPap: Mindenhat\u00f3 Aty\u00e1nk! Szent Fiadat sem k\u00edm\u00e9lted meg a szenved\u00e9st\u0151l \u00e9s a keresztt\u0151l. Add kegyelmedet, hogy keresztjeink t\u00fcrelmes visel\u00e9s\u00e9vel biztos\u00edtsuk a magunk \u00e9s m\u00e1sok \u00f6r\u00f6k \u00fcdv\u00f6ss\u00e9g\u00e9t! Krisztus, a mi Urunk \u00e1ltal.<br \/>\nH\u00edvek: \u00c1men.<\/p>\n<p><span style=\"color: #008000;\">Felaj\u00e1nl\u00f3 k\u00f6ny\u00f6rg\u00e9s:<\/span><br \/>\nFogadd kegyesen k\u00f6ny\u00f6rg\u00e9seinket, Urunk Isten\u00fcnk, \u00e9s vedd sz\u00edvesen h\u00edveid \u00e1ldozati adom\u00e1nyait, hogy amit most neved dics\u0151s\u00e9g\u00e9re egyenk\u00e9nt felaj\u00e1nlottunk, mindny\u00e1junk \u00fcdv\u00f6ss\u00e9g\u00e9re v\u00e1lj\u00e9k. Krisztus, a mi Urunk \u00e1ltal.<\/p>\n<p><span style=\"color: #008000;\">\u00c1ldoz\u00e1si \u00e9nek:<\/span><br \/>\nMilyen dr\u00e1ga a te irgalmad, Isten! Az emberek fiai sz\u00e1rnyad \u00e1rny\u00e9k\u00e1ban tal\u00e1lnak mened\u00e9ket. (V\u00f6. Zsolt 35,8)<br \/>\n<span style=\"color: #008000;\"><em>Vagy<\/em><\/span><br \/>\nAz \u00e1ld\u00e1s kelyhe, amelyet meg\u00e1ldunk, Krisztus v\u00e9r\u00e9ben r\u00e9szes\u00edt; a keny\u00e9r pedig, amelyet megt\u00f6r\u00fcnk, az \u00dar test\u00e9be kapcsol. (V\u00f6. 1Kor 10,16)<\/p>\n<p><span style=\"color: #008000;\">\u00c1ldoz\u00e1s ut\u00e1ni k\u00f6ny\u00f6rg\u00e9s:<\/span><br \/>\nMennyei aj\u00e1nd\u00e9kod \u00e9ltet\u0151 ereje j\u00e1rja \u00e1t lelk\u00fcnket \u00e9s test\u00fcnket, Urunk, Isten\u00fcnk, hogy ne a mi \u00f6szt\u00f6n\u00f6s term\u00e9szet\u00fcnk uralkodj\u00e9k benn\u00fcnk, hanem e szents\u00e9g hat\u00e1sa ir\u00e1ny\u00edtson minket mindenkor. Krisztus, a mi Urunk \u00e1ltal.<\/p>\n","protected":false},"excerpt":{"rendered":"<p>Az \u00e9vk\u00f6zi 24. vas\u00e1rnap bizonyos \u00e9rtelemben a szenved\u00e9s k\u00e9rd\u00e9s\u00e9t, \u00e9s ahhoz val\u00f3 viszonyul\u00e1sunkat \u00e1ll\u00edtja figyelm\u00fcnk k\u00f6z\u00e9ppontj\u00e1ba. \u00c1lljon itt Szent II. J\u00e1nos P\u00e1l p\u00e1pa elm\u00e9lked\u00e9se : &#8222;J\u00e9zus azonos\u00edtja mag\u00e1t minden sz\u00fcks\u00e9get szenved\u0151 emberrel. Amikor teh\u00e1t m\u00e1sokon seg\u00edt\u00fcnk, ezt val\u00f3j\u00e1ban J\u00e9zussal tessz\u00fck.\u00a0 A keresztet hordoz\u00f3 ember pedig komolyan gondoljon arra, hogy minden szenved\u00e9s Krisztus szenved\u00e9s\u00e9ben val\u00f3 r\u00e9szesed\u00e9s. Szent P\u00e1l apostol szerint az a hivat\u00e1sunk, hogy szenved\u00e9seinkkel kieg\u00e9sz\u00edts\u00fck azt, ami Krisztus szenved\u00e9s\u00e9b\u0151l hi\u00e1nyzik az Egyh\u00e1z jav\u00e1ra. Krisztus ezt mondta: &#8222;velem tett\u00e9tek&#8221;. Mindenkiben \u0151 tapasztalja meg szeretet\u00fcnket. Neki seg\u00edt\u00fcnk, amikor megk\u00fcl\u00f6nb\u00f6ztet\u00e9s n\u00e9lk\u00fcl seg\u00edts\u00e9get ny\u00fajtunk minden szenved\u0151nek. \u0150 van jelen minden szenved\u0151ben, mivel \u00fcdv\u00f6z\u00edt\u0151 szenved\u00e9se egyszer s mindenkorra felt\u00e1rul minden emberi szenved\u00e9s el\u0151tt. S minden szenved\u0151 egyszer s mindenkorra megh\u00edv\u00e1st kapott, hogy &#8222;Krisztus szenved\u00e9seinek&#8221; r\u00e9szese legyen. Mik\u00e9nt mindenkihez sz\u00f3l P\u00e1l apostol szava: &#8222;Eg\u00e9sz\u00edts\u00e9tek ki&#8221; saj\u00e1t szenved\u00e9setekkel azt, &#8222;ami Krisztus szenved\u00e9s\u00e9b\u0151l m\u00e9g hi\u00e1nyzik&#8221;. Kezd\u0151\u00e9nek: Adj b\u00e9k\u00e9t, Urunk, azoknak, akik benned b\u00edznak, hogy pr\u00f3f\u00e9t\u00e1id igazmond\u00f3knak bizonyuljanak; hallgasd meg szolg\u00e1d, \u00e9s a te n\u00e9ped, Izrael k\u00f6ny\u00f6rg\u00e9s\u00e9t. (V\u00f6. Sir 36,18) K\u00f6ny\u00f6rg\u00e9s: Mindens\u00e9g teremt\u0151 \u00e9s gondvisel\u0151 Istene, tekints re\u00e1nk \u00e9s engedd \u00e9rezn\u00fcnk irgalmas j\u00f3s\u00e1god, hogy eg\u00e9sz sz\u00edvvel szolg\u00e1ljunk neked. A mi Urunk, J\u00e9zus Krisztus, a te Fiad \u00e1ltal, aki veled \u00e9l \u00e9s uralkodik a Szentl\u00e9lekkel egys\u00e9gben, Isten mind\u00f6r\u00f6kk\u00f6n \u00f6r\u00f6kk\u00e9. OLVASM\u00c1NY Izaj\u00e1s pr\u00f3f\u00e9ta k\u00f6nyv\u00e9b\u0151l (Iz 50,5-9a) Pr\u00f3f\u00e9t\u00e1ja \u00e1ltal a Megv\u00e1lt\u00f3 \u00edgy besz\u00e9l: \u201eIsten, az \u00dar megnyitotta f\u00fclemet. \u00c9n nem \u00e1lltam ellen, \u00e9s nem h\u00e1tr\u00e1ltam meg. H\u00e1tamat odaford\u00edtottam azoknak, akik vertek, arcomat pedig azoknak, akik t\u00e9p\u00e1ztak. Nem rejtettem el arcomat azok el\u0151l, akik gyal\u00e1ztak \u00e9s lek\u00f6pd\u00f6stek. Isten, az \u00dar megseg\u00edt, ez\u00e9rt nem vallok sz\u00e9gyent. Arcomat megkem\u00e9ny\u00edtem, mint a k\u0151szikla, s tudom, hogy nem kell sz\u00e9gyenkeznem. K\u00f6zel van, aki igazs\u00e1got szolg\u00e1ltat nekem. Ki sz\u00e1llhat velem perbe? \u00c1lljunk ki egy\u00fctt! Ki az ellenfelem? J\u00f6jj\u00f6n ide hozz\u00e1m! Isten, az \u00dar seg\u00edts\u00e9gemre siet. Ki \u00edt\u00e9lhetne el?\u201d Ez az Isten ig\u00e9je. V\u00c1LASZOS ZSOLT\u00c1R (Zsolt 114,1-2.3-4.5-6.8-9) V\u00e1lasz:\u00a0Az \u00dar&#8230; <\/p>\n<p><a class=\"readmore\" href=\"https:\/\/stuttgarti-katolikusok.de\/index.php\/evkozi-24-vasarnap-3\/\">R\u00e9szletek<\/a><\/p>\n","protected":false},"author":3,"featured_media":29357,"comment_status":"closed","ping_status":"closed","sticky":false,"template":"","format":"standard","meta":{"footnotes":""},"categories":[85,63],"tags":[],"class_list":["post-29359","post","type-post","status-publish","format-standard","has-post-thumbnail","hentry","category-a-liturgia-olvasmanyai","category-vasarnapi-gondolatok"],"yoast_head":"<!-- This site is optimized with the Yoast SEO plugin v27.3 - https:\/\/yoast.com\/product\/yoast-seo-wordpress\/ -->\n<title>\u00c9vk\u00f6zi 24. vas\u00e1rnap - Stuttgarti Katolikusok<\/title>\n<meta name=\"robots\" content=\"index, follow, max-snippet:-1, max-image-preview:large, max-video-preview:-1\" \/>\n<link rel=\"canonical\" href=\"https:\/\/stuttgarti-katolikusok.de\/index.php\/evkozi-24-vasarnap-3\/\" \/>\n<meta property=\"og:locale\" content=\"hu_HU\" \/>\n<meta property=\"og:type\" content=\"article\" \/>\n<meta property=\"og:title\" content=\"\u00c9vk\u00f6zi 24. vas\u00e1rnap - Stuttgarti Katolikusok\" \/>\n<meta property=\"og:description\" content=\"Az \u00e9vk\u00f6zi 24. vas\u00e1rnap bizonyos \u00e9rtelemben a szenved\u00e9s k\u00e9rd\u00e9s\u00e9t, \u00e9s ahhoz val\u00f3 viszonyul\u00e1sunkat \u00e1ll\u00edtja figyelm\u00fcnk k\u00f6z\u00e9ppontj\u00e1ba. \u00c1lljon itt Szent II. J\u00e1nos P\u00e1l p\u00e1pa elm\u00e9lked\u00e9se : &#8222;J\u00e9zus azonos\u00edtja mag\u00e1t minden sz\u00fcks\u00e9get szenved\u0151 emberrel. Amikor teh\u00e1t m\u00e1sokon seg\u00edt\u00fcnk, ezt val\u00f3j\u00e1ban J\u00e9zussal tessz\u00fck.\u00a0 A keresztet hordoz\u00f3 ember pedig komolyan gondoljon arra, hogy minden szenved\u00e9s Krisztus szenved\u00e9s\u00e9ben val\u00f3 r\u00e9szesed\u00e9s. Szent P\u00e1l apostol szerint az a hivat\u00e1sunk, hogy szenved\u00e9seinkkel kieg\u00e9sz\u00edts\u00fck azt, ami Krisztus szenved\u00e9s\u00e9b\u0151l hi\u00e1nyzik az Egyh\u00e1z jav\u00e1ra. Krisztus ezt mondta: &#8222;velem tett\u00e9tek&#8221;. Mindenkiben \u0151 tapasztalja meg szeretet\u00fcnket. Neki seg\u00edt\u00fcnk, amikor megk\u00fcl\u00f6nb\u00f6ztet\u00e9s n\u00e9lk\u00fcl seg\u00edts\u00e9get ny\u00fajtunk minden szenved\u0151nek. \u0150 van jelen minden szenved\u0151ben, mivel \u00fcdv\u00f6z\u00edt\u0151 szenved\u00e9se egyszer s mindenkorra felt\u00e1rul minden emberi szenved\u00e9s el\u0151tt. S minden szenved\u0151 egyszer s mindenkorra megh\u00edv\u00e1st kapott, hogy &#8222;Krisztus szenved\u00e9seinek&#8221; r\u00e9szese legyen. Mik\u00e9nt mindenkihez sz\u00f3l P\u00e1l apostol szava: &#8222;Eg\u00e9sz\u00edts\u00e9tek ki&#8221; saj\u00e1t szenved\u00e9setekkel azt, &#8222;ami Krisztus szenved\u00e9s\u00e9b\u0151l m\u00e9g hi\u00e1nyzik&#8221;. Kezd\u0151\u00e9nek: Adj b\u00e9k\u00e9t, Urunk, azoknak, akik benned b\u00edznak, hogy pr\u00f3f\u00e9t\u00e1id igazmond\u00f3knak bizonyuljanak; hallgasd meg szolg\u00e1d, \u00e9s a te n\u00e9ped, Izrael k\u00f6ny\u00f6rg\u00e9s\u00e9t. (V\u00f6. Sir 36,18) K\u00f6ny\u00f6rg\u00e9s: Mindens\u00e9g teremt\u0151 \u00e9s gondvisel\u0151 Istene, tekints re\u00e1nk \u00e9s engedd \u00e9rezn\u00fcnk irgalmas j\u00f3s\u00e1god, hogy eg\u00e9sz sz\u00edvvel szolg\u00e1ljunk neked. A mi Urunk, J\u00e9zus Krisztus, a te Fiad \u00e1ltal, aki veled \u00e9l \u00e9s uralkodik a Szentl\u00e9lekkel egys\u00e9gben, Isten mind\u00f6r\u00f6kk\u00f6n \u00f6r\u00f6kk\u00e9. OLVASM\u00c1NY Izaj\u00e1s pr\u00f3f\u00e9ta k\u00f6nyv\u00e9b\u0151l (Iz 50,5-9a) Pr\u00f3f\u00e9t\u00e1ja \u00e1ltal a Megv\u00e1lt\u00f3 \u00edgy besz\u00e9l: \u201eIsten, az \u00dar megnyitotta f\u00fclemet. \u00c9n nem \u00e1lltam ellen, \u00e9s nem h\u00e1tr\u00e1ltam meg. H\u00e1tamat odaford\u00edtottam azoknak, akik vertek, arcomat pedig azoknak, akik t\u00e9p\u00e1ztak. Nem rejtettem el arcomat azok el\u0151l, akik gyal\u00e1ztak \u00e9s lek\u00f6pd\u00f6stek. Isten, az \u00dar megseg\u00edt, ez\u00e9rt nem vallok sz\u00e9gyent. Arcomat megkem\u00e9ny\u00edtem, mint a k\u0151szikla, s tudom, hogy nem kell sz\u00e9gyenkeznem. K\u00f6zel van, aki igazs\u00e1got szolg\u00e1ltat nekem. Ki sz\u00e1llhat velem perbe? \u00c1lljunk ki egy\u00fctt! Ki az ellenfelem? J\u00f6jj\u00f6n ide hozz\u00e1m! Isten, az \u00dar seg\u00edts\u00e9gemre siet. Ki \u00edt\u00e9lhetne el?\u201d Ez az Isten ig\u00e9je. V\u00c1LASZOS ZSOLT\u00c1R (Zsolt 114,1-2.3-4.5-6.8-9) V\u00e1lasz:\u00a0Az \u00dar... R\u00e9szletek\" \/>\n<meta property=\"og:url\" content=\"https:\/\/stuttgarti-katolikusok.de\/index.php\/evkozi-24-vasarnap-3\/\" \/>\n<meta property=\"og:site_name\" content=\"Stuttgarti Katolikusok\" \/>\n<meta property=\"article:published_time\" content=\"2024-09-14T21:24:51+00:00\" \/>\n<meta property=\"og:image\" content=\"https:\/\/stuttgarti-katolikusok.de\/wp-content\/uploads\/2024\/09\/whatsapp-kep-2024-09-14-222341-13c54751.jpg\" \/>\n\t<meta property=\"og:image:width\" content=\"1674\" \/>\n\t<meta property=\"og:image:height\" content=\"1116\" \/>\n\t<meta property=\"og:image:type\" content=\"image\/jpeg\" \/>\n<meta name=\"author\" content=\"Tibor atya\" \/>\n<meta name=\"twitter:card\" content=\"summary_large_image\" \/>\n<meta name=\"twitter:label1\" content=\"Szerz\u0151:\" \/>\n\t<meta name=\"twitter:data1\" content=\"Tibor atya\" \/>\n\t<meta name=\"twitter:label2\" content=\"Becs\u00fclt olvas\u00e1si id\u0151\" \/>\n\t<meta name=\"twitter:data2\" content=\"6 perc\" \/>\n<script type=\"application\/ld+json\" class=\"yoast-schema-graph\">{\"@context\":\"https:\\\/\\\/schema.org\",\"@graph\":[{\"@type\":\"Article\",\"@id\":\"https:\\\/\\\/stuttgarti-katolikusok.de\\\/index.php\\\/evkozi-24-vasarnap-3\\\/#article\",\"isPartOf\":{\"@id\":\"https:\\\/\\\/stuttgarti-katolikusok.de\\\/index.php\\\/evkozi-24-vasarnap-3\\\/\"},\"author\":{\"name\":\"Tibor atya\",\"@id\":\"https:\\\/\\\/stuttgarti-katolikusok.de\\\/#\\\/schema\\\/person\\\/75908d6f8fdc03a57889d27209df7795\"},\"headline\":\"\u00c9vk\u00f6zi 24. vas\u00e1rnap\",\"datePublished\":\"2024-09-14T21:24:51+00:00\",\"mainEntityOfPage\":{\"@id\":\"https:\\\/\\\/stuttgarti-katolikusok.de\\\/index.php\\\/evkozi-24-vasarnap-3\\\/\"},\"wordCount\":1463,\"image\":{\"@id\":\"https:\\\/\\\/stuttgarti-katolikusok.de\\\/index.php\\\/evkozi-24-vasarnap-3\\\/#primaryimage\"},\"thumbnailUrl\":\"https:\\\/\\\/stuttgarti-katolikusok.de\\\/wp-content\\\/uploads\\\/2024\\\/09\\\/whatsapp-kep-2024-09-14-222341-13c54751.jpg\",\"articleSection\":[\"A liturgia olvasm\u00e1nyai\",\"Vas\u00e1rnapi gondolatok\"],\"inLanguage\":\"hu\"},{\"@type\":\"WebPage\",\"@id\":\"https:\\\/\\\/stuttgarti-katolikusok.de\\\/index.php\\\/evkozi-24-vasarnap-3\\\/\",\"url\":\"https:\\\/\\\/stuttgarti-katolikusok.de\\\/index.php\\\/evkozi-24-vasarnap-3\\\/\",\"name\":\"\u00c9vk\u00f6zi 24. vas\u00e1rnap - Stuttgarti Katolikusok\",\"isPartOf\":{\"@id\":\"https:\\\/\\\/stuttgarti-katolikusok.de\\\/#website\"},\"primaryImageOfPage\":{\"@id\":\"https:\\\/\\\/stuttgarti-katolikusok.de\\\/index.php\\\/evkozi-24-vasarnap-3\\\/#primaryimage\"},\"image\":{\"@id\":\"https:\\\/\\\/stuttgarti-katolikusok.de\\\/index.php\\\/evkozi-24-vasarnap-3\\\/#primaryimage\"},\"thumbnailUrl\":\"https:\\\/\\\/stuttgarti-katolikusok.de\\\/wp-content\\\/uploads\\\/2024\\\/09\\\/whatsapp-kep-2024-09-14-222341-13c54751.jpg\",\"datePublished\":\"2024-09-14T21:24:51+00:00\",\"author\":{\"@id\":\"https:\\\/\\\/stuttgarti-katolikusok.de\\\/#\\\/schema\\\/person\\\/75908d6f8fdc03a57889d27209df7795\"},\"breadcrumb\":{\"@id\":\"https:\\\/\\\/stuttgarti-katolikusok.de\\\/index.php\\\/evkozi-24-vasarnap-3\\\/#breadcrumb\"},\"inLanguage\":\"hu\",\"potentialAction\":[{\"@type\":\"ReadAction\",\"target\":[\"https:\\\/\\\/stuttgarti-katolikusok.de\\\/index.php\\\/evkozi-24-vasarnap-3\\\/\"]}]},{\"@type\":\"ImageObject\",\"inLanguage\":\"hu\",\"@id\":\"https:\\\/\\\/stuttgarti-katolikusok.de\\\/index.php\\\/evkozi-24-vasarnap-3\\\/#primaryimage\",\"url\":\"https:\\\/\\\/stuttgarti-katolikusok.de\\\/wp-content\\\/uploads\\\/2024\\\/09\\\/whatsapp-kep-2024-09-14-222341-13c54751.jpg\",\"contentUrl\":\"https:\\\/\\\/stuttgarti-katolikusok.de\\\/wp-content\\\/uploads\\\/2024\\\/09\\\/whatsapp-kep-2024-09-14-222341-13c54751.jpg\",\"width\":1674,\"height\":1116},{\"@type\":\"BreadcrumbList\",\"@id\":\"https:\\\/\\\/stuttgarti-katolikusok.de\\\/index.php\\\/evkozi-24-vasarnap-3\\\/#breadcrumb\",\"itemListElement\":[{\"@type\":\"ListItem\",\"position\":1,\"name\":\"Kezd\u0151lap\",\"item\":\"https:\\\/\\\/stuttgarti-katolikusok.de\\\/\"},{\"@type\":\"ListItem\",\"position\":2,\"name\":\"\u00c9vk\u00f6zi 24. vas\u00e1rnap\"}]},{\"@type\":\"WebSite\",\"@id\":\"https:\\\/\\\/stuttgarti-katolikusok.de\\\/#website\",\"url\":\"https:\\\/\\\/stuttgarti-katolikusok.de\\\/\",\"name\":\"Stuttgarti Katolikusok\",\"description\":\"\",\"potentialAction\":[{\"@type\":\"SearchAction\",\"target\":{\"@type\":\"EntryPoint\",\"urlTemplate\":\"https:\\\/\\\/stuttgarti-katolikusok.de\\\/?s={search_term_string}\"},\"query-input\":{\"@type\":\"PropertyValueSpecification\",\"valueRequired\":true,\"valueName\":\"search_term_string\"}}],\"inLanguage\":\"hu\"},{\"@type\":\"Person\",\"@id\":\"https:\\\/\\\/stuttgarti-katolikusok.de\\\/#\\\/schema\\\/person\\\/75908d6f8fdc03a57889d27209df7795\",\"name\":\"Tibor atya\",\"image\":{\"@type\":\"ImageObject\",\"inLanguage\":\"hu\",\"@id\":\"https:\\\/\\\/secure.gravatar.com\\\/avatar\\\/61d268e57d1f4525b111222e29d2d5a7f8c420fdbf231ba5566a8ceac74fa960?s=96&d=mm&r=g\",\"url\":\"https:\\\/\\\/secure.gravatar.com\\\/avatar\\\/61d268e57d1f4525b111222e29d2d5a7f8c420fdbf231ba5566a8ceac74fa960?s=96&d=mm&r=g\",\"contentUrl\":\"https:\\\/\\\/secure.gravatar.com\\\/avatar\\\/61d268e57d1f4525b111222e29d2d5a7f8c420fdbf231ba5566a8ceac74fa960?s=96&d=mm&r=g\",\"caption\":\"Tibor atya\"},\"url\":\"https:\\\/\\\/stuttgarti-katolikusok.de\\\/index.php\\\/author\\\/tibor-atya\\\/\"}]}<\/script>\n<!-- \/ Yoast SEO plugin. -->","yoast_head_json":{"title":"\u00c9vk\u00f6zi 24. vas\u00e1rnap - Stuttgarti Katolikusok","robots":{"index":"index","follow":"follow","max-snippet":"max-snippet:-1","max-image-preview":"max-image-preview:large","max-video-preview":"max-video-preview:-1"},"canonical":"https:\/\/stuttgarti-katolikusok.de\/index.php\/evkozi-24-vasarnap-3\/","og_locale":"hu_HU","og_type":"article","og_title":"\u00c9vk\u00f6zi 24. vas\u00e1rnap - Stuttgarti Katolikusok","og_description":"Az \u00e9vk\u00f6zi 24. vas\u00e1rnap bizonyos \u00e9rtelemben a szenved\u00e9s k\u00e9rd\u00e9s\u00e9t, \u00e9s ahhoz val\u00f3 viszonyul\u00e1sunkat \u00e1ll\u00edtja figyelm\u00fcnk k\u00f6z\u00e9ppontj\u00e1ba. \u00c1lljon itt Szent II. J\u00e1nos P\u00e1l p\u00e1pa elm\u00e9lked\u00e9se : &#8222;J\u00e9zus azonos\u00edtja mag\u00e1t minden sz\u00fcks\u00e9get szenved\u0151 emberrel. Amikor teh\u00e1t m\u00e1sokon seg\u00edt\u00fcnk, ezt val\u00f3j\u00e1ban J\u00e9zussal tessz\u00fck.\u00a0 A keresztet hordoz\u00f3 ember pedig komolyan gondoljon arra, hogy minden szenved\u00e9s Krisztus szenved\u00e9s\u00e9ben val\u00f3 r\u00e9szesed\u00e9s. Szent P\u00e1l apostol szerint az a hivat\u00e1sunk, hogy szenved\u00e9seinkkel kieg\u00e9sz\u00edts\u00fck azt, ami Krisztus szenved\u00e9s\u00e9b\u0151l hi\u00e1nyzik az Egyh\u00e1z jav\u00e1ra. Krisztus ezt mondta: &#8222;velem tett\u00e9tek&#8221;. Mindenkiben \u0151 tapasztalja meg szeretet\u00fcnket. Neki seg\u00edt\u00fcnk, amikor megk\u00fcl\u00f6nb\u00f6ztet\u00e9s n\u00e9lk\u00fcl seg\u00edts\u00e9get ny\u00fajtunk minden szenved\u0151nek. \u0150 van jelen minden szenved\u0151ben, mivel \u00fcdv\u00f6z\u00edt\u0151 szenved\u00e9se egyszer s mindenkorra felt\u00e1rul minden emberi szenved\u00e9s el\u0151tt. S minden szenved\u0151 egyszer s mindenkorra megh\u00edv\u00e1st kapott, hogy &#8222;Krisztus szenved\u00e9seinek&#8221; r\u00e9szese legyen. Mik\u00e9nt mindenkihez sz\u00f3l P\u00e1l apostol szava: &#8222;Eg\u00e9sz\u00edts\u00e9tek ki&#8221; saj\u00e1t szenved\u00e9setekkel azt, &#8222;ami Krisztus szenved\u00e9s\u00e9b\u0151l m\u00e9g hi\u00e1nyzik&#8221;. Kezd\u0151\u00e9nek: Adj b\u00e9k\u00e9t, Urunk, azoknak, akik benned b\u00edznak, hogy pr\u00f3f\u00e9t\u00e1id igazmond\u00f3knak bizonyuljanak; hallgasd meg szolg\u00e1d, \u00e9s a te n\u00e9ped, Izrael k\u00f6ny\u00f6rg\u00e9s\u00e9t. (V\u00f6. Sir 36,18) K\u00f6ny\u00f6rg\u00e9s: Mindens\u00e9g teremt\u0151 \u00e9s gondvisel\u0151 Istene, tekints re\u00e1nk \u00e9s engedd \u00e9rezn\u00fcnk irgalmas j\u00f3s\u00e1god, hogy eg\u00e9sz sz\u00edvvel szolg\u00e1ljunk neked. A mi Urunk, J\u00e9zus Krisztus, a te Fiad \u00e1ltal, aki veled \u00e9l \u00e9s uralkodik a Szentl\u00e9lekkel egys\u00e9gben, Isten mind\u00f6r\u00f6kk\u00f6n \u00f6r\u00f6kk\u00e9. OLVASM\u00c1NY Izaj\u00e1s pr\u00f3f\u00e9ta k\u00f6nyv\u00e9b\u0151l (Iz 50,5-9a) Pr\u00f3f\u00e9t\u00e1ja \u00e1ltal a Megv\u00e1lt\u00f3 \u00edgy besz\u00e9l: \u201eIsten, az \u00dar megnyitotta f\u00fclemet. \u00c9n nem \u00e1lltam ellen, \u00e9s nem h\u00e1tr\u00e1ltam meg. H\u00e1tamat odaford\u00edtottam azoknak, akik vertek, arcomat pedig azoknak, akik t\u00e9p\u00e1ztak. Nem rejtettem el arcomat azok el\u0151l, akik gyal\u00e1ztak \u00e9s lek\u00f6pd\u00f6stek. Isten, az \u00dar megseg\u00edt, ez\u00e9rt nem vallok sz\u00e9gyent. Arcomat megkem\u00e9ny\u00edtem, mint a k\u0151szikla, s tudom, hogy nem kell sz\u00e9gyenkeznem. K\u00f6zel van, aki igazs\u00e1got szolg\u00e1ltat nekem. Ki sz\u00e1llhat velem perbe? \u00c1lljunk ki egy\u00fctt! Ki az ellenfelem? J\u00f6jj\u00f6n ide hozz\u00e1m! Isten, az \u00dar seg\u00edts\u00e9gemre siet. Ki \u00edt\u00e9lhetne el?\u201d Ez az Isten ig\u00e9je. V\u00c1LASZOS ZSOLT\u00c1R (Zsolt 114,1-2.3-4.5-6.8-9) V\u00e1lasz:\u00a0Az \u00dar... R\u00e9szletek","og_url":"https:\/\/stuttgarti-katolikusok.de\/index.php\/evkozi-24-vasarnap-3\/","og_site_name":"Stuttgarti Katolikusok","article_published_time":"2024-09-14T21:24:51+00:00","og_image":[{"width":1674,"height":1116,"url":"https:\/\/stuttgarti-katolikusok.de\/wp-content\/uploads\/2024\/09\/whatsapp-kep-2024-09-14-222341-13c54751.jpg","type":"image\/jpeg"}],"author":"Tibor atya","twitter_card":"summary_large_image","twitter_misc":{"Szerz\u0151:":"Tibor atya","Becs\u00fclt olvas\u00e1si id\u0151":"6 perc"},"schema":{"@context":"https:\/\/schema.org","@graph":[{"@type":"Article","@id":"https:\/\/stuttgarti-katolikusok.de\/index.php\/evkozi-24-vasarnap-3\/#article","isPartOf":{"@id":"https:\/\/stuttgarti-katolikusok.de\/index.php\/evkozi-24-vasarnap-3\/"},"author":{"name":"Tibor atya","@id":"https:\/\/stuttgarti-katolikusok.de\/#\/schema\/person\/75908d6f8fdc03a57889d27209df7795"},"headline":"\u00c9vk\u00f6zi 24. vas\u00e1rnap","datePublished":"2024-09-14T21:24:51+00:00","mainEntityOfPage":{"@id":"https:\/\/stuttgarti-katolikusok.de\/index.php\/evkozi-24-vasarnap-3\/"},"wordCount":1463,"image":{"@id":"https:\/\/stuttgarti-katolikusok.de\/index.php\/evkozi-24-vasarnap-3\/#primaryimage"},"thumbnailUrl":"https:\/\/stuttgarti-katolikusok.de\/wp-content\/uploads\/2024\/09\/whatsapp-kep-2024-09-14-222341-13c54751.jpg","articleSection":["A liturgia olvasm\u00e1nyai","Vas\u00e1rnapi gondolatok"],"inLanguage":"hu"},{"@type":"WebPage","@id":"https:\/\/stuttgarti-katolikusok.de\/index.php\/evkozi-24-vasarnap-3\/","url":"https:\/\/stuttgarti-katolikusok.de\/index.php\/evkozi-24-vasarnap-3\/","name":"\u00c9vk\u00f6zi 24. vas\u00e1rnap - Stuttgarti Katolikusok","isPartOf":{"@id":"https:\/\/stuttgarti-katolikusok.de\/#website"},"primaryImageOfPage":{"@id":"https:\/\/stuttgarti-katolikusok.de\/index.php\/evkozi-24-vasarnap-3\/#primaryimage"},"image":{"@id":"https:\/\/stuttgarti-katolikusok.de\/index.php\/evkozi-24-vasarnap-3\/#primaryimage"},"thumbnailUrl":"https:\/\/stuttgarti-katolikusok.de\/wp-content\/uploads\/2024\/09\/whatsapp-kep-2024-09-14-222341-13c54751.jpg","datePublished":"2024-09-14T21:24:51+00:00","author":{"@id":"https:\/\/stuttgarti-katolikusok.de\/#\/schema\/person\/75908d6f8fdc03a57889d27209df7795"},"breadcrumb":{"@id":"https:\/\/stuttgarti-katolikusok.de\/index.php\/evkozi-24-vasarnap-3\/#breadcrumb"},"inLanguage":"hu","potentialAction":[{"@type":"ReadAction","target":["https:\/\/stuttgarti-katolikusok.de\/index.php\/evkozi-24-vasarnap-3\/"]}]},{"@type":"ImageObject","inLanguage":"hu","@id":"https:\/\/stuttgarti-katolikusok.de\/index.php\/evkozi-24-vasarnap-3\/#primaryimage","url":"https:\/\/stuttgarti-katolikusok.de\/wp-content\/uploads\/2024\/09\/whatsapp-kep-2024-09-14-222341-13c54751.jpg","contentUrl":"https:\/\/stuttgarti-katolikusok.de\/wp-content\/uploads\/2024\/09\/whatsapp-kep-2024-09-14-222341-13c54751.jpg","width":1674,"height":1116},{"@type":"BreadcrumbList","@id":"https:\/\/stuttgarti-katolikusok.de\/index.php\/evkozi-24-vasarnap-3\/#breadcrumb","itemListElement":[{"@type":"ListItem","position":1,"name":"Kezd\u0151lap","item":"https:\/\/stuttgarti-katolikusok.de\/"},{"@type":"ListItem","position":2,"name":"\u00c9vk\u00f6zi 24. vas\u00e1rnap"}]},{"@type":"WebSite","@id":"https:\/\/stuttgarti-katolikusok.de\/#website","url":"https:\/\/stuttgarti-katolikusok.de\/","name":"Stuttgarti Katolikusok","description":"","potentialAction":[{"@type":"SearchAction","target":{"@type":"EntryPoint","urlTemplate":"https:\/\/stuttgarti-katolikusok.de\/?s={search_term_string}"},"query-input":{"@type":"PropertyValueSpecification","valueRequired":true,"valueName":"search_term_string"}}],"inLanguage":"hu"},{"@type":"Person","@id":"https:\/\/stuttgarti-katolikusok.de\/#\/schema\/person\/75908d6f8fdc03a57889d27209df7795","name":"Tibor atya","image":{"@type":"ImageObject","inLanguage":"hu","@id":"https:\/\/secure.gravatar.com\/avatar\/61d268e57d1f4525b111222e29d2d5a7f8c420fdbf231ba5566a8ceac74fa960?s=96&d=mm&r=g","url":"https:\/\/secure.gravatar.com\/avatar\/61d268e57d1f4525b111222e29d2d5a7f8c420fdbf231ba5566a8ceac74fa960?s=96&d=mm&r=g","contentUrl":"https:\/\/secure.gravatar.com\/avatar\/61d268e57d1f4525b111222e29d2d5a7f8c420fdbf231ba5566a8ceac74fa960?s=96&d=mm&r=g","caption":"Tibor atya"},"url":"https:\/\/stuttgarti-katolikusok.de\/index.php\/author\/tibor-atya\/"}]}},"_links":{"self":[{"href":"https:\/\/stuttgarti-katolikusok.de\/index.php\/wp-json\/wp\/v2\/posts\/29359","targetHints":{"allow":["GET"]}}],"collection":[{"href":"https:\/\/stuttgarti-katolikusok.de\/index.php\/wp-json\/wp\/v2\/posts"}],"about":[{"href":"https:\/\/stuttgarti-katolikusok.de\/index.php\/wp-json\/wp\/v2\/types\/post"}],"author":[{"embeddable":true,"href":"https:\/\/stuttgarti-katolikusok.de\/index.php\/wp-json\/wp\/v2\/users\/3"}],"replies":[{"embeddable":true,"href":"https:\/\/stuttgarti-katolikusok.de\/index.php\/wp-json\/wp\/v2\/comments?post=29359"}],"version-history":[{"count":1,"href":"https:\/\/stuttgarti-katolikusok.de\/index.php\/wp-json\/wp\/v2\/posts\/29359\/revisions"}],"predecessor-version":[{"id":29360,"href":"https:\/\/stuttgarti-katolikusok.de\/index.php\/wp-json\/wp\/v2\/posts\/29359\/revisions\/29360"}],"wp:featuredmedia":[{"embeddable":true,"href":"https:\/\/stuttgarti-katolikusok.de\/index.php\/wp-json\/wp\/v2\/media\/29357"}],"wp:attachment":[{"href":"https:\/\/stuttgarti-katolikusok.de\/index.php\/wp-json\/wp\/v2\/media?parent=29359"}],"wp:term":[{"taxonomy":"category","embeddable":true,"href":"https:\/\/stuttgarti-katolikusok.de\/index.php\/wp-json\/wp\/v2\/categories?post=29359"},{"taxonomy":"post_tag","embeddable":true,"href":"https:\/\/stuttgarti-katolikusok.de\/index.php\/wp-json\/wp\/v2\/tags?post=29359"}],"curies":[{"name":"wp","href":"https:\/\/api.w.org\/{rel}","templated":true}]}}