{"id":29317,"date":"2024-09-07T12:24:44","date_gmt":"2024-09-07T10:24:44","guid":{"rendered":"https:\/\/stuttgarti-katolikusok.de\/?p=29317"},"modified":"2024-09-07T12:24:44","modified_gmt":"2024-09-07T10:24:44","slug":"evkozi-23-vasarnap","status":"publish","type":"post","link":"https:\/\/stuttgarti-katolikusok.de\/index.php\/evkozi-23-vasarnap\/","title":{"rendered":"\u00c9vk\u00f6zi 23. vas\u00e1rnap"},"content":{"rendered":"<p><span style=\"color: #ff6600;\"><em>A szentmise k\u00f6ny\u00f6rg\u00e9se k\u00e9t fontos dologra h\u00edvja fel figyelm\u00fcnket. Egyr\u00e9szt Isten, J\u00e9zus Krisztus \u00e1ltal megv\u00e1ltott benn\u00fcnket. M\u00e1sr\u00e9szt pedig fogadott gyermekei vagyunk. E k\u00e9t t\u00e9ny egy\u00fcttesen er\u0151s\u00edti bizalmunkat a j\u00f3 Isten ir\u00e1ny\u00e1ban, k\u00fcl\u00f6n\u00f6sen akkor, amikor nagyon neh\u00e9znek \u00e9s kil\u00e1t\u00e1stalannak \u00e9rezz\u00fck \u00e9let\u00fcnket.<\/em><\/span><\/p>\n<p><span style=\"color: #ff6600;\"><em>Az olvasm\u00e1nyban Izaj\u00e1s pr\u00f3f\u00e9ta azzal vigasztalja n\u00e9p\u00e9t, hogy Isten a messi\u00e1si orsz\u00e1gban orvosolja a f\u00f6ldi \u00e9let bajait. &#8222;B\u00e1tors\u00e1g! Ne f\u00e9ljetek! \u00cdme, elj\u00f6n Istenetek, elj\u00f6n, hogy bossz\u00fat \u00e1lljon \u00e9s megfizessen. Maga Isten j\u00f6n el, hogy szabadul\u00e1st hozzon nektek.\u201d Ism\u00e9telten Isten ir\u00e1nti bizalmunkat er\u0151s\u00edti fel. A j\u00f6v\u0151k\u00e9p, amelyet felv\u00e1zol a pr\u00f3f\u00e9ta, idealisztikus. A magunk szemsz\u00f6g\u00e9b\u0151l tekintve, itt \u00e9s most, badars\u00e1g, megval\u00f3s\u00edthatatlan. \u00cdgy is van! Azonban, ha a hit szem\u00fcveg\u00e9n kereszt\u00fcl tekintj\u00fck mindezt, akkor m\u00e1r van alapja ennek a j\u00f6v\u0151k\u00e9pnek. Csakis \u00edgy van alapja \u00e9s val\u00f3s\u00e1gtartalma! Mindez viszont m\u00e1r rajtam m\u00falik.<\/em><\/span><\/p>\n<p><span style=\"color: #ff6600;\"><em>A v\u00e1laszos zsolt\u00e1r Isten gondoskod\u00f3 szeretet\u00e9t \u00e1ll\u00edtja figyelm\u00fcnk k\u00f6z\u00e9ppontj\u00e1ba. Ez\u00e9rt a h\u00e1la \u00e9s k\u00f6sz\u00f6net r\u00e9szemr\u0151l. \u00c9rdemes sokszor \u00fajra im\u00e1dkozni ezt a zsolt\u00e1rt, hiszen egyszer csak azt veszem \u00e9szre magamban, hogy egyre ink\u00e1bb feler\u0151s\u00f6dik a h\u00e1la \u00e9rz\u00e9se lelkemben.<\/em><\/span><\/p>\n<p><span style=\"color: #ff6600;\"><em>A szentlecke szint\u00e9n, vil\u00e1gunkban jelenl\u00e9v\u0151 jelens\u00e9gre ir\u00e1ny\u00edtja r\u00e1 figyelm\u00fcnket, mely nem m\u00e1s, mint a szem\u00e9lyv\u00e1logat\u00e1s. Nagy a k\u00eds\u00e9rt\u00e9s sz\u00e1munkra, hogy embereket kategoriz\u00e1ljunk. Jakab apostol felh\u00edv\u00e1sa egy\u00e9rtelm\u0171: &#8222;Ha hisztek J\u00e9zus Krisztusban, ne legyetek szem\u00e9lyv\u00e1logat\u00f3k.&#8221; Vagyis, amennyiben le akarom magamban gy\u0151zni ezt az \u00f6r\u00f6k\u00f6s k\u00eds\u00e9rt\u00e9st, csakis hitben tudom megtenni. Amennyiben pedig m\u00e9g \u0151szinte is vagyok \u00f6nmagamhoz, l\u00e1tnom kell, hogy mennyi mindennel rendelkezem, amelyet egyszer\u0171en csak Isten aj\u00e1nd\u00e9koz\u00f3 j\u00f3s\u00e1g\u00e1nak k\u00f6sz\u00f6nhetek. Nem a magam \u00e9rdeme! T\u00f6rekedj\u00fcnk arra, hogy Isten szem\u00e9vel n\u00e9zz\u00fck egym\u00e1st.\u00a0<\/em><\/span><\/p>\n<p><span style=\"color: #ff6600;\"><em>Az evang\u00e9liumi r\u00e9sz \u00fczenete: az eg\u00e9szs\u00e9g Isten nagy aj\u00e1nd\u00e9ka sz\u00e1momra. Ne feledjek h\u00e1l\u00e1t adni \u00e9rte. Kincs, amelyet t\u00f6r\u00e9keny cser\u00e9ped\u00e9nyben \u0151rz\u00f6k.\u00a0 Ez a magam \u00e9lete, benne lelki \u00e9s testi \u00e9ps\u00e9gem. \u00c1t kell \u00e9reznem \u00f6nmagammal szembeni felel\u0151ss\u00e9gemet. A ny\u00e1ri h\u00f3napok \u00e9ppen erre k\u00edn\u00e1ltak lehet\u0151s\u00e9get. Semmi k\u00e9pen nem \u00f6nz\u0151 magatart\u00e1s ez. A magam lelki \u00e9s testi eg\u00e9szs\u00e9ge felt\u00e9tele annak, hogy m\u00e1sok sz\u00e1m\u00e1ra, &#8211; csal\u00e1dtagok, munkat\u00e1rsak, k\u00f6z\u00f6ss\u00e9gek -, gy\u00fcm\u00f6lcs\u00f6z\u0151 maradjon \u00e9letem. Egy esetleges betegs\u00e9g \u00e9letemben pedig lehet\u0151s\u00e9get k\u00edn\u00e1l sz\u00e1momra, hogy \u00fajra \u00e9rt\u00e9keljem \u00e9s gondoljam dolgaimat. Bels\u0151 \u00e9rt\u00e9keim \u00fajrarendez\u00e9se ez. Mondhatn\u00e1m azt is, hogy \u00fajratervezem dolgaimat.<\/em><\/span><\/p>\n<p><span style=\"color: #008000;\">Kezd\u0151\u00e9nek:<\/span><br \/>\nIgazs\u00e1gos vagy, Uram, \u00e9s igaz a te \u00edt\u00e9leted. B\u00e1nj szolg\u00e1ddal irgalmad szerint! (Zsolt 118,137.124)<\/p>\n<p><span style=\"color: #008000;\">K\u00f6ny\u00f6rg\u00e9s:<\/span><br \/>\nIsten\u00fcnk, te megv\u00e1ltott\u00e1l \u00e9s gyermekeidd\u00e9 fogadt\u00e1l benn\u00fcnket. Tekints j\u00f3s\u00e1gosan szeretett fiaidra, \u00e9s vezess el minket, Krisztusban h\u00edv\u0151ket az igazi szabads\u00e1gra \u00e9s a mennyei dics\u0151s\u00e9gbe. A mi Urunk, J\u00e9zus Krisztus, a te Fiad \u00e1ltal, aki veled \u00e9l \u00e9s uralkodik a Szentl\u00e9lekkel egys\u00e9gben, Isten mind\u00f6r\u00f6kk\u00f6n \u00f6r\u00f6kk\u00e9.<\/p>\n<p align=\"justify\"><span style=\"color: #008000;\">OLVASM\u00c1NY Izaj\u00e1s pr\u00f3f\u00e9ta k\u00f6nyv\u00e9b\u0151l (Iz 35,4-7a)<\/span><br \/>\nMondj\u00e1tok a cs\u00fcggedt sz\u00edv\u0171eknek: \u201eB\u00e1tors\u00e1g? Ne f\u00e9ljetek! \u00cdme, elj\u00f6n Istenetek, elj\u00f6n, hogy bossz\u00fat \u00e1lljon \u00e9s megfizessen. Maga Isten j\u00f6n el, hogy szabadul\u00e1st hozzon nektek.\u201d Akkor megny\u00edlik a vakok szeme, \u00e9s a siketek f\u00fcle hallani fog. Ugr\u00e1ndozik majd a s\u00e1nta, mint a szarvas, \u00e9s a n\u00e9m\u00e1k nyelve \u00f6rvendezve ujjong. Mert vizek fakadnak a puszt\u00e1ban, \u00e9s foly\u00f3vizek a sivatagban. A sz\u00e1raz vid\u00e9k t\u00f3v\u00e1 v\u00e1ltozik, a szomjas f\u00f6ld vizek forr\u00e1s\u00e1v\u00e1.<br \/>\nEz az Isten ig\u00e9je.<\/p>\n<p align=\"justify\"><span style=\"color: #008000;\">V\u00c1LASZOS ZSOLT\u00c1R (Zsolt 145,7.8-9a.9bc-10)<\/span><br \/>\nV\u00e1lasz:\u00a0<strong>\u00c1ldjad, lel<u>kem<\/u>, az Urat, * dics\u0151\u00edtsed az Is<u>tent<\/u>!<\/strong>\u00a0(4g. t\u00f3nus.)<br \/>\nEl\u0151\u00e9nekes: Isten igaz\u00a0<u>ma<\/u>rad \u00f6r\u00f6kk\u00e9, * az elnyomottnak igazs\u00e1got szol<u>g\u00e1l<\/u>tat.<br \/>\nAz \u00e9hez\u0151nek\u00a0<u>\u0151<\/u>\u00a0ad kenyeret, * kiszabad\u00edtja az \u00dar a fog<u>lyo<\/u>kat.<br \/>\nH\u00edvek:\u00a0<strong>\u00c1ldjad, lel<u>kem<\/u>, az Urat, * dics\u0151\u00edtsed az Is<u>tent<\/u>!<\/strong><br \/>\nE: Az \u00dar megnyitja a\u00a0<u>va<\/u>kok szem\u00e9t, * az \u00dar f\u00f6lemeli azt, aki el<u>e<\/u>sett.<br \/>\nAz \u00dar szereti az\u00a0<u>i<\/u>gaz embert, * a j\u00f6vev\u00e9nyt meg<u>v\u00e9<\/u>di.<br \/>\nH:\u00a0<strong>\u00c1ldjad, lel<u>kem<\/u>, az Urat, * dics\u0151\u00edtsed az Is<u>tent<\/u>!<\/strong><br \/>\nE: Az \u00dar t\u00e1mogatja az \u00e1r<u>v\u00e1t<\/u>\u00a0\u00e9s \u00f6zvegyet, * \u00e9s elpuszt\u00edtja a gonoszok \u00fat<u>j\u00e1t<\/u>.<br \/>\nAz \u00dar ural<u>ko<\/u>dik \u00f6r\u00f6kk\u00e9, * a te Istened, \u00f3 Sion, nemzed\u00e9kr\u0151l nemzed\u00e9k<u>re<\/u>.<br \/>\nH:\u00a0<strong>\u00c1ldjad, lel<u>kem<\/u>, az Urat, * dics\u0151\u00edtsed az Is<u>tent<\/u>!<\/strong><\/p>\n<p align=\"justify\"><span style=\"color: #008000;\">SZENTLECKE Szent Jakab level\u00e9b\u0151l (Jak 2,1-5)<\/span><br \/>\nTestv\u00e9reim!<br \/>\nHa hisztek dics\u0151s\u00e9ges Urunkban, J\u00e9zus Krisztusban, ne legyetek szem\u00e9lyv\u00e1logat\u00f3k. Amikor k\u00f6z\u00f6ss\u00e9getekbe bel\u00e9p egy f\u00e9rfi pomp\u00e1s \u00f6lt\u00f6z\u00e9kben, aranygy\u0171r\u0171vel az ujj\u00e1n, \u00e9s bel\u00e9p egy szeg\u00e9ny is elny\u0171tt ruh\u00e1ban, figyelmetek a pomp\u00e1s \u00f6lt\u00f6z\u00e9k\u0171 fel\u00e9 fordul, \u00e9s \u00edgy sz\u00f3ltok hozz\u00e1: \u201eFoglalj itt k\u00e9nyelmesen helyet.\u201d A szeg\u00e9nynek meg azt mondj\u00e1tok: \u201e\u00c1llj oda oldalra!\u201d Vagy: \u201eL\u00e9pj ide zs\u00e1molyomhoz!\u201d H\u00e1t nem megk\u00fcl\u00f6nb\u00f6ztet\u00e9s ez? Nem \u00edt\u00e9ltek e sz\u00edvetekben r\u00e9szrehajl\u00f3n, helytelen\u00fcl gondolkozva? Hallgassatok ide, szeretett testv\u00e9reim! H\u00e1t Isten nem azokat v\u00e1lasztotta-e ki, akik a vil\u00e1g szem\u00e9ben szeg\u00e9nyek, hogy a hitben gazdagok legyenek, \u00e9s \u00f6r\u00f6k\u00f6lj\u00e9k az orsz\u00e1got, amelyet azoknak \u00edg\u00e9rt, akik \u0151t szeretik?<br \/>\nEz az Isten ig\u00e9je.<\/p>\n<p align=\"justify\"><span style=\"color: #008000;\">ALLELUJA<\/span><br \/>\nJ\u00e9zus hirdette orsz\u00e1g\u00e1nak \u00f6r\u00f6mh\u00edr\u00e9t, * \u00e9s minden betegs\u00e9get meggy\u00f3gy\u00edtott a n\u00e9p k\u00f6r\u00e9ben. (Mt 4,23 \u2013 2. t\u00f3nus.)<\/p>\n<p align=\"justify\"><span style=\"color: #008000;\">\u2020 EVANG\u00c9LIUM Szent M\u00e1rk k\u00f6nyv\u00e9b\u0151l (Mk 7,31-37)<\/span><br \/>\nAbban az id\u0151ben: J\u00e9zus elhagyta Tirusz vid\u00e9k\u00e9t, \u00e9s Szidonon \u00e1t a Galileai-t\u00f3hoz ment a T\u00edzv\u00e1ros hat\u00e1r\u00e1ba. Itt el\u00e9je hoztak egy dadogva besz\u00e9l\u0151 siketet, \u00e9s k\u00e9rt\u00e9k, tegye r\u00e1 a kez\u00e9t. (J\u00e9zus) f\u00e9lrevonta \u0151t a t\u00f6megb\u0151l, a f\u00fcl\u00e9be dugta az ujj\u00e1t, majd megny\u00e1lazott ujj\u00e1val meg\u00e9rintette a nyelv\u00e9t. F\u00f6ltekintett az \u00e9gre, foh\u00e1szkodott \u00e9s \u00edgy sz\u00f3lt: \u201eEffata, azaz: Ny\u00edlj meg!\u201d Azon nyomban megny\u00edlt a f\u00fcle, megold\u00f3dott a nyelve, \u00e9s \u00e9rthet\u0151en besz\u00e9lt. J\u00e9zus megparancsolta nekik, hogy a dologr\u00f3l ne sz\u00f3ljanak senkinek. De min\u00e9l jobban tiltotta, ann\u00e1l ink\u00e1bb hirdett\u00e9k. Szerf\u00f6l\u00f6tt csod\u00e1lkoztak, \u00e9s hangoztatt\u00e1k: \u201eCsupa j\u00f3t tett: A siketeket hall\u00f3kk\u00e1 teszi, a n\u00e9m\u00e1kat pedig besz\u00e9l\u0151kk\u00e9!\u201d<br \/>\nEzek az evang\u00e9lium ig\u00e9i.<\/p>\n<p><span style=\"color: #008000;\">EGYETEMES K\u00d6NY\u00d6RG\u00c9SEK<\/span><br \/>\nPap: Forduljunk, testv\u00e9reim, j\u00f3s\u00e1gos Isten\u00fcnkh\u00f6z, hogy k\u00e9r\u00e9seink mindig megfeleljenek az \u0151 akarat\u00e1nak!<br \/>\nLektor:<br \/>\n1. Add, Urunk, hogy Szentaty\u00e1nk, N. p\u00e1pa \u00e9s az Egyh\u00e1z p\u00e1sztorai korszer\u0171 \u00e9s meggy\u0151z\u0151 sz\u00f3val hirdess\u00e9k szent ig\u00e9det!<br \/>\nH\u00edvek: K\u00e9r\u00fcnk t\u00e9ged, hallgass meg minket!<br \/>\n2. Add, hogy minden ember f\u00fcle megny\u00edlj\u00e9k az evang\u00e9lium k\u00e9szs\u00e9ges hallgat\u00e1s\u00e1ra!<br \/>\nH\u00edvek: K\u00e9r\u00fcnk t\u00e9ged . . .<br \/>\n3. Add, hogy h\u00edveid sz\u00edv\u00fckbe fogadj\u00e1k \u00e9s \u00e9let\u00fckkel meg is val\u00f3s\u00edts\u00e1k tan\u00edt\u00e1sodat!<br \/>\nH\u00edvek: K\u00e9r\u00fcnk t\u00e9ged . . .<br \/>\n4. Add, hogy betegeink \u00e9s magukra maradt embert\u00e1rsaink soha ne n\u00e9lk\u00fcl\u00f6zz\u00e9k az irgalmas testv\u00e9ri seg\u00edts\u00e9get!<br \/>\nH\u00edvek: K\u00e9r\u00fcnk t\u00e9ged . . .<br \/>\n5. Add, hogy elhunyt testv\u00e9reink boldog felt\u00e1mad\u00e1sra \u00e9bredjenek!<br \/>\nH\u00edvek: K\u00e9r\u00fcnk t\u00e9ged . . .<br \/>\nPap: Engedd, Urunk, Isten\u00fcnk, hogy mindig hittel hallgassuk tan\u00edt\u00e1sodat, \u00e9s hangos sz\u00f3val hirdess\u00fck sz\u00fcntelen j\u00f3t\u00e9tem\u00e9nyeidet! Krisztus, a mi Urunk \u00e1ltal.<br \/>\nH\u00edvek: \u00c1men.<\/p>\n<p><span style=\"color: #008000;\">Felaj\u00e1nl\u00f3 k\u00f6ny\u00f6rg\u00e9s:<\/span><br \/>\nIsten\u00fcnk, \u0151szinte odaad\u00e1s \u00e9s b\u00e9kess\u00e9g szerz\u0151je, add, hogy ezzel az \u00e1ldozati adom\u00e1nnyal m\u00e9lt\u00f3k\u00e9ppen tisztelj\u00fck F\u00f6ls\u00e9gedet, s a szent \u00e1ldozatban val\u00f3 r\u00e9szesed\u00e9s forrassza eggy\u00e9 sz\u00edv\u00fcnket. Krisztus, a mi Urunk \u00e1ltal.<\/p>\n<p><span style=\"color: #008000;\">\u00c1ldoz\u00e1si \u00e9nek:<\/span><br \/>\nAmint k\u00edv\u00e1nkozik a szarvas a forr\u00e1s viz\u00e9re, \u00fagy k\u00edv\u00e1nkozik a lelkem ut\u00e1nad, Istenem. Istent szomjazza a lelkem, az \u00e9l\u0151 Istent. (V\u00f6. Zsolt 41,2-3)<br \/>\n<span style=\"color: #008000;\"><em>vagy<\/em><\/span><br \/>\n\u00c9n vagyok a vil\u00e1g vil\u00e1goss\u00e1ga &#8211; mondja az \u00dar. Aki k\u00f6vet, nem j\u00e1r t\u00f6bb\u00e9 s\u00f6t\u00e9ts\u00e9gben, hanem \u00f6v\u00e9 lesz az \u00e9let vil\u00e1goss\u00e1ga. (Jn 8,12)<\/p>\n<p><span style=\"color: #008000;\">\u00c1ldoz\u00e1s ut\u00e1ni k\u00f6ny\u00f6rg\u00e9s:<\/span><br \/>\nIsten\u00fcnk, te ig\u00e9ddel \u00e9lteted \u00e9s szents\u00e9gednek mennyei kenyer\u00e9vel t\u00e1pl\u00e1lod h\u00edveidet. Add, hogy szeretett Fiadnak ezek az aj\u00e1nd\u00e9kai er\u0151s\u00edtsenek minket, \u00e9s \u00edgy \u00e9let\u00e9nek mindig r\u00e9szeseiv\u00e9 legy\u00fcnk. Aki veled \u00e9l \u00e9s uralkodik mind\u00f6r\u00f6kk\u00f6n \u00f6r\u00f6kk\u00e9.<\/p>\n","protected":false},"excerpt":{"rendered":"<p>A szentmise k\u00f6ny\u00f6rg\u00e9se k\u00e9t fontos dologra h\u00edvja fel figyelm\u00fcnket. Egyr\u00e9szt Isten, J\u00e9zus Krisztus \u00e1ltal megv\u00e1ltott benn\u00fcnket. M\u00e1sr\u00e9szt pedig fogadott gyermekei vagyunk. E k\u00e9t t\u00e9ny egy\u00fcttesen er\u0151s\u00edti bizalmunkat a j\u00f3 Isten ir\u00e1ny\u00e1ban, k\u00fcl\u00f6n\u00f6sen akkor, amikor nagyon neh\u00e9znek \u00e9s kil\u00e1t\u00e1stalannak \u00e9rezz\u00fck \u00e9let\u00fcnket. Az olvasm\u00e1nyban Izaj\u00e1s pr\u00f3f\u00e9ta azzal vigasztalja n\u00e9p\u00e9t, hogy Isten a messi\u00e1si orsz\u00e1gban orvosolja a f\u00f6ldi \u00e9let bajait. &#8222;B\u00e1tors\u00e1g! Ne f\u00e9ljetek! \u00cdme, elj\u00f6n Istenetek, elj\u00f6n, hogy bossz\u00fat \u00e1lljon \u00e9s megfizessen. Maga Isten j\u00f6n el, hogy szabadul\u00e1st hozzon nektek.\u201d Ism\u00e9telten Isten ir\u00e1nti bizalmunkat er\u0151s\u00edti fel. A j\u00f6v\u0151k\u00e9p, amelyet felv\u00e1zol a pr\u00f3f\u00e9ta, idealisztikus. A magunk szemsz\u00f6g\u00e9b\u0151l tekintve, itt \u00e9s most, badars\u00e1g, megval\u00f3s\u00edthatatlan. \u00cdgy is van! Azonban, ha a hit szem\u00fcveg\u00e9n kereszt\u00fcl tekintj\u00fck mindezt, akkor m\u00e1r van alapja ennek a j\u00f6v\u0151k\u00e9pnek. Csakis \u00edgy van alapja \u00e9s val\u00f3s\u00e1gtartalma! Mindez viszont m\u00e1r rajtam m\u00falik. A v\u00e1laszos zsolt\u00e1r Isten gondoskod\u00f3 szeretet\u00e9t \u00e1ll\u00edtja figyelm\u00fcnk k\u00f6z\u00e9ppontj\u00e1ba. Ez\u00e9rt a h\u00e1la \u00e9s k\u00f6sz\u00f6net r\u00e9szemr\u0151l. \u00c9rdemes sokszor \u00fajra im\u00e1dkozni ezt a zsolt\u00e1rt, hiszen egyszer csak azt veszem \u00e9szre magamban, hogy egyre ink\u00e1bb feler\u0151s\u00f6dik a h\u00e1la \u00e9rz\u00e9se lelkemben. A szentlecke szint\u00e9n, vil\u00e1gunkban jelenl\u00e9v\u0151 jelens\u00e9gre ir\u00e1ny\u00edtja r\u00e1 figyelm\u00fcnket, mely nem m\u00e1s, mint a szem\u00e9lyv\u00e1logat\u00e1s. Nagy a k\u00eds\u00e9rt\u00e9s sz\u00e1munkra, hogy embereket kategoriz\u00e1ljunk. Jakab apostol felh\u00edv\u00e1sa egy\u00e9rtelm\u0171: &#8222;Ha hisztek J\u00e9zus Krisztusban, ne legyetek szem\u00e9lyv\u00e1logat\u00f3k.&#8221; Vagyis, amennyiben le akarom magamban gy\u0151zni ezt az \u00f6r\u00f6k\u00f6s k\u00eds\u00e9rt\u00e9st, csakis hitben tudom megtenni. Amennyiben pedig m\u00e9g \u0151szinte is vagyok \u00f6nmagamhoz, l\u00e1tnom kell, hogy mennyi mindennel rendelkezem, amelyet egyszer\u0171en csak Isten aj\u00e1nd\u00e9koz\u00f3 j\u00f3s\u00e1g\u00e1nak k\u00f6sz\u00f6nhetek. Nem a magam \u00e9rdeme! T\u00f6rekedj\u00fcnk arra, hogy Isten szem\u00e9vel n\u00e9zz\u00fck egym\u00e1st.\u00a0 Az evang\u00e9liumi r\u00e9sz \u00fczenete: az eg\u00e9szs\u00e9g Isten nagy aj\u00e1nd\u00e9ka sz\u00e1momra. Ne feledjek h\u00e1l\u00e1t adni \u00e9rte. Kincs, amelyet t\u00f6r\u00e9keny cser\u00e9ped\u00e9nyben \u0151rz\u00f6k.\u00a0 Ez a magam \u00e9lete, benne lelki \u00e9s testi \u00e9ps\u00e9gem. \u00c1t kell \u00e9reznem \u00f6nmagammal szembeni felel\u0151ss\u00e9gemet. A ny\u00e1ri h\u00f3napok \u00e9ppen erre k\u00edn\u00e1ltak lehet\u0151s\u00e9get. Semmi k\u00e9pen nem \u00f6nz\u0151 magatart\u00e1s ez. A magam lelki \u00e9s testi eg\u00e9szs\u00e9ge felt\u00e9tele annak, hogy&#8230; <\/p>\n<p><a class=\"readmore\" href=\"https:\/\/stuttgarti-katolikusok.de\/index.php\/evkozi-23-vasarnap\/\">R\u00e9szletek<\/a><\/p>\n","protected":false},"author":3,"featured_media":27188,"comment_status":"closed","ping_status":"closed","sticky":false,"template":"","format":"standard","meta":{"footnotes":""},"categories":[85,63],"tags":[],"class_list":["post-29317","post","type-post","status-publish","format-standard","has-post-thumbnail","hentry","category-a-liturgia-olvasmanyai","category-vasarnapi-gondolatok"],"yoast_head":"<!-- This site is optimized with the Yoast SEO plugin v27.3 - https:\/\/yoast.com\/product\/yoast-seo-wordpress\/ -->\n<title>\u00c9vk\u00f6zi 23. vas\u00e1rnap - Stuttgarti Katolikusok<\/title>\n<meta name=\"robots\" content=\"index, follow, max-snippet:-1, max-image-preview:large, max-video-preview:-1\" \/>\n<link rel=\"canonical\" href=\"https:\/\/stuttgarti-katolikusok.de\/index.php\/evkozi-23-vasarnap\/\" \/>\n<meta property=\"og:locale\" content=\"hu_HU\" \/>\n<meta property=\"og:type\" content=\"article\" \/>\n<meta property=\"og:title\" content=\"\u00c9vk\u00f6zi 23. vas\u00e1rnap - Stuttgarti Katolikusok\" \/>\n<meta property=\"og:description\" content=\"A szentmise k\u00f6ny\u00f6rg\u00e9se k\u00e9t fontos dologra h\u00edvja fel figyelm\u00fcnket. Egyr\u00e9szt Isten, J\u00e9zus Krisztus \u00e1ltal megv\u00e1ltott benn\u00fcnket. M\u00e1sr\u00e9szt pedig fogadott gyermekei vagyunk. E k\u00e9t t\u00e9ny egy\u00fcttesen er\u0151s\u00edti bizalmunkat a j\u00f3 Isten ir\u00e1ny\u00e1ban, k\u00fcl\u00f6n\u00f6sen akkor, amikor nagyon neh\u00e9znek \u00e9s kil\u00e1t\u00e1stalannak \u00e9rezz\u00fck \u00e9let\u00fcnket. Az olvasm\u00e1nyban Izaj\u00e1s pr\u00f3f\u00e9ta azzal vigasztalja n\u00e9p\u00e9t, hogy Isten a messi\u00e1si orsz\u00e1gban orvosolja a f\u00f6ldi \u00e9let bajait. &#8222;B\u00e1tors\u00e1g! Ne f\u00e9ljetek! \u00cdme, elj\u00f6n Istenetek, elj\u00f6n, hogy bossz\u00fat \u00e1lljon \u00e9s megfizessen. Maga Isten j\u00f6n el, hogy szabadul\u00e1st hozzon nektek.\u201d Ism\u00e9telten Isten ir\u00e1nti bizalmunkat er\u0151s\u00edti fel. A j\u00f6v\u0151k\u00e9p, amelyet felv\u00e1zol a pr\u00f3f\u00e9ta, idealisztikus. A magunk szemsz\u00f6g\u00e9b\u0151l tekintve, itt \u00e9s most, badars\u00e1g, megval\u00f3s\u00edthatatlan. \u00cdgy is van! Azonban, ha a hit szem\u00fcveg\u00e9n kereszt\u00fcl tekintj\u00fck mindezt, akkor m\u00e1r van alapja ennek a j\u00f6v\u0151k\u00e9pnek. Csakis \u00edgy van alapja \u00e9s val\u00f3s\u00e1gtartalma! Mindez viszont m\u00e1r rajtam m\u00falik. A v\u00e1laszos zsolt\u00e1r Isten gondoskod\u00f3 szeretet\u00e9t \u00e1ll\u00edtja figyelm\u00fcnk k\u00f6z\u00e9ppontj\u00e1ba. Ez\u00e9rt a h\u00e1la \u00e9s k\u00f6sz\u00f6net r\u00e9szemr\u0151l. \u00c9rdemes sokszor \u00fajra im\u00e1dkozni ezt a zsolt\u00e1rt, hiszen egyszer csak azt veszem \u00e9szre magamban, hogy egyre ink\u00e1bb feler\u0151s\u00f6dik a h\u00e1la \u00e9rz\u00e9se lelkemben. A szentlecke szint\u00e9n, vil\u00e1gunkban jelenl\u00e9v\u0151 jelens\u00e9gre ir\u00e1ny\u00edtja r\u00e1 figyelm\u00fcnket, mely nem m\u00e1s, mint a szem\u00e9lyv\u00e1logat\u00e1s. Nagy a k\u00eds\u00e9rt\u00e9s sz\u00e1munkra, hogy embereket kategoriz\u00e1ljunk. Jakab apostol felh\u00edv\u00e1sa egy\u00e9rtelm\u0171: &#8222;Ha hisztek J\u00e9zus Krisztusban, ne legyetek szem\u00e9lyv\u00e1logat\u00f3k.&#8221; Vagyis, amennyiben le akarom magamban gy\u0151zni ezt az \u00f6r\u00f6k\u00f6s k\u00eds\u00e9rt\u00e9st, csakis hitben tudom megtenni. Amennyiben pedig m\u00e9g \u0151szinte is vagyok \u00f6nmagamhoz, l\u00e1tnom kell, hogy mennyi mindennel rendelkezem, amelyet egyszer\u0171en csak Isten aj\u00e1nd\u00e9koz\u00f3 j\u00f3s\u00e1g\u00e1nak k\u00f6sz\u00f6nhetek. Nem a magam \u00e9rdeme! T\u00f6rekedj\u00fcnk arra, hogy Isten szem\u00e9vel n\u00e9zz\u00fck egym\u00e1st.\u00a0 Az evang\u00e9liumi r\u00e9sz \u00fczenete: az eg\u00e9szs\u00e9g Isten nagy aj\u00e1nd\u00e9ka sz\u00e1momra. Ne feledjek h\u00e1l\u00e1t adni \u00e9rte. Kincs, amelyet t\u00f6r\u00e9keny cser\u00e9ped\u00e9nyben \u0151rz\u00f6k.\u00a0 Ez a magam \u00e9lete, benne lelki \u00e9s testi \u00e9ps\u00e9gem. \u00c1t kell \u00e9reznem \u00f6nmagammal szembeni felel\u0151ss\u00e9gemet. A ny\u00e1ri h\u00f3napok \u00e9ppen erre k\u00edn\u00e1ltak lehet\u0151s\u00e9get. Semmi k\u00e9pen nem \u00f6nz\u0151 magatart\u00e1s ez. A magam lelki \u00e9s testi eg\u00e9szs\u00e9ge felt\u00e9tele annak, hogy... R\u00e9szletek\" \/>\n<meta property=\"og:url\" content=\"https:\/\/stuttgarti-katolikusok.de\/index.php\/evkozi-23-vasarnap\/\" \/>\n<meta property=\"og:site_name\" content=\"Stuttgarti Katolikusok\" \/>\n<meta property=\"article:published_time\" content=\"2024-09-07T10:24:44+00:00\" \/>\n<meta property=\"og:image\" content=\"https:\/\/stuttgarti-katolikusok.de\/wp-content\/uploads\/2023\/09\/evkozi-25-vasarnap.png\" \/>\n\t<meta property=\"og:image:width\" content=\"830\" \/>\n\t<meta property=\"og:image:height\" content=\"568\" \/>\n\t<meta property=\"og:image:type\" content=\"image\/png\" \/>\n<meta name=\"author\" content=\"Tibor atya\" \/>\n<meta name=\"twitter:card\" content=\"summary_large_image\" \/>\n<meta name=\"twitter:label1\" content=\"Szerz\u0151:\" \/>\n\t<meta name=\"twitter:data1\" content=\"Tibor atya\" \/>\n\t<meta name=\"twitter:label2\" content=\"Becs\u00fclt olvas\u00e1si id\u0151\" \/>\n\t<meta name=\"twitter:data2\" content=\"7 perc\" \/>\n<script type=\"application\/ld+json\" class=\"yoast-schema-graph\">{\"@context\":\"https:\\\/\\\/schema.org\",\"@graph\":[{\"@type\":\"Article\",\"@id\":\"https:\\\/\\\/stuttgarti-katolikusok.de\\\/index.php\\\/evkozi-23-vasarnap\\\/#article\",\"isPartOf\":{\"@id\":\"https:\\\/\\\/stuttgarti-katolikusok.de\\\/index.php\\\/evkozi-23-vasarnap\\\/\"},\"author\":{\"name\":\"Tibor atya\",\"@id\":\"https:\\\/\\\/stuttgarti-katolikusok.de\\\/#\\\/schema\\\/person\\\/75908d6f8fdc03a57889d27209df7795\"},\"headline\":\"\u00c9vk\u00f6zi 23. vas\u00e1rnap\",\"datePublished\":\"2024-09-07T10:24:44+00:00\",\"mainEntityOfPage\":{\"@id\":\"https:\\\/\\\/stuttgarti-katolikusok.de\\\/index.php\\\/evkozi-23-vasarnap\\\/\"},\"wordCount\":1574,\"image\":{\"@id\":\"https:\\\/\\\/stuttgarti-katolikusok.de\\\/index.php\\\/evkozi-23-vasarnap\\\/#primaryimage\"},\"thumbnailUrl\":\"https:\\\/\\\/stuttgarti-katolikusok.de\\\/wp-content\\\/uploads\\\/2023\\\/09\\\/evkozi-25-vasarnap.png\",\"articleSection\":[\"A liturgia olvasm\u00e1nyai\",\"Vas\u00e1rnapi gondolatok\"],\"inLanguage\":\"hu\"},{\"@type\":\"WebPage\",\"@id\":\"https:\\\/\\\/stuttgarti-katolikusok.de\\\/index.php\\\/evkozi-23-vasarnap\\\/\",\"url\":\"https:\\\/\\\/stuttgarti-katolikusok.de\\\/index.php\\\/evkozi-23-vasarnap\\\/\",\"name\":\"\u00c9vk\u00f6zi 23. vas\u00e1rnap - Stuttgarti Katolikusok\",\"isPartOf\":{\"@id\":\"https:\\\/\\\/stuttgarti-katolikusok.de\\\/#website\"},\"primaryImageOfPage\":{\"@id\":\"https:\\\/\\\/stuttgarti-katolikusok.de\\\/index.php\\\/evkozi-23-vasarnap\\\/#primaryimage\"},\"image\":{\"@id\":\"https:\\\/\\\/stuttgarti-katolikusok.de\\\/index.php\\\/evkozi-23-vasarnap\\\/#primaryimage\"},\"thumbnailUrl\":\"https:\\\/\\\/stuttgarti-katolikusok.de\\\/wp-content\\\/uploads\\\/2023\\\/09\\\/evkozi-25-vasarnap.png\",\"datePublished\":\"2024-09-07T10:24:44+00:00\",\"author\":{\"@id\":\"https:\\\/\\\/stuttgarti-katolikusok.de\\\/#\\\/schema\\\/person\\\/75908d6f8fdc03a57889d27209df7795\"},\"breadcrumb\":{\"@id\":\"https:\\\/\\\/stuttgarti-katolikusok.de\\\/index.php\\\/evkozi-23-vasarnap\\\/#breadcrumb\"},\"inLanguage\":\"hu\",\"potentialAction\":[{\"@type\":\"ReadAction\",\"target\":[\"https:\\\/\\\/stuttgarti-katolikusok.de\\\/index.php\\\/evkozi-23-vasarnap\\\/\"]}]},{\"@type\":\"ImageObject\",\"inLanguage\":\"hu\",\"@id\":\"https:\\\/\\\/stuttgarti-katolikusok.de\\\/index.php\\\/evkozi-23-vasarnap\\\/#primaryimage\",\"url\":\"https:\\\/\\\/stuttgarti-katolikusok.de\\\/wp-content\\\/uploads\\\/2023\\\/09\\\/evkozi-25-vasarnap.png\",\"contentUrl\":\"https:\\\/\\\/stuttgarti-katolikusok.de\\\/wp-content\\\/uploads\\\/2023\\\/09\\\/evkozi-25-vasarnap.png\",\"width\":830,\"height\":568},{\"@type\":\"BreadcrumbList\",\"@id\":\"https:\\\/\\\/stuttgarti-katolikusok.de\\\/index.php\\\/evkozi-23-vasarnap\\\/#breadcrumb\",\"itemListElement\":[{\"@type\":\"ListItem\",\"position\":1,\"name\":\"Kezd\u0151lap\",\"item\":\"https:\\\/\\\/stuttgarti-katolikusok.de\\\/\"},{\"@type\":\"ListItem\",\"position\":2,\"name\":\"\u00c9vk\u00f6zi 23. vas\u00e1rnap\"}]},{\"@type\":\"WebSite\",\"@id\":\"https:\\\/\\\/stuttgarti-katolikusok.de\\\/#website\",\"url\":\"https:\\\/\\\/stuttgarti-katolikusok.de\\\/\",\"name\":\"Stuttgarti Katolikusok\",\"description\":\"\",\"potentialAction\":[{\"@type\":\"SearchAction\",\"target\":{\"@type\":\"EntryPoint\",\"urlTemplate\":\"https:\\\/\\\/stuttgarti-katolikusok.de\\\/?s={search_term_string}\"},\"query-input\":{\"@type\":\"PropertyValueSpecification\",\"valueRequired\":true,\"valueName\":\"search_term_string\"}}],\"inLanguage\":\"hu\"},{\"@type\":\"Person\",\"@id\":\"https:\\\/\\\/stuttgarti-katolikusok.de\\\/#\\\/schema\\\/person\\\/75908d6f8fdc03a57889d27209df7795\",\"name\":\"Tibor atya\",\"image\":{\"@type\":\"ImageObject\",\"inLanguage\":\"hu\",\"@id\":\"https:\\\/\\\/secure.gravatar.com\\\/avatar\\\/61d268e57d1f4525b111222e29d2d5a7f8c420fdbf231ba5566a8ceac74fa960?s=96&d=mm&r=g\",\"url\":\"https:\\\/\\\/secure.gravatar.com\\\/avatar\\\/61d268e57d1f4525b111222e29d2d5a7f8c420fdbf231ba5566a8ceac74fa960?s=96&d=mm&r=g\",\"contentUrl\":\"https:\\\/\\\/secure.gravatar.com\\\/avatar\\\/61d268e57d1f4525b111222e29d2d5a7f8c420fdbf231ba5566a8ceac74fa960?s=96&d=mm&r=g\",\"caption\":\"Tibor atya\"},\"url\":\"https:\\\/\\\/stuttgarti-katolikusok.de\\\/index.php\\\/author\\\/tibor-atya\\\/\"}]}<\/script>\n<!-- \/ Yoast SEO plugin. -->","yoast_head_json":{"title":"\u00c9vk\u00f6zi 23. vas\u00e1rnap - Stuttgarti Katolikusok","robots":{"index":"index","follow":"follow","max-snippet":"max-snippet:-1","max-image-preview":"max-image-preview:large","max-video-preview":"max-video-preview:-1"},"canonical":"https:\/\/stuttgarti-katolikusok.de\/index.php\/evkozi-23-vasarnap\/","og_locale":"hu_HU","og_type":"article","og_title":"\u00c9vk\u00f6zi 23. vas\u00e1rnap - Stuttgarti Katolikusok","og_description":"A szentmise k\u00f6ny\u00f6rg\u00e9se k\u00e9t fontos dologra h\u00edvja fel figyelm\u00fcnket. Egyr\u00e9szt Isten, J\u00e9zus Krisztus \u00e1ltal megv\u00e1ltott benn\u00fcnket. M\u00e1sr\u00e9szt pedig fogadott gyermekei vagyunk. E k\u00e9t t\u00e9ny egy\u00fcttesen er\u0151s\u00edti bizalmunkat a j\u00f3 Isten ir\u00e1ny\u00e1ban, k\u00fcl\u00f6n\u00f6sen akkor, amikor nagyon neh\u00e9znek \u00e9s kil\u00e1t\u00e1stalannak \u00e9rezz\u00fck \u00e9let\u00fcnket. Az olvasm\u00e1nyban Izaj\u00e1s pr\u00f3f\u00e9ta azzal vigasztalja n\u00e9p\u00e9t, hogy Isten a messi\u00e1si orsz\u00e1gban orvosolja a f\u00f6ldi \u00e9let bajait. &#8222;B\u00e1tors\u00e1g! Ne f\u00e9ljetek! \u00cdme, elj\u00f6n Istenetek, elj\u00f6n, hogy bossz\u00fat \u00e1lljon \u00e9s megfizessen. Maga Isten j\u00f6n el, hogy szabadul\u00e1st hozzon nektek.\u201d Ism\u00e9telten Isten ir\u00e1nti bizalmunkat er\u0151s\u00edti fel. A j\u00f6v\u0151k\u00e9p, amelyet felv\u00e1zol a pr\u00f3f\u00e9ta, idealisztikus. A magunk szemsz\u00f6g\u00e9b\u0151l tekintve, itt \u00e9s most, badars\u00e1g, megval\u00f3s\u00edthatatlan. \u00cdgy is van! Azonban, ha a hit szem\u00fcveg\u00e9n kereszt\u00fcl tekintj\u00fck mindezt, akkor m\u00e1r van alapja ennek a j\u00f6v\u0151k\u00e9pnek. Csakis \u00edgy van alapja \u00e9s val\u00f3s\u00e1gtartalma! Mindez viszont m\u00e1r rajtam m\u00falik. A v\u00e1laszos zsolt\u00e1r Isten gondoskod\u00f3 szeretet\u00e9t \u00e1ll\u00edtja figyelm\u00fcnk k\u00f6z\u00e9ppontj\u00e1ba. Ez\u00e9rt a h\u00e1la \u00e9s k\u00f6sz\u00f6net r\u00e9szemr\u0151l. \u00c9rdemes sokszor \u00fajra im\u00e1dkozni ezt a zsolt\u00e1rt, hiszen egyszer csak azt veszem \u00e9szre magamban, hogy egyre ink\u00e1bb feler\u0151s\u00f6dik a h\u00e1la \u00e9rz\u00e9se lelkemben. A szentlecke szint\u00e9n, vil\u00e1gunkban jelenl\u00e9v\u0151 jelens\u00e9gre ir\u00e1ny\u00edtja r\u00e1 figyelm\u00fcnket, mely nem m\u00e1s, mint a szem\u00e9lyv\u00e1logat\u00e1s. Nagy a k\u00eds\u00e9rt\u00e9s sz\u00e1munkra, hogy embereket kategoriz\u00e1ljunk. Jakab apostol felh\u00edv\u00e1sa egy\u00e9rtelm\u0171: &#8222;Ha hisztek J\u00e9zus Krisztusban, ne legyetek szem\u00e9lyv\u00e1logat\u00f3k.&#8221; Vagyis, amennyiben le akarom magamban gy\u0151zni ezt az \u00f6r\u00f6k\u00f6s k\u00eds\u00e9rt\u00e9st, csakis hitben tudom megtenni. Amennyiben pedig m\u00e9g \u0151szinte is vagyok \u00f6nmagamhoz, l\u00e1tnom kell, hogy mennyi mindennel rendelkezem, amelyet egyszer\u0171en csak Isten aj\u00e1nd\u00e9koz\u00f3 j\u00f3s\u00e1g\u00e1nak k\u00f6sz\u00f6nhetek. Nem a magam \u00e9rdeme! T\u00f6rekedj\u00fcnk arra, hogy Isten szem\u00e9vel n\u00e9zz\u00fck egym\u00e1st.\u00a0 Az evang\u00e9liumi r\u00e9sz \u00fczenete: az eg\u00e9szs\u00e9g Isten nagy aj\u00e1nd\u00e9ka sz\u00e1momra. Ne feledjek h\u00e1l\u00e1t adni \u00e9rte. Kincs, amelyet t\u00f6r\u00e9keny cser\u00e9ped\u00e9nyben \u0151rz\u00f6k.\u00a0 Ez a magam \u00e9lete, benne lelki \u00e9s testi \u00e9ps\u00e9gem. \u00c1t kell \u00e9reznem \u00f6nmagammal szembeni felel\u0151ss\u00e9gemet. A ny\u00e1ri h\u00f3napok \u00e9ppen erre k\u00edn\u00e1ltak lehet\u0151s\u00e9get. Semmi k\u00e9pen nem \u00f6nz\u0151 magatart\u00e1s ez. A magam lelki \u00e9s testi eg\u00e9szs\u00e9ge felt\u00e9tele annak, hogy... R\u00e9szletek","og_url":"https:\/\/stuttgarti-katolikusok.de\/index.php\/evkozi-23-vasarnap\/","og_site_name":"Stuttgarti Katolikusok","article_published_time":"2024-09-07T10:24:44+00:00","og_image":[{"width":830,"height":568,"url":"https:\/\/stuttgarti-katolikusok.de\/wp-content\/uploads\/2023\/09\/evkozi-25-vasarnap.png","type":"image\/png"}],"author":"Tibor atya","twitter_card":"summary_large_image","twitter_misc":{"Szerz\u0151:":"Tibor atya","Becs\u00fclt olvas\u00e1si id\u0151":"7 perc"},"schema":{"@context":"https:\/\/schema.org","@graph":[{"@type":"Article","@id":"https:\/\/stuttgarti-katolikusok.de\/index.php\/evkozi-23-vasarnap\/#article","isPartOf":{"@id":"https:\/\/stuttgarti-katolikusok.de\/index.php\/evkozi-23-vasarnap\/"},"author":{"name":"Tibor atya","@id":"https:\/\/stuttgarti-katolikusok.de\/#\/schema\/person\/75908d6f8fdc03a57889d27209df7795"},"headline":"\u00c9vk\u00f6zi 23. vas\u00e1rnap","datePublished":"2024-09-07T10:24:44+00:00","mainEntityOfPage":{"@id":"https:\/\/stuttgarti-katolikusok.de\/index.php\/evkozi-23-vasarnap\/"},"wordCount":1574,"image":{"@id":"https:\/\/stuttgarti-katolikusok.de\/index.php\/evkozi-23-vasarnap\/#primaryimage"},"thumbnailUrl":"https:\/\/stuttgarti-katolikusok.de\/wp-content\/uploads\/2023\/09\/evkozi-25-vasarnap.png","articleSection":["A liturgia olvasm\u00e1nyai","Vas\u00e1rnapi gondolatok"],"inLanguage":"hu"},{"@type":"WebPage","@id":"https:\/\/stuttgarti-katolikusok.de\/index.php\/evkozi-23-vasarnap\/","url":"https:\/\/stuttgarti-katolikusok.de\/index.php\/evkozi-23-vasarnap\/","name":"\u00c9vk\u00f6zi 23. vas\u00e1rnap - Stuttgarti Katolikusok","isPartOf":{"@id":"https:\/\/stuttgarti-katolikusok.de\/#website"},"primaryImageOfPage":{"@id":"https:\/\/stuttgarti-katolikusok.de\/index.php\/evkozi-23-vasarnap\/#primaryimage"},"image":{"@id":"https:\/\/stuttgarti-katolikusok.de\/index.php\/evkozi-23-vasarnap\/#primaryimage"},"thumbnailUrl":"https:\/\/stuttgarti-katolikusok.de\/wp-content\/uploads\/2023\/09\/evkozi-25-vasarnap.png","datePublished":"2024-09-07T10:24:44+00:00","author":{"@id":"https:\/\/stuttgarti-katolikusok.de\/#\/schema\/person\/75908d6f8fdc03a57889d27209df7795"},"breadcrumb":{"@id":"https:\/\/stuttgarti-katolikusok.de\/index.php\/evkozi-23-vasarnap\/#breadcrumb"},"inLanguage":"hu","potentialAction":[{"@type":"ReadAction","target":["https:\/\/stuttgarti-katolikusok.de\/index.php\/evkozi-23-vasarnap\/"]}]},{"@type":"ImageObject","inLanguage":"hu","@id":"https:\/\/stuttgarti-katolikusok.de\/index.php\/evkozi-23-vasarnap\/#primaryimage","url":"https:\/\/stuttgarti-katolikusok.de\/wp-content\/uploads\/2023\/09\/evkozi-25-vasarnap.png","contentUrl":"https:\/\/stuttgarti-katolikusok.de\/wp-content\/uploads\/2023\/09\/evkozi-25-vasarnap.png","width":830,"height":568},{"@type":"BreadcrumbList","@id":"https:\/\/stuttgarti-katolikusok.de\/index.php\/evkozi-23-vasarnap\/#breadcrumb","itemListElement":[{"@type":"ListItem","position":1,"name":"Kezd\u0151lap","item":"https:\/\/stuttgarti-katolikusok.de\/"},{"@type":"ListItem","position":2,"name":"\u00c9vk\u00f6zi 23. vas\u00e1rnap"}]},{"@type":"WebSite","@id":"https:\/\/stuttgarti-katolikusok.de\/#website","url":"https:\/\/stuttgarti-katolikusok.de\/","name":"Stuttgarti Katolikusok","description":"","potentialAction":[{"@type":"SearchAction","target":{"@type":"EntryPoint","urlTemplate":"https:\/\/stuttgarti-katolikusok.de\/?s={search_term_string}"},"query-input":{"@type":"PropertyValueSpecification","valueRequired":true,"valueName":"search_term_string"}}],"inLanguage":"hu"},{"@type":"Person","@id":"https:\/\/stuttgarti-katolikusok.de\/#\/schema\/person\/75908d6f8fdc03a57889d27209df7795","name":"Tibor atya","image":{"@type":"ImageObject","inLanguage":"hu","@id":"https:\/\/secure.gravatar.com\/avatar\/61d268e57d1f4525b111222e29d2d5a7f8c420fdbf231ba5566a8ceac74fa960?s=96&d=mm&r=g","url":"https:\/\/secure.gravatar.com\/avatar\/61d268e57d1f4525b111222e29d2d5a7f8c420fdbf231ba5566a8ceac74fa960?s=96&d=mm&r=g","contentUrl":"https:\/\/secure.gravatar.com\/avatar\/61d268e57d1f4525b111222e29d2d5a7f8c420fdbf231ba5566a8ceac74fa960?s=96&d=mm&r=g","caption":"Tibor atya"},"url":"https:\/\/stuttgarti-katolikusok.de\/index.php\/author\/tibor-atya\/"}]}},"_links":{"self":[{"href":"https:\/\/stuttgarti-katolikusok.de\/index.php\/wp-json\/wp\/v2\/posts\/29317","targetHints":{"allow":["GET"]}}],"collection":[{"href":"https:\/\/stuttgarti-katolikusok.de\/index.php\/wp-json\/wp\/v2\/posts"}],"about":[{"href":"https:\/\/stuttgarti-katolikusok.de\/index.php\/wp-json\/wp\/v2\/types\/post"}],"author":[{"embeddable":true,"href":"https:\/\/stuttgarti-katolikusok.de\/index.php\/wp-json\/wp\/v2\/users\/3"}],"replies":[{"embeddable":true,"href":"https:\/\/stuttgarti-katolikusok.de\/index.php\/wp-json\/wp\/v2\/comments?post=29317"}],"version-history":[{"count":1,"href":"https:\/\/stuttgarti-katolikusok.de\/index.php\/wp-json\/wp\/v2\/posts\/29317\/revisions"}],"predecessor-version":[{"id":29318,"href":"https:\/\/stuttgarti-katolikusok.de\/index.php\/wp-json\/wp\/v2\/posts\/29317\/revisions\/29318"}],"wp:featuredmedia":[{"embeddable":true,"href":"https:\/\/stuttgarti-katolikusok.de\/index.php\/wp-json\/wp\/v2\/media\/27188"}],"wp:attachment":[{"href":"https:\/\/stuttgarti-katolikusok.de\/index.php\/wp-json\/wp\/v2\/media?parent=29317"}],"wp:term":[{"taxonomy":"category","embeddable":true,"href":"https:\/\/stuttgarti-katolikusok.de\/index.php\/wp-json\/wp\/v2\/categories?post=29317"},{"taxonomy":"post_tag","embeddable":true,"href":"https:\/\/stuttgarti-katolikusok.de\/index.php\/wp-json\/wp\/v2\/tags?post=29317"}],"curies":[{"name":"wp","href":"https:\/\/api.w.org\/{rel}","templated":true}]}}