{"id":29301,"date":"2024-08-31T18:07:54","date_gmt":"2024-08-31T16:07:54","guid":{"rendered":"https:\/\/stuttgarti-katolikusok.de\/?p=29301"},"modified":"2024-08-31T18:08:57","modified_gmt":"2024-08-31T16:08:57","slug":"evkozi-22-vasarnap-teremtesvedelmi-vilagnap","status":"publish","type":"post","link":"https:\/\/stuttgarti-katolikusok.de\/index.php\/evkozi-22-vasarnap-teremtesvedelmi-vilagnap\/","title":{"rendered":"\u00c9vk\u00f6zi 22. vas\u00e1rnap \u2013 Teremt\u00e9sv\u00e9delmi vil\u00e1gnap"},"content":{"rendered":"<h3 class=\"lead\"><span style=\"color: #ff6600;\"><em><strong><span style=\"font-size: 12pt;\">\u201eA teremtett vil\u00e1ggal egy\u00fctt rem\u00e9lj \u00e9s cselekedj\u201d \u2013 ez a szeptember 1-jei teremt\u00e9sv\u00e9delmi imanap t\u00e9m\u00e1ja. Szent P\u00e1l apostol R\u00f3maiaknak \u00edrt level\u00e9re\u00a0utal (8,19\u201325): az apostol ebben elmagyar\u00e1zza, mit jelent a L\u00e9lek szerint \u00e9lni, \u00e9s a hit \u00e1ltali \u00fcdv\u00f6ss\u00e9g biztos rem\u00e9ny\u00e9r\u0151l \u00edr, ez a hit pedig \u00faj \u00e9let Krisztusban.<\/span><\/strong><\/em><\/span><\/h3>\n<p><span style=\"color: #ff6600;\"><em>A szentmise k\u00f6ny\u00f6rg\u00e9se r\u00e1ir\u00e1ny\u00edtja figyelm\u00fcnket egy fontos felismer\u00e9sre: Isten minden j\u00f3 forr\u00e1sa. Vagyis, \u0150 egy j\u00f3 vil\u00e1got b\u00edzott r\u00e1nk. A magunk feladata pedig, hogy ezt a j\u00f3s\u00e1got meg\u0151rizz\u00fck. Erre csakis szeretet\u00e9ben \u00e9s kegyelmi aj\u00e1nd\u00e9kainak birtok\u00e1ban vagyunk k\u00e9pesek.<\/em><\/span><\/p>\n<p><span style=\"color: #ff6600;\"><em>M\u00f3zes besz\u00e9det int\u00e9z a v\u00e1lasztott n\u00e9phez, err\u0151l hallhatunk az els\u0151 olvasm\u00e1nyban. Mindezt ma buzd\u00edt\u00f3 \u00e9s lelkes\u00edt\u0151 besz\u00e9dnek nevezn\u00e9nk, mely a t\u00f6rv\u00e9nyek fontoss\u00e1g\u00e1t \u00e9s \u00e9let\u00fcnkre gyakorolt pozit\u00edv hat\u00e1s\u00e1t emeli ki.\u00a0 Aktualiz\u00e1lva M\u00f3zes besz\u00e9d\u00e9t, elmondhatjuk, hogy \u00fczenete ma is fontos lehet sz\u00e1munkra. K\u00fcl\u00f6n\u00f6sen annak f\u00e9ny\u00e9ben, hogy gyakorta hajlamosak vagyunk csup\u00e1n a rossz dolgokat \u00e9szre venni k\u00f6rnyezet\u00fcnkben. A gondolkod\u00f3 ember el\u0151bb-ut\u00f3bb r\u00e1j\u00f6n, hogy \u00fcres az \u00e9lete Isten n\u00e9lk\u00fcl \u00e9s Isten parancsai n\u00e9lk\u00fcl.<\/em><\/span><\/p>\n<p><span style=\"color: #ff6600;\"><em>A h\u00edv\u0151 ember al\u00e1zat\u00e1nak jutalma, hogy felismeri \u00e9s elismeri: minden j\u00f3 Istent\u0151l sz\u00e1rmazik. Att\u00f3l, aki \u00f6r\u00f6k, akiben nincs v\u00e1ltoz\u00e1s. Nincs v\u00e1laszt\u00e1som, mint mint megtartani a bel\u00e9m oltott tan\u00edt\u00e1st, amelyet \u00e9lett\u00e9 tudok v\u00e1ltani. \u00cdgy nem csup\u00e1n hallgat\u00f3ja leszek a kinyilatkoztatott tan\u00edt\u00e1snak, hanem egyben meg\u00e9l\u0151je is. Egyetlen \u00fat ahhoz, hogy tiszt\u00e1n megmaradjak ebben a vil\u00e1gban.<\/em><\/span><\/p>\n<p><span style=\"color: #ff6600;\"><em>A sz\u00edv tisztas\u00e1ga, csak az, ami sz\u00e1m\u00edt. Ez az elhangz\u00f3 evang\u00e9liumi r\u00e9sz fontos \u00fczenete. J\u00e9zus v\u00e1lasza ez a provokat\u00edv sz\u00e1nd\u00e9k\u00fa \u00edr\u00e1stud\u00f3knak \u00e9s farizeusoknak. \u00c9rdekes megfigyeln\u00fcnk, hogy nem megy bele az \u0151 j\u00e1tszm\u00e1jukba \u00e9s a sz\u00e1m\u00e1ra k\u00e9sz\u00edtett csapd\u00e1ba. V\u00e1lasza nek\u00fcnk is ir\u00e1nyt mutat. Amennyiben provok\u00e1lnak, megk\u00e9rd\u0151jelezik cselekedeteim tisztas\u00e1g\u00e1t, v\u00e1laszom csakis sz\u00edvem tisztas\u00e1ga lehet. Igazi kereszt\u00e9nyk\u00e9nt igyekszem sz\u00edvem m\u00e9ly\u00e9ig tiszta lenni \u00e9s maradni. Csakis ez a kifizet\u0151d\u0151 kereszt\u00e9ny magatart\u00e1s!<\/em><\/span><\/p>\n<p><span style=\"color: #ff6600;\"><em>Tibor atya\u00a0<\/em><\/span><\/p>\n<p><span style=\"color: #008000;\">Kezd\u0151\u00e9nek:<\/span><br \/>\nK\u00f6ny\u00f6r\u00fclj rajtam, Uram, mert eg\u00e9sz nap hozz\u00e1d ki\u00e1ltok: mert te, Uram, j\u00f3s\u00e1gos vagy \u00e9s szel\u00edd, \u00e9s nagy irgalm\u00fa azokhoz, akik seg\u00edts\u00e9g\u00fcl h\u00edvnak t\u00e9ged. (V\u00f6. Zsolt 85,3-5)<\/p>\n<p><span style=\"color: #008000;\">K\u00f6ny\u00f6rg\u00e9s:<\/span><br \/>\nEr\u0151ss\u00e9g Istene, te vagy a legf\u0151bb j\u00f3 \u00e9s minden j\u00f3nak forr\u00e1sa. \u00d6nts sz\u00edv\u00fcnkbe ir\u00e1ntad val\u00f3 szeretetet, \u00e9s a vall\u00e1sos lelk\u00fcletet n\u00f6veld benn\u00fcnk. K\u00e9r\u00fcnk, gyarap\u00edtsd \u00e9s atyai gondvisel\u00e9seddel \u0151rizd meg lelk\u00fcnkben kegyelmi aj\u00e1nd\u00e9kaidat. A mi Urunk, J\u00e9zus Krisztus, a te Fiad \u00e1ltal, aki veled \u00e9l \u00e9s uralkodik a Szentl\u00e9lekkel egys\u00e9gben, Isten mind\u00f6r\u00f6kk\u00f6n \u00f6r\u00f6kk\u00e9.<\/p>\n<p align=\"justify\"><span style=\"color: #008000;\">OLVASM\u00c1NY M\u00f3zes \u00f6t\u00f6dik k\u00f6nyv\u00e9b\u0151l (MT\u00f6rv 4,1-2.6-8)<\/span><br \/>\nM\u00f3zes ezt a besz\u00e9det int\u00e9zte a n\u00e9phez: \u201e\u00c9s most halld, Izrael, azokat a parancsokat \u00e9s t\u00f6rv\u00e9nyeket, amelyeknek megtart\u00e1s\u00e1ra tan\u00edtalak, hogy \u00e9ljetek \u00e9s bevonulva elfoglalj\u00e1tok azt a f\u00f6ldet, amelyet az \u00dar, aty\u00e1itok Istene ad nektek. Ahhoz, amit mondok, ne tegyetek hozz\u00e1 semmit \u00e9s ne is vegyetek el bel\u0151le, hanem tarts\u00e1tok meg az \u00dar, a ti Istenetek parancsait, amelyeket adok nektek. Tarts\u00e1tok szem el\u0151tt \u00e9s k\u00f6vess\u00e9tek \u0151ket!<br \/>\n\u00cdgy tesztek szert b\u00f6lcsess\u00e9gre \u00e9s okoss\u00e1gra azoknak a n\u00e9peknek szem\u00e9ben, amelyek hallanak ezekr\u0151l a t\u00f6rv\u00e9nyekr\u0151l. Azt fogj\u00e1k mondani: Val\u00f3ban b\u00f6lcs \u00e9s okos n\u00e9p ez a nagy nemzet! Mert h\u00e1t hol van olyan nagy n\u00e9p, amelyhez istenei oly k\u00f6zel voln\u00e1nak, mint hozz\u00e1nk az \u00dar, a mi Isten\u00fcnk, valah\u00e1nyszor hozz\u00e1 folyamodunk? \u00c9s hol van m\u00e9g egy olyan nagy n\u00e9p, amelyiknek oly t\u00f6k\u00e9letes parancsai \u00e9s szab\u00e1lyai voln\u00e1nak, mint ez az eg\u00e9sz t\u00f6rv\u00e9ny, amelyet ma el\u00e9tek t\u00e1rok?\u201d<br \/>\nEz az Isten ig\u00e9je.<\/p>\n<p align=\"justify\"><span style=\"color: #008000;\">V\u00c1LASZOS ZSOLT\u00c1R (Zsolt 14,2-3a.3cd-4ab.5)<\/span><br \/>\nV\u00e1lasz:\u00a0<strong>Uram,\u00a0<u>ki<\/u>\u00a0lakhat * a te\u00a0<u>haj<\/u>l\u00e9kodban?<\/strong>\u00a0(5. t\u00f3nus.)<br \/>\nEl\u0151\u00e9nekes: Aki b\u0171n n\u00e9lk\u00fcl \u00e9li\u00a0<u>\u00e9<\/u>let\u00e9t, * \u00e9s\u00a0<u>he<\/u>lyesen cselekszik.<br \/>\nAki igazat gondol\u00a0<u>sz\u00ed<\/u>v\u00e9ben, * kinek r\u00e1galmat\u00a0<u>nem<\/u>\u00a0besz\u00e9l sz\u00e1ja.<br \/>\nH\u00edvek:\u00a0<strong>Uram,\u00a0<u>ki<\/u>\u00a0lakhat * a te\u00a0<u>haj<\/u>l\u00e9kodban?<\/strong><br \/>\nE: Aki felebar\u00e1tj\u00e1nak nem tesz\u00a0<u>ros<\/u>szat, * aki nem gyal\u00e1zza\u00a0<u>em<\/u>bert\u00e1rs\u00e1t.<br \/>\nAki a gonoszt semmibe\u00a0<u>ve<\/u>szi, * de tiszteli az\u00a0<u>is<\/u>tenf\u00e9l\u0151t.<br \/>\nH:\u00a0<strong>Uram,\u00a0<u>ki<\/u>\u00a0lakhat * a te\u00a0<u>haj<\/u>l\u00e9kodban?<\/strong><br \/>\nE: Aki p\u00e9nz\u00e9t uzsor\u00e1ra\u00a0<u>nem<\/u>\u00a0adja, * \u00e9s veszteget\u00e9st nem fogad el az\u00a0<u>\u00e1r<\/u>tatlan ellen.<br \/>\nAki \u00edgy \u00e9li\u00a0<u>\u00e9<\/u>let\u00e9t, * soha\u00a0<u>meg<\/u>\u00a0nem rend\u00fcl.<br \/>\nH:\u00a0<strong>Uram,\u00a0<u>ki<\/u>\u00a0lakhat * a te\u00a0<u>haj<\/u>l\u00e9kodban?<\/strong><\/p>\n<p align=\"justify\"><span style=\"color: #008000;\">SZENTLECKE Szent Jakab level\u00e9b\u0151l (Jak 1,17-18.21b-22.27)<\/span><br \/>\nTestv\u00e9reim!<br \/>\nMinden j\u00f3 adom\u00e1ny \u00e9s minden aj\u00e1nd\u00e9k fel\u00fclr\u0151l van, a vil\u00e1goss\u00e1g Atyj\u00e1t\u00f3l sz\u00e1ll al\u00e1, akiben nincs v\u00e1ltoz\u00e1s, \u00e9s m\u00e9g \u00e1rny\u00e9ka sincs a v\u00e1ltoz\u00e1snak. Szabad akaratb\u00f3l h\u00edvott minket \u00e9letre az igazs\u00e1g ig\u00e9j\u00e9vel, hogy teremtm\u00e9nyeinek mintegy az els\u0151 term\u00e9se legy\u00fcnk. Fogadj\u00e1tok ez\u00e9rt tanul\u00e9kony l\u00e9lekkel a bel\u00e9tek oltott tan\u00edt\u00e1st, amely k\u00e9pes megmenteni lelketeket. A tan\u00edt\u00e1st v\u00e1lts\u00e1tok tettekre, ne csak hallgass\u00e1tok, mert k\u00fcl\u00f6nben magatokat csalj\u00e1tok meg. Az Isten \u00e9s az Atya szem\u00e9ben ez az igazi, tiszta vall\u00e1soss\u00e1g: Megl\u00e1togatni nyomorukban az \u00e1rv\u00e1kat \u00e9s az \u00f6zvegyeket, \u00e9s tiszt\u00e1nak maradni a vil\u00e1gt\u00f3l.<br \/>\nEz az Isten ig\u00e9je.<\/p>\n<p align=\"justify\"><span style=\"color: #008000;\">ALLELUJA<\/span><br \/>\nMennyei Aty\u00e1nk \u00e9letre h\u00edvott benn\u00fcnket az igazs\u00e1g ig\u00e9je \u00e1ltal, * a teremtett vil\u00e1g sz\u00edne jav\u00e1nak rendelt minket. (Jak 1,18 \u2013 11. t\u00f3nus.)<\/p>\n<p align=\"justify\"><span style=\"color: #008000;\">\u2020 EVANG\u00c9LIUM Szent M\u00e1rk k\u00f6nyv\u00e9b\u0151l (Mk 7,1-8.14-15.21-23)<\/span><br \/>\nAbban az id\u0151ben \u00f6sszegy\u0171ltek J\u00e9zus k\u00f6r\u00e9 a farizeusok \u00e9s n\u00e9h\u00e1ny \u00edr\u00e1stud\u00f3 Jeruzs\u00e1lemb\u0151l. L\u00e1tt\u00e1k, hogy egyik-m\u00e1sik tan\u00edtv\u00e1nya tiszt\u00e1talan, vagyis mosatlan, k\u00e9zzel eszi a kenyeret. A farizeusok \u00e9s \u00e1ltal\u00e1ban a zsid\u00f3k ugyanis nem esznek addig, am\u00edg meg nem moss\u00e1k a kez\u00fcket k\u00f6ny\u00e9kig, \u00edgy tartj\u00e1k meg az \u0151s\u00f6k hagyom\u00e1nyait. \u00c9s ha piacr\u00f3l j\u00f6nnek, addig nem esznek, m\u00edg meg nem mosakszanak. S m\u00e9g sok m\u00e1s hagyom\u00e1nyhoz is ragaszkodnak: \u00edgy p\u00e9ld\u00e1ul a poharak, kors\u00f3k, r\u00e9zed\u00e9nyek le\u00f6bl\u00edt\u00e9s\u00e9hez.<br \/>\nA farizeusok \u00e9s \u00edr\u00e1stud\u00f3k teh\u00e1t megk\u00e9rdezt\u00e9k: \u201eMi\u00e9rt nem k\u00f6vetik tan\u00edtv\u00e1nyaid az \u0151s\u00f6k hagyom\u00e1nyait, mi\u00e9rt \u00e9tkeznek tiszt\u00e1talan k\u00e9zzel?\u201d Ezt a v\u00e1laszt adta nekik: \u201eK\u00e9pmutat\u00f3k! Tal\u00e1l\u00f3an j\u00f6vend\u00f6lt r\u00f3latok Izaj\u00e1s, amint \u00edrva van: \u00bbEz a n\u00e9p ajk\u00e1val tisztel engem, \u00e1m a sz\u00edve t\u00e1vol van t\u0151lem. Hamisan tisztelnek, olyan tanokat tan\u00edtv\u00e1n, amelyek csak emberi parancsok.\u00ab Az Isten parancsait nem tartj\u00e1tok meg, de az emberi hagyom\u00e1nyokhoz ragaszkodtok.\u201d<br \/>\nMajd ism\u00e9t mag\u00e1hoz sz\u00f3l\u00edtotta a n\u00e9pet, \u00e9s \u00edgy sz\u00f3lt: \u201eHallgassatok r\u00e1m mindny\u00e1jan, \u00e9s \u00e9rts\u00e9tek meg: K\u00edv\u00fclr\u0151l semmi sem ker\u00fclhet be az emberbe, ami beszennyezhetn\u00e9. Hanem ami bel\u0151le sz\u00e1rmazik, az teszi az embert tiszt\u00e1talann\u00e1. Mert bel\u00fclr\u0151l, az ember sz\u00edv\u00e9b\u0151l sz\u00e1rmazik minden gonosz gondolat, erk\u00f6lcstelens\u00e9g, lop\u00e1s, gyilkoss\u00e1g, h\u00e1zass\u00e1gt\u00f6r\u00e9s, kapzsis\u00e1g, rosszindulat, csal\u00e1s, kicsapong\u00e1s, irigys\u00e9g, k\u00e1roml\u00e1s, kev\u00e9lys\u00e9g, l\u00e9has\u00e1g. Ez a sok rossz mind bel\u00fclr\u0151l sz\u00e1rmazik, \u00e9s tiszt\u00e1talann\u00e1 teszi az embert.<br \/>\nEzek az evang\u00e9lium ig\u00e9i.<\/p>\n<p><span style=\"color: #008000;\">EGYETEMES K\u00d6NY\u00d6RG\u00c9SEK<\/span><br \/>\nPap: K\u00e9rj\u00fck, testv\u00e9reim, a mennyei Aty\u00e1t\u00f3l, hogy k\u00f6teless\u00e9geinket \u00e9l\u0151 hittel teljes\u00edts\u00fck!<br \/>\nLektor:<br \/>\n1. Add, Urunk, hogy lelkip\u00e1sztoraink igehirdet\u00e9se \u00e9s \u00e9lete \u0151szinte meggy\u0151z\u0151d\u00e9sr\u0151l tan\u00faskodj\u00e9k!<br \/>\nH\u00edvek: K\u00e9r\u00fcnk t\u00e9ged, hallgass meg minket!<br \/>\n2. Tartsd t\u00e1vol a n\u00e9pekt\u0151l a nemzeti \u00f6nz\u00e9s \u00e9s a faji gy\u0171l\u00f6lk\u00f6d\u00e9s szellem\u00e9t!<br \/>\nH\u00edvek: K\u00e9r\u00fcnk t\u00e9ged . . .<br \/>\n3. Seg\u00edts, hogy egym\u00e1s ir\u00e1nti magatart\u00e1sunkat a k\u00f6lcs\u00f6n\u00f6s megbecs\u00fcl\u00e9s \u00e9s testv\u00e9ri szeretet hassa \u00e1t!<br \/>\nH\u00edvek: K\u00e9r\u00fcnk t\u00e9ged . . .<br \/>\n4. Add, hogy csal\u00e1djaink \u00e9let\u00e9b\u0151l elt\u0171nj\u00e9k minden civakod\u00e1s, irigys\u00e9g \u00e9s bossz\u00fa\u00e1ll\u00e1s!<br \/>\nH\u00edvek: K\u00e9r\u00fcnk t\u00e9ged . . .<br \/>\n5. Engedd, hogy hal\u00e1lunk \u00f3r\u00e1ja a te kegyelmedben tal\u00e1ljon minket!<br \/>\nH\u00edvek: K\u00e9r\u00fcnk t\u00e9ged . . .<br \/>\nPap: Mindenhat\u00f3, \u00f6r\u00f6k Isten! Seg\u00edtsd h\u00edveidet, hogy ne csak k\u00fcls\u0151 cselekedeteikkel, hanem m\u00e9ly bels\u0151 meggy\u0151z\u0151d\u00e9ssel is szolg\u00e1ljanak neked! Krisztus, a mi Urunk \u00e1ltal.<br \/>\nH\u00edvek: \u00c1men.<\/p>\n<p><span style=\"color: #008000;\">Felaj\u00e1nl\u00f3 k\u00f6ny\u00f6rg\u00e9s:<\/span><br \/>\nUrunk, Isten\u00fcnk, szerezzen nek\u00fcnk mindig \u00fcdv\u00f6ss\u00e9ges \u00e1ld\u00e1st ez az \u00e1ldozati adom\u00e1ny, hogy ami ebben a miszt\u00e9riumban t\u00f6rt\u00e9nik, annak ereje \u00e9lett\u00e9 v\u00e1lj\u00e9k benn\u00fcnk. Krisztus, a mi Urunk \u00e1ltal.<\/p>\n<p><span style=\"color: #008000;\">\u00c1ldoz\u00e1si \u00e9nek:<\/span><br \/>\nMilyen nagy a te j\u00f3s\u00e1god, Uram, melyet a t\u00e9ged f\u00e9l\u0151knek tartogatsz. (Zsolt 30,20)<br \/>\n<span style=\"color: #008000;\"><em>Vagy<\/em><\/span><br \/>\nBoldogok a b\u00e9kess\u00e9gszerz\u00f6k, mert Isten fiainak h\u00edvj\u00e1k majd \u0151ket. Boldogok, akiket az igazs\u00e1g miatt \u00fcld\u00f6znek, mert \u00f6v\u00e9k a mennyek orsz\u00e1ga. (Mt 5,9-10)<\/p>\n<p><span style=\"color: #008000;\">\u00c1ldoz\u00e1s ut\u00e1ni k\u00f6ny\u00f6rg\u00e9s:<\/span><br \/>\nMennyei asztalod kenyer\u00e9vel t\u00e1pl\u00e1lt\u00e1l minket Urunk, Isten\u00fcnk. K\u00e9r\u00fcnk, a szeretetnek ez a t\u00e1pl\u00e1l\u00e9ka er\u0151s\u00edtse sz\u00edv\u00fcnket, hogy testv\u00e9reinkben neked szolg\u00e1ljunk. Krisztus, a mi Urunk \u00e1ltal.<\/p>\n<p><em>(K\u00e9p forr\u00e1sa: Instagram)<\/em><\/p>\n","protected":false},"excerpt":{"rendered":"<p>\u201eA teremtett vil\u00e1ggal egy\u00fctt rem\u00e9lj \u00e9s cselekedj\u201d \u2013 ez a szeptember 1-jei teremt\u00e9sv\u00e9delmi imanap t\u00e9m\u00e1ja. Szent P\u00e1l apostol R\u00f3maiaknak \u00edrt level\u00e9re\u00a0utal (8,19\u201325): az apostol ebben elmagyar\u00e1zza, mit jelent a L\u00e9lek szerint \u00e9lni, \u00e9s a hit \u00e1ltali \u00fcdv\u00f6ss\u00e9g biztos rem\u00e9ny\u00e9r\u0151l \u00edr, ez a hit pedig \u00faj \u00e9let Krisztusban. A szentmise k\u00f6ny\u00f6rg\u00e9se r\u00e1ir\u00e1ny\u00edtja figyelm\u00fcnket egy fontos felismer\u00e9sre: Isten minden j\u00f3 forr\u00e1sa. Vagyis, \u0150 egy j\u00f3 vil\u00e1got b\u00edzott r\u00e1nk. A magunk feladata pedig, hogy ezt a j\u00f3s\u00e1got meg\u0151rizz\u00fck. Erre csakis szeretet\u00e9ben \u00e9s kegyelmi aj\u00e1nd\u00e9kainak birtok\u00e1ban vagyunk k\u00e9pesek. M\u00f3zes besz\u00e9det int\u00e9z a v\u00e1lasztott n\u00e9phez, err\u0151l hallhatunk az els\u0151 olvasm\u00e1nyban. Mindezt ma buzd\u00edt\u00f3 \u00e9s lelkes\u00edt\u0151 besz\u00e9dnek nevezn\u00e9nk, mely a t\u00f6rv\u00e9nyek fontoss\u00e1g\u00e1t \u00e9s \u00e9let\u00fcnkre gyakorolt pozit\u00edv hat\u00e1s\u00e1t emeli ki.\u00a0 Aktualiz\u00e1lva M\u00f3zes besz\u00e9d\u00e9t, elmondhatjuk, hogy \u00fczenete ma is fontos lehet sz\u00e1munkra. K\u00fcl\u00f6n\u00f6sen annak f\u00e9ny\u00e9ben, hogy gyakorta hajlamosak vagyunk csup\u00e1n a rossz dolgokat \u00e9szre venni k\u00f6rnyezet\u00fcnkben. A gondolkod\u00f3 ember el\u0151bb-ut\u00f3bb r\u00e1j\u00f6n, hogy \u00fcres az \u00e9lete Isten n\u00e9lk\u00fcl \u00e9s Isten parancsai n\u00e9lk\u00fcl. A h\u00edv\u0151 ember al\u00e1zat\u00e1nak jutalma, hogy felismeri \u00e9s elismeri: minden j\u00f3 Istent\u0151l sz\u00e1rmazik. Att\u00f3l, aki \u00f6r\u00f6k, akiben nincs v\u00e1ltoz\u00e1s. Nincs v\u00e1laszt\u00e1som, mint mint megtartani a bel\u00e9m oltott tan\u00edt\u00e1st, amelyet \u00e9lett\u00e9 tudok v\u00e1ltani. \u00cdgy nem csup\u00e1n hallgat\u00f3ja leszek a kinyilatkoztatott tan\u00edt\u00e1snak, hanem egyben meg\u00e9l\u0151je is. Egyetlen \u00fat ahhoz, hogy tiszt\u00e1n megmaradjak ebben a vil\u00e1gban. A sz\u00edv tisztas\u00e1ga, csak az, ami sz\u00e1m\u00edt. Ez az elhangz\u00f3 evang\u00e9liumi r\u00e9sz fontos \u00fczenete. J\u00e9zus v\u00e1lasza ez a provokat\u00edv sz\u00e1nd\u00e9k\u00fa \u00edr\u00e1stud\u00f3knak \u00e9s farizeusoknak. \u00c9rdekes megfigyeln\u00fcnk, hogy nem megy bele az \u0151 j\u00e1tszm\u00e1jukba \u00e9s a sz\u00e1m\u00e1ra k\u00e9sz\u00edtett csapd\u00e1ba. V\u00e1lasza nek\u00fcnk is ir\u00e1nyt mutat. Amennyiben provok\u00e1lnak, megk\u00e9rd\u0151jelezik cselekedeteim tisztas\u00e1g\u00e1t, v\u00e1laszom csakis sz\u00edvem tisztas\u00e1ga lehet. Igazi kereszt\u00e9nyk\u00e9nt igyekszem sz\u00edvem m\u00e9ly\u00e9ig tiszta lenni \u00e9s maradni. Csakis ez a kifizet\u0151d\u0151 kereszt\u00e9ny magatart\u00e1s! Tibor atya\u00a0 Kezd\u0151\u00e9nek: K\u00f6ny\u00f6r\u00fclj rajtam, Uram, mert eg\u00e9sz nap hozz\u00e1d ki\u00e1ltok: mert te, Uram, j\u00f3s\u00e1gos vagy \u00e9s szel\u00edd, \u00e9s nagy irgalm\u00fa azokhoz, akik seg\u00edts\u00e9g\u00fcl h\u00edvnak t\u00e9ged. (V\u00f6&#8230;. <\/p>\n<p><a class=\"readmore\" href=\"https:\/\/stuttgarti-katolikusok.de\/index.php\/evkozi-22-vasarnap-teremtesvedelmi-vilagnap\/\">R\u00e9szletek<\/a><\/p>\n","protected":false},"author":3,"featured_media":29302,"comment_status":"closed","ping_status":"closed","sticky":false,"template":"","format":"standard","meta":{"footnotes":""},"categories":[85,63],"tags":[],"class_list":["post-29301","post","type-post","status-publish","format-standard","has-post-thumbnail","hentry","category-a-liturgia-olvasmanyai","category-vasarnapi-gondolatok"],"yoast_head":"<!-- This site is optimized with the Yoast SEO plugin v27.3 - https:\/\/yoast.com\/product\/yoast-seo-wordpress\/ -->\n<title>\u00c9vk\u00f6zi 22. vas\u00e1rnap \u2013 Teremt\u00e9sv\u00e9delmi vil\u00e1gnap - Stuttgarti Katolikusok<\/title>\n<meta name=\"robots\" content=\"index, follow, max-snippet:-1, max-image-preview:large, max-video-preview:-1\" \/>\n<link rel=\"canonical\" href=\"https:\/\/stuttgarti-katolikusok.de\/index.php\/evkozi-22-vasarnap-teremtesvedelmi-vilagnap\/\" \/>\n<meta property=\"og:locale\" content=\"hu_HU\" \/>\n<meta property=\"og:type\" content=\"article\" \/>\n<meta property=\"og:title\" content=\"\u00c9vk\u00f6zi 22. vas\u00e1rnap \u2013 Teremt\u00e9sv\u00e9delmi vil\u00e1gnap - Stuttgarti Katolikusok\" \/>\n<meta property=\"og:description\" content=\"\u201eA teremtett vil\u00e1ggal egy\u00fctt rem\u00e9lj \u00e9s cselekedj\u201d \u2013 ez a szeptember 1-jei teremt\u00e9sv\u00e9delmi imanap t\u00e9m\u00e1ja. Szent P\u00e1l apostol R\u00f3maiaknak \u00edrt level\u00e9re\u00a0utal (8,19\u201325): az apostol ebben elmagyar\u00e1zza, mit jelent a L\u00e9lek szerint \u00e9lni, \u00e9s a hit \u00e1ltali \u00fcdv\u00f6ss\u00e9g biztos rem\u00e9ny\u00e9r\u0151l \u00edr, ez a hit pedig \u00faj \u00e9let Krisztusban. A szentmise k\u00f6ny\u00f6rg\u00e9se r\u00e1ir\u00e1ny\u00edtja figyelm\u00fcnket egy fontos felismer\u00e9sre: Isten minden j\u00f3 forr\u00e1sa. Vagyis, \u0150 egy j\u00f3 vil\u00e1got b\u00edzott r\u00e1nk. A magunk feladata pedig, hogy ezt a j\u00f3s\u00e1got meg\u0151rizz\u00fck. Erre csakis szeretet\u00e9ben \u00e9s kegyelmi aj\u00e1nd\u00e9kainak birtok\u00e1ban vagyunk k\u00e9pesek. M\u00f3zes besz\u00e9det int\u00e9z a v\u00e1lasztott n\u00e9phez, err\u0151l hallhatunk az els\u0151 olvasm\u00e1nyban. Mindezt ma buzd\u00edt\u00f3 \u00e9s lelkes\u00edt\u0151 besz\u00e9dnek nevezn\u00e9nk, mely a t\u00f6rv\u00e9nyek fontoss\u00e1g\u00e1t \u00e9s \u00e9let\u00fcnkre gyakorolt pozit\u00edv hat\u00e1s\u00e1t emeli ki.\u00a0 Aktualiz\u00e1lva M\u00f3zes besz\u00e9d\u00e9t, elmondhatjuk, hogy \u00fczenete ma is fontos lehet sz\u00e1munkra. K\u00fcl\u00f6n\u00f6sen annak f\u00e9ny\u00e9ben, hogy gyakorta hajlamosak vagyunk csup\u00e1n a rossz dolgokat \u00e9szre venni k\u00f6rnyezet\u00fcnkben. A gondolkod\u00f3 ember el\u0151bb-ut\u00f3bb r\u00e1j\u00f6n, hogy \u00fcres az \u00e9lete Isten n\u00e9lk\u00fcl \u00e9s Isten parancsai n\u00e9lk\u00fcl. A h\u00edv\u0151 ember al\u00e1zat\u00e1nak jutalma, hogy felismeri \u00e9s elismeri: minden j\u00f3 Istent\u0151l sz\u00e1rmazik. Att\u00f3l, aki \u00f6r\u00f6k, akiben nincs v\u00e1ltoz\u00e1s. Nincs v\u00e1laszt\u00e1som, mint mint megtartani a bel\u00e9m oltott tan\u00edt\u00e1st, amelyet \u00e9lett\u00e9 tudok v\u00e1ltani. \u00cdgy nem csup\u00e1n hallgat\u00f3ja leszek a kinyilatkoztatott tan\u00edt\u00e1snak, hanem egyben meg\u00e9l\u0151je is. Egyetlen \u00fat ahhoz, hogy tiszt\u00e1n megmaradjak ebben a vil\u00e1gban. A sz\u00edv tisztas\u00e1ga, csak az, ami sz\u00e1m\u00edt. Ez az elhangz\u00f3 evang\u00e9liumi r\u00e9sz fontos \u00fczenete. J\u00e9zus v\u00e1lasza ez a provokat\u00edv sz\u00e1nd\u00e9k\u00fa \u00edr\u00e1stud\u00f3knak \u00e9s farizeusoknak. \u00c9rdekes megfigyeln\u00fcnk, hogy nem megy bele az \u0151 j\u00e1tszm\u00e1jukba \u00e9s a sz\u00e1m\u00e1ra k\u00e9sz\u00edtett csapd\u00e1ba. V\u00e1lasza nek\u00fcnk is ir\u00e1nyt mutat. Amennyiben provok\u00e1lnak, megk\u00e9rd\u0151jelezik cselekedeteim tisztas\u00e1g\u00e1t, v\u00e1laszom csakis sz\u00edvem tisztas\u00e1ga lehet. Igazi kereszt\u00e9nyk\u00e9nt igyekszem sz\u00edvem m\u00e9ly\u00e9ig tiszta lenni \u00e9s maradni. Csakis ez a kifizet\u0151d\u0151 kereszt\u00e9ny magatart\u00e1s! Tibor atya\u00a0 Kezd\u0151\u00e9nek: K\u00f6ny\u00f6r\u00fclj rajtam, Uram, mert eg\u00e9sz nap hozz\u00e1d ki\u00e1ltok: mert te, Uram, j\u00f3s\u00e1gos vagy \u00e9s szel\u00edd, \u00e9s nagy irgalm\u00fa azokhoz, akik seg\u00edts\u00e9g\u00fcl h\u00edvnak t\u00e9ged. (V\u00f6.... R\u00e9szletek\" \/>\n<meta property=\"og:url\" content=\"https:\/\/stuttgarti-katolikusok.de\/index.php\/evkozi-22-vasarnap-teremtesvedelmi-vilagnap\/\" \/>\n<meta property=\"og:site_name\" content=\"Stuttgarti Katolikusok\" \/>\n<meta property=\"article:published_time\" content=\"2024-08-31T16:07:54+00:00\" \/>\n<meta property=\"article:modified_time\" content=\"2024-08-31T16:08:57+00:00\" \/>\n<meta property=\"og:image\" content=\"https:\/\/stuttgarti-katolikusok.de\/wp-content\/uploads\/2024\/08\/whatsapp-kep-2024-08-31-180249-1464abd8.jpg\" \/>\n\t<meta property=\"og:image:width\" content=\"2048\" \/>\n\t<meta property=\"og:image:height\" content=\"1513\" \/>\n\t<meta property=\"og:image:type\" content=\"image\/jpeg\" \/>\n<meta name=\"author\" content=\"Tibor atya\" \/>\n<meta name=\"twitter:card\" content=\"summary_large_image\" \/>\n<meta name=\"twitter:label1\" content=\"Szerz\u0151:\" \/>\n\t<meta name=\"twitter:data1\" content=\"Tibor atya\" \/>\n\t<meta name=\"twitter:label2\" content=\"Becs\u00fclt olvas\u00e1si id\u0151\" \/>\n\t<meta name=\"twitter:data2\" content=\"7 perc\" \/>\n<script type=\"application\/ld+json\" class=\"yoast-schema-graph\">{\"@context\":\"https:\\\/\\\/schema.org\",\"@graph\":[{\"@type\":\"Article\",\"@id\":\"https:\\\/\\\/stuttgarti-katolikusok.de\\\/index.php\\\/evkozi-22-vasarnap-teremtesvedelmi-vilagnap\\\/#article\",\"isPartOf\":{\"@id\":\"https:\\\/\\\/stuttgarti-katolikusok.de\\\/index.php\\\/evkozi-22-vasarnap-teremtesvedelmi-vilagnap\\\/\"},\"author\":{\"name\":\"Tibor atya\",\"@id\":\"https:\\\/\\\/stuttgarti-katolikusok.de\\\/#\\\/schema\\\/person\\\/75908d6f8fdc03a57889d27209df7795\"},\"headline\":\"\u00c9vk\u00f6zi 22. vas\u00e1rnap \u2013 Teremt\u00e9sv\u00e9delmi vil\u00e1gnap\",\"datePublished\":\"2024-08-31T16:07:54+00:00\",\"dateModified\":\"2024-08-31T16:08:57+00:00\",\"mainEntityOfPage\":{\"@id\":\"https:\\\/\\\/stuttgarti-katolikusok.de\\\/index.php\\\/evkozi-22-vasarnap-teremtesvedelmi-vilagnap\\\/\"},\"wordCount\":1732,\"image\":{\"@id\":\"https:\\\/\\\/stuttgarti-katolikusok.de\\\/index.php\\\/evkozi-22-vasarnap-teremtesvedelmi-vilagnap\\\/#primaryimage\"},\"thumbnailUrl\":\"https:\\\/\\\/stuttgarti-katolikusok.de\\\/wp-content\\\/uploads\\\/2024\\\/08\\\/whatsapp-kep-2024-08-31-180249-1464abd8.jpg\",\"articleSection\":[\"A liturgia olvasm\u00e1nyai\",\"Vas\u00e1rnapi gondolatok\"],\"inLanguage\":\"hu\"},{\"@type\":\"WebPage\",\"@id\":\"https:\\\/\\\/stuttgarti-katolikusok.de\\\/index.php\\\/evkozi-22-vasarnap-teremtesvedelmi-vilagnap\\\/\",\"url\":\"https:\\\/\\\/stuttgarti-katolikusok.de\\\/index.php\\\/evkozi-22-vasarnap-teremtesvedelmi-vilagnap\\\/\",\"name\":\"\u00c9vk\u00f6zi 22. vas\u00e1rnap \u2013 Teremt\u00e9sv\u00e9delmi vil\u00e1gnap - Stuttgarti Katolikusok\",\"isPartOf\":{\"@id\":\"https:\\\/\\\/stuttgarti-katolikusok.de\\\/#website\"},\"primaryImageOfPage\":{\"@id\":\"https:\\\/\\\/stuttgarti-katolikusok.de\\\/index.php\\\/evkozi-22-vasarnap-teremtesvedelmi-vilagnap\\\/#primaryimage\"},\"image\":{\"@id\":\"https:\\\/\\\/stuttgarti-katolikusok.de\\\/index.php\\\/evkozi-22-vasarnap-teremtesvedelmi-vilagnap\\\/#primaryimage\"},\"thumbnailUrl\":\"https:\\\/\\\/stuttgarti-katolikusok.de\\\/wp-content\\\/uploads\\\/2024\\\/08\\\/whatsapp-kep-2024-08-31-180249-1464abd8.jpg\",\"datePublished\":\"2024-08-31T16:07:54+00:00\",\"dateModified\":\"2024-08-31T16:08:57+00:00\",\"author\":{\"@id\":\"https:\\\/\\\/stuttgarti-katolikusok.de\\\/#\\\/schema\\\/person\\\/75908d6f8fdc03a57889d27209df7795\"},\"breadcrumb\":{\"@id\":\"https:\\\/\\\/stuttgarti-katolikusok.de\\\/index.php\\\/evkozi-22-vasarnap-teremtesvedelmi-vilagnap\\\/#breadcrumb\"},\"inLanguage\":\"hu\",\"potentialAction\":[{\"@type\":\"ReadAction\",\"target\":[\"https:\\\/\\\/stuttgarti-katolikusok.de\\\/index.php\\\/evkozi-22-vasarnap-teremtesvedelmi-vilagnap\\\/\"]}]},{\"@type\":\"ImageObject\",\"inLanguage\":\"hu\",\"@id\":\"https:\\\/\\\/stuttgarti-katolikusok.de\\\/index.php\\\/evkozi-22-vasarnap-teremtesvedelmi-vilagnap\\\/#primaryimage\",\"url\":\"https:\\\/\\\/stuttgarti-katolikusok.de\\\/wp-content\\\/uploads\\\/2024\\\/08\\\/whatsapp-kep-2024-08-31-180249-1464abd8.jpg\",\"contentUrl\":\"https:\\\/\\\/stuttgarti-katolikusok.de\\\/wp-content\\\/uploads\\\/2024\\\/08\\\/whatsapp-kep-2024-08-31-180249-1464abd8.jpg\",\"width\":2048,\"height\":1513},{\"@type\":\"BreadcrumbList\",\"@id\":\"https:\\\/\\\/stuttgarti-katolikusok.de\\\/index.php\\\/evkozi-22-vasarnap-teremtesvedelmi-vilagnap\\\/#breadcrumb\",\"itemListElement\":[{\"@type\":\"ListItem\",\"position\":1,\"name\":\"Kezd\u0151lap\",\"item\":\"https:\\\/\\\/stuttgarti-katolikusok.de\\\/\"},{\"@type\":\"ListItem\",\"position\":2,\"name\":\"\u00c9vk\u00f6zi 22. vas\u00e1rnap \u2013 Teremt\u00e9sv\u00e9delmi vil\u00e1gnap\"}]},{\"@type\":\"WebSite\",\"@id\":\"https:\\\/\\\/stuttgarti-katolikusok.de\\\/#website\",\"url\":\"https:\\\/\\\/stuttgarti-katolikusok.de\\\/\",\"name\":\"Stuttgarti Katolikusok\",\"description\":\"\",\"potentialAction\":[{\"@type\":\"SearchAction\",\"target\":{\"@type\":\"EntryPoint\",\"urlTemplate\":\"https:\\\/\\\/stuttgarti-katolikusok.de\\\/?s={search_term_string}\"},\"query-input\":{\"@type\":\"PropertyValueSpecification\",\"valueRequired\":true,\"valueName\":\"search_term_string\"}}],\"inLanguage\":\"hu\"},{\"@type\":\"Person\",\"@id\":\"https:\\\/\\\/stuttgarti-katolikusok.de\\\/#\\\/schema\\\/person\\\/75908d6f8fdc03a57889d27209df7795\",\"name\":\"Tibor atya\",\"image\":{\"@type\":\"ImageObject\",\"inLanguage\":\"hu\",\"@id\":\"https:\\\/\\\/secure.gravatar.com\\\/avatar\\\/61d268e57d1f4525b111222e29d2d5a7f8c420fdbf231ba5566a8ceac74fa960?s=96&d=mm&r=g\",\"url\":\"https:\\\/\\\/secure.gravatar.com\\\/avatar\\\/61d268e57d1f4525b111222e29d2d5a7f8c420fdbf231ba5566a8ceac74fa960?s=96&d=mm&r=g\",\"contentUrl\":\"https:\\\/\\\/secure.gravatar.com\\\/avatar\\\/61d268e57d1f4525b111222e29d2d5a7f8c420fdbf231ba5566a8ceac74fa960?s=96&d=mm&r=g\",\"caption\":\"Tibor atya\"},\"url\":\"https:\\\/\\\/stuttgarti-katolikusok.de\\\/index.php\\\/author\\\/tibor-atya\\\/\"}]}<\/script>\n<!-- \/ Yoast SEO plugin. -->","yoast_head_json":{"title":"\u00c9vk\u00f6zi 22. vas\u00e1rnap \u2013 Teremt\u00e9sv\u00e9delmi vil\u00e1gnap - Stuttgarti Katolikusok","robots":{"index":"index","follow":"follow","max-snippet":"max-snippet:-1","max-image-preview":"max-image-preview:large","max-video-preview":"max-video-preview:-1"},"canonical":"https:\/\/stuttgarti-katolikusok.de\/index.php\/evkozi-22-vasarnap-teremtesvedelmi-vilagnap\/","og_locale":"hu_HU","og_type":"article","og_title":"\u00c9vk\u00f6zi 22. vas\u00e1rnap \u2013 Teremt\u00e9sv\u00e9delmi vil\u00e1gnap - Stuttgarti Katolikusok","og_description":"\u201eA teremtett vil\u00e1ggal egy\u00fctt rem\u00e9lj \u00e9s cselekedj\u201d \u2013 ez a szeptember 1-jei teremt\u00e9sv\u00e9delmi imanap t\u00e9m\u00e1ja. Szent P\u00e1l apostol R\u00f3maiaknak \u00edrt level\u00e9re\u00a0utal (8,19\u201325): az apostol ebben elmagyar\u00e1zza, mit jelent a L\u00e9lek szerint \u00e9lni, \u00e9s a hit \u00e1ltali \u00fcdv\u00f6ss\u00e9g biztos rem\u00e9ny\u00e9r\u0151l \u00edr, ez a hit pedig \u00faj \u00e9let Krisztusban. A szentmise k\u00f6ny\u00f6rg\u00e9se r\u00e1ir\u00e1ny\u00edtja figyelm\u00fcnket egy fontos felismer\u00e9sre: Isten minden j\u00f3 forr\u00e1sa. Vagyis, \u0150 egy j\u00f3 vil\u00e1got b\u00edzott r\u00e1nk. A magunk feladata pedig, hogy ezt a j\u00f3s\u00e1got meg\u0151rizz\u00fck. Erre csakis szeretet\u00e9ben \u00e9s kegyelmi aj\u00e1nd\u00e9kainak birtok\u00e1ban vagyunk k\u00e9pesek. M\u00f3zes besz\u00e9det int\u00e9z a v\u00e1lasztott n\u00e9phez, err\u0151l hallhatunk az els\u0151 olvasm\u00e1nyban. Mindezt ma buzd\u00edt\u00f3 \u00e9s lelkes\u00edt\u0151 besz\u00e9dnek nevezn\u00e9nk, mely a t\u00f6rv\u00e9nyek fontoss\u00e1g\u00e1t \u00e9s \u00e9let\u00fcnkre gyakorolt pozit\u00edv hat\u00e1s\u00e1t emeli ki.\u00a0 Aktualiz\u00e1lva M\u00f3zes besz\u00e9d\u00e9t, elmondhatjuk, hogy \u00fczenete ma is fontos lehet sz\u00e1munkra. K\u00fcl\u00f6n\u00f6sen annak f\u00e9ny\u00e9ben, hogy gyakorta hajlamosak vagyunk csup\u00e1n a rossz dolgokat \u00e9szre venni k\u00f6rnyezet\u00fcnkben. A gondolkod\u00f3 ember el\u0151bb-ut\u00f3bb r\u00e1j\u00f6n, hogy \u00fcres az \u00e9lete Isten n\u00e9lk\u00fcl \u00e9s Isten parancsai n\u00e9lk\u00fcl. A h\u00edv\u0151 ember al\u00e1zat\u00e1nak jutalma, hogy felismeri \u00e9s elismeri: minden j\u00f3 Istent\u0151l sz\u00e1rmazik. Att\u00f3l, aki \u00f6r\u00f6k, akiben nincs v\u00e1ltoz\u00e1s. Nincs v\u00e1laszt\u00e1som, mint mint megtartani a bel\u00e9m oltott tan\u00edt\u00e1st, amelyet \u00e9lett\u00e9 tudok v\u00e1ltani. \u00cdgy nem csup\u00e1n hallgat\u00f3ja leszek a kinyilatkoztatott tan\u00edt\u00e1snak, hanem egyben meg\u00e9l\u0151je is. Egyetlen \u00fat ahhoz, hogy tiszt\u00e1n megmaradjak ebben a vil\u00e1gban. A sz\u00edv tisztas\u00e1ga, csak az, ami sz\u00e1m\u00edt. Ez az elhangz\u00f3 evang\u00e9liumi r\u00e9sz fontos \u00fczenete. J\u00e9zus v\u00e1lasza ez a provokat\u00edv sz\u00e1nd\u00e9k\u00fa \u00edr\u00e1stud\u00f3knak \u00e9s farizeusoknak. \u00c9rdekes megfigyeln\u00fcnk, hogy nem megy bele az \u0151 j\u00e1tszm\u00e1jukba \u00e9s a sz\u00e1m\u00e1ra k\u00e9sz\u00edtett csapd\u00e1ba. V\u00e1lasza nek\u00fcnk is ir\u00e1nyt mutat. Amennyiben provok\u00e1lnak, megk\u00e9rd\u0151jelezik cselekedeteim tisztas\u00e1g\u00e1t, v\u00e1laszom csakis sz\u00edvem tisztas\u00e1ga lehet. Igazi kereszt\u00e9nyk\u00e9nt igyekszem sz\u00edvem m\u00e9ly\u00e9ig tiszta lenni \u00e9s maradni. Csakis ez a kifizet\u0151d\u0151 kereszt\u00e9ny magatart\u00e1s! Tibor atya\u00a0 Kezd\u0151\u00e9nek: K\u00f6ny\u00f6r\u00fclj rajtam, Uram, mert eg\u00e9sz nap hozz\u00e1d ki\u00e1ltok: mert te, Uram, j\u00f3s\u00e1gos vagy \u00e9s szel\u00edd, \u00e9s nagy irgalm\u00fa azokhoz, akik seg\u00edts\u00e9g\u00fcl h\u00edvnak t\u00e9ged. (V\u00f6.... R\u00e9szletek","og_url":"https:\/\/stuttgarti-katolikusok.de\/index.php\/evkozi-22-vasarnap-teremtesvedelmi-vilagnap\/","og_site_name":"Stuttgarti Katolikusok","article_published_time":"2024-08-31T16:07:54+00:00","article_modified_time":"2024-08-31T16:08:57+00:00","og_image":[{"width":2048,"height":1513,"url":"https:\/\/stuttgarti-katolikusok.de\/wp-content\/uploads\/2024\/08\/whatsapp-kep-2024-08-31-180249-1464abd8.jpg","type":"image\/jpeg"}],"author":"Tibor atya","twitter_card":"summary_large_image","twitter_misc":{"Szerz\u0151:":"Tibor atya","Becs\u00fclt olvas\u00e1si id\u0151":"7 perc"},"schema":{"@context":"https:\/\/schema.org","@graph":[{"@type":"Article","@id":"https:\/\/stuttgarti-katolikusok.de\/index.php\/evkozi-22-vasarnap-teremtesvedelmi-vilagnap\/#article","isPartOf":{"@id":"https:\/\/stuttgarti-katolikusok.de\/index.php\/evkozi-22-vasarnap-teremtesvedelmi-vilagnap\/"},"author":{"name":"Tibor atya","@id":"https:\/\/stuttgarti-katolikusok.de\/#\/schema\/person\/75908d6f8fdc03a57889d27209df7795"},"headline":"\u00c9vk\u00f6zi 22. vas\u00e1rnap \u2013 Teremt\u00e9sv\u00e9delmi vil\u00e1gnap","datePublished":"2024-08-31T16:07:54+00:00","dateModified":"2024-08-31T16:08:57+00:00","mainEntityOfPage":{"@id":"https:\/\/stuttgarti-katolikusok.de\/index.php\/evkozi-22-vasarnap-teremtesvedelmi-vilagnap\/"},"wordCount":1732,"image":{"@id":"https:\/\/stuttgarti-katolikusok.de\/index.php\/evkozi-22-vasarnap-teremtesvedelmi-vilagnap\/#primaryimage"},"thumbnailUrl":"https:\/\/stuttgarti-katolikusok.de\/wp-content\/uploads\/2024\/08\/whatsapp-kep-2024-08-31-180249-1464abd8.jpg","articleSection":["A liturgia olvasm\u00e1nyai","Vas\u00e1rnapi gondolatok"],"inLanguage":"hu"},{"@type":"WebPage","@id":"https:\/\/stuttgarti-katolikusok.de\/index.php\/evkozi-22-vasarnap-teremtesvedelmi-vilagnap\/","url":"https:\/\/stuttgarti-katolikusok.de\/index.php\/evkozi-22-vasarnap-teremtesvedelmi-vilagnap\/","name":"\u00c9vk\u00f6zi 22. vas\u00e1rnap \u2013 Teremt\u00e9sv\u00e9delmi vil\u00e1gnap - Stuttgarti Katolikusok","isPartOf":{"@id":"https:\/\/stuttgarti-katolikusok.de\/#website"},"primaryImageOfPage":{"@id":"https:\/\/stuttgarti-katolikusok.de\/index.php\/evkozi-22-vasarnap-teremtesvedelmi-vilagnap\/#primaryimage"},"image":{"@id":"https:\/\/stuttgarti-katolikusok.de\/index.php\/evkozi-22-vasarnap-teremtesvedelmi-vilagnap\/#primaryimage"},"thumbnailUrl":"https:\/\/stuttgarti-katolikusok.de\/wp-content\/uploads\/2024\/08\/whatsapp-kep-2024-08-31-180249-1464abd8.jpg","datePublished":"2024-08-31T16:07:54+00:00","dateModified":"2024-08-31T16:08:57+00:00","author":{"@id":"https:\/\/stuttgarti-katolikusok.de\/#\/schema\/person\/75908d6f8fdc03a57889d27209df7795"},"breadcrumb":{"@id":"https:\/\/stuttgarti-katolikusok.de\/index.php\/evkozi-22-vasarnap-teremtesvedelmi-vilagnap\/#breadcrumb"},"inLanguage":"hu","potentialAction":[{"@type":"ReadAction","target":["https:\/\/stuttgarti-katolikusok.de\/index.php\/evkozi-22-vasarnap-teremtesvedelmi-vilagnap\/"]}]},{"@type":"ImageObject","inLanguage":"hu","@id":"https:\/\/stuttgarti-katolikusok.de\/index.php\/evkozi-22-vasarnap-teremtesvedelmi-vilagnap\/#primaryimage","url":"https:\/\/stuttgarti-katolikusok.de\/wp-content\/uploads\/2024\/08\/whatsapp-kep-2024-08-31-180249-1464abd8.jpg","contentUrl":"https:\/\/stuttgarti-katolikusok.de\/wp-content\/uploads\/2024\/08\/whatsapp-kep-2024-08-31-180249-1464abd8.jpg","width":2048,"height":1513},{"@type":"BreadcrumbList","@id":"https:\/\/stuttgarti-katolikusok.de\/index.php\/evkozi-22-vasarnap-teremtesvedelmi-vilagnap\/#breadcrumb","itemListElement":[{"@type":"ListItem","position":1,"name":"Kezd\u0151lap","item":"https:\/\/stuttgarti-katolikusok.de\/"},{"@type":"ListItem","position":2,"name":"\u00c9vk\u00f6zi 22. vas\u00e1rnap \u2013 Teremt\u00e9sv\u00e9delmi vil\u00e1gnap"}]},{"@type":"WebSite","@id":"https:\/\/stuttgarti-katolikusok.de\/#website","url":"https:\/\/stuttgarti-katolikusok.de\/","name":"Stuttgarti Katolikusok","description":"","potentialAction":[{"@type":"SearchAction","target":{"@type":"EntryPoint","urlTemplate":"https:\/\/stuttgarti-katolikusok.de\/?s={search_term_string}"},"query-input":{"@type":"PropertyValueSpecification","valueRequired":true,"valueName":"search_term_string"}}],"inLanguage":"hu"},{"@type":"Person","@id":"https:\/\/stuttgarti-katolikusok.de\/#\/schema\/person\/75908d6f8fdc03a57889d27209df7795","name":"Tibor atya","image":{"@type":"ImageObject","inLanguage":"hu","@id":"https:\/\/secure.gravatar.com\/avatar\/61d268e57d1f4525b111222e29d2d5a7f8c420fdbf231ba5566a8ceac74fa960?s=96&d=mm&r=g","url":"https:\/\/secure.gravatar.com\/avatar\/61d268e57d1f4525b111222e29d2d5a7f8c420fdbf231ba5566a8ceac74fa960?s=96&d=mm&r=g","contentUrl":"https:\/\/secure.gravatar.com\/avatar\/61d268e57d1f4525b111222e29d2d5a7f8c420fdbf231ba5566a8ceac74fa960?s=96&d=mm&r=g","caption":"Tibor atya"},"url":"https:\/\/stuttgarti-katolikusok.de\/index.php\/author\/tibor-atya\/"}]}},"_links":{"self":[{"href":"https:\/\/stuttgarti-katolikusok.de\/index.php\/wp-json\/wp\/v2\/posts\/29301","targetHints":{"allow":["GET"]}}],"collection":[{"href":"https:\/\/stuttgarti-katolikusok.de\/index.php\/wp-json\/wp\/v2\/posts"}],"about":[{"href":"https:\/\/stuttgarti-katolikusok.de\/index.php\/wp-json\/wp\/v2\/types\/post"}],"author":[{"embeddable":true,"href":"https:\/\/stuttgarti-katolikusok.de\/index.php\/wp-json\/wp\/v2\/users\/3"}],"replies":[{"embeddable":true,"href":"https:\/\/stuttgarti-katolikusok.de\/index.php\/wp-json\/wp\/v2\/comments?post=29301"}],"version-history":[{"count":2,"href":"https:\/\/stuttgarti-katolikusok.de\/index.php\/wp-json\/wp\/v2\/posts\/29301\/revisions"}],"predecessor-version":[{"id":29304,"href":"https:\/\/stuttgarti-katolikusok.de\/index.php\/wp-json\/wp\/v2\/posts\/29301\/revisions\/29304"}],"wp:featuredmedia":[{"embeddable":true,"href":"https:\/\/stuttgarti-katolikusok.de\/index.php\/wp-json\/wp\/v2\/media\/29302"}],"wp:attachment":[{"href":"https:\/\/stuttgarti-katolikusok.de\/index.php\/wp-json\/wp\/v2\/media?parent=29301"}],"wp:term":[{"taxonomy":"category","embeddable":true,"href":"https:\/\/stuttgarti-katolikusok.de\/index.php\/wp-json\/wp\/v2\/categories?post=29301"},{"taxonomy":"post_tag","embeddable":true,"href":"https:\/\/stuttgarti-katolikusok.de\/index.php\/wp-json\/wp\/v2\/tags?post=29301"}],"curies":[{"name":"wp","href":"https:\/\/api.w.org\/{rel}","templated":true}]}}