{"id":29273,"date":"2024-08-25T22:59:47","date_gmt":"2024-08-25T20:59:47","guid":{"rendered":"https:\/\/stuttgarti-katolikusok.de\/?p=29273"},"modified":"2024-08-25T22:59:47","modified_gmt":"2024-08-25T20:59:47","slug":"evkozi-21-vasarnap","status":"publish","type":"post","link":"https:\/\/stuttgarti-katolikusok.de\/index.php\/evkozi-21-vasarnap\/","title":{"rendered":"\u00c9vk\u00f6zi 21. vas\u00e1rnap"},"content":{"rendered":"<p><span style=\"color: #ff6600;\"><em>J\u00f3zsue v\u00e1lasz\u00fat el\u00e9 \u00e1ll\u00edtja Izrael n\u00e9p\u00e9 \u00e9s vezet\u0151it. Mindezt magamra vonatkoztatva elmondhatom, hogy t\u00f6bb alkalommal \u00e9letem folyam\u00e1n v\u00e1lasz\u00fat el\u00e9 \u00e9rkezem. A d\u00f6nt\u00e9s az eny\u00e9m, nem h\u00e1r\u00edthatom m\u00e1sra. Ezt nagyon fontos meg\u00e9rtenem!<\/em><\/span><\/p>\n<p><span style=\"color: #ff6600;\"><em>A szentleck\u00e9ben P\u00e1l apostol a f\u00e9rfi \u00e9s n\u0151, f\u00e9rj \u00e9s feles\u00e9g kapcsolat\u00e1n kereszt\u00fcl szint\u00e9n az egy\u00e9ni d\u00f6nt\u00e9sek fontoss\u00e1g\u00e1r\u00f3l sz\u00f3l. Egym\u00e1s al\u00e1rendeltj\u00e9nek lenni egyben azt is jelenti, hogy feladom magam szabads\u00e1g\u00e1t, a m\u00e1sik szempontjait tartom szemem el\u0151tt. Itt is fontos meg\u00e9rtenem, hogy t\u00e1rsam, a m\u00e1sik ember, sohasem lehet az \u00e9n birtokom. Szolg\u00e1l\u00f3 szeretetem az, mely gy\u00f3gy\u00edt\u00f3 er\u0151. Al\u00e1rendeltnek lenni azt jelenti, hogy adott esetben fel tudom adni \u00e9letem egy-egy r\u00e9sz\u00e9t. \u00c1ltala siker\u00fcl legy\u0151zn\u00f6m a magam eg\u00f3j\u00e1t.<\/em><\/span><\/p>\n<p><span style=\"color: #ff6600;\"><em>Az evang\u00e9liumban az \u00dar J\u00e9zus besz\u00e9de bizonyos \u00e9rtelemben megbotr\u00e1nkoz\u00e1st kelt. M\u00e9g a tan\u00edtv\u00e1nyok sz\u00e1m\u00e1ra is kem\u00e9ny besz\u00e9dnek t\u0171nik. A hat\u00e1rozott ki\u00e1ll\u00e1s elveim mellet mindig nagyon fontos.\u00a0<\/em><\/span><\/p>\n<p><span style=\"color: #008000;\">Kezd\u0151\u00e9nek:<\/span><br \/>\nHajtsd hozz\u00e1m Uram, f\u00fcledet \u00e9s hallgass meg engem. Mentsd meg, Istenem, szolg\u00e1dat, aki benned b\u00edzik. K\u00f6ny\u00f6r\u00fclj rajtam, Uram; mert eg\u00e9sz nap hozz\u00e1d ki\u00e1ltok. (V\u00f6. Zsolt 85,1-3)<\/p>\n<p><span style=\"color: #008000;\">K\u00f6ny\u00f6rg\u00e9s:<\/span><br \/>\nIsten\u00fcnk, a te kegyelmed aj\u00e1nd\u00e9ka, hogy h\u00edveid egy akarattal k\u00f6vetnek t\u00e9ged. Add n\u00e9pednek, hogy szeress\u00fck, amit parancsolsz, v\u00e1gyakozzunk arra, amit \u00edg\u00e9rsz, \u00e9s e vil\u00e1g v\u00e1ltozand\u00f3s\u00e1gai k\u00f6zepette sz\u00edvb\u0151l ragaszkodjunk hozz\u00e1d, akiben megtal\u00e1ljuk igazi \u00f6r\u00f6m\u00fcnket. A mi Urunk, J\u00e9zus Krisztus, a te Fiad \u00e1ltal, aki veled \u00e9l \u00e9s uralkodik a Szentl\u00e9lekkel egys\u00e9gben, Isten mind\u00f6r\u00f6kk\u00f6n \u00f6r\u00f6kk\u00e9.<\/p>\n<p align=\"justify\"><span style=\"color: #008000;\">OLVASM\u00c1NY J\u00f3zsue k\u00f6nyv\u00e9b\u0151l (J\u00f3zs 24,1-2a.15-17.18b)<\/span><br \/>\nJ\u00f3zsue egybegy\u0171jt\u00f6tte Izrael minden t\u00f6rzs\u00e9t Szichemben, azt\u00e1n h\u00edvatta Izrael v\u00e9neit, vez\u00e9reit, b\u00edr\u00e1it, tiszts\u00e9gvisel\u0151it. Azok felsorakoztak az \u00dar sz\u00edne el\u0151tt. J\u00f3zsue ekkor \u00edgy sz\u00f3lt a n\u00e9phez: \u201eHa nem akartok az \u00darnak szolg\u00e1lni, v\u00e1lasszatok most, kinek akartok szolg\u00e1lni: azoknak az isteneknek-e, akiknek aty\u00e1itok szolg\u00e1ltak Mezopot\u00e1mi\u00e1ban, vagy az amorit\u00e1k isteneinek, akiknek most a f\u00f6ldj\u00e9t lakj\u00e1tok. Mi, \u00e9n \u00e9s h\u00e1zam n\u00e9pe az \u00darnak szolg\u00e1lunk.\u201d<br \/>\nA n\u00e9p \u00edgy felelt: \u201eT\u00e1vol legyen t\u0151l\u00fcnk, hogy elhagyjuk az Urat \u00e9s m\u00e1s isteneknek szolg\u00e1ljunk. Az \u00dar a mi Isten\u00fcnk, \u0151 vezette ki aty\u00e1inkat Egyiptom f\u00f6ldj\u00e9r\u0151l, a szolgas\u00e1g h\u00e1z\u00e1b\u00f3l. Szem\u00fcnk l\u00e1tt\u00e1ra \u0151 tette ezeket a nagy csod\u00e1kat, oltalmazott minket az eg\u00e9sz \u00faton, amelyet v\u00e9gigj\u00e1rtunk, s az \u00f6sszes n\u00e9p k\u00f6z\u00f6tt, ahol \u00e1tvonultunk. Mi is az \u00darnak akarunk h\u00e1t szolg\u00e1lni, \u0151 a mi Isten\u00fcnk.\u201d<br \/>\nEz az Isten ig\u00e9je.<\/p>\n<p align=\"justify\"><span style=\"color: #008000;\">V\u00c1LASZOS ZSOLT\u00c1R (Zsolt 33,2-3.16-17.18-19.20-21.22-23)<\/span><br \/>\nV\u00e1lasz:\u00a0<strong>\u00cdzlelj\u00e9<u>tek<\/u>\u00a0\u00e9s l\u00e1ss\u00e1tok, * milyen \u00e9des az\u00a0<u>\u00dar<\/u>!<\/strong>\u00a0(4g. t\u00f3nus.)<br \/>\nEl\u0151\u00e9nekes: Minden id\u0151ben \u00e1l<u>dom<\/u>\u00a0az Urat, * dics\u00e9ret\u00e9t sz\u00fcntelen\u00fcl zengi aj<u>kam<\/u>.<br \/>\nLelkem az\u00a0<u>\u00dar<\/u>ban dicsekszik, * hallj\u00e1k meg a szel\u00eddek \u00e9s \u00f6rvendezze<u>nek<\/u>.<br \/>\nH\u00edvek:\u00a0<strong>\u00cdzlelj\u00e9<u>tek<\/u>\u00a0\u00e9s l\u00e1ss\u00e1tok, * milyen \u00e9des az\u00a0<u>\u00dar<\/u>!<\/strong><br \/>\nE: Az \u00dar szeme az iga<u>zak<\/u>ra tekint, * \u00e9s f\u00fcle meghallja ki\u00e1lt\u00e1su<u>kat<\/u>.<br \/>\nAz \u00dar arc\u00e1t a gonoszok\u00a0<u>el<\/u>len ford\u00edtja, * eml\u00e9k\u00fcket is elt\u00f6rli a f\u00f6ld<u>r\u0151l<\/u>.<br \/>\nH:\u00a0<strong>\u00cdzlelj\u00e9<u>tek<\/u>\u00a0\u00e9s l\u00e1ss\u00e1tok, * milyen \u00e9des az\u00a0<u>\u00dar<\/u>!<\/strong><br \/>\nE: Ki\u00e1ltottak az igazak, \u00e9s az \u00dar meghall<u>gat<\/u>ta \u0151ket, * \u00e9s minden szorongat\u00e1sb\u00f3l megszabadul<u>tak<\/u>.<br \/>\nK\u00f6zel van az \u00dar azokhoz, kik t\u00f6re<u>del<\/u>mes sz\u00edv\u0171ek, * \u00e9s szabadul\u00e1st hoz a megt\u00f6rt lel<u>kek<\/u>nek.<br \/>\nH:\u00a0<strong>\u00cdzlelj\u00e9<u>tek<\/u>\u00a0\u00e9s l\u00e1ss\u00e1tok, * milyen \u00e9des az\u00a0<u>\u00dar<\/u>!<\/strong><br \/>\nE: Az igazak\u00a0<u>so<\/u>kat szenvednek, * de az \u00dar mindig megmenti \u0151<u>ket<\/u>.<br \/>\nMeg\u0151rzi\u00a0<u>min<\/u>den csontjukat, * egy sem t\u00f6rhet \u00f6ssze azok<u>b\u00f3l<\/u>.<br \/>\nH:\u00a0<strong>\u00cdzlelj\u00e9<u>tek<\/u>\u00a0\u00e9s l\u00e1ss\u00e1tok, * milyen \u00e9des az\u00a0<u>\u00dar<\/u>!<\/strong><br \/>\nE: A gonoszs\u00e1g elveszej<u>ti<\/u>\u00a0a b\u0171n\u00f6st, * megb\u0171nh\u0151dnek, kik gy\u0171l\u00f6lik az i<u>ga<\/u>zat.<br \/>\nAz \u00dar megv\u00e1ltja szolg\u00e1<u>i<\/u>nak lelk\u00e9t, * \u00e9s nem b\u0171nh\u0151dnek, kik \u0151benne b\u00edz<u>nak<\/u>.<br \/>\nH:\u00a0<strong>\u00cdzlelj\u00e9<u>tek<\/u>\u00a0\u00e9s l\u00e1ss\u00e1tok, * milyen \u00e9des az\u00a0<u>\u00dar<\/u>!<\/strong><\/p>\n<p align=\"justify\"><span style=\"color: #008000;\">SZENTLECKE Szent P\u00e1l apostolnak az efezusiakhoz \u00edrt level\u00e9b\u0151l (Ef 5,21-32)<\/span><br \/>\nTestv\u00e9reim!<br \/>\nLegyetek egym\u00e1snak al\u00e1rendeltjei Krisztus ir\u00e1nti tiszteletb\u0151l. Az asszony engedelmeskedj\u00e9k f\u00e9rj\u00e9nek, ak\u00e1rcsak az \u00darnak, mert a f\u00e9rfi feje az asszonynak, ahogy Krisztus feje az Egyh\u00e1znak: \u0151 ugyanis test\u00e9nek megv\u00e1lt\u00f3ja. Amint teh\u00e1t az Egyh\u00e1z al\u00e1 van vetve Krisztusnak, \u00fagy az asszony is mindenben f\u00e9rj\u00e9nek.<br \/>\nF\u00e9rfiak, szeress\u00e9tek feles\u00e9geteket, ahogy Krisztus is szerette az Egyh\u00e1zat, \u00e9s fel\u00e1ldozta mag\u00e1t \u00e9rte, hogy a kereszts\u00e9gben ig\u00e9je \u00e1ltal megtiszt\u00edtva, megszentelje. Ragyog\u00f3v\u00e1 akarta tenni az Egyh\u00e1zat, amelyen sem szepl\u0151, sem r\u00e1nc, sem egy\u00e9b eff\u00e9le nincsen, hanem szent \u00e9s szepl\u0151telen. \u00cdgy a f\u00e9rj is k\u00f6teles szeretni feles\u00e9g\u00e9t, mint a saj\u00e1t test\u00e9t. Aki feles\u00e9g\u00e9t szereti, \u00f6nmag\u00e1t szereti. A saj\u00e1t test\u00e9t senki sem gy\u0171l\u00f6li, hanem t\u00e1pl\u00e1lja, gondozza, ak\u00e1rcsak Krisztus az Egyh\u00e1zat. Mi ugyanis tagjai vagyunk test\u00e9nek.<br \/>\n\u201eEz\u00e9rt az ember elhagyja apj\u00e1t, anyj\u00e1t, feles\u00e9g\u00e9hez csatlakozik, \u00e9s a kett\u0151 egy test lesz.\u201d Nagy titok ez: \u00e9n Krisztusra \u00e9s az Egyh\u00e1zra vonatkoztatom.<br \/>\nEz az Isten ig\u00e9je.<\/p>\n<p align=\"justify\">\n<span style=\"color: #008000;\">ALLELUJA<\/span><br \/>\nUram, tan\u00edt\u00e1sod l\u00e9lek \u00e9s \u00e9let, * \u00f6r\u00f6k \u00e9letet ad\u00f3 ig\u00e9id vannak. (Jn 6,63c.68c \u2013 5. t\u00f3nus.)<\/p>\n<p align=\"justify\"><span style=\"color: #008000;\">\u2020 EVANG\u00c9LIUM Szent J\u00e1nos k\u00f6nyv\u00e9b\u0151l (Jn 6,60-69)<\/span><br \/>\nAbban az id\u0151ben J\u00e9zus tan\u00edtv\u00e1nyai k\u00f6z\u00fcl, akik (szavait) hallott\u00e1k, t\u00f6bben azt mondt\u00e1k: \u201eKem\u00e9ny besz\u00e9d ez. Ugyan ki hallgatja?\u201d<br \/>\nJ\u00e9zus tudta, hogy tan\u00edtv\u00e1nyai m\u00e9ltatlankodtak miatta, az\u00e9rt \u00edgy sz\u00f3lt hozz\u00e1juk: \u201eEz megbotr\u00e1nkoztat titeket? H\u00e1t ha majd azt l\u00e1tj\u00e1tok, hogy az Emberfia f\u00f6lmegy oda, ahol azel\u0151tt volt! A L\u00e9lek az, ami \u00e9letre kelt, a test nem haszn\u00e1l semmit. A szavak, amelyeket nektek mondok, L\u00e9lek \u00e9s \u00e9let. De vannak k\u00f6z\u00f6ttetek, akik nem hisznek.\u201d J\u00e9zus ugyanis kezdett\u0151l fogva tudta, hogy kik nem hisznek benne, \u00e9s hogy ki fogja \u0151t el\u00e1rulni.<br \/>\nAzt\u00e1n \u00edgy folytatta: \u201eEz\u00e9rt mondtam nektek, hogy senki sem j\u00f6het hozz\u00e1m, hacsak az Atya meg nem adja neki.\u201d Ett\u0151l kezdve tan\u00edtv\u00e1nyai k\u00f6z\u00fcl sokan visszah\u00faz\u00f3dtak, \u00e9s t\u00f6bb\u00e9 nem j\u00e1rtak vele. J\u00e9zus ez\u00e9rt a tizenkett\u0151h\u00f6z fordult: \u201eTi is el akartok menni?\u201d Simon P\u00e9ter ezt v\u00e1laszolta neki: \u201eUram, kihez menj\u00fcnk? Az \u00f6r\u00f6k \u00e9let ig\u00e9i n\u00e1lad vannak. Mi hitt\u00fcnk, \u00e9s tudjuk, hogy te vagy az Isten Szentje.\u201d<br \/>\nEzek az evang\u00e9lium ig\u00e9i.<\/p>\n<p><span style=\"color: #008000;\">EGYETEMES K\u00d6NY\u00d6RG\u00c9SEK<\/span><br \/>\nPap: K\u00e9rj\u00fck, testv\u00e9reim, a mindenhat\u00f3 Istent, hogy mindig \u00e1llhatatosan ragaszkodjunk a krisztusi tan\u00edt\u00e1shoz!<br \/>\nLektor:<br \/>\n1. Er\u0151s\u00edtsd meg, Urunk, Szent P\u00e9ter ut\u00f3dj\u00e1t, Ferenc p\u00e1p\u00e1t, f\u0151p\u00e1sztorainkat \u00e9s papjainkat, hogy tan\u00edt\u00e1sodat mindig szil\u00e1rd hittel hirdess\u00e9k!<br \/>\nH\u00edvek: K\u00e9r\u00fcnk T\u00e9ged, hallgass meg minket!<br \/>\n2. Add, hogy a kereszt\u00e9nyek hite \u00e9s szeretete mutasson utat a n\u00e9peknek a te orsz\u00e1godba!<br \/>\nH\u00edvek: K\u00e9r\u00fcnk T\u00e9ged, hallgass meg minket!<br \/>\n3. Tartsd t\u00e1vol Egyh\u00e1zadt\u00f3l a botr\u00e1nyokat \u00e9s a h\u0171tlens\u00e9g szellem\u00e9t!<br \/>\nH\u00edvek: K\u00e9r\u00fcnk T\u00e9ged, hallgass meg minket!<br \/>\n4. Add, hogy a hitt\u0151l elt\u00e1volodott testv\u00e9reink visszat\u00e9rjenek atyai h\u00e1zadba!<br \/>\nH\u00edvek: K\u00e9r\u00fcnk T\u00e9ged, hallgass meg minket!<br \/>\n5. Engedd, hogy szenved\u0151 \u00e9s n\u00e9lk\u00fcl\u00f6z\u0151 testv\u00e9reink Krisztus szav\u00e1b\u00f3l er\u0151t \u00e9s vigasztal\u00e1st mer\u00edtsenek!<br \/>\nH\u00edvek: K\u00e9r\u00fcnk T\u00e9ged, hallgass meg minket!<br \/>\nPap: Mennyei Aty\u00e1nk! Az \u00f6r\u00f6k \u00e9let ig\u00e9it szent Fiad \u00e1ltal adtad nek\u00fcnk. K\u00e9r\u00fcnk, hogy az \u0151 tan\u00edt\u00e1s\u00e1ban \u00e1llhatatosan megmaradva eljussunk \u00f6r\u00f6k hajl\u00e9kodba! Krisztus, a mi Urunk \u00e1ltal.<br \/>\nH\u00edvek: \u00c1men.<\/p>\n<p><span style=\"color: #008000;\">Felaj\u00e1nl\u00f3 k\u00f6ny\u00f6rg\u00e9s:<\/span><br \/>\nUrunk, Isten\u00fcnk, te Fiad egyetlen \u00e1ldozat\u00e1val \u00faj v\u00e1lasztott n\u00e9pet szerezt\u00e9l magadnak. Add meg irgalmasan Egyh\u00e1zadnak az egys\u00e9g \u00e9s a b\u00e9kess\u00e9g aj\u00e1nd\u00e9k\u00e1t. Krisztus, a mi Urunk \u00e1ltal.<\/p>\n<p><span style=\"color: #008000;\">\u00c1ldoz\u00e1si \u00e9nek:<\/span><br \/>\nAlkot\u00e1sod gy\u00fcm\u00f6lcs\u00e9vel t\u00e1pl\u00e1lod a f\u00f6ldet, Uram, kenyeret adsz a f\u00f6ldb\u0151l, \u00e9s bort, hogy vid\u00e1m\u00edtsa az ember sz\u00edv\u00e9t. (V\u00f6. Zsolt 103,13-15)<br \/>\n<span style=\"color: #008000;\"><em>vagy<\/em><\/span><br \/>\nAki eszi az \u00e9n testemet \u00e9s issza az \u00e9n v\u00e9remet, annak \u00f6r\u00f6k \u00e9lete van &#8211; mondja az \u00dar; \u00e9s felt\u00e1masztom \u0151t az utols\u00f3 napon. (Jn 6,55)<\/p>\n<p><span style=\"color: #008000;\">\u00c1ldoz\u00e1s ut\u00e1ni k\u00f6ny\u00f6rg\u00e9s:<\/span><br \/>\nUrunk, Isten\u00fcnk, szeret\u0151 j\u00f3s\u00e1god hozzon nek\u00fcnk teljes gy\u00f3gyul\u00e1st. Seg\u00edts kegyesen \u00e9s t\u00e1mogass, hogy mindenben tetsz\u00e9sedre \u00e9lj\u00fcnk. Krisztus, a mi Urunk \u00e1ltal.<\/p>\n","protected":false},"excerpt":{"rendered":"<p>J\u00f3zsue v\u00e1lasz\u00fat el\u00e9 \u00e1ll\u00edtja Izrael n\u00e9p\u00e9 \u00e9s vezet\u0151it. Mindezt magamra vonatkoztatva elmondhatom, hogy t\u00f6bb alkalommal \u00e9letem folyam\u00e1n v\u00e1lasz\u00fat el\u00e9 \u00e9rkezem. A d\u00f6nt\u00e9s az eny\u00e9m, nem h\u00e1r\u00edthatom m\u00e1sra. Ezt nagyon fontos meg\u00e9rtenem! A szentleck\u00e9ben P\u00e1l apostol a f\u00e9rfi \u00e9s n\u0151, f\u00e9rj \u00e9s feles\u00e9g kapcsolat\u00e1n kereszt\u00fcl szint\u00e9n az egy\u00e9ni d\u00f6nt\u00e9sek fontoss\u00e1g\u00e1r\u00f3l sz\u00f3l. Egym\u00e1s al\u00e1rendeltj\u00e9nek lenni egyben azt is jelenti, hogy feladom magam szabads\u00e1g\u00e1t, a m\u00e1sik szempontjait tartom szemem el\u0151tt. Itt is fontos meg\u00e9rtenem, hogy t\u00e1rsam, a m\u00e1sik ember, sohasem lehet az \u00e9n birtokom. Szolg\u00e1l\u00f3 szeretetem az, mely gy\u00f3gy\u00edt\u00f3 er\u0151. Al\u00e1rendeltnek lenni azt jelenti, hogy adott esetben fel tudom adni \u00e9letem egy-egy r\u00e9sz\u00e9t. \u00c1ltala siker\u00fcl legy\u0151zn\u00f6m a magam eg\u00f3j\u00e1t. Az evang\u00e9liumban az \u00dar J\u00e9zus besz\u00e9de bizonyos \u00e9rtelemben megbotr\u00e1nkoz\u00e1st kelt. M\u00e9g a tan\u00edtv\u00e1nyok sz\u00e1m\u00e1ra is kem\u00e9ny besz\u00e9dnek t\u0171nik. A hat\u00e1rozott ki\u00e1ll\u00e1s elveim mellet mindig nagyon fontos.\u00a0 Kezd\u0151\u00e9nek: Hajtsd hozz\u00e1m Uram, f\u00fcledet \u00e9s hallgass meg engem. Mentsd meg, Istenem, szolg\u00e1dat, aki benned b\u00edzik. K\u00f6ny\u00f6r\u00fclj rajtam, Uram; mert eg\u00e9sz nap hozz\u00e1d ki\u00e1ltok. (V\u00f6. Zsolt 85,1-3) K\u00f6ny\u00f6rg\u00e9s: Isten\u00fcnk, a te kegyelmed aj\u00e1nd\u00e9ka, hogy h\u00edveid egy akarattal k\u00f6vetnek t\u00e9ged. Add n\u00e9pednek, hogy szeress\u00fck, amit parancsolsz, v\u00e1gyakozzunk arra, amit \u00edg\u00e9rsz, \u00e9s e vil\u00e1g v\u00e1ltozand\u00f3s\u00e1gai k\u00f6zepette sz\u00edvb\u0151l ragaszkodjunk hozz\u00e1d, akiben megtal\u00e1ljuk igazi \u00f6r\u00f6m\u00fcnket. A mi Urunk, J\u00e9zus Krisztus, a te Fiad \u00e1ltal, aki veled \u00e9l \u00e9s uralkodik a Szentl\u00e9lekkel egys\u00e9gben, Isten mind\u00f6r\u00f6kk\u00f6n \u00f6r\u00f6kk\u00e9. OLVASM\u00c1NY J\u00f3zsue k\u00f6nyv\u00e9b\u0151l (J\u00f3zs 24,1-2a.15-17.18b) J\u00f3zsue egybegy\u0171jt\u00f6tte Izrael minden t\u00f6rzs\u00e9t Szichemben, azt\u00e1n h\u00edvatta Izrael v\u00e9neit, vez\u00e9reit, b\u00edr\u00e1it, tiszts\u00e9gvisel\u0151it. Azok felsorakoztak az \u00dar sz\u00edne el\u0151tt. J\u00f3zsue ekkor \u00edgy sz\u00f3lt a n\u00e9phez: \u201eHa nem akartok az \u00darnak szolg\u00e1lni, v\u00e1lasszatok most, kinek akartok szolg\u00e1lni: azoknak az isteneknek-e, akiknek aty\u00e1itok szolg\u00e1ltak Mezopot\u00e1mi\u00e1ban, vagy az amorit\u00e1k isteneinek, akiknek most a f\u00f6ldj\u00e9t lakj\u00e1tok. Mi, \u00e9n \u00e9s h\u00e1zam n\u00e9pe az \u00darnak szolg\u00e1lunk.\u201d A n\u00e9p \u00edgy felelt: \u201eT\u00e1vol legyen t\u0151l\u00fcnk, hogy elhagyjuk az Urat \u00e9s m\u00e1s isteneknek szolg\u00e1ljunk. Az \u00dar a mi Isten\u00fcnk, \u0151 vezette&#8230; <\/p>\n<p><a class=\"readmore\" href=\"https:\/\/stuttgarti-katolikusok.de\/index.php\/evkozi-21-vasarnap\/\">R\u00e9szletek<\/a><\/p>\n","protected":false},"author":3,"featured_media":29274,"comment_status":"closed","ping_status":"closed","sticky":false,"template":"","format":"standard","meta":{"footnotes":""},"categories":[85,63],"tags":[],"class_list":["post-29273","post","type-post","status-publish","format-standard","has-post-thumbnail","hentry","category-a-liturgia-olvasmanyai","category-vasarnapi-gondolatok"],"yoast_head":"<!-- This site is optimized with the Yoast SEO plugin v27.3 - https:\/\/yoast.com\/product\/yoast-seo-wordpress\/ -->\n<title>\u00c9vk\u00f6zi 21. vas\u00e1rnap - Stuttgarti Katolikusok<\/title>\n<meta name=\"robots\" content=\"index, follow, max-snippet:-1, max-image-preview:large, max-video-preview:-1\" \/>\n<link rel=\"canonical\" href=\"https:\/\/stuttgarti-katolikusok.de\/index.php\/evkozi-21-vasarnap\/\" \/>\n<meta property=\"og:locale\" content=\"hu_HU\" \/>\n<meta property=\"og:type\" content=\"article\" \/>\n<meta property=\"og:title\" content=\"\u00c9vk\u00f6zi 21. vas\u00e1rnap - Stuttgarti Katolikusok\" \/>\n<meta property=\"og:description\" content=\"J\u00f3zsue v\u00e1lasz\u00fat el\u00e9 \u00e1ll\u00edtja Izrael n\u00e9p\u00e9 \u00e9s vezet\u0151it. Mindezt magamra vonatkoztatva elmondhatom, hogy t\u00f6bb alkalommal \u00e9letem folyam\u00e1n v\u00e1lasz\u00fat el\u00e9 \u00e9rkezem. A d\u00f6nt\u00e9s az eny\u00e9m, nem h\u00e1r\u00edthatom m\u00e1sra. Ezt nagyon fontos meg\u00e9rtenem! A szentleck\u00e9ben P\u00e1l apostol a f\u00e9rfi \u00e9s n\u0151, f\u00e9rj \u00e9s feles\u00e9g kapcsolat\u00e1n kereszt\u00fcl szint\u00e9n az egy\u00e9ni d\u00f6nt\u00e9sek fontoss\u00e1g\u00e1r\u00f3l sz\u00f3l. Egym\u00e1s al\u00e1rendeltj\u00e9nek lenni egyben azt is jelenti, hogy feladom magam szabads\u00e1g\u00e1t, a m\u00e1sik szempontjait tartom szemem el\u0151tt. Itt is fontos meg\u00e9rtenem, hogy t\u00e1rsam, a m\u00e1sik ember, sohasem lehet az \u00e9n birtokom. Szolg\u00e1l\u00f3 szeretetem az, mely gy\u00f3gy\u00edt\u00f3 er\u0151. Al\u00e1rendeltnek lenni azt jelenti, hogy adott esetben fel tudom adni \u00e9letem egy-egy r\u00e9sz\u00e9t. \u00c1ltala siker\u00fcl legy\u0151zn\u00f6m a magam eg\u00f3j\u00e1t. Az evang\u00e9liumban az \u00dar J\u00e9zus besz\u00e9de bizonyos \u00e9rtelemben megbotr\u00e1nkoz\u00e1st kelt. M\u00e9g a tan\u00edtv\u00e1nyok sz\u00e1m\u00e1ra is kem\u00e9ny besz\u00e9dnek t\u0171nik. A hat\u00e1rozott ki\u00e1ll\u00e1s elveim mellet mindig nagyon fontos.\u00a0 Kezd\u0151\u00e9nek: Hajtsd hozz\u00e1m Uram, f\u00fcledet \u00e9s hallgass meg engem. Mentsd meg, Istenem, szolg\u00e1dat, aki benned b\u00edzik. K\u00f6ny\u00f6r\u00fclj rajtam, Uram; mert eg\u00e9sz nap hozz\u00e1d ki\u00e1ltok. (V\u00f6. Zsolt 85,1-3) K\u00f6ny\u00f6rg\u00e9s: Isten\u00fcnk, a te kegyelmed aj\u00e1nd\u00e9ka, hogy h\u00edveid egy akarattal k\u00f6vetnek t\u00e9ged. Add n\u00e9pednek, hogy szeress\u00fck, amit parancsolsz, v\u00e1gyakozzunk arra, amit \u00edg\u00e9rsz, \u00e9s e vil\u00e1g v\u00e1ltozand\u00f3s\u00e1gai k\u00f6zepette sz\u00edvb\u0151l ragaszkodjunk hozz\u00e1d, akiben megtal\u00e1ljuk igazi \u00f6r\u00f6m\u00fcnket. A mi Urunk, J\u00e9zus Krisztus, a te Fiad \u00e1ltal, aki veled \u00e9l \u00e9s uralkodik a Szentl\u00e9lekkel egys\u00e9gben, Isten mind\u00f6r\u00f6kk\u00f6n \u00f6r\u00f6kk\u00e9. OLVASM\u00c1NY J\u00f3zsue k\u00f6nyv\u00e9b\u0151l (J\u00f3zs 24,1-2a.15-17.18b) J\u00f3zsue egybegy\u0171jt\u00f6tte Izrael minden t\u00f6rzs\u00e9t Szichemben, azt\u00e1n h\u00edvatta Izrael v\u00e9neit, vez\u00e9reit, b\u00edr\u00e1it, tiszts\u00e9gvisel\u0151it. Azok felsorakoztak az \u00dar sz\u00edne el\u0151tt. J\u00f3zsue ekkor \u00edgy sz\u00f3lt a n\u00e9phez: \u201eHa nem akartok az \u00darnak szolg\u00e1lni, v\u00e1lasszatok most, kinek akartok szolg\u00e1lni: azoknak az isteneknek-e, akiknek aty\u00e1itok szolg\u00e1ltak Mezopot\u00e1mi\u00e1ban, vagy az amorit\u00e1k isteneinek, akiknek most a f\u00f6ldj\u00e9t lakj\u00e1tok. Mi, \u00e9n \u00e9s h\u00e1zam n\u00e9pe az \u00darnak szolg\u00e1lunk.\u201d A n\u00e9p \u00edgy felelt: \u201eT\u00e1vol legyen t\u0151l\u00fcnk, hogy elhagyjuk az Urat \u00e9s m\u00e1s isteneknek szolg\u00e1ljunk. Az \u00dar a mi Isten\u00fcnk, \u0151 vezette... R\u00e9szletek\" \/>\n<meta property=\"og:url\" content=\"https:\/\/stuttgarti-katolikusok.de\/index.php\/evkozi-21-vasarnap\/\" \/>\n<meta property=\"og:site_name\" content=\"Stuttgarti Katolikusok\" \/>\n<meta property=\"article:published_time\" content=\"2024-08-25T20:59:47+00:00\" \/>\n<meta property=\"og:image\" content=\"https:\/\/stuttgarti-katolikusok.de\/wp-content\/uploads\/2024\/08\/vrsar.jpg\" \/>\n\t<meta property=\"og:image:width\" content=\"2048\" \/>\n\t<meta property=\"og:image:height\" content=\"1536\" \/>\n\t<meta property=\"og:image:type\" content=\"image\/jpeg\" \/>\n<meta name=\"author\" content=\"Tibor atya\" \/>\n<meta name=\"twitter:card\" content=\"summary_large_image\" \/>\n<meta name=\"twitter:label1\" content=\"Szerz\u0151:\" \/>\n\t<meta name=\"twitter:data1\" content=\"Tibor atya\" \/>\n\t<meta name=\"twitter:label2\" content=\"Becs\u00fclt olvas\u00e1si id\u0151\" \/>\n\t<meta name=\"twitter:data2\" content=\"7 perc\" \/>\n<script type=\"application\/ld+json\" class=\"yoast-schema-graph\">{\"@context\":\"https:\\\/\\\/schema.org\",\"@graph\":[{\"@type\":\"Article\",\"@id\":\"https:\\\/\\\/stuttgarti-katolikusok.de\\\/index.php\\\/evkozi-21-vasarnap\\\/#article\",\"isPartOf\":{\"@id\":\"https:\\\/\\\/stuttgarti-katolikusok.de\\\/index.php\\\/evkozi-21-vasarnap\\\/\"},\"author\":{\"name\":\"Tibor atya\",\"@id\":\"https:\\\/\\\/stuttgarti-katolikusok.de\\\/#\\\/schema\\\/person\\\/75908d6f8fdc03a57889d27209df7795\"},\"headline\":\"\u00c9vk\u00f6zi 21. vas\u00e1rnap\",\"datePublished\":\"2024-08-25T20:59:47+00:00\",\"mainEntityOfPage\":{\"@id\":\"https:\\\/\\\/stuttgarti-katolikusok.de\\\/index.php\\\/evkozi-21-vasarnap\\\/\"},\"wordCount\":1575,\"image\":{\"@id\":\"https:\\\/\\\/stuttgarti-katolikusok.de\\\/index.php\\\/evkozi-21-vasarnap\\\/#primaryimage\"},\"thumbnailUrl\":\"https:\\\/\\\/stuttgarti-katolikusok.de\\\/wp-content\\\/uploads\\\/2024\\\/08\\\/vrsar.jpg\",\"articleSection\":[\"A liturgia olvasm\u00e1nyai\",\"Vas\u00e1rnapi gondolatok\"],\"inLanguage\":\"hu\"},{\"@type\":\"WebPage\",\"@id\":\"https:\\\/\\\/stuttgarti-katolikusok.de\\\/index.php\\\/evkozi-21-vasarnap\\\/\",\"url\":\"https:\\\/\\\/stuttgarti-katolikusok.de\\\/index.php\\\/evkozi-21-vasarnap\\\/\",\"name\":\"\u00c9vk\u00f6zi 21. vas\u00e1rnap - Stuttgarti Katolikusok\",\"isPartOf\":{\"@id\":\"https:\\\/\\\/stuttgarti-katolikusok.de\\\/#website\"},\"primaryImageOfPage\":{\"@id\":\"https:\\\/\\\/stuttgarti-katolikusok.de\\\/index.php\\\/evkozi-21-vasarnap\\\/#primaryimage\"},\"image\":{\"@id\":\"https:\\\/\\\/stuttgarti-katolikusok.de\\\/index.php\\\/evkozi-21-vasarnap\\\/#primaryimage\"},\"thumbnailUrl\":\"https:\\\/\\\/stuttgarti-katolikusok.de\\\/wp-content\\\/uploads\\\/2024\\\/08\\\/vrsar.jpg\",\"datePublished\":\"2024-08-25T20:59:47+00:00\",\"author\":{\"@id\":\"https:\\\/\\\/stuttgarti-katolikusok.de\\\/#\\\/schema\\\/person\\\/75908d6f8fdc03a57889d27209df7795\"},\"breadcrumb\":{\"@id\":\"https:\\\/\\\/stuttgarti-katolikusok.de\\\/index.php\\\/evkozi-21-vasarnap\\\/#breadcrumb\"},\"inLanguage\":\"hu\",\"potentialAction\":[{\"@type\":\"ReadAction\",\"target\":[\"https:\\\/\\\/stuttgarti-katolikusok.de\\\/index.php\\\/evkozi-21-vasarnap\\\/\"]}]},{\"@type\":\"ImageObject\",\"inLanguage\":\"hu\",\"@id\":\"https:\\\/\\\/stuttgarti-katolikusok.de\\\/index.php\\\/evkozi-21-vasarnap\\\/#primaryimage\",\"url\":\"https:\\\/\\\/stuttgarti-katolikusok.de\\\/wp-content\\\/uploads\\\/2024\\\/08\\\/vrsar.jpg\",\"contentUrl\":\"https:\\\/\\\/stuttgarti-katolikusok.de\\\/wp-content\\\/uploads\\\/2024\\\/08\\\/vrsar.jpg\",\"width\":2048,\"height\":1536},{\"@type\":\"BreadcrumbList\",\"@id\":\"https:\\\/\\\/stuttgarti-katolikusok.de\\\/index.php\\\/evkozi-21-vasarnap\\\/#breadcrumb\",\"itemListElement\":[{\"@type\":\"ListItem\",\"position\":1,\"name\":\"Kezd\u0151lap\",\"item\":\"https:\\\/\\\/stuttgarti-katolikusok.de\\\/\"},{\"@type\":\"ListItem\",\"position\":2,\"name\":\"\u00c9vk\u00f6zi 21. vas\u00e1rnap\"}]},{\"@type\":\"WebSite\",\"@id\":\"https:\\\/\\\/stuttgarti-katolikusok.de\\\/#website\",\"url\":\"https:\\\/\\\/stuttgarti-katolikusok.de\\\/\",\"name\":\"Stuttgarti Katolikusok\",\"description\":\"\",\"potentialAction\":[{\"@type\":\"SearchAction\",\"target\":{\"@type\":\"EntryPoint\",\"urlTemplate\":\"https:\\\/\\\/stuttgarti-katolikusok.de\\\/?s={search_term_string}\"},\"query-input\":{\"@type\":\"PropertyValueSpecification\",\"valueRequired\":true,\"valueName\":\"search_term_string\"}}],\"inLanguage\":\"hu\"},{\"@type\":\"Person\",\"@id\":\"https:\\\/\\\/stuttgarti-katolikusok.de\\\/#\\\/schema\\\/person\\\/75908d6f8fdc03a57889d27209df7795\",\"name\":\"Tibor atya\",\"image\":{\"@type\":\"ImageObject\",\"inLanguage\":\"hu\",\"@id\":\"https:\\\/\\\/secure.gravatar.com\\\/avatar\\\/61d268e57d1f4525b111222e29d2d5a7f8c420fdbf231ba5566a8ceac74fa960?s=96&d=mm&r=g\",\"url\":\"https:\\\/\\\/secure.gravatar.com\\\/avatar\\\/61d268e57d1f4525b111222e29d2d5a7f8c420fdbf231ba5566a8ceac74fa960?s=96&d=mm&r=g\",\"contentUrl\":\"https:\\\/\\\/secure.gravatar.com\\\/avatar\\\/61d268e57d1f4525b111222e29d2d5a7f8c420fdbf231ba5566a8ceac74fa960?s=96&d=mm&r=g\",\"caption\":\"Tibor atya\"},\"url\":\"https:\\\/\\\/stuttgarti-katolikusok.de\\\/index.php\\\/author\\\/tibor-atya\\\/\"}]}<\/script>\n<!-- \/ Yoast SEO plugin. -->","yoast_head_json":{"title":"\u00c9vk\u00f6zi 21. vas\u00e1rnap - Stuttgarti Katolikusok","robots":{"index":"index","follow":"follow","max-snippet":"max-snippet:-1","max-image-preview":"max-image-preview:large","max-video-preview":"max-video-preview:-1"},"canonical":"https:\/\/stuttgarti-katolikusok.de\/index.php\/evkozi-21-vasarnap\/","og_locale":"hu_HU","og_type":"article","og_title":"\u00c9vk\u00f6zi 21. vas\u00e1rnap - Stuttgarti Katolikusok","og_description":"J\u00f3zsue v\u00e1lasz\u00fat el\u00e9 \u00e1ll\u00edtja Izrael n\u00e9p\u00e9 \u00e9s vezet\u0151it. Mindezt magamra vonatkoztatva elmondhatom, hogy t\u00f6bb alkalommal \u00e9letem folyam\u00e1n v\u00e1lasz\u00fat el\u00e9 \u00e9rkezem. A d\u00f6nt\u00e9s az eny\u00e9m, nem h\u00e1r\u00edthatom m\u00e1sra. Ezt nagyon fontos meg\u00e9rtenem! A szentleck\u00e9ben P\u00e1l apostol a f\u00e9rfi \u00e9s n\u0151, f\u00e9rj \u00e9s feles\u00e9g kapcsolat\u00e1n kereszt\u00fcl szint\u00e9n az egy\u00e9ni d\u00f6nt\u00e9sek fontoss\u00e1g\u00e1r\u00f3l sz\u00f3l. Egym\u00e1s al\u00e1rendeltj\u00e9nek lenni egyben azt is jelenti, hogy feladom magam szabads\u00e1g\u00e1t, a m\u00e1sik szempontjait tartom szemem el\u0151tt. Itt is fontos meg\u00e9rtenem, hogy t\u00e1rsam, a m\u00e1sik ember, sohasem lehet az \u00e9n birtokom. Szolg\u00e1l\u00f3 szeretetem az, mely gy\u00f3gy\u00edt\u00f3 er\u0151. Al\u00e1rendeltnek lenni azt jelenti, hogy adott esetben fel tudom adni \u00e9letem egy-egy r\u00e9sz\u00e9t. \u00c1ltala siker\u00fcl legy\u0151zn\u00f6m a magam eg\u00f3j\u00e1t. Az evang\u00e9liumban az \u00dar J\u00e9zus besz\u00e9de bizonyos \u00e9rtelemben megbotr\u00e1nkoz\u00e1st kelt. M\u00e9g a tan\u00edtv\u00e1nyok sz\u00e1m\u00e1ra is kem\u00e9ny besz\u00e9dnek t\u0171nik. A hat\u00e1rozott ki\u00e1ll\u00e1s elveim mellet mindig nagyon fontos.\u00a0 Kezd\u0151\u00e9nek: Hajtsd hozz\u00e1m Uram, f\u00fcledet \u00e9s hallgass meg engem. Mentsd meg, Istenem, szolg\u00e1dat, aki benned b\u00edzik. K\u00f6ny\u00f6r\u00fclj rajtam, Uram; mert eg\u00e9sz nap hozz\u00e1d ki\u00e1ltok. (V\u00f6. Zsolt 85,1-3) K\u00f6ny\u00f6rg\u00e9s: Isten\u00fcnk, a te kegyelmed aj\u00e1nd\u00e9ka, hogy h\u00edveid egy akarattal k\u00f6vetnek t\u00e9ged. Add n\u00e9pednek, hogy szeress\u00fck, amit parancsolsz, v\u00e1gyakozzunk arra, amit \u00edg\u00e9rsz, \u00e9s e vil\u00e1g v\u00e1ltozand\u00f3s\u00e1gai k\u00f6zepette sz\u00edvb\u0151l ragaszkodjunk hozz\u00e1d, akiben megtal\u00e1ljuk igazi \u00f6r\u00f6m\u00fcnket. A mi Urunk, J\u00e9zus Krisztus, a te Fiad \u00e1ltal, aki veled \u00e9l \u00e9s uralkodik a Szentl\u00e9lekkel egys\u00e9gben, Isten mind\u00f6r\u00f6kk\u00f6n \u00f6r\u00f6kk\u00e9. OLVASM\u00c1NY J\u00f3zsue k\u00f6nyv\u00e9b\u0151l (J\u00f3zs 24,1-2a.15-17.18b) J\u00f3zsue egybegy\u0171jt\u00f6tte Izrael minden t\u00f6rzs\u00e9t Szichemben, azt\u00e1n h\u00edvatta Izrael v\u00e9neit, vez\u00e9reit, b\u00edr\u00e1it, tiszts\u00e9gvisel\u0151it. Azok felsorakoztak az \u00dar sz\u00edne el\u0151tt. J\u00f3zsue ekkor \u00edgy sz\u00f3lt a n\u00e9phez: \u201eHa nem akartok az \u00darnak szolg\u00e1lni, v\u00e1lasszatok most, kinek akartok szolg\u00e1lni: azoknak az isteneknek-e, akiknek aty\u00e1itok szolg\u00e1ltak Mezopot\u00e1mi\u00e1ban, vagy az amorit\u00e1k isteneinek, akiknek most a f\u00f6ldj\u00e9t lakj\u00e1tok. Mi, \u00e9n \u00e9s h\u00e1zam n\u00e9pe az \u00darnak szolg\u00e1lunk.\u201d A n\u00e9p \u00edgy felelt: \u201eT\u00e1vol legyen t\u0151l\u00fcnk, hogy elhagyjuk az Urat \u00e9s m\u00e1s isteneknek szolg\u00e1ljunk. Az \u00dar a mi Isten\u00fcnk, \u0151 vezette... R\u00e9szletek","og_url":"https:\/\/stuttgarti-katolikusok.de\/index.php\/evkozi-21-vasarnap\/","og_site_name":"Stuttgarti Katolikusok","article_published_time":"2024-08-25T20:59:47+00:00","og_image":[{"width":2048,"height":1536,"url":"https:\/\/stuttgarti-katolikusok.de\/wp-content\/uploads\/2024\/08\/vrsar.jpg","type":"image\/jpeg"}],"author":"Tibor atya","twitter_card":"summary_large_image","twitter_misc":{"Szerz\u0151:":"Tibor atya","Becs\u00fclt olvas\u00e1si id\u0151":"7 perc"},"schema":{"@context":"https:\/\/schema.org","@graph":[{"@type":"Article","@id":"https:\/\/stuttgarti-katolikusok.de\/index.php\/evkozi-21-vasarnap\/#article","isPartOf":{"@id":"https:\/\/stuttgarti-katolikusok.de\/index.php\/evkozi-21-vasarnap\/"},"author":{"name":"Tibor atya","@id":"https:\/\/stuttgarti-katolikusok.de\/#\/schema\/person\/75908d6f8fdc03a57889d27209df7795"},"headline":"\u00c9vk\u00f6zi 21. vas\u00e1rnap","datePublished":"2024-08-25T20:59:47+00:00","mainEntityOfPage":{"@id":"https:\/\/stuttgarti-katolikusok.de\/index.php\/evkozi-21-vasarnap\/"},"wordCount":1575,"image":{"@id":"https:\/\/stuttgarti-katolikusok.de\/index.php\/evkozi-21-vasarnap\/#primaryimage"},"thumbnailUrl":"https:\/\/stuttgarti-katolikusok.de\/wp-content\/uploads\/2024\/08\/vrsar.jpg","articleSection":["A liturgia olvasm\u00e1nyai","Vas\u00e1rnapi gondolatok"],"inLanguage":"hu"},{"@type":"WebPage","@id":"https:\/\/stuttgarti-katolikusok.de\/index.php\/evkozi-21-vasarnap\/","url":"https:\/\/stuttgarti-katolikusok.de\/index.php\/evkozi-21-vasarnap\/","name":"\u00c9vk\u00f6zi 21. vas\u00e1rnap - Stuttgarti Katolikusok","isPartOf":{"@id":"https:\/\/stuttgarti-katolikusok.de\/#website"},"primaryImageOfPage":{"@id":"https:\/\/stuttgarti-katolikusok.de\/index.php\/evkozi-21-vasarnap\/#primaryimage"},"image":{"@id":"https:\/\/stuttgarti-katolikusok.de\/index.php\/evkozi-21-vasarnap\/#primaryimage"},"thumbnailUrl":"https:\/\/stuttgarti-katolikusok.de\/wp-content\/uploads\/2024\/08\/vrsar.jpg","datePublished":"2024-08-25T20:59:47+00:00","author":{"@id":"https:\/\/stuttgarti-katolikusok.de\/#\/schema\/person\/75908d6f8fdc03a57889d27209df7795"},"breadcrumb":{"@id":"https:\/\/stuttgarti-katolikusok.de\/index.php\/evkozi-21-vasarnap\/#breadcrumb"},"inLanguage":"hu","potentialAction":[{"@type":"ReadAction","target":["https:\/\/stuttgarti-katolikusok.de\/index.php\/evkozi-21-vasarnap\/"]}]},{"@type":"ImageObject","inLanguage":"hu","@id":"https:\/\/stuttgarti-katolikusok.de\/index.php\/evkozi-21-vasarnap\/#primaryimage","url":"https:\/\/stuttgarti-katolikusok.de\/wp-content\/uploads\/2024\/08\/vrsar.jpg","contentUrl":"https:\/\/stuttgarti-katolikusok.de\/wp-content\/uploads\/2024\/08\/vrsar.jpg","width":2048,"height":1536},{"@type":"BreadcrumbList","@id":"https:\/\/stuttgarti-katolikusok.de\/index.php\/evkozi-21-vasarnap\/#breadcrumb","itemListElement":[{"@type":"ListItem","position":1,"name":"Kezd\u0151lap","item":"https:\/\/stuttgarti-katolikusok.de\/"},{"@type":"ListItem","position":2,"name":"\u00c9vk\u00f6zi 21. vas\u00e1rnap"}]},{"@type":"WebSite","@id":"https:\/\/stuttgarti-katolikusok.de\/#website","url":"https:\/\/stuttgarti-katolikusok.de\/","name":"Stuttgarti Katolikusok","description":"","potentialAction":[{"@type":"SearchAction","target":{"@type":"EntryPoint","urlTemplate":"https:\/\/stuttgarti-katolikusok.de\/?s={search_term_string}"},"query-input":{"@type":"PropertyValueSpecification","valueRequired":true,"valueName":"search_term_string"}}],"inLanguage":"hu"},{"@type":"Person","@id":"https:\/\/stuttgarti-katolikusok.de\/#\/schema\/person\/75908d6f8fdc03a57889d27209df7795","name":"Tibor atya","image":{"@type":"ImageObject","inLanguage":"hu","@id":"https:\/\/secure.gravatar.com\/avatar\/61d268e57d1f4525b111222e29d2d5a7f8c420fdbf231ba5566a8ceac74fa960?s=96&d=mm&r=g","url":"https:\/\/secure.gravatar.com\/avatar\/61d268e57d1f4525b111222e29d2d5a7f8c420fdbf231ba5566a8ceac74fa960?s=96&d=mm&r=g","contentUrl":"https:\/\/secure.gravatar.com\/avatar\/61d268e57d1f4525b111222e29d2d5a7f8c420fdbf231ba5566a8ceac74fa960?s=96&d=mm&r=g","caption":"Tibor atya"},"url":"https:\/\/stuttgarti-katolikusok.de\/index.php\/author\/tibor-atya\/"}]}},"_links":{"self":[{"href":"https:\/\/stuttgarti-katolikusok.de\/index.php\/wp-json\/wp\/v2\/posts\/29273","targetHints":{"allow":["GET"]}}],"collection":[{"href":"https:\/\/stuttgarti-katolikusok.de\/index.php\/wp-json\/wp\/v2\/posts"}],"about":[{"href":"https:\/\/stuttgarti-katolikusok.de\/index.php\/wp-json\/wp\/v2\/types\/post"}],"author":[{"embeddable":true,"href":"https:\/\/stuttgarti-katolikusok.de\/index.php\/wp-json\/wp\/v2\/users\/3"}],"replies":[{"embeddable":true,"href":"https:\/\/stuttgarti-katolikusok.de\/index.php\/wp-json\/wp\/v2\/comments?post=29273"}],"version-history":[{"count":1,"href":"https:\/\/stuttgarti-katolikusok.de\/index.php\/wp-json\/wp\/v2\/posts\/29273\/revisions"}],"predecessor-version":[{"id":29275,"href":"https:\/\/stuttgarti-katolikusok.de\/index.php\/wp-json\/wp\/v2\/posts\/29273\/revisions\/29275"}],"wp:featuredmedia":[{"embeddable":true,"href":"https:\/\/stuttgarti-katolikusok.de\/index.php\/wp-json\/wp\/v2\/media\/29274"}],"wp:attachment":[{"href":"https:\/\/stuttgarti-katolikusok.de\/index.php\/wp-json\/wp\/v2\/media?parent=29273"}],"wp:term":[{"taxonomy":"category","embeddable":true,"href":"https:\/\/stuttgarti-katolikusok.de\/index.php\/wp-json\/wp\/v2\/categories?post=29273"},{"taxonomy":"post_tag","embeddable":true,"href":"https:\/\/stuttgarti-katolikusok.de\/index.php\/wp-json\/wp\/v2\/tags?post=29273"}],"curies":[{"name":"wp","href":"https:\/\/api.w.org\/{rel}","templated":true}]}}