{"id":29265,"date":"2024-08-18T00:45:19","date_gmt":"2024-08-17T22:45:19","guid":{"rendered":"https:\/\/stuttgarti-katolikusok.de\/?p=29265"},"modified":"2024-08-19T08:41:45","modified_gmt":"2024-08-19T06:41:45","slug":"evkozi-20-vasarnap","status":"publish","type":"post","link":"https:\/\/stuttgarti-katolikusok.de\/index.php\/evkozi-20-vasarnap\/","title":{"rendered":"\u00c9vk\u00f6zi 20. vas\u00e1rnap"},"content":{"rendered":"<p><em><span style=\"color: #ff6600;\">Sz\u00e1momra k\u00fcl\u00f6n\u00f6sen is fontos a mostani nyit\u00f3k\u00e9p, melyet N\u00e9meti Gergely bar\u00e1tom k\u00e9sz\u00edtett. A gy\u00f6kerek megtart\u00f3 erej\u00e9t \u00fczeni. Most Szatm\u00e1rn\u00e9metiben tart\u00f3zkodom, s a d\u00e9lel\u0151tt folyam\u00e1n a Szentl\u00e9lek templomban egy\u00fctt \u00fcnneplem ifi szentmise keret\u00e9ben az Euchariszti\u00e1t abban a k\u00f6z\u00f6ss\u00e9gben, ahol mintegy 15 \u00e9vet t\u00f6lthettem el. V\u00e9gtelen h\u00e1l\u00e1t \u00e9s k\u00f6sz\u00f6netet hordozok sz\u00edvemben.\u00a0<\/span><\/em><\/p>\n<p><em><span style=\"color: #ff6600;\">A kafarnaumi besz\u00e9det olvastatja fel az Egyh\u00e1z r\u00e9szletekben t\u00f6bb vas\u00e1rnapon kereszt\u00fcl. Az \u00e9vk\u00f6zi huszadik vas\u00e1rnap evang\u00e9liumi sz\u00f6vegr\u00e9sz\u00e9vel \u00e9ri el tet\u0151pontj\u00e1t, ugyanis ez a r\u00e9sz mintegy \u00f6sszefoglalja \u00e9s megkoron\u00e1zza az eddig elhangzottakat, m\u00e9g jobban nyomat\u00e9kos\u00edtva azt, hogy J\u00e9zus a mennyb\u0151l al\u00e1sz\u00e1llott \u00e9l\u0151 keny\u00e9r (v\u00f6. Jn 6. fejezete), amit a zsid\u00f3k sem felismerni, sem elismerni nem akarnak. Ink\u00e1bb vit\u00e1znak, hit-vit\u00e1znak \u2013 egym\u00e1s k\u00f6z\u00f6tt!\u00a0<\/span><\/em><\/p>\n<p><em><span style=\"color: #ff6600;\">Az olvasm\u00e1ny megszem\u00e9lyes\u00edti a b\u00f6lcsess\u00e9get, mely h\u00e1zat \u00e9p\u00edt. Ami igaz\u00e1n biztat\u00f3, hogy mindez nem \u00f6nc\u00e9l\u00fa. Az\u00e9rt \u00e9p\u00edt a b\u00f6lcsess\u00e9g h\u00e1zat \u00e9s emel benne h\u00e9t oszlopot (a L\u00e9lek aj\u00e1nd\u00e9kai, kegyelmi kincsei), hogy bel\u00e9pj\u00fcnk \u00e9s r\u00e9sz\u00fcnk legyen ezen kincsekb\u0151l. Kik r\u00e9szesedhetnek ezen aj\u00e1nd\u00e9kokb\u00f3l? Az oktalanok, a tudatlanok. mennyire biztat\u00f3 \u00fczenet ez sz\u00e1momra!<\/span><\/em><\/p>\n<p><em><span style=\"color: #ff6600;\">A szentlecke a b\u00f6lcsess\u00e9g fontoss\u00e1g\u00e1ra ir\u00e1ny\u00edtja r\u00e1 figyelm\u00fcnket. Ennek birtok\u00e1ban pedig j\u00f3l tudjuk felhaszn\u00e1lni a rendelkez\u00e9s\u00fcnkre \u00e1ll\u00f3 id\u0151t. Itt egy kicsit \u00e9rdemes meg\u00e1llnom \u00e9s t\u00f6prengenem: hogyan haszn\u00e1lom fel a rendelkez\u00e9semre \u00e1ll\u00f3 id\u0151t. A pihen\u00e9sre sz\u00e1nt id\u0151, nem elfecs\u00e9relt id\u0151, sz\u00fcks\u00e9gem van r\u00e1. Id\u0151re van sz\u00fcks\u00e9gem, hogy meg\u00e9rtsem Isten sz\u00e1nd\u00e9k\u00e1t \u00e9s akarat\u00e1t \u00e9letemben. Mindez pedig hozz\u00e1 seg\u00edt ahhoz, hogy feler\u0151s\u00edtsem a h\u00e1la \u00e9rz\u00e9s\u00e9t sz\u00edvemben.<\/span><\/em><\/p>\n<p><em><span style=\"color: #ff6600;\">Az evang\u00e9liumi r\u00e9sz, amely a h\u00edres kafarnaumi, eucharisztikus besz\u00e9dnek r\u00e9sze, arr\u00f3l sz\u00e1mol be, hogy a zsid\u0151k egym\u00e1s k\u00f6z\u00f6tt vitatkoznak. Mit jelent sz\u00e1momra a vitatkoz\u00e1s? Mi\u00e9rt is fontos sz\u00e1momra?\u00a0 Sz\u00e1mtalan, ehhez kapcsol\u00f3d\u00f3 k\u00e9rd\u00e9s tornyosulhat bennem vit\u00e1immal kapcsolatosan. Felt\u00e9tlen\u00fcl sz\u00f3t kell ejtenem az \u00e9rtelmes \u00e9s gyakorta \u00e9rtelmetlen, parttalan vit\u00e1k sokas\u00e1g\u00e1r\u00f3l. Hogyan vagyok jelen egy vit\u00e1ban? Milyen az \u00e9n vitakult\u00far\u00e1m? \u00c9rdemes ezen k\u00e9rd\u00e9sek tiszt\u00e1z\u00e1s\u00e1ra id\u0151t szak\u00edtanom.<\/span><\/em><\/p>\n<p><span style=\"color: #008000;\">Kezd\u0151\u00e9nek:<\/span><br \/>\nOltalmaz\u00f3 Isten\u00fcnk, tekints le r\u00e1nk \u00e9s n\u00e9zz F\u00f6lkented arc\u00e1ra! Mert jobb a te h\u00e1zadban egy nap, mint m\u00e1shol ezer. (Zsolt 83,10-11)<\/p>\n<p><span style=\"color: #008000;\">K\u00f6ny\u00f6rg\u00e9s:<\/span><br \/>\nIsten\u00fcnk, te mennyei kincseket k\u00e9sz\u00edtett\u00e9l azoknak, akik szeretnek t\u00e9ged. Adj sz\u00edv\u00fcnkbe ir\u00e1ntad buzg\u00f3 szeretetet, hogy mindenben \u00e9s mindenn\u00e9l jobban szeress\u00fcnk, \u00e9s elnyerj\u00fck \u00edg\u00e9reteidet, amelyek minden v\u00e1gyunkat fel\u00fclm\u00falj\u00e1k. A mi Urunk, J\u00e9zus Krisztus, a te Fiad \u00e1ltal, aki veled \u00e9l \u00e9s uralkodik a Szentl\u00e9lekkel egys\u00e9gben, Isten mind\u00f6r\u00f6kk\u00f6n-\u00f6r\u00f6kk\u00e9.<\/p>\n<p align=\"justify\"><span style=\"color: #008000;\">OLVASM\u00c1NY a P\u00e9ldabesz\u00e9dek k\u00f6nyv\u00e9b\u0151l (P\u00e9ld 9,1-6)<\/span><br \/>\nMeg\u00e9p\u00edtette h\u00e1z\u00e1t a b\u00f6lcsess\u00e9g, s h\u00e9t oszlop\u00e1t is fel\u00e1ll\u00edtotta. Barmait lev\u00e1gta, bor\u00e1t megkeverte, \u00e9s asztal\u00e1t is megter\u00edtette. Kik\u00fcldte szolg\u00e1l\u00f3it \u00e9s kihirdette a v\u00e1ros legmagasabb pontjain: \u201eTi tudatlanok, j\u00f6jjetek ide!\u201d Az oktalanoknak pedig ezt mondta: \u201eGyertek, egyetek a kenyeremb\u0151l, igyatok a borb\u00f3l, amelyet kevertem! Hagyjatok fel a d\u0151res\u00e9ggel, j\u00e1rjatok az \u00e9rtelem \u00fatj\u00e1n, \u00e9s \u00e9lni fogtok.\u201d<br \/>\nEz az Isten ig\u00e9je.<\/p>\n<p align=\"justify\"><span style=\"color: #008000;\">V\u00c1LASZOS ZSOLT\u00c1R (Zsolt 33,2-3.10-11.12-13.14-15)<\/span><br \/>\nV\u00e1lasz:\u00a0<strong>\u00cdzlelj\u00e9<u>tek<\/u>\u00a0\u00e9s l\u00e1ss\u00e1tok, * milyen \u00e9des az\u00a0<u>\u00dar<\/u>!<\/strong>\u00a0(4g. t\u00f3nus.)<br \/>\nEl\u0151\u00e9nekes: Minden id\u0151ben \u00e1l<u>dom<\/u>\u00a0az Urat, * dics\u00e9ret\u00e9t sz\u00fcntelen\u00fcl zengi aj<u>kam<\/u>.<br \/>\nLelkem az\u00a0<u>\u00dar<\/u>ban dicsekszik, * hallj\u00e1k meg a szel\u00eddek \u00e9s \u00f6rvendezze<u>nek<\/u>!<br \/>\nH\u00edvek:\u00a0<strong>\u00cdzlelj\u00e9<u>tek<\/u>\u00a0\u00e9s l\u00e1ss\u00e1tok, * milyen \u00e9des az\u00a0<u>\u00dar<\/u>!<\/strong><br \/>\nE: F\u00e9lj\u00e9tek az U<u>rat<\/u>, ti szentjei, * mert semmit sem n\u00e9lk\u00fcl\u00f6znek az istenf\u00e9<u>l\u0151k<\/u>.<br \/>\nA gazdagok nyomorog<u>nak<\/u>\u00a0\u00e9s \u00e9heznek, * de akik az Urat keresik nem sz\u0171k\u00f6lk\u00f6d<u>nek<\/u>.<br \/>\nH:\u00a0<strong>\u00cdzlelj\u00e9<u>tek<\/u>\u00a0\u00e9s l\u00e1ss\u00e1tok, * milyen \u00e9des az\u00a0<u>\u00dar<\/u>!<\/strong><br \/>\nE: Jertek, fiaim, \u00e9s hallgas<u>sa<\/u>tok engem, * az \u00dar f\u00e9lelm\u00e9re tan\u00edtlak ti<u>te<\/u>ket.<br \/>\nKi az az ember, aki\u00a0<u>\u00e9l<\/u>ni v\u00e1gyik, * \u00e9s szeretne j\u00f3 napokat l\u00e1t<u>ni<\/u>?<br \/>\nH:\u00a0<strong>\u00cdzlelj\u00e9<u>tek<\/u>\u00a0\u00e9s l\u00e1ss\u00e1tok, * milyen \u00e9des az\u00a0<u>\u00dar<\/u>!<\/strong><br \/>\nE: Tart\u00f3ztasd nyelve<u>det<\/u>\u00a0a rosszt\u00f3l, * ajkad ne sz\u00f3ljon hamiss\u00e1<u>got<\/u>.<br \/>\nFordulj el a rosszt\u00f3l \u00e9s\u00a0<u>a<\/u>\u00a0j\u00f3t cselekedd, * keresd a b\u00e9k\u00e9t \u00e9s azt k\u00f6ves<u>sed<\/u>.<br \/>\nH:\u00a0<strong>\u00cdzlelj\u00e9<u>tek<\/u>\u00a0\u00e9s l\u00e1ss\u00e1tok, * milyen \u00e9des az\u00a0<u>\u00dar<\/u>!<\/strong><\/p>\n<p align=\"justify\"><span style=\"color: #008000;\">SZENTLECKE Szent P\u00e1l apostolnak az efezusiakhoz \u00edrt level\u00e9b\u0151l (Ef 5,15-20)<\/span><br \/>\nTestv\u00e9reim!<br \/>\nGondosan \u00fcgyeljetek arra, hogyan \u00e9ltek: ne balg\u00e1n, hanem b\u00f6lcsen. Haszn\u00e1lj\u00e1tok fel az id\u0151t, mert rossz napok j\u00e1rnak. Ne legyetek \u00e9rtetlenek, hanem \u00e9rts\u00e9tek meg az \u00dar akarat\u00e1t. Ne r\u00e9szegeskedjetek, mert a bor l\u00e9has\u00e1gra vezet, ink\u00e1bb teljetek el (Szent)l\u00e9lekkel. Egym\u00e1s k\u00f6zt \u00e9nekeljetek zsolt\u00e1rt, himnuszt \u00e9s szent \u00e9nekeket. \u00c9nekeljetek \u00e9s ujjongjatok sz\u00edvb\u0151l az \u00darnak. Adjatok h\u00e1l\u00e1t mindig minden\u00e9rt Urunk J\u00e9zus Krisztus nev\u00e9ben az Istennek, az Aty\u00e1nak.<br \/>\nEz az Isten ig\u00e9je.<\/p>\n<p align=\"justify\"><span style=\"color: #008000;\">ALLELUJA<\/span><br \/>\nJ\u00e9zus mondja: \u2020 \u201eAki eszi az \u00e9n testemet \u00e9s issza az \u00e9n v\u00e9remet, * az \u00e9nbennem marad \u00e9s \u00e9n \u0151benne.\u201d (Jn 6,56 \u2013 10. t\u00f3nus.)<\/p>\n<p align=\"justify\"><span style=\"color: #008000;\">\u2020 EVANG\u00c9LIUM Szent J\u00e1nos k\u00f6nyv\u00e9b\u0151l (Jn 6,51-58)<\/span><br \/>\nAbban az id\u0151ben \u00edgy besz\u00e9lt J\u00e9zus a zsid\u00f3k sokas\u00e1g\u00e1hoz: \u201e\u00c9n vagyok a mennyb\u0151l al\u00e1sz\u00e1llott, \u00e9l\u0151 keny\u00e9r. Aki ebb\u0151l a keny\u00e9rb\u0151l eszik, \u00f6r\u00f6kk\u00e9 \u00e9lni fog. Az a keny\u00e9r, amelyet \u00e9n adok, az \u00e9n testem a vil\u00e1g is \u00e9let\u00e9\u00e9rt.\u201d<br \/>\nVita t\u00e1madt erre a zsid\u00f3k k\u00f6z\u00f6tt: \u201eHogyan adhatja ez test\u00e9t eledel\u00fcl nek\u00fcnk?\u201d J\u00e9zus \u00edgy felelt nekik: \u201eBizony, bizony, mondom nektek: Ha nem eszitek az Emberfia test\u00e9t, \u00e9s nem issz\u00e1tok az \u0151 v\u00e9r\u00e9t, nem lesz \u00e9let bennetek. Aki eszi az \u00e9n testemet, \u00e9s issza az \u00e9n v\u00e9remet, annak \u00f6r\u00f6k \u00e9lete van, \u00e9s \u00e9n felt\u00e1masztom \u0151t az utols\u00f3 napon. Mert az \u00e9n testem val\u00f3ban \u00e9tel, \u00e9s az \u00e9n v\u00e9rem val\u00f3ban ital. Aki eszi az \u00e9n testemet, \u00e9s issza az \u00e9n v\u00e9remet, az bennem marad, \u00e9s \u00e9n \u0151benne. Amint engem az \u00e9l\u0151 Atya k\u00fcld\u00f6tt, \u00e9s \u00e9n az Atya \u00e1ltal \u00e9lek, \u00fagy az is, aki engem eszik, \u00e9n\u00e1ltalam \u00e9l. Ez az \u00e9gb\u0151l al\u00e1sz\u00e1llott keny\u00e9r! Nem az, amelyet aty\u00e1itok ettek \u00e9s meghaltak! Aki ezt a kenyeret eszi, \u00f6r\u00f6kk\u00e9 \u00e9l!\u201d<br \/>\n\u00cdgy tan\u00edtott J\u00e9zus a kafarnaumi zsinag\u00f3g\u00e1ban.<br \/>\nEzek az evang\u00e9lium ig\u00e9i.<\/p>\n<p><span style=\"color: #008000;\">EGYETEMES K\u00d6NY\u00d6RG\u00c9SEK<\/span><br \/>\nPap: K\u00e9rj\u00fck, testv\u00e9reim, a mi Urunk, J\u00e9zus Krisztust, hogy az \u00e9let Kenyer\u00e9vel t\u00e1pl\u00e1lva vezessen el benn\u00fcnket az \u00f6r\u00f6k haz\u00e1ba!<br \/>\nLektor: 1. Szent tested v\u00e9tele, Urunk, er\u0151s\u00edtsen benn\u00fcnket a f\u00f6ldi \u00e9let v\u00e1ndor\u00fatj\u00e1n!<br \/>\nH\u00edvek: K\u00e9r\u00fcnk T\u00e9ged, hallgass meg minket!<br \/>\n2. Egyes\u00edtsd Egyh\u00e1zadat \u00e1ldozati olt\u00e1rod k\u00f6r\u00fcl!<br \/>\nH\u00edvek: K\u00e9r\u00fcnk T\u00e9ged, hallgass meg minket!<br \/>\n3. Az Olt\u00e1riszents\u00e9g legyen \u00fcdv\u00f6z\u00edt\u0151 szereteted nagy jele minden n\u00e9p sz\u00e1m\u00e1ra!<br \/>\nH\u00edvek: K\u00e9r\u00fcnk T\u00e9ged, hallgass meg minket!<br \/>\n4. Egyh\u00e1zk\u00f6zs\u00e9g\u00fcnk h\u00edvei mindig \u00f6r\u00f6mmel tegyenek eleget a szeretetlakom\u00e1dra sz\u00f3l\u00f3 megh\u00edv\u00e1snak!<br \/>\nH\u00edvek: K\u00e9r\u00fcnk T\u00e9ged, hallgass meg minket!<br \/>\n5. Haldokl\u00f3 testv\u00e9reinket er\u0151s\u00edtsd meg az \u00e9let Kenyer\u00e9vel!<br \/>\nH\u00edvek: K\u00e9r\u00fcnk T\u00e9ged, hallgass meg minket!<br \/>\nPap: Urunk, J\u00e9zus Krisztus! Te azt mondottad, hogy tested val\u00f3ban \u00e9tel a vil\u00e1g \u00e9let\u00e9\u00e9rt. Engedd, hogy e keny\u00e9rrel t\u00e1pl\u00e1lkozva \u00f6r\u00f6kk\u00e9 \u00e9lj\u00fcnk! Aki \u00e9lsz \u00e9s uralkodol mind\u00f6r\u00f6kk\u00f6n-\u00f6r\u00f6kk\u00e9.<br \/>\nH\u00edvek: \u00c1men.<\/p>\n<p><span style=\"color: #008000;\">Felaj\u00e1nl\u00f3 k\u00f6ny\u00f6rg\u00e9s:<\/span><br \/>\nUrunk, Isten\u00fcnk, fogadd el \u00e1ldozati adom\u00e1nyainkat, amelyekben dics\u0151s\u00e9ges csere val\u00f3sul meg sz\u00e1munkra: felaj\u00e1nljuk a t\u0151led kapott f\u00f6ldi aj\u00e1nd\u00e9kokat, \u00e9s megnyer\u00fcnk t\u00e9ged magadat. Krisztus, a mi Urunk \u00e1ltal.<\/p>\n<p><span style=\"color: #008000;\">\u00c1ldoz\u00e1si \u00e9nek:<\/span><br \/>\nAz \u00darn\u00e1l van az irgalom, \u00e9s b\u0151s\u00e9ges a megv\u00e1lt\u00e1s n\u00e1la. (Zsolt 129,7)<br \/>\n<span style=\"color: #008000;\"><em>Vagy<\/em><\/span><br \/>\n\u00cdgy sz\u00f3l az \u00dar: \u00c9n vagyok az \u00e9l\u0151 keny\u00e9r, amely a mennyb\u0151l sz\u00e1llt al\u00e1 \u2013 mondja az \u00dar: ha valaki e keny\u00e9rb\u0151l eszik, \u00f6r\u00f6kk\u00e9 \u00e9l. (Jn 6,51-52)<\/p>\n<p><span style=\"color: #008000;\">\u00c1ldoz\u00e1s ut\u00e1ni k\u00f6ny\u00f6rg\u00e9s:<\/span><br \/>\nIrgalmas Urunk, Isten\u00fcnk, e szents\u00e9gi eledel \u00e1ltal Krisztust vett\u00fck magunkhoz. Al\u00e1zattal k\u00e9r\u00fcnk, hogy mi, akiket Fiad k\u00e9p\u00e9re alak\u00edtott\u00e1l a f\u00f6ld\u00f6n, dics\u0151s\u00e9g\u00e9ben is r\u00e9szes\u00fclj\u00fcnk a mennyben. Aki \u00e9l \u00e9s uralkodik mind\u00f6r\u00f6kk\u00f6n \u00f6r\u00f6kk\u00e9.<\/p>\n<p><em>(Nyit\u00f3k\u00e9p: N\u00e9meti Gergely)<\/em><\/p>\n","protected":false},"excerpt":{"rendered":"<p>Sz\u00e1momra k\u00fcl\u00f6n\u00f6sen is fontos a mostani nyit\u00f3k\u00e9p, melyet N\u00e9meti Gergely bar\u00e1tom k\u00e9sz\u00edtett. A gy\u00f6kerek megtart\u00f3 erej\u00e9t \u00fczeni. Most Szatm\u00e1rn\u00e9metiben tart\u00f3zkodom, s a d\u00e9lel\u0151tt folyam\u00e1n a Szentl\u00e9lek templomban egy\u00fctt \u00fcnneplem ifi szentmise keret\u00e9ben az Euchariszti\u00e1t abban a k\u00f6z\u00f6ss\u00e9gben, ahol mintegy 15 \u00e9vet t\u00f6lthettem el. V\u00e9gtelen h\u00e1l\u00e1t \u00e9s k\u00f6sz\u00f6netet hordozok sz\u00edvemben.\u00a0 A kafarnaumi besz\u00e9det olvastatja fel az Egyh\u00e1z r\u00e9szletekben t\u00f6bb vas\u00e1rnapon kereszt\u00fcl. Az \u00e9vk\u00f6zi huszadik vas\u00e1rnap evang\u00e9liumi sz\u00f6vegr\u00e9sz\u00e9vel \u00e9ri el tet\u0151pontj\u00e1t, ugyanis ez a r\u00e9sz mintegy \u00f6sszefoglalja \u00e9s megkoron\u00e1zza az eddig elhangzottakat, m\u00e9g jobban nyomat\u00e9kos\u00edtva azt, hogy J\u00e9zus a mennyb\u0151l al\u00e1sz\u00e1llott \u00e9l\u0151 keny\u00e9r (v\u00f6. Jn 6. fejezete), amit a zsid\u00f3k sem felismerni, sem elismerni nem akarnak. Ink\u00e1bb vit\u00e1znak, hit-vit\u00e1znak \u2013 egym\u00e1s k\u00f6z\u00f6tt!\u00a0 Az olvasm\u00e1ny megszem\u00e9lyes\u00edti a b\u00f6lcsess\u00e9get, mely h\u00e1zat \u00e9p\u00edt. Ami igaz\u00e1n biztat\u00f3, hogy mindez nem \u00f6nc\u00e9l\u00fa. Az\u00e9rt \u00e9p\u00edt a b\u00f6lcsess\u00e9g h\u00e1zat \u00e9s emel benne h\u00e9t oszlopot (a L\u00e9lek aj\u00e1nd\u00e9kai, kegyelmi kincsei), hogy bel\u00e9pj\u00fcnk \u00e9s r\u00e9sz\u00fcnk legyen ezen kincsekb\u0151l. Kik r\u00e9szesedhetnek ezen aj\u00e1nd\u00e9kokb\u00f3l? Az oktalanok, a tudatlanok. mennyire biztat\u00f3 \u00fczenet ez sz\u00e1momra! A szentlecke a b\u00f6lcsess\u00e9g fontoss\u00e1g\u00e1ra ir\u00e1ny\u00edtja r\u00e1 figyelm\u00fcnket. Ennek birtok\u00e1ban pedig j\u00f3l tudjuk felhaszn\u00e1lni a rendelkez\u00e9s\u00fcnkre \u00e1ll\u00f3 id\u0151t. Itt egy kicsit \u00e9rdemes meg\u00e1llnom \u00e9s t\u00f6prengenem: hogyan haszn\u00e1lom fel a rendelkez\u00e9semre \u00e1ll\u00f3 id\u0151t. A pihen\u00e9sre sz\u00e1nt id\u0151, nem elfecs\u00e9relt id\u0151, sz\u00fcks\u00e9gem van r\u00e1. Id\u0151re van sz\u00fcks\u00e9gem, hogy meg\u00e9rtsem Isten sz\u00e1nd\u00e9k\u00e1t \u00e9s akarat\u00e1t \u00e9letemben. Mindez pedig hozz\u00e1 seg\u00edt ahhoz, hogy feler\u0151s\u00edtsem a h\u00e1la \u00e9rz\u00e9s\u00e9t sz\u00edvemben. Az evang\u00e9liumi r\u00e9sz, amely a h\u00edres kafarnaumi, eucharisztikus besz\u00e9dnek r\u00e9sze, arr\u00f3l sz\u00e1mol be, hogy a zsid\u0151k egym\u00e1s k\u00f6z\u00f6tt vitatkoznak. Mit jelent sz\u00e1momra a vitatkoz\u00e1s? Mi\u00e9rt is fontos sz\u00e1momra?\u00a0 Sz\u00e1mtalan, ehhez kapcsol\u00f3d\u00f3 k\u00e9rd\u00e9s tornyosulhat bennem vit\u00e1immal kapcsolatosan. Felt\u00e9tlen\u00fcl sz\u00f3t kell ejtenem az \u00e9rtelmes \u00e9s gyakorta \u00e9rtelmetlen, parttalan vit\u00e1k sokas\u00e1g\u00e1r\u00f3l. Hogyan vagyok jelen egy vit\u00e1ban? Milyen az \u00e9n vitakult\u00far\u00e1m? \u00c9rdemes ezen k\u00e9rd\u00e9sek tiszt\u00e1z\u00e1s\u00e1ra id\u0151t szak\u00edtanom. Kezd\u0151\u00e9nek: Oltalmaz\u00f3 Isten\u00fcnk, tekints le r\u00e1nk \u00e9s n\u00e9zz F\u00f6lkented arc\u00e1ra! Mert jobb a te&#8230; <\/p>\n<p><a class=\"readmore\" href=\"https:\/\/stuttgarti-katolikusok.de\/index.php\/evkozi-20-vasarnap\/\">R\u00e9szletek<\/a><\/p>\n","protected":false},"author":3,"featured_media":29267,"comment_status":"closed","ping_status":"closed","sticky":false,"template":"","format":"standard","meta":{"footnotes":""},"categories":[85,63],"tags":[],"class_list":["post-29265","post","type-post","status-publish","format-standard","has-post-thumbnail","hentry","category-a-liturgia-olvasmanyai","category-vasarnapi-gondolatok"],"yoast_head":"<!-- This site is optimized with the Yoast SEO plugin v27.3 - https:\/\/yoast.com\/product\/yoast-seo-wordpress\/ -->\n<title>\u00c9vk\u00f6zi 20. vas\u00e1rnap - Stuttgarti Katolikusok<\/title>\n<meta name=\"robots\" content=\"index, follow, max-snippet:-1, max-image-preview:large, max-video-preview:-1\" \/>\n<link rel=\"canonical\" href=\"https:\/\/stuttgarti-katolikusok.de\/index.php\/evkozi-20-vasarnap\/\" \/>\n<meta property=\"og:locale\" content=\"hu_HU\" \/>\n<meta property=\"og:type\" content=\"article\" \/>\n<meta property=\"og:title\" content=\"\u00c9vk\u00f6zi 20. vas\u00e1rnap - Stuttgarti Katolikusok\" \/>\n<meta property=\"og:description\" content=\"Sz\u00e1momra k\u00fcl\u00f6n\u00f6sen is fontos a mostani nyit\u00f3k\u00e9p, melyet N\u00e9meti Gergely bar\u00e1tom k\u00e9sz\u00edtett. A gy\u00f6kerek megtart\u00f3 erej\u00e9t \u00fczeni. Most Szatm\u00e1rn\u00e9metiben tart\u00f3zkodom, s a d\u00e9lel\u0151tt folyam\u00e1n a Szentl\u00e9lek templomban egy\u00fctt \u00fcnneplem ifi szentmise keret\u00e9ben az Euchariszti\u00e1t abban a k\u00f6z\u00f6ss\u00e9gben, ahol mintegy 15 \u00e9vet t\u00f6lthettem el. V\u00e9gtelen h\u00e1l\u00e1t \u00e9s k\u00f6sz\u00f6netet hordozok sz\u00edvemben.\u00a0 A kafarnaumi besz\u00e9det olvastatja fel az Egyh\u00e1z r\u00e9szletekben t\u00f6bb vas\u00e1rnapon kereszt\u00fcl. Az \u00e9vk\u00f6zi huszadik vas\u00e1rnap evang\u00e9liumi sz\u00f6vegr\u00e9sz\u00e9vel \u00e9ri el tet\u0151pontj\u00e1t, ugyanis ez a r\u00e9sz mintegy \u00f6sszefoglalja \u00e9s megkoron\u00e1zza az eddig elhangzottakat, m\u00e9g jobban nyomat\u00e9kos\u00edtva azt, hogy J\u00e9zus a mennyb\u0151l al\u00e1sz\u00e1llott \u00e9l\u0151 keny\u00e9r (v\u00f6. Jn 6. fejezete), amit a zsid\u00f3k sem felismerni, sem elismerni nem akarnak. Ink\u00e1bb vit\u00e1znak, hit-vit\u00e1znak \u2013 egym\u00e1s k\u00f6z\u00f6tt!\u00a0 Az olvasm\u00e1ny megszem\u00e9lyes\u00edti a b\u00f6lcsess\u00e9get, mely h\u00e1zat \u00e9p\u00edt. Ami igaz\u00e1n biztat\u00f3, hogy mindez nem \u00f6nc\u00e9l\u00fa. Az\u00e9rt \u00e9p\u00edt a b\u00f6lcsess\u00e9g h\u00e1zat \u00e9s emel benne h\u00e9t oszlopot (a L\u00e9lek aj\u00e1nd\u00e9kai, kegyelmi kincsei), hogy bel\u00e9pj\u00fcnk \u00e9s r\u00e9sz\u00fcnk legyen ezen kincsekb\u0151l. Kik r\u00e9szesedhetnek ezen aj\u00e1nd\u00e9kokb\u00f3l? Az oktalanok, a tudatlanok. mennyire biztat\u00f3 \u00fczenet ez sz\u00e1momra! A szentlecke a b\u00f6lcsess\u00e9g fontoss\u00e1g\u00e1ra ir\u00e1ny\u00edtja r\u00e1 figyelm\u00fcnket. Ennek birtok\u00e1ban pedig j\u00f3l tudjuk felhaszn\u00e1lni a rendelkez\u00e9s\u00fcnkre \u00e1ll\u00f3 id\u0151t. Itt egy kicsit \u00e9rdemes meg\u00e1llnom \u00e9s t\u00f6prengenem: hogyan haszn\u00e1lom fel a rendelkez\u00e9semre \u00e1ll\u00f3 id\u0151t. A pihen\u00e9sre sz\u00e1nt id\u0151, nem elfecs\u00e9relt id\u0151, sz\u00fcks\u00e9gem van r\u00e1. Id\u0151re van sz\u00fcks\u00e9gem, hogy meg\u00e9rtsem Isten sz\u00e1nd\u00e9k\u00e1t \u00e9s akarat\u00e1t \u00e9letemben. Mindez pedig hozz\u00e1 seg\u00edt ahhoz, hogy feler\u0151s\u00edtsem a h\u00e1la \u00e9rz\u00e9s\u00e9t sz\u00edvemben. Az evang\u00e9liumi r\u00e9sz, amely a h\u00edres kafarnaumi, eucharisztikus besz\u00e9dnek r\u00e9sze, arr\u00f3l sz\u00e1mol be, hogy a zsid\u0151k egym\u00e1s k\u00f6z\u00f6tt vitatkoznak. Mit jelent sz\u00e1momra a vitatkoz\u00e1s? Mi\u00e9rt is fontos sz\u00e1momra?\u00a0 Sz\u00e1mtalan, ehhez kapcsol\u00f3d\u00f3 k\u00e9rd\u00e9s tornyosulhat bennem vit\u00e1immal kapcsolatosan. Felt\u00e9tlen\u00fcl sz\u00f3t kell ejtenem az \u00e9rtelmes \u00e9s gyakorta \u00e9rtelmetlen, parttalan vit\u00e1k sokas\u00e1g\u00e1r\u00f3l. Hogyan vagyok jelen egy vit\u00e1ban? Milyen az \u00e9n vitakult\u00far\u00e1m? \u00c9rdemes ezen k\u00e9rd\u00e9sek tiszt\u00e1z\u00e1s\u00e1ra id\u0151t szak\u00edtanom. Kezd\u0151\u00e9nek: Oltalmaz\u00f3 Isten\u00fcnk, tekints le r\u00e1nk \u00e9s n\u00e9zz F\u00f6lkented arc\u00e1ra! Mert jobb a te... R\u00e9szletek\" \/>\n<meta property=\"og:url\" content=\"https:\/\/stuttgarti-katolikusok.de\/index.php\/evkozi-20-vasarnap\/\" \/>\n<meta property=\"og:site_name\" content=\"Stuttgarti Katolikusok\" \/>\n<meta property=\"article:published_time\" content=\"2024-08-17T22:45:19+00:00\" \/>\n<meta property=\"article:modified_time\" content=\"2024-08-19T06:41:45+00:00\" \/>\n<meta property=\"og:image\" content=\"https:\/\/stuttgarti-katolikusok.de\/wp-content\/uploads\/2024\/08\/gyokerek-ng.jpg\" \/>\n\t<meta property=\"og:image:width\" content=\"1600\" \/>\n\t<meta property=\"og:image:height\" content=\"1066\" \/>\n\t<meta property=\"og:image:type\" content=\"image\/jpeg\" \/>\n<meta name=\"author\" content=\"Tibor atya\" \/>\n<meta name=\"twitter:card\" content=\"summary_large_image\" \/>\n<meta name=\"twitter:label1\" content=\"Szerz\u0151:\" \/>\n\t<meta name=\"twitter:data1\" content=\"Tibor atya\" \/>\n\t<meta name=\"twitter:label2\" content=\"Becs\u00fclt olvas\u00e1si id\u0151\" \/>\n\t<meta name=\"twitter:data2\" content=\"7 perc\" \/>\n<script type=\"application\/ld+json\" class=\"yoast-schema-graph\">{\"@context\":\"https:\\\/\\\/schema.org\",\"@graph\":[{\"@type\":\"Article\",\"@id\":\"https:\\\/\\\/stuttgarti-katolikusok.de\\\/index.php\\\/evkozi-20-vasarnap\\\/#article\",\"isPartOf\":{\"@id\":\"https:\\\/\\\/stuttgarti-katolikusok.de\\\/index.php\\\/evkozi-20-vasarnap\\\/\"},\"author\":{\"name\":\"Tibor atya\",\"@id\":\"https:\\\/\\\/stuttgarti-katolikusok.de\\\/#\\\/schema\\\/person\\\/75908d6f8fdc03a57889d27209df7795\"},\"headline\":\"\u00c9vk\u00f6zi 20. vas\u00e1rnap\",\"datePublished\":\"2024-08-17T22:45:19+00:00\",\"dateModified\":\"2024-08-19T06:41:45+00:00\",\"mainEntityOfPage\":{\"@id\":\"https:\\\/\\\/stuttgarti-katolikusok.de\\\/index.php\\\/evkozi-20-vasarnap\\\/\"},\"wordCount\":1580,\"image\":{\"@id\":\"https:\\\/\\\/stuttgarti-katolikusok.de\\\/index.php\\\/evkozi-20-vasarnap\\\/#primaryimage\"},\"thumbnailUrl\":\"https:\\\/\\\/stuttgarti-katolikusok.de\\\/wp-content\\\/uploads\\\/2024\\\/08\\\/gyokerek-ng.jpg\",\"articleSection\":[\"A liturgia olvasm\u00e1nyai\",\"Vas\u00e1rnapi gondolatok\"],\"inLanguage\":\"hu\"},{\"@type\":\"WebPage\",\"@id\":\"https:\\\/\\\/stuttgarti-katolikusok.de\\\/index.php\\\/evkozi-20-vasarnap\\\/\",\"url\":\"https:\\\/\\\/stuttgarti-katolikusok.de\\\/index.php\\\/evkozi-20-vasarnap\\\/\",\"name\":\"\u00c9vk\u00f6zi 20. vas\u00e1rnap - Stuttgarti Katolikusok\",\"isPartOf\":{\"@id\":\"https:\\\/\\\/stuttgarti-katolikusok.de\\\/#website\"},\"primaryImageOfPage\":{\"@id\":\"https:\\\/\\\/stuttgarti-katolikusok.de\\\/index.php\\\/evkozi-20-vasarnap\\\/#primaryimage\"},\"image\":{\"@id\":\"https:\\\/\\\/stuttgarti-katolikusok.de\\\/index.php\\\/evkozi-20-vasarnap\\\/#primaryimage\"},\"thumbnailUrl\":\"https:\\\/\\\/stuttgarti-katolikusok.de\\\/wp-content\\\/uploads\\\/2024\\\/08\\\/gyokerek-ng.jpg\",\"datePublished\":\"2024-08-17T22:45:19+00:00\",\"dateModified\":\"2024-08-19T06:41:45+00:00\",\"author\":{\"@id\":\"https:\\\/\\\/stuttgarti-katolikusok.de\\\/#\\\/schema\\\/person\\\/75908d6f8fdc03a57889d27209df7795\"},\"breadcrumb\":{\"@id\":\"https:\\\/\\\/stuttgarti-katolikusok.de\\\/index.php\\\/evkozi-20-vasarnap\\\/#breadcrumb\"},\"inLanguage\":\"hu\",\"potentialAction\":[{\"@type\":\"ReadAction\",\"target\":[\"https:\\\/\\\/stuttgarti-katolikusok.de\\\/index.php\\\/evkozi-20-vasarnap\\\/\"]}]},{\"@type\":\"ImageObject\",\"inLanguage\":\"hu\",\"@id\":\"https:\\\/\\\/stuttgarti-katolikusok.de\\\/index.php\\\/evkozi-20-vasarnap\\\/#primaryimage\",\"url\":\"https:\\\/\\\/stuttgarti-katolikusok.de\\\/wp-content\\\/uploads\\\/2024\\\/08\\\/gyokerek-ng.jpg\",\"contentUrl\":\"https:\\\/\\\/stuttgarti-katolikusok.de\\\/wp-content\\\/uploads\\\/2024\\\/08\\\/gyokerek-ng.jpg\",\"width\":1600,\"height\":1066},{\"@type\":\"BreadcrumbList\",\"@id\":\"https:\\\/\\\/stuttgarti-katolikusok.de\\\/index.php\\\/evkozi-20-vasarnap\\\/#breadcrumb\",\"itemListElement\":[{\"@type\":\"ListItem\",\"position\":1,\"name\":\"Kezd\u0151lap\",\"item\":\"https:\\\/\\\/stuttgarti-katolikusok.de\\\/\"},{\"@type\":\"ListItem\",\"position\":2,\"name\":\"\u00c9vk\u00f6zi 20. vas\u00e1rnap\"}]},{\"@type\":\"WebSite\",\"@id\":\"https:\\\/\\\/stuttgarti-katolikusok.de\\\/#website\",\"url\":\"https:\\\/\\\/stuttgarti-katolikusok.de\\\/\",\"name\":\"Stuttgarti Katolikusok\",\"description\":\"\",\"potentialAction\":[{\"@type\":\"SearchAction\",\"target\":{\"@type\":\"EntryPoint\",\"urlTemplate\":\"https:\\\/\\\/stuttgarti-katolikusok.de\\\/?s={search_term_string}\"},\"query-input\":{\"@type\":\"PropertyValueSpecification\",\"valueRequired\":true,\"valueName\":\"search_term_string\"}}],\"inLanguage\":\"hu\"},{\"@type\":\"Person\",\"@id\":\"https:\\\/\\\/stuttgarti-katolikusok.de\\\/#\\\/schema\\\/person\\\/75908d6f8fdc03a57889d27209df7795\",\"name\":\"Tibor atya\",\"image\":{\"@type\":\"ImageObject\",\"inLanguage\":\"hu\",\"@id\":\"https:\\\/\\\/secure.gravatar.com\\\/avatar\\\/61d268e57d1f4525b111222e29d2d5a7f8c420fdbf231ba5566a8ceac74fa960?s=96&d=mm&r=g\",\"url\":\"https:\\\/\\\/secure.gravatar.com\\\/avatar\\\/61d268e57d1f4525b111222e29d2d5a7f8c420fdbf231ba5566a8ceac74fa960?s=96&d=mm&r=g\",\"contentUrl\":\"https:\\\/\\\/secure.gravatar.com\\\/avatar\\\/61d268e57d1f4525b111222e29d2d5a7f8c420fdbf231ba5566a8ceac74fa960?s=96&d=mm&r=g\",\"caption\":\"Tibor atya\"},\"url\":\"https:\\\/\\\/stuttgarti-katolikusok.de\\\/index.php\\\/author\\\/tibor-atya\\\/\"}]}<\/script>\n<!-- \/ Yoast SEO plugin. -->","yoast_head_json":{"title":"\u00c9vk\u00f6zi 20. vas\u00e1rnap - Stuttgarti Katolikusok","robots":{"index":"index","follow":"follow","max-snippet":"max-snippet:-1","max-image-preview":"max-image-preview:large","max-video-preview":"max-video-preview:-1"},"canonical":"https:\/\/stuttgarti-katolikusok.de\/index.php\/evkozi-20-vasarnap\/","og_locale":"hu_HU","og_type":"article","og_title":"\u00c9vk\u00f6zi 20. vas\u00e1rnap - Stuttgarti Katolikusok","og_description":"Sz\u00e1momra k\u00fcl\u00f6n\u00f6sen is fontos a mostani nyit\u00f3k\u00e9p, melyet N\u00e9meti Gergely bar\u00e1tom k\u00e9sz\u00edtett. A gy\u00f6kerek megtart\u00f3 erej\u00e9t \u00fczeni. Most Szatm\u00e1rn\u00e9metiben tart\u00f3zkodom, s a d\u00e9lel\u0151tt folyam\u00e1n a Szentl\u00e9lek templomban egy\u00fctt \u00fcnneplem ifi szentmise keret\u00e9ben az Euchariszti\u00e1t abban a k\u00f6z\u00f6ss\u00e9gben, ahol mintegy 15 \u00e9vet t\u00f6lthettem el. V\u00e9gtelen h\u00e1l\u00e1t \u00e9s k\u00f6sz\u00f6netet hordozok sz\u00edvemben.\u00a0 A kafarnaumi besz\u00e9det olvastatja fel az Egyh\u00e1z r\u00e9szletekben t\u00f6bb vas\u00e1rnapon kereszt\u00fcl. Az \u00e9vk\u00f6zi huszadik vas\u00e1rnap evang\u00e9liumi sz\u00f6vegr\u00e9sz\u00e9vel \u00e9ri el tet\u0151pontj\u00e1t, ugyanis ez a r\u00e9sz mintegy \u00f6sszefoglalja \u00e9s megkoron\u00e1zza az eddig elhangzottakat, m\u00e9g jobban nyomat\u00e9kos\u00edtva azt, hogy J\u00e9zus a mennyb\u0151l al\u00e1sz\u00e1llott \u00e9l\u0151 keny\u00e9r (v\u00f6. Jn 6. fejezete), amit a zsid\u00f3k sem felismerni, sem elismerni nem akarnak. Ink\u00e1bb vit\u00e1znak, hit-vit\u00e1znak \u2013 egym\u00e1s k\u00f6z\u00f6tt!\u00a0 Az olvasm\u00e1ny megszem\u00e9lyes\u00edti a b\u00f6lcsess\u00e9get, mely h\u00e1zat \u00e9p\u00edt. Ami igaz\u00e1n biztat\u00f3, hogy mindez nem \u00f6nc\u00e9l\u00fa. Az\u00e9rt \u00e9p\u00edt a b\u00f6lcsess\u00e9g h\u00e1zat \u00e9s emel benne h\u00e9t oszlopot (a L\u00e9lek aj\u00e1nd\u00e9kai, kegyelmi kincsei), hogy bel\u00e9pj\u00fcnk \u00e9s r\u00e9sz\u00fcnk legyen ezen kincsekb\u0151l. Kik r\u00e9szesedhetnek ezen aj\u00e1nd\u00e9kokb\u00f3l? Az oktalanok, a tudatlanok. mennyire biztat\u00f3 \u00fczenet ez sz\u00e1momra! A szentlecke a b\u00f6lcsess\u00e9g fontoss\u00e1g\u00e1ra ir\u00e1ny\u00edtja r\u00e1 figyelm\u00fcnket. Ennek birtok\u00e1ban pedig j\u00f3l tudjuk felhaszn\u00e1lni a rendelkez\u00e9s\u00fcnkre \u00e1ll\u00f3 id\u0151t. Itt egy kicsit \u00e9rdemes meg\u00e1llnom \u00e9s t\u00f6prengenem: hogyan haszn\u00e1lom fel a rendelkez\u00e9semre \u00e1ll\u00f3 id\u0151t. A pihen\u00e9sre sz\u00e1nt id\u0151, nem elfecs\u00e9relt id\u0151, sz\u00fcks\u00e9gem van r\u00e1. Id\u0151re van sz\u00fcks\u00e9gem, hogy meg\u00e9rtsem Isten sz\u00e1nd\u00e9k\u00e1t \u00e9s akarat\u00e1t \u00e9letemben. Mindez pedig hozz\u00e1 seg\u00edt ahhoz, hogy feler\u0151s\u00edtsem a h\u00e1la \u00e9rz\u00e9s\u00e9t sz\u00edvemben. Az evang\u00e9liumi r\u00e9sz, amely a h\u00edres kafarnaumi, eucharisztikus besz\u00e9dnek r\u00e9sze, arr\u00f3l sz\u00e1mol be, hogy a zsid\u0151k egym\u00e1s k\u00f6z\u00f6tt vitatkoznak. Mit jelent sz\u00e1momra a vitatkoz\u00e1s? Mi\u00e9rt is fontos sz\u00e1momra?\u00a0 Sz\u00e1mtalan, ehhez kapcsol\u00f3d\u00f3 k\u00e9rd\u00e9s tornyosulhat bennem vit\u00e1immal kapcsolatosan. Felt\u00e9tlen\u00fcl sz\u00f3t kell ejtenem az \u00e9rtelmes \u00e9s gyakorta \u00e9rtelmetlen, parttalan vit\u00e1k sokas\u00e1g\u00e1r\u00f3l. Hogyan vagyok jelen egy vit\u00e1ban? Milyen az \u00e9n vitakult\u00far\u00e1m? \u00c9rdemes ezen k\u00e9rd\u00e9sek tiszt\u00e1z\u00e1s\u00e1ra id\u0151t szak\u00edtanom. Kezd\u0151\u00e9nek: Oltalmaz\u00f3 Isten\u00fcnk, tekints le r\u00e1nk \u00e9s n\u00e9zz F\u00f6lkented arc\u00e1ra! Mert jobb a te... R\u00e9szletek","og_url":"https:\/\/stuttgarti-katolikusok.de\/index.php\/evkozi-20-vasarnap\/","og_site_name":"Stuttgarti Katolikusok","article_published_time":"2024-08-17T22:45:19+00:00","article_modified_time":"2024-08-19T06:41:45+00:00","og_image":[{"width":1600,"height":1066,"url":"https:\/\/stuttgarti-katolikusok.de\/wp-content\/uploads\/2024\/08\/gyokerek-ng.jpg","type":"image\/jpeg"}],"author":"Tibor atya","twitter_card":"summary_large_image","twitter_misc":{"Szerz\u0151:":"Tibor atya","Becs\u00fclt olvas\u00e1si id\u0151":"7 perc"},"schema":{"@context":"https:\/\/schema.org","@graph":[{"@type":"Article","@id":"https:\/\/stuttgarti-katolikusok.de\/index.php\/evkozi-20-vasarnap\/#article","isPartOf":{"@id":"https:\/\/stuttgarti-katolikusok.de\/index.php\/evkozi-20-vasarnap\/"},"author":{"name":"Tibor atya","@id":"https:\/\/stuttgarti-katolikusok.de\/#\/schema\/person\/75908d6f8fdc03a57889d27209df7795"},"headline":"\u00c9vk\u00f6zi 20. vas\u00e1rnap","datePublished":"2024-08-17T22:45:19+00:00","dateModified":"2024-08-19T06:41:45+00:00","mainEntityOfPage":{"@id":"https:\/\/stuttgarti-katolikusok.de\/index.php\/evkozi-20-vasarnap\/"},"wordCount":1580,"image":{"@id":"https:\/\/stuttgarti-katolikusok.de\/index.php\/evkozi-20-vasarnap\/#primaryimage"},"thumbnailUrl":"https:\/\/stuttgarti-katolikusok.de\/wp-content\/uploads\/2024\/08\/gyokerek-ng.jpg","articleSection":["A liturgia olvasm\u00e1nyai","Vas\u00e1rnapi gondolatok"],"inLanguage":"hu"},{"@type":"WebPage","@id":"https:\/\/stuttgarti-katolikusok.de\/index.php\/evkozi-20-vasarnap\/","url":"https:\/\/stuttgarti-katolikusok.de\/index.php\/evkozi-20-vasarnap\/","name":"\u00c9vk\u00f6zi 20. vas\u00e1rnap - Stuttgarti Katolikusok","isPartOf":{"@id":"https:\/\/stuttgarti-katolikusok.de\/#website"},"primaryImageOfPage":{"@id":"https:\/\/stuttgarti-katolikusok.de\/index.php\/evkozi-20-vasarnap\/#primaryimage"},"image":{"@id":"https:\/\/stuttgarti-katolikusok.de\/index.php\/evkozi-20-vasarnap\/#primaryimage"},"thumbnailUrl":"https:\/\/stuttgarti-katolikusok.de\/wp-content\/uploads\/2024\/08\/gyokerek-ng.jpg","datePublished":"2024-08-17T22:45:19+00:00","dateModified":"2024-08-19T06:41:45+00:00","author":{"@id":"https:\/\/stuttgarti-katolikusok.de\/#\/schema\/person\/75908d6f8fdc03a57889d27209df7795"},"breadcrumb":{"@id":"https:\/\/stuttgarti-katolikusok.de\/index.php\/evkozi-20-vasarnap\/#breadcrumb"},"inLanguage":"hu","potentialAction":[{"@type":"ReadAction","target":["https:\/\/stuttgarti-katolikusok.de\/index.php\/evkozi-20-vasarnap\/"]}]},{"@type":"ImageObject","inLanguage":"hu","@id":"https:\/\/stuttgarti-katolikusok.de\/index.php\/evkozi-20-vasarnap\/#primaryimage","url":"https:\/\/stuttgarti-katolikusok.de\/wp-content\/uploads\/2024\/08\/gyokerek-ng.jpg","contentUrl":"https:\/\/stuttgarti-katolikusok.de\/wp-content\/uploads\/2024\/08\/gyokerek-ng.jpg","width":1600,"height":1066},{"@type":"BreadcrumbList","@id":"https:\/\/stuttgarti-katolikusok.de\/index.php\/evkozi-20-vasarnap\/#breadcrumb","itemListElement":[{"@type":"ListItem","position":1,"name":"Kezd\u0151lap","item":"https:\/\/stuttgarti-katolikusok.de\/"},{"@type":"ListItem","position":2,"name":"\u00c9vk\u00f6zi 20. vas\u00e1rnap"}]},{"@type":"WebSite","@id":"https:\/\/stuttgarti-katolikusok.de\/#website","url":"https:\/\/stuttgarti-katolikusok.de\/","name":"Stuttgarti Katolikusok","description":"","potentialAction":[{"@type":"SearchAction","target":{"@type":"EntryPoint","urlTemplate":"https:\/\/stuttgarti-katolikusok.de\/?s={search_term_string}"},"query-input":{"@type":"PropertyValueSpecification","valueRequired":true,"valueName":"search_term_string"}}],"inLanguage":"hu"},{"@type":"Person","@id":"https:\/\/stuttgarti-katolikusok.de\/#\/schema\/person\/75908d6f8fdc03a57889d27209df7795","name":"Tibor atya","image":{"@type":"ImageObject","inLanguage":"hu","@id":"https:\/\/secure.gravatar.com\/avatar\/61d268e57d1f4525b111222e29d2d5a7f8c420fdbf231ba5566a8ceac74fa960?s=96&d=mm&r=g","url":"https:\/\/secure.gravatar.com\/avatar\/61d268e57d1f4525b111222e29d2d5a7f8c420fdbf231ba5566a8ceac74fa960?s=96&d=mm&r=g","contentUrl":"https:\/\/secure.gravatar.com\/avatar\/61d268e57d1f4525b111222e29d2d5a7f8c420fdbf231ba5566a8ceac74fa960?s=96&d=mm&r=g","caption":"Tibor atya"},"url":"https:\/\/stuttgarti-katolikusok.de\/index.php\/author\/tibor-atya\/"}]}},"_links":{"self":[{"href":"https:\/\/stuttgarti-katolikusok.de\/index.php\/wp-json\/wp\/v2\/posts\/29265","targetHints":{"allow":["GET"]}}],"collection":[{"href":"https:\/\/stuttgarti-katolikusok.de\/index.php\/wp-json\/wp\/v2\/posts"}],"about":[{"href":"https:\/\/stuttgarti-katolikusok.de\/index.php\/wp-json\/wp\/v2\/types\/post"}],"author":[{"embeddable":true,"href":"https:\/\/stuttgarti-katolikusok.de\/index.php\/wp-json\/wp\/v2\/users\/3"}],"replies":[{"embeddable":true,"href":"https:\/\/stuttgarti-katolikusok.de\/index.php\/wp-json\/wp\/v2\/comments?post=29265"}],"version-history":[{"count":4,"href":"https:\/\/stuttgarti-katolikusok.de\/index.php\/wp-json\/wp\/v2\/posts\/29265\/revisions"}],"predecessor-version":[{"id":29271,"href":"https:\/\/stuttgarti-katolikusok.de\/index.php\/wp-json\/wp\/v2\/posts\/29265\/revisions\/29271"}],"wp:featuredmedia":[{"embeddable":true,"href":"https:\/\/stuttgarti-katolikusok.de\/index.php\/wp-json\/wp\/v2\/media\/29267"}],"wp:attachment":[{"href":"https:\/\/stuttgarti-katolikusok.de\/index.php\/wp-json\/wp\/v2\/media?parent=29265"}],"wp:term":[{"taxonomy":"category","embeddable":true,"href":"https:\/\/stuttgarti-katolikusok.de\/index.php\/wp-json\/wp\/v2\/categories?post=29265"},{"taxonomy":"post_tag","embeddable":true,"href":"https:\/\/stuttgarti-katolikusok.de\/index.php\/wp-json\/wp\/v2\/tags?post=29265"}],"curies":[{"name":"wp","href":"https:\/\/api.w.org\/{rel}","templated":true}]}}