{"id":29255,"date":"2024-08-10T14:14:24","date_gmt":"2024-08-10T12:14:24","guid":{"rendered":"https:\/\/stuttgarti-katolikusok.de\/?p=29255"},"modified":"2024-08-10T14:15:44","modified_gmt":"2024-08-10T12:15:44","slug":"evkozi-19-vasarnap","status":"publish","type":"post","link":"https:\/\/stuttgarti-katolikusok.de\/index.php\/evkozi-19-vasarnap\/","title":{"rendered":"\u00c9vk\u00f6zi 19. vas\u00e1rnap"},"content":{"rendered":"<p><span style=\"color: #ff6600;\"><em>Az \u00e9vk\u00f6zi 19. vas\u00e1rnap k\u00f6ny\u00f6rg\u00e9se mennyei Aty\u00e1nk ir\u00e1nti bizalom fontoss\u00e1g\u00e1ra h\u00edvja fel figyelm\u00fcnket. Ebben seg\u00edt benn\u00fcnket a Szentl\u00e9lek, lehet\u0151s\u00e9get k\u00edn\u00e1lva, hogy r\u00e1l\u00e9pj\u00fcnk a fogadott fi\u00fas\u00e1g \u00fatj\u00e1ra. Tudatos\u00edtani szeretn\u00e9m ism\u00e9telten, hogy Isten gyermeke vagyok. \u00c9ppen ez\u00e9rt, gyermekk\u00e9nt, b\u00e1tran \u00e9s bizalommal megsz\u00f3l\u00edthatom \u0150t. Az ir\u00e1nta val\u00f3 bizalom jogos\u00edt fel \u00e9s er\u0151s\u00edt meg \u00e9rz\u00e9semben, \u0150 nem hagy cserben, gondomat viseli, megv\u00e9d engem. Ennek f\u00e9ny\u00e9ben \u00e9rtem meg a szentmise kezd\u0151\u00e9nek\u00e9t: \u0150 az, aki megv\u00e9d engem.<\/em><\/span><\/p>\n<p><span style=\"color: #ff6600;\"><em>Az olvasm\u00e1ny Isten ember\u00e9nek, Ill\u00e9s pr\u00f3f\u00e9t\u00e1nak v\u00edv\u00f3d\u00e1s\u00e1t \u00e9s bels\u0151 harc\u00e1t t\u00e1rja el\u00e9nk. A t\u00f6rt\u00e9net sz\u00e1momra t\u00f6bbsz\u00f6r\u00f6sen is tanuls\u00e1gos, t\u00f6bb elem\u00e9ben is magamra ismerhetek. Egyr\u00e9szt ott van a f\u00e1radts\u00e1g, a mindennapi k\u00fczdelmek velej\u00e1r\u00f3ja. Odaad\u00f3an teljes\u00edti k\u00fcldet\u00e9s\u00e9t, m\u00e9gis megvet\u00e9s a jutalma, \u00e9let\u00e9re t\u00f6rnek. Vagyis szeretn\u00e9k \u0151t elt\u00e1vol\u00edtani. M\u00e1r elege van mindenb\u0151l.\u00a0 \u00a0 \u00a0 \u00a0 \u00a0 \u00a0 \u00a0 \u00a0 \u00a0 \u00a0 \u00a0 \u00a0 \u00a0 \u00a0 \u00a0 \u00a0 \u00a0 \u00a0 \u00a0 \u00a0 \u00a0 \u00a0 \u00a0 \u00a0 \u00a0 \u00a0 \u00a0 \u00a0 \u00a0 \u00a0 \u00a0 \u00a0 \u00a0 \u00a0<\/em><\/span><\/p>\n<p><span style=\"color: #ff6600;\"><em>Magamra ismerek? Igen. Sz\u00e1momra is ugyan\u00fagy, mint m\u00e1sok sz\u00e1m\u00e1ra, akik egy\u00fctt voltunk j\u00fanius 29-\u00e9n az Egyh\u00e1ztan\u00e1csosok \u00e9s Leg\u00e1tusok tal\u00e1lkoz\u00f3j\u00e1n, szomor\u00fa \u00e9s f\u00e1j\u00f3 volt hallani esperes \u00far besz\u00e1mol\u00f3j\u00e1t. Sz\u00f3lt t\u00f6bbek k\u00f6zt arr\u00f3l, hogy egyesek elt\u00e1vol\u00edt\u00e1somat k\u00e9rt\u00e9k. Nehezen tudom visszaadni, az elm\u00falt 6 h\u00e9t f\u00e1jdalm\u00e1t \u00e9s csal\u00f3dotts\u00e1gi \u00e9rz\u00e9s\u00e9t. Ill\u00e9s pr\u00f3f\u00e9t\u00e1hoz hasonl\u00f3an \u00e9n is \u00fagy \u00e9reztem, elegem van mindenb\u0151l. K\u00fcl\u00f6n\u00f6sen az elm\u00falt 4 esztend\u0151 f\u00e9ny\u00e9ben. Imm\u00e1r 40 nap t\u00e1vlat\u00e1b\u00f3l m\u00e1r m\u00e1sk\u00e9nt l\u00e1tom a t\u00f6rt\u00e9nteket. Folytatom, mert folytatnom kell. Ebben adott meger\u0151s\u00edt\u00e9st Ill\u00e9s pr\u00f3f\u00e9ta t\u00f6rt\u00e9nete. Sohasem v\u00e1laszthatom a k\u00f6nnyebb ellen\u00e1ll\u00e1s \u00fatj\u00e1t. Tov\u00e1bb\u00e1, ne t\u00e9vesszem szemem el\u0151l a c\u00e9lt, ahov\u00e1 el akarok jutni. Term\u00e9szetesen annak erej\u00e9ben, aki szolg\u00e1lat\u00e1ra megh\u00edvott.\u00a0<\/em><\/span><\/p>\n<p><span style=\"color: #ff6600;\"><em>A szem\u00e9lyes \u00e9rintetts\u00e9gen t\u00fal van egy m\u00e1sik fontos eleme e t\u00f6rt\u00e9netnek. Ez az \u00e9rz\u00e9s, a csal\u00f3dotts\u00e1g \u00e9s f\u00e1sults\u00e1g \u00e9rz\u00e9se, sokszor hatalm\u00e1ba ker\u00edthet. A legnagyobb hiba, amit elk\u00f6vethetek, ha feladom a k\u00fczdelmet, \u00e1lmaimat, c\u00e9ljaimat, s megkeseredve az eg\u00e9sz vil\u00e1got hib\u00e1ztatom. V\u00e9g\u00fcl pedig az \u00e1ldozati p\u00f3zban keresem a helyzet felold\u00e1s\u00e1t.<\/em><\/span><\/p>\n<p><span style=\"color: #ff6600;\"><em>A v\u00e1laszos zsolt\u00e1r pedig azt \u00fczeni, ki az, aki meger\u0151s\u00edt \u00e9s t\u00e1pl\u00e1l, ha elgyeng\u00fcl\u00f6k.<\/em><\/span><\/p>\n<p><span style=\"color: #ff6600;\"><em>A szentlecke a kereszt\u00e9ny ember er\u00e9nyeir\u0151l sz\u00f3l: j\u00f3indulat, k\u00f6ny\u00f6r\u00fcletess\u00e9g, megbocs\u00e1jt\u00e1s, szeretet. Teszem hozz\u00e1, a megbocs\u00e1jt\u00e1s felt\u00e9tele az \u0151szinte b\u00e1nat, j\u00f3v\u00e1t\u00e9tel, az okozott k\u00e1r helyrehoz\u00e1sa. A magam \u00e9let\u00e9re vonatkoz\u00f3 megfelel\u0151 k\u00f6vetkeztet\u00e9sek levon\u00e1sa. Csakis \u00edgy lelhetek \u0151szinte \u00e9s bens\u0151 b\u00e9k\u00e9re.<\/em><\/span><\/p>\n<p><span style=\"color: #ff6600;\"><em>J\u00e1nos apostol evang\u00e9lium\u00e1nak 6-ik fejezet\u00e9b\u0151l hallhatunk egy tov\u00e1bbi r\u00e9szletet, imm\u00e1r harmadik vas\u00e1rnapja. &#8222;\u00c9n vagyok az \u00e9let kenyere&#8230; Aki e keny\u00e9rb\u0151l eszik, \u00f6r\u00f6kk\u00e9 \u00e9l. A keny\u00e9r pedig, amelyet \u00e9n adok, az \u00e9n testem a vil\u00e1g \u00e9let\u00e9\u00e9rt.&#8221; &#8211; hangzik J\u00e9zus tan\u00edt\u00e1sa.\u00a0 Itt \u00e9s most azt \u00fczeni sz\u00e1momra J\u00e9zus Krisztus e n\u00e9h\u00e1ny mondata, hogy abban a kult\u00far\u00e1ban, amelyben elt\u00f6rlik a hat\u00e1rokat, ahol az egy\u00e9n, szabads\u00e1g\u00e1ra hivatkozva, akar \u00faj t\u00f6rv\u00e9nyeket fel\u00e1ll\u00edtani, v\u00e9gs\u0151 soron nem lehets\u00e9ges. Az \u00e1lland\u00f3s\u00e1got \u00e9ppen az \u0150 tan\u00edt\u00e1sa, \u00e9s benne val\u00f3 hit jelenti. Mennyire boldog lehetek, hogy \u00f6nmag\u00e1t k\u00edn\u00e1lja az Euchariszti\u00e1ban. Ez az igazi szabads\u00e1g!<\/em><\/span><\/p>\n<p><span style=\"color: #ff6600;\"><em>Tibor atya<\/em><\/span><\/p>\n<p><span style=\"color: #008000;\">Kezd\u0151\u00e9nek:<\/span><br \/>\nTekints, Uram, sz\u00f6vets\u00e9gedre, \u00e9s szeg\u00e9nyeidr\u0151l ne feledkezz\u00e9l el v\u00e9gleg. Kelj fel, \u00f3 Isten, v\u00e9dd meg \u00fcgyedet, \u00e9s ne feledkezz meg a hozz\u00e1d k\u00f6ny\u00f6rg\u0151k szav\u00e1r\u00f3l. (V\u00f6. Zsolt 73,20.19.22.23)<\/p>\n<p><span style=\"color: #008000;\">K\u00f6ny\u00f6rg\u00e9s:<\/span><br \/>\nMindenhat\u00f3 \u00f6r\u00f6k Isten, a Szentl\u00e9lekt\u0151l vezetve bizalommal Aty\u00e1nknak sz\u00f3l\u00edtunk t\u00e9ged. T\u00f6k\u00e9letes\u00edtsd sz\u00edv\u00fcnkben a fogadott fi\u00fas\u00e1g lelk\u00fclet\u00e9t, hogy a meg\u00edg\u00e9rt \u00f6r\u00f6ks\u00e9get elnyerj\u00fck. A mi Urunk, J\u00e9zus Krisztus, a te Fiad \u00e1ltal, aki veled \u00e9l \u00e9s uralkodik a Szentl\u00e9lekkel egys\u00e9gben, Isten mind\u00f6r\u00f6kk\u00f6n \u00f6r\u00f6kk\u00e9.<\/p>\n<p><span style=\"color: #008000;\">OLVASM\u00c1NY a Kir\u00e1lyok els\u0151 k\u00f6nyv\u00e9b\u0151l (1Kir 19,4-8)<\/span><br \/>\nAz \u00e1ldozat bemutat\u00e1sa ut\u00e1n Ill\u00e9s pr\u00f3f\u00e9t\u00e1nak a K\u00e1rmel hegy\u00e9r\u0151l menek\u00fclnie kellett Izebel kir\u00e1lyn\u00e9 haragja el\u0151l.<br \/>\nIll\u00e9s visszavonult a puszt\u00e1ba egynapi j\u00e1r\u00f3f\u00f6ldre. Oda\u00e9rkezett egy bor\u00f3kabokorhoz, le\u00fclt al\u00e1, \u00e9s a hal\u00e1l\u00e1t k\u00edv\u00e1nta. Azt mondta: \u201eMost m\u00e1r el\u00e9g, Uram! Vedd magadhoz lelkemet! \u00c9n sem vagyok k\u00fcl\u00f6nb aty\u00e1imn\u00e1l.\u201d Ezzel lefek\u00fcdt \u00e9s elaludt.<br \/>\nEgyszer csak egy angyal meg\u00e9rintette, \u00e9s \u00edgy sz\u00f3lt hozz\u00e1: \u201eKelj f\u00f6l \u00e9s egy\u00e9l!\u201d Ahogy f\u00f6ltekintett, \u00edme, a fej\u00e9n\u00e9l egy s\u00fclt cip\u00f3 meg egy kors\u00f3 v\u00edz volt. Evett \u00e9s ivott, azt\u00e1n \u00fajra lefek\u00fcdt aludni.<br \/>\n\u00c1m az \u00dar angyala m\u00e1sodszor is megjelent, meg\u00e9rintette \u0151t \u00e9s ezt mondta: \u201eKelj f\u00f6l \u00e9s egy\u00e9l! Mert k\u00fcl\u00f6nben t\u00fal hossz\u00fa lesz sz\u00e1modra az \u00fat.\u201d Ill\u00e9s f\u00f6lkelt, evett, ivott, azt\u00e1n ennek az \u00e9telnek erej\u00e9b\u0151l negyven nap \u00e9s negyven \u00e9jjel v\u00e1ndorolt, eg\u00e9szen Isten hegy\u00e9ig, a H\u00f3rebig.<br \/>\nEz az Isten ig\u00e9je.<\/p>\n<p><span style=\"color: #008000;\">V\u00c1LASZOS ZSOLT\u00c1R (Zsolt 33,2-3.4-5.6-7.8-9)<\/span><br \/>\nV\u00e1lasz:\u00a0<strong>\u00cd<\/strong><strong>zlelj<\/strong><strong>\u00e9<u>tek<\/u><\/strong><strong>\u00a0\u00e9s l<\/strong><strong>\u00e1ss<\/strong><strong>\u00e1tok, * milyen <\/strong><strong>\u00e9des az<\/strong><strong>\u00a0<u>\u00da<\/u><u>r<\/u>!<\/strong>\u00a0(4g. t\u00f3nus.)<br \/>\nEl\u0151\u00e9nekes: Minden id\u0151ben \u00e1l<u>dom<\/u>\u00a0az Urat, * dics\u00e9ret\u00e9t sz\u00fcntelen\u00fcl zengi aj<u>kam<\/u>.<br \/>\nLelkem az\u00a0<u>\u00da<\/u><u>r<\/u>ban dicsekszik, * hallj\u00e1k meg a szel\u00eddek \u00e9s \u00f6rvendezze<u>nek<\/u>.<br \/>\nH\u00edvek:\u00a0<strong>\u00cd<\/strong><strong>zlelj<\/strong><strong>\u00e9<u>tek<\/u><\/strong><strong>\u00a0\u00e9s l<\/strong><strong>\u00e1ss<\/strong><strong>\u00e1tok, * milyen <\/strong><strong>\u00e9des az<\/strong><strong>\u00a0<u>\u00da<\/u><u>r<\/u>!<\/strong><br \/>\nE: Magasztalj\u00e1tok az\u00a0<u>U<\/u>rat \u00e9nvelem, * dics\u0151\u00edts\u00fck az \u0151 nev\u00e9t mindny\u00e1<u>jan<\/u>.<br \/>\nKerestem az Urat, \u00e9s \u0151 meghall<u>ga<\/u>tott engem, * \u00e9s kiragadott minden retteg\u00e9s<u>b<\/u><u>\u0151l<\/u>.<br \/>\nH:\u00a0<strong>\u00cd<\/strong><strong>zlelj<\/strong><strong>\u00e9<u>tek<\/u><\/strong><strong>\u00a0\u00e9s l<\/strong><strong>\u00e1ss<\/strong><strong>\u00e1tok, * milyen <\/strong><strong>\u00e9des az<\/strong><strong>\u00a0<u>\u00da<\/u><u>r<\/u>!<\/strong><br \/>\nE: Megvil\u00e1gosultok, ha az\u00a0<u>\u00da<\/u><u>r<\/u>ra n\u00e9ztek, * \u00e9s arcotokat nem \u00e9ri sz\u00e9<u>gyen<\/u>.<br \/>\nAz \u00dar meghallgatta a szeg\u00e9nyt, aki\u00a0<u>hoz<\/u>z\u00e1 ki\u00e1ltott, * \u00e9s minden szorongat\u00e1s\u00e1b\u00f3l kiszabad\u00edtot<u>ta<\/u>.<br \/>\nH:\u00a0<strong>\u00cd<\/strong><strong>zlelj<\/strong><strong>\u00e9<u>tek<\/u><\/strong><strong>\u00a0\u00e9s l<\/strong><strong>\u00e1ss<\/strong><strong>\u00e1tok, * milyen <\/strong><strong>\u00e9des az<\/strong><strong>\u00a0<u>\u00da<\/u><u>r<\/u>!<\/strong><br \/>\nE: Az \u00dar angyala minden istenf\u00e9l\u0151t\u00a0<u>k<\/u><u>\u00f6<\/u>r\u00fcls\u00e1ncol, * \u00e9s megszabad\u00edtja\u00a0<u>\u0151<\/u><u>t<\/u>.<br \/>\n\u00cdzlelj\u00e9tek \u00e9s l\u00e1ss\u00e1tok, milyen\u00a0<u>\u00e9<\/u>des az \u00dar, * boldog az az ember, aki \u0151benne b\u00ed<u>zik<\/u>.<br \/>\nH:\u00a0<strong>\u00cd<\/strong><strong>zlelj<\/strong><strong>\u00e9<u>tek<\/u><\/strong><strong>\u00a0\u00e9s l<\/strong><strong>\u00e1ss<\/strong><strong>\u00e1tok, * milyen <\/strong><strong>\u00e9des az<\/strong><strong>\u00a0<u>\u00da<\/u><u>r<\/u>!<\/strong><\/p>\n<p><span style=\"color: #008000;\">SZENTLECKE Szent P\u00e1l apostolnak az efezusiakhoz \u00edrt level\u00e9b\u0151l (Ef 4,30\u20135,2)<\/span><br \/>\nTestv\u00e9reim!<br \/>\nNe szomor\u00edts\u00e1tok meg Isten Szentlelk\u00e9t, akivel meg vagytok jel\u00f6lve a megv\u00e1lt\u00e1s napj\u00e1ra. Legyen t\u00e1vol t\u0151letek minden keser\u0171s\u00e9g, indulat, haragtart\u00e1s, sz\u00f3v\u00e1lt\u00e1s, k\u00e1romkod\u00e1s \u00e9s minden egy\u00e9b rossz. Ink\u00e1b)b legyetek egym\u00e1s ir\u00e1nt j\u00f3indulat\u00faak, k\u00f6ny\u00f6r\u00fcletesek, \u00e9s bocs\u00e1ssatok meg egym\u00e1snak, amint Isten is megbocs\u00e1tott nektek Krisztusban. Mint Isten kedves gyermekei, legyetek az \u0151 k\u00f6vet\u0151i, \u00e9s \u00e9ljetek szeretetben, ahogy Krisztus is szeretett minket, \u00e9s odaadta mag\u00e1t \u00e9rt\u00fcnk Istennek j\u00f3 illat\u00fa \u00e1ldozati adom\u00e1nyk\u00e9nt.<br \/>\nEz az Isten ig\u00e9je.<\/p>\n<p><span style=\"color: #008000;\">ALLELUJA<\/span><br \/>\nJ\u00e9zus mondja: \u2020 \u201e\u00c9n vagyok az \u00e9gb\u0151l sz\u00e1llott \u00e9l\u0151 keny\u00e9r, * aki eszik ebb\u0151l a keny\u00e9rb\u0151l, \u00f6r\u00f6kk\u00e9 \u00e9lni fog.\u201d (Jn 6,51 \u2013 5. t\u00f3nus.)<\/p>\n<p><span style=\"color: #008000;\">\u2020 EVANG\u00c9LIUM Szent J\u00e1nos k\u00f6nyv\u00e9b\u0151l (Jn 6,41-51)<\/span><br \/>\nAbban az id\u0151ben a zsid\u00f3k z\u00fagol\u00f3dni kezdtek J\u00e9zus ellen, ami\u00e9rt azt mondta: \u201e\u00c9n vagyok az \u00e9gb\u0151l al\u00e1sz\u00e1llott keny\u00e9r.\u201d \u00cdgy \u00e9rveltek: \u201eNem, J\u00e9zus ez, J\u00f3zsefnek a fia, akinek ismerj\u00fck apj\u00e1t, anyj\u00e1t? Hogyan mondhatja h\u00e1t: az \u00e9gb\u0151l sz\u00e1lltam al\u00e1?\u201d<br \/>\nJ\u00e9zus azonban \u00edgy sz\u00f3lt: \u201eNe z\u00fagol\u00f3djatok egym\u00e1s k\u00f6z\u00f6tt. Senki sem j\u00f6het hozz\u00e1m, hacsak az Atya, aki engem k\u00fcld\u00f6tt, nem vonzza, \u2013 \u00e9s \u00e9n felt\u00e1masztom az utols\u00f3 napon. Meg van \u00edrva a pr\u00f3f\u00e9t\u00e1kn\u00e1l: Mindny\u00e1jan Isten tan\u00edtv\u00e1nyai lesznek. Mindenki, aki hallgat az Aty\u00e1ra, \u00e9s tanul t\u0151le, hozz\u00e1m j\u00f6n. Nem mintha valaki is l\u00e1tta volna az Aty\u00e1t, csak aki az Istent\u0151l van, az l\u00e1tta az Aty\u00e1t. Bizony, bizony, mondom nektek: Aki hisz bennem, annak \u00f6r\u00f6k \u00e9lete van.<br \/>\n\u00c9n vagyok az \u00e9let kenyere. Aty\u00e1itok mann\u00e1t ettek a puszt\u00e1ban, m\u00e9gis meghaltak. Ez az a keny\u00e9r, amely az \u00e9gb\u0151l sz\u00e1llott al\u00e1, hogy aki ebb\u0151l eszik, meg ne haljon. \u00c9n vagyok az \u00e9gb\u0151l al\u00e1sz\u00e1llott \u00e9l\u0151 keny\u00e9r. Aki a keny\u00e9rb\u0151l eszik, \u00f6r\u00f6kk\u00e9 \u00e9l. A keny\u00e9r pedig, amelyet \u00e9n adok, az \u00e9n testem a vil\u00e1g \u00e9let\u00e9\u00e9rt.\u201d<br \/>\nEzek az evang\u00e9lium ig\u00e9i.<\/p>\n<p><span style=\"color: #008000;\">EGYETEMES K\u00d6NY\u00d6RG\u00c9SEK<\/span><br \/>\nPap: Im\u00e1dkozzunk, testv\u00e9reim, irgalmas Isten\u00fcnkh\u00f6z a krisztusi hit \u00fcdv\u00f6z\u00edt\u0151 kegyelm\u00e9\u00e9rt!<br \/>\nLektor:<br \/>\n1. Add kegyelmedet, Urunk, hogy kinyilatkoztatott ig\u00e9dnek k\u00e9szs\u00e9ges hallgat\u00f3i legy\u00fcnk!<br \/>\nH\u00edvek: K\u00e9r\u00fcnk t\u00e9ged, hallgass meg minket!<br \/>\n2. A tan\u00edt\u00f3 Egyh\u00e1zat seg\u00edtsd, Urunk, hogy a hit erej\u00e9vel meggy\u0151zze a vil\u00e1got!<br \/>\nH\u00edvek: K\u00e9r\u00fcnk t\u00e9ged . . .<br \/>\n3. A nemzetek egym\u00e1st\u00f3l elt\u00e9r\u0151 hagyom\u00e1nyai ne g\u00f6rd\u00edtsenek akad\u00e1lyt a hit terjed\u00e9s\u00e9nek \u00fatj\u00e1ba!<br \/>\nH\u00edvek: K\u00e9r\u00fcnk t\u00e9ged . . .<br \/>\n4. Embert\u00e1rsaik \u00fcdv\u00f6ss\u00e9g\u00e9nek rem\u00e9nye er\u0151s\u00edtse az igehirdet\u0151ket neh\u00e9z munk\u00e1jukban!<br \/>\nH\u00edvek: K\u00e9r\u00fcnk t\u00e9ged . . .<br \/>\n5. Itt k\u00f6ny\u00f6rg\u0151 h\u00edveid nyerj\u00e9k el t\u0151led a v\u00e9gs\u0151 \u00e1llhatatoss\u00e1g kegyelm\u00e9t!<br \/>\nH\u00edvek: K\u00e9r\u00fcnk t\u00e9ged . . .<br \/>\nPap: Isten\u00fcnk! Add kegyelmedet, hogy engedelmes gyermekeidnek bizonyuljunk, \u00e9s h\u0171s\u00e9ges tan\u00edtv\u00e1nyai legy\u00fcnk szent Fiadnak! Aki \u00e9l \u00e9s uralkodik mind\u00f6r\u00f6kk\u00f6n-\u00f6r\u00f6kk\u00e9.<br \/>\nH\u00edvek: \u00c1men.<\/p>\n<p><span style=\"color: #008000;\">Felaj\u00e1nl\u00f3 k\u00f6ny\u00f6rg\u00e9s:<\/span><br \/>\nUrunk, Isten\u00fcnk, fogadd megengesztel\u0151dve Egyh\u00e1zad \u00e1ldozati adom\u00e1nyait. J\u00f3s\u00e1godb\u00f3l te adtad azokat, hogy felaj\u00e1nljuk neked, \u00e9s te v\u00e1ltoztatod \u00e1t hatalmaddal \u00fcdv\u00f6z\u00edt\u0151 \u00e1ldozatunkk\u00e1. Krisztus, a mi Urunk \u00e1ltal.<\/p>\n<p><span style=\"color: #008000;\">\u00c1ldoz\u00e1si \u00e9nek:<\/span><br \/>\nDics\u00e9rd, Jeruzs\u00e1lem, az Urat, aki j\u00f3llakat t\u00e9ged a b\u00faza jav\u00e1val. (Zsolt 147,12.14)<br \/>\n<span style=\"color: #008000;\"><em>Vagy<\/em><\/span><br \/>\nA keny\u00e9r, amelyet (\u00e9n) adok, az \u00e9n testem a vil\u00e1g \u00e9let\u00e9\u00e9rt \u2013 mondja az \u00dar. (V\u00f6. Jn 6,51[52])<\/p>\n<p><span style=\"color: #008000;\">\u00c1ldoz\u00e1s ut\u00e1ni k\u00f6ny\u00f6rg\u00e9s:<\/span><br \/>\nUrunk, Isten\u00fcnk, a t\u0151led kapott szents\u00e9gi eledel v\u00e9tele \u00fcdv\u00f6z\u00edtsen minket, \u00e9s er\u0151s\u00edtsen meg, hogy mindig igazs\u00e1god f\u00e9ny\u00e9ben j\u00e1rjunk. Krisztus, a mi Urunk \u00e1ltal.<\/p>\n<p><em>(K\u00e9p forr\u00e1sa: Instagram)<\/em><\/p>\n","protected":false},"excerpt":{"rendered":"<p>Az \u00e9vk\u00f6zi 19. vas\u00e1rnap k\u00f6ny\u00f6rg\u00e9se mennyei Aty\u00e1nk ir\u00e1nti bizalom fontoss\u00e1g\u00e1ra h\u00edvja fel figyelm\u00fcnket. Ebben seg\u00edt benn\u00fcnket a Szentl\u00e9lek, lehet\u0151s\u00e9get k\u00edn\u00e1lva, hogy r\u00e1l\u00e9pj\u00fcnk a fogadott fi\u00fas\u00e1g \u00fatj\u00e1ra. Tudatos\u00edtani szeretn\u00e9m ism\u00e9telten, hogy Isten gyermeke vagyok. \u00c9ppen ez\u00e9rt, gyermekk\u00e9nt, b\u00e1tran \u00e9s bizalommal megsz\u00f3l\u00edthatom \u0150t. Az ir\u00e1nta val\u00f3 bizalom jogos\u00edt fel \u00e9s er\u0151s\u00edt meg \u00e9rz\u00e9semben, \u0150 nem hagy cserben, gondomat viseli, megv\u00e9d engem. Ennek f\u00e9ny\u00e9ben \u00e9rtem meg a szentmise kezd\u0151\u00e9nek\u00e9t: \u0150 az, aki megv\u00e9d engem. Az olvasm\u00e1ny Isten ember\u00e9nek, Ill\u00e9s pr\u00f3f\u00e9t\u00e1nak v\u00edv\u00f3d\u00e1s\u00e1t \u00e9s bels\u0151 harc\u00e1t t\u00e1rja el\u00e9nk. A t\u00f6rt\u00e9net sz\u00e1momra t\u00f6bbsz\u00f6r\u00f6sen is tanuls\u00e1gos, t\u00f6bb elem\u00e9ben is magamra ismerhetek. Egyr\u00e9szt ott van a f\u00e1radts\u00e1g, a mindennapi k\u00fczdelmek velej\u00e1r\u00f3ja. Odaad\u00f3an teljes\u00edti k\u00fcldet\u00e9s\u00e9t, m\u00e9gis megvet\u00e9s a jutalma, \u00e9let\u00e9re t\u00f6rnek. Vagyis szeretn\u00e9k \u0151t elt\u00e1vol\u00edtani. M\u00e1r elege van mindenb\u0151l.\u00a0 \u00a0 \u00a0 \u00a0 \u00a0 \u00a0 \u00a0 \u00a0 \u00a0 \u00a0 \u00a0 \u00a0 \u00a0 \u00a0 \u00a0 \u00a0 \u00a0 \u00a0 \u00a0 \u00a0 \u00a0 \u00a0 \u00a0 \u00a0 \u00a0 \u00a0 \u00a0 \u00a0 \u00a0 \u00a0 \u00a0 \u00a0 \u00a0 \u00a0 Magamra ismerek? Igen. Sz\u00e1momra is ugyan\u00fagy, mint m\u00e1sok sz\u00e1m\u00e1ra, akik egy\u00fctt voltunk j\u00fanius 29-\u00e9n az Egyh\u00e1ztan\u00e1csosok \u00e9s Leg\u00e1tusok tal\u00e1lkoz\u00f3j\u00e1n, szomor\u00fa \u00e9s f\u00e1j\u00f3 volt hallani esperes \u00far besz\u00e1mol\u00f3j\u00e1t. Sz\u00f3lt t\u00f6bbek k\u00f6zt arr\u00f3l, hogy egyesek elt\u00e1vol\u00edt\u00e1somat k\u00e9rt\u00e9k. Nehezen tudom visszaadni, az elm\u00falt 6 h\u00e9t f\u00e1jdalm\u00e1t \u00e9s csal\u00f3dotts\u00e1gi \u00e9rz\u00e9s\u00e9t. Ill\u00e9s pr\u00f3f\u00e9t\u00e1hoz hasonl\u00f3an \u00e9n is \u00fagy \u00e9reztem, elegem van mindenb\u0151l. K\u00fcl\u00f6n\u00f6sen az elm\u00falt 4 esztend\u0151 f\u00e9ny\u00e9ben. Imm\u00e1r 40 nap t\u00e1vlat\u00e1b\u00f3l m\u00e1r m\u00e1sk\u00e9nt l\u00e1tom a t\u00f6rt\u00e9nteket. Folytatom, mert folytatnom kell. Ebben adott meger\u0151s\u00edt\u00e9st Ill\u00e9s pr\u00f3f\u00e9ta t\u00f6rt\u00e9nete. Sohasem v\u00e1laszthatom a k\u00f6nnyebb ellen\u00e1ll\u00e1s \u00fatj\u00e1t. Tov\u00e1bb\u00e1, ne t\u00e9vesszem szemem el\u0151l a c\u00e9lt, ahov\u00e1 el akarok jutni. Term\u00e9szetesen annak erej\u00e9ben, aki szolg\u00e1lat\u00e1ra megh\u00edvott.\u00a0 A szem\u00e9lyes \u00e9rintetts\u00e9gen t\u00fal van egy m\u00e1sik fontos eleme e t\u00f6rt\u00e9netnek. Ez az \u00e9rz\u00e9s, a csal\u00f3dotts\u00e1g \u00e9s f\u00e1sults\u00e1g \u00e9rz\u00e9se, sokszor hatalm\u00e1ba ker\u00edthet. A legnagyobb hiba, amit elk\u00f6vethetek, ha feladom a k\u00fczdelmet, \u00e1lmaimat, c\u00e9ljaimat, s megkeseredve az eg\u00e9sz vil\u00e1got hib\u00e1ztatom. V\u00e9g\u00fcl pedig az \u00e1ldozati&#8230; <\/p>\n<p><a class=\"readmore\" href=\"https:\/\/stuttgarti-katolikusok.de\/index.php\/evkozi-19-vasarnap\/\">R\u00e9szletek<\/a><\/p>\n","protected":false},"author":3,"featured_media":29261,"comment_status":"closed","ping_status":"closed","sticky":false,"template":"","format":"standard","meta":{"footnotes":""},"categories":[85,63],"tags":[],"class_list":["post-29255","post","type-post","status-publish","format-standard","has-post-thumbnail","hentry","category-a-liturgia-olvasmanyai","category-vasarnapi-gondolatok"],"yoast_head":"<!-- This site is optimized with the Yoast SEO plugin v27.3 - https:\/\/yoast.com\/product\/yoast-seo-wordpress\/ -->\n<title>\u00c9vk\u00f6zi 19. vas\u00e1rnap - Stuttgarti Katolikusok<\/title>\n<meta name=\"robots\" content=\"index, follow, max-snippet:-1, max-image-preview:large, max-video-preview:-1\" \/>\n<link rel=\"canonical\" href=\"https:\/\/stuttgarti-katolikusok.de\/index.php\/evkozi-19-vasarnap\/\" \/>\n<meta property=\"og:locale\" content=\"hu_HU\" \/>\n<meta property=\"og:type\" content=\"article\" \/>\n<meta property=\"og:title\" content=\"\u00c9vk\u00f6zi 19. vas\u00e1rnap - Stuttgarti Katolikusok\" \/>\n<meta property=\"og:description\" content=\"Az \u00e9vk\u00f6zi 19. vas\u00e1rnap k\u00f6ny\u00f6rg\u00e9se mennyei Aty\u00e1nk ir\u00e1nti bizalom fontoss\u00e1g\u00e1ra h\u00edvja fel figyelm\u00fcnket. Ebben seg\u00edt benn\u00fcnket a Szentl\u00e9lek, lehet\u0151s\u00e9get k\u00edn\u00e1lva, hogy r\u00e1l\u00e9pj\u00fcnk a fogadott fi\u00fas\u00e1g \u00fatj\u00e1ra. Tudatos\u00edtani szeretn\u00e9m ism\u00e9telten, hogy Isten gyermeke vagyok. \u00c9ppen ez\u00e9rt, gyermekk\u00e9nt, b\u00e1tran \u00e9s bizalommal megsz\u00f3l\u00edthatom \u0150t. Az ir\u00e1nta val\u00f3 bizalom jogos\u00edt fel \u00e9s er\u0151s\u00edt meg \u00e9rz\u00e9semben, \u0150 nem hagy cserben, gondomat viseli, megv\u00e9d engem. Ennek f\u00e9ny\u00e9ben \u00e9rtem meg a szentmise kezd\u0151\u00e9nek\u00e9t: \u0150 az, aki megv\u00e9d engem. Az olvasm\u00e1ny Isten ember\u00e9nek, Ill\u00e9s pr\u00f3f\u00e9t\u00e1nak v\u00edv\u00f3d\u00e1s\u00e1t \u00e9s bels\u0151 harc\u00e1t t\u00e1rja el\u00e9nk. A t\u00f6rt\u00e9net sz\u00e1momra t\u00f6bbsz\u00f6r\u00f6sen is tanuls\u00e1gos, t\u00f6bb elem\u00e9ben is magamra ismerhetek. Egyr\u00e9szt ott van a f\u00e1radts\u00e1g, a mindennapi k\u00fczdelmek velej\u00e1r\u00f3ja. Odaad\u00f3an teljes\u00edti k\u00fcldet\u00e9s\u00e9t, m\u00e9gis megvet\u00e9s a jutalma, \u00e9let\u00e9re t\u00f6rnek. Vagyis szeretn\u00e9k \u0151t elt\u00e1vol\u00edtani. M\u00e1r elege van mindenb\u0151l.\u00a0 \u00a0 \u00a0 \u00a0 \u00a0 \u00a0 \u00a0 \u00a0 \u00a0 \u00a0 \u00a0 \u00a0 \u00a0 \u00a0 \u00a0 \u00a0 \u00a0 \u00a0 \u00a0 \u00a0 \u00a0 \u00a0 \u00a0 \u00a0 \u00a0 \u00a0 \u00a0 \u00a0 \u00a0 \u00a0 \u00a0 \u00a0 \u00a0 \u00a0 Magamra ismerek? Igen. Sz\u00e1momra is ugyan\u00fagy, mint m\u00e1sok sz\u00e1m\u00e1ra, akik egy\u00fctt voltunk j\u00fanius 29-\u00e9n az Egyh\u00e1ztan\u00e1csosok \u00e9s Leg\u00e1tusok tal\u00e1lkoz\u00f3j\u00e1n, szomor\u00fa \u00e9s f\u00e1j\u00f3 volt hallani esperes \u00far besz\u00e1mol\u00f3j\u00e1t. Sz\u00f3lt t\u00f6bbek k\u00f6zt arr\u00f3l, hogy egyesek elt\u00e1vol\u00edt\u00e1somat k\u00e9rt\u00e9k. Nehezen tudom visszaadni, az elm\u00falt 6 h\u00e9t f\u00e1jdalm\u00e1t \u00e9s csal\u00f3dotts\u00e1gi \u00e9rz\u00e9s\u00e9t. Ill\u00e9s pr\u00f3f\u00e9t\u00e1hoz hasonl\u00f3an \u00e9n is \u00fagy \u00e9reztem, elegem van mindenb\u0151l. K\u00fcl\u00f6n\u00f6sen az elm\u00falt 4 esztend\u0151 f\u00e9ny\u00e9ben. Imm\u00e1r 40 nap t\u00e1vlat\u00e1b\u00f3l m\u00e1r m\u00e1sk\u00e9nt l\u00e1tom a t\u00f6rt\u00e9nteket. Folytatom, mert folytatnom kell. Ebben adott meger\u0151s\u00edt\u00e9st Ill\u00e9s pr\u00f3f\u00e9ta t\u00f6rt\u00e9nete. Sohasem v\u00e1laszthatom a k\u00f6nnyebb ellen\u00e1ll\u00e1s \u00fatj\u00e1t. Tov\u00e1bb\u00e1, ne t\u00e9vesszem szemem el\u0151l a c\u00e9lt, ahov\u00e1 el akarok jutni. Term\u00e9szetesen annak erej\u00e9ben, aki szolg\u00e1lat\u00e1ra megh\u00edvott.\u00a0 A szem\u00e9lyes \u00e9rintetts\u00e9gen t\u00fal van egy m\u00e1sik fontos eleme e t\u00f6rt\u00e9netnek. Ez az \u00e9rz\u00e9s, a csal\u00f3dotts\u00e1g \u00e9s f\u00e1sults\u00e1g \u00e9rz\u00e9se, sokszor hatalm\u00e1ba ker\u00edthet. A legnagyobb hiba, amit elk\u00f6vethetek, ha feladom a k\u00fczdelmet, \u00e1lmaimat, c\u00e9ljaimat, s megkeseredve az eg\u00e9sz vil\u00e1got hib\u00e1ztatom. V\u00e9g\u00fcl pedig az \u00e1ldozati... R\u00e9szletek\" \/>\n<meta property=\"og:url\" content=\"https:\/\/stuttgarti-katolikusok.de\/index.php\/evkozi-19-vasarnap\/\" \/>\n<meta property=\"og:site_name\" content=\"Stuttgarti Katolikusok\" \/>\n<meta property=\"article:published_time\" content=\"2024-08-10T12:14:24+00:00\" \/>\n<meta property=\"article:modified_time\" content=\"2024-08-10T12:15:44+00:00\" \/>\n<meta property=\"og:image\" content=\"https:\/\/stuttgarti-katolikusok.de\/wp-content\/uploads\/2024\/08\/insta-augusztus.jpg\" \/>\n\t<meta property=\"og:image:width\" content=\"1080\" \/>\n\t<meta property=\"og:image:height\" content=\"1254\" \/>\n\t<meta property=\"og:image:type\" content=\"image\/jpeg\" \/>\n<meta name=\"author\" content=\"Tibor atya\" \/>\n<meta name=\"twitter:card\" content=\"summary_large_image\" \/>\n<meta name=\"twitter:label1\" content=\"Szerz\u0151:\" \/>\n\t<meta name=\"twitter:data1\" content=\"Tibor atya\" \/>\n\t<meta name=\"twitter:label2\" content=\"Becs\u00fclt olvas\u00e1si id\u0151\" \/>\n\t<meta name=\"twitter:data2\" content=\"8 perc\" \/>\n<script type=\"application\/ld+json\" class=\"yoast-schema-graph\">{\"@context\":\"https:\\\/\\\/schema.org\",\"@graph\":[{\"@type\":\"Article\",\"@id\":\"https:\\\/\\\/stuttgarti-katolikusok.de\\\/index.php\\\/evkozi-19-vasarnap\\\/#article\",\"isPartOf\":{\"@id\":\"https:\\\/\\\/stuttgarti-katolikusok.de\\\/index.php\\\/evkozi-19-vasarnap\\\/\"},\"author\":{\"name\":\"Tibor atya\",\"@id\":\"https:\\\/\\\/stuttgarti-katolikusok.de\\\/#\\\/schema\\\/person\\\/75908d6f8fdc03a57889d27209df7795\"},\"headline\":\"\u00c9vk\u00f6zi 19. vas\u00e1rnap\",\"datePublished\":\"2024-08-10T12:14:24+00:00\",\"dateModified\":\"2024-08-10T12:15:44+00:00\",\"mainEntityOfPage\":{\"@id\":\"https:\\\/\\\/stuttgarti-katolikusok.de\\\/index.php\\\/evkozi-19-vasarnap\\\/\"},\"wordCount\":1896,\"image\":{\"@id\":\"https:\\\/\\\/stuttgarti-katolikusok.de\\\/index.php\\\/evkozi-19-vasarnap\\\/#primaryimage\"},\"thumbnailUrl\":\"https:\\\/\\\/stuttgarti-katolikusok.de\\\/wp-content\\\/uploads\\\/2024\\\/08\\\/insta-augusztus.jpg\",\"articleSection\":[\"A liturgia olvasm\u00e1nyai\",\"Vas\u00e1rnapi gondolatok\"],\"inLanguage\":\"hu\"},{\"@type\":\"WebPage\",\"@id\":\"https:\\\/\\\/stuttgarti-katolikusok.de\\\/index.php\\\/evkozi-19-vasarnap\\\/\",\"url\":\"https:\\\/\\\/stuttgarti-katolikusok.de\\\/index.php\\\/evkozi-19-vasarnap\\\/\",\"name\":\"\u00c9vk\u00f6zi 19. vas\u00e1rnap - Stuttgarti Katolikusok\",\"isPartOf\":{\"@id\":\"https:\\\/\\\/stuttgarti-katolikusok.de\\\/#website\"},\"primaryImageOfPage\":{\"@id\":\"https:\\\/\\\/stuttgarti-katolikusok.de\\\/index.php\\\/evkozi-19-vasarnap\\\/#primaryimage\"},\"image\":{\"@id\":\"https:\\\/\\\/stuttgarti-katolikusok.de\\\/index.php\\\/evkozi-19-vasarnap\\\/#primaryimage\"},\"thumbnailUrl\":\"https:\\\/\\\/stuttgarti-katolikusok.de\\\/wp-content\\\/uploads\\\/2024\\\/08\\\/insta-augusztus.jpg\",\"datePublished\":\"2024-08-10T12:14:24+00:00\",\"dateModified\":\"2024-08-10T12:15:44+00:00\",\"author\":{\"@id\":\"https:\\\/\\\/stuttgarti-katolikusok.de\\\/#\\\/schema\\\/person\\\/75908d6f8fdc03a57889d27209df7795\"},\"breadcrumb\":{\"@id\":\"https:\\\/\\\/stuttgarti-katolikusok.de\\\/index.php\\\/evkozi-19-vasarnap\\\/#breadcrumb\"},\"inLanguage\":\"hu\",\"potentialAction\":[{\"@type\":\"ReadAction\",\"target\":[\"https:\\\/\\\/stuttgarti-katolikusok.de\\\/index.php\\\/evkozi-19-vasarnap\\\/\"]}]},{\"@type\":\"ImageObject\",\"inLanguage\":\"hu\",\"@id\":\"https:\\\/\\\/stuttgarti-katolikusok.de\\\/index.php\\\/evkozi-19-vasarnap\\\/#primaryimage\",\"url\":\"https:\\\/\\\/stuttgarti-katolikusok.de\\\/wp-content\\\/uploads\\\/2024\\\/08\\\/insta-augusztus.jpg\",\"contentUrl\":\"https:\\\/\\\/stuttgarti-katolikusok.de\\\/wp-content\\\/uploads\\\/2024\\\/08\\\/insta-augusztus.jpg\",\"width\":1080,\"height\":1254},{\"@type\":\"BreadcrumbList\",\"@id\":\"https:\\\/\\\/stuttgarti-katolikusok.de\\\/index.php\\\/evkozi-19-vasarnap\\\/#breadcrumb\",\"itemListElement\":[{\"@type\":\"ListItem\",\"position\":1,\"name\":\"Kezd\u0151lap\",\"item\":\"https:\\\/\\\/stuttgarti-katolikusok.de\\\/\"},{\"@type\":\"ListItem\",\"position\":2,\"name\":\"\u00c9vk\u00f6zi 19. vas\u00e1rnap\"}]},{\"@type\":\"WebSite\",\"@id\":\"https:\\\/\\\/stuttgarti-katolikusok.de\\\/#website\",\"url\":\"https:\\\/\\\/stuttgarti-katolikusok.de\\\/\",\"name\":\"Stuttgarti Katolikusok\",\"description\":\"\",\"potentialAction\":[{\"@type\":\"SearchAction\",\"target\":{\"@type\":\"EntryPoint\",\"urlTemplate\":\"https:\\\/\\\/stuttgarti-katolikusok.de\\\/?s={search_term_string}\"},\"query-input\":{\"@type\":\"PropertyValueSpecification\",\"valueRequired\":true,\"valueName\":\"search_term_string\"}}],\"inLanguage\":\"hu\"},{\"@type\":\"Person\",\"@id\":\"https:\\\/\\\/stuttgarti-katolikusok.de\\\/#\\\/schema\\\/person\\\/75908d6f8fdc03a57889d27209df7795\",\"name\":\"Tibor atya\",\"image\":{\"@type\":\"ImageObject\",\"inLanguage\":\"hu\",\"@id\":\"https:\\\/\\\/secure.gravatar.com\\\/avatar\\\/61d268e57d1f4525b111222e29d2d5a7f8c420fdbf231ba5566a8ceac74fa960?s=96&d=mm&r=g\",\"url\":\"https:\\\/\\\/secure.gravatar.com\\\/avatar\\\/61d268e57d1f4525b111222e29d2d5a7f8c420fdbf231ba5566a8ceac74fa960?s=96&d=mm&r=g\",\"contentUrl\":\"https:\\\/\\\/secure.gravatar.com\\\/avatar\\\/61d268e57d1f4525b111222e29d2d5a7f8c420fdbf231ba5566a8ceac74fa960?s=96&d=mm&r=g\",\"caption\":\"Tibor atya\"},\"url\":\"https:\\\/\\\/stuttgarti-katolikusok.de\\\/index.php\\\/author\\\/tibor-atya\\\/\"}]}<\/script>\n<!-- \/ Yoast SEO plugin. -->","yoast_head_json":{"title":"\u00c9vk\u00f6zi 19. vas\u00e1rnap - Stuttgarti Katolikusok","robots":{"index":"index","follow":"follow","max-snippet":"max-snippet:-1","max-image-preview":"max-image-preview:large","max-video-preview":"max-video-preview:-1"},"canonical":"https:\/\/stuttgarti-katolikusok.de\/index.php\/evkozi-19-vasarnap\/","og_locale":"hu_HU","og_type":"article","og_title":"\u00c9vk\u00f6zi 19. vas\u00e1rnap - Stuttgarti Katolikusok","og_description":"Az \u00e9vk\u00f6zi 19. vas\u00e1rnap k\u00f6ny\u00f6rg\u00e9se mennyei Aty\u00e1nk ir\u00e1nti bizalom fontoss\u00e1g\u00e1ra h\u00edvja fel figyelm\u00fcnket. Ebben seg\u00edt benn\u00fcnket a Szentl\u00e9lek, lehet\u0151s\u00e9get k\u00edn\u00e1lva, hogy r\u00e1l\u00e9pj\u00fcnk a fogadott fi\u00fas\u00e1g \u00fatj\u00e1ra. Tudatos\u00edtani szeretn\u00e9m ism\u00e9telten, hogy Isten gyermeke vagyok. \u00c9ppen ez\u00e9rt, gyermekk\u00e9nt, b\u00e1tran \u00e9s bizalommal megsz\u00f3l\u00edthatom \u0150t. Az ir\u00e1nta val\u00f3 bizalom jogos\u00edt fel \u00e9s er\u0151s\u00edt meg \u00e9rz\u00e9semben, \u0150 nem hagy cserben, gondomat viseli, megv\u00e9d engem. Ennek f\u00e9ny\u00e9ben \u00e9rtem meg a szentmise kezd\u0151\u00e9nek\u00e9t: \u0150 az, aki megv\u00e9d engem. Az olvasm\u00e1ny Isten ember\u00e9nek, Ill\u00e9s pr\u00f3f\u00e9t\u00e1nak v\u00edv\u00f3d\u00e1s\u00e1t \u00e9s bels\u0151 harc\u00e1t t\u00e1rja el\u00e9nk. A t\u00f6rt\u00e9net sz\u00e1momra t\u00f6bbsz\u00f6r\u00f6sen is tanuls\u00e1gos, t\u00f6bb elem\u00e9ben is magamra ismerhetek. Egyr\u00e9szt ott van a f\u00e1radts\u00e1g, a mindennapi k\u00fczdelmek velej\u00e1r\u00f3ja. Odaad\u00f3an teljes\u00edti k\u00fcldet\u00e9s\u00e9t, m\u00e9gis megvet\u00e9s a jutalma, \u00e9let\u00e9re t\u00f6rnek. Vagyis szeretn\u00e9k \u0151t elt\u00e1vol\u00edtani. M\u00e1r elege van mindenb\u0151l.\u00a0 \u00a0 \u00a0 \u00a0 \u00a0 \u00a0 \u00a0 \u00a0 \u00a0 \u00a0 \u00a0 \u00a0 \u00a0 \u00a0 \u00a0 \u00a0 \u00a0 \u00a0 \u00a0 \u00a0 \u00a0 \u00a0 \u00a0 \u00a0 \u00a0 \u00a0 \u00a0 \u00a0 \u00a0 \u00a0 \u00a0 \u00a0 \u00a0 \u00a0 Magamra ismerek? Igen. Sz\u00e1momra is ugyan\u00fagy, mint m\u00e1sok sz\u00e1m\u00e1ra, akik egy\u00fctt voltunk j\u00fanius 29-\u00e9n az Egyh\u00e1ztan\u00e1csosok \u00e9s Leg\u00e1tusok tal\u00e1lkoz\u00f3j\u00e1n, szomor\u00fa \u00e9s f\u00e1j\u00f3 volt hallani esperes \u00far besz\u00e1mol\u00f3j\u00e1t. Sz\u00f3lt t\u00f6bbek k\u00f6zt arr\u00f3l, hogy egyesek elt\u00e1vol\u00edt\u00e1somat k\u00e9rt\u00e9k. Nehezen tudom visszaadni, az elm\u00falt 6 h\u00e9t f\u00e1jdalm\u00e1t \u00e9s csal\u00f3dotts\u00e1gi \u00e9rz\u00e9s\u00e9t. Ill\u00e9s pr\u00f3f\u00e9t\u00e1hoz hasonl\u00f3an \u00e9n is \u00fagy \u00e9reztem, elegem van mindenb\u0151l. K\u00fcl\u00f6n\u00f6sen az elm\u00falt 4 esztend\u0151 f\u00e9ny\u00e9ben. Imm\u00e1r 40 nap t\u00e1vlat\u00e1b\u00f3l m\u00e1r m\u00e1sk\u00e9nt l\u00e1tom a t\u00f6rt\u00e9nteket. Folytatom, mert folytatnom kell. Ebben adott meger\u0151s\u00edt\u00e9st Ill\u00e9s pr\u00f3f\u00e9ta t\u00f6rt\u00e9nete. Sohasem v\u00e1laszthatom a k\u00f6nnyebb ellen\u00e1ll\u00e1s \u00fatj\u00e1t. Tov\u00e1bb\u00e1, ne t\u00e9vesszem szemem el\u0151l a c\u00e9lt, ahov\u00e1 el akarok jutni. Term\u00e9szetesen annak erej\u00e9ben, aki szolg\u00e1lat\u00e1ra megh\u00edvott.\u00a0 A szem\u00e9lyes \u00e9rintetts\u00e9gen t\u00fal van egy m\u00e1sik fontos eleme e t\u00f6rt\u00e9netnek. Ez az \u00e9rz\u00e9s, a csal\u00f3dotts\u00e1g \u00e9s f\u00e1sults\u00e1g \u00e9rz\u00e9se, sokszor hatalm\u00e1ba ker\u00edthet. A legnagyobb hiba, amit elk\u00f6vethetek, ha feladom a k\u00fczdelmet, \u00e1lmaimat, c\u00e9ljaimat, s megkeseredve az eg\u00e9sz vil\u00e1got hib\u00e1ztatom. V\u00e9g\u00fcl pedig az \u00e1ldozati... R\u00e9szletek","og_url":"https:\/\/stuttgarti-katolikusok.de\/index.php\/evkozi-19-vasarnap\/","og_site_name":"Stuttgarti Katolikusok","article_published_time":"2024-08-10T12:14:24+00:00","article_modified_time":"2024-08-10T12:15:44+00:00","og_image":[{"width":1080,"height":1254,"url":"https:\/\/stuttgarti-katolikusok.de\/wp-content\/uploads\/2024\/08\/insta-augusztus.jpg","type":"image\/jpeg"}],"author":"Tibor atya","twitter_card":"summary_large_image","twitter_misc":{"Szerz\u0151:":"Tibor atya","Becs\u00fclt olvas\u00e1si id\u0151":"8 perc"},"schema":{"@context":"https:\/\/schema.org","@graph":[{"@type":"Article","@id":"https:\/\/stuttgarti-katolikusok.de\/index.php\/evkozi-19-vasarnap\/#article","isPartOf":{"@id":"https:\/\/stuttgarti-katolikusok.de\/index.php\/evkozi-19-vasarnap\/"},"author":{"name":"Tibor atya","@id":"https:\/\/stuttgarti-katolikusok.de\/#\/schema\/person\/75908d6f8fdc03a57889d27209df7795"},"headline":"\u00c9vk\u00f6zi 19. vas\u00e1rnap","datePublished":"2024-08-10T12:14:24+00:00","dateModified":"2024-08-10T12:15:44+00:00","mainEntityOfPage":{"@id":"https:\/\/stuttgarti-katolikusok.de\/index.php\/evkozi-19-vasarnap\/"},"wordCount":1896,"image":{"@id":"https:\/\/stuttgarti-katolikusok.de\/index.php\/evkozi-19-vasarnap\/#primaryimage"},"thumbnailUrl":"https:\/\/stuttgarti-katolikusok.de\/wp-content\/uploads\/2024\/08\/insta-augusztus.jpg","articleSection":["A liturgia olvasm\u00e1nyai","Vas\u00e1rnapi gondolatok"],"inLanguage":"hu"},{"@type":"WebPage","@id":"https:\/\/stuttgarti-katolikusok.de\/index.php\/evkozi-19-vasarnap\/","url":"https:\/\/stuttgarti-katolikusok.de\/index.php\/evkozi-19-vasarnap\/","name":"\u00c9vk\u00f6zi 19. vas\u00e1rnap - Stuttgarti Katolikusok","isPartOf":{"@id":"https:\/\/stuttgarti-katolikusok.de\/#website"},"primaryImageOfPage":{"@id":"https:\/\/stuttgarti-katolikusok.de\/index.php\/evkozi-19-vasarnap\/#primaryimage"},"image":{"@id":"https:\/\/stuttgarti-katolikusok.de\/index.php\/evkozi-19-vasarnap\/#primaryimage"},"thumbnailUrl":"https:\/\/stuttgarti-katolikusok.de\/wp-content\/uploads\/2024\/08\/insta-augusztus.jpg","datePublished":"2024-08-10T12:14:24+00:00","dateModified":"2024-08-10T12:15:44+00:00","author":{"@id":"https:\/\/stuttgarti-katolikusok.de\/#\/schema\/person\/75908d6f8fdc03a57889d27209df7795"},"breadcrumb":{"@id":"https:\/\/stuttgarti-katolikusok.de\/index.php\/evkozi-19-vasarnap\/#breadcrumb"},"inLanguage":"hu","potentialAction":[{"@type":"ReadAction","target":["https:\/\/stuttgarti-katolikusok.de\/index.php\/evkozi-19-vasarnap\/"]}]},{"@type":"ImageObject","inLanguage":"hu","@id":"https:\/\/stuttgarti-katolikusok.de\/index.php\/evkozi-19-vasarnap\/#primaryimage","url":"https:\/\/stuttgarti-katolikusok.de\/wp-content\/uploads\/2024\/08\/insta-augusztus.jpg","contentUrl":"https:\/\/stuttgarti-katolikusok.de\/wp-content\/uploads\/2024\/08\/insta-augusztus.jpg","width":1080,"height":1254},{"@type":"BreadcrumbList","@id":"https:\/\/stuttgarti-katolikusok.de\/index.php\/evkozi-19-vasarnap\/#breadcrumb","itemListElement":[{"@type":"ListItem","position":1,"name":"Kezd\u0151lap","item":"https:\/\/stuttgarti-katolikusok.de\/"},{"@type":"ListItem","position":2,"name":"\u00c9vk\u00f6zi 19. vas\u00e1rnap"}]},{"@type":"WebSite","@id":"https:\/\/stuttgarti-katolikusok.de\/#website","url":"https:\/\/stuttgarti-katolikusok.de\/","name":"Stuttgarti Katolikusok","description":"","potentialAction":[{"@type":"SearchAction","target":{"@type":"EntryPoint","urlTemplate":"https:\/\/stuttgarti-katolikusok.de\/?s={search_term_string}"},"query-input":{"@type":"PropertyValueSpecification","valueRequired":true,"valueName":"search_term_string"}}],"inLanguage":"hu"},{"@type":"Person","@id":"https:\/\/stuttgarti-katolikusok.de\/#\/schema\/person\/75908d6f8fdc03a57889d27209df7795","name":"Tibor atya","image":{"@type":"ImageObject","inLanguage":"hu","@id":"https:\/\/secure.gravatar.com\/avatar\/61d268e57d1f4525b111222e29d2d5a7f8c420fdbf231ba5566a8ceac74fa960?s=96&d=mm&r=g","url":"https:\/\/secure.gravatar.com\/avatar\/61d268e57d1f4525b111222e29d2d5a7f8c420fdbf231ba5566a8ceac74fa960?s=96&d=mm&r=g","contentUrl":"https:\/\/secure.gravatar.com\/avatar\/61d268e57d1f4525b111222e29d2d5a7f8c420fdbf231ba5566a8ceac74fa960?s=96&d=mm&r=g","caption":"Tibor atya"},"url":"https:\/\/stuttgarti-katolikusok.de\/index.php\/author\/tibor-atya\/"}]}},"_links":{"self":[{"href":"https:\/\/stuttgarti-katolikusok.de\/index.php\/wp-json\/wp\/v2\/posts\/29255","targetHints":{"allow":["GET"]}}],"collection":[{"href":"https:\/\/stuttgarti-katolikusok.de\/index.php\/wp-json\/wp\/v2\/posts"}],"about":[{"href":"https:\/\/stuttgarti-katolikusok.de\/index.php\/wp-json\/wp\/v2\/types\/post"}],"author":[{"embeddable":true,"href":"https:\/\/stuttgarti-katolikusok.de\/index.php\/wp-json\/wp\/v2\/users\/3"}],"replies":[{"embeddable":true,"href":"https:\/\/stuttgarti-katolikusok.de\/index.php\/wp-json\/wp\/v2\/comments?post=29255"}],"version-history":[{"count":7,"href":"https:\/\/stuttgarti-katolikusok.de\/index.php\/wp-json\/wp\/v2\/posts\/29255\/revisions"}],"predecessor-version":[{"id":29263,"href":"https:\/\/stuttgarti-katolikusok.de\/index.php\/wp-json\/wp\/v2\/posts\/29255\/revisions\/29263"}],"wp:featuredmedia":[{"embeddable":true,"href":"https:\/\/stuttgarti-katolikusok.de\/index.php\/wp-json\/wp\/v2\/media\/29261"}],"wp:attachment":[{"href":"https:\/\/stuttgarti-katolikusok.de\/index.php\/wp-json\/wp\/v2\/media?parent=29255"}],"wp:term":[{"taxonomy":"category","embeddable":true,"href":"https:\/\/stuttgarti-katolikusok.de\/index.php\/wp-json\/wp\/v2\/categories?post=29255"},{"taxonomy":"post_tag","embeddable":true,"href":"https:\/\/stuttgarti-katolikusok.de\/index.php\/wp-json\/wp\/v2\/tags?post=29255"}],"curies":[{"name":"wp","href":"https:\/\/api.w.org\/{rel}","templated":true}]}}