{"id":29241,"date":"2024-08-02T23:02:37","date_gmt":"2024-08-02T21:02:37","guid":{"rendered":"https:\/\/stuttgarti-katolikusok.de\/?p=29241"},"modified":"2024-08-03T18:55:28","modified_gmt":"2024-08-03T16:55:28","slug":"evkozi-18-vasarnap-2","status":"publish","type":"post","link":"https:\/\/stuttgarti-katolikusok.de\/index.php\/evkozi-18-vasarnap-2\/","title":{"rendered":"\u00c9vk\u00f6zi 18. vas\u00e1rnap"},"content":{"rendered":"<p><span style=\"color: #ff6600;\"><em>M\u00e9g jav\u00e1ban tartanak az olimpiai j\u00e1t\u00e9kok, a nyit\u00f3 \u00fcnneps\u00e9g keltette botr\u00e1ny \u00e9s nyom\u00e1ban fell\u00e9p\u0151 indulatok azonban tov\u00e1bbra sem csitulnak. \u00d6r\u00f6k\u00f6s tanuls\u00e1g mindannyiunk sz\u00e1m\u00e1ra, hogy most a legb\u00f6lcsebb dolog, csendben maradni, fel\u00fclemelkedni az aktu\u00e1lis helyzeten, kell\u0151 t\u00e1vols\u00e1gb\u00f3l \u00e9s m\u00e9rt\u00e9ktart\u00f3 b\u00f6lcsess\u00e9gben szeml\u00e9lni a t\u00f6rt\u00e9n\u00e9seket. Globaliz\u00e1lt vil\u00e1gunknak, mely minden szinten \u00f6sszemos hat\u00e1rokat \u00e9s relativiz\u00e1l, \u00e1tmeneti pillanatk\u00e9pe a jelenlegi helyzet. Benne a legfontosabb felismer\u00e9s, hogy \u00e1tmeneti, vagyis elm\u00falik.<\/em><\/span><\/p>\n<p><span style=\"color: #ff6600;\"><em>Ennek f\u00e9ny\u00e9ben szeretn\u00e9nk tekinteni az \u00e9vk\u00f6zi 18. vas\u00e1rnap olvasm\u00e1nyait \u00e9s k\u00f6ny\u00f6rg\u00e9seit.<\/em><\/span><\/p>\n<p><span style=\"color: #ff6600;\"><em>Az els\u0151 k\u00f6ny\u00f6rg\u00e9s r\u00e1vil\u00e1g\u00edt \u00f6r\u00f6m\u00fcnk \u00e9s boldogs\u00e1gunk forr\u00e1s\u00e1ra. A j\u00f3 Isten teremt\u0151 \u00e9s gondvisel\u0151 Isten\u00fcnk. Vagyis, nem lehet k\u00edv\u00fclr\u0151l beleny\u00falni a teremt\u00e9s rendj\u00e9be. Isten emberek ir\u00e1nti gondoskod\u00f3 szeretet\u00e9nek nem lehet hat\u00e1rt szabni. Ez a mi rem\u00e9ny\u00fcnk.<\/em><\/span><\/p>\n<p><span style=\"color: #ff6600;\"><em>Az els\u0151 olvasm\u00e1ny egy nagyon emberi \u00e9rz\u00e9st jelen\u00edt meg, a z\u00fagol\u00f3d\u00e1s \u00e9s a nyom\u00e1ban fell\u00e9p\u0151 el\u00e9gedetlens\u00e9g \u00e9rz\u00e9s\u00e9t. A v\u00e1lasztott n\u00e9p belef\u00e1sul \u00e1llapot\u00e1ba \u00e9s helyzet\u00e9be. Visszas\u00edrja a fogs\u00e1g \u00e1llapot\u00e1t. Ismer\u0151s mindannyiunk sz\u00e1m\u00e1ra ez az \u00e9rz\u00e9s. Elbizonytalanod\u00e1s, el\u00e9gedetlens\u00e9g \u00e9s z\u00fagol\u00f3d\u00e1s. Magamra ismerek! Az igazi nagy k\u00e9rd\u00e9s, hogy ebb\u0151l az \u00e1llapotb\u00f3l van-e ki\u00fat? A v\u00e1lasz egy\u00e9rtelm\u0171: IGEN! Isten, mint akkor v\u00e1lasztott n\u00e9p\u00e9r\u0151l, \u00fagy ma is, gondoskodik r\u00f3lam. Ne hagyjam magamban gyeng\u00fclni ezt a hitet.<\/em><\/span><\/p>\n<p><span style=\"color: #ff6600;\"><em>A v\u00e1laszos zsolt\u00e1r gy\u00f6ny\u00f6r\u0171 k\u00e9pek seg\u00edts\u00e9g\u00e9vel \u00e9rz\u00e9kelteti Isten v\u00e1lasztott n\u00e9pe ir\u00e1nti gondoskod\u00f3 szeretet\u00e9t. Isten \u00fajsz\u00f6vets\u00e9gi v\u00e1lasztott n\u00e9pek\u00e9nt bizalom \u00e9s rem\u00e9ny t\u00f6lt el benn\u00fcnket. R\u00f3lunk is hasonl\u00f3 m\u00f3don gondoskodik. Ez\u00e9rt nincs helye a bennem l\u00e9v\u0151 nyugtalans\u00e1gnak \u00e9s bizonytalans\u00e1gnak.<\/em><\/span><\/p>\n<p><span style=\"color: #ff6600;\"><em>A szentlecke \u00fczenete b\u00e1tor\u00edt\u00f3 biztat\u00e1sk\u00e9nt is felfoghat\u00f3. \u00c1lland\u00f3 meg\u00fajul\u00e1sra van lehet\u0151s\u00e9g\u00fcnk eg\u00e9sz \u00e9let\u00fcnk\u00f6n kereszt\u00fcl. Ezt jelenti a l\u00e9lekben \u00e9s \u00e9rz\u00fcletben t\u00f6rt\u00e9n\u0151 meg\u00fajul\u00e1s. Ennek felt\u00e9tele azonban, hogy tudat\u00e1ban legyek saj\u00e1t gyenges\u00e9geimnek \u00e9s b\u0171neimnek. Ez a r\u00e9gi ember levet\u00e9se, \u00e9s fel\u00f6lt\u00e9se az \u00faj embernek. Vagyis maga a megt\u00e9r\u00e9s, meg\u00fajul\u00e1s. Ism\u00e9telten szeretn\u00e9k visszacsatolni az olimpiai j\u00e1t\u00e9kok nyit\u00f3 \u00fcnneps\u00e9g\u00e9re, \u00e9s az abban megjelen\u00edtett, pog\u00e1ny \u00e9letm\u00f3dot hirdet\u0151 k\u00e9pre.\u00a0<\/em><\/span><\/p>\n<p><span style=\"color: #ff6600;\"><em>Az evang\u00e9liumi elbesz\u00e9l\u00e9s, mint \u00f6sszef\u00fcgg\u0151 t\u00f6rt\u00e9net, folytat\u00e1sa az elm\u00falt vas\u00e1rnapi evang\u00e9liumi t\u00f6rt\u00e9netnek. A csod\u00e1latos keny\u00e9rszapor\u00edt\u00e1s hamis ill\u00fazi\u00f3t \u00e9s \u00e9rz\u00e9seket kelt az ott tart\u00f3zkod\u00f3 emberek sokas\u00e1g\u00e1ban. Ez\u00e9rt is indulnak J\u00e9zus keres\u00e9s\u00e9re. Minden egy\u00e9ni sz\u00e1nd\u00e9kon \u00e9s \u00e9rdeken t\u00fal, engem m\u00e9gis csak az \u00e9rint meg ebben a t\u00f6rt\u00e9netben, hogy az ember elindul \u00e9s keresi J\u00e9zust. Itt \u00e9s most a keres\u00e9s sz\u00e1nd\u00e9ka m\u00e1sodlagos. Ugyanis a keres\u00e9s \u00e9s tal\u00e1lkoz\u00e1s k\u00edn\u00e1l lehet\u0151s\u00e9get J\u00e9zus Krisztusnak, hogy tov\u00e1bb\u00edthassa egyik legfontosabb \u00fczenet\u00e9t: <strong>\u201e\u00c9n vagyok az \u00e9let kenyere. Aki hozz\u00e1m j\u00f6n, t\u00f6bb\u00e9 nem \u00e9hezik, \u00e9s aki bennem hisz, soha nem szomjazik.\u201d <\/strong>(Jn 6,35). \u0150 ma is k\u00edn\u00e1lja \u00f6nmag\u00e1t! Keressem \u0150t, \u00e9s tal\u00e1lkozni fogok vele az Euchariszti\u00e1ban, az Ig\u00e9ben. Frapp\u00e1ns v\u00e1lasz ez relativiz\u00e1lt \u00e9s \u00e9rt\u00e9kv\u00e1ls\u00e1ggal k\u00fczd\u0151 vil\u00e1gunkban.<\/em><\/span><\/p>\n<p><span style=\"color: #008000;\">Kezd\u0151\u00e9nek:<\/span><br \/>\nIstenem, j\u00f6jj seg\u00edts\u00e9gemre, Uram, siess, seg\u00edts meg engem! Seg\u00edt\u0151m \u00e9s szabad\u00edtom te vagy, \u00e9n Istenem, ne k\u00e9slekedj! (Zsolt 69,2.6)<\/p>\n<p><span style=\"color: #008000;\">K\u00f6ny\u00f6rg\u00e9s:<\/span><br \/>\nUrunk, boldogan vallunk t\u00e9ged teremt\u0151 \u00e9s gondvisel\u0151 Isten\u00fcnknek. Oltalmazd mindenkor h\u00edveidet: \u00faj\u00edtsd meg kegyelmi adom\u00e1nyaidat benn\u00fcnk, \u00e9s meg\u00fajult \u00e9let\u00fcnket \u0151rizd meg j\u00f3s\u00e1gos\u00e1n. A mi Urunk, J\u00e9zus Krisztus, a te Fiad \u00e1ltal, aki veled \u00e9l \u00e9s uralkodik a Szentl\u00e9lekkel egys\u00e9gben, Isten mind\u00f6r\u00f6kk\u00f6n \u00f6r\u00f6kk\u00e9.<\/p>\n<p align=\"justify\"><span style=\"color: #008000;\">OLVASM\u00c1NY M\u00f3zes m\u00e1sodik k\u00f6nyv\u00e9b\u0151l (Kiv 16,2-4.12-15)<\/span><br \/>\nA Szin puszt\u00e1ban Izrael eg\u00e9sz k\u00f6z\u00f6ss\u00e9ge z\u00fagol\u00f3dott M\u00f3zes \u00e9s \u00c1ron ellen. Izrael fiai ezt mondt\u00e1k nekik: \u201eInk\u00e1bb haltunk volna meg az \u00dar keze \u00e1ltal Egyiptomban, amikor a h\u00fasos fazekak mellett \u00fclt\u00fcnk \u00e9s j\u00f3llaktunk keny\u00e9rrel. Ti pedig ide hoztatok minket a puszt\u00e1ba, hogy az eg\u00e9sz k\u00f6z\u00f6ss\u00e9g \u00e9hen vesszen.\u201d<br \/>\nEkkor az \u00dar \u00edgy sz\u00f3lt M\u00f3zeshez: \u201e\u00cdme, \u00e9n kenyeret hullatok nektek az \u00e9gb\u0151l. A n\u00e9p menjen ki \u00e9s gy\u0171jts\u00f6n mag\u00e1nak egy napra val\u00f3t bel\u0151le. \u00cdgy akarom pr\u00f3b\u00e1ra tenni, hogy k\u00f6veti-e parancsomat. Hallottam Izrael fiainak z\u00fagol\u00f3d\u00e1s\u00e1t. K\u00f6z\u00f6ld vel\u00fck: ma este h\u00fast fogtok enni, \u00e9s holnap reggel j\u00f3llakhattok keny\u00e9rrel. Err\u0151l fogj\u00e1tok megtudni, hogy \u00e9n, az \u00dar vagyok a ti Istenetek.\u201d \u00c9s val\u00f3ban: est\u00e9re f\u00fcrjcsapat jelent meg, \u00e9s ellepte a t\u00e1bort. Reggel pedig harmatoz\u00f3 felh\u0151 ereszkedett al\u00e1 a t\u00e1borra. Amikor a harmatoz\u00f3 felh\u0151 felsz\u00e1llt, a puszta talaj\u00e1n valami finomszemcs\u00e9s dolog maradt, olyan, mint a d\u00e9r a f\u00f6ld\u00f6n. Izrael fiai megl\u00e1tt\u00e1k \u00e9s k\u00e9rdezgett\u00e9k egym\u00e1st: \u201eMi ez?\u201d Nem tudt\u00e1k ugyanis, hogy mi az. M\u00f3zes \u00edgy sz\u00f3lt hozz\u00e1juk: \u201eEz az a keny\u00e9r, amelyet az \u00dar ad nektek enni.\u201d<br \/>\nEz az Isten ig\u00e9je.<\/p>\n<p align=\"justify\"><span style=\"color: #008000;\">V\u00c1LASZOS ZSOLT\u00c1R (Zsolt 77,3.4bc.23-24.25.54)<\/span><br \/>\nV\u00e1lasz:\u00a0<b>Mennyei\u00a0<u>ke<\/u>nyeret * adott n\u00e9<u>kik<\/u>\u00a0az \u00dar.<\/b>\u00a0(2. t\u00f3nus.)<br \/>\nEl\u0151\u00e9nekes: Hallottuk Isten nagyszer\u0171\u00a0<u>tet<\/u>teit, * amint aty\u00e1ink elmond<u>t\u00e1k<\/u>\u00a0n\u00e9k\u00fcnk.<br \/>\nHirdetj\u00fck a j\u00f6v\u0151 nemzed\u00e9knek az \u00dar dics\u0151s\u00e9g\u00e9t \u00e9s\u00a0<u>e<\/u>rej\u00e9t, * a csod\u00e1kat, amelye<u>ket<\/u>\u00a0v\u00e9ghezvitt.<br \/>\nH\u00edvek:\u00a0<b>Mennyei\u00a0<u>ke<\/u>nyeret * adott n\u00e9<u>kik<\/u>\u00a0az \u00dar.<\/b><br \/>\nE: Parancsot adott a felh\u0151knek\u00a0<u>o<\/u>daf\u00f6nn, * \u00e9s az \u00e9g kapuit meg<u>nyi<\/u>totta.<br \/>\nEledel\u00fcl mann\u00e1t\u00a0<u>hul<\/u>latott, * mennyei kenyeret a<u>dott<\/u>\u00a0n\u00e9kik.<br \/>\nH:\u00a0<b>Mennyei\u00a0<u>ke<\/u>nyeret * adott n\u00e9<u>kik<\/u>\u00a0az \u00dar.<\/b><br \/>\nE: Angyalok kenyer\u00e9t ette az\u00a0<u>em<\/u>ber, * eledelt k\u00fcld\u00f6tt n\u00e9<u>kik<\/u>\u00a0b\u0151s\u00e9ggel.<br \/>\nBevezette \u0151ket szent\u00a0<u>he<\/u>gy\u00e9re, * a hegyre, melyet jobbja szer<u>zett<\/u>\u00a0n\u00e9kik.<br \/>\nH:\u00a0<b>Mennyei\u00a0<u>ke<\/u>nyeret * adott n\u00e9<u>kik<\/u>\u00a0az \u00dar.<\/b><\/p>\n<p align=\"justify\"><span style=\"color: #008000;\">SZENTLECKE Szent P\u00e1l apostolnak az efezusiakhoz \u00edrt level\u00e9b\u0151l (Ef 4,17.20-24)<\/span><br \/>\nTestv\u00e9reim!<br \/>\nAzt mondom nektek, s\u0151t figyelmeztetlek titeket az \u00darban: ne \u00e9ljetek \u00fagy, mint a pog\u00e1nyok, akik hi\u00e1baval\u00f3s\u00e1gokon j\u00e1ratj\u00e1k az esz\u00fcket. Ti nem ezt tanult\u00e1tok Krisztust\u00f3l, ha val\u00f3ban \u0151r\u00e1 hallgattatok, \u00e9s megtanult\u00e1tok, hogy az igazs\u00e1g J\u00e9zusban van. Teh\u00e1t eddigi \u00e9letm\u00f3dotokkal ellent\u00e9tben vess\u00e9tek le a r\u00e9gi embert, akit a csal\u00f3ka v\u00e1gyakoz\u00e1sok roml\u00e1sba d\u00f6ntenek. \u00dajuljatok meg l\u00e9lekben \u00e9s \u00e9rz\u00e9seitekben? \u00d6lts\u00e9tek magatokra az \u00faj embert, aki az Istenhez hasonl\u00f3, igaz \u00e9s val\u00f3ban szent teremtm\u00e9ny.<br \/>\nEz az Isten ig\u00e9je.<\/p>\n<p align=\"justify\"><span style=\"color: #008000;\">ALLELUJA<\/span><br \/>\nNemcsak keny\u00e9rrel \u00e9l az ember, * hanem minden ig\u00e9vel is, mely Isten ajk\u00e1r\u00f3l val\u00f3. (Mt 4,4b \u2013 2. t\u00f3nus.)<\/p>\n<p align=\"justify\"><span style=\"color: #008000;\">\u2020 EVANG\u00c9LIUM Szent J\u00e1nos k\u00f6nyv\u00e9b\u0151l (Jn 6, 24 &#8211; 35)<\/span><br \/>\nAbban az id\u0151ben amikor a n\u00e9p nem tal\u00e1lta J\u00e9zust, sem a tan\u00edtv\u00e1nyait, b\u00e1rk\u00e1ba sz\u00e1lltak, \u00e9s elmentek Kafarnaumba, hogy megkeress\u00e9k J\u00e9zust. Amikor a t\u00f3 t\u00fals\u00f3 partj\u00e1n megtal\u00e1lt\u00e1k, megk\u00e9rdezt\u00e9k t\u0151le: \u201eMester, mikor j\u00f6tt\u00e9l ide?\u201d<br \/>\n\u201eBizony, bizony, mondom nektek \u2013 felelte J\u00e9zus \u2013, nem az\u00e9rt kerestetek, mert csodajeleket l\u00e1ttatok, hanem mert ettetek a keny\u00e9rb\u0151l \u00e9s j\u00f3llaktatok. Ne olyan eledel\u00e9rt f\u00e1radozzatok, amely megromlik, hanem olyan\u00e9rt, amely megmarad az \u00f6r\u00f6k \u00e9letre. Ezt az Emberfia adja nektek, &#8211; \u0151t ugyanis az Atya igazolta.\u201d<br \/>\nErre megk\u00e9rdezt\u00e9k t\u0151le: \u201eMit tegy\u00fcnk, hogy Istennek tetsz\u0151 dolgot cselekedj\u00fcnk?\u201d<br \/>\n\u201eIstennek az tetszik \u2013 v\u00e1laszolta J\u00e9zus \u2013, ha hisztek abban, akit k\u00fcld\u00f6tt.\u201d<br \/>\nDe \u0151k \u00edgy folytatt\u00e1k: \u201eH\u00e1t te milyen csodajelet teszel, hogy l\u00e1ssuk \u00e9s higgy\u00fcnk neked? Mit tudsz tenni? Aty\u00e1ink mann\u00e1t ettek a puszt\u00e1ban, amint az \u00cdr\u00e1s mondja: \u00c9gi kenyeret adott nekik enni.\u201d<br \/>\nJ\u00e9zus erre \u00edgy sz\u00f3lt: \u201eBizony, bizony, mondom nektek: Nem M\u00f3zes adott nektek kenyeret az \u00e9gb\u0151l, hanem Aty\u00e1m adja nektek az igazi \u00e9gi kenyeret. Mert az az Isten kenyere, aki al\u00e1sz\u00e1llt az \u00e9gb\u0151l, \u00e9s aki \u00e9letet ad a vil\u00e1gnak.\u201d<br \/>\nErre \u00edgy sz\u00f3ltak hozz\u00e1: \u201eUrunk, add nek\u00fcnk mindig ezt a kenyeret!\u201d<br \/>\n\u201e\u00c9n vagyok az \u00e9let kenyere \u2013 felelte J\u00e9zus. Aki hozz\u00e1m j\u00f6n, t\u00f6bb\u00e9 nem \u00e9hezik, \u00e9s aki bennem hisz, soha nem szomjazik.\u201d<br \/>\nEzek az evang\u00e9lium ig\u00e9i.<\/p>\n<p><span style=\"color: #008000;\">EGYETEMES K\u00d6NY\u00d6RG\u00c9SEK<\/span><br \/>\nPap: K\u00f6ny\u00f6r\u00f6gj\u00fcnk, testv\u00e9reim, az irgalmas Istenhez, aki Krisztus \u00e1ltal t\u00e1pl\u00e1lja \u00e9hez\u0151 lelk\u00fcnket!<br \/>\nLektor:<br \/>\n1. Add, Urunk, hogy mindig \u00e9hezz\u00fck \u00e9s szomjazzuk a te igazs\u00e1godat!<br \/>\nH\u00edvek: K\u00e9r\u00fcnk t\u00e9ged, hallgass meg minket!<br \/>\n2. Az Olt\u00e1riszents\u00e9g gyakori v\u00e9tele t\u00e1pl\u00e1lja \u00e9s er\u0151s\u00edtse a kereszt\u00e9ny n\u00e9pet!<br \/>\nH\u00edvek: K\u00e9r\u00fcnk t\u00e9ged . . .<br \/>\n3. A f\u00f6ldi j\u00f3l\u00e9t\u00e9rt val\u00f3 k\u00fczdelem ne oltsa ki a n\u00e9pekben az \u00f6r\u00f6k \u00fcdv\u00f6ss\u00e9g v\u00e1gy\u00e1t!<br \/>\nH\u00edvek: K\u00e9r\u00fcnk t\u00e9ged . . .<br \/>\n4. A szenved\u0151k vigasztal\u00e1st, a bajbajutottak seg\u00edts\u00e9get nyerjenek a szent\u00e1ldoz\u00e1sb\u00f3l!<br \/>\nH\u00edvek: K\u00e9r\u00fcnk t\u00e9ged . . .<br \/>\n5. A szent \u00datraval\u00f3 \u00e1ltal meger\u0151s\u00edtve t\u00e1vozzunk a f\u00f6ldi \u00e9letb\u0151l!<br \/>\nH\u00edvek: K\u00e9r\u00fcnk t\u00e9ged . . .<br \/>\nPap: Isten\u00fcnk, n\u00e9lk\u00fcled senki sem lehet igaz\u00e1n boldog, \u00e9s senki sem \u00fcdv\u00f6z\u00fclhet. Tekints irgalmas szemmel hozz\u00e1d k\u00f6ny\u00f6rg\u0151 n\u00e9pedre, \u00e9s engedd \u00fagy boldogulni a f\u00f6ld\u00f6n, hogy elnyerje az \u00f6r\u00f6k \u00e9letet! Krisztus, a mi Urunk \u00e1ltal.<br \/>\nH\u00edvek: \u00c1men.<\/p>\n<p><span style=\"color: #008000;\">Felaj\u00e1nl\u00f3 k\u00f6ny\u00f6rg\u00e9s:<\/span><br \/>\nIrgalmas Urunk, Isten\u00fcnk, szenteld meg ezeket az adom\u00e1nyokat, \u00e9s elfogadva lelki \u00e1ldozatunkat, neked szentelt \u00f6r\u00f6k \u00e1ldozatt\u00e1 tegy\u00e9l minket. Krisztus, a mi Urunk \u00e1ltal.<\/p>\n<p><span style=\"color: #008000;\">\u00c1ldoz\u00e1si \u00e9nek:<\/span><br \/>\nKenyeret adt\u00e1l a mennyb\u0151l, Urunk (Isten\u00fcnk), amely minden gy\u00f6ny\u00f6r\u0171s\u00e9ggel \u00e9s \u00e9des \u00edzzel teljes. (B\u00f6lcs 16,20)<br \/>\n<span style=\"color: #008000;\"><i>vagy<\/i><\/span><br \/>\n\u00c9n vagyok az \u00e9let kenyere \u2013 mondja az \u00dar. Aki hozz\u00e1m j\u00f6n, t\u00f6bb\u00e9 nem \u00e9hezik, \u00e9s aki bennem hisz, nem szomjazik soha. (Jn 6,35)<\/p>\n<p><span style=\"color: #008000;\">\u00c1ldoz\u00e1s ut\u00e1ni k\u00f6ny\u00f6rg\u00e9s:<\/span><br \/>\nUrunk, Isten\u00fcnk, mennyei eledellel t\u00e1pl\u00e1ltad lelk\u00fcnket. Oltalmazz minket \u00e1lland\u00f3 p\u00e1rtfog\u00e1soddal, hogy \u00f6r\u00f6k megv\u00e1lt\u00e1sodra is m\u00e9lt\u00f3k legy\u00fcnk. Krisztus, a mi Urunk \u00e1ltal.<\/p>\n<p><em>(K\u00e9p forr\u00e1sa: Soare Alice)<\/em><\/p>\n","protected":false},"excerpt":{"rendered":"<p>M\u00e9g jav\u00e1ban tartanak az olimpiai j\u00e1t\u00e9kok, a nyit\u00f3 \u00fcnneps\u00e9g keltette botr\u00e1ny \u00e9s nyom\u00e1ban fell\u00e9p\u0151 indulatok azonban tov\u00e1bbra sem csitulnak. \u00d6r\u00f6k\u00f6s tanuls\u00e1g mindannyiunk sz\u00e1m\u00e1ra, hogy most a legb\u00f6lcsebb dolog, csendben maradni, fel\u00fclemelkedni az aktu\u00e1lis helyzeten, kell\u0151 t\u00e1vols\u00e1gb\u00f3l \u00e9s m\u00e9rt\u00e9ktart\u00f3 b\u00f6lcsess\u00e9gben szeml\u00e9lni a t\u00f6rt\u00e9n\u00e9seket. Globaliz\u00e1lt vil\u00e1gunknak, mely minden szinten \u00f6sszemos hat\u00e1rokat \u00e9s relativiz\u00e1l, \u00e1tmeneti pillanatk\u00e9pe a jelenlegi helyzet. Benne a legfontosabb felismer\u00e9s, hogy \u00e1tmeneti, vagyis elm\u00falik. Ennek f\u00e9ny\u00e9ben szeretn\u00e9nk tekinteni az \u00e9vk\u00f6zi 18. vas\u00e1rnap olvasm\u00e1nyait \u00e9s k\u00f6ny\u00f6rg\u00e9seit. Az els\u0151 k\u00f6ny\u00f6rg\u00e9s r\u00e1vil\u00e1g\u00edt \u00f6r\u00f6m\u00fcnk \u00e9s boldogs\u00e1gunk forr\u00e1s\u00e1ra. A j\u00f3 Isten teremt\u0151 \u00e9s gondvisel\u0151 Isten\u00fcnk. Vagyis, nem lehet k\u00edv\u00fclr\u0151l beleny\u00falni a teremt\u00e9s rendj\u00e9be. Isten emberek ir\u00e1nti gondoskod\u00f3 szeretet\u00e9nek nem lehet hat\u00e1rt szabni. Ez a mi rem\u00e9ny\u00fcnk. Az els\u0151 olvasm\u00e1ny egy nagyon emberi \u00e9rz\u00e9st jelen\u00edt meg, a z\u00fagol\u00f3d\u00e1s \u00e9s a nyom\u00e1ban fell\u00e9p\u0151 el\u00e9gedetlens\u00e9g \u00e9rz\u00e9s\u00e9t. A v\u00e1lasztott n\u00e9p belef\u00e1sul \u00e1llapot\u00e1ba \u00e9s helyzet\u00e9be. Visszas\u00edrja a fogs\u00e1g \u00e1llapot\u00e1t. Ismer\u0151s mindannyiunk sz\u00e1m\u00e1ra ez az \u00e9rz\u00e9s. Elbizonytalanod\u00e1s, el\u00e9gedetlens\u00e9g \u00e9s z\u00fagol\u00f3d\u00e1s. Magamra ismerek! Az igazi nagy k\u00e9rd\u00e9s, hogy ebb\u0151l az \u00e1llapotb\u00f3l van-e ki\u00fat? A v\u00e1lasz egy\u00e9rtelm\u0171: IGEN! Isten, mint akkor v\u00e1lasztott n\u00e9p\u00e9r\u0151l, \u00fagy ma is, gondoskodik r\u00f3lam. Ne hagyjam magamban gyeng\u00fclni ezt a hitet. A v\u00e1laszos zsolt\u00e1r gy\u00f6ny\u00f6r\u0171 k\u00e9pek seg\u00edts\u00e9g\u00e9vel \u00e9rz\u00e9kelteti Isten v\u00e1lasztott n\u00e9pe ir\u00e1nti gondoskod\u00f3 szeretet\u00e9t. Isten \u00fajsz\u00f6vets\u00e9gi v\u00e1lasztott n\u00e9pek\u00e9nt bizalom \u00e9s rem\u00e9ny t\u00f6lt el benn\u00fcnket. R\u00f3lunk is hasonl\u00f3 m\u00f3don gondoskodik. Ez\u00e9rt nincs helye a bennem l\u00e9v\u0151 nyugtalans\u00e1gnak \u00e9s bizonytalans\u00e1gnak. A szentlecke \u00fczenete b\u00e1tor\u00edt\u00f3 biztat\u00e1sk\u00e9nt is felfoghat\u00f3. \u00c1lland\u00f3 meg\u00fajul\u00e1sra van lehet\u0151s\u00e9g\u00fcnk eg\u00e9sz \u00e9let\u00fcnk\u00f6n kereszt\u00fcl. Ezt jelenti a l\u00e9lekben \u00e9s \u00e9rz\u00fcletben t\u00f6rt\u00e9n\u0151 meg\u00fajul\u00e1s. Ennek felt\u00e9tele azonban, hogy tudat\u00e1ban legyek saj\u00e1t gyenges\u00e9geimnek \u00e9s b\u0171neimnek. Ez a r\u00e9gi ember levet\u00e9se, \u00e9s fel\u00f6lt\u00e9se az \u00faj embernek. Vagyis maga a megt\u00e9r\u00e9s, meg\u00fajul\u00e1s. Ism\u00e9telten szeretn\u00e9k visszacsatolni az olimpiai j\u00e1t\u00e9kok nyit\u00f3 \u00fcnneps\u00e9g\u00e9re, \u00e9s az abban megjelen\u00edtett, pog\u00e1ny \u00e9letm\u00f3dot hirdet\u0151 k\u00e9pre.\u00a0 Az evang\u00e9liumi elbesz\u00e9l\u00e9s, mint \u00f6sszef\u00fcgg\u0151 t\u00f6rt\u00e9net, folytat\u00e1sa az elm\u00falt vas\u00e1rnapi evang\u00e9liumi t\u00f6rt\u00e9netnek. A csod\u00e1latos keny\u00e9rszapor\u00edt\u00e1s hamis ill\u00fazi\u00f3t \u00e9s&#8230; <\/p>\n<p><a class=\"readmore\" href=\"https:\/\/stuttgarti-katolikusok.de\/index.php\/evkozi-18-vasarnap-2\/\">R\u00e9szletek<\/a><\/p>\n","protected":false},"author":3,"featured_media":29246,"comment_status":"closed","ping_status":"closed","sticky":false,"template":"","format":"standard","meta":{"footnotes":""},"categories":[85,63],"tags":[],"class_list":["post-29241","post","type-post","status-publish","format-standard","has-post-thumbnail","hentry","category-a-liturgia-olvasmanyai","category-vasarnapi-gondolatok"],"yoast_head":"<!-- This site is optimized with the Yoast SEO plugin v27.3 - https:\/\/yoast.com\/product\/yoast-seo-wordpress\/ -->\n<title>\u00c9vk\u00f6zi 18. vas\u00e1rnap - Stuttgarti Katolikusok<\/title>\n<meta name=\"robots\" content=\"index, follow, max-snippet:-1, max-image-preview:large, max-video-preview:-1\" \/>\n<link rel=\"canonical\" href=\"https:\/\/stuttgarti-katolikusok.de\/index.php\/evkozi-18-vasarnap-2\/\" \/>\n<meta property=\"og:locale\" content=\"hu_HU\" \/>\n<meta property=\"og:type\" content=\"article\" \/>\n<meta property=\"og:title\" content=\"\u00c9vk\u00f6zi 18. vas\u00e1rnap - Stuttgarti Katolikusok\" \/>\n<meta property=\"og:description\" content=\"M\u00e9g jav\u00e1ban tartanak az olimpiai j\u00e1t\u00e9kok, a nyit\u00f3 \u00fcnneps\u00e9g keltette botr\u00e1ny \u00e9s nyom\u00e1ban fell\u00e9p\u0151 indulatok azonban tov\u00e1bbra sem csitulnak. \u00d6r\u00f6k\u00f6s tanuls\u00e1g mindannyiunk sz\u00e1m\u00e1ra, hogy most a legb\u00f6lcsebb dolog, csendben maradni, fel\u00fclemelkedni az aktu\u00e1lis helyzeten, kell\u0151 t\u00e1vols\u00e1gb\u00f3l \u00e9s m\u00e9rt\u00e9ktart\u00f3 b\u00f6lcsess\u00e9gben szeml\u00e9lni a t\u00f6rt\u00e9n\u00e9seket. Globaliz\u00e1lt vil\u00e1gunknak, mely minden szinten \u00f6sszemos hat\u00e1rokat \u00e9s relativiz\u00e1l, \u00e1tmeneti pillanatk\u00e9pe a jelenlegi helyzet. Benne a legfontosabb felismer\u00e9s, hogy \u00e1tmeneti, vagyis elm\u00falik. Ennek f\u00e9ny\u00e9ben szeretn\u00e9nk tekinteni az \u00e9vk\u00f6zi 18. vas\u00e1rnap olvasm\u00e1nyait \u00e9s k\u00f6ny\u00f6rg\u00e9seit. Az els\u0151 k\u00f6ny\u00f6rg\u00e9s r\u00e1vil\u00e1g\u00edt \u00f6r\u00f6m\u00fcnk \u00e9s boldogs\u00e1gunk forr\u00e1s\u00e1ra. A j\u00f3 Isten teremt\u0151 \u00e9s gondvisel\u0151 Isten\u00fcnk. Vagyis, nem lehet k\u00edv\u00fclr\u0151l beleny\u00falni a teremt\u00e9s rendj\u00e9be. Isten emberek ir\u00e1nti gondoskod\u00f3 szeretet\u00e9nek nem lehet hat\u00e1rt szabni. Ez a mi rem\u00e9ny\u00fcnk. Az els\u0151 olvasm\u00e1ny egy nagyon emberi \u00e9rz\u00e9st jelen\u00edt meg, a z\u00fagol\u00f3d\u00e1s \u00e9s a nyom\u00e1ban fell\u00e9p\u0151 el\u00e9gedetlens\u00e9g \u00e9rz\u00e9s\u00e9t. A v\u00e1lasztott n\u00e9p belef\u00e1sul \u00e1llapot\u00e1ba \u00e9s helyzet\u00e9be. Visszas\u00edrja a fogs\u00e1g \u00e1llapot\u00e1t. Ismer\u0151s mindannyiunk sz\u00e1m\u00e1ra ez az \u00e9rz\u00e9s. Elbizonytalanod\u00e1s, el\u00e9gedetlens\u00e9g \u00e9s z\u00fagol\u00f3d\u00e1s. Magamra ismerek! Az igazi nagy k\u00e9rd\u00e9s, hogy ebb\u0151l az \u00e1llapotb\u00f3l van-e ki\u00fat? A v\u00e1lasz egy\u00e9rtelm\u0171: IGEN! Isten, mint akkor v\u00e1lasztott n\u00e9p\u00e9r\u0151l, \u00fagy ma is, gondoskodik r\u00f3lam. Ne hagyjam magamban gyeng\u00fclni ezt a hitet. A v\u00e1laszos zsolt\u00e1r gy\u00f6ny\u00f6r\u0171 k\u00e9pek seg\u00edts\u00e9g\u00e9vel \u00e9rz\u00e9kelteti Isten v\u00e1lasztott n\u00e9pe ir\u00e1nti gondoskod\u00f3 szeretet\u00e9t. Isten \u00fajsz\u00f6vets\u00e9gi v\u00e1lasztott n\u00e9pek\u00e9nt bizalom \u00e9s rem\u00e9ny t\u00f6lt el benn\u00fcnket. R\u00f3lunk is hasonl\u00f3 m\u00f3don gondoskodik. Ez\u00e9rt nincs helye a bennem l\u00e9v\u0151 nyugtalans\u00e1gnak \u00e9s bizonytalans\u00e1gnak. A szentlecke \u00fczenete b\u00e1tor\u00edt\u00f3 biztat\u00e1sk\u00e9nt is felfoghat\u00f3. \u00c1lland\u00f3 meg\u00fajul\u00e1sra van lehet\u0151s\u00e9g\u00fcnk eg\u00e9sz \u00e9let\u00fcnk\u00f6n kereszt\u00fcl. Ezt jelenti a l\u00e9lekben \u00e9s \u00e9rz\u00fcletben t\u00f6rt\u00e9n\u0151 meg\u00fajul\u00e1s. Ennek felt\u00e9tele azonban, hogy tudat\u00e1ban legyek saj\u00e1t gyenges\u00e9geimnek \u00e9s b\u0171neimnek. Ez a r\u00e9gi ember levet\u00e9se, \u00e9s fel\u00f6lt\u00e9se az \u00faj embernek. Vagyis maga a megt\u00e9r\u00e9s, meg\u00fajul\u00e1s. Ism\u00e9telten szeretn\u00e9k visszacsatolni az olimpiai j\u00e1t\u00e9kok nyit\u00f3 \u00fcnneps\u00e9g\u00e9re, \u00e9s az abban megjelen\u00edtett, pog\u00e1ny \u00e9letm\u00f3dot hirdet\u0151 k\u00e9pre.\u00a0 Az evang\u00e9liumi elbesz\u00e9l\u00e9s, mint \u00f6sszef\u00fcgg\u0151 t\u00f6rt\u00e9net, folytat\u00e1sa az elm\u00falt vas\u00e1rnapi evang\u00e9liumi t\u00f6rt\u00e9netnek. A csod\u00e1latos keny\u00e9rszapor\u00edt\u00e1s hamis ill\u00fazi\u00f3t \u00e9s... R\u00e9szletek\" \/>\n<meta property=\"og:url\" content=\"https:\/\/stuttgarti-katolikusok.de\/index.php\/evkozi-18-vasarnap-2\/\" \/>\n<meta property=\"og:site_name\" content=\"Stuttgarti Katolikusok\" \/>\n<meta property=\"article:published_time\" content=\"2024-08-02T21:02:37+00:00\" \/>\n<meta property=\"article:modified_time\" content=\"2024-08-03T16:55:28+00:00\" \/>\n<meta property=\"og:image\" content=\"https:\/\/stuttgarti-katolikusok.de\/wp-content\/uploads\/2024\/08\/soare-alice.jpg\" \/>\n\t<meta property=\"og:image:width\" content=\"2048\" \/>\n\t<meta property=\"og:image:height\" content=\"1518\" \/>\n\t<meta property=\"og:image:type\" content=\"image\/jpeg\" \/>\n<meta name=\"author\" content=\"Tibor atya\" \/>\n<meta name=\"twitter:card\" content=\"summary_large_image\" \/>\n<meta name=\"twitter:label1\" content=\"Szerz\u0151:\" \/>\n\t<meta name=\"twitter:data1\" content=\"Tibor atya\" \/>\n\t<meta name=\"twitter:label2\" content=\"Becs\u00fclt olvas\u00e1si id\u0151\" \/>\n\t<meta name=\"twitter:data2\" content=\"8 perc\" \/>\n<script type=\"application\/ld+json\" class=\"yoast-schema-graph\">{\"@context\":\"https:\\\/\\\/schema.org\",\"@graph\":[{\"@type\":\"Article\",\"@id\":\"https:\\\/\\\/stuttgarti-katolikusok.de\\\/index.php\\\/evkozi-18-vasarnap-2\\\/#article\",\"isPartOf\":{\"@id\":\"https:\\\/\\\/stuttgarti-katolikusok.de\\\/index.php\\\/evkozi-18-vasarnap-2\\\/\"},\"author\":{\"name\":\"Tibor atya\",\"@id\":\"https:\\\/\\\/stuttgarti-katolikusok.de\\\/#\\\/schema\\\/person\\\/75908d6f8fdc03a57889d27209df7795\"},\"headline\":\"\u00c9vk\u00f6zi 18. vas\u00e1rnap\",\"datePublished\":\"2024-08-02T21:02:37+00:00\",\"dateModified\":\"2024-08-03T16:55:28+00:00\",\"mainEntityOfPage\":{\"@id\":\"https:\\\/\\\/stuttgarti-katolikusok.de\\\/index.php\\\/evkozi-18-vasarnap-2\\\/\"},\"wordCount\":1862,\"image\":{\"@id\":\"https:\\\/\\\/stuttgarti-katolikusok.de\\\/index.php\\\/evkozi-18-vasarnap-2\\\/#primaryimage\"},\"thumbnailUrl\":\"https:\\\/\\\/stuttgarti-katolikusok.de\\\/wp-content\\\/uploads\\\/2024\\\/08\\\/soare-alice.jpg\",\"articleSection\":[\"A liturgia olvasm\u00e1nyai\",\"Vas\u00e1rnapi gondolatok\"],\"inLanguage\":\"hu\"},{\"@type\":\"WebPage\",\"@id\":\"https:\\\/\\\/stuttgarti-katolikusok.de\\\/index.php\\\/evkozi-18-vasarnap-2\\\/\",\"url\":\"https:\\\/\\\/stuttgarti-katolikusok.de\\\/index.php\\\/evkozi-18-vasarnap-2\\\/\",\"name\":\"\u00c9vk\u00f6zi 18. vas\u00e1rnap - Stuttgarti Katolikusok\",\"isPartOf\":{\"@id\":\"https:\\\/\\\/stuttgarti-katolikusok.de\\\/#website\"},\"primaryImageOfPage\":{\"@id\":\"https:\\\/\\\/stuttgarti-katolikusok.de\\\/index.php\\\/evkozi-18-vasarnap-2\\\/#primaryimage\"},\"image\":{\"@id\":\"https:\\\/\\\/stuttgarti-katolikusok.de\\\/index.php\\\/evkozi-18-vasarnap-2\\\/#primaryimage\"},\"thumbnailUrl\":\"https:\\\/\\\/stuttgarti-katolikusok.de\\\/wp-content\\\/uploads\\\/2024\\\/08\\\/soare-alice.jpg\",\"datePublished\":\"2024-08-02T21:02:37+00:00\",\"dateModified\":\"2024-08-03T16:55:28+00:00\",\"author\":{\"@id\":\"https:\\\/\\\/stuttgarti-katolikusok.de\\\/#\\\/schema\\\/person\\\/75908d6f8fdc03a57889d27209df7795\"},\"breadcrumb\":{\"@id\":\"https:\\\/\\\/stuttgarti-katolikusok.de\\\/index.php\\\/evkozi-18-vasarnap-2\\\/#breadcrumb\"},\"inLanguage\":\"hu\",\"potentialAction\":[{\"@type\":\"ReadAction\",\"target\":[\"https:\\\/\\\/stuttgarti-katolikusok.de\\\/index.php\\\/evkozi-18-vasarnap-2\\\/\"]}]},{\"@type\":\"ImageObject\",\"inLanguage\":\"hu\",\"@id\":\"https:\\\/\\\/stuttgarti-katolikusok.de\\\/index.php\\\/evkozi-18-vasarnap-2\\\/#primaryimage\",\"url\":\"https:\\\/\\\/stuttgarti-katolikusok.de\\\/wp-content\\\/uploads\\\/2024\\\/08\\\/soare-alice.jpg\",\"contentUrl\":\"https:\\\/\\\/stuttgarti-katolikusok.de\\\/wp-content\\\/uploads\\\/2024\\\/08\\\/soare-alice.jpg\",\"width\":2048,\"height\":1518},{\"@type\":\"BreadcrumbList\",\"@id\":\"https:\\\/\\\/stuttgarti-katolikusok.de\\\/index.php\\\/evkozi-18-vasarnap-2\\\/#breadcrumb\",\"itemListElement\":[{\"@type\":\"ListItem\",\"position\":1,\"name\":\"Kezd\u0151lap\",\"item\":\"https:\\\/\\\/stuttgarti-katolikusok.de\\\/\"},{\"@type\":\"ListItem\",\"position\":2,\"name\":\"\u00c9vk\u00f6zi 18. vas\u00e1rnap\"}]},{\"@type\":\"WebSite\",\"@id\":\"https:\\\/\\\/stuttgarti-katolikusok.de\\\/#website\",\"url\":\"https:\\\/\\\/stuttgarti-katolikusok.de\\\/\",\"name\":\"Stuttgarti Katolikusok\",\"description\":\"\",\"potentialAction\":[{\"@type\":\"SearchAction\",\"target\":{\"@type\":\"EntryPoint\",\"urlTemplate\":\"https:\\\/\\\/stuttgarti-katolikusok.de\\\/?s={search_term_string}\"},\"query-input\":{\"@type\":\"PropertyValueSpecification\",\"valueRequired\":true,\"valueName\":\"search_term_string\"}}],\"inLanguage\":\"hu\"},{\"@type\":\"Person\",\"@id\":\"https:\\\/\\\/stuttgarti-katolikusok.de\\\/#\\\/schema\\\/person\\\/75908d6f8fdc03a57889d27209df7795\",\"name\":\"Tibor atya\",\"image\":{\"@type\":\"ImageObject\",\"inLanguage\":\"hu\",\"@id\":\"https:\\\/\\\/secure.gravatar.com\\\/avatar\\\/61d268e57d1f4525b111222e29d2d5a7f8c420fdbf231ba5566a8ceac74fa960?s=96&d=mm&r=g\",\"url\":\"https:\\\/\\\/secure.gravatar.com\\\/avatar\\\/61d268e57d1f4525b111222e29d2d5a7f8c420fdbf231ba5566a8ceac74fa960?s=96&d=mm&r=g\",\"contentUrl\":\"https:\\\/\\\/secure.gravatar.com\\\/avatar\\\/61d268e57d1f4525b111222e29d2d5a7f8c420fdbf231ba5566a8ceac74fa960?s=96&d=mm&r=g\",\"caption\":\"Tibor atya\"},\"url\":\"https:\\\/\\\/stuttgarti-katolikusok.de\\\/index.php\\\/author\\\/tibor-atya\\\/\"}]}<\/script>\n<!-- \/ Yoast SEO plugin. -->","yoast_head_json":{"title":"\u00c9vk\u00f6zi 18. vas\u00e1rnap - Stuttgarti Katolikusok","robots":{"index":"index","follow":"follow","max-snippet":"max-snippet:-1","max-image-preview":"max-image-preview:large","max-video-preview":"max-video-preview:-1"},"canonical":"https:\/\/stuttgarti-katolikusok.de\/index.php\/evkozi-18-vasarnap-2\/","og_locale":"hu_HU","og_type":"article","og_title":"\u00c9vk\u00f6zi 18. vas\u00e1rnap - Stuttgarti Katolikusok","og_description":"M\u00e9g jav\u00e1ban tartanak az olimpiai j\u00e1t\u00e9kok, a nyit\u00f3 \u00fcnneps\u00e9g keltette botr\u00e1ny \u00e9s nyom\u00e1ban fell\u00e9p\u0151 indulatok azonban tov\u00e1bbra sem csitulnak. \u00d6r\u00f6k\u00f6s tanuls\u00e1g mindannyiunk sz\u00e1m\u00e1ra, hogy most a legb\u00f6lcsebb dolog, csendben maradni, fel\u00fclemelkedni az aktu\u00e1lis helyzeten, kell\u0151 t\u00e1vols\u00e1gb\u00f3l \u00e9s m\u00e9rt\u00e9ktart\u00f3 b\u00f6lcsess\u00e9gben szeml\u00e9lni a t\u00f6rt\u00e9n\u00e9seket. Globaliz\u00e1lt vil\u00e1gunknak, mely minden szinten \u00f6sszemos hat\u00e1rokat \u00e9s relativiz\u00e1l, \u00e1tmeneti pillanatk\u00e9pe a jelenlegi helyzet. Benne a legfontosabb felismer\u00e9s, hogy \u00e1tmeneti, vagyis elm\u00falik. Ennek f\u00e9ny\u00e9ben szeretn\u00e9nk tekinteni az \u00e9vk\u00f6zi 18. vas\u00e1rnap olvasm\u00e1nyait \u00e9s k\u00f6ny\u00f6rg\u00e9seit. Az els\u0151 k\u00f6ny\u00f6rg\u00e9s r\u00e1vil\u00e1g\u00edt \u00f6r\u00f6m\u00fcnk \u00e9s boldogs\u00e1gunk forr\u00e1s\u00e1ra. A j\u00f3 Isten teremt\u0151 \u00e9s gondvisel\u0151 Isten\u00fcnk. Vagyis, nem lehet k\u00edv\u00fclr\u0151l beleny\u00falni a teremt\u00e9s rendj\u00e9be. Isten emberek ir\u00e1nti gondoskod\u00f3 szeretet\u00e9nek nem lehet hat\u00e1rt szabni. Ez a mi rem\u00e9ny\u00fcnk. Az els\u0151 olvasm\u00e1ny egy nagyon emberi \u00e9rz\u00e9st jelen\u00edt meg, a z\u00fagol\u00f3d\u00e1s \u00e9s a nyom\u00e1ban fell\u00e9p\u0151 el\u00e9gedetlens\u00e9g \u00e9rz\u00e9s\u00e9t. A v\u00e1lasztott n\u00e9p belef\u00e1sul \u00e1llapot\u00e1ba \u00e9s helyzet\u00e9be. Visszas\u00edrja a fogs\u00e1g \u00e1llapot\u00e1t. Ismer\u0151s mindannyiunk sz\u00e1m\u00e1ra ez az \u00e9rz\u00e9s. Elbizonytalanod\u00e1s, el\u00e9gedetlens\u00e9g \u00e9s z\u00fagol\u00f3d\u00e1s. Magamra ismerek! Az igazi nagy k\u00e9rd\u00e9s, hogy ebb\u0151l az \u00e1llapotb\u00f3l van-e ki\u00fat? A v\u00e1lasz egy\u00e9rtelm\u0171: IGEN! Isten, mint akkor v\u00e1lasztott n\u00e9p\u00e9r\u0151l, \u00fagy ma is, gondoskodik r\u00f3lam. Ne hagyjam magamban gyeng\u00fclni ezt a hitet. A v\u00e1laszos zsolt\u00e1r gy\u00f6ny\u00f6r\u0171 k\u00e9pek seg\u00edts\u00e9g\u00e9vel \u00e9rz\u00e9kelteti Isten v\u00e1lasztott n\u00e9pe ir\u00e1nti gondoskod\u00f3 szeretet\u00e9t. Isten \u00fajsz\u00f6vets\u00e9gi v\u00e1lasztott n\u00e9pek\u00e9nt bizalom \u00e9s rem\u00e9ny t\u00f6lt el benn\u00fcnket. R\u00f3lunk is hasonl\u00f3 m\u00f3don gondoskodik. Ez\u00e9rt nincs helye a bennem l\u00e9v\u0151 nyugtalans\u00e1gnak \u00e9s bizonytalans\u00e1gnak. A szentlecke \u00fczenete b\u00e1tor\u00edt\u00f3 biztat\u00e1sk\u00e9nt is felfoghat\u00f3. \u00c1lland\u00f3 meg\u00fajul\u00e1sra van lehet\u0151s\u00e9g\u00fcnk eg\u00e9sz \u00e9let\u00fcnk\u00f6n kereszt\u00fcl. Ezt jelenti a l\u00e9lekben \u00e9s \u00e9rz\u00fcletben t\u00f6rt\u00e9n\u0151 meg\u00fajul\u00e1s. Ennek felt\u00e9tele azonban, hogy tudat\u00e1ban legyek saj\u00e1t gyenges\u00e9geimnek \u00e9s b\u0171neimnek. Ez a r\u00e9gi ember levet\u00e9se, \u00e9s fel\u00f6lt\u00e9se az \u00faj embernek. Vagyis maga a megt\u00e9r\u00e9s, meg\u00fajul\u00e1s. Ism\u00e9telten szeretn\u00e9k visszacsatolni az olimpiai j\u00e1t\u00e9kok nyit\u00f3 \u00fcnneps\u00e9g\u00e9re, \u00e9s az abban megjelen\u00edtett, pog\u00e1ny \u00e9letm\u00f3dot hirdet\u0151 k\u00e9pre.\u00a0 Az evang\u00e9liumi elbesz\u00e9l\u00e9s, mint \u00f6sszef\u00fcgg\u0151 t\u00f6rt\u00e9net, folytat\u00e1sa az elm\u00falt vas\u00e1rnapi evang\u00e9liumi t\u00f6rt\u00e9netnek. A csod\u00e1latos keny\u00e9rszapor\u00edt\u00e1s hamis ill\u00fazi\u00f3t \u00e9s... R\u00e9szletek","og_url":"https:\/\/stuttgarti-katolikusok.de\/index.php\/evkozi-18-vasarnap-2\/","og_site_name":"Stuttgarti Katolikusok","article_published_time":"2024-08-02T21:02:37+00:00","article_modified_time":"2024-08-03T16:55:28+00:00","og_image":[{"width":2048,"height":1518,"url":"https:\/\/stuttgarti-katolikusok.de\/wp-content\/uploads\/2024\/08\/soare-alice.jpg","type":"image\/jpeg"}],"author":"Tibor atya","twitter_card":"summary_large_image","twitter_misc":{"Szerz\u0151:":"Tibor atya","Becs\u00fclt olvas\u00e1si id\u0151":"8 perc"},"schema":{"@context":"https:\/\/schema.org","@graph":[{"@type":"Article","@id":"https:\/\/stuttgarti-katolikusok.de\/index.php\/evkozi-18-vasarnap-2\/#article","isPartOf":{"@id":"https:\/\/stuttgarti-katolikusok.de\/index.php\/evkozi-18-vasarnap-2\/"},"author":{"name":"Tibor atya","@id":"https:\/\/stuttgarti-katolikusok.de\/#\/schema\/person\/75908d6f8fdc03a57889d27209df7795"},"headline":"\u00c9vk\u00f6zi 18. vas\u00e1rnap","datePublished":"2024-08-02T21:02:37+00:00","dateModified":"2024-08-03T16:55:28+00:00","mainEntityOfPage":{"@id":"https:\/\/stuttgarti-katolikusok.de\/index.php\/evkozi-18-vasarnap-2\/"},"wordCount":1862,"image":{"@id":"https:\/\/stuttgarti-katolikusok.de\/index.php\/evkozi-18-vasarnap-2\/#primaryimage"},"thumbnailUrl":"https:\/\/stuttgarti-katolikusok.de\/wp-content\/uploads\/2024\/08\/soare-alice.jpg","articleSection":["A liturgia olvasm\u00e1nyai","Vas\u00e1rnapi gondolatok"],"inLanguage":"hu"},{"@type":"WebPage","@id":"https:\/\/stuttgarti-katolikusok.de\/index.php\/evkozi-18-vasarnap-2\/","url":"https:\/\/stuttgarti-katolikusok.de\/index.php\/evkozi-18-vasarnap-2\/","name":"\u00c9vk\u00f6zi 18. vas\u00e1rnap - Stuttgarti Katolikusok","isPartOf":{"@id":"https:\/\/stuttgarti-katolikusok.de\/#website"},"primaryImageOfPage":{"@id":"https:\/\/stuttgarti-katolikusok.de\/index.php\/evkozi-18-vasarnap-2\/#primaryimage"},"image":{"@id":"https:\/\/stuttgarti-katolikusok.de\/index.php\/evkozi-18-vasarnap-2\/#primaryimage"},"thumbnailUrl":"https:\/\/stuttgarti-katolikusok.de\/wp-content\/uploads\/2024\/08\/soare-alice.jpg","datePublished":"2024-08-02T21:02:37+00:00","dateModified":"2024-08-03T16:55:28+00:00","author":{"@id":"https:\/\/stuttgarti-katolikusok.de\/#\/schema\/person\/75908d6f8fdc03a57889d27209df7795"},"breadcrumb":{"@id":"https:\/\/stuttgarti-katolikusok.de\/index.php\/evkozi-18-vasarnap-2\/#breadcrumb"},"inLanguage":"hu","potentialAction":[{"@type":"ReadAction","target":["https:\/\/stuttgarti-katolikusok.de\/index.php\/evkozi-18-vasarnap-2\/"]}]},{"@type":"ImageObject","inLanguage":"hu","@id":"https:\/\/stuttgarti-katolikusok.de\/index.php\/evkozi-18-vasarnap-2\/#primaryimage","url":"https:\/\/stuttgarti-katolikusok.de\/wp-content\/uploads\/2024\/08\/soare-alice.jpg","contentUrl":"https:\/\/stuttgarti-katolikusok.de\/wp-content\/uploads\/2024\/08\/soare-alice.jpg","width":2048,"height":1518},{"@type":"BreadcrumbList","@id":"https:\/\/stuttgarti-katolikusok.de\/index.php\/evkozi-18-vasarnap-2\/#breadcrumb","itemListElement":[{"@type":"ListItem","position":1,"name":"Kezd\u0151lap","item":"https:\/\/stuttgarti-katolikusok.de\/"},{"@type":"ListItem","position":2,"name":"\u00c9vk\u00f6zi 18. vas\u00e1rnap"}]},{"@type":"WebSite","@id":"https:\/\/stuttgarti-katolikusok.de\/#website","url":"https:\/\/stuttgarti-katolikusok.de\/","name":"Stuttgarti Katolikusok","description":"","potentialAction":[{"@type":"SearchAction","target":{"@type":"EntryPoint","urlTemplate":"https:\/\/stuttgarti-katolikusok.de\/?s={search_term_string}"},"query-input":{"@type":"PropertyValueSpecification","valueRequired":true,"valueName":"search_term_string"}}],"inLanguage":"hu"},{"@type":"Person","@id":"https:\/\/stuttgarti-katolikusok.de\/#\/schema\/person\/75908d6f8fdc03a57889d27209df7795","name":"Tibor atya","image":{"@type":"ImageObject","inLanguage":"hu","@id":"https:\/\/secure.gravatar.com\/avatar\/61d268e57d1f4525b111222e29d2d5a7f8c420fdbf231ba5566a8ceac74fa960?s=96&d=mm&r=g","url":"https:\/\/secure.gravatar.com\/avatar\/61d268e57d1f4525b111222e29d2d5a7f8c420fdbf231ba5566a8ceac74fa960?s=96&d=mm&r=g","contentUrl":"https:\/\/secure.gravatar.com\/avatar\/61d268e57d1f4525b111222e29d2d5a7f8c420fdbf231ba5566a8ceac74fa960?s=96&d=mm&r=g","caption":"Tibor atya"},"url":"https:\/\/stuttgarti-katolikusok.de\/index.php\/author\/tibor-atya\/"}]}},"_links":{"self":[{"href":"https:\/\/stuttgarti-katolikusok.de\/index.php\/wp-json\/wp\/v2\/posts\/29241","targetHints":{"allow":["GET"]}}],"collection":[{"href":"https:\/\/stuttgarti-katolikusok.de\/index.php\/wp-json\/wp\/v2\/posts"}],"about":[{"href":"https:\/\/stuttgarti-katolikusok.de\/index.php\/wp-json\/wp\/v2\/types\/post"}],"author":[{"embeddable":true,"href":"https:\/\/stuttgarti-katolikusok.de\/index.php\/wp-json\/wp\/v2\/users\/3"}],"replies":[{"embeddable":true,"href":"https:\/\/stuttgarti-katolikusok.de\/index.php\/wp-json\/wp\/v2\/comments?post=29241"}],"version-history":[{"count":10,"href":"https:\/\/stuttgarti-katolikusok.de\/index.php\/wp-json\/wp\/v2\/posts\/29241\/revisions"}],"predecessor-version":[{"id":29252,"href":"https:\/\/stuttgarti-katolikusok.de\/index.php\/wp-json\/wp\/v2\/posts\/29241\/revisions\/29252"}],"wp:featuredmedia":[{"embeddable":true,"href":"https:\/\/stuttgarti-katolikusok.de\/index.php\/wp-json\/wp\/v2\/media\/29246"}],"wp:attachment":[{"href":"https:\/\/stuttgarti-katolikusok.de\/index.php\/wp-json\/wp\/v2\/media?parent=29241"}],"wp:term":[{"taxonomy":"category","embeddable":true,"href":"https:\/\/stuttgarti-katolikusok.de\/index.php\/wp-json\/wp\/v2\/categories?post=29241"},{"taxonomy":"post_tag","embeddable":true,"href":"https:\/\/stuttgarti-katolikusok.de\/index.php\/wp-json\/wp\/v2\/tags?post=29241"}],"curies":[{"name":"wp","href":"https:\/\/api.w.org\/{rel}","templated":true}]}}