{"id":29226,"date":"2024-07-27T21:26:33","date_gmt":"2024-07-27T19:26:33","guid":{"rendered":"https:\/\/stuttgarti-katolikusok.de\/?p=29226"},"modified":"2024-08-03T18:55:02","modified_gmt":"2024-08-03T16:55:02","slug":"evkozi-17-vasarnap-nagyszulok-es-idosek-vilagnapja","status":"publish","type":"post","link":"https:\/\/stuttgarti-katolikusok.de\/index.php\/evkozi-17-vasarnap-nagyszulok-es-idosek-vilagnapja\/","title":{"rendered":"\u00c9vk\u00f6zi 17. vas\u00e1rnap \u2013 Nagysz\u00fcl\u0151k \u00e9s id\u0151sek vil\u00e1gnapja"},"content":{"rendered":"<p><span style=\"color: #ff6600;\"><em>A mai, \u00e9vk\u00f6zi 17. vas\u00e1rnap, k\u00f6ny\u00f6rg\u00e9se nagyon fontos igazs\u00e1gra ir\u00e1ny\u00edtja r\u00e1 figyelm\u00fcnket. K\u00fcl\u00f6n\u00f6sen annak f\u00e9ny\u00e9ben, ami a P\u00e1rizsi Olimpia J\u00e1t\u00e9kok megnyit\u00f3 \u00fcnneps\u00e9g\u00e9n t\u00f6rt\u00e9nt. Az\u00f3ta ez a k\u00e9rd\u00e9s foglalkoztat: Mindent el kell t\u0171rn\u00fcnk? Hol vannak a hat\u00e1rok? A v\u00e1laszt a k\u00f6ny\u00f6rg\u00e9s \u00fczenet\u00e9ben tal\u00e1ltam\u00a0 meg: &#8222;Isten\u00fcnk, benned b\u00edz\u00f3k oltalmaz\u00f3ja, aki n\u00e9lk\u00fcl semmi sem szent, semmi sem \u00e1lland\u00f3.&#8221; Vagyis, ami a nyit\u00f3\u00fcnneps\u00e9gen t\u00f6rt\u00e9nt, csup\u00e1n kort\u00fcnet. Ahogy j\u00f6tt, \u00fagy t\u0171nik el. A k\u00f6ny\u00f6rg\u00e9s folytat\u00f3dik: &#8222;\u00c1raszd r\u00e1nk b\u0151s\u00e9ges irgalmaddal, hogy ir\u00e1ny\u00edt\u00e1soddal \u00fagy haszn\u00e1ljuk a muland\u00f3 javakat, hogy sz\u00edv\u00fcnk m\u00e1r most a maradand\u00f3khoz ragaszkodjon.&#8221; &#8211; Ez a megold\u00e1s kulcsa: sz\u00edv\u00fcnkkel a maradand\u00f3khoz ragaszkodni. Amennyiben pedig ehhez hozz\u00e1veszem Egyh\u00e1zmegy\u00e9nk mai trendj\u00e9t, ez m\u00e9g hatv\u00e1nyozottabb m\u00e9rt\u00e9kben helyt\u00e1ll\u00f3.<\/em><\/span><\/p>\n<p><span style=\"color: #ff6600;\"><em>Az els\u0151 olvasm\u00e1ny Isten gondoskod\u00f3 j\u00f3s\u00e1g\u00e1t \u00e9s szeretet\u00e9t, \u00e9s az abban val\u00f3 hitet szeretn\u00e9 feler\u0151s\u00edteni benn\u00fcnk. A k\u00e9rd\u00e9s csup\u00e1n, hogy tudok-e \u00fagy r\u00e1hagyatkozni, ahogyan Elizeus pr\u00f3f\u00e9ta aj\u00e1nlja, \u00e9ppen a nagy \u00e9h\u00edns\u00e9g idej\u00e9n. Sz\u00e1momra egy feladat van: ez hitet er\u0151s\u00edteni magamban \u00e9s a r\u00e1m b\u00edzottokban.<\/em><\/span><\/p>\n<p><span style=\"color: #ff6600;\"><em>A v\u00e1laszos zsolt\u00e1r ism\u00e9tl\u0151d\u0151 felh\u00edv\u00e1sa: &#8222;Megnyitod kezedet, Istenem, \u00e9s t\u00e1pl\u00e1lsz minket.&#8221; Vagyis, Isten a t\u00f6rt\u00e9nelem Ura. Milyen biztons\u00e1g van ebben a felismer\u00e9sben!<\/em><\/span><\/p>\n<p><span style=\"color: #ff6600;\"><em>R\u00f3mai falain k\u00edv\u00fcl mutogatj\u00e1k azt a vasr\u00e1ccsal elz\u00e1rt \u00fcreget, ahol P\u00e1l apostol b\u00f6rt\u00f6ne volt. A fogoly P\u00e1l hallgat, nem a maga igaz\u00e1t keresi. Mi t\u00f6bb, innen is int, tan\u00edt al\u00e1zatra, szel\u00edds\u00e9gre \u00e9s b\u00e9kess\u00e9gre. Csak teste volt b\u00f6rt\u00f6nben, lelke azonban most is szabad volt. Itt \u00e9rint meg igaz\u00e1b\u00f3l engem is az \u0150 t\u00f6rt\u00e9nete. Ne keresd sohasem a magad igaz\u00e1t! Helyette, j\u00e1rd a magad \u00fatj\u00e1t, l\u00e9lekben teljesen szabadon. A lelki egys\u00e9g fenntart\u00e1sa, illetve annak felk\u00edn\u00e1l\u00e1sa mindenn\u00e9l fontosabb. Egy\u00e9ni \u00e9lethivat\u00e1sunk meger\u0151s\u00edt\u00e9se.<\/em><\/span><\/p>\n<p><span style=\"color: #ff6600;\"><em>Az evang\u00e9liumi p\u00e9ldabesz\u00e9d egy eg\u00e9szen hiteles t\u00f6rt\u00e9netet t\u00e1r el\u00e9nk. \u00c9letem rem\u00e9nytelennek t\u0171n\u0151 helyzete, illetve annak felold\u00e1sa. A t\u00f6rt\u00e9netet ismerj\u00fck: a megold\u00e1s, egy ott tart\u00f3zkod\u00f3 fi\u00fa, annak \u00f6t \u00e1rpakenyere \u00e9s k\u00e9t hala. Ahhoz, hogy J\u00e9zus csod\u00e1t tegyen, megmutassa isteni hatalm\u00e1t,\u00a0 sz\u00fcks\u00e9ge van a az ifj\u00fa \u00e1rpakenyer\u00e9re \u00e9s hal\u00e1ra. Mi az \u00e9n \u00e1rpakenyerem \u00e9s halam? Mit tudok felaj\u00e1nlani. Amennyiben pedig elbizonytalanodom, ne feledjem, J\u00e9zusnak arra a kev\u00e9sre van sz\u00fcks\u00e9ge, amit nekem aj\u00e1nd\u00e9kozott.\u00a0<\/em><\/span><\/p>\n<p><span style=\"color: #008000;\">Kezd\u0151\u00e9nek:<\/span><br \/>\nSzent hajl\u00e9k\u00e1ban lakik az Isten: Isten, aki lak\u00e1st ad h\u00e1z\u00e1ban az egyet\u00e9rt\u0151knek. \u0150 ad hatalmat \u00e9s er\u0151t n\u00e9p\u00e9nek. (V\u00f6. Zsolt 67,6-7.36)<\/p>\n<p><span style=\"color: #008000;\">K\u00f6ny\u00f6rg\u00e9s:<\/span><br \/>\nIsten\u00fcnk, benned b\u00edz\u00f3k oltalmaz\u00f3ja, aki n\u00e9lk\u00fcl semmi sem szent, semmi sem \u00e1lland\u00f3: \u00e1raszd r\u00e1nk b\u0151s\u00e9ges irgalmadat, hogy ir\u00e1ny\u00edt\u00e1soddal \u00e9s korm\u00e1nyz\u00e1soddal \u00fagy haszn\u00e1ljuk a muland\u00f3 javakat, hogy m\u00e1r most a maradand\u00f3khoz ragaszkodjunk. A mi Urunk, J\u00e9zus Krisztus, a te Fiad \u00e1ltal, aki veled \u00e9l \u00e9s uralkodik a Szentl\u00e9lekkel egys\u00e9gben, Isten mind\u00f6r\u00f6kk\u00f6n \u00f6r\u00f6kk\u00e9.<\/p>\n<p align=\"justify\"><span style=\"color: #008000;\">OLVASM\u00c1NY a Kir\u00e1lyok m\u00e1sodik k\u00f6nyv\u00e9b\u0151l (2Kir 4,42-44)<\/span><br \/>\nElizeus pr\u00f3f\u00e9ta kor\u00e1ban, a nagy \u00e9h\u00edns\u00e9g idej\u00e9n t\u00f6rt\u00e9nt: J\u00f6tt egy ember Baal-Salis\u00e1b\u00f3l \u00e9s az Isten ember\u00e9nek kenyeret hozott az els\u0151 term\u00e9sb\u0151l: h\u00fasz \u00e1rpakenyeret meg friss gabon\u00e1t a zs\u00e1kj\u00e1ban. Erre Elizeus megparancsolta: \u201eAdjatok enni az embereknek!\u201d Szolg\u00e1ja ellene vetette: \u201eHogy adjak ennyit sz\u00e1z ember el\u00e9?\u201d De \u0151 azt felelte: \u201eAdj csak az embereknek enni! Mert ezt mondja az \u00dar: Esztek \u00e9s m\u00e9g marad is.\u201d Erre el\u00e9j\u00fck tette, azok ettek \u00e9s m\u00e9g maradt is, ahogy az \u00dar mondta.<br \/>\nEz az Isten ig\u00e9je.<\/p>\n<p align=\"justify\"><span style=\"color: #008000;\">V\u00c1LASZOS ZSOLT\u00c1R (Zsolt 144,10-11.15-16.17-18)<\/span><br \/>\nV\u00e1lasz:\u00a0<b>Megnyitod kezedet,\u00a0<u>Is<\/u>tenem, * \u00e9s\u00a0<u>t\u00e1p<\/u>l\u00e1lsz minket.<\/b>\u00a0(5. t\u00f3nus.)<br \/>\nEl\u0151\u00e9nekes: Magasztaljon t\u00e9ged, Uram, minden\u00a0<u>m\u0171<\/u>ved, * szentjeid\u00a0<u>\u00e1l<\/u>d\u00e1st mondjanak.<br \/>\nOrsz\u00e1god dics\u0151s\u00e9g\u00e9r\u0151l\u00a0<u>sz\u00f3l<\/u>janak, * \u00e9s hatalmadat\u00a0<u>min<\/u>denek hirdess\u00e9k.<br \/>\nH\u00edvek:\u00a0<b>Megnyitod kezedet,\u00a0<u>Is<\/u>tenem, * \u00e9s\u00a0<u>t\u00e1p<\/u>l\u00e1lsz minket.<\/b><br \/>\nE: Mindeneknek szeme b\u00edz\u00f3n\u00a0<u>r\u00e1d<\/u>\u00a0tekint, * \u00e9s te enni adsz nekik\u00a0<u>kel<\/u>l\u0151 id\u0151ben.<br \/>\nMegnyitod\u00a0<u>ke<\/u>zedet, * \u00e9s javaiddal elt\u00f6ltesz\u00a0<u>min<\/u>den \u00e9l\u0151t.<br \/>\nH:\u00a0<b>Megnyitod kezedet,\u00a0<u>Is<\/u>tenem, * \u00e9s\u00a0<u>t\u00e1p<\/u>l\u00e1lsz minket.<\/b><br \/>\nE: Igazs\u00e1gos az \u00dar minden\u00a0<u>\u00fat<\/u>j\u00e1n, * \u00e9s szent\u00a0<u>min<\/u>den m\u0171v\u00e9ben.<br \/>\nK\u00f6zel van az \u00dar mindazokhoz, akik \u0151t\u00a0<u>h\u00edv<\/u>j\u00e1k, * akik hozz\u00e1 ki\u00e1ltanak\u00a0<u>i<\/u>gaz sz\u00edvvel.<br \/>\nH:\u00a0<b>Megnyitod kezedet,\u00a0<u>Is<\/u>tenem, * \u00e9s\u00a0<u>t\u00e1p<\/u>l\u00e1lsz minket.<\/b><\/p>\n<p align=\"justify\"><span style=\"color: #008000;\">SZENTLECKE Szent P\u00e1l apostolnak az efezusiakhoz \u00edrt level\u00e9b\u0151l (Ef 4,1-6)<\/span><br \/>\nTestv\u00e9reim!<br \/>\nK\u00e9rlek benneteket, \u00e9n, aki fogoly vagyok az \u00darban, hogy \u00e9ljetek m\u00e9lt\u00f3n ahhoz a hivat\u00e1shoz, amelyet kaptatok; teljes al\u00e1zatban, szel\u00edds\u00e9gben \u00e9s t\u00fcrelemben. Viselj\u00e9tek el egym\u00e1st szeretettel. T\u00f6rekedjetek arra, hogy a b\u00e9ke k\u00f6tel\u00e9k\u00e9vel fenntarts\u00e1tok a lelki egys\u00e9get. Egy a Test \u00e9s egy a L\u00e9lek, mint ahogy hivat\u00e1stok is egy rem\u00e9nyre sz\u00f3l.<br \/>\nEgy az \u00dar, egy a hit, egy a kereszts\u00e9g. Egy az Isten, mindny\u00e1junk Atyja, aki minden f\u00f6l\u00f6tt \u00e1ll, mindent \u00e1that \u00e9s mindenben benne van.<br \/>\nEz az Isten ig\u00e9je.<\/p>\n<p align=\"justify\"><span style=\"color: #008000;\">ALLELUJA<\/span><br \/>\nNagy pr\u00f3f\u00e9ta t\u00e1madt k\u00f6zt\u00fcnk, * Isten megl\u00e1togatta az \u0151 n\u00e9p\u00e9t. (Lk 7,16 \u2013 2. t\u00f3nus.)<\/p>\n<p align=\"justify\"><span style=\"color: #008000;\">\u2020 EVANG\u00c9LIUM Szent J\u00e1nos k\u00f6nyv\u00e9b\u0151l (Jn 6,1-15)<\/span><br \/>\nAbban az id\u0151ben J\u00e9zus \u00e1tment a Galileai-tengernek, vagyis Tib\u00e9ri\u00e1s-tav\u00e1nak a t\u00fals\u00f3 partj\u00e1ra. Nagy t\u00f6meg k\u00f6vette, mert l\u00e1tt\u00e1k a csodajeleket, amelyeket a betegeken v\u00e9gbevitt. J\u00e9zus f\u00f6lment egy hegyre, \u00e9s ott le\u00fclt tan\u00edtv\u00e1nyaival. K\u00f6zel volt a h\u00fasv\u00e9t, a zsid\u00f3k \u00fcnnepe. Amikor J\u00e9zus f\u00f6lemelte szem\u00e9t, \u00e9s l\u00e1tta, hogy nagy t\u00f6meg j\u00f6n fel\u00e9, \u00edgy sz\u00f3lt F\u00fcl\u00f6ph\u00f6z: \u201eHonnan vegy\u00fcnk kenyeret, hogy legyen mit enni\u00fck?\u201d Ezt pedig az\u00e9rt k\u00e9rdezte, hogy pr\u00f3b\u00e1ra tegye, mert tudta \u0151, hogy mit fog tenni. \u201eK\u00e9tsz\u00e1z d\u00e9n\u00e1r \u00e1r\u00fa keny\u00e9r sem el\u00e9g nekik, hogy mindenki kapjon valami keveset\u201d \u2013 felelte F\u00fcl\u00f6p. Az egyik tan\u00edtv\u00e1ny, Andr\u00e1s, Simon P\u00e9ter testv\u00e9re megsz\u00f3lalt: \u201eVan itt egy fi\u00fa, akin\u00e9l \u00f6t keny\u00e9r \u00e9s k\u00e9t hal van, de mi ez ennyinek?\u201d<br \/>\nJ\u00e9zus meghagyta: \u201eTelep\u00edts\u00e9tek le az embereket!\u201d Sok f\u0171 volt azon a helyen. Letelepedtek h\u00e1t: sz\u00e1m szerint mintegy \u00f6tezren voltak csup\u00e1n a f\u00e9rfiak. J\u00e9zus pedig vette a kenyereket, h\u00e1l\u00e1t adott, \u00e9s kiosztotta a letelepedett embereknek; ugyan\u00edgy (adott) a halb\u00f3l is, amennyit csak akartak. Amikor pedig j\u00f3llaktak, sz\u00f3lt tan\u00edtv\u00e1nyainak: \u201eSzedj\u00e9tek \u00f6ssze a marad\u00e9kot, hogy semmi se vesszen k\u00e1rba.\u201d \u00d6sszeszedt\u00e9k, s tizenk\u00e9t kosarat t\u00f6lt\u00f6ttek meg az \u00f6t \u00e1rpakeny\u00e9r marad\u00e9k\u00e1b\u00f3l, amit meghagytak azok, akik ettek. Amikor pedig az emberek l\u00e1tt\u00e1k a csodajelet, amelyet J\u00e9zus v\u00e9gbevitt, \u00edgy besz\u00e9ltek: \u201eEz val\u00f3ban az a pr\u00f3f\u00e9ta, aki a vil\u00e1gba j\u00f6n.\u201d Mikor J\u00e9zus \u00e9szrevette, hogy \u00e9rte akarnak j\u00f6nni, \u00e9s el akarj\u00e1k vinni hogy er\u0151szakkal kir\u00e1lly\u00e1 tegy\u00e9k, ism\u00e9t visszavonult a hegyre, eg\u00e9szen egyed\u00fcl.<br \/>\nEzek az evang\u00e9lium ig\u00e9i.<\/p>\n<p><span style=\"color: #008000;\">EGYETEMES K\u00d6NY\u00d6RG\u00c9SEK<\/span><br \/>\nPap: K\u00e9rj\u00fck, testv\u00e9reim, a gondvisel\u0151 Istent: adja meg nek\u00fcnk az emberhez m\u00e9lt\u00f3 \u00e9letre sz\u00fcks\u00e9ges javakat!<br \/>\nLektor:<br \/>\n1. Add meg, Isten\u00fcnk, hogy Egyh\u00e1zad, Krisztushoz hasonl\u00f3an mindig \u00e9szrevegye az emberek testi-lelki ig\u00e9nyeit!<br \/>\nH\u00edvek: K\u00e9r\u00fcnk t\u00e9ged, hallgass meg minket!<br \/>\n2. Az \u00e1llamf\u00e9rfiak mindenkor a r\u00e1juk b\u00edzottak j\u00f3l\u00e9t\u00e9t \u00e9s b\u00e9k\u00e9j\u00e9t szolg\u00e1lj\u00e1k!<br \/>\nH\u00edvek: K\u00e9r\u00fcnk t\u00e9ged . . .<br \/>\n3. A n\u00e9pek \u00e1ldozatk\u00e9sz \u00f6sszefog\u00e1sa \u00e1ltal sz\u0171nj\u00e9k meg az \u00e9h\u00edns\u00e9g a vil\u00e1gon!<br \/>\nH\u00edvek: K\u00e9r\u00fcnk t\u00e9ged . . .<br \/>\n4. Seg\u00edtse alkalmas id\u0151j\u00e1r\u00e1s a term\u00e9s betakar\u00edt\u00e1s\u00e1t!<br \/>\nH\u00edvek: K\u00e9r\u00fcnk t\u00e9ged . . .<br \/>\n5. Legyen elegend\u0151 keny\u00e9r minden csal\u00e1d asztal\u00e1n!<br \/>\nH\u00edvek: K\u00e9r\u00fcnk t\u00e9ged . . .<br \/>\nPap: Gondvisel\u0151 mennyei Aty\u00e1nk! Te szent Fiad \u00e1ltal t\u00e1pl\u00e1ltad az ig\u00e9dre \u00e9hez\u0151 \u00e9s a puszt\u00e1ban ellankadt n\u00e9pet. K\u00e9r\u00fcnk, maradjon mindig vel\u00fcnk is gondvisel\u0151 oltalmad! Krisztus, a mi Urunk \u00e1ltal.<br \/>\nH\u00edvek: \u00c1men.<\/p>\n<p><span style=\"color: #008000;\">Felaj\u00e1nl\u00f3 k\u00f6ny\u00f6rg\u00e9s:<\/span><br \/>\nUrunk, Isten\u00fcnk, fogadd el \u00e1ldozati adom\u00e1nyainkat, amelyeket b\u0151kez\u0171en adott aj\u00e1nd\u00e9kaidb\u00f3l hozunk el\u00e9d. Add, hogy ezek a szent miszt\u00e9riumok kegyelmed erej\u00e9vel szentelj\u00e9k meg f\u00f6ldi \u00e9let\u00fcnket, \u00e9s vezessenek el az \u00f6r\u00f6k boldogs\u00e1gra. Krisztus, a mi Urunk \u00e1ltal.<\/p>\n<p><span style=\"color: #008000;\">\u00c1ldoz\u00e1si \u00e9nek:<\/span><br \/>\n\u00c1ldjad, lelkem, az Urat, \u00e9s ne feledd el, hogy mennyi j\u00f3t tett veled. (Zsolt 102,2)<br \/>\n<span style=\"color: #008000;\"><i>Vagy<\/i><\/span><br \/>\nBoldogok az irgalmasok, mert majd nekik is irgalmaznak. Boldogok a tiszta sz\u00edv\u0171ek, mert megl\u00e1tj\u00e1k az Istent. (Mt 5,7-8)<\/p>\n<p><span style=\"color: #008000;\">\u00c1ldoz\u00e1s ut\u00e1ni k\u00f6ny\u00f6rg\u00e9s:<\/span><br \/>\nUrunk, Isten\u00fcnk, magunkhoz vett\u00fck ezt a mennyei szents\u00e9get, szent Fiad szenved\u00e9s\u00e9nek \u00f6r\u00f6k eml\u00e9k\u00e9t. Add, k\u00e9r\u00fcnk, hogy \u00fcdv\u00f6ss\u00e9g\u00fcnkre v\u00e1lj\u00e9k az az aj\u00e1nd\u00e9k, amelyet kimondhatatlan nagy szeretet\u00e9ben \u0151 maga adott nek\u00fcnk. Aki \u00e9l \u00e9s uralkodik mind\u00f6r\u00f6kk\u00f6n \u00f6r\u00f6kk\u00e9.<\/p>\n<p><em>(K\u00e9p forr\u00e1sa: Pixabay)<\/em><\/p>\n","protected":false},"excerpt":{"rendered":"<p>A mai, \u00e9vk\u00f6zi 17. vas\u00e1rnap, k\u00f6ny\u00f6rg\u00e9se nagyon fontos igazs\u00e1gra ir\u00e1ny\u00edtja r\u00e1 figyelm\u00fcnket. K\u00fcl\u00f6n\u00f6sen annak f\u00e9ny\u00e9ben, ami a P\u00e1rizsi Olimpia J\u00e1t\u00e9kok megnyit\u00f3 \u00fcnneps\u00e9g\u00e9n t\u00f6rt\u00e9nt. Az\u00f3ta ez a k\u00e9rd\u00e9s foglalkoztat: Mindent el kell t\u0171rn\u00fcnk? Hol vannak a hat\u00e1rok? A v\u00e1laszt a k\u00f6ny\u00f6rg\u00e9s \u00fczenet\u00e9ben tal\u00e1ltam\u00a0 meg: &#8222;Isten\u00fcnk, benned b\u00edz\u00f3k oltalmaz\u00f3ja, aki n\u00e9lk\u00fcl semmi sem szent, semmi sem \u00e1lland\u00f3.&#8221; Vagyis, ami a nyit\u00f3\u00fcnneps\u00e9gen t\u00f6rt\u00e9nt, csup\u00e1n kort\u00fcnet. Ahogy j\u00f6tt, \u00fagy t\u0171nik el. A k\u00f6ny\u00f6rg\u00e9s folytat\u00f3dik: &#8222;\u00c1raszd r\u00e1nk b\u0151s\u00e9ges irgalmaddal, hogy ir\u00e1ny\u00edt\u00e1soddal \u00fagy haszn\u00e1ljuk a muland\u00f3 javakat, hogy sz\u00edv\u00fcnk m\u00e1r most a maradand\u00f3khoz ragaszkodjon.&#8221; &#8211; Ez a megold\u00e1s kulcsa: sz\u00edv\u00fcnkkel a maradand\u00f3khoz ragaszkodni. Amennyiben pedig ehhez hozz\u00e1veszem Egyh\u00e1zmegy\u00e9nk mai trendj\u00e9t, ez m\u00e9g hatv\u00e1nyozottabb m\u00e9rt\u00e9kben helyt\u00e1ll\u00f3. Az els\u0151 olvasm\u00e1ny Isten gondoskod\u00f3 j\u00f3s\u00e1g\u00e1t \u00e9s szeretet\u00e9t, \u00e9s az abban val\u00f3 hitet szeretn\u00e9 feler\u0151s\u00edteni benn\u00fcnk. A k\u00e9rd\u00e9s csup\u00e1n, hogy tudok-e \u00fagy r\u00e1hagyatkozni, ahogyan Elizeus pr\u00f3f\u00e9ta aj\u00e1nlja, \u00e9ppen a nagy \u00e9h\u00edns\u00e9g idej\u00e9n. Sz\u00e1momra egy feladat van: ez hitet er\u0151s\u00edteni magamban \u00e9s a r\u00e1m b\u00edzottokban. A v\u00e1laszos zsolt\u00e1r ism\u00e9tl\u0151d\u0151 felh\u00edv\u00e1sa: &#8222;Megnyitod kezedet, Istenem, \u00e9s t\u00e1pl\u00e1lsz minket.&#8221; Vagyis, Isten a t\u00f6rt\u00e9nelem Ura. Milyen biztons\u00e1g van ebben a felismer\u00e9sben! R\u00f3mai falain k\u00edv\u00fcl mutogatj\u00e1k azt a vasr\u00e1ccsal elz\u00e1rt \u00fcreget, ahol P\u00e1l apostol b\u00f6rt\u00f6ne volt. A fogoly P\u00e1l hallgat, nem a maga igaz\u00e1t keresi. Mi t\u00f6bb, innen is int, tan\u00edt al\u00e1zatra, szel\u00edds\u00e9gre \u00e9s b\u00e9kess\u00e9gre. Csak teste volt b\u00f6rt\u00f6nben, lelke azonban most is szabad volt. Itt \u00e9rint meg igaz\u00e1b\u00f3l engem is az \u0150 t\u00f6rt\u00e9nete. Ne keresd sohasem a magad igaz\u00e1t! Helyette, j\u00e1rd a magad \u00fatj\u00e1t, l\u00e9lekben teljesen szabadon. A lelki egys\u00e9g fenntart\u00e1sa, illetve annak felk\u00edn\u00e1l\u00e1sa mindenn\u00e9l fontosabb. Egy\u00e9ni \u00e9lethivat\u00e1sunk meger\u0151s\u00edt\u00e9se. Az evang\u00e9liumi p\u00e9ldabesz\u00e9d egy eg\u00e9szen hiteles t\u00f6rt\u00e9netet t\u00e1r el\u00e9nk. \u00c9letem rem\u00e9nytelennek t\u0171n\u0151 helyzete, illetve annak felold\u00e1sa. A t\u00f6rt\u00e9netet ismerj\u00fck: a megold\u00e1s, egy ott tart\u00f3zkod\u00f3 fi\u00fa, annak \u00f6t \u00e1rpakenyere \u00e9s k\u00e9t hala. Ahhoz, hogy J\u00e9zus csod\u00e1t tegyen, megmutassa isteni hatalm\u00e1t,\u00a0 sz\u00fcks\u00e9ge van a az ifj\u00fa \u00e1rpakenyer\u00e9re \u00e9s hal\u00e1ra&#8230;. <\/p>\n<p><a class=\"readmore\" href=\"https:\/\/stuttgarti-katolikusok.de\/index.php\/evkozi-17-vasarnap-nagyszulok-es-idosek-vilagnapja\/\">R\u00e9szletek<\/a><\/p>\n","protected":false},"author":3,"featured_media":21024,"comment_status":"closed","ping_status":"closed","sticky":false,"template":"","format":"standard","meta":{"footnotes":""},"categories":[85,63],"tags":[],"class_list":["post-29226","post","type-post","status-publish","format-standard","has-post-thumbnail","hentry","category-a-liturgia-olvasmanyai","category-vasarnapi-gondolatok"],"yoast_head":"<!-- This site is optimized with the Yoast SEO plugin v27.3 - https:\/\/yoast.com\/product\/yoast-seo-wordpress\/ -->\n<title>\u00c9vk\u00f6zi 17. vas\u00e1rnap \u2013 Nagysz\u00fcl\u0151k \u00e9s id\u0151sek vil\u00e1gnapja - Stuttgarti Katolikusok<\/title>\n<meta name=\"robots\" content=\"index, follow, max-snippet:-1, max-image-preview:large, max-video-preview:-1\" \/>\n<link rel=\"canonical\" href=\"https:\/\/stuttgarti-katolikusok.de\/index.php\/evkozi-17-vasarnap-nagyszulok-es-idosek-vilagnapja\/\" \/>\n<meta property=\"og:locale\" content=\"hu_HU\" \/>\n<meta property=\"og:type\" content=\"article\" \/>\n<meta property=\"og:title\" content=\"\u00c9vk\u00f6zi 17. vas\u00e1rnap \u2013 Nagysz\u00fcl\u0151k \u00e9s id\u0151sek vil\u00e1gnapja - Stuttgarti Katolikusok\" \/>\n<meta property=\"og:description\" content=\"A mai, \u00e9vk\u00f6zi 17. vas\u00e1rnap, k\u00f6ny\u00f6rg\u00e9se nagyon fontos igazs\u00e1gra ir\u00e1ny\u00edtja r\u00e1 figyelm\u00fcnket. K\u00fcl\u00f6n\u00f6sen annak f\u00e9ny\u00e9ben, ami a P\u00e1rizsi Olimpia J\u00e1t\u00e9kok megnyit\u00f3 \u00fcnneps\u00e9g\u00e9n t\u00f6rt\u00e9nt. Az\u00f3ta ez a k\u00e9rd\u00e9s foglalkoztat: Mindent el kell t\u0171rn\u00fcnk? Hol vannak a hat\u00e1rok? A v\u00e1laszt a k\u00f6ny\u00f6rg\u00e9s \u00fczenet\u00e9ben tal\u00e1ltam\u00a0 meg: &#8222;Isten\u00fcnk, benned b\u00edz\u00f3k oltalmaz\u00f3ja, aki n\u00e9lk\u00fcl semmi sem szent, semmi sem \u00e1lland\u00f3.&#8221; Vagyis, ami a nyit\u00f3\u00fcnneps\u00e9gen t\u00f6rt\u00e9nt, csup\u00e1n kort\u00fcnet. Ahogy j\u00f6tt, \u00fagy t\u0171nik el. A k\u00f6ny\u00f6rg\u00e9s folytat\u00f3dik: &#8222;\u00c1raszd r\u00e1nk b\u0151s\u00e9ges irgalmaddal, hogy ir\u00e1ny\u00edt\u00e1soddal \u00fagy haszn\u00e1ljuk a muland\u00f3 javakat, hogy sz\u00edv\u00fcnk m\u00e1r most a maradand\u00f3khoz ragaszkodjon.&#8221; &#8211; Ez a megold\u00e1s kulcsa: sz\u00edv\u00fcnkkel a maradand\u00f3khoz ragaszkodni. Amennyiben pedig ehhez hozz\u00e1veszem Egyh\u00e1zmegy\u00e9nk mai trendj\u00e9t, ez m\u00e9g hatv\u00e1nyozottabb m\u00e9rt\u00e9kben helyt\u00e1ll\u00f3. Az els\u0151 olvasm\u00e1ny Isten gondoskod\u00f3 j\u00f3s\u00e1g\u00e1t \u00e9s szeretet\u00e9t, \u00e9s az abban val\u00f3 hitet szeretn\u00e9 feler\u0151s\u00edteni benn\u00fcnk. A k\u00e9rd\u00e9s csup\u00e1n, hogy tudok-e \u00fagy r\u00e1hagyatkozni, ahogyan Elizeus pr\u00f3f\u00e9ta aj\u00e1nlja, \u00e9ppen a nagy \u00e9h\u00edns\u00e9g idej\u00e9n. Sz\u00e1momra egy feladat van: ez hitet er\u0151s\u00edteni magamban \u00e9s a r\u00e1m b\u00edzottokban. A v\u00e1laszos zsolt\u00e1r ism\u00e9tl\u0151d\u0151 felh\u00edv\u00e1sa: &#8222;Megnyitod kezedet, Istenem, \u00e9s t\u00e1pl\u00e1lsz minket.&#8221; Vagyis, Isten a t\u00f6rt\u00e9nelem Ura. Milyen biztons\u00e1g van ebben a felismer\u00e9sben! R\u00f3mai falain k\u00edv\u00fcl mutogatj\u00e1k azt a vasr\u00e1ccsal elz\u00e1rt \u00fcreget, ahol P\u00e1l apostol b\u00f6rt\u00f6ne volt. A fogoly P\u00e1l hallgat, nem a maga igaz\u00e1t keresi. Mi t\u00f6bb, innen is int, tan\u00edt al\u00e1zatra, szel\u00edds\u00e9gre \u00e9s b\u00e9kess\u00e9gre. Csak teste volt b\u00f6rt\u00f6nben, lelke azonban most is szabad volt. Itt \u00e9rint meg igaz\u00e1b\u00f3l engem is az \u0150 t\u00f6rt\u00e9nete. Ne keresd sohasem a magad igaz\u00e1t! Helyette, j\u00e1rd a magad \u00fatj\u00e1t, l\u00e9lekben teljesen szabadon. A lelki egys\u00e9g fenntart\u00e1sa, illetve annak felk\u00edn\u00e1l\u00e1sa mindenn\u00e9l fontosabb. Egy\u00e9ni \u00e9lethivat\u00e1sunk meger\u0151s\u00edt\u00e9se. Az evang\u00e9liumi p\u00e9ldabesz\u00e9d egy eg\u00e9szen hiteles t\u00f6rt\u00e9netet t\u00e1r el\u00e9nk. \u00c9letem rem\u00e9nytelennek t\u0171n\u0151 helyzete, illetve annak felold\u00e1sa. A t\u00f6rt\u00e9netet ismerj\u00fck: a megold\u00e1s, egy ott tart\u00f3zkod\u00f3 fi\u00fa, annak \u00f6t \u00e1rpakenyere \u00e9s k\u00e9t hala. Ahhoz, hogy J\u00e9zus csod\u00e1t tegyen, megmutassa isteni hatalm\u00e1t,\u00a0 sz\u00fcks\u00e9ge van a az ifj\u00fa \u00e1rpakenyer\u00e9re \u00e9s hal\u00e1ra.... R\u00e9szletek\" \/>\n<meta property=\"og:url\" content=\"https:\/\/stuttgarti-katolikusok.de\/index.php\/evkozi-17-vasarnap-nagyszulok-es-idosek-vilagnapja\/\" \/>\n<meta property=\"og:site_name\" content=\"Stuttgarti Katolikusok\" \/>\n<meta property=\"article:published_time\" content=\"2024-07-27T19:26:33+00:00\" \/>\n<meta property=\"article:modified_time\" content=\"2024-08-03T16:55:02+00:00\" \/>\n<meta property=\"og:image\" content=\"https:\/\/stuttgarti-katolikusok.de\/wp-content\/uploads\/2021\/01\/12-apostol.jpg\" \/>\n\t<meta property=\"og:image:width\" content=\"640\" \/>\n\t<meta property=\"og:image:height\" content=\"426\" \/>\n\t<meta property=\"og:image:type\" content=\"image\/jpeg\" \/>\n<meta name=\"author\" content=\"Tibor atya\" \/>\n<meta name=\"twitter:card\" content=\"summary_large_image\" \/>\n<meta name=\"twitter:label1\" content=\"Szerz\u0151:\" \/>\n\t<meta name=\"twitter:data1\" content=\"Tibor atya\" \/>\n\t<meta name=\"twitter:label2\" content=\"Becs\u00fclt olvas\u00e1si id\u0151\" \/>\n\t<meta name=\"twitter:data2\" content=\"7 perc\" \/>\n<script type=\"application\/ld+json\" class=\"yoast-schema-graph\">{\"@context\":\"https:\\\/\\\/schema.org\",\"@graph\":[{\"@type\":\"Article\",\"@id\":\"https:\\\/\\\/stuttgarti-katolikusok.de\\\/index.php\\\/evkozi-17-vasarnap-nagyszulok-es-idosek-vilagnapja\\\/#article\",\"isPartOf\":{\"@id\":\"https:\\\/\\\/stuttgarti-katolikusok.de\\\/index.php\\\/evkozi-17-vasarnap-nagyszulok-es-idosek-vilagnapja\\\/\"},\"author\":{\"name\":\"Tibor atya\",\"@id\":\"https:\\\/\\\/stuttgarti-katolikusok.de\\\/#\\\/schema\\\/person\\\/75908d6f8fdc03a57889d27209df7795\"},\"headline\":\"\u00c9vk\u00f6zi 17. vas\u00e1rnap \u2013 Nagysz\u00fcl\u0151k \u00e9s id\u0151sek vil\u00e1gnapja\",\"datePublished\":\"2024-07-27T19:26:33+00:00\",\"dateModified\":\"2024-08-03T16:55:02+00:00\",\"mainEntityOfPage\":{\"@id\":\"https:\\\/\\\/stuttgarti-katolikusok.de\\\/index.php\\\/evkozi-17-vasarnap-nagyszulok-es-idosek-vilagnapja\\\/\"},\"wordCount\":1705,\"image\":{\"@id\":\"https:\\\/\\\/stuttgarti-katolikusok.de\\\/index.php\\\/evkozi-17-vasarnap-nagyszulok-es-idosek-vilagnapja\\\/#primaryimage\"},\"thumbnailUrl\":\"https:\\\/\\\/stuttgarti-katolikusok.de\\\/wp-content\\\/uploads\\\/2021\\\/01\\\/12-apostol.jpg\",\"articleSection\":[\"A liturgia olvasm\u00e1nyai\",\"Vas\u00e1rnapi gondolatok\"],\"inLanguage\":\"hu\"},{\"@type\":\"WebPage\",\"@id\":\"https:\\\/\\\/stuttgarti-katolikusok.de\\\/index.php\\\/evkozi-17-vasarnap-nagyszulok-es-idosek-vilagnapja\\\/\",\"url\":\"https:\\\/\\\/stuttgarti-katolikusok.de\\\/index.php\\\/evkozi-17-vasarnap-nagyszulok-es-idosek-vilagnapja\\\/\",\"name\":\"\u00c9vk\u00f6zi 17. vas\u00e1rnap \u2013 Nagysz\u00fcl\u0151k \u00e9s id\u0151sek vil\u00e1gnapja - Stuttgarti Katolikusok\",\"isPartOf\":{\"@id\":\"https:\\\/\\\/stuttgarti-katolikusok.de\\\/#website\"},\"primaryImageOfPage\":{\"@id\":\"https:\\\/\\\/stuttgarti-katolikusok.de\\\/index.php\\\/evkozi-17-vasarnap-nagyszulok-es-idosek-vilagnapja\\\/#primaryimage\"},\"image\":{\"@id\":\"https:\\\/\\\/stuttgarti-katolikusok.de\\\/index.php\\\/evkozi-17-vasarnap-nagyszulok-es-idosek-vilagnapja\\\/#primaryimage\"},\"thumbnailUrl\":\"https:\\\/\\\/stuttgarti-katolikusok.de\\\/wp-content\\\/uploads\\\/2021\\\/01\\\/12-apostol.jpg\",\"datePublished\":\"2024-07-27T19:26:33+00:00\",\"dateModified\":\"2024-08-03T16:55:02+00:00\",\"author\":{\"@id\":\"https:\\\/\\\/stuttgarti-katolikusok.de\\\/#\\\/schema\\\/person\\\/75908d6f8fdc03a57889d27209df7795\"},\"breadcrumb\":{\"@id\":\"https:\\\/\\\/stuttgarti-katolikusok.de\\\/index.php\\\/evkozi-17-vasarnap-nagyszulok-es-idosek-vilagnapja\\\/#breadcrumb\"},\"inLanguage\":\"hu\",\"potentialAction\":[{\"@type\":\"ReadAction\",\"target\":[\"https:\\\/\\\/stuttgarti-katolikusok.de\\\/index.php\\\/evkozi-17-vasarnap-nagyszulok-es-idosek-vilagnapja\\\/\"]}]},{\"@type\":\"ImageObject\",\"inLanguage\":\"hu\",\"@id\":\"https:\\\/\\\/stuttgarti-katolikusok.de\\\/index.php\\\/evkozi-17-vasarnap-nagyszulok-es-idosek-vilagnapja\\\/#primaryimage\",\"url\":\"https:\\\/\\\/stuttgarti-katolikusok.de\\\/wp-content\\\/uploads\\\/2021\\\/01\\\/12-apostol.jpg\",\"contentUrl\":\"https:\\\/\\\/stuttgarti-katolikusok.de\\\/wp-content\\\/uploads\\\/2021\\\/01\\\/12-apostol.jpg\",\"width\":640,\"height\":426},{\"@type\":\"BreadcrumbList\",\"@id\":\"https:\\\/\\\/stuttgarti-katolikusok.de\\\/index.php\\\/evkozi-17-vasarnap-nagyszulok-es-idosek-vilagnapja\\\/#breadcrumb\",\"itemListElement\":[{\"@type\":\"ListItem\",\"position\":1,\"name\":\"Kezd\u0151lap\",\"item\":\"https:\\\/\\\/stuttgarti-katolikusok.de\\\/\"},{\"@type\":\"ListItem\",\"position\":2,\"name\":\"\u00c9vk\u00f6zi 17. vas\u00e1rnap \u2013 Nagysz\u00fcl\u0151k \u00e9s id\u0151sek vil\u00e1gnapja\"}]},{\"@type\":\"WebSite\",\"@id\":\"https:\\\/\\\/stuttgarti-katolikusok.de\\\/#website\",\"url\":\"https:\\\/\\\/stuttgarti-katolikusok.de\\\/\",\"name\":\"Stuttgarti Katolikusok\",\"description\":\"\",\"potentialAction\":[{\"@type\":\"SearchAction\",\"target\":{\"@type\":\"EntryPoint\",\"urlTemplate\":\"https:\\\/\\\/stuttgarti-katolikusok.de\\\/?s={search_term_string}\"},\"query-input\":{\"@type\":\"PropertyValueSpecification\",\"valueRequired\":true,\"valueName\":\"search_term_string\"}}],\"inLanguage\":\"hu\"},{\"@type\":\"Person\",\"@id\":\"https:\\\/\\\/stuttgarti-katolikusok.de\\\/#\\\/schema\\\/person\\\/75908d6f8fdc03a57889d27209df7795\",\"name\":\"Tibor atya\",\"image\":{\"@type\":\"ImageObject\",\"inLanguage\":\"hu\",\"@id\":\"https:\\\/\\\/secure.gravatar.com\\\/avatar\\\/61d268e57d1f4525b111222e29d2d5a7f8c420fdbf231ba5566a8ceac74fa960?s=96&d=mm&r=g\",\"url\":\"https:\\\/\\\/secure.gravatar.com\\\/avatar\\\/61d268e57d1f4525b111222e29d2d5a7f8c420fdbf231ba5566a8ceac74fa960?s=96&d=mm&r=g\",\"contentUrl\":\"https:\\\/\\\/secure.gravatar.com\\\/avatar\\\/61d268e57d1f4525b111222e29d2d5a7f8c420fdbf231ba5566a8ceac74fa960?s=96&d=mm&r=g\",\"caption\":\"Tibor atya\"},\"url\":\"https:\\\/\\\/stuttgarti-katolikusok.de\\\/index.php\\\/author\\\/tibor-atya\\\/\"}]}<\/script>\n<!-- \/ Yoast SEO plugin. -->","yoast_head_json":{"title":"\u00c9vk\u00f6zi 17. vas\u00e1rnap \u2013 Nagysz\u00fcl\u0151k \u00e9s id\u0151sek vil\u00e1gnapja - Stuttgarti Katolikusok","robots":{"index":"index","follow":"follow","max-snippet":"max-snippet:-1","max-image-preview":"max-image-preview:large","max-video-preview":"max-video-preview:-1"},"canonical":"https:\/\/stuttgarti-katolikusok.de\/index.php\/evkozi-17-vasarnap-nagyszulok-es-idosek-vilagnapja\/","og_locale":"hu_HU","og_type":"article","og_title":"\u00c9vk\u00f6zi 17. vas\u00e1rnap \u2013 Nagysz\u00fcl\u0151k \u00e9s id\u0151sek vil\u00e1gnapja - Stuttgarti Katolikusok","og_description":"A mai, \u00e9vk\u00f6zi 17. vas\u00e1rnap, k\u00f6ny\u00f6rg\u00e9se nagyon fontos igazs\u00e1gra ir\u00e1ny\u00edtja r\u00e1 figyelm\u00fcnket. K\u00fcl\u00f6n\u00f6sen annak f\u00e9ny\u00e9ben, ami a P\u00e1rizsi Olimpia J\u00e1t\u00e9kok megnyit\u00f3 \u00fcnneps\u00e9g\u00e9n t\u00f6rt\u00e9nt. Az\u00f3ta ez a k\u00e9rd\u00e9s foglalkoztat: Mindent el kell t\u0171rn\u00fcnk? Hol vannak a hat\u00e1rok? A v\u00e1laszt a k\u00f6ny\u00f6rg\u00e9s \u00fczenet\u00e9ben tal\u00e1ltam\u00a0 meg: &#8222;Isten\u00fcnk, benned b\u00edz\u00f3k oltalmaz\u00f3ja, aki n\u00e9lk\u00fcl semmi sem szent, semmi sem \u00e1lland\u00f3.&#8221; Vagyis, ami a nyit\u00f3\u00fcnneps\u00e9gen t\u00f6rt\u00e9nt, csup\u00e1n kort\u00fcnet. Ahogy j\u00f6tt, \u00fagy t\u0171nik el. A k\u00f6ny\u00f6rg\u00e9s folytat\u00f3dik: &#8222;\u00c1raszd r\u00e1nk b\u0151s\u00e9ges irgalmaddal, hogy ir\u00e1ny\u00edt\u00e1soddal \u00fagy haszn\u00e1ljuk a muland\u00f3 javakat, hogy sz\u00edv\u00fcnk m\u00e1r most a maradand\u00f3khoz ragaszkodjon.&#8221; &#8211; Ez a megold\u00e1s kulcsa: sz\u00edv\u00fcnkkel a maradand\u00f3khoz ragaszkodni. Amennyiben pedig ehhez hozz\u00e1veszem Egyh\u00e1zmegy\u00e9nk mai trendj\u00e9t, ez m\u00e9g hatv\u00e1nyozottabb m\u00e9rt\u00e9kben helyt\u00e1ll\u00f3. Az els\u0151 olvasm\u00e1ny Isten gondoskod\u00f3 j\u00f3s\u00e1g\u00e1t \u00e9s szeretet\u00e9t, \u00e9s az abban val\u00f3 hitet szeretn\u00e9 feler\u0151s\u00edteni benn\u00fcnk. A k\u00e9rd\u00e9s csup\u00e1n, hogy tudok-e \u00fagy r\u00e1hagyatkozni, ahogyan Elizeus pr\u00f3f\u00e9ta aj\u00e1nlja, \u00e9ppen a nagy \u00e9h\u00edns\u00e9g idej\u00e9n. Sz\u00e1momra egy feladat van: ez hitet er\u0151s\u00edteni magamban \u00e9s a r\u00e1m b\u00edzottokban. A v\u00e1laszos zsolt\u00e1r ism\u00e9tl\u0151d\u0151 felh\u00edv\u00e1sa: &#8222;Megnyitod kezedet, Istenem, \u00e9s t\u00e1pl\u00e1lsz minket.&#8221; Vagyis, Isten a t\u00f6rt\u00e9nelem Ura. Milyen biztons\u00e1g van ebben a felismer\u00e9sben! R\u00f3mai falain k\u00edv\u00fcl mutogatj\u00e1k azt a vasr\u00e1ccsal elz\u00e1rt \u00fcreget, ahol P\u00e1l apostol b\u00f6rt\u00f6ne volt. A fogoly P\u00e1l hallgat, nem a maga igaz\u00e1t keresi. Mi t\u00f6bb, innen is int, tan\u00edt al\u00e1zatra, szel\u00edds\u00e9gre \u00e9s b\u00e9kess\u00e9gre. Csak teste volt b\u00f6rt\u00f6nben, lelke azonban most is szabad volt. Itt \u00e9rint meg igaz\u00e1b\u00f3l engem is az \u0150 t\u00f6rt\u00e9nete. Ne keresd sohasem a magad igaz\u00e1t! Helyette, j\u00e1rd a magad \u00fatj\u00e1t, l\u00e9lekben teljesen szabadon. A lelki egys\u00e9g fenntart\u00e1sa, illetve annak felk\u00edn\u00e1l\u00e1sa mindenn\u00e9l fontosabb. Egy\u00e9ni \u00e9lethivat\u00e1sunk meger\u0151s\u00edt\u00e9se. Az evang\u00e9liumi p\u00e9ldabesz\u00e9d egy eg\u00e9szen hiteles t\u00f6rt\u00e9netet t\u00e1r el\u00e9nk. \u00c9letem rem\u00e9nytelennek t\u0171n\u0151 helyzete, illetve annak felold\u00e1sa. A t\u00f6rt\u00e9netet ismerj\u00fck: a megold\u00e1s, egy ott tart\u00f3zkod\u00f3 fi\u00fa, annak \u00f6t \u00e1rpakenyere \u00e9s k\u00e9t hala. Ahhoz, hogy J\u00e9zus csod\u00e1t tegyen, megmutassa isteni hatalm\u00e1t,\u00a0 sz\u00fcks\u00e9ge van a az ifj\u00fa \u00e1rpakenyer\u00e9re \u00e9s hal\u00e1ra.... R\u00e9szletek","og_url":"https:\/\/stuttgarti-katolikusok.de\/index.php\/evkozi-17-vasarnap-nagyszulok-es-idosek-vilagnapja\/","og_site_name":"Stuttgarti Katolikusok","article_published_time":"2024-07-27T19:26:33+00:00","article_modified_time":"2024-08-03T16:55:02+00:00","og_image":[{"width":640,"height":426,"url":"https:\/\/stuttgarti-katolikusok.de\/wp-content\/uploads\/2021\/01\/12-apostol.jpg","type":"image\/jpeg"}],"author":"Tibor atya","twitter_card":"summary_large_image","twitter_misc":{"Szerz\u0151:":"Tibor atya","Becs\u00fclt olvas\u00e1si id\u0151":"7 perc"},"schema":{"@context":"https:\/\/schema.org","@graph":[{"@type":"Article","@id":"https:\/\/stuttgarti-katolikusok.de\/index.php\/evkozi-17-vasarnap-nagyszulok-es-idosek-vilagnapja\/#article","isPartOf":{"@id":"https:\/\/stuttgarti-katolikusok.de\/index.php\/evkozi-17-vasarnap-nagyszulok-es-idosek-vilagnapja\/"},"author":{"name":"Tibor atya","@id":"https:\/\/stuttgarti-katolikusok.de\/#\/schema\/person\/75908d6f8fdc03a57889d27209df7795"},"headline":"\u00c9vk\u00f6zi 17. vas\u00e1rnap \u2013 Nagysz\u00fcl\u0151k \u00e9s id\u0151sek vil\u00e1gnapja","datePublished":"2024-07-27T19:26:33+00:00","dateModified":"2024-08-03T16:55:02+00:00","mainEntityOfPage":{"@id":"https:\/\/stuttgarti-katolikusok.de\/index.php\/evkozi-17-vasarnap-nagyszulok-es-idosek-vilagnapja\/"},"wordCount":1705,"image":{"@id":"https:\/\/stuttgarti-katolikusok.de\/index.php\/evkozi-17-vasarnap-nagyszulok-es-idosek-vilagnapja\/#primaryimage"},"thumbnailUrl":"https:\/\/stuttgarti-katolikusok.de\/wp-content\/uploads\/2021\/01\/12-apostol.jpg","articleSection":["A liturgia olvasm\u00e1nyai","Vas\u00e1rnapi gondolatok"],"inLanguage":"hu"},{"@type":"WebPage","@id":"https:\/\/stuttgarti-katolikusok.de\/index.php\/evkozi-17-vasarnap-nagyszulok-es-idosek-vilagnapja\/","url":"https:\/\/stuttgarti-katolikusok.de\/index.php\/evkozi-17-vasarnap-nagyszulok-es-idosek-vilagnapja\/","name":"\u00c9vk\u00f6zi 17. vas\u00e1rnap \u2013 Nagysz\u00fcl\u0151k \u00e9s id\u0151sek vil\u00e1gnapja - Stuttgarti Katolikusok","isPartOf":{"@id":"https:\/\/stuttgarti-katolikusok.de\/#website"},"primaryImageOfPage":{"@id":"https:\/\/stuttgarti-katolikusok.de\/index.php\/evkozi-17-vasarnap-nagyszulok-es-idosek-vilagnapja\/#primaryimage"},"image":{"@id":"https:\/\/stuttgarti-katolikusok.de\/index.php\/evkozi-17-vasarnap-nagyszulok-es-idosek-vilagnapja\/#primaryimage"},"thumbnailUrl":"https:\/\/stuttgarti-katolikusok.de\/wp-content\/uploads\/2021\/01\/12-apostol.jpg","datePublished":"2024-07-27T19:26:33+00:00","dateModified":"2024-08-03T16:55:02+00:00","author":{"@id":"https:\/\/stuttgarti-katolikusok.de\/#\/schema\/person\/75908d6f8fdc03a57889d27209df7795"},"breadcrumb":{"@id":"https:\/\/stuttgarti-katolikusok.de\/index.php\/evkozi-17-vasarnap-nagyszulok-es-idosek-vilagnapja\/#breadcrumb"},"inLanguage":"hu","potentialAction":[{"@type":"ReadAction","target":["https:\/\/stuttgarti-katolikusok.de\/index.php\/evkozi-17-vasarnap-nagyszulok-es-idosek-vilagnapja\/"]}]},{"@type":"ImageObject","inLanguage":"hu","@id":"https:\/\/stuttgarti-katolikusok.de\/index.php\/evkozi-17-vasarnap-nagyszulok-es-idosek-vilagnapja\/#primaryimage","url":"https:\/\/stuttgarti-katolikusok.de\/wp-content\/uploads\/2021\/01\/12-apostol.jpg","contentUrl":"https:\/\/stuttgarti-katolikusok.de\/wp-content\/uploads\/2021\/01\/12-apostol.jpg","width":640,"height":426},{"@type":"BreadcrumbList","@id":"https:\/\/stuttgarti-katolikusok.de\/index.php\/evkozi-17-vasarnap-nagyszulok-es-idosek-vilagnapja\/#breadcrumb","itemListElement":[{"@type":"ListItem","position":1,"name":"Kezd\u0151lap","item":"https:\/\/stuttgarti-katolikusok.de\/"},{"@type":"ListItem","position":2,"name":"\u00c9vk\u00f6zi 17. vas\u00e1rnap \u2013 Nagysz\u00fcl\u0151k \u00e9s id\u0151sek vil\u00e1gnapja"}]},{"@type":"WebSite","@id":"https:\/\/stuttgarti-katolikusok.de\/#website","url":"https:\/\/stuttgarti-katolikusok.de\/","name":"Stuttgarti Katolikusok","description":"","potentialAction":[{"@type":"SearchAction","target":{"@type":"EntryPoint","urlTemplate":"https:\/\/stuttgarti-katolikusok.de\/?s={search_term_string}"},"query-input":{"@type":"PropertyValueSpecification","valueRequired":true,"valueName":"search_term_string"}}],"inLanguage":"hu"},{"@type":"Person","@id":"https:\/\/stuttgarti-katolikusok.de\/#\/schema\/person\/75908d6f8fdc03a57889d27209df7795","name":"Tibor atya","image":{"@type":"ImageObject","inLanguage":"hu","@id":"https:\/\/secure.gravatar.com\/avatar\/61d268e57d1f4525b111222e29d2d5a7f8c420fdbf231ba5566a8ceac74fa960?s=96&d=mm&r=g","url":"https:\/\/secure.gravatar.com\/avatar\/61d268e57d1f4525b111222e29d2d5a7f8c420fdbf231ba5566a8ceac74fa960?s=96&d=mm&r=g","contentUrl":"https:\/\/secure.gravatar.com\/avatar\/61d268e57d1f4525b111222e29d2d5a7f8c420fdbf231ba5566a8ceac74fa960?s=96&d=mm&r=g","caption":"Tibor atya"},"url":"https:\/\/stuttgarti-katolikusok.de\/index.php\/author\/tibor-atya\/"}]}},"_links":{"self":[{"href":"https:\/\/stuttgarti-katolikusok.de\/index.php\/wp-json\/wp\/v2\/posts\/29226","targetHints":{"allow":["GET"]}}],"collection":[{"href":"https:\/\/stuttgarti-katolikusok.de\/index.php\/wp-json\/wp\/v2\/posts"}],"about":[{"href":"https:\/\/stuttgarti-katolikusok.de\/index.php\/wp-json\/wp\/v2\/types\/post"}],"author":[{"embeddable":true,"href":"https:\/\/stuttgarti-katolikusok.de\/index.php\/wp-json\/wp\/v2\/users\/3"}],"replies":[{"embeddable":true,"href":"https:\/\/stuttgarti-katolikusok.de\/index.php\/wp-json\/wp\/v2\/comments?post=29226"}],"version-history":[{"count":6,"href":"https:\/\/stuttgarti-katolikusok.de\/index.php\/wp-json\/wp\/v2\/posts\/29226\/revisions"}],"predecessor-version":[{"id":29236,"href":"https:\/\/stuttgarti-katolikusok.de\/index.php\/wp-json\/wp\/v2\/posts\/29226\/revisions\/29236"}],"wp:featuredmedia":[{"embeddable":true,"href":"https:\/\/stuttgarti-katolikusok.de\/index.php\/wp-json\/wp\/v2\/media\/21024"}],"wp:attachment":[{"href":"https:\/\/stuttgarti-katolikusok.de\/index.php\/wp-json\/wp\/v2\/media?parent=29226"}],"wp:term":[{"taxonomy":"category","embeddable":true,"href":"https:\/\/stuttgarti-katolikusok.de\/index.php\/wp-json\/wp\/v2\/categories?post=29226"},{"taxonomy":"post_tag","embeddable":true,"href":"https:\/\/stuttgarti-katolikusok.de\/index.php\/wp-json\/wp\/v2\/tags?post=29226"}],"curies":[{"name":"wp","href":"https:\/\/api.w.org\/{rel}","templated":true}]}}