{"id":29219,"date":"2024-07-21T01:05:54","date_gmt":"2024-07-20T23:05:54","guid":{"rendered":"https:\/\/stuttgarti-katolikusok.de\/?p=29219"},"modified":"2024-07-21T01:07:36","modified_gmt":"2024-07-20T23:07:36","slug":"evkozi-16-vasarnap","status":"publish","type":"post","link":"https:\/\/stuttgarti-katolikusok.de\/index.php\/evkozi-16-vasarnap\/","title":{"rendered":"\u00c9vk\u00f6zi 16. vas\u00e1rnap"},"content":{"rendered":"<p><span style=\"color: #ff6600;\"><em>Az olvasm\u00e1nyban a n\u00e9p vezet\u0151inek felel\u0151ss\u00e9g\u00e9r\u0151l sz\u00f3l az \u00dar. A vezet\u0151i feladat mindazok saj\u00e1tja, akikre emberek vannak b\u00edzva. Ez el\u0151l nem lehet kit\u00e9rni. Ehhez pedig term\u00e9szetszer\u0171leg hozz\u00e1tartozik az egy\u00e9ni sz\u00e1mad\u00e1s is. A magam hely\u00e9n \u00e9s m\u00f3dj\u00e1n sz\u00e1mot kell adnom. Mindez azonban nem t\u00f6lthet el nyugtalans\u00e1ggal \u00e9s f\u00e9lelemmel. Sokkal ink\u00e1bb biztat\u00e1s \u00e9s lehet\u0151s\u00e9g ez a sz\u00e1mad\u00e1s. Olyan, mint a k\u00f6zelg\u0151 vizsga, amely v\u00e9gs\u0151 soron \u00f6r\u00f6mmel t\u00f6lt el, hiszen v\u00e9gre sz\u00e1mot adatok elv\u00e9gzett munk\u00e1mr\u00f3l. Boldogok mindazok, akik \u00edgy \u00e9lik \u00e9let\u00fcket.<\/em><\/span><\/p>\n<p><span style=\"color: #ff6600;\"><em>A v\u00e1laszos zsolt\u00e1r a p\u00e1sztor \u00e9s juh kapcsolat\u00e1n kereszt\u00fcl \u00e9rz\u00e9kelti Istenhez f\u0171z\u0151d\u0151 kapcsolatomat: &#8222;Az \u00dar n\u00e9kem p\u00e1sztorom, \u00edns\u00e9get nem kell l\u00e1tnom.&#8221;<\/em><\/span><\/p>\n<p><span style=\"color: #ff6600;\"><em>A szentlecke ism\u00e9telten meger\u0151s\u00edti sz\u00e1munkra a nagyon fontos igazs\u00e1got: Krisztus a mi b\u00e9kess\u00e9g\u00fcnk. Amennyiben nem Krisztusban keress\u00fck egy\u00e9ni b\u00e9k\u00e9nk forr\u00e1s\u00e1t, \u00fagy \u00f6r\u00f6k nyugtalans\u00e1g \u00e9s f\u00e9lelem az oszt\u00e1lyr\u00e9sz\u00fcnk.<\/em><\/span><\/p>\n<p><span style=\"color: #ff6600;\"><em>Az evang\u00e9lium arr\u00f3l sz\u00e1mol be, hogy mindenkinek sz\u00fcks\u00e9ge van elcsendesed\u00e9sre, pihen\u00e9sre. Ezek a hetek \u00e9s h\u00f3napok az elcsendesed\u00e9sr\u0151l \u00e9s pihen\u00e9sr\u0151l is sz\u00f3lnak. Ugyanakkor a pihen\u00e9s \u00e9s elcsendesed\u00e9s lehet\u0151s\u00e9get is k\u00edn\u00e1l az egy\u00e9ni sz\u00e1mad\u00e1sra, lelki \u00e9s testi fel\u00fcd\u00fcl\u00e9sre. \u00c9ljek a lehet\u0151s\u00e9ggel, hiszen sz\u00fcks\u00e9gem van r\u00e1m!\u00a0<\/em><\/span><\/p>\n<p><span style=\"color: #339966;\">Kezd\u0151\u00e9nek:<\/span><br \/>\n\u00edme, az Isten seg\u00edt engem, \u00e9s az \u00dar az \u00e9n lelkem oltalmaz\u00f3ja. K\u00e9szs\u00e9ges sz\u00edvvel \u00e1ldozom majd neked, \u00e9s h\u00e1l\u00e1t adok, Uram, j\u00f3s\u00e1gos nevednek. (V\u00f6. Zsolt 53,6.8)<\/p>\n<p><span style=\"color: #339966;\">K\u00f6ny\u00f6rg\u00e9s:<\/span><br \/>\nUrunk, Isten\u00fcnk, k\u00f6ny\u00f6r\u00fclj n\u00e9peden, \u00e9s add nek\u00fcnk b\u0151s\u00e9gesen kegyelmed aj\u00e1nd\u00e9kait, hogy mindenkor \u00e9l\u0151 hittel, rem\u00e9nys\u00e9ggel, szeretettel \u00e9s \u00e1lland\u00f3 \u00e9bers\u00e9ggel teljes\u00edts\u00fck parancsaidat. A mi Urunk, J\u00e9zus Krisztus, a te Fiad \u00e1ltal, aki veled \u00e9l \u00e9s uralkodik a Szentl\u00e9lekkel egys\u00e9gben, Isten mind\u00f6r\u00f6kk\u00f6n \u00f6r\u00f6kk\u00e9.<\/p>\n<p align=\"justify\"><span style=\"color: #339966;\">OLVASM\u00c1NY Jeremi\u00e1s pr\u00f3f\u00e9ta k\u00f6nyv\u00e9b\u0151l (Jer 23,1-6)<\/span><br \/>\nEzt mondja az \u00dar:<br \/>\n\u201eJaj a p\u00e1sztoroknak, akik veszni hagyj\u00e1k \u00e9s sz\u00e9tsz\u00e9lesztik legel\u0151m juhait.\u201d Ez\u00e9rt ezt mondja az \u00dar, Izrael Istene a p\u00e1sztoroknak, akik n\u00e9pemet vezetik: \u201eSz\u00e9tsz\u00e9lesztett\u00e9tek ny\u00e1jamat, sz\u00e9tkergett\u00e9tek, s nem t\u00f6r\u0151dtek vele. Nos, nekem majd gondom lesz r\u00e1tok, m\u00e9gpedig gonosz tetteitek szerint\u201d \u2013 mondja az \u00dar.<br \/>\n\u201eNy\u00e1jam marad\u00e9k\u00e1t viszont magam gy\u0171jt\u00f6m \u00f6ssze azokb\u00f3l az S orsz\u00e1gokb\u00f3l, ahov\u00e1 el\u0171ztem \u0151ket: visszahozom \u0151ket legel\u0151ikre, ott gyarapodni fognak \u00e9s megsokasodnak. P\u00e1sztorokat rendelek f\u00f6l\u00e9j\u00fck, hogy gondjukat viselj\u00e9k \u00e9s legeltess\u00e9k \u0151ket: nem f\u00e9lnek \u00e9s nem remegnek t\u00f6bb\u00e9, \u00e9s egy sem v\u00e9sz el k\u00f6z\u00fcl\u00fck\u201d \u2013 mondja az \u00dar.<br \/>\n\u201e\u00cdme, j\u00f6nnek napok \u2013 mondja az \u00dar \u2013,amikor igaz sarjat t\u00e1masztok D\u00e1vidnak. Kir\u00e1lyk\u00e9nt uralkodik majd, b\u00f6lcsen korm\u00e1nyoz, s gondja lesz az orsz\u00e1gban a jogra \u00e9s az igazs\u00e1gra. Az \u0151 napjaiban megszabadul Juda, \u00e9s biztons\u00e1gban \u00e9l Izrael. Ez lesz a neve, amelyen sz\u00f3l\u00edtj\u00e1k: Az \u00dar a mi igazs\u00e1gunk.\u201d<br \/>\nEz az Isten ig\u00e9je.<\/p>\n<p align=\"justify\"><span style=\"color: #339966;\">V\u00c1LASZOS ZSOLT\u00c1R (Zsolt 22,1-3a.3b-4.5.6)<\/span><br \/>\nV\u00e1lasz:\u00a0<strong>Otthonom lesz\u00a0<u>az<\/u>\u00a0Isten h\u00e1za * mind\u00f6r\u00f6k<u>k\u00e9<\/u>\u00a0sz\u00fcnet n\u00e9lk\u00fcl.<\/strong>\u00a0(9. t\u00f3nus.)<br \/>\nEl\u0151\u00e9nekes: Az\u00a0<u>\u00dar<\/u>\u00a0n\u00e9kem p\u00e1sztorom: * \u00edns\u00e9<u>get<\/u>\u00a0nem kell l\u00e1tnom.<br \/>\nZ\u00f6ldell\u0151 mez\u0151<u>k\u00f6n<\/u>\u00a0terelget engem, * csendes vizekhez vezet \u00e9s lelke<u>met<\/u>\u00a0fel\u00fcd\u00edti.<br \/>\nH\u00edvek:\u00a0<strong>Otthonom lesz\u00a0<u>az<\/u>\u00a0Isten h\u00e1za * mind\u00f6r\u00f6k<u>k\u00e9<\/u>\u00a0sz\u00fcnet n\u00e9lk\u00fcl.<\/strong><br \/>\nE: Az igazs\u00e1g \u00f6sv\u00e9<u>ny\u00e9n<\/u>\u00a0vezet engem, * ahogyan\u00a0<u>\u0151<\/u>\u00a0meg\u00edg\u00e9rte.<br \/>\nA hal\u00e1l s\u00f6t\u00e9t v\u00f6lgy\u00e9ben sem f\u00e9lek,\u00a0<u>mert<\/u>\u00a0ott vagy v\u00e9lem, * biztons\u00e1got ad vessz\u0151d\u00a0<u>\u00e9s<\/u>\u00a0p\u00e1sztorbotod.<br \/>\nH:\u00a0<strong>Otthonom lesz\u00a0<u>az<\/u>\u00a0Isten h\u00e1za * mind\u00f6r\u00f6k<u>k\u00e9<\/u>\u00a0sz\u00fcnet n\u00e9lk\u00fcl.<\/strong><br \/>\nE: Sz\u00e1momra asz<u>talt<\/u>\u00a0ter\u00edtett\u00e9l, * hogy \u00fcld\u00f6z\u0151i<u>met<\/u>\u00a0sz\u00e9gyen \u00e9rje.<br \/>\nFejemet megken<u>ted<\/u>\u00a0olajoddal, * serlegemet csordul<u>tig<\/u>\u00a0megt\u00f6lt\u00f6tted.<br \/>\nH:\u00a0<strong>Otthonom lesz\u00a0<u>az<\/u>\u00a0Isten h\u00e1za * mind\u00f6r\u00f6k<u>k\u00e9<\/u>\u00a0sz\u00fcnet n\u00e9lk\u00fcl.<\/strong><br \/>\nE: J\u00f3s\u00e1god \u00e9s irgal<u>mad<\/u>\u00a0nyomon k\u00f6vet * \u00e9letemnek minden napj\u00e1n.<br \/>\nOtthonom lesz\u00a0<u>az<\/u>\u00a0Isten h\u00e1za, * mind\u00f6r\u00f6k<u>k\u00e9<\/u>\u00a0sz\u00fcnet n\u00e9lk\u00fcl.<br \/>\nH:\u00a0<strong>Otthonom lesz\u00a0<u>az<\/u>\u00a0Isten h\u00e1za * mind\u00f6r\u00f6k<u>k\u00e9<\/u>\u00a0sz\u00fcnet n\u00e9lk\u00fcl.<\/strong><\/p>\n<p align=\"justify\"><span style=\"color: #339966;\">SZENTLECKE Szent P\u00e1l apostolnak az efezusiakhoz \u00edrt level\u00e9b\u0151l (Ef 2,13-18)<\/span><br \/>\nTestv\u00e9reim!<br \/>\nTi, akik egykor \u201et\u00e1vol\u201d voltatok, Krisztus J\u00e9zusban most \u201ek\u00f6zel\u201d ker\u00fcltetek, Krisztus v\u00e9re \u00e1r\u00e1n. \u0150 a mi b\u00e9kess\u00e9g\u00fcnk, aki a kett\u0151t (Izraelt \u00e9s a pog\u00e1nyokat) eggy\u00e9 forrasztotta, \u00e9s a k\u00f6z\u00e9j\u00fck emelt v\u00e1laszfalat led\u00f6nt\u00f6tte, az ellens\u00e9gesked\u00e9st kik\u00fcsz\u00f6b\u00f6lte saj\u00e1t test\u00e9ben. A t\u00f6rv\u00e9nyt ugyanis parancsaival \u00e9s rendelkez\u00e9seivel egy\u00fctt \u00e9rv\u00e9nytelen\u00edtette. Mint b\u00e9kess\u00e9gszerz\u0151 a k\u00e9t n\u00e9pet mag\u00e1ban eggy\u00e9, \u00faj emberr\u00e9 teremtette, \u00e9s egy testben mind a kett\u0151t kiengesztelte Istennel kereszthal\u00e1la \u00e1ltal, amellyel az ellens\u00e9gesked\u00e9st meg\u00f6lte. Elj\u00f6tt, hogy b\u00e9k\u00e9t hirdessen nektek, a t\u00e1vol lev\u0151knek, \u00e9s b\u00e9k\u00e9t a k\u00f6zel lev\u0151knek. Az \u0151 r\u00e9v\u00e9n van mindkett\u0151nknek szabad utunk az egy L\u00e9lekben az Aty\u00e1hoz.<br \/>\nEz az Isten ig\u00e9je.<\/p>\n<p align=\"justify\"><span style=\"color: #339966;\">ALLELUJA<\/span><br \/>\nJ\u00e9zus mondja: \u2020 \u201eJuhaim hallgatnak szavamra, * ismerem \u0151ket \u00e9s a nyomomban j\u00e1rnak.\u201d (Jn 10,27 \u2013 1D<sup><small>2<\/small><\/sup>\u00a0t\u00f3nus.)<\/p>\n<p align=\"justify\"><span style=\"color: #339966;\">\u2020 EVANG\u00c9LIUM Szent M\u00e1rk k\u00f6nyv\u00e9b\u0151l (Mk 6,30-34)<\/span><br \/>\nAbban az id\u0151ben az apostolok \u00f6sszegy\u0171ltek J\u00e9zushoz, \u00e9s besz\u00e1moltak mindarr\u00f3l, amit tettek \u00e9s tan\u00edtottak. \u0150 \u00edgy sz\u00f3lt hozz\u00e1juk: \u201eGyertek ti is, (menj\u00fcnk) a pusztas\u00e1gba egy mag\u00e1nyos helyre, hogy pihenjetek egy kicsit!\u201d Mert olyan nagy j\u00f6v\u00e9s-men\u00e9s volt k\u00f6r\u00fcl\u00f6tt\u00fck, hogy m\u00e9g ev\u00e9sre sem maradt idej\u00fck.<br \/>\nB\u00e1rk\u00e1ba sz\u00e1lltak teh\u00e1t \u00e9s elmentek egy elhagyatott helyre, hogy magukban legyenek. De sokan l\u00e1tt\u00e1k, amikor elmentek, \u00e9s sokan megtudt\u00e1k. Erre minden v\u00e1rosb\u00f3l gyalog odasiettek, \u00e9s megel\u0151zt\u00e9k \u0151ket.<br \/>\nAmikor kisz\u00e1llt \u00e9s l\u00e1tta a nagy t\u00f6meget, megesett rajtuk a sz\u00edve. Olyanok voltak, mint a p\u00e1sztor n\u00e9lk\u00fcli juhok. Ez\u00e9rt tan\u00edtani kezdte \u0151ket sok mindenre.<br \/>\nEzek az evang\u00e9lium ig\u00e9i.<\/p>\n<p><span style=\"color: #339966;\">EGYETEMES K\u00d6NY\u00d6RG\u00c9SEK<\/span><br \/>\nPap: K\u00f6ny\u00f6r\u00f6gj\u00fcnk, testv\u00e9reim, az irgalmas Istenhez embert\u00e1rsaink\u00e9rt, akik b\u00e9k\u00e9re \u00e9s \u00fcdv\u00f6ss\u00e9gre v\u00e1gy\u00f3dnak!<br \/>\nLektor:<br \/>\n1. \u00c9breszd fel, Urunk, minden emberben a v\u00e1gyat a te b\u00e9k\u00e9d ut\u00e1n!<br \/>\nH\u00edvek: K\u00e9r\u00fcnk T\u00e9ged, hallgass meg minket!<br \/>\n2. \u00c1llj mindenkor papjaid mellett \u00e9s er\u0151s\u00edtsd \u0151ket lelkip\u00e1sztori munk\u00e1jukban!<br \/>\nH\u00edvek: K\u00e9r\u00fcnk T\u00e9ged, hallgass meg minket!<br \/>\n3. A k\u00f6teless\u00e9g\u00fcket becs\u00fcletesen teljes\u00edt\u0151 emberek jussanak meg\u00e9rdemelt pihen\u00e9shez minden\u00fctt a vil\u00e1gon!<br \/>\nH\u00edvek: K\u00e9r\u00fcnk T\u00e9ged, hallgass meg minket!<br \/>\n4. Szolg\u00e1ljon a ny\u00e1ri sz\u00fcnid\u0151 ifj\u00fas\u00e1gunk testi \u00e9s lelki erej\u00e9nek gyarapod\u00e1s\u00e1ra!<br \/>\nH\u00edvek: K\u00e9r\u00fcnk T\u00e9ged, hallgass meg minket!<br \/>\n5. Elhunyt testv\u00e9reinket fogadd j\u00f3s\u00e1gosan \u00f6r\u00f6k nyugalmadba!<br \/>\nH\u00edvek: K\u00e9r\u00fcnk T\u00e9ged, hallgass meg minket!<br \/>\nPap: J\u00f3s\u00e1gos mennyei Aty\u00e1nk! Te szent Fiadban j\u00f3 P\u00e1sztort rendelt\u00e9l az emberis\u00e9g sz\u00e1m\u00e1ra. Add, k\u00e9r\u00fcnk, hogy tan\u00edt\u00e1sa \u00e1ltal eljussunk az \u00f6r\u00f6k b\u00e9ke orsz\u00e1g\u00e1ba! Aki \u00e9l \u00e9s uralkodik mind\u00f6r\u00f6kk\u00f6n-\u00f6r\u00f6kk\u00e9.<br \/>\nH\u00edvek: \u00c1men.<\/p>\n<p><span style=\"color: #339966;\">Felaj\u00e1nl\u00f3 k\u00f6ny\u00f6rg\u00e9s:<\/span><br \/>\nIsten\u00fcnk, te a sokf\u00e9le \u00f3sz\u00f6vets\u00e9gi \u00e1ldozat hely\u00e9be egyetlen t\u00f6k\u00e9letes \u00e1ldozatul Fiad kereszt\u00e1ldozat\u00e1t rendelted. K\u00e9r\u00fcnk, fogadd el h\u00edveid \u00e1ldozati adom\u00e1ny\u00e1t, amint egykor elfogadtad \u00c1bel \u00e1ldozat\u00e1t, hogy amit most F\u00f6ls\u00e9ged dics\u0151\u00edt\u00e9s\u00e9re felaj\u00e1nlunk, az eg\u00e9sz vil\u00e1g \u00fcdv\u00f6ss\u00e9g\u00e9re v\u00e1lj\u00e9k. Krisztus, a mi Urunk \u00e1ltal.<\/p>\n<p>&nbsp;<\/p>\n<p><span style=\"color: #339966;\">\u00c1ldoz\u00e1si \u00e9nek:<\/span><br \/>\nEml\u00e9kezetet szerzett csodatetteinek az irgalmas \u00e9s k\u00f6ny\u00f6r\u00fcletes \u00dar: eledelt adott az \u0151t f\u00e9l\u0151knek. (Zsolt 110,4-5)<br \/>\n<span style=\"color: #339966;\"><em>vagy<\/em><\/span><br \/>\n\u00cdme, az ajt\u00f3ban \u00e1llok \u00e9s kopogok \u2013 mondja az \u00dar: ha valaki meghallja hangom, \u00e9s ajt\u00f3t nyit nekem, bemegyek hozz\u00e1, vele eszem, \u0151 meg \u00e9nvelem. (Jel 3,20)<\/p>\n<p><span style=\"color: #339966;\">\u00c1ldoz\u00e1s ut\u00e1ni k\u00f6ny\u00f6rg\u00e9s:<\/span><br \/>\nK\u00e9r\u00fcnk, Urunk, Isten\u00fcnk, l\u00e9gy irgalmas a te n\u00e9pedhez, \u00e9s minket, akiket a mennyei miszt\u00e9riumokba beavatt\u00e1l, vezess \u00e1t a r\u00e9gib\u0151l az \u00faj \u00e9letbe. Krisztus, a mi Urunk \u00e1ltal.<\/p>\n<p><em>(K\u00e9p forr\u00e1sa: Instagram)<\/em><\/p>\n","protected":false},"excerpt":{"rendered":"<p>Az olvasm\u00e1nyban a n\u00e9p vezet\u0151inek felel\u0151ss\u00e9g\u00e9r\u0151l sz\u00f3l az \u00dar. A vezet\u0151i feladat mindazok saj\u00e1tja, akikre emberek vannak b\u00edzva. Ez el\u0151l nem lehet kit\u00e9rni. Ehhez pedig term\u00e9szetszer\u0171leg hozz\u00e1tartozik az egy\u00e9ni sz\u00e1mad\u00e1s is. A magam hely\u00e9n \u00e9s m\u00f3dj\u00e1n sz\u00e1mot kell adnom. Mindez azonban nem t\u00f6lthet el nyugtalans\u00e1ggal \u00e9s f\u00e9lelemmel. Sokkal ink\u00e1bb biztat\u00e1s \u00e9s lehet\u0151s\u00e9g ez a sz\u00e1mad\u00e1s. Olyan, mint a k\u00f6zelg\u0151 vizsga, amely v\u00e9gs\u0151 soron \u00f6r\u00f6mmel t\u00f6lt el, hiszen v\u00e9gre sz\u00e1mot adatok elv\u00e9gzett munk\u00e1mr\u00f3l. Boldogok mindazok, akik \u00edgy \u00e9lik \u00e9let\u00fcket. A v\u00e1laszos zsolt\u00e1r a p\u00e1sztor \u00e9s juh kapcsolat\u00e1n kereszt\u00fcl \u00e9rz\u00e9kelti Istenhez f\u0171z\u0151d\u0151 kapcsolatomat: &#8222;Az \u00dar n\u00e9kem p\u00e1sztorom, \u00edns\u00e9get nem kell l\u00e1tnom.&#8221; A szentlecke ism\u00e9telten meger\u0151s\u00edti sz\u00e1munkra a nagyon fontos igazs\u00e1got: Krisztus a mi b\u00e9kess\u00e9g\u00fcnk. Amennyiben nem Krisztusban keress\u00fck egy\u00e9ni b\u00e9k\u00e9nk forr\u00e1s\u00e1t, \u00fagy \u00f6r\u00f6k nyugtalans\u00e1g \u00e9s f\u00e9lelem az oszt\u00e1lyr\u00e9sz\u00fcnk. Az evang\u00e9lium arr\u00f3l sz\u00e1mol be, hogy mindenkinek sz\u00fcks\u00e9ge van elcsendesed\u00e9sre, pihen\u00e9sre. Ezek a hetek \u00e9s h\u00f3napok az elcsendesed\u00e9sr\u0151l \u00e9s pihen\u00e9sr\u0151l is sz\u00f3lnak. Ugyanakkor a pihen\u00e9s \u00e9s elcsendesed\u00e9s lehet\u0151s\u00e9get is k\u00edn\u00e1l az egy\u00e9ni sz\u00e1mad\u00e1sra, lelki \u00e9s testi fel\u00fcd\u00fcl\u00e9sre. \u00c9ljek a lehet\u0151s\u00e9ggel, hiszen sz\u00fcks\u00e9gem van r\u00e1m!\u00a0 Kezd\u0151\u00e9nek: \u00edme, az Isten seg\u00edt engem, \u00e9s az \u00dar az \u00e9n lelkem oltalmaz\u00f3ja. K\u00e9szs\u00e9ges sz\u00edvvel \u00e1ldozom majd neked, \u00e9s h\u00e1l\u00e1t adok, Uram, j\u00f3s\u00e1gos nevednek. (V\u00f6. Zsolt 53,6.8) K\u00f6ny\u00f6rg\u00e9s: Urunk, Isten\u00fcnk, k\u00f6ny\u00f6r\u00fclj n\u00e9peden, \u00e9s add nek\u00fcnk b\u0151s\u00e9gesen kegyelmed aj\u00e1nd\u00e9kait, hogy mindenkor \u00e9l\u0151 hittel, rem\u00e9nys\u00e9ggel, szeretettel \u00e9s \u00e1lland\u00f3 \u00e9bers\u00e9ggel teljes\u00edts\u00fck parancsaidat. A mi Urunk, J\u00e9zus Krisztus, a te Fiad \u00e1ltal, aki veled \u00e9l \u00e9s uralkodik a Szentl\u00e9lekkel egys\u00e9gben, Isten mind\u00f6r\u00f6kk\u00f6n \u00f6r\u00f6kk\u00e9. OLVASM\u00c1NY Jeremi\u00e1s pr\u00f3f\u00e9ta k\u00f6nyv\u00e9b\u0151l (Jer 23,1-6) Ezt mondja az \u00dar: \u201eJaj a p\u00e1sztoroknak, akik veszni hagyj\u00e1k \u00e9s sz\u00e9tsz\u00e9lesztik legel\u0151m juhait.\u201d Ez\u00e9rt ezt mondja az \u00dar, Izrael Istene a p\u00e1sztoroknak, akik n\u00e9pemet vezetik: \u201eSz\u00e9tsz\u00e9lesztett\u00e9tek ny\u00e1jamat, sz\u00e9tkergett\u00e9tek, s nem t\u00f6r\u0151dtek vele. Nos, nekem majd gondom lesz r\u00e1tok, m\u00e9gpedig gonosz tetteitek szerint\u201d \u2013 mondja az \u00dar. \u201eNy\u00e1jam marad\u00e9k\u00e1t viszont magam gy\u0171jt\u00f6m \u00f6ssze azokb\u00f3l az&#8230; <\/p>\n<p><a class=\"readmore\" href=\"https:\/\/stuttgarti-katolikusok.de\/index.php\/evkozi-16-vasarnap\/\">R\u00e9szletek<\/a><\/p>\n","protected":false},"author":3,"featured_media":29220,"comment_status":"closed","ping_status":"closed","sticky":false,"template":"","format":"standard","meta":{"footnotes":""},"categories":[85,63],"tags":[],"class_list":["post-29219","post","type-post","status-publish","format-standard","has-post-thumbnail","hentry","category-a-liturgia-olvasmanyai","category-vasarnapi-gondolatok"],"yoast_head":"<!-- This site is optimized with the Yoast SEO plugin v27.3 - https:\/\/yoast.com\/product\/yoast-seo-wordpress\/ -->\n<title>\u00c9vk\u00f6zi 16. vas\u00e1rnap - Stuttgarti Katolikusok<\/title>\n<meta name=\"robots\" content=\"index, follow, max-snippet:-1, max-image-preview:large, max-video-preview:-1\" \/>\n<link rel=\"canonical\" href=\"https:\/\/stuttgarti-katolikusok.de\/index.php\/evkozi-16-vasarnap\/\" \/>\n<meta property=\"og:locale\" content=\"hu_HU\" \/>\n<meta property=\"og:type\" content=\"article\" \/>\n<meta property=\"og:title\" content=\"\u00c9vk\u00f6zi 16. vas\u00e1rnap - Stuttgarti Katolikusok\" \/>\n<meta property=\"og:description\" content=\"Az olvasm\u00e1nyban a n\u00e9p vezet\u0151inek felel\u0151ss\u00e9g\u00e9r\u0151l sz\u00f3l az \u00dar. A vezet\u0151i feladat mindazok saj\u00e1tja, akikre emberek vannak b\u00edzva. Ez el\u0151l nem lehet kit\u00e9rni. Ehhez pedig term\u00e9szetszer\u0171leg hozz\u00e1tartozik az egy\u00e9ni sz\u00e1mad\u00e1s is. A magam hely\u00e9n \u00e9s m\u00f3dj\u00e1n sz\u00e1mot kell adnom. Mindez azonban nem t\u00f6lthet el nyugtalans\u00e1ggal \u00e9s f\u00e9lelemmel. Sokkal ink\u00e1bb biztat\u00e1s \u00e9s lehet\u0151s\u00e9g ez a sz\u00e1mad\u00e1s. Olyan, mint a k\u00f6zelg\u0151 vizsga, amely v\u00e9gs\u0151 soron \u00f6r\u00f6mmel t\u00f6lt el, hiszen v\u00e9gre sz\u00e1mot adatok elv\u00e9gzett munk\u00e1mr\u00f3l. Boldogok mindazok, akik \u00edgy \u00e9lik \u00e9let\u00fcket. A v\u00e1laszos zsolt\u00e1r a p\u00e1sztor \u00e9s juh kapcsolat\u00e1n kereszt\u00fcl \u00e9rz\u00e9kelti Istenhez f\u0171z\u0151d\u0151 kapcsolatomat: &#8222;Az \u00dar n\u00e9kem p\u00e1sztorom, \u00edns\u00e9get nem kell l\u00e1tnom.&#8221; A szentlecke ism\u00e9telten meger\u0151s\u00edti sz\u00e1munkra a nagyon fontos igazs\u00e1got: Krisztus a mi b\u00e9kess\u00e9g\u00fcnk. Amennyiben nem Krisztusban keress\u00fck egy\u00e9ni b\u00e9k\u00e9nk forr\u00e1s\u00e1t, \u00fagy \u00f6r\u00f6k nyugtalans\u00e1g \u00e9s f\u00e9lelem az oszt\u00e1lyr\u00e9sz\u00fcnk. Az evang\u00e9lium arr\u00f3l sz\u00e1mol be, hogy mindenkinek sz\u00fcks\u00e9ge van elcsendesed\u00e9sre, pihen\u00e9sre. Ezek a hetek \u00e9s h\u00f3napok az elcsendesed\u00e9sr\u0151l \u00e9s pihen\u00e9sr\u0151l is sz\u00f3lnak. Ugyanakkor a pihen\u00e9s \u00e9s elcsendesed\u00e9s lehet\u0151s\u00e9get is k\u00edn\u00e1l az egy\u00e9ni sz\u00e1mad\u00e1sra, lelki \u00e9s testi fel\u00fcd\u00fcl\u00e9sre. \u00c9ljek a lehet\u0151s\u00e9ggel, hiszen sz\u00fcks\u00e9gem van r\u00e1m!\u00a0 Kezd\u0151\u00e9nek: \u00edme, az Isten seg\u00edt engem, \u00e9s az \u00dar az \u00e9n lelkem oltalmaz\u00f3ja. K\u00e9szs\u00e9ges sz\u00edvvel \u00e1ldozom majd neked, \u00e9s h\u00e1l\u00e1t adok, Uram, j\u00f3s\u00e1gos nevednek. (V\u00f6. Zsolt 53,6.8) K\u00f6ny\u00f6rg\u00e9s: Urunk, Isten\u00fcnk, k\u00f6ny\u00f6r\u00fclj n\u00e9peden, \u00e9s add nek\u00fcnk b\u0151s\u00e9gesen kegyelmed aj\u00e1nd\u00e9kait, hogy mindenkor \u00e9l\u0151 hittel, rem\u00e9nys\u00e9ggel, szeretettel \u00e9s \u00e1lland\u00f3 \u00e9bers\u00e9ggel teljes\u00edts\u00fck parancsaidat. A mi Urunk, J\u00e9zus Krisztus, a te Fiad \u00e1ltal, aki veled \u00e9l \u00e9s uralkodik a Szentl\u00e9lekkel egys\u00e9gben, Isten mind\u00f6r\u00f6kk\u00f6n \u00f6r\u00f6kk\u00e9. OLVASM\u00c1NY Jeremi\u00e1s pr\u00f3f\u00e9ta k\u00f6nyv\u00e9b\u0151l (Jer 23,1-6) Ezt mondja az \u00dar: \u201eJaj a p\u00e1sztoroknak, akik veszni hagyj\u00e1k \u00e9s sz\u00e9tsz\u00e9lesztik legel\u0151m juhait.\u201d Ez\u00e9rt ezt mondja az \u00dar, Izrael Istene a p\u00e1sztoroknak, akik n\u00e9pemet vezetik: \u201eSz\u00e9tsz\u00e9lesztett\u00e9tek ny\u00e1jamat, sz\u00e9tkergett\u00e9tek, s nem t\u00f6r\u0151dtek vele. Nos, nekem majd gondom lesz r\u00e1tok, m\u00e9gpedig gonosz tetteitek szerint\u201d \u2013 mondja az \u00dar. \u201eNy\u00e1jam marad\u00e9k\u00e1t viszont magam gy\u0171jt\u00f6m \u00f6ssze azokb\u00f3l az... R\u00e9szletek\" \/>\n<meta property=\"og:url\" content=\"https:\/\/stuttgarti-katolikusok.de\/index.php\/evkozi-16-vasarnap\/\" \/>\n<meta property=\"og:site_name\" content=\"Stuttgarti Katolikusok\" \/>\n<meta property=\"article:published_time\" content=\"2024-07-20T23:05:54+00:00\" \/>\n<meta property=\"article:modified_time\" content=\"2024-07-20T23:07:36+00:00\" \/>\n<meta property=\"og:image\" content=\"https:\/\/stuttgarti-katolikusok.de\/wp-content\/uploads\/2024\/07\/img-2867-scaled.jpg\" \/>\n\t<meta property=\"og:image:width\" content=\"2560\" \/>\n\t<meta property=\"og:image:height\" content=\"1707\" \/>\n\t<meta property=\"og:image:type\" content=\"image\/jpeg\" \/>\n<meta name=\"author\" content=\"Tibor atya\" \/>\n<meta name=\"twitter:card\" content=\"summary_large_image\" \/>\n<meta name=\"twitter:label1\" content=\"Szerz\u0151:\" \/>\n\t<meta name=\"twitter:data1\" content=\"Tibor atya\" \/>\n\t<meta name=\"twitter:label2\" content=\"Becs\u00fclt olvas\u00e1si id\u0151\" \/>\n\t<meta name=\"twitter:data2\" content=\"6 perc\" \/>\n<script type=\"application\/ld+json\" class=\"yoast-schema-graph\">{\"@context\":\"https:\\\/\\\/schema.org\",\"@graph\":[{\"@type\":\"Article\",\"@id\":\"https:\\\/\\\/stuttgarti-katolikusok.de\\\/index.php\\\/evkozi-16-vasarnap\\\/#article\",\"isPartOf\":{\"@id\":\"https:\\\/\\\/stuttgarti-katolikusok.de\\\/index.php\\\/evkozi-16-vasarnap\\\/\"},\"author\":{\"name\":\"Tibor atya\",\"@id\":\"https:\\\/\\\/stuttgarti-katolikusok.de\\\/#\\\/schema\\\/person\\\/75908d6f8fdc03a57889d27209df7795\"},\"headline\":\"\u00c9vk\u00f6zi 16. vas\u00e1rnap\",\"datePublished\":\"2024-07-20T23:05:54+00:00\",\"dateModified\":\"2024-07-20T23:07:36+00:00\",\"mainEntityOfPage\":{\"@id\":\"https:\\\/\\\/stuttgarti-katolikusok.de\\\/index.php\\\/evkozi-16-vasarnap\\\/\"},\"wordCount\":1511,\"image\":{\"@id\":\"https:\\\/\\\/stuttgarti-katolikusok.de\\\/index.php\\\/evkozi-16-vasarnap\\\/#primaryimage\"},\"thumbnailUrl\":\"https:\\\/\\\/stuttgarti-katolikusok.de\\\/wp-content\\\/uploads\\\/2024\\\/07\\\/img-2867-scaled.jpg\",\"articleSection\":[\"A liturgia olvasm\u00e1nyai\",\"Vas\u00e1rnapi gondolatok\"],\"inLanguage\":\"hu\"},{\"@type\":\"WebPage\",\"@id\":\"https:\\\/\\\/stuttgarti-katolikusok.de\\\/index.php\\\/evkozi-16-vasarnap\\\/\",\"url\":\"https:\\\/\\\/stuttgarti-katolikusok.de\\\/index.php\\\/evkozi-16-vasarnap\\\/\",\"name\":\"\u00c9vk\u00f6zi 16. vas\u00e1rnap - Stuttgarti Katolikusok\",\"isPartOf\":{\"@id\":\"https:\\\/\\\/stuttgarti-katolikusok.de\\\/#website\"},\"primaryImageOfPage\":{\"@id\":\"https:\\\/\\\/stuttgarti-katolikusok.de\\\/index.php\\\/evkozi-16-vasarnap\\\/#primaryimage\"},\"image\":{\"@id\":\"https:\\\/\\\/stuttgarti-katolikusok.de\\\/index.php\\\/evkozi-16-vasarnap\\\/#primaryimage\"},\"thumbnailUrl\":\"https:\\\/\\\/stuttgarti-katolikusok.de\\\/wp-content\\\/uploads\\\/2024\\\/07\\\/img-2867-scaled.jpg\",\"datePublished\":\"2024-07-20T23:05:54+00:00\",\"dateModified\":\"2024-07-20T23:07:36+00:00\",\"author\":{\"@id\":\"https:\\\/\\\/stuttgarti-katolikusok.de\\\/#\\\/schema\\\/person\\\/75908d6f8fdc03a57889d27209df7795\"},\"breadcrumb\":{\"@id\":\"https:\\\/\\\/stuttgarti-katolikusok.de\\\/index.php\\\/evkozi-16-vasarnap\\\/#breadcrumb\"},\"inLanguage\":\"hu\",\"potentialAction\":[{\"@type\":\"ReadAction\",\"target\":[\"https:\\\/\\\/stuttgarti-katolikusok.de\\\/index.php\\\/evkozi-16-vasarnap\\\/\"]}]},{\"@type\":\"ImageObject\",\"inLanguage\":\"hu\",\"@id\":\"https:\\\/\\\/stuttgarti-katolikusok.de\\\/index.php\\\/evkozi-16-vasarnap\\\/#primaryimage\",\"url\":\"https:\\\/\\\/stuttgarti-katolikusok.de\\\/wp-content\\\/uploads\\\/2024\\\/07\\\/img-2867-scaled.jpg\",\"contentUrl\":\"https:\\\/\\\/stuttgarti-katolikusok.de\\\/wp-content\\\/uploads\\\/2024\\\/07\\\/img-2867-scaled.jpg\",\"width\":2560,\"height\":1707},{\"@type\":\"BreadcrumbList\",\"@id\":\"https:\\\/\\\/stuttgarti-katolikusok.de\\\/index.php\\\/evkozi-16-vasarnap\\\/#breadcrumb\",\"itemListElement\":[{\"@type\":\"ListItem\",\"position\":1,\"name\":\"Kezd\u0151lap\",\"item\":\"https:\\\/\\\/stuttgarti-katolikusok.de\\\/\"},{\"@type\":\"ListItem\",\"position\":2,\"name\":\"\u00c9vk\u00f6zi 16. vas\u00e1rnap\"}]},{\"@type\":\"WebSite\",\"@id\":\"https:\\\/\\\/stuttgarti-katolikusok.de\\\/#website\",\"url\":\"https:\\\/\\\/stuttgarti-katolikusok.de\\\/\",\"name\":\"Stuttgarti Katolikusok\",\"description\":\"\",\"potentialAction\":[{\"@type\":\"SearchAction\",\"target\":{\"@type\":\"EntryPoint\",\"urlTemplate\":\"https:\\\/\\\/stuttgarti-katolikusok.de\\\/?s={search_term_string}\"},\"query-input\":{\"@type\":\"PropertyValueSpecification\",\"valueRequired\":true,\"valueName\":\"search_term_string\"}}],\"inLanguage\":\"hu\"},{\"@type\":\"Person\",\"@id\":\"https:\\\/\\\/stuttgarti-katolikusok.de\\\/#\\\/schema\\\/person\\\/75908d6f8fdc03a57889d27209df7795\",\"name\":\"Tibor atya\",\"image\":{\"@type\":\"ImageObject\",\"inLanguage\":\"hu\",\"@id\":\"https:\\\/\\\/secure.gravatar.com\\\/avatar\\\/61d268e57d1f4525b111222e29d2d5a7f8c420fdbf231ba5566a8ceac74fa960?s=96&d=mm&r=g\",\"url\":\"https:\\\/\\\/secure.gravatar.com\\\/avatar\\\/61d268e57d1f4525b111222e29d2d5a7f8c420fdbf231ba5566a8ceac74fa960?s=96&d=mm&r=g\",\"contentUrl\":\"https:\\\/\\\/secure.gravatar.com\\\/avatar\\\/61d268e57d1f4525b111222e29d2d5a7f8c420fdbf231ba5566a8ceac74fa960?s=96&d=mm&r=g\",\"caption\":\"Tibor atya\"},\"url\":\"https:\\\/\\\/stuttgarti-katolikusok.de\\\/index.php\\\/author\\\/tibor-atya\\\/\"}]}<\/script>\n<!-- \/ Yoast SEO plugin. -->","yoast_head_json":{"title":"\u00c9vk\u00f6zi 16. vas\u00e1rnap - Stuttgarti Katolikusok","robots":{"index":"index","follow":"follow","max-snippet":"max-snippet:-1","max-image-preview":"max-image-preview:large","max-video-preview":"max-video-preview:-1"},"canonical":"https:\/\/stuttgarti-katolikusok.de\/index.php\/evkozi-16-vasarnap\/","og_locale":"hu_HU","og_type":"article","og_title":"\u00c9vk\u00f6zi 16. vas\u00e1rnap - Stuttgarti Katolikusok","og_description":"Az olvasm\u00e1nyban a n\u00e9p vezet\u0151inek felel\u0151ss\u00e9g\u00e9r\u0151l sz\u00f3l az \u00dar. A vezet\u0151i feladat mindazok saj\u00e1tja, akikre emberek vannak b\u00edzva. Ez el\u0151l nem lehet kit\u00e9rni. Ehhez pedig term\u00e9szetszer\u0171leg hozz\u00e1tartozik az egy\u00e9ni sz\u00e1mad\u00e1s is. A magam hely\u00e9n \u00e9s m\u00f3dj\u00e1n sz\u00e1mot kell adnom. Mindez azonban nem t\u00f6lthet el nyugtalans\u00e1ggal \u00e9s f\u00e9lelemmel. Sokkal ink\u00e1bb biztat\u00e1s \u00e9s lehet\u0151s\u00e9g ez a sz\u00e1mad\u00e1s. Olyan, mint a k\u00f6zelg\u0151 vizsga, amely v\u00e9gs\u0151 soron \u00f6r\u00f6mmel t\u00f6lt el, hiszen v\u00e9gre sz\u00e1mot adatok elv\u00e9gzett munk\u00e1mr\u00f3l. Boldogok mindazok, akik \u00edgy \u00e9lik \u00e9let\u00fcket. A v\u00e1laszos zsolt\u00e1r a p\u00e1sztor \u00e9s juh kapcsolat\u00e1n kereszt\u00fcl \u00e9rz\u00e9kelti Istenhez f\u0171z\u0151d\u0151 kapcsolatomat: &#8222;Az \u00dar n\u00e9kem p\u00e1sztorom, \u00edns\u00e9get nem kell l\u00e1tnom.&#8221; A szentlecke ism\u00e9telten meger\u0151s\u00edti sz\u00e1munkra a nagyon fontos igazs\u00e1got: Krisztus a mi b\u00e9kess\u00e9g\u00fcnk. Amennyiben nem Krisztusban keress\u00fck egy\u00e9ni b\u00e9k\u00e9nk forr\u00e1s\u00e1t, \u00fagy \u00f6r\u00f6k nyugtalans\u00e1g \u00e9s f\u00e9lelem az oszt\u00e1lyr\u00e9sz\u00fcnk. Az evang\u00e9lium arr\u00f3l sz\u00e1mol be, hogy mindenkinek sz\u00fcks\u00e9ge van elcsendesed\u00e9sre, pihen\u00e9sre. Ezek a hetek \u00e9s h\u00f3napok az elcsendesed\u00e9sr\u0151l \u00e9s pihen\u00e9sr\u0151l is sz\u00f3lnak. Ugyanakkor a pihen\u00e9s \u00e9s elcsendesed\u00e9s lehet\u0151s\u00e9get is k\u00edn\u00e1l az egy\u00e9ni sz\u00e1mad\u00e1sra, lelki \u00e9s testi fel\u00fcd\u00fcl\u00e9sre. \u00c9ljek a lehet\u0151s\u00e9ggel, hiszen sz\u00fcks\u00e9gem van r\u00e1m!\u00a0 Kezd\u0151\u00e9nek: \u00edme, az Isten seg\u00edt engem, \u00e9s az \u00dar az \u00e9n lelkem oltalmaz\u00f3ja. K\u00e9szs\u00e9ges sz\u00edvvel \u00e1ldozom majd neked, \u00e9s h\u00e1l\u00e1t adok, Uram, j\u00f3s\u00e1gos nevednek. (V\u00f6. Zsolt 53,6.8) K\u00f6ny\u00f6rg\u00e9s: Urunk, Isten\u00fcnk, k\u00f6ny\u00f6r\u00fclj n\u00e9peden, \u00e9s add nek\u00fcnk b\u0151s\u00e9gesen kegyelmed aj\u00e1nd\u00e9kait, hogy mindenkor \u00e9l\u0151 hittel, rem\u00e9nys\u00e9ggel, szeretettel \u00e9s \u00e1lland\u00f3 \u00e9bers\u00e9ggel teljes\u00edts\u00fck parancsaidat. A mi Urunk, J\u00e9zus Krisztus, a te Fiad \u00e1ltal, aki veled \u00e9l \u00e9s uralkodik a Szentl\u00e9lekkel egys\u00e9gben, Isten mind\u00f6r\u00f6kk\u00f6n \u00f6r\u00f6kk\u00e9. OLVASM\u00c1NY Jeremi\u00e1s pr\u00f3f\u00e9ta k\u00f6nyv\u00e9b\u0151l (Jer 23,1-6) Ezt mondja az \u00dar: \u201eJaj a p\u00e1sztoroknak, akik veszni hagyj\u00e1k \u00e9s sz\u00e9tsz\u00e9lesztik legel\u0151m juhait.\u201d Ez\u00e9rt ezt mondja az \u00dar, Izrael Istene a p\u00e1sztoroknak, akik n\u00e9pemet vezetik: \u201eSz\u00e9tsz\u00e9lesztett\u00e9tek ny\u00e1jamat, sz\u00e9tkergett\u00e9tek, s nem t\u00f6r\u0151dtek vele. Nos, nekem majd gondom lesz r\u00e1tok, m\u00e9gpedig gonosz tetteitek szerint\u201d \u2013 mondja az \u00dar. \u201eNy\u00e1jam marad\u00e9k\u00e1t viszont magam gy\u0171jt\u00f6m \u00f6ssze azokb\u00f3l az... R\u00e9szletek","og_url":"https:\/\/stuttgarti-katolikusok.de\/index.php\/evkozi-16-vasarnap\/","og_site_name":"Stuttgarti Katolikusok","article_published_time":"2024-07-20T23:05:54+00:00","article_modified_time":"2024-07-20T23:07:36+00:00","og_image":[{"width":2560,"height":1707,"url":"https:\/\/stuttgarti-katolikusok.de\/wp-content\/uploads\/2024\/07\/img-2867-scaled.jpg","type":"image\/jpeg"}],"author":"Tibor atya","twitter_card":"summary_large_image","twitter_misc":{"Szerz\u0151:":"Tibor atya","Becs\u00fclt olvas\u00e1si id\u0151":"6 perc"},"schema":{"@context":"https:\/\/schema.org","@graph":[{"@type":"Article","@id":"https:\/\/stuttgarti-katolikusok.de\/index.php\/evkozi-16-vasarnap\/#article","isPartOf":{"@id":"https:\/\/stuttgarti-katolikusok.de\/index.php\/evkozi-16-vasarnap\/"},"author":{"name":"Tibor atya","@id":"https:\/\/stuttgarti-katolikusok.de\/#\/schema\/person\/75908d6f8fdc03a57889d27209df7795"},"headline":"\u00c9vk\u00f6zi 16. vas\u00e1rnap","datePublished":"2024-07-20T23:05:54+00:00","dateModified":"2024-07-20T23:07:36+00:00","mainEntityOfPage":{"@id":"https:\/\/stuttgarti-katolikusok.de\/index.php\/evkozi-16-vasarnap\/"},"wordCount":1511,"image":{"@id":"https:\/\/stuttgarti-katolikusok.de\/index.php\/evkozi-16-vasarnap\/#primaryimage"},"thumbnailUrl":"https:\/\/stuttgarti-katolikusok.de\/wp-content\/uploads\/2024\/07\/img-2867-scaled.jpg","articleSection":["A liturgia olvasm\u00e1nyai","Vas\u00e1rnapi gondolatok"],"inLanguage":"hu"},{"@type":"WebPage","@id":"https:\/\/stuttgarti-katolikusok.de\/index.php\/evkozi-16-vasarnap\/","url":"https:\/\/stuttgarti-katolikusok.de\/index.php\/evkozi-16-vasarnap\/","name":"\u00c9vk\u00f6zi 16. vas\u00e1rnap - Stuttgarti Katolikusok","isPartOf":{"@id":"https:\/\/stuttgarti-katolikusok.de\/#website"},"primaryImageOfPage":{"@id":"https:\/\/stuttgarti-katolikusok.de\/index.php\/evkozi-16-vasarnap\/#primaryimage"},"image":{"@id":"https:\/\/stuttgarti-katolikusok.de\/index.php\/evkozi-16-vasarnap\/#primaryimage"},"thumbnailUrl":"https:\/\/stuttgarti-katolikusok.de\/wp-content\/uploads\/2024\/07\/img-2867-scaled.jpg","datePublished":"2024-07-20T23:05:54+00:00","dateModified":"2024-07-20T23:07:36+00:00","author":{"@id":"https:\/\/stuttgarti-katolikusok.de\/#\/schema\/person\/75908d6f8fdc03a57889d27209df7795"},"breadcrumb":{"@id":"https:\/\/stuttgarti-katolikusok.de\/index.php\/evkozi-16-vasarnap\/#breadcrumb"},"inLanguage":"hu","potentialAction":[{"@type":"ReadAction","target":["https:\/\/stuttgarti-katolikusok.de\/index.php\/evkozi-16-vasarnap\/"]}]},{"@type":"ImageObject","inLanguage":"hu","@id":"https:\/\/stuttgarti-katolikusok.de\/index.php\/evkozi-16-vasarnap\/#primaryimage","url":"https:\/\/stuttgarti-katolikusok.de\/wp-content\/uploads\/2024\/07\/img-2867-scaled.jpg","contentUrl":"https:\/\/stuttgarti-katolikusok.de\/wp-content\/uploads\/2024\/07\/img-2867-scaled.jpg","width":2560,"height":1707},{"@type":"BreadcrumbList","@id":"https:\/\/stuttgarti-katolikusok.de\/index.php\/evkozi-16-vasarnap\/#breadcrumb","itemListElement":[{"@type":"ListItem","position":1,"name":"Kezd\u0151lap","item":"https:\/\/stuttgarti-katolikusok.de\/"},{"@type":"ListItem","position":2,"name":"\u00c9vk\u00f6zi 16. vas\u00e1rnap"}]},{"@type":"WebSite","@id":"https:\/\/stuttgarti-katolikusok.de\/#website","url":"https:\/\/stuttgarti-katolikusok.de\/","name":"Stuttgarti Katolikusok","description":"","potentialAction":[{"@type":"SearchAction","target":{"@type":"EntryPoint","urlTemplate":"https:\/\/stuttgarti-katolikusok.de\/?s={search_term_string}"},"query-input":{"@type":"PropertyValueSpecification","valueRequired":true,"valueName":"search_term_string"}}],"inLanguage":"hu"},{"@type":"Person","@id":"https:\/\/stuttgarti-katolikusok.de\/#\/schema\/person\/75908d6f8fdc03a57889d27209df7795","name":"Tibor atya","image":{"@type":"ImageObject","inLanguage":"hu","@id":"https:\/\/secure.gravatar.com\/avatar\/61d268e57d1f4525b111222e29d2d5a7f8c420fdbf231ba5566a8ceac74fa960?s=96&d=mm&r=g","url":"https:\/\/secure.gravatar.com\/avatar\/61d268e57d1f4525b111222e29d2d5a7f8c420fdbf231ba5566a8ceac74fa960?s=96&d=mm&r=g","contentUrl":"https:\/\/secure.gravatar.com\/avatar\/61d268e57d1f4525b111222e29d2d5a7f8c420fdbf231ba5566a8ceac74fa960?s=96&d=mm&r=g","caption":"Tibor atya"},"url":"https:\/\/stuttgarti-katolikusok.de\/index.php\/author\/tibor-atya\/"}]}},"_links":{"self":[{"href":"https:\/\/stuttgarti-katolikusok.de\/index.php\/wp-json\/wp\/v2\/posts\/29219","targetHints":{"allow":["GET"]}}],"collection":[{"href":"https:\/\/stuttgarti-katolikusok.de\/index.php\/wp-json\/wp\/v2\/posts"}],"about":[{"href":"https:\/\/stuttgarti-katolikusok.de\/index.php\/wp-json\/wp\/v2\/types\/post"}],"author":[{"embeddable":true,"href":"https:\/\/stuttgarti-katolikusok.de\/index.php\/wp-json\/wp\/v2\/users\/3"}],"replies":[{"embeddable":true,"href":"https:\/\/stuttgarti-katolikusok.de\/index.php\/wp-json\/wp\/v2\/comments?post=29219"}],"version-history":[{"count":3,"href":"https:\/\/stuttgarti-katolikusok.de\/index.php\/wp-json\/wp\/v2\/posts\/29219\/revisions"}],"predecessor-version":[{"id":29225,"href":"https:\/\/stuttgarti-katolikusok.de\/index.php\/wp-json\/wp\/v2\/posts\/29219\/revisions\/29225"}],"wp:featuredmedia":[{"embeddable":true,"href":"https:\/\/stuttgarti-katolikusok.de\/index.php\/wp-json\/wp\/v2\/media\/29220"}],"wp:attachment":[{"href":"https:\/\/stuttgarti-katolikusok.de\/index.php\/wp-json\/wp\/v2\/media?parent=29219"}],"wp:term":[{"taxonomy":"category","embeddable":true,"href":"https:\/\/stuttgarti-katolikusok.de\/index.php\/wp-json\/wp\/v2\/categories?post=29219"},{"taxonomy":"post_tag","embeddable":true,"href":"https:\/\/stuttgarti-katolikusok.de\/index.php\/wp-json\/wp\/v2\/tags?post=29219"}],"curies":[{"name":"wp","href":"https:\/\/api.w.org\/{rel}","templated":true}]}}