{"id":29197,"date":"2024-07-17T14:06:49","date_gmt":"2024-07-17T12:06:49","guid":{"rendered":"https:\/\/stuttgarti-katolikusok.de\/?p=29197"},"modified":"2024-07-18T22:00:07","modified_gmt":"2024-07-18T20:00:07","slug":"kis-zarandoklat-scheyernbe","status":"publish","type":"post","link":"https:\/\/stuttgarti-katolikusok.de\/index.php\/kis-zarandoklat-scheyernbe\/","title":{"rendered":"Kis-zar\u00e1ndoklat Scheyernbe"},"content":{"rendered":"<p><span style=\"font-size: 14pt;\">K\u00f6sz\u00f6nettel tartozunk k\u00f6z\u00f6ss\u00e9g\u00fcnk nev\u00e9ben Barsy-Szab\u00f3 Brigitt\u00e1nak \u00e9s f\u00e9rj\u00e9nek Zsoltnak, akik azzal a k\u00e9r\u00e9ssel kerestek meg benn\u00fcnket, hogy ebben az esztend\u0151ben a hagyom\u00e1nyos Kis-zar\u00e1ndoklatunkat Schayernben tartsuk meg. Ugyanis is t\u00f6rt\u00e9nt Szent Istv\u00e1n \u00e9s Boldog Gizella eljegyz\u00e9se.<\/span><\/p>\n<p><span style=\"font-size: 14pt;\">Hosszas el\u0151k\u00e9sz\u00fcletet k\u00f6vet\u0151en alakult ki zar\u00e1ndoklatunk programja.<\/span><\/p>\n<p><span style=\"font-size: 14pt;\">Id\u0151pont: <span style=\"color: #ff00ff;\"><strong>2<span style=\"color: #ff00ff;\">02<\/span>4. j\u00falius 20. &#8211; szombat<\/strong><\/span><\/span><\/p>\n<p><span style=\"font-size: 14pt;\">Kisbusszal, szem\u00e9lyg\u00e9pkocsikkal t\u00f6rt\u00e9nik oda- \u00e9s visszautaz\u00e1sunk. Eddigi ismereteink szerint t\u00f6bb helyr\u0151l indulunk el. Minden\u00fctt \u00fagy kell tervezn\u00fcnk, hogy 8.00 \u00f3r\u00e1ra a megbesz\u00e9lt helyen lehess\u00fcnk.<\/span><\/p>\n<p><span style=\"font-size: 14pt;\">&#8211; 8.00 \u00f3rakor tal\u00e1lkozunk az Ulm melletti parkol\u00f3ban:<\/span><\/p>\n<div class=\"TDF87d\"><span style=\"font-size: 14pt;\">Seligweiler Hotel &amp; Restaurants<\/span><\/div>\n<div class=\"vKmG2c\"><span style=\"font-size: 14pt;\">Seligweiler 1, 89081 Ulm<\/span><\/div>\n<div><\/div>\n<div class=\"vKmG2c\"><span style=\"font-size: 14pt;\"><a href=\"https:\/\/maps.app.goo.gl\/UcRDoBH71qdV3tvXA\">Seligweiler Hotel &amp; Restaurants<\/a><\/span><\/div>\n<div><\/div>\n<div class=\"vKmG2c\"><span style=\"font-size: 14pt;\">&#8211; Ezt k\u00f6vet\u0151en folytatjuk utunkat Speyernbe (121 km &#8211; kb. 1,30 \u00f3ra)<\/span><\/div>\n<div><\/div>\n<div class=\"vKmG2c\"><span style=\"font-size: 14pt;\"><a href=\"https:\/\/maps.app.goo.gl\/6p2p5qX4wQzgGHqdA\">Scheyern<\/a><\/span><\/div>\n<div><\/div>\n<div class=\"vKmG2c\"><span style=\"font-size: 14pt;\">&#8211; 10.00 \u00f3rakor: idegenvezet\u00e9s<\/span><\/div>\n<div><\/div>\n<div><span style=\"font-size: 14pt;\">&#8211; 10.50 \u00f3rakor szentmise<\/span><\/div>\n<div><\/div>\n<div class=\"vKmG2c\"><span style=\"font-size: 14pt;\">&#8211; 11.30 \u00f3rakor: k\u00f6z\u00f6s eb\u00e9d (mindenki saj\u00e1t maga rendeli meg \u00e9s fizeti)<\/span><\/div>\n<div><\/div>\n<div><span style=\"font-size: 14pt;\">&#8211; A k\u00f6z\u00f6s eb\u00e9det k\u00f6vet\u0151en m\u00e9g r\u00f6vid id\u0151t egy\u00fctt vagyunk &#8211; v\u00e1rosn\u00e9z\u00e9s, besz\u00e9lget\u00e9s<\/span><\/div>\n<div><\/div>\n<div><span style=\"font-size: 14pt;\">&#8211; 16.00 \u00f3rakor: hazaindul\u00e1s<\/span><\/div>\n<div><\/div>\n<div><span style=\"font-size: 14pt;\">Amennyiben m\u00e9g lenn\u00e9nek jelentkez\u0151k, \u00fagy tegy\u00e9tek meg 2024. j\u00falius 18-ig, 13.00 \u00f3r\u00e1ig irod\u00e1nkon. A jelentkez\u0151knek minden sz\u00fcks\u00e9ges tudnival\u00f3t m\u00e9g elmondunk.<\/span><\/div>\n<div><span style=\"font-size: 14pt;\"><em>(Nyit\u00f3k\u00e9p forr\u00e1sa: Wikipedia)<\/em><\/span><\/div>\n","protected":false},"excerpt":{"rendered":"<p>K\u00f6sz\u00f6nettel tartozunk k\u00f6z\u00f6ss\u00e9g\u00fcnk nev\u00e9ben Barsy-Szab\u00f3 Brigitt\u00e1nak \u00e9s f\u00e9rj\u00e9nek Zsoltnak, akik azzal a k\u00e9r\u00e9ssel kerestek meg benn\u00fcnket, hogy ebben az esztend\u0151ben a hagyom\u00e1nyos Kis-zar\u00e1ndoklatunkat Schayernben tartsuk meg. Ugyanis is t\u00f6rt\u00e9nt Szent Istv\u00e1n \u00e9s Boldog Gizella eljegyz\u00e9se. Hosszas el\u0151k\u00e9sz\u00fcletet k\u00f6vet\u0151en alakult ki zar\u00e1ndoklatunk programja. Id\u0151pont: 2024. j\u00falius 20. &#8211; szombat Kisbusszal, szem\u00e9lyg\u00e9pkocsikkal t\u00f6rt\u00e9nik oda- \u00e9s visszautaz\u00e1sunk. Eddigi ismereteink szerint t\u00f6bb helyr\u0151l indulunk el. Minden\u00fctt \u00fagy kell tervezn\u00fcnk, hogy 8.00 \u00f3r\u00e1ra a megbesz\u00e9lt helyen lehess\u00fcnk. &#8211; 8.00 \u00f3rakor tal\u00e1lkozunk az Ulm melletti parkol\u00f3ban: Seligweiler Hotel &amp; Restaurants Seligweiler 1, 89081 Ulm Seligweiler Hotel &amp; Restaurants &#8211; Ezt k\u00f6vet\u0151en folytatjuk utunkat Speyernbe (121 km &#8211; kb. 1,30 \u00f3ra) Scheyern &#8211; 10.00 \u00f3rakor: idegenvezet\u00e9s &#8211; 10.50 \u00f3rakor szentmise &#8211; 11.30 \u00f3rakor: k\u00f6z\u00f6s eb\u00e9d (mindenki saj\u00e1t maga rendeli meg \u00e9s fizeti) &#8211; A k\u00f6z\u00f6s eb\u00e9det k\u00f6vet\u0151en m\u00e9g r\u00f6vid id\u0151t egy\u00fctt vagyunk &#8211; v\u00e1rosn\u00e9z\u00e9s, besz\u00e9lget\u00e9s &#8211; 16.00 \u00f3rakor: hazaindul\u00e1s Amennyiben m\u00e9g lenn\u00e9nek jelentkez\u0151k, \u00fagy tegy\u00e9tek meg 2024. j\u00falius 18-ig, 13.00 \u00f3r\u00e1ig irod\u00e1nkon. A jelentkez\u0151knek minden sz\u00fcks\u00e9ges tudnival\u00f3t m\u00e9g elmondunk. (Nyit\u00f3k\u00e9p forr\u00e1sa: Wikipedia)<\/p>\n","protected":false},"author":3,"featured_media":29209,"comment_status":"closed","ping_status":"closed","sticky":false,"template":"","format":"standard","meta":{"footnotes":""},"categories":[5,46],"tags":[],"class_list":["post-29197","post","type-post","status-publish","format-standard","has-post-thumbnail","hentry","category-hirek","category-zarandoklat"],"yoast_head":"<!-- This site is optimized with the Yoast SEO plugin v27.3 - https:\/\/yoast.com\/product\/yoast-seo-wordpress\/ -->\n<title>Kis-zar\u00e1ndoklat Scheyernbe - Stuttgarti Katolikusok<\/title>\n<meta name=\"robots\" content=\"index, follow, max-snippet:-1, max-image-preview:large, max-video-preview:-1\" \/>\n<link rel=\"canonical\" href=\"https:\/\/stuttgarti-katolikusok.de\/index.php\/kis-zarandoklat-scheyernbe\/\" \/>\n<meta property=\"og:locale\" content=\"hu_HU\" \/>\n<meta property=\"og:type\" content=\"article\" \/>\n<meta property=\"og:title\" content=\"Kis-zar\u00e1ndoklat Scheyernbe - Stuttgarti Katolikusok\" \/>\n<meta property=\"og:description\" content=\"K\u00f6sz\u00f6nettel tartozunk k\u00f6z\u00f6ss\u00e9g\u00fcnk nev\u00e9ben Barsy-Szab\u00f3 Brigitt\u00e1nak \u00e9s f\u00e9rj\u00e9nek Zsoltnak, akik azzal a k\u00e9r\u00e9ssel kerestek meg benn\u00fcnket, hogy ebben az esztend\u0151ben a hagyom\u00e1nyos Kis-zar\u00e1ndoklatunkat Schayernben tartsuk meg. Ugyanis is t\u00f6rt\u00e9nt Szent Istv\u00e1n \u00e9s Boldog Gizella eljegyz\u00e9se. Hosszas el\u0151k\u00e9sz\u00fcletet k\u00f6vet\u0151en alakult ki zar\u00e1ndoklatunk programja. Id\u0151pont: 2024. j\u00falius 20. &#8211; szombat Kisbusszal, szem\u00e9lyg\u00e9pkocsikkal t\u00f6rt\u00e9nik oda- \u00e9s visszautaz\u00e1sunk. Eddigi ismereteink szerint t\u00f6bb helyr\u0151l indulunk el. Minden\u00fctt \u00fagy kell tervezn\u00fcnk, hogy 8.00 \u00f3r\u00e1ra a megbesz\u00e9lt helyen lehess\u00fcnk. &#8211; 8.00 \u00f3rakor tal\u00e1lkozunk az Ulm melletti parkol\u00f3ban: Seligweiler Hotel &amp; Restaurants Seligweiler 1, 89081 Ulm Seligweiler Hotel &amp; Restaurants &#8211; Ezt k\u00f6vet\u0151en folytatjuk utunkat Speyernbe (121 km &#8211; kb. 1,30 \u00f3ra) Scheyern &#8211; 10.00 \u00f3rakor: idegenvezet\u00e9s &#8211; 10.50 \u00f3rakor szentmise &#8211; 11.30 \u00f3rakor: k\u00f6z\u00f6s eb\u00e9d (mindenki saj\u00e1t maga rendeli meg \u00e9s fizeti) &#8211; A k\u00f6z\u00f6s eb\u00e9det k\u00f6vet\u0151en m\u00e9g r\u00f6vid id\u0151t egy\u00fctt vagyunk &#8211; v\u00e1rosn\u00e9z\u00e9s, besz\u00e9lget\u00e9s &#8211; 16.00 \u00f3rakor: hazaindul\u00e1s Amennyiben m\u00e9g lenn\u00e9nek jelentkez\u0151k, \u00fagy tegy\u00e9tek meg 2024. j\u00falius 18-ig, 13.00 \u00f3r\u00e1ig irod\u00e1nkon. A jelentkez\u0151knek minden sz\u00fcks\u00e9ges tudnival\u00f3t m\u00e9g elmondunk. (Nyit\u00f3k\u00e9p forr\u00e1sa: Wikipedia)\" \/>\n<meta property=\"og:url\" content=\"https:\/\/stuttgarti-katolikusok.de\/index.php\/kis-zarandoklat-scheyernbe\/\" \/>\n<meta property=\"og:site_name\" content=\"Stuttgarti Katolikusok\" \/>\n<meta property=\"article:published_time\" content=\"2024-07-17T12:06:49+00:00\" \/>\n<meta property=\"article:modified_time\" content=\"2024-07-18T20:00:07+00:00\" \/>\n<meta property=\"og:image\" content=\"https:\/\/stuttgarti-katolikusok.de\/wp-content\/uploads\/2024\/07\/aerial-image-of-the-scheyern-abbey-view-from-the-southwest.jpg\" \/>\n\t<meta property=\"og:image:width\" content=\"1920\" \/>\n\t<meta property=\"og:image:height\" content=\"1091\" \/>\n\t<meta property=\"og:image:type\" content=\"image\/jpeg\" \/>\n<meta name=\"author\" content=\"Tibor atya\" \/>\n<meta name=\"twitter:card\" content=\"summary_large_image\" \/>\n<meta name=\"twitter:label1\" content=\"Szerz\u0151:\" \/>\n\t<meta name=\"twitter:data1\" content=\"Tibor atya\" \/>\n\t<meta name=\"twitter:label2\" content=\"Becs\u00fclt olvas\u00e1si id\u0151\" \/>\n\t<meta name=\"twitter:data2\" content=\"2 perc\" \/>\n<script type=\"application\/ld+json\" class=\"yoast-schema-graph\">{\"@context\":\"https:\\\/\\\/schema.org\",\"@graph\":[{\"@type\":\"Article\",\"@id\":\"https:\\\/\\\/stuttgarti-katolikusok.de\\\/index.php\\\/kis-zarandoklat-scheyernbe\\\/#article\",\"isPartOf\":{\"@id\":\"https:\\\/\\\/stuttgarti-katolikusok.de\\\/index.php\\\/kis-zarandoklat-scheyernbe\\\/\"},\"author\":{\"name\":\"Tibor atya\",\"@id\":\"https:\\\/\\\/stuttgarti-katolikusok.de\\\/#\\\/schema\\\/person\\\/75908d6f8fdc03a57889d27209df7795\"},\"headline\":\"Kis-zar\u00e1ndoklat Scheyernbe\",\"datePublished\":\"2024-07-17T12:06:49+00:00\",\"dateModified\":\"2024-07-18T20:00:07+00:00\",\"mainEntityOfPage\":{\"@id\":\"https:\\\/\\\/stuttgarti-katolikusok.de\\\/index.php\\\/kis-zarandoklat-scheyernbe\\\/\"},\"wordCount\":233,\"image\":{\"@id\":\"https:\\\/\\\/stuttgarti-katolikusok.de\\\/index.php\\\/kis-zarandoklat-scheyernbe\\\/#primaryimage\"},\"thumbnailUrl\":\"https:\\\/\\\/stuttgarti-katolikusok.de\\\/wp-content\\\/uploads\\\/2024\\\/07\\\/aerial-image-of-the-scheyern-abbey-view-from-the-southwest.jpg\",\"articleSection\":[\"H\u00edrek\",\"Zar\u00e1ndoklat\"],\"inLanguage\":\"hu\"},{\"@type\":\"WebPage\",\"@id\":\"https:\\\/\\\/stuttgarti-katolikusok.de\\\/index.php\\\/kis-zarandoklat-scheyernbe\\\/\",\"url\":\"https:\\\/\\\/stuttgarti-katolikusok.de\\\/index.php\\\/kis-zarandoklat-scheyernbe\\\/\",\"name\":\"Kis-zar\u00e1ndoklat Scheyernbe - Stuttgarti Katolikusok\",\"isPartOf\":{\"@id\":\"https:\\\/\\\/stuttgarti-katolikusok.de\\\/#website\"},\"primaryImageOfPage\":{\"@id\":\"https:\\\/\\\/stuttgarti-katolikusok.de\\\/index.php\\\/kis-zarandoklat-scheyernbe\\\/#primaryimage\"},\"image\":{\"@id\":\"https:\\\/\\\/stuttgarti-katolikusok.de\\\/index.php\\\/kis-zarandoklat-scheyernbe\\\/#primaryimage\"},\"thumbnailUrl\":\"https:\\\/\\\/stuttgarti-katolikusok.de\\\/wp-content\\\/uploads\\\/2024\\\/07\\\/aerial-image-of-the-scheyern-abbey-view-from-the-southwest.jpg\",\"datePublished\":\"2024-07-17T12:06:49+00:00\",\"dateModified\":\"2024-07-18T20:00:07+00:00\",\"author\":{\"@id\":\"https:\\\/\\\/stuttgarti-katolikusok.de\\\/#\\\/schema\\\/person\\\/75908d6f8fdc03a57889d27209df7795\"},\"breadcrumb\":{\"@id\":\"https:\\\/\\\/stuttgarti-katolikusok.de\\\/index.php\\\/kis-zarandoklat-scheyernbe\\\/#breadcrumb\"},\"inLanguage\":\"hu\",\"potentialAction\":[{\"@type\":\"ReadAction\",\"target\":[\"https:\\\/\\\/stuttgarti-katolikusok.de\\\/index.php\\\/kis-zarandoklat-scheyernbe\\\/\"]}]},{\"@type\":\"ImageObject\",\"inLanguage\":\"hu\",\"@id\":\"https:\\\/\\\/stuttgarti-katolikusok.de\\\/index.php\\\/kis-zarandoklat-scheyernbe\\\/#primaryimage\",\"url\":\"https:\\\/\\\/stuttgarti-katolikusok.de\\\/wp-content\\\/uploads\\\/2024\\\/07\\\/aerial-image-of-the-scheyern-abbey-view-from-the-southwest.jpg\",\"contentUrl\":\"https:\\\/\\\/stuttgarti-katolikusok.de\\\/wp-content\\\/uploads\\\/2024\\\/07\\\/aerial-image-of-the-scheyern-abbey-view-from-the-southwest.jpg\",\"width\":1920,\"height\":1091,\"caption\":\"Aerial image of the Scheyern Abbey (view from the southwest)\"},{\"@type\":\"BreadcrumbList\",\"@id\":\"https:\\\/\\\/stuttgarti-katolikusok.de\\\/index.php\\\/kis-zarandoklat-scheyernbe\\\/#breadcrumb\",\"itemListElement\":[{\"@type\":\"ListItem\",\"position\":1,\"name\":\"Kezd\u0151lap\",\"item\":\"https:\\\/\\\/stuttgarti-katolikusok.de\\\/\"},{\"@type\":\"ListItem\",\"position\":2,\"name\":\"Kis-zar\u00e1ndoklat Scheyernbe\"}]},{\"@type\":\"WebSite\",\"@id\":\"https:\\\/\\\/stuttgarti-katolikusok.de\\\/#website\",\"url\":\"https:\\\/\\\/stuttgarti-katolikusok.de\\\/\",\"name\":\"Stuttgarti Katolikusok\",\"description\":\"\",\"potentialAction\":[{\"@type\":\"SearchAction\",\"target\":{\"@type\":\"EntryPoint\",\"urlTemplate\":\"https:\\\/\\\/stuttgarti-katolikusok.de\\\/?s={search_term_string}\"},\"query-input\":{\"@type\":\"PropertyValueSpecification\",\"valueRequired\":true,\"valueName\":\"search_term_string\"}}],\"inLanguage\":\"hu\"},{\"@type\":\"Person\",\"@id\":\"https:\\\/\\\/stuttgarti-katolikusok.de\\\/#\\\/schema\\\/person\\\/75908d6f8fdc03a57889d27209df7795\",\"name\":\"Tibor atya\",\"image\":{\"@type\":\"ImageObject\",\"inLanguage\":\"hu\",\"@id\":\"https:\\\/\\\/secure.gravatar.com\\\/avatar\\\/61d268e57d1f4525b111222e29d2d5a7f8c420fdbf231ba5566a8ceac74fa960?s=96&d=mm&r=g\",\"url\":\"https:\\\/\\\/secure.gravatar.com\\\/avatar\\\/61d268e57d1f4525b111222e29d2d5a7f8c420fdbf231ba5566a8ceac74fa960?s=96&d=mm&r=g\",\"contentUrl\":\"https:\\\/\\\/secure.gravatar.com\\\/avatar\\\/61d268e57d1f4525b111222e29d2d5a7f8c420fdbf231ba5566a8ceac74fa960?s=96&d=mm&r=g\",\"caption\":\"Tibor atya\"},\"url\":\"https:\\\/\\\/stuttgarti-katolikusok.de\\\/index.php\\\/author\\\/tibor-atya\\\/\"}]}<\/script>\n<!-- \/ Yoast SEO plugin. -->","yoast_head_json":{"title":"Kis-zar\u00e1ndoklat Scheyernbe - Stuttgarti Katolikusok","robots":{"index":"index","follow":"follow","max-snippet":"max-snippet:-1","max-image-preview":"max-image-preview:large","max-video-preview":"max-video-preview:-1"},"canonical":"https:\/\/stuttgarti-katolikusok.de\/index.php\/kis-zarandoklat-scheyernbe\/","og_locale":"hu_HU","og_type":"article","og_title":"Kis-zar\u00e1ndoklat Scheyernbe - Stuttgarti Katolikusok","og_description":"K\u00f6sz\u00f6nettel tartozunk k\u00f6z\u00f6ss\u00e9g\u00fcnk nev\u00e9ben Barsy-Szab\u00f3 Brigitt\u00e1nak \u00e9s f\u00e9rj\u00e9nek Zsoltnak, akik azzal a k\u00e9r\u00e9ssel kerestek meg benn\u00fcnket, hogy ebben az esztend\u0151ben a hagyom\u00e1nyos Kis-zar\u00e1ndoklatunkat Schayernben tartsuk meg. Ugyanis is t\u00f6rt\u00e9nt Szent Istv\u00e1n \u00e9s Boldog Gizella eljegyz\u00e9se. Hosszas el\u0151k\u00e9sz\u00fcletet k\u00f6vet\u0151en alakult ki zar\u00e1ndoklatunk programja. Id\u0151pont: 2024. j\u00falius 20. &#8211; szombat Kisbusszal, szem\u00e9lyg\u00e9pkocsikkal t\u00f6rt\u00e9nik oda- \u00e9s visszautaz\u00e1sunk. Eddigi ismereteink szerint t\u00f6bb helyr\u0151l indulunk el. Minden\u00fctt \u00fagy kell tervezn\u00fcnk, hogy 8.00 \u00f3r\u00e1ra a megbesz\u00e9lt helyen lehess\u00fcnk. &#8211; 8.00 \u00f3rakor tal\u00e1lkozunk az Ulm melletti parkol\u00f3ban: Seligweiler Hotel &amp; Restaurants Seligweiler 1, 89081 Ulm Seligweiler Hotel &amp; Restaurants &#8211; Ezt k\u00f6vet\u0151en folytatjuk utunkat Speyernbe (121 km &#8211; kb. 1,30 \u00f3ra) Scheyern &#8211; 10.00 \u00f3rakor: idegenvezet\u00e9s &#8211; 10.50 \u00f3rakor szentmise &#8211; 11.30 \u00f3rakor: k\u00f6z\u00f6s eb\u00e9d (mindenki saj\u00e1t maga rendeli meg \u00e9s fizeti) &#8211; A k\u00f6z\u00f6s eb\u00e9det k\u00f6vet\u0151en m\u00e9g r\u00f6vid id\u0151t egy\u00fctt vagyunk &#8211; v\u00e1rosn\u00e9z\u00e9s, besz\u00e9lget\u00e9s &#8211; 16.00 \u00f3rakor: hazaindul\u00e1s Amennyiben m\u00e9g lenn\u00e9nek jelentkez\u0151k, \u00fagy tegy\u00e9tek meg 2024. j\u00falius 18-ig, 13.00 \u00f3r\u00e1ig irod\u00e1nkon. A jelentkez\u0151knek minden sz\u00fcks\u00e9ges tudnival\u00f3t m\u00e9g elmondunk. (Nyit\u00f3k\u00e9p forr\u00e1sa: Wikipedia)","og_url":"https:\/\/stuttgarti-katolikusok.de\/index.php\/kis-zarandoklat-scheyernbe\/","og_site_name":"Stuttgarti Katolikusok","article_published_time":"2024-07-17T12:06:49+00:00","article_modified_time":"2024-07-18T20:00:07+00:00","og_image":[{"width":1920,"height":1091,"url":"https:\/\/stuttgarti-katolikusok.de\/wp-content\/uploads\/2024\/07\/aerial-image-of-the-scheyern-abbey-view-from-the-southwest.jpg","type":"image\/jpeg"}],"author":"Tibor atya","twitter_card":"summary_large_image","twitter_misc":{"Szerz\u0151:":"Tibor atya","Becs\u00fclt olvas\u00e1si id\u0151":"2 perc"},"schema":{"@context":"https:\/\/schema.org","@graph":[{"@type":"Article","@id":"https:\/\/stuttgarti-katolikusok.de\/index.php\/kis-zarandoklat-scheyernbe\/#article","isPartOf":{"@id":"https:\/\/stuttgarti-katolikusok.de\/index.php\/kis-zarandoklat-scheyernbe\/"},"author":{"name":"Tibor atya","@id":"https:\/\/stuttgarti-katolikusok.de\/#\/schema\/person\/75908d6f8fdc03a57889d27209df7795"},"headline":"Kis-zar\u00e1ndoklat Scheyernbe","datePublished":"2024-07-17T12:06:49+00:00","dateModified":"2024-07-18T20:00:07+00:00","mainEntityOfPage":{"@id":"https:\/\/stuttgarti-katolikusok.de\/index.php\/kis-zarandoklat-scheyernbe\/"},"wordCount":233,"image":{"@id":"https:\/\/stuttgarti-katolikusok.de\/index.php\/kis-zarandoklat-scheyernbe\/#primaryimage"},"thumbnailUrl":"https:\/\/stuttgarti-katolikusok.de\/wp-content\/uploads\/2024\/07\/aerial-image-of-the-scheyern-abbey-view-from-the-southwest.jpg","articleSection":["H\u00edrek","Zar\u00e1ndoklat"],"inLanguage":"hu"},{"@type":"WebPage","@id":"https:\/\/stuttgarti-katolikusok.de\/index.php\/kis-zarandoklat-scheyernbe\/","url":"https:\/\/stuttgarti-katolikusok.de\/index.php\/kis-zarandoklat-scheyernbe\/","name":"Kis-zar\u00e1ndoklat Scheyernbe - Stuttgarti Katolikusok","isPartOf":{"@id":"https:\/\/stuttgarti-katolikusok.de\/#website"},"primaryImageOfPage":{"@id":"https:\/\/stuttgarti-katolikusok.de\/index.php\/kis-zarandoklat-scheyernbe\/#primaryimage"},"image":{"@id":"https:\/\/stuttgarti-katolikusok.de\/index.php\/kis-zarandoklat-scheyernbe\/#primaryimage"},"thumbnailUrl":"https:\/\/stuttgarti-katolikusok.de\/wp-content\/uploads\/2024\/07\/aerial-image-of-the-scheyern-abbey-view-from-the-southwest.jpg","datePublished":"2024-07-17T12:06:49+00:00","dateModified":"2024-07-18T20:00:07+00:00","author":{"@id":"https:\/\/stuttgarti-katolikusok.de\/#\/schema\/person\/75908d6f8fdc03a57889d27209df7795"},"breadcrumb":{"@id":"https:\/\/stuttgarti-katolikusok.de\/index.php\/kis-zarandoklat-scheyernbe\/#breadcrumb"},"inLanguage":"hu","potentialAction":[{"@type":"ReadAction","target":["https:\/\/stuttgarti-katolikusok.de\/index.php\/kis-zarandoklat-scheyernbe\/"]}]},{"@type":"ImageObject","inLanguage":"hu","@id":"https:\/\/stuttgarti-katolikusok.de\/index.php\/kis-zarandoklat-scheyernbe\/#primaryimage","url":"https:\/\/stuttgarti-katolikusok.de\/wp-content\/uploads\/2024\/07\/aerial-image-of-the-scheyern-abbey-view-from-the-southwest.jpg","contentUrl":"https:\/\/stuttgarti-katolikusok.de\/wp-content\/uploads\/2024\/07\/aerial-image-of-the-scheyern-abbey-view-from-the-southwest.jpg","width":1920,"height":1091,"caption":"Aerial image of the Scheyern Abbey (view from the southwest)"},{"@type":"BreadcrumbList","@id":"https:\/\/stuttgarti-katolikusok.de\/index.php\/kis-zarandoklat-scheyernbe\/#breadcrumb","itemListElement":[{"@type":"ListItem","position":1,"name":"Kezd\u0151lap","item":"https:\/\/stuttgarti-katolikusok.de\/"},{"@type":"ListItem","position":2,"name":"Kis-zar\u00e1ndoklat Scheyernbe"}]},{"@type":"WebSite","@id":"https:\/\/stuttgarti-katolikusok.de\/#website","url":"https:\/\/stuttgarti-katolikusok.de\/","name":"Stuttgarti Katolikusok","description":"","potentialAction":[{"@type":"SearchAction","target":{"@type":"EntryPoint","urlTemplate":"https:\/\/stuttgarti-katolikusok.de\/?s={search_term_string}"},"query-input":{"@type":"PropertyValueSpecification","valueRequired":true,"valueName":"search_term_string"}}],"inLanguage":"hu"},{"@type":"Person","@id":"https:\/\/stuttgarti-katolikusok.de\/#\/schema\/person\/75908d6f8fdc03a57889d27209df7795","name":"Tibor atya","image":{"@type":"ImageObject","inLanguage":"hu","@id":"https:\/\/secure.gravatar.com\/avatar\/61d268e57d1f4525b111222e29d2d5a7f8c420fdbf231ba5566a8ceac74fa960?s=96&d=mm&r=g","url":"https:\/\/secure.gravatar.com\/avatar\/61d268e57d1f4525b111222e29d2d5a7f8c420fdbf231ba5566a8ceac74fa960?s=96&d=mm&r=g","contentUrl":"https:\/\/secure.gravatar.com\/avatar\/61d268e57d1f4525b111222e29d2d5a7f8c420fdbf231ba5566a8ceac74fa960?s=96&d=mm&r=g","caption":"Tibor atya"},"url":"https:\/\/stuttgarti-katolikusok.de\/index.php\/author\/tibor-atya\/"}]}},"_links":{"self":[{"href":"https:\/\/stuttgarti-katolikusok.de\/index.php\/wp-json\/wp\/v2\/posts\/29197","targetHints":{"allow":["GET"]}}],"collection":[{"href":"https:\/\/stuttgarti-katolikusok.de\/index.php\/wp-json\/wp\/v2\/posts"}],"about":[{"href":"https:\/\/stuttgarti-katolikusok.de\/index.php\/wp-json\/wp\/v2\/types\/post"}],"author":[{"embeddable":true,"href":"https:\/\/stuttgarti-katolikusok.de\/index.php\/wp-json\/wp\/v2\/users\/3"}],"replies":[{"embeddable":true,"href":"https:\/\/stuttgarti-katolikusok.de\/index.php\/wp-json\/wp\/v2\/comments?post=29197"}],"version-history":[{"count":15,"href":"https:\/\/stuttgarti-katolikusok.de\/index.php\/wp-json\/wp\/v2\/posts\/29197\/revisions"}],"predecessor-version":[{"id":29215,"href":"https:\/\/stuttgarti-katolikusok.de\/index.php\/wp-json\/wp\/v2\/posts\/29197\/revisions\/29215"}],"wp:featuredmedia":[{"embeddable":true,"href":"https:\/\/stuttgarti-katolikusok.de\/index.php\/wp-json\/wp\/v2\/media\/29209"}],"wp:attachment":[{"href":"https:\/\/stuttgarti-katolikusok.de\/index.php\/wp-json\/wp\/v2\/media?parent=29197"}],"wp:term":[{"taxonomy":"category","embeddable":true,"href":"https:\/\/stuttgarti-katolikusok.de\/index.php\/wp-json\/wp\/v2\/categories?post=29197"},{"taxonomy":"post_tag","embeddable":true,"href":"https:\/\/stuttgarti-katolikusok.de\/index.php\/wp-json\/wp\/v2\/tags?post=29197"}],"curies":[{"name":"wp","href":"https:\/\/api.w.org\/{rel}","templated":true}]}}