{"id":29193,"date":"2024-07-14T14:59:21","date_gmt":"2024-07-14T12:59:21","guid":{"rendered":"https:\/\/stuttgarti-katolikusok.de\/?p=29193"},"modified":"2024-07-14T14:59:21","modified_gmt":"2024-07-14T12:59:21","slug":"evkozi-15-vasarnap-2","status":"publish","type":"post","link":"https:\/\/stuttgarti-katolikusok.de\/index.php\/evkozi-15-vasarnap-2\/","title":{"rendered":"\u00c9vk\u00f6zi 15. vas\u00e1rnap"},"content":{"rendered":"<p><span style=\"color: #ff6600;\"><em>A szentmise k\u00f6ny\u00f6rg\u00e9s\u00e9ben az\u00e9rt foh\u00e1szkodunk, hogy az isteni igazs\u00e1g f\u00e9ny\u00e9ben mindig r\u00e1tal\u00e1ljunk a helyes \u00fatra. Elt\u00e9vedni, elesni m\u00e9g nem trag\u00e9dia. Legyen meg mindig a k\u00e9szs\u00e9g \u00e9s sz\u00e1nd\u00e9k visszatal\u00e1lni kit\u0171z\u00f6tt c\u00e9ljainkhoz.<\/em><\/span><\/p>\n<p><span style=\"color: #ff6600;\"><em>\u00c1mosz pr\u00f3f\u00e9ta tiszt\u00e1ban van emberi gyenges\u00e9geivel \u00e9s korl\u00e1taival. Ennek ellen\u00e9re v\u00e1llalja a pr\u00f3f\u00e9tai k\u00fcldet\u00e9st. Ez az \u0151 igazi nagys\u00e1ga. Tudja ugyanis, hogy mindaz, amit el\u00e9r \u00e9let\u00e9ben, az \u0151t megsz\u00f3l\u00edt\u00f3 \u00e9s megh\u00edv\u00f3 Isten k\u00fcl\u00f6n\u00f6s aj\u00e1nd\u00e9ka. Ennek k\u00f6sz\u00f6nhet\u0151en megmarad al\u00e1zatoss\u00e1g\u00e1ban.<\/em><\/span><\/p>\n<p><span style=\"color: #ff6600;\"><em>Szent P\u00e1l apostol \u00fczenete egyfajta biztat\u00e1s nek\u00fcnk is. Isten, J\u00e9zus Krisztusban megv\u00e1ltott benn\u00fcnket. Ez a felismer\u00e9s adhat er\u0151t mindennapi feladatainkhoz.<\/em><\/span><\/p>\n<p><span style=\"color: #ff6600;\"><em>Az evang\u00e9liumi r\u00e9sz az egy\u00e9ni k\u00fcldet\u00e9s nagyszer\u0171s\u00e9g\u00e9r\u0151l sz\u00f3l. Felt\u00e9tele a teljes szabads\u00e1g elnyer\u00e9se, amely f\u00fcggetlens\u00e9get eredm\u00e9nyez. Mennyire vagyok szabad \u00e9s f\u00fcggetlen? K\u00e9rd\u00e9s, melyet magamnak kell megv\u00e1laszolnom.<\/em><\/span><\/p>\n<p><span style=\"color: #339966;\"><em>Kezd\u0151\u00e9nek:<\/em><\/span><br \/>\nIgazs\u00e1gban jelenek meg sz\u00edned el\u0151tt, bet\u00f6lt engem a te dics\u0151s\u00e9ged. (V\u00f6. Zsolt 16,15)<\/p>\n<p><span style=\"color: #339966;\">K\u00f6ny\u00f6rg\u00e9s:<\/span><br \/>\nIsten\u00fcnk, te megmutatod igazs\u00e1god f\u00e9ny\u00e9t a t\u00e9velyg\u0151knek, hogy visszatal\u00e1ljanak a helyes \u00fatra. Add meg mindazoknak, akik a kereszt\u00e9ny hitet vallj\u00e1k, hogy elutas\u00edts\u00e1k, ami ellenkezik ezzel a n\u00e9vvel, \u00e9s t\u00f6rekedjenek arra, ami m\u00e9lt\u00f3 hozz\u00e1. A mi Urunk, J\u00e9zus Krisztus, a te Fiad \u00e1ltal, aki veled \u00e9l \u00e9s uralkodik a Szentl\u00e9lekkel egys\u00e9gben, Isten mind\u00f6r\u00f6kk\u00f6n \u00f6r\u00f6kk\u00e9.<\/p>\n<p align=\"justify\"><span style=\"color: #339966;\">OLVASM\u00c1NY \u00c1mosz pr\u00f3f\u00e9ta k\u00f6nyv\u00e9b\u0151l (\u00c1m 7,12-15)<\/span><br \/>\nAmacja, B\u00e9tel papja ezt mondta \u00c1mosznak:<br \/>\n\u201eL\u00e1tnok! Menj el innen! Menek\u00fclj, Juda f\u00f6ldj\u00e9re! Ott edd a kenyeredet \u00e9s ott pr\u00f3f\u00e9t\u00e1lj! B\u00e9telben t\u00f6bb\u00e9 ne pr\u00f3f\u00e9t\u00e1lj, mert kir\u00e1lyi szent\u00e9ly ez, \u00e9s a kir\u00e1lys\u00e1g temploma!\u201d<br \/>\n\u00c1mosz \u00edgy felelt Amacj\u00e1nak: \u201eNem vagyok \u00e9n pr\u00f3f\u00e9ta, sem pr\u00f3f\u00e9t\u00e1nak fia: p\u00e1sztor vagyok \u00e9s f\u00fcg\u00e9t termesztek. Az \u00dar azonban elh\u00edvott a ny\u00e1j mell\u0151l. Azt mondta nekem az \u00dar: \u00bbMenj, pr\u00f3f\u00e9t\u00e1lj n\u00e9pemnek, Izraelnek!\u00ab<br \/>\nEz az Isten ig\u00e9je.<\/p>\n<p align=\"justify\"><span style=\"color: #339966;\">V\u00c1LASZOS ZSOLT\u00c1R (Zsolt 84,9ab-10.11-12.13-14)<\/span><br \/>\nV\u00e1lasz:\u00a0<strong>Urunk, mutasd meg nek\u00fcnk\u00a0<u>ir<\/u>galmas sz\u00edvedet, * \u00e9s \u00fcdv\u00f6ss\u00e9g\u00fcnket\u00a0<u>add<\/u>\u00a0meg n\u00e9k\u00fcnk!<\/strong>\u00a0(1 D<sup><small>2<\/small><\/sup>\u00a0t\u00f3nus.)<br \/>\nEl\u0151\u00e9nekes: Hadd halljam, mit mond az \u00e9n\u00a0<u>U<\/u>ram, Istenem, * mert n\u00e9p\u00e9nek \u00e9s szentjeinek\u00a0<u>b\u00e9<\/u>k\u00e9t \u00edg\u00e9r.<br \/>\nAz istenf\u00e9l\u0151kh\u00f6z val\u00f3ban\u00a0<u>k\u00f6<\/u>zel az \u00fcdv\u00f6ss\u00e9g, * hogy orsz\u00e1gukba di<u>cs\u0151<\/u>s\u00e9g k\u00f6lt\u00f6zz\u00e9k.<br \/>\nH\u00edvek:\u00a0<strong>Urunk, mutasd meg nek\u00fcnk\u00a0<u>ir<\/u>galmas sz\u00edvedet, * \u00e9s \u00fcdv\u00f6ss\u00e9g\u00fcnket\u00a0<u>add<\/u>\u00a0meg n\u00e9k\u00fcnk!<\/strong><br \/>\nE: Irgalom \u00e9s h\u0171s\u00e9g majd\u00a0<u>egy<\/u>m\u00e1sra lelnek, * cs\u00f3kot v\u00e1lt az igazs\u00e1g\u00a0<u>\u00e9s<\/u>\u00a0a b\u00e9ke.<br \/>\nA f\u00f6ldb\u0151l a\u00a0<u>h\u0171<\/u>s\u00e9g kisarjad, * \u00e9s az igazs\u00e1goss\u00e1g tekint\u00a0<u>le<\/u>\u00a0az \u00e9gb\u0151l.<br \/>\nH:\u00a0<strong>Urunk, mutasd meg nek\u00fcnk\u00a0<u>ir<\/u>galmas sz\u00edvedet, * \u00e9s \u00fcdv\u00f6ss\u00e9g\u00fcnket\u00a0<u>add<\/u>\u00a0meg n\u00e9k\u00fcnk!<\/strong><br \/>\nE: Az \u00dar j\u00f3s\u00e1g\u00e1t\u00a0<u>meg<\/u>mutatja, * f\u00f6ld\u00fcnk is meg<u>hoz<\/u>za term\u00e9s\u00e9t.<br \/>\nIgazs\u00e1g\u00a0<u>j\u00e1r<\/u>\u00a0az \u00dar el\u0151tt, * \u00e9s b\u00e9ke a\u00a0<u>l\u00e1<\/u>ba nyom\u00e1ban.<br \/>\nH:\u00a0<strong>Urunk, mutasd meg nek\u00fcnk\u00a0<u>ir<\/u>galmas sz\u00edvedet, * \u00e9s \u00fcdv\u00f6ss\u00e9g\u00fcnket\u00a0<u>add<\/u>\u00a0meg n\u00e9k\u00fcnk!<\/strong><\/p>\n<p align=\"justify\"><span style=\"color: #339966;\">SZENTLECKE Szent P\u00e1l apostolnak az efezusiakhoz \u00edrt level\u00e9b\u0151l (Ef 1,3-14), v<em>agy r\u00f6videbb forma:<\/em>\u00a0Ef 1,3-10 a *-ig.<\/span><br \/>\nTestv\u00e9reim!<br \/>\n\u00c1ldott legyen az Isten, Urunk, J\u00e9zus Krisztus Atyja, aki Lelk\u00e9nek minden mennyei \u00e1ld\u00e1s\u00e1val meg\u00e1ldott minket Krisztus \u00e1ltal. \u0150benne v\u00e1lasztott ki minket a vil\u00e1g teremt\u00e9se el\u0151tt, hogy szentek \u00e9s feddhetetlenek legy\u00fcnk sz\u00edne el\u0151tt. Szeretetb\u0151l eleve arra rendelt benn\u00fcnket, hogy akarat\u00e1nak tetsz\u00e9se szerint J\u00e9zus Krisztus \u00e1ltal fogadott fiakk\u00e1 legy\u00fcnk, \u00e9s magasztaljuk f\u00f6ls\u00e9ges kegyelm\u00e9t, amellyel szeretett Fi\u00e1ban j\u00f3s\u00e1gosan megaj\u00e1nd\u00e9kozott minket.<br \/>\n\u0150benne nyert\u00fck el v\u00e9re \u00e1r\u00e1n a megv\u00e1lt\u00e1st \u00e9s b\u0171neink bocs\u00e1nat\u00e1t b\u0151s\u00e9ges kegyelme folyt\u00e1n, amelyet teljes b\u00f6lcsess\u00e9gben \u00e9s meg\u00e9rt\u00e9sben gazdagon \u00e1rasztott r\u00e1nk. Tudtunkra adta ugyanis akarat\u00e1nak titk\u00e1t, azt az \u0151benne el\u0151re meghat\u00e1rozott j\u00f3s\u00e1gos tervet, hogy el\u00e9rkezik az id\u0151k teljess\u00e9ge, \u00e9s Krisztusban mint F\u0151ben egyes\u00edt mindent, ami a mennyben \u00e9s a f\u00f6ld\u00f6n van.*<br \/>\n\u0150benne nyert\u00fck el mi is az \u00f6r\u00f6ks\u00e9get annak rendel\u00e9se szerint, aki mindent szabad elhat\u00e1roz\u00e1s\u00e1b\u00f3l tesz. Szolg\u00e1ljunk h\u00e1t f\u00f6ls\u00e9ge dics\u0151s\u00e9g\u00e9re, mi, akik m\u00e1r kor\u00e1bban is Krisztusba vetett\u00fck rem\u00e9ny\u00fcnket. Benne kapt\u00e1tok meg ti is a meg\u00edg\u00e9rt Szentl\u00e9lek pecs\u00e9tj\u00e9t, miut\u00e1n hallott\u00e1tok az igazs\u00e1gr\u00f3l sz\u00f3l\u00f3 tan\u00edt\u00e1st, \u00fcdv\u00f6ss\u00e9getek evang\u00e9lium\u00e1t, \u00e9s hittetek benne.<br \/>\n\u0150 a foglal\u00f3ja \u00f6r\u00f6ks\u00e9g\u00fcnknek, annak, hogy teljesen megv\u00e1ltva \u00f6v\u00e9i legy\u00fcnk az Isten f\u00f6ls\u00e9g\u00e9nek dics\u0151s\u00e9g\u00e9re.<br \/>\nEz az Isten ig\u00e9je.<\/p>\n<p><span style=\"color: #339966;\">ALLELUJA<\/span><br \/>\nUrunk J\u00e9zus Krisztus Atyja vil\u00e1gos\u00edtsa meg lelki szem\u00fcnket, * hogy meg\u00e9rts\u00fck, mily rem\u00e9nys\u00e9gre h\u00edvott minket. (V\u00f6. Ef 1,17-18 \u2013 7b. t\u00f3nus.)<\/p>\n<p align=\"justify\"><span style=\"color: #339966;\">\u2020 EVANG\u00c9LIUM Szent M\u00e1rk k\u00f6nyv\u00e9b\u0151l (Mk 6,7-13)<\/span><br \/>\nAbban az id\u0151ben:<br \/>\nJ\u00e9zus mag\u00e1hoz h\u00edvta a tizenkett\u0151t, \u00e9s kettes\u00e9vel elk\u00fcldte \u0151ket, hatalmat adva nekik a tiszt\u00e1talan lelkek felett. Megparancsolta nekik, hogy az \u00fatra ne vigyenek semmit, csak v\u00e1ndorbotot: sem kenyeret, sem tariszny\u00e1t, sem p\u00e9nzt az \u00f6v\u00fckben. Sarut k\u00f6ssenek, de k\u00e9t ruhadarabot ne vegyenek magukra. Azut\u00e1n \u00edgy folytatta: \u201eHa valahol bet\u00e9rtek egy h\u00e1zba, maradjatok ott addig, am\u00edg utatokat nem folytatj\u00e1tok. Ha valamely helys\u00e9gben nem fogadnak be \u00e9s nem hallgatnak meg titeket, menjetek el onn\u00e9t, s m\u00e9g a port is r\u00e1zz\u00e1tok le l\u00e1batokr\u00f3l, tan\u00fabizonys\u00e1gul ellen\u00fck.\u201d Azok elmentek s hirdett\u00e9k mindenkinek, hogy t\u00e9rjenek meg. Sok \u00f6rd\u00f6g\u00f6t ki\u0171ztek, \u00e9s olajjal megkenve sok beteget meggy\u00f3gy\u00edtottak.<br \/>\nEzek az evang\u00e9lium ig\u00e9i.<\/p>\n<p><span style=\"color: #339966;\">EGYETEMES K\u00d6NY\u00d6RG\u00c9SEK<\/span><br \/>\nPap: Im\u00e1dkozzunk, testv\u00e9reim, hogy Isten orsz\u00e1g\u00e1nak \u00f6r\u00f6mh\u00edre elterjedjen az eg\u00e9sz vil\u00e1gon!<br \/>\nLektor:<br \/>\n1. Add, Urunk, hogy szent ig\u00e9det mindig k\u00e9szs\u00e9ges sz\u00edvvel fogadja az eg\u00e9sz emberis\u00e9g!<br \/>\nH\u00edvek: K\u00e9r\u00fcnk t\u00e9ged, hallgass meg minket!<br \/>\n2. Seg\u00edtsd azokat, akiket Szent Fiad megh\u00edvott szolg\u00e1lat\u00e1ra, hogy \u00f6nzetlen\u00fcl t\u00f6lts\u00e9k be apostoli k\u00fcldet\u00e9s\u00fcket!<br \/>\nH\u00edvek: K\u00e9r\u00fcnk t\u00e9ged . . .<br \/>\n3. \u00c9bressz elegend\u0151 sz\u00e1mban hivat\u00e1sokat az igehirdet\u00e9s magasztos feladat\u00e1ra!<br \/>\nH\u00edvek: K\u00e9r\u00fcnk t\u00e9ged . . .<br \/>\n4. Keltsd f\u00f6l k\u00f6z\u00f6mb\u00f6ss\u00e9 v\u00e1lt embert\u00e1rsainkban az \u00e9rdekl\u0151d\u00e9st az evang\u00e9lium ir\u00e1nt!<br \/>\nH\u00edvek: K\u00e9r\u00fcnk t\u00e9ged . . .<br \/>\n5. Tedd gy\u00fcm\u00f6lcs\u00f6z\u0151v\u00e9 kegyelmeddel a hitoktat\u00e1s munk\u00e1j\u00e1t haz\u00e1nkban!<br \/>\nH\u00edvek: K\u00e9r\u00fcnk t\u00e9ged . . .<br \/>\nPap: J\u00f3s\u00e1gos Aty\u00e1nk! Te Fiad \u00e1ltal az apostolokra b\u00edztad szent hit\u00fcnk terjeszt\u00e9s\u00e9t. Add, k\u00e9r\u00fcnk, hogy kinyilatkoztatott tan\u00edt\u00e1sodat mindig k\u00e9szs\u00e9ggel fogadjuk, \u00e9s \u00e1ldozatos apostoli lelk\u00fclettel hirdess\u00fck! Krisztus, a mi Urunk \u00e1ltal.<br \/>\nH\u00edvek: \u00c1men.<\/p>\n<p><span style=\"color: #339966;\">Felaj\u00e1nl\u00f3 k\u00f6ny\u00f6rg\u00e9s:<\/span><br \/>\nUrunk, Isten\u00fcnk, fogadd sz\u00edvesen k\u00f6ny\u00f6rg\u0151 Egyh\u00e1zad \u00e1ldozati adom\u00e1nyait, \u00e9s add, hogy \u00e9let\u00fcnk megszentel\u00e9s\u00e9re r\u00e9szesedj\u00fcnk bel\u0151l\u00fck. Krisztus, a mi Urunk \u00e1ltal.<\/p>\n<p><span style=\"color: #339966;\">\u00c1ldoz\u00e1si \u00e9nek:<\/span><br \/>\nA ver\u00e9b is otthont tal\u00e1l mag\u00e1nak, \u00e9s f\u00e9szket a gerle, ahov\u00e1 fiait helyezze: a te olt\u00e1rodn\u00e1l, Seregek Ura, \u00e9n Kir\u00e1lyom \u00e9s Istenem! Boldogok, akik h\u00e1zadban laknak, \u00e9s t\u00e9ged \u00f6r\u00f6kk\u00e9 magasztalnak. (V\u00f6. Zsolt 83,4-5)<br \/>\n<span style=\"color: #339966;\"><em>Vagy<\/em><\/span><br \/>\nAki eszi az \u00e9n testemet \u00e9s issza az \u00e9n v\u00e9remet, az bennem marad, \u00e9s \u00e9n \u0151benne \u2013 mondja az \u00dar. (Jn 6,56)<\/p>\n<p><span style=\"color: #339966;\">\u00c1ldoz\u00e1s ut\u00e1ni k\u00f6ny\u00f6rg\u00e9s:<\/span><br \/>\nR\u00e9szes\u00fclt\u00fcnk aj\u00e1nd\u00e9kaidban, Urunk, Isten\u00fcnk. K\u00e9rve k\u00e9r\u00fcnk, hogy valah\u00e1nyszor meg\u00fcnnepelj\u00fck ezt a miszt\u00e9riumot, n\u00f6vekedj\u00e9k benn\u00fcnk \u00fcdv\u00f6ss\u00e9gszerz\u0151 kegyelmed. Krisztus, a mi Urunk \u00e1ltal.<\/p>\n<p><em>(K\u00e9p forr\u00e1sa: N\u00e9meti Gergely)<\/em><\/p>\n","protected":false},"excerpt":{"rendered":"<p>A szentmise k\u00f6ny\u00f6rg\u00e9s\u00e9ben az\u00e9rt foh\u00e1szkodunk, hogy az isteni igazs\u00e1g f\u00e9ny\u00e9ben mindig r\u00e1tal\u00e1ljunk a helyes \u00fatra. Elt\u00e9vedni, elesni m\u00e9g nem trag\u00e9dia. Legyen meg mindig a k\u00e9szs\u00e9g \u00e9s sz\u00e1nd\u00e9k visszatal\u00e1lni kit\u0171z\u00f6tt c\u00e9ljainkhoz. \u00c1mosz pr\u00f3f\u00e9ta tiszt\u00e1ban van emberi gyenges\u00e9geivel \u00e9s korl\u00e1taival. Ennek ellen\u00e9re v\u00e1llalja a pr\u00f3f\u00e9tai k\u00fcldet\u00e9st. Ez az \u0151 igazi nagys\u00e1ga. Tudja ugyanis, hogy mindaz, amit el\u00e9r \u00e9let\u00e9ben, az \u0151t megsz\u00f3l\u00edt\u00f3 \u00e9s megh\u00edv\u00f3 Isten k\u00fcl\u00f6n\u00f6s aj\u00e1nd\u00e9ka. Ennek k\u00f6sz\u00f6nhet\u0151en megmarad al\u00e1zatoss\u00e1g\u00e1ban. Szent P\u00e1l apostol \u00fczenete egyfajta biztat\u00e1s nek\u00fcnk is. Isten, J\u00e9zus Krisztusban megv\u00e1ltott benn\u00fcnket. Ez a felismer\u00e9s adhat er\u0151t mindennapi feladatainkhoz. Az evang\u00e9liumi r\u00e9sz az egy\u00e9ni k\u00fcldet\u00e9s nagyszer\u0171s\u00e9g\u00e9r\u0151l sz\u00f3l. Felt\u00e9tele a teljes szabads\u00e1g elnyer\u00e9se, amely f\u00fcggetlens\u00e9get eredm\u00e9nyez. Mennyire vagyok szabad \u00e9s f\u00fcggetlen? K\u00e9rd\u00e9s, melyet magamnak kell megv\u00e1laszolnom. Kezd\u0151\u00e9nek: Igazs\u00e1gban jelenek meg sz\u00edned el\u0151tt, bet\u00f6lt engem a te dics\u0151s\u00e9ged. (V\u00f6. Zsolt 16,15) K\u00f6ny\u00f6rg\u00e9s: Isten\u00fcnk, te megmutatod igazs\u00e1god f\u00e9ny\u00e9t a t\u00e9velyg\u0151knek, hogy visszatal\u00e1ljanak a helyes \u00fatra. Add meg mindazoknak, akik a kereszt\u00e9ny hitet vallj\u00e1k, hogy elutas\u00edts\u00e1k, ami ellenkezik ezzel a n\u00e9vvel, \u00e9s t\u00f6rekedjenek arra, ami m\u00e9lt\u00f3 hozz\u00e1. A mi Urunk, J\u00e9zus Krisztus, a te Fiad \u00e1ltal, aki veled \u00e9l \u00e9s uralkodik a Szentl\u00e9lekkel egys\u00e9gben, Isten mind\u00f6r\u00f6kk\u00f6n \u00f6r\u00f6kk\u00e9. OLVASM\u00c1NY \u00c1mosz pr\u00f3f\u00e9ta k\u00f6nyv\u00e9b\u0151l (\u00c1m 7,12-15) Amacja, B\u00e9tel papja ezt mondta \u00c1mosznak: \u201eL\u00e1tnok! Menj el innen! Menek\u00fclj, Juda f\u00f6ldj\u00e9re! Ott edd a kenyeredet \u00e9s ott pr\u00f3f\u00e9t\u00e1lj! B\u00e9telben t\u00f6bb\u00e9 ne pr\u00f3f\u00e9t\u00e1lj, mert kir\u00e1lyi szent\u00e9ly ez, \u00e9s a kir\u00e1lys\u00e1g temploma!\u201d \u00c1mosz \u00edgy felelt Amacj\u00e1nak: \u201eNem vagyok \u00e9n pr\u00f3f\u00e9ta, sem pr\u00f3f\u00e9t\u00e1nak fia: p\u00e1sztor vagyok \u00e9s f\u00fcg\u00e9t termesztek. Az \u00dar azonban elh\u00edvott a ny\u00e1j mell\u0151l. Azt mondta nekem az \u00dar: \u00bbMenj, pr\u00f3f\u00e9t\u00e1lj n\u00e9pemnek, Izraelnek!\u00ab Ez az Isten ig\u00e9je. V\u00c1LASZOS ZSOLT\u00c1R (Zsolt 84,9ab-10.11-12.13-14) V\u00e1lasz:\u00a0Urunk, mutasd meg nek\u00fcnk\u00a0irgalmas sz\u00edvedet, * \u00e9s \u00fcdv\u00f6ss\u00e9g\u00fcnket\u00a0add\u00a0meg n\u00e9k\u00fcnk!\u00a0(1 D2\u00a0t\u00f3nus.) El\u0151\u00e9nekes: Hadd halljam, mit mond az \u00e9n\u00a0Uram, Istenem, * mert n\u00e9p\u00e9nek \u00e9s szentjeinek\u00a0b\u00e9k\u00e9t \u00edg\u00e9r. Az istenf\u00e9l\u0151kh\u00f6z val\u00f3ban\u00a0k\u00f6zel az \u00fcdv\u00f6ss\u00e9g, * hogy orsz\u00e1gukba dics\u0151s\u00e9g k\u00f6lt\u00f6zz\u00e9k. H\u00edvek:\u00a0Urunk, mutasd meg nek\u00fcnk\u00a0irgalmas sz\u00edvedet, *&#8230; <\/p>\n<p><a class=\"readmore\" href=\"https:\/\/stuttgarti-katolikusok.de\/index.php\/evkozi-15-vasarnap-2\/\">R\u00e9szletek<\/a><\/p>\n","protected":false},"author":3,"featured_media":29195,"comment_status":"closed","ping_status":"closed","sticky":false,"template":"","format":"standard","meta":{"footnotes":""},"categories":[85,63],"tags":[],"class_list":["post-29193","post","type-post","status-publish","format-standard","has-post-thumbnail","hentry","category-a-liturgia-olvasmanyai","category-vasarnapi-gondolatok"],"yoast_head":"<!-- This site is optimized with the Yoast SEO plugin v27.3 - https:\/\/yoast.com\/product\/yoast-seo-wordpress\/ -->\n<title>\u00c9vk\u00f6zi 15. vas\u00e1rnap - Stuttgarti Katolikusok<\/title>\n<meta name=\"robots\" content=\"index, follow, max-snippet:-1, max-image-preview:large, max-video-preview:-1\" \/>\n<link rel=\"canonical\" href=\"https:\/\/stuttgarti-katolikusok.de\/index.php\/evkozi-15-vasarnap-2\/\" \/>\n<meta property=\"og:locale\" content=\"hu_HU\" \/>\n<meta property=\"og:type\" content=\"article\" \/>\n<meta property=\"og:title\" content=\"\u00c9vk\u00f6zi 15. vas\u00e1rnap - Stuttgarti Katolikusok\" \/>\n<meta property=\"og:description\" content=\"A szentmise k\u00f6ny\u00f6rg\u00e9s\u00e9ben az\u00e9rt foh\u00e1szkodunk, hogy az isteni igazs\u00e1g f\u00e9ny\u00e9ben mindig r\u00e1tal\u00e1ljunk a helyes \u00fatra. Elt\u00e9vedni, elesni m\u00e9g nem trag\u00e9dia. Legyen meg mindig a k\u00e9szs\u00e9g \u00e9s sz\u00e1nd\u00e9k visszatal\u00e1lni kit\u0171z\u00f6tt c\u00e9ljainkhoz. \u00c1mosz pr\u00f3f\u00e9ta tiszt\u00e1ban van emberi gyenges\u00e9geivel \u00e9s korl\u00e1taival. Ennek ellen\u00e9re v\u00e1llalja a pr\u00f3f\u00e9tai k\u00fcldet\u00e9st. Ez az \u0151 igazi nagys\u00e1ga. Tudja ugyanis, hogy mindaz, amit el\u00e9r \u00e9let\u00e9ben, az \u0151t megsz\u00f3l\u00edt\u00f3 \u00e9s megh\u00edv\u00f3 Isten k\u00fcl\u00f6n\u00f6s aj\u00e1nd\u00e9ka. Ennek k\u00f6sz\u00f6nhet\u0151en megmarad al\u00e1zatoss\u00e1g\u00e1ban. Szent P\u00e1l apostol \u00fczenete egyfajta biztat\u00e1s nek\u00fcnk is. Isten, J\u00e9zus Krisztusban megv\u00e1ltott benn\u00fcnket. Ez a felismer\u00e9s adhat er\u0151t mindennapi feladatainkhoz. Az evang\u00e9liumi r\u00e9sz az egy\u00e9ni k\u00fcldet\u00e9s nagyszer\u0171s\u00e9g\u00e9r\u0151l sz\u00f3l. Felt\u00e9tele a teljes szabads\u00e1g elnyer\u00e9se, amely f\u00fcggetlens\u00e9get eredm\u00e9nyez. Mennyire vagyok szabad \u00e9s f\u00fcggetlen? K\u00e9rd\u00e9s, melyet magamnak kell megv\u00e1laszolnom. Kezd\u0151\u00e9nek: Igazs\u00e1gban jelenek meg sz\u00edned el\u0151tt, bet\u00f6lt engem a te dics\u0151s\u00e9ged. (V\u00f6. Zsolt 16,15) K\u00f6ny\u00f6rg\u00e9s: Isten\u00fcnk, te megmutatod igazs\u00e1god f\u00e9ny\u00e9t a t\u00e9velyg\u0151knek, hogy visszatal\u00e1ljanak a helyes \u00fatra. Add meg mindazoknak, akik a kereszt\u00e9ny hitet vallj\u00e1k, hogy elutas\u00edts\u00e1k, ami ellenkezik ezzel a n\u00e9vvel, \u00e9s t\u00f6rekedjenek arra, ami m\u00e9lt\u00f3 hozz\u00e1. A mi Urunk, J\u00e9zus Krisztus, a te Fiad \u00e1ltal, aki veled \u00e9l \u00e9s uralkodik a Szentl\u00e9lekkel egys\u00e9gben, Isten mind\u00f6r\u00f6kk\u00f6n \u00f6r\u00f6kk\u00e9. OLVASM\u00c1NY \u00c1mosz pr\u00f3f\u00e9ta k\u00f6nyv\u00e9b\u0151l (\u00c1m 7,12-15) Amacja, B\u00e9tel papja ezt mondta \u00c1mosznak: \u201eL\u00e1tnok! Menj el innen! Menek\u00fclj, Juda f\u00f6ldj\u00e9re! Ott edd a kenyeredet \u00e9s ott pr\u00f3f\u00e9t\u00e1lj! B\u00e9telben t\u00f6bb\u00e9 ne pr\u00f3f\u00e9t\u00e1lj, mert kir\u00e1lyi szent\u00e9ly ez, \u00e9s a kir\u00e1lys\u00e1g temploma!\u201d \u00c1mosz \u00edgy felelt Amacj\u00e1nak: \u201eNem vagyok \u00e9n pr\u00f3f\u00e9ta, sem pr\u00f3f\u00e9t\u00e1nak fia: p\u00e1sztor vagyok \u00e9s f\u00fcg\u00e9t termesztek. Az \u00dar azonban elh\u00edvott a ny\u00e1j mell\u0151l. Azt mondta nekem az \u00dar: \u00bbMenj, pr\u00f3f\u00e9t\u00e1lj n\u00e9pemnek, Izraelnek!\u00ab Ez az Isten ig\u00e9je. V\u00c1LASZOS ZSOLT\u00c1R (Zsolt 84,9ab-10.11-12.13-14) V\u00e1lasz:\u00a0Urunk, mutasd meg nek\u00fcnk\u00a0irgalmas sz\u00edvedet, * \u00e9s \u00fcdv\u00f6ss\u00e9g\u00fcnket\u00a0add\u00a0meg n\u00e9k\u00fcnk!\u00a0(1 D2\u00a0t\u00f3nus.) El\u0151\u00e9nekes: Hadd halljam, mit mond az \u00e9n\u00a0Uram, Istenem, * mert n\u00e9p\u00e9nek \u00e9s szentjeinek\u00a0b\u00e9k\u00e9t \u00edg\u00e9r. Az istenf\u00e9l\u0151kh\u00f6z val\u00f3ban\u00a0k\u00f6zel az \u00fcdv\u00f6ss\u00e9g, * hogy orsz\u00e1gukba dics\u0151s\u00e9g k\u00f6lt\u00f6zz\u00e9k. H\u00edvek:\u00a0Urunk, mutasd meg nek\u00fcnk\u00a0irgalmas sz\u00edvedet, *... R\u00e9szletek\" \/>\n<meta property=\"og:url\" content=\"https:\/\/stuttgarti-katolikusok.de\/index.php\/evkozi-15-vasarnap-2\/\" \/>\n<meta property=\"og:site_name\" content=\"Stuttgarti Katolikusok\" \/>\n<meta property=\"article:published_time\" content=\"2024-07-14T12:59:21+00:00\" \/>\n<meta property=\"og:image\" content=\"https:\/\/stuttgarti-katolikusok.de\/wp-content\/uploads\/2024\/07\/screenshot-20240714-143249-facebook.jpg\" \/>\n\t<meta property=\"og:image:width\" content=\"1079\" \/>\n\t<meta property=\"og:image:height\" content=\"718\" \/>\n\t<meta property=\"og:image:type\" content=\"image\/jpeg\" \/>\n<meta name=\"author\" content=\"Tibor atya\" \/>\n<meta name=\"twitter:card\" content=\"summary_large_image\" \/>\n<meta name=\"twitter:label1\" content=\"Szerz\u0151:\" \/>\n\t<meta name=\"twitter:data1\" content=\"Tibor atya\" \/>\n\t<meta name=\"twitter:label2\" content=\"Becs\u00fclt olvas\u00e1si id\u0151\" \/>\n\t<meta name=\"twitter:data2\" content=\"6 perc\" \/>\n<script type=\"application\/ld+json\" class=\"yoast-schema-graph\">{\"@context\":\"https:\\\/\\\/schema.org\",\"@graph\":[{\"@type\":\"Article\",\"@id\":\"https:\\\/\\\/stuttgarti-katolikusok.de\\\/index.php\\\/evkozi-15-vasarnap-2\\\/#article\",\"isPartOf\":{\"@id\":\"https:\\\/\\\/stuttgarti-katolikusok.de\\\/index.php\\\/evkozi-15-vasarnap-2\\\/\"},\"author\":{\"name\":\"Tibor atya\",\"@id\":\"https:\\\/\\\/stuttgarti-katolikusok.de\\\/#\\\/schema\\\/person\\\/75908d6f8fdc03a57889d27209df7795\"},\"headline\":\"\u00c9vk\u00f6zi 15. vas\u00e1rnap\",\"datePublished\":\"2024-07-14T12:59:21+00:00\",\"mainEntityOfPage\":{\"@id\":\"https:\\\/\\\/stuttgarti-katolikusok.de\\\/index.php\\\/evkozi-15-vasarnap-2\\\/\"},\"wordCount\":1457,\"image\":{\"@id\":\"https:\\\/\\\/stuttgarti-katolikusok.de\\\/index.php\\\/evkozi-15-vasarnap-2\\\/#primaryimage\"},\"thumbnailUrl\":\"https:\\\/\\\/stuttgarti-katolikusok.de\\\/wp-content\\\/uploads\\\/2024\\\/07\\\/screenshot-20240714-143249-facebook.jpg\",\"articleSection\":[\"A liturgia olvasm\u00e1nyai\",\"Vas\u00e1rnapi gondolatok\"],\"inLanguage\":\"hu\"},{\"@type\":\"WebPage\",\"@id\":\"https:\\\/\\\/stuttgarti-katolikusok.de\\\/index.php\\\/evkozi-15-vasarnap-2\\\/\",\"url\":\"https:\\\/\\\/stuttgarti-katolikusok.de\\\/index.php\\\/evkozi-15-vasarnap-2\\\/\",\"name\":\"\u00c9vk\u00f6zi 15. vas\u00e1rnap - Stuttgarti Katolikusok\",\"isPartOf\":{\"@id\":\"https:\\\/\\\/stuttgarti-katolikusok.de\\\/#website\"},\"primaryImageOfPage\":{\"@id\":\"https:\\\/\\\/stuttgarti-katolikusok.de\\\/index.php\\\/evkozi-15-vasarnap-2\\\/#primaryimage\"},\"image\":{\"@id\":\"https:\\\/\\\/stuttgarti-katolikusok.de\\\/index.php\\\/evkozi-15-vasarnap-2\\\/#primaryimage\"},\"thumbnailUrl\":\"https:\\\/\\\/stuttgarti-katolikusok.de\\\/wp-content\\\/uploads\\\/2024\\\/07\\\/screenshot-20240714-143249-facebook.jpg\",\"datePublished\":\"2024-07-14T12:59:21+00:00\",\"author\":{\"@id\":\"https:\\\/\\\/stuttgarti-katolikusok.de\\\/#\\\/schema\\\/person\\\/75908d6f8fdc03a57889d27209df7795\"},\"breadcrumb\":{\"@id\":\"https:\\\/\\\/stuttgarti-katolikusok.de\\\/index.php\\\/evkozi-15-vasarnap-2\\\/#breadcrumb\"},\"inLanguage\":\"hu\",\"potentialAction\":[{\"@type\":\"ReadAction\",\"target\":[\"https:\\\/\\\/stuttgarti-katolikusok.de\\\/index.php\\\/evkozi-15-vasarnap-2\\\/\"]}]},{\"@type\":\"ImageObject\",\"inLanguage\":\"hu\",\"@id\":\"https:\\\/\\\/stuttgarti-katolikusok.de\\\/index.php\\\/evkozi-15-vasarnap-2\\\/#primaryimage\",\"url\":\"https:\\\/\\\/stuttgarti-katolikusok.de\\\/wp-content\\\/uploads\\\/2024\\\/07\\\/screenshot-20240714-143249-facebook.jpg\",\"contentUrl\":\"https:\\\/\\\/stuttgarti-katolikusok.de\\\/wp-content\\\/uploads\\\/2024\\\/07\\\/screenshot-20240714-143249-facebook.jpg\",\"width\":1079,\"height\":718},{\"@type\":\"BreadcrumbList\",\"@id\":\"https:\\\/\\\/stuttgarti-katolikusok.de\\\/index.php\\\/evkozi-15-vasarnap-2\\\/#breadcrumb\",\"itemListElement\":[{\"@type\":\"ListItem\",\"position\":1,\"name\":\"Kezd\u0151lap\",\"item\":\"https:\\\/\\\/stuttgarti-katolikusok.de\\\/\"},{\"@type\":\"ListItem\",\"position\":2,\"name\":\"\u00c9vk\u00f6zi 15. vas\u00e1rnap\"}]},{\"@type\":\"WebSite\",\"@id\":\"https:\\\/\\\/stuttgarti-katolikusok.de\\\/#website\",\"url\":\"https:\\\/\\\/stuttgarti-katolikusok.de\\\/\",\"name\":\"Stuttgarti Katolikusok\",\"description\":\"\",\"potentialAction\":[{\"@type\":\"SearchAction\",\"target\":{\"@type\":\"EntryPoint\",\"urlTemplate\":\"https:\\\/\\\/stuttgarti-katolikusok.de\\\/?s={search_term_string}\"},\"query-input\":{\"@type\":\"PropertyValueSpecification\",\"valueRequired\":true,\"valueName\":\"search_term_string\"}}],\"inLanguage\":\"hu\"},{\"@type\":\"Person\",\"@id\":\"https:\\\/\\\/stuttgarti-katolikusok.de\\\/#\\\/schema\\\/person\\\/75908d6f8fdc03a57889d27209df7795\",\"name\":\"Tibor atya\",\"image\":{\"@type\":\"ImageObject\",\"inLanguage\":\"hu\",\"@id\":\"https:\\\/\\\/secure.gravatar.com\\\/avatar\\\/61d268e57d1f4525b111222e29d2d5a7f8c420fdbf231ba5566a8ceac74fa960?s=96&d=mm&r=g\",\"url\":\"https:\\\/\\\/secure.gravatar.com\\\/avatar\\\/61d268e57d1f4525b111222e29d2d5a7f8c420fdbf231ba5566a8ceac74fa960?s=96&d=mm&r=g\",\"contentUrl\":\"https:\\\/\\\/secure.gravatar.com\\\/avatar\\\/61d268e57d1f4525b111222e29d2d5a7f8c420fdbf231ba5566a8ceac74fa960?s=96&d=mm&r=g\",\"caption\":\"Tibor atya\"},\"url\":\"https:\\\/\\\/stuttgarti-katolikusok.de\\\/index.php\\\/author\\\/tibor-atya\\\/\"}]}<\/script>\n<!-- \/ Yoast SEO plugin. -->","yoast_head_json":{"title":"\u00c9vk\u00f6zi 15. vas\u00e1rnap - Stuttgarti Katolikusok","robots":{"index":"index","follow":"follow","max-snippet":"max-snippet:-1","max-image-preview":"max-image-preview:large","max-video-preview":"max-video-preview:-1"},"canonical":"https:\/\/stuttgarti-katolikusok.de\/index.php\/evkozi-15-vasarnap-2\/","og_locale":"hu_HU","og_type":"article","og_title":"\u00c9vk\u00f6zi 15. vas\u00e1rnap - Stuttgarti Katolikusok","og_description":"A szentmise k\u00f6ny\u00f6rg\u00e9s\u00e9ben az\u00e9rt foh\u00e1szkodunk, hogy az isteni igazs\u00e1g f\u00e9ny\u00e9ben mindig r\u00e1tal\u00e1ljunk a helyes \u00fatra. Elt\u00e9vedni, elesni m\u00e9g nem trag\u00e9dia. Legyen meg mindig a k\u00e9szs\u00e9g \u00e9s sz\u00e1nd\u00e9k visszatal\u00e1lni kit\u0171z\u00f6tt c\u00e9ljainkhoz. \u00c1mosz pr\u00f3f\u00e9ta tiszt\u00e1ban van emberi gyenges\u00e9geivel \u00e9s korl\u00e1taival. Ennek ellen\u00e9re v\u00e1llalja a pr\u00f3f\u00e9tai k\u00fcldet\u00e9st. Ez az \u0151 igazi nagys\u00e1ga. Tudja ugyanis, hogy mindaz, amit el\u00e9r \u00e9let\u00e9ben, az \u0151t megsz\u00f3l\u00edt\u00f3 \u00e9s megh\u00edv\u00f3 Isten k\u00fcl\u00f6n\u00f6s aj\u00e1nd\u00e9ka. Ennek k\u00f6sz\u00f6nhet\u0151en megmarad al\u00e1zatoss\u00e1g\u00e1ban. Szent P\u00e1l apostol \u00fczenete egyfajta biztat\u00e1s nek\u00fcnk is. Isten, J\u00e9zus Krisztusban megv\u00e1ltott benn\u00fcnket. Ez a felismer\u00e9s adhat er\u0151t mindennapi feladatainkhoz. Az evang\u00e9liumi r\u00e9sz az egy\u00e9ni k\u00fcldet\u00e9s nagyszer\u0171s\u00e9g\u00e9r\u0151l sz\u00f3l. Felt\u00e9tele a teljes szabads\u00e1g elnyer\u00e9se, amely f\u00fcggetlens\u00e9get eredm\u00e9nyez. Mennyire vagyok szabad \u00e9s f\u00fcggetlen? K\u00e9rd\u00e9s, melyet magamnak kell megv\u00e1laszolnom. Kezd\u0151\u00e9nek: Igazs\u00e1gban jelenek meg sz\u00edned el\u0151tt, bet\u00f6lt engem a te dics\u0151s\u00e9ged. (V\u00f6. Zsolt 16,15) K\u00f6ny\u00f6rg\u00e9s: Isten\u00fcnk, te megmutatod igazs\u00e1god f\u00e9ny\u00e9t a t\u00e9velyg\u0151knek, hogy visszatal\u00e1ljanak a helyes \u00fatra. Add meg mindazoknak, akik a kereszt\u00e9ny hitet vallj\u00e1k, hogy elutas\u00edts\u00e1k, ami ellenkezik ezzel a n\u00e9vvel, \u00e9s t\u00f6rekedjenek arra, ami m\u00e9lt\u00f3 hozz\u00e1. A mi Urunk, J\u00e9zus Krisztus, a te Fiad \u00e1ltal, aki veled \u00e9l \u00e9s uralkodik a Szentl\u00e9lekkel egys\u00e9gben, Isten mind\u00f6r\u00f6kk\u00f6n \u00f6r\u00f6kk\u00e9. OLVASM\u00c1NY \u00c1mosz pr\u00f3f\u00e9ta k\u00f6nyv\u00e9b\u0151l (\u00c1m 7,12-15) Amacja, B\u00e9tel papja ezt mondta \u00c1mosznak: \u201eL\u00e1tnok! Menj el innen! Menek\u00fclj, Juda f\u00f6ldj\u00e9re! Ott edd a kenyeredet \u00e9s ott pr\u00f3f\u00e9t\u00e1lj! B\u00e9telben t\u00f6bb\u00e9 ne pr\u00f3f\u00e9t\u00e1lj, mert kir\u00e1lyi szent\u00e9ly ez, \u00e9s a kir\u00e1lys\u00e1g temploma!\u201d \u00c1mosz \u00edgy felelt Amacj\u00e1nak: \u201eNem vagyok \u00e9n pr\u00f3f\u00e9ta, sem pr\u00f3f\u00e9t\u00e1nak fia: p\u00e1sztor vagyok \u00e9s f\u00fcg\u00e9t termesztek. Az \u00dar azonban elh\u00edvott a ny\u00e1j mell\u0151l. Azt mondta nekem az \u00dar: \u00bbMenj, pr\u00f3f\u00e9t\u00e1lj n\u00e9pemnek, Izraelnek!\u00ab Ez az Isten ig\u00e9je. V\u00c1LASZOS ZSOLT\u00c1R (Zsolt 84,9ab-10.11-12.13-14) V\u00e1lasz:\u00a0Urunk, mutasd meg nek\u00fcnk\u00a0irgalmas sz\u00edvedet, * \u00e9s \u00fcdv\u00f6ss\u00e9g\u00fcnket\u00a0add\u00a0meg n\u00e9k\u00fcnk!\u00a0(1 D2\u00a0t\u00f3nus.) El\u0151\u00e9nekes: Hadd halljam, mit mond az \u00e9n\u00a0Uram, Istenem, * mert n\u00e9p\u00e9nek \u00e9s szentjeinek\u00a0b\u00e9k\u00e9t \u00edg\u00e9r. Az istenf\u00e9l\u0151kh\u00f6z val\u00f3ban\u00a0k\u00f6zel az \u00fcdv\u00f6ss\u00e9g, * hogy orsz\u00e1gukba dics\u0151s\u00e9g k\u00f6lt\u00f6zz\u00e9k. H\u00edvek:\u00a0Urunk, mutasd meg nek\u00fcnk\u00a0irgalmas sz\u00edvedet, *... R\u00e9szletek","og_url":"https:\/\/stuttgarti-katolikusok.de\/index.php\/evkozi-15-vasarnap-2\/","og_site_name":"Stuttgarti Katolikusok","article_published_time":"2024-07-14T12:59:21+00:00","og_image":[{"width":1079,"height":718,"url":"https:\/\/stuttgarti-katolikusok.de\/wp-content\/uploads\/2024\/07\/screenshot-20240714-143249-facebook.jpg","type":"image\/jpeg"}],"author":"Tibor atya","twitter_card":"summary_large_image","twitter_misc":{"Szerz\u0151:":"Tibor atya","Becs\u00fclt olvas\u00e1si id\u0151":"6 perc"},"schema":{"@context":"https:\/\/schema.org","@graph":[{"@type":"Article","@id":"https:\/\/stuttgarti-katolikusok.de\/index.php\/evkozi-15-vasarnap-2\/#article","isPartOf":{"@id":"https:\/\/stuttgarti-katolikusok.de\/index.php\/evkozi-15-vasarnap-2\/"},"author":{"name":"Tibor atya","@id":"https:\/\/stuttgarti-katolikusok.de\/#\/schema\/person\/75908d6f8fdc03a57889d27209df7795"},"headline":"\u00c9vk\u00f6zi 15. vas\u00e1rnap","datePublished":"2024-07-14T12:59:21+00:00","mainEntityOfPage":{"@id":"https:\/\/stuttgarti-katolikusok.de\/index.php\/evkozi-15-vasarnap-2\/"},"wordCount":1457,"image":{"@id":"https:\/\/stuttgarti-katolikusok.de\/index.php\/evkozi-15-vasarnap-2\/#primaryimage"},"thumbnailUrl":"https:\/\/stuttgarti-katolikusok.de\/wp-content\/uploads\/2024\/07\/screenshot-20240714-143249-facebook.jpg","articleSection":["A liturgia olvasm\u00e1nyai","Vas\u00e1rnapi gondolatok"],"inLanguage":"hu"},{"@type":"WebPage","@id":"https:\/\/stuttgarti-katolikusok.de\/index.php\/evkozi-15-vasarnap-2\/","url":"https:\/\/stuttgarti-katolikusok.de\/index.php\/evkozi-15-vasarnap-2\/","name":"\u00c9vk\u00f6zi 15. vas\u00e1rnap - Stuttgarti Katolikusok","isPartOf":{"@id":"https:\/\/stuttgarti-katolikusok.de\/#website"},"primaryImageOfPage":{"@id":"https:\/\/stuttgarti-katolikusok.de\/index.php\/evkozi-15-vasarnap-2\/#primaryimage"},"image":{"@id":"https:\/\/stuttgarti-katolikusok.de\/index.php\/evkozi-15-vasarnap-2\/#primaryimage"},"thumbnailUrl":"https:\/\/stuttgarti-katolikusok.de\/wp-content\/uploads\/2024\/07\/screenshot-20240714-143249-facebook.jpg","datePublished":"2024-07-14T12:59:21+00:00","author":{"@id":"https:\/\/stuttgarti-katolikusok.de\/#\/schema\/person\/75908d6f8fdc03a57889d27209df7795"},"breadcrumb":{"@id":"https:\/\/stuttgarti-katolikusok.de\/index.php\/evkozi-15-vasarnap-2\/#breadcrumb"},"inLanguage":"hu","potentialAction":[{"@type":"ReadAction","target":["https:\/\/stuttgarti-katolikusok.de\/index.php\/evkozi-15-vasarnap-2\/"]}]},{"@type":"ImageObject","inLanguage":"hu","@id":"https:\/\/stuttgarti-katolikusok.de\/index.php\/evkozi-15-vasarnap-2\/#primaryimage","url":"https:\/\/stuttgarti-katolikusok.de\/wp-content\/uploads\/2024\/07\/screenshot-20240714-143249-facebook.jpg","contentUrl":"https:\/\/stuttgarti-katolikusok.de\/wp-content\/uploads\/2024\/07\/screenshot-20240714-143249-facebook.jpg","width":1079,"height":718},{"@type":"BreadcrumbList","@id":"https:\/\/stuttgarti-katolikusok.de\/index.php\/evkozi-15-vasarnap-2\/#breadcrumb","itemListElement":[{"@type":"ListItem","position":1,"name":"Kezd\u0151lap","item":"https:\/\/stuttgarti-katolikusok.de\/"},{"@type":"ListItem","position":2,"name":"\u00c9vk\u00f6zi 15. vas\u00e1rnap"}]},{"@type":"WebSite","@id":"https:\/\/stuttgarti-katolikusok.de\/#website","url":"https:\/\/stuttgarti-katolikusok.de\/","name":"Stuttgarti Katolikusok","description":"","potentialAction":[{"@type":"SearchAction","target":{"@type":"EntryPoint","urlTemplate":"https:\/\/stuttgarti-katolikusok.de\/?s={search_term_string}"},"query-input":{"@type":"PropertyValueSpecification","valueRequired":true,"valueName":"search_term_string"}}],"inLanguage":"hu"},{"@type":"Person","@id":"https:\/\/stuttgarti-katolikusok.de\/#\/schema\/person\/75908d6f8fdc03a57889d27209df7795","name":"Tibor atya","image":{"@type":"ImageObject","inLanguage":"hu","@id":"https:\/\/secure.gravatar.com\/avatar\/61d268e57d1f4525b111222e29d2d5a7f8c420fdbf231ba5566a8ceac74fa960?s=96&d=mm&r=g","url":"https:\/\/secure.gravatar.com\/avatar\/61d268e57d1f4525b111222e29d2d5a7f8c420fdbf231ba5566a8ceac74fa960?s=96&d=mm&r=g","contentUrl":"https:\/\/secure.gravatar.com\/avatar\/61d268e57d1f4525b111222e29d2d5a7f8c420fdbf231ba5566a8ceac74fa960?s=96&d=mm&r=g","caption":"Tibor atya"},"url":"https:\/\/stuttgarti-katolikusok.de\/index.php\/author\/tibor-atya\/"}]}},"_links":{"self":[{"href":"https:\/\/stuttgarti-katolikusok.de\/index.php\/wp-json\/wp\/v2\/posts\/29193","targetHints":{"allow":["GET"]}}],"collection":[{"href":"https:\/\/stuttgarti-katolikusok.de\/index.php\/wp-json\/wp\/v2\/posts"}],"about":[{"href":"https:\/\/stuttgarti-katolikusok.de\/index.php\/wp-json\/wp\/v2\/types\/post"}],"author":[{"embeddable":true,"href":"https:\/\/stuttgarti-katolikusok.de\/index.php\/wp-json\/wp\/v2\/users\/3"}],"replies":[{"embeddable":true,"href":"https:\/\/stuttgarti-katolikusok.de\/index.php\/wp-json\/wp\/v2\/comments?post=29193"}],"version-history":[{"count":2,"href":"https:\/\/stuttgarti-katolikusok.de\/index.php\/wp-json\/wp\/v2\/posts\/29193\/revisions"}],"predecessor-version":[{"id":29196,"href":"https:\/\/stuttgarti-katolikusok.de\/index.php\/wp-json\/wp\/v2\/posts\/29193\/revisions\/29196"}],"wp:featuredmedia":[{"embeddable":true,"href":"https:\/\/stuttgarti-katolikusok.de\/index.php\/wp-json\/wp\/v2\/media\/29195"}],"wp:attachment":[{"href":"https:\/\/stuttgarti-katolikusok.de\/index.php\/wp-json\/wp\/v2\/media?parent=29193"}],"wp:term":[{"taxonomy":"category","embeddable":true,"href":"https:\/\/stuttgarti-katolikusok.de\/index.php\/wp-json\/wp\/v2\/categories?post=29193"},{"taxonomy":"post_tag","embeddable":true,"href":"https:\/\/stuttgarti-katolikusok.de\/index.php\/wp-json\/wp\/v2\/tags?post=29193"}],"curies":[{"name":"wp","href":"https:\/\/api.w.org\/{rel}","templated":true}]}}