{"id":29183,"date":"2024-07-07T14:50:13","date_gmt":"2024-07-07T12:50:13","guid":{"rendered":"https:\/\/stuttgarti-katolikusok.de\/?p=29183"},"modified":"2024-07-08T08:37:19","modified_gmt":"2024-07-08T06:37:19","slug":"evkozi-14-vasarnap-2","status":"publish","type":"post","link":"https:\/\/stuttgarti-katolikusok.de\/index.php\/evkozi-14-vasarnap-2\/","title":{"rendered":"\u00c9vk\u00f6zi 14. vas\u00e1rnap"},"content":{"rendered":"<p style=\"text-align: center;\"><span style=\"color: #ff6600;\"><em>* * *<\/em><\/span><\/p>\n<p style=\"text-align: left;\"><span style=\"color: #ff6600;\"><em>B\u00e1rmilyen megk\u00f6zel\u00edt\u00e9sben szeml\u00e9ljem \u00e9letemet, bizonyos \u00e9rtelemben vezet\u0151i tiszts\u00e9g is oszt\u00e1lyr\u00e9szem. Nyilv\u00e1n ennek alapfelt\u00e9tele, hogy tiszt\u00e1ban legyek st\u00e1tusommal \u00e9s az azzal j\u00e1r\u00f3 jogaimmal, illetve k\u00f6teless\u00e9geimmel. Amikor ugyanis egy feladatra igent mondok, els\u0151sorban nem jogaimat, hanem v\u00e1llalt k\u00f6telezetts\u00e9geimet kell szeml\u00e9lnem. Igent mondok a csal\u00e1dban, munkahelyen, k\u00f6z\u00f6ss\u00e9gben, a vil\u00e1gi \u00e9s egyh\u00e1zi t\u00e1rsadalom adott szintj\u00e9n egy megh\u00edv\u00e1sra. Ett\u0151l kezdve, a megfelel\u0151 keretek k\u00f6z\u00f6tt, vezet\u0151v\u00e9 is v\u00e1lok. A v\u00e9gs\u0151 sz\u00e1mad\u00e1sn\u00e1l pedig csak egyetlen egy dolog fontos: hogyan l\u00e1ttam el v\u00e1llalt feladataimat.<\/em><\/span><\/p>\n<p><span style=\"color: #ff6600;\"><em>Mindez azonban, adott k\u00f6r\u00fclm\u00e9nyek k\u00f6zepette, konfliktusok sokas\u00e1g\u00e1val is j\u00e1r. K\u00e9rd\u00e9s csup\u00e1n, hogyan kezelem ezen konfliktus helyzeteket?\u00a0<\/em><\/span><\/p>\n<p><span style=\"color: #ff6600;\"><em>Az olvasm\u00e1nyban Ezekiel pr\u00f3f\u00e9ta saj\u00e1t megh\u00edv\u00e1s\u00e1r\u00f3l \u00edr. Arr\u00f3l a megh\u00edv\u00e1sr\u00f3l, amely egyben neh\u00e9z k\u00fcldet\u00e9s is sz\u00e1m\u00e1ra: &#8222;Emberfia, elk\u00fcldelek Izrael fiaihoz, a l\u00e1zad\u00f3khoz, akik fell\u00e1zadtak ellenem&#8221;. Ezekiel, a pr\u00f3f\u00e9ta, nem azzal foglalkozik, hogyan fogadj\u00e1k \u0151t. Bet\u00f6lt\u00f6tt k\u00fcldet\u00e9s\u00e9r\u0151l kell sz\u00e1mot adnia. F\u00e1jdalmas szembes\u00fclni az elutas\u00edt\u00e1s gondolat\u00e1val. Egyetlen m\u00f3dja \u00e9s \u00fatja van az ilyen jelleg\u0171, konfliktusos helyzetek felold\u00e1s\u00e1nak, ami nem m\u00e1s, mint az egy\u00e9ni megt\u00e9r\u00e9s. Nem a m\u00e1siknak, hanem nekem van sz\u00fcks\u00e9gem megt\u00e9r\u00e9sre.<\/em><\/span><\/p>\n<p><span style=\"color: #ff6600;\"><em>J\u00f6v\u0151nket illet\u0151en sokszor a f\u00e9lelem, bizonytalans\u00e1g \u00e9s k\u00e9tely \u00e9rz\u00e9se ker\u00edt hatalm\u00e1ba. Az \u00dar \u00fczen Szent P\u00e1llal: &#8222;El\u00e9g neked az \u00e9n kegyelmem.&#8221; A jelenben kell \u00e9lnem, azzal az \u0151sbizalommal, hogy a holnaphoz mindig megkapom a sz\u00fcks\u00e9ges \u00e9s el\u00e9gs\u00e9ges kegyelmet Istent\u0151l. Szent P\u00e1l apostol nem f\u00e9l megmutatni gyenges\u00e9geit. Mi t\u00f6bb, gy\u00f6nges\u00e9geivel dicsekszik. Egy\u00e9rtelm\u0171 a szentlecke \u00fczenete mindannyiunk sz\u00e1m\u00e1ra: Istenben, \u00f6r\u00f6k terv\u00e9ben \u00e9s sz\u00e1nd\u00e9k\u00e1ban, tervezzem meg\u00a0 \u00e9letemet. Ennek pedig \u00fatja, hogy er\u0151s\u00edtem ir\u00e1nta val\u00f3 bizalmamat.<\/em><\/span><\/p>\n<p><span style=\"color: #ff6600;\"><em>Az evang\u00e9lium arr\u00f3l sz\u00e1mol be, hogy milyen az, amikor el\u0151\u00edt\u00e9leteink foglyaiv\u00e1 v\u00e1lunk. \u00c9ppen \u00fagy, mint N\u00e1z\u00e1ret lak\u00f3i. Ott \u00e9s akkor nem tudtak a helyb\u00e9liek \u00f6r\u00fclni J\u00e9zus Krisztus \u00e9rkez\u00e9s\u00e9nek. Mi t\u00f6bb, megbotr\u00e1nkozta benne. Ilyen az, amikor nem tudunk fel\u00fclemelkedni el\u0151\u00edt\u00e9leteink benn\u00fcnk kialak\u00edtott k\u00e9p\u00e9n. Mit kezdek a magam el\u0151\u00edt\u00e9leteivel?<\/em><\/span><\/p>\n<p><span style=\"color: #ff6600;\"><em>Vas\u00e1rnap d\u00e9lut\u00e1n van, 2024. j\u00falius 7.\u00a0 A mai napra tervezett Csal\u00e1di Napunkat nem tudtuk megtartani, k\u00fcls\u0151 okok miatt. \u00c9ppen ez\u00e9rt d\u00e9lel\u0151tt elmentem a n\u00e9met k\u00f6z\u00f6ss\u00e9g szentmis\u00e9j\u00e9re, a Bruder Klaus templomba. Egyszer\u0171en csak be\u00fcltem a padba. Mind\u00f6ssze t\u00edzen voltunk. M\u00e9gis v\u00e9gtelen\u00fcl boldog \u00e9s h\u00e1l\u00e1s voltam. Igaz, hogy a mi Csal\u00e1di Napunk \u00e9s a tervezett k\u00f6z\u00f6ss\u00e9gi szentmise elmaradt, de&#8230;<\/em><\/span><\/p>\n<p><span style=\"color: #ff6600;\"><em>2023. szeptember\u00e9t\u0151l, azaz 10 h\u00f3napon kereszt\u00fcl, egyetlen h\u00e9tv\u00e9g\u00e9n \u00e9s k\u00f6telez\u0151 \u00fcnnepen sem maradt el szentmise egyh\u00e1zk\u00f6zs\u00e9g\u00fcnkben. Ez t\u00f6bb, mint 160 szentmis\u00e9t \u00e9s tal\u00e1lkoz\u00e1st jelent. Ha valami\u00e9rt, ez\u00e9rt \u00e9n nagyon h\u00e1l\u00e1s vagyok. &#8222;El\u00e9g neked az \u00e9n kegyelmem. Mert az er\u0151 a gy\u00f6nges\u00e9gben nyilv\u00e1nul meg a maga teljess\u00e9g\u00e9ben.&#8221;<\/em><\/span><\/p>\n<p><span style=\"color: #339966;\">Kezd\u0151\u00e9nek:<\/span><br \/>\nBefogadtuk, Isten\u00fcnk, irgalmass\u00e1godat templomod belsej\u00e9ben. Mik\u00e9nt neved, Isten\u00fcnk, \u00fcgy dics\u00e9reted is bet\u00f6lti a f\u00f6ld hat\u00e1rait, jobbod telve igazs\u00e1ggal. (V\u00f6. Zsolt 47,10-11)<\/p>\n<p><span style=\"color: #339966;\">K\u00f6ny\u00f6rg\u00e9s:<\/span><br \/>\nIsten\u00fcnk, te szent Fiad megal\u00e1ztat\u00e1sa \u00e1ltal f\u00f6lemelted az elesett emberis\u00e9get. Adj szent \u00f6r\u00f6met nek\u00fcnk, akiket kiragadt\u00e1l a b\u0171n szolgas\u00e1g\u00e1b\u00f3l, \u00e9s fogadj be egykor az \u00f6r\u00f6k boldogs\u00e1gba. A mi Urunk, J\u00e9zus Krisztus, a te Fiad \u00e1ltal, aki veled \u00e9l \u00e9s uralkodik a Szentl\u00e9lekkel egys\u00e9gben, Isten mind\u00f6r\u00f6kk\u00f6n \u00f6r\u00f6kk\u00e9.<\/p>\n<p align=\"justify\"><span style=\"color: #339966;\">OLVASM\u00c1NY Ezekiel pr\u00f3f\u00e9ta k\u00f6nyv\u00e9b\u0151l (Ez 2,2-5)<\/span><br \/>\nEzekiel \u00edgy \u00edr pr\u00f3f\u00e9tai megh\u00edv\u00e1s\u00e1r\u00f3l:<br \/>\nAz \u00dar megsz\u00f3l\u00edtott engem, a L\u00e9lek elt\u00f6lt\u00f6tt, l\u00e1baimra \u00e1ll\u00edtott, \u00e9s hallottam, amint az \u00dar besz\u00e9lt hozz\u00e1m.<br \/>\nEzt mondta nekem: \u201eEmberfia, elk\u00fcldelek Izrael fiaihoz, a l\u00e1zad\u00f3khoz, akik fell\u00e1zadtak ellenem. \u0150k \u00e9s aty\u00e1ik l\u00e1zadoztak ellenem mind a mai napig. Fiaiknak kem\u00e9ny a fej\u00fck \u00e9s meg\u00e1talkodott a sz\u00edv\u00fck. Hozz\u00e1juk k\u00fcldelek, hogy mondd meg nekik: Ezt mondja az \u00dar, az Isten. Ak\u00e1r meghallgatj\u00e1k, ak\u00e1r nem hallgatj\u00e1k \u2013 mert hiszen l\u00e1zad\u00f3 nemzed\u00e9k ez \u2013, megtudj\u00e1k, hogy pr\u00f3f\u00e9ta van k\u00f6z\u00f6tt\u00fck.\u201d<br \/>\nEz az Isten ig\u00e9je.<\/p>\n<p align=\"justify\"><span style=\"color: #339966;\">V\u00c1LASZOS ZSOLT\u00c1R (Zsolt 122,1-2a.2bcd.3-4)<\/span><br \/>\nV\u00e1lasz:\u00a0<strong>Szem\u00fcnk az \u00darra\u00a0<u>te<\/u>kint, * am\u00edg csak meg nem k\u00f6ny\u00f6<u>r\u00fcl<\/u>\u00a0rajtunk.<\/strong>\u00a0(2. t\u00f3nus.)<br \/>\nEl\u0151\u00e9nekes: Szememet hozz\u00e1d\u00a0<u>e<\/u>melem, * hozz\u00e1d, aki a menny<u>ben<\/u>\u00a0lakozol.<br \/>\n\u00cdme, mik\u00e9nt a szolg\u00e1k\u00a0<u>sze<\/u>me * uruk kez\u00e9<u>re<\/u>\u00a0figyel.<br \/>\nH\u00edvek:\u00a0<strong>Szem\u00fcnk az \u00darra\u00a0<u>te<\/u>kint, * am\u00edg csak meg nem k\u00f6ny\u00f6<u>r\u00fcl<\/u>\u00a0rajtunk.<\/strong><br \/>\nE: Mik\u00e9nt a szolg\u00e1l\u00f3k szeme \u00farn\u0151j\u00fck ke<u>z\u00e9<\/u>re, * \u00fagy tekint\u00fcnk Urunkra, Iste<u>n\u00fcnk<\/u>re, * am\u00edg csak meg nem k\u00f6ny\u00f6<u>r\u00fcl<\/u>\u00a0rajtunk.<br \/>\nH:\u00a0<strong>Szem\u00fcnk az \u00darra\u00a0<u>te<\/u>kint, * am\u00edg csak meg nem k\u00f6ny\u00f6<u>r\u00fcl<\/u>\u00a0rajtunk.<\/strong><br \/>\nE: K\u00f6ny\u00f6r\u00fclj rajtunk, Uram, k\u00f6ny\u00f6r\u00fclj\u00a0<u>raj<\/u>tunk, * mert igen eltelt\u00fcnk gya<u>l\u00e1<\/u>zattal.<br \/>\nT\u00fals\u00e1gosan megtelt a\u00a0<u>lel<\/u>k\u00fcnk * a d\u00faslakod\u00f3k g\u00fanyol\u00f3d\u00e1s\u00e1val \u00e9s a kev\u00e9lyek megve<u>t\u00e9<\/u>s\u00e9vel.<br \/>\nH:\u00a0<strong>Szem\u00fcnk az \u00darra\u00a0<u>te<\/u>kint, * am\u00edg csak meg nem k\u00f6ny\u00f6<u>r\u00fcl<\/u>\u00a0rajtunk.<\/strong><\/p>\n<p align=\"justify\"><span style=\"color: #339966;\">SZENTLECKE Szent P\u00e1l apostolnak a korintusiakhoz \u00edrt m\u00e1sodik level\u00e9b\u0151l (2Kor 12,7-10)<\/span><br \/>\nTestv\u00e9reim! Hogy a nagyszer\u0171 kinyilatkoztat\u00e1s elbizakodott\u00e1 ne tegyen, t\u00f6vist kaptam testembe, a s\u00e1t\u00e1n angyal\u00e1t, hogy arcul verjen, \u00e9s el ne b\u00edzzam magam. H\u00e1romszor k\u00e9rtem ez\u00e9rt az Urat, hogy szabad\u00edtson meg t\u0151le, de azt felelte: \u201eEl\u00e9g neked az \u00e9n kegyelmem. Mert az er\u0151 a gy\u00f6nges\u00e9gben nyilv\u00e1nul meg a maga teljess\u00e9g\u00e9ben.\u201d<br \/>\nEz\u00e9rt legsz\u00edvesebben a gy\u00f6nges\u00e9geimmel dicsekszem, hogy Krisztus ereje lakj\u00e9k bennem. Kedvem telik a Krisztus\u00e9rt val\u00f3 gy\u00f6nges\u00e9gben, gyal\u00e1zatban, n\u00e9lk\u00fcl\u00f6z\u00e9sben \u00fcld\u00f6ztet\u00e9sben \u00e9s szorongattat\u00e1sban, mert amikor gy\u00f6nge vagyok, akkor vagyok er\u0151s.<br \/>\nEz az Isten ig\u00e9je.<\/p>\n<p align=\"justify\"><span style=\"color: #339966;\">ALLELUJA<\/span><br \/>\nAz \u00dar Lelke van rajtam, * elk\u00fcld\u00f6tt, hogy a szeg\u00e9nyeknek \u00f6r\u00f6mh\u00edrt vigyek. (Lk 4,18 \u2013 7b. t\u00f3nus.)<\/p>\n<p align=\"justify\"><span style=\"color: #339966;\">\u2020 EVANG\u00c9LIUM Szent M\u00e1rk k\u00f6nyv\u00e9b\u0151l (Mk 6,1-6)<\/span><br \/>\nAbban az id\u0151ben J\u00e9zus hazament N\u00e1z\u00e1retbe. Tan\u00edtv\u00e1nyai elk\u00eds\u00e9rt\u00e9k. Amikor el\u00e9rkezett a szombat napja, tan\u00edtani kezdett a zsinag\u00f3g\u00e1ban. Sokan hallgatt\u00e1k, \u00e9s csod\u00e1lkozva mondogatt\u00e1k: \u201eHonn\u00e9t vette ezt? Mif\u00e9le b\u00f6lcsess\u00e9g ez, amely neki adatott? \u00c9s csod\u00e1k, amelyeket kez\u00e9vel v\u00e9ghezvisz! Nem az \u00e1cs ez, M\u00e1ria fia, Jakab, J\u00f3zsef, J\u00fad\u00e1s \u00e9s Simon rokona? S ugye n\u0151v\u00e9rei is itt \u00e9lnek k\u00f6z\u00f6tt\u00fcnk?\u201d \u00c9s megbotr\u00e1nkoztak benne.<br \/>\nJ\u00e9zus erre megjegyezte: \u201eNem vetik meg a pr\u00f3f\u00e9t\u00e1t, csak a haz\u00e1j\u00e1ban, rokonai k\u00f6r\u00e9ben, a saj\u00e1t h\u00e1z\u00e1ban.\u201d Nem is tehetett ott csod\u00e1t, csup\u00e1n n\u00e9h\u00e1ny beteget gy\u00f3gy\u00edtott meg, k\u00e9zr\u00e1t\u00e9tellel. Maga is csod\u00e1lkozott hitetlens\u00e9g\u00fck\u00f6n.<br \/>\nEzek az evang\u00e9lium ig\u00e9i.<\/p>\n<p><span style=\"color: #339966;\">EGYETEMES K\u00d6NY\u00d6RG\u00c9SEK<\/span><br \/>\nPap: Testv\u00e9reim! Mennyei Aty\u00e1nk \u00fcdv\u00f6z\u00edteni akar minket. Im\u00e1dkozzunk most az\u00e9rt, hogy kegyelm\u00e9t mindig k\u00e9szs\u00e9ges l\u00e9lekkel fogadjuk!<br \/>\nLektor:<br \/>\n1. \u00c1raszd, Urunk, Egyh\u00e1zad p\u00e1sztoraira az er\u0151ss\u00e9g Lelk\u00e9t, hogy mindig b\u00e1tran hirdess\u00e9k az evang\u00e9liumot!<br \/>\nH\u00edvek: K\u00e9r\u00fcnk T\u00e9ged, hallgass meg minket!<br \/>\n2. Vess g\u00e1tat a vil\u00e1gban a hitetlens\u00e9g terjed\u00e9s\u00e9nek, \u00e9s az Egyh\u00e1z elleni gy\u0171l\u00f6letnek!<br \/>\nH\u00edvek: K\u00e9r\u00fcnk T\u00e9ged, hallgass meg minket!<br \/>\n3. \u00d3vd meg a n\u00e9peket att\u00f3l, hogy a f\u00f6ldi j\u00f3l\u00e9t keres\u00e9s\u00e9ben let\u00e9rjenek az \u00f6r\u00f6k \u00fcdv\u00f6ss\u00e9g \u00fatj\u00e1r\u00f3l!<br \/>\nH\u00edvek: K\u00e9r\u00fcnk T\u00e9ged, hallgass meg minket!<br \/>\n4. Ne engedd, hogy valaha is visszautas\u00edtsuk a felismert igazs\u00e1got!<br \/>\nH\u00edvek: K\u00e9r\u00fcnk T\u00e9ged, hallgass meg minket!<br \/>\n5. Add, hogy az ifj\u00fas\u00e1g k\u00e9szs\u00e9ggel k\u00f6vesse lelkiismeret\u00e9nek j\u00f3ra \u00f6szt\u00f6nz\u0151 szav\u00e1t!<br \/>\nH\u00edvek: K\u00e9r\u00fcnk T\u00e9ged, hallgass meg minket!<br \/>\nPap: Mindenhat\u00f3, \u00f6r\u00f6k Isten! Szent Fiad mondotta, hogy aki a Szentl\u00e9lek ellen v\u00e9tkezik, nem nyer bocs\u00e1natot sohasem. K\u00e9r\u00fcnk, \u00f3vj meg minket a meg\u00e1talkod\u00e1s szellem\u00e9t\u0151l, hogy b\u0171neink bocs\u00e1nat\u00e1t elnyerhess\u00fck! Krisztus, a mi Urunk \u00e1ltal.<br \/>\nH\u00edvek: \u00c1men.<\/p>\n<p><span style=\"color: #339966;\">Felaj\u00e1nl\u00f3 k\u00f6ny\u00f6rg\u00e9s:<\/span><br \/>\nUrunk, Isten\u00fcnk, tiszt\u00edtson meg minket ez a nevednek szentelt \u00e1ldozat, hogy napr\u00f3l napra szentebb \u00e9letet \u00e9lj\u00fcnk. Krisztus, a mi Urunk \u00e1ltal.<\/p>\n<p><span style=\"color: #339966;\">\u00c1ldoz\u00e1si \u00e9nek:<\/span><br \/>\n\u00cdzlelj\u00e9tek \u00e9s l\u00e1ss\u00e1tok, milyen \u00e9des az \u00dar, boldog az az ember, aki \u0151benne b\u00edzik.(Zsolt 33,9)<br \/>\n<span style=\"color: #339966;\"><em>vagy<\/em><\/span><br \/>\nJ\u00f6jjetek hozz\u00e1m mind, akik f\u00e1radtak vagytok \u00e9s terhet hordoztok, \u00e9s \u00e9n fel\u00fcd\u00edtelek titeket \u2013 mondja az \u00dar. (Mt 11,28)<\/p>\n<p><span style=\"color: #339966;\">\u00c1ldoz\u00e1s ut\u00e1ni k\u00f6ny\u00f6rg\u00e9s:<\/span><br \/>\nUrunk, Isten\u00fcnk, hat\u00e1rtalan szereteted aj\u00e1nd\u00e9kaival eltelve arra k\u00e9r\u00fcnk, hogy \u00e9lni tudjunk \u00fcdv\u00f6ss\u00e9gszerz\u0151 javaiddal, \u00e9s mindig buzg\u00f3k legy\u00fcnk dics\u00e9retedben. Krisztus, a mi Urunk \u00e1ltal.<\/p>\n","protected":false},"excerpt":{"rendered":"<p>* * * B\u00e1rmilyen megk\u00f6zel\u00edt\u00e9sben szeml\u00e9ljem \u00e9letemet, bizonyos \u00e9rtelemben vezet\u0151i tiszts\u00e9g is oszt\u00e1lyr\u00e9szem. Nyilv\u00e1n ennek alapfelt\u00e9tele, hogy tiszt\u00e1ban legyek st\u00e1tusommal \u00e9s az azzal j\u00e1r\u00f3 jogaimmal, illetve k\u00f6teless\u00e9geimmel. Amikor ugyanis egy feladatra igent mondok, els\u0151sorban nem jogaimat, hanem v\u00e1llalt k\u00f6telezetts\u00e9geimet kell szeml\u00e9lnem. Igent mondok a csal\u00e1dban, munkahelyen, k\u00f6z\u00f6ss\u00e9gben, a vil\u00e1gi \u00e9s egyh\u00e1zi t\u00e1rsadalom adott szintj\u00e9n egy megh\u00edv\u00e1sra. Ett\u0151l kezdve, a megfelel\u0151 keretek k\u00f6z\u00f6tt, vezet\u0151v\u00e9 is v\u00e1lok. A v\u00e9gs\u0151 sz\u00e1mad\u00e1sn\u00e1l pedig csak egyetlen egy dolog fontos: hogyan l\u00e1ttam el v\u00e1llalt feladataimat. Mindez azonban, adott k\u00f6r\u00fclm\u00e9nyek k\u00f6zepette, konfliktusok sokas\u00e1g\u00e1val is j\u00e1r. K\u00e9rd\u00e9s csup\u00e1n, hogyan kezelem ezen konfliktus helyzeteket?\u00a0 Az olvasm\u00e1nyban Ezekiel pr\u00f3f\u00e9ta saj\u00e1t megh\u00edv\u00e1s\u00e1r\u00f3l \u00edr. Arr\u00f3l a megh\u00edv\u00e1sr\u00f3l, amely egyben neh\u00e9z k\u00fcldet\u00e9s is sz\u00e1m\u00e1ra: &#8222;Emberfia, elk\u00fcldelek Izrael fiaihoz, a l\u00e1zad\u00f3khoz, akik fell\u00e1zadtak ellenem&#8221;. Ezekiel, a pr\u00f3f\u00e9ta, nem azzal foglalkozik, hogyan fogadj\u00e1k \u0151t. Bet\u00f6lt\u00f6tt k\u00fcldet\u00e9s\u00e9r\u0151l kell sz\u00e1mot adnia. F\u00e1jdalmas szembes\u00fclni az elutas\u00edt\u00e1s gondolat\u00e1val. Egyetlen m\u00f3dja \u00e9s \u00fatja van az ilyen jelleg\u0171, konfliktusos helyzetek felold\u00e1s\u00e1nak, ami nem m\u00e1s, mint az egy\u00e9ni megt\u00e9r\u00e9s. Nem a m\u00e1siknak, hanem nekem van sz\u00fcks\u00e9gem megt\u00e9r\u00e9sre. J\u00f6v\u0151nket illet\u0151en sokszor a f\u00e9lelem, bizonytalans\u00e1g \u00e9s k\u00e9tely \u00e9rz\u00e9se ker\u00edt hatalm\u00e1ba. Az \u00dar \u00fczen Szent P\u00e1llal: &#8222;El\u00e9g neked az \u00e9n kegyelmem.&#8221; A jelenben kell \u00e9lnem, azzal az \u0151sbizalommal, hogy a holnaphoz mindig megkapom a sz\u00fcks\u00e9ges \u00e9s el\u00e9gs\u00e9ges kegyelmet Istent\u0151l. Szent P\u00e1l apostol nem f\u00e9l megmutatni gyenges\u00e9geit. Mi t\u00f6bb, gy\u00f6nges\u00e9geivel dicsekszik. Egy\u00e9rtelm\u0171 a szentlecke \u00fczenete mindannyiunk sz\u00e1m\u00e1ra: Istenben, \u00f6r\u00f6k terv\u00e9ben \u00e9s sz\u00e1nd\u00e9k\u00e1ban, tervezzem meg\u00a0 \u00e9letemet. Ennek pedig \u00fatja, hogy er\u0151s\u00edtem ir\u00e1nta val\u00f3 bizalmamat. Az evang\u00e9lium arr\u00f3l sz\u00e1mol be, hogy milyen az, amikor el\u0151\u00edt\u00e9leteink foglyaiv\u00e1 v\u00e1lunk. \u00c9ppen \u00fagy, mint N\u00e1z\u00e1ret lak\u00f3i. Ott \u00e9s akkor nem tudtak a helyb\u00e9liek \u00f6r\u00fclni J\u00e9zus Krisztus \u00e9rkez\u00e9s\u00e9nek. Mi t\u00f6bb, megbotr\u00e1nkozta benne. Ilyen az, amikor nem tudunk fel\u00fclemelkedni el\u0151\u00edt\u00e9leteink benn\u00fcnk kialak\u00edtott k\u00e9p\u00e9n. Mit kezdek a magam el\u0151\u00edt\u00e9leteivel? Vas\u00e1rnap d\u00e9lut\u00e1n van, 2024. j\u00falius 7.\u00a0 A mai napra tervezett Csal\u00e1di Napunkat nem tudtuk megtartani, k\u00fcls\u0151&#8230; <\/p>\n<p><a class=\"readmore\" href=\"https:\/\/stuttgarti-katolikusok.de\/index.php\/evkozi-14-vasarnap-2\/\">R\u00e9szletek<\/a><\/p>\n","protected":false},"author":3,"featured_media":29184,"comment_status":"closed","ping_status":"closed","sticky":false,"template":"","format":"standard","meta":{"footnotes":""},"categories":[85,63],"tags":[],"class_list":["post-29183","post","type-post","status-publish","format-standard","has-post-thumbnail","hentry","category-a-liturgia-olvasmanyai","category-vasarnapi-gondolatok"],"yoast_head":"<!-- This site is optimized with the Yoast SEO plugin v27.3 - https:\/\/yoast.com\/product\/yoast-seo-wordpress\/ -->\n<title>\u00c9vk\u00f6zi 14. vas\u00e1rnap - Stuttgarti Katolikusok<\/title>\n<meta name=\"robots\" content=\"index, follow, max-snippet:-1, max-image-preview:large, max-video-preview:-1\" \/>\n<link rel=\"canonical\" href=\"https:\/\/stuttgarti-katolikusok.de\/index.php\/evkozi-14-vasarnap-2\/\" \/>\n<meta property=\"og:locale\" content=\"hu_HU\" \/>\n<meta property=\"og:type\" content=\"article\" \/>\n<meta property=\"og:title\" content=\"\u00c9vk\u00f6zi 14. vas\u00e1rnap - Stuttgarti Katolikusok\" \/>\n<meta property=\"og:description\" content=\"* * * B\u00e1rmilyen megk\u00f6zel\u00edt\u00e9sben szeml\u00e9ljem \u00e9letemet, bizonyos \u00e9rtelemben vezet\u0151i tiszts\u00e9g is oszt\u00e1lyr\u00e9szem. Nyilv\u00e1n ennek alapfelt\u00e9tele, hogy tiszt\u00e1ban legyek st\u00e1tusommal \u00e9s az azzal j\u00e1r\u00f3 jogaimmal, illetve k\u00f6teless\u00e9geimmel. Amikor ugyanis egy feladatra igent mondok, els\u0151sorban nem jogaimat, hanem v\u00e1llalt k\u00f6telezetts\u00e9geimet kell szeml\u00e9lnem. Igent mondok a csal\u00e1dban, munkahelyen, k\u00f6z\u00f6ss\u00e9gben, a vil\u00e1gi \u00e9s egyh\u00e1zi t\u00e1rsadalom adott szintj\u00e9n egy megh\u00edv\u00e1sra. Ett\u0151l kezdve, a megfelel\u0151 keretek k\u00f6z\u00f6tt, vezet\u0151v\u00e9 is v\u00e1lok. A v\u00e9gs\u0151 sz\u00e1mad\u00e1sn\u00e1l pedig csak egyetlen egy dolog fontos: hogyan l\u00e1ttam el v\u00e1llalt feladataimat. Mindez azonban, adott k\u00f6r\u00fclm\u00e9nyek k\u00f6zepette, konfliktusok sokas\u00e1g\u00e1val is j\u00e1r. K\u00e9rd\u00e9s csup\u00e1n, hogyan kezelem ezen konfliktus helyzeteket?\u00a0 Az olvasm\u00e1nyban Ezekiel pr\u00f3f\u00e9ta saj\u00e1t megh\u00edv\u00e1s\u00e1r\u00f3l \u00edr. Arr\u00f3l a megh\u00edv\u00e1sr\u00f3l, amely egyben neh\u00e9z k\u00fcldet\u00e9s is sz\u00e1m\u00e1ra: &#8222;Emberfia, elk\u00fcldelek Izrael fiaihoz, a l\u00e1zad\u00f3khoz, akik fell\u00e1zadtak ellenem&#8221;. Ezekiel, a pr\u00f3f\u00e9ta, nem azzal foglalkozik, hogyan fogadj\u00e1k \u0151t. Bet\u00f6lt\u00f6tt k\u00fcldet\u00e9s\u00e9r\u0151l kell sz\u00e1mot adnia. F\u00e1jdalmas szembes\u00fclni az elutas\u00edt\u00e1s gondolat\u00e1val. Egyetlen m\u00f3dja \u00e9s \u00fatja van az ilyen jelleg\u0171, konfliktusos helyzetek felold\u00e1s\u00e1nak, ami nem m\u00e1s, mint az egy\u00e9ni megt\u00e9r\u00e9s. Nem a m\u00e1siknak, hanem nekem van sz\u00fcks\u00e9gem megt\u00e9r\u00e9sre. J\u00f6v\u0151nket illet\u0151en sokszor a f\u00e9lelem, bizonytalans\u00e1g \u00e9s k\u00e9tely \u00e9rz\u00e9se ker\u00edt hatalm\u00e1ba. Az \u00dar \u00fczen Szent P\u00e1llal: &#8222;El\u00e9g neked az \u00e9n kegyelmem.&#8221; A jelenben kell \u00e9lnem, azzal az \u0151sbizalommal, hogy a holnaphoz mindig megkapom a sz\u00fcks\u00e9ges \u00e9s el\u00e9gs\u00e9ges kegyelmet Istent\u0151l. Szent P\u00e1l apostol nem f\u00e9l megmutatni gyenges\u00e9geit. Mi t\u00f6bb, gy\u00f6nges\u00e9geivel dicsekszik. Egy\u00e9rtelm\u0171 a szentlecke \u00fczenete mindannyiunk sz\u00e1m\u00e1ra: Istenben, \u00f6r\u00f6k terv\u00e9ben \u00e9s sz\u00e1nd\u00e9k\u00e1ban, tervezzem meg\u00a0 \u00e9letemet. Ennek pedig \u00fatja, hogy er\u0151s\u00edtem ir\u00e1nta val\u00f3 bizalmamat. Az evang\u00e9lium arr\u00f3l sz\u00e1mol be, hogy milyen az, amikor el\u0151\u00edt\u00e9leteink foglyaiv\u00e1 v\u00e1lunk. \u00c9ppen \u00fagy, mint N\u00e1z\u00e1ret lak\u00f3i. Ott \u00e9s akkor nem tudtak a helyb\u00e9liek \u00f6r\u00fclni J\u00e9zus Krisztus \u00e9rkez\u00e9s\u00e9nek. Mi t\u00f6bb, megbotr\u00e1nkozta benne. Ilyen az, amikor nem tudunk fel\u00fclemelkedni el\u0151\u00edt\u00e9leteink benn\u00fcnk kialak\u00edtott k\u00e9p\u00e9n. Mit kezdek a magam el\u0151\u00edt\u00e9leteivel? Vas\u00e1rnap d\u00e9lut\u00e1n van, 2024. j\u00falius 7.\u00a0 A mai napra tervezett Csal\u00e1di Napunkat nem tudtuk megtartani, k\u00fcls\u0151... R\u00e9szletek\" \/>\n<meta property=\"og:url\" content=\"https:\/\/stuttgarti-katolikusok.de\/index.php\/evkozi-14-vasarnap-2\/\" \/>\n<meta property=\"og:site_name\" content=\"Stuttgarti Katolikusok\" \/>\n<meta property=\"article:published_time\" content=\"2024-07-07T12:50:13+00:00\" \/>\n<meta property=\"article:modified_time\" content=\"2024-07-08T06:37:19+00:00\" \/>\n<meta property=\"og:image\" content=\"https:\/\/stuttgarti-katolikusok.de\/wp-content\/uploads\/2024\/07\/img-20240707-wa0002.jpg\" \/>\n\t<meta property=\"og:image:width\" content=\"2000\" \/>\n\t<meta property=\"og:image:height\" content=\"1500\" \/>\n\t<meta property=\"og:image:type\" content=\"image\/jpeg\" \/>\n<meta name=\"author\" content=\"Tibor atya\" \/>\n<meta name=\"twitter:card\" content=\"summary_large_image\" \/>\n<meta name=\"twitter:label1\" content=\"Szerz\u0151:\" \/>\n\t<meta name=\"twitter:data1\" content=\"Tibor atya\" \/>\n\t<meta name=\"twitter:label2\" content=\"Becs\u00fclt olvas\u00e1si id\u0151\" \/>\n\t<meta name=\"twitter:data2\" content=\"7 perc\" \/>\n<script type=\"application\/ld+json\" class=\"yoast-schema-graph\">{\"@context\":\"https:\\\/\\\/schema.org\",\"@graph\":[{\"@type\":\"Article\",\"@id\":\"https:\\\/\\\/stuttgarti-katolikusok.de\\\/index.php\\\/evkozi-14-vasarnap-2\\\/#article\",\"isPartOf\":{\"@id\":\"https:\\\/\\\/stuttgarti-katolikusok.de\\\/index.php\\\/evkozi-14-vasarnap-2\\\/\"},\"author\":{\"name\":\"Tibor atya\",\"@id\":\"https:\\\/\\\/stuttgarti-katolikusok.de\\\/#\\\/schema\\\/person\\\/75908d6f8fdc03a57889d27209df7795\"},\"headline\":\"\u00c9vk\u00f6zi 14. vas\u00e1rnap\",\"datePublished\":\"2024-07-07T12:50:13+00:00\",\"dateModified\":\"2024-07-08T06:37:19+00:00\",\"mainEntityOfPage\":{\"@id\":\"https:\\\/\\\/stuttgarti-katolikusok.de\\\/index.php\\\/evkozi-14-vasarnap-2\\\/\"},\"wordCount\":1669,\"image\":{\"@id\":\"https:\\\/\\\/stuttgarti-katolikusok.de\\\/index.php\\\/evkozi-14-vasarnap-2\\\/#primaryimage\"},\"thumbnailUrl\":\"https:\\\/\\\/stuttgarti-katolikusok.de\\\/wp-content\\\/uploads\\\/2024\\\/07\\\/img-20240707-wa0002.jpg\",\"articleSection\":[\"A liturgia olvasm\u00e1nyai\",\"Vas\u00e1rnapi gondolatok\"],\"inLanguage\":\"hu\"},{\"@type\":\"WebPage\",\"@id\":\"https:\\\/\\\/stuttgarti-katolikusok.de\\\/index.php\\\/evkozi-14-vasarnap-2\\\/\",\"url\":\"https:\\\/\\\/stuttgarti-katolikusok.de\\\/index.php\\\/evkozi-14-vasarnap-2\\\/\",\"name\":\"\u00c9vk\u00f6zi 14. vas\u00e1rnap - Stuttgarti Katolikusok\",\"isPartOf\":{\"@id\":\"https:\\\/\\\/stuttgarti-katolikusok.de\\\/#website\"},\"primaryImageOfPage\":{\"@id\":\"https:\\\/\\\/stuttgarti-katolikusok.de\\\/index.php\\\/evkozi-14-vasarnap-2\\\/#primaryimage\"},\"image\":{\"@id\":\"https:\\\/\\\/stuttgarti-katolikusok.de\\\/index.php\\\/evkozi-14-vasarnap-2\\\/#primaryimage\"},\"thumbnailUrl\":\"https:\\\/\\\/stuttgarti-katolikusok.de\\\/wp-content\\\/uploads\\\/2024\\\/07\\\/img-20240707-wa0002.jpg\",\"datePublished\":\"2024-07-07T12:50:13+00:00\",\"dateModified\":\"2024-07-08T06:37:19+00:00\",\"author\":{\"@id\":\"https:\\\/\\\/stuttgarti-katolikusok.de\\\/#\\\/schema\\\/person\\\/75908d6f8fdc03a57889d27209df7795\"},\"breadcrumb\":{\"@id\":\"https:\\\/\\\/stuttgarti-katolikusok.de\\\/index.php\\\/evkozi-14-vasarnap-2\\\/#breadcrumb\"},\"inLanguage\":\"hu\",\"potentialAction\":[{\"@type\":\"ReadAction\",\"target\":[\"https:\\\/\\\/stuttgarti-katolikusok.de\\\/index.php\\\/evkozi-14-vasarnap-2\\\/\"]}]},{\"@type\":\"ImageObject\",\"inLanguage\":\"hu\",\"@id\":\"https:\\\/\\\/stuttgarti-katolikusok.de\\\/index.php\\\/evkozi-14-vasarnap-2\\\/#primaryimage\",\"url\":\"https:\\\/\\\/stuttgarti-katolikusok.de\\\/wp-content\\\/uploads\\\/2024\\\/07\\\/img-20240707-wa0002.jpg\",\"contentUrl\":\"https:\\\/\\\/stuttgarti-katolikusok.de\\\/wp-content\\\/uploads\\\/2024\\\/07\\\/img-20240707-wa0002.jpg\",\"width\":2000,\"height\":1500},{\"@type\":\"BreadcrumbList\",\"@id\":\"https:\\\/\\\/stuttgarti-katolikusok.de\\\/index.php\\\/evkozi-14-vasarnap-2\\\/#breadcrumb\",\"itemListElement\":[{\"@type\":\"ListItem\",\"position\":1,\"name\":\"Kezd\u0151lap\",\"item\":\"https:\\\/\\\/stuttgarti-katolikusok.de\\\/\"},{\"@type\":\"ListItem\",\"position\":2,\"name\":\"\u00c9vk\u00f6zi 14. vas\u00e1rnap\"}]},{\"@type\":\"WebSite\",\"@id\":\"https:\\\/\\\/stuttgarti-katolikusok.de\\\/#website\",\"url\":\"https:\\\/\\\/stuttgarti-katolikusok.de\\\/\",\"name\":\"Stuttgarti Katolikusok\",\"description\":\"\",\"potentialAction\":[{\"@type\":\"SearchAction\",\"target\":{\"@type\":\"EntryPoint\",\"urlTemplate\":\"https:\\\/\\\/stuttgarti-katolikusok.de\\\/?s={search_term_string}\"},\"query-input\":{\"@type\":\"PropertyValueSpecification\",\"valueRequired\":true,\"valueName\":\"search_term_string\"}}],\"inLanguage\":\"hu\"},{\"@type\":\"Person\",\"@id\":\"https:\\\/\\\/stuttgarti-katolikusok.de\\\/#\\\/schema\\\/person\\\/75908d6f8fdc03a57889d27209df7795\",\"name\":\"Tibor atya\",\"image\":{\"@type\":\"ImageObject\",\"inLanguage\":\"hu\",\"@id\":\"https:\\\/\\\/secure.gravatar.com\\\/avatar\\\/61d268e57d1f4525b111222e29d2d5a7f8c420fdbf231ba5566a8ceac74fa960?s=96&d=mm&r=g\",\"url\":\"https:\\\/\\\/secure.gravatar.com\\\/avatar\\\/61d268e57d1f4525b111222e29d2d5a7f8c420fdbf231ba5566a8ceac74fa960?s=96&d=mm&r=g\",\"contentUrl\":\"https:\\\/\\\/secure.gravatar.com\\\/avatar\\\/61d268e57d1f4525b111222e29d2d5a7f8c420fdbf231ba5566a8ceac74fa960?s=96&d=mm&r=g\",\"caption\":\"Tibor atya\"},\"url\":\"https:\\\/\\\/stuttgarti-katolikusok.de\\\/index.php\\\/author\\\/tibor-atya\\\/\"}]}<\/script>\n<!-- \/ Yoast SEO plugin. -->","yoast_head_json":{"title":"\u00c9vk\u00f6zi 14. vas\u00e1rnap - Stuttgarti Katolikusok","robots":{"index":"index","follow":"follow","max-snippet":"max-snippet:-1","max-image-preview":"max-image-preview:large","max-video-preview":"max-video-preview:-1"},"canonical":"https:\/\/stuttgarti-katolikusok.de\/index.php\/evkozi-14-vasarnap-2\/","og_locale":"hu_HU","og_type":"article","og_title":"\u00c9vk\u00f6zi 14. vas\u00e1rnap - Stuttgarti Katolikusok","og_description":"* * * B\u00e1rmilyen megk\u00f6zel\u00edt\u00e9sben szeml\u00e9ljem \u00e9letemet, bizonyos \u00e9rtelemben vezet\u0151i tiszts\u00e9g is oszt\u00e1lyr\u00e9szem. Nyilv\u00e1n ennek alapfelt\u00e9tele, hogy tiszt\u00e1ban legyek st\u00e1tusommal \u00e9s az azzal j\u00e1r\u00f3 jogaimmal, illetve k\u00f6teless\u00e9geimmel. Amikor ugyanis egy feladatra igent mondok, els\u0151sorban nem jogaimat, hanem v\u00e1llalt k\u00f6telezetts\u00e9geimet kell szeml\u00e9lnem. Igent mondok a csal\u00e1dban, munkahelyen, k\u00f6z\u00f6ss\u00e9gben, a vil\u00e1gi \u00e9s egyh\u00e1zi t\u00e1rsadalom adott szintj\u00e9n egy megh\u00edv\u00e1sra. Ett\u0151l kezdve, a megfelel\u0151 keretek k\u00f6z\u00f6tt, vezet\u0151v\u00e9 is v\u00e1lok. A v\u00e9gs\u0151 sz\u00e1mad\u00e1sn\u00e1l pedig csak egyetlen egy dolog fontos: hogyan l\u00e1ttam el v\u00e1llalt feladataimat. Mindez azonban, adott k\u00f6r\u00fclm\u00e9nyek k\u00f6zepette, konfliktusok sokas\u00e1g\u00e1val is j\u00e1r. K\u00e9rd\u00e9s csup\u00e1n, hogyan kezelem ezen konfliktus helyzeteket?\u00a0 Az olvasm\u00e1nyban Ezekiel pr\u00f3f\u00e9ta saj\u00e1t megh\u00edv\u00e1s\u00e1r\u00f3l \u00edr. Arr\u00f3l a megh\u00edv\u00e1sr\u00f3l, amely egyben neh\u00e9z k\u00fcldet\u00e9s is sz\u00e1m\u00e1ra: &#8222;Emberfia, elk\u00fcldelek Izrael fiaihoz, a l\u00e1zad\u00f3khoz, akik fell\u00e1zadtak ellenem&#8221;. Ezekiel, a pr\u00f3f\u00e9ta, nem azzal foglalkozik, hogyan fogadj\u00e1k \u0151t. Bet\u00f6lt\u00f6tt k\u00fcldet\u00e9s\u00e9r\u0151l kell sz\u00e1mot adnia. F\u00e1jdalmas szembes\u00fclni az elutas\u00edt\u00e1s gondolat\u00e1val. Egyetlen m\u00f3dja \u00e9s \u00fatja van az ilyen jelleg\u0171, konfliktusos helyzetek felold\u00e1s\u00e1nak, ami nem m\u00e1s, mint az egy\u00e9ni megt\u00e9r\u00e9s. Nem a m\u00e1siknak, hanem nekem van sz\u00fcks\u00e9gem megt\u00e9r\u00e9sre. J\u00f6v\u0151nket illet\u0151en sokszor a f\u00e9lelem, bizonytalans\u00e1g \u00e9s k\u00e9tely \u00e9rz\u00e9se ker\u00edt hatalm\u00e1ba. Az \u00dar \u00fczen Szent P\u00e1llal: &#8222;El\u00e9g neked az \u00e9n kegyelmem.&#8221; A jelenben kell \u00e9lnem, azzal az \u0151sbizalommal, hogy a holnaphoz mindig megkapom a sz\u00fcks\u00e9ges \u00e9s el\u00e9gs\u00e9ges kegyelmet Istent\u0151l. Szent P\u00e1l apostol nem f\u00e9l megmutatni gyenges\u00e9geit. Mi t\u00f6bb, gy\u00f6nges\u00e9geivel dicsekszik. Egy\u00e9rtelm\u0171 a szentlecke \u00fczenete mindannyiunk sz\u00e1m\u00e1ra: Istenben, \u00f6r\u00f6k terv\u00e9ben \u00e9s sz\u00e1nd\u00e9k\u00e1ban, tervezzem meg\u00a0 \u00e9letemet. Ennek pedig \u00fatja, hogy er\u0151s\u00edtem ir\u00e1nta val\u00f3 bizalmamat. Az evang\u00e9lium arr\u00f3l sz\u00e1mol be, hogy milyen az, amikor el\u0151\u00edt\u00e9leteink foglyaiv\u00e1 v\u00e1lunk. \u00c9ppen \u00fagy, mint N\u00e1z\u00e1ret lak\u00f3i. Ott \u00e9s akkor nem tudtak a helyb\u00e9liek \u00f6r\u00fclni J\u00e9zus Krisztus \u00e9rkez\u00e9s\u00e9nek. Mi t\u00f6bb, megbotr\u00e1nkozta benne. Ilyen az, amikor nem tudunk fel\u00fclemelkedni el\u0151\u00edt\u00e9leteink benn\u00fcnk kialak\u00edtott k\u00e9p\u00e9n. Mit kezdek a magam el\u0151\u00edt\u00e9leteivel? Vas\u00e1rnap d\u00e9lut\u00e1n van, 2024. j\u00falius 7.\u00a0 A mai napra tervezett Csal\u00e1di Napunkat nem tudtuk megtartani, k\u00fcls\u0151... R\u00e9szletek","og_url":"https:\/\/stuttgarti-katolikusok.de\/index.php\/evkozi-14-vasarnap-2\/","og_site_name":"Stuttgarti Katolikusok","article_published_time":"2024-07-07T12:50:13+00:00","article_modified_time":"2024-07-08T06:37:19+00:00","og_image":[{"width":2000,"height":1500,"url":"https:\/\/stuttgarti-katolikusok.de\/wp-content\/uploads\/2024\/07\/img-20240707-wa0002.jpg","type":"image\/jpeg"}],"author":"Tibor atya","twitter_card":"summary_large_image","twitter_misc":{"Szerz\u0151:":"Tibor atya","Becs\u00fclt olvas\u00e1si id\u0151":"7 perc"},"schema":{"@context":"https:\/\/schema.org","@graph":[{"@type":"Article","@id":"https:\/\/stuttgarti-katolikusok.de\/index.php\/evkozi-14-vasarnap-2\/#article","isPartOf":{"@id":"https:\/\/stuttgarti-katolikusok.de\/index.php\/evkozi-14-vasarnap-2\/"},"author":{"name":"Tibor atya","@id":"https:\/\/stuttgarti-katolikusok.de\/#\/schema\/person\/75908d6f8fdc03a57889d27209df7795"},"headline":"\u00c9vk\u00f6zi 14. vas\u00e1rnap","datePublished":"2024-07-07T12:50:13+00:00","dateModified":"2024-07-08T06:37:19+00:00","mainEntityOfPage":{"@id":"https:\/\/stuttgarti-katolikusok.de\/index.php\/evkozi-14-vasarnap-2\/"},"wordCount":1669,"image":{"@id":"https:\/\/stuttgarti-katolikusok.de\/index.php\/evkozi-14-vasarnap-2\/#primaryimage"},"thumbnailUrl":"https:\/\/stuttgarti-katolikusok.de\/wp-content\/uploads\/2024\/07\/img-20240707-wa0002.jpg","articleSection":["A liturgia olvasm\u00e1nyai","Vas\u00e1rnapi gondolatok"],"inLanguage":"hu"},{"@type":"WebPage","@id":"https:\/\/stuttgarti-katolikusok.de\/index.php\/evkozi-14-vasarnap-2\/","url":"https:\/\/stuttgarti-katolikusok.de\/index.php\/evkozi-14-vasarnap-2\/","name":"\u00c9vk\u00f6zi 14. vas\u00e1rnap - Stuttgarti Katolikusok","isPartOf":{"@id":"https:\/\/stuttgarti-katolikusok.de\/#website"},"primaryImageOfPage":{"@id":"https:\/\/stuttgarti-katolikusok.de\/index.php\/evkozi-14-vasarnap-2\/#primaryimage"},"image":{"@id":"https:\/\/stuttgarti-katolikusok.de\/index.php\/evkozi-14-vasarnap-2\/#primaryimage"},"thumbnailUrl":"https:\/\/stuttgarti-katolikusok.de\/wp-content\/uploads\/2024\/07\/img-20240707-wa0002.jpg","datePublished":"2024-07-07T12:50:13+00:00","dateModified":"2024-07-08T06:37:19+00:00","author":{"@id":"https:\/\/stuttgarti-katolikusok.de\/#\/schema\/person\/75908d6f8fdc03a57889d27209df7795"},"breadcrumb":{"@id":"https:\/\/stuttgarti-katolikusok.de\/index.php\/evkozi-14-vasarnap-2\/#breadcrumb"},"inLanguage":"hu","potentialAction":[{"@type":"ReadAction","target":["https:\/\/stuttgarti-katolikusok.de\/index.php\/evkozi-14-vasarnap-2\/"]}]},{"@type":"ImageObject","inLanguage":"hu","@id":"https:\/\/stuttgarti-katolikusok.de\/index.php\/evkozi-14-vasarnap-2\/#primaryimage","url":"https:\/\/stuttgarti-katolikusok.de\/wp-content\/uploads\/2024\/07\/img-20240707-wa0002.jpg","contentUrl":"https:\/\/stuttgarti-katolikusok.de\/wp-content\/uploads\/2024\/07\/img-20240707-wa0002.jpg","width":2000,"height":1500},{"@type":"BreadcrumbList","@id":"https:\/\/stuttgarti-katolikusok.de\/index.php\/evkozi-14-vasarnap-2\/#breadcrumb","itemListElement":[{"@type":"ListItem","position":1,"name":"Kezd\u0151lap","item":"https:\/\/stuttgarti-katolikusok.de\/"},{"@type":"ListItem","position":2,"name":"\u00c9vk\u00f6zi 14. vas\u00e1rnap"}]},{"@type":"WebSite","@id":"https:\/\/stuttgarti-katolikusok.de\/#website","url":"https:\/\/stuttgarti-katolikusok.de\/","name":"Stuttgarti Katolikusok","description":"","potentialAction":[{"@type":"SearchAction","target":{"@type":"EntryPoint","urlTemplate":"https:\/\/stuttgarti-katolikusok.de\/?s={search_term_string}"},"query-input":{"@type":"PropertyValueSpecification","valueRequired":true,"valueName":"search_term_string"}}],"inLanguage":"hu"},{"@type":"Person","@id":"https:\/\/stuttgarti-katolikusok.de\/#\/schema\/person\/75908d6f8fdc03a57889d27209df7795","name":"Tibor atya","image":{"@type":"ImageObject","inLanguage":"hu","@id":"https:\/\/secure.gravatar.com\/avatar\/61d268e57d1f4525b111222e29d2d5a7f8c420fdbf231ba5566a8ceac74fa960?s=96&d=mm&r=g","url":"https:\/\/secure.gravatar.com\/avatar\/61d268e57d1f4525b111222e29d2d5a7f8c420fdbf231ba5566a8ceac74fa960?s=96&d=mm&r=g","contentUrl":"https:\/\/secure.gravatar.com\/avatar\/61d268e57d1f4525b111222e29d2d5a7f8c420fdbf231ba5566a8ceac74fa960?s=96&d=mm&r=g","caption":"Tibor atya"},"url":"https:\/\/stuttgarti-katolikusok.de\/index.php\/author\/tibor-atya\/"}]}},"_links":{"self":[{"href":"https:\/\/stuttgarti-katolikusok.de\/index.php\/wp-json\/wp\/v2\/posts\/29183","targetHints":{"allow":["GET"]}}],"collection":[{"href":"https:\/\/stuttgarti-katolikusok.de\/index.php\/wp-json\/wp\/v2\/posts"}],"about":[{"href":"https:\/\/stuttgarti-katolikusok.de\/index.php\/wp-json\/wp\/v2\/types\/post"}],"author":[{"embeddable":true,"href":"https:\/\/stuttgarti-katolikusok.de\/index.php\/wp-json\/wp\/v2\/users\/3"}],"replies":[{"embeddable":true,"href":"https:\/\/stuttgarti-katolikusok.de\/index.php\/wp-json\/wp\/v2\/comments?post=29183"}],"version-history":[{"count":5,"href":"https:\/\/stuttgarti-katolikusok.de\/index.php\/wp-json\/wp\/v2\/posts\/29183\/revisions"}],"predecessor-version":[{"id":29190,"href":"https:\/\/stuttgarti-katolikusok.de\/index.php\/wp-json\/wp\/v2\/posts\/29183\/revisions\/29190"}],"wp:featuredmedia":[{"embeddable":true,"href":"https:\/\/stuttgarti-katolikusok.de\/index.php\/wp-json\/wp\/v2\/media\/29184"}],"wp:attachment":[{"href":"https:\/\/stuttgarti-katolikusok.de\/index.php\/wp-json\/wp\/v2\/media?parent=29183"}],"wp:term":[{"taxonomy":"category","embeddable":true,"href":"https:\/\/stuttgarti-katolikusok.de\/index.php\/wp-json\/wp\/v2\/categories?post=29183"},{"taxonomy":"post_tag","embeddable":true,"href":"https:\/\/stuttgarti-katolikusok.de\/index.php\/wp-json\/wp\/v2\/tags?post=29183"}],"curies":[{"name":"wp","href":"https:\/\/api.w.org\/{rel}","templated":true}]}}