{"id":29156,"date":"2024-06-30T06:47:23","date_gmt":"2024-06-30T04:47:23","guid":{"rendered":"https:\/\/stuttgarti-katolikusok.de\/?p=29156"},"modified":"2024-07-07T13:09:46","modified_gmt":"2024-07-07T11:09:46","slug":"evkozi-13-vasarnap-3","status":"publish","type":"post","link":"https:\/\/stuttgarti-katolikusok.de\/index.php\/evkozi-13-vasarnap-3\/","title":{"rendered":"\u00c9vk\u00f6zi 13. vas\u00e1rnap"},"content":{"rendered":"<p><span style=\"color: #ff6600;\"><em>\u00c9let\u00fcnk kem\u00e9ny k\u00fczdelmek sorozata. A hal\u00e1l pedig elszakad\u00e1s a f\u00f6ldt\u0151l \u00e9s \u00e1tmenet a m\u00e1svil\u00e1gra. Az \u00e9let \u00e9s a h\u00e1l\u00e1l \u00e9rtelm\u00e9r\u0151l a legszebben a Biblia sz\u00f3l: &#8222;Senki k\u00f6z\u00fcl\u00fcnk nem \u00e9l \u00f6nmag\u00e1nak, \u00e9s senki sem hal meg \u00f6nmag\u00e1nak. M\u00edg \u00e9l\u00fcnk, Istennek \u00e9l\u00fcnk, s ha meghalunk, az \u00dar\u00e9i vagyunk&#8221; (R\u00f3m 14, 7-8).\u00a0<\/em><\/span><\/p>\n<p><span style=\"color: #ff6600;\"><em>A halhatatlans\u00e1g Isten aj\u00e1nd\u00e9ka minden ember sz\u00e1m\u00e1ra. M\u00e1sr\u00e9szt, saj\u00e1t \u00f6r\u00f6kk\u00e9val\u00f3s\u00e1g\u00e1nak k\u00e9pm\u00e1s\u00e1v\u00e1 is tett. Mekkora aj\u00e1nd\u00e9k ez sz\u00e1munkra, hogy az isteni \u00e9let \u00f6r\u00f6k von\u00e1sait hordozzuk \u00e9let\u00fcnkben.<\/em><\/span><\/p>\n<p><span style=\"color: #ff6600;\"><em>Szent P\u00e1l apostol megdics\u00e9ri a Korintusban \u00e9l\u0151 h\u00edveket, akik kit\u0171nnek az alapvet\u0151 emberi er\u00e9nyekben. Ezeken t\u00falmen\u0151en a j\u00f3t\u00e9konykod\u00e1sban is biztatja \u0151ket. Mindezt a kereszt\u00e9ny szolidarit\u00e1s szellem\u00e9ben kell tenni\u00fck.<\/em><\/span><\/p>\n<p><span style=\"color: #ff6600;\"><em>Az evang\u00e9lium a k\u00e9t csod\u00e1n kereszt\u00fcl &#8211; Jairus l\u00e1ny\u00e1nak felt\u00e1maszt\u00e1sa \u00e9s a tizenk\u00e9t \u00e9ve v\u00e9rfoly\u00e1sban szenved\u0151nek meggy\u00f3gy\u00edt\u00e1sa &#8211; a hit fontoss\u00e1g\u00e1t emeli ki. Milyen az \u00e9n hitem? Mennyire m\u00e9ly \u00e9s szem\u00e9lyes?<\/em><\/span><\/p>\n<p><span style=\"color: #008000;\">Kezd\u0151\u00e9nek:<\/span><br \/>\nTapsoljatok, nemzetek, mindny\u00e1jan, \u00f6rvendjetek Istennek ujjong\u00f3 sz\u00f3val! (Zsolt 46,2)<\/p>\n<p><span style=\"color: #008000;\">K\u00f6ny\u00f6rg\u00e9s:<\/span><br \/>\nIsten\u00fcnk, aki kegyelmeddel gyermekeidd\u00e9 fogadt\u00e1l \u00e9s a vil\u00e1goss\u00e1g fiaiv\u00e1 tett\u00e9l minket, k\u00e9r\u00fcnk, tartsd t\u00e1vol t\u0151l\u00fcnk a t\u00e9ved\u00e9s hom\u00e1ly\u00e1t, \u00e9s seg\u00edts, hogy igazs\u00e1god ragyog\u00f3 f\u00e9nye mindig t\u00fcnd\u00f6k\u00f6lj\u00f6n lelk\u00fcnkben. A mi Urunk, J\u00e9zus Krisztus, a te Fiad \u00e1ltal, aki veled \u00e9l \u00e9s uralkodik a Szentl\u00e9lekkel egys\u00e9gben, Isten mind\u00f6r\u00f6kk\u00f6n \u00f6r\u00f6kk\u00e9.<\/p>\n<p align=\"justify\"><span style=\"color: #008000;\">OLVASM\u00c1NY a B\u00f6lcsess\u00e9g k\u00f6nyv\u00e9b\u0151l (B\u00f6lcs 1,13-15;2,23-24)<\/span><br \/>\nA hal\u00e1lt nem Isten alkotta, \u0151 nem leli \u00f6r\u00f6m\u00e9t az \u00e9l\u0151k pusztul\u00e1s\u00e1ban. Hisz mindent az\u00e9rt teremtett, hogy legyen, \u00e9s a vil\u00e1gon minden teremtm\u00e9ny az \u00e9letet szolg\u00e1lja. Nincs benn\u00fck puszt\u00edt\u00f3 m\u00e9reg, \u00e9s a f\u00f6ld\u00f6n nem az alvil\u00e1g uralkodik. Az igazs\u00e1g ugyanis halhatatlan. Isten halhatatlans\u00e1gra teremtette az embert, a saj\u00e1t \u00f6r\u00f6kk\u00e9val\u00f3s\u00e1g\u00e1nak k\u00e9pm\u00e1s\u00e1v\u00e1 tette. A s\u00e1t\u00e1n irigys\u00e9ge r\u00e9v\u00e9n azonban a vil\u00e1gba j\u00f6tt a hal\u00e1l, \u00e9s akik vele tartanak, azok megtapasztalj\u00e1k.<br \/>\nEz az Isten ig\u00e9je.<\/p>\n<p align=\"justify\"><span style=\"color: #008000;\">V\u00c1LASZOS ZSOLT\u00c1R (Zsolt 29,2.4.5-6,11.12a.13b)<\/span><br \/>\nV\u00e1lasz:\u00a0<strong>Dics\u0151\u00edte<u>lek<\/u>, Uram, * mivel meg<u>men<\/u>tett\u00e9l engem.<\/strong>\u00a0(6. t\u00f3nus.)<br \/>\nEl\u0151\u00e9nekes: Dics\u0151\u00edtelek, Uram, mivel megmentet<u>t\u00e9l<\/u>\u00a0engem, * nem engedted, hogy ellens\u00e9geim uj<u>jong<\/u>janak rajtam.<br \/>\nUram, lelkemet kihoztad a hal\u00e1l or<u>sz\u00e1<\/u>g\u00e1b\u00f3l, * \u00e9letben tartott\u00e1l, ne<u>hogy<\/u>\u00a0s\u00edrba sz\u00e1lljak.<br \/>\nH\u00edvek:\u00a0<strong>Dics\u0151\u00edte<u>lek<\/u>, Uram, * mivel meg<u>men<\/u>tett\u00e9l engem.<\/strong><br \/>\nE: Zsolt\u00e1rt zengjetek az \u00darnak, ti, az\u00a0<u>\u0151<\/u>\u00a0szentjei, * \u00e9s dics\u00e9rj\u00e9tek\u00a0<u>az<\/u>\u00a0\u0151 szent nev\u00e9t.<br \/>\nMert haragja csak\u00a0<u>egy<\/u>\u00a0pillanat, * de j\u00f3s\u00e1ga v\u00e9gigk\u00eds\u00e9r e<u>g\u00e9sz<\/u>\u00a0\u00e9let\u00fcnk\u00f6n.<br \/>\nH:\u00a0<strong>Dics\u0151\u00edte<u>lek<\/u>, Uram, * mivel meg<u>men<\/u>tett\u00e9l engem.<\/strong><br \/>\nE: Ha este meg is l\u00e1togat\u00a0<u>a<\/u>\u00a0s\u00edr\u00e1s, * reggelre\u00a0<u>az<\/u>\u00a0\u00f6r\u00f6m visszat\u00e9r.<br \/>\nMeghallgatott az \u00dar, \u00e9s megk\u00f6ny\u00f6<u>r\u00fclt<\/u>\u00a0rajtam, * az \u00dar lett az\u00a0<u>\u00e9n<\/u>\u00a0seg\u00edts\u00e9gem.<br \/>\nH:\u00a0<strong>Dics\u0151\u00edte<u>lek<\/u>, Uram, * mivel meg<u>men<\/u>tett\u00e9l engem.<\/strong><br \/>\nE: S\u00edr\u00e1somat \u00f6r\u00f6mre for<u>d\u00ed<\/u>tottad; * Uram, Istenem, magasztal<u>lak<\/u>\u00a0mind\u00f6r\u00f6kk\u00e9.<br \/>\nH:\u00a0<strong>Dics\u0151\u00edte<u>lek<\/u>, Uram, * mivel meg<u>men<\/u>tett\u00e9l engem.<\/strong><\/p>\n<p align=\"justify\"><span style=\"color: #008000;\">SZENTLECKE Szent P\u00e1l apostolnak a korintusiakhoz \u00edrt m\u00e1sodik level\u00e9b\u0151l (2Kor 8,7.9.13-15)<\/span><br \/>\nTestv\u00e9reim!<br \/>\nTi mindenben kit\u0171nt\u00f6k: a hitben, a sz\u00f3ban, a tud\u00e1sban, minden buzg\u00f3lkod\u00e1sban, \u00e9s az ir\u00e1ntunk t\u00e1pl\u00e1lt szeretetben: t\u0171njetek ki teh\u00e1t a j\u00f3t\u00e9konykod\u00e1sban is. Hiszen ismeritek Urunk, J\u00e9zus Krisztus j\u00f3t\u00e9konys\u00e1g\u00e1t. Noha gazdag volt, \u00e9rtetek szeg\u00e9nny\u00e9 lett, hogy szeg\u00e9nys\u00e9ge \u00e1ltal meggazdagodjatok. Nem az\u00e9rt kell gy\u0171jteni, hogy m\u00e1sok megszabaduljanak a sz\u00fcks\u00e9gt\u0151l, ti meg bajba jussatok, hanem az egyenl\u0151s\u00e9g\u00e9rt. Most az \u0151 sz\u00fcks\u00e9g\u00fcket a ti b\u0151s\u00e9getek enyh\u00edti, hogy majd az \u0151 b\u0151s\u00e9g\u00fck nektek szolg\u00e1ljon sz\u00fcks\u00e9getekben seg\u00edts\u00e9g\u00fcl, s \u00edgy (a javak) kiegyenl\u00edt\u0151djenek. Az \u00cdr\u00e1sban is ez \u00e1ll: \u201eAki sokat gy\u0171jt\u00f6tt, nem b\u0151velkedett, aki meg keveset, nem sz\u0171k\u00f6lk\u00f6d\u00f6tt.\u201d<br \/>\nEz az Isten ig\u00e9je.<\/p>\n<p align=\"justify\"><span style=\"color: #008000;\">ALLELUJA<\/span><br \/>\n\u00dcdv\u00f6z\u00edt\u0151nk, J\u00e9zus Krisztus, gy\u0151z\u00f6tt a hal\u00e1lon, * \u00e9s az evang\u00e9liumban felragyogtatta az \u00f6r\u00f6k \u00e9letet. (V\u00f6. 2Tim 1,10 \u2013 12. t\u00f3nus.)<\/p>\n<p align=\"justify\"><span style=\"color: #008000;\">\u2020 EVANG\u00c9LIUM Szent M\u00e1rk k\u00f6nyv\u00e9b\u0151l (Mk 5,21-43)<\/span><br \/>\nAbban az id\u0151ben amikor J\u00e9zus a b\u00e1rk\u00e1val ism\u00e9t \u00e1tkelt a t\u00fals\u00f3 partra, a t\u00f3 partj\u00e1n nagy t\u00f6meg sereglett k\u00f6r\u00e9je. Ekkor odaj\u00f6tt egy Jairus nev\u0171 f\u00e9rfi, a zsinag\u00f3ga el\u00f6lj\u00e1r\u00f3ja, s mihelyt megl\u00e1tta \u0151t, a l\u00e1ba el\u00e9 borult, \u00e9s nagyon k\u00e9rte: \u201eHal\u00e1l\u00e1n van a l\u00e1nyom. J\u00f6jj, tedd r\u00e1 a kezedet, hogy meggy\u00f3gyuljon \u00e9s \u00e9ljen!\u201d Erre \u0151 elment vele. Nagy t\u00f6meg k\u00eds\u00e9rte, \u00e9s tolongott k\u00f6r\u00fcl\u00f6tte.<br \/>\n<span style=\"color: #008000;\">*<\/span><br \/>\nVolt ott egy asszony, aki m\u00e1r tizenk\u00e9t \u00e9ve v\u00e9rfoly\u00e1sban szenvedett. Sok orvos sokf\u00e9le kellemetlen kezel\u00e9snek vetette al\u00e1: Minden\u00e9t r\u00e1juk k\u00f6lt\u00f6tte, de hasztalan, egyre rosszabbul lett. Hallott J\u00e9zusr\u00f3l, ez\u00e9rt \u00e1tfurakodott a t\u00f6megen, \u00e9s h\u00e1tulr\u00f3l meg\u00e9rintette a ruh\u00e1j\u00e1t. \u00cdgy gondolkodott mag\u00e1ban: \u201eHa csak a ruh\u00e1j\u00e1t \u00e9rintem is, meggy\u00f3gyulok.\u201d \u00c9s azonm\u00f3d megsz\u0171nt a v\u00e9rfoly\u00e1sa. \u00c9rezte test\u00e9ben, hogy meggy\u00f3gyult baj\u00e1b\u00f3l.<br \/>\nJ\u00e9zus nyomban \u00e9szrevette, hogy er\u0151 ment ki bel\u0151le. Megfordult a t\u00f6megben, \u00e9s megk\u00e9rdezte: \u201eKi \u00e9rintette meg a ruh\u00e1mat?\u201d Tan\u00edtv\u00e1nyai ezt v\u00e1laszolt\u00e1k: \u201eL\u00e1tod, hogy szorongat a t\u00f6meg, m\u00e9gis azt k\u00e9rdezed: Ki \u00e9rintett meg?\u201d De \u0151 m\u00e9gis k\u00f6r\u00fcln\u00e9zett, hogy l\u00e1ssa, ki volt az. Az asszony f\u00e9lve, remegve el\u0151l\u00e9pett \u2013 mert hisz tudta, hogy mi t\u00f6rt\u00e9nt vele \u2013, odaborult el\u00e9je, \u00e9s \u0151szint\u00e9n bevallotta neki az igazs\u00e1got.<br \/>\n\u0150 \u00edgy sz\u00f3lt hozz\u00e1: \u201eLe\u00e1nyom, hited meggy\u00f3gy\u00edtott t\u00e9ged. Menj b\u00e9k\u00e9vel, \u00e9s bajodt\u00f3l megszabadulva l\u00e9gy eg\u00e9szs\u00e9ges!\u201d<br \/>\nM\u00e9g besz\u00e9lt, amikor * j\u00f6ttek a zsinag\u00f3ga el\u00f6lj\u00e1r\u00f3j\u00e1nak h\u00e1z\u00e1b\u00f3l \u00e9s k\u00f6z\u00f6lt\u00e9k: \u201eMeghalt a l\u00e1nyod. Mi\u00e9rt f\u00e1rasztan\u00e1d a Mestert?\u201d A h\u00edr hallat\u00e1ra J\u00e9zus \u00edgy b\u00e1tor\u00edtotta a zsinag\u00f3ga el\u00f6lj\u00e1r\u00f3j\u00e1t: \u201eNe f\u00e9lj, csak higgy!\u201d P\u00e9teren, Jakabon \u00e9s J\u00e1noson, Jakab testv\u00e9r\u00e9n k\u00edv\u00fcl senkinek sem engedte meg, hogy vele menjen.<br \/>\nAmikor oda\u00e9rtek az el\u00f6lj\u00e1r\u00f3 h\u00e1z\u00e1hoz, nagy riadalmat, sok sirat\u00f3t \u00e9s jajgat\u00f3t l\u00e1tott. Bement \u00e9s \u00edgy sz\u00f3lt hozz\u00e1juk: \u201eMit l\u00e1rm\u00e1ztok itt, mi\u00e9rt s\u00edrtok? A gyermek nem halt meg, csak alszik.\u201d Azok kinevett\u00e9k. \u0150 azonban mindenkit kiparancsolt, maga mell\u00e9 vette a gyermek apj\u00e1t, anyj\u00e1t, s k\u00eds\u00e9r\u0151ivel egy\u00fctt bement (a helyis\u00e9gbe), ahol a gyermek volt. Megfogta a kisl\u00e1ny kez\u00e9t, \u00e9s azt mondta neki: \u201eTalita k\u00fam\u201d, ami annyit jelent: \u201eKisl\u00e1ny, mondom neked, kelj f\u00f6l!\u201d A kisl\u00e1ny azonnal f\u00f6lkelt, \u00e9s j\u00e1rni kezdett. Tizenk\u00e9t \u00e9ves volt. Azok pedig magukon k\u00edv\u00fcl voltak a csod\u00e1lkoz\u00e1st\u00f3l. De \u0151 szigor\u00faan meghagyta, hogy ezt a dolgot senki meg ne tudja. Azut\u00e1n sz\u00f3lt nekik, hogy adjanak enni a kisl\u00e1nynak.<br \/>\nEzek az evang\u00e9lium ig\u00e9i.<br \/>\n<span style=\"color: #008000;\"><em>Vagy r\u00f6videbb forma:<\/em>\u00a0Mk 5,21-24.35b-43 A k\u00e9t * k\u00f6z\u00f6tti r\u00e9sz kimarad.<\/span><\/p>\n<p><span style=\"color: #008000;\">EGYETEMES K\u00d6NY\u00d6RG\u00c9SEK<\/span><br \/>\nPap: Testv\u00e9reim! J\u00f3s\u00e1gos Isten\u00fcnk azt akarta, hogy az ember \u00f6r\u00f6kk\u00e9 \u00e9ljen. K\u00e9rj\u00fck gy\u00f3gy\u00edt\u00f3 kegyelm\u00e9t, hogy megmenek\u00fclj\u00fcnk a hal\u00e1los b\u0171nt\u0151l \u00e9s az \u00f6r\u00f6k hal\u00e1lt\u00f3l!<br \/>\nLektor:<br \/>\n1. Add, Urunk, hogy minden embert elt\u00f6lts\u00f6n az \u00f6r\u00f6k \u00e9let v\u00e1gya!<br \/>\nH\u00edvek: K\u00e9r\u00fcnk T\u00e9ged, hallgass meg minket!<br \/>\n2. Add, Urunk, hogy Egyh\u00e1zad az eg\u00e9sz vil\u00e1g sz\u00e1m\u00e1ra hirdesse az \u00e9let ig\u00e9it!<br \/>\nH\u00edvek: K\u00e9r\u00fcnk T\u00e9ged, hallgass meg minket!<br \/>\n3. Add, Urunk, hogy a gazdas\u00e1gi \u00e9let ir\u00e1ny\u00edt\u00f3i \u0151szint\u00e9n keress\u00e9k az emberhez m\u00e9lt\u00f3 \u00e9let \u00fatj\u00e1t!<br \/>\nH\u00edvek: K\u00e9r\u00fcnk T\u00e9ged, hallgass meg minket!<br \/>\n4. Add, Urunk, hogy mindannyian seg\u00edt\u0151k\u00e9sz szeretettel tegy\u00fcnk tan\u00fas\u00e1got hit\u00fcnk igazs\u00e1g\u00e1r\u00f3l!<br \/>\nH\u00edvek: K\u00e9r\u00fcnk T\u00e9ged, hallgass meg minket!<br \/>\n5. Adj, Urunk, seg\u00edt\u0151 kegyelmet a botladoz\u00f3knak, \u00e9s megszentel\u0151 kegyelmet azoknak, akik m\u00e9g a b\u0171n \u00e1llapot\u00e1ban \u00e9lnek!<br \/>\nH\u00edvek: K\u00e9r\u00fcnk T\u00e9ged, hallgass meg minket!<br \/>\nPap: Mindenhat\u00f3 Isten\u00fcnk, Te halhatatlannak teremtetted \u00e9s j\u00f3s\u00e1godban az \u00f6r\u00f6k boldogs\u00e1gra h\u00edvtad az embert. K\u00e9r\u00fcnk, add, hogy a hit\u00fcnkkel megismert igazs\u00e1g \u00e9s a j\u00f3t\u00e9kony szeretet \u00fatj\u00e1n val\u00f3ban eljussunk \u00f6r\u00f6k c\u00e9lunkhoz! Krisztus, a mi Urunk \u00e1ltal.<br \/>\nH\u00edvek: \u00c1men.<\/p>\n<p><span style=\"color: #008000;\">Felaj\u00e1nl\u00f3 k\u00f6ny\u00f6rg\u00e9s:<\/span><br \/>\nIsten\u00fcnk, Te a szents\u00e9gi jelek \u00e1ltal lelk\u00fcnkbe \u00e1rasztod a megv\u00e1lt\u00e1s kegyelm\u00e9t. Add, hogy szolg\u00e1latunk szent titkaidhoz m\u00e9lt\u00f3 legyen. Krisztus, a mi Urunk \u00e1ltal.<\/p>\n<p><span style=\"color: #008000;\">\u00c1ldoz\u00e1si \u00e9nek:<\/span><br \/>\n\u00c1ldjad, lelkem, az Urat, \u00e9s eg\u00e9sz bens\u0151m az \u0151 szent nev\u00e9t! (V\u00f6. Zsolt 102,1)<br \/>\n<em>Vagy<\/em><br \/>\nAty\u00e1m, \u00e9rt\u00fck k\u00f6ny\u00f6rg\u00f6k, hogy \u0151k is egy legyenek mibenn\u00fcnk, \u00e9s \u00edgy elhiggye a vil\u00e1g, hogy te k\u00fcldt\u00e9l engem \u2013 mondja az \u00dar. (Jn 17,20-21)<\/p>\n<p><span style=\"color: #008000;\">\u00c1ldoz\u00e1s ut\u00e1ni k\u00f6ny\u00f6rg\u00e9s:<\/span><br \/>\nK\u00e9r\u00fcnk, Urunk, Isten\u00fcnk, \u00e9ltessen minket ez a szent \u00e1ldozat, amelyet felaj\u00e1nlottunk, \u00e9s amelyben r\u00e9szes\u00fclt\u00fcnk, hogy \u00f6r\u00f6k szeretettel hozz\u00e1d kapcsol\u00f3dva \u00f6r\u00f6k \u00e9letre sz\u00f3l\u00f3 gy\u00fcm\u00f6lcs\u00f6t hozzunk. Krisztus, a mi Urunk \u00e1ltal.<\/p>\n<p><em>(K\u00e9p forr\u00e1sa: Instagram &#8211; Gyulafeh\u00e9rv\u00e1r)<\/em><\/p>\n","protected":false},"excerpt":{"rendered":"<p>\u00c9let\u00fcnk kem\u00e9ny k\u00fczdelmek sorozata. A hal\u00e1l pedig elszakad\u00e1s a f\u00f6ldt\u0151l \u00e9s \u00e1tmenet a m\u00e1svil\u00e1gra. Az \u00e9let \u00e9s a h\u00e1l\u00e1l \u00e9rtelm\u00e9r\u0151l a legszebben a Biblia sz\u00f3l: &#8222;Senki k\u00f6z\u00fcl\u00fcnk nem \u00e9l \u00f6nmag\u00e1nak, \u00e9s senki sem hal meg \u00f6nmag\u00e1nak. M\u00edg \u00e9l\u00fcnk, Istennek \u00e9l\u00fcnk, s ha meghalunk, az \u00dar\u00e9i vagyunk&#8221; (R\u00f3m 14, 7-8).\u00a0 A halhatatlans\u00e1g Isten aj\u00e1nd\u00e9ka minden ember sz\u00e1m\u00e1ra. M\u00e1sr\u00e9szt, saj\u00e1t \u00f6r\u00f6kk\u00e9val\u00f3s\u00e1g\u00e1nak k\u00e9pm\u00e1s\u00e1v\u00e1 is tett. Mekkora aj\u00e1nd\u00e9k ez sz\u00e1munkra, hogy az isteni \u00e9let \u00f6r\u00f6k von\u00e1sait hordozzuk \u00e9let\u00fcnkben. Szent P\u00e1l apostol megdics\u00e9ri a Korintusban \u00e9l\u0151 h\u00edveket, akik kit\u0171nnek az alapvet\u0151 emberi er\u00e9nyekben. Ezeken t\u00falmen\u0151en a j\u00f3t\u00e9konykod\u00e1sban is biztatja \u0151ket. Mindezt a kereszt\u00e9ny szolidarit\u00e1s szellem\u00e9ben kell tenni\u00fck. Az evang\u00e9lium a k\u00e9t csod\u00e1n kereszt\u00fcl &#8211; Jairus l\u00e1ny\u00e1nak felt\u00e1maszt\u00e1sa \u00e9s a tizenk\u00e9t \u00e9ve v\u00e9rfoly\u00e1sban szenved\u0151nek meggy\u00f3gy\u00edt\u00e1sa &#8211; a hit fontoss\u00e1g\u00e1t emeli ki. Milyen az \u00e9n hitem? Mennyire m\u00e9ly \u00e9s szem\u00e9lyes? Kezd\u0151\u00e9nek: Tapsoljatok, nemzetek, mindny\u00e1jan, \u00f6rvendjetek Istennek ujjong\u00f3 sz\u00f3val! (Zsolt 46,2) K\u00f6ny\u00f6rg\u00e9s: Isten\u00fcnk, aki kegyelmeddel gyermekeidd\u00e9 fogadt\u00e1l \u00e9s a vil\u00e1goss\u00e1g fiaiv\u00e1 tett\u00e9l minket, k\u00e9r\u00fcnk, tartsd t\u00e1vol t\u0151l\u00fcnk a t\u00e9ved\u00e9s hom\u00e1ly\u00e1t, \u00e9s seg\u00edts, hogy igazs\u00e1god ragyog\u00f3 f\u00e9nye mindig t\u00fcnd\u00f6k\u00f6lj\u00f6n lelk\u00fcnkben. A mi Urunk, J\u00e9zus Krisztus, a te Fiad \u00e1ltal, aki veled \u00e9l \u00e9s uralkodik a Szentl\u00e9lekkel egys\u00e9gben, Isten mind\u00f6r\u00f6kk\u00f6n \u00f6r\u00f6kk\u00e9. OLVASM\u00c1NY a B\u00f6lcsess\u00e9g k\u00f6nyv\u00e9b\u0151l (B\u00f6lcs 1,13-15;2,23-24) A hal\u00e1lt nem Isten alkotta, \u0151 nem leli \u00f6r\u00f6m\u00e9t az \u00e9l\u0151k pusztul\u00e1s\u00e1ban. Hisz mindent az\u00e9rt teremtett, hogy legyen, \u00e9s a vil\u00e1gon minden teremtm\u00e9ny az \u00e9letet szolg\u00e1lja. Nincs benn\u00fck puszt\u00edt\u00f3 m\u00e9reg, \u00e9s a f\u00f6ld\u00f6n nem az alvil\u00e1g uralkodik. Az igazs\u00e1g ugyanis halhatatlan. Isten halhatatlans\u00e1gra teremtette az embert, a saj\u00e1t \u00f6r\u00f6kk\u00e9val\u00f3s\u00e1g\u00e1nak k\u00e9pm\u00e1s\u00e1v\u00e1 tette. A s\u00e1t\u00e1n irigys\u00e9ge r\u00e9v\u00e9n azonban a vil\u00e1gba j\u00f6tt a hal\u00e1l, \u00e9s akik vele tartanak, azok megtapasztalj\u00e1k. Ez az Isten ig\u00e9je. V\u00c1LASZOS ZSOLT\u00c1R (Zsolt 29,2.4.5-6,11.12a.13b) V\u00e1lasz:\u00a0Dics\u0151\u00edtelek, Uram, * mivel megmentett\u00e9l engem.\u00a0(6. t\u00f3nus.) El\u0151\u00e9nekes: Dics\u0151\u00edtelek, Uram, mivel megmentett\u00e9l\u00a0engem, * nem engedted, hogy ellens\u00e9geim ujjongjanak rajtam. Uram, lelkemet kihoztad a hal\u00e1l orsz\u00e1g\u00e1b\u00f3l, * \u00e9letben tartott\u00e1l,&#8230; <\/p>\n<p><a class=\"readmore\" href=\"https:\/\/stuttgarti-katolikusok.de\/index.php\/evkozi-13-vasarnap-3\/\">R\u00e9szletek<\/a><\/p>\n","protected":false},"author":3,"featured_media":29157,"comment_status":"closed","ping_status":"closed","sticky":false,"template":"","format":"standard","meta":{"footnotes":""},"categories":[85,63],"tags":[],"class_list":["post-29156","post","type-post","status-publish","format-standard","has-post-thumbnail","hentry","category-a-liturgia-olvasmanyai","category-vasarnapi-gondolatok"],"yoast_head":"<!-- This site is optimized with the Yoast SEO plugin v27.3 - https:\/\/yoast.com\/product\/yoast-seo-wordpress\/ -->\n<title>\u00c9vk\u00f6zi 13. vas\u00e1rnap - Stuttgarti Katolikusok<\/title>\n<meta name=\"robots\" content=\"index, follow, max-snippet:-1, max-image-preview:large, max-video-preview:-1\" \/>\n<link rel=\"canonical\" href=\"https:\/\/stuttgarti-katolikusok.de\/index.php\/evkozi-13-vasarnap-3\/\" \/>\n<meta property=\"og:locale\" content=\"hu_HU\" \/>\n<meta property=\"og:type\" content=\"article\" \/>\n<meta property=\"og:title\" content=\"\u00c9vk\u00f6zi 13. vas\u00e1rnap - Stuttgarti Katolikusok\" \/>\n<meta property=\"og:description\" content=\"\u00c9let\u00fcnk kem\u00e9ny k\u00fczdelmek sorozata. A hal\u00e1l pedig elszakad\u00e1s a f\u00f6ldt\u0151l \u00e9s \u00e1tmenet a m\u00e1svil\u00e1gra. Az \u00e9let \u00e9s a h\u00e1l\u00e1l \u00e9rtelm\u00e9r\u0151l a legszebben a Biblia sz\u00f3l: &#8222;Senki k\u00f6z\u00fcl\u00fcnk nem \u00e9l \u00f6nmag\u00e1nak, \u00e9s senki sem hal meg \u00f6nmag\u00e1nak. M\u00edg \u00e9l\u00fcnk, Istennek \u00e9l\u00fcnk, s ha meghalunk, az \u00dar\u00e9i vagyunk&#8221; (R\u00f3m 14, 7-8).\u00a0 A halhatatlans\u00e1g Isten aj\u00e1nd\u00e9ka minden ember sz\u00e1m\u00e1ra. M\u00e1sr\u00e9szt, saj\u00e1t \u00f6r\u00f6kk\u00e9val\u00f3s\u00e1g\u00e1nak k\u00e9pm\u00e1s\u00e1v\u00e1 is tett. Mekkora aj\u00e1nd\u00e9k ez sz\u00e1munkra, hogy az isteni \u00e9let \u00f6r\u00f6k von\u00e1sait hordozzuk \u00e9let\u00fcnkben. Szent P\u00e1l apostol megdics\u00e9ri a Korintusban \u00e9l\u0151 h\u00edveket, akik kit\u0171nnek az alapvet\u0151 emberi er\u00e9nyekben. Ezeken t\u00falmen\u0151en a j\u00f3t\u00e9konykod\u00e1sban is biztatja \u0151ket. Mindezt a kereszt\u00e9ny szolidarit\u00e1s szellem\u00e9ben kell tenni\u00fck. Az evang\u00e9lium a k\u00e9t csod\u00e1n kereszt\u00fcl &#8211; Jairus l\u00e1ny\u00e1nak felt\u00e1maszt\u00e1sa \u00e9s a tizenk\u00e9t \u00e9ve v\u00e9rfoly\u00e1sban szenved\u0151nek meggy\u00f3gy\u00edt\u00e1sa &#8211; a hit fontoss\u00e1g\u00e1t emeli ki. Milyen az \u00e9n hitem? Mennyire m\u00e9ly \u00e9s szem\u00e9lyes? Kezd\u0151\u00e9nek: Tapsoljatok, nemzetek, mindny\u00e1jan, \u00f6rvendjetek Istennek ujjong\u00f3 sz\u00f3val! (Zsolt 46,2) K\u00f6ny\u00f6rg\u00e9s: Isten\u00fcnk, aki kegyelmeddel gyermekeidd\u00e9 fogadt\u00e1l \u00e9s a vil\u00e1goss\u00e1g fiaiv\u00e1 tett\u00e9l minket, k\u00e9r\u00fcnk, tartsd t\u00e1vol t\u0151l\u00fcnk a t\u00e9ved\u00e9s hom\u00e1ly\u00e1t, \u00e9s seg\u00edts, hogy igazs\u00e1god ragyog\u00f3 f\u00e9nye mindig t\u00fcnd\u00f6k\u00f6lj\u00f6n lelk\u00fcnkben. A mi Urunk, J\u00e9zus Krisztus, a te Fiad \u00e1ltal, aki veled \u00e9l \u00e9s uralkodik a Szentl\u00e9lekkel egys\u00e9gben, Isten mind\u00f6r\u00f6kk\u00f6n \u00f6r\u00f6kk\u00e9. OLVASM\u00c1NY a B\u00f6lcsess\u00e9g k\u00f6nyv\u00e9b\u0151l (B\u00f6lcs 1,13-15;2,23-24) A hal\u00e1lt nem Isten alkotta, \u0151 nem leli \u00f6r\u00f6m\u00e9t az \u00e9l\u0151k pusztul\u00e1s\u00e1ban. Hisz mindent az\u00e9rt teremtett, hogy legyen, \u00e9s a vil\u00e1gon minden teremtm\u00e9ny az \u00e9letet szolg\u00e1lja. Nincs benn\u00fck puszt\u00edt\u00f3 m\u00e9reg, \u00e9s a f\u00f6ld\u00f6n nem az alvil\u00e1g uralkodik. Az igazs\u00e1g ugyanis halhatatlan. Isten halhatatlans\u00e1gra teremtette az embert, a saj\u00e1t \u00f6r\u00f6kk\u00e9val\u00f3s\u00e1g\u00e1nak k\u00e9pm\u00e1s\u00e1v\u00e1 tette. A s\u00e1t\u00e1n irigys\u00e9ge r\u00e9v\u00e9n azonban a vil\u00e1gba j\u00f6tt a hal\u00e1l, \u00e9s akik vele tartanak, azok megtapasztalj\u00e1k. Ez az Isten ig\u00e9je. V\u00c1LASZOS ZSOLT\u00c1R (Zsolt 29,2.4.5-6,11.12a.13b) V\u00e1lasz:\u00a0Dics\u0151\u00edtelek, Uram, * mivel megmentett\u00e9l engem.\u00a0(6. t\u00f3nus.) El\u0151\u00e9nekes: Dics\u0151\u00edtelek, Uram, mivel megmentett\u00e9l\u00a0engem, * nem engedted, hogy ellens\u00e9geim ujjongjanak rajtam. Uram, lelkemet kihoztad a hal\u00e1l orsz\u00e1g\u00e1b\u00f3l, * \u00e9letben tartott\u00e1l,... R\u00e9szletek\" \/>\n<meta property=\"og:url\" content=\"https:\/\/stuttgarti-katolikusok.de\/index.php\/evkozi-13-vasarnap-3\/\" \/>\n<meta property=\"og:site_name\" content=\"Stuttgarti Katolikusok\" \/>\n<meta property=\"article:published_time\" content=\"2024-06-30T04:47:23+00:00\" \/>\n<meta property=\"article:modified_time\" content=\"2024-07-07T11:09:46+00:00\" \/>\n<meta property=\"og:image\" content=\"https:\/\/stuttgarti-katolikusok.de\/wp-content\/uploads\/2024\/06\/gyulafehervar.jpg\" \/>\n\t<meta property=\"og:image:width\" content=\"2028\" \/>\n\t<meta property=\"og:image:height\" content=\"1614\" \/>\n\t<meta property=\"og:image:type\" content=\"image\/jpeg\" \/>\n<meta name=\"author\" content=\"Tibor atya\" \/>\n<meta name=\"twitter:card\" content=\"summary_large_image\" \/>\n<meta name=\"twitter:label1\" content=\"Szerz\u0151:\" \/>\n\t<meta name=\"twitter:data1\" content=\"Tibor atya\" \/>\n\t<meta name=\"twitter:label2\" content=\"Becs\u00fclt olvas\u00e1si id\u0151\" \/>\n\t<meta name=\"twitter:data2\" content=\"7 perc\" \/>\n<script type=\"application\/ld+json\" class=\"yoast-schema-graph\">{\"@context\":\"https:\\\/\\\/schema.org\",\"@graph\":[{\"@type\":\"Article\",\"@id\":\"https:\\\/\\\/stuttgarti-katolikusok.de\\\/index.php\\\/evkozi-13-vasarnap-3\\\/#article\",\"isPartOf\":{\"@id\":\"https:\\\/\\\/stuttgarti-katolikusok.de\\\/index.php\\\/evkozi-13-vasarnap-3\\\/\"},\"author\":{\"name\":\"Tibor atya\",\"@id\":\"https:\\\/\\\/stuttgarti-katolikusok.de\\\/#\\\/schema\\\/person\\\/75908d6f8fdc03a57889d27209df7795\"},\"headline\":\"\u00c9vk\u00f6zi 13. vas\u00e1rnap\",\"datePublished\":\"2024-06-30T04:47:23+00:00\",\"dateModified\":\"2024-07-07T11:09:46+00:00\",\"mainEntityOfPage\":{\"@id\":\"https:\\\/\\\/stuttgarti-katolikusok.de\\\/index.php\\\/evkozi-13-vasarnap-3\\\/\"},\"wordCount\":1732,\"image\":{\"@id\":\"https:\\\/\\\/stuttgarti-katolikusok.de\\\/index.php\\\/evkozi-13-vasarnap-3\\\/#primaryimage\"},\"thumbnailUrl\":\"https:\\\/\\\/stuttgarti-katolikusok.de\\\/wp-content\\\/uploads\\\/2024\\\/06\\\/gyulafehervar.jpg\",\"articleSection\":[\"A liturgia olvasm\u00e1nyai\",\"Vas\u00e1rnapi gondolatok\"],\"inLanguage\":\"hu\"},{\"@type\":\"WebPage\",\"@id\":\"https:\\\/\\\/stuttgarti-katolikusok.de\\\/index.php\\\/evkozi-13-vasarnap-3\\\/\",\"url\":\"https:\\\/\\\/stuttgarti-katolikusok.de\\\/index.php\\\/evkozi-13-vasarnap-3\\\/\",\"name\":\"\u00c9vk\u00f6zi 13. vas\u00e1rnap - Stuttgarti Katolikusok\",\"isPartOf\":{\"@id\":\"https:\\\/\\\/stuttgarti-katolikusok.de\\\/#website\"},\"primaryImageOfPage\":{\"@id\":\"https:\\\/\\\/stuttgarti-katolikusok.de\\\/index.php\\\/evkozi-13-vasarnap-3\\\/#primaryimage\"},\"image\":{\"@id\":\"https:\\\/\\\/stuttgarti-katolikusok.de\\\/index.php\\\/evkozi-13-vasarnap-3\\\/#primaryimage\"},\"thumbnailUrl\":\"https:\\\/\\\/stuttgarti-katolikusok.de\\\/wp-content\\\/uploads\\\/2024\\\/06\\\/gyulafehervar.jpg\",\"datePublished\":\"2024-06-30T04:47:23+00:00\",\"dateModified\":\"2024-07-07T11:09:46+00:00\",\"author\":{\"@id\":\"https:\\\/\\\/stuttgarti-katolikusok.de\\\/#\\\/schema\\\/person\\\/75908d6f8fdc03a57889d27209df7795\"},\"breadcrumb\":{\"@id\":\"https:\\\/\\\/stuttgarti-katolikusok.de\\\/index.php\\\/evkozi-13-vasarnap-3\\\/#breadcrumb\"},\"inLanguage\":\"hu\",\"potentialAction\":[{\"@type\":\"ReadAction\",\"target\":[\"https:\\\/\\\/stuttgarti-katolikusok.de\\\/index.php\\\/evkozi-13-vasarnap-3\\\/\"]}]},{\"@type\":\"ImageObject\",\"inLanguage\":\"hu\",\"@id\":\"https:\\\/\\\/stuttgarti-katolikusok.de\\\/index.php\\\/evkozi-13-vasarnap-3\\\/#primaryimage\",\"url\":\"https:\\\/\\\/stuttgarti-katolikusok.de\\\/wp-content\\\/uploads\\\/2024\\\/06\\\/gyulafehervar.jpg\",\"contentUrl\":\"https:\\\/\\\/stuttgarti-katolikusok.de\\\/wp-content\\\/uploads\\\/2024\\\/06\\\/gyulafehervar.jpg\",\"width\":2028,\"height\":1614},{\"@type\":\"BreadcrumbList\",\"@id\":\"https:\\\/\\\/stuttgarti-katolikusok.de\\\/index.php\\\/evkozi-13-vasarnap-3\\\/#breadcrumb\",\"itemListElement\":[{\"@type\":\"ListItem\",\"position\":1,\"name\":\"Kezd\u0151lap\",\"item\":\"https:\\\/\\\/stuttgarti-katolikusok.de\\\/\"},{\"@type\":\"ListItem\",\"position\":2,\"name\":\"\u00c9vk\u00f6zi 13. vas\u00e1rnap\"}]},{\"@type\":\"WebSite\",\"@id\":\"https:\\\/\\\/stuttgarti-katolikusok.de\\\/#website\",\"url\":\"https:\\\/\\\/stuttgarti-katolikusok.de\\\/\",\"name\":\"Stuttgarti Katolikusok\",\"description\":\"\",\"potentialAction\":[{\"@type\":\"SearchAction\",\"target\":{\"@type\":\"EntryPoint\",\"urlTemplate\":\"https:\\\/\\\/stuttgarti-katolikusok.de\\\/?s={search_term_string}\"},\"query-input\":{\"@type\":\"PropertyValueSpecification\",\"valueRequired\":true,\"valueName\":\"search_term_string\"}}],\"inLanguage\":\"hu\"},{\"@type\":\"Person\",\"@id\":\"https:\\\/\\\/stuttgarti-katolikusok.de\\\/#\\\/schema\\\/person\\\/75908d6f8fdc03a57889d27209df7795\",\"name\":\"Tibor atya\",\"image\":{\"@type\":\"ImageObject\",\"inLanguage\":\"hu\",\"@id\":\"https:\\\/\\\/secure.gravatar.com\\\/avatar\\\/61d268e57d1f4525b111222e29d2d5a7f8c420fdbf231ba5566a8ceac74fa960?s=96&d=mm&r=g\",\"url\":\"https:\\\/\\\/secure.gravatar.com\\\/avatar\\\/61d268e57d1f4525b111222e29d2d5a7f8c420fdbf231ba5566a8ceac74fa960?s=96&d=mm&r=g\",\"contentUrl\":\"https:\\\/\\\/secure.gravatar.com\\\/avatar\\\/61d268e57d1f4525b111222e29d2d5a7f8c420fdbf231ba5566a8ceac74fa960?s=96&d=mm&r=g\",\"caption\":\"Tibor atya\"},\"url\":\"https:\\\/\\\/stuttgarti-katolikusok.de\\\/index.php\\\/author\\\/tibor-atya\\\/\"}]}<\/script>\n<!-- \/ Yoast SEO plugin. -->","yoast_head_json":{"title":"\u00c9vk\u00f6zi 13. vas\u00e1rnap - Stuttgarti Katolikusok","robots":{"index":"index","follow":"follow","max-snippet":"max-snippet:-1","max-image-preview":"max-image-preview:large","max-video-preview":"max-video-preview:-1"},"canonical":"https:\/\/stuttgarti-katolikusok.de\/index.php\/evkozi-13-vasarnap-3\/","og_locale":"hu_HU","og_type":"article","og_title":"\u00c9vk\u00f6zi 13. vas\u00e1rnap - Stuttgarti Katolikusok","og_description":"\u00c9let\u00fcnk kem\u00e9ny k\u00fczdelmek sorozata. A hal\u00e1l pedig elszakad\u00e1s a f\u00f6ldt\u0151l \u00e9s \u00e1tmenet a m\u00e1svil\u00e1gra. Az \u00e9let \u00e9s a h\u00e1l\u00e1l \u00e9rtelm\u00e9r\u0151l a legszebben a Biblia sz\u00f3l: &#8222;Senki k\u00f6z\u00fcl\u00fcnk nem \u00e9l \u00f6nmag\u00e1nak, \u00e9s senki sem hal meg \u00f6nmag\u00e1nak. M\u00edg \u00e9l\u00fcnk, Istennek \u00e9l\u00fcnk, s ha meghalunk, az \u00dar\u00e9i vagyunk&#8221; (R\u00f3m 14, 7-8).\u00a0 A halhatatlans\u00e1g Isten aj\u00e1nd\u00e9ka minden ember sz\u00e1m\u00e1ra. M\u00e1sr\u00e9szt, saj\u00e1t \u00f6r\u00f6kk\u00e9val\u00f3s\u00e1g\u00e1nak k\u00e9pm\u00e1s\u00e1v\u00e1 is tett. Mekkora aj\u00e1nd\u00e9k ez sz\u00e1munkra, hogy az isteni \u00e9let \u00f6r\u00f6k von\u00e1sait hordozzuk \u00e9let\u00fcnkben. Szent P\u00e1l apostol megdics\u00e9ri a Korintusban \u00e9l\u0151 h\u00edveket, akik kit\u0171nnek az alapvet\u0151 emberi er\u00e9nyekben. Ezeken t\u00falmen\u0151en a j\u00f3t\u00e9konykod\u00e1sban is biztatja \u0151ket. Mindezt a kereszt\u00e9ny szolidarit\u00e1s szellem\u00e9ben kell tenni\u00fck. Az evang\u00e9lium a k\u00e9t csod\u00e1n kereszt\u00fcl &#8211; Jairus l\u00e1ny\u00e1nak felt\u00e1maszt\u00e1sa \u00e9s a tizenk\u00e9t \u00e9ve v\u00e9rfoly\u00e1sban szenved\u0151nek meggy\u00f3gy\u00edt\u00e1sa &#8211; a hit fontoss\u00e1g\u00e1t emeli ki. Milyen az \u00e9n hitem? Mennyire m\u00e9ly \u00e9s szem\u00e9lyes? Kezd\u0151\u00e9nek: Tapsoljatok, nemzetek, mindny\u00e1jan, \u00f6rvendjetek Istennek ujjong\u00f3 sz\u00f3val! (Zsolt 46,2) K\u00f6ny\u00f6rg\u00e9s: Isten\u00fcnk, aki kegyelmeddel gyermekeidd\u00e9 fogadt\u00e1l \u00e9s a vil\u00e1goss\u00e1g fiaiv\u00e1 tett\u00e9l minket, k\u00e9r\u00fcnk, tartsd t\u00e1vol t\u0151l\u00fcnk a t\u00e9ved\u00e9s hom\u00e1ly\u00e1t, \u00e9s seg\u00edts, hogy igazs\u00e1god ragyog\u00f3 f\u00e9nye mindig t\u00fcnd\u00f6k\u00f6lj\u00f6n lelk\u00fcnkben. A mi Urunk, J\u00e9zus Krisztus, a te Fiad \u00e1ltal, aki veled \u00e9l \u00e9s uralkodik a Szentl\u00e9lekkel egys\u00e9gben, Isten mind\u00f6r\u00f6kk\u00f6n \u00f6r\u00f6kk\u00e9. OLVASM\u00c1NY a B\u00f6lcsess\u00e9g k\u00f6nyv\u00e9b\u0151l (B\u00f6lcs 1,13-15;2,23-24) A hal\u00e1lt nem Isten alkotta, \u0151 nem leli \u00f6r\u00f6m\u00e9t az \u00e9l\u0151k pusztul\u00e1s\u00e1ban. Hisz mindent az\u00e9rt teremtett, hogy legyen, \u00e9s a vil\u00e1gon minden teremtm\u00e9ny az \u00e9letet szolg\u00e1lja. Nincs benn\u00fck puszt\u00edt\u00f3 m\u00e9reg, \u00e9s a f\u00f6ld\u00f6n nem az alvil\u00e1g uralkodik. Az igazs\u00e1g ugyanis halhatatlan. Isten halhatatlans\u00e1gra teremtette az embert, a saj\u00e1t \u00f6r\u00f6kk\u00e9val\u00f3s\u00e1g\u00e1nak k\u00e9pm\u00e1s\u00e1v\u00e1 tette. A s\u00e1t\u00e1n irigys\u00e9ge r\u00e9v\u00e9n azonban a vil\u00e1gba j\u00f6tt a hal\u00e1l, \u00e9s akik vele tartanak, azok megtapasztalj\u00e1k. Ez az Isten ig\u00e9je. V\u00c1LASZOS ZSOLT\u00c1R (Zsolt 29,2.4.5-6,11.12a.13b) V\u00e1lasz:\u00a0Dics\u0151\u00edtelek, Uram, * mivel megmentett\u00e9l engem.\u00a0(6. t\u00f3nus.) El\u0151\u00e9nekes: Dics\u0151\u00edtelek, Uram, mivel megmentett\u00e9l\u00a0engem, * nem engedted, hogy ellens\u00e9geim ujjongjanak rajtam. Uram, lelkemet kihoztad a hal\u00e1l orsz\u00e1g\u00e1b\u00f3l, * \u00e9letben tartott\u00e1l,... R\u00e9szletek","og_url":"https:\/\/stuttgarti-katolikusok.de\/index.php\/evkozi-13-vasarnap-3\/","og_site_name":"Stuttgarti Katolikusok","article_published_time":"2024-06-30T04:47:23+00:00","article_modified_time":"2024-07-07T11:09:46+00:00","og_image":[{"width":2028,"height":1614,"url":"https:\/\/stuttgarti-katolikusok.de\/wp-content\/uploads\/2024\/06\/gyulafehervar.jpg","type":"image\/jpeg"}],"author":"Tibor atya","twitter_card":"summary_large_image","twitter_misc":{"Szerz\u0151:":"Tibor atya","Becs\u00fclt olvas\u00e1si id\u0151":"7 perc"},"schema":{"@context":"https:\/\/schema.org","@graph":[{"@type":"Article","@id":"https:\/\/stuttgarti-katolikusok.de\/index.php\/evkozi-13-vasarnap-3\/#article","isPartOf":{"@id":"https:\/\/stuttgarti-katolikusok.de\/index.php\/evkozi-13-vasarnap-3\/"},"author":{"name":"Tibor atya","@id":"https:\/\/stuttgarti-katolikusok.de\/#\/schema\/person\/75908d6f8fdc03a57889d27209df7795"},"headline":"\u00c9vk\u00f6zi 13. vas\u00e1rnap","datePublished":"2024-06-30T04:47:23+00:00","dateModified":"2024-07-07T11:09:46+00:00","mainEntityOfPage":{"@id":"https:\/\/stuttgarti-katolikusok.de\/index.php\/evkozi-13-vasarnap-3\/"},"wordCount":1732,"image":{"@id":"https:\/\/stuttgarti-katolikusok.de\/index.php\/evkozi-13-vasarnap-3\/#primaryimage"},"thumbnailUrl":"https:\/\/stuttgarti-katolikusok.de\/wp-content\/uploads\/2024\/06\/gyulafehervar.jpg","articleSection":["A liturgia olvasm\u00e1nyai","Vas\u00e1rnapi gondolatok"],"inLanguage":"hu"},{"@type":"WebPage","@id":"https:\/\/stuttgarti-katolikusok.de\/index.php\/evkozi-13-vasarnap-3\/","url":"https:\/\/stuttgarti-katolikusok.de\/index.php\/evkozi-13-vasarnap-3\/","name":"\u00c9vk\u00f6zi 13. vas\u00e1rnap - Stuttgarti Katolikusok","isPartOf":{"@id":"https:\/\/stuttgarti-katolikusok.de\/#website"},"primaryImageOfPage":{"@id":"https:\/\/stuttgarti-katolikusok.de\/index.php\/evkozi-13-vasarnap-3\/#primaryimage"},"image":{"@id":"https:\/\/stuttgarti-katolikusok.de\/index.php\/evkozi-13-vasarnap-3\/#primaryimage"},"thumbnailUrl":"https:\/\/stuttgarti-katolikusok.de\/wp-content\/uploads\/2024\/06\/gyulafehervar.jpg","datePublished":"2024-06-30T04:47:23+00:00","dateModified":"2024-07-07T11:09:46+00:00","author":{"@id":"https:\/\/stuttgarti-katolikusok.de\/#\/schema\/person\/75908d6f8fdc03a57889d27209df7795"},"breadcrumb":{"@id":"https:\/\/stuttgarti-katolikusok.de\/index.php\/evkozi-13-vasarnap-3\/#breadcrumb"},"inLanguage":"hu","potentialAction":[{"@type":"ReadAction","target":["https:\/\/stuttgarti-katolikusok.de\/index.php\/evkozi-13-vasarnap-3\/"]}]},{"@type":"ImageObject","inLanguage":"hu","@id":"https:\/\/stuttgarti-katolikusok.de\/index.php\/evkozi-13-vasarnap-3\/#primaryimage","url":"https:\/\/stuttgarti-katolikusok.de\/wp-content\/uploads\/2024\/06\/gyulafehervar.jpg","contentUrl":"https:\/\/stuttgarti-katolikusok.de\/wp-content\/uploads\/2024\/06\/gyulafehervar.jpg","width":2028,"height":1614},{"@type":"BreadcrumbList","@id":"https:\/\/stuttgarti-katolikusok.de\/index.php\/evkozi-13-vasarnap-3\/#breadcrumb","itemListElement":[{"@type":"ListItem","position":1,"name":"Kezd\u0151lap","item":"https:\/\/stuttgarti-katolikusok.de\/"},{"@type":"ListItem","position":2,"name":"\u00c9vk\u00f6zi 13. vas\u00e1rnap"}]},{"@type":"WebSite","@id":"https:\/\/stuttgarti-katolikusok.de\/#website","url":"https:\/\/stuttgarti-katolikusok.de\/","name":"Stuttgarti Katolikusok","description":"","potentialAction":[{"@type":"SearchAction","target":{"@type":"EntryPoint","urlTemplate":"https:\/\/stuttgarti-katolikusok.de\/?s={search_term_string}"},"query-input":{"@type":"PropertyValueSpecification","valueRequired":true,"valueName":"search_term_string"}}],"inLanguage":"hu"},{"@type":"Person","@id":"https:\/\/stuttgarti-katolikusok.de\/#\/schema\/person\/75908d6f8fdc03a57889d27209df7795","name":"Tibor atya","image":{"@type":"ImageObject","inLanguage":"hu","@id":"https:\/\/secure.gravatar.com\/avatar\/61d268e57d1f4525b111222e29d2d5a7f8c420fdbf231ba5566a8ceac74fa960?s=96&d=mm&r=g","url":"https:\/\/secure.gravatar.com\/avatar\/61d268e57d1f4525b111222e29d2d5a7f8c420fdbf231ba5566a8ceac74fa960?s=96&d=mm&r=g","contentUrl":"https:\/\/secure.gravatar.com\/avatar\/61d268e57d1f4525b111222e29d2d5a7f8c420fdbf231ba5566a8ceac74fa960?s=96&d=mm&r=g","caption":"Tibor atya"},"url":"https:\/\/stuttgarti-katolikusok.de\/index.php\/author\/tibor-atya\/"}]}},"_links":{"self":[{"href":"https:\/\/stuttgarti-katolikusok.de\/index.php\/wp-json\/wp\/v2\/posts\/29156","targetHints":{"allow":["GET"]}}],"collection":[{"href":"https:\/\/stuttgarti-katolikusok.de\/index.php\/wp-json\/wp\/v2\/posts"}],"about":[{"href":"https:\/\/stuttgarti-katolikusok.de\/index.php\/wp-json\/wp\/v2\/types\/post"}],"author":[{"embeddable":true,"href":"https:\/\/stuttgarti-katolikusok.de\/index.php\/wp-json\/wp\/v2\/users\/3"}],"replies":[{"embeddable":true,"href":"https:\/\/stuttgarti-katolikusok.de\/index.php\/wp-json\/wp\/v2\/comments?post=29156"}],"version-history":[{"count":2,"href":"https:\/\/stuttgarti-katolikusok.de\/index.php\/wp-json\/wp\/v2\/posts\/29156\/revisions"}],"predecessor-version":[{"id":29159,"href":"https:\/\/stuttgarti-katolikusok.de\/index.php\/wp-json\/wp\/v2\/posts\/29156\/revisions\/29159"}],"wp:featuredmedia":[{"embeddable":true,"href":"https:\/\/stuttgarti-katolikusok.de\/index.php\/wp-json\/wp\/v2\/media\/29157"}],"wp:attachment":[{"href":"https:\/\/stuttgarti-katolikusok.de\/index.php\/wp-json\/wp\/v2\/media?parent=29156"}],"wp:term":[{"taxonomy":"category","embeddable":true,"href":"https:\/\/stuttgarti-katolikusok.de\/index.php\/wp-json\/wp\/v2\/categories?post=29156"},{"taxonomy":"post_tag","embeddable":true,"href":"https:\/\/stuttgarti-katolikusok.de\/index.php\/wp-json\/wp\/v2\/tags?post=29156"}],"curies":[{"name":"wp","href":"https:\/\/api.w.org\/{rel}","templated":true}]}}