{"id":29127,"date":"2024-06-22T12:00:14","date_gmt":"2024-06-22T10:00:14","guid":{"rendered":"https:\/\/stuttgarti-katolikusok.de\/?p=29127"},"modified":"2024-06-22T13:09:05","modified_gmt":"2024-06-22T11:09:05","slug":"evkozi-12-vasarnap-2","status":"publish","type":"post","link":"https:\/\/stuttgarti-katolikusok.de\/index.php\/evkozi-12-vasarnap-2\/","title":{"rendered":"\u00c9vk\u00f6zi 12. vas\u00e1rnap"},"content":{"rendered":"<p><span style=\"color: #008080;\"><em>A f\u00e9lelem, mint emberi \u00e9rz\u00e9s, \u00e1lland\u00f3 r\u00e9sze \u00e9let\u00fcnknek. Amennyiben ok\u00e1t keress\u00fck, akkor mindenk\u00e9ppen a kiszolg\u00e1ltatotts\u00e1g \u00e9s v\u00e9dtelens\u00e9g \u00e9rz\u00e9se \u00e1ll a h\u00e1tt\u00e9rben. Els\u0151k\u00e9nt arra kell keresnem a v\u00e1laszt, hogy mit\u0151l f\u00e9lek. F\u00e9lek a jelent\u0151l, a j\u00f6v\u0151t\u0151l. Ugyanakkor az emberekt\u0151l, esem\u00e9nyekt\u0151l \u00e9s t\u00f6rt\u00e9n\u00e9sekt\u0151l, akikkel \u00e9s amelyekkel szemben v\u00e9dtelennek \u00e9rzem magam. Nem utols\u00f3 sorban f\u00e9lek m\u00faltam rendezetlen \u00e9s feloldatlan terheit\u0151l, melyeket szinte elviselhetetlen teherk\u00e9nt cipelek magammal. Ki az, aki a f\u00e9lelem \u00e9rz\u00e9s\u00e9t\u0151l megszabad\u00edthat? A mai, \u00e9vk\u00f6zi 12. vas\u00e1rnap olvasm\u00e1nyainak k\u00f6zvet\u00edtett \u00fczenetei szeretn\u00e9nek ebben seg\u00edts\u00e9g\u00fcnkre lenni.<\/em><\/span><\/p>\n<p><span style=\"color: #008080;\"><em>J\u00f3b voltak\u00e9pen benn\u00fcnket testes\u00edt meg, az el\u00e9gedetlenked\u0151 \u00e9s panaszkod\u00f3 embert. Ezzel egyben jelzi is, hogy ezek az emberi \u00e9rz\u00e9sek a mi \u00e9let\u00fcnknek is a r\u00e9szei. Nem kell f\u00e9l\u00fcnk t\u0151l\u00fck. Csakis az istenf\u00e9lelem jegy\u00e9ben k\u00fczdhetj\u00fck le: &#8222;Az \u00dar f\u00e9lelme ugyanis a b\u00f6lcsess\u00e9g kezdete&#8230;Az \u00dar f\u00e9lelme a rossznak ut\u00e1lata&#8221; (P\u00e9ld 1,7;8,13).<\/em><\/span><\/p>\n<p><span style=\"color: #008080;\"><em>Szent P\u00e1l apostol szem\u00e9lyesen tapasztalta meg, hogy mit is jelent az Isten szeretete. Ez\u00e9rt tan\u00e1csolja, hogy cselekedeteink mozgat\u00f3 rug\u00f3ja a szeretet legyen, amely \u0151t sem hagyta nyugodni. Ez a krisztusi szeretet s\u00fcrgessen minket is. Krisztusnak \u00e9lni, aki \u00e9rtem is meghalt. Vagyis szeretetben \u00e9lni!<\/em><\/span><\/p>\n<p><span style=\"color: #008080;\"><em>\u00c9let\u00fcnkben sz\u00e1mtalan vihart \u00e9l\u00fcnk meg. A lelk\u00fcnk m\u00e9ly\u00e9n l\u00e9v\u0151 viharokra gondolok, amelyek olykor \u00e9vtizedeken kereszt\u00fcl \u00e1lland\u00f3 k\u00eds\u00e9r\u0151i \u00e9letemben. Mi t\u00f6bb, a f\u00e9lelem \u00e1lland\u00f3 \u00fatit\u00e1rsunkk\u00e1 v\u00e1lik, amely adott esetben b\u00e9n\u00edt\u00f3an is hathat r\u00e1m.\u00a0 \u201eAz elvarratlan lelki sz\u00e1lakban k\u00f6nny\u0171 megbotlani\u201d \u2013 \u00edrja J\u00f3kai Anna. Megbotlani, elesni \u00e9s ottmaradni. Ennek az \u00e1llapotnak felold\u00e1sa: elvarrni az eles\u00e9st okoz\u00f3 lelki sz\u00e1lainkat, vagyis h\u00e1tra hagyni az eles\u00e9st okoz\u00f3 f\u00e9lelmet. Egyben pedig k\u00e9rni J\u00e9zust, hogy vigy\u00e1zzon r\u00e1m.\u00a0<\/em><\/span><\/p>\n<p><span style=\"color: #008000;\">Kezd\u0151\u00e9nek:<\/span><br \/>\nAz \u00dar n\u00e9p\u00e9nek er\u0151ss\u00e9ge, F\u00f6lkentj\u00e9nek szabadul\u00e1sa \u00e9s mened\u00e9ke. Mentsd meg n\u00e9pedet, Uram, \u00e1ldd meg \u00f6r\u00f6ks\u00e9gedet, \u00e9s korm\u00e1nyozd \u0151ket mind\u00f6r\u00f6kk\u00e9. (V\u00f6. Zsolt 27,8-9)<\/p>\n<p><span style=\"color: #008000;\">K\u00f6ny\u00f6rg\u00e9s:<\/span><br \/>\nUrunk, Isten\u00fcnk, add, hogy szent nevedet mindenkor tisztelj\u00fck \u00e9s szeress\u00fck, mert gondvisel\u0151 oltalmadat soha nem vonod meg azokt\u00f3l, akiket \u00e1llhatatos szeretetedre tan\u00edtasz. A mi Urunk, J\u00e9zus Krisztus, a te Fiad \u00e1ltal, aki veled \u00e9l \u00e9s uralkodik a Szentl\u00e9lekkel egys\u00e9gben, Isten mind\u00f6r\u00f6kk\u00f6n \u00f6r\u00f6kk\u00e9.<\/p>\n<p><span style=\"color: #008000;\">OLVASM\u00c1NY J\u00f3b k\u00f6nyv\u00e9b\u0151l (J\u00f3b 38,1.8-11)<\/span><br \/>\nJ\u00f3b panasz\u00e1ra az \u00dar felelt a viharb\u00f3l, \u00e9s \u00edgy sz\u00f3lt: \u201eKi z\u00e1rta el kett\u0151s kapuval a tengert, amikor el\u0151t\u00f6rt a m\u00e9lys\u00e9g \u00f6l\u00e9b\u0151l, amikor ruha gyan\u00e1nt megalkottam neki a felh\u0151ket, \u00e9s k\u00f6db\u0151l p\u00f3ly\u00e1t adtam neki, amikor hat\u00e1rvonalat szabtam sz\u00e1m\u00e1ra, \u00e9s g\u00e1tat \u00e9p\u00edtettem, kett\u0151s kapuval? Azt mondtam neki: \u00bbEddig j\u00f6jj, \u00e9s ne tov\u00e1bb!<br \/>\nItt t\u00f6rj\u00f6n meg hull\u00e1maid g\u0151gje!\u00ab\u201d<br \/>\nEz az Isten ig\u00e9je.<\/p>\n<p><span style=\"color: #008000;\">V\u00c1LASZOS ZSOLT\u00c1R (Zsolt 106,23-24.25-26.28-29.30-31)<\/span><br \/>\nV\u00e1lasz:\u00a0<strong>Adjatok h\u00e1l\u00e1t az\u00a0<u>\u00dar<\/u>nak, * mivel irgalma \u00f6<u>r\u00f6k<\/u>k\u00e9 megmarad.<\/strong>\u00a0(8 G. t\u00f3nus.)<br \/>\nVagy:\u00a0<strong>Alleluja, alleluja, alleluja.<\/strong><br \/>\nEl\u0151\u00e9nekes: Akik haj\u00f3ikon tengerre\u00a0<u>sz\u00e1ll<\/u>tak, * a nagy vizeken v\u00e9gezt\u00e9k\u00a0<u>mun<\/u>k\u00e1jukat,<br \/>\nazok l\u00e1tt\u00e1k az \u00dar nagy\u00a0<u>tet<\/u>teit, * a m\u00e9ly tengeren szem<u>l\u00e9l<\/u>t\u00e9k csod\u00e1it.<br \/>\nH\u00edvek:\u00a0<strong>Adjatok h\u00e1l\u00e1t az\u00a0<u>\u00dar<\/u>nak, * mivel irgalma \u00f6<u>r\u00f6k<\/u>k\u00e9 megmarad.<\/strong><br \/>\nVagy:\u00a0<strong>Alleluja, alleluja, alleluja.<\/strong><br \/>\nE: Szav\u00e1ra sz\u00e9lvihar\u00a0<u>t\u00e1<\/u>madt, * \u00e9s hull\u00e1mai fel<u>tor<\/u>nyosultak.<br \/>\nFelemelkedtek az \u00e9gig, majd a m\u00e9lys\u00e9gbe\u00a0<u>zu<\/u>hantak, * nagy veszedelm\u00fckben k\u00e9t<u>s\u00e9g<\/u>be estek.<br \/>\nH:\u00a0<strong>Adjatok h\u00e1l\u00e1t az\u00a0<u>\u00dar<\/u>nak, * mivel irgalma \u00f6<u>r\u00f6k<\/u>k\u00e9 megmarad.<\/strong><br \/>\nVagy:\u00a0<strong>Alleluja, alleluja, alleluja.<\/strong><br \/>\nE: Gy\u00f6trelm\u00fckben felki\u00e1ltottak az\u00a0<u>\u00dar<\/u>hoz, * aki szorongat\u00e1sukb\u00f3l ki<u>hoz<\/u>ta \u0151ket.<br \/>\nSzell\u0151v\u00e9 csendes\u00edtette a\u00a0<u>vi<\/u>hart, * hull\u00e1mai\u00a0<u>el<\/u>csitultak.<br \/>\nH:\u00a0<strong>Adjatok h\u00e1l\u00e1t az\u00a0<u>\u00dar<\/u>nak, * mivel irgalma \u00f6<u>r\u00f6k<\/u>k\u00e9 megmarad.<\/strong><br \/>\nVagy:\u00a0<strong>Alleluja, alleluja, alleluja.<\/strong><br \/>\nE: \u00d6rvendeztek, mert csendess\u00e9g\u00a0<u>t\u00e1<\/u>madt, * \u00e9s a v\u00e1rva v\u00e1rt r\u00e9vbe ve<u>zet<\/u>te az \u0151ket.<br \/>\nNagy j\u00f3s\u00e1g\u00e1\u00e9rt adjatok h\u00e1l\u00e1t az\u00a0<u>\u00dar<\/u>nak, * az emberek fiaival tett nagy\u00a0<u>cso<\/u>d\u00e1i\u00e9rt.<br \/>\nH:\u00a0<strong>Adjatok h\u00e1l\u00e1t az\u00a0<u>\u00dar<\/u>nak, * mivel irgalma \u00f6<u>r\u00f6k<\/u>k\u00e9 megmarad.<\/strong><br \/>\nVagy:\u00a0<strong>Alleluja, alleluja, alleluja.<\/strong><\/p>\n<p><span style=\"color: #008000;\">SZENTLECKE Szent P\u00e1l apostolnak a korintusiakhoz \u00edrt m\u00e1sodik level\u00e9b\u0151l (2Kor 5,14-17)<\/span><br \/>\nTestv\u00e9reim!<br \/>\nKrisztus szeretete s\u00fcrget minket, hiszen arra a meggy\u0151z\u0151d\u00e9sre jutottunk, hogy ha egy meghalt mindenki\u00e9rt, akkor mindenki meghalt. \u00c9s \u0151 az\u00e9rt halt meg mindenki\u00e9rt, hogy akik \u00e9lnek, ne maguknak \u00e9ljenek, hanem annak, aki \u00e9rt\u00fck meghalt \u00e9s felt\u00e1madt. Ezut\u00e1n teh\u00e1t nem ismer\u00fcnk senkit emberi szempontb\u00f3l. Ha Krisztust azel\u0151tt emberi m\u00f3don ismert\u00fck is, most m\u00e1r nem \u00fagy ismerj\u00fck. Mindenki, aki Krisztusban van, \u00faj teremtm\u00e9ny.<br \/>\nEz az Isten ig\u00e9je.<\/p>\n<p><span style=\"color: #008000;\">ALLELUJA<\/span><br \/>\nNagy pr\u00f3f\u00e9ta t\u00e1madt k\u00f6zt\u00fcnk, * Isten megl\u00e1togatta az \u0151 n\u00e9p\u00e9t. (Lk 7,16 \u2013 2. t\u00f3nus.)<\/p>\n<p><span style=\"color: #008000;\">\u2020 EVANG\u00c9LIUM Szent M\u00e1rk k\u00f6nyv\u00e9b\u0151l (Mk 4,35-41)<\/span><br \/>\nEgy napon J\u00e9zus, amikor este lett, \u00edgy sz\u00f3lt tan\u00edtv\u00e1nyaihoz: \u201eKelj\u00fcnk \u00e1t a t\u00fals\u00f3 partra.\u201d Erre azok elbocs\u00e1tott\u00e1k a t\u00f6meget, \u00e9s J\u00e9zust magukkal vitt\u00e9k \u00fagy, ahogy ott volt a b\u00e1rk\u00e1ban. M\u00e1s cs\u00f3nakok is voltak vel\u00fck. Nagy sz\u00e9lvihar t\u00e1madt, a hull\u00e1mok a b\u00e1rk\u00e1ba csaptak, \u00fagyhogy az m\u00e1r-m\u00e1r megtelt. \u0150 a b\u00e1rka v\u00e9g\u00e9ben egy v\u00e1nkoson aludt. Felkeltett\u00e9k \u00e9s megk\u00e9rdezt\u00e9k: \u201eMester, nem t\u00f6r\u0151dsz azzal, hogy elvesz\u00fcnk?\u201d Erre f\u00f6lkelt, r\u00e1parancsolt a sz\u00e9lre, \u00e9s ezt mondta a tengernek: \u201eHallgass el, nyugodj meg!\u201d A sz\u00e9l el\u00e1llt, \u00e9s nagy csendess\u00e9g lett. Ekkor hozz\u00e1juk fordult: \u201eMi\u00e9rt f\u00e9ltek? M\u00e9g mindig nincs bennetek hit?\u201d Nagy f\u00e9lelem fogta el ugyanis \u0151ket. Egym\u00e1st k\u00e9rdezgett\u00e9k: \u201eKi lehet ez, hogy m\u00e9g a sz\u00e9l \u00e9s a tenger is engedelmeskedik neki?\u201d<br \/>\nEzek az evang\u00e9lium ig\u00e9i.<\/p>\n<p><span style=\"color: #008000;\">EGYETEMES K\u00d6NY\u00d6RG\u00c9SEK<\/span><br \/>\nPap: Testv\u00e9reim! K\u00e9rj\u00fck Istent, hogy gondvisel\u0151 hatalm\u00e1val ir\u00e1ny\u00edtsa sz\u00edv\u00fcnket, \u00e9s napr\u00f3l napra n\u00f6velje benn\u00fcnk a szeretetet!<br \/>\nLektor:<br \/>\n1. Engedd, Urunk, hogy a n\u00e9pek a mai id\u0151k vihar\u00e1ban Krisztusn\u00e1l keressenek oltalmat!<br \/>\nH\u00edvek: K\u00e9r\u00fcnk t\u00e9ged, hallgass meg minket!<br \/>\n2. Add, Urunk, hogy Szentaty\u00e1nk, N. p\u00e1pa Krisztus erej\u00e9vel korm\u00e1nyozza az Egyh\u00e1zat!<br \/>\nH\u00edvek: K\u00e9r\u00fcnk t\u00e9ged . . .<br \/>\n3. Add, Urunk, hogy Krisztus kegyelm\u00e9vel mindannyian \u00faj teremtm\u00e9nny\u00e9 lehess\u00fcnk!<br \/>\nH\u00edvek: K\u00e9r\u00fcnk t\u00e9ged . . .<br \/>\n4. Add, Urunk, hogy egyh\u00e1zk\u00f6zs\u00e9g\u00fcnk h\u00edvei meghallj\u00e1k: Krisztus szeretete apostolkod\u00e1sra s\u00fcrget minket!<br \/>\nH\u00edvek: K\u00e9r\u00fcnk t\u00e9ged . . .<br \/>\n5. Engedd, Urunk, hogy az \u00e9let szenved\u00e9sei \u00e9s megpr\u00f3b\u00e1ltat\u00e1sai Krisztushoz vezessenek benn\u00fcnket!<br \/>\nH\u00edvek: K\u00e9r\u00fcnk t\u00e9ged . . .<br \/>\nPap: J\u00f3s\u00e1gos Aty\u00e1nk! Az \u00e9let viszontags\u00e1gaiban nem egyszer pr\u00f3b\u00e1ra teszed hit\u00fcnket. K\u00e9r\u00fcnk, add, hogy bizalmunkat ilyenkor is meg\u0151rizz\u00fck ir\u00e1ntad! Krisztus, a mi Urunk \u00e1ltal.<br \/>\nH\u00edvek: \u00c1men.<\/p>\n<p><span style=\"color: #008000;\">Felaj\u00e1nl\u00f3 k\u00f6ny\u00f6rg\u00e9s:<\/span><br \/>\nUrunk, Isten\u00fcnk, fogadd el az engesztel\u00e9s \u00e9s dics\u00e9ret \u00e1ldozat\u00e1t. Add, hogy annak erej\u00e9b\u0151l megtisztulva, sz\u00edv\u00fcnk odaad\u00e1sa is kedves \u00e1ldozatt\u00e1 legyen el\u0151tted. Krisztus, a mi Urunk \u00e1ltal.<\/p>\n<p><span style=\"color: #008000;\">\u00c1ldoz\u00e1si \u00e9nek:<\/span><br \/>\nMindenek szemei tebenned b\u00edznak, Uram, mert te adsz nekik eledelt alkalmas id\u0151ben. (Zsolt 144,15)<br \/>\n<span style=\"color: #008000;\"><em>vagy<\/em><\/span><br \/>\n\u00c9n vagyok a j\u00f3 P\u00e1sztor, \u00e9s \u00e9letemet adom a juhaim\u00e9rt \u2013 mondja az \u00dar. (Jn 10,11.15)<\/p>\n<p><span style=\"color: #008000;\">\u00c1ldoz\u00e1s ut\u00e1ni k\u00f6ny\u00f6rg\u00e9s:<\/span><br \/>\nA szent Test \u00e9s V\u00e9r \u00e1ldott t\u00e1pl\u00e1l\u00e9ka meg\u00faj\u00edt minket, Urunk, Isten\u00fcnk. K\u00e9rj\u00fck irgalmadat, hogy amit \u00e1h\u00edtatos l\u00e9lekkel \u00fajra meg \u00fajra \u00fcnnepl\u00fcnk, megv\u00e1lt\u00e1sod kegyelm\u00e9b\u0151l biztosan el is \u00e9rj\u00fck. Krisztus, a mi Urunk \u00e1ltal.<\/p>\n","protected":false},"excerpt":{"rendered":"<p>A f\u00e9lelem, mint emberi \u00e9rz\u00e9s, \u00e1lland\u00f3 r\u00e9sze \u00e9let\u00fcnknek. Amennyiben ok\u00e1t keress\u00fck, akkor mindenk\u00e9ppen a kiszolg\u00e1ltatotts\u00e1g \u00e9s v\u00e9dtelens\u00e9g \u00e9rz\u00e9se \u00e1ll a h\u00e1tt\u00e9rben. Els\u0151k\u00e9nt arra kell keresnem a v\u00e1laszt, hogy mit\u0151l f\u00e9lek. F\u00e9lek a jelent\u0151l, a j\u00f6v\u0151t\u0151l. Ugyanakkor az emberekt\u0151l, esem\u00e9nyekt\u0151l \u00e9s t\u00f6rt\u00e9n\u00e9sekt\u0151l, akikkel \u00e9s amelyekkel szemben v\u00e9dtelennek \u00e9rzem magam. Nem utols\u00f3 sorban f\u00e9lek m\u00faltam rendezetlen \u00e9s feloldatlan terheit\u0151l, melyeket szinte elviselhetetlen teherk\u00e9nt cipelek magammal. Ki az, aki a f\u00e9lelem \u00e9rz\u00e9s\u00e9t\u0151l megszabad\u00edthat? A mai, \u00e9vk\u00f6zi 12. vas\u00e1rnap olvasm\u00e1nyainak k\u00f6zvet\u00edtett \u00fczenetei szeretn\u00e9nek ebben seg\u00edts\u00e9g\u00fcnkre lenni. J\u00f3b voltak\u00e9pen benn\u00fcnket testes\u00edt meg, az el\u00e9gedetlenked\u0151 \u00e9s panaszkod\u00f3 embert. Ezzel egyben jelzi is, hogy ezek az emberi \u00e9rz\u00e9sek a mi \u00e9let\u00fcnknek is a r\u00e9szei. Nem kell f\u00e9l\u00fcnk t\u0151l\u00fck. Csakis az istenf\u00e9lelem jegy\u00e9ben k\u00fczdhetj\u00fck le: &#8222;Az \u00dar f\u00e9lelme ugyanis a b\u00f6lcsess\u00e9g kezdete&#8230;Az \u00dar f\u00e9lelme a rossznak ut\u00e1lata&#8221; (P\u00e9ld 1,7;8,13). Szent P\u00e1l apostol szem\u00e9lyesen tapasztalta meg, hogy mit is jelent az Isten szeretete. Ez\u00e9rt tan\u00e1csolja, hogy cselekedeteink mozgat\u00f3 rug\u00f3ja a szeretet legyen, amely \u0151t sem hagyta nyugodni. Ez a krisztusi szeretet s\u00fcrgessen minket is. Krisztusnak \u00e9lni, aki \u00e9rtem is meghalt. Vagyis szeretetben \u00e9lni! \u00c9let\u00fcnkben sz\u00e1mtalan vihart \u00e9l\u00fcnk meg. A lelk\u00fcnk m\u00e9ly\u00e9n l\u00e9v\u0151 viharokra gondolok, amelyek olykor \u00e9vtizedeken kereszt\u00fcl \u00e1lland\u00f3 k\u00eds\u00e9r\u0151i \u00e9letemben. Mi t\u00f6bb, a f\u00e9lelem \u00e1lland\u00f3 \u00fatit\u00e1rsunkk\u00e1 v\u00e1lik, amely adott esetben b\u00e9n\u00edt\u00f3an is hathat r\u00e1m.\u00a0 \u201eAz elvarratlan lelki sz\u00e1lakban k\u00f6nny\u0171 megbotlani\u201d \u2013 \u00edrja J\u00f3kai Anna. Megbotlani, elesni \u00e9s ottmaradni. Ennek az \u00e1llapotnak felold\u00e1sa: elvarrni az eles\u00e9st okoz\u00f3 lelki sz\u00e1lainkat, vagyis h\u00e1tra hagyni az eles\u00e9st okoz\u00f3 f\u00e9lelmet. Egyben pedig k\u00e9rni J\u00e9zust, hogy vigy\u00e1zzon r\u00e1m.\u00a0 Kezd\u0151\u00e9nek: Az \u00dar n\u00e9p\u00e9nek er\u0151ss\u00e9ge, F\u00f6lkentj\u00e9nek szabadul\u00e1sa \u00e9s mened\u00e9ke. Mentsd meg n\u00e9pedet, Uram, \u00e1ldd meg \u00f6r\u00f6ks\u00e9gedet, \u00e9s korm\u00e1nyozd \u0151ket mind\u00f6r\u00f6kk\u00e9. (V\u00f6. Zsolt 27,8-9) K\u00f6ny\u00f6rg\u00e9s: Urunk, Isten\u00fcnk, add, hogy szent nevedet mindenkor tisztelj\u00fck \u00e9s szeress\u00fck, mert gondvisel\u0151 oltalmadat soha nem vonod meg azokt\u00f3l, akiket \u00e1llhatatos szeretetedre tan\u00edtasz. A mi Urunk, J\u00e9zus Krisztus, a te Fiad \u00e1ltal, aki&#8230; <\/p>\n<p><a class=\"readmore\" href=\"https:\/\/stuttgarti-katolikusok.de\/index.php\/evkozi-12-vasarnap-2\/\">R\u00e9szletek<\/a><\/p>\n","protected":false},"author":3,"featured_media":29133,"comment_status":"closed","ping_status":"closed","sticky":false,"template":"","format":"standard","meta":{"footnotes":""},"categories":[85,63],"tags":[],"class_list":["post-29127","post","type-post","status-publish","format-standard","has-post-thumbnail","hentry","category-a-liturgia-olvasmanyai","category-vasarnapi-gondolatok"],"yoast_head":"<!-- This site is optimized with the Yoast SEO plugin v27.3 - https:\/\/yoast.com\/product\/yoast-seo-wordpress\/ -->\n<title>\u00c9vk\u00f6zi 12. vas\u00e1rnap - Stuttgarti Katolikusok<\/title>\n<meta name=\"robots\" content=\"index, follow, max-snippet:-1, max-image-preview:large, max-video-preview:-1\" \/>\n<link rel=\"canonical\" href=\"https:\/\/stuttgarti-katolikusok.de\/index.php\/evkozi-12-vasarnap-2\/\" \/>\n<meta property=\"og:locale\" content=\"hu_HU\" \/>\n<meta property=\"og:type\" content=\"article\" \/>\n<meta property=\"og:title\" content=\"\u00c9vk\u00f6zi 12. vas\u00e1rnap - Stuttgarti Katolikusok\" \/>\n<meta property=\"og:description\" content=\"A f\u00e9lelem, mint emberi \u00e9rz\u00e9s, \u00e1lland\u00f3 r\u00e9sze \u00e9let\u00fcnknek. Amennyiben ok\u00e1t keress\u00fck, akkor mindenk\u00e9ppen a kiszolg\u00e1ltatotts\u00e1g \u00e9s v\u00e9dtelens\u00e9g \u00e9rz\u00e9se \u00e1ll a h\u00e1tt\u00e9rben. Els\u0151k\u00e9nt arra kell keresnem a v\u00e1laszt, hogy mit\u0151l f\u00e9lek. F\u00e9lek a jelent\u0151l, a j\u00f6v\u0151t\u0151l. Ugyanakkor az emberekt\u0151l, esem\u00e9nyekt\u0151l \u00e9s t\u00f6rt\u00e9n\u00e9sekt\u0151l, akikkel \u00e9s amelyekkel szemben v\u00e9dtelennek \u00e9rzem magam. Nem utols\u00f3 sorban f\u00e9lek m\u00faltam rendezetlen \u00e9s feloldatlan terheit\u0151l, melyeket szinte elviselhetetlen teherk\u00e9nt cipelek magammal. Ki az, aki a f\u00e9lelem \u00e9rz\u00e9s\u00e9t\u0151l megszabad\u00edthat? A mai, \u00e9vk\u00f6zi 12. vas\u00e1rnap olvasm\u00e1nyainak k\u00f6zvet\u00edtett \u00fczenetei szeretn\u00e9nek ebben seg\u00edts\u00e9g\u00fcnkre lenni. J\u00f3b voltak\u00e9pen benn\u00fcnket testes\u00edt meg, az el\u00e9gedetlenked\u0151 \u00e9s panaszkod\u00f3 embert. Ezzel egyben jelzi is, hogy ezek az emberi \u00e9rz\u00e9sek a mi \u00e9let\u00fcnknek is a r\u00e9szei. Nem kell f\u00e9l\u00fcnk t\u0151l\u00fck. Csakis az istenf\u00e9lelem jegy\u00e9ben k\u00fczdhetj\u00fck le: &#8222;Az \u00dar f\u00e9lelme ugyanis a b\u00f6lcsess\u00e9g kezdete&#8230;Az \u00dar f\u00e9lelme a rossznak ut\u00e1lata&#8221; (P\u00e9ld 1,7;8,13). Szent P\u00e1l apostol szem\u00e9lyesen tapasztalta meg, hogy mit is jelent az Isten szeretete. Ez\u00e9rt tan\u00e1csolja, hogy cselekedeteink mozgat\u00f3 rug\u00f3ja a szeretet legyen, amely \u0151t sem hagyta nyugodni. Ez a krisztusi szeretet s\u00fcrgessen minket is. Krisztusnak \u00e9lni, aki \u00e9rtem is meghalt. Vagyis szeretetben \u00e9lni! \u00c9let\u00fcnkben sz\u00e1mtalan vihart \u00e9l\u00fcnk meg. A lelk\u00fcnk m\u00e9ly\u00e9n l\u00e9v\u0151 viharokra gondolok, amelyek olykor \u00e9vtizedeken kereszt\u00fcl \u00e1lland\u00f3 k\u00eds\u00e9r\u0151i \u00e9letemben. Mi t\u00f6bb, a f\u00e9lelem \u00e1lland\u00f3 \u00fatit\u00e1rsunkk\u00e1 v\u00e1lik, amely adott esetben b\u00e9n\u00edt\u00f3an is hathat r\u00e1m.\u00a0 \u201eAz elvarratlan lelki sz\u00e1lakban k\u00f6nny\u0171 megbotlani\u201d \u2013 \u00edrja J\u00f3kai Anna. Megbotlani, elesni \u00e9s ottmaradni. Ennek az \u00e1llapotnak felold\u00e1sa: elvarrni az eles\u00e9st okoz\u00f3 lelki sz\u00e1lainkat, vagyis h\u00e1tra hagyni az eles\u00e9st okoz\u00f3 f\u00e9lelmet. Egyben pedig k\u00e9rni J\u00e9zust, hogy vigy\u00e1zzon r\u00e1m.\u00a0 Kezd\u0151\u00e9nek: Az \u00dar n\u00e9p\u00e9nek er\u0151ss\u00e9ge, F\u00f6lkentj\u00e9nek szabadul\u00e1sa \u00e9s mened\u00e9ke. Mentsd meg n\u00e9pedet, Uram, \u00e1ldd meg \u00f6r\u00f6ks\u00e9gedet, \u00e9s korm\u00e1nyozd \u0151ket mind\u00f6r\u00f6kk\u00e9. (V\u00f6. Zsolt 27,8-9) K\u00f6ny\u00f6rg\u00e9s: Urunk, Isten\u00fcnk, add, hogy szent nevedet mindenkor tisztelj\u00fck \u00e9s szeress\u00fck, mert gondvisel\u0151 oltalmadat soha nem vonod meg azokt\u00f3l, akiket \u00e1llhatatos szeretetedre tan\u00edtasz. A mi Urunk, J\u00e9zus Krisztus, a te Fiad \u00e1ltal, aki... R\u00e9szletek\" \/>\n<meta property=\"og:url\" content=\"https:\/\/stuttgarti-katolikusok.de\/index.php\/evkozi-12-vasarnap-2\/\" \/>\n<meta property=\"og:site_name\" content=\"Stuttgarti Katolikusok\" \/>\n<meta property=\"article:published_time\" content=\"2024-06-22T10:00:14+00:00\" \/>\n<meta property=\"article:modified_time\" content=\"2024-06-22T11:09:05+00:00\" \/>\n<meta property=\"og:image\" content=\"https:\/\/stuttgarti-katolikusok.de\/wp-content\/uploads\/2024\/06\/whatsapp-kep-2024-06-22-115852-a322131b.jpg\" \/>\n\t<meta property=\"og:image:width\" content=\"1600\" \/>\n\t<meta property=\"og:image:height\" content=\"1066\" \/>\n\t<meta property=\"og:image:type\" content=\"image\/jpeg\" \/>\n<meta name=\"author\" content=\"Tibor atya\" \/>\n<meta name=\"twitter:card\" content=\"summary_large_image\" \/>\n<meta name=\"twitter:label1\" content=\"Szerz\u0151:\" \/>\n\t<meta name=\"twitter:data1\" content=\"Tibor atya\" \/>\n\t<meta name=\"twitter:label2\" content=\"Becs\u00fclt olvas\u00e1si id\u0151\" \/>\n\t<meta name=\"twitter:data2\" content=\"6 perc\" \/>\n<script type=\"application\/ld+json\" class=\"yoast-schema-graph\">{\"@context\":\"https:\\\/\\\/schema.org\",\"@graph\":[{\"@type\":\"Article\",\"@id\":\"https:\\\/\\\/stuttgarti-katolikusok.de\\\/index.php\\\/evkozi-12-vasarnap-2\\\/#article\",\"isPartOf\":{\"@id\":\"https:\\\/\\\/stuttgarti-katolikusok.de\\\/index.php\\\/evkozi-12-vasarnap-2\\\/\"},\"author\":{\"name\":\"Tibor atya\",\"@id\":\"https:\\\/\\\/stuttgarti-katolikusok.de\\\/#\\\/schema\\\/person\\\/75908d6f8fdc03a57889d27209df7795\"},\"headline\":\"\u00c9vk\u00f6zi 12. vas\u00e1rnap\",\"datePublished\":\"2024-06-22T10:00:14+00:00\",\"dateModified\":\"2024-06-22T11:09:05+00:00\",\"mainEntityOfPage\":{\"@id\":\"https:\\\/\\\/stuttgarti-katolikusok.de\\\/index.php\\\/evkozi-12-vasarnap-2\\\/\"},\"wordCount\":1391,\"image\":{\"@id\":\"https:\\\/\\\/stuttgarti-katolikusok.de\\\/index.php\\\/evkozi-12-vasarnap-2\\\/#primaryimage\"},\"thumbnailUrl\":\"https:\\\/\\\/stuttgarti-katolikusok.de\\\/wp-content\\\/uploads\\\/2024\\\/06\\\/whatsapp-kep-2024-06-22-115852-a322131b.jpg\",\"articleSection\":[\"A liturgia olvasm\u00e1nyai\",\"Vas\u00e1rnapi gondolatok\"],\"inLanguage\":\"hu\"},{\"@type\":\"WebPage\",\"@id\":\"https:\\\/\\\/stuttgarti-katolikusok.de\\\/index.php\\\/evkozi-12-vasarnap-2\\\/\",\"url\":\"https:\\\/\\\/stuttgarti-katolikusok.de\\\/index.php\\\/evkozi-12-vasarnap-2\\\/\",\"name\":\"\u00c9vk\u00f6zi 12. vas\u00e1rnap - Stuttgarti Katolikusok\",\"isPartOf\":{\"@id\":\"https:\\\/\\\/stuttgarti-katolikusok.de\\\/#website\"},\"primaryImageOfPage\":{\"@id\":\"https:\\\/\\\/stuttgarti-katolikusok.de\\\/index.php\\\/evkozi-12-vasarnap-2\\\/#primaryimage\"},\"image\":{\"@id\":\"https:\\\/\\\/stuttgarti-katolikusok.de\\\/index.php\\\/evkozi-12-vasarnap-2\\\/#primaryimage\"},\"thumbnailUrl\":\"https:\\\/\\\/stuttgarti-katolikusok.de\\\/wp-content\\\/uploads\\\/2024\\\/06\\\/whatsapp-kep-2024-06-22-115852-a322131b.jpg\",\"datePublished\":\"2024-06-22T10:00:14+00:00\",\"dateModified\":\"2024-06-22T11:09:05+00:00\",\"author\":{\"@id\":\"https:\\\/\\\/stuttgarti-katolikusok.de\\\/#\\\/schema\\\/person\\\/75908d6f8fdc03a57889d27209df7795\"},\"breadcrumb\":{\"@id\":\"https:\\\/\\\/stuttgarti-katolikusok.de\\\/index.php\\\/evkozi-12-vasarnap-2\\\/#breadcrumb\"},\"inLanguage\":\"hu\",\"potentialAction\":[{\"@type\":\"ReadAction\",\"target\":[\"https:\\\/\\\/stuttgarti-katolikusok.de\\\/index.php\\\/evkozi-12-vasarnap-2\\\/\"]}]},{\"@type\":\"ImageObject\",\"inLanguage\":\"hu\",\"@id\":\"https:\\\/\\\/stuttgarti-katolikusok.de\\\/index.php\\\/evkozi-12-vasarnap-2\\\/#primaryimage\",\"url\":\"https:\\\/\\\/stuttgarti-katolikusok.de\\\/wp-content\\\/uploads\\\/2024\\\/06\\\/whatsapp-kep-2024-06-22-115852-a322131b.jpg\",\"contentUrl\":\"https:\\\/\\\/stuttgarti-katolikusok.de\\\/wp-content\\\/uploads\\\/2024\\\/06\\\/whatsapp-kep-2024-06-22-115852-a322131b.jpg\",\"width\":1600,\"height\":1066},{\"@type\":\"BreadcrumbList\",\"@id\":\"https:\\\/\\\/stuttgarti-katolikusok.de\\\/index.php\\\/evkozi-12-vasarnap-2\\\/#breadcrumb\",\"itemListElement\":[{\"@type\":\"ListItem\",\"position\":1,\"name\":\"Kezd\u0151lap\",\"item\":\"https:\\\/\\\/stuttgarti-katolikusok.de\\\/\"},{\"@type\":\"ListItem\",\"position\":2,\"name\":\"\u00c9vk\u00f6zi 12. vas\u00e1rnap\"}]},{\"@type\":\"WebSite\",\"@id\":\"https:\\\/\\\/stuttgarti-katolikusok.de\\\/#website\",\"url\":\"https:\\\/\\\/stuttgarti-katolikusok.de\\\/\",\"name\":\"Stuttgarti Katolikusok\",\"description\":\"\",\"potentialAction\":[{\"@type\":\"SearchAction\",\"target\":{\"@type\":\"EntryPoint\",\"urlTemplate\":\"https:\\\/\\\/stuttgarti-katolikusok.de\\\/?s={search_term_string}\"},\"query-input\":{\"@type\":\"PropertyValueSpecification\",\"valueRequired\":true,\"valueName\":\"search_term_string\"}}],\"inLanguage\":\"hu\"},{\"@type\":\"Person\",\"@id\":\"https:\\\/\\\/stuttgarti-katolikusok.de\\\/#\\\/schema\\\/person\\\/75908d6f8fdc03a57889d27209df7795\",\"name\":\"Tibor atya\",\"image\":{\"@type\":\"ImageObject\",\"inLanguage\":\"hu\",\"@id\":\"https:\\\/\\\/secure.gravatar.com\\\/avatar\\\/61d268e57d1f4525b111222e29d2d5a7f8c420fdbf231ba5566a8ceac74fa960?s=96&d=mm&r=g\",\"url\":\"https:\\\/\\\/secure.gravatar.com\\\/avatar\\\/61d268e57d1f4525b111222e29d2d5a7f8c420fdbf231ba5566a8ceac74fa960?s=96&d=mm&r=g\",\"contentUrl\":\"https:\\\/\\\/secure.gravatar.com\\\/avatar\\\/61d268e57d1f4525b111222e29d2d5a7f8c420fdbf231ba5566a8ceac74fa960?s=96&d=mm&r=g\",\"caption\":\"Tibor atya\"},\"url\":\"https:\\\/\\\/stuttgarti-katolikusok.de\\\/index.php\\\/author\\\/tibor-atya\\\/\"}]}<\/script>\n<!-- \/ Yoast SEO plugin. -->","yoast_head_json":{"title":"\u00c9vk\u00f6zi 12. vas\u00e1rnap - Stuttgarti Katolikusok","robots":{"index":"index","follow":"follow","max-snippet":"max-snippet:-1","max-image-preview":"max-image-preview:large","max-video-preview":"max-video-preview:-1"},"canonical":"https:\/\/stuttgarti-katolikusok.de\/index.php\/evkozi-12-vasarnap-2\/","og_locale":"hu_HU","og_type":"article","og_title":"\u00c9vk\u00f6zi 12. vas\u00e1rnap - Stuttgarti Katolikusok","og_description":"A f\u00e9lelem, mint emberi \u00e9rz\u00e9s, \u00e1lland\u00f3 r\u00e9sze \u00e9let\u00fcnknek. Amennyiben ok\u00e1t keress\u00fck, akkor mindenk\u00e9ppen a kiszolg\u00e1ltatotts\u00e1g \u00e9s v\u00e9dtelens\u00e9g \u00e9rz\u00e9se \u00e1ll a h\u00e1tt\u00e9rben. Els\u0151k\u00e9nt arra kell keresnem a v\u00e1laszt, hogy mit\u0151l f\u00e9lek. F\u00e9lek a jelent\u0151l, a j\u00f6v\u0151t\u0151l. Ugyanakkor az emberekt\u0151l, esem\u00e9nyekt\u0151l \u00e9s t\u00f6rt\u00e9n\u00e9sekt\u0151l, akikkel \u00e9s amelyekkel szemben v\u00e9dtelennek \u00e9rzem magam. Nem utols\u00f3 sorban f\u00e9lek m\u00faltam rendezetlen \u00e9s feloldatlan terheit\u0151l, melyeket szinte elviselhetetlen teherk\u00e9nt cipelek magammal. Ki az, aki a f\u00e9lelem \u00e9rz\u00e9s\u00e9t\u0151l megszabad\u00edthat? A mai, \u00e9vk\u00f6zi 12. vas\u00e1rnap olvasm\u00e1nyainak k\u00f6zvet\u00edtett \u00fczenetei szeretn\u00e9nek ebben seg\u00edts\u00e9g\u00fcnkre lenni. J\u00f3b voltak\u00e9pen benn\u00fcnket testes\u00edt meg, az el\u00e9gedetlenked\u0151 \u00e9s panaszkod\u00f3 embert. Ezzel egyben jelzi is, hogy ezek az emberi \u00e9rz\u00e9sek a mi \u00e9let\u00fcnknek is a r\u00e9szei. Nem kell f\u00e9l\u00fcnk t\u0151l\u00fck. Csakis az istenf\u00e9lelem jegy\u00e9ben k\u00fczdhetj\u00fck le: &#8222;Az \u00dar f\u00e9lelme ugyanis a b\u00f6lcsess\u00e9g kezdete&#8230;Az \u00dar f\u00e9lelme a rossznak ut\u00e1lata&#8221; (P\u00e9ld 1,7;8,13). Szent P\u00e1l apostol szem\u00e9lyesen tapasztalta meg, hogy mit is jelent az Isten szeretete. Ez\u00e9rt tan\u00e1csolja, hogy cselekedeteink mozgat\u00f3 rug\u00f3ja a szeretet legyen, amely \u0151t sem hagyta nyugodni. Ez a krisztusi szeretet s\u00fcrgessen minket is. Krisztusnak \u00e9lni, aki \u00e9rtem is meghalt. Vagyis szeretetben \u00e9lni! \u00c9let\u00fcnkben sz\u00e1mtalan vihart \u00e9l\u00fcnk meg. A lelk\u00fcnk m\u00e9ly\u00e9n l\u00e9v\u0151 viharokra gondolok, amelyek olykor \u00e9vtizedeken kereszt\u00fcl \u00e1lland\u00f3 k\u00eds\u00e9r\u0151i \u00e9letemben. Mi t\u00f6bb, a f\u00e9lelem \u00e1lland\u00f3 \u00fatit\u00e1rsunkk\u00e1 v\u00e1lik, amely adott esetben b\u00e9n\u00edt\u00f3an is hathat r\u00e1m.\u00a0 \u201eAz elvarratlan lelki sz\u00e1lakban k\u00f6nny\u0171 megbotlani\u201d \u2013 \u00edrja J\u00f3kai Anna. Megbotlani, elesni \u00e9s ottmaradni. Ennek az \u00e1llapotnak felold\u00e1sa: elvarrni az eles\u00e9st okoz\u00f3 lelki sz\u00e1lainkat, vagyis h\u00e1tra hagyni az eles\u00e9st okoz\u00f3 f\u00e9lelmet. Egyben pedig k\u00e9rni J\u00e9zust, hogy vigy\u00e1zzon r\u00e1m.\u00a0 Kezd\u0151\u00e9nek: Az \u00dar n\u00e9p\u00e9nek er\u0151ss\u00e9ge, F\u00f6lkentj\u00e9nek szabadul\u00e1sa \u00e9s mened\u00e9ke. Mentsd meg n\u00e9pedet, Uram, \u00e1ldd meg \u00f6r\u00f6ks\u00e9gedet, \u00e9s korm\u00e1nyozd \u0151ket mind\u00f6r\u00f6kk\u00e9. (V\u00f6. Zsolt 27,8-9) K\u00f6ny\u00f6rg\u00e9s: Urunk, Isten\u00fcnk, add, hogy szent nevedet mindenkor tisztelj\u00fck \u00e9s szeress\u00fck, mert gondvisel\u0151 oltalmadat soha nem vonod meg azokt\u00f3l, akiket \u00e1llhatatos szeretetedre tan\u00edtasz. A mi Urunk, J\u00e9zus Krisztus, a te Fiad \u00e1ltal, aki... R\u00e9szletek","og_url":"https:\/\/stuttgarti-katolikusok.de\/index.php\/evkozi-12-vasarnap-2\/","og_site_name":"Stuttgarti Katolikusok","article_published_time":"2024-06-22T10:00:14+00:00","article_modified_time":"2024-06-22T11:09:05+00:00","og_image":[{"width":1600,"height":1066,"url":"https:\/\/stuttgarti-katolikusok.de\/wp-content\/uploads\/2024\/06\/whatsapp-kep-2024-06-22-115852-a322131b.jpg","type":"image\/jpeg"}],"author":"Tibor atya","twitter_card":"summary_large_image","twitter_misc":{"Szerz\u0151:":"Tibor atya","Becs\u00fclt olvas\u00e1si id\u0151":"6 perc"},"schema":{"@context":"https:\/\/schema.org","@graph":[{"@type":"Article","@id":"https:\/\/stuttgarti-katolikusok.de\/index.php\/evkozi-12-vasarnap-2\/#article","isPartOf":{"@id":"https:\/\/stuttgarti-katolikusok.de\/index.php\/evkozi-12-vasarnap-2\/"},"author":{"name":"Tibor atya","@id":"https:\/\/stuttgarti-katolikusok.de\/#\/schema\/person\/75908d6f8fdc03a57889d27209df7795"},"headline":"\u00c9vk\u00f6zi 12. vas\u00e1rnap","datePublished":"2024-06-22T10:00:14+00:00","dateModified":"2024-06-22T11:09:05+00:00","mainEntityOfPage":{"@id":"https:\/\/stuttgarti-katolikusok.de\/index.php\/evkozi-12-vasarnap-2\/"},"wordCount":1391,"image":{"@id":"https:\/\/stuttgarti-katolikusok.de\/index.php\/evkozi-12-vasarnap-2\/#primaryimage"},"thumbnailUrl":"https:\/\/stuttgarti-katolikusok.de\/wp-content\/uploads\/2024\/06\/whatsapp-kep-2024-06-22-115852-a322131b.jpg","articleSection":["A liturgia olvasm\u00e1nyai","Vas\u00e1rnapi gondolatok"],"inLanguage":"hu"},{"@type":"WebPage","@id":"https:\/\/stuttgarti-katolikusok.de\/index.php\/evkozi-12-vasarnap-2\/","url":"https:\/\/stuttgarti-katolikusok.de\/index.php\/evkozi-12-vasarnap-2\/","name":"\u00c9vk\u00f6zi 12. vas\u00e1rnap - Stuttgarti Katolikusok","isPartOf":{"@id":"https:\/\/stuttgarti-katolikusok.de\/#website"},"primaryImageOfPage":{"@id":"https:\/\/stuttgarti-katolikusok.de\/index.php\/evkozi-12-vasarnap-2\/#primaryimage"},"image":{"@id":"https:\/\/stuttgarti-katolikusok.de\/index.php\/evkozi-12-vasarnap-2\/#primaryimage"},"thumbnailUrl":"https:\/\/stuttgarti-katolikusok.de\/wp-content\/uploads\/2024\/06\/whatsapp-kep-2024-06-22-115852-a322131b.jpg","datePublished":"2024-06-22T10:00:14+00:00","dateModified":"2024-06-22T11:09:05+00:00","author":{"@id":"https:\/\/stuttgarti-katolikusok.de\/#\/schema\/person\/75908d6f8fdc03a57889d27209df7795"},"breadcrumb":{"@id":"https:\/\/stuttgarti-katolikusok.de\/index.php\/evkozi-12-vasarnap-2\/#breadcrumb"},"inLanguage":"hu","potentialAction":[{"@type":"ReadAction","target":["https:\/\/stuttgarti-katolikusok.de\/index.php\/evkozi-12-vasarnap-2\/"]}]},{"@type":"ImageObject","inLanguage":"hu","@id":"https:\/\/stuttgarti-katolikusok.de\/index.php\/evkozi-12-vasarnap-2\/#primaryimage","url":"https:\/\/stuttgarti-katolikusok.de\/wp-content\/uploads\/2024\/06\/whatsapp-kep-2024-06-22-115852-a322131b.jpg","contentUrl":"https:\/\/stuttgarti-katolikusok.de\/wp-content\/uploads\/2024\/06\/whatsapp-kep-2024-06-22-115852-a322131b.jpg","width":1600,"height":1066},{"@type":"BreadcrumbList","@id":"https:\/\/stuttgarti-katolikusok.de\/index.php\/evkozi-12-vasarnap-2\/#breadcrumb","itemListElement":[{"@type":"ListItem","position":1,"name":"Kezd\u0151lap","item":"https:\/\/stuttgarti-katolikusok.de\/"},{"@type":"ListItem","position":2,"name":"\u00c9vk\u00f6zi 12. vas\u00e1rnap"}]},{"@type":"WebSite","@id":"https:\/\/stuttgarti-katolikusok.de\/#website","url":"https:\/\/stuttgarti-katolikusok.de\/","name":"Stuttgarti Katolikusok","description":"","potentialAction":[{"@type":"SearchAction","target":{"@type":"EntryPoint","urlTemplate":"https:\/\/stuttgarti-katolikusok.de\/?s={search_term_string}"},"query-input":{"@type":"PropertyValueSpecification","valueRequired":true,"valueName":"search_term_string"}}],"inLanguage":"hu"},{"@type":"Person","@id":"https:\/\/stuttgarti-katolikusok.de\/#\/schema\/person\/75908d6f8fdc03a57889d27209df7795","name":"Tibor atya","image":{"@type":"ImageObject","inLanguage":"hu","@id":"https:\/\/secure.gravatar.com\/avatar\/61d268e57d1f4525b111222e29d2d5a7f8c420fdbf231ba5566a8ceac74fa960?s=96&d=mm&r=g","url":"https:\/\/secure.gravatar.com\/avatar\/61d268e57d1f4525b111222e29d2d5a7f8c420fdbf231ba5566a8ceac74fa960?s=96&d=mm&r=g","contentUrl":"https:\/\/secure.gravatar.com\/avatar\/61d268e57d1f4525b111222e29d2d5a7f8c420fdbf231ba5566a8ceac74fa960?s=96&d=mm&r=g","caption":"Tibor atya"},"url":"https:\/\/stuttgarti-katolikusok.de\/index.php\/author\/tibor-atya\/"}]}},"_links":{"self":[{"href":"https:\/\/stuttgarti-katolikusok.de\/index.php\/wp-json\/wp\/v2\/posts\/29127","targetHints":{"allow":["GET"]}}],"collection":[{"href":"https:\/\/stuttgarti-katolikusok.de\/index.php\/wp-json\/wp\/v2\/posts"}],"about":[{"href":"https:\/\/stuttgarti-katolikusok.de\/index.php\/wp-json\/wp\/v2\/types\/post"}],"author":[{"embeddable":true,"href":"https:\/\/stuttgarti-katolikusok.de\/index.php\/wp-json\/wp\/v2\/users\/3"}],"replies":[{"embeddable":true,"href":"https:\/\/stuttgarti-katolikusok.de\/index.php\/wp-json\/wp\/v2\/comments?post=29127"}],"version-history":[{"count":5,"href":"https:\/\/stuttgarti-katolikusok.de\/index.php\/wp-json\/wp\/v2\/posts\/29127\/revisions"}],"predecessor-version":[{"id":29136,"href":"https:\/\/stuttgarti-katolikusok.de\/index.php\/wp-json\/wp\/v2\/posts\/29127\/revisions\/29136"}],"wp:featuredmedia":[{"embeddable":true,"href":"https:\/\/stuttgarti-katolikusok.de\/index.php\/wp-json\/wp\/v2\/media\/29133"}],"wp:attachment":[{"href":"https:\/\/stuttgarti-katolikusok.de\/index.php\/wp-json\/wp\/v2\/media?parent=29127"}],"wp:term":[{"taxonomy":"category","embeddable":true,"href":"https:\/\/stuttgarti-katolikusok.de\/index.php\/wp-json\/wp\/v2\/categories?post=29127"},{"taxonomy":"post_tag","embeddable":true,"href":"https:\/\/stuttgarti-katolikusok.de\/index.php\/wp-json\/wp\/v2\/tags?post=29127"}],"curies":[{"name":"wp","href":"https:\/\/api.w.org\/{rel}","templated":true}]}}