{"id":29094,"date":"2024-06-15T00:00:31","date_gmt":"2024-06-14T22:00:31","guid":{"rendered":"https:\/\/stuttgarti-katolikusok.de\/?p=29094"},"modified":"2024-06-15T07:40:47","modified_gmt":"2024-06-15T05:40:47","slug":"evkozi-11-vasarnap-2","status":"publish","type":"post","link":"https:\/\/stuttgarti-katolikusok.de\/index.php\/evkozi-11-vasarnap-2\/","title":{"rendered":"\u00c9vk\u00f6zi 11. vas\u00e1rnap"},"content":{"rendered":"<p><span style=\"color: #ff6600;\"><em>Gyakorta t\u00falgondoljuk dolgainkat. Mintha minden csak rajtunk m\u00falna. Ilyenkor \u00e9ppen \u0150t hagyjuk ki sz\u00e1m\u00edt\u00e1sainkb\u00f3l.\u00a0<\/em><\/span><\/p>\n<p><span style=\"color: #ff6600;\"><em>&#8222;Nagy az \u00dar, ereje hatalmas, \u00e9s b\u00f6lcsess\u00e9ge m\u00e9rhetetlen&#8221; (Zsolt 146,5). Az \u00e1ltala el\u00fcltetett kis hajt\u00e1s, gyenge pal\u00e1nta naggy\u00e1 n\u0151, a must\u00e1rmag f\u00e1v\u00e1 tereb\u00e9lyesedik. Nem szabad hagynunk, hogy a magunk f\u00e9lelmei \u00e9s kicsinyes gondolkod\u00e1sunk b\u00e9n\u00edtsanak. Amennyiben ezt az \u00e9rz\u00e9st siker\u00fcl legy\u0151zn\u00fcnk magunkban, \u00fagy teret biztos\u00edtunk az isteni Gondvisel\u00e9s sz\u00e1m\u00e1ra.\u00a0<\/em><\/span><\/p>\n<p><span style=\"color: #ff6600;\"><em>Erre ir\u00e1ny\u00edtja figyelm\u00fcnket m\u00e1r a szentmise k\u00f6ny\u00f6rg\u00e9se is. Az Isten ir\u00e1nti bizalom fel\u00fcl\u00edrja minden bizonytalans\u00e1gunkat \u00e9s f\u00e9lelm\u00fcnket. Bizton rem\u00e9lhetj\u00fck, hogy minden sz\u00fcks\u00e9ges seg\u00edts\u00e9get megkapunk t\u0151le. Csak b\u00edznunk kell \u0151benne. Ezt jelenti tetsz\u00e9s\u00e9nek elnyer\u00e9se.<\/em><\/span><\/p>\n<p><span style=\"color: #ff6600;\"><em>Az olvasm\u00e1ny az isteni mindenhat\u00f3s\u00e1got hivatott \u00e9rz\u00e9keltetni. A magas c\u00e9drusf\u00e1r\u00f3l lemetszett \u00e1g az Isten magas hegy\u00e9n, ahol es\u00e9ly sem lenne az \u00e9letre, z\u00f6ldell\u0151 f\u00e1v\u00e1 tereb\u00e9lyesedik. Csakis az \u0150 erej\u00e9ben vagyok k\u00e9pes b\u00e1rmire.<\/em><\/span><\/p>\n<p><span style=\"color: #ff6600;\"><em>A szentlecke ugyancsak a bizalom fontoss\u00e1g\u00e1t emeli ki. Ez vezet eg\u00e9sz f\u00f6ldi \u00e9let\u00fcnk\u00f6n \u00e1t. V\u00e9g\u00fcl pedig, amikor Isten \u00edt\u00e9l\u0151sz\u00e9ke el\u00e9 \u00e9rkez\u00fcnk, \u00e9ppen \u00e9let\u00fcnk \u00e9s cselekedeteink azok, amelyek meghozz\u00e1k a v\u00e9gs\u0151 d\u00f6nt\u00e9st. Mennyire \u00e9rdekes, ez a felismer\u00e9s nem b\u00e9n\u00edt, sokkal ink\u00e1bb biztat, hogy embers\u00e9gesen \u00e9ljek.<\/em><\/span><\/p>\n<p><span style=\"color: #ff6600;\"><em>Az evang\u00e9liumi p\u00e9ldabesz\u00e9d l\u00e9nyeg\u00e9ben emberi \u00e9let\u00fcnk alapvet\u0151 feladat\u00e1r\u00f3l sz\u00f3l. A feladatot, j\u00f3 lelkiismeretem szerint, nekem kell elv\u00e9geznem. Nem h\u00e1r\u00edthatom m\u00e1sra. Azt k\u00f6vet\u0151en pedig nincs mit\u0151l tartanom. Az elvetett mag, vagyis \u00e9letem munk\u00e1ja, hivat\u00e1sa, gy\u00fcm\u00f6lcs\u00f6t terem. Mindegy, hogy nappal, vagy \u00e9jszaka van. A n\u00f6veked\u00e9st \u00e9s a term\u00e9s be\u00e9r\u00e9s\u00e9t Isten adja.\u00a0<\/em><\/span><\/p>\n<p><span style=\"color: #339966;\">Kezd\u0151\u00e9nek:<\/span><br \/>\nHalld meg, Uram, hangomat, amellyel hozz\u00e1d ki\u00e1ltok. Te l\u00e9gy seg\u00edt\u0151m, ne hagyj el, \u00e9s ne vess meg engem, \u00fcdv\u00f6z\u00edt\u0151 Istenem. (V\u00f6. Zsolt 26,7.9)<\/p>\n<p><span style=\"color: #339966;\">K\u00f6ny\u00f6rg\u00e9s:<\/span><br \/>\nIsten\u00fcnk, benned b\u00edz\u00f3k er\u0151ss\u00e9ge, n\u00e9lk\u00fcled semmit sem tehet a gyenge haland\u00f3. K\u00e9r\u00fcnk, add nek\u00fcnk mindenkor kegyelmed seg\u00edts\u00e9g\u00e9t, hogy j\u00f3 sz\u00e1nd\u00e9kkal teljes\u00edts\u00fck parancsaidat, \u00e9s cselekedeteinkkel megnyerj\u00fck tetsz\u00e9sedet. A mi Urunk, J\u00e9zus Krisztus, a te Fiad \u00e1ltal, aki veled \u00e9l \u00e9s uralkodik a Szentl\u00e9lekkel egys\u00e9gben, Isten mind\u00f6r\u00f6kk\u00f6n \u00f6r\u00f6kk\u00e9.<\/p>\n<p align=\"justify\"><span style=\"color: #339966;\">OLVASM\u00c1NY Ezekiel pr\u00f3f\u00e9ta k\u00f6nyv\u00e9b\u0151l (Ez 17,22-24)<\/span><br \/>\nEzt mondja az \u00dar, az Isten: \u201eVeszek egy hajt\u00e1st a nagy c\u00e9drusfa tetej\u00e9r\u0151l, a legmagasabb \u00e1g\u00e1r\u00f3l, \u00e9s el\u00fcltetem egy igen magas hegyen. Izrael magas hegy\u00e9n \u00fcltetem el. \u00c1gakat fejleszt, gy\u00fcm\u00f6lcs\u00f6t terem \u00e9s pomp\u00e1s c\u00e9druss\u00e1 fejl\u0151dik. Alatta lakik majd mindenf\u00e9le mad\u00e1r, \u00e9s \u00e1gai \u00e1rny\u00e9k\u00e1ban pihen meg mindenfajta sz\u00e1rnyas.<br \/>\nS akkor megtudja majd a mez\u0151 minden f\u00e1ja, hogy \u00e9n, az \u00dar al\u00e1ztam meg a magas f\u00e1t, \u00e9s emeltem f\u00f6l az alacsony f\u00e1t; \u00e9n sz\u00e1r\u00edtottam ki a z\u00f6ldell\u0151 f\u00e1t, \u00e9s \u00e9n bor\u00edtottam vir\u00e1gba a sz\u00e1raz f\u00e1t. \u00c9n, az \u00dar mondtam ezt, \u00e9s v\u00e9gbe is viszem.\u201d<br \/>\nEz az Isten ig\u00e9je.<\/p>\n<p align=\"justify\"><span style=\"color: #339966;\">V\u00c1LASZOS ZSOLT\u00c1R (Zsolt 91,2-3.13-14.15-16)<\/span><\/p>\n<p align=\"justify\">V\u00e1lasz:\u00a0<strong>Mennyire j\u00f3lesik\u00a0<u>n\u00e9<\/u>kem, * t\u00e9gedet, Uram,\u00a0<u>h\u00e1<\/u>l\u00e1val dics\u00e9rnem.<\/strong>\u00a0(5. t\u00f3nus.)<br \/>\nEl\u0151\u00e9nekes: J\u00f3 dolog az Urat\u00a0<u>di<\/u>cs\u00e9rni, * nevednek, \u00f3 F\u00f6ls\u00e9ges,\u00a0<u>\u00e9<\/u>neket zengeni.<br \/>\nIrgalmadat hajnalban\u00a0<u>hir<\/u>detni, * \u00e9s eg\u00e9sz \u00e9jszaka\u00a0<u>h\u0171<\/u>s\u00e9gedet.<br \/>\nH\u00edvek:\u00a0<strong>Mennyire j\u00f3lesik\u00a0<u>n\u00e9<\/u>kem, * t\u00e9gedet, Uram,\u00a0<u>h\u00e1<\/u>l\u00e1val dics\u00e9rnem.<\/strong><br \/>\nE: Virul az igaz, ak\u00e1r a\u00a0<u>p\u00e1l<\/u>ma, * s \u00fagy n\u00f6vekszik, mint a\u00a0<u>Li<\/u>banon c\u00e9drusa.<br \/>\nAz \u00dar h\u00e1z\u00e1ban \u00fcltett\u00e9k el\u00a0<u>\u0151<\/u>ket, * Isten\u00fcnk csarnok\u00e1ban\u00a0<u>vi<\/u>r\u00e1gzanak.<br \/>\nH:\u00a0<strong>Mennyire j\u00f3lesik\u00a0<u>n\u00e9<\/u>kem, * t\u00e9gedet, Uram,\u00a0<u>h\u00e1<\/u>l\u00e1val dics\u00e9rnem.<\/strong><br \/>\nE: M\u00e9g \u00f6regkorukban is gy\u00fcm\u00f6lcs\u00f6t\u00a0<u>hoz<\/u>nak, * telve vannak\u00a0<u>b\u0151<\/u>s\u00e9ges \u00e9lettel.<br \/>\nHogy hirdess\u00e9k: \u201eIgaz az\u00a0<u>Is<\/u>ten, * \u0151 a mened\u00e9kem, hamiss\u00e1g\u00a0<u>nin<\/u>csen benne.\u201d<br \/>\nH:\u00a0<strong>Mennyire j\u00f3lesik\u00a0<u>n\u00e9<\/u>kem, * t\u00e9gedet, Uram,\u00a0<u>h\u00e1<\/u>l\u00e1val dics\u00e9rnem.<\/strong><\/p>\n<p align=\"justify\"><span style=\"color: #339966;\">SZENTLECKE Szent P\u00e1l apostolnak a korintusiakhoz \u00edrt m\u00e1sodik level\u00e9b\u0151l (2Kor 5,6-10)<\/span><br \/>\nTestv\u00e9reim!<br \/>\nBizalom t\u00f6lt el minket, s nem feledkez\u00fcnk meg arr\u00f3l, hogy m\u00edg e testben v\u00e1ndork\u00e9nt \u00e9l\u00fcnk, t\u00e1vol j\u00e1runk az \u00dart\u00f3l. A hitben \u00e9l\u00fcnk, a szeml\u00e9let m\u00e9g nem oszt\u00e1lyr\u00e9sz\u00fcnk. \u00c1m bizalom t\u00f6lt el benn\u00fcnket, \u00edgy jobban szeretn\u00e9nk megv\u00e1lni a testt\u0151l, \u00e9s haza\u00e9rkezni az \u00darhoz. Ez\u00e9rt is igyeksz\u00fcnk az \u0151 kedv\u00e9ben j\u00e1rni, ak\u00e1r k\u00f6zel vagyunk hozz\u00e1, ak\u00e1r t\u00e1vol j\u00e1runk t\u0151le. Mindny\u00e1junknak meg kell ugyanis jelenn\u00fcnk Krisztus \u00edt\u00e9l\u0151sz\u00e9ke el\u0151tt, hogy ki-ki megkapja, amit testi \u00e9let\u00e9ben ki\u00e9rdemelt, aszerint, hogy j\u00f3t vagy gonoszat cselekedett.<br \/>\nEz az Isten ig\u00e9je.<\/p>\n<p align=\"justify\"><span style=\"color: #339966;\">ALLELUJA<\/span><br \/>\nIsten ig\u00e9je a mag, Krisztus a magvet\u0151, * mindaz, ki re\u00e1 tal\u00e1l, \u00f6r\u00f6kk\u00e9 \u00e9lni fog. (5. t\u00f3nus.)<\/p>\n<p align=\"justify\"><span style=\"color: #339966;\">\u2020 EVANG\u00c9LIUM Szent M\u00e1rk k\u00f6nyv\u00e9b\u0151l (Mk 4,26-34)<\/span><br \/>\nAbban az id\u0151ben J\u00e9zus ezt mondta a t\u00f6megnek: \u201eIsten orsz\u00e1ga olyan, mint amikor az ember magot vet a f\u00f6ldbe. Ut\u00e1na ak\u00e1r alszik, ak\u00e1r \u00e9bren van, \u00e9jjel vagy nappal, a mag kics\u00edr\u00e1zik \u00e9s sz\u00e1rba sz\u00f6kken, maga sem tudja hogyan. A f\u00f6ld mag\u00e1t\u00f3l hoz term\u00e9st: El\u0151sz\u00f6r sz\u00e1rat, azt\u00e1n kal\u00e1szt, majd telt szemet a kal\u00e1szban. Mikor pedig a term\u00e9s engedi, az ember mindj\u00e1rt fogja a sarl\u00f3t, mert itt az arat\u00e1s.\u201d<br \/>\nMajd folytatta: \u201eMihez hasonl\u00edtsuk az Isten orsz\u00e1g\u00e1t? Milyen p\u00e9ldabesz\u00e9ddel szeml\u00e9ltess\u00fck? Olyan, mint a must\u00e1rmag, amely, amikor elvetik a f\u00f6ldbe, kisebb minden m\u00e1s magn\u00e1l a f\u00f6ld\u00f6n. Mikor azonban elvetik, kikel \u00e9s minden kerti vetem\u00e9nyn\u00e9l nagyobb lesz. Nagy \u00e1gakat hajt, \u00fagyhogy az \u00e9g madarai az \u00e1rny\u00e9k\u00e1ban laknak.\u201d Sok hasonl\u00f3 p\u00e9ldabesz\u00e9dben hirdette nekik az ig\u00e9t, mert \u00edgy tudt\u00e1k meg\u00e9rteni. P\u00e9ldabesz\u00e9d n\u00e9lk\u00fcl nem sz\u00f3lt hozz\u00e1juk. Mikor azonban egyed\u00fcl volt tan\u00edtv\u00e1nyaival, mindent megmagyar\u00e1zott nekik.<br \/>\nEzek az evang\u00e9lium ig\u00e9i.<\/p>\n<p><span style=\"color: #339966;\">EGYETEMES K\u00d6NY\u00d6RG\u00c9SEK<\/span><br \/>\nPap: Testv\u00e9reim! K\u00e9rj\u00fck bizalommal mennyei Aty\u00e1nkat, aki Egyh\u00e1za \u00e1ltal gondoskodik \u00fcdv\u00f6ss\u00e9g\u00fcnkr\u0151l!<br \/>\nLektor:<br \/>\n1. Add, Urunk, hogy szent n\u00e9ped N. p\u00e1pa vezet\u00e9s\u00e9vel mindenben teljes\u00edtse akaratodat!<br \/>\nH\u00edvek: K\u00e9r\u00fcnk t\u00e9ged, hallgass meg minket!<br \/>\n2. Add, Urunk, hogy Egyh\u00e1zad minden nemes emberi t\u00f6rekv\u00e9st t\u00e1mogasson!<br \/>\nH\u00edvek: K\u00e9r\u00fcnk t\u00e9ged . . .<br \/>\n3. Engedd, Urunk, hogy mindig nagy szeretettel kapcsol\u00f3djunk az Egyh\u00e1zhoz, \u00e9s \u00edgy tegy\u00fck egyre szil\u00e1rdabb\u00e1 szent Fiad titokzatos test\u00e9nek egys\u00e9g\u00e9t!<br \/>\nH\u00edvek: K\u00e9r\u00fcnk t\u00e9ged . . .<br \/>\n4. Engedd, Urunk, hogy egyh\u00e1zk\u00f6zs\u00e9g\u00fcnk csal\u00e1djaiban Krisztus b\u00e9k\u00e9je uralkodj\u00e9k!<br \/>\nH\u00edvek: K\u00e9r\u00fcnk t\u00e9ged . . .<br \/>\n5. Vezess el, Urunk, minden embert az Anyaszentegyh\u00e1z egys\u00e9g\u00e9be!<br \/>\nH\u00edvek: K\u00e9r\u00fcnk t\u00e9ged . . .<br \/>\nPap: Gondvisel\u0151 Aty\u00e1nk! Te \u00fagy rendelted, hogy Egyh\u00e1zad legyen a nemzetek anyja \u00e9s tan\u00edt\u00f3mestere. K\u00e9r\u00fcnk, hogy vezet\u00e9s\u00e9vel minden ember eljusson orsz\u00e1god dics\u0151s\u00e9g\u00e9be! Krisztus, a mi Urunk \u00e1ltal.<br \/>\nH\u00edvek: \u00c1men.<\/p>\n<p><span style=\"color: #339966;\">Felaj\u00e1nl\u00f3 k\u00f6ny\u00f6rg\u00e9s:<\/span><br \/>\nIsten\u00fcnk, te az ember test\u00e9t \u00e9s lelk\u00e9t a keny\u00e9rrel \u00e9s borral mint eledellel t\u00e1pl\u00e1lod, mint szents\u00e9ggel \u00fajj\u00e1alkotod. Add, hogy ugyanezen aj\u00e1nd\u00e9kaid test\u00fcnk \u00e9s lelk\u00fcnk jav\u00e1ra v\u00e1ljanak. Krisztus; a mi Urunk \u00e1ltal.<\/p>\n<p><span style=\"color: #339966;\">\u00c1ldoz\u00e1si \u00e9nek:<\/span><br \/>\nEgyet k\u00e9rtem az \u00dart\u00f3l, egy a v\u00e1gyam: hogy az \u00dar h\u00e1z\u00e1ban lakjam \u00e9letem minden napj\u00e1n. (Zsolt 26,4)<br \/>\n<span style=\"color: #339966;\"><em>vagy<\/em><\/span><br \/>\nSzent Aty\u00e1m, tartsd meg \u0151ket a nevedben, akiket nekem adt\u00e1l, hogy egy legyenek, mint mi \u2013 mondja az \u00dar. (Jn 17,11)<\/p>\n<p><span style=\"color: #339966;\">\u00c1ldoz\u00e1s ut\u00e1ni k\u00f6ny\u00f6rg\u00e9s:<\/span><br \/>\nUrunk, Isten\u00fcnk, szent lakom\u00e1dban val\u00f3 r\u00e9szesed\u00e9s\u00fcnk l\u00e1that\u00f3v\u00e1 teszi a h\u00edvek benned val\u00f3 egys\u00e9g\u00e9t. Add, hogy ez a szent\u00e1ldoz\u00e1s munk\u00e1lja is hat\u00e9konyan ezt az egys\u00e9get Egyh\u00e1zadban. Krisztus, a mi Urunk \u00e1ltal.<\/p>\n","protected":false},"excerpt":{"rendered":"<p>Gyakorta t\u00falgondoljuk dolgainkat. Mintha minden csak rajtunk m\u00falna. Ilyenkor \u00e9ppen \u0150t hagyjuk ki sz\u00e1m\u00edt\u00e1sainkb\u00f3l.\u00a0 &#8222;Nagy az \u00dar, ereje hatalmas, \u00e9s b\u00f6lcsess\u00e9ge m\u00e9rhetetlen&#8221; (Zsolt 146,5). Az \u00e1ltala el\u00fcltetett kis hajt\u00e1s, gyenge pal\u00e1nta naggy\u00e1 n\u0151, a must\u00e1rmag f\u00e1v\u00e1 tereb\u00e9lyesedik. Nem szabad hagynunk, hogy a magunk f\u00e9lelmei \u00e9s kicsinyes gondolkod\u00e1sunk b\u00e9n\u00edtsanak. Amennyiben ezt az \u00e9rz\u00e9st siker\u00fcl legy\u0151zn\u00fcnk magunkban, \u00fagy teret biztos\u00edtunk az isteni Gondvisel\u00e9s sz\u00e1m\u00e1ra.\u00a0 Erre ir\u00e1ny\u00edtja figyelm\u00fcnket m\u00e1r a szentmise k\u00f6ny\u00f6rg\u00e9se is. Az Isten ir\u00e1nti bizalom fel\u00fcl\u00edrja minden bizonytalans\u00e1gunkat \u00e9s f\u00e9lelm\u00fcnket. Bizton rem\u00e9lhetj\u00fck, hogy minden sz\u00fcks\u00e9ges seg\u00edts\u00e9get megkapunk t\u0151le. Csak b\u00edznunk kell \u0151benne. Ezt jelenti tetsz\u00e9s\u00e9nek elnyer\u00e9se. Az olvasm\u00e1ny az isteni mindenhat\u00f3s\u00e1got hivatott \u00e9rz\u00e9keltetni. A magas c\u00e9drusf\u00e1r\u00f3l lemetszett \u00e1g az Isten magas hegy\u00e9n, ahol es\u00e9ly sem lenne az \u00e9letre, z\u00f6ldell\u0151 f\u00e1v\u00e1 tereb\u00e9lyesedik. Csakis az \u0150 erej\u00e9ben vagyok k\u00e9pes b\u00e1rmire. A szentlecke ugyancsak a bizalom fontoss\u00e1g\u00e1t emeli ki. Ez vezet eg\u00e9sz f\u00f6ldi \u00e9let\u00fcnk\u00f6n \u00e1t. V\u00e9g\u00fcl pedig, amikor Isten \u00edt\u00e9l\u0151sz\u00e9ke el\u00e9 \u00e9rkez\u00fcnk, \u00e9ppen \u00e9let\u00fcnk \u00e9s cselekedeteink azok, amelyek meghozz\u00e1k a v\u00e9gs\u0151 d\u00f6nt\u00e9st. Mennyire \u00e9rdekes, ez a felismer\u00e9s nem b\u00e9n\u00edt, sokkal ink\u00e1bb biztat, hogy embers\u00e9gesen \u00e9ljek. Az evang\u00e9liumi p\u00e9ldabesz\u00e9d l\u00e9nyeg\u00e9ben emberi \u00e9let\u00fcnk alapvet\u0151 feladat\u00e1r\u00f3l sz\u00f3l. A feladatot, j\u00f3 lelkiismeretem szerint, nekem kell elv\u00e9geznem. Nem h\u00e1r\u00edthatom m\u00e1sra. Azt k\u00f6vet\u0151en pedig nincs mit\u0151l tartanom. Az elvetett mag, vagyis \u00e9letem munk\u00e1ja, hivat\u00e1sa, gy\u00fcm\u00f6lcs\u00f6t terem. Mindegy, hogy nappal, vagy \u00e9jszaka van. A n\u00f6veked\u00e9st \u00e9s a term\u00e9s be\u00e9r\u00e9s\u00e9t Isten adja.\u00a0 Kezd\u0151\u00e9nek: Halld meg, Uram, hangomat, amellyel hozz\u00e1d ki\u00e1ltok. Te l\u00e9gy seg\u00edt\u0151m, ne hagyj el, \u00e9s ne vess meg engem, \u00fcdv\u00f6z\u00edt\u0151 Istenem. (V\u00f6. Zsolt 26,7.9) K\u00f6ny\u00f6rg\u00e9s: Isten\u00fcnk, benned b\u00edz\u00f3k er\u0151ss\u00e9ge, n\u00e9lk\u00fcled semmit sem tehet a gyenge haland\u00f3. K\u00e9r\u00fcnk, add nek\u00fcnk mindenkor kegyelmed seg\u00edts\u00e9g\u00e9t, hogy j\u00f3 sz\u00e1nd\u00e9kkal teljes\u00edts\u00fck parancsaidat, \u00e9s cselekedeteinkkel megnyerj\u00fck tetsz\u00e9sedet. A mi Urunk, J\u00e9zus Krisztus, a te Fiad \u00e1ltal, aki veled \u00e9l \u00e9s uralkodik a Szentl\u00e9lekkel egys\u00e9gben, Isten mind\u00f6r\u00f6kk\u00f6n \u00f6r\u00f6kk\u00e9. OLVASM\u00c1NY Ezekiel pr\u00f3f\u00e9ta k\u00f6nyv\u00e9b\u0151l (Ez 17,22-24) Ezt mondja az&#8230; <\/p>\n<p><a class=\"readmore\" href=\"https:\/\/stuttgarti-katolikusok.de\/index.php\/evkozi-11-vasarnap-2\/\">R\u00e9szletek<\/a><\/p>\n","protected":false},"author":3,"featured_media":29095,"comment_status":"closed","ping_status":"closed","sticky":false,"template":"","format":"standard","meta":{"footnotes":""},"categories":[85,63],"tags":[],"class_list":["post-29094","post","type-post","status-publish","format-standard","has-post-thumbnail","hentry","category-a-liturgia-olvasmanyai","category-vasarnapi-gondolatok"],"yoast_head":"<!-- This site is optimized with the Yoast SEO plugin v27.3 - https:\/\/yoast.com\/product\/yoast-seo-wordpress\/ -->\n<title>\u00c9vk\u00f6zi 11. vas\u00e1rnap - Stuttgarti Katolikusok<\/title>\n<meta name=\"robots\" content=\"index, follow, max-snippet:-1, max-image-preview:large, max-video-preview:-1\" \/>\n<link rel=\"canonical\" href=\"https:\/\/stuttgarti-katolikusok.de\/index.php\/evkozi-11-vasarnap-2\/\" \/>\n<meta property=\"og:locale\" content=\"hu_HU\" \/>\n<meta property=\"og:type\" content=\"article\" \/>\n<meta property=\"og:title\" content=\"\u00c9vk\u00f6zi 11. vas\u00e1rnap - Stuttgarti Katolikusok\" \/>\n<meta property=\"og:description\" content=\"Gyakorta t\u00falgondoljuk dolgainkat. Mintha minden csak rajtunk m\u00falna. Ilyenkor \u00e9ppen \u0150t hagyjuk ki sz\u00e1m\u00edt\u00e1sainkb\u00f3l.\u00a0 &#8222;Nagy az \u00dar, ereje hatalmas, \u00e9s b\u00f6lcsess\u00e9ge m\u00e9rhetetlen&#8221; (Zsolt 146,5). Az \u00e1ltala el\u00fcltetett kis hajt\u00e1s, gyenge pal\u00e1nta naggy\u00e1 n\u0151, a must\u00e1rmag f\u00e1v\u00e1 tereb\u00e9lyesedik. Nem szabad hagynunk, hogy a magunk f\u00e9lelmei \u00e9s kicsinyes gondolkod\u00e1sunk b\u00e9n\u00edtsanak. Amennyiben ezt az \u00e9rz\u00e9st siker\u00fcl legy\u0151zn\u00fcnk magunkban, \u00fagy teret biztos\u00edtunk az isteni Gondvisel\u00e9s sz\u00e1m\u00e1ra.\u00a0 Erre ir\u00e1ny\u00edtja figyelm\u00fcnket m\u00e1r a szentmise k\u00f6ny\u00f6rg\u00e9se is. Az Isten ir\u00e1nti bizalom fel\u00fcl\u00edrja minden bizonytalans\u00e1gunkat \u00e9s f\u00e9lelm\u00fcnket. Bizton rem\u00e9lhetj\u00fck, hogy minden sz\u00fcks\u00e9ges seg\u00edts\u00e9get megkapunk t\u0151le. Csak b\u00edznunk kell \u0151benne. Ezt jelenti tetsz\u00e9s\u00e9nek elnyer\u00e9se. Az olvasm\u00e1ny az isteni mindenhat\u00f3s\u00e1got hivatott \u00e9rz\u00e9keltetni. A magas c\u00e9drusf\u00e1r\u00f3l lemetszett \u00e1g az Isten magas hegy\u00e9n, ahol es\u00e9ly sem lenne az \u00e9letre, z\u00f6ldell\u0151 f\u00e1v\u00e1 tereb\u00e9lyesedik. Csakis az \u0150 erej\u00e9ben vagyok k\u00e9pes b\u00e1rmire. A szentlecke ugyancsak a bizalom fontoss\u00e1g\u00e1t emeli ki. Ez vezet eg\u00e9sz f\u00f6ldi \u00e9let\u00fcnk\u00f6n \u00e1t. V\u00e9g\u00fcl pedig, amikor Isten \u00edt\u00e9l\u0151sz\u00e9ke el\u00e9 \u00e9rkez\u00fcnk, \u00e9ppen \u00e9let\u00fcnk \u00e9s cselekedeteink azok, amelyek meghozz\u00e1k a v\u00e9gs\u0151 d\u00f6nt\u00e9st. Mennyire \u00e9rdekes, ez a felismer\u00e9s nem b\u00e9n\u00edt, sokkal ink\u00e1bb biztat, hogy embers\u00e9gesen \u00e9ljek. Az evang\u00e9liumi p\u00e9ldabesz\u00e9d l\u00e9nyeg\u00e9ben emberi \u00e9let\u00fcnk alapvet\u0151 feladat\u00e1r\u00f3l sz\u00f3l. A feladatot, j\u00f3 lelkiismeretem szerint, nekem kell elv\u00e9geznem. Nem h\u00e1r\u00edthatom m\u00e1sra. Azt k\u00f6vet\u0151en pedig nincs mit\u0151l tartanom. Az elvetett mag, vagyis \u00e9letem munk\u00e1ja, hivat\u00e1sa, gy\u00fcm\u00f6lcs\u00f6t terem. Mindegy, hogy nappal, vagy \u00e9jszaka van. A n\u00f6veked\u00e9st \u00e9s a term\u00e9s be\u00e9r\u00e9s\u00e9t Isten adja.\u00a0 Kezd\u0151\u00e9nek: Halld meg, Uram, hangomat, amellyel hozz\u00e1d ki\u00e1ltok. Te l\u00e9gy seg\u00edt\u0151m, ne hagyj el, \u00e9s ne vess meg engem, \u00fcdv\u00f6z\u00edt\u0151 Istenem. (V\u00f6. Zsolt 26,7.9) K\u00f6ny\u00f6rg\u00e9s: Isten\u00fcnk, benned b\u00edz\u00f3k er\u0151ss\u00e9ge, n\u00e9lk\u00fcled semmit sem tehet a gyenge haland\u00f3. K\u00e9r\u00fcnk, add nek\u00fcnk mindenkor kegyelmed seg\u00edts\u00e9g\u00e9t, hogy j\u00f3 sz\u00e1nd\u00e9kkal teljes\u00edts\u00fck parancsaidat, \u00e9s cselekedeteinkkel megnyerj\u00fck tetsz\u00e9sedet. A mi Urunk, J\u00e9zus Krisztus, a te Fiad \u00e1ltal, aki veled \u00e9l \u00e9s uralkodik a Szentl\u00e9lekkel egys\u00e9gben, Isten mind\u00f6r\u00f6kk\u00f6n \u00f6r\u00f6kk\u00e9. OLVASM\u00c1NY Ezekiel pr\u00f3f\u00e9ta k\u00f6nyv\u00e9b\u0151l (Ez 17,22-24) Ezt mondja az... R\u00e9szletek\" \/>\n<meta property=\"og:url\" content=\"https:\/\/stuttgarti-katolikusok.de\/index.php\/evkozi-11-vasarnap-2\/\" \/>\n<meta property=\"og:site_name\" content=\"Stuttgarti Katolikusok\" \/>\n<meta property=\"article:published_time\" content=\"2024-06-14T22:00:31+00:00\" \/>\n<meta property=\"article:modified_time\" content=\"2024-06-15T05:40:47+00:00\" \/>\n<meta property=\"og:image\" content=\"https:\/\/stuttgarti-katolikusok.de\/wp-content\/uploads\/2024\/06\/web-12.jpg\" \/>\n\t<meta property=\"og:image:width\" content=\"1080\" \/>\n\t<meta property=\"og:image:height\" content=\"804\" \/>\n\t<meta property=\"og:image:type\" content=\"image\/jpeg\" \/>\n<meta name=\"author\" content=\"Tibor atya\" \/>\n<meta name=\"twitter:card\" content=\"summary_large_image\" \/>\n<meta name=\"twitter:label1\" content=\"Szerz\u0151:\" \/>\n\t<meta name=\"twitter:data1\" content=\"Tibor atya\" \/>\n\t<meta name=\"twitter:label2\" content=\"Becs\u00fclt olvas\u00e1si id\u0151\" \/>\n\t<meta name=\"twitter:data2\" content=\"6 perc\" \/>\n<script type=\"application\/ld+json\" class=\"yoast-schema-graph\">{\"@context\":\"https:\\\/\\\/schema.org\",\"@graph\":[{\"@type\":\"Article\",\"@id\":\"https:\\\/\\\/stuttgarti-katolikusok.de\\\/index.php\\\/evkozi-11-vasarnap-2\\\/#article\",\"isPartOf\":{\"@id\":\"https:\\\/\\\/stuttgarti-katolikusok.de\\\/index.php\\\/evkozi-11-vasarnap-2\\\/\"},\"author\":{\"name\":\"Tibor atya\",\"@id\":\"https:\\\/\\\/stuttgarti-katolikusok.de\\\/#\\\/schema\\\/person\\\/75908d6f8fdc03a57889d27209df7795\"},\"headline\":\"\u00c9vk\u00f6zi 11. vas\u00e1rnap\",\"datePublished\":\"2024-06-14T22:00:31+00:00\",\"dateModified\":\"2024-06-15T05:40:47+00:00\",\"mainEntityOfPage\":{\"@id\":\"https:\\\/\\\/stuttgarti-katolikusok.de\\\/index.php\\\/evkozi-11-vasarnap-2\\\/\"},\"wordCount\":1451,\"image\":{\"@id\":\"https:\\\/\\\/stuttgarti-katolikusok.de\\\/index.php\\\/evkozi-11-vasarnap-2\\\/#primaryimage\"},\"thumbnailUrl\":\"https:\\\/\\\/stuttgarti-katolikusok.de\\\/wp-content\\\/uploads\\\/2024\\\/06\\\/web-12.jpg\",\"articleSection\":[\"A liturgia olvasm\u00e1nyai\",\"Vas\u00e1rnapi gondolatok\"],\"inLanguage\":\"hu\"},{\"@type\":\"WebPage\",\"@id\":\"https:\\\/\\\/stuttgarti-katolikusok.de\\\/index.php\\\/evkozi-11-vasarnap-2\\\/\",\"url\":\"https:\\\/\\\/stuttgarti-katolikusok.de\\\/index.php\\\/evkozi-11-vasarnap-2\\\/\",\"name\":\"\u00c9vk\u00f6zi 11. vas\u00e1rnap - Stuttgarti Katolikusok\",\"isPartOf\":{\"@id\":\"https:\\\/\\\/stuttgarti-katolikusok.de\\\/#website\"},\"primaryImageOfPage\":{\"@id\":\"https:\\\/\\\/stuttgarti-katolikusok.de\\\/index.php\\\/evkozi-11-vasarnap-2\\\/#primaryimage\"},\"image\":{\"@id\":\"https:\\\/\\\/stuttgarti-katolikusok.de\\\/index.php\\\/evkozi-11-vasarnap-2\\\/#primaryimage\"},\"thumbnailUrl\":\"https:\\\/\\\/stuttgarti-katolikusok.de\\\/wp-content\\\/uploads\\\/2024\\\/06\\\/web-12.jpg\",\"datePublished\":\"2024-06-14T22:00:31+00:00\",\"dateModified\":\"2024-06-15T05:40:47+00:00\",\"author\":{\"@id\":\"https:\\\/\\\/stuttgarti-katolikusok.de\\\/#\\\/schema\\\/person\\\/75908d6f8fdc03a57889d27209df7795\"},\"breadcrumb\":{\"@id\":\"https:\\\/\\\/stuttgarti-katolikusok.de\\\/index.php\\\/evkozi-11-vasarnap-2\\\/#breadcrumb\"},\"inLanguage\":\"hu\",\"potentialAction\":[{\"@type\":\"ReadAction\",\"target\":[\"https:\\\/\\\/stuttgarti-katolikusok.de\\\/index.php\\\/evkozi-11-vasarnap-2\\\/\"]}]},{\"@type\":\"ImageObject\",\"inLanguage\":\"hu\",\"@id\":\"https:\\\/\\\/stuttgarti-katolikusok.de\\\/index.php\\\/evkozi-11-vasarnap-2\\\/#primaryimage\",\"url\":\"https:\\\/\\\/stuttgarti-katolikusok.de\\\/wp-content\\\/uploads\\\/2024\\\/06\\\/web-12.jpg\",\"contentUrl\":\"https:\\\/\\\/stuttgarti-katolikusok.de\\\/wp-content\\\/uploads\\\/2024\\\/06\\\/web-12.jpg\",\"width\":1080,\"height\":804},{\"@type\":\"BreadcrumbList\",\"@id\":\"https:\\\/\\\/stuttgarti-katolikusok.de\\\/index.php\\\/evkozi-11-vasarnap-2\\\/#breadcrumb\",\"itemListElement\":[{\"@type\":\"ListItem\",\"position\":1,\"name\":\"Kezd\u0151lap\",\"item\":\"https:\\\/\\\/stuttgarti-katolikusok.de\\\/\"},{\"@type\":\"ListItem\",\"position\":2,\"name\":\"\u00c9vk\u00f6zi 11. vas\u00e1rnap\"}]},{\"@type\":\"WebSite\",\"@id\":\"https:\\\/\\\/stuttgarti-katolikusok.de\\\/#website\",\"url\":\"https:\\\/\\\/stuttgarti-katolikusok.de\\\/\",\"name\":\"Stuttgarti Katolikusok\",\"description\":\"\",\"potentialAction\":[{\"@type\":\"SearchAction\",\"target\":{\"@type\":\"EntryPoint\",\"urlTemplate\":\"https:\\\/\\\/stuttgarti-katolikusok.de\\\/?s={search_term_string}\"},\"query-input\":{\"@type\":\"PropertyValueSpecification\",\"valueRequired\":true,\"valueName\":\"search_term_string\"}}],\"inLanguage\":\"hu\"},{\"@type\":\"Person\",\"@id\":\"https:\\\/\\\/stuttgarti-katolikusok.de\\\/#\\\/schema\\\/person\\\/75908d6f8fdc03a57889d27209df7795\",\"name\":\"Tibor atya\",\"image\":{\"@type\":\"ImageObject\",\"inLanguage\":\"hu\",\"@id\":\"https:\\\/\\\/secure.gravatar.com\\\/avatar\\\/61d268e57d1f4525b111222e29d2d5a7f8c420fdbf231ba5566a8ceac74fa960?s=96&d=mm&r=g\",\"url\":\"https:\\\/\\\/secure.gravatar.com\\\/avatar\\\/61d268e57d1f4525b111222e29d2d5a7f8c420fdbf231ba5566a8ceac74fa960?s=96&d=mm&r=g\",\"contentUrl\":\"https:\\\/\\\/secure.gravatar.com\\\/avatar\\\/61d268e57d1f4525b111222e29d2d5a7f8c420fdbf231ba5566a8ceac74fa960?s=96&d=mm&r=g\",\"caption\":\"Tibor atya\"},\"url\":\"https:\\\/\\\/stuttgarti-katolikusok.de\\\/index.php\\\/author\\\/tibor-atya\\\/\"}]}<\/script>\n<!-- \/ Yoast SEO plugin. -->","yoast_head_json":{"title":"\u00c9vk\u00f6zi 11. vas\u00e1rnap - Stuttgarti Katolikusok","robots":{"index":"index","follow":"follow","max-snippet":"max-snippet:-1","max-image-preview":"max-image-preview:large","max-video-preview":"max-video-preview:-1"},"canonical":"https:\/\/stuttgarti-katolikusok.de\/index.php\/evkozi-11-vasarnap-2\/","og_locale":"hu_HU","og_type":"article","og_title":"\u00c9vk\u00f6zi 11. vas\u00e1rnap - Stuttgarti Katolikusok","og_description":"Gyakorta t\u00falgondoljuk dolgainkat. Mintha minden csak rajtunk m\u00falna. Ilyenkor \u00e9ppen \u0150t hagyjuk ki sz\u00e1m\u00edt\u00e1sainkb\u00f3l.\u00a0 &#8222;Nagy az \u00dar, ereje hatalmas, \u00e9s b\u00f6lcsess\u00e9ge m\u00e9rhetetlen&#8221; (Zsolt 146,5). Az \u00e1ltala el\u00fcltetett kis hajt\u00e1s, gyenge pal\u00e1nta naggy\u00e1 n\u0151, a must\u00e1rmag f\u00e1v\u00e1 tereb\u00e9lyesedik. Nem szabad hagynunk, hogy a magunk f\u00e9lelmei \u00e9s kicsinyes gondolkod\u00e1sunk b\u00e9n\u00edtsanak. Amennyiben ezt az \u00e9rz\u00e9st siker\u00fcl legy\u0151zn\u00fcnk magunkban, \u00fagy teret biztos\u00edtunk az isteni Gondvisel\u00e9s sz\u00e1m\u00e1ra.\u00a0 Erre ir\u00e1ny\u00edtja figyelm\u00fcnket m\u00e1r a szentmise k\u00f6ny\u00f6rg\u00e9se is. Az Isten ir\u00e1nti bizalom fel\u00fcl\u00edrja minden bizonytalans\u00e1gunkat \u00e9s f\u00e9lelm\u00fcnket. Bizton rem\u00e9lhetj\u00fck, hogy minden sz\u00fcks\u00e9ges seg\u00edts\u00e9get megkapunk t\u0151le. Csak b\u00edznunk kell \u0151benne. Ezt jelenti tetsz\u00e9s\u00e9nek elnyer\u00e9se. Az olvasm\u00e1ny az isteni mindenhat\u00f3s\u00e1got hivatott \u00e9rz\u00e9keltetni. A magas c\u00e9drusf\u00e1r\u00f3l lemetszett \u00e1g az Isten magas hegy\u00e9n, ahol es\u00e9ly sem lenne az \u00e9letre, z\u00f6ldell\u0151 f\u00e1v\u00e1 tereb\u00e9lyesedik. Csakis az \u0150 erej\u00e9ben vagyok k\u00e9pes b\u00e1rmire. A szentlecke ugyancsak a bizalom fontoss\u00e1g\u00e1t emeli ki. Ez vezet eg\u00e9sz f\u00f6ldi \u00e9let\u00fcnk\u00f6n \u00e1t. V\u00e9g\u00fcl pedig, amikor Isten \u00edt\u00e9l\u0151sz\u00e9ke el\u00e9 \u00e9rkez\u00fcnk, \u00e9ppen \u00e9let\u00fcnk \u00e9s cselekedeteink azok, amelyek meghozz\u00e1k a v\u00e9gs\u0151 d\u00f6nt\u00e9st. Mennyire \u00e9rdekes, ez a felismer\u00e9s nem b\u00e9n\u00edt, sokkal ink\u00e1bb biztat, hogy embers\u00e9gesen \u00e9ljek. Az evang\u00e9liumi p\u00e9ldabesz\u00e9d l\u00e9nyeg\u00e9ben emberi \u00e9let\u00fcnk alapvet\u0151 feladat\u00e1r\u00f3l sz\u00f3l. A feladatot, j\u00f3 lelkiismeretem szerint, nekem kell elv\u00e9geznem. Nem h\u00e1r\u00edthatom m\u00e1sra. Azt k\u00f6vet\u0151en pedig nincs mit\u0151l tartanom. Az elvetett mag, vagyis \u00e9letem munk\u00e1ja, hivat\u00e1sa, gy\u00fcm\u00f6lcs\u00f6t terem. Mindegy, hogy nappal, vagy \u00e9jszaka van. A n\u00f6veked\u00e9st \u00e9s a term\u00e9s be\u00e9r\u00e9s\u00e9t Isten adja.\u00a0 Kezd\u0151\u00e9nek: Halld meg, Uram, hangomat, amellyel hozz\u00e1d ki\u00e1ltok. Te l\u00e9gy seg\u00edt\u0151m, ne hagyj el, \u00e9s ne vess meg engem, \u00fcdv\u00f6z\u00edt\u0151 Istenem. (V\u00f6. Zsolt 26,7.9) K\u00f6ny\u00f6rg\u00e9s: Isten\u00fcnk, benned b\u00edz\u00f3k er\u0151ss\u00e9ge, n\u00e9lk\u00fcled semmit sem tehet a gyenge haland\u00f3. K\u00e9r\u00fcnk, add nek\u00fcnk mindenkor kegyelmed seg\u00edts\u00e9g\u00e9t, hogy j\u00f3 sz\u00e1nd\u00e9kkal teljes\u00edts\u00fck parancsaidat, \u00e9s cselekedeteinkkel megnyerj\u00fck tetsz\u00e9sedet. A mi Urunk, J\u00e9zus Krisztus, a te Fiad \u00e1ltal, aki veled \u00e9l \u00e9s uralkodik a Szentl\u00e9lekkel egys\u00e9gben, Isten mind\u00f6r\u00f6kk\u00f6n \u00f6r\u00f6kk\u00e9. OLVASM\u00c1NY Ezekiel pr\u00f3f\u00e9ta k\u00f6nyv\u00e9b\u0151l (Ez 17,22-24) Ezt mondja az... R\u00e9szletek","og_url":"https:\/\/stuttgarti-katolikusok.de\/index.php\/evkozi-11-vasarnap-2\/","og_site_name":"Stuttgarti Katolikusok","article_published_time":"2024-06-14T22:00:31+00:00","article_modified_time":"2024-06-15T05:40:47+00:00","og_image":[{"width":1080,"height":804,"url":"https:\/\/stuttgarti-katolikusok.de\/wp-content\/uploads\/2024\/06\/web-12.jpg","type":"image\/jpeg"}],"author":"Tibor atya","twitter_card":"summary_large_image","twitter_misc":{"Szerz\u0151:":"Tibor atya","Becs\u00fclt olvas\u00e1si id\u0151":"6 perc"},"schema":{"@context":"https:\/\/schema.org","@graph":[{"@type":"Article","@id":"https:\/\/stuttgarti-katolikusok.de\/index.php\/evkozi-11-vasarnap-2\/#article","isPartOf":{"@id":"https:\/\/stuttgarti-katolikusok.de\/index.php\/evkozi-11-vasarnap-2\/"},"author":{"name":"Tibor atya","@id":"https:\/\/stuttgarti-katolikusok.de\/#\/schema\/person\/75908d6f8fdc03a57889d27209df7795"},"headline":"\u00c9vk\u00f6zi 11. vas\u00e1rnap","datePublished":"2024-06-14T22:00:31+00:00","dateModified":"2024-06-15T05:40:47+00:00","mainEntityOfPage":{"@id":"https:\/\/stuttgarti-katolikusok.de\/index.php\/evkozi-11-vasarnap-2\/"},"wordCount":1451,"image":{"@id":"https:\/\/stuttgarti-katolikusok.de\/index.php\/evkozi-11-vasarnap-2\/#primaryimage"},"thumbnailUrl":"https:\/\/stuttgarti-katolikusok.de\/wp-content\/uploads\/2024\/06\/web-12.jpg","articleSection":["A liturgia olvasm\u00e1nyai","Vas\u00e1rnapi gondolatok"],"inLanguage":"hu"},{"@type":"WebPage","@id":"https:\/\/stuttgarti-katolikusok.de\/index.php\/evkozi-11-vasarnap-2\/","url":"https:\/\/stuttgarti-katolikusok.de\/index.php\/evkozi-11-vasarnap-2\/","name":"\u00c9vk\u00f6zi 11. vas\u00e1rnap - Stuttgarti Katolikusok","isPartOf":{"@id":"https:\/\/stuttgarti-katolikusok.de\/#website"},"primaryImageOfPage":{"@id":"https:\/\/stuttgarti-katolikusok.de\/index.php\/evkozi-11-vasarnap-2\/#primaryimage"},"image":{"@id":"https:\/\/stuttgarti-katolikusok.de\/index.php\/evkozi-11-vasarnap-2\/#primaryimage"},"thumbnailUrl":"https:\/\/stuttgarti-katolikusok.de\/wp-content\/uploads\/2024\/06\/web-12.jpg","datePublished":"2024-06-14T22:00:31+00:00","dateModified":"2024-06-15T05:40:47+00:00","author":{"@id":"https:\/\/stuttgarti-katolikusok.de\/#\/schema\/person\/75908d6f8fdc03a57889d27209df7795"},"breadcrumb":{"@id":"https:\/\/stuttgarti-katolikusok.de\/index.php\/evkozi-11-vasarnap-2\/#breadcrumb"},"inLanguage":"hu","potentialAction":[{"@type":"ReadAction","target":["https:\/\/stuttgarti-katolikusok.de\/index.php\/evkozi-11-vasarnap-2\/"]}]},{"@type":"ImageObject","inLanguage":"hu","@id":"https:\/\/stuttgarti-katolikusok.de\/index.php\/evkozi-11-vasarnap-2\/#primaryimage","url":"https:\/\/stuttgarti-katolikusok.de\/wp-content\/uploads\/2024\/06\/web-12.jpg","contentUrl":"https:\/\/stuttgarti-katolikusok.de\/wp-content\/uploads\/2024\/06\/web-12.jpg","width":1080,"height":804},{"@type":"BreadcrumbList","@id":"https:\/\/stuttgarti-katolikusok.de\/index.php\/evkozi-11-vasarnap-2\/#breadcrumb","itemListElement":[{"@type":"ListItem","position":1,"name":"Kezd\u0151lap","item":"https:\/\/stuttgarti-katolikusok.de\/"},{"@type":"ListItem","position":2,"name":"\u00c9vk\u00f6zi 11. vas\u00e1rnap"}]},{"@type":"WebSite","@id":"https:\/\/stuttgarti-katolikusok.de\/#website","url":"https:\/\/stuttgarti-katolikusok.de\/","name":"Stuttgarti Katolikusok","description":"","potentialAction":[{"@type":"SearchAction","target":{"@type":"EntryPoint","urlTemplate":"https:\/\/stuttgarti-katolikusok.de\/?s={search_term_string}"},"query-input":{"@type":"PropertyValueSpecification","valueRequired":true,"valueName":"search_term_string"}}],"inLanguage":"hu"},{"@type":"Person","@id":"https:\/\/stuttgarti-katolikusok.de\/#\/schema\/person\/75908d6f8fdc03a57889d27209df7795","name":"Tibor atya","image":{"@type":"ImageObject","inLanguage":"hu","@id":"https:\/\/secure.gravatar.com\/avatar\/61d268e57d1f4525b111222e29d2d5a7f8c420fdbf231ba5566a8ceac74fa960?s=96&d=mm&r=g","url":"https:\/\/secure.gravatar.com\/avatar\/61d268e57d1f4525b111222e29d2d5a7f8c420fdbf231ba5566a8ceac74fa960?s=96&d=mm&r=g","contentUrl":"https:\/\/secure.gravatar.com\/avatar\/61d268e57d1f4525b111222e29d2d5a7f8c420fdbf231ba5566a8ceac74fa960?s=96&d=mm&r=g","caption":"Tibor atya"},"url":"https:\/\/stuttgarti-katolikusok.de\/index.php\/author\/tibor-atya\/"}]}},"_links":{"self":[{"href":"https:\/\/stuttgarti-katolikusok.de\/index.php\/wp-json\/wp\/v2\/posts\/29094","targetHints":{"allow":["GET"]}}],"collection":[{"href":"https:\/\/stuttgarti-katolikusok.de\/index.php\/wp-json\/wp\/v2\/posts"}],"about":[{"href":"https:\/\/stuttgarti-katolikusok.de\/index.php\/wp-json\/wp\/v2\/types\/post"}],"author":[{"embeddable":true,"href":"https:\/\/stuttgarti-katolikusok.de\/index.php\/wp-json\/wp\/v2\/users\/3"}],"replies":[{"embeddable":true,"href":"https:\/\/stuttgarti-katolikusok.de\/index.php\/wp-json\/wp\/v2\/comments?post=29094"}],"version-history":[{"count":2,"href":"https:\/\/stuttgarti-katolikusok.de\/index.php\/wp-json\/wp\/v2\/posts\/29094\/revisions"}],"predecessor-version":[{"id":29097,"href":"https:\/\/stuttgarti-katolikusok.de\/index.php\/wp-json\/wp\/v2\/posts\/29094\/revisions\/29097"}],"wp:featuredmedia":[{"embeddable":true,"href":"https:\/\/stuttgarti-katolikusok.de\/index.php\/wp-json\/wp\/v2\/media\/29095"}],"wp:attachment":[{"href":"https:\/\/stuttgarti-katolikusok.de\/index.php\/wp-json\/wp\/v2\/media?parent=29094"}],"wp:term":[{"taxonomy":"category","embeddable":true,"href":"https:\/\/stuttgarti-katolikusok.de\/index.php\/wp-json\/wp\/v2\/categories?post=29094"},{"taxonomy":"post_tag","embeddable":true,"href":"https:\/\/stuttgarti-katolikusok.de\/index.php\/wp-json\/wp\/v2\/tags?post=29094"}],"curies":[{"name":"wp","href":"https:\/\/api.w.org\/{rel}","templated":true}]}}