{"id":29070,"date":"2024-06-10T14:49:06","date_gmt":"2024-06-10T12:49:06","guid":{"rendered":"https:\/\/stuttgarti-katolikusok.de\/?p=29070"},"modified":"2024-06-13T12:42:13","modified_gmt":"2024-06-13T10:42:13","slug":"2024-junius-10-es-16-kozott","status":"publish","type":"post","link":"https:\/\/stuttgarti-katolikusok.de\/index.php\/2024-junius-10-es-16-kozott\/","title":{"rendered":"2024. J\u00daNIUS 10 \u00c9S 16 K\u00d6Z\u00d6TT"},"content":{"rendered":"<p><span style=\"color: #339966;\"><strong>Programel\u0151zetes<\/strong><\/span><\/p>\n<p style=\"text-align: center;\"><strong><span style=\"color: #339966;\">*<\/span><\/strong><\/p>\n<p><strong>J\u00fanius 13-\u00e1n<\/strong>, cs\u00fct\u00f6rt\u00f6k\u00f6n,<span style=\"color: #339966;\"><strong><em> Weingarteni d\u00e9lut\u00e1n<\/em><\/strong><\/span>, a <em>14 Nothelfer Kapelle-<\/em>ben. 17.30 \u00f3rakor <em>r\u00f3zsaf\u00fcz\u00e9rt im\u00e1dkozunk, <\/em>18.00 \u00f3rakor <em>szentmise, <\/em>keret\u00e9ben <em>katek\u00e9zis.<\/em><\/p>\n<p style=\"text-align: center;\"><span style=\"color: #339966;\"><strong>*<\/strong><\/span><\/p>\n<p><strong>J\u00fanius 14-\u00e9n<\/strong>, p\u00e9nteken, <span style=\"color: #339966;\"><em><strong>Bar\u00e1ts\u00e1gklub<\/strong><\/em><\/span>.<\/p>\n<p>&#8211; Az <em>els\u0151\u00e1ldoz\u00e1sra k\u00e9sz\u00fcl\u0151 gyermekekkel \u00e9s sz\u00fcl\u0151kkel<\/em> <strong>17.00 \u00f3rakor<\/strong> tal\u00e1lkoz\u00f3. A k\u00f6z\u00f6s k\u00e9sz\u00fcletet k\u00f6vet\u0151en <em>els\u0151 gy\u00f3n\u00e1s<\/em>, illetve gy\u00f3n\u00e1si lehet\u0151s\u00e9g a gyermekek sz\u00fclei \u00e9s hozz\u00e1tartoz\u00f3i sz\u00e1m\u00e1ra.<\/p>\n<p>&#8211; A <em>szentmise<\/em> ezen a d\u00e9lut\u00e1non<span style=\"color: #ff0000;\"><em><strong> ELMARAD!<\/strong><\/em><\/span><\/p>\n<p>&#8211; A <span style=\"color: #339966;\"><em><strong>Bar\u00e1ts\u00e1gklub\u00a0<\/strong><\/em><\/span>tagjaival kellemes d\u00e9lut\u00e1nt t\u00f6lthet\u00fcnk el. Amennyiben m\u00e9g valaki nem jelentkezett, de szeretne vel\u00fcnk tartani, jelezze sz\u00e1nd\u00e9k\u00e1t szerd\u00e1id irod\u00e1nkon, hogy helyet tudjunk m\u00e9g biztos\u00edtani.<\/p>\n<p><a href=\"https:\/\/stuttgarti-katolikusok.de\/wp-content\/uploads\/2024\/06\/2024-junius.jpg\"><img loading=\"lazy\" decoding=\"async\" class=\"alignnone size-full wp-image-29071\" src=\"https:\/\/stuttgarti-katolikusok.de\/wp-content\/uploads\/2024\/06\/2024-junius.jpg\" alt=\"\" width=\"2339\" height=\"1654\" srcset=\"https:\/\/stuttgarti-katolikusok.de\/wp-content\/uploads\/2024\/06\/2024-junius.jpg 2339w, https:\/\/stuttgarti-katolikusok.de\/wp-content\/uploads\/2024\/06\/2024-junius-300x212.jpg 300w, https:\/\/stuttgarti-katolikusok.de\/wp-content\/uploads\/2024\/06\/2024-junius-1024x724.jpg 1024w, https:\/\/stuttgarti-katolikusok.de\/wp-content\/uploads\/2024\/06\/2024-junius-1536x1086.jpg 1536w, https:\/\/stuttgarti-katolikusok.de\/wp-content\/uploads\/2024\/06\/2024-junius-2048x1448.jpg 2048w\" sizes=\"auto, (max-width: 2339px) 100vw, 2339px\" \/><\/a><\/p>\n<p style=\"text-align: center;\"><span style=\"color: #339966;\"><strong>*<\/strong><\/span><\/p>\n<p><strong>J\u00fanius 15-\u00e9n<\/strong>, szombaton, <span style=\"color: #339966;\"><strong>Heidenheimban<\/strong><\/span><em>, <\/em>13.30 \u00f3rakor <em>szentmise <\/em>\u00e9s <em>motorszentel\u00e9s.<\/em><\/p>\n<p><a href=\"https:\/\/stuttgarti-katolikusok.de\/wp-content\/uploads\/2024\/06\/motoros-talalkozo-2024-junius-15-heidenheim.jpg\"><img loading=\"lazy\" decoding=\"async\" class=\"alignnone size-full wp-image-29072\" src=\"https:\/\/stuttgarti-katolikusok.de\/wp-content\/uploads\/2024\/06\/motoros-talalkozo-2024-junius-15-heidenheim.jpg\" alt=\"\" width=\"1410\" height=\"2000\" srcset=\"https:\/\/stuttgarti-katolikusok.de\/wp-content\/uploads\/2024\/06\/motoros-talalkozo-2024-junius-15-heidenheim.jpg 1410w, https:\/\/stuttgarti-katolikusok.de\/wp-content\/uploads\/2024\/06\/motoros-talalkozo-2024-junius-15-heidenheim-212x300.jpg 212w, https:\/\/stuttgarti-katolikusok.de\/wp-content\/uploads\/2024\/06\/motoros-talalkozo-2024-junius-15-heidenheim-722x1024.jpg 722w, https:\/\/stuttgarti-katolikusok.de\/wp-content\/uploads\/2024\/06\/motoros-talalkozo-2024-junius-15-heidenheim-1083x1536.jpg 1083w\" sizes=\"auto, (max-width: 1410px) 100vw, 1410px\" \/><\/a><\/p>\n<p style=\"text-align: center;\"><span style=\"color: #339966;\"><strong>\u00a0*<\/strong><\/span><\/p>\n<p><strong>J\u00fanius 16-\u00e1n<em>, <span style=\"color: #339966;\">\u00c9vk\u00f6zi 11. vas\u00e1rnap<\/span><\/em><\/strong><em>,<\/em><\/p>\n<p><span style=\"color: #339966;\"><strong>Stuttgartban<\/strong><\/span><strong><em>\u00a0<\/em><\/strong>11.30 \u00f3rakor <em>szentmise,<\/em> keret\u00e9ben <em>els\u0151\u00e1ldoz\u00e1si \u00fcnnep,<\/em><\/p>\n<p><span style=\"color: #339966;\"><strong>Heilbronnban<\/strong><\/span> 15.30 \u00f3rakor<em> szentmise, <\/em>ut\u00e1na <em>agap\u00e9.<\/em><\/p>\n<p style=\"text-align: center;\"><span style=\"color: #339966;\"><strong>*<\/strong><\/span><\/p>\n<p>Minden helyen mindenkit szeretettel v\u00e1r a k\u00f6z\u00f6ss\u00e9g \u00e9s Tibor atya!<\/p>\n<p style=\"text-align: center;\"><span style=\"color: #339966;\"><strong>*<\/strong><\/span><\/p>\n<p><a href=\"https:\/\/stuttgarti-katolikusok.de\/wp-content\/uploads\/2024\/06\/forrasviz.png\"><img loading=\"lazy\" decoding=\"async\" class=\"alignnone size-full wp-image-29075\" src=\"https:\/\/stuttgarti-katolikusok.de\/wp-content\/uploads\/2024\/06\/forrasviz.png\" alt=\"\" width=\"1515\" height=\"852\" srcset=\"https:\/\/stuttgarti-katolikusok.de\/wp-content\/uploads\/2024\/06\/forrasviz.png 1515w, https:\/\/stuttgarti-katolikusok.de\/wp-content\/uploads\/2024\/06\/forrasviz-300x169.png 300w, https:\/\/stuttgarti-katolikusok.de\/wp-content\/uploads\/2024\/06\/forrasviz-1024x576.png 1024w\" sizes=\"auto, (max-width: 1515px) 100vw, 1515px\" \/><\/a><\/p>\n<p style=\"text-align: center;\"><span style=\"color: #339966;\"><strong><em>*<\/em><\/strong><\/span><\/p>\n<p style=\"text-align: center;\"><span style=\"color: #339966;\"><strong><em>Kegyelemteljes napokat, tartalmas besz\u00e9lget\u00e9seket \u00e9s \u00f6r\u00f6mteli tal\u00e1lkoz\u00e1sokat k\u00edv\u00e1nunk minden Kedves H\u00edv\u00fcnknek!<\/em><\/strong><\/span><\/p>\n<p style=\"text-align: center;\"><span style=\"color: #339966;\"><strong>*<\/strong><\/span><\/p>\n<p><strong><em>\u201eNagy vagy te, Uram, Istenem,<\/em><\/strong><\/p>\n<p><strong><em>minden dics\u00e9ret t\u00e9ged illet!<\/em><\/strong><\/p>\n<p><strong><em>Dics\u0151\u00edtenek mind az emberek,<\/em><\/strong><\/p>\n<p><strong><em>teremt\u00e9sed par\u00e1nyi m\u0171vei.<\/em><\/strong><\/p>\n<p><strong><em>Te magad rendelted, hogy \u00edgy legyen:<\/em><\/strong><\/p>\n<p><strong><em>te teremtett\u00e9l magad sz\u00e1m\u00e1ra minket,<\/em><\/strong><\/p>\n<p><strong><em>\u00e9s nyugtalan mindv\u00e9gig a sz\u00edv\u00fcnk,<\/em><\/strong><\/p>\n<p><strong><em>m\u00edg meg nem nyugszik benned, Istenem.\u201d<\/em><\/strong><\/p>\n<p><em>(Szent \u00c1goston \u2013 <\/em><em>hipp\u00f3i p\u00fcsp\u00f6k, egyh\u00e1zatya, filoz\u00f3fus<\/em><em> &#8211; 354 &#8211; 430)<\/em><\/p>\n","protected":false},"excerpt":{"rendered":"<p>Programel\u0151zetes * J\u00fanius 13-\u00e1n, cs\u00fct\u00f6rt\u00f6k\u00f6n, Weingarteni d\u00e9lut\u00e1n, a 14 Nothelfer Kapelle-ben. 17.30 \u00f3rakor r\u00f3zsaf\u00fcz\u00e9rt im\u00e1dkozunk, 18.00 \u00f3rakor szentmise, keret\u00e9ben katek\u00e9zis. * J\u00fanius 14-\u00e9n, p\u00e9nteken, Bar\u00e1ts\u00e1gklub. &#8211; Az els\u0151\u00e1ldoz\u00e1sra k\u00e9sz\u00fcl\u0151 gyermekekkel \u00e9s sz\u00fcl\u0151kkel 17.00 \u00f3rakor tal\u00e1lkoz\u00f3. A k\u00f6z\u00f6s k\u00e9sz\u00fcletet k\u00f6vet\u0151en els\u0151 gy\u00f3n\u00e1s, illetve gy\u00f3n\u00e1si lehet\u0151s\u00e9g a gyermekek sz\u00fclei \u00e9s hozz\u00e1tartoz\u00f3i sz\u00e1m\u00e1ra. &#8211; A szentmise ezen a d\u00e9lut\u00e1non ELMARAD! &#8211; A Bar\u00e1ts\u00e1gklub\u00a0tagjaival kellemes d\u00e9lut\u00e1nt t\u00f6lthet\u00fcnk el. Amennyiben m\u00e9g valaki nem jelentkezett, de szeretne vel\u00fcnk tartani, jelezze sz\u00e1nd\u00e9k\u00e1t szerd\u00e1id irod\u00e1nkon, hogy helyet tudjunk m\u00e9g biztos\u00edtani. * J\u00fanius 15-\u00e9n, szombaton, Heidenheimban, 13.30 \u00f3rakor szentmise \u00e9s motorszentel\u00e9s. \u00a0* J\u00fanius 16-\u00e1n, \u00c9vk\u00f6zi 11. vas\u00e1rnap, Stuttgartban\u00a011.30 \u00f3rakor szentmise, keret\u00e9ben els\u0151\u00e1ldoz\u00e1si \u00fcnnep, Heilbronnban 15.30 \u00f3rakor szentmise, ut\u00e1na agap\u00e9. * Minden helyen mindenkit szeretettel v\u00e1r a k\u00f6z\u00f6ss\u00e9g \u00e9s Tibor atya! * * Kegyelemteljes napokat, tartalmas besz\u00e9lget\u00e9seket \u00e9s \u00f6r\u00f6mteli tal\u00e1lkoz\u00e1sokat k\u00edv\u00e1nunk minden Kedves H\u00edv\u00fcnknek! * \u201eNagy vagy te, Uram, Istenem, minden dics\u00e9ret t\u00e9ged illet! Dics\u0151\u00edtenek mind az emberek, teremt\u00e9sed par\u00e1nyi m\u0171vei. Te magad rendelted, hogy \u00edgy legyen: te teremtett\u00e9l magad sz\u00e1m\u00e1ra minket, \u00e9s nyugtalan mindv\u00e9gig a sz\u00edv\u00fcnk, m\u00edg meg nem nyugszik benned, Istenem.\u201d (Szent \u00c1goston \u2013 hipp\u00f3i p\u00fcsp\u00f6k, egyh\u00e1zatya, filoz\u00f3fus &#8211; 354 &#8211; 430)<\/p>\n","protected":false},"author":3,"featured_media":23500,"comment_status":"closed","ping_status":"closed","sticky":false,"template":"","format":"standard","meta":{"footnotes":""},"categories":[37],"tags":[],"class_list":["post-29070","post","type-post","status-publish","format-standard","has-post-thumbnail","hentry","category-progamelozetes"],"yoast_head":"<!-- This site is optimized with the Yoast SEO plugin v27.3 - https:\/\/yoast.com\/product\/yoast-seo-wordpress\/ -->\n<title>2024. J\u00daNIUS 10 \u00c9S 16 K\u00d6Z\u00d6TT - Stuttgarti Katolikusok<\/title>\n<meta name=\"robots\" content=\"index, follow, max-snippet:-1, max-image-preview:large, max-video-preview:-1\" \/>\n<link rel=\"canonical\" href=\"https:\/\/stuttgarti-katolikusok.de\/index.php\/2024-junius-10-es-16-kozott\/\" \/>\n<meta property=\"og:locale\" content=\"hu_HU\" \/>\n<meta property=\"og:type\" content=\"article\" \/>\n<meta property=\"og:title\" content=\"2024. J\u00daNIUS 10 \u00c9S 16 K\u00d6Z\u00d6TT - Stuttgarti Katolikusok\" \/>\n<meta property=\"og:description\" content=\"Programel\u0151zetes * J\u00fanius 13-\u00e1n, cs\u00fct\u00f6rt\u00f6k\u00f6n, Weingarteni d\u00e9lut\u00e1n, a 14 Nothelfer Kapelle-ben. 17.30 \u00f3rakor r\u00f3zsaf\u00fcz\u00e9rt im\u00e1dkozunk, 18.00 \u00f3rakor szentmise, keret\u00e9ben katek\u00e9zis. * J\u00fanius 14-\u00e9n, p\u00e9nteken, Bar\u00e1ts\u00e1gklub. &#8211; Az els\u0151\u00e1ldoz\u00e1sra k\u00e9sz\u00fcl\u0151 gyermekekkel \u00e9s sz\u00fcl\u0151kkel 17.00 \u00f3rakor tal\u00e1lkoz\u00f3. A k\u00f6z\u00f6s k\u00e9sz\u00fcletet k\u00f6vet\u0151en els\u0151 gy\u00f3n\u00e1s, illetve gy\u00f3n\u00e1si lehet\u0151s\u00e9g a gyermekek sz\u00fclei \u00e9s hozz\u00e1tartoz\u00f3i sz\u00e1m\u00e1ra. &#8211; A szentmise ezen a d\u00e9lut\u00e1non ELMARAD! &#8211; A Bar\u00e1ts\u00e1gklub\u00a0tagjaival kellemes d\u00e9lut\u00e1nt t\u00f6lthet\u00fcnk el. Amennyiben m\u00e9g valaki nem jelentkezett, de szeretne vel\u00fcnk tartani, jelezze sz\u00e1nd\u00e9k\u00e1t szerd\u00e1id irod\u00e1nkon, hogy helyet tudjunk m\u00e9g biztos\u00edtani. * J\u00fanius 15-\u00e9n, szombaton, Heidenheimban, 13.30 \u00f3rakor szentmise \u00e9s motorszentel\u00e9s. \u00a0* J\u00fanius 16-\u00e1n, \u00c9vk\u00f6zi 11. vas\u00e1rnap, Stuttgartban\u00a011.30 \u00f3rakor szentmise, keret\u00e9ben els\u0151\u00e1ldoz\u00e1si \u00fcnnep, Heilbronnban 15.30 \u00f3rakor szentmise, ut\u00e1na agap\u00e9. * Minden helyen mindenkit szeretettel v\u00e1r a k\u00f6z\u00f6ss\u00e9g \u00e9s Tibor atya! * * Kegyelemteljes napokat, tartalmas besz\u00e9lget\u00e9seket \u00e9s \u00f6r\u00f6mteli tal\u00e1lkoz\u00e1sokat k\u00edv\u00e1nunk minden Kedves H\u00edv\u00fcnknek! * \u201eNagy vagy te, Uram, Istenem, minden dics\u00e9ret t\u00e9ged illet! Dics\u0151\u00edtenek mind az emberek, teremt\u00e9sed par\u00e1nyi m\u0171vei. Te magad rendelted, hogy \u00edgy legyen: te teremtett\u00e9l magad sz\u00e1m\u00e1ra minket, \u00e9s nyugtalan mindv\u00e9gig a sz\u00edv\u00fcnk, m\u00edg meg nem nyugszik benned, Istenem.\u201d (Szent \u00c1goston \u2013 hipp\u00f3i p\u00fcsp\u00f6k, egyh\u00e1zatya, filoz\u00f3fus &#8211; 354 &#8211; 430)\" \/>\n<meta property=\"og:url\" content=\"https:\/\/stuttgarti-katolikusok.de\/index.php\/2024-junius-10-es-16-kozott\/\" \/>\n<meta property=\"og:site_name\" content=\"Stuttgarti Katolikusok\" \/>\n<meta property=\"article:published_time\" content=\"2024-06-10T12:49:06+00:00\" \/>\n<meta property=\"article:modified_time\" content=\"2024-06-13T10:42:13+00:00\" \/>\n<meta property=\"og:image\" content=\"https:\/\/stuttgarti-katolikusok.de\/wp-content\/uploads\/2022\/06\/kepernyofelvetel-38.png\" \/>\n\t<meta property=\"og:image:width\" content=\"1450\" \/>\n\t<meta property=\"og:image:height\" content=\"921\" \/>\n\t<meta property=\"og:image:type\" content=\"image\/png\" \/>\n<meta name=\"author\" content=\"Tibor atya\" \/>\n<meta name=\"twitter:card\" content=\"summary_large_image\" \/>\n<meta name=\"twitter:label1\" content=\"Szerz\u0151:\" \/>\n\t<meta name=\"twitter:data1\" content=\"Tibor atya\" \/>\n\t<meta name=\"twitter:label2\" content=\"Becs\u00fclt olvas\u00e1si id\u0151\" \/>\n\t<meta name=\"twitter:data2\" content=\"2 perc\" \/>\n<script type=\"application\/ld+json\" class=\"yoast-schema-graph\">{\"@context\":\"https:\\\/\\\/schema.org\",\"@graph\":[{\"@type\":\"Article\",\"@id\":\"https:\\\/\\\/stuttgarti-katolikusok.de\\\/index.php\\\/2024-junius-10-es-16-kozott\\\/#article\",\"isPartOf\":{\"@id\":\"https:\\\/\\\/stuttgarti-katolikusok.de\\\/index.php\\\/2024-junius-10-es-16-kozott\\\/\"},\"author\":{\"name\":\"Tibor atya\",\"@id\":\"https:\\\/\\\/stuttgarti-katolikusok.de\\\/#\\\/schema\\\/person\\\/75908d6f8fdc03a57889d27209df7795\"},\"headline\":\"2024. J\u00daNIUS 10 \u00c9S 16 K\u00d6Z\u00d6TT\",\"datePublished\":\"2024-06-10T12:49:06+00:00\",\"dateModified\":\"2024-06-13T10:42:13+00:00\",\"mainEntityOfPage\":{\"@id\":\"https:\\\/\\\/stuttgarti-katolikusok.de\\\/index.php\\\/2024-junius-10-es-16-kozott\\\/\"},\"wordCount\":276,\"image\":{\"@id\":\"https:\\\/\\\/stuttgarti-katolikusok.de\\\/index.php\\\/2024-junius-10-es-16-kozott\\\/#primaryimage\"},\"thumbnailUrl\":\"https:\\\/\\\/stuttgarti-katolikusok.de\\\/wp-content\\\/uploads\\\/2022\\\/06\\\/kepernyofelvetel-38.png\",\"articleSection\":[\"Progamel\u0151zetes\"],\"inLanguage\":\"hu\"},{\"@type\":\"WebPage\",\"@id\":\"https:\\\/\\\/stuttgarti-katolikusok.de\\\/index.php\\\/2024-junius-10-es-16-kozott\\\/\",\"url\":\"https:\\\/\\\/stuttgarti-katolikusok.de\\\/index.php\\\/2024-junius-10-es-16-kozott\\\/\",\"name\":\"2024. J\u00daNIUS 10 \u00c9S 16 K\u00d6Z\u00d6TT - Stuttgarti Katolikusok\",\"isPartOf\":{\"@id\":\"https:\\\/\\\/stuttgarti-katolikusok.de\\\/#website\"},\"primaryImageOfPage\":{\"@id\":\"https:\\\/\\\/stuttgarti-katolikusok.de\\\/index.php\\\/2024-junius-10-es-16-kozott\\\/#primaryimage\"},\"image\":{\"@id\":\"https:\\\/\\\/stuttgarti-katolikusok.de\\\/index.php\\\/2024-junius-10-es-16-kozott\\\/#primaryimage\"},\"thumbnailUrl\":\"https:\\\/\\\/stuttgarti-katolikusok.de\\\/wp-content\\\/uploads\\\/2022\\\/06\\\/kepernyofelvetel-38.png\",\"datePublished\":\"2024-06-10T12:49:06+00:00\",\"dateModified\":\"2024-06-13T10:42:13+00:00\",\"author\":{\"@id\":\"https:\\\/\\\/stuttgarti-katolikusok.de\\\/#\\\/schema\\\/person\\\/75908d6f8fdc03a57889d27209df7795\"},\"breadcrumb\":{\"@id\":\"https:\\\/\\\/stuttgarti-katolikusok.de\\\/index.php\\\/2024-junius-10-es-16-kozott\\\/#breadcrumb\"},\"inLanguage\":\"hu\",\"potentialAction\":[{\"@type\":\"ReadAction\",\"target\":[\"https:\\\/\\\/stuttgarti-katolikusok.de\\\/index.php\\\/2024-junius-10-es-16-kozott\\\/\"]}]},{\"@type\":\"ImageObject\",\"inLanguage\":\"hu\",\"@id\":\"https:\\\/\\\/stuttgarti-katolikusok.de\\\/index.php\\\/2024-junius-10-es-16-kozott\\\/#primaryimage\",\"url\":\"https:\\\/\\\/stuttgarti-katolikusok.de\\\/wp-content\\\/uploads\\\/2022\\\/06\\\/kepernyofelvetel-38.png\",\"contentUrl\":\"https:\\\/\\\/stuttgarti-katolikusok.de\\\/wp-content\\\/uploads\\\/2022\\\/06\\\/kepernyofelvetel-38.png\",\"width\":1450,\"height\":921},{\"@type\":\"BreadcrumbList\",\"@id\":\"https:\\\/\\\/stuttgarti-katolikusok.de\\\/index.php\\\/2024-junius-10-es-16-kozott\\\/#breadcrumb\",\"itemListElement\":[{\"@type\":\"ListItem\",\"position\":1,\"name\":\"Kezd\u0151lap\",\"item\":\"https:\\\/\\\/stuttgarti-katolikusok.de\\\/\"},{\"@type\":\"ListItem\",\"position\":2,\"name\":\"2024. J\u00daNIUS 10 \u00c9S 16 K\u00d6Z\u00d6TT\"}]},{\"@type\":\"WebSite\",\"@id\":\"https:\\\/\\\/stuttgarti-katolikusok.de\\\/#website\",\"url\":\"https:\\\/\\\/stuttgarti-katolikusok.de\\\/\",\"name\":\"Stuttgarti Katolikusok\",\"description\":\"\",\"potentialAction\":[{\"@type\":\"SearchAction\",\"target\":{\"@type\":\"EntryPoint\",\"urlTemplate\":\"https:\\\/\\\/stuttgarti-katolikusok.de\\\/?s={search_term_string}\"},\"query-input\":{\"@type\":\"PropertyValueSpecification\",\"valueRequired\":true,\"valueName\":\"search_term_string\"}}],\"inLanguage\":\"hu\"},{\"@type\":\"Person\",\"@id\":\"https:\\\/\\\/stuttgarti-katolikusok.de\\\/#\\\/schema\\\/person\\\/75908d6f8fdc03a57889d27209df7795\",\"name\":\"Tibor atya\",\"image\":{\"@type\":\"ImageObject\",\"inLanguage\":\"hu\",\"@id\":\"https:\\\/\\\/secure.gravatar.com\\\/avatar\\\/61d268e57d1f4525b111222e29d2d5a7f8c420fdbf231ba5566a8ceac74fa960?s=96&d=mm&r=g\",\"url\":\"https:\\\/\\\/secure.gravatar.com\\\/avatar\\\/61d268e57d1f4525b111222e29d2d5a7f8c420fdbf231ba5566a8ceac74fa960?s=96&d=mm&r=g\",\"contentUrl\":\"https:\\\/\\\/secure.gravatar.com\\\/avatar\\\/61d268e57d1f4525b111222e29d2d5a7f8c420fdbf231ba5566a8ceac74fa960?s=96&d=mm&r=g\",\"caption\":\"Tibor atya\"},\"url\":\"https:\\\/\\\/stuttgarti-katolikusok.de\\\/index.php\\\/author\\\/tibor-atya\\\/\"}]}<\/script>\n<!-- \/ Yoast SEO plugin. -->","yoast_head_json":{"title":"2024. J\u00daNIUS 10 \u00c9S 16 K\u00d6Z\u00d6TT - Stuttgarti Katolikusok","robots":{"index":"index","follow":"follow","max-snippet":"max-snippet:-1","max-image-preview":"max-image-preview:large","max-video-preview":"max-video-preview:-1"},"canonical":"https:\/\/stuttgarti-katolikusok.de\/index.php\/2024-junius-10-es-16-kozott\/","og_locale":"hu_HU","og_type":"article","og_title":"2024. J\u00daNIUS 10 \u00c9S 16 K\u00d6Z\u00d6TT - Stuttgarti Katolikusok","og_description":"Programel\u0151zetes * J\u00fanius 13-\u00e1n, cs\u00fct\u00f6rt\u00f6k\u00f6n, Weingarteni d\u00e9lut\u00e1n, a 14 Nothelfer Kapelle-ben. 17.30 \u00f3rakor r\u00f3zsaf\u00fcz\u00e9rt im\u00e1dkozunk, 18.00 \u00f3rakor szentmise, keret\u00e9ben katek\u00e9zis. * J\u00fanius 14-\u00e9n, p\u00e9nteken, Bar\u00e1ts\u00e1gklub. &#8211; Az els\u0151\u00e1ldoz\u00e1sra k\u00e9sz\u00fcl\u0151 gyermekekkel \u00e9s sz\u00fcl\u0151kkel 17.00 \u00f3rakor tal\u00e1lkoz\u00f3. A k\u00f6z\u00f6s k\u00e9sz\u00fcletet k\u00f6vet\u0151en els\u0151 gy\u00f3n\u00e1s, illetve gy\u00f3n\u00e1si lehet\u0151s\u00e9g a gyermekek sz\u00fclei \u00e9s hozz\u00e1tartoz\u00f3i sz\u00e1m\u00e1ra. &#8211; A szentmise ezen a d\u00e9lut\u00e1non ELMARAD! &#8211; A Bar\u00e1ts\u00e1gklub\u00a0tagjaival kellemes d\u00e9lut\u00e1nt t\u00f6lthet\u00fcnk el. Amennyiben m\u00e9g valaki nem jelentkezett, de szeretne vel\u00fcnk tartani, jelezze sz\u00e1nd\u00e9k\u00e1t szerd\u00e1id irod\u00e1nkon, hogy helyet tudjunk m\u00e9g biztos\u00edtani. * J\u00fanius 15-\u00e9n, szombaton, Heidenheimban, 13.30 \u00f3rakor szentmise \u00e9s motorszentel\u00e9s. \u00a0* J\u00fanius 16-\u00e1n, \u00c9vk\u00f6zi 11. vas\u00e1rnap, Stuttgartban\u00a011.30 \u00f3rakor szentmise, keret\u00e9ben els\u0151\u00e1ldoz\u00e1si \u00fcnnep, Heilbronnban 15.30 \u00f3rakor szentmise, ut\u00e1na agap\u00e9. * Minden helyen mindenkit szeretettel v\u00e1r a k\u00f6z\u00f6ss\u00e9g \u00e9s Tibor atya! * * Kegyelemteljes napokat, tartalmas besz\u00e9lget\u00e9seket \u00e9s \u00f6r\u00f6mteli tal\u00e1lkoz\u00e1sokat k\u00edv\u00e1nunk minden Kedves H\u00edv\u00fcnknek! * \u201eNagy vagy te, Uram, Istenem, minden dics\u00e9ret t\u00e9ged illet! Dics\u0151\u00edtenek mind az emberek, teremt\u00e9sed par\u00e1nyi m\u0171vei. Te magad rendelted, hogy \u00edgy legyen: te teremtett\u00e9l magad sz\u00e1m\u00e1ra minket, \u00e9s nyugtalan mindv\u00e9gig a sz\u00edv\u00fcnk, m\u00edg meg nem nyugszik benned, Istenem.\u201d (Szent \u00c1goston \u2013 hipp\u00f3i p\u00fcsp\u00f6k, egyh\u00e1zatya, filoz\u00f3fus &#8211; 354 &#8211; 430)","og_url":"https:\/\/stuttgarti-katolikusok.de\/index.php\/2024-junius-10-es-16-kozott\/","og_site_name":"Stuttgarti Katolikusok","article_published_time":"2024-06-10T12:49:06+00:00","article_modified_time":"2024-06-13T10:42:13+00:00","og_image":[{"width":1450,"height":921,"url":"https:\/\/stuttgarti-katolikusok.de\/wp-content\/uploads\/2022\/06\/kepernyofelvetel-38.png","type":"image\/png"}],"author":"Tibor atya","twitter_card":"summary_large_image","twitter_misc":{"Szerz\u0151:":"Tibor atya","Becs\u00fclt olvas\u00e1si id\u0151":"2 perc"},"schema":{"@context":"https:\/\/schema.org","@graph":[{"@type":"Article","@id":"https:\/\/stuttgarti-katolikusok.de\/index.php\/2024-junius-10-es-16-kozott\/#article","isPartOf":{"@id":"https:\/\/stuttgarti-katolikusok.de\/index.php\/2024-junius-10-es-16-kozott\/"},"author":{"name":"Tibor atya","@id":"https:\/\/stuttgarti-katolikusok.de\/#\/schema\/person\/75908d6f8fdc03a57889d27209df7795"},"headline":"2024. J\u00daNIUS 10 \u00c9S 16 K\u00d6Z\u00d6TT","datePublished":"2024-06-10T12:49:06+00:00","dateModified":"2024-06-13T10:42:13+00:00","mainEntityOfPage":{"@id":"https:\/\/stuttgarti-katolikusok.de\/index.php\/2024-junius-10-es-16-kozott\/"},"wordCount":276,"image":{"@id":"https:\/\/stuttgarti-katolikusok.de\/index.php\/2024-junius-10-es-16-kozott\/#primaryimage"},"thumbnailUrl":"https:\/\/stuttgarti-katolikusok.de\/wp-content\/uploads\/2022\/06\/kepernyofelvetel-38.png","articleSection":["Progamel\u0151zetes"],"inLanguage":"hu"},{"@type":"WebPage","@id":"https:\/\/stuttgarti-katolikusok.de\/index.php\/2024-junius-10-es-16-kozott\/","url":"https:\/\/stuttgarti-katolikusok.de\/index.php\/2024-junius-10-es-16-kozott\/","name":"2024. J\u00daNIUS 10 \u00c9S 16 K\u00d6Z\u00d6TT - Stuttgarti Katolikusok","isPartOf":{"@id":"https:\/\/stuttgarti-katolikusok.de\/#website"},"primaryImageOfPage":{"@id":"https:\/\/stuttgarti-katolikusok.de\/index.php\/2024-junius-10-es-16-kozott\/#primaryimage"},"image":{"@id":"https:\/\/stuttgarti-katolikusok.de\/index.php\/2024-junius-10-es-16-kozott\/#primaryimage"},"thumbnailUrl":"https:\/\/stuttgarti-katolikusok.de\/wp-content\/uploads\/2022\/06\/kepernyofelvetel-38.png","datePublished":"2024-06-10T12:49:06+00:00","dateModified":"2024-06-13T10:42:13+00:00","author":{"@id":"https:\/\/stuttgarti-katolikusok.de\/#\/schema\/person\/75908d6f8fdc03a57889d27209df7795"},"breadcrumb":{"@id":"https:\/\/stuttgarti-katolikusok.de\/index.php\/2024-junius-10-es-16-kozott\/#breadcrumb"},"inLanguage":"hu","potentialAction":[{"@type":"ReadAction","target":["https:\/\/stuttgarti-katolikusok.de\/index.php\/2024-junius-10-es-16-kozott\/"]}]},{"@type":"ImageObject","inLanguage":"hu","@id":"https:\/\/stuttgarti-katolikusok.de\/index.php\/2024-junius-10-es-16-kozott\/#primaryimage","url":"https:\/\/stuttgarti-katolikusok.de\/wp-content\/uploads\/2022\/06\/kepernyofelvetel-38.png","contentUrl":"https:\/\/stuttgarti-katolikusok.de\/wp-content\/uploads\/2022\/06\/kepernyofelvetel-38.png","width":1450,"height":921},{"@type":"BreadcrumbList","@id":"https:\/\/stuttgarti-katolikusok.de\/index.php\/2024-junius-10-es-16-kozott\/#breadcrumb","itemListElement":[{"@type":"ListItem","position":1,"name":"Kezd\u0151lap","item":"https:\/\/stuttgarti-katolikusok.de\/"},{"@type":"ListItem","position":2,"name":"2024. J\u00daNIUS 10 \u00c9S 16 K\u00d6Z\u00d6TT"}]},{"@type":"WebSite","@id":"https:\/\/stuttgarti-katolikusok.de\/#website","url":"https:\/\/stuttgarti-katolikusok.de\/","name":"Stuttgarti Katolikusok","description":"","potentialAction":[{"@type":"SearchAction","target":{"@type":"EntryPoint","urlTemplate":"https:\/\/stuttgarti-katolikusok.de\/?s={search_term_string}"},"query-input":{"@type":"PropertyValueSpecification","valueRequired":true,"valueName":"search_term_string"}}],"inLanguage":"hu"},{"@type":"Person","@id":"https:\/\/stuttgarti-katolikusok.de\/#\/schema\/person\/75908d6f8fdc03a57889d27209df7795","name":"Tibor atya","image":{"@type":"ImageObject","inLanguage":"hu","@id":"https:\/\/secure.gravatar.com\/avatar\/61d268e57d1f4525b111222e29d2d5a7f8c420fdbf231ba5566a8ceac74fa960?s=96&d=mm&r=g","url":"https:\/\/secure.gravatar.com\/avatar\/61d268e57d1f4525b111222e29d2d5a7f8c420fdbf231ba5566a8ceac74fa960?s=96&d=mm&r=g","contentUrl":"https:\/\/secure.gravatar.com\/avatar\/61d268e57d1f4525b111222e29d2d5a7f8c420fdbf231ba5566a8ceac74fa960?s=96&d=mm&r=g","caption":"Tibor atya"},"url":"https:\/\/stuttgarti-katolikusok.de\/index.php\/author\/tibor-atya\/"}]}},"_links":{"self":[{"href":"https:\/\/stuttgarti-katolikusok.de\/index.php\/wp-json\/wp\/v2\/posts\/29070","targetHints":{"allow":["GET"]}}],"collection":[{"href":"https:\/\/stuttgarti-katolikusok.de\/index.php\/wp-json\/wp\/v2\/posts"}],"about":[{"href":"https:\/\/stuttgarti-katolikusok.de\/index.php\/wp-json\/wp\/v2\/types\/post"}],"author":[{"embeddable":true,"href":"https:\/\/stuttgarti-katolikusok.de\/index.php\/wp-json\/wp\/v2\/users\/3"}],"replies":[{"embeddable":true,"href":"https:\/\/stuttgarti-katolikusok.de\/index.php\/wp-json\/wp\/v2\/comments?post=29070"}],"version-history":[{"count":5,"href":"https:\/\/stuttgarti-katolikusok.de\/index.php\/wp-json\/wp\/v2\/posts\/29070\/revisions"}],"predecessor-version":[{"id":29093,"href":"https:\/\/stuttgarti-katolikusok.de\/index.php\/wp-json\/wp\/v2\/posts\/29070\/revisions\/29093"}],"wp:featuredmedia":[{"embeddable":true,"href":"https:\/\/stuttgarti-katolikusok.de\/index.php\/wp-json\/wp\/v2\/media\/23500"}],"wp:attachment":[{"href":"https:\/\/stuttgarti-katolikusok.de\/index.php\/wp-json\/wp\/v2\/media?parent=29070"}],"wp:term":[{"taxonomy":"category","embeddable":true,"href":"https:\/\/stuttgarti-katolikusok.de\/index.php\/wp-json\/wp\/v2\/categories?post=29070"},{"taxonomy":"post_tag","embeddable":true,"href":"https:\/\/stuttgarti-katolikusok.de\/index.php\/wp-json\/wp\/v2\/tags?post=29070"}],"curies":[{"name":"wp","href":"https:\/\/api.w.org\/{rel}","templated":true}]}}