{"id":29060,"date":"2024-06-08T12:56:03","date_gmt":"2024-06-08T10:56:03","guid":{"rendered":"https:\/\/stuttgarti-katolikusok.de\/?p=29060"},"modified":"2024-06-09T00:04:02","modified_gmt":"2024-06-08T22:04:02","slug":"evkozi-10-vasarnap-2","status":"publish","type":"post","link":"https:\/\/stuttgarti-katolikusok.de\/index.php\/evkozi-10-vasarnap-2\/","title":{"rendered":"\u00c9vk\u00f6zi 10. vas\u00e1rnap"},"content":{"rendered":"<p align=\"justify\"><span style=\"color: #ff6600;\"><em>A nyit\u00f3k\u00e9pen J\u00e9zus Sz\u00edve k\u00e9p l\u00e1that\u00f3. Szatm\u00e1rn\u00e9metiben ugyanis ezen a vas\u00e1rnapon egyh\u00e1zmegyei J\u00e9zus Sz\u00edve b\u00facs\u00fat tartanak. Sz\u00e1mos \u00f6r\u00f6mteli \u00e9lm\u00e9nyt hordozok sz\u00edvemben ezen l\u00e9lekemel\u0151 \u00fcnneppel kapcsolatosan, melyek most is v\u00e9gtelen h\u00e1l\u00e1ra \u00f6szt\u00f6n\u00f6znek.<\/em><\/span><\/p>\n<p align=\"justify\"><span style=\"color: #ff6600;\"><em>Az olvasm\u00e1nyban a b\u0171nbees\u00e9s ut\u00e1ni \u00e1llapotr\u00f3l \u00e9s annak k\u00f6vetkezm\u00e9nyeir\u0151l sz\u00e1mol be a szent\u00edr\u00f3. Az els\u0151 b\u0171nnek m\u00e1ig hat\u00f3 k\u00f6vetkezm\u00e9nyei vannak. K\u00fcl\u00f6n\u00f6sen fontos ezt hangs\u00falyozni ma, amikoris l\u00e1tsz\u00f3lag a k\u00f6vetkezm\u00e9nyek n\u00e9lk\u00fcli vil\u00e1gnak vagyunk polg\u00e1rjai. Mennyire vagyok tudat\u00e1ban szavaim \u00e9s tetteim j\u00f3 \u00e9s kev\u00e9sb\u00e9 j\u00f3 k\u00f6vetkezm\u00e9nyeinek? Ne hagyjam, hogy a korszellem rajtam is elhatalmasodjon.<\/em><\/span><\/p>\n<p align=\"justify\"><span style=\"color: #ff6600;\"><em>A szentleck\u00e9nek egy fontos \u00fczenet\u00e9t szeretn\u00e9m idehozni: &#8222;Mert minden \u00e9rtetek t\u00f6rt\u00e9nik, hogy min\u00e9l b\u0151vebben \u00e1radjon a kegyelem, \u00e9s \u00edgy h\u00e1l\u00e1t is mind t\u00f6bben adjanak az Isten dics\u0151s\u00e9g\u00e9re.&#8221; Nem \u00fagy alakul az \u00e9letedben valami, amint eltervezted, ne cs\u00fcggedj. Mer\u00edts er\u0151t e szavakb\u00f3l. Minden \u00e9rtem t\u00f6rt\u00e9nik, ennyire fontos vagyok teremt\u0151 Istenem sz\u00e1m\u00e1ra. Csak hinnem kell benne.<\/em><\/span><\/p>\n<p align=\"justify\"><span style=\"color: #ff6600;\"><em>Az evang\u00e9liumban arr\u00f3l hallhatunk, hogy J\u00e9zus Krisztus sem \u00fassza meg a c\u00edmk\u00e9z\u00e9st: &#8222;Az a h\u00edr j\u00e1rta ugyanis, hogy megzavarodott.&#8221; \u0150 nem foglalkozik ezzel a fajta c\u00edmk\u00e9z\u00e9ssel, nem fecs\u00e9rel erre id\u0151t \u00e9s energi\u00e1t. M\u00e1s, sokkal fontosabb k\u00fcldet\u00e9se van. Erre koncentr\u00e1l. ezzel mintegy engem is b\u00e1tor\u00edt. Ne foglalkozzam m\u00e1sok alattomos \u00e9s cinikus megjegyz\u00e9seivel. J\u00e1rja a magam \u00fatj\u00e1t, egyben pedig \u00f6sszpontos\u00edtsak fontos dolgaimra. M\u00e1sok el\u0151\u00edt\u00e9leteit\u0151l mentes \u00e9s szabad \u00e9let ez! Az igazi szabads\u00e1g megtapasztal\u00e1sa!<\/em><\/span><\/p>\n<p align=\"justify\"><span style=\"color: #008000;\">OLVASM\u00c1NY M\u00f3zes els\u0151 k\u00f6nyv\u00e9b\u0151l (Ter 3,9-15)<\/span><br \/>\nAz els\u0151 ember \u00e9s feles\u00e9ge, miut\u00e1n ettek a tiltott fa gy\u00fcm\u00f6lcs\u00e9b\u0151l, elrejt\u0151ztek a kert f\u00e1i k\u00f6z\u00f6tt, de az \u00daristen h\u00edvta az embert, \u00e9s \u00edgy sz\u00f3lt hozz\u00e1: \u201eHol vagy?\u201d<br \/>\n\u0150 \u00edgy v\u00e1laszolt: \u201eHallottam l\u00e9pteidet a kertben, \u00e9s f\u00e9ltem, mert mez\u00edtelen vagyok, ez\u00e9rt elrejt\u0151ztem.\u201d<br \/>\nDe az \u00daristen \u00edgy sz\u00f3lt: \u201eKi adta tudtodra, hogy mez\u00edtelen vagy? Tal\u00e1n ett\u00e9l a f\u00e1r\u00f3l, amelyr\u0151l megtiltottam, hogy egy\u00e9l?\u201d Az ember \u00edgy v\u00e1laszolt: \u201eAz asszony, akit mell\u00e9m adt\u00e1l, \u0151 adott nekem a f\u00e1r\u00f3l, az\u00e9rt ettem.\u201d<br \/>\nErre az \u00daristen megk\u00e9rdezte az asszonyt: \u201eMit tett\u00e9l?\u201d Az asszony \u00edgy felelt: \u201eA k\u00edgy\u00f3 r\u00e1szedett, az\u00e9rt ettem.\u201d<br \/>\nAz \u00daristen \u00edgy sz\u00f3lt a k\u00edgy\u00f3hoz: \u201eMivel ezt tetted, \u00e1tkozott leszel minden \u00e1llat \u00e9s a mez\u0151 minden vadja k\u00f6z\u00f6tt. Hasadon cs\u00faszol \u00e9s a f\u00f6ld por\u00e1t eszed \u00e9leted minden napj\u00e1n. Ellenkez\u00e9st vetek k\u00f6z\u00e9d \u00e9s az asszony k\u00f6z\u00e9, a te ivad\u00e9kod \u00e9s az \u0151 ivad\u00e9ka k\u00f6z\u00e9. \u0150 sz\u00e9ttiporja fejedet, te pedig a sarka ut\u00e1n leselkedel.\u201d<br \/>\nEz az Isten ig\u00e9je.<\/p>\n<p align=\"justify\"><span style=\"color: #008000;\">V\u00c1LASZOS ZSOLT\u00c1R (Zsolt 129.1-2.3-4ab.4c-6)<\/span><br \/>\nV\u00e1lasz:\u00a0<strong>Az\u00a0<u>\u00dar<\/u>n\u00e1l az irgalom, * \u00e9s b\u0151s\u00e9ges a meg<u>v\u00e1l<\/u>t\u00e1s n\u00e1la.<\/strong>\u00a0(1 D<sup><small>2<\/small><\/sup>\u00a0t\u00f3nus.)<br \/>\nEl\u0151\u00e9nekes: A m\u00e9lys\u00e9gb\u0151l ki\u00e1ltok,\u00a0<u>U<\/u>ram, hozz\u00e1d, * Istenem, hall<u>gass<\/u>\u00a0a sz\u00f3mra.<br \/>\nF\u00fcled\u00a0<u>fi<\/u>gyeljen fel * k\u00f6<u>ny\u00f6r<\/u>g\u0151 szavamra.<br \/>\nH\u00edvek:\u00a0<strong>Az\u00a0<u>\u00dar<\/u>n\u00e1l az irgalom, * \u00e9s b\u0151s\u00e9ges a meg<u>v\u00e1l<\/u>t\u00e1s n\u00e1la.<\/strong><br \/>\nE: Ha sz\u00e1mon tartod a\u00a0<u>v\u00e9t<\/u>keket, Uram, * Uram, ki az, aki el\u0151t<u>ted<\/u>\u00a0meg\u00e1llhat?<br \/>\nDe n\u00e1lad bocs\u00e1natot\u00a0<u>nyer<\/u>\u00a0a v\u00e9tek, * ez\u00e9rt f\u00e9lve tisz<u>te<\/u>l\u00fcnk t\u00e9ged.<br \/>\nH:\u00a0<strong>Az\u00a0<u>\u00dar<\/u>n\u00e1l az irgalom, * \u00e9s b\u0151s\u00e9ges a meg<u>v\u00e1l<\/u>t\u00e1s n\u00e1la.<\/strong><br \/>\nE: Tebenned\u00a0<u>re<\/u>m\u00e9lek, Uram, * \u00e9s ig\u00e9dben rem\u00e9ny<u>ke<\/u>dik lelkem.<br \/>\nLelkem\u00a0<u>v\u00e1r<\/u>ja az Urat, * jobban, mint \u00e9ji\u00a0<u>\u0151r<\/u>\u00a0a hajnalt.<br \/>\nH:\u00a0<strong>Az\u00a0<u>\u00dar<\/u>n\u00e1l az irgalom, * \u00e9s b\u0151s\u00e9ges a meg<u>v\u00e1l<\/u>t\u00e1s n\u00e1la.<\/strong><br \/>\nE: Jobban, mint \u00e9ji\u00a0<u>\u0151r<\/u>\u00a0a hajnalt, * v\u00e1rja az U<u>rat<\/u>\u00a0Izrael.<br \/>\nMert az \u00darn\u00e1l az irgalom, \u00e9s b\u0151s\u00e9ges a meg<u>v\u00e1l<\/u>t\u00e1s n\u00e1la, * \u0151 v\u00e1ltja meg Izraelt min<u>den<\/u>\u00a0b\u0171n\u00e9t\u0151l.<br \/>\nH:\u00a0<strong>Az\u00a0<u>\u00dar<\/u>n\u00e1l az irgalom, * \u00e9s b\u0151s\u00e9ges a meg<u>v\u00e1l<\/u>t\u00e1s n\u00e1la.<\/strong><\/p>\n<p align=\"justify\"><span style=\"color: #008000;\">SZENTLECKE Szent P\u00e1l apostolnak a korintusiakhoz \u00edrt m\u00e1sodik level\u00e9b\u0151l (2Kor 4,13-5,1)<\/span><br \/>\nTestv\u00e9reim! Mivel a hitnek benn\u00fcnk is ugyanaz a szelleme \u00e9l, mint amir\u0151l \u00edrva van: \u201eHittem, az\u00e9rt besz\u00e9ltem\u201d, mi is hisz\u00fcnk, s az\u00e9rt besz\u00e9l\u00fcnk.<br \/>\nTudjuk ugyanis, hogy. aki J\u00e9zust felt\u00e1masztotta, J\u00e9zussal minket is felt\u00e1maszt, \u00e9s veletek egy\u00fctt el\u00e9be \u00e1ll\u00edt. Mert minden \u00e9rtetek t\u00f6rt\u00e9nik, hogy min\u00e9l b\u0151vebben \u00e1radjon a kegyelem, \u00e9s \u00edgy h\u00e1l\u00e1t is mind t\u00f6bben adjanak az Isten dics\u0151s\u00e9g\u00e9re.<br \/>\nEz\u00e9rt nem vesz\u00edtj\u00fck el kedv\u00fcnket, mert b\u00e1r a k\u00fcls\u0151 ember roml\u00e1snak indult benn\u00fcnk, a bels\u0151 napr\u00f3l napra meg\u00fajul. A mostani, pillanatnyi, k\u00f6nny\u0171 szenved\u00e9s ugyanis a mennyei \u00f6r\u00f6k dics\u0151s\u00e9g t\u00fal\u00e1rad\u00f3 m\u00e9rt\u00e9k\u00e9t az szerzi meg nek\u00fcnk. Csak ne a l\u00e1that\u00f3ra, hanem a l\u00e1thatatlanra ford\u00edtsuk figyelm\u00fcnket. Mert a l\u00e1that\u00f3 muland\u00f3, a l\u00e1thatatlan azonban \u00f6r\u00f6k. \u201eTudjuk ugyanis, hogy ha f\u00f6ldi s\u00e1trunk \u00f6sszed\u0151l, Istent\u0151l kapunk lak\u00e1st: \u00f6r\u00f6k otthont a mennyben, amelyet nem emberi k\u00e9z \u00e9p\u00edtett.<br \/>\nEz az Isten ig\u00e9je.<\/p>\n<p align=\"justify\"><span style=\"color: #008000;\">ALLELUJA<\/span><br \/>\n\u201eMost vetik ki e vil\u00e1g fejedelm\u00e9t \u2013 mondja\u00a0<u>az<\/u>\u00a0\u00dar, * \u00e9s \u00e9n, mid\u0151n a f\u00f6ldr\u0151l magasba emelnek, mindeneket\u00a0<u>ma<\/u>gamhoz vonzok.\u201d (Jn 12,31b-32 \u2013 5. t\u00f3nus.)<\/p>\n<p align=\"justify\"><span style=\"color: #008000;\">\u2020 EVANG\u00c9LIUM Szent M\u00e1rk k\u00f6nyv\u00e9b\u0151l (Mk 3,20-35)<\/span><br \/>\nAbban az id\u0151ben:<br \/>\nJ\u00e9zus az \u0151 tan\u00edtv\u00e1nyaival elment haza. Ism\u00e9t olyan nagy t\u00f6meg gy\u0171lt \u00f6ssze, hogy m\u00e9g ev\u00e9sre sem maradt idej\u00fck. Amikor rokonai ezt meghallott\u00e1k, odamentek, hogy elvigy\u00e9k \u0151t. Az a h\u00edr j\u00e1rta ugyanis, hogy megzavarodott.<br \/>\nAz \u00edr\u00e1stud\u00f3k pedig, akik Jeruzs\u00e1lemb\u0151l j\u00f6ttek, azt mondt\u00e1k: \u201eBelzebub sz\u00e1llta meg\u201d, \u00e9s: \u201eA gonosz lelkek fejedelm\u00e9nek seg\u00edts\u00e9g\u00e9vel \u0171zi ki az \u00f6rd\u00f6g\u00f6ket.\u201d<br \/>\n\u00c1m \u0151 mag\u00e1hoz h\u00edvta \u0151ket, \u00e9s p\u00e9ldabesz\u00e9dekben sz\u00f3lt hozz\u00e1juk: \u201eHogyan \u0171zhetn\u00e9 ki a s\u00e1t\u00e1n a s\u00e1t\u00e1nt? Ha egy orsz\u00e1g meghasonlik \u00f6nmag\u00e1val, az az orsz\u00e1g nem maradhat fenn. Ha egy csal\u00e1d meghasonlik \u00f6nmag\u00e1val, az a csal\u00e1d nem maradhat fenn. Ha a s\u00e1t\u00e1n \u00f6nmaga ellen t\u00e1mad \u00e9s meghasonlik \u00f6nmag\u00e1val, akkor nem maradhat fenn, hanem elpusztul. Az er\u0151snek h\u00e1z\u00e1ba nem t\u00f6rhet be senki, \u00e9s nem ragadhatja el a holmij\u00e1t, hacsak el\u0151bb meg nem k\u00f6t\u00f6zi az er\u0151set; \u00edgy viszont m\u00e1r kirabolhatja a h\u00e1z\u00e1t.<br \/>\nBizony, mondom nektek, hogy az emberek fiainak minden b\u0171nt megbocs\u00e1tanak, \u00e9s minden k\u00e1roml\u00e1st, b\u00e1rhogyan is k\u00e1romkodnak. De aki a Szentlelket k\u00e1romolja, az soha nem nyer bocs\u00e1natot, azt \u00f6r\u00f6k\u00f6s, b\u0171n terheli.\u201d (Az\u00e9rt mondta mindezt J\u00e9zus), mert azt terjesztett\u00e9k: \u201eMegsz\u00e1llta a tiszt\u00e1talan l\u00e9lek.\u201d<br \/>\nK\u00f6zben anyja \u00e9s testv\u00e9rei is oda\u00e9rtek. Meg\u00e1lltak kint, \u00fczentek \u00e9rte \u00e9s h\u00edvatt\u00e1k. K\u00f6r\u00fcl\u00f6tte t\u00f6meg \u00fclt. Azt mondt\u00e1k neki: \u201eAny\u00e1d \u00e9s testv\u00e9reid keresnek t\u00e9ged odakint.\u201d<br \/>\n\u0150 \u00edgy v\u00e1laszolt: \u201eKi az \u00e9n any\u00e1m \u00e9s kik az \u00e9n testv\u00e9reim?\u201d Azut\u00e1n v\u00e9gighordozva tekintet\u00e9t a k\u00f6r\u00fcl\u00f6tte \u00fcl\u0151k\u00f6n, ezt mondta: \u201e\u00cdme, ezek az \u00e9n any\u00e1m \u00e9s az \u00e9n testv\u00e9reim! Mindaz, aki Isten akarat\u00e1t cselekszi, az az \u00e9n testv\u00e9rem, n\u0151v\u00e9rem \u00e9s any\u00e1m!\u201d<br \/>\nEzek az evang\u00e9lium ig\u00e9i.<\/p>\n<p><span style=\"color: #008000;\">EGYETEMES K\u00d6NY\u00d6RG\u00c9SEK<\/span><br \/>\nPap: Testv\u00e9reim! A b\u0171n rabs\u00e1gba d\u00f6nt, de Krisztus kegyelme felszabad\u00edt benn\u00fcnket. K\u00e9rj\u00fck mennyei Aty\u00e1nkat, hogy egy\u00fcttm\u0171k\u00f6dj\u00fcnk a kegyelemmel!<br \/>\nLektor:<br \/>\n1. \u00c1ldd meg, Urunk, Szentaty\u00e1nkat, hogy tan\u00edt\u00e1sa \u00e1ltal a kereszt\u00e9ny n\u00e9p meger\u0151s\u00f6dj\u00e9k hit\u00e9ben!<br \/>\nH\u00edvek: K\u00e9r\u00fcnk t\u00e9ged, hallgass meg minket!<br \/>\n2. Ir\u00e1ny\u00edtsd, Urunk, a n\u00e9pek vezet\u0151it, hogy felismerj\u00e9k sz\u00e1nd\u00e9kaidat, \u00e9s \u00e9rv\u00e9nyt szerezzenek t\u00f6rv\u00e9nyeidnek!<br \/>\nH\u00edvek: K\u00e9r\u00fcnk t\u00e9ged . . .<br \/>\n3. T\u00f6rd meg, Urunk, a b\u0171n hatalm\u00e1t felett\u00fcnk, hogy a tiszta l\u00e9lek \u00f6r\u00f6m\u00e9vel szolg\u00e1ljunk neked!<br \/>\nH\u00edvek: K\u00e9r\u00fcnk t\u00e9ged . . .<br \/>\n4. Ir\u00e1ny\u00edtsd Szentlelked sugallat\u00e1val sz\u00edv\u00fcnket, hogy \u00e9let\u00fcnk minden tett\u00e9vel akaratodat teljes\u00edts\u00fck!<br \/>\nH\u00edvek: K\u00e9r\u00fcnk t\u00e9ged . . .<br \/>\n5. Tekints irgalmasan a b\u0171n rabs\u00e1g\u00e1ban s\u00ednyl\u0151d\u0151kre, \u00e9s add meg nekik a megt\u00e9r\u00e9s kegyelm\u00e9t!<br \/>\nH\u00edvek: K\u00e9r\u00fcnk t\u00e9ged . . .<br \/>\nPap: Irgalmas mennyei Aty\u00e1nk! Te j\u00f3s\u00e1godban m\u00e1r az els\u0151 b\u0171n elk\u00f6vet\u00e9sekor szabadul\u00e1st \u00edg\u00e9rt\u00e9l a b\u0171nbe esett embernek. K\u00e9r\u00fcnk, add meg nek\u00fcnk is Isten gyermekeinek szabads\u00e1g\u00e1t! Krisztus, a mi Urunk \u00e1ltal.<br \/>\nH\u00edvek: \u00c1men.<\/p>\n<p><em>(K\u00e9p forr\u00e1sa: Instagram &#8211; Sz\u00e9n\u00e9get\u0151 Istv\u00e1n)<\/em><\/p>\n","protected":false},"excerpt":{"rendered":"<p>A nyit\u00f3k\u00e9pen J\u00e9zus Sz\u00edve k\u00e9p l\u00e1that\u00f3. Szatm\u00e1rn\u00e9metiben ugyanis ezen a vas\u00e1rnapon egyh\u00e1zmegyei J\u00e9zus Sz\u00edve b\u00facs\u00fat tartanak. Sz\u00e1mos \u00f6r\u00f6mteli \u00e9lm\u00e9nyt hordozok sz\u00edvemben ezen l\u00e9lekemel\u0151 \u00fcnneppel kapcsolatosan, melyek most is v\u00e9gtelen h\u00e1l\u00e1ra \u00f6szt\u00f6n\u00f6znek. Az olvasm\u00e1nyban a b\u0171nbees\u00e9s ut\u00e1ni \u00e1llapotr\u00f3l \u00e9s annak k\u00f6vetkezm\u00e9nyeir\u0151l sz\u00e1mol be a szent\u00edr\u00f3. Az els\u0151 b\u0171nnek m\u00e1ig hat\u00f3 k\u00f6vetkezm\u00e9nyei vannak. K\u00fcl\u00f6n\u00f6sen fontos ezt hangs\u00falyozni ma, amikoris l\u00e1tsz\u00f3lag a k\u00f6vetkezm\u00e9nyek n\u00e9lk\u00fcli vil\u00e1gnak vagyunk polg\u00e1rjai. Mennyire vagyok tudat\u00e1ban szavaim \u00e9s tetteim j\u00f3 \u00e9s kev\u00e9sb\u00e9 j\u00f3 k\u00f6vetkezm\u00e9nyeinek? Ne hagyjam, hogy a korszellem rajtam is elhatalmasodjon. A szentleck\u00e9nek egy fontos \u00fczenet\u00e9t szeretn\u00e9m idehozni: &#8222;Mert minden \u00e9rtetek t\u00f6rt\u00e9nik, hogy min\u00e9l b\u0151vebben \u00e1radjon a kegyelem, \u00e9s \u00edgy h\u00e1l\u00e1t is mind t\u00f6bben adjanak az Isten dics\u0151s\u00e9g\u00e9re.&#8221; Nem \u00fagy alakul az \u00e9letedben valami, amint eltervezted, ne cs\u00fcggedj. Mer\u00edts er\u0151t e szavakb\u00f3l. Minden \u00e9rtem t\u00f6rt\u00e9nik, ennyire fontos vagyok teremt\u0151 Istenem sz\u00e1m\u00e1ra. Csak hinnem kell benne. Az evang\u00e9liumban arr\u00f3l hallhatunk, hogy J\u00e9zus Krisztus sem \u00fassza meg a c\u00edmk\u00e9z\u00e9st: &#8222;Az a h\u00edr j\u00e1rta ugyanis, hogy megzavarodott.&#8221; \u0150 nem foglalkozik ezzel a fajta c\u00edmk\u00e9z\u00e9ssel, nem fecs\u00e9rel erre id\u0151t \u00e9s energi\u00e1t. M\u00e1s, sokkal fontosabb k\u00fcldet\u00e9se van. Erre koncentr\u00e1l. ezzel mintegy engem is b\u00e1tor\u00edt. Ne foglalkozzam m\u00e1sok alattomos \u00e9s cinikus megjegyz\u00e9seivel. J\u00e1rja a magam \u00fatj\u00e1t, egyben pedig \u00f6sszpontos\u00edtsak fontos dolgaimra. M\u00e1sok el\u0151\u00edt\u00e9leteit\u0151l mentes \u00e9s szabad \u00e9let ez! Az igazi szabads\u00e1g megtapasztal\u00e1sa! OLVASM\u00c1NY M\u00f3zes els\u0151 k\u00f6nyv\u00e9b\u0151l (Ter 3,9-15) Az els\u0151 ember \u00e9s feles\u00e9ge, miut\u00e1n ettek a tiltott fa gy\u00fcm\u00f6lcs\u00e9b\u0151l, elrejt\u0151ztek a kert f\u00e1i k\u00f6z\u00f6tt, de az \u00daristen h\u00edvta az embert, \u00e9s \u00edgy sz\u00f3lt hozz\u00e1: \u201eHol vagy?\u201d \u0150 \u00edgy v\u00e1laszolt: \u201eHallottam l\u00e9pteidet a kertben, \u00e9s f\u00e9ltem, mert mez\u00edtelen vagyok, ez\u00e9rt elrejt\u0151ztem.\u201d De az \u00daristen \u00edgy sz\u00f3lt: \u201eKi adta tudtodra, hogy mez\u00edtelen vagy? Tal\u00e1n ett\u00e9l a f\u00e1r\u00f3l, amelyr\u0151l megtiltottam, hogy egy\u00e9l?\u201d Az ember \u00edgy v\u00e1laszolt: \u201eAz asszony, akit mell\u00e9m adt\u00e1l, \u0151 adott nekem a f\u00e1r\u00f3l, az\u00e9rt ettem.\u201d Erre az \u00daristen megk\u00e9rdezte az asszonyt: \u201eMit tett\u00e9l?\u201d Az&#8230; <\/p>\n<p><a class=\"readmore\" href=\"https:\/\/stuttgarti-katolikusok.de\/index.php\/evkozi-10-vasarnap-2\/\">R\u00e9szletek<\/a><\/p>\n","protected":false},"author":3,"featured_media":29061,"comment_status":"closed","ping_status":"closed","sticky":false,"template":"","format":"standard","meta":{"footnotes":""},"categories":[85,63],"tags":[],"class_list":["post-29060","post","type-post","status-publish","format-standard","has-post-thumbnail","hentry","category-a-liturgia-olvasmanyai","category-vasarnapi-gondolatok"],"yoast_head":"<!-- This site is optimized with the Yoast SEO plugin v27.3 - https:\/\/yoast.com\/product\/yoast-seo-wordpress\/ -->\n<title>\u00c9vk\u00f6zi 10. vas\u00e1rnap - Stuttgarti Katolikusok<\/title>\n<meta name=\"robots\" content=\"index, follow, max-snippet:-1, max-image-preview:large, max-video-preview:-1\" \/>\n<link rel=\"canonical\" href=\"https:\/\/stuttgarti-katolikusok.de\/index.php\/evkozi-10-vasarnap-2\/\" \/>\n<meta property=\"og:locale\" content=\"hu_HU\" \/>\n<meta property=\"og:type\" content=\"article\" \/>\n<meta property=\"og:title\" content=\"\u00c9vk\u00f6zi 10. vas\u00e1rnap - Stuttgarti Katolikusok\" \/>\n<meta property=\"og:description\" content=\"A nyit\u00f3k\u00e9pen J\u00e9zus Sz\u00edve k\u00e9p l\u00e1that\u00f3. Szatm\u00e1rn\u00e9metiben ugyanis ezen a vas\u00e1rnapon egyh\u00e1zmegyei J\u00e9zus Sz\u00edve b\u00facs\u00fat tartanak. Sz\u00e1mos \u00f6r\u00f6mteli \u00e9lm\u00e9nyt hordozok sz\u00edvemben ezen l\u00e9lekemel\u0151 \u00fcnneppel kapcsolatosan, melyek most is v\u00e9gtelen h\u00e1l\u00e1ra \u00f6szt\u00f6n\u00f6znek. Az olvasm\u00e1nyban a b\u0171nbees\u00e9s ut\u00e1ni \u00e1llapotr\u00f3l \u00e9s annak k\u00f6vetkezm\u00e9nyeir\u0151l sz\u00e1mol be a szent\u00edr\u00f3. Az els\u0151 b\u0171nnek m\u00e1ig hat\u00f3 k\u00f6vetkezm\u00e9nyei vannak. K\u00fcl\u00f6n\u00f6sen fontos ezt hangs\u00falyozni ma, amikoris l\u00e1tsz\u00f3lag a k\u00f6vetkezm\u00e9nyek n\u00e9lk\u00fcli vil\u00e1gnak vagyunk polg\u00e1rjai. Mennyire vagyok tudat\u00e1ban szavaim \u00e9s tetteim j\u00f3 \u00e9s kev\u00e9sb\u00e9 j\u00f3 k\u00f6vetkezm\u00e9nyeinek? Ne hagyjam, hogy a korszellem rajtam is elhatalmasodjon. A szentleck\u00e9nek egy fontos \u00fczenet\u00e9t szeretn\u00e9m idehozni: &#8222;Mert minden \u00e9rtetek t\u00f6rt\u00e9nik, hogy min\u00e9l b\u0151vebben \u00e1radjon a kegyelem, \u00e9s \u00edgy h\u00e1l\u00e1t is mind t\u00f6bben adjanak az Isten dics\u0151s\u00e9g\u00e9re.&#8221; Nem \u00fagy alakul az \u00e9letedben valami, amint eltervezted, ne cs\u00fcggedj. Mer\u00edts er\u0151t e szavakb\u00f3l. Minden \u00e9rtem t\u00f6rt\u00e9nik, ennyire fontos vagyok teremt\u0151 Istenem sz\u00e1m\u00e1ra. Csak hinnem kell benne. Az evang\u00e9liumban arr\u00f3l hallhatunk, hogy J\u00e9zus Krisztus sem \u00fassza meg a c\u00edmk\u00e9z\u00e9st: &#8222;Az a h\u00edr j\u00e1rta ugyanis, hogy megzavarodott.&#8221; \u0150 nem foglalkozik ezzel a fajta c\u00edmk\u00e9z\u00e9ssel, nem fecs\u00e9rel erre id\u0151t \u00e9s energi\u00e1t. M\u00e1s, sokkal fontosabb k\u00fcldet\u00e9se van. Erre koncentr\u00e1l. ezzel mintegy engem is b\u00e1tor\u00edt. Ne foglalkozzam m\u00e1sok alattomos \u00e9s cinikus megjegyz\u00e9seivel. J\u00e1rja a magam \u00fatj\u00e1t, egyben pedig \u00f6sszpontos\u00edtsak fontos dolgaimra. M\u00e1sok el\u0151\u00edt\u00e9leteit\u0151l mentes \u00e9s szabad \u00e9let ez! Az igazi szabads\u00e1g megtapasztal\u00e1sa! OLVASM\u00c1NY M\u00f3zes els\u0151 k\u00f6nyv\u00e9b\u0151l (Ter 3,9-15) Az els\u0151 ember \u00e9s feles\u00e9ge, miut\u00e1n ettek a tiltott fa gy\u00fcm\u00f6lcs\u00e9b\u0151l, elrejt\u0151ztek a kert f\u00e1i k\u00f6z\u00f6tt, de az \u00daristen h\u00edvta az embert, \u00e9s \u00edgy sz\u00f3lt hozz\u00e1: \u201eHol vagy?\u201d \u0150 \u00edgy v\u00e1laszolt: \u201eHallottam l\u00e9pteidet a kertben, \u00e9s f\u00e9ltem, mert mez\u00edtelen vagyok, ez\u00e9rt elrejt\u0151ztem.\u201d De az \u00daristen \u00edgy sz\u00f3lt: \u201eKi adta tudtodra, hogy mez\u00edtelen vagy? Tal\u00e1n ett\u00e9l a f\u00e1r\u00f3l, amelyr\u0151l megtiltottam, hogy egy\u00e9l?\u201d Az ember \u00edgy v\u00e1laszolt: \u201eAz asszony, akit mell\u00e9m adt\u00e1l, \u0151 adott nekem a f\u00e1r\u00f3l, az\u00e9rt ettem.\u201d Erre az \u00daristen megk\u00e9rdezte az asszonyt: \u201eMit tett\u00e9l?\u201d Az... R\u00e9szletek\" \/>\n<meta property=\"og:url\" content=\"https:\/\/stuttgarti-katolikusok.de\/index.php\/evkozi-10-vasarnap-2\/\" \/>\n<meta property=\"og:site_name\" content=\"Stuttgarti Katolikusok\" \/>\n<meta property=\"article:published_time\" content=\"2024-06-08T10:56:03+00:00\" \/>\n<meta property=\"article:modified_time\" content=\"2024-06-08T22:04:02+00:00\" \/>\n<meta property=\"og:image\" content=\"https:\/\/stuttgarti-katolikusok.de\/wp-content\/uploads\/2024\/06\/stuttgart-36.jpg\" \/>\n\t<meta property=\"og:image:width\" content=\"1078\" \/>\n\t<meta property=\"og:image:height\" content=\"1074\" \/>\n\t<meta property=\"og:image:type\" content=\"image\/jpeg\" \/>\n<meta name=\"author\" content=\"Tibor atya\" \/>\n<meta name=\"twitter:card\" content=\"summary_large_image\" \/>\n<meta name=\"twitter:label1\" content=\"Szerz\u0151:\" \/>\n\t<meta name=\"twitter:data1\" content=\"Tibor atya\" \/>\n\t<meta name=\"twitter:label2\" content=\"Becs\u00fclt olvas\u00e1si id\u0151\" \/>\n\t<meta name=\"twitter:data2\" content=\"7 perc\" \/>\n<script type=\"application\/ld+json\" class=\"yoast-schema-graph\">{\"@context\":\"https:\\\/\\\/schema.org\",\"@graph\":[{\"@type\":\"Article\",\"@id\":\"https:\\\/\\\/stuttgarti-katolikusok.de\\\/index.php\\\/evkozi-10-vasarnap-2\\\/#article\",\"isPartOf\":{\"@id\":\"https:\\\/\\\/stuttgarti-katolikusok.de\\\/index.php\\\/evkozi-10-vasarnap-2\\\/\"},\"author\":{\"name\":\"Tibor atya\",\"@id\":\"https:\\\/\\\/stuttgarti-katolikusok.de\\\/#\\\/schema\\\/person\\\/75908d6f8fdc03a57889d27209df7795\"},\"headline\":\"\u00c9vk\u00f6zi 10. vas\u00e1rnap\",\"datePublished\":\"2024-06-08T10:56:03+00:00\",\"dateModified\":\"2024-06-08T22:04:02+00:00\",\"mainEntityOfPage\":{\"@id\":\"https:\\\/\\\/stuttgarti-katolikusok.de\\\/index.php\\\/evkozi-10-vasarnap-2\\\/\"},\"wordCount\":1588,\"image\":{\"@id\":\"https:\\\/\\\/stuttgarti-katolikusok.de\\\/index.php\\\/evkozi-10-vasarnap-2\\\/#primaryimage\"},\"thumbnailUrl\":\"https:\\\/\\\/stuttgarti-katolikusok.de\\\/wp-content\\\/uploads\\\/2024\\\/06\\\/stuttgart-36.jpg\",\"articleSection\":[\"A liturgia olvasm\u00e1nyai\",\"Vas\u00e1rnapi gondolatok\"],\"inLanguage\":\"hu\"},{\"@type\":\"WebPage\",\"@id\":\"https:\\\/\\\/stuttgarti-katolikusok.de\\\/index.php\\\/evkozi-10-vasarnap-2\\\/\",\"url\":\"https:\\\/\\\/stuttgarti-katolikusok.de\\\/index.php\\\/evkozi-10-vasarnap-2\\\/\",\"name\":\"\u00c9vk\u00f6zi 10. vas\u00e1rnap - Stuttgarti Katolikusok\",\"isPartOf\":{\"@id\":\"https:\\\/\\\/stuttgarti-katolikusok.de\\\/#website\"},\"primaryImageOfPage\":{\"@id\":\"https:\\\/\\\/stuttgarti-katolikusok.de\\\/index.php\\\/evkozi-10-vasarnap-2\\\/#primaryimage\"},\"image\":{\"@id\":\"https:\\\/\\\/stuttgarti-katolikusok.de\\\/index.php\\\/evkozi-10-vasarnap-2\\\/#primaryimage\"},\"thumbnailUrl\":\"https:\\\/\\\/stuttgarti-katolikusok.de\\\/wp-content\\\/uploads\\\/2024\\\/06\\\/stuttgart-36.jpg\",\"datePublished\":\"2024-06-08T10:56:03+00:00\",\"dateModified\":\"2024-06-08T22:04:02+00:00\",\"author\":{\"@id\":\"https:\\\/\\\/stuttgarti-katolikusok.de\\\/#\\\/schema\\\/person\\\/75908d6f8fdc03a57889d27209df7795\"},\"breadcrumb\":{\"@id\":\"https:\\\/\\\/stuttgarti-katolikusok.de\\\/index.php\\\/evkozi-10-vasarnap-2\\\/#breadcrumb\"},\"inLanguage\":\"hu\",\"potentialAction\":[{\"@type\":\"ReadAction\",\"target\":[\"https:\\\/\\\/stuttgarti-katolikusok.de\\\/index.php\\\/evkozi-10-vasarnap-2\\\/\"]}]},{\"@type\":\"ImageObject\",\"inLanguage\":\"hu\",\"@id\":\"https:\\\/\\\/stuttgarti-katolikusok.de\\\/index.php\\\/evkozi-10-vasarnap-2\\\/#primaryimage\",\"url\":\"https:\\\/\\\/stuttgarti-katolikusok.de\\\/wp-content\\\/uploads\\\/2024\\\/06\\\/stuttgart-36.jpg\",\"contentUrl\":\"https:\\\/\\\/stuttgarti-katolikusok.de\\\/wp-content\\\/uploads\\\/2024\\\/06\\\/stuttgart-36.jpg\",\"width\":1078,\"height\":1074},{\"@type\":\"BreadcrumbList\",\"@id\":\"https:\\\/\\\/stuttgarti-katolikusok.de\\\/index.php\\\/evkozi-10-vasarnap-2\\\/#breadcrumb\",\"itemListElement\":[{\"@type\":\"ListItem\",\"position\":1,\"name\":\"Kezd\u0151lap\",\"item\":\"https:\\\/\\\/stuttgarti-katolikusok.de\\\/\"},{\"@type\":\"ListItem\",\"position\":2,\"name\":\"\u00c9vk\u00f6zi 10. vas\u00e1rnap\"}]},{\"@type\":\"WebSite\",\"@id\":\"https:\\\/\\\/stuttgarti-katolikusok.de\\\/#website\",\"url\":\"https:\\\/\\\/stuttgarti-katolikusok.de\\\/\",\"name\":\"Stuttgarti Katolikusok\",\"description\":\"\",\"potentialAction\":[{\"@type\":\"SearchAction\",\"target\":{\"@type\":\"EntryPoint\",\"urlTemplate\":\"https:\\\/\\\/stuttgarti-katolikusok.de\\\/?s={search_term_string}\"},\"query-input\":{\"@type\":\"PropertyValueSpecification\",\"valueRequired\":true,\"valueName\":\"search_term_string\"}}],\"inLanguage\":\"hu\"},{\"@type\":\"Person\",\"@id\":\"https:\\\/\\\/stuttgarti-katolikusok.de\\\/#\\\/schema\\\/person\\\/75908d6f8fdc03a57889d27209df7795\",\"name\":\"Tibor atya\",\"image\":{\"@type\":\"ImageObject\",\"inLanguage\":\"hu\",\"@id\":\"https:\\\/\\\/secure.gravatar.com\\\/avatar\\\/61d268e57d1f4525b111222e29d2d5a7f8c420fdbf231ba5566a8ceac74fa960?s=96&d=mm&r=g\",\"url\":\"https:\\\/\\\/secure.gravatar.com\\\/avatar\\\/61d268e57d1f4525b111222e29d2d5a7f8c420fdbf231ba5566a8ceac74fa960?s=96&d=mm&r=g\",\"contentUrl\":\"https:\\\/\\\/secure.gravatar.com\\\/avatar\\\/61d268e57d1f4525b111222e29d2d5a7f8c420fdbf231ba5566a8ceac74fa960?s=96&d=mm&r=g\",\"caption\":\"Tibor atya\"},\"url\":\"https:\\\/\\\/stuttgarti-katolikusok.de\\\/index.php\\\/author\\\/tibor-atya\\\/\"}]}<\/script>\n<!-- \/ Yoast SEO plugin. -->","yoast_head_json":{"title":"\u00c9vk\u00f6zi 10. vas\u00e1rnap - Stuttgarti Katolikusok","robots":{"index":"index","follow":"follow","max-snippet":"max-snippet:-1","max-image-preview":"max-image-preview:large","max-video-preview":"max-video-preview:-1"},"canonical":"https:\/\/stuttgarti-katolikusok.de\/index.php\/evkozi-10-vasarnap-2\/","og_locale":"hu_HU","og_type":"article","og_title":"\u00c9vk\u00f6zi 10. vas\u00e1rnap - Stuttgarti Katolikusok","og_description":"A nyit\u00f3k\u00e9pen J\u00e9zus Sz\u00edve k\u00e9p l\u00e1that\u00f3. Szatm\u00e1rn\u00e9metiben ugyanis ezen a vas\u00e1rnapon egyh\u00e1zmegyei J\u00e9zus Sz\u00edve b\u00facs\u00fat tartanak. Sz\u00e1mos \u00f6r\u00f6mteli \u00e9lm\u00e9nyt hordozok sz\u00edvemben ezen l\u00e9lekemel\u0151 \u00fcnneppel kapcsolatosan, melyek most is v\u00e9gtelen h\u00e1l\u00e1ra \u00f6szt\u00f6n\u00f6znek. Az olvasm\u00e1nyban a b\u0171nbees\u00e9s ut\u00e1ni \u00e1llapotr\u00f3l \u00e9s annak k\u00f6vetkezm\u00e9nyeir\u0151l sz\u00e1mol be a szent\u00edr\u00f3. Az els\u0151 b\u0171nnek m\u00e1ig hat\u00f3 k\u00f6vetkezm\u00e9nyei vannak. K\u00fcl\u00f6n\u00f6sen fontos ezt hangs\u00falyozni ma, amikoris l\u00e1tsz\u00f3lag a k\u00f6vetkezm\u00e9nyek n\u00e9lk\u00fcli vil\u00e1gnak vagyunk polg\u00e1rjai. Mennyire vagyok tudat\u00e1ban szavaim \u00e9s tetteim j\u00f3 \u00e9s kev\u00e9sb\u00e9 j\u00f3 k\u00f6vetkezm\u00e9nyeinek? Ne hagyjam, hogy a korszellem rajtam is elhatalmasodjon. A szentleck\u00e9nek egy fontos \u00fczenet\u00e9t szeretn\u00e9m idehozni: &#8222;Mert minden \u00e9rtetek t\u00f6rt\u00e9nik, hogy min\u00e9l b\u0151vebben \u00e1radjon a kegyelem, \u00e9s \u00edgy h\u00e1l\u00e1t is mind t\u00f6bben adjanak az Isten dics\u0151s\u00e9g\u00e9re.&#8221; Nem \u00fagy alakul az \u00e9letedben valami, amint eltervezted, ne cs\u00fcggedj. Mer\u00edts er\u0151t e szavakb\u00f3l. Minden \u00e9rtem t\u00f6rt\u00e9nik, ennyire fontos vagyok teremt\u0151 Istenem sz\u00e1m\u00e1ra. Csak hinnem kell benne. Az evang\u00e9liumban arr\u00f3l hallhatunk, hogy J\u00e9zus Krisztus sem \u00fassza meg a c\u00edmk\u00e9z\u00e9st: &#8222;Az a h\u00edr j\u00e1rta ugyanis, hogy megzavarodott.&#8221; \u0150 nem foglalkozik ezzel a fajta c\u00edmk\u00e9z\u00e9ssel, nem fecs\u00e9rel erre id\u0151t \u00e9s energi\u00e1t. M\u00e1s, sokkal fontosabb k\u00fcldet\u00e9se van. Erre koncentr\u00e1l. ezzel mintegy engem is b\u00e1tor\u00edt. Ne foglalkozzam m\u00e1sok alattomos \u00e9s cinikus megjegyz\u00e9seivel. J\u00e1rja a magam \u00fatj\u00e1t, egyben pedig \u00f6sszpontos\u00edtsak fontos dolgaimra. M\u00e1sok el\u0151\u00edt\u00e9leteit\u0151l mentes \u00e9s szabad \u00e9let ez! Az igazi szabads\u00e1g megtapasztal\u00e1sa! OLVASM\u00c1NY M\u00f3zes els\u0151 k\u00f6nyv\u00e9b\u0151l (Ter 3,9-15) Az els\u0151 ember \u00e9s feles\u00e9ge, miut\u00e1n ettek a tiltott fa gy\u00fcm\u00f6lcs\u00e9b\u0151l, elrejt\u0151ztek a kert f\u00e1i k\u00f6z\u00f6tt, de az \u00daristen h\u00edvta az embert, \u00e9s \u00edgy sz\u00f3lt hozz\u00e1: \u201eHol vagy?\u201d \u0150 \u00edgy v\u00e1laszolt: \u201eHallottam l\u00e9pteidet a kertben, \u00e9s f\u00e9ltem, mert mez\u00edtelen vagyok, ez\u00e9rt elrejt\u0151ztem.\u201d De az \u00daristen \u00edgy sz\u00f3lt: \u201eKi adta tudtodra, hogy mez\u00edtelen vagy? Tal\u00e1n ett\u00e9l a f\u00e1r\u00f3l, amelyr\u0151l megtiltottam, hogy egy\u00e9l?\u201d Az ember \u00edgy v\u00e1laszolt: \u201eAz asszony, akit mell\u00e9m adt\u00e1l, \u0151 adott nekem a f\u00e1r\u00f3l, az\u00e9rt ettem.\u201d Erre az \u00daristen megk\u00e9rdezte az asszonyt: \u201eMit tett\u00e9l?\u201d Az... R\u00e9szletek","og_url":"https:\/\/stuttgarti-katolikusok.de\/index.php\/evkozi-10-vasarnap-2\/","og_site_name":"Stuttgarti Katolikusok","article_published_time":"2024-06-08T10:56:03+00:00","article_modified_time":"2024-06-08T22:04:02+00:00","og_image":[{"width":1078,"height":1074,"url":"https:\/\/stuttgarti-katolikusok.de\/wp-content\/uploads\/2024\/06\/stuttgart-36.jpg","type":"image\/jpeg"}],"author":"Tibor atya","twitter_card":"summary_large_image","twitter_misc":{"Szerz\u0151:":"Tibor atya","Becs\u00fclt olvas\u00e1si id\u0151":"7 perc"},"schema":{"@context":"https:\/\/schema.org","@graph":[{"@type":"Article","@id":"https:\/\/stuttgarti-katolikusok.de\/index.php\/evkozi-10-vasarnap-2\/#article","isPartOf":{"@id":"https:\/\/stuttgarti-katolikusok.de\/index.php\/evkozi-10-vasarnap-2\/"},"author":{"name":"Tibor atya","@id":"https:\/\/stuttgarti-katolikusok.de\/#\/schema\/person\/75908d6f8fdc03a57889d27209df7795"},"headline":"\u00c9vk\u00f6zi 10. vas\u00e1rnap","datePublished":"2024-06-08T10:56:03+00:00","dateModified":"2024-06-08T22:04:02+00:00","mainEntityOfPage":{"@id":"https:\/\/stuttgarti-katolikusok.de\/index.php\/evkozi-10-vasarnap-2\/"},"wordCount":1588,"image":{"@id":"https:\/\/stuttgarti-katolikusok.de\/index.php\/evkozi-10-vasarnap-2\/#primaryimage"},"thumbnailUrl":"https:\/\/stuttgarti-katolikusok.de\/wp-content\/uploads\/2024\/06\/stuttgart-36.jpg","articleSection":["A liturgia olvasm\u00e1nyai","Vas\u00e1rnapi gondolatok"],"inLanguage":"hu"},{"@type":"WebPage","@id":"https:\/\/stuttgarti-katolikusok.de\/index.php\/evkozi-10-vasarnap-2\/","url":"https:\/\/stuttgarti-katolikusok.de\/index.php\/evkozi-10-vasarnap-2\/","name":"\u00c9vk\u00f6zi 10. vas\u00e1rnap - Stuttgarti Katolikusok","isPartOf":{"@id":"https:\/\/stuttgarti-katolikusok.de\/#website"},"primaryImageOfPage":{"@id":"https:\/\/stuttgarti-katolikusok.de\/index.php\/evkozi-10-vasarnap-2\/#primaryimage"},"image":{"@id":"https:\/\/stuttgarti-katolikusok.de\/index.php\/evkozi-10-vasarnap-2\/#primaryimage"},"thumbnailUrl":"https:\/\/stuttgarti-katolikusok.de\/wp-content\/uploads\/2024\/06\/stuttgart-36.jpg","datePublished":"2024-06-08T10:56:03+00:00","dateModified":"2024-06-08T22:04:02+00:00","author":{"@id":"https:\/\/stuttgarti-katolikusok.de\/#\/schema\/person\/75908d6f8fdc03a57889d27209df7795"},"breadcrumb":{"@id":"https:\/\/stuttgarti-katolikusok.de\/index.php\/evkozi-10-vasarnap-2\/#breadcrumb"},"inLanguage":"hu","potentialAction":[{"@type":"ReadAction","target":["https:\/\/stuttgarti-katolikusok.de\/index.php\/evkozi-10-vasarnap-2\/"]}]},{"@type":"ImageObject","inLanguage":"hu","@id":"https:\/\/stuttgarti-katolikusok.de\/index.php\/evkozi-10-vasarnap-2\/#primaryimage","url":"https:\/\/stuttgarti-katolikusok.de\/wp-content\/uploads\/2024\/06\/stuttgart-36.jpg","contentUrl":"https:\/\/stuttgarti-katolikusok.de\/wp-content\/uploads\/2024\/06\/stuttgart-36.jpg","width":1078,"height":1074},{"@type":"BreadcrumbList","@id":"https:\/\/stuttgarti-katolikusok.de\/index.php\/evkozi-10-vasarnap-2\/#breadcrumb","itemListElement":[{"@type":"ListItem","position":1,"name":"Kezd\u0151lap","item":"https:\/\/stuttgarti-katolikusok.de\/"},{"@type":"ListItem","position":2,"name":"\u00c9vk\u00f6zi 10. vas\u00e1rnap"}]},{"@type":"WebSite","@id":"https:\/\/stuttgarti-katolikusok.de\/#website","url":"https:\/\/stuttgarti-katolikusok.de\/","name":"Stuttgarti Katolikusok","description":"","potentialAction":[{"@type":"SearchAction","target":{"@type":"EntryPoint","urlTemplate":"https:\/\/stuttgarti-katolikusok.de\/?s={search_term_string}"},"query-input":{"@type":"PropertyValueSpecification","valueRequired":true,"valueName":"search_term_string"}}],"inLanguage":"hu"},{"@type":"Person","@id":"https:\/\/stuttgarti-katolikusok.de\/#\/schema\/person\/75908d6f8fdc03a57889d27209df7795","name":"Tibor atya","image":{"@type":"ImageObject","inLanguage":"hu","@id":"https:\/\/secure.gravatar.com\/avatar\/61d268e57d1f4525b111222e29d2d5a7f8c420fdbf231ba5566a8ceac74fa960?s=96&d=mm&r=g","url":"https:\/\/secure.gravatar.com\/avatar\/61d268e57d1f4525b111222e29d2d5a7f8c420fdbf231ba5566a8ceac74fa960?s=96&d=mm&r=g","contentUrl":"https:\/\/secure.gravatar.com\/avatar\/61d268e57d1f4525b111222e29d2d5a7f8c420fdbf231ba5566a8ceac74fa960?s=96&d=mm&r=g","caption":"Tibor atya"},"url":"https:\/\/stuttgarti-katolikusok.de\/index.php\/author\/tibor-atya\/"}]}},"_links":{"self":[{"href":"https:\/\/stuttgarti-katolikusok.de\/index.php\/wp-json\/wp\/v2\/posts\/29060","targetHints":{"allow":["GET"]}}],"collection":[{"href":"https:\/\/stuttgarti-katolikusok.de\/index.php\/wp-json\/wp\/v2\/posts"}],"about":[{"href":"https:\/\/stuttgarti-katolikusok.de\/index.php\/wp-json\/wp\/v2\/types\/post"}],"author":[{"embeddable":true,"href":"https:\/\/stuttgarti-katolikusok.de\/index.php\/wp-json\/wp\/v2\/users\/3"}],"replies":[{"embeddable":true,"href":"https:\/\/stuttgarti-katolikusok.de\/index.php\/wp-json\/wp\/v2\/comments?post=29060"}],"version-history":[{"count":2,"href":"https:\/\/stuttgarti-katolikusok.de\/index.php\/wp-json\/wp\/v2\/posts\/29060\/revisions"}],"predecessor-version":[{"id":29064,"href":"https:\/\/stuttgarti-katolikusok.de\/index.php\/wp-json\/wp\/v2\/posts\/29060\/revisions\/29064"}],"wp:featuredmedia":[{"embeddable":true,"href":"https:\/\/stuttgarti-katolikusok.de\/index.php\/wp-json\/wp\/v2\/media\/29061"}],"wp:attachment":[{"href":"https:\/\/stuttgarti-katolikusok.de\/index.php\/wp-json\/wp\/v2\/media?parent=29060"}],"wp:term":[{"taxonomy":"category","embeddable":true,"href":"https:\/\/stuttgarti-katolikusok.de\/index.php\/wp-json\/wp\/v2\/categories?post=29060"},{"taxonomy":"post_tag","embeddable":true,"href":"https:\/\/stuttgarti-katolikusok.de\/index.php\/wp-json\/wp\/v2\/tags?post=29060"}],"curies":[{"name":"wp","href":"https:\/\/api.w.org\/{rel}","templated":true}]}}