{"id":29052,"date":"2024-06-04T11:01:22","date_gmt":"2024-06-04T09:01:22","guid":{"rendered":"https:\/\/stuttgarti-katolikusok.de\/?p=29052"},"modified":"2024-06-04T12:13:43","modified_gmt":"2024-06-04T10:13:43","slug":"nemzeti-osszetartozas-napja-stuttgart-2024-junius-2","status":"publish","type":"post","link":"https:\/\/stuttgarti-katolikusok.de\/index.php\/nemzeti-osszetartozas-napja-stuttgart-2024-junius-2\/","title":{"rendered":"Nemzeti \u00d6sszetartoz\u00e1s Napja &#8211; Stuttgart &#8211; 2024. j\u00fanius 2."},"content":{"rendered":"<p><span style=\"color: #ff6600;\"><em>&#8222;K\u00e9tf\u00e9le ember van ezen a vil\u00e1gon, (&#8230;) az egyik karddal farag vil\u00e1got mag\u00e1nak, a m\u00e1sik ek\u00e9vel. De a karddal faragott vil\u00e1got egy m\u00e1sik kard led\u00f6ntheti, s \u00fajj\u00e1faraghatja nagyon is gyorsan. Maradand\u00f3t csup\u00e1n az eke farag.&#8221; <\/em><em>(Wass Albert &#8211; 1908 &#8211; 1998)<\/em><\/span><\/p>\n<p>A kor\u00e1bbi \u00e9vek hagyom\u00e1ny\u00e1t k\u00f6vetve, 2024. j\u00fanius 2-\u00e1n a szentmise v\u00e9gezt\u00e9vel a Szent Gell\u00e9rt Egyh\u00e1zk\u00f6zs\u00e9g k\u00f6z\u00f6sen a Stuttgarti Magyar F\u0151konzul\u00e1tussal megtartotta megeml\u00e9kez\u00e9s\u00e9t a Nemzeti \u00d6sszetartoz\u00e1s Napja alkalm\u00e1b\u00f3l.<\/p>\n<p>Dr. Izs\u00e1k Andr\u00e1s f\u0151konzul \u00far az \u00f6sszetartoz\u00e1s fontoss\u00e1g\u00e1r\u00f3l sz\u00f3lt, amelyet Tibor atya is kiemelt. Utal\u00e1st tett a 2023. december 17-\u00e9n megtartott &#8222;J\u00f3nak lenni j\u00f3&#8221; adom\u00e1nygy\u0171jt\u0151 akci\u00f3ra, amelybe a Baden-W\u00fcrttembergi magyars\u00e1g is bekapcsol\u00f3dott az &#8222;Egy\u00fctt j\u00f3nak lenni m\u00e9g jobb!&#8221; f\u00e9mjelezte szeretetakci\u00f3val.<\/p>\n<p>Vallom \u00e9n is: &#8222;Maradand\u00f3t csup\u00e1n az eke farag&#8221;. Mondhatn\u00e1m azt is, hogy az egym\u00e1ssal t\u00f6rt\u00e9n\u0151 viaskod\u00e1s felem\u00e9szti er\u0151inket, benne elfogyunk. A puszta t\u00e9ny, hogy a t\u00f6rt\u00e9nelmi Magyarorsz\u00e1g minden t\u00e1jegys\u00e9g\u00e9r\u0151l \u00e9l\u00fcnk itt, kiv\u00e1l\u00f3 lehet\u0151s\u00e9get k\u00edn\u00e1l az egys\u00e9g megtapasztal\u00e1s\u00e1ra \u00e9s meg\u00e9l\u00e9s\u00e9re. Ehhez pedig jelen\u00fcnkben minden eszk\u00f6z\u00fcnk megvan.<\/p>\n<p>Kiz\u00e1r\u00f3lag rajtam m\u00falik, hogy karddal vagy ek\u00e9vel \u00e9p\u00edtek vil\u00e1got. Ezt sohasem szabad elfelednem.<\/p>\n<p>Term\u00e9szetesen k\u00f6sz\u00f6net H\u00e4fner Geiger Ildik\u00f3 egyh\u00e1zzen\u00e9sznek k\u00f6zrem\u0171k\u00f6d\u00e9s\u00e9\u00e9rt. Tov\u00e1bb\u00e1 G\u00e1l Zs\u00f3fia egyh\u00e1ztan\u00e1csosunknak, aki mint mindig, most is nagy gonddal \u00e9s odaad\u00e1ssal d\u00edsz\u00edtette \u00e9s k\u00e9sz\u00edtette el\u0151 templomunkat mind a szentmis\u00e9re, mind a megeml\u00e9kez\u00e9sre. Term\u00e9szetesen ez alkalommal is D\u00e1vid Ferenc bar\u00e1tom \u00e9s h\u00edv\u00fcnk v\u00e1llalta, hogy r\u00f6gz\u00edti mind a szentmis\u00e9t, mind az \u00fcnnepi megeml\u00e9kez\u00e9st. K\u00f6sz\u00f6net az \u00f6nk\u00e9ntes seg\u00e9dkez\u0151knek, akik a megeml\u00e9kez\u00e9st k\u00f6vet\u0151 agap\u00e9ban ny\u00fajtottak seg\u00edt\u0151 kezet. &#8222;Egy\u00fctt er\u0151 vagyunk, szertesz\u00e9t gy\u00f6nges\u00e9g.&#8221; (Wass Albert).<\/p>\n<p>Stuttgart, 2024. j\u00fanius 4.<\/p>\n<p>Merl\u00e1s Tibor, a Szent Gell\u00e9rt Egyh\u00e1zk\u00f6zs\u00e9g pl\u00e9b\u00e1nosa<\/p>\n<p style=\"text-align: center;\"><span style=\"color: #ff6600;\"><strong>*****<\/strong><\/span><\/p>\n<div class=\"brlbs-cmpnt-container brlbs-cmpnt-content-blocker brlbs-cmpnt-with-individual-styles\" data-borlabs-cookie-content-blocker-id=\"youtube-content-blocker\" data-borlabs-cookie-content=\"PGlmcmFtZSB0aXRsZT0iTmVtemV0aSDDlnNzemV0YXJ0b3rDoXMgTmFwamEgLSBTdHV0dGdhcnQgLSAyMDI0LiBqw7puaXVzIDIuIiB3aWR0aD0iOTQwIiBoZWlnaHQ9IjUyOSIgc3JjPSJodHRwczovL3d3dy55b3V0dWJlLW5vY29va2llLmNvbS9lbWJlZC9tdWRWcElDT1Ribz9mZWF0dXJlPW9lbWJlZCIgZnJhbWVib3JkZXI9IjAiIGFsbG93PSJhY2NlbGVyb21ldGVyOyBhdXRvcGxheTsgY2xpcGJvYXJkLXdyaXRlOyBlbmNyeXB0ZWQtbWVkaWE7IGd5cm9zY29wZTsgcGljdHVyZS1pbi1waWN0dXJlOyB3ZWItc2hhcmUiIHJlZmVycmVycG9saWN5PSJzdHJpY3Qtb3JpZ2luLXdoZW4tY3Jvc3Mtb3JpZ2luIiBhbGxvd2Z1bGxzY3JlZW4+PC9pZnJhbWU+\">\n<div class=\"brlbs-cmpnt-cb-preset-c brlbs-cmpnt-cb-youtube\">\n<div class=\"brlbs-cmpnt-cb-thumbnail\" style=\"background-image: url('https:\/\/stuttgarti-katolikusok.de\/wp-content\/uploads\/borlabs-cookie\/1\/yt_mudVpICOTbo_hqdefault.jpg')\"><\/div>\n<div class=\"brlbs-cmpnt-cb-main\">\n<div class=\"brlbs-cmpnt-cb-play-button\"><\/div>\n<div class=\"brlbs-cmpnt-cb-content\">\n<p class=\"brlbs-cmpnt-cb-description\">You are currently viewing a placeholder content from <strong>YouTube<\/strong>. To access the actual content, click the button below. Please note that doing so will share data with third-party providers.<\/p>\n<p> <a class=\"brlbs-cmpnt-cb-provider-toggle\" href=\"#\" data-borlabs-cookie-show-provider-information role=\"button\">More Information<\/a> <\/div>\n<div class=\"brlbs-cmpnt-cb-buttons\"> <a class=\"brlbs-cmpnt-cb-btn\" href=\"#\" data-borlabs-cookie-unblock role=\"button\">Unblock content<\/a> <a class=\"brlbs-cmpnt-cb-btn\" href=\"#\" data-borlabs-cookie-accept-service role=\"button\" style=\"display: inherit\">Accept required service and unblock content<\/a> <\/div><\/div><\/div>\n<\/div>\n","protected":false},"excerpt":{"rendered":"<p>&#8222;K\u00e9tf\u00e9le ember van ezen a vil\u00e1gon, (&#8230;) az egyik karddal farag vil\u00e1got mag\u00e1nak, a m\u00e1sik ek\u00e9vel. De a karddal faragott vil\u00e1got egy m\u00e1sik kard led\u00f6ntheti, s \u00fajj\u00e1faraghatja nagyon is gyorsan. Maradand\u00f3t csup\u00e1n az eke farag.&#8221; (Wass Albert &#8211; 1908 &#8211; 1998) A kor\u00e1bbi \u00e9vek hagyom\u00e1ny\u00e1t k\u00f6vetve, 2024. j\u00fanius 2-\u00e1n a szentmise v\u00e9gezt\u00e9vel a Szent Gell\u00e9rt Egyh\u00e1zk\u00f6zs\u00e9g k\u00f6z\u00f6sen a Stuttgarti Magyar F\u0151konzul\u00e1tussal megtartotta megeml\u00e9kez\u00e9s\u00e9t a Nemzeti \u00d6sszetartoz\u00e1s Napja alkalm\u00e1b\u00f3l. Dr. Izs\u00e1k Andr\u00e1s f\u0151konzul \u00far az \u00f6sszetartoz\u00e1s fontoss\u00e1g\u00e1r\u00f3l sz\u00f3lt, amelyet Tibor atya is kiemelt. Utal\u00e1st tett a 2023. december 17-\u00e9n megtartott &#8222;J\u00f3nak lenni j\u00f3&#8221; adom\u00e1nygy\u0171jt\u0151 akci\u00f3ra, amelybe a Baden-W\u00fcrttembergi magyars\u00e1g is bekapcsol\u00f3dott az &#8222;Egy\u00fctt j\u00f3nak lenni m\u00e9g jobb!&#8221; f\u00e9mjelezte szeretetakci\u00f3val. Vallom \u00e9n is: &#8222;Maradand\u00f3t csup\u00e1n az eke farag&#8221;. Mondhatn\u00e1m azt is, hogy az egym\u00e1ssal t\u00f6rt\u00e9n\u0151 viaskod\u00e1s felem\u00e9szti er\u0151inket, benne elfogyunk. A puszta t\u00e9ny, hogy a t\u00f6rt\u00e9nelmi Magyarorsz\u00e1g minden t\u00e1jegys\u00e9g\u00e9r\u0151l \u00e9l\u00fcnk itt, kiv\u00e1l\u00f3 lehet\u0151s\u00e9get k\u00edn\u00e1l az egys\u00e9g megtapasztal\u00e1s\u00e1ra \u00e9s meg\u00e9l\u00e9s\u00e9re. Ehhez pedig jelen\u00fcnkben minden eszk\u00f6z\u00fcnk megvan. Kiz\u00e1r\u00f3lag rajtam m\u00falik, hogy karddal vagy ek\u00e9vel \u00e9p\u00edtek vil\u00e1got. Ezt sohasem szabad elfelednem. Term\u00e9szetesen k\u00f6sz\u00f6net H\u00e4fner Geiger Ildik\u00f3 egyh\u00e1zzen\u00e9sznek k\u00f6zrem\u0171k\u00f6d\u00e9s\u00e9\u00e9rt. Tov\u00e1bb\u00e1 G\u00e1l Zs\u00f3fia egyh\u00e1ztan\u00e1csosunknak, aki mint mindig, most is nagy gonddal \u00e9s odaad\u00e1ssal d\u00edsz\u00edtette \u00e9s k\u00e9sz\u00edtette el\u0151 templomunkat mind a szentmis\u00e9re, mind a megeml\u00e9kez\u00e9sre. Term\u00e9szetesen ez alkalommal is D\u00e1vid Ferenc bar\u00e1tom \u00e9s h\u00edv\u00fcnk v\u00e1llalta, hogy r\u00f6gz\u00edti mind a szentmis\u00e9t, mind az \u00fcnnepi megeml\u00e9kez\u00e9st. K\u00f6sz\u00f6net az \u00f6nk\u00e9ntes seg\u00e9dkez\u0151knek, akik a megeml\u00e9kez\u00e9st k\u00f6vet\u0151 agap\u00e9ban ny\u00fajtottak seg\u00edt\u0151 kezet. &#8222;Egy\u00fctt er\u0151 vagyunk, szertesz\u00e9t gy\u00f6nges\u00e9g.&#8221; (Wass Albert). Stuttgart, 2024. j\u00fanius 4. Merl\u00e1s Tibor, a Szent Gell\u00e9rt Egyh\u00e1zk\u00f6zs\u00e9g pl\u00e9b\u00e1nosa ***** You are currently viewing a placeholder content from YouTube. To access the actual content, click the button below. Please note that doing so will share data with third-party providers. More Information Unblock content Accept required service and unblock content<\/p>\n","protected":false},"author":3,"featured_media":29053,"comment_status":"closed","ping_status":"closed","sticky":false,"template":"","format":"standard","meta":{"footnotes":""},"categories":[5],"tags":[],"class_list":["post-29052","post","type-post","status-publish","format-standard","has-post-thumbnail","hentry","category-hirek"],"yoast_head":"<!-- This site is optimized with the Yoast SEO plugin v27.3 - https:\/\/yoast.com\/product\/yoast-seo-wordpress\/ -->\n<title>Nemzeti \u00d6sszetartoz\u00e1s Napja - Stuttgart - 2024. j\u00fanius 2. - Stuttgarti Katolikusok<\/title>\n<meta name=\"robots\" content=\"index, follow, max-snippet:-1, max-image-preview:large, max-video-preview:-1\" \/>\n<link rel=\"canonical\" href=\"https:\/\/stuttgarti-katolikusok.de\/index.php\/nemzeti-osszetartozas-napja-stuttgart-2024-junius-2\/\" \/>\n<meta property=\"og:locale\" content=\"hu_HU\" \/>\n<meta property=\"og:type\" content=\"article\" \/>\n<meta property=\"og:title\" content=\"Nemzeti \u00d6sszetartoz\u00e1s Napja - Stuttgart - 2024. j\u00fanius 2. - Stuttgarti Katolikusok\" \/>\n<meta property=\"og:description\" content=\"&#8222;K\u00e9tf\u00e9le ember van ezen a vil\u00e1gon, (&#8230;) az egyik karddal farag vil\u00e1got mag\u00e1nak, a m\u00e1sik ek\u00e9vel. De a karddal faragott vil\u00e1got egy m\u00e1sik kard led\u00f6ntheti, s \u00fajj\u00e1faraghatja nagyon is gyorsan. Maradand\u00f3t csup\u00e1n az eke farag.&#8221; (Wass Albert &#8211; 1908 &#8211; 1998) A kor\u00e1bbi \u00e9vek hagyom\u00e1ny\u00e1t k\u00f6vetve, 2024. j\u00fanius 2-\u00e1n a szentmise v\u00e9gezt\u00e9vel a Szent Gell\u00e9rt Egyh\u00e1zk\u00f6zs\u00e9g k\u00f6z\u00f6sen a Stuttgarti Magyar F\u0151konzul\u00e1tussal megtartotta megeml\u00e9kez\u00e9s\u00e9t a Nemzeti \u00d6sszetartoz\u00e1s Napja alkalm\u00e1b\u00f3l. Dr. Izs\u00e1k Andr\u00e1s f\u0151konzul \u00far az \u00f6sszetartoz\u00e1s fontoss\u00e1g\u00e1r\u00f3l sz\u00f3lt, amelyet Tibor atya is kiemelt. Utal\u00e1st tett a 2023. december 17-\u00e9n megtartott &#8222;J\u00f3nak lenni j\u00f3&#8221; adom\u00e1nygy\u0171jt\u0151 akci\u00f3ra, amelybe a Baden-W\u00fcrttembergi magyars\u00e1g is bekapcsol\u00f3dott az &#8222;Egy\u00fctt j\u00f3nak lenni m\u00e9g jobb!&#8221; f\u00e9mjelezte szeretetakci\u00f3val. Vallom \u00e9n is: &#8222;Maradand\u00f3t csup\u00e1n az eke farag&#8221;. Mondhatn\u00e1m azt is, hogy az egym\u00e1ssal t\u00f6rt\u00e9n\u0151 viaskod\u00e1s felem\u00e9szti er\u0151inket, benne elfogyunk. A puszta t\u00e9ny, hogy a t\u00f6rt\u00e9nelmi Magyarorsz\u00e1g minden t\u00e1jegys\u00e9g\u00e9r\u0151l \u00e9l\u00fcnk itt, kiv\u00e1l\u00f3 lehet\u0151s\u00e9get k\u00edn\u00e1l az egys\u00e9g megtapasztal\u00e1s\u00e1ra \u00e9s meg\u00e9l\u00e9s\u00e9re. Ehhez pedig jelen\u00fcnkben minden eszk\u00f6z\u00fcnk megvan. Kiz\u00e1r\u00f3lag rajtam m\u00falik, hogy karddal vagy ek\u00e9vel \u00e9p\u00edtek vil\u00e1got. Ezt sohasem szabad elfelednem. Term\u00e9szetesen k\u00f6sz\u00f6net H\u00e4fner Geiger Ildik\u00f3 egyh\u00e1zzen\u00e9sznek k\u00f6zrem\u0171k\u00f6d\u00e9s\u00e9\u00e9rt. Tov\u00e1bb\u00e1 G\u00e1l Zs\u00f3fia egyh\u00e1ztan\u00e1csosunknak, aki mint mindig, most is nagy gonddal \u00e9s odaad\u00e1ssal d\u00edsz\u00edtette \u00e9s k\u00e9sz\u00edtette el\u0151 templomunkat mind a szentmis\u00e9re, mind a megeml\u00e9kez\u00e9sre. Term\u00e9szetesen ez alkalommal is D\u00e1vid Ferenc bar\u00e1tom \u00e9s h\u00edv\u00fcnk v\u00e1llalta, hogy r\u00f6gz\u00edti mind a szentmis\u00e9t, mind az \u00fcnnepi megeml\u00e9kez\u00e9st. K\u00f6sz\u00f6net az \u00f6nk\u00e9ntes seg\u00e9dkez\u0151knek, akik a megeml\u00e9kez\u00e9st k\u00f6vet\u0151 agap\u00e9ban ny\u00fajtottak seg\u00edt\u0151 kezet. &#8222;Egy\u00fctt er\u0151 vagyunk, szertesz\u00e9t gy\u00f6nges\u00e9g.&#8221; (Wass Albert). Stuttgart, 2024. j\u00fanius 4. Merl\u00e1s Tibor, a Szent Gell\u00e9rt Egyh\u00e1zk\u00f6zs\u00e9g pl\u00e9b\u00e1nosa ***** You are currently viewing a placeholder content from YouTube. To access the actual content, click the button below. Please note that doing so will share data with third-party providers. More Information Unblock content Accept required service and unblock content\" \/>\n<meta property=\"og:url\" content=\"https:\/\/stuttgarti-katolikusok.de\/index.php\/nemzeti-osszetartozas-napja-stuttgart-2024-junius-2\/\" \/>\n<meta property=\"og:site_name\" content=\"Stuttgarti Katolikusok\" \/>\n<meta property=\"article:published_time\" content=\"2024-06-04T09:01:22+00:00\" \/>\n<meta property=\"article:modified_time\" content=\"2024-06-04T10:13:43+00:00\" \/>\n<meta property=\"og:image\" content=\"https:\/\/stuttgarti-katolikusok.de\/wp-content\/uploads\/2024\/06\/img-20240603-wa0002.jpg\" \/>\n\t<meta property=\"og:image:width\" content=\"2000\" \/>\n\t<meta property=\"og:image:height\" content=\"1125\" \/>\n\t<meta property=\"og:image:type\" content=\"image\/jpeg\" \/>\n<meta name=\"author\" content=\"Tibor atya\" \/>\n<meta name=\"twitter:card\" content=\"summary_large_image\" \/>\n<meta name=\"twitter:label1\" content=\"Szerz\u0151:\" \/>\n\t<meta name=\"twitter:data1\" content=\"Tibor atya\" \/>\n\t<meta name=\"twitter:label2\" content=\"Becs\u00fclt olvas\u00e1si id\u0151\" \/>\n\t<meta name=\"twitter:data2\" content=\"2 perc\" \/>\n<script type=\"application\/ld+json\" class=\"yoast-schema-graph\">{\"@context\":\"https:\\\/\\\/schema.org\",\"@graph\":[{\"@type\":\"Article\",\"@id\":\"https:\\\/\\\/stuttgarti-katolikusok.de\\\/index.php\\\/nemzeti-osszetartozas-napja-stuttgart-2024-junius-2\\\/#article\",\"isPartOf\":{\"@id\":\"https:\\\/\\\/stuttgarti-katolikusok.de\\\/index.php\\\/nemzeti-osszetartozas-napja-stuttgart-2024-junius-2\\\/\"},\"author\":{\"name\":\"Tibor atya\",\"@id\":\"https:\\\/\\\/stuttgarti-katolikusok.de\\\/#\\\/schema\\\/person\\\/75908d6f8fdc03a57889d27209df7795\"},\"headline\":\"Nemzeti \u00d6sszetartoz\u00e1s Napja &#8211; Stuttgart &#8211; 2024. j\u00fanius 2.\",\"datePublished\":\"2024-06-04T09:01:22+00:00\",\"dateModified\":\"2024-06-04T10:13:43+00:00\",\"mainEntityOfPage\":{\"@id\":\"https:\\\/\\\/stuttgarti-katolikusok.de\\\/index.php\\\/nemzeti-osszetartozas-napja-stuttgart-2024-junius-2\\\/\"},\"wordCount\":405,\"image\":{\"@id\":\"https:\\\/\\\/stuttgarti-katolikusok.de\\\/index.php\\\/nemzeti-osszetartozas-napja-stuttgart-2024-junius-2\\\/#primaryimage\"},\"thumbnailUrl\":\"https:\\\/\\\/stuttgarti-katolikusok.de\\\/wp-content\\\/uploads\\\/2024\\\/06\\\/img-20240603-wa0002.jpg\",\"articleSection\":[\"H\u00edrek\"],\"inLanguage\":\"hu\"},{\"@type\":\"WebPage\",\"@id\":\"https:\\\/\\\/stuttgarti-katolikusok.de\\\/index.php\\\/nemzeti-osszetartozas-napja-stuttgart-2024-junius-2\\\/\",\"url\":\"https:\\\/\\\/stuttgarti-katolikusok.de\\\/index.php\\\/nemzeti-osszetartozas-napja-stuttgart-2024-junius-2\\\/\",\"name\":\"Nemzeti \u00d6sszetartoz\u00e1s Napja - Stuttgart - 2024. j\u00fanius 2. - Stuttgarti Katolikusok\",\"isPartOf\":{\"@id\":\"https:\\\/\\\/stuttgarti-katolikusok.de\\\/#website\"},\"primaryImageOfPage\":{\"@id\":\"https:\\\/\\\/stuttgarti-katolikusok.de\\\/index.php\\\/nemzeti-osszetartozas-napja-stuttgart-2024-junius-2\\\/#primaryimage\"},\"image\":{\"@id\":\"https:\\\/\\\/stuttgarti-katolikusok.de\\\/index.php\\\/nemzeti-osszetartozas-napja-stuttgart-2024-junius-2\\\/#primaryimage\"},\"thumbnailUrl\":\"https:\\\/\\\/stuttgarti-katolikusok.de\\\/wp-content\\\/uploads\\\/2024\\\/06\\\/img-20240603-wa0002.jpg\",\"datePublished\":\"2024-06-04T09:01:22+00:00\",\"dateModified\":\"2024-06-04T10:13:43+00:00\",\"author\":{\"@id\":\"https:\\\/\\\/stuttgarti-katolikusok.de\\\/#\\\/schema\\\/person\\\/75908d6f8fdc03a57889d27209df7795\"},\"breadcrumb\":{\"@id\":\"https:\\\/\\\/stuttgarti-katolikusok.de\\\/index.php\\\/nemzeti-osszetartozas-napja-stuttgart-2024-junius-2\\\/#breadcrumb\"},\"inLanguage\":\"hu\",\"potentialAction\":[{\"@type\":\"ReadAction\",\"target\":[\"https:\\\/\\\/stuttgarti-katolikusok.de\\\/index.php\\\/nemzeti-osszetartozas-napja-stuttgart-2024-junius-2\\\/\"]}]},{\"@type\":\"ImageObject\",\"inLanguage\":\"hu\",\"@id\":\"https:\\\/\\\/stuttgarti-katolikusok.de\\\/index.php\\\/nemzeti-osszetartozas-napja-stuttgart-2024-junius-2\\\/#primaryimage\",\"url\":\"https:\\\/\\\/stuttgarti-katolikusok.de\\\/wp-content\\\/uploads\\\/2024\\\/06\\\/img-20240603-wa0002.jpg\",\"contentUrl\":\"https:\\\/\\\/stuttgarti-katolikusok.de\\\/wp-content\\\/uploads\\\/2024\\\/06\\\/img-20240603-wa0002.jpg\",\"width\":2000,\"height\":1125},{\"@type\":\"BreadcrumbList\",\"@id\":\"https:\\\/\\\/stuttgarti-katolikusok.de\\\/index.php\\\/nemzeti-osszetartozas-napja-stuttgart-2024-junius-2\\\/#breadcrumb\",\"itemListElement\":[{\"@type\":\"ListItem\",\"position\":1,\"name\":\"Kezd\u0151lap\",\"item\":\"https:\\\/\\\/stuttgarti-katolikusok.de\\\/\"},{\"@type\":\"ListItem\",\"position\":2,\"name\":\"Nemzeti \u00d6sszetartoz\u00e1s Napja &#8211; Stuttgart &#8211; 2024. j\u00fanius 2.\"}]},{\"@type\":\"WebSite\",\"@id\":\"https:\\\/\\\/stuttgarti-katolikusok.de\\\/#website\",\"url\":\"https:\\\/\\\/stuttgarti-katolikusok.de\\\/\",\"name\":\"Stuttgarti Katolikusok\",\"description\":\"\",\"potentialAction\":[{\"@type\":\"SearchAction\",\"target\":{\"@type\":\"EntryPoint\",\"urlTemplate\":\"https:\\\/\\\/stuttgarti-katolikusok.de\\\/?s={search_term_string}\"},\"query-input\":{\"@type\":\"PropertyValueSpecification\",\"valueRequired\":true,\"valueName\":\"search_term_string\"}}],\"inLanguage\":\"hu\"},{\"@type\":\"Person\",\"@id\":\"https:\\\/\\\/stuttgarti-katolikusok.de\\\/#\\\/schema\\\/person\\\/75908d6f8fdc03a57889d27209df7795\",\"name\":\"Tibor atya\",\"image\":{\"@type\":\"ImageObject\",\"inLanguage\":\"hu\",\"@id\":\"https:\\\/\\\/secure.gravatar.com\\\/avatar\\\/61d268e57d1f4525b111222e29d2d5a7f8c420fdbf231ba5566a8ceac74fa960?s=96&d=mm&r=g\",\"url\":\"https:\\\/\\\/secure.gravatar.com\\\/avatar\\\/61d268e57d1f4525b111222e29d2d5a7f8c420fdbf231ba5566a8ceac74fa960?s=96&d=mm&r=g\",\"contentUrl\":\"https:\\\/\\\/secure.gravatar.com\\\/avatar\\\/61d268e57d1f4525b111222e29d2d5a7f8c420fdbf231ba5566a8ceac74fa960?s=96&d=mm&r=g\",\"caption\":\"Tibor atya\"},\"url\":\"https:\\\/\\\/stuttgarti-katolikusok.de\\\/index.php\\\/author\\\/tibor-atya\\\/\"}]}<\/script>\n<!-- \/ Yoast SEO plugin. -->","yoast_head_json":{"title":"Nemzeti \u00d6sszetartoz\u00e1s Napja - Stuttgart - 2024. j\u00fanius 2. - Stuttgarti Katolikusok","robots":{"index":"index","follow":"follow","max-snippet":"max-snippet:-1","max-image-preview":"max-image-preview:large","max-video-preview":"max-video-preview:-1"},"canonical":"https:\/\/stuttgarti-katolikusok.de\/index.php\/nemzeti-osszetartozas-napja-stuttgart-2024-junius-2\/","og_locale":"hu_HU","og_type":"article","og_title":"Nemzeti \u00d6sszetartoz\u00e1s Napja - Stuttgart - 2024. j\u00fanius 2. - Stuttgarti Katolikusok","og_description":"&#8222;K\u00e9tf\u00e9le ember van ezen a vil\u00e1gon, (&#8230;) az egyik karddal farag vil\u00e1got mag\u00e1nak, a m\u00e1sik ek\u00e9vel. De a karddal faragott vil\u00e1got egy m\u00e1sik kard led\u00f6ntheti, s \u00fajj\u00e1faraghatja nagyon is gyorsan. Maradand\u00f3t csup\u00e1n az eke farag.&#8221; (Wass Albert &#8211; 1908 &#8211; 1998) A kor\u00e1bbi \u00e9vek hagyom\u00e1ny\u00e1t k\u00f6vetve, 2024. j\u00fanius 2-\u00e1n a szentmise v\u00e9gezt\u00e9vel a Szent Gell\u00e9rt Egyh\u00e1zk\u00f6zs\u00e9g k\u00f6z\u00f6sen a Stuttgarti Magyar F\u0151konzul\u00e1tussal megtartotta megeml\u00e9kez\u00e9s\u00e9t a Nemzeti \u00d6sszetartoz\u00e1s Napja alkalm\u00e1b\u00f3l. Dr. Izs\u00e1k Andr\u00e1s f\u0151konzul \u00far az \u00f6sszetartoz\u00e1s fontoss\u00e1g\u00e1r\u00f3l sz\u00f3lt, amelyet Tibor atya is kiemelt. Utal\u00e1st tett a 2023. december 17-\u00e9n megtartott &#8222;J\u00f3nak lenni j\u00f3&#8221; adom\u00e1nygy\u0171jt\u0151 akci\u00f3ra, amelybe a Baden-W\u00fcrttembergi magyars\u00e1g is bekapcsol\u00f3dott az &#8222;Egy\u00fctt j\u00f3nak lenni m\u00e9g jobb!&#8221; f\u00e9mjelezte szeretetakci\u00f3val. Vallom \u00e9n is: &#8222;Maradand\u00f3t csup\u00e1n az eke farag&#8221;. Mondhatn\u00e1m azt is, hogy az egym\u00e1ssal t\u00f6rt\u00e9n\u0151 viaskod\u00e1s felem\u00e9szti er\u0151inket, benne elfogyunk. A puszta t\u00e9ny, hogy a t\u00f6rt\u00e9nelmi Magyarorsz\u00e1g minden t\u00e1jegys\u00e9g\u00e9r\u0151l \u00e9l\u00fcnk itt, kiv\u00e1l\u00f3 lehet\u0151s\u00e9get k\u00edn\u00e1l az egys\u00e9g megtapasztal\u00e1s\u00e1ra \u00e9s meg\u00e9l\u00e9s\u00e9re. Ehhez pedig jelen\u00fcnkben minden eszk\u00f6z\u00fcnk megvan. Kiz\u00e1r\u00f3lag rajtam m\u00falik, hogy karddal vagy ek\u00e9vel \u00e9p\u00edtek vil\u00e1got. Ezt sohasem szabad elfelednem. Term\u00e9szetesen k\u00f6sz\u00f6net H\u00e4fner Geiger Ildik\u00f3 egyh\u00e1zzen\u00e9sznek k\u00f6zrem\u0171k\u00f6d\u00e9s\u00e9\u00e9rt. Tov\u00e1bb\u00e1 G\u00e1l Zs\u00f3fia egyh\u00e1ztan\u00e1csosunknak, aki mint mindig, most is nagy gonddal \u00e9s odaad\u00e1ssal d\u00edsz\u00edtette \u00e9s k\u00e9sz\u00edtette el\u0151 templomunkat mind a szentmis\u00e9re, mind a megeml\u00e9kez\u00e9sre. Term\u00e9szetesen ez alkalommal is D\u00e1vid Ferenc bar\u00e1tom \u00e9s h\u00edv\u00fcnk v\u00e1llalta, hogy r\u00f6gz\u00edti mind a szentmis\u00e9t, mind az \u00fcnnepi megeml\u00e9kez\u00e9st. K\u00f6sz\u00f6net az \u00f6nk\u00e9ntes seg\u00e9dkez\u0151knek, akik a megeml\u00e9kez\u00e9st k\u00f6vet\u0151 agap\u00e9ban ny\u00fajtottak seg\u00edt\u0151 kezet. &#8222;Egy\u00fctt er\u0151 vagyunk, szertesz\u00e9t gy\u00f6nges\u00e9g.&#8221; (Wass Albert). Stuttgart, 2024. j\u00fanius 4. Merl\u00e1s Tibor, a Szent Gell\u00e9rt Egyh\u00e1zk\u00f6zs\u00e9g pl\u00e9b\u00e1nosa ***** You are currently viewing a placeholder content from YouTube. To access the actual content, click the button below. Please note that doing so will share data with third-party providers. More Information Unblock content Accept required service and unblock content","og_url":"https:\/\/stuttgarti-katolikusok.de\/index.php\/nemzeti-osszetartozas-napja-stuttgart-2024-junius-2\/","og_site_name":"Stuttgarti Katolikusok","article_published_time":"2024-06-04T09:01:22+00:00","article_modified_time":"2024-06-04T10:13:43+00:00","og_image":[{"width":2000,"height":1125,"url":"https:\/\/stuttgarti-katolikusok.de\/wp-content\/uploads\/2024\/06\/img-20240603-wa0002.jpg","type":"image\/jpeg"}],"author":"Tibor atya","twitter_card":"summary_large_image","twitter_misc":{"Szerz\u0151:":"Tibor atya","Becs\u00fclt olvas\u00e1si id\u0151":"2 perc"},"schema":{"@context":"https:\/\/schema.org","@graph":[{"@type":"Article","@id":"https:\/\/stuttgarti-katolikusok.de\/index.php\/nemzeti-osszetartozas-napja-stuttgart-2024-junius-2\/#article","isPartOf":{"@id":"https:\/\/stuttgarti-katolikusok.de\/index.php\/nemzeti-osszetartozas-napja-stuttgart-2024-junius-2\/"},"author":{"name":"Tibor atya","@id":"https:\/\/stuttgarti-katolikusok.de\/#\/schema\/person\/75908d6f8fdc03a57889d27209df7795"},"headline":"Nemzeti \u00d6sszetartoz\u00e1s Napja &#8211; Stuttgart &#8211; 2024. j\u00fanius 2.","datePublished":"2024-06-04T09:01:22+00:00","dateModified":"2024-06-04T10:13:43+00:00","mainEntityOfPage":{"@id":"https:\/\/stuttgarti-katolikusok.de\/index.php\/nemzeti-osszetartozas-napja-stuttgart-2024-junius-2\/"},"wordCount":405,"image":{"@id":"https:\/\/stuttgarti-katolikusok.de\/index.php\/nemzeti-osszetartozas-napja-stuttgart-2024-junius-2\/#primaryimage"},"thumbnailUrl":"https:\/\/stuttgarti-katolikusok.de\/wp-content\/uploads\/2024\/06\/img-20240603-wa0002.jpg","articleSection":["H\u00edrek"],"inLanguage":"hu"},{"@type":"WebPage","@id":"https:\/\/stuttgarti-katolikusok.de\/index.php\/nemzeti-osszetartozas-napja-stuttgart-2024-junius-2\/","url":"https:\/\/stuttgarti-katolikusok.de\/index.php\/nemzeti-osszetartozas-napja-stuttgart-2024-junius-2\/","name":"Nemzeti \u00d6sszetartoz\u00e1s Napja - Stuttgart - 2024. j\u00fanius 2. - Stuttgarti Katolikusok","isPartOf":{"@id":"https:\/\/stuttgarti-katolikusok.de\/#website"},"primaryImageOfPage":{"@id":"https:\/\/stuttgarti-katolikusok.de\/index.php\/nemzeti-osszetartozas-napja-stuttgart-2024-junius-2\/#primaryimage"},"image":{"@id":"https:\/\/stuttgarti-katolikusok.de\/index.php\/nemzeti-osszetartozas-napja-stuttgart-2024-junius-2\/#primaryimage"},"thumbnailUrl":"https:\/\/stuttgarti-katolikusok.de\/wp-content\/uploads\/2024\/06\/img-20240603-wa0002.jpg","datePublished":"2024-06-04T09:01:22+00:00","dateModified":"2024-06-04T10:13:43+00:00","author":{"@id":"https:\/\/stuttgarti-katolikusok.de\/#\/schema\/person\/75908d6f8fdc03a57889d27209df7795"},"breadcrumb":{"@id":"https:\/\/stuttgarti-katolikusok.de\/index.php\/nemzeti-osszetartozas-napja-stuttgart-2024-junius-2\/#breadcrumb"},"inLanguage":"hu","potentialAction":[{"@type":"ReadAction","target":["https:\/\/stuttgarti-katolikusok.de\/index.php\/nemzeti-osszetartozas-napja-stuttgart-2024-junius-2\/"]}]},{"@type":"ImageObject","inLanguage":"hu","@id":"https:\/\/stuttgarti-katolikusok.de\/index.php\/nemzeti-osszetartozas-napja-stuttgart-2024-junius-2\/#primaryimage","url":"https:\/\/stuttgarti-katolikusok.de\/wp-content\/uploads\/2024\/06\/img-20240603-wa0002.jpg","contentUrl":"https:\/\/stuttgarti-katolikusok.de\/wp-content\/uploads\/2024\/06\/img-20240603-wa0002.jpg","width":2000,"height":1125},{"@type":"BreadcrumbList","@id":"https:\/\/stuttgarti-katolikusok.de\/index.php\/nemzeti-osszetartozas-napja-stuttgart-2024-junius-2\/#breadcrumb","itemListElement":[{"@type":"ListItem","position":1,"name":"Kezd\u0151lap","item":"https:\/\/stuttgarti-katolikusok.de\/"},{"@type":"ListItem","position":2,"name":"Nemzeti \u00d6sszetartoz\u00e1s Napja &#8211; Stuttgart &#8211; 2024. j\u00fanius 2."}]},{"@type":"WebSite","@id":"https:\/\/stuttgarti-katolikusok.de\/#website","url":"https:\/\/stuttgarti-katolikusok.de\/","name":"Stuttgarti Katolikusok","description":"","potentialAction":[{"@type":"SearchAction","target":{"@type":"EntryPoint","urlTemplate":"https:\/\/stuttgarti-katolikusok.de\/?s={search_term_string}"},"query-input":{"@type":"PropertyValueSpecification","valueRequired":true,"valueName":"search_term_string"}}],"inLanguage":"hu"},{"@type":"Person","@id":"https:\/\/stuttgarti-katolikusok.de\/#\/schema\/person\/75908d6f8fdc03a57889d27209df7795","name":"Tibor atya","image":{"@type":"ImageObject","inLanguage":"hu","@id":"https:\/\/secure.gravatar.com\/avatar\/61d268e57d1f4525b111222e29d2d5a7f8c420fdbf231ba5566a8ceac74fa960?s=96&d=mm&r=g","url":"https:\/\/secure.gravatar.com\/avatar\/61d268e57d1f4525b111222e29d2d5a7f8c420fdbf231ba5566a8ceac74fa960?s=96&d=mm&r=g","contentUrl":"https:\/\/secure.gravatar.com\/avatar\/61d268e57d1f4525b111222e29d2d5a7f8c420fdbf231ba5566a8ceac74fa960?s=96&d=mm&r=g","caption":"Tibor atya"},"url":"https:\/\/stuttgarti-katolikusok.de\/index.php\/author\/tibor-atya\/"}]}},"_links":{"self":[{"href":"https:\/\/stuttgarti-katolikusok.de\/index.php\/wp-json\/wp\/v2\/posts\/29052","targetHints":{"allow":["GET"]}}],"collection":[{"href":"https:\/\/stuttgarti-katolikusok.de\/index.php\/wp-json\/wp\/v2\/posts"}],"about":[{"href":"https:\/\/stuttgarti-katolikusok.de\/index.php\/wp-json\/wp\/v2\/types\/post"}],"author":[{"embeddable":true,"href":"https:\/\/stuttgarti-katolikusok.de\/index.php\/wp-json\/wp\/v2\/users\/3"}],"replies":[{"embeddable":true,"href":"https:\/\/stuttgarti-katolikusok.de\/index.php\/wp-json\/wp\/v2\/comments?post=29052"}],"version-history":[{"count":4,"href":"https:\/\/stuttgarti-katolikusok.de\/index.php\/wp-json\/wp\/v2\/posts\/29052\/revisions"}],"predecessor-version":[{"id":29057,"href":"https:\/\/stuttgarti-katolikusok.de\/index.php\/wp-json\/wp\/v2\/posts\/29052\/revisions\/29057"}],"wp:featuredmedia":[{"embeddable":true,"href":"https:\/\/stuttgarti-katolikusok.de\/index.php\/wp-json\/wp\/v2\/media\/29053"}],"wp:attachment":[{"href":"https:\/\/stuttgarti-katolikusok.de\/index.php\/wp-json\/wp\/v2\/media?parent=29052"}],"wp:term":[{"taxonomy":"category","embeddable":true,"href":"https:\/\/stuttgarti-katolikusok.de\/index.php\/wp-json\/wp\/v2\/categories?post=29052"},{"taxonomy":"post_tag","embeddable":true,"href":"https:\/\/stuttgarti-katolikusok.de\/index.php\/wp-json\/wp\/v2\/tags?post=29052"}],"curies":[{"name":"wp","href":"https:\/\/api.w.org\/{rel}","templated":true}]}}