{"id":29029,"date":"2024-06-04T00:55:29","date_gmt":"2024-06-03T22:55:29","guid":{"rendered":"https:\/\/stuttgarti-katolikusok.de\/?p=29029"},"modified":"2024-06-04T01:23:46","modified_gmt":"2024-06-03T23:23:46","slug":"2024-junius-3-es-9-kozott","status":"publish","type":"post","link":"https:\/\/stuttgarti-katolikusok.de\/index.php\/2024-junius-3-es-9-kozott\/","title":{"rendered":"2024. J\u00daNIUS 3 \u00c9S 9 K\u00d6Z\u00d6TT"},"content":{"rendered":"<p><span style=\"color: #ff6600;\"><strong>Programel\u0151zetes<\/strong><\/span><\/p>\n<p style=\"text-align: center;\"><strong><span style=\"color: #ff6600;\"><em>*<\/em><\/span><\/strong><\/p>\n<p><strong>J\u00fanius 7-\u00e9n<\/strong>, p\u00e9nteken,<strong><em><span style=\"color: #ff6600;\"> Stuttgarti d\u00e9lut\u00e1n<\/span><\/em><\/strong><em>,<\/em><strong><em><span style=\"color: #ff0000;\"> J\u00e9zus Szent Sz\u00edv\u00e9nek \u00fcnnepe<\/span><\/em><\/strong>, 18.00 \u00f3rakor<em> \u00fcnnepi szentmise, <\/em>el\u0151tte <em>r\u00f3zsaf\u00fcz\u00e9rt im\u00e1dkozunk. <\/em><\/p>\n<p style=\"text-align: center;\"><span style=\"color: #ff6600;\"><strong>*<\/strong><\/span><\/p>\n<p><strong>J\u00fanius 8-\u00e1n<\/strong>, szombaton, <span style=\"color: #ff6600;\"><strong>Biberachban<\/strong><\/span><em>, <span style=\"color: #ff0000;\">16.00 \u00f3rakor<\/span><\/em> <em>b\u00facs\u00fas-szentmise<\/em>, ut\u00e1na <em>agap\u00e9. <span style=\"color: #ff6600;\">\u00c1rp\u00e1d-h\u00e1zi Szent King\u00e1t <\/span><\/em>k\u00f6sz\u00f6ntj\u00fck.<\/p>\n<p>Ez alkalommal a szentmise a<span style=\"color: #ff6600;\"><em> Spitalkirche<\/em><\/span>-ben (<span style=\"color: #ff6600;\">Museumgasse 2-4<\/span>) lesz!!!<\/p>\n<p>Szentmise v\u00e9gezt\u00e9vel pedig az<em> agap\u00e9<\/em> \u00e9s<em> bar\u00e1ti egy\u00fcttl\u00e9t<\/em> a k\u00f6zelben l\u00e9v\u0151 <span style=\"color: #ff6600;\"><em>St. Martin Gemendezentrum<\/em><\/span>-ban (<span style=\"color: #ff6600;\">Kirchplatz 3-4<\/span>) lesz.<\/p>\n<p><em><a href=\"https:\/\/stuttgarti-katolikusok.de\/wp-content\/uploads\/2022\/06\/szent-kinga-budapest.jpg\"><img loading=\"lazy\" decoding=\"async\" class=\"alignnone size-full wp-image-23439\" src=\"https:\/\/stuttgarti-katolikusok.de\/wp-content\/uploads\/2022\/06\/szent-kinga-budapest.jpg\" alt=\"\" width=\"800\" height=\"1057\" srcset=\"https:\/\/stuttgarti-katolikusok.de\/wp-content\/uploads\/2022\/06\/szent-kinga-budapest.jpg 800w, https:\/\/stuttgarti-katolikusok.de\/wp-content\/uploads\/2022\/06\/szent-kinga-budapest-227x300.jpg 227w, https:\/\/stuttgarti-katolikusok.de\/wp-content\/uploads\/2022\/06\/szent-kinga-budapest-775x1024.jpg 775w\" sizes=\"auto, (max-width: 800px) 100vw, 800px\" \/><\/a><\/em><\/p>\n<p style=\"text-align: center;\"><span style=\"color: #ff6600;\"><strong>*<\/strong><\/span><\/p>\n<p><strong>J\u00fanius 9-\u00e9n<em>, <span style=\"color: #339966;\">\u00c9vk\u00f6zi 10. vas\u00e1rnap<\/span><\/em><\/strong><em>,<\/em><\/p>\n<p><span style=\"color: #ff6600;\"><strong>Weingartenben<\/strong><\/span><strong><em>\u00a0<\/em><\/strong>10.00 \u00f3rakor <em>szentmise<\/em> a <span style=\"color: #ff6600;\"><em>14 Nothelfer Kapelle<\/em><\/span>-ben, ut\u00e1na <em>agap\u00e9,<\/em><\/p>\n<p><span style=\"color: #ff6600;\"><strong>Ulmban<\/strong><\/span> 15.00 \u00f3rakor<em> szentmise, <\/em>ut\u00e1na <em>agap\u00e9.<\/em><\/p>\n<p style=\"text-align: center;\"><span style=\"color: #ff6600;\"><strong>*<\/strong><\/span><\/p>\n<p>Minden helyen mindenkit szeretettel v\u00e1r a k\u00f6z\u00f6ss\u00e9g \u00e9s Tibor atya!<\/p>\n<p style=\"text-align: center;\"><span style=\"color: #ff6600;\"><strong>*<\/strong><\/span><\/p>\n<p><em><a href=\"https:\/\/stuttgarti-katolikusok.de\/wp-content\/uploads\/2022\/06\/jesus-2909689-640.jpg\"><img loading=\"lazy\" decoding=\"async\" class=\"alignnone size-full wp-image-23525\" src=\"https:\/\/stuttgarti-katolikusok.de\/wp-content\/uploads\/2022\/06\/jesus-2909689-640.jpg\" alt=\"\" width=\"462\" height=\"640\" srcset=\"https:\/\/stuttgarti-katolikusok.de\/wp-content\/uploads\/2022\/06\/jesus-2909689-640.jpg 462w, https:\/\/stuttgarti-katolikusok.de\/wp-content\/uploads\/2022\/06\/jesus-2909689-640-217x300.jpg 217w\" sizes=\"auto, (max-width: 462px) 100vw, 462px\" \/><\/a><\/em><\/p>\n<p style=\"text-align: center;\"><span style=\"color: #ff6600;\"><strong>*<\/strong><\/span><\/p>\n<p><span style=\"color: #339966;\"><strong><em>Kegyelemteljes napokat, tartalmas besz\u00e9lget\u00e9seket \u00e9s \u00f6r\u00f6mteli tal\u00e1lkoz\u00e1sokat k\u00edv\u00e1nunk minden Kedves H\u00edv\u00fcnknek!<\/em><\/strong><\/span><\/p>\n<p style=\"text-align: center;\"><span style=\"color: #ff6600;\"><strong>*<\/strong><\/span><\/p>\n<p><span style=\"color: #339966;\"><strong><em>\u201eA b\u00f6lcs ember t\u00f6bbet tanul ellens\u00e9geit\u0151l, mint a bolond bar\u00e1tait\u00f3l.\u201d<\/em><\/strong><\/span><\/p>\n<p><em>(Baltasar Gracian \u2013 jezsuita szerzetes, spanyol barokk pr\u00f3za\u00edr\u00f3 -1601-1958)<\/em><\/p>\n<p><em>(K\u00e9p forr\u00e1sa: pixabay.com)<\/em><\/p>\n","protected":false},"excerpt":{"rendered":"<p>Programel\u0151zetes * J\u00fanius 7-\u00e9n, p\u00e9nteken, Stuttgarti d\u00e9lut\u00e1n, J\u00e9zus Szent Sz\u00edv\u00e9nek \u00fcnnepe, 18.00 \u00f3rakor \u00fcnnepi szentmise, el\u0151tte r\u00f3zsaf\u00fcz\u00e9rt im\u00e1dkozunk. * J\u00fanius 8-\u00e1n, szombaton, Biberachban, 16.00 \u00f3rakor b\u00facs\u00fas-szentmise, ut\u00e1na agap\u00e9. \u00c1rp\u00e1d-h\u00e1zi Szent King\u00e1t k\u00f6sz\u00f6ntj\u00fck. Ez alkalommal a szentmise a Spitalkirche-ben (Museumgasse 2-4) lesz!!! Szentmise v\u00e9gezt\u00e9vel pedig az agap\u00e9 \u00e9s bar\u00e1ti egy\u00fcttl\u00e9t a k\u00f6zelben l\u00e9v\u0151 St. Martin Gemendezentrum-ban (Kirchplatz 3-4) lesz. * J\u00fanius 9-\u00e9n, \u00c9vk\u00f6zi 10. vas\u00e1rnap, Weingartenben\u00a010.00 \u00f3rakor szentmise a 14 Nothelfer Kapelle-ben, ut\u00e1na agap\u00e9, Ulmban 15.00 \u00f3rakor szentmise, ut\u00e1na agap\u00e9. * Minden helyen mindenkit szeretettel v\u00e1r a k\u00f6z\u00f6ss\u00e9g \u00e9s Tibor atya! * * Kegyelemteljes napokat, tartalmas besz\u00e9lget\u00e9seket \u00e9s \u00f6r\u00f6mteli tal\u00e1lkoz\u00e1sokat k\u00edv\u00e1nunk minden Kedves H\u00edv\u00fcnknek! * \u201eA b\u00f6lcs ember t\u00f6bbet tanul ellens\u00e9geit\u0151l, mint a bolond bar\u00e1tait\u00f3l.\u201d (Baltasar Gracian \u2013 jezsuita szerzetes, spanyol barokk pr\u00f3za\u00edr\u00f3 -1601-1958) (K\u00e9p forr\u00e1sa: pixabay.com)<\/p>\n","protected":false},"author":3,"featured_media":22020,"comment_status":"closed","ping_status":"closed","sticky":false,"template":"","format":"standard","meta":{"footnotes":""},"categories":[37],"tags":[],"class_list":["post-29029","post","type-post","status-publish","format-standard","has-post-thumbnail","hentry","category-progamelozetes"],"yoast_head":"<!-- This site is optimized with the Yoast SEO plugin v27.3 - https:\/\/yoast.com\/product\/yoast-seo-wordpress\/ -->\n<title>2024. J\u00daNIUS 3 \u00c9S 9 K\u00d6Z\u00d6TT - Stuttgarti Katolikusok<\/title>\n<meta name=\"robots\" content=\"index, follow, max-snippet:-1, max-image-preview:large, max-video-preview:-1\" \/>\n<link rel=\"canonical\" href=\"https:\/\/stuttgarti-katolikusok.de\/index.php\/2024-junius-3-es-9-kozott\/\" \/>\n<meta property=\"og:locale\" content=\"hu_HU\" \/>\n<meta property=\"og:type\" content=\"article\" \/>\n<meta property=\"og:title\" content=\"2024. J\u00daNIUS 3 \u00c9S 9 K\u00d6Z\u00d6TT - Stuttgarti Katolikusok\" \/>\n<meta property=\"og:description\" content=\"Programel\u0151zetes * J\u00fanius 7-\u00e9n, p\u00e9nteken, Stuttgarti d\u00e9lut\u00e1n, J\u00e9zus Szent Sz\u00edv\u00e9nek \u00fcnnepe, 18.00 \u00f3rakor \u00fcnnepi szentmise, el\u0151tte r\u00f3zsaf\u00fcz\u00e9rt im\u00e1dkozunk. * J\u00fanius 8-\u00e1n, szombaton, Biberachban, 16.00 \u00f3rakor b\u00facs\u00fas-szentmise, ut\u00e1na agap\u00e9. \u00c1rp\u00e1d-h\u00e1zi Szent King\u00e1t k\u00f6sz\u00f6ntj\u00fck. Ez alkalommal a szentmise a Spitalkirche-ben (Museumgasse 2-4) lesz!!! Szentmise v\u00e9gezt\u00e9vel pedig az agap\u00e9 \u00e9s bar\u00e1ti egy\u00fcttl\u00e9t a k\u00f6zelben l\u00e9v\u0151 St. Martin Gemendezentrum-ban (Kirchplatz 3-4) lesz. * J\u00fanius 9-\u00e9n, \u00c9vk\u00f6zi 10. vas\u00e1rnap, Weingartenben\u00a010.00 \u00f3rakor szentmise a 14 Nothelfer Kapelle-ben, ut\u00e1na agap\u00e9, Ulmban 15.00 \u00f3rakor szentmise, ut\u00e1na agap\u00e9. * Minden helyen mindenkit szeretettel v\u00e1r a k\u00f6z\u00f6ss\u00e9g \u00e9s Tibor atya! * * Kegyelemteljes napokat, tartalmas besz\u00e9lget\u00e9seket \u00e9s \u00f6r\u00f6mteli tal\u00e1lkoz\u00e1sokat k\u00edv\u00e1nunk minden Kedves H\u00edv\u00fcnknek! * \u201eA b\u00f6lcs ember t\u00f6bbet tanul ellens\u00e9geit\u0151l, mint a bolond bar\u00e1tait\u00f3l.\u201d (Baltasar Gracian \u2013 jezsuita szerzetes, spanyol barokk pr\u00f3za\u00edr\u00f3 -1601-1958) (K\u00e9p forr\u00e1sa: pixabay.com)\" \/>\n<meta property=\"og:url\" content=\"https:\/\/stuttgarti-katolikusok.de\/index.php\/2024-junius-3-es-9-kozott\/\" \/>\n<meta property=\"og:site_name\" content=\"Stuttgarti Katolikusok\" \/>\n<meta property=\"article:published_time\" content=\"2024-06-03T22:55:29+00:00\" \/>\n<meta property=\"article:modified_time\" content=\"2024-06-03T23:23:46+00:00\" \/>\n<meta property=\"og:image\" content=\"https:\/\/stuttgarti-katolikusok.de\/wp-content\/uploads\/2021\/06\/tree-276014-1280.jpg\" \/>\n\t<meta property=\"og:image:width\" content=\"1280\" \/>\n\t<meta property=\"og:image:height\" content=\"814\" \/>\n\t<meta property=\"og:image:type\" content=\"image\/jpeg\" \/>\n<meta name=\"author\" content=\"Tibor atya\" \/>\n<meta name=\"twitter:card\" content=\"summary_large_image\" \/>\n<meta name=\"twitter:label1\" content=\"Szerz\u0151:\" \/>\n\t<meta name=\"twitter:data1\" content=\"Tibor atya\" \/>\n\t<meta name=\"twitter:label2\" content=\"Becs\u00fclt olvas\u00e1si id\u0151\" \/>\n\t<meta name=\"twitter:data2\" content=\"2 perc\" \/>\n<script type=\"application\/ld+json\" class=\"yoast-schema-graph\">{\"@context\":\"https:\\\/\\\/schema.org\",\"@graph\":[{\"@type\":\"Article\",\"@id\":\"https:\\\/\\\/stuttgarti-katolikusok.de\\\/index.php\\\/2024-junius-3-es-9-kozott\\\/#article\",\"isPartOf\":{\"@id\":\"https:\\\/\\\/stuttgarti-katolikusok.de\\\/index.php\\\/2024-junius-3-es-9-kozott\\\/\"},\"author\":{\"name\":\"Tibor atya\",\"@id\":\"https:\\\/\\\/stuttgarti-katolikusok.de\\\/#\\\/schema\\\/person\\\/75908d6f8fdc03a57889d27209df7795\"},\"headline\":\"2024. J\u00daNIUS 3 \u00c9S 9 K\u00d6Z\u00d6TT\",\"datePublished\":\"2024-06-03T22:55:29+00:00\",\"dateModified\":\"2024-06-03T23:23:46+00:00\",\"mainEntityOfPage\":{\"@id\":\"https:\\\/\\\/stuttgarti-katolikusok.de\\\/index.php\\\/2024-junius-3-es-9-kozott\\\/\"},\"wordCount\":185,\"image\":{\"@id\":\"https:\\\/\\\/stuttgarti-katolikusok.de\\\/index.php\\\/2024-junius-3-es-9-kozott\\\/#primaryimage\"},\"thumbnailUrl\":\"https:\\\/\\\/stuttgarti-katolikusok.de\\\/wp-content\\\/uploads\\\/2021\\\/06\\\/tree-276014-1280.jpg\",\"articleSection\":[\"Progamel\u0151zetes\"],\"inLanguage\":\"hu\"},{\"@type\":\"WebPage\",\"@id\":\"https:\\\/\\\/stuttgarti-katolikusok.de\\\/index.php\\\/2024-junius-3-es-9-kozott\\\/\",\"url\":\"https:\\\/\\\/stuttgarti-katolikusok.de\\\/index.php\\\/2024-junius-3-es-9-kozott\\\/\",\"name\":\"2024. J\u00daNIUS 3 \u00c9S 9 K\u00d6Z\u00d6TT - Stuttgarti Katolikusok\",\"isPartOf\":{\"@id\":\"https:\\\/\\\/stuttgarti-katolikusok.de\\\/#website\"},\"primaryImageOfPage\":{\"@id\":\"https:\\\/\\\/stuttgarti-katolikusok.de\\\/index.php\\\/2024-junius-3-es-9-kozott\\\/#primaryimage\"},\"image\":{\"@id\":\"https:\\\/\\\/stuttgarti-katolikusok.de\\\/index.php\\\/2024-junius-3-es-9-kozott\\\/#primaryimage\"},\"thumbnailUrl\":\"https:\\\/\\\/stuttgarti-katolikusok.de\\\/wp-content\\\/uploads\\\/2021\\\/06\\\/tree-276014-1280.jpg\",\"datePublished\":\"2024-06-03T22:55:29+00:00\",\"dateModified\":\"2024-06-03T23:23:46+00:00\",\"author\":{\"@id\":\"https:\\\/\\\/stuttgarti-katolikusok.de\\\/#\\\/schema\\\/person\\\/75908d6f8fdc03a57889d27209df7795\"},\"breadcrumb\":{\"@id\":\"https:\\\/\\\/stuttgarti-katolikusok.de\\\/index.php\\\/2024-junius-3-es-9-kozott\\\/#breadcrumb\"},\"inLanguage\":\"hu\",\"potentialAction\":[{\"@type\":\"ReadAction\",\"target\":[\"https:\\\/\\\/stuttgarti-katolikusok.de\\\/index.php\\\/2024-junius-3-es-9-kozott\\\/\"]}]},{\"@type\":\"ImageObject\",\"inLanguage\":\"hu\",\"@id\":\"https:\\\/\\\/stuttgarti-katolikusok.de\\\/index.php\\\/2024-junius-3-es-9-kozott\\\/#primaryimage\",\"url\":\"https:\\\/\\\/stuttgarti-katolikusok.de\\\/wp-content\\\/uploads\\\/2021\\\/06\\\/tree-276014-1280.jpg\",\"contentUrl\":\"https:\\\/\\\/stuttgarti-katolikusok.de\\\/wp-content\\\/uploads\\\/2021\\\/06\\\/tree-276014-1280.jpg\",\"width\":1280,\"height\":814},{\"@type\":\"BreadcrumbList\",\"@id\":\"https:\\\/\\\/stuttgarti-katolikusok.de\\\/index.php\\\/2024-junius-3-es-9-kozott\\\/#breadcrumb\",\"itemListElement\":[{\"@type\":\"ListItem\",\"position\":1,\"name\":\"Kezd\u0151lap\",\"item\":\"https:\\\/\\\/stuttgarti-katolikusok.de\\\/\"},{\"@type\":\"ListItem\",\"position\":2,\"name\":\"2024. J\u00daNIUS 3 \u00c9S 9 K\u00d6Z\u00d6TT\"}]},{\"@type\":\"WebSite\",\"@id\":\"https:\\\/\\\/stuttgarti-katolikusok.de\\\/#website\",\"url\":\"https:\\\/\\\/stuttgarti-katolikusok.de\\\/\",\"name\":\"Stuttgarti Katolikusok\",\"description\":\"\",\"potentialAction\":[{\"@type\":\"SearchAction\",\"target\":{\"@type\":\"EntryPoint\",\"urlTemplate\":\"https:\\\/\\\/stuttgarti-katolikusok.de\\\/?s={search_term_string}\"},\"query-input\":{\"@type\":\"PropertyValueSpecification\",\"valueRequired\":true,\"valueName\":\"search_term_string\"}}],\"inLanguage\":\"hu\"},{\"@type\":\"Person\",\"@id\":\"https:\\\/\\\/stuttgarti-katolikusok.de\\\/#\\\/schema\\\/person\\\/75908d6f8fdc03a57889d27209df7795\",\"name\":\"Tibor atya\",\"image\":{\"@type\":\"ImageObject\",\"inLanguage\":\"hu\",\"@id\":\"https:\\\/\\\/secure.gravatar.com\\\/avatar\\\/61d268e57d1f4525b111222e29d2d5a7f8c420fdbf231ba5566a8ceac74fa960?s=96&d=mm&r=g\",\"url\":\"https:\\\/\\\/secure.gravatar.com\\\/avatar\\\/61d268e57d1f4525b111222e29d2d5a7f8c420fdbf231ba5566a8ceac74fa960?s=96&d=mm&r=g\",\"contentUrl\":\"https:\\\/\\\/secure.gravatar.com\\\/avatar\\\/61d268e57d1f4525b111222e29d2d5a7f8c420fdbf231ba5566a8ceac74fa960?s=96&d=mm&r=g\",\"caption\":\"Tibor atya\"},\"url\":\"https:\\\/\\\/stuttgarti-katolikusok.de\\\/index.php\\\/author\\\/tibor-atya\\\/\"}]}<\/script>\n<!-- \/ Yoast SEO plugin. -->","yoast_head_json":{"title":"2024. J\u00daNIUS 3 \u00c9S 9 K\u00d6Z\u00d6TT - Stuttgarti Katolikusok","robots":{"index":"index","follow":"follow","max-snippet":"max-snippet:-1","max-image-preview":"max-image-preview:large","max-video-preview":"max-video-preview:-1"},"canonical":"https:\/\/stuttgarti-katolikusok.de\/index.php\/2024-junius-3-es-9-kozott\/","og_locale":"hu_HU","og_type":"article","og_title":"2024. J\u00daNIUS 3 \u00c9S 9 K\u00d6Z\u00d6TT - Stuttgarti Katolikusok","og_description":"Programel\u0151zetes * J\u00fanius 7-\u00e9n, p\u00e9nteken, Stuttgarti d\u00e9lut\u00e1n, J\u00e9zus Szent Sz\u00edv\u00e9nek \u00fcnnepe, 18.00 \u00f3rakor \u00fcnnepi szentmise, el\u0151tte r\u00f3zsaf\u00fcz\u00e9rt im\u00e1dkozunk. * J\u00fanius 8-\u00e1n, szombaton, Biberachban, 16.00 \u00f3rakor b\u00facs\u00fas-szentmise, ut\u00e1na agap\u00e9. \u00c1rp\u00e1d-h\u00e1zi Szent King\u00e1t k\u00f6sz\u00f6ntj\u00fck. Ez alkalommal a szentmise a Spitalkirche-ben (Museumgasse 2-4) lesz!!! Szentmise v\u00e9gezt\u00e9vel pedig az agap\u00e9 \u00e9s bar\u00e1ti egy\u00fcttl\u00e9t a k\u00f6zelben l\u00e9v\u0151 St. Martin Gemendezentrum-ban (Kirchplatz 3-4) lesz. * J\u00fanius 9-\u00e9n, \u00c9vk\u00f6zi 10. vas\u00e1rnap, Weingartenben\u00a010.00 \u00f3rakor szentmise a 14 Nothelfer Kapelle-ben, ut\u00e1na agap\u00e9, Ulmban 15.00 \u00f3rakor szentmise, ut\u00e1na agap\u00e9. * Minden helyen mindenkit szeretettel v\u00e1r a k\u00f6z\u00f6ss\u00e9g \u00e9s Tibor atya! * * Kegyelemteljes napokat, tartalmas besz\u00e9lget\u00e9seket \u00e9s \u00f6r\u00f6mteli tal\u00e1lkoz\u00e1sokat k\u00edv\u00e1nunk minden Kedves H\u00edv\u00fcnknek! * \u201eA b\u00f6lcs ember t\u00f6bbet tanul ellens\u00e9geit\u0151l, mint a bolond bar\u00e1tait\u00f3l.\u201d (Baltasar Gracian \u2013 jezsuita szerzetes, spanyol barokk pr\u00f3za\u00edr\u00f3 -1601-1958) (K\u00e9p forr\u00e1sa: pixabay.com)","og_url":"https:\/\/stuttgarti-katolikusok.de\/index.php\/2024-junius-3-es-9-kozott\/","og_site_name":"Stuttgarti Katolikusok","article_published_time":"2024-06-03T22:55:29+00:00","article_modified_time":"2024-06-03T23:23:46+00:00","og_image":[{"width":1280,"height":814,"url":"https:\/\/stuttgarti-katolikusok.de\/wp-content\/uploads\/2021\/06\/tree-276014-1280.jpg","type":"image\/jpeg"}],"author":"Tibor atya","twitter_card":"summary_large_image","twitter_misc":{"Szerz\u0151:":"Tibor atya","Becs\u00fclt olvas\u00e1si id\u0151":"2 perc"},"schema":{"@context":"https:\/\/schema.org","@graph":[{"@type":"Article","@id":"https:\/\/stuttgarti-katolikusok.de\/index.php\/2024-junius-3-es-9-kozott\/#article","isPartOf":{"@id":"https:\/\/stuttgarti-katolikusok.de\/index.php\/2024-junius-3-es-9-kozott\/"},"author":{"name":"Tibor atya","@id":"https:\/\/stuttgarti-katolikusok.de\/#\/schema\/person\/75908d6f8fdc03a57889d27209df7795"},"headline":"2024. J\u00daNIUS 3 \u00c9S 9 K\u00d6Z\u00d6TT","datePublished":"2024-06-03T22:55:29+00:00","dateModified":"2024-06-03T23:23:46+00:00","mainEntityOfPage":{"@id":"https:\/\/stuttgarti-katolikusok.de\/index.php\/2024-junius-3-es-9-kozott\/"},"wordCount":185,"image":{"@id":"https:\/\/stuttgarti-katolikusok.de\/index.php\/2024-junius-3-es-9-kozott\/#primaryimage"},"thumbnailUrl":"https:\/\/stuttgarti-katolikusok.de\/wp-content\/uploads\/2021\/06\/tree-276014-1280.jpg","articleSection":["Progamel\u0151zetes"],"inLanguage":"hu"},{"@type":"WebPage","@id":"https:\/\/stuttgarti-katolikusok.de\/index.php\/2024-junius-3-es-9-kozott\/","url":"https:\/\/stuttgarti-katolikusok.de\/index.php\/2024-junius-3-es-9-kozott\/","name":"2024. J\u00daNIUS 3 \u00c9S 9 K\u00d6Z\u00d6TT - Stuttgarti Katolikusok","isPartOf":{"@id":"https:\/\/stuttgarti-katolikusok.de\/#website"},"primaryImageOfPage":{"@id":"https:\/\/stuttgarti-katolikusok.de\/index.php\/2024-junius-3-es-9-kozott\/#primaryimage"},"image":{"@id":"https:\/\/stuttgarti-katolikusok.de\/index.php\/2024-junius-3-es-9-kozott\/#primaryimage"},"thumbnailUrl":"https:\/\/stuttgarti-katolikusok.de\/wp-content\/uploads\/2021\/06\/tree-276014-1280.jpg","datePublished":"2024-06-03T22:55:29+00:00","dateModified":"2024-06-03T23:23:46+00:00","author":{"@id":"https:\/\/stuttgarti-katolikusok.de\/#\/schema\/person\/75908d6f8fdc03a57889d27209df7795"},"breadcrumb":{"@id":"https:\/\/stuttgarti-katolikusok.de\/index.php\/2024-junius-3-es-9-kozott\/#breadcrumb"},"inLanguage":"hu","potentialAction":[{"@type":"ReadAction","target":["https:\/\/stuttgarti-katolikusok.de\/index.php\/2024-junius-3-es-9-kozott\/"]}]},{"@type":"ImageObject","inLanguage":"hu","@id":"https:\/\/stuttgarti-katolikusok.de\/index.php\/2024-junius-3-es-9-kozott\/#primaryimage","url":"https:\/\/stuttgarti-katolikusok.de\/wp-content\/uploads\/2021\/06\/tree-276014-1280.jpg","contentUrl":"https:\/\/stuttgarti-katolikusok.de\/wp-content\/uploads\/2021\/06\/tree-276014-1280.jpg","width":1280,"height":814},{"@type":"BreadcrumbList","@id":"https:\/\/stuttgarti-katolikusok.de\/index.php\/2024-junius-3-es-9-kozott\/#breadcrumb","itemListElement":[{"@type":"ListItem","position":1,"name":"Kezd\u0151lap","item":"https:\/\/stuttgarti-katolikusok.de\/"},{"@type":"ListItem","position":2,"name":"2024. J\u00daNIUS 3 \u00c9S 9 K\u00d6Z\u00d6TT"}]},{"@type":"WebSite","@id":"https:\/\/stuttgarti-katolikusok.de\/#website","url":"https:\/\/stuttgarti-katolikusok.de\/","name":"Stuttgarti Katolikusok","description":"","potentialAction":[{"@type":"SearchAction","target":{"@type":"EntryPoint","urlTemplate":"https:\/\/stuttgarti-katolikusok.de\/?s={search_term_string}"},"query-input":{"@type":"PropertyValueSpecification","valueRequired":true,"valueName":"search_term_string"}}],"inLanguage":"hu"},{"@type":"Person","@id":"https:\/\/stuttgarti-katolikusok.de\/#\/schema\/person\/75908d6f8fdc03a57889d27209df7795","name":"Tibor atya","image":{"@type":"ImageObject","inLanguage":"hu","@id":"https:\/\/secure.gravatar.com\/avatar\/61d268e57d1f4525b111222e29d2d5a7f8c420fdbf231ba5566a8ceac74fa960?s=96&d=mm&r=g","url":"https:\/\/secure.gravatar.com\/avatar\/61d268e57d1f4525b111222e29d2d5a7f8c420fdbf231ba5566a8ceac74fa960?s=96&d=mm&r=g","contentUrl":"https:\/\/secure.gravatar.com\/avatar\/61d268e57d1f4525b111222e29d2d5a7f8c420fdbf231ba5566a8ceac74fa960?s=96&d=mm&r=g","caption":"Tibor atya"},"url":"https:\/\/stuttgarti-katolikusok.de\/index.php\/author\/tibor-atya\/"}]}},"_links":{"self":[{"href":"https:\/\/stuttgarti-katolikusok.de\/index.php\/wp-json\/wp\/v2\/posts\/29029","targetHints":{"allow":["GET"]}}],"collection":[{"href":"https:\/\/stuttgarti-katolikusok.de\/index.php\/wp-json\/wp\/v2\/posts"}],"about":[{"href":"https:\/\/stuttgarti-katolikusok.de\/index.php\/wp-json\/wp\/v2\/types\/post"}],"author":[{"embeddable":true,"href":"https:\/\/stuttgarti-katolikusok.de\/index.php\/wp-json\/wp\/v2\/users\/3"}],"replies":[{"embeddable":true,"href":"https:\/\/stuttgarti-katolikusok.de\/index.php\/wp-json\/wp\/v2\/comments?post=29029"}],"version-history":[{"count":4,"href":"https:\/\/stuttgarti-katolikusok.de\/index.php\/wp-json\/wp\/v2\/posts\/29029\/revisions"}],"predecessor-version":[{"id":29037,"href":"https:\/\/stuttgarti-katolikusok.de\/index.php\/wp-json\/wp\/v2\/posts\/29029\/revisions\/29037"}],"wp:featuredmedia":[{"embeddable":true,"href":"https:\/\/stuttgarti-katolikusok.de\/index.php\/wp-json\/wp\/v2\/media\/22020"}],"wp:attachment":[{"href":"https:\/\/stuttgarti-katolikusok.de\/index.php\/wp-json\/wp\/v2\/media?parent=29029"}],"wp:term":[{"taxonomy":"category","embeddable":true,"href":"https:\/\/stuttgarti-katolikusok.de\/index.php\/wp-json\/wp\/v2\/categories?post=29029"},{"taxonomy":"post_tag","embeddable":true,"href":"https:\/\/stuttgarti-katolikusok.de\/index.php\/wp-json\/wp\/v2\/tags?post=29029"}],"curies":[{"name":"wp","href":"https:\/\/api.w.org\/{rel}","templated":true}]}}