{"id":29010,"date":"2024-05-30T07:54:30","date_gmt":"2024-05-30T05:54:30","guid":{"rendered":"https:\/\/stuttgarti-katolikusok.de\/?p=29010"},"modified":"2024-06-01T12:33:46","modified_gmt":"2024-06-01T10:33:46","slug":"krisztus-szent-teste-es-vere-urnapja-2","status":"publish","type":"post","link":"https:\/\/stuttgarti-katolikusok.de\/index.php\/krisztus-szent-teste-es-vere-urnapja-2\/","title":{"rendered":"Krisztus Szent Teste \u00e9s V\u00e9re, \u00darnapja"},"content":{"rendered":"<p style=\"text-align: center;\"><strong><span style=\"color: #ff6600;\"><em>Tisztelj\u00fck \u00e9s im\u00e1djuk<\/em><\/span><\/strong><\/p>\n<p><span style=\"color: #ff6600;\"><em>Mivel az Eukarisztia titka a v\u00e9gtelen Szeretetnek k\u00f6sz\u00f6nheti l\u00e9trej\u00f6tt\u00e9t \u00e9s sz\u00e1munkra Krisztust teszi jelenval\u00f3v\u00e1 szents\u00e9gi m\u00f3don, az\u00e9rt m\u00e9lt\u00f3 h\u00e1l\u00e1nkra \u00e9s tisztelet\u00fcnkre. <\/em><\/span><\/p>\n<p><span style=\"color: #ff6600;\"><em>Ennek a tiszteletnek a Legszentebb Szents\u00e9ggel val\u00f3 minden tal\u00e1lkoz\u00e1sunkkor meg kell mutatkoznia, ak\u00e1r templomba l\u00e1togatunk, ak\u00e1r a betegekhez vissz\u00fck a Szent \u00datraval\u00f3t, hogy nekik kiszolg\u00e1ltassuk. <\/em><\/span><\/p>\n<p><span style=\"color: #ff6600;\"><em>Krisztus im\u00e1d\u00e1sa az \u0151 szeretet\u00e9nek ebben a szents\u00e9g\u00e9ben kell, hogy kifejez\u00e9sre jusson az eucharisztikus \u00e1h\u00edtat sokf\u00e9le form\u00e1j\u00e1ban: a szem\u00e9lyes im\u00e1d\u00e1sban a Legfels\u00e9gesebb el\u0151tt, az ima\u00f3r\u00e1kban a szents\u00e9gkit\u00e9tel r\u00f6videbb vagy hosszabb ideje alatt, az \u00e9vi negyven\u00f3r\u00e1s szents\u00e9gim\u00e1d\u00e1sban, a szents\u00e9gi \u00e1ld\u00e1sban, az eucharisztikus k\u00f6rmenetben, az eucharisztikus kongresszusokon. K\u00fcl\u00f6n\u00f6s szerepet visz ebben a vonatkoz\u00e1sban az \u00darnap \u00fcnnepe, mint a tisztelet nyilv\u00e1nos megvall\u00e1sa.<\/em><\/span><\/p>\n<p><span style=\"color: #ff6600;\"><em>(Szent II. J\u00e1nos P\u00e1l p\u00e1pa)<\/em><\/span><\/p>\n<p><span style=\"color: #ff6600;\">Kezd\u0151\u00e9nek:<\/span><br \/>\nT\u00e1pl\u00e1lta \u0151ket a gabona jav\u00e1val, \u00e9s j\u00f3llakatta \u0151ket m\u00e9zzel a k\u0151szikl\u00e1b\u00f3l. (V\u00f6. Zsolt 80,17)<\/p>\n<p><span style=\"color: #ff6600;\">K\u00f6ny\u00f6rg\u00e9s:<\/span><br \/>\nUrunk, J\u00e9zus Krisztus, te ebben a csod\u00e1latos szents\u00e9gben k\u00ednszenved\u00e9sed eml\u00e9k\u00e9t hagytad r\u00e1nk. Add, k\u00e9r\u00fcnk, Tested \u00e9s V\u00e9red szent titk\u00e1t \u00fagy tiszteln\u00fcnk, hogy megv\u00e1lt\u00e1sod gy\u00fcm\u00f6lcs\u00e9t sz\u00fcntelen\u00fcl \u00e9lvezz\u00fck. Aki \u00e9lsz \u00e9s uralkodol az Aty\u00e1val \u00e9s a Szentl\u00e9lekkel egys\u00e9gben Isten mind\u00f6r\u00f6kk\u00f6n \u00f6r\u00f6kk\u00e9.<\/p>\n<p align=\"justify\"><span style=\"color: #ff6600;\">OLVASM\u00c1NY M\u00f3zes m\u00e1sodik k\u00f6nyv\u00e9b\u0151l (Kiv 24,3-8)<\/span><br \/>\nMiut\u00e1n az \u00dar k\u00f6z\u00f6lte a felt\u00e9teleket, amelyek alapj\u00e1n sz\u00f6vets\u00e9get akart k\u00f6tni n\u00e9p\u00e9vel, M\u00f3zes lej\u00f6tt a hegyr\u0151l, s kihirdette a n\u00e9pnek az \u00dar minden szav\u00e1t \u00e9s parancs\u00e1t. Az eg\u00e9sz n\u00e9p egy sz\u00edvvel felelte: \u201eAz \u00dar minden szav\u00e1t megtartjuk.\u201d Ezut\u00e1n M\u00f3zes le\u00edrta az \u00dar valamennyi t\u00f6rv\u00e9ny\u00e9t. M\u00e1snap reggel a hegy l\u00e1b\u00e1n\u00e1l fel\u00e1ll\u00edtott egy olt\u00e1rt \u00e9s tizenk\u00e9t eml\u00e9koszlopot Izrael tizenk\u00e9t t\u00f6rzs\u00e9nek megfelel\u0151en. Azut\u00e1n megb\u00edzott n\u00e9h\u00e1ny fiatalt Izrael n\u00e9p\u00e9b\u0151l, hogy \u00e9g\u0151\u00e1ldozatot mutassanak be, \u00e9s bik\u00e1kat aj\u00e1nljanak fel az \u00darnak b\u00e9ke\u00e1ldozatul.<br \/>\nM\u00f3zes vette a v\u00e9r fel\u00e9t \u00e9s \u00e1ldozati cs\u00e9sz\u00e9kbe \u00f6nt\u00f6tte, a v\u00e9r m\u00e1sik fel\u00e9t pedig az olt\u00e1rra hintette. Majd fogta a sz\u00f6vets\u00e9g k\u00f6nyv\u00e9t, \u00e9s felolvasta a n\u00e9pnek. \u0150k kijelentett\u00e9k: \u201eK\u00f6vetj\u00fck \u00e9s megtartjuk, amit az \u00dar parancsol.\u201d<br \/>\nErre M\u00f3zes vette a v\u00e9rt, meghintette vele a n\u00e9pet, \u00e9s \u00edgy sz\u00f3lt: \u201eEz annak a sz\u00f6vets\u00e9gnek v\u00e9re, amelyet az \u00dar mindezen ig\u00e9k alapj\u00e1n k\u00f6t\u00f6tt veletek.\u201d<br \/>\nEz az Isten ig\u00e9je.<\/p>\n<p align=\"justify\"><span style=\"color: #ff6600;\">V\u00c1LASZOS ZSOLT\u00c1R (Zsolt 115,12-13.15 \u00e9s 1abc.17-18)<\/span><br \/>\nV\u00e1lasz:\u00a0<strong>Veszem az\u00a0<u>\u00fcd<\/u>v\u00f6ss\u00e9g kelyh\u00e9t, * \u00e9s az \u00dar nev\u00e9t h\u00edvom\u00a0<u>se<\/u>g\u00edts\u00e9g\u00fcl.<\/strong>\u00a0(7b. t\u00f3nus.)<br \/>\nVagy:\u00a0<strong>Alleluja, alleluja, alleluja.<\/strong>\u00a07. sz\u00e1m.<br \/>\nEl\u0151\u00e9nekes: Az \u00darnak\u00a0<u>mit<\/u>\u00a0adhatn\u00e9k, * mindaz\u00e9rt, amit\u00a0<u>n\u00e9<\/u>kem adott?<br \/>\nVeszem az\u00a0<u>\u00fcd<\/u>v\u00f6ss\u00e9g kelyh\u00e9t, * \u00e9s az \u00dar nev\u00e9t h\u00edvom\u00a0<u>se<\/u>g\u00edts\u00e9g\u00fcl.<br \/>\nH\u00edvek:\u00a0<strong>Veszem az\u00a0<u>\u00fcd<\/u>v\u00f6ss\u00e9g kelyh\u00e9t, * \u00e9s az \u00dar nev\u00e9t h\u00edvom\u00a0<u>se<\/u>g\u00edts\u00e9g\u00fcl.<\/strong><br \/>\nVagy:\u00a0<strong>Alleluja, alleluja, alleluja.<\/strong><br \/>\nE: Dr\u00e1ga dolog az \u00dar\u00a0<u>sz\u00ed<\/u>ne el\u0151tt, * szentjei\u00a0<u>di<\/u>cs\u0151 hal\u00e1la.<br \/>\nSzolg\u00e1d vagyok, Uram, \u00e9s\u00a0<u>szol<\/u>g\u00e1l\u00f3d gyermeke, * bilincseimet\u00a0<u>sz\u00e9j<\/u>jelt\u00f6rted.<br \/>\nH:\u00a0<strong>Veszem az\u00a0<u>\u00fcd<\/u>v\u00f6ss\u00e9g kelyh\u00e9t, * \u00e9s az \u00dar nev\u00e9t h\u00edvom\u00a0<u>se<\/u>g\u00edts\u00e9g\u00fcl.<\/strong><br \/>\nVagy:\u00a0<strong>Alleluja, alleluja, alleluja.<\/strong><br \/>\nE: Bemutatom n\u00e9ked a dics\u00e9ret\u00a0<u>\u00e1l<\/u>dozat\u00e1t, * \u00e9s az \u00dar nev\u00e9t h\u00edvom\u00a0<u>se<\/u>g\u00edts\u00e9g\u00fcl.<br \/>\nMegadom az \u00darnak,\u00a0<u>a<\/u>mit fogadtam, * eg\u00e9sz n\u00e9p\u00e9nek\u00a0<u>sz\u00ed<\/u>ne el\u0151tt.<br \/>\nH:\u00a0<strong>Veszem az\u00a0<u>\u00fcd<\/u>v\u00f6ss\u00e9g kelyh\u00e9t, * \u00e9s az \u00dar nev\u00e9t h\u00edvom\u00a0<u>se<\/u>g\u00edts\u00e9g\u00fcl.<\/strong><br \/>\nVagy:\u00a0<strong>Alleluja, alleluja, alleluja.<\/strong><\/p>\n<p align=\"justify\"><span style=\"color: #ff6600;\">SZENTLECKE a Zsid\u00f3khoz \u00edrt lev\u00e9lb\u0151l (Zsid 9,11-15)<\/span><br \/>\nTestv\u00e9reim! Krisztus a r\u00e1nk v\u00e1r\u00f3 javak f\u0151papjak\u00e9nt jelent meg, s bel\u00e9pett abba a nagyobb \u00e9s t\u00f6k\u00e9letesebb s\u00e1torba, amelyet nem ember keze alkotott, vagyis nem ebb\u0151l a vil\u00e1gb\u00f3l val\u00f3. Nem a bakok vagy borjak v\u00e9r\u00e9vel, hanem saj\u00e1t v\u00e9r\u00e9vel l\u00e9pett be egyszer s mindenkorra a szent\u00e9lybe, \u00e9s \u00f6r\u00f6k megv\u00e1lt\u00e1st szerzett. Ha ugyanis a bakok \u00e9s bik\u00e1k v\u00e9re, meg az \u00fcsz\u0151 hamva, a tiszt\u00e1talanokra hintve k\u00fcls\u0151leg tiszt\u00e1v\u00e1 teszi \u0151ket, mennyivel ink\u00e1bb megtiszt\u00edtja lelkiismeret\u00fcnket a holt cselekedetekt\u0151l Krisztus v\u00e9re. \u0150 az \u00f6r\u00f6k L\u00e9lek \u00e1ltal saj\u00e1t mag\u00e1t adta tiszta \u00e1ldozatul az Istennek, hogy az \u00e9l\u0151 Istennek szolg\u00e1ljunk. Ez\u00e9rt \u0151 \u00faj sz\u00f6vets\u00e9g k\u00f6zvet\u00edt\u0151je. El\u0151bb azonban a r\u00e9gi sz\u00f6vets\u00e9g idej\u00e9n elk\u00f6vetett b\u0171n\u00f6k megv\u00e1lt\u00e1s\u00e1\u00e9rt el kellett szenvednie a hal\u00e1lt, hogy a megh\u00edvottak elnyerj\u00e9k az \u00f6r\u00f6kk\u00e9 tart\u00f3 \u00f6r\u00f6ks\u00e9get.<br \/>\nEz az Isten ig\u00e9je.<\/p>\n<p align=\"justify\"><span style=\"color: #ff6600;\">ALLELUJA<\/span><br \/>\nJ\u00e9zus mondja: \u2020 \u201e\u00c9n vagyok az \u00e9gb\u0151l sz\u00e1llott \u00e9l\u0151 keny\u00e9r. * Aki eszik ebb\u0151l a keny\u00e9rb\u0151l, \u00f6r\u00f6kk\u00e9 \u00e9lni fog.\u201d (Jn 6,51 \u2013 5. t\u00f3nus.)<\/p>\n<p align=\"justify\"><span style=\"color: #ff6600;\">\u2020 EVANG\u00c9LIUM Szent M\u00e1rk k\u00f6nyv\u00e9b\u0151l (Mk 14,12-16.22-26)<\/span><br \/>\nA kov\u00e1sztalan kenyerek \u00fcnnep\u00e9nek els\u0151 napj\u00e1n, amikor a h\u00fasv\u00e9ti b\u00e1r\u00e1nyt fel\u00e1ldozz\u00e1k, tan\u00edtv\u00e1nyai megk\u00e9rdezt\u00e9k (J\u00e9zust): \u201eMit akarsz, hov\u00e1 menj\u00fcnk, hogy elk\u00e9sz\u00edts\u00fck sz\u00e1modra a h\u00fasv\u00e9ti vacsor\u00e1t?\u201d Erre elk\u00fcldte k\u00e9t tan\u00edtv\u00e1ny\u00e1t ezekkel a szavakkal: \u201eMenjetek a v\u00e1rosba. Tal\u00e1lkoztok ott egy emberrel, aki vizeskors\u00f3t visz. K\u00f6vess\u00e9tek \u0151t, azt\u00e1n ahov\u00e1 bemegy, ott mondj\u00e1tok meg a h\u00e1zigazd\u00e1nak: A Mester k\u00e9rdezi, hogy hol van az a sz\u00e1ll\u00e1s, ahol a h\u00fasv\u00e9ti vacsor\u00e1t tan\u00edtv\u00e1nyaimmal elfogyaszthatom? \u0150 mutat majd nektek egy \u00e9tkez\u00e9sre berendezett, t\u00e1gas, emeleti termet. Ott k\u00e9sz\u00edts\u00e9tek el nek\u00fcnk.\u201d A tan\u00edtv\u00e1nyok elmentek, s a v\u00e1rosba \u00e9rve mindent \u00fagy tal\u00e1ltak, ahogy megmondta; \u00e9s elk\u00e9sz\u00edtett\u00e9k a h\u00fasv\u00e9ti vacsor\u00e1t. Vacsora k\u00f6zben kez\u00e9be vette a kenyeret, meg\u00e1ldotta, megt\u00f6rte, \u00e9s ezekkel a szavakkal adta nekik: \u201eVegy\u00e9tek, ez az \u00e9n testem.\u201d Majd fogta a kelyhet, h\u00e1l\u00e1t adott, odany\u00fajtotta nekik, \u00e9s mindny\u00e1jan ittak bel\u0151le. \u0150 pedig \u00edgy sz\u00f3lt: \u201eEz az \u00e9n v\u00e9rem, a sz\u00f6vets\u00e9g\u00e9, amely sokak\u00e9rt kiontatik. Bizony mondom nektek: nem iszom t\u00f6bb\u00e9 a sz\u0151l\u0151 term\u00e9s\u00e9b\u0151l addig a napig, am\u00edg az \u00fajat nem iszom az Isten orsz\u00e1g\u00e1ban.\u201d Ezut\u00e1n zsolt\u00e1rt \u00e9nekelve kimentek az Olajf\u00e1k hegy\u00e9re.<br \/>\nEzek az evang\u00e9lium ig\u00e9i.<\/p>\n<p><span style=\"color: #ff6600;\">EGYETEMES K\u00d6NY\u00d6RG\u00c9SEK<\/span><br \/>\nPap: Testv\u00e9reim! \u00dcnnepi \u00f6r\u00f6mmel im\u00e1djuk az Olt\u00e1riszents\u00e9get! K\u00e9rj\u00fck Megv\u00e1lt\u00f3nkat \u00e9s j\u00f3 P\u00e1sztorunkat, hogy hallgassa meg al\u00e1zatos k\u00f6ny\u00f6rg\u00e9s\u00fcnket!<br \/>\nLektor:<br \/>\n1. Add, Urunk, hogy Egyh\u00e1zad mindig egy legyen a keny\u00e9rt\u00f6r\u00e9s k\u00f6z\u00f6ss\u00e9g\u00e9ben!<br \/>\nH\u00edvek: K\u00e9r\u00fcnk t\u00e9ged, hallgass meg minket!<br \/>\n2. Szenteld meg papjainkat, hogy szentek legyenek \u00e9s szent\u00fcl szolg\u00e1ltass\u00e1k ki szents\u00e9geidet!<br \/>\nH\u00edvek: K\u00e9r\u00fcnk t\u00e9ged . . .<br \/>\n3. \u00dagy nevelj minket az Olt\u00e1riszents\u00e9g gyakori v\u00e9tele \u00e1ltal, hogy mindenn\u00e9l t\u00f6bbre becs\u00fclj\u00fck lelk\u00fcnk kegyelmi \u00e1llapot\u00e1t!<br \/>\nH\u00edvek: K\u00e9r\u00fcnk t\u00e9ged . . .<br \/>\n4. Add, Urunk, hogy szeretetlakom\u00e1dra, a szentmis\u00e9re sz\u00f3l\u00f3 h\u00edv\u00e1snak mindig \u00f6r\u00f6mmel \u00e9s \u00e1ldozatk\u00e9sz l\u00e9lekkel engedelmeskedj\u00fcnk!<br \/>\nH\u00edvek: K\u00e9r\u00fcnk t\u00e9ged . . .<br \/>\n5. V\u00e9g\u00fcl ne engedd, Urunk, hogy a Szent \u00datraval\u00f3 n\u00e9lk\u00fcl t\u00e1vozzunk a f\u00f6ldi \u00e9letb\u0151l!<br \/>\nH\u00edvek: K\u00e9r\u00fcnk t\u00e9ged . . .<br \/>\nPap: Urunk, J\u00e9zus Krisztus! Add, k\u00e9r\u00fcnk, hogy a szentmise kegyelmeiben mindig b\u0151ven r\u00e9szes\u00fclj\u00fcnk, \u00e9s t\u00e9ged az Olt\u00e1riszents\u00e9gben \u0151szinte odaad\u00e1ssal, tiszta l\u00e9lekkel vegy\u00fcnk magunkhoz. Aki \u00e9lsz \u00e9s uralkodol mind\u00f6r\u00f6kk\u00f6n-\u00f6r\u00f6kk\u00e9.<br \/>\nH\u00edvek: \u00c1men.<\/p>\n<p><span style=\"color: #ff6600;\">Felaj\u00e1nl\u00f3 k\u00f6ny\u00f6rg\u00e9s:<\/span><br \/>\nK\u00e9r\u00fcnk, Isten\u00fcnk, add meg Egyh\u00e1zadnak az egys\u00e9g \u00e9s a b\u00e9ke aj\u00e1nd\u00e9k\u00e1t, amelyet a felaj\u00e1nlott \u00e1ldozati adom\u00e1nyok titokzatosan jelk\u00e9peznek. Krisztus, a mi Urunk \u00e1ltal.<\/p>\n<p><span style=\"color: #ff6600;\">Pref\u00e1ci\u00f3:<\/span><br \/>\nAz \u00dar legyen veletek.<br \/>\nH.: \u00c9s a te lelkeddel.<br \/>\nEmelj\u00fck f\u00f6l sz\u00edv\u00fcnket.<br \/>\nH.: F\u00f6lemelt\u00fck az \u00darhoz.<br \/>\nAdjunk h\u00e1l\u00e1t Urunknak, Isten\u00fcnknek.<br \/>\nH.: M\u00e9lt\u00f3 \u00e9s igazs\u00e1gos.<br \/>\n(Mert) Val\u00f3ban m\u00e9lt\u00f3 \u00e9s igazs\u00e1gos, ill\u0151 \u00e9s \u00fcdv\u00f6s, hogy mindig \u00e9s minden\u00fctt h\u00e1l\u00e1t adjunk n\u00e9ked, mi Urunk, szents\u00e9ges Aty\u00e1nk, mindenhat\u00f3, \u00f6r\u00f6k Isten: Krisztus, a mi Urunk \u00e1ltal.<br \/>\n(Mert) \u0150 az igazi \u00f6r\u00f6k F\u0151pap, ki \u00fcdv\u00f6ss\u00e9g\u00fcnk\u00e9rt fel\u00e1ldozta \u00f6nmag\u00e1t, \u2013 \u00e9s minden id\u0151kre sz\u00f3l\u00f3 \u00e1ldozatot RENdelt, meghagyva, hogy eml\u00e9kezet\u00e9re mi is felaj\u00e1nljuk n\u00e9ked.&lt;&gt; Ha \u00e9rt\u00fcnk adott Test\u00e9t magunkhoz vessz\u00fck, er\u0151t \u00e1raszt lelk\u00fcnkbe, \u2013 ha \u00e9rt\u00fcnk ontott V\u00e9r\u00e9t isszuk, tiszt\u00e1ra mos minket.<br \/>\n(\u00c9s) Ez\u00e9rt mi is, mik\u00e9nt az angyalok \u00e9s f\u0151angyalok, a tr\u00f3nod k\u00f6r\u00fcl \u00e1ll\u00f3 hatalmas \u00e9gi szellemek, \u00e9s minden seregek a mennyben, (a te) dics\u0151s\u00e9ged himnusz\u00e1t zengj\u00fck, \u2013 \u00e9s vel\u00fck egy\u00fctt v\u00e9g n\u00e9lk\u00fcl mondjuk (\u00e9nekelj\u00fck):<\/p>\n<p><span style=\"color: #ff6600;\">\u00c1ldoz\u00e1si \u00e9nek:<\/span><br \/>\nAki eszi az \u00e9n testemet \u00e9s issza az \u00e9n v\u00e9remet, az bennem marad, \u00e9s \u00e9n \u0151benne &#8211; mondja az \u00dar. (Jn 6,57)<\/p>\n<p><span style=\"color: #ff6600;\">\u00c1ldoz\u00e1s ut\u00e1ni k\u00f6ny\u00f6rg\u00e9s:<\/span><br \/>\nK\u00e9r\u00fcnk, Urunk, t\u00f6ltsd be lelk\u00fcnket istens\u00e9ged \u00f6r\u00f6kk\u00e9val\u00f3 \u00e9lvezet\u00e9vel, amelyet dr\u00e1ga Testednek \u00e9s V\u00e9rednek mostani v\u00e9tele m\u00e1r el\u0151re jelez. Aki \u00e9lsz \u00e9s uralkodol mind\u00f6r\u00f6kk\u00f6n \u00f6r\u00f6kk\u00e9.<\/p>\n<p><em>(K\u00e9p forr\u00e1sa: Weingarteni bazilika)<\/em><\/p>\n","protected":false},"excerpt":{"rendered":"<p>Tisztelj\u00fck \u00e9s im\u00e1djuk Mivel az Eukarisztia titka a v\u00e9gtelen Szeretetnek k\u00f6sz\u00f6nheti l\u00e9trej\u00f6tt\u00e9t \u00e9s sz\u00e1munkra Krisztust teszi jelenval\u00f3v\u00e1 szents\u00e9gi m\u00f3don, az\u00e9rt m\u00e9lt\u00f3 h\u00e1l\u00e1nkra \u00e9s tisztelet\u00fcnkre. Ennek a tiszteletnek a Legszentebb Szents\u00e9ggel val\u00f3 minden tal\u00e1lkoz\u00e1sunkkor meg kell mutatkoznia, ak\u00e1r templomba l\u00e1togatunk, ak\u00e1r a betegekhez vissz\u00fck a Szent \u00datraval\u00f3t, hogy nekik kiszolg\u00e1ltassuk. Krisztus im\u00e1d\u00e1sa az \u0151 szeretet\u00e9nek ebben a szents\u00e9g\u00e9ben kell, hogy kifejez\u00e9sre jusson az eucharisztikus \u00e1h\u00edtat sokf\u00e9le form\u00e1j\u00e1ban: a szem\u00e9lyes im\u00e1d\u00e1sban a Legfels\u00e9gesebb el\u0151tt, az ima\u00f3r\u00e1kban a szents\u00e9gkit\u00e9tel r\u00f6videbb vagy hosszabb ideje alatt, az \u00e9vi negyven\u00f3r\u00e1s szents\u00e9gim\u00e1d\u00e1sban, a szents\u00e9gi \u00e1ld\u00e1sban, az eucharisztikus k\u00f6rmenetben, az eucharisztikus kongresszusokon. K\u00fcl\u00f6n\u00f6s szerepet visz ebben a vonatkoz\u00e1sban az \u00darnap \u00fcnnepe, mint a tisztelet nyilv\u00e1nos megvall\u00e1sa. (Szent II. J\u00e1nos P\u00e1l p\u00e1pa) Kezd\u0151\u00e9nek: T\u00e1pl\u00e1lta \u0151ket a gabona jav\u00e1val, \u00e9s j\u00f3llakatta \u0151ket m\u00e9zzel a k\u0151szikl\u00e1b\u00f3l. (V\u00f6. Zsolt 80,17) K\u00f6ny\u00f6rg\u00e9s: Urunk, J\u00e9zus Krisztus, te ebben a csod\u00e1latos szents\u00e9gben k\u00ednszenved\u00e9sed eml\u00e9k\u00e9t hagytad r\u00e1nk. Add, k\u00e9r\u00fcnk, Tested \u00e9s V\u00e9red szent titk\u00e1t \u00fagy tiszteln\u00fcnk, hogy megv\u00e1lt\u00e1sod gy\u00fcm\u00f6lcs\u00e9t sz\u00fcntelen\u00fcl \u00e9lvezz\u00fck. Aki \u00e9lsz \u00e9s uralkodol az Aty\u00e1val \u00e9s a Szentl\u00e9lekkel egys\u00e9gben Isten mind\u00f6r\u00f6kk\u00f6n \u00f6r\u00f6kk\u00e9. OLVASM\u00c1NY M\u00f3zes m\u00e1sodik k\u00f6nyv\u00e9b\u0151l (Kiv 24,3-8) Miut\u00e1n az \u00dar k\u00f6z\u00f6lte a felt\u00e9teleket, amelyek alapj\u00e1n sz\u00f6vets\u00e9get akart k\u00f6tni n\u00e9p\u00e9vel, M\u00f3zes lej\u00f6tt a hegyr\u0151l, s kihirdette a n\u00e9pnek az \u00dar minden szav\u00e1t \u00e9s parancs\u00e1t. Az eg\u00e9sz n\u00e9p egy sz\u00edvvel felelte: \u201eAz \u00dar minden szav\u00e1t megtartjuk.\u201d Ezut\u00e1n M\u00f3zes le\u00edrta az \u00dar valamennyi t\u00f6rv\u00e9ny\u00e9t. M\u00e1snap reggel a hegy l\u00e1b\u00e1n\u00e1l fel\u00e1ll\u00edtott egy olt\u00e1rt \u00e9s tizenk\u00e9t eml\u00e9koszlopot Izrael tizenk\u00e9t t\u00f6rzs\u00e9nek megfelel\u0151en. Azut\u00e1n megb\u00edzott n\u00e9h\u00e1ny fiatalt Izrael n\u00e9p\u00e9b\u0151l, hogy \u00e9g\u0151\u00e1ldozatot mutassanak be, \u00e9s bik\u00e1kat aj\u00e1nljanak fel az \u00darnak b\u00e9ke\u00e1ldozatul. M\u00f3zes vette a v\u00e9r fel\u00e9t \u00e9s \u00e1ldozati cs\u00e9sz\u00e9kbe \u00f6nt\u00f6tte, a v\u00e9r m\u00e1sik fel\u00e9t pedig az olt\u00e1rra hintette. Majd fogta a sz\u00f6vets\u00e9g k\u00f6nyv\u00e9t, \u00e9s felolvasta a n\u00e9pnek. \u0150k kijelentett\u00e9k: \u201eK\u00f6vetj\u00fck \u00e9s megtartjuk, amit az \u00dar parancsol.\u201d Erre M\u00f3zes vette a v\u00e9rt, meghintette vele a n\u00e9pet, \u00e9s \u00edgy sz\u00f3lt: \u201eEz annak a&#8230; <\/p>\n<p><a class=\"readmore\" href=\"https:\/\/stuttgarti-katolikusok.de\/index.php\/krisztus-szent-teste-es-vere-urnapja-2\/\">R\u00e9szletek<\/a><\/p>\n","protected":false},"author":3,"featured_media":26960,"comment_status":"closed","ping_status":"closed","sticky":false,"template":"","format":"standard","meta":{"footnotes":""},"categories":[85,63],"tags":[],"class_list":["post-29010","post","type-post","status-publish","format-standard","has-post-thumbnail","hentry","category-a-liturgia-olvasmanyai","category-vasarnapi-gondolatok"],"yoast_head":"<!-- This site is optimized with the Yoast SEO plugin v27.3 - https:\/\/yoast.com\/product\/yoast-seo-wordpress\/ -->\n<title>Krisztus Szent Teste \u00e9s V\u00e9re, \u00darnapja - Stuttgarti Katolikusok<\/title>\n<meta name=\"robots\" content=\"index, follow, max-snippet:-1, max-image-preview:large, max-video-preview:-1\" \/>\n<link rel=\"canonical\" href=\"https:\/\/stuttgarti-katolikusok.de\/index.php\/krisztus-szent-teste-es-vere-urnapja-2\/\" \/>\n<meta property=\"og:locale\" content=\"hu_HU\" \/>\n<meta property=\"og:type\" content=\"article\" \/>\n<meta property=\"og:title\" content=\"Krisztus Szent Teste \u00e9s V\u00e9re, \u00darnapja - Stuttgarti Katolikusok\" \/>\n<meta property=\"og:description\" content=\"Tisztelj\u00fck \u00e9s im\u00e1djuk Mivel az Eukarisztia titka a v\u00e9gtelen Szeretetnek k\u00f6sz\u00f6nheti l\u00e9trej\u00f6tt\u00e9t \u00e9s sz\u00e1munkra Krisztust teszi jelenval\u00f3v\u00e1 szents\u00e9gi m\u00f3don, az\u00e9rt m\u00e9lt\u00f3 h\u00e1l\u00e1nkra \u00e9s tisztelet\u00fcnkre. Ennek a tiszteletnek a Legszentebb Szents\u00e9ggel val\u00f3 minden tal\u00e1lkoz\u00e1sunkkor meg kell mutatkoznia, ak\u00e1r templomba l\u00e1togatunk, ak\u00e1r a betegekhez vissz\u00fck a Szent \u00datraval\u00f3t, hogy nekik kiszolg\u00e1ltassuk. Krisztus im\u00e1d\u00e1sa az \u0151 szeretet\u00e9nek ebben a szents\u00e9g\u00e9ben kell, hogy kifejez\u00e9sre jusson az eucharisztikus \u00e1h\u00edtat sokf\u00e9le form\u00e1j\u00e1ban: a szem\u00e9lyes im\u00e1d\u00e1sban a Legfels\u00e9gesebb el\u0151tt, az ima\u00f3r\u00e1kban a szents\u00e9gkit\u00e9tel r\u00f6videbb vagy hosszabb ideje alatt, az \u00e9vi negyven\u00f3r\u00e1s szents\u00e9gim\u00e1d\u00e1sban, a szents\u00e9gi \u00e1ld\u00e1sban, az eucharisztikus k\u00f6rmenetben, az eucharisztikus kongresszusokon. K\u00fcl\u00f6n\u00f6s szerepet visz ebben a vonatkoz\u00e1sban az \u00darnap \u00fcnnepe, mint a tisztelet nyilv\u00e1nos megvall\u00e1sa. (Szent II. J\u00e1nos P\u00e1l p\u00e1pa) Kezd\u0151\u00e9nek: T\u00e1pl\u00e1lta \u0151ket a gabona jav\u00e1val, \u00e9s j\u00f3llakatta \u0151ket m\u00e9zzel a k\u0151szikl\u00e1b\u00f3l. (V\u00f6. Zsolt 80,17) K\u00f6ny\u00f6rg\u00e9s: Urunk, J\u00e9zus Krisztus, te ebben a csod\u00e1latos szents\u00e9gben k\u00ednszenved\u00e9sed eml\u00e9k\u00e9t hagytad r\u00e1nk. Add, k\u00e9r\u00fcnk, Tested \u00e9s V\u00e9red szent titk\u00e1t \u00fagy tiszteln\u00fcnk, hogy megv\u00e1lt\u00e1sod gy\u00fcm\u00f6lcs\u00e9t sz\u00fcntelen\u00fcl \u00e9lvezz\u00fck. Aki \u00e9lsz \u00e9s uralkodol az Aty\u00e1val \u00e9s a Szentl\u00e9lekkel egys\u00e9gben Isten mind\u00f6r\u00f6kk\u00f6n \u00f6r\u00f6kk\u00e9. OLVASM\u00c1NY M\u00f3zes m\u00e1sodik k\u00f6nyv\u00e9b\u0151l (Kiv 24,3-8) Miut\u00e1n az \u00dar k\u00f6z\u00f6lte a felt\u00e9teleket, amelyek alapj\u00e1n sz\u00f6vets\u00e9get akart k\u00f6tni n\u00e9p\u00e9vel, M\u00f3zes lej\u00f6tt a hegyr\u0151l, s kihirdette a n\u00e9pnek az \u00dar minden szav\u00e1t \u00e9s parancs\u00e1t. Az eg\u00e9sz n\u00e9p egy sz\u00edvvel felelte: \u201eAz \u00dar minden szav\u00e1t megtartjuk.\u201d Ezut\u00e1n M\u00f3zes le\u00edrta az \u00dar valamennyi t\u00f6rv\u00e9ny\u00e9t. M\u00e1snap reggel a hegy l\u00e1b\u00e1n\u00e1l fel\u00e1ll\u00edtott egy olt\u00e1rt \u00e9s tizenk\u00e9t eml\u00e9koszlopot Izrael tizenk\u00e9t t\u00f6rzs\u00e9nek megfelel\u0151en. Azut\u00e1n megb\u00edzott n\u00e9h\u00e1ny fiatalt Izrael n\u00e9p\u00e9b\u0151l, hogy \u00e9g\u0151\u00e1ldozatot mutassanak be, \u00e9s bik\u00e1kat aj\u00e1nljanak fel az \u00darnak b\u00e9ke\u00e1ldozatul. M\u00f3zes vette a v\u00e9r fel\u00e9t \u00e9s \u00e1ldozati cs\u00e9sz\u00e9kbe \u00f6nt\u00f6tte, a v\u00e9r m\u00e1sik fel\u00e9t pedig az olt\u00e1rra hintette. Majd fogta a sz\u00f6vets\u00e9g k\u00f6nyv\u00e9t, \u00e9s felolvasta a n\u00e9pnek. \u0150k kijelentett\u00e9k: \u201eK\u00f6vetj\u00fck \u00e9s megtartjuk, amit az \u00dar parancsol.\u201d Erre M\u00f3zes vette a v\u00e9rt, meghintette vele a n\u00e9pet, \u00e9s \u00edgy sz\u00f3lt: \u201eEz annak a... R\u00e9szletek\" \/>\n<meta property=\"og:url\" content=\"https:\/\/stuttgarti-katolikusok.de\/index.php\/krisztus-szent-teste-es-vere-urnapja-2\/\" \/>\n<meta property=\"og:site_name\" content=\"Stuttgarti Katolikusok\" \/>\n<meta property=\"article:published_time\" content=\"2024-05-30T05:54:30+00:00\" \/>\n<meta property=\"article:modified_time\" content=\"2024-06-01T10:33:46+00:00\" \/>\n<meta property=\"og:image\" content=\"https:\/\/stuttgarti-katolikusok.de\/wp-content\/uploads\/2023\/06\/urnapja-weingarten-1.jpg\" \/>\n\t<meta property=\"og:image:width\" content=\"1530\" \/>\n\t<meta property=\"og:image:height\" content=\"2040\" \/>\n\t<meta property=\"og:image:type\" content=\"image\/jpeg\" \/>\n<meta name=\"author\" content=\"Tibor atya\" \/>\n<meta name=\"twitter:card\" content=\"summary_large_image\" \/>\n<meta name=\"twitter:label1\" content=\"Szerz\u0151:\" \/>\n\t<meta name=\"twitter:data1\" content=\"Tibor atya\" \/>\n\t<meta name=\"twitter:label2\" content=\"Becs\u00fclt olvas\u00e1si id\u0151\" \/>\n\t<meta name=\"twitter:data2\" content=\"7 perc\" \/>\n<script type=\"application\/ld+json\" class=\"yoast-schema-graph\">{\"@context\":\"https:\\\/\\\/schema.org\",\"@graph\":[{\"@type\":\"Article\",\"@id\":\"https:\\\/\\\/stuttgarti-katolikusok.de\\\/index.php\\\/krisztus-szent-teste-es-vere-urnapja-2\\\/#article\",\"isPartOf\":{\"@id\":\"https:\\\/\\\/stuttgarti-katolikusok.de\\\/index.php\\\/krisztus-szent-teste-es-vere-urnapja-2\\\/\"},\"author\":{\"name\":\"Tibor atya\",\"@id\":\"https:\\\/\\\/stuttgarti-katolikusok.de\\\/#\\\/schema\\\/person\\\/75908d6f8fdc03a57889d27209df7795\"},\"headline\":\"Krisztus Szent Teste \u00e9s V\u00e9re, \u00darnapja\",\"datePublished\":\"2024-05-30T05:54:30+00:00\",\"dateModified\":\"2024-06-01T10:33:46+00:00\",\"mainEntityOfPage\":{\"@id\":\"https:\\\/\\\/stuttgarti-katolikusok.de\\\/index.php\\\/krisztus-szent-teste-es-vere-urnapja-2\\\/\"},\"wordCount\":1736,\"image\":{\"@id\":\"https:\\\/\\\/stuttgarti-katolikusok.de\\\/index.php\\\/krisztus-szent-teste-es-vere-urnapja-2\\\/#primaryimage\"},\"thumbnailUrl\":\"https:\\\/\\\/stuttgarti-katolikusok.de\\\/wp-content\\\/uploads\\\/2023\\\/06\\\/urnapja-weingarten-1.jpg\",\"articleSection\":[\"A liturgia olvasm\u00e1nyai\",\"Vas\u00e1rnapi gondolatok\"],\"inLanguage\":\"hu\"},{\"@type\":\"WebPage\",\"@id\":\"https:\\\/\\\/stuttgarti-katolikusok.de\\\/index.php\\\/krisztus-szent-teste-es-vere-urnapja-2\\\/\",\"url\":\"https:\\\/\\\/stuttgarti-katolikusok.de\\\/index.php\\\/krisztus-szent-teste-es-vere-urnapja-2\\\/\",\"name\":\"Krisztus Szent Teste \u00e9s V\u00e9re, \u00darnapja - Stuttgarti Katolikusok\",\"isPartOf\":{\"@id\":\"https:\\\/\\\/stuttgarti-katolikusok.de\\\/#website\"},\"primaryImageOfPage\":{\"@id\":\"https:\\\/\\\/stuttgarti-katolikusok.de\\\/index.php\\\/krisztus-szent-teste-es-vere-urnapja-2\\\/#primaryimage\"},\"image\":{\"@id\":\"https:\\\/\\\/stuttgarti-katolikusok.de\\\/index.php\\\/krisztus-szent-teste-es-vere-urnapja-2\\\/#primaryimage\"},\"thumbnailUrl\":\"https:\\\/\\\/stuttgarti-katolikusok.de\\\/wp-content\\\/uploads\\\/2023\\\/06\\\/urnapja-weingarten-1.jpg\",\"datePublished\":\"2024-05-30T05:54:30+00:00\",\"dateModified\":\"2024-06-01T10:33:46+00:00\",\"author\":{\"@id\":\"https:\\\/\\\/stuttgarti-katolikusok.de\\\/#\\\/schema\\\/person\\\/75908d6f8fdc03a57889d27209df7795\"},\"breadcrumb\":{\"@id\":\"https:\\\/\\\/stuttgarti-katolikusok.de\\\/index.php\\\/krisztus-szent-teste-es-vere-urnapja-2\\\/#breadcrumb\"},\"inLanguage\":\"hu\",\"potentialAction\":[{\"@type\":\"ReadAction\",\"target\":[\"https:\\\/\\\/stuttgarti-katolikusok.de\\\/index.php\\\/krisztus-szent-teste-es-vere-urnapja-2\\\/\"]}]},{\"@type\":\"ImageObject\",\"inLanguage\":\"hu\",\"@id\":\"https:\\\/\\\/stuttgarti-katolikusok.de\\\/index.php\\\/krisztus-szent-teste-es-vere-urnapja-2\\\/#primaryimage\",\"url\":\"https:\\\/\\\/stuttgarti-katolikusok.de\\\/wp-content\\\/uploads\\\/2023\\\/06\\\/urnapja-weingarten-1.jpg\",\"contentUrl\":\"https:\\\/\\\/stuttgarti-katolikusok.de\\\/wp-content\\\/uploads\\\/2023\\\/06\\\/urnapja-weingarten-1.jpg\",\"width\":1530,\"height\":2040},{\"@type\":\"BreadcrumbList\",\"@id\":\"https:\\\/\\\/stuttgarti-katolikusok.de\\\/index.php\\\/krisztus-szent-teste-es-vere-urnapja-2\\\/#breadcrumb\",\"itemListElement\":[{\"@type\":\"ListItem\",\"position\":1,\"name\":\"Kezd\u0151lap\",\"item\":\"https:\\\/\\\/stuttgarti-katolikusok.de\\\/\"},{\"@type\":\"ListItem\",\"position\":2,\"name\":\"Krisztus Szent Teste \u00e9s V\u00e9re, \u00darnapja\"}]},{\"@type\":\"WebSite\",\"@id\":\"https:\\\/\\\/stuttgarti-katolikusok.de\\\/#website\",\"url\":\"https:\\\/\\\/stuttgarti-katolikusok.de\\\/\",\"name\":\"Stuttgarti Katolikusok\",\"description\":\"\",\"potentialAction\":[{\"@type\":\"SearchAction\",\"target\":{\"@type\":\"EntryPoint\",\"urlTemplate\":\"https:\\\/\\\/stuttgarti-katolikusok.de\\\/?s={search_term_string}\"},\"query-input\":{\"@type\":\"PropertyValueSpecification\",\"valueRequired\":true,\"valueName\":\"search_term_string\"}}],\"inLanguage\":\"hu\"},{\"@type\":\"Person\",\"@id\":\"https:\\\/\\\/stuttgarti-katolikusok.de\\\/#\\\/schema\\\/person\\\/75908d6f8fdc03a57889d27209df7795\",\"name\":\"Tibor atya\",\"image\":{\"@type\":\"ImageObject\",\"inLanguage\":\"hu\",\"@id\":\"https:\\\/\\\/secure.gravatar.com\\\/avatar\\\/61d268e57d1f4525b111222e29d2d5a7f8c420fdbf231ba5566a8ceac74fa960?s=96&d=mm&r=g\",\"url\":\"https:\\\/\\\/secure.gravatar.com\\\/avatar\\\/61d268e57d1f4525b111222e29d2d5a7f8c420fdbf231ba5566a8ceac74fa960?s=96&d=mm&r=g\",\"contentUrl\":\"https:\\\/\\\/secure.gravatar.com\\\/avatar\\\/61d268e57d1f4525b111222e29d2d5a7f8c420fdbf231ba5566a8ceac74fa960?s=96&d=mm&r=g\",\"caption\":\"Tibor atya\"},\"url\":\"https:\\\/\\\/stuttgarti-katolikusok.de\\\/index.php\\\/author\\\/tibor-atya\\\/\"}]}<\/script>\n<!-- \/ Yoast SEO plugin. -->","yoast_head_json":{"title":"Krisztus Szent Teste \u00e9s V\u00e9re, \u00darnapja - Stuttgarti Katolikusok","robots":{"index":"index","follow":"follow","max-snippet":"max-snippet:-1","max-image-preview":"max-image-preview:large","max-video-preview":"max-video-preview:-1"},"canonical":"https:\/\/stuttgarti-katolikusok.de\/index.php\/krisztus-szent-teste-es-vere-urnapja-2\/","og_locale":"hu_HU","og_type":"article","og_title":"Krisztus Szent Teste \u00e9s V\u00e9re, \u00darnapja - Stuttgarti Katolikusok","og_description":"Tisztelj\u00fck \u00e9s im\u00e1djuk Mivel az Eukarisztia titka a v\u00e9gtelen Szeretetnek k\u00f6sz\u00f6nheti l\u00e9trej\u00f6tt\u00e9t \u00e9s sz\u00e1munkra Krisztust teszi jelenval\u00f3v\u00e1 szents\u00e9gi m\u00f3don, az\u00e9rt m\u00e9lt\u00f3 h\u00e1l\u00e1nkra \u00e9s tisztelet\u00fcnkre. Ennek a tiszteletnek a Legszentebb Szents\u00e9ggel val\u00f3 minden tal\u00e1lkoz\u00e1sunkkor meg kell mutatkoznia, ak\u00e1r templomba l\u00e1togatunk, ak\u00e1r a betegekhez vissz\u00fck a Szent \u00datraval\u00f3t, hogy nekik kiszolg\u00e1ltassuk. Krisztus im\u00e1d\u00e1sa az \u0151 szeretet\u00e9nek ebben a szents\u00e9g\u00e9ben kell, hogy kifejez\u00e9sre jusson az eucharisztikus \u00e1h\u00edtat sokf\u00e9le form\u00e1j\u00e1ban: a szem\u00e9lyes im\u00e1d\u00e1sban a Legfels\u00e9gesebb el\u0151tt, az ima\u00f3r\u00e1kban a szents\u00e9gkit\u00e9tel r\u00f6videbb vagy hosszabb ideje alatt, az \u00e9vi negyven\u00f3r\u00e1s szents\u00e9gim\u00e1d\u00e1sban, a szents\u00e9gi \u00e1ld\u00e1sban, az eucharisztikus k\u00f6rmenetben, az eucharisztikus kongresszusokon. K\u00fcl\u00f6n\u00f6s szerepet visz ebben a vonatkoz\u00e1sban az \u00darnap \u00fcnnepe, mint a tisztelet nyilv\u00e1nos megvall\u00e1sa. (Szent II. J\u00e1nos P\u00e1l p\u00e1pa) Kezd\u0151\u00e9nek: T\u00e1pl\u00e1lta \u0151ket a gabona jav\u00e1val, \u00e9s j\u00f3llakatta \u0151ket m\u00e9zzel a k\u0151szikl\u00e1b\u00f3l. (V\u00f6. Zsolt 80,17) K\u00f6ny\u00f6rg\u00e9s: Urunk, J\u00e9zus Krisztus, te ebben a csod\u00e1latos szents\u00e9gben k\u00ednszenved\u00e9sed eml\u00e9k\u00e9t hagytad r\u00e1nk. Add, k\u00e9r\u00fcnk, Tested \u00e9s V\u00e9red szent titk\u00e1t \u00fagy tiszteln\u00fcnk, hogy megv\u00e1lt\u00e1sod gy\u00fcm\u00f6lcs\u00e9t sz\u00fcntelen\u00fcl \u00e9lvezz\u00fck. Aki \u00e9lsz \u00e9s uralkodol az Aty\u00e1val \u00e9s a Szentl\u00e9lekkel egys\u00e9gben Isten mind\u00f6r\u00f6kk\u00f6n \u00f6r\u00f6kk\u00e9. OLVASM\u00c1NY M\u00f3zes m\u00e1sodik k\u00f6nyv\u00e9b\u0151l (Kiv 24,3-8) Miut\u00e1n az \u00dar k\u00f6z\u00f6lte a felt\u00e9teleket, amelyek alapj\u00e1n sz\u00f6vets\u00e9get akart k\u00f6tni n\u00e9p\u00e9vel, M\u00f3zes lej\u00f6tt a hegyr\u0151l, s kihirdette a n\u00e9pnek az \u00dar minden szav\u00e1t \u00e9s parancs\u00e1t. Az eg\u00e9sz n\u00e9p egy sz\u00edvvel felelte: \u201eAz \u00dar minden szav\u00e1t megtartjuk.\u201d Ezut\u00e1n M\u00f3zes le\u00edrta az \u00dar valamennyi t\u00f6rv\u00e9ny\u00e9t. M\u00e1snap reggel a hegy l\u00e1b\u00e1n\u00e1l fel\u00e1ll\u00edtott egy olt\u00e1rt \u00e9s tizenk\u00e9t eml\u00e9koszlopot Izrael tizenk\u00e9t t\u00f6rzs\u00e9nek megfelel\u0151en. Azut\u00e1n megb\u00edzott n\u00e9h\u00e1ny fiatalt Izrael n\u00e9p\u00e9b\u0151l, hogy \u00e9g\u0151\u00e1ldozatot mutassanak be, \u00e9s bik\u00e1kat aj\u00e1nljanak fel az \u00darnak b\u00e9ke\u00e1ldozatul. M\u00f3zes vette a v\u00e9r fel\u00e9t \u00e9s \u00e1ldozati cs\u00e9sz\u00e9kbe \u00f6nt\u00f6tte, a v\u00e9r m\u00e1sik fel\u00e9t pedig az olt\u00e1rra hintette. Majd fogta a sz\u00f6vets\u00e9g k\u00f6nyv\u00e9t, \u00e9s felolvasta a n\u00e9pnek. \u0150k kijelentett\u00e9k: \u201eK\u00f6vetj\u00fck \u00e9s megtartjuk, amit az \u00dar parancsol.\u201d Erre M\u00f3zes vette a v\u00e9rt, meghintette vele a n\u00e9pet, \u00e9s \u00edgy sz\u00f3lt: \u201eEz annak a... R\u00e9szletek","og_url":"https:\/\/stuttgarti-katolikusok.de\/index.php\/krisztus-szent-teste-es-vere-urnapja-2\/","og_site_name":"Stuttgarti Katolikusok","article_published_time":"2024-05-30T05:54:30+00:00","article_modified_time":"2024-06-01T10:33:46+00:00","og_image":[{"width":1530,"height":2040,"url":"https:\/\/stuttgarti-katolikusok.de\/wp-content\/uploads\/2023\/06\/urnapja-weingarten-1.jpg","type":"image\/jpeg"}],"author":"Tibor atya","twitter_card":"summary_large_image","twitter_misc":{"Szerz\u0151:":"Tibor atya","Becs\u00fclt olvas\u00e1si id\u0151":"7 perc"},"schema":{"@context":"https:\/\/schema.org","@graph":[{"@type":"Article","@id":"https:\/\/stuttgarti-katolikusok.de\/index.php\/krisztus-szent-teste-es-vere-urnapja-2\/#article","isPartOf":{"@id":"https:\/\/stuttgarti-katolikusok.de\/index.php\/krisztus-szent-teste-es-vere-urnapja-2\/"},"author":{"name":"Tibor atya","@id":"https:\/\/stuttgarti-katolikusok.de\/#\/schema\/person\/75908d6f8fdc03a57889d27209df7795"},"headline":"Krisztus Szent Teste \u00e9s V\u00e9re, \u00darnapja","datePublished":"2024-05-30T05:54:30+00:00","dateModified":"2024-06-01T10:33:46+00:00","mainEntityOfPage":{"@id":"https:\/\/stuttgarti-katolikusok.de\/index.php\/krisztus-szent-teste-es-vere-urnapja-2\/"},"wordCount":1736,"image":{"@id":"https:\/\/stuttgarti-katolikusok.de\/index.php\/krisztus-szent-teste-es-vere-urnapja-2\/#primaryimage"},"thumbnailUrl":"https:\/\/stuttgarti-katolikusok.de\/wp-content\/uploads\/2023\/06\/urnapja-weingarten-1.jpg","articleSection":["A liturgia olvasm\u00e1nyai","Vas\u00e1rnapi gondolatok"],"inLanguage":"hu"},{"@type":"WebPage","@id":"https:\/\/stuttgarti-katolikusok.de\/index.php\/krisztus-szent-teste-es-vere-urnapja-2\/","url":"https:\/\/stuttgarti-katolikusok.de\/index.php\/krisztus-szent-teste-es-vere-urnapja-2\/","name":"Krisztus Szent Teste \u00e9s V\u00e9re, \u00darnapja - Stuttgarti Katolikusok","isPartOf":{"@id":"https:\/\/stuttgarti-katolikusok.de\/#website"},"primaryImageOfPage":{"@id":"https:\/\/stuttgarti-katolikusok.de\/index.php\/krisztus-szent-teste-es-vere-urnapja-2\/#primaryimage"},"image":{"@id":"https:\/\/stuttgarti-katolikusok.de\/index.php\/krisztus-szent-teste-es-vere-urnapja-2\/#primaryimage"},"thumbnailUrl":"https:\/\/stuttgarti-katolikusok.de\/wp-content\/uploads\/2023\/06\/urnapja-weingarten-1.jpg","datePublished":"2024-05-30T05:54:30+00:00","dateModified":"2024-06-01T10:33:46+00:00","author":{"@id":"https:\/\/stuttgarti-katolikusok.de\/#\/schema\/person\/75908d6f8fdc03a57889d27209df7795"},"breadcrumb":{"@id":"https:\/\/stuttgarti-katolikusok.de\/index.php\/krisztus-szent-teste-es-vere-urnapja-2\/#breadcrumb"},"inLanguage":"hu","potentialAction":[{"@type":"ReadAction","target":["https:\/\/stuttgarti-katolikusok.de\/index.php\/krisztus-szent-teste-es-vere-urnapja-2\/"]}]},{"@type":"ImageObject","inLanguage":"hu","@id":"https:\/\/stuttgarti-katolikusok.de\/index.php\/krisztus-szent-teste-es-vere-urnapja-2\/#primaryimage","url":"https:\/\/stuttgarti-katolikusok.de\/wp-content\/uploads\/2023\/06\/urnapja-weingarten-1.jpg","contentUrl":"https:\/\/stuttgarti-katolikusok.de\/wp-content\/uploads\/2023\/06\/urnapja-weingarten-1.jpg","width":1530,"height":2040},{"@type":"BreadcrumbList","@id":"https:\/\/stuttgarti-katolikusok.de\/index.php\/krisztus-szent-teste-es-vere-urnapja-2\/#breadcrumb","itemListElement":[{"@type":"ListItem","position":1,"name":"Kezd\u0151lap","item":"https:\/\/stuttgarti-katolikusok.de\/"},{"@type":"ListItem","position":2,"name":"Krisztus Szent Teste \u00e9s V\u00e9re, \u00darnapja"}]},{"@type":"WebSite","@id":"https:\/\/stuttgarti-katolikusok.de\/#website","url":"https:\/\/stuttgarti-katolikusok.de\/","name":"Stuttgarti Katolikusok","description":"","potentialAction":[{"@type":"SearchAction","target":{"@type":"EntryPoint","urlTemplate":"https:\/\/stuttgarti-katolikusok.de\/?s={search_term_string}"},"query-input":{"@type":"PropertyValueSpecification","valueRequired":true,"valueName":"search_term_string"}}],"inLanguage":"hu"},{"@type":"Person","@id":"https:\/\/stuttgarti-katolikusok.de\/#\/schema\/person\/75908d6f8fdc03a57889d27209df7795","name":"Tibor atya","image":{"@type":"ImageObject","inLanguage":"hu","@id":"https:\/\/secure.gravatar.com\/avatar\/61d268e57d1f4525b111222e29d2d5a7f8c420fdbf231ba5566a8ceac74fa960?s=96&d=mm&r=g","url":"https:\/\/secure.gravatar.com\/avatar\/61d268e57d1f4525b111222e29d2d5a7f8c420fdbf231ba5566a8ceac74fa960?s=96&d=mm&r=g","contentUrl":"https:\/\/secure.gravatar.com\/avatar\/61d268e57d1f4525b111222e29d2d5a7f8c420fdbf231ba5566a8ceac74fa960?s=96&d=mm&r=g","caption":"Tibor atya"},"url":"https:\/\/stuttgarti-katolikusok.de\/index.php\/author\/tibor-atya\/"}]}},"_links":{"self":[{"href":"https:\/\/stuttgarti-katolikusok.de\/index.php\/wp-json\/wp\/v2\/posts\/29010","targetHints":{"allow":["GET"]}}],"collection":[{"href":"https:\/\/stuttgarti-katolikusok.de\/index.php\/wp-json\/wp\/v2\/posts"}],"about":[{"href":"https:\/\/stuttgarti-katolikusok.de\/index.php\/wp-json\/wp\/v2\/types\/post"}],"author":[{"embeddable":true,"href":"https:\/\/stuttgarti-katolikusok.de\/index.php\/wp-json\/wp\/v2\/users\/3"}],"replies":[{"embeddable":true,"href":"https:\/\/stuttgarti-katolikusok.de\/index.php\/wp-json\/wp\/v2\/comments?post=29010"}],"version-history":[{"count":5,"href":"https:\/\/stuttgarti-katolikusok.de\/index.php\/wp-json\/wp\/v2\/posts\/29010\/revisions"}],"predecessor-version":[{"id":29025,"href":"https:\/\/stuttgarti-katolikusok.de\/index.php\/wp-json\/wp\/v2\/posts\/29010\/revisions\/29025"}],"wp:featuredmedia":[{"embeddable":true,"href":"https:\/\/stuttgarti-katolikusok.de\/index.php\/wp-json\/wp\/v2\/media\/26960"}],"wp:attachment":[{"href":"https:\/\/stuttgarti-katolikusok.de\/index.php\/wp-json\/wp\/v2\/media?parent=29010"}],"wp:term":[{"taxonomy":"category","embeddable":true,"href":"https:\/\/stuttgarti-katolikusok.de\/index.php\/wp-json\/wp\/v2\/categories?post=29010"},{"taxonomy":"post_tag","embeddable":true,"href":"https:\/\/stuttgarti-katolikusok.de\/index.php\/wp-json\/wp\/v2\/tags?post=29010"}],"curies":[{"name":"wp","href":"https:\/\/api.w.org\/{rel}","templated":true}]}}