{"id":28974,"date":"2024-05-28T01:37:36","date_gmt":"2024-05-27T23:37:36","guid":{"rendered":"https:\/\/stuttgarti-katolikusok.de\/?p=28974"},"modified":"2024-05-28T11:05:14","modified_gmt":"2024-05-28T09:05:14","slug":"28974","status":"publish","type":"post","link":"https:\/\/stuttgarti-katolikusok.de\/index.php\/28974\/","title":{"rendered":"2024. M\u00c1JUS 27 \u00c9S J\u00daNIUS 2 K\u00d6Z\u00d6TT"},"content":{"rendered":"<p><span style=\"color: #ff6600;\"><strong>Programel\u0151zetes<\/strong><\/span><\/p>\n<p style=\"text-align: center;\"><strong><span style=\"color: #ff6600;\">\u00a0*<\/span><\/strong><\/p>\n<p><strong>M\u00e1jus 30-\u00e1n<\/strong>,\u00a0cs\u00fct\u00f6rt\u00f6k\u00f6n<em>,<\/em><em>\u00a0<span style=\"color: #ff6600;\"><strong>\u00darnapja, Krisztus Szent Test\u00e9nek \u00e9s V\u00e9r\u00e9nek \u00fcnnepe<\/strong><\/span><\/em>,<\/p>\n<p><span style=\"color: #ff6600;\"><strong>Heidenheimban<\/strong><\/span> 10.00 \u00f3rakor <em>szentmise a\u00a0<span style=\"color: #ff6600;\">Marienkirche<\/span><\/em>-ben. K\u00f6z\u00f6ss\u00e9g\u00fcnk bekapcsol\u00f3dik a helyi n\u00e9met k\u00f6z\u00f6ss\u00e9g \u00fcnnep\u00e9be.<\/p>\n<p><strong><em>C\u00edm: <\/em><\/strong><span style=\"color: #ff6600;\"><em>89518 Heidenheim an der Brenz<\/em><\/span><\/p>\n<p><span style=\"color: #ff6600;\"><em>\u00a0 \u00a0 \u00a0 \u00a0 \u00a0 \u00a0Marienstra\u00dfe 9<\/em><\/span><\/p>\n<p><span style=\"color: #ff6600;\"><strong>Ulmban<\/strong> <\/span>15.00 \u00f3rakor<em> szentmise.<\/em><\/p>\n<p><span style=\"color: #ff6600;\"><strong>Weingartenben<\/strong><\/span> 18.00 \u00f3rakor <em>szentmise <\/em>a <em><span style=\"color: #ff6600;\">14 Nothelfer Kapelle<\/span>&#8211;<\/em>ben.<\/p>\n<p style=\"text-align: center;\"><span style=\"color: #ff6600;\"><strong>*<\/strong><\/span><\/p>\n<p><strong>M\u00e1jus 31-\u00e9n<\/strong>, p\u00e9nteken,<strong><span style=\"color: #ff6600;\"><em> Stuttgarti d\u00e9lut\u00e1n<\/em><\/span><\/strong>, 17.30 \u00f3rakor <em>r\u00f3zsaf\u00fcz\u00e9rt im\u00e1dkozunk<\/em>, ezt k\u00f6vet\u0151en 18.00 \u00f3rakor <em>szentmise <\/em>\u00e9s <em>m\u00e1jusi \u00e1jtatoss\u00e1g.<\/em><\/p>\n<p style=\"text-align: center;\"><span style=\"color: #ff6600;\"><strong>*<\/strong><\/span><\/p>\n<p><strong>J\u00fanius 1-j\u00e9n<\/strong>, szombaton, <span style=\"color: #ff6600;\"><strong>Balingenben <\/strong><\/span><span style=\"color: #ff0000;\">17.00 \u00f3rakor<\/span> <em>szentmise<\/em>, ut\u00e1na <em>agap\u00e9<\/em>.<\/p>\n<p>Figyelem! Egy \u00f3r\u00e1val k\u00e9s\u0151bb lesz a szentmise.<\/p>\n<p style=\"text-align: center;\"><strong><span style=\"color: #008000;\">\u00a0*<\/span><\/strong><\/p>\n<p><strong>J\u00fanius 2-\u00e1n<\/strong><em><strong>, <\/strong><\/em><span style=\"color: #008000;\"><em><strong>\u00c9vk\u00f6zi 9. vas\u00e1rnap<\/strong><\/em><\/span><em>,<\/em><\/p>\n<p><span style=\"color: #993300;\"><span style=\"color: #ff6600;\"><strong>Schw\u00e4bisch-Gm\u00fcndben<\/strong><\/span><em><strong>\u00a0<\/strong><\/em><\/span>9.30 \u00f3rakor<em>\u00a0szentmise<\/em>, ut\u00e1na <em>agap\u00e9.<\/em><\/p>\n<p><span style=\"color: #ff6600;\"><strong>Stuttgartban \u2013 Nemzeti \u00d6sszetartoz\u00e1s Napja <\/strong><\/span><\/p>\n<p>15.00 \u00f3rakor<em> szentmise, <\/em>melyet<em> megeml\u00e9kez\u00e9s, koszor\u00faz\u00e1s <\/em>\u00e9s<em> bar\u00e1ti egy\u00fcttl\u00e9t, agap\u00e9 <\/em>k\u00f6vet.<\/p>\n<p><a href=\"https:\/\/stuttgarti-katolikusok.de\/wp-content\/uploads\/2021\/06\/non.jpg\"><img loading=\"lazy\" decoding=\"async\" class=\"alignnone size-full wp-image-21991\" src=\"https:\/\/stuttgarti-katolikusok.de\/wp-content\/uploads\/2021\/06\/non.jpg\" alt=\"\" width=\"696\" height=\"385\" srcset=\"https:\/\/stuttgarti-katolikusok.de\/wp-content\/uploads\/2021\/06\/non.jpg 696w, https:\/\/stuttgarti-katolikusok.de\/wp-content\/uploads\/2021\/06\/non-300x166.jpg 300w\" sizes=\"auto, (max-width: 696px) 100vw, 696px\" \/><\/a><\/p>\n<p style=\"text-align: center;\"><span style=\"color: #ff6600;\"><strong>*<\/strong><\/span><\/p>\n<p>Minden helyen mindenkit szeretettel v\u00e1r a k\u00f6z\u00f6ss\u00e9g \u00e9s Tibor atya!<\/p>\n<p><a href=\"https:\/\/stuttgarti-katolikusok.de\/wp-content\/uploads\/2023\/06\/urnapja-weingarten.jpg\"><img loading=\"lazy\" decoding=\"async\" class=\"alignnone size-full wp-image-26958\" src=\"https:\/\/stuttgarti-katolikusok.de\/wp-content\/uploads\/2023\/06\/urnapja-weingarten.jpg\" alt=\"\" width=\"2040\" height=\"1530\" srcset=\"https:\/\/stuttgarti-katolikusok.de\/wp-content\/uploads\/2023\/06\/urnapja-weingarten.jpg 2040w, https:\/\/stuttgarti-katolikusok.de\/wp-content\/uploads\/2023\/06\/urnapja-weingarten-300x225.jpg 300w, https:\/\/stuttgarti-katolikusok.de\/wp-content\/uploads\/2023\/06\/urnapja-weingarten-1024x768.jpg 1024w, https:\/\/stuttgarti-katolikusok.de\/wp-content\/uploads\/2023\/06\/urnapja-weingarten-1536x1152.jpg 1536w, https:\/\/stuttgarti-katolikusok.de\/wp-content\/uploads\/2023\/06\/urnapja-weingarten-164x124.jpg 164w\" sizes=\"auto, (max-width: 2040px) 100vw, 2040px\" \/><\/a><\/p>\n<p style=\"text-align: center;\"><span style=\"color: #ff6600;\"><strong>*<\/strong><\/span><\/p>\n<p style=\"text-align: left;\"><span style=\"color: #ff6600;\"><em><strong>Kegyelemteljes napokat, tartalmas besz\u00e9lget\u00e9seket \u00e9s \u00f6r\u00f6mteli tal\u00e1lkoz\u00e1sokat k\u00edv\u00e1nunk minden Kedves H\u00edv\u00fcnknek!<\/strong><\/em><\/span><\/p>\n<p style=\"text-align: center;\"><span style=\"color: #ff6600;\"><strong>*<\/strong><\/span><\/p>\n<p><em>\u201eGy\u0151zelemr\u0151l \u00e9nekeljen Napkelet \u00e9s Napnyugat,<\/em><em><br \/>\n<\/em><em>Milli\u00f3 sz\u00edv \u00f6sszecsengjen, magasztalja az Urat!<\/em><em><br \/>\n<\/em><em>Krisztus \u00fajra f\u00f6ldre sz\u00e1llott, v\u00e1ndorl\u00e1sunk t\u00e1rsa lett,<\/em><em><br \/>\n<\/em><em>Mert szerette a vil\u00e1got, keny\u00e9rsz\u00ednbe rejtezett.<\/em><em><br \/>\n<\/em><em>Krisztus keny\u00e9r s bor sz\u00edn\u00e9ben \u00dar s Kir\u00e1ly a f\u00f6ld felett,<\/em><em><br \/>\n<\/em><em>Forrassz eggy\u00e9 b\u00e9kess\u00e9gben minden n\u00e9pet s nemzetet!<\/em><\/p>\n<p><em>\u00a0<\/em><\/p>\n<p><em>Egykor \u00e9rt\u00fcnk testet \u00f6lt\u00f6tt, kisgyermekk\u00e9nt j\u00f6tt k\u00f6z\u00e9nk,<\/em><em><br \/>\n<\/em><em>A keresztf\u00e1n v\u00e9re \u00f6ml\u00f6tt v\u00e1lts\u00e1gunknak b\u00e9rek\u00e9nt.<\/em><em><br \/>\n<\/em><em>Most az olt\u00e1r Golgot\u00e1j\u00e1n \u00fajra itt a dr\u00e1ga v\u00e9r,<\/em><em><br \/>\n<\/em><em>\u00c1ldozat az Isten-B\u00e1r\u00e1ny, Krisztus teste a keny\u00e9r.<\/em><em><br \/>\n<\/em><em>Krisztus keny\u00e9r s bor sz\u00edn\u00e9ben \u00dar s Kir\u00e1ly a f\u00f6ld felett,<\/em><em><br \/>\n<\/em><em>Forrassz eggy\u00e9 b\u00e9kess\u00e9gben minden n\u00e9pet s nemzetet!<\/em><\/p>\n<p><em>\u00a0<\/em><\/p>\n<p><em>Z\u00fagjon h\u00e1t a h\u00e1la\u00e9nek, sz\u00e1lljon v\u00f6lgy\u00f6n, tengeren,<\/em><em><br \/>\n<\/em><em>A szeretet Isten\u00e9nek dics\u0151s\u00e9g \u00e9s \u00fcdv legyen.<\/em><em><br \/>\n<\/em><em>Az eg\u00e9sz f\u00f6ld legyen olt\u00e1r, vir\u00e1g rajta a sz\u00edv\u00fcnk,<\/em><em><br \/>\n<\/em><em>Minden dalunk zeng\u0151 zsolt\u00e1r, t\u00f6mj\u00e9nillat a hit\u00fcnk.<\/em><em><br \/>\n<\/em><em>Krisztus keny\u00e9r s bor sz\u00edn\u00e9ben \u00dar s Kir\u00e1ly a f\u00f6ld felett,<\/em><em><br \/>\n<\/em><em>Forrassz eggy\u00e9 b\u00e9kess\u00e9gben minden n\u00e9pet s nemzetet!<\/em><\/p>\n<p><em>\u00a0<\/em><\/p>\n<p><em>Istv\u00e1n kir\u00e1ly \u00e1rva n\u00e9pe, te is hajtsd meg homlokod,<\/em><em><br \/>\n<\/em><em>Borulj t\u00e9rdre, sz\u00f3rd el\u00e9be minden gondod, b\u00e1natod!<\/em><em><br \/>\n<\/em><em>A kereszt volt ezer \u00e9ven rem\u00e9nys\u00e9ged oszlopa,<\/em><em><br \/>\n<\/em><em>Most is Krisztus jele l\u00e9gyen jobb j\u00f6v\u0151dnek z\u00e1loga.<\/em><em><br \/>\n<\/em><em>Krisztus keny\u00e9r s bor sz\u00edn\u00e9ben \u00dar s Kir\u00e1ly a f\u00f6ld felett,<\/em><em><br \/>\n<\/em><em>Forrassz eggy\u00e9 b\u00e9kess\u00e9gben minden n\u00e9pet s nemzetet!\u201d<\/em><\/p>\n<p><em>(A 34. \u00e9s 52. Nemzetk\u00f6zi Eucharisztikus Kongresszus himnusza)<\/em><\/p>\n<p><em>(Nyit\u00f3k\u00e9p: Ferenczy No\u00e9mi)<\/em><\/p>\n","protected":false},"excerpt":{"rendered":"<p>Programel\u0151zetes \u00a0* M\u00e1jus 30-\u00e1n,\u00a0cs\u00fct\u00f6rt\u00f6k\u00f6n,\u00a0\u00darnapja, Krisztus Szent Test\u00e9nek \u00e9s V\u00e9r\u00e9nek \u00fcnnepe, Heidenheimban 10.00 \u00f3rakor szentmise a\u00a0Marienkirche-ben. K\u00f6z\u00f6ss\u00e9g\u00fcnk bekapcsol\u00f3dik a helyi n\u00e9met k\u00f6z\u00f6ss\u00e9g \u00fcnnep\u00e9be. C\u00edm: 89518 Heidenheim an der Brenz \u00a0 \u00a0 \u00a0 \u00a0 \u00a0 \u00a0Marienstra\u00dfe 9 Ulmban 15.00 \u00f3rakor szentmise. Weingartenben 18.00 \u00f3rakor szentmise a 14 Nothelfer Kapelle&#8211;ben. * M\u00e1jus 31-\u00e9n, p\u00e9nteken, Stuttgarti d\u00e9lut\u00e1n, 17.30 \u00f3rakor r\u00f3zsaf\u00fcz\u00e9rt im\u00e1dkozunk, ezt k\u00f6vet\u0151en 18.00 \u00f3rakor szentmise \u00e9s m\u00e1jusi \u00e1jtatoss\u00e1g. * J\u00fanius 1-j\u00e9n, szombaton, Balingenben 17.00 \u00f3rakor szentmise, ut\u00e1na agap\u00e9. Figyelem! Egy \u00f3r\u00e1val k\u00e9s\u0151bb lesz a szentmise. \u00a0* J\u00fanius 2-\u00e1n, \u00c9vk\u00f6zi 9. vas\u00e1rnap, Schw\u00e4bisch-Gm\u00fcndben\u00a09.30 \u00f3rakor\u00a0szentmise, ut\u00e1na agap\u00e9. Stuttgartban \u2013 Nemzeti \u00d6sszetartoz\u00e1s Napja 15.00 \u00f3rakor szentmise, melyet megeml\u00e9kez\u00e9s, koszor\u00faz\u00e1s \u00e9s bar\u00e1ti egy\u00fcttl\u00e9t, agap\u00e9 k\u00f6vet. * Minden helyen mindenkit szeretettel v\u00e1r a k\u00f6z\u00f6ss\u00e9g \u00e9s Tibor atya! * Kegyelemteljes napokat, tartalmas besz\u00e9lget\u00e9seket \u00e9s \u00f6r\u00f6mteli tal\u00e1lkoz\u00e1sokat k\u00edv\u00e1nunk minden Kedves H\u00edv\u00fcnknek! * \u201eGy\u0151zelemr\u0151l \u00e9nekeljen Napkelet \u00e9s Napnyugat, Milli\u00f3 sz\u00edv \u00f6sszecsengjen, magasztalja az Urat! Krisztus \u00fajra f\u00f6ldre sz\u00e1llott, v\u00e1ndorl\u00e1sunk t\u00e1rsa lett, Mert szerette a vil\u00e1got, keny\u00e9rsz\u00ednbe rejtezett. Krisztus keny\u00e9r s bor sz\u00edn\u00e9ben \u00dar s Kir\u00e1ly a f\u00f6ld felett, Forrassz eggy\u00e9 b\u00e9kess\u00e9gben minden n\u00e9pet s nemzetet! \u00a0 Egykor \u00e9rt\u00fcnk testet \u00f6lt\u00f6tt, kisgyermekk\u00e9nt j\u00f6tt k\u00f6z\u00e9nk, A keresztf\u00e1n v\u00e9re \u00f6ml\u00f6tt v\u00e1lts\u00e1gunknak b\u00e9rek\u00e9nt. Most az olt\u00e1r Golgot\u00e1j\u00e1n \u00fajra itt a dr\u00e1ga v\u00e9r, \u00c1ldozat az Isten-B\u00e1r\u00e1ny, Krisztus teste a keny\u00e9r. Krisztus keny\u00e9r s bor sz\u00edn\u00e9ben \u00dar s Kir\u00e1ly a f\u00f6ld felett, Forrassz eggy\u00e9 b\u00e9kess\u00e9gben minden n\u00e9pet s nemzetet! \u00a0 Z\u00fagjon h\u00e1t a h\u00e1la\u00e9nek, sz\u00e1lljon v\u00f6lgy\u00f6n, tengeren, A szeretet Isten\u00e9nek dics\u0151s\u00e9g \u00e9s \u00fcdv legyen. Az eg\u00e9sz f\u00f6ld legyen olt\u00e1r, vir\u00e1g rajta a sz\u00edv\u00fcnk, Minden dalunk zeng\u0151 zsolt\u00e1r, t\u00f6mj\u00e9nillat a hit\u00fcnk. Krisztus keny\u00e9r s bor sz\u00edn\u00e9ben \u00dar s Kir\u00e1ly a f\u00f6ld felett, Forrassz eggy\u00e9 b\u00e9kess\u00e9gben minden n\u00e9pet s nemzetet! \u00a0 Istv\u00e1n kir\u00e1ly \u00e1rva n\u00e9pe, te is hajtsd meg homlokod, Borulj t\u00e9rdre, sz\u00f3rd el\u00e9be minden gondod, b\u00e1natod! A kereszt volt ezer \u00e9ven rem\u00e9nys\u00e9ged oszlopa, Most is Krisztus jele l\u00e9gyen&#8230; <\/p>\n<p><a class=\"readmore\" href=\"https:\/\/stuttgarti-katolikusok.de\/index.php\/28974\/\">R\u00e9szletek<\/a><\/p>\n","protected":false},"author":3,"featured_media":28976,"comment_status":"closed","ping_status":"closed","sticky":false,"template":"","format":"standard","meta":{"footnotes":""},"categories":[37],"tags":[],"class_list":["post-28974","post","type-post","status-publish","format-standard","has-post-thumbnail","hentry","category-progamelozetes"],"yoast_head":"<!-- This site is optimized with the Yoast SEO plugin v27.3 - https:\/\/yoast.com\/product\/yoast-seo-wordpress\/ -->\n<title>2024. M\u00c1JUS 27 \u00c9S J\u00daNIUS 2 K\u00d6Z\u00d6TT - Stuttgarti Katolikusok<\/title>\n<meta name=\"robots\" content=\"index, follow, max-snippet:-1, max-image-preview:large, max-video-preview:-1\" \/>\n<link rel=\"canonical\" href=\"https:\/\/stuttgarti-katolikusok.de\/index.php\/28974\/\" \/>\n<meta property=\"og:locale\" content=\"hu_HU\" \/>\n<meta property=\"og:type\" content=\"article\" \/>\n<meta property=\"og:title\" content=\"2024. M\u00c1JUS 27 \u00c9S J\u00daNIUS 2 K\u00d6Z\u00d6TT - Stuttgarti Katolikusok\" \/>\n<meta property=\"og:description\" content=\"Programel\u0151zetes \u00a0* M\u00e1jus 30-\u00e1n,\u00a0cs\u00fct\u00f6rt\u00f6k\u00f6n,\u00a0\u00darnapja, Krisztus Szent Test\u00e9nek \u00e9s V\u00e9r\u00e9nek \u00fcnnepe, Heidenheimban 10.00 \u00f3rakor szentmise a\u00a0Marienkirche-ben. K\u00f6z\u00f6ss\u00e9g\u00fcnk bekapcsol\u00f3dik a helyi n\u00e9met k\u00f6z\u00f6ss\u00e9g \u00fcnnep\u00e9be. C\u00edm: 89518 Heidenheim an der Brenz \u00a0 \u00a0 \u00a0 \u00a0 \u00a0 \u00a0Marienstra\u00dfe 9 Ulmban 15.00 \u00f3rakor szentmise. Weingartenben 18.00 \u00f3rakor szentmise a 14 Nothelfer Kapelle&#8211;ben. * M\u00e1jus 31-\u00e9n, p\u00e9nteken, Stuttgarti d\u00e9lut\u00e1n, 17.30 \u00f3rakor r\u00f3zsaf\u00fcz\u00e9rt im\u00e1dkozunk, ezt k\u00f6vet\u0151en 18.00 \u00f3rakor szentmise \u00e9s m\u00e1jusi \u00e1jtatoss\u00e1g. * J\u00fanius 1-j\u00e9n, szombaton, Balingenben 17.00 \u00f3rakor szentmise, ut\u00e1na agap\u00e9. Figyelem! Egy \u00f3r\u00e1val k\u00e9s\u0151bb lesz a szentmise. \u00a0* J\u00fanius 2-\u00e1n, \u00c9vk\u00f6zi 9. vas\u00e1rnap, Schw\u00e4bisch-Gm\u00fcndben\u00a09.30 \u00f3rakor\u00a0szentmise, ut\u00e1na agap\u00e9. Stuttgartban \u2013 Nemzeti \u00d6sszetartoz\u00e1s Napja 15.00 \u00f3rakor szentmise, melyet megeml\u00e9kez\u00e9s, koszor\u00faz\u00e1s \u00e9s bar\u00e1ti egy\u00fcttl\u00e9t, agap\u00e9 k\u00f6vet. * Minden helyen mindenkit szeretettel v\u00e1r a k\u00f6z\u00f6ss\u00e9g \u00e9s Tibor atya! * Kegyelemteljes napokat, tartalmas besz\u00e9lget\u00e9seket \u00e9s \u00f6r\u00f6mteli tal\u00e1lkoz\u00e1sokat k\u00edv\u00e1nunk minden Kedves H\u00edv\u00fcnknek! * \u201eGy\u0151zelemr\u0151l \u00e9nekeljen Napkelet \u00e9s Napnyugat, Milli\u00f3 sz\u00edv \u00f6sszecsengjen, magasztalja az Urat! Krisztus \u00fajra f\u00f6ldre sz\u00e1llott, v\u00e1ndorl\u00e1sunk t\u00e1rsa lett, Mert szerette a vil\u00e1got, keny\u00e9rsz\u00ednbe rejtezett. Krisztus keny\u00e9r s bor sz\u00edn\u00e9ben \u00dar s Kir\u00e1ly a f\u00f6ld felett, Forrassz eggy\u00e9 b\u00e9kess\u00e9gben minden n\u00e9pet s nemzetet! \u00a0 Egykor \u00e9rt\u00fcnk testet \u00f6lt\u00f6tt, kisgyermekk\u00e9nt j\u00f6tt k\u00f6z\u00e9nk, A keresztf\u00e1n v\u00e9re \u00f6ml\u00f6tt v\u00e1lts\u00e1gunknak b\u00e9rek\u00e9nt. Most az olt\u00e1r Golgot\u00e1j\u00e1n \u00fajra itt a dr\u00e1ga v\u00e9r, \u00c1ldozat az Isten-B\u00e1r\u00e1ny, Krisztus teste a keny\u00e9r. Krisztus keny\u00e9r s bor sz\u00edn\u00e9ben \u00dar s Kir\u00e1ly a f\u00f6ld felett, Forrassz eggy\u00e9 b\u00e9kess\u00e9gben minden n\u00e9pet s nemzetet! \u00a0 Z\u00fagjon h\u00e1t a h\u00e1la\u00e9nek, sz\u00e1lljon v\u00f6lgy\u00f6n, tengeren, A szeretet Isten\u00e9nek dics\u0151s\u00e9g \u00e9s \u00fcdv legyen. Az eg\u00e9sz f\u00f6ld legyen olt\u00e1r, vir\u00e1g rajta a sz\u00edv\u00fcnk, Minden dalunk zeng\u0151 zsolt\u00e1r, t\u00f6mj\u00e9nillat a hit\u00fcnk. Krisztus keny\u00e9r s bor sz\u00edn\u00e9ben \u00dar s Kir\u00e1ly a f\u00f6ld felett, Forrassz eggy\u00e9 b\u00e9kess\u00e9gben minden n\u00e9pet s nemzetet! \u00a0 Istv\u00e1n kir\u00e1ly \u00e1rva n\u00e9pe, te is hajtsd meg homlokod, Borulj t\u00e9rdre, sz\u00f3rd el\u00e9be minden gondod, b\u00e1natod! A kereszt volt ezer \u00e9ven rem\u00e9nys\u00e9ged oszlopa, Most is Krisztus jele l\u00e9gyen... R\u00e9szletek\" \/>\n<meta property=\"og:url\" content=\"https:\/\/stuttgarti-katolikusok.de\/index.php\/28974\/\" \/>\n<meta property=\"og:site_name\" content=\"Stuttgarti Katolikusok\" \/>\n<meta property=\"article:published_time\" content=\"2024-05-27T23:37:36+00:00\" \/>\n<meta property=\"article:modified_time\" content=\"2024-05-28T09:05:14+00:00\" \/>\n<meta property=\"og:image\" content=\"https:\/\/stuttgarti-katolikusok.de\/wp-content\/uploads\/2024\/05\/ferenczy-noemi-majus.jpg\" \/>\n\t<meta property=\"og:image:width\" content=\"2048\" \/>\n\t<meta property=\"og:image:height\" content=\"1536\" \/>\n\t<meta property=\"og:image:type\" content=\"image\/jpeg\" \/>\n<meta name=\"author\" content=\"Tibor atya\" \/>\n<meta name=\"twitter:card\" content=\"summary_large_image\" \/>\n<meta name=\"twitter:label1\" content=\"Szerz\u0151:\" \/>\n\t<meta name=\"twitter:data1\" content=\"Tibor atya\" \/>\n\t<meta name=\"twitter:label2\" content=\"Becs\u00fclt olvas\u00e1si id\u0151\" \/>\n\t<meta name=\"twitter:data2\" content=\"3 perc\" \/>\n<script type=\"application\/ld+json\" class=\"yoast-schema-graph\">{\"@context\":\"https:\\\/\\\/schema.org\",\"@graph\":[{\"@type\":\"Article\",\"@id\":\"https:\\\/\\\/stuttgarti-katolikusok.de\\\/index.php\\\/28974\\\/#article\",\"isPartOf\":{\"@id\":\"https:\\\/\\\/stuttgarti-katolikusok.de\\\/index.php\\\/28974\\\/\"},\"author\":{\"name\":\"Tibor atya\",\"@id\":\"https:\\\/\\\/stuttgarti-katolikusok.de\\\/#\\\/schema\\\/person\\\/75908d6f8fdc03a57889d27209df7795\"},\"headline\":\"2024. M\u00c1JUS 27 \u00c9S J\u00daNIUS 2 K\u00d6Z\u00d6TT\",\"datePublished\":\"2024-05-27T23:37:36+00:00\",\"dateModified\":\"2024-05-28T09:05:14+00:00\",\"mainEntityOfPage\":{\"@id\":\"https:\\\/\\\/stuttgarti-katolikusok.de\\\/index.php\\\/28974\\\/\"},\"wordCount\":487,\"image\":{\"@id\":\"https:\\\/\\\/stuttgarti-katolikusok.de\\\/index.php\\\/28974\\\/#primaryimage\"},\"thumbnailUrl\":\"https:\\\/\\\/stuttgarti-katolikusok.de\\\/wp-content\\\/uploads\\\/2024\\\/05\\\/ferenczy-noemi-majus.jpg\",\"articleSection\":[\"Progamel\u0151zetes\"],\"inLanguage\":\"hu\"},{\"@type\":\"WebPage\",\"@id\":\"https:\\\/\\\/stuttgarti-katolikusok.de\\\/index.php\\\/28974\\\/\",\"url\":\"https:\\\/\\\/stuttgarti-katolikusok.de\\\/index.php\\\/28974\\\/\",\"name\":\"2024. M\u00c1JUS 27 \u00c9S J\u00daNIUS 2 K\u00d6Z\u00d6TT - Stuttgarti Katolikusok\",\"isPartOf\":{\"@id\":\"https:\\\/\\\/stuttgarti-katolikusok.de\\\/#website\"},\"primaryImageOfPage\":{\"@id\":\"https:\\\/\\\/stuttgarti-katolikusok.de\\\/index.php\\\/28974\\\/#primaryimage\"},\"image\":{\"@id\":\"https:\\\/\\\/stuttgarti-katolikusok.de\\\/index.php\\\/28974\\\/#primaryimage\"},\"thumbnailUrl\":\"https:\\\/\\\/stuttgarti-katolikusok.de\\\/wp-content\\\/uploads\\\/2024\\\/05\\\/ferenczy-noemi-majus.jpg\",\"datePublished\":\"2024-05-27T23:37:36+00:00\",\"dateModified\":\"2024-05-28T09:05:14+00:00\",\"author\":{\"@id\":\"https:\\\/\\\/stuttgarti-katolikusok.de\\\/#\\\/schema\\\/person\\\/75908d6f8fdc03a57889d27209df7795\"},\"breadcrumb\":{\"@id\":\"https:\\\/\\\/stuttgarti-katolikusok.de\\\/index.php\\\/28974\\\/#breadcrumb\"},\"inLanguage\":\"hu\",\"potentialAction\":[{\"@type\":\"ReadAction\",\"target\":[\"https:\\\/\\\/stuttgarti-katolikusok.de\\\/index.php\\\/28974\\\/\"]}]},{\"@type\":\"ImageObject\",\"inLanguage\":\"hu\",\"@id\":\"https:\\\/\\\/stuttgarti-katolikusok.de\\\/index.php\\\/28974\\\/#primaryimage\",\"url\":\"https:\\\/\\\/stuttgarti-katolikusok.de\\\/wp-content\\\/uploads\\\/2024\\\/05\\\/ferenczy-noemi-majus.jpg\",\"contentUrl\":\"https:\\\/\\\/stuttgarti-katolikusok.de\\\/wp-content\\\/uploads\\\/2024\\\/05\\\/ferenczy-noemi-majus.jpg\",\"width\":2048,\"height\":1536},{\"@type\":\"BreadcrumbList\",\"@id\":\"https:\\\/\\\/stuttgarti-katolikusok.de\\\/index.php\\\/28974\\\/#breadcrumb\",\"itemListElement\":[{\"@type\":\"ListItem\",\"position\":1,\"name\":\"Kezd\u0151lap\",\"item\":\"https:\\\/\\\/stuttgarti-katolikusok.de\\\/\"},{\"@type\":\"ListItem\",\"position\":2,\"name\":\"2024. M\u00c1JUS 27 \u00c9S J\u00daNIUS 2 K\u00d6Z\u00d6TT\"}]},{\"@type\":\"WebSite\",\"@id\":\"https:\\\/\\\/stuttgarti-katolikusok.de\\\/#website\",\"url\":\"https:\\\/\\\/stuttgarti-katolikusok.de\\\/\",\"name\":\"Stuttgarti Katolikusok\",\"description\":\"\",\"potentialAction\":[{\"@type\":\"SearchAction\",\"target\":{\"@type\":\"EntryPoint\",\"urlTemplate\":\"https:\\\/\\\/stuttgarti-katolikusok.de\\\/?s={search_term_string}\"},\"query-input\":{\"@type\":\"PropertyValueSpecification\",\"valueRequired\":true,\"valueName\":\"search_term_string\"}}],\"inLanguage\":\"hu\"},{\"@type\":\"Person\",\"@id\":\"https:\\\/\\\/stuttgarti-katolikusok.de\\\/#\\\/schema\\\/person\\\/75908d6f8fdc03a57889d27209df7795\",\"name\":\"Tibor atya\",\"image\":{\"@type\":\"ImageObject\",\"inLanguage\":\"hu\",\"@id\":\"https:\\\/\\\/secure.gravatar.com\\\/avatar\\\/61d268e57d1f4525b111222e29d2d5a7f8c420fdbf231ba5566a8ceac74fa960?s=96&d=mm&r=g\",\"url\":\"https:\\\/\\\/secure.gravatar.com\\\/avatar\\\/61d268e57d1f4525b111222e29d2d5a7f8c420fdbf231ba5566a8ceac74fa960?s=96&d=mm&r=g\",\"contentUrl\":\"https:\\\/\\\/secure.gravatar.com\\\/avatar\\\/61d268e57d1f4525b111222e29d2d5a7f8c420fdbf231ba5566a8ceac74fa960?s=96&d=mm&r=g\",\"caption\":\"Tibor atya\"},\"url\":\"https:\\\/\\\/stuttgarti-katolikusok.de\\\/index.php\\\/author\\\/tibor-atya\\\/\"}]}<\/script>\n<!-- \/ Yoast SEO plugin. -->","yoast_head_json":{"title":"2024. M\u00c1JUS 27 \u00c9S J\u00daNIUS 2 K\u00d6Z\u00d6TT - Stuttgarti Katolikusok","robots":{"index":"index","follow":"follow","max-snippet":"max-snippet:-1","max-image-preview":"max-image-preview:large","max-video-preview":"max-video-preview:-1"},"canonical":"https:\/\/stuttgarti-katolikusok.de\/index.php\/28974\/","og_locale":"hu_HU","og_type":"article","og_title":"2024. M\u00c1JUS 27 \u00c9S J\u00daNIUS 2 K\u00d6Z\u00d6TT - Stuttgarti Katolikusok","og_description":"Programel\u0151zetes \u00a0* M\u00e1jus 30-\u00e1n,\u00a0cs\u00fct\u00f6rt\u00f6k\u00f6n,\u00a0\u00darnapja, Krisztus Szent Test\u00e9nek \u00e9s V\u00e9r\u00e9nek \u00fcnnepe, Heidenheimban 10.00 \u00f3rakor szentmise a\u00a0Marienkirche-ben. K\u00f6z\u00f6ss\u00e9g\u00fcnk bekapcsol\u00f3dik a helyi n\u00e9met k\u00f6z\u00f6ss\u00e9g \u00fcnnep\u00e9be. C\u00edm: 89518 Heidenheim an der Brenz \u00a0 \u00a0 \u00a0 \u00a0 \u00a0 \u00a0Marienstra\u00dfe 9 Ulmban 15.00 \u00f3rakor szentmise. Weingartenben 18.00 \u00f3rakor szentmise a 14 Nothelfer Kapelle&#8211;ben. * M\u00e1jus 31-\u00e9n, p\u00e9nteken, Stuttgarti d\u00e9lut\u00e1n, 17.30 \u00f3rakor r\u00f3zsaf\u00fcz\u00e9rt im\u00e1dkozunk, ezt k\u00f6vet\u0151en 18.00 \u00f3rakor szentmise \u00e9s m\u00e1jusi \u00e1jtatoss\u00e1g. * J\u00fanius 1-j\u00e9n, szombaton, Balingenben 17.00 \u00f3rakor szentmise, ut\u00e1na agap\u00e9. Figyelem! Egy \u00f3r\u00e1val k\u00e9s\u0151bb lesz a szentmise. \u00a0* J\u00fanius 2-\u00e1n, \u00c9vk\u00f6zi 9. vas\u00e1rnap, Schw\u00e4bisch-Gm\u00fcndben\u00a09.30 \u00f3rakor\u00a0szentmise, ut\u00e1na agap\u00e9. Stuttgartban \u2013 Nemzeti \u00d6sszetartoz\u00e1s Napja 15.00 \u00f3rakor szentmise, melyet megeml\u00e9kez\u00e9s, koszor\u00faz\u00e1s \u00e9s bar\u00e1ti egy\u00fcttl\u00e9t, agap\u00e9 k\u00f6vet. * Minden helyen mindenkit szeretettel v\u00e1r a k\u00f6z\u00f6ss\u00e9g \u00e9s Tibor atya! * Kegyelemteljes napokat, tartalmas besz\u00e9lget\u00e9seket \u00e9s \u00f6r\u00f6mteli tal\u00e1lkoz\u00e1sokat k\u00edv\u00e1nunk minden Kedves H\u00edv\u00fcnknek! * \u201eGy\u0151zelemr\u0151l \u00e9nekeljen Napkelet \u00e9s Napnyugat, Milli\u00f3 sz\u00edv \u00f6sszecsengjen, magasztalja az Urat! Krisztus \u00fajra f\u00f6ldre sz\u00e1llott, v\u00e1ndorl\u00e1sunk t\u00e1rsa lett, Mert szerette a vil\u00e1got, keny\u00e9rsz\u00ednbe rejtezett. Krisztus keny\u00e9r s bor sz\u00edn\u00e9ben \u00dar s Kir\u00e1ly a f\u00f6ld felett, Forrassz eggy\u00e9 b\u00e9kess\u00e9gben minden n\u00e9pet s nemzetet! \u00a0 Egykor \u00e9rt\u00fcnk testet \u00f6lt\u00f6tt, kisgyermekk\u00e9nt j\u00f6tt k\u00f6z\u00e9nk, A keresztf\u00e1n v\u00e9re \u00f6ml\u00f6tt v\u00e1lts\u00e1gunknak b\u00e9rek\u00e9nt. Most az olt\u00e1r Golgot\u00e1j\u00e1n \u00fajra itt a dr\u00e1ga v\u00e9r, \u00c1ldozat az Isten-B\u00e1r\u00e1ny, Krisztus teste a keny\u00e9r. Krisztus keny\u00e9r s bor sz\u00edn\u00e9ben \u00dar s Kir\u00e1ly a f\u00f6ld felett, Forrassz eggy\u00e9 b\u00e9kess\u00e9gben minden n\u00e9pet s nemzetet! \u00a0 Z\u00fagjon h\u00e1t a h\u00e1la\u00e9nek, sz\u00e1lljon v\u00f6lgy\u00f6n, tengeren, A szeretet Isten\u00e9nek dics\u0151s\u00e9g \u00e9s \u00fcdv legyen. Az eg\u00e9sz f\u00f6ld legyen olt\u00e1r, vir\u00e1g rajta a sz\u00edv\u00fcnk, Minden dalunk zeng\u0151 zsolt\u00e1r, t\u00f6mj\u00e9nillat a hit\u00fcnk. Krisztus keny\u00e9r s bor sz\u00edn\u00e9ben \u00dar s Kir\u00e1ly a f\u00f6ld felett, Forrassz eggy\u00e9 b\u00e9kess\u00e9gben minden n\u00e9pet s nemzetet! \u00a0 Istv\u00e1n kir\u00e1ly \u00e1rva n\u00e9pe, te is hajtsd meg homlokod, Borulj t\u00e9rdre, sz\u00f3rd el\u00e9be minden gondod, b\u00e1natod! A kereszt volt ezer \u00e9ven rem\u00e9nys\u00e9ged oszlopa, Most is Krisztus jele l\u00e9gyen... R\u00e9szletek","og_url":"https:\/\/stuttgarti-katolikusok.de\/index.php\/28974\/","og_site_name":"Stuttgarti Katolikusok","article_published_time":"2024-05-27T23:37:36+00:00","article_modified_time":"2024-05-28T09:05:14+00:00","og_image":[{"width":2048,"height":1536,"url":"https:\/\/stuttgarti-katolikusok.de\/wp-content\/uploads\/2024\/05\/ferenczy-noemi-majus.jpg","type":"image\/jpeg"}],"author":"Tibor atya","twitter_card":"summary_large_image","twitter_misc":{"Szerz\u0151:":"Tibor atya","Becs\u00fclt olvas\u00e1si id\u0151":"3 perc"},"schema":{"@context":"https:\/\/schema.org","@graph":[{"@type":"Article","@id":"https:\/\/stuttgarti-katolikusok.de\/index.php\/28974\/#article","isPartOf":{"@id":"https:\/\/stuttgarti-katolikusok.de\/index.php\/28974\/"},"author":{"name":"Tibor atya","@id":"https:\/\/stuttgarti-katolikusok.de\/#\/schema\/person\/75908d6f8fdc03a57889d27209df7795"},"headline":"2024. M\u00c1JUS 27 \u00c9S J\u00daNIUS 2 K\u00d6Z\u00d6TT","datePublished":"2024-05-27T23:37:36+00:00","dateModified":"2024-05-28T09:05:14+00:00","mainEntityOfPage":{"@id":"https:\/\/stuttgarti-katolikusok.de\/index.php\/28974\/"},"wordCount":487,"image":{"@id":"https:\/\/stuttgarti-katolikusok.de\/index.php\/28974\/#primaryimage"},"thumbnailUrl":"https:\/\/stuttgarti-katolikusok.de\/wp-content\/uploads\/2024\/05\/ferenczy-noemi-majus.jpg","articleSection":["Progamel\u0151zetes"],"inLanguage":"hu"},{"@type":"WebPage","@id":"https:\/\/stuttgarti-katolikusok.de\/index.php\/28974\/","url":"https:\/\/stuttgarti-katolikusok.de\/index.php\/28974\/","name":"2024. M\u00c1JUS 27 \u00c9S J\u00daNIUS 2 K\u00d6Z\u00d6TT - Stuttgarti Katolikusok","isPartOf":{"@id":"https:\/\/stuttgarti-katolikusok.de\/#website"},"primaryImageOfPage":{"@id":"https:\/\/stuttgarti-katolikusok.de\/index.php\/28974\/#primaryimage"},"image":{"@id":"https:\/\/stuttgarti-katolikusok.de\/index.php\/28974\/#primaryimage"},"thumbnailUrl":"https:\/\/stuttgarti-katolikusok.de\/wp-content\/uploads\/2024\/05\/ferenczy-noemi-majus.jpg","datePublished":"2024-05-27T23:37:36+00:00","dateModified":"2024-05-28T09:05:14+00:00","author":{"@id":"https:\/\/stuttgarti-katolikusok.de\/#\/schema\/person\/75908d6f8fdc03a57889d27209df7795"},"breadcrumb":{"@id":"https:\/\/stuttgarti-katolikusok.de\/index.php\/28974\/#breadcrumb"},"inLanguage":"hu","potentialAction":[{"@type":"ReadAction","target":["https:\/\/stuttgarti-katolikusok.de\/index.php\/28974\/"]}]},{"@type":"ImageObject","inLanguage":"hu","@id":"https:\/\/stuttgarti-katolikusok.de\/index.php\/28974\/#primaryimage","url":"https:\/\/stuttgarti-katolikusok.de\/wp-content\/uploads\/2024\/05\/ferenczy-noemi-majus.jpg","contentUrl":"https:\/\/stuttgarti-katolikusok.de\/wp-content\/uploads\/2024\/05\/ferenczy-noemi-majus.jpg","width":2048,"height":1536},{"@type":"BreadcrumbList","@id":"https:\/\/stuttgarti-katolikusok.de\/index.php\/28974\/#breadcrumb","itemListElement":[{"@type":"ListItem","position":1,"name":"Kezd\u0151lap","item":"https:\/\/stuttgarti-katolikusok.de\/"},{"@type":"ListItem","position":2,"name":"2024. M\u00c1JUS 27 \u00c9S J\u00daNIUS 2 K\u00d6Z\u00d6TT"}]},{"@type":"WebSite","@id":"https:\/\/stuttgarti-katolikusok.de\/#website","url":"https:\/\/stuttgarti-katolikusok.de\/","name":"Stuttgarti Katolikusok","description":"","potentialAction":[{"@type":"SearchAction","target":{"@type":"EntryPoint","urlTemplate":"https:\/\/stuttgarti-katolikusok.de\/?s={search_term_string}"},"query-input":{"@type":"PropertyValueSpecification","valueRequired":true,"valueName":"search_term_string"}}],"inLanguage":"hu"},{"@type":"Person","@id":"https:\/\/stuttgarti-katolikusok.de\/#\/schema\/person\/75908d6f8fdc03a57889d27209df7795","name":"Tibor atya","image":{"@type":"ImageObject","inLanguage":"hu","@id":"https:\/\/secure.gravatar.com\/avatar\/61d268e57d1f4525b111222e29d2d5a7f8c420fdbf231ba5566a8ceac74fa960?s=96&d=mm&r=g","url":"https:\/\/secure.gravatar.com\/avatar\/61d268e57d1f4525b111222e29d2d5a7f8c420fdbf231ba5566a8ceac74fa960?s=96&d=mm&r=g","contentUrl":"https:\/\/secure.gravatar.com\/avatar\/61d268e57d1f4525b111222e29d2d5a7f8c420fdbf231ba5566a8ceac74fa960?s=96&d=mm&r=g","caption":"Tibor atya"},"url":"https:\/\/stuttgarti-katolikusok.de\/index.php\/author\/tibor-atya\/"}]}},"_links":{"self":[{"href":"https:\/\/stuttgarti-katolikusok.de\/index.php\/wp-json\/wp\/v2\/posts\/28974","targetHints":{"allow":["GET"]}}],"collection":[{"href":"https:\/\/stuttgarti-katolikusok.de\/index.php\/wp-json\/wp\/v2\/posts"}],"about":[{"href":"https:\/\/stuttgarti-katolikusok.de\/index.php\/wp-json\/wp\/v2\/types\/post"}],"author":[{"embeddable":true,"href":"https:\/\/stuttgarti-katolikusok.de\/index.php\/wp-json\/wp\/v2\/users\/3"}],"replies":[{"embeddable":true,"href":"https:\/\/stuttgarti-katolikusok.de\/index.php\/wp-json\/wp\/v2\/comments?post=28974"}],"version-history":[{"count":7,"href":"https:\/\/stuttgarti-katolikusok.de\/index.php\/wp-json\/wp\/v2\/posts\/28974\/revisions"}],"predecessor-version":[{"id":29005,"href":"https:\/\/stuttgarti-katolikusok.de\/index.php\/wp-json\/wp\/v2\/posts\/28974\/revisions\/29005"}],"wp:featuredmedia":[{"embeddable":true,"href":"https:\/\/stuttgarti-katolikusok.de\/index.php\/wp-json\/wp\/v2\/media\/28976"}],"wp:attachment":[{"href":"https:\/\/stuttgarti-katolikusok.de\/index.php\/wp-json\/wp\/v2\/media?parent=28974"}],"wp:term":[{"taxonomy":"category","embeddable":true,"href":"https:\/\/stuttgarti-katolikusok.de\/index.php\/wp-json\/wp\/v2\/categories?post=28974"},{"taxonomy":"post_tag","embeddable":true,"href":"https:\/\/stuttgarti-katolikusok.de\/index.php\/wp-json\/wp\/v2\/tags?post=28974"}],"curies":[{"name":"wp","href":"https:\/\/api.w.org\/{rel}","templated":true}]}}