{"id":28966,"date":"2024-05-25T11:19:16","date_gmt":"2024-05-25T09:19:16","guid":{"rendered":"https:\/\/stuttgarti-katolikusok.de\/?p=28966"},"modified":"2024-05-25T11:19:46","modified_gmt":"2024-05-25T09:19:46","slug":"szentharomsag-vasarnap","status":"publish","type":"post","link":"https:\/\/stuttgarti-katolikusok.de\/index.php\/szentharomsag-vasarnap\/","title":{"rendered":"Szenth\u00e1roms\u00e1g vas\u00e1rnapja"},"content":{"rendered":"<p><span style=\"color: #ff6600;\"><em>P\u00fcnk\u00f6sd ut\u00e1ni els\u0151 vas\u00e1rnap Szenth\u00e1roms\u00e1g vas\u00e1rnapja. Kereszt\u00e9ny hit\u00fcnk egyik legm\u00e9lyebb \u00e9s egyben legcsod\u00e1latosabb titk\u00e1ba enged betekint\u00e9st nyern\u00fcnk. A h\u00edv\u0151 embert foglalkoztat\u00f3 k\u00e9rd\u00e9sek sokas\u00e1ga ez. Ki az Isten? Milyen az Isten? Egy\u00e1ltal\u00e1n, megismerhetem \u0150t?<\/em><\/span><\/p>\n<p><span style=\"color: #ff6600;\"><em>Amikor ezeket a k\u00e9rd\u00e9seket megfogalmazom \u00e9s egyben v\u00e1laszolni is szeretn\u00e9k r\u00e1, nem szabad elfelednem, hogy el\u0151sz\u00f6r is abb\u00f3l kell kiindulnom, ki vagyok voltak\u00e9ppen \u00e9n magam. \u00d6nismeretem m\u00e9lys\u00e9ge a felt\u00e9tele \u00e9s biztos\u00edt\u00e9ka a h\u00e1rom szem\u00e9ly\u0171 egy Isten bens\u0151 \u00e9let\u00e9nek megismer\u00e9s\u00e9hez. \u00cdgy van ez k\u00fcl\u00f6nben emberi kapcsolatainkat is tekintve. M\u00e1sr\u00e9szt nem szabad elfelednem, a m\u00e1sik emberr\u0151l annyit tudhatok meg, amennyit \u0151 megmutat saj\u00e1t mag\u00e1b\u00f3l.\u00a0<\/em><\/span><\/p>\n<p><span style=\"color: #ff6600;\"><em>A megismer\u00e9sben k\u00e9t utat v\u00e1laszthatunk: az \u00e9rtelem, a r\u00e1ci\u00f3 \u00e9s a sz\u00edv, az \u00e9rzelem \u00fatj\u00e1t. A k\u00e9p \u00f6nmag\u00e1\u00e9rt besz\u00e9l: az \u00e9desanya, vagy az \u00e9desapa amikor \u00f6l\u00e9be veszi \u00fajsz\u00fcl\u00f6tt gyermek\u00e9t, sohasem az \u00e9rtelem \u00fatj\u00e1t v\u00e1lasztja, hanem a sz\u00edv, az \u00e9rzelem \u00fatj\u00e1t. \u00c9ppen \u00e9rzelmein, sz\u00edv\u00e9n kereszt\u00fcl szerzi meg gyermek\u00e9vel kapcsolatosan els\u0151 ismereteit. Nagyon helyesen, ott \u00e9s akkor mennyi mindent &#8222;belel\u00e1t&#8221; m\u00e1r szerelme &#8222;gy\u00fcm\u00f6lcs\u00e9be&#8221;. Ford\u00edtva is igaz, a gyermek sz\u00fclein kereszt\u00fcl ismeri meg a vil\u00e1got, ker\u00fcl kapcsolatba embert\u00e1rsaival. V\u00e9gs\u0151 soron rajtuk kereszt\u00fcl ismeri meg az Istent. Azt\u00e1n id\u0151vel az \u00e9rzelmi megismer\u00e9s \u00fatj\u00e1t kieg\u00e9sz\u00edtheti az \u00e9rtelmi megismer\u00e9s \u00fatj\u00e1val.\u00a0<\/em><\/span><\/p>\n<p><span style=\"color: #ff6600;\"><em>Kereszt\u00e9ny \u00e9let\u00fcnk \u00f6r\u00f6me \u00e9s boldogs\u00e1ga, hogy az Atya gyermekei, a Fi\u00fa testv\u00e9rei \u00e9s a Szentl\u00e9lek templomai vagyunk. Nincs is m\u00e1s \u00e9lethivat\u00e1sunk, mint ezen nemes hivat\u00e1sra \u00e9s k\u00fcldet\u00e9sre \u00e9let\u00fcnk igenj\u00e9vel v\u00e1laszolni. Ez az igazi \u00f6r\u00f6m \u00e9s boldogs\u00e1g.<\/em><\/span><\/p>\n<p><span style=\"color: #ff6600;\"><em>Az olvasm\u00e1nyban M\u00f3zes b\u00e1tor\u00edt\u00f3 szavai hallhatjuk: &#8222;Kutasd a r\u00e9gi id\u0151ket&#8230; \u00e9s v\u00e9sd a sz\u00edvedbe&#8230;&#8221; T\u00f6rt\u00e9nelmi m\u00faltunk ismerete meger\u0151s\u00edt abban a felismer\u00e9sben, hogy Isten\u00fcnk szeret \u00e9s gondoskodik r\u00f3lunk. \u00c9let\u00fcnk az \u0150 tenyer\u00e9ben van elrejtve.<\/em><\/span><\/p>\n<p><span style=\"color: #ff6600;\"><em>A szentlecke is ugyan\u00fagy ebben a felismer\u00e9sben szeretne meger\u0151s\u00edteni. Szabads\u00e1gra sz\u00fclett\u00fcnk, \u00e9s \u0150t, mennyei Aty\u00e1nkat &#8222;Abba, Atya!&#8221; sz\u00f3l\u00edthatjuk meg. Itt \u00fajb\u00f3l szeml\u00e9lhetem \u00e9desany\u00e1mhoz \u00e9s \u00e9desap\u00e1mhoz val\u00f3 k\u00f6t\u0151d\u00e9semet, kapcsol\u00f3d\u00e1somat. Azt a szabads\u00e1g\u00e9rz\u00e9st, amelyet nekik k\u00f6sz\u00f6nhetek!<\/em><\/span><\/p>\n<p><span style=\"color: #ff6600;\"><em>Az evang\u00e9liumi r\u00e9sz egy\u00e9rtelm\u0171en \u00fczeni, hogy az Egyh\u00e1z kezdett\u0151l fogva vallotta a Szenth\u00e1roms\u00e1g titk\u00e1t. Egyben ez a titok megsejteti vel\u00fcnk Isten bels\u0151 \u00e9let\u00e9nek v\u00e9gtelen gazdags\u00e1g\u00e1t. Misszi\u00f3s k\u00fcldet\u00e9s\u00fcnk a tan\u00fas\u00e1gtev\u00e9s a h\u00e1romszem\u00e9ly\u0171 egy Istenr\u0151l, aki Atya, Fi\u00fa \u00e9s Szentl\u00e9lek. Ennek az \u00f6r\u00f6mh\u00edrnek tov\u00e1bbad\u00e1sa.<\/em><\/span><\/p>\n<p><span style=\"color: #ff6600;\">Kezd\u0151\u00e9nek:<\/span><br \/>\n\u00c1ldott legyen az Atyaisten, \u00e9s Isten egysz\u00fcl\u00f6tt Fia, \u00e9s a Szentl\u00e9lek, mert irgalmass\u00e1got gyakorolt vel\u00fcnk.<\/p>\n<p><span style=\"color: #ff6600;\">K\u00f6ny\u00f6rg\u00e9s:<\/span><br \/>\nMennyei Aty\u00e1nk, te elk\u00fcldted a vil\u00e1gba Fiadat, az igazs\u00e1g Ig\u00e9j\u00e9t \u00e9s a megszentel\u0151 Szentlelket, \u00e9s ezzel kinyilatkoztattad bels\u0151 \u00e9leted csod\u00e1latos titk\u00e1t. Add, hogy az igaz hit megvall\u00e1s\u00e1val a Szenth\u00e1roms\u00e1g dics\u0151s\u00e9g\u00e9t megismerj\u00fck, \u00e9s a f\u00f6ls\u00e9ges hatalm\u00fa egy Istent im\u00e1djuk. A mi Urunk, J\u00e9zus Krisztus, a te Fiad \u00e1ltal, aki veled \u00e9l \u00e9s uralkodik a Szentl\u00e9lekkel egys\u00e9gben, Isten mind\u00f6r\u00f6kk\u00f6n \u00f6r\u00f6kk\u00e9.<\/p>\n<p align=\"justify\"><span style=\"color: #ff6600;\">OLVASM\u00c1NY M\u00f3zes \u00f6t\u00f6dik k\u00f6nyv\u00e9b\u0151l (MT\u00f6rv 4,32-34.39-40)<\/span><br \/>\nM\u00f3zes a puszt\u00e1ban ezt a besz\u00e9det int\u00e9zte a n\u00e9phez: \u201eKutasd a r\u00e9gi id\u0151ket, amelyek el\u0151tted voltak, att\u00f3l a napt\u00f3l kezdve, hogy Isten embert teremtett a f\u00f6ldre! Vajon az \u00e9g egyik hat\u00e1r\u00e1t\u00f3l a m\u00e1sikig t\u00f6rt\u00e9nt-e valaha ilyen nagy dolog, lehetett-e hallani hasonl\u00f3t? Van-e olyan n\u00e9p, amelyik hallotta az \u00e9l\u0151 Istent l\u00e1ngok k\u00f6z\u00fcl besz\u00e9lni, ahogy te hallottad, \u2013 \u00e9s \u00e9letben maradt? Volt-e valaha is olyan Isten, aki megtette, hogy egy n\u00e9pet kivezessen egy m\u00e1sik n\u00e9p k\u00f6r\u00e9b\u0151l; megpr\u00f3b\u00e1ltat\u00e1sokkal, jelekkel \u00e9s csod\u00e1kkal, h\u00e1bor\u00fas\u00e1ggal, er\u0151s k\u00e9zzel \u00e9s kiny\u00fajtott karral, nagy csap\u00e1sokkal, ahogy az \u00dar, a ti Istenetek veletek tette Egyiptomban a szemetek l\u00e1tt\u00e1ra? Tudd meg h\u00e1t \u00e9s v\u00e9sd sz\u00edvedbe, hogy f\u00f6nn az \u00e9gben \u00e9s lenn a f\u00f6ld\u00f6n az \u00dar az Isten, senki m\u00e1s! Tartsd meg parancsait \u00e9s t\u00f6rv\u00e9nyeit, amelyeket ma parancsolok neked, hogy j\u00f3l menjen sorod, \u00e9s majd ut\u00e1nad gyermekeidnek is, \u00e9s hogy sok\u00e1ig \u00e9lj azon a f\u00f6ld\u00f6n, amelyet az \u00dar, a te Istened neked ad \u00f6r\u00f6kre!\u201d<br \/>\nEz az Isten ig\u00e9je.<\/p>\n<p align=\"justify\"><span style=\"color: #ff6600;\">V\u00c1LASZOS ZSOLT\u00c1R (Zsolt 32,4-5.6 \u00e9s 9.18-19.20 \u00e9s 22)<\/span><br \/>\nV\u00e1lasz:\u00a0<strong>Boldog az a\u00a0<u>nem<\/u>zet, * melyet az \u00dar\u00a0<u>\u00f6<\/u>r\u00f6kbe fogadott.<\/strong>\u00a0(5. t\u00f3nus.)<br \/>\nEl\u0151\u00e9nekes: Sziklaszil\u00e1rd az \u00dar\u00a0<u>i<\/u>g\u00e9je, * minden tett\u00e9t\u00a0<u>h\u0171<\/u>s\u00e9g vezeti.<br \/>\nAz igazlelk\u0171s\u00e9get \u00e9s a t\u00f6rv\u00e9nyt\u00a0<u>sze<\/u>reti, * telve van a f\u00f6ld az \u00dar\u00a0<u>ir<\/u>galm\u00e1val.<br \/>\nH\u00edvek:\u00a0<strong>Boldog az a\u00a0<u>nem<\/u>zet, * melyet az \u00dar\u00a0<u>\u00f6<\/u>r\u00f6kbe fogadott.<\/strong><br \/>\nE: Az \u00dar szav\u00e1ra lett a\u00a0<u>men<\/u>nybolt, * sz\u00e1ja lehelet\u00e9re a\u00a0<u>csil<\/u>lagok ezrei.<br \/>\nMert csak sz\u00f3lt \u00e9s\u00a0<u>meg<\/u>lettek, * parancsolt \u00e9s\u00a0<u>l\u00e9t<\/u>rej\u00f6ttek.<br \/>\nH:\u00a0<strong>Boldog az a\u00a0<u>nem<\/u>zet, * melyet az \u00dar\u00a0<u>\u00f6<\/u>r\u00f6kbe fogadott.<\/strong><br \/>\nE: Az istenf\u00e9l\u0151kre \u00fcgyel az \u00dar\u00a0<u>sze<\/u>me, * akik b\u00edznak az \u0151\u00a0<u>ir<\/u>galm\u00e1ban.<br \/>\nMegmenti lelk\u00fcket a\u00a0<u>ha<\/u>l\u00e1lt\u00f3l, * \u00e9s t\u00e1pl\u00e1lja \u0151ket\u00a0<u>\u00e9<\/u>h\u00edns\u00e9g idej\u00e9n.<br \/>\nH:\u00a0<strong>Boldog az a\u00a0<u>nem<\/u>zet, * melyet az \u00dar\u00a0<u>\u00f6<\/u>r\u00f6kbe fogadott.<\/strong><br \/>\nE: Az \u00darra hagyatkozik\u00a0<u>lel<\/u>k\u00fcnk, * \u0151 a seg\u00edt\u0151nk, \u00e9s\u00a0<u>\u0151<\/u>\u00a0a mi oltalmunk.<br \/>\nKegyes szemed legyen\u00a0<u>raj<\/u>tunk, * tebenned van\u00a0<u>bi<\/u>zodalmunk.<br \/>\nH:\u00a0<strong>Boldog az a\u00a0<u>nem<\/u>zet, * melyet az \u00dar\u00a0<u>\u00f6<\/u>r\u00f6kbe fogadott.<\/strong><\/p>\n<p align=\"justify\"><span style=\"color: #ff6600;\">SZENTLECKE Szent P\u00e1l apostolnak a r\u00f3maiakhoz \u00edrt level\u00e9b\u0151l (R\u00f3m 8,14-17)<\/span><br \/>\nTestv\u00e9reim! Akiket Isten Lelke vez\u00e9rel, azok Isten fiai. Nem a szolgas\u00e1g lelk\u00e9t kapt\u00e1tok ugyanis, hogy ism\u00e9t f\u00e9lelemben \u00e9ljetek, hanem a fogadott fi\u00fas\u00e1g Lelk\u00e9t nyert\u00e9tek el. \u00c1ltala sz\u00f3l\u00edtjuk \u0151t \u00edgy: \u201eAbba, Atya!\u201d<br \/>\nA L\u00e9lek maga tesz tan\u00fas\u00e1got lelk\u00fcnkben, hogy Isten gyermekei vagyunk. Ha pedig gyermekei, akkor \u00f6r\u00f6k\u00f6sei is: Istennek \u00f6r\u00f6k\u00f6sei, Krisztusnak pedig t\u00e1rs\u00f6r\u00f6k\u00f6sei. El\u0151bb azonban szenvedn\u00fcnk kell vele egy\u00fctt, hogy vele egy\u00fctt meg is dics\u0151\u00fclj\u00fcnk.<br \/>\nEz az Isten ig\u00e9je.<\/p>\n<p align=\"justify\"><span style=\"color: #ff6600;\">ALLELUJA<\/span><br \/>\nDics\u0151s\u00e9g az Aty\u00e1nak, a Fi\u00fanak \u00e9s a Szentl\u00e9leknek: * Istennek, aki van, aki volt, \u00e9s aki elj\u00f6n \u00fajra. (V\u00f6. Jel 1,8 \u2013 9. t\u00f3nus.)<\/p>\n<p align=\"justify\"><span style=\"color: #ff6600;\">\u2020 EVANG\u00c9LIUM Szent M\u00e1t\u00e9 k\u00f6nyv\u00e9b\u0151l (Mt 28,16-20)<\/span><br \/>\nAbban az id\u0151ben: A tizenegy tan\u00edtv\u00e1ny elment Galile\u00e1ba, fel arra a hegyre, ahova J\u00e9zus rendelte \u0151ket. Amikor megl\u00e1tt\u00e1k \u0151t, leborultak el\u0151tte a f\u00f6ldre. Egyesek azonban m\u00e9g mindig k\u00e9telkedtek. J\u00e9zus odament hozz\u00e1juk, \u00e9s ezt mondta nekik: \u201e\u00c9n kaptam meg minden hatalmat az \u00e9gen \u00e9s a f\u00f6ld\u00f6n. Ez\u00e9rt most menjetek el, \u00e9s tegyetek tan\u00edtv\u00e1nyomm\u00e1 minden nemzetet! Keresztelj\u00e9tek meg \u0151ket az Atya, a Fi\u00fa \u00e9s a Szentl\u00e9lek nev\u00e9ben! Tan\u00edts\u00e1tok meg \u0151ket mindannak megtart\u00e1s\u00e1ra, amit parancsoltam nektek! \u00c9s \u00edme, \u00e9n veletek vagyok mindennap a vil\u00e1g v\u00e9g\u00e9ig!\u201d<br \/>\nEzek az evang\u00e9lium ig\u00e9i.<\/p>\n<p><span style=\"color: #ff6600;\">EGYETEMES K\u00d6NY\u00d6RG\u00c9SEK<\/span><br \/>\nPap: Testv\u00e9reim! A mennyei Atya gyermekei, a Fi\u00fa testv\u00e9rei \u00e9s a Szentl\u00e9lek templomai vagyunk! K\u00e9rj\u00fck az Aty\u00e1t a Fi\u00fa \u00e1ltal a Szentl\u00e9lekben, hogy seg\u00edtse h\u00edv\u0151 n\u00e9p\u00e9t!<br \/>\nLektor:<br \/>\n1. A Szenth\u00e1roms\u00e1g egy Istent dics\u0151\u00edts\u00e9k \u00e9let\u00fckkel az Atya, a Fi\u00fa \u00e9s a Szentl\u00e9lek nev\u00e9ben megkeresztelt emberek!<br \/>\nH\u00edvek: K\u00e9r\u00fcnk t\u00e9ged, hallgass meg minket!<br \/>\n2. A Szenth\u00e1roms\u00e1g egys\u00e9g\u00e9nek titka vezesse a hit \u00e9s szeretet egys\u00e9g\u00e9re az eg\u00e9sz kereszt\u00e9ny vil\u00e1got!<br \/>\nH\u00edvek: K\u00e9r\u00fcnk t\u00e9ged . . .<br \/>\n3. A Szenth\u00e1roms\u00e1g ki\u00e1rad\u00f3 szeretete vezessen minden embert az Evang\u00e9lium vil\u00e1goss\u00e1g\u00e1ra!<br \/>\nH\u00edvek: K\u00e9r\u00fcnk t\u00e9ged . . .<br \/>\n4. A Szenth\u00e1roms\u00e1g egys\u00e9ge \u00e9s b\u00e9k\u00e9je uralkodj\u00e9k a n\u00e9pek \u00e9s vezet\u0151ik sz\u00edv\u00e9ben!<br \/>\nH\u00edvek: K\u00e9r\u00fcnk t\u00e9ged . . .<br \/>\n5. Az Atya hatalma, a Fi\u00fa b\u00f6lcsess\u00e9ge \u00e9s a Szentl\u00e9lek kegyelme \u0151rizze meg csal\u00e1djaink egys\u00e9g\u00e9t \u00e9s boldogs\u00e1g\u00e1t!<br \/>\nH\u00edvek: K\u00e9r\u00fcnk t\u00e9ged . . .<br \/>\nPap: Mindenhat\u00f3, \u00f6r\u00f6k Isten, engedd, hogy akik a kereszts\u00e9gben gyermekeid lett\u00fcnk, kegyelmeddel a Szenth\u00e1roms\u00e1g boldog\u00edt\u00f3 l\u00e1t\u00e1s\u00e1ra eljussunk. Krisztus, a mi Urunk \u00e1ltal.<br \/>\nH\u00edvek: \u00c1men.<\/p>\n<p><span style=\"color: #ff6600;\">Felaj\u00e1nl\u00f3 k\u00f6ny\u00f6rg\u00e9s:<\/span><br \/>\nK\u00e9r\u00fcnk, Urunk, Isten\u00fcnk, neved seg\u00edts\u00e9g\u00fcl h\u00edv\u00e1sa \u00e1ltal szenteld meg felaj\u00e1nlott adom\u00e1nyainkat, \u00e9s t\u00e9gy minket \u00e1ltaluk neked szentelt \u00f6r\u00f6k \u00e1ldozatt\u00e1. Krisztus, a mi Urunk \u00e1ltal.<\/p>\n<p><span style=\"color: #ff6600;\">Pref\u00e1ci\u00f3:<\/span><br \/>\nAz \u00dar legyen veletek.<br \/>\nH.: \u00c9s a te lelkeddel.<br \/>\nEmelj\u00fck f\u00f6l sz\u00edv\u00fcnket.<br \/>\nH.: F\u00f6lemelt\u00fck az \u00darhoz.<br \/>\nAdjunk h\u00e1l\u00e1t Urunknak, Isten\u00fcnknek.<br \/>\nH.: M\u00e9lt\u00f3 \u00e9s igazs\u00e1gos.<br \/>\n(Mert) Val\u00f3ban m\u00e9lt\u00f3 \u00e9s igazs\u00e1gos, ill\u0151 \u00e9s \u00fcdv\u00f6s, hogy mindig \u00e9s minden\u00fctt h\u00e1l\u00e1t adjunk neked, \u2013 mi Urunk, szents\u00e9ges ATy\u00e1nk, mindenhat\u00f3, \u00f6r\u00f6k Isten:<br \/>\nTe egysz\u00fcl\u00f6tt Fiaddal \u00e9s a Szentl\u00e9lekkel egy\u00fctt egy Isten \u00e9s egy \u00dar vagy, nem szem\u00e9ly szerint val\u00f3 egys\u00e9gben, \u2013 hanem h\u00e1rom SZEm\u00e9lyben \u00e9s m\u00e9gis egyetlen l\u00e9nyegben.<br \/>\n\u00cdgy, amit isteni szavadra dics\u0151s\u00e9gedr\u0151l hittel vallunk, azt Fiadr\u00f3l is \u00e1ll\u00edtjuk, a Szentl\u00e9lekr\u0151l is hirdetj\u00fck minden k\u00fcl\u00f6nbs\u00e9gt\u00e9tel n\u00e9lk\u00fcl.<br \/>\nAz igaz \u00e9s \u00f6r\u00f6k istens\u00e9get \u00fagy valljuk, hogy h\u00e1rom k\u00fcl\u00f6nb\u00f6z\u0151 Szem\u00e9lyt im\u00e1dunk benne \u2013 egyetlen l\u00e9nyegben \u00e9s egyetlen fens\u00e9gben.<br \/>\nEzt dics\u0151\u00edtik az angyalok \u00e9s f\u0151angyalok, a kerub- \u00e9s szer\u00e1fk\u00f3rusok, \u2013 kik \u00f6r\u00f6kk\u00e9 \u00e9neklik, \u00e9s egy\u00fctt zengik (mondj\u00e1k):<\/p>\n<p><span style=\"color: #ff6600;\">\u00c1ldoz\u00e1si \u00e9nek:<\/span><br \/>\nMivel pedig fiak vagytok, Isten elk\u00fcldte Fi\u00e1nak Lelk\u00e9t sz\u00edvetekbe, aki ezt ki\u00e1ltja: Abba, Atya! (Gal 4,6)<\/p>\n<p><span style=\"color: #ff6600;\">\u00c1ldoz\u00e1s ut\u00e1ni k\u00f6ny\u00f6rg\u00e9s:<\/span><br \/>\nUrunk, Isten\u00fcnk, e szents\u00e9g v\u00e9tele, \u00e9s az \u00f6r\u00f6kk\u00e9val\u00f3, egy \u00e9s oszthatatlan Szenth\u00e1roms\u00e1g megvall\u00e1sa szolg\u00e1ljon test\u00fcnk \u00e9s lelk\u00fcnk \u00fcdv\u00f6ss\u00e9g\u00e9re. Krisztus, a mi Urunk \u00e1ltal.<\/p>\n<p><em>(K\u00e9p forr\u00e1sa: M\u00e1travereb\u00e9ly-Szentk\u00fat, Nemzeti Kegyhely)<\/em><\/p>\n","protected":false},"excerpt":{"rendered":"<p>P\u00fcnk\u00f6sd ut\u00e1ni els\u0151 vas\u00e1rnap Szenth\u00e1roms\u00e1g vas\u00e1rnapja. Kereszt\u00e9ny hit\u00fcnk egyik legm\u00e9lyebb \u00e9s egyben legcsod\u00e1latosabb titk\u00e1ba enged betekint\u00e9st nyern\u00fcnk. A h\u00edv\u0151 embert foglalkoztat\u00f3 k\u00e9rd\u00e9sek sokas\u00e1ga ez. Ki az Isten? Milyen az Isten? Egy\u00e1ltal\u00e1n, megismerhetem \u0150t? Amikor ezeket a k\u00e9rd\u00e9seket megfogalmazom \u00e9s egyben v\u00e1laszolni is szeretn\u00e9k r\u00e1, nem szabad elfelednem, hogy el\u0151sz\u00f6r is abb\u00f3l kell kiindulnom, ki vagyok voltak\u00e9ppen \u00e9n magam. \u00d6nismeretem m\u00e9lys\u00e9ge a felt\u00e9tele \u00e9s biztos\u00edt\u00e9ka a h\u00e1rom szem\u00e9ly\u0171 egy Isten bens\u0151 \u00e9let\u00e9nek megismer\u00e9s\u00e9hez. \u00cdgy van ez k\u00fcl\u00f6nben emberi kapcsolatainkat is tekintve. M\u00e1sr\u00e9szt nem szabad elfelednem, a m\u00e1sik emberr\u0151l annyit tudhatok meg, amennyit \u0151 megmutat saj\u00e1t mag\u00e1b\u00f3l.\u00a0 A megismer\u00e9sben k\u00e9t utat v\u00e1laszthatunk: az \u00e9rtelem, a r\u00e1ci\u00f3 \u00e9s a sz\u00edv, az \u00e9rzelem \u00fatj\u00e1t. A k\u00e9p \u00f6nmag\u00e1\u00e9rt besz\u00e9l: az \u00e9desanya, vagy az \u00e9desapa amikor \u00f6l\u00e9be veszi \u00fajsz\u00fcl\u00f6tt gyermek\u00e9t, sohasem az \u00e9rtelem \u00fatj\u00e1t v\u00e1lasztja, hanem a sz\u00edv, az \u00e9rzelem \u00fatj\u00e1t. \u00c9ppen \u00e9rzelmein, sz\u00edv\u00e9n kereszt\u00fcl szerzi meg gyermek\u00e9vel kapcsolatosan els\u0151 ismereteit. Nagyon helyesen, ott \u00e9s akkor mennyi mindent &#8222;belel\u00e1t&#8221; m\u00e1r szerelme &#8222;gy\u00fcm\u00f6lcs\u00e9be&#8221;. Ford\u00edtva is igaz, a gyermek sz\u00fclein kereszt\u00fcl ismeri meg a vil\u00e1got, ker\u00fcl kapcsolatba embert\u00e1rsaival. V\u00e9gs\u0151 soron rajtuk kereszt\u00fcl ismeri meg az Istent. Azt\u00e1n id\u0151vel az \u00e9rzelmi megismer\u00e9s \u00fatj\u00e1t kieg\u00e9sz\u00edtheti az \u00e9rtelmi megismer\u00e9s \u00fatj\u00e1val.\u00a0 Kereszt\u00e9ny \u00e9let\u00fcnk \u00f6r\u00f6me \u00e9s boldogs\u00e1ga, hogy az Atya gyermekei, a Fi\u00fa testv\u00e9rei \u00e9s a Szentl\u00e9lek templomai vagyunk. Nincs is m\u00e1s \u00e9lethivat\u00e1sunk, mint ezen nemes hivat\u00e1sra \u00e9s k\u00fcldet\u00e9sre \u00e9let\u00fcnk igenj\u00e9vel v\u00e1laszolni. Ez az igazi \u00f6r\u00f6m \u00e9s boldogs\u00e1g. Az olvasm\u00e1nyban M\u00f3zes b\u00e1tor\u00edt\u00f3 szavai hallhatjuk: &#8222;Kutasd a r\u00e9gi id\u0151ket&#8230; \u00e9s v\u00e9sd a sz\u00edvedbe&#8230;&#8221; T\u00f6rt\u00e9nelmi m\u00faltunk ismerete meger\u0151s\u00edt abban a felismer\u00e9sben, hogy Isten\u00fcnk szeret \u00e9s gondoskodik r\u00f3lunk. \u00c9let\u00fcnk az \u0150 tenyer\u00e9ben van elrejtve. A szentlecke is ugyan\u00fagy ebben a felismer\u00e9sben szeretne meger\u0151s\u00edteni. Szabads\u00e1gra sz\u00fclett\u00fcnk, \u00e9s \u0150t, mennyei Aty\u00e1nkat &#8222;Abba, Atya!&#8221; sz\u00f3l\u00edthatjuk meg. Itt \u00fajb\u00f3l szeml\u00e9lhetem \u00e9desany\u00e1mhoz \u00e9s \u00e9desap\u00e1mhoz val\u00f3 k\u00f6t\u0151d\u00e9semet, kapcsol\u00f3d\u00e1somat. Azt a szabads\u00e1g\u00e9rz\u00e9st, amelyet nekik k\u00f6sz\u00f6nhetek! Az evang\u00e9liumi r\u00e9sz egy\u00e9rtelm\u0171en \u00fczeni, hogy az Egyh\u00e1z&#8230; <\/p>\n<p><a class=\"readmore\" href=\"https:\/\/stuttgarti-katolikusok.de\/index.php\/szentharomsag-vasarnap\/\">R\u00e9szletek<\/a><\/p>\n","protected":false},"author":3,"featured_media":28967,"comment_status":"closed","ping_status":"closed","sticky":false,"template":"","format":"standard","meta":{"footnotes":""},"categories":[85,63],"tags":[],"class_list":["post-28966","post","type-post","status-publish","format-standard","has-post-thumbnail","hentry","category-a-liturgia-olvasmanyai","category-vasarnapi-gondolatok"],"yoast_head":"<!-- This site is optimized with the Yoast SEO plugin v27.3 - https:\/\/yoast.com\/product\/yoast-seo-wordpress\/ -->\n<title>Szenth\u00e1roms\u00e1g vas\u00e1rnapja - Stuttgarti Katolikusok<\/title>\n<meta name=\"robots\" content=\"index, follow, max-snippet:-1, max-image-preview:large, max-video-preview:-1\" \/>\n<link rel=\"canonical\" href=\"https:\/\/stuttgarti-katolikusok.de\/index.php\/szentharomsag-vasarnap\/\" \/>\n<meta property=\"og:locale\" content=\"hu_HU\" \/>\n<meta property=\"og:type\" content=\"article\" \/>\n<meta property=\"og:title\" content=\"Szenth\u00e1roms\u00e1g vas\u00e1rnapja - Stuttgarti Katolikusok\" \/>\n<meta property=\"og:description\" content=\"P\u00fcnk\u00f6sd ut\u00e1ni els\u0151 vas\u00e1rnap Szenth\u00e1roms\u00e1g vas\u00e1rnapja. Kereszt\u00e9ny hit\u00fcnk egyik legm\u00e9lyebb \u00e9s egyben legcsod\u00e1latosabb titk\u00e1ba enged betekint\u00e9st nyern\u00fcnk. A h\u00edv\u0151 embert foglalkoztat\u00f3 k\u00e9rd\u00e9sek sokas\u00e1ga ez. Ki az Isten? Milyen az Isten? Egy\u00e1ltal\u00e1n, megismerhetem \u0150t? Amikor ezeket a k\u00e9rd\u00e9seket megfogalmazom \u00e9s egyben v\u00e1laszolni is szeretn\u00e9k r\u00e1, nem szabad elfelednem, hogy el\u0151sz\u00f6r is abb\u00f3l kell kiindulnom, ki vagyok voltak\u00e9ppen \u00e9n magam. \u00d6nismeretem m\u00e9lys\u00e9ge a felt\u00e9tele \u00e9s biztos\u00edt\u00e9ka a h\u00e1rom szem\u00e9ly\u0171 egy Isten bens\u0151 \u00e9let\u00e9nek megismer\u00e9s\u00e9hez. \u00cdgy van ez k\u00fcl\u00f6nben emberi kapcsolatainkat is tekintve. M\u00e1sr\u00e9szt nem szabad elfelednem, a m\u00e1sik emberr\u0151l annyit tudhatok meg, amennyit \u0151 megmutat saj\u00e1t mag\u00e1b\u00f3l.\u00a0 A megismer\u00e9sben k\u00e9t utat v\u00e1laszthatunk: az \u00e9rtelem, a r\u00e1ci\u00f3 \u00e9s a sz\u00edv, az \u00e9rzelem \u00fatj\u00e1t. A k\u00e9p \u00f6nmag\u00e1\u00e9rt besz\u00e9l: az \u00e9desanya, vagy az \u00e9desapa amikor \u00f6l\u00e9be veszi \u00fajsz\u00fcl\u00f6tt gyermek\u00e9t, sohasem az \u00e9rtelem \u00fatj\u00e1t v\u00e1lasztja, hanem a sz\u00edv, az \u00e9rzelem \u00fatj\u00e1t. \u00c9ppen \u00e9rzelmein, sz\u00edv\u00e9n kereszt\u00fcl szerzi meg gyermek\u00e9vel kapcsolatosan els\u0151 ismereteit. Nagyon helyesen, ott \u00e9s akkor mennyi mindent &#8222;belel\u00e1t&#8221; m\u00e1r szerelme &#8222;gy\u00fcm\u00f6lcs\u00e9be&#8221;. Ford\u00edtva is igaz, a gyermek sz\u00fclein kereszt\u00fcl ismeri meg a vil\u00e1got, ker\u00fcl kapcsolatba embert\u00e1rsaival. V\u00e9gs\u0151 soron rajtuk kereszt\u00fcl ismeri meg az Istent. Azt\u00e1n id\u0151vel az \u00e9rzelmi megismer\u00e9s \u00fatj\u00e1t kieg\u00e9sz\u00edtheti az \u00e9rtelmi megismer\u00e9s \u00fatj\u00e1val.\u00a0 Kereszt\u00e9ny \u00e9let\u00fcnk \u00f6r\u00f6me \u00e9s boldogs\u00e1ga, hogy az Atya gyermekei, a Fi\u00fa testv\u00e9rei \u00e9s a Szentl\u00e9lek templomai vagyunk. Nincs is m\u00e1s \u00e9lethivat\u00e1sunk, mint ezen nemes hivat\u00e1sra \u00e9s k\u00fcldet\u00e9sre \u00e9let\u00fcnk igenj\u00e9vel v\u00e1laszolni. Ez az igazi \u00f6r\u00f6m \u00e9s boldogs\u00e1g. Az olvasm\u00e1nyban M\u00f3zes b\u00e1tor\u00edt\u00f3 szavai hallhatjuk: &#8222;Kutasd a r\u00e9gi id\u0151ket&#8230; \u00e9s v\u00e9sd a sz\u00edvedbe&#8230;&#8221; T\u00f6rt\u00e9nelmi m\u00faltunk ismerete meger\u0151s\u00edt abban a felismer\u00e9sben, hogy Isten\u00fcnk szeret \u00e9s gondoskodik r\u00f3lunk. \u00c9let\u00fcnk az \u0150 tenyer\u00e9ben van elrejtve. A szentlecke is ugyan\u00fagy ebben a felismer\u00e9sben szeretne meger\u0151s\u00edteni. Szabads\u00e1gra sz\u00fclett\u00fcnk, \u00e9s \u0150t, mennyei Aty\u00e1nkat &#8222;Abba, Atya!&#8221; sz\u00f3l\u00edthatjuk meg. Itt \u00fajb\u00f3l szeml\u00e9lhetem \u00e9desany\u00e1mhoz \u00e9s \u00e9desap\u00e1mhoz val\u00f3 k\u00f6t\u0151d\u00e9semet, kapcsol\u00f3d\u00e1somat. Azt a szabads\u00e1g\u00e9rz\u00e9st, amelyet nekik k\u00f6sz\u00f6nhetek! Az evang\u00e9liumi r\u00e9sz egy\u00e9rtelm\u0171en \u00fczeni, hogy az Egyh\u00e1z... R\u00e9szletek\" \/>\n<meta property=\"og:url\" content=\"https:\/\/stuttgarti-katolikusok.de\/index.php\/szentharomsag-vasarnap\/\" \/>\n<meta property=\"og:site_name\" content=\"Stuttgarti Katolikusok\" \/>\n<meta property=\"article:published_time\" content=\"2024-05-25T09:19:16+00:00\" \/>\n<meta property=\"article:modified_time\" content=\"2024-05-25T09:19:46+00:00\" \/>\n<meta property=\"og:image\" content=\"https:\/\/stuttgarti-katolikusok.de\/wp-content\/uploads\/2024\/05\/matraverebely-szentkut.jpg\" \/>\n\t<meta property=\"og:image:width\" content=\"1386\" \/>\n\t<meta property=\"og:image:height\" content=\"924\" \/>\n\t<meta property=\"og:image:type\" content=\"image\/jpeg\" \/>\n<meta name=\"author\" content=\"Tibor atya\" \/>\n<meta name=\"twitter:card\" content=\"summary_large_image\" \/>\n<meta name=\"twitter:label1\" content=\"Szerz\u0151:\" \/>\n\t<meta name=\"twitter:data1\" content=\"Tibor atya\" \/>\n\t<meta name=\"twitter:label2\" content=\"Becs\u00fclt olvas\u00e1si id\u0151\" \/>\n\t<meta name=\"twitter:data2\" content=\"8 perc\" \/>\n<script type=\"application\/ld+json\" class=\"yoast-schema-graph\">{\"@context\":\"https:\\\/\\\/schema.org\",\"@graph\":[{\"@type\":\"Article\",\"@id\":\"https:\\\/\\\/stuttgarti-katolikusok.de\\\/index.php\\\/szentharomsag-vasarnap\\\/#article\",\"isPartOf\":{\"@id\":\"https:\\\/\\\/stuttgarti-katolikusok.de\\\/index.php\\\/szentharomsag-vasarnap\\\/\"},\"author\":{\"name\":\"Tibor atya\",\"@id\":\"https:\\\/\\\/stuttgarti-katolikusok.de\\\/#\\\/schema\\\/person\\\/75908d6f8fdc03a57889d27209df7795\"},\"headline\":\"Szenth\u00e1roms\u00e1g vas\u00e1rnapja\",\"datePublished\":\"2024-05-25T09:19:16+00:00\",\"dateModified\":\"2024-05-25T09:19:46+00:00\",\"mainEntityOfPage\":{\"@id\":\"https:\\\/\\\/stuttgarti-katolikusok.de\\\/index.php\\\/szentharomsag-vasarnap\\\/\"},\"wordCount\":1832,\"image\":{\"@id\":\"https:\\\/\\\/stuttgarti-katolikusok.de\\\/index.php\\\/szentharomsag-vasarnap\\\/#primaryimage\"},\"thumbnailUrl\":\"https:\\\/\\\/stuttgarti-katolikusok.de\\\/wp-content\\\/uploads\\\/2024\\\/05\\\/matraverebely-szentkut.jpg\",\"articleSection\":[\"A liturgia olvasm\u00e1nyai\",\"Vas\u00e1rnapi gondolatok\"],\"inLanguage\":\"hu\"},{\"@type\":\"WebPage\",\"@id\":\"https:\\\/\\\/stuttgarti-katolikusok.de\\\/index.php\\\/szentharomsag-vasarnap\\\/\",\"url\":\"https:\\\/\\\/stuttgarti-katolikusok.de\\\/index.php\\\/szentharomsag-vasarnap\\\/\",\"name\":\"Szenth\u00e1roms\u00e1g vas\u00e1rnapja - Stuttgarti Katolikusok\",\"isPartOf\":{\"@id\":\"https:\\\/\\\/stuttgarti-katolikusok.de\\\/#website\"},\"primaryImageOfPage\":{\"@id\":\"https:\\\/\\\/stuttgarti-katolikusok.de\\\/index.php\\\/szentharomsag-vasarnap\\\/#primaryimage\"},\"image\":{\"@id\":\"https:\\\/\\\/stuttgarti-katolikusok.de\\\/index.php\\\/szentharomsag-vasarnap\\\/#primaryimage\"},\"thumbnailUrl\":\"https:\\\/\\\/stuttgarti-katolikusok.de\\\/wp-content\\\/uploads\\\/2024\\\/05\\\/matraverebely-szentkut.jpg\",\"datePublished\":\"2024-05-25T09:19:16+00:00\",\"dateModified\":\"2024-05-25T09:19:46+00:00\",\"author\":{\"@id\":\"https:\\\/\\\/stuttgarti-katolikusok.de\\\/#\\\/schema\\\/person\\\/75908d6f8fdc03a57889d27209df7795\"},\"breadcrumb\":{\"@id\":\"https:\\\/\\\/stuttgarti-katolikusok.de\\\/index.php\\\/szentharomsag-vasarnap\\\/#breadcrumb\"},\"inLanguage\":\"hu\",\"potentialAction\":[{\"@type\":\"ReadAction\",\"target\":[\"https:\\\/\\\/stuttgarti-katolikusok.de\\\/index.php\\\/szentharomsag-vasarnap\\\/\"]}]},{\"@type\":\"ImageObject\",\"inLanguage\":\"hu\",\"@id\":\"https:\\\/\\\/stuttgarti-katolikusok.de\\\/index.php\\\/szentharomsag-vasarnap\\\/#primaryimage\",\"url\":\"https:\\\/\\\/stuttgarti-katolikusok.de\\\/wp-content\\\/uploads\\\/2024\\\/05\\\/matraverebely-szentkut.jpg\",\"contentUrl\":\"https:\\\/\\\/stuttgarti-katolikusok.de\\\/wp-content\\\/uploads\\\/2024\\\/05\\\/matraverebely-szentkut.jpg\",\"width\":1386,\"height\":924},{\"@type\":\"BreadcrumbList\",\"@id\":\"https:\\\/\\\/stuttgarti-katolikusok.de\\\/index.php\\\/szentharomsag-vasarnap\\\/#breadcrumb\",\"itemListElement\":[{\"@type\":\"ListItem\",\"position\":1,\"name\":\"Kezd\u0151lap\",\"item\":\"https:\\\/\\\/stuttgarti-katolikusok.de\\\/\"},{\"@type\":\"ListItem\",\"position\":2,\"name\":\"Szenth\u00e1roms\u00e1g vas\u00e1rnapja\"}]},{\"@type\":\"WebSite\",\"@id\":\"https:\\\/\\\/stuttgarti-katolikusok.de\\\/#website\",\"url\":\"https:\\\/\\\/stuttgarti-katolikusok.de\\\/\",\"name\":\"Stuttgarti Katolikusok\",\"description\":\"\",\"potentialAction\":[{\"@type\":\"SearchAction\",\"target\":{\"@type\":\"EntryPoint\",\"urlTemplate\":\"https:\\\/\\\/stuttgarti-katolikusok.de\\\/?s={search_term_string}\"},\"query-input\":{\"@type\":\"PropertyValueSpecification\",\"valueRequired\":true,\"valueName\":\"search_term_string\"}}],\"inLanguage\":\"hu\"},{\"@type\":\"Person\",\"@id\":\"https:\\\/\\\/stuttgarti-katolikusok.de\\\/#\\\/schema\\\/person\\\/75908d6f8fdc03a57889d27209df7795\",\"name\":\"Tibor atya\",\"image\":{\"@type\":\"ImageObject\",\"inLanguage\":\"hu\",\"@id\":\"https:\\\/\\\/secure.gravatar.com\\\/avatar\\\/61d268e57d1f4525b111222e29d2d5a7f8c420fdbf231ba5566a8ceac74fa960?s=96&d=mm&r=g\",\"url\":\"https:\\\/\\\/secure.gravatar.com\\\/avatar\\\/61d268e57d1f4525b111222e29d2d5a7f8c420fdbf231ba5566a8ceac74fa960?s=96&d=mm&r=g\",\"contentUrl\":\"https:\\\/\\\/secure.gravatar.com\\\/avatar\\\/61d268e57d1f4525b111222e29d2d5a7f8c420fdbf231ba5566a8ceac74fa960?s=96&d=mm&r=g\",\"caption\":\"Tibor atya\"},\"url\":\"https:\\\/\\\/stuttgarti-katolikusok.de\\\/index.php\\\/author\\\/tibor-atya\\\/\"}]}<\/script>\n<!-- \/ Yoast SEO plugin. -->","yoast_head_json":{"title":"Szenth\u00e1roms\u00e1g vas\u00e1rnapja - Stuttgarti Katolikusok","robots":{"index":"index","follow":"follow","max-snippet":"max-snippet:-1","max-image-preview":"max-image-preview:large","max-video-preview":"max-video-preview:-1"},"canonical":"https:\/\/stuttgarti-katolikusok.de\/index.php\/szentharomsag-vasarnap\/","og_locale":"hu_HU","og_type":"article","og_title":"Szenth\u00e1roms\u00e1g vas\u00e1rnapja - Stuttgarti Katolikusok","og_description":"P\u00fcnk\u00f6sd ut\u00e1ni els\u0151 vas\u00e1rnap Szenth\u00e1roms\u00e1g vas\u00e1rnapja. Kereszt\u00e9ny hit\u00fcnk egyik legm\u00e9lyebb \u00e9s egyben legcsod\u00e1latosabb titk\u00e1ba enged betekint\u00e9st nyern\u00fcnk. A h\u00edv\u0151 embert foglalkoztat\u00f3 k\u00e9rd\u00e9sek sokas\u00e1ga ez. Ki az Isten? Milyen az Isten? Egy\u00e1ltal\u00e1n, megismerhetem \u0150t? Amikor ezeket a k\u00e9rd\u00e9seket megfogalmazom \u00e9s egyben v\u00e1laszolni is szeretn\u00e9k r\u00e1, nem szabad elfelednem, hogy el\u0151sz\u00f6r is abb\u00f3l kell kiindulnom, ki vagyok voltak\u00e9ppen \u00e9n magam. \u00d6nismeretem m\u00e9lys\u00e9ge a felt\u00e9tele \u00e9s biztos\u00edt\u00e9ka a h\u00e1rom szem\u00e9ly\u0171 egy Isten bens\u0151 \u00e9let\u00e9nek megismer\u00e9s\u00e9hez. \u00cdgy van ez k\u00fcl\u00f6nben emberi kapcsolatainkat is tekintve. M\u00e1sr\u00e9szt nem szabad elfelednem, a m\u00e1sik emberr\u0151l annyit tudhatok meg, amennyit \u0151 megmutat saj\u00e1t mag\u00e1b\u00f3l.\u00a0 A megismer\u00e9sben k\u00e9t utat v\u00e1laszthatunk: az \u00e9rtelem, a r\u00e1ci\u00f3 \u00e9s a sz\u00edv, az \u00e9rzelem \u00fatj\u00e1t. A k\u00e9p \u00f6nmag\u00e1\u00e9rt besz\u00e9l: az \u00e9desanya, vagy az \u00e9desapa amikor \u00f6l\u00e9be veszi \u00fajsz\u00fcl\u00f6tt gyermek\u00e9t, sohasem az \u00e9rtelem \u00fatj\u00e1t v\u00e1lasztja, hanem a sz\u00edv, az \u00e9rzelem \u00fatj\u00e1t. \u00c9ppen \u00e9rzelmein, sz\u00edv\u00e9n kereszt\u00fcl szerzi meg gyermek\u00e9vel kapcsolatosan els\u0151 ismereteit. Nagyon helyesen, ott \u00e9s akkor mennyi mindent &#8222;belel\u00e1t&#8221; m\u00e1r szerelme &#8222;gy\u00fcm\u00f6lcs\u00e9be&#8221;. Ford\u00edtva is igaz, a gyermek sz\u00fclein kereszt\u00fcl ismeri meg a vil\u00e1got, ker\u00fcl kapcsolatba embert\u00e1rsaival. V\u00e9gs\u0151 soron rajtuk kereszt\u00fcl ismeri meg az Istent. Azt\u00e1n id\u0151vel az \u00e9rzelmi megismer\u00e9s \u00fatj\u00e1t kieg\u00e9sz\u00edtheti az \u00e9rtelmi megismer\u00e9s \u00fatj\u00e1val.\u00a0 Kereszt\u00e9ny \u00e9let\u00fcnk \u00f6r\u00f6me \u00e9s boldogs\u00e1ga, hogy az Atya gyermekei, a Fi\u00fa testv\u00e9rei \u00e9s a Szentl\u00e9lek templomai vagyunk. Nincs is m\u00e1s \u00e9lethivat\u00e1sunk, mint ezen nemes hivat\u00e1sra \u00e9s k\u00fcldet\u00e9sre \u00e9let\u00fcnk igenj\u00e9vel v\u00e1laszolni. Ez az igazi \u00f6r\u00f6m \u00e9s boldogs\u00e1g. Az olvasm\u00e1nyban M\u00f3zes b\u00e1tor\u00edt\u00f3 szavai hallhatjuk: &#8222;Kutasd a r\u00e9gi id\u0151ket&#8230; \u00e9s v\u00e9sd a sz\u00edvedbe&#8230;&#8221; T\u00f6rt\u00e9nelmi m\u00faltunk ismerete meger\u0151s\u00edt abban a felismer\u00e9sben, hogy Isten\u00fcnk szeret \u00e9s gondoskodik r\u00f3lunk. \u00c9let\u00fcnk az \u0150 tenyer\u00e9ben van elrejtve. A szentlecke is ugyan\u00fagy ebben a felismer\u00e9sben szeretne meger\u0151s\u00edteni. Szabads\u00e1gra sz\u00fclett\u00fcnk, \u00e9s \u0150t, mennyei Aty\u00e1nkat &#8222;Abba, Atya!&#8221; sz\u00f3l\u00edthatjuk meg. Itt \u00fajb\u00f3l szeml\u00e9lhetem \u00e9desany\u00e1mhoz \u00e9s \u00e9desap\u00e1mhoz val\u00f3 k\u00f6t\u0151d\u00e9semet, kapcsol\u00f3d\u00e1somat. Azt a szabads\u00e1g\u00e9rz\u00e9st, amelyet nekik k\u00f6sz\u00f6nhetek! Az evang\u00e9liumi r\u00e9sz egy\u00e9rtelm\u0171en \u00fczeni, hogy az Egyh\u00e1z... R\u00e9szletek","og_url":"https:\/\/stuttgarti-katolikusok.de\/index.php\/szentharomsag-vasarnap\/","og_site_name":"Stuttgarti Katolikusok","article_published_time":"2024-05-25T09:19:16+00:00","article_modified_time":"2024-05-25T09:19:46+00:00","og_image":[{"width":1386,"height":924,"url":"https:\/\/stuttgarti-katolikusok.de\/wp-content\/uploads\/2024\/05\/matraverebely-szentkut.jpg","type":"image\/jpeg"}],"author":"Tibor atya","twitter_card":"summary_large_image","twitter_misc":{"Szerz\u0151:":"Tibor atya","Becs\u00fclt olvas\u00e1si id\u0151":"8 perc"},"schema":{"@context":"https:\/\/schema.org","@graph":[{"@type":"Article","@id":"https:\/\/stuttgarti-katolikusok.de\/index.php\/szentharomsag-vasarnap\/#article","isPartOf":{"@id":"https:\/\/stuttgarti-katolikusok.de\/index.php\/szentharomsag-vasarnap\/"},"author":{"name":"Tibor atya","@id":"https:\/\/stuttgarti-katolikusok.de\/#\/schema\/person\/75908d6f8fdc03a57889d27209df7795"},"headline":"Szenth\u00e1roms\u00e1g vas\u00e1rnapja","datePublished":"2024-05-25T09:19:16+00:00","dateModified":"2024-05-25T09:19:46+00:00","mainEntityOfPage":{"@id":"https:\/\/stuttgarti-katolikusok.de\/index.php\/szentharomsag-vasarnap\/"},"wordCount":1832,"image":{"@id":"https:\/\/stuttgarti-katolikusok.de\/index.php\/szentharomsag-vasarnap\/#primaryimage"},"thumbnailUrl":"https:\/\/stuttgarti-katolikusok.de\/wp-content\/uploads\/2024\/05\/matraverebely-szentkut.jpg","articleSection":["A liturgia olvasm\u00e1nyai","Vas\u00e1rnapi gondolatok"],"inLanguage":"hu"},{"@type":"WebPage","@id":"https:\/\/stuttgarti-katolikusok.de\/index.php\/szentharomsag-vasarnap\/","url":"https:\/\/stuttgarti-katolikusok.de\/index.php\/szentharomsag-vasarnap\/","name":"Szenth\u00e1roms\u00e1g vas\u00e1rnapja - Stuttgarti Katolikusok","isPartOf":{"@id":"https:\/\/stuttgarti-katolikusok.de\/#website"},"primaryImageOfPage":{"@id":"https:\/\/stuttgarti-katolikusok.de\/index.php\/szentharomsag-vasarnap\/#primaryimage"},"image":{"@id":"https:\/\/stuttgarti-katolikusok.de\/index.php\/szentharomsag-vasarnap\/#primaryimage"},"thumbnailUrl":"https:\/\/stuttgarti-katolikusok.de\/wp-content\/uploads\/2024\/05\/matraverebely-szentkut.jpg","datePublished":"2024-05-25T09:19:16+00:00","dateModified":"2024-05-25T09:19:46+00:00","author":{"@id":"https:\/\/stuttgarti-katolikusok.de\/#\/schema\/person\/75908d6f8fdc03a57889d27209df7795"},"breadcrumb":{"@id":"https:\/\/stuttgarti-katolikusok.de\/index.php\/szentharomsag-vasarnap\/#breadcrumb"},"inLanguage":"hu","potentialAction":[{"@type":"ReadAction","target":["https:\/\/stuttgarti-katolikusok.de\/index.php\/szentharomsag-vasarnap\/"]}]},{"@type":"ImageObject","inLanguage":"hu","@id":"https:\/\/stuttgarti-katolikusok.de\/index.php\/szentharomsag-vasarnap\/#primaryimage","url":"https:\/\/stuttgarti-katolikusok.de\/wp-content\/uploads\/2024\/05\/matraverebely-szentkut.jpg","contentUrl":"https:\/\/stuttgarti-katolikusok.de\/wp-content\/uploads\/2024\/05\/matraverebely-szentkut.jpg","width":1386,"height":924},{"@type":"BreadcrumbList","@id":"https:\/\/stuttgarti-katolikusok.de\/index.php\/szentharomsag-vasarnap\/#breadcrumb","itemListElement":[{"@type":"ListItem","position":1,"name":"Kezd\u0151lap","item":"https:\/\/stuttgarti-katolikusok.de\/"},{"@type":"ListItem","position":2,"name":"Szenth\u00e1roms\u00e1g vas\u00e1rnapja"}]},{"@type":"WebSite","@id":"https:\/\/stuttgarti-katolikusok.de\/#website","url":"https:\/\/stuttgarti-katolikusok.de\/","name":"Stuttgarti Katolikusok","description":"","potentialAction":[{"@type":"SearchAction","target":{"@type":"EntryPoint","urlTemplate":"https:\/\/stuttgarti-katolikusok.de\/?s={search_term_string}"},"query-input":{"@type":"PropertyValueSpecification","valueRequired":true,"valueName":"search_term_string"}}],"inLanguage":"hu"},{"@type":"Person","@id":"https:\/\/stuttgarti-katolikusok.de\/#\/schema\/person\/75908d6f8fdc03a57889d27209df7795","name":"Tibor atya","image":{"@type":"ImageObject","inLanguage":"hu","@id":"https:\/\/secure.gravatar.com\/avatar\/61d268e57d1f4525b111222e29d2d5a7f8c420fdbf231ba5566a8ceac74fa960?s=96&d=mm&r=g","url":"https:\/\/secure.gravatar.com\/avatar\/61d268e57d1f4525b111222e29d2d5a7f8c420fdbf231ba5566a8ceac74fa960?s=96&d=mm&r=g","contentUrl":"https:\/\/secure.gravatar.com\/avatar\/61d268e57d1f4525b111222e29d2d5a7f8c420fdbf231ba5566a8ceac74fa960?s=96&d=mm&r=g","caption":"Tibor atya"},"url":"https:\/\/stuttgarti-katolikusok.de\/index.php\/author\/tibor-atya\/"}]}},"_links":{"self":[{"href":"https:\/\/stuttgarti-katolikusok.de\/index.php\/wp-json\/wp\/v2\/posts\/28966","targetHints":{"allow":["GET"]}}],"collection":[{"href":"https:\/\/stuttgarti-katolikusok.de\/index.php\/wp-json\/wp\/v2\/posts"}],"about":[{"href":"https:\/\/stuttgarti-katolikusok.de\/index.php\/wp-json\/wp\/v2\/types\/post"}],"author":[{"embeddable":true,"href":"https:\/\/stuttgarti-katolikusok.de\/index.php\/wp-json\/wp\/v2\/users\/3"}],"replies":[{"embeddable":true,"href":"https:\/\/stuttgarti-katolikusok.de\/index.php\/wp-json\/wp\/v2\/comments?post=28966"}],"version-history":[{"count":2,"href":"https:\/\/stuttgarti-katolikusok.de\/index.php\/wp-json\/wp\/v2\/posts\/28966\/revisions"}],"predecessor-version":[{"id":28969,"href":"https:\/\/stuttgarti-katolikusok.de\/index.php\/wp-json\/wp\/v2\/posts\/28966\/revisions\/28969"}],"wp:featuredmedia":[{"embeddable":true,"href":"https:\/\/stuttgarti-katolikusok.de\/index.php\/wp-json\/wp\/v2\/media\/28967"}],"wp:attachment":[{"href":"https:\/\/stuttgarti-katolikusok.de\/index.php\/wp-json\/wp\/v2\/media?parent=28966"}],"wp:term":[{"taxonomy":"category","embeddable":true,"href":"https:\/\/stuttgarti-katolikusok.de\/index.php\/wp-json\/wp\/v2\/categories?post=28966"},{"taxonomy":"post_tag","embeddable":true,"href":"https:\/\/stuttgarti-katolikusok.de\/index.php\/wp-json\/wp\/v2\/tags?post=28966"}],"curies":[{"name":"wp","href":"https:\/\/api.w.org\/{rel}","templated":true}]}}