{"id":28936,"date":"2025-06-07T07:02:48","date_gmt":"2025-06-07T05:02:48","guid":{"rendered":"https:\/\/stuttgarti-katolikusok.de\/?p=28936"},"modified":"2025-06-07T12:10:11","modified_gmt":"2025-06-07T10:10:11","slug":"punkosdvasarnap-2","status":"publish","type":"post","link":"https:\/\/stuttgarti-katolikusok.de\/index.php\/punkosdvasarnap-2\/","title":{"rendered":"P\u00fcnk\u00f6sdvas\u00e1rnap"},"content":{"rendered":"<p><em><span style=\"color: #ff6600;\">P\u00fcnk\u00f6sd a Szentl\u00e9lek elj\u00f6vetel\u00e9nek \u00e9s az Egyh\u00e1z sz\u00fclet\u00e9s\u00e9nek \u00fcnnepe. Az Egyh\u00e1znak is a Szentl\u00e9lek az er\u0151forr\u00e1sa. \u00c9ppen ez\u00e9rt csakis a Szentl\u00e9lek erej\u00e9ben k\u00e9pes meg\u00fajulni Egyh\u00e1zunk \u00e9s Szent Gell\u00e9rt Egyh\u00e1zk\u00f6zs\u00e9g\u00fcnk. \u00c9ppen ez\u00e9rt a\u00a0 magunk k\u00f6z\u00f6ss\u00e9g\u00e9ben egyben P\u00fcnk\u00f6sd \u00fcnnep\u00e9n k\u00f6sz\u00f6netet \u00e9s h\u00e1l\u00e1t adunk Egyh\u00e1zk\u00f6zs\u00e9g\u00fcnk alap\u00edt\u00e1s\u00e1\u00e9rt, amely 1947. m\u00e1jus 13-\u00e1n t\u00f6rt\u00e9nt. Imm\u00e1r 78 esztend\u0151s nemes \u00f6r\u00f6ks\u00e9g\u00fcnk, amelyre v\u00e9gtelen\u00fcl b\u00fcszk\u00e9k is vagyunk.<\/span><\/em><\/p>\n<p><em><span style=\"color: #ff6600;\">Honlapunk nyit\u00f3oldal\u00e1n \u00edgy fogadjuk az ide ell\u00e1togat\u00f3kat: &#8222;Isten hozta a Stuttgarti Magyar Katolikus Egyh\u00e1zk\u00f6zs\u00e9g honlapj\u00e1n. Egyh\u00e1zk\u00f6zs\u00e9g\u00fcnket\u00a0 1947. m\u00e1jus 13-\u00e1n hozta l\u00e9tre Isten Szolg\u00e1ja,\u00a0Dr. Johann Baptist Sproll rottenburgi p\u00fcsp\u00f6k. Jelenleg mintegy 13 ezer h\u00edve van a t\u00f6rt\u00e9nelmi Magyarorsz\u00e1g minden t\u00e1jegys\u00e9g\u00e9r\u0151l.<\/span><\/em><br \/>\n<em><span style=\"color: #ff6600;\">A 15 mis\u00e9z\u0151hely mindegyik\u00e9ben minden er\u0151nkkel azon vagyunk, hogy a keres\u0151knek f\u00e1klya, az otthontalanoknak otthon \u00e9s mindenkori h\u00edveinknek \u00e1lland\u00f3 er\u0151forr\u00e1s lehess\u00fcnk.&#8221;<\/span><\/em><\/p>\n<p><em><span style=\"color: #ff6600;\">\u00c1lljon itt im\u00e1ds\u00e1gunk, amelyet a Szent Gell\u00e9rt Egyh\u00e1zk\u00f6zs\u00e9g\u00e9rt aj\u00e1nljuk fel:<\/span><\/em><\/p>\n<p style=\"text-align: center;\"><em><span style=\"color: #ff6600;\">Isten\u00fcnk, Te vagy a T\u00f6rt\u00e9nelem Ura!<\/span><\/em><\/p>\n<p style=\"text-align: center;\"><em><span style=\"color: #ff6600;\">Te int\u00e9zed a n\u00e9pek \u00e9s nemzetek,<\/span><\/em><\/p>\n<p style=\"text-align: center;\"><em><span style=\"color: #ff6600;\">a k\u00f6z\u00f6ss\u00e9gek, a csal\u00e1dok <\/span><\/em><\/p>\n<p style=\"text-align: center;\"><em><span style=\"color: #ff6600;\">\u00e9s minden egyes ember sors\u00e1t.<\/span><\/em><\/p>\n<p style=\"text-align: center;\"><em><span style=\"color: #ff6600;\">A Te gondvisel\u0151 j\u00f3s\u00e1godb\u00f3l sz\u00fcletett<\/span><\/em><\/p>\n<p style=\"text-align: center;\"><em><span style=\"color: #ff6600;\">a mi baden-w\u00fcrttembergi <\/span><\/em><\/p>\n<p style=\"text-align: center;\"><em><span style=\"color: #ff6600;\">magyar katolikus Egyh\u00e1zk\u00f6zs\u00e9g\u00fcnk is.<\/span><\/em><\/p>\n<p style=\"text-align: center;\"><em><span style=\"color: #ff6600;\">K\u00f6sz\u00f6nj\u00fck Neked, hogy \u00e1ltala<\/span><\/em><\/p>\n<p style=\"text-align: center;\"><em><span style=\"color: #ff6600;\">annyi magyar testv\u00e9r\u00fcnknek adt\u00e1l <\/span><\/em><\/p>\n<p style=\"text-align: center;\"><em><span style=\"color: #ff6600;\">\u00faj otthont, itt az idegenben.<\/span><\/em><\/p>\n<p style=\"text-align: center;\"><em><span style=\"color: #ff6600;\">K\u00f6sz\u00f6nj\u00fck Neked, hogy seg\u00edt\u0151 kegyelmed \u00e1ltal<\/span><\/em><\/p>\n<p style=\"text-align: center;\"><em><span style=\"color: #ff6600;\">ma is tagjaiban, benn\u00fcnk, <\/span><\/em><\/p>\n<p style=\"text-align: center;\"><em><span style=\"color: #ff6600;\">a Te Orsz\u00e1god elj\u00f6vetel\u00e9n munk\u00e1lkodsz.<\/span><\/em><\/p>\n<p style=\"text-align: center;\"><em><span style=\"color: #ff6600;\">K\u00f6sz\u00f6nj\u00fck Neked a sok lelkip\u00e1sztort \u00e9s h\u00edv\u0151t,<\/span><\/em><\/p>\n<p style=\"text-align: center;\"><em><span style=\"color: #ff6600;\">akik eddig Egyh\u00e1zk\u00f6zs\u00e9g\u00fcnket vezett\u00e9k \u00e9s fenntartott\u00e1k.<\/span><\/em><\/p>\n<p style=\"text-align: center;\"><em><span style=\"color: #ff6600;\">Adj neki m\u00e9g sz\u00e1mos \u00e9vet,<\/span><\/em><\/p>\n<p style=\"text-align: center;\"><em><span style=\"color: #ff6600;\">hogy a keres\u0151knek f\u00e1klya,<\/span><\/em><\/p>\n<p style=\"text-align: center;\"><em><span style=\"color: #ff6600;\">az otthontalanoknak otthon,<\/span><\/em><\/p>\n<p style=\"text-align: center;\"><em><span style=\"color: #ff6600;\">\u00e9s mindenkori h\u00edveinek<\/span><\/em><\/p>\n<p style=\"text-align: center;\"><em><span style=\"color: #ff6600;\">\u00e1lland\u00f3 er\u0151forr\u00e1s lehessen<\/span><\/em><\/p>\n<p style=\"text-align: center;\"><em><span style=\"color: #ff6600;\">a Te legnagyobb dics\u0151s\u00e9gedre<\/span><\/em><\/p>\n<p style=\"text-align: center;\"><em><span style=\"color: #ff6600;\">\u00e9s zar\u00e1ndokl\u00f3 n\u00e9ped testi-lelki jav\u00e1ra.<\/span><\/em><\/p>\n<p style=\"text-align: center;\"><em><span style=\"color: #ff6600;\">Amen.<\/span><\/em><\/p>\n<p style=\"text-align: left;\"><em><span style=\"color: #ff6600;\">Az olvasm\u00e1nyban az els\u0151 P\u00fcnk\u00f6sdr\u0151l hallhatunk besz\u00e1mol\u00f3t. A p\u00fcnk\u00f6sdi csoda ott \u00e9s akkor sz\u00e1mukra, meg\u00e9rtett\u00e9k egym\u00e1st, b\u00e1r m\u00e1s \u00e9s m\u00e1s nyelvet besz\u00e9ltek. Sz\u00f3t \u00e9rteni, vagyis meg\u00e9rteni egym\u00e1st. Ez mostani feladatunk!<\/span><\/em><\/p>\n<p style=\"text-align: left;\"><em><span style=\"color: #ff6600;\">A korintusi lev\u00e9l tan\u00edt\u00e1sa is egy\u00e9rtelm\u0171: lelki adom\u00e1nyaink arra szolg\u00e1lnak, hogy azokat az egy test, vagyis a k\u00f6z\u00f6ss\u00e9g szolg\u00e1lat\u00e1ba \u00e1ll\u00edtsuk. Nyilv\u00e1n ennek felt\u00e9tele, hogy magamat a k\u00f6z\u00f6ss\u00e9ghez tartoz\u00f3nak tartsam. Mit teszek a magam k\u00f6z\u00f6ss\u00e9g\u00e9\u00e9rt? Mit aj\u00e1nd\u00e9kozok k\u00f6z\u00f6ss\u00e9gemnek a magam lelki kincseib\u0151l? Ezen k\u00e9rd\u00e9sek egy\u00e9ni v\u00e1laszomra v\u00e1rnak.<\/span><\/em><\/p>\n<p><em><span style=\"color: #ff6600;\">A r\u00f3maiakhoz \u00edrt lev\u00e9lr\u00e9szletben az apostol a szolgas\u00e1g lelk\u00e9vel, a testi v\u00e1gyak uralm\u00e1val szembe\u00e1ll\u00edtja a fogadott fi\u00fas\u00e1g Lelk\u00e9t. A kereszt\u00e9ny \u00e9let kiv\u00e1lts\u00e1ga az, hogy hitb\u00e9li meggy\u0151z\u0151d\u00e9s\u00fcnket a Szentl\u00e9lek ir\u00e1ny\u00edtja.Istenre \u00fagy tekint\u00fcnk, mint Aty\u00e1ra, s megvan benn\u00fcnk az \u00f6szt\u00f6nz\u00e9s, hogy a fogadott gyermek bizalm\u00e1val, h\u00e1l\u00e1lj\u00e1val \u00e9s tisztelet\u00e9vel tekints\u00fck akarat\u00e1t. Ehhez azonban el kell fogadnunk a Szentl\u00e9lek jelenl\u00e9t\u00e9t \u00e9let\u00fcnkben.<\/span><\/em><\/p>\n<p><em><span style=\"color: #ff6600;\">&#8222;B\u00e9kess\u00e9g nektek!&#8221; &#8211; &#8222;Vegy\u00e9tek a Szentlelket!&#8221; Benn\u00fcnket is \u00edgy sz\u00f3l\u00edt meg a felt\u00e1madt J\u00e9zus Krisztus. Az \u00e1ltala nek\u00fcnk aj\u00e1nd\u00e9kozott b\u00e9ke \u00e9s a Szentl\u00e9lek erej\u00e9ben k\u00fcld benn\u00fcnket is, hogy \u00e9l\u0151 tan\u00fai lehess\u00fcnk jelen vil\u00e1gunkban. Legy\u00fcnk m\u00e9lt\u00f3k erre a nemes k\u00fcldet\u00e9sre.<\/span><\/em><\/p>\n<p><span style=\"color: #ff0000;\">Kezd\u0151\u00e9nek:<\/span><br \/>\nAz \u00darnak lelke bet\u00f6lti a f\u00f6ldkereks\u00e9get, \u00e9s aki egybefogja a mindens\u00e9get, tud minden sz\u00f3r\u00f3l, alleluja. (B\u00f6lcs 1,7)<br \/>\n<span style=\"color: #ff0000;\"><em>Vagy<\/em><\/span><br \/>\nIsten szeretete ki\u00e1radt sz\u00edv\u00fcnkbe a benn\u00fcnk lak\u00f3 Szentl\u00e9lek \u00e1ltal, alleluja. (R\u00f3m 5,5;10,11)<\/p>\n<p><span style=\"color: #ff0000;\">K\u00f6ny\u00f6rg\u00e9s:<\/span><br \/>\nIsten\u00fcnk, te a mai szents\u00e9ges \u00fcnnepen Egyh\u00e1zadat \u00e9s \u00e1ltala a vil\u00e1g minden n\u00e9p\u00e9t \u00e9s nemzet\u00e9t megszentelted. \u00c1raszd ki a Szentl\u00e9lek aj\u00e1nd\u00e9kait az eg\u00e9sz vil\u00e1gra, \u00e9s t\u00f6ltsd be h\u00edveid sz\u00edv\u00e9t isteni kegyelmeddel, amellyel egykor elind\u00edtottad az evang\u00e9lium hirdet\u00e9s\u00e9t. A mi Urunk, J\u00e9zus Krisztus, a te Fiad \u00e1ltal, aki veled \u00e9l \u00e9s uralkodik a Szentl\u00e9lekkel egys\u00e9gben, Isten mind\u00f6r\u00f6kk\u00f6n \u00f6r\u00f6kk\u00e9.<\/p>\n<p align=\"justify\"><span style=\"color: #ff0000;\">OLVASM\u00c1NY az Apostolok Cselekedeteib\u0151l (ApCsel 2,1-11)<\/span><br \/>\nAmikor el\u00e9rkezett p\u00fcnk\u00f6sd napja, ugyanazon a helyen (az emeleti teremben) mindny\u00e1jan egy\u00fctt voltak az apostolok. Hirtelen z\u00fag\u00e1s t\u00e1madt az \u00e9gb\u0151l, mintha heves sz\u00e9lvihar k\u00f6zeledett volna, \u00e9s eg\u00e9szen bet\u00f6lt\u00f6tte a h\u00e1zat, ahol egy\u00fctt voltak. Majd l\u00e1ngnyelvek t\u0171ntek fel, \u00e9s sz\u00e9toszolva leereszkedtek mindegyik\u00fckre. Mindannyiukat elt\u00f6lt\u00f6tte a Szentl\u00e9lek, \u00e9s nyelveken kezdtek besz\u00e9lni, ahogyan a L\u00e9lek ind\u00edtotta \u0151ket.<br \/>\nEz id\u0151 t\u00e1jt vall\u00e1sos f\u00e9rfiak tart\u00f3zkodtak Jeruzs\u00e1lemben, minden n\u00e9pb\u0151l az \u00e9g alatt. Amikor ez a z\u00fag\u00e1s t\u00e1madt, nagy t\u00f6meg ver\u0151d\u00f6tt \u00f6ssze. Nagy volt a megd\u00f6bben\u00e9s, mert mindenki a saj\u00e1t nyelv\u00e9n hallotta, amint besz\u00e9ltek. Nagy meglepet\u00e9s\u00fckben csod\u00e1lkozva k\u00e9rdezgett\u00e9k: \u201eNem Galile\u00e1b\u00f3l val\u00f3k mindny\u00e1jan, akik itt besz\u00e9lnek? Hogyan hallhatja h\u00e1t \u0151ket mindegyik\u00fcnk a saj\u00e1t nyelv\u00e9n, amelyben sz\u00fcletett? Mi, p\u00e1rtusok, m\u00e9dek, elamit\u00e1k; \u00e9s Mezopot\u00e1mi\u00e1nak, Jude\u00e1nak, Kappad\u00f3ci\u00e1nak, Pontusznak, \u00c1zsi\u00e1nak, Frigi\u00e1nak \u00e9s Pamfili\u00e1nak lak\u00f3i; Egyiptomb\u00f3l, a l\u00edbiai Cir\u00e9ne vid\u00e9k\u00e9r\u0151l \u00e9s R\u00f3m\u00e1b\u00f3l val\u00f3 zar\u00e1ndokok; zsid\u00f3k \u00e9s prozelit\u00e1k, kr\u00e9taiak \u00e9s arabok: mi mindannyian \u00fagy halljuk, hogy a mi nyelv\u00fcnk\u00f6n hirdetik Isten csod\u00e1s tetteit!\u201d<br \/>\nEz az Isten ig\u00e9je.<\/p>\n<p align=\"justify\"><span style=\"color: #ff0000;\">V\u00c1LASZOS ZSOLT\u00c1R (Zsolt 103,1ab \u00e9s 24ac.29bc-30.31 \u00e9s 34)<\/span><br \/>\nV\u00e1lasz:\u00a0<strong>\u00c1raszd r\u00e1nk Lelkedet,\u00a0<u>Is<\/u>ten\u00fcnk: * \u00faj\u00edtsd\u00a0<u>meg<\/u>\u00a0a f\u00f6ld sz\u00edn\u00e9t.<\/strong>\u00a0(8 G. t\u00f3nus.)<br \/>\nVagy:\u00a0<strong>Alleluja.<\/strong>\u00a08. sz\u00e1m.<br \/>\nEl\u0151\u00e9nekes: Mondj \u00e1ld\u00e1st, lelkem, az\u00a0<u>\u00dar<\/u>nak! * Nagy vagy nagyon, \u00e9n\u00a0<u>U<\/u>ram, Istenem.<br \/>\nMily sokr\u00e9t\u0171 a te m\u0171ved,\u00a0<u>U<\/u>ram! * teremtm\u00e9nyeid bet\u00f6l<u>tik<\/u>\u00a0a f\u00f6ldet.<br \/>\nH\u00edvek:\u00a0<strong>\u00c1raszd r\u00e1nk Lelkedet,\u00a0<u>Is<\/u>ten\u00fcnk: * \u00faj\u00edtsd\u00a0<u>meg<\/u>\u00a0a f\u00f6ld sz\u00edn\u00e9t.<\/strong><br \/>\nVagy:\u00a0<strong>Alleluja.<\/strong><br \/>\nE: Ha megvonod \u00e9ltet\u0151\u00a0<u>e<\/u>r\u0151det, * elpusztulnak \u00e9s a\u00a0<u>por<\/u>ba t\u00e9rnek.<br \/>\n\u00c1m, ha \u00fajra ki\u00e1rasztod lelkedet, \u00e9letre\u00a0<u>kel<\/u>nek, * \u00e9s a f\u00f6ld sz\u00edn\u00e9t\u00a0<u>meg<\/u>\u00faj\u00edtod.<br \/>\nH:\u00a0<strong>\u00c1raszd r\u00e1nk Lelkedet,\u00a0<u>Is<\/u>ten\u00fcnk: * \u00faj\u00edtsd\u00a0<u>meg<\/u>\u00a0a f\u00f6ld sz\u00edn\u00e9t.<\/strong><br \/>\nVagy:\u00a0<strong>Alleluja.<\/strong><br \/>\nE: Dics\u0151s\u00e9g legyen az \u00darnak \u00f6r\u00f6kk\u00f6n\u00a0<u>\u00f6<\/u>r\u00f6kk\u00e9, * \u00f6r\u00fcl az \u00dar\u00a0<u>min<\/u>den m\u0171v\u00e9nek.<br \/>\nLegyen el\u0151tte kedves az\u00a0<u>\u00e9<\/u>nekem, * gy\u00f6ny\u00f6r\u0171s\u00e9gemet \u0151<u>ben<\/u>ne tal\u00e1lom.<br \/>\nH:\u00a0<strong>\u00c1raszd r\u00e1nk Lelkedet,\u00a0<u>Is<\/u>ten\u00fcnk: * \u00faj\u00edtsd\u00a0<u>meg<\/u>\u00a0a f\u00f6ld sz\u00edn\u00e9t.<\/strong><br \/>\nVagy:\u00a0<strong>Alleluja.<\/strong><\/p>\n<p align=\"justify\"><span style=\"color: #ff0000;\">SZENTLECKE Szent P\u00e1l apostolnak a korintusiakhoz \u00edrt els\u0151 level\u00e9b\u0151l (1Kor 12,3b-7.12-13)<\/span><br \/>\nTestv\u00e9reim! Senki sem mondhatja mag\u00e1t\u00f3l: \u201eJ\u00e9zus az \u00dar!\u201d, csak a Szentl\u00e9lek \u00e1ltal. A lelki adom\u00e1nyok ugyan k\u00fcl\u00f6nf\u00e9l\u00e9k, a L\u00e9lek azonban ugyanaz. A szolg\u00e1latok is k\u00fcl\u00f6nf\u00e9l\u00e9k, de az \u00dar ugyanaz. Sokf\u00e9l\u00e9k a csodajelek is, de Isten, aki mindenben mindent v\u00e9ghezvisz, ugyanaz. A L\u00e9lek aj\u00e1nd\u00e9kait mindenki az\u00e9rt kapja, hogy haszn\u00e1ljon vele. A test ugyan egy, de sok tagja van. A testnek ez a sok tagja m\u00e9gis egy test. \u00cdgy van ez Krisztussal is. Mi ugyanis mindny\u00e1jan egy L\u00e9lekben egy testt\u00e9 lett\u00fcnk kereszts\u00e9g\u00fcnk \u00e1ltal: ak\u00e1r zsid\u00f3k, ak\u00e1r pog\u00e1nyok, ak\u00e1r rabszolg\u00e1k, ak\u00e1r szabadok vagyunk. Valamennyi\u00fcnket ugyanaz a L\u00e9lek t\u00f6lt\u00f6tt el.<br \/>\nEz az Isten ig\u00e9je.<\/p>\n<p><span style=\"color: #ff0000;\"><em>Vagy:<\/em><\/span><\/p>\n<p><span style=\"color: #ff0000;\">SZENTLECKE Szent P\u00e1l apostolnak a r\u00f3maiakhoz \u00edrt level\u00e9b\u0151l (1Kor 12,3b-7.12-13 vagy R\u00f3m 8,8-17)<\/span><br \/>\n<em>Akiket Isten Lelke vez\u00e9rel, azok Isten, fiai.<\/em><br \/>\nTestv\u00e9reim!<br \/>\nAki test szerint \u00e9l, nem nyerheti el Isten tetsz\u00e9s\u00e9t. De ti nem test, hanem l\u00e9lek szerint \u00e9ltek, ha val\u00f3ban Isten Lelke lakik bennetek. Akikben nem lakik Krisztus Lelke, az nem az \u00f6v\u00e9. Ha Krisztus bennetek van, j\u00f3llehet a test a b\u0171n miatt halott, a l\u00e9lek a megigazul\u00e1s k\u00f6vetkezt\u00e9ben \u00e9l.<br \/>\nHa pedig bennetek lakik annak Lelke, aki felt\u00e1masztotta J\u00e9zust a hal\u00e1lb\u00f3l, \u0151, aki Krisztus (J\u00e9zust) felt\u00e1masztotta a halottak k\u00f6z\u00fcl, bennetek lak\u00f3 Lelke \u00e1ltal haland\u00f3 testeteket is \u00e9letre kelti.<br \/>\n\u00cdgy teh\u00e1t, testv\u00e9rek, nem vagyunk a testnek lek\u00f6telezve, hogy a test szerint \u00e9lj\u00fcnk. Mert ha test szerint \u00e9ltek, biztosan meghaltok, de ha l\u00e9lekkel elfojtj\u00e1tok a test szerinti tetteket, \u00e9lni fogtok.<br \/>\nAkiket Isten Lelke vez\u00e9rel, azok Isten fiai. Nem a szolgas\u00e1g lelk\u00e9t kapt\u00e1tok ugyanis, hogy ism\u00e9t f\u00e9lelemben \u00e9ljetek, hanem a fogadott fi\u00fas\u00e1g Lelk\u00e9t nyert\u00e9tek el, \u00e1ltala sz\u00f3l\u00edtjuk \u0151t \u00edgy: Abba, Atya!<br \/>\nA L\u00e9lek maga tesz tan\u00fas\u00e1got lelk\u00fcnkben, hogy Isten gyermekei vagyunk. Ha pedig gyermekei, akkor \u00f6r\u00f6k\u00f6sei is: \u00f6r\u00f6k\u00f6sei Istennek, Krisztusnak pedig t\u00e1rs\u00f6r\u00f6k\u00f6sei. El\u0151bb azonban szenvedn\u00fcnk kell vele egy\u00fctt, hogy vele egy\u00fctt meg is dics\u0151\u00fclj\u00fcnk.<br \/>\nEz az Isten ig\u00e9je.<\/p>\n<p align=\"justify\"><span style=\"color: #ff0000;\">ALLELUJA<\/span><br \/>\nJ\u00f6jj el, Szentl\u00e9lek Isten, \u2020 t\u00f6ltsd el h\u00edveid sz\u00edv\u00e9t, * \u00e9s szereteted t\u00fcz\u00e9t gyullaszd f\u00f6l benn\u00fcnk! (8 G. t\u00f3nus.)<\/p>\n<p align=\"justify\"><span style=\"color: #ff0000;\">\u2020 EVANG\u00c9LIUM Szent J\u00e1nos k\u00f6nyv\u00e9b\u0151l (Jn 20,19-23)<\/span><br \/>\nAmikor a h\u00e9t els\u0151 napj\u00e1n (h\u00fasv\u00e9tvas\u00e1rnap) beesteledett, J\u00e9zus megjelent a tan\u00edtv\u00e1nyoknak ott, ahol egy\u00fctt voltak, pedig a zsid\u00f3kt\u00f3l val\u00f3 f\u00e9lelm\u00fckben z\u00e1rva tartott\u00e1k az ajt\u00f3t. Bel\u00e9pett \u00e9s \u00edgy sz\u00f3lt hozz\u00e1juk: \u201eB\u00e9kess\u00e9g nektek!\u201d Miut\u00e1n ezt mondta, megmutatta nekik a kez\u00e9t \u00e9s az oldal\u00e1t. Az \u00dar l\u00e1tt\u00e1ra \u00f6r\u00f6m t\u00f6lt\u00f6tte el a tan\u00edtv\u00e1nyokat. J\u00e9zus megism\u00e9telte: \u201eB\u00e9kess\u00e9g nektek! Amint engem k\u00fcld\u00f6tt az Atya, \u00fagy k\u00fcldelek \u00e9n is titeket.\u201d E szavak ut\u00e1n r\u00e1juk lehelt, \u00e9s \u00edgy folytatta: \u201eVegy\u00e9tek a Szentlelket! Akinek megbocs\u00e1tj\u00e1tok b\u0171neit, az bocs\u00e1natot nyer, s akinek nem bocs\u00e1tj\u00e1tok meg, az nem nyer bocs\u00e1natot.\u201d<br \/>\nEzek az evang\u00e9lium ig\u00e9i.<\/p>\n<p><span style=\"color: #ff0000;\"><em>Vagy:<\/em><\/span><\/p>\n<p><span style=\"color: #ff0000;\">\u2020 EVANG\u00c9LIUM Szent J\u00e1nos k\u00f6nyv\u00e9b\u0151l (Jn 14,15-16.23b-26)<\/span><br \/>\n<em>A Szentl\u00e9lek megtan\u00edt titeket mindenre, amit mondtam nektek.<\/em><br \/>\nAbban az id\u0151ben J\u00e9zus \u00edgy sz\u00f3lt tan\u00edtv\u00e1nyaihoz: Ha szerettek engem, tarts\u00e1tok meg parancsaimat. \u00c9n pedig k\u00e9rni fogom az Aty\u00e1t, \u00e9s \u0151 m\u00e1s Vigasztal\u00f3t ad majd nektek: az Igazs\u00e1g Lelk\u00e9t, aki \u00f6r\u00f6kre veletek marad.<br \/>\nAki szeret engem, megtartja tan\u00edt\u00e1somat, Aty\u00e1m is szeretni fogja \u0151t, hozz\u00e1 megy\u00fcnk, \u00e9s lak\u00f3helyet vesz\u00fcnk n\u00e1la.<br \/>\nAki nem szeret, az nem tartja meg tan\u00edt\u00e1somat. A tan\u00edt\u00e1s pedig, amelyet hallotok, nem az eny\u00e9m, hanem az Aty\u00e1\u00e9, aki engem k\u00fcld\u00f6tt.<br \/>\nEzeket akartam nektek elmondani, am\u00edg veletek vagyok. S a Vigasztal\u00f3, a Szentl\u00e9lek, akit majd a nevemben k\u00fcld az Atya, megtan\u00edt titeket mindenre, \u00e9s eszetekbe juttat mindent, amit mondtam nektek.<br \/>\nEzek az evang\u00e9lium ig\u00e9i.<\/p>\n<p><span style=\"color: #ff0000;\">\u2020 EVANG\u00c9LIUM Szent J\u00e1nos k\u00f6nyv\u00e9b\u0151l (Jn 15,26-27;16,12-15)<\/span><br \/>\nSzenved\u00e9se el\u0151tt J\u00e9zus \u00edgy sz\u00f3lt tan\u00edtv\u00e1nyaihoz: Ha elj\u00f6n a Vigasztal\u00f3, akit az Aty\u00e1t\u00f3l k\u00fcld\u00f6k, az Igazs\u00e1g Lelke, aki az Aty\u00e1t\u00f3l sz\u00e1rmazik, \u0151 majd tan\u00fas\u00e1got tesz r\u00f3lam. Tegyetek ti is tan\u00fas\u00e1got r\u00f3lam, hiszen kezdett\u0151l fogva velem voltatok. M\u00e9g sok mondanival\u00f3m volna, de nem vagytok hozz\u00e1 el\u00e9g er\u0151sek. Hanem amikor elj\u00f6n az Igazs\u00e1g Lelke, \u0151 majd elvezet benneteket a teljes igazs\u00e1gra. Nem mag\u00e1t\u00f3l fog besz\u00e9lni, hanem azt mondja el, amit hall, \u00e9s a j\u00f6vend\u0151t fogja hirdetni nektek. Megdics\u0151\u00edt engem, mert az eny\u00e9mb\u0151l kapja, amit majd hirdet nektek. Minden, ami az Aty\u00e1\u00e9 az eny\u00e9m is. Az\u00e9rt mondtam, hogy az eny\u00e9mb\u0151l kapja, amit majd hirdet nektek.<br \/>\nEzek az evang\u00e9lium ig\u00e9i<\/p>\n<p><span style=\"color: #ff0000;\">EGYETEMES K\u00d6NY\u00d6RG\u00c9SEK<\/span><br \/>\nPap: K\u00e9rj\u00fck, testv\u00e9reim, a mindenhat\u00f3 Atyaistent, hogy \u00e1rassza kegyelmi aj\u00e1nd\u00e9kait a h\u00edvekre \u00e9s p\u00e1sztoraikra, akiket az Egyh\u00e1zban egyes\u00edt a Szentl\u00e9lek!<br \/>\nLektor:<br \/>\n1. Vezesd, Urunk, Egyh\u00e1zadat az igazs\u00e1g, a szeretet \u00e9s a lelki egys\u00e9g \u00fatj\u00e1n!<br \/>\nH\u00edvek: K\u00e9r\u00fcnk T\u00e9ged, hallgass meg minket!<br \/>\n2. \u0150rizd meg Szentaty\u00e1nkat, Ferenc p\u00e1p\u00e1t testi-lelki \u00e9ps\u00e9gben n\u00e9ped korm\u00e1nyz\u00e1s\u00e1ra!<br \/>\nH\u00edvek: K\u00e9r\u00fcnk T\u00e9ged, hallgass meg minket!<br \/>\n3. \u00c1raszd Szentlelked aj\u00e1nd\u00e9kait az Egyh\u00e1z p\u00fcsp\u00f6keire \u00e9s papjaira!<br \/>\nH\u00edvek: K\u00e9r\u00fcnk T\u00e9ged, hallgass meg minket!<br \/>\n4. A b\u00e9rm\u00e1lkoz\u00e1sra k\u00e9sz\u00fcl\u0151knek add a Szentl\u00e9lek megvil\u00e1gos\u00edt\u00f3 \u00e9s meger\u0151s\u00edt\u0151 kegyelm\u00e9t, a megb\u00e9rm\u00e1ltaknak pedig adj \u00e1llhatatoss\u00e1got!<br \/>\nH\u00edvek: K\u00e9r\u00fcnk T\u00e9ged, hallgass meg minket!<br \/>\n5. Adj a sz\u00e9th\u00faz\u00f3 vil\u00e1gnak igaz b\u00e9kess\u00e9get \u00e9s \u0151szinte egyet\u00e9rt\u00e9st!<br \/>\nH\u00edvek: K\u00e9r\u00fcnk T\u00e9ged, hallgass meg minket!<br \/>\n6. Add Szentlelked vigasztal\u00e1s\u00e1t a betegeknek \u00e9s a szenved\u0151knek!<br \/>\nH\u00edvek: K\u00e9r\u00fcnk T\u00e9ged, hallgass meg minket!<br \/>\nPap: Urunk \u00e9s Isten\u00fcnk! Te P\u00fcnk\u00f6sd \u00fcnnep\u00e9n h\u0151si lelk\u00fclettel aj\u00e1nd\u00e9koztad meg az apostolokat. \u00c1raszd Szentlelkedet mindny\u00e1junk sz\u00edv\u00e9be, hogy hit\u00fcnket megvalljuk \u00e9s hit\u00fcnk szerint \u00e9lj\u00fcnk! Krisztus, a mi Urunk \u00e1ltal.<br \/>\nH\u00edvek: \u00c1men.<\/p>\n<p><span style=\"color: #ff0000;\"><em>vagy p\u00fcnk\u00f6sdre II.<\/em><\/span><\/p>\n<p>Pap: K\u00e9rj\u00fck, testv\u00e9reim, a Szentlelket, a h\u00e9t aj\u00e1nd\u00e9k Isten\u00e9t, hogy \u00e1rassza kegyelmi aj\u00e1nd\u00e9kait az Egyh\u00e1zra \u00e9s az eg\u00e9sz vil\u00e1gra!<br \/>\nLektor:<br \/>\n1. B\u00f6lcsess\u00e9g Lelke, seg\u00edtsd Szentaty\u00e1nkat, a hittud\u00f3sokat \u00e9s a hit tan\u00edt\u00f3it, hogy meggy\u0151z\u0151en hirdess\u00e9k igazs\u00e1gaidat!<br \/>\nH\u00edvek: K\u00e9r\u00fcnk t\u00e9ged, hallgass meg minket!<br \/>\n2. \u00c9rtelem Lelke, tedd fog\u00e9konny\u00e1 az emberis\u00e9get az igazi \u00e9rt\u00e9kek felismer\u00e9s\u00e9re \u00e9s megbecs\u00fcl\u00e9s\u00e9re!<br \/>\nH\u00edvek: K\u00e9r\u00fcnk t\u00e9ged . . .<br \/>\n3. J\u00f3tan\u00e1cs Lelke, seg\u00edtsd a bizonytalankod\u00f3kat, hogy eligazodjanak az eszm\u00e9k z\u0171rzavar\u00e1ban!<br \/>\nH\u00edvek: K\u00e9r\u00fcnk t\u00e9ged . . .<br \/>\n4. Tudom\u00e1ny Lelke, seg\u00edts, hogy az evil\u00e1gi tudom\u00e1nyok mellett az \u00f6r\u00f6k igazs\u00e1gok megismer\u00e9s\u00e9t is ig\u00e9nyelj\u00fck!<br \/>\nH\u00edvek: K\u00e9r\u00fcnk t\u00e9ged . . .<br \/>\n5. J\u00e1mbors\u00e1g Lelke, seg\u00edts, hogy \u00fajra megtanuljunk \u00e9s szeress\u00fcnk im\u00e1dkozni!<br \/>\nH\u00edvek: K\u00e9r\u00fcnk t\u00e9ged . . .<br \/>\n6. Er\u0151ss\u00e9g Lelke, seg\u00edts, hogy semmi el ne t\u00e9r\u00edtsen benn\u00fcnket az \u00fcdv\u00f6ss\u00e9g \u00fatj\u00e1r\u00f3l!<br \/>\nH\u00edvek: K\u00e9r\u00fcnk t\u00e9ged . . .<br \/>\n7. Az \u00dar f\u00e9lelm\u00e9nek Lelke, adj nek\u00fcnk m\u00e9lys\u00e9ges tiszteletet az isteni \u00e9s a szent dolgok ir\u00e1nt!<br \/>\nH\u00edvek: K\u00e9r\u00fcnk t\u00e9ged . . .<br \/>\nPap: Szentl\u00e9lek \u00daristen! Te az els\u0151 P\u00fcnk\u00f6sd \u00fcnnep\u00e9n ki\u00e1radt\u00e1l a vil\u00e1gra \u00e9s az Egyh\u00e1zra; vil\u00e1gos\u00edtsd meg ma is a h\u00edv\u0151ket \u00e9s nemh\u00edv\u0151ket, hogy az igazs\u00e1got keress\u00e9k, felismerj\u00e9k \u00e9s meg is val\u00f3s\u00edts\u00e1k. Aki \u00e9lsz \u00e9s uralkodol mind\u00f6r\u00f6kk\u00f6n-\u00f6r\u00f6kk\u00e9.<br \/>\nH\u00edvek: \u00c1men.<\/p>\n<p><span style=\"color: #ff0000;\">Felaj\u00e1nl\u00f3 k\u00f6ny\u00f6rg\u00e9s:<\/span><br \/>\nK\u00e9r\u00fcnk, Urunk, Isten\u00fcnk, hogy amint Szent Fiad meg\u00edg\u00e9rte, a Szentl\u00e9lek nyilatkoztassa ki egyre gazdagabban ennek az \u00e1ldozatnak titokzatos \u00e9rtelm\u00e9t, \u00e9s tan\u00edtson meg minket minden igazs\u00e1gra. Krisztus, a mi Urunk \u00e1ltal.<\/p>\n<p><span style=\"color: #ff0000;\">Pref\u00e1ci\u00f3:<\/span><\/p>\n<p>Az \u00dar legyen veletek.<br \/>\nH.: \u00c9s a te lelkeddel.<br \/>\nEmelj\u00fck f\u00f6l sz\u00edv\u00fcnket.<br \/>\nH.: F\u00f6lemelt\u00fck az \u00darhoz.<br \/>\nAdjunk h\u00e1l\u00e1t Urunknak, Isten\u00fcnknek.<br \/>\nH.: M\u00e9lt\u00f3 \u00e9s igazs\u00e1gos.<br \/>\n(Mert) Val\u00f3ban m\u00e9lt\u00f3 \u00e9s igazs\u00e1gos, ill\u0151 \u00e9s \u00fcdv\u00f6s, hogy mindig \u00e9s minden\u00fctt h\u00e1l\u00e1t adjunk neked \u2013 mi Urunk, szents\u00e9ges ATy\u00e1nk, mindenhat\u00f3, \u00f6r\u00f6k Isten:<br \/>\nTe h\u00fasv\u00e9t szent titk\u00e1t azzal tetted teljess\u00e9, hogy ezen a napon elk\u00fcldted a Szentlelket azoknak, \u2013 akiket az egysz\u00fcl\u00f6tt Fiaddal val\u00f3 k\u00f6z\u00f6ss\u00e9g r\u00e9v\u00e9n gyermekeidd\u00e9 fogadt\u00e1l. A Szentl\u00e9lek p\u00fcnk\u00f6sdkor, az Egyh\u00e1z sz\u00fclet\u00e9se napj\u00e1n minden n\u00e9pre ki\u00e1rasztotta az istenismeret f\u00e9ny\u00e9t, \u2013 \u00e9s a sok k\u00fcl\u00f6nb\u00f6z\u0151 nyelv\u0171 embert az egy k\u00f6z\u00f6s hit megvall\u00e1s\u00e1ban egyes\u00edtette.<br \/>\nA h\u00fasv\u00e9ti \u00f6r\u00f6m ez\u00e9rt ki\u00e1rad az eg\u00e9sz f\u00f6ldre, \u00e9s a nagyvil\u00e1g \u00f6rvendezve ujjong, a mennyei er\u0151k \u00e9s a hatalmas angyalok \u2013 (a te) dics\u0151s\u00e9ged himnusz\u00e1t zengik, \u00e9s v\u00e9g n\u00e9lk\u00fcl mondj\u00e1k (\u00e9neklik):<\/p>\n<p><span style=\"color: #ff0000;\">\u00c1ldoz\u00e1si \u00e9nek:<\/span><br \/>\nMindny\u00e1jan beteltek Szentl\u00e9lekkel, \u00e9s hirdett\u00e9k Isten nagy tetteit, alleluja! (ApCsel 2,4.11)<\/p>\n<p><span style=\"color: #ff0000;\">\u00c1ldoz\u00e1s ut\u00e1ni k\u00f6ny\u00f6rg\u00e9s:<\/span><br \/>\nIsten\u00fcnk, te b\u0151s\u00e9gesen \u00e1rasztod Egyh\u00e1zadra mennyei aj\u00e1nd\u00e9kaidat. \u0150rizd benn\u00fcnk a kegyelmet, amelyet adt\u00e1l, hogy a Szentl\u00e9lek bel\u00e9nk \u00f6nt\u00f6tt ereje mindenkor elevenen m\u0171k\u00f6dj\u00e9k, \u00e9s a lelki t\u00e1pl\u00e1l\u00e9k gyarap\u00edtsa benn\u00fcnk a kegyelmi \u00e9letet. Krisztus, a mi Urunk \u00e1ltal.<\/p>\n<p><em>(Nyit\u00f3k\u00e9p: olt\u00e1rk\u00e9pr\u00e9szlet &#8211; Szentl\u00e9lek templom &#8211; Szatm\u00e1rn\u00e9meti)<\/em><\/p>\n","protected":false},"excerpt":{"rendered":"<p>P\u00fcnk\u00f6sd a Szentl\u00e9lek elj\u00f6vetel\u00e9nek \u00e9s az Egyh\u00e1z sz\u00fclet\u00e9s\u00e9nek \u00fcnnepe. Az Egyh\u00e1znak is a Szentl\u00e9lek az er\u0151forr\u00e1sa. \u00c9ppen ez\u00e9rt csakis a Szentl\u00e9lek erej\u00e9ben k\u00e9pes meg\u00fajulni Egyh\u00e1zunk \u00e9s Szent Gell\u00e9rt Egyh\u00e1zk\u00f6zs\u00e9g\u00fcnk. \u00c9ppen ez\u00e9rt a\u00a0 magunk k\u00f6z\u00f6ss\u00e9g\u00e9ben egyben P\u00fcnk\u00f6sd \u00fcnnep\u00e9n k\u00f6sz\u00f6netet \u00e9s h\u00e1l\u00e1t adunk Egyh\u00e1zk\u00f6zs\u00e9g\u00fcnk alap\u00edt\u00e1s\u00e1\u00e9rt, amely 1947. m\u00e1jus 13-\u00e1n t\u00f6rt\u00e9nt. Imm\u00e1r 78 esztend\u0151s nemes \u00f6r\u00f6ks\u00e9g\u00fcnk, amelyre v\u00e9gtelen\u00fcl b\u00fcszk\u00e9k is vagyunk. Honlapunk nyit\u00f3oldal\u00e1n \u00edgy fogadjuk az ide ell\u00e1togat\u00f3kat: &#8222;Isten hozta a Stuttgarti Magyar Katolikus Egyh\u00e1zk\u00f6zs\u00e9g honlapj\u00e1n. Egyh\u00e1zk\u00f6zs\u00e9g\u00fcnket\u00a0 1947. m\u00e1jus 13-\u00e1n hozta l\u00e9tre Isten Szolg\u00e1ja,\u00a0Dr. Johann Baptist Sproll rottenburgi p\u00fcsp\u00f6k. Jelenleg mintegy 13 ezer h\u00edve van a t\u00f6rt\u00e9nelmi Magyarorsz\u00e1g minden t\u00e1jegys\u00e9g\u00e9r\u0151l. A 15 mis\u00e9z\u0151hely mindegyik\u00e9ben minden er\u0151nkkel azon vagyunk, hogy a keres\u0151knek f\u00e1klya, az otthontalanoknak otthon \u00e9s mindenkori h\u00edveinknek \u00e1lland\u00f3 er\u0151forr\u00e1s lehess\u00fcnk.&#8221; \u00c1lljon itt im\u00e1ds\u00e1gunk, amelyet a Szent Gell\u00e9rt Egyh\u00e1zk\u00f6zs\u00e9g\u00e9rt aj\u00e1nljuk fel: Isten\u00fcnk, Te vagy a T\u00f6rt\u00e9nelem Ura! Te int\u00e9zed a n\u00e9pek \u00e9s nemzetek, a k\u00f6z\u00f6ss\u00e9gek, a csal\u00e1dok \u00e9s minden egyes ember sors\u00e1t. A Te gondvisel\u0151 j\u00f3s\u00e1godb\u00f3l sz\u00fcletett a mi baden-w\u00fcrttembergi magyar katolikus Egyh\u00e1zk\u00f6zs\u00e9g\u00fcnk is. K\u00f6sz\u00f6nj\u00fck Neked, hogy \u00e1ltala annyi magyar testv\u00e9r\u00fcnknek adt\u00e1l \u00faj otthont, itt az idegenben. K\u00f6sz\u00f6nj\u00fck Neked, hogy seg\u00edt\u0151 kegyelmed \u00e1ltal ma is tagjaiban, benn\u00fcnk, a Te Orsz\u00e1god elj\u00f6vetel\u00e9n munk\u00e1lkodsz. K\u00f6sz\u00f6nj\u00fck Neked a sok lelkip\u00e1sztort \u00e9s h\u00edv\u0151t, akik eddig Egyh\u00e1zk\u00f6zs\u00e9g\u00fcnket vezett\u00e9k \u00e9s fenntartott\u00e1k. Adj neki m\u00e9g sz\u00e1mos \u00e9vet, hogy a keres\u0151knek f\u00e1klya, az otthontalanoknak otthon, \u00e9s mindenkori h\u00edveinek \u00e1lland\u00f3 er\u0151forr\u00e1s lehessen a Te legnagyobb dics\u0151s\u00e9gedre \u00e9s zar\u00e1ndokl\u00f3 n\u00e9ped testi-lelki jav\u00e1ra. Amen. Az olvasm\u00e1nyban az els\u0151 P\u00fcnk\u00f6sdr\u0151l hallhatunk besz\u00e1mol\u00f3t. A p\u00fcnk\u00f6sdi csoda ott \u00e9s akkor sz\u00e1mukra, meg\u00e9rtett\u00e9k egym\u00e1st, b\u00e1r m\u00e1s \u00e9s m\u00e1s nyelvet besz\u00e9ltek. Sz\u00f3t \u00e9rteni, vagyis meg\u00e9rteni egym\u00e1st. Ez mostani feladatunk! A korintusi lev\u00e9l tan\u00edt\u00e1sa is egy\u00e9rtelm\u0171: lelki adom\u00e1nyaink arra szolg\u00e1lnak, hogy azokat az egy test, vagyis a k\u00f6z\u00f6ss\u00e9g szolg\u00e1lat\u00e1ba \u00e1ll\u00edtsuk. Nyilv\u00e1n ennek felt\u00e9tele, hogy magamat a k\u00f6z\u00f6ss\u00e9ghez tartoz\u00f3nak tartsam. Mit teszek a magam k\u00f6z\u00f6ss\u00e9g\u00e9\u00e9rt? Mit aj\u00e1nd\u00e9kozok k\u00f6z\u00f6ss\u00e9gemnek a magam lelki&#8230; <\/p>\n<p><a class=\"readmore\" href=\"https:\/\/stuttgarti-katolikusok.de\/index.php\/punkosdvasarnap-2\/\">R\u00e9szletek<\/a><\/p>\n","protected":false},"author":3,"featured_media":21911,"comment_status":"closed","ping_status":"closed","sticky":false,"template":"","format":"standard","meta":{"footnotes":""},"categories":[85,63],"tags":[],"class_list":["post-28936","post","type-post","status-publish","format-standard","has-post-thumbnail","hentry","category-a-liturgia-olvasmanyai","category-vasarnapi-gondolatok"],"yoast_head":"<!-- This site is optimized with the Yoast SEO plugin v27.3 - https:\/\/yoast.com\/product\/yoast-seo-wordpress\/ -->\n<title>P\u00fcnk\u00f6sdvas\u00e1rnap - Stuttgarti Katolikusok<\/title>\n<meta name=\"robots\" content=\"index, follow, max-snippet:-1, max-image-preview:large, max-video-preview:-1\" \/>\n<link rel=\"canonical\" href=\"https:\/\/stuttgarti-katolikusok.de\/index.php\/punkosdvasarnap-2\/\" \/>\n<meta property=\"og:locale\" content=\"hu_HU\" \/>\n<meta property=\"og:type\" content=\"article\" \/>\n<meta property=\"og:title\" content=\"P\u00fcnk\u00f6sdvas\u00e1rnap - Stuttgarti Katolikusok\" \/>\n<meta property=\"og:description\" content=\"P\u00fcnk\u00f6sd a Szentl\u00e9lek elj\u00f6vetel\u00e9nek \u00e9s az Egyh\u00e1z sz\u00fclet\u00e9s\u00e9nek \u00fcnnepe. Az Egyh\u00e1znak is a Szentl\u00e9lek az er\u0151forr\u00e1sa. \u00c9ppen ez\u00e9rt csakis a Szentl\u00e9lek erej\u00e9ben k\u00e9pes meg\u00fajulni Egyh\u00e1zunk \u00e9s Szent Gell\u00e9rt Egyh\u00e1zk\u00f6zs\u00e9g\u00fcnk. \u00c9ppen ez\u00e9rt a\u00a0 magunk k\u00f6z\u00f6ss\u00e9g\u00e9ben egyben P\u00fcnk\u00f6sd \u00fcnnep\u00e9n k\u00f6sz\u00f6netet \u00e9s h\u00e1l\u00e1t adunk Egyh\u00e1zk\u00f6zs\u00e9g\u00fcnk alap\u00edt\u00e1s\u00e1\u00e9rt, amely 1947. m\u00e1jus 13-\u00e1n t\u00f6rt\u00e9nt. Imm\u00e1r 78 esztend\u0151s nemes \u00f6r\u00f6ks\u00e9g\u00fcnk, amelyre v\u00e9gtelen\u00fcl b\u00fcszk\u00e9k is vagyunk. Honlapunk nyit\u00f3oldal\u00e1n \u00edgy fogadjuk az ide ell\u00e1togat\u00f3kat: &#8222;Isten hozta a Stuttgarti Magyar Katolikus Egyh\u00e1zk\u00f6zs\u00e9g honlapj\u00e1n. Egyh\u00e1zk\u00f6zs\u00e9g\u00fcnket\u00a0 1947. m\u00e1jus 13-\u00e1n hozta l\u00e9tre Isten Szolg\u00e1ja,\u00a0Dr. Johann Baptist Sproll rottenburgi p\u00fcsp\u00f6k. Jelenleg mintegy 13 ezer h\u00edve van a t\u00f6rt\u00e9nelmi Magyarorsz\u00e1g minden t\u00e1jegys\u00e9g\u00e9r\u0151l. A 15 mis\u00e9z\u0151hely mindegyik\u00e9ben minden er\u0151nkkel azon vagyunk, hogy a keres\u0151knek f\u00e1klya, az otthontalanoknak otthon \u00e9s mindenkori h\u00edveinknek \u00e1lland\u00f3 er\u0151forr\u00e1s lehess\u00fcnk.&#8221; \u00c1lljon itt im\u00e1ds\u00e1gunk, amelyet a Szent Gell\u00e9rt Egyh\u00e1zk\u00f6zs\u00e9g\u00e9rt aj\u00e1nljuk fel: Isten\u00fcnk, Te vagy a T\u00f6rt\u00e9nelem Ura! Te int\u00e9zed a n\u00e9pek \u00e9s nemzetek, a k\u00f6z\u00f6ss\u00e9gek, a csal\u00e1dok \u00e9s minden egyes ember sors\u00e1t. A Te gondvisel\u0151 j\u00f3s\u00e1godb\u00f3l sz\u00fcletett a mi baden-w\u00fcrttembergi magyar katolikus Egyh\u00e1zk\u00f6zs\u00e9g\u00fcnk is. K\u00f6sz\u00f6nj\u00fck Neked, hogy \u00e1ltala annyi magyar testv\u00e9r\u00fcnknek adt\u00e1l \u00faj otthont, itt az idegenben. K\u00f6sz\u00f6nj\u00fck Neked, hogy seg\u00edt\u0151 kegyelmed \u00e1ltal ma is tagjaiban, benn\u00fcnk, a Te Orsz\u00e1god elj\u00f6vetel\u00e9n munk\u00e1lkodsz. K\u00f6sz\u00f6nj\u00fck Neked a sok lelkip\u00e1sztort \u00e9s h\u00edv\u0151t, akik eddig Egyh\u00e1zk\u00f6zs\u00e9g\u00fcnket vezett\u00e9k \u00e9s fenntartott\u00e1k. Adj neki m\u00e9g sz\u00e1mos \u00e9vet, hogy a keres\u0151knek f\u00e1klya, az otthontalanoknak otthon, \u00e9s mindenkori h\u00edveinek \u00e1lland\u00f3 er\u0151forr\u00e1s lehessen a Te legnagyobb dics\u0151s\u00e9gedre \u00e9s zar\u00e1ndokl\u00f3 n\u00e9ped testi-lelki jav\u00e1ra. Amen. Az olvasm\u00e1nyban az els\u0151 P\u00fcnk\u00f6sdr\u0151l hallhatunk besz\u00e1mol\u00f3t. A p\u00fcnk\u00f6sdi csoda ott \u00e9s akkor sz\u00e1mukra, meg\u00e9rtett\u00e9k egym\u00e1st, b\u00e1r m\u00e1s \u00e9s m\u00e1s nyelvet besz\u00e9ltek. Sz\u00f3t \u00e9rteni, vagyis meg\u00e9rteni egym\u00e1st. Ez mostani feladatunk! A korintusi lev\u00e9l tan\u00edt\u00e1sa is egy\u00e9rtelm\u0171: lelki adom\u00e1nyaink arra szolg\u00e1lnak, hogy azokat az egy test, vagyis a k\u00f6z\u00f6ss\u00e9g szolg\u00e1lat\u00e1ba \u00e1ll\u00edtsuk. Nyilv\u00e1n ennek felt\u00e9tele, hogy magamat a k\u00f6z\u00f6ss\u00e9ghez tartoz\u00f3nak tartsam. Mit teszek a magam k\u00f6z\u00f6ss\u00e9g\u00e9\u00e9rt? Mit aj\u00e1nd\u00e9kozok k\u00f6z\u00f6ss\u00e9gemnek a magam lelki... R\u00e9szletek\" \/>\n<meta property=\"og:url\" content=\"https:\/\/stuttgarti-katolikusok.de\/index.php\/punkosdvasarnap-2\/\" \/>\n<meta property=\"og:site_name\" content=\"Stuttgarti Katolikusok\" \/>\n<meta property=\"article:published_time\" content=\"2025-06-07T05:02:48+00:00\" \/>\n<meta property=\"article:modified_time\" content=\"2025-06-07T10:10:11+00:00\" \/>\n<meta property=\"og:image\" content=\"https:\/\/stuttgarti-katolikusok.de\/wp-content\/uploads\/2021\/05\/whatsapp-image-2021-05-18-at-000413.jpeg\" \/>\n\t<meta property=\"og:image:width\" content=\"1600\" \/>\n\t<meta property=\"og:image:height\" content=\"1200\" \/>\n\t<meta property=\"og:image:type\" content=\"image\/jpeg\" \/>\n<meta name=\"author\" content=\"Tibor atya\" \/>\n<meta name=\"twitter:card\" content=\"summary_large_image\" \/>\n<meta name=\"twitter:label1\" content=\"Szerz\u0151:\" \/>\n\t<meta name=\"twitter:data1\" content=\"Tibor atya\" \/>\n\t<meta name=\"twitter:label2\" content=\"Becs\u00fclt olvas\u00e1si id\u0151\" \/>\n\t<meta name=\"twitter:data2\" content=\"12 perc\" \/>\n<script type=\"application\/ld+json\" class=\"yoast-schema-graph\">{\"@context\":\"https:\\\/\\\/schema.org\",\"@graph\":[{\"@type\":\"Article\",\"@id\":\"https:\\\/\\\/stuttgarti-katolikusok.de\\\/index.php\\\/punkosdvasarnap-2\\\/#article\",\"isPartOf\":{\"@id\":\"https:\\\/\\\/stuttgarti-katolikusok.de\\\/index.php\\\/punkosdvasarnap-2\\\/\"},\"author\":{\"name\":\"Tibor atya\",\"@id\":\"https:\\\/\\\/stuttgarti-katolikusok.de\\\/#\\\/schema\\\/person\\\/75908d6f8fdc03a57889d27209df7795\"},\"headline\":\"P\u00fcnk\u00f6sdvas\u00e1rnap\",\"datePublished\":\"2025-06-07T05:02:48+00:00\",\"dateModified\":\"2025-06-07T10:10:11+00:00\",\"mainEntityOfPage\":{\"@id\":\"https:\\\/\\\/stuttgarti-katolikusok.de\\\/index.php\\\/punkosdvasarnap-2\\\/\"},\"wordCount\":3028,\"image\":{\"@id\":\"https:\\\/\\\/stuttgarti-katolikusok.de\\\/index.php\\\/punkosdvasarnap-2\\\/#primaryimage\"},\"thumbnailUrl\":\"https:\\\/\\\/stuttgarti-katolikusok.de\\\/wp-content\\\/uploads\\\/2021\\\/05\\\/whatsapp-image-2021-05-18-at-000413.jpeg\",\"articleSection\":[\"A liturgia olvasm\u00e1nyai\",\"Vas\u00e1rnapi gondolatok\"],\"inLanguage\":\"hu\"},{\"@type\":\"WebPage\",\"@id\":\"https:\\\/\\\/stuttgarti-katolikusok.de\\\/index.php\\\/punkosdvasarnap-2\\\/\",\"url\":\"https:\\\/\\\/stuttgarti-katolikusok.de\\\/index.php\\\/punkosdvasarnap-2\\\/\",\"name\":\"P\u00fcnk\u00f6sdvas\u00e1rnap - Stuttgarti Katolikusok\",\"isPartOf\":{\"@id\":\"https:\\\/\\\/stuttgarti-katolikusok.de\\\/#website\"},\"primaryImageOfPage\":{\"@id\":\"https:\\\/\\\/stuttgarti-katolikusok.de\\\/index.php\\\/punkosdvasarnap-2\\\/#primaryimage\"},\"image\":{\"@id\":\"https:\\\/\\\/stuttgarti-katolikusok.de\\\/index.php\\\/punkosdvasarnap-2\\\/#primaryimage\"},\"thumbnailUrl\":\"https:\\\/\\\/stuttgarti-katolikusok.de\\\/wp-content\\\/uploads\\\/2021\\\/05\\\/whatsapp-image-2021-05-18-at-000413.jpeg\",\"datePublished\":\"2025-06-07T05:02:48+00:00\",\"dateModified\":\"2025-06-07T10:10:11+00:00\",\"author\":{\"@id\":\"https:\\\/\\\/stuttgarti-katolikusok.de\\\/#\\\/schema\\\/person\\\/75908d6f8fdc03a57889d27209df7795\"},\"breadcrumb\":{\"@id\":\"https:\\\/\\\/stuttgarti-katolikusok.de\\\/index.php\\\/punkosdvasarnap-2\\\/#breadcrumb\"},\"inLanguage\":\"hu\",\"potentialAction\":[{\"@type\":\"ReadAction\",\"target\":[\"https:\\\/\\\/stuttgarti-katolikusok.de\\\/index.php\\\/punkosdvasarnap-2\\\/\"]}]},{\"@type\":\"ImageObject\",\"inLanguage\":\"hu\",\"@id\":\"https:\\\/\\\/stuttgarti-katolikusok.de\\\/index.php\\\/punkosdvasarnap-2\\\/#primaryimage\",\"url\":\"https:\\\/\\\/stuttgarti-katolikusok.de\\\/wp-content\\\/uploads\\\/2021\\\/05\\\/whatsapp-image-2021-05-18-at-000413.jpeg\",\"contentUrl\":\"https:\\\/\\\/stuttgarti-katolikusok.de\\\/wp-content\\\/uploads\\\/2021\\\/05\\\/whatsapp-image-2021-05-18-at-000413.jpeg\",\"width\":1600,\"height\":1200},{\"@type\":\"BreadcrumbList\",\"@id\":\"https:\\\/\\\/stuttgarti-katolikusok.de\\\/index.php\\\/punkosdvasarnap-2\\\/#breadcrumb\",\"itemListElement\":[{\"@type\":\"ListItem\",\"position\":1,\"name\":\"Kezd\u0151lap\",\"item\":\"https:\\\/\\\/stuttgarti-katolikusok.de\\\/\"},{\"@type\":\"ListItem\",\"position\":2,\"name\":\"P\u00fcnk\u00f6sdvas\u00e1rnap\"}]},{\"@type\":\"WebSite\",\"@id\":\"https:\\\/\\\/stuttgarti-katolikusok.de\\\/#website\",\"url\":\"https:\\\/\\\/stuttgarti-katolikusok.de\\\/\",\"name\":\"Stuttgarti Katolikusok\",\"description\":\"\",\"potentialAction\":[{\"@type\":\"SearchAction\",\"target\":{\"@type\":\"EntryPoint\",\"urlTemplate\":\"https:\\\/\\\/stuttgarti-katolikusok.de\\\/?s={search_term_string}\"},\"query-input\":{\"@type\":\"PropertyValueSpecification\",\"valueRequired\":true,\"valueName\":\"search_term_string\"}}],\"inLanguage\":\"hu\"},{\"@type\":\"Person\",\"@id\":\"https:\\\/\\\/stuttgarti-katolikusok.de\\\/#\\\/schema\\\/person\\\/75908d6f8fdc03a57889d27209df7795\",\"name\":\"Tibor atya\",\"image\":{\"@type\":\"ImageObject\",\"inLanguage\":\"hu\",\"@id\":\"https:\\\/\\\/secure.gravatar.com\\\/avatar\\\/61d268e57d1f4525b111222e29d2d5a7f8c420fdbf231ba5566a8ceac74fa960?s=96&d=mm&r=g\",\"url\":\"https:\\\/\\\/secure.gravatar.com\\\/avatar\\\/61d268e57d1f4525b111222e29d2d5a7f8c420fdbf231ba5566a8ceac74fa960?s=96&d=mm&r=g\",\"contentUrl\":\"https:\\\/\\\/secure.gravatar.com\\\/avatar\\\/61d268e57d1f4525b111222e29d2d5a7f8c420fdbf231ba5566a8ceac74fa960?s=96&d=mm&r=g\",\"caption\":\"Tibor atya\"},\"url\":\"https:\\\/\\\/stuttgarti-katolikusok.de\\\/index.php\\\/author\\\/tibor-atya\\\/\"}]}<\/script>\n<!-- \/ Yoast SEO plugin. -->","yoast_head_json":{"title":"P\u00fcnk\u00f6sdvas\u00e1rnap - Stuttgarti Katolikusok","robots":{"index":"index","follow":"follow","max-snippet":"max-snippet:-1","max-image-preview":"max-image-preview:large","max-video-preview":"max-video-preview:-1"},"canonical":"https:\/\/stuttgarti-katolikusok.de\/index.php\/punkosdvasarnap-2\/","og_locale":"hu_HU","og_type":"article","og_title":"P\u00fcnk\u00f6sdvas\u00e1rnap - Stuttgarti Katolikusok","og_description":"P\u00fcnk\u00f6sd a Szentl\u00e9lek elj\u00f6vetel\u00e9nek \u00e9s az Egyh\u00e1z sz\u00fclet\u00e9s\u00e9nek \u00fcnnepe. Az Egyh\u00e1znak is a Szentl\u00e9lek az er\u0151forr\u00e1sa. \u00c9ppen ez\u00e9rt csakis a Szentl\u00e9lek erej\u00e9ben k\u00e9pes meg\u00fajulni Egyh\u00e1zunk \u00e9s Szent Gell\u00e9rt Egyh\u00e1zk\u00f6zs\u00e9g\u00fcnk. \u00c9ppen ez\u00e9rt a\u00a0 magunk k\u00f6z\u00f6ss\u00e9g\u00e9ben egyben P\u00fcnk\u00f6sd \u00fcnnep\u00e9n k\u00f6sz\u00f6netet \u00e9s h\u00e1l\u00e1t adunk Egyh\u00e1zk\u00f6zs\u00e9g\u00fcnk alap\u00edt\u00e1s\u00e1\u00e9rt, amely 1947. m\u00e1jus 13-\u00e1n t\u00f6rt\u00e9nt. Imm\u00e1r 78 esztend\u0151s nemes \u00f6r\u00f6ks\u00e9g\u00fcnk, amelyre v\u00e9gtelen\u00fcl b\u00fcszk\u00e9k is vagyunk. Honlapunk nyit\u00f3oldal\u00e1n \u00edgy fogadjuk az ide ell\u00e1togat\u00f3kat: &#8222;Isten hozta a Stuttgarti Magyar Katolikus Egyh\u00e1zk\u00f6zs\u00e9g honlapj\u00e1n. Egyh\u00e1zk\u00f6zs\u00e9g\u00fcnket\u00a0 1947. m\u00e1jus 13-\u00e1n hozta l\u00e9tre Isten Szolg\u00e1ja,\u00a0Dr. Johann Baptist Sproll rottenburgi p\u00fcsp\u00f6k. Jelenleg mintegy 13 ezer h\u00edve van a t\u00f6rt\u00e9nelmi Magyarorsz\u00e1g minden t\u00e1jegys\u00e9g\u00e9r\u0151l. A 15 mis\u00e9z\u0151hely mindegyik\u00e9ben minden er\u0151nkkel azon vagyunk, hogy a keres\u0151knek f\u00e1klya, az otthontalanoknak otthon \u00e9s mindenkori h\u00edveinknek \u00e1lland\u00f3 er\u0151forr\u00e1s lehess\u00fcnk.&#8221; \u00c1lljon itt im\u00e1ds\u00e1gunk, amelyet a Szent Gell\u00e9rt Egyh\u00e1zk\u00f6zs\u00e9g\u00e9rt aj\u00e1nljuk fel: Isten\u00fcnk, Te vagy a T\u00f6rt\u00e9nelem Ura! Te int\u00e9zed a n\u00e9pek \u00e9s nemzetek, a k\u00f6z\u00f6ss\u00e9gek, a csal\u00e1dok \u00e9s minden egyes ember sors\u00e1t. A Te gondvisel\u0151 j\u00f3s\u00e1godb\u00f3l sz\u00fcletett a mi baden-w\u00fcrttembergi magyar katolikus Egyh\u00e1zk\u00f6zs\u00e9g\u00fcnk is. K\u00f6sz\u00f6nj\u00fck Neked, hogy \u00e1ltala annyi magyar testv\u00e9r\u00fcnknek adt\u00e1l \u00faj otthont, itt az idegenben. K\u00f6sz\u00f6nj\u00fck Neked, hogy seg\u00edt\u0151 kegyelmed \u00e1ltal ma is tagjaiban, benn\u00fcnk, a Te Orsz\u00e1god elj\u00f6vetel\u00e9n munk\u00e1lkodsz. K\u00f6sz\u00f6nj\u00fck Neked a sok lelkip\u00e1sztort \u00e9s h\u00edv\u0151t, akik eddig Egyh\u00e1zk\u00f6zs\u00e9g\u00fcnket vezett\u00e9k \u00e9s fenntartott\u00e1k. Adj neki m\u00e9g sz\u00e1mos \u00e9vet, hogy a keres\u0151knek f\u00e1klya, az otthontalanoknak otthon, \u00e9s mindenkori h\u00edveinek \u00e1lland\u00f3 er\u0151forr\u00e1s lehessen a Te legnagyobb dics\u0151s\u00e9gedre \u00e9s zar\u00e1ndokl\u00f3 n\u00e9ped testi-lelki jav\u00e1ra. Amen. Az olvasm\u00e1nyban az els\u0151 P\u00fcnk\u00f6sdr\u0151l hallhatunk besz\u00e1mol\u00f3t. A p\u00fcnk\u00f6sdi csoda ott \u00e9s akkor sz\u00e1mukra, meg\u00e9rtett\u00e9k egym\u00e1st, b\u00e1r m\u00e1s \u00e9s m\u00e1s nyelvet besz\u00e9ltek. Sz\u00f3t \u00e9rteni, vagyis meg\u00e9rteni egym\u00e1st. Ez mostani feladatunk! A korintusi lev\u00e9l tan\u00edt\u00e1sa is egy\u00e9rtelm\u0171: lelki adom\u00e1nyaink arra szolg\u00e1lnak, hogy azokat az egy test, vagyis a k\u00f6z\u00f6ss\u00e9g szolg\u00e1lat\u00e1ba \u00e1ll\u00edtsuk. Nyilv\u00e1n ennek felt\u00e9tele, hogy magamat a k\u00f6z\u00f6ss\u00e9ghez tartoz\u00f3nak tartsam. Mit teszek a magam k\u00f6z\u00f6ss\u00e9g\u00e9\u00e9rt? Mit aj\u00e1nd\u00e9kozok k\u00f6z\u00f6ss\u00e9gemnek a magam lelki... R\u00e9szletek","og_url":"https:\/\/stuttgarti-katolikusok.de\/index.php\/punkosdvasarnap-2\/","og_site_name":"Stuttgarti Katolikusok","article_published_time":"2025-06-07T05:02:48+00:00","article_modified_time":"2025-06-07T10:10:11+00:00","og_image":[{"width":1600,"height":1200,"url":"https:\/\/stuttgarti-katolikusok.de\/wp-content\/uploads\/2021\/05\/whatsapp-image-2021-05-18-at-000413.jpeg","type":"image\/jpeg"}],"author":"Tibor atya","twitter_card":"summary_large_image","twitter_misc":{"Szerz\u0151:":"Tibor atya","Becs\u00fclt olvas\u00e1si id\u0151":"12 perc"},"schema":{"@context":"https:\/\/schema.org","@graph":[{"@type":"Article","@id":"https:\/\/stuttgarti-katolikusok.de\/index.php\/punkosdvasarnap-2\/#article","isPartOf":{"@id":"https:\/\/stuttgarti-katolikusok.de\/index.php\/punkosdvasarnap-2\/"},"author":{"name":"Tibor atya","@id":"https:\/\/stuttgarti-katolikusok.de\/#\/schema\/person\/75908d6f8fdc03a57889d27209df7795"},"headline":"P\u00fcnk\u00f6sdvas\u00e1rnap","datePublished":"2025-06-07T05:02:48+00:00","dateModified":"2025-06-07T10:10:11+00:00","mainEntityOfPage":{"@id":"https:\/\/stuttgarti-katolikusok.de\/index.php\/punkosdvasarnap-2\/"},"wordCount":3028,"image":{"@id":"https:\/\/stuttgarti-katolikusok.de\/index.php\/punkosdvasarnap-2\/#primaryimage"},"thumbnailUrl":"https:\/\/stuttgarti-katolikusok.de\/wp-content\/uploads\/2021\/05\/whatsapp-image-2021-05-18-at-000413.jpeg","articleSection":["A liturgia olvasm\u00e1nyai","Vas\u00e1rnapi gondolatok"],"inLanguage":"hu"},{"@type":"WebPage","@id":"https:\/\/stuttgarti-katolikusok.de\/index.php\/punkosdvasarnap-2\/","url":"https:\/\/stuttgarti-katolikusok.de\/index.php\/punkosdvasarnap-2\/","name":"P\u00fcnk\u00f6sdvas\u00e1rnap - Stuttgarti Katolikusok","isPartOf":{"@id":"https:\/\/stuttgarti-katolikusok.de\/#website"},"primaryImageOfPage":{"@id":"https:\/\/stuttgarti-katolikusok.de\/index.php\/punkosdvasarnap-2\/#primaryimage"},"image":{"@id":"https:\/\/stuttgarti-katolikusok.de\/index.php\/punkosdvasarnap-2\/#primaryimage"},"thumbnailUrl":"https:\/\/stuttgarti-katolikusok.de\/wp-content\/uploads\/2021\/05\/whatsapp-image-2021-05-18-at-000413.jpeg","datePublished":"2025-06-07T05:02:48+00:00","dateModified":"2025-06-07T10:10:11+00:00","author":{"@id":"https:\/\/stuttgarti-katolikusok.de\/#\/schema\/person\/75908d6f8fdc03a57889d27209df7795"},"breadcrumb":{"@id":"https:\/\/stuttgarti-katolikusok.de\/index.php\/punkosdvasarnap-2\/#breadcrumb"},"inLanguage":"hu","potentialAction":[{"@type":"ReadAction","target":["https:\/\/stuttgarti-katolikusok.de\/index.php\/punkosdvasarnap-2\/"]}]},{"@type":"ImageObject","inLanguage":"hu","@id":"https:\/\/stuttgarti-katolikusok.de\/index.php\/punkosdvasarnap-2\/#primaryimage","url":"https:\/\/stuttgarti-katolikusok.de\/wp-content\/uploads\/2021\/05\/whatsapp-image-2021-05-18-at-000413.jpeg","contentUrl":"https:\/\/stuttgarti-katolikusok.de\/wp-content\/uploads\/2021\/05\/whatsapp-image-2021-05-18-at-000413.jpeg","width":1600,"height":1200},{"@type":"BreadcrumbList","@id":"https:\/\/stuttgarti-katolikusok.de\/index.php\/punkosdvasarnap-2\/#breadcrumb","itemListElement":[{"@type":"ListItem","position":1,"name":"Kezd\u0151lap","item":"https:\/\/stuttgarti-katolikusok.de\/"},{"@type":"ListItem","position":2,"name":"P\u00fcnk\u00f6sdvas\u00e1rnap"}]},{"@type":"WebSite","@id":"https:\/\/stuttgarti-katolikusok.de\/#website","url":"https:\/\/stuttgarti-katolikusok.de\/","name":"Stuttgarti Katolikusok","description":"","potentialAction":[{"@type":"SearchAction","target":{"@type":"EntryPoint","urlTemplate":"https:\/\/stuttgarti-katolikusok.de\/?s={search_term_string}"},"query-input":{"@type":"PropertyValueSpecification","valueRequired":true,"valueName":"search_term_string"}}],"inLanguage":"hu"},{"@type":"Person","@id":"https:\/\/stuttgarti-katolikusok.de\/#\/schema\/person\/75908d6f8fdc03a57889d27209df7795","name":"Tibor atya","image":{"@type":"ImageObject","inLanguage":"hu","@id":"https:\/\/secure.gravatar.com\/avatar\/61d268e57d1f4525b111222e29d2d5a7f8c420fdbf231ba5566a8ceac74fa960?s=96&d=mm&r=g","url":"https:\/\/secure.gravatar.com\/avatar\/61d268e57d1f4525b111222e29d2d5a7f8c420fdbf231ba5566a8ceac74fa960?s=96&d=mm&r=g","contentUrl":"https:\/\/secure.gravatar.com\/avatar\/61d268e57d1f4525b111222e29d2d5a7f8c420fdbf231ba5566a8ceac74fa960?s=96&d=mm&r=g","caption":"Tibor atya"},"url":"https:\/\/stuttgarti-katolikusok.de\/index.php\/author\/tibor-atya\/"}]}},"_links":{"self":[{"href":"https:\/\/stuttgarti-katolikusok.de\/index.php\/wp-json\/wp\/v2\/posts\/28936","targetHints":{"allow":["GET"]}}],"collection":[{"href":"https:\/\/stuttgarti-katolikusok.de\/index.php\/wp-json\/wp\/v2\/posts"}],"about":[{"href":"https:\/\/stuttgarti-katolikusok.de\/index.php\/wp-json\/wp\/v2\/types\/post"}],"author":[{"embeddable":true,"href":"https:\/\/stuttgarti-katolikusok.de\/index.php\/wp-json\/wp\/v2\/users\/3"}],"replies":[{"embeddable":true,"href":"https:\/\/stuttgarti-katolikusok.de\/index.php\/wp-json\/wp\/v2\/comments?post=28936"}],"version-history":[{"count":6,"href":"https:\/\/stuttgarti-katolikusok.de\/index.php\/wp-json\/wp\/v2\/posts\/28936\/revisions"}],"predecessor-version":[{"id":31161,"href":"https:\/\/stuttgarti-katolikusok.de\/index.php\/wp-json\/wp\/v2\/posts\/28936\/revisions\/31161"}],"wp:featuredmedia":[{"embeddable":true,"href":"https:\/\/stuttgarti-katolikusok.de\/index.php\/wp-json\/wp\/v2\/media\/21911"}],"wp:attachment":[{"href":"https:\/\/stuttgarti-katolikusok.de\/index.php\/wp-json\/wp\/v2\/media?parent=28936"}],"wp:term":[{"taxonomy":"category","embeddable":true,"href":"https:\/\/stuttgarti-katolikusok.de\/index.php\/wp-json\/wp\/v2\/categories?post=28936"},{"taxonomy":"post_tag","embeddable":true,"href":"https:\/\/stuttgarti-katolikusok.de\/index.php\/wp-json\/wp\/v2\/tags?post=28936"}],"curies":[{"name":"wp","href":"https:\/\/api.w.org\/{rel}","templated":true}]}}