{"id":28907,"date":"2024-05-13T18:48:47","date_gmt":"2024-05-13T16:48:47","guid":{"rendered":"https:\/\/stuttgarti-katolikusok.de\/?p=28907"},"modified":"2024-05-13T19:50:09","modified_gmt":"2024-05-13T17:50:09","slug":"2024-majus-13-es-19-kozott","status":"publish","type":"post","link":"https:\/\/stuttgarti-katolikusok.de\/index.php\/2024-majus-13-es-19-kozott\/","title":{"rendered":"2024. M\u00c1JUS 13 \u00c9S 19 K\u00d6Z\u00d6TT"},"content":{"rendered":"<p><span style=\"color: #ff6600;\"><strong><em>Programel\u0151zetes<\/em><\/strong><\/span><\/p>\n<p style=\"text-align: center;\"><strong><span style=\"color: #ff6600;\"><em>\u00a0<\/em>*<\/span><\/strong><\/p>\n<p><strong>M\u00e1jus 17-\u00e9n<\/strong>, p\u00e9nteken, <span style=\"color: #ff6600;\"><strong><em>Stuttgarti d\u00e9lut\u00e1n<\/em><\/strong><\/span>, 17.30 \u00f3rakor<em> r\u00f3zsaf\u00fcz\u00e9r im\u00e1ds\u00e1g, szentmise<\/em> \u00e9s <em>m\u00e1jusi \u00e1jtatoss\u00e1g<\/em>.<\/p>\n<p style=\"text-align: center;\"><span style=\"color: #ff6600;\"><strong>*<\/strong><\/span><\/p>\n<p><strong>M\u00e1jus 18-\u00e1n<\/strong>, szombaton,<\/p>\n<p><span style=\"color: #ff0000;\"><strong>Heidenheimban<\/strong><\/span> 15.30 \u00f3rakor <em>szentmise<\/em>,<\/p>\n<p><span style=\"color: #ff0000;\"><strong>Stuttgartban<\/strong><\/span><strong> \u00a0<\/strong>19.00 \u00f3rakor:<\/p>\n<p><a href=\"https:\/\/stuttgarti-katolikusok.de\/wp-content\/uploads\/2024\/05\/1920x1080-oe-stuttgart-v3.jpg\"><img loading=\"lazy\" decoding=\"async\" class=\"alignnone size-full wp-image-28908\" src=\"https:\/\/stuttgarti-katolikusok.de\/wp-content\/uploads\/2024\/05\/1920x1080-oe-stuttgart-v3.jpg\" alt=\"\" width=\"1920\" height=\"1080\" srcset=\"https:\/\/stuttgarti-katolikusok.de\/wp-content\/uploads\/2024\/05\/1920x1080-oe-stuttgart-v3.jpg 1920w, https:\/\/stuttgarti-katolikusok.de\/wp-content\/uploads\/2024\/05\/1920x1080-oe-stuttgart-v3-300x169.jpg 300w, https:\/\/stuttgarti-katolikusok.de\/wp-content\/uploads\/2024\/05\/1920x1080-oe-stuttgart-v3-1024x576.jpg 1024w, https:\/\/stuttgarti-katolikusok.de\/wp-content\/uploads\/2024\/05\/1920x1080-oe-stuttgart-v3-1536x864.jpg 1536w\" sizes=\"auto, (max-width: 1920px) 100vw, 1920px\" \/><\/a><\/p>\n<p><strong>M\u0170SOR:<\/strong><\/p>\n<p>C. Ph. E. Bach: Fantasia e Fuga V in c-Moll<br \/>\nBach: Esz-d\u00far prel\u00fadium \u00e9s f\u00faga<br \/>\nPachelbel: f-moll chaconne<br \/>\nKod\u00e1ly: Epigramm\u00e1k No.1.,5.<br \/>\nBal\u00e1zs \u00c1d\u00e1m: Fanfare Ungarico<br \/>\nKoloss: Fantasia &#8211; In festum Stephani regis Hungariae<\/p>\n<p style=\"text-align: center;\"><span style=\"color: #ff0000;\"><strong>*<\/strong><\/span><\/p>\n<p><strong>M\u00e1jus 19-\u00e9n<em>,<\/em><\/strong>\u00a0<span style=\"color: #ff0000;\"><strong><em>P\u00fcnk\u00f6sd vas\u00e1rnapja<\/em><\/strong><\/span><em>,\u00a0<\/em><\/p>\n<p><strong><span style=\"color: #ff0000;\">Stuttgartban<\/span>\u00a0<\/strong>11.30 \u00f3rakor <em>h\u00e1laad\u00f3<\/em> szentmise,<em><span style=\"color: #ff0000;\"> Misszi\u00f3nk alap\u00edt\u00e1s\u00e1nak \u00fcnnepe<\/span>,<\/em><\/p>\n<p><span style=\"color: #ff0000;\"><strong>Heilbronnban<\/strong><\/span> 15.30 \u00f3rakor <em>szentmise, <\/em>ut\u00e1na <em>agap\u00e9,<\/em><\/p>\n<p><span style=\"color: #ff0000;\"><strong>Weingartenben<\/strong><\/span><strong><em>\u00a0<\/em><\/strong>16.00 \u00f3rakor<em>\u00a0szentmise <\/em>a <em>14 Nothelfer Kapelle-<\/em>ben.<\/p>\n<p style=\"text-align: center;\"><span style=\"color: #ff0000;\"><strong>*<\/strong><\/span><\/p>\n<p>Minden helyen mindenkit szeretettel v\u00e1r a k\u00f6z\u00f6ss\u00e9g \u00e9s Tibor atya!<\/p>\n<p style=\"text-align: center;\"><span style=\"color: #ff0000;\"><strong>*<\/strong><\/span><\/p>\n<p><a href=\"https:\/\/stuttgarti-katolikusok.de\/wp-content\/uploads\/2021\/05\/whatsapp-image-2021-05-18-at-000413.jpeg\"><img loading=\"lazy\" decoding=\"async\" class=\"alignnone size-full wp-image-21911\" src=\"https:\/\/stuttgarti-katolikusok.de\/wp-content\/uploads\/2021\/05\/whatsapp-image-2021-05-18-at-000413.jpeg\" alt=\"\" width=\"1600\" height=\"1200\" srcset=\"https:\/\/stuttgarti-katolikusok.de\/wp-content\/uploads\/2021\/05\/whatsapp-image-2021-05-18-at-000413.jpeg 1600w, https:\/\/stuttgarti-katolikusok.de\/wp-content\/uploads\/2021\/05\/whatsapp-image-2021-05-18-at-000413-300x225.jpeg 300w, https:\/\/stuttgarti-katolikusok.de\/wp-content\/uploads\/2021\/05\/whatsapp-image-2021-05-18-at-000413-1024x768.jpeg 1024w, https:\/\/stuttgarti-katolikusok.de\/wp-content\/uploads\/2021\/05\/whatsapp-image-2021-05-18-at-000413-1536x1152.jpeg 1536w, https:\/\/stuttgarti-katolikusok.de\/wp-content\/uploads\/2021\/05\/whatsapp-image-2021-05-18-at-000413-164x124.jpeg 164w\" sizes=\"auto, (max-width: 1600px) 100vw, 1600px\" \/><\/a><\/p>\n<p style=\"text-align: center;\"><span style=\"color: #ff0000;\"><strong>*<\/strong><\/span><\/p>\n<p><span style=\"color: #ff6600;\"><strong><em>Kegyelemteljes h\u00fasv\u00e9ti napokat, tartalmas besz\u00e9lget\u00e9seket \u00e9s \u00f6r\u00f6mteli tal\u00e1lkoz\u00e1sokat k\u00edv\u00e1nunk minden Kedves H\u00edv\u00fcnknek!<\/em><\/strong><\/span><\/p>\n<p style=\"text-align: center;\"><span style=\"color: #ff0000;\"><strong><em>*<\/em><\/strong><\/span><\/p>\n<p><span style=\"color: #ff0000;\"><strong>Hrabanus Maurus: P\u00dcNK\u00d6SD HIMNUSZA<\/strong><\/span><\/p>\n<p><strong>(Babits Mih\u00e1ly ford\u00edt\u00e1sa) <\/strong><\/p>\n<p>Teremt\u0151 L\u00e9lek, l\u00e9gy vel\u00fcnk!<br \/>\nL\u00e1togasd h\u00edveid sz\u00edv\u00e9t!<br \/>\nT\u00f6ltsd malaszttal a kebleket,<br \/>\nmelyeknek alkot\u00f3ja vagy.<\/p>\n<p>Te kit V\u00e9d\u0151nknek mondanak,<br \/>\ns mell\u00e9nk a magas \u00c9g adott!<br \/>\nT\u0171z, \u00e9l\u0151 forr\u00e1s, szeretet!<br \/>\nTe lelkek lelki olaja!<\/p>\n<p>Aj\u00e1nd\u00e9koddal h\u00e9tszeres!<br \/>\nTe ujj az Isten jobbkez\u00e9n!<br \/>\nTe, ki az Atya megig\u00e9rt<br \/>\nszav\u00e1val \u00e1ldod torkaink!<\/p>\n<p>Gy\u00fajts f\u00e9nyt \u00e9rz\u00e9keinkbe! \u00d6ntsd<br \/>\nsz\u00edv\u00fcnkbe szent szerelmedet!<br \/>\nS mi benn\u00fcnk testi gy\u00f6nges\u00e9g,<br \/>\n\u00f6r\u00f6k er\u0151ddel izmos\u00edtsd!<\/p>\n<p>Ellens\u00e9g\u00fcnket \u0171zzed el!<br \/>\nS a B\u00e9k\u00e9t t\u00fcst\u00e9nt hozd k\u00f6zel,<br \/>\nel\u0151tt\u00fcnk j\u00e1rva, mint vez\u00e9r!<br \/>\nS ker\u00fclj\u00fcnk mindent, ami \u00e1rt.<\/p>\n<p>\u00c1ltalad tudjuk az Aty\u00e1t,<br \/>\ns ismerj\u00fck, adjad, a Fi\u00fat!<br \/>\nTebenned higyj\u00fck Szellem\u00e9t<br \/>\nmindakett\u0151nek v\u00e9gtelen.<\/p>\n<p>Ezt teljes\u00edtse az Atya,<br \/>\ns vele egyl\u00e9ny\u0171 Egyfia,<br \/>\naki veled uralkodik,<br \/>\n\u00f3h L\u00e9lek, minden sz\u00e1zadig!<\/p>\n<p><em>(K\u00e9p forr\u00e1sa: Szentl\u00e9lek templom &#8211; Szatm\u00e1rn\u00e9meti &#8211; Paulovics L\u00e1szl\u00f3 grafikus, fest\u0151m\u0171v\u00e9sz alkot\u00e1sa)<\/em><\/p>\n","protected":false},"excerpt":{"rendered":"<p>Programel\u0151zetes \u00a0* M\u00e1jus 17-\u00e9n, p\u00e9nteken, Stuttgarti d\u00e9lut\u00e1n, 17.30 \u00f3rakor r\u00f3zsaf\u00fcz\u00e9r im\u00e1ds\u00e1g, szentmise \u00e9s m\u00e1jusi \u00e1jtatoss\u00e1g. * M\u00e1jus 18-\u00e1n, szombaton, Heidenheimban 15.30 \u00f3rakor szentmise, Stuttgartban \u00a019.00 \u00f3rakor: M\u0170SOR: C. Ph. E. Bach: Fantasia e Fuga V in c-Moll Bach: Esz-d\u00far prel\u00fadium \u00e9s f\u00faga Pachelbel: f-moll chaconne Kod\u00e1ly: Epigramm\u00e1k No.1.,5. Bal\u00e1zs \u00c1d\u00e1m: Fanfare Ungarico Koloss: Fantasia &#8211; In festum Stephani regis Hungariae * M\u00e1jus 19-\u00e9n,\u00a0P\u00fcnk\u00f6sd vas\u00e1rnapja,\u00a0 Stuttgartban\u00a011.30 \u00f3rakor h\u00e1laad\u00f3 szentmise, Misszi\u00f3nk alap\u00edt\u00e1s\u00e1nak \u00fcnnepe, Heilbronnban 15.30 \u00f3rakor szentmise, ut\u00e1na agap\u00e9, Weingartenben\u00a016.00 \u00f3rakor\u00a0szentmise a 14 Nothelfer Kapelle-ben. * Minden helyen mindenkit szeretettel v\u00e1r a k\u00f6z\u00f6ss\u00e9g \u00e9s Tibor atya! * * Kegyelemteljes h\u00fasv\u00e9ti napokat, tartalmas besz\u00e9lget\u00e9seket \u00e9s \u00f6r\u00f6mteli tal\u00e1lkoz\u00e1sokat k\u00edv\u00e1nunk minden Kedves H\u00edv\u00fcnknek! * Hrabanus Maurus: P\u00dcNK\u00d6SD HIMNUSZA (Babits Mih\u00e1ly ford\u00edt\u00e1sa) Teremt\u0151 L\u00e9lek, l\u00e9gy vel\u00fcnk! L\u00e1togasd h\u00edveid sz\u00edv\u00e9t! T\u00f6ltsd malaszttal a kebleket, melyeknek alkot\u00f3ja vagy. Te kit V\u00e9d\u0151nknek mondanak, s mell\u00e9nk a magas \u00c9g adott! T\u0171z, \u00e9l\u0151 forr\u00e1s, szeretet! Te lelkek lelki olaja! Aj\u00e1nd\u00e9koddal h\u00e9tszeres! Te ujj az Isten jobbkez\u00e9n! Te, ki az Atya megig\u00e9rt szav\u00e1val \u00e1ldod torkaink! Gy\u00fajts f\u00e9nyt \u00e9rz\u00e9keinkbe! \u00d6ntsd sz\u00edv\u00fcnkbe szent szerelmedet! S mi benn\u00fcnk testi gy\u00f6nges\u00e9g, \u00f6r\u00f6k er\u0151ddel izmos\u00edtsd! Ellens\u00e9g\u00fcnket \u0171zzed el! S a B\u00e9k\u00e9t t\u00fcst\u00e9nt hozd k\u00f6zel, el\u0151tt\u00fcnk j\u00e1rva, mint vez\u00e9r! S ker\u00fclj\u00fcnk mindent, ami \u00e1rt. \u00c1ltalad tudjuk az Aty\u00e1t, s ismerj\u00fck, adjad, a Fi\u00fat! Tebenned higyj\u00fck Szellem\u00e9t mindakett\u0151nek v\u00e9gtelen. Ezt teljes\u00edtse az Atya, s vele egyl\u00e9ny\u0171 Egyfia, aki veled uralkodik, \u00f3h L\u00e9lek, minden sz\u00e1zadig! (K\u00e9p forr\u00e1sa: Szentl\u00e9lek templom &#8211; Szatm\u00e1rn\u00e9meti &#8211; Paulovics L\u00e1szl\u00f3 grafikus, fest\u0151m\u0171v\u00e9sz alkot\u00e1sa)<\/p>\n","protected":false},"author":3,"featured_media":21912,"comment_status":"closed","ping_status":"closed","sticky":false,"template":"","format":"standard","meta":{"footnotes":""},"categories":[37],"tags":[],"class_list":["post-28907","post","type-post","status-publish","format-standard","has-post-thumbnail","hentry","category-progamelozetes"],"yoast_head":"<!-- This site is optimized with the Yoast SEO plugin v27.3 - https:\/\/yoast.com\/product\/yoast-seo-wordpress\/ -->\n<title>2024. M\u00c1JUS 13 \u00c9S 19 K\u00d6Z\u00d6TT - Stuttgarti Katolikusok<\/title>\n<meta name=\"robots\" content=\"index, follow, max-snippet:-1, max-image-preview:large, max-video-preview:-1\" \/>\n<link rel=\"canonical\" href=\"https:\/\/stuttgarti-katolikusok.de\/index.php\/2024-majus-13-es-19-kozott\/\" \/>\n<meta property=\"og:locale\" content=\"hu_HU\" \/>\n<meta property=\"og:type\" content=\"article\" \/>\n<meta property=\"og:title\" content=\"2024. M\u00c1JUS 13 \u00c9S 19 K\u00d6Z\u00d6TT - Stuttgarti Katolikusok\" \/>\n<meta property=\"og:description\" content=\"Programel\u0151zetes \u00a0* M\u00e1jus 17-\u00e9n, p\u00e9nteken, Stuttgarti d\u00e9lut\u00e1n, 17.30 \u00f3rakor r\u00f3zsaf\u00fcz\u00e9r im\u00e1ds\u00e1g, szentmise \u00e9s m\u00e1jusi \u00e1jtatoss\u00e1g. * M\u00e1jus 18-\u00e1n, szombaton, Heidenheimban 15.30 \u00f3rakor szentmise, Stuttgartban \u00a019.00 \u00f3rakor: M\u0170SOR: C. Ph. E. Bach: Fantasia e Fuga V in c-Moll Bach: Esz-d\u00far prel\u00fadium \u00e9s f\u00faga Pachelbel: f-moll chaconne Kod\u00e1ly: Epigramm\u00e1k No.1.,5. Bal\u00e1zs \u00c1d\u00e1m: Fanfare Ungarico Koloss: Fantasia &#8211; In festum Stephani regis Hungariae * M\u00e1jus 19-\u00e9n,\u00a0P\u00fcnk\u00f6sd vas\u00e1rnapja,\u00a0 Stuttgartban\u00a011.30 \u00f3rakor h\u00e1laad\u00f3 szentmise, Misszi\u00f3nk alap\u00edt\u00e1s\u00e1nak \u00fcnnepe, Heilbronnban 15.30 \u00f3rakor szentmise, ut\u00e1na agap\u00e9, Weingartenben\u00a016.00 \u00f3rakor\u00a0szentmise a 14 Nothelfer Kapelle-ben. * Minden helyen mindenkit szeretettel v\u00e1r a k\u00f6z\u00f6ss\u00e9g \u00e9s Tibor atya! * * Kegyelemteljes h\u00fasv\u00e9ti napokat, tartalmas besz\u00e9lget\u00e9seket \u00e9s \u00f6r\u00f6mteli tal\u00e1lkoz\u00e1sokat k\u00edv\u00e1nunk minden Kedves H\u00edv\u00fcnknek! * Hrabanus Maurus: P\u00dcNK\u00d6SD HIMNUSZA (Babits Mih\u00e1ly ford\u00edt\u00e1sa) Teremt\u0151 L\u00e9lek, l\u00e9gy vel\u00fcnk! L\u00e1togasd h\u00edveid sz\u00edv\u00e9t! T\u00f6ltsd malaszttal a kebleket, melyeknek alkot\u00f3ja vagy. Te kit V\u00e9d\u0151nknek mondanak, s mell\u00e9nk a magas \u00c9g adott! T\u0171z, \u00e9l\u0151 forr\u00e1s, szeretet! Te lelkek lelki olaja! Aj\u00e1nd\u00e9koddal h\u00e9tszeres! Te ujj az Isten jobbkez\u00e9n! Te, ki az Atya megig\u00e9rt szav\u00e1val \u00e1ldod torkaink! Gy\u00fajts f\u00e9nyt \u00e9rz\u00e9keinkbe! \u00d6ntsd sz\u00edv\u00fcnkbe szent szerelmedet! S mi benn\u00fcnk testi gy\u00f6nges\u00e9g, \u00f6r\u00f6k er\u0151ddel izmos\u00edtsd! Ellens\u00e9g\u00fcnket \u0171zzed el! S a B\u00e9k\u00e9t t\u00fcst\u00e9nt hozd k\u00f6zel, el\u0151tt\u00fcnk j\u00e1rva, mint vez\u00e9r! S ker\u00fclj\u00fcnk mindent, ami \u00e1rt. \u00c1ltalad tudjuk az Aty\u00e1t, s ismerj\u00fck, adjad, a Fi\u00fat! Tebenned higyj\u00fck Szellem\u00e9t mindakett\u0151nek v\u00e9gtelen. Ezt teljes\u00edtse az Atya, s vele egyl\u00e9ny\u0171 Egyfia, aki veled uralkodik, \u00f3h L\u00e9lek, minden sz\u00e1zadig! (K\u00e9p forr\u00e1sa: Szentl\u00e9lek templom &#8211; Szatm\u00e1rn\u00e9meti &#8211; Paulovics L\u00e1szl\u00f3 grafikus, fest\u0151m\u0171v\u00e9sz alkot\u00e1sa)\" \/>\n<meta property=\"og:url\" content=\"https:\/\/stuttgarti-katolikusok.de\/index.php\/2024-majus-13-es-19-kozott\/\" \/>\n<meta property=\"og:site_name\" content=\"Stuttgarti Katolikusok\" \/>\n<meta property=\"article:published_time\" content=\"2024-05-13T16:48:47+00:00\" \/>\n<meta property=\"article:modified_time\" content=\"2024-05-13T17:50:09+00:00\" \/>\n<meta property=\"og:image\" content=\"https:\/\/stuttgarti-katolikusok.de\/wp-content\/uploads\/2021\/05\/2008oltarkep-0025-scaled.jpg\" \/>\n\t<meta property=\"og:image:width\" content=\"2560\" \/>\n\t<meta property=\"og:image:height\" content=\"1881\" \/>\n\t<meta property=\"og:image:type\" content=\"image\/jpeg\" \/>\n<meta name=\"author\" content=\"Tibor atya\" \/>\n<meta name=\"twitter:card\" content=\"summary_large_image\" \/>\n<meta name=\"twitter:label1\" content=\"Szerz\u0151:\" \/>\n\t<meta name=\"twitter:data1\" content=\"Tibor atya\" \/>\n\t<meta name=\"twitter:label2\" content=\"Becs\u00fclt olvas\u00e1si id\u0151\" \/>\n\t<meta name=\"twitter:data2\" content=\"2 perc\" \/>\n<script type=\"application\/ld+json\" class=\"yoast-schema-graph\">{\"@context\":\"https:\\\/\\\/schema.org\",\"@graph\":[{\"@type\":\"Article\",\"@id\":\"https:\\\/\\\/stuttgarti-katolikusok.de\\\/index.php\\\/2024-majus-13-es-19-kozott\\\/#article\",\"isPartOf\":{\"@id\":\"https:\\\/\\\/stuttgarti-katolikusok.de\\\/index.php\\\/2024-majus-13-es-19-kozott\\\/\"},\"author\":{\"name\":\"Tibor atya\",\"@id\":\"https:\\\/\\\/stuttgarti-katolikusok.de\\\/#\\\/schema\\\/person\\\/75908d6f8fdc03a57889d27209df7795\"},\"headline\":\"2024. M\u00c1JUS 13 \u00c9S 19 K\u00d6Z\u00d6TT\",\"datePublished\":\"2024-05-13T16:48:47+00:00\",\"dateModified\":\"2024-05-13T17:50:09+00:00\",\"mainEntityOfPage\":{\"@id\":\"https:\\\/\\\/stuttgarti-katolikusok.de\\\/index.php\\\/2024-majus-13-es-19-kozott\\\/\"},\"wordCount\":352,\"image\":{\"@id\":\"https:\\\/\\\/stuttgarti-katolikusok.de\\\/index.php\\\/2024-majus-13-es-19-kozott\\\/#primaryimage\"},\"thumbnailUrl\":\"https:\\\/\\\/stuttgarti-katolikusok.de\\\/wp-content\\\/uploads\\\/2021\\\/05\\\/2008oltarkep-0025-scaled.jpg\",\"articleSection\":[\"Progamel\u0151zetes\"],\"inLanguage\":\"hu\"},{\"@type\":\"WebPage\",\"@id\":\"https:\\\/\\\/stuttgarti-katolikusok.de\\\/index.php\\\/2024-majus-13-es-19-kozott\\\/\",\"url\":\"https:\\\/\\\/stuttgarti-katolikusok.de\\\/index.php\\\/2024-majus-13-es-19-kozott\\\/\",\"name\":\"2024. M\u00c1JUS 13 \u00c9S 19 K\u00d6Z\u00d6TT - Stuttgarti Katolikusok\",\"isPartOf\":{\"@id\":\"https:\\\/\\\/stuttgarti-katolikusok.de\\\/#website\"},\"primaryImageOfPage\":{\"@id\":\"https:\\\/\\\/stuttgarti-katolikusok.de\\\/index.php\\\/2024-majus-13-es-19-kozott\\\/#primaryimage\"},\"image\":{\"@id\":\"https:\\\/\\\/stuttgarti-katolikusok.de\\\/index.php\\\/2024-majus-13-es-19-kozott\\\/#primaryimage\"},\"thumbnailUrl\":\"https:\\\/\\\/stuttgarti-katolikusok.de\\\/wp-content\\\/uploads\\\/2021\\\/05\\\/2008oltarkep-0025-scaled.jpg\",\"datePublished\":\"2024-05-13T16:48:47+00:00\",\"dateModified\":\"2024-05-13T17:50:09+00:00\",\"author\":{\"@id\":\"https:\\\/\\\/stuttgarti-katolikusok.de\\\/#\\\/schema\\\/person\\\/75908d6f8fdc03a57889d27209df7795\"},\"breadcrumb\":{\"@id\":\"https:\\\/\\\/stuttgarti-katolikusok.de\\\/index.php\\\/2024-majus-13-es-19-kozott\\\/#breadcrumb\"},\"inLanguage\":\"hu\",\"potentialAction\":[{\"@type\":\"ReadAction\",\"target\":[\"https:\\\/\\\/stuttgarti-katolikusok.de\\\/index.php\\\/2024-majus-13-es-19-kozott\\\/\"]}]},{\"@type\":\"ImageObject\",\"inLanguage\":\"hu\",\"@id\":\"https:\\\/\\\/stuttgarti-katolikusok.de\\\/index.php\\\/2024-majus-13-es-19-kozott\\\/#primaryimage\",\"url\":\"https:\\\/\\\/stuttgarti-katolikusok.de\\\/wp-content\\\/uploads\\\/2021\\\/05\\\/2008oltarkep-0025-scaled.jpg\",\"contentUrl\":\"https:\\\/\\\/stuttgarti-katolikusok.de\\\/wp-content\\\/uploads\\\/2021\\\/05\\\/2008oltarkep-0025-scaled.jpg\",\"width\":2560,\"height\":1881},{\"@type\":\"BreadcrumbList\",\"@id\":\"https:\\\/\\\/stuttgarti-katolikusok.de\\\/index.php\\\/2024-majus-13-es-19-kozott\\\/#breadcrumb\",\"itemListElement\":[{\"@type\":\"ListItem\",\"position\":1,\"name\":\"Kezd\u0151lap\",\"item\":\"https:\\\/\\\/stuttgarti-katolikusok.de\\\/\"},{\"@type\":\"ListItem\",\"position\":2,\"name\":\"2024. M\u00c1JUS 13 \u00c9S 19 K\u00d6Z\u00d6TT\"}]},{\"@type\":\"WebSite\",\"@id\":\"https:\\\/\\\/stuttgarti-katolikusok.de\\\/#website\",\"url\":\"https:\\\/\\\/stuttgarti-katolikusok.de\\\/\",\"name\":\"Stuttgarti Katolikusok\",\"description\":\"\",\"potentialAction\":[{\"@type\":\"SearchAction\",\"target\":{\"@type\":\"EntryPoint\",\"urlTemplate\":\"https:\\\/\\\/stuttgarti-katolikusok.de\\\/?s={search_term_string}\"},\"query-input\":{\"@type\":\"PropertyValueSpecification\",\"valueRequired\":true,\"valueName\":\"search_term_string\"}}],\"inLanguage\":\"hu\"},{\"@type\":\"Person\",\"@id\":\"https:\\\/\\\/stuttgarti-katolikusok.de\\\/#\\\/schema\\\/person\\\/75908d6f8fdc03a57889d27209df7795\",\"name\":\"Tibor atya\",\"image\":{\"@type\":\"ImageObject\",\"inLanguage\":\"hu\",\"@id\":\"https:\\\/\\\/secure.gravatar.com\\\/avatar\\\/61d268e57d1f4525b111222e29d2d5a7f8c420fdbf231ba5566a8ceac74fa960?s=96&d=mm&r=g\",\"url\":\"https:\\\/\\\/secure.gravatar.com\\\/avatar\\\/61d268e57d1f4525b111222e29d2d5a7f8c420fdbf231ba5566a8ceac74fa960?s=96&d=mm&r=g\",\"contentUrl\":\"https:\\\/\\\/secure.gravatar.com\\\/avatar\\\/61d268e57d1f4525b111222e29d2d5a7f8c420fdbf231ba5566a8ceac74fa960?s=96&d=mm&r=g\",\"caption\":\"Tibor atya\"},\"url\":\"https:\\\/\\\/stuttgarti-katolikusok.de\\\/index.php\\\/author\\\/tibor-atya\\\/\"}]}<\/script>\n<!-- \/ Yoast SEO plugin. -->","yoast_head_json":{"title":"2024. M\u00c1JUS 13 \u00c9S 19 K\u00d6Z\u00d6TT - Stuttgarti Katolikusok","robots":{"index":"index","follow":"follow","max-snippet":"max-snippet:-1","max-image-preview":"max-image-preview:large","max-video-preview":"max-video-preview:-1"},"canonical":"https:\/\/stuttgarti-katolikusok.de\/index.php\/2024-majus-13-es-19-kozott\/","og_locale":"hu_HU","og_type":"article","og_title":"2024. M\u00c1JUS 13 \u00c9S 19 K\u00d6Z\u00d6TT - Stuttgarti Katolikusok","og_description":"Programel\u0151zetes \u00a0* M\u00e1jus 17-\u00e9n, p\u00e9nteken, Stuttgarti d\u00e9lut\u00e1n, 17.30 \u00f3rakor r\u00f3zsaf\u00fcz\u00e9r im\u00e1ds\u00e1g, szentmise \u00e9s m\u00e1jusi \u00e1jtatoss\u00e1g. * M\u00e1jus 18-\u00e1n, szombaton, Heidenheimban 15.30 \u00f3rakor szentmise, Stuttgartban \u00a019.00 \u00f3rakor: M\u0170SOR: C. Ph. E. Bach: Fantasia e Fuga V in c-Moll Bach: Esz-d\u00far prel\u00fadium \u00e9s f\u00faga Pachelbel: f-moll chaconne Kod\u00e1ly: Epigramm\u00e1k No.1.,5. Bal\u00e1zs \u00c1d\u00e1m: Fanfare Ungarico Koloss: Fantasia &#8211; In festum Stephani regis Hungariae * M\u00e1jus 19-\u00e9n,\u00a0P\u00fcnk\u00f6sd vas\u00e1rnapja,\u00a0 Stuttgartban\u00a011.30 \u00f3rakor h\u00e1laad\u00f3 szentmise, Misszi\u00f3nk alap\u00edt\u00e1s\u00e1nak \u00fcnnepe, Heilbronnban 15.30 \u00f3rakor szentmise, ut\u00e1na agap\u00e9, Weingartenben\u00a016.00 \u00f3rakor\u00a0szentmise a 14 Nothelfer Kapelle-ben. * Minden helyen mindenkit szeretettel v\u00e1r a k\u00f6z\u00f6ss\u00e9g \u00e9s Tibor atya! * * Kegyelemteljes h\u00fasv\u00e9ti napokat, tartalmas besz\u00e9lget\u00e9seket \u00e9s \u00f6r\u00f6mteli tal\u00e1lkoz\u00e1sokat k\u00edv\u00e1nunk minden Kedves H\u00edv\u00fcnknek! * Hrabanus Maurus: P\u00dcNK\u00d6SD HIMNUSZA (Babits Mih\u00e1ly ford\u00edt\u00e1sa) Teremt\u0151 L\u00e9lek, l\u00e9gy vel\u00fcnk! L\u00e1togasd h\u00edveid sz\u00edv\u00e9t! T\u00f6ltsd malaszttal a kebleket, melyeknek alkot\u00f3ja vagy. Te kit V\u00e9d\u0151nknek mondanak, s mell\u00e9nk a magas \u00c9g adott! T\u0171z, \u00e9l\u0151 forr\u00e1s, szeretet! Te lelkek lelki olaja! Aj\u00e1nd\u00e9koddal h\u00e9tszeres! Te ujj az Isten jobbkez\u00e9n! Te, ki az Atya megig\u00e9rt szav\u00e1val \u00e1ldod torkaink! Gy\u00fajts f\u00e9nyt \u00e9rz\u00e9keinkbe! \u00d6ntsd sz\u00edv\u00fcnkbe szent szerelmedet! S mi benn\u00fcnk testi gy\u00f6nges\u00e9g, \u00f6r\u00f6k er\u0151ddel izmos\u00edtsd! Ellens\u00e9g\u00fcnket \u0171zzed el! S a B\u00e9k\u00e9t t\u00fcst\u00e9nt hozd k\u00f6zel, el\u0151tt\u00fcnk j\u00e1rva, mint vez\u00e9r! S ker\u00fclj\u00fcnk mindent, ami \u00e1rt. \u00c1ltalad tudjuk az Aty\u00e1t, s ismerj\u00fck, adjad, a Fi\u00fat! Tebenned higyj\u00fck Szellem\u00e9t mindakett\u0151nek v\u00e9gtelen. Ezt teljes\u00edtse az Atya, s vele egyl\u00e9ny\u0171 Egyfia, aki veled uralkodik, \u00f3h L\u00e9lek, minden sz\u00e1zadig! (K\u00e9p forr\u00e1sa: Szentl\u00e9lek templom &#8211; Szatm\u00e1rn\u00e9meti &#8211; Paulovics L\u00e1szl\u00f3 grafikus, fest\u0151m\u0171v\u00e9sz alkot\u00e1sa)","og_url":"https:\/\/stuttgarti-katolikusok.de\/index.php\/2024-majus-13-es-19-kozott\/","og_site_name":"Stuttgarti Katolikusok","article_published_time":"2024-05-13T16:48:47+00:00","article_modified_time":"2024-05-13T17:50:09+00:00","og_image":[{"width":2560,"height":1881,"url":"https:\/\/stuttgarti-katolikusok.de\/wp-content\/uploads\/2021\/05\/2008oltarkep-0025-scaled.jpg","type":"image\/jpeg"}],"author":"Tibor atya","twitter_card":"summary_large_image","twitter_misc":{"Szerz\u0151:":"Tibor atya","Becs\u00fclt olvas\u00e1si id\u0151":"2 perc"},"schema":{"@context":"https:\/\/schema.org","@graph":[{"@type":"Article","@id":"https:\/\/stuttgarti-katolikusok.de\/index.php\/2024-majus-13-es-19-kozott\/#article","isPartOf":{"@id":"https:\/\/stuttgarti-katolikusok.de\/index.php\/2024-majus-13-es-19-kozott\/"},"author":{"name":"Tibor atya","@id":"https:\/\/stuttgarti-katolikusok.de\/#\/schema\/person\/75908d6f8fdc03a57889d27209df7795"},"headline":"2024. M\u00c1JUS 13 \u00c9S 19 K\u00d6Z\u00d6TT","datePublished":"2024-05-13T16:48:47+00:00","dateModified":"2024-05-13T17:50:09+00:00","mainEntityOfPage":{"@id":"https:\/\/stuttgarti-katolikusok.de\/index.php\/2024-majus-13-es-19-kozott\/"},"wordCount":352,"image":{"@id":"https:\/\/stuttgarti-katolikusok.de\/index.php\/2024-majus-13-es-19-kozott\/#primaryimage"},"thumbnailUrl":"https:\/\/stuttgarti-katolikusok.de\/wp-content\/uploads\/2021\/05\/2008oltarkep-0025-scaled.jpg","articleSection":["Progamel\u0151zetes"],"inLanguage":"hu"},{"@type":"WebPage","@id":"https:\/\/stuttgarti-katolikusok.de\/index.php\/2024-majus-13-es-19-kozott\/","url":"https:\/\/stuttgarti-katolikusok.de\/index.php\/2024-majus-13-es-19-kozott\/","name":"2024. M\u00c1JUS 13 \u00c9S 19 K\u00d6Z\u00d6TT - Stuttgarti Katolikusok","isPartOf":{"@id":"https:\/\/stuttgarti-katolikusok.de\/#website"},"primaryImageOfPage":{"@id":"https:\/\/stuttgarti-katolikusok.de\/index.php\/2024-majus-13-es-19-kozott\/#primaryimage"},"image":{"@id":"https:\/\/stuttgarti-katolikusok.de\/index.php\/2024-majus-13-es-19-kozott\/#primaryimage"},"thumbnailUrl":"https:\/\/stuttgarti-katolikusok.de\/wp-content\/uploads\/2021\/05\/2008oltarkep-0025-scaled.jpg","datePublished":"2024-05-13T16:48:47+00:00","dateModified":"2024-05-13T17:50:09+00:00","author":{"@id":"https:\/\/stuttgarti-katolikusok.de\/#\/schema\/person\/75908d6f8fdc03a57889d27209df7795"},"breadcrumb":{"@id":"https:\/\/stuttgarti-katolikusok.de\/index.php\/2024-majus-13-es-19-kozott\/#breadcrumb"},"inLanguage":"hu","potentialAction":[{"@type":"ReadAction","target":["https:\/\/stuttgarti-katolikusok.de\/index.php\/2024-majus-13-es-19-kozott\/"]}]},{"@type":"ImageObject","inLanguage":"hu","@id":"https:\/\/stuttgarti-katolikusok.de\/index.php\/2024-majus-13-es-19-kozott\/#primaryimage","url":"https:\/\/stuttgarti-katolikusok.de\/wp-content\/uploads\/2021\/05\/2008oltarkep-0025-scaled.jpg","contentUrl":"https:\/\/stuttgarti-katolikusok.de\/wp-content\/uploads\/2021\/05\/2008oltarkep-0025-scaled.jpg","width":2560,"height":1881},{"@type":"BreadcrumbList","@id":"https:\/\/stuttgarti-katolikusok.de\/index.php\/2024-majus-13-es-19-kozott\/#breadcrumb","itemListElement":[{"@type":"ListItem","position":1,"name":"Kezd\u0151lap","item":"https:\/\/stuttgarti-katolikusok.de\/"},{"@type":"ListItem","position":2,"name":"2024. M\u00c1JUS 13 \u00c9S 19 K\u00d6Z\u00d6TT"}]},{"@type":"WebSite","@id":"https:\/\/stuttgarti-katolikusok.de\/#website","url":"https:\/\/stuttgarti-katolikusok.de\/","name":"Stuttgarti Katolikusok","description":"","potentialAction":[{"@type":"SearchAction","target":{"@type":"EntryPoint","urlTemplate":"https:\/\/stuttgarti-katolikusok.de\/?s={search_term_string}"},"query-input":{"@type":"PropertyValueSpecification","valueRequired":true,"valueName":"search_term_string"}}],"inLanguage":"hu"},{"@type":"Person","@id":"https:\/\/stuttgarti-katolikusok.de\/#\/schema\/person\/75908d6f8fdc03a57889d27209df7795","name":"Tibor atya","image":{"@type":"ImageObject","inLanguage":"hu","@id":"https:\/\/secure.gravatar.com\/avatar\/61d268e57d1f4525b111222e29d2d5a7f8c420fdbf231ba5566a8ceac74fa960?s=96&d=mm&r=g","url":"https:\/\/secure.gravatar.com\/avatar\/61d268e57d1f4525b111222e29d2d5a7f8c420fdbf231ba5566a8ceac74fa960?s=96&d=mm&r=g","contentUrl":"https:\/\/secure.gravatar.com\/avatar\/61d268e57d1f4525b111222e29d2d5a7f8c420fdbf231ba5566a8ceac74fa960?s=96&d=mm&r=g","caption":"Tibor atya"},"url":"https:\/\/stuttgarti-katolikusok.de\/index.php\/author\/tibor-atya\/"}]}},"_links":{"self":[{"href":"https:\/\/stuttgarti-katolikusok.de\/index.php\/wp-json\/wp\/v2\/posts\/28907","targetHints":{"allow":["GET"]}}],"collection":[{"href":"https:\/\/stuttgarti-katolikusok.de\/index.php\/wp-json\/wp\/v2\/posts"}],"about":[{"href":"https:\/\/stuttgarti-katolikusok.de\/index.php\/wp-json\/wp\/v2\/types\/post"}],"author":[{"embeddable":true,"href":"https:\/\/stuttgarti-katolikusok.de\/index.php\/wp-json\/wp\/v2\/users\/3"}],"replies":[{"embeddable":true,"href":"https:\/\/stuttgarti-katolikusok.de\/index.php\/wp-json\/wp\/v2\/comments?post=28907"}],"version-history":[{"count":4,"href":"https:\/\/stuttgarti-katolikusok.de\/index.php\/wp-json\/wp\/v2\/posts\/28907\/revisions"}],"predecessor-version":[{"id":28920,"href":"https:\/\/stuttgarti-katolikusok.de\/index.php\/wp-json\/wp\/v2\/posts\/28907\/revisions\/28920"}],"wp:featuredmedia":[{"embeddable":true,"href":"https:\/\/stuttgarti-katolikusok.de\/index.php\/wp-json\/wp\/v2\/media\/21912"}],"wp:attachment":[{"href":"https:\/\/stuttgarti-katolikusok.de\/index.php\/wp-json\/wp\/v2\/media?parent=28907"}],"wp:term":[{"taxonomy":"category","embeddable":true,"href":"https:\/\/stuttgarti-katolikusok.de\/index.php\/wp-json\/wp\/v2\/categories?post=28907"},{"taxonomy":"post_tag","embeddable":true,"href":"https:\/\/stuttgarti-katolikusok.de\/index.php\/wp-json\/wp\/v2\/tags?post=28907"}],"curies":[{"name":"wp","href":"https:\/\/api.w.org\/{rel}","templated":true}]}}