{"id":28900,"date":"2025-05-28T13:06:40","date_gmt":"2025-05-28T11:06:40","guid":{"rendered":"https:\/\/stuttgarti-katolikusok.de\/?p=28900"},"modified":"2025-05-29T00:08:30","modified_gmt":"2025-05-28T22:08:30","slug":"urunk-mennybemenetele-3","status":"publish","type":"post","link":"https:\/\/stuttgarti-katolikusok.de\/index.php\/urunk-mennybemenetele-3\/","title":{"rendered":"Urunk mennybemenetele"},"content":{"rendered":"<p><span style=\"color: #ff6600;\"><em>Urunk mennybemenetel\u00e9nek \u00fcnnep\u00e9t \u00fclj\u00fck H\u00fasv\u00e9t 7. vas\u00e1rnapj\u00e1n, k\u00f6vetve ezzel az anyaorsz\u00e1g gyakorlat\u00e1t.\u00a0<\/em><\/span><\/p>\n<p><span style=\"color: #ff6600;\"><em>Az olvasm\u00e1ny egyik verse, mely egyben a kezd\u0151\u00e9nek is, \u00e9rdekes k\u00e9p is egyben: &#8222;Galileai f\u00e9rfiak! Mit csod\u00e1lkoztok az \u00e9gre n\u00e9zve? Ahogy l\u00e1tt\u00e1tok \u0151t az \u00e9gbe menni, \u00fagy j\u00f6n el egykor \u00fajra.&#8221; (ApCsel 1,11)\u00a0 &#8211; Megsz\u00f3l\u00edt\u00e1s, k\u00e9rd\u00e9s \u00e9s v\u00e1lasz. Mintegy jelezve, hogy Isten engem is megsz\u00f3l\u00edt, k\u00e9rd\u00e9seimre \u00e9s k\u00e9telyeimre megnyugtat\u00f3 v\u00e1laszt ad. Alapvet\u0151en ez az igaz\u00e1n fontos. A bennem l\u00e9v\u0151 k\u00e9rd\u00e9sek \u00e9s k\u00e9telyek? Benne, a felt\u00e1madt \u00e9s mennybe ment J\u00e9zus Krisztusban v\u00e1laszt, azaz \u00e9rtelmet kapnak.<\/em><\/span><\/p>\n<p><span style=\"color: #ff6600;\"><em>A szentlecke biztat\u00f3 \u00e9s rem\u00e9nyt kelt\u0151 tan\u00edt\u00e1sa: a mennyei Atya megadja nek\u00fcnk a b\u00f6lcsess\u00e9g \u00e9s kinyilatkoztat\u00e1s lelk\u00e9t. A mi utunk azonos azzal az \u00fattal, amelyet a megdics\u0151\u00fclt \u00e9s mennybe ment J\u00e9zus Krisztus mutatott meg nek\u00fcnk. \u0150 nem hagy el minket, hanem vel\u00fcnk marad minden nap, f\u00f6ldi zar\u00e1ndokl\u00e1sunk idej\u00e9n. \u00cdgy jutunk el hozz\u00e1, a dics\u0151s\u00e9g Atyj\u00e1hoz.<\/em><\/span><\/p>\n<p><span style=\"color: #ff6600;\"><em>Az evang\u00e9liumi r\u00e9sz az apostoloknak aj\u00e1nd\u00e9kozott misszi\u00f3s k\u00fcldet\u00e9sr\u0151l sz\u00f3l: &#8222;Menjetek el az eg\u00e9sz vil\u00e1gra&#8230;&#8221; (Mk 16,15) A kereszts\u00e9g szents\u00e9g\u00e9n kereszt\u00fcl, hiszen ekkor r\u00e9szes\u00fclt\u00fcnk Krisztus \u00e1ltal\u00e1nos papi hatalm\u00e1b\u00f3l, mi magunk is az apostolokhoz hasonl\u00f3an r\u00e9szt kaptunk ezen csod\u00e1latos aj\u00e1nd\u00e9kb\u00f3l.\u00a0<\/em><\/span><\/p>\n<p><span style=\"color: #ff6600;\"><em>Krisztus a j\u00f6v\u0151nk! &#8211; volt a mott\u00f3ja Ferenc p\u00e1pa 2023. \u00e1prilis 28 &#8211; 30. k\u00f6z\u00f6tti l\u00e1togat\u00e1s\u00e1nak Budapesten. Mintegy meger\u0151s\u00edt\u00e9se annak a gondolatnak, amelyet az akkori N\u00e9pstadionban, ma Pusk\u00e1s Ferenc Stadion, \u00e9nekelt\u00fcnk t\u00f6bb mint 60.000 fiatallal egy\u00fctt, II. J\u00e1nos P\u00e1l p\u00e1pa 1991. augusztus\u00e1ban tett l\u00e1togat\u00e1sa alkalm\u00e1val: &#8222;A vil\u00e1gnak Krisztus kell!&#8221;.<\/em><\/span><\/p>\n<p><span style=\"color: #ff6600;\">Kezd\u0151\u00e9nek:<\/span><br \/>\nGalileai f\u00e9rfiak! Mit csod\u00e1lkoztok az \u00e9gre n\u00e9zve? Ahogy l\u00e1tt\u00e1tok \u0151t az \u00e9gbe menni, \u00fagy j\u00f6n el egykor \u00fajra, alleluja! (V\u00f6. ApCsel 1,11)<\/p>\n<p><span style=\"color: #ff6600;\">K\u00f6ny\u00f6rg\u00e9s:<\/span><br \/>\nMindenhat\u00f3 Isten\u00fcnk, hadd ujjongjunk szent \u00f6r\u00f6mmel \u00e9s hadd vigadjunk gyermeki h\u00e1laad\u00e1ssal, mert szent Fiadnak, Krisztusnak mennybemenetele a mi f\u00f6lemelked\u00e9s\u00fcnk. Ahov\u00e1 ugyanis a F\u0151 dics\u0151s\u00e9gben eljutott, oda kapott megh\u00edv\u00e1st az eg\u00e9sz test, az Egyh\u00e1z, rem\u00e9nys\u00e9gben. A mi Urunk, J\u00e9zus Krisztus, a te Fiad \u00e1ltal, aki veled \u00e9l \u00e9s uralkodik a Szentl\u00e9lekkel egys\u00e9gben, Isten mind\u00f6r\u00f6kk\u00f6n \u00f6r\u00f6kk\u00e9.<br \/>\n<span style=\"color: #ff6600;\"><em>Vagy<\/em><\/span><br \/>\nMindenhat\u00f3 Isten\u00fcnk, k\u00e9r\u00fcnk, engedd, hogy akik hittel valljuk, hogy Egysz\u00fcl\u00f6tted, a mi Megv\u00e1lt\u00f3nk, a mai napon f\u00f6lment a mennybe, lelk\u00fcnkkel mi magunk is a mennyben lakjunk. Aki veled \u00e9l \u00e9s uralkodik a Szentl\u00e9lekkel egys\u00e9gben, Isten mind\u00f6r\u00f6kk\u00f6n \u00f6r\u00f6kk\u00e9.<\/p>\n<p align=\"justify\"><span style=\"color: #ff6600;\">OLVASM\u00c1NY az Apostolok Cselekedeteib\u0151l (ApCsel 1,1-11)<\/span><br \/>\nEls\u0151 k\u00f6nyvemben, kedves Teofil, elbesz\u00e9ltem, mi mindent tett \u00e9s tan\u00edtott J\u00e9zus eg\u00e9szen addig a napig, amelyen megb\u00edz\u00e1st adott a Szentl\u00e9lek \u00e1ltal kiv\u00e1lasztott apostoloknak, \u00e9s f\u00f6lv\u00e9tetett a mennybe. Szenved\u00e9se ut\u00e1n sokf\u00e9lek\u00e9ppen bebizony\u00edtotta, hogy \u00e9l: negyven napon \u00e1t ism\u00e9telten megjelent nekik, \u00e9s besz\u00e9lt az Isten orsz\u00e1g\u00e1r\u00f3l. Amikor egy alkalommal egy\u00fctt \u00e9tkezett vel\u00fck, megparancsolta nekik, hogy ne hagyj\u00e1k el Jeruzs\u00e1lemet, hanem v\u00e1rjanak az Atya \u00edg\u00e9ret\u00e9re, amelyr\u0151l, mint mondta, t\u0151lem hallottatok: \u201eJ\u00e1nos csak v\u00edzzel keresztelt, de ti n\u00e9h\u00e1ny nap m\u00falva a Szentl\u00e9lekkel fogtok megkeresztelkedni.\u201d Az egybegy\u0171ltek erre megk\u00e9rdezt\u00e9k: \u201eUram, most fogod helyre\u00e1ll\u00edtani Izrael orsz\u00e1g\u00e1t?\u201d \u0150 azt felelte: \u201eNem a ti dolgotok, hogy ismerj\u00e9tek az id\u0151pontokat \u00e9s az alkalmakat. Ezeket az Atya szabta meg a saj\u00e1t tetsz\u00e9se szerint. De amikor lesz\u00e1ll r\u00e1tok a Szentl\u00e9lek, er\u0151 t\u00f6lt el benneteket, \u00e9s tan\u00faim lesztek Jeruzs\u00e1lemben, eg\u00e9sz J\u00fade\u00e1ban \u00e9s Szamari\u00e1ban, s\u0151t eg\u00e9szen a F\u00f6ld v\u00e9gs\u0151 hat\u00e1r\u00e1ig.\u201d<br \/>\nMiut\u00e1n ezeket elmondta, a szem\u00fck l\u00e1tt\u00e1ra f\u00f6lemelkedett, \u00e9s egy felh\u0151 elfedte \u00fagy, hogy tov\u00e1bb m\u00e1r nem l\u00e1thatt\u00e1k. Mik\u00f6zben fesz\u00fclten figyelt\u00e9k, hogyan emelkedik az \u00e9gbe, egyszerre k\u00e9t f\u00e9rfi \u00e1llt meg mellett\u00fck feh\u00e9r ruh\u00e1ba \u00f6lt\u00f6zve, \u00e9s megsz\u00f3l\u00edtotta \u0151ket: \u201eGalileai f\u00e9rfiak! Mi\u00e9rt \u00e1lltok itt \u00e9gre emelt tekintettel? Ez a J\u00e9zus, aki k\u00f6z\u00fcletek az \u00e9gbe emelkedett, \u00fagy j\u00f6n el ism\u00e9t, ahogyan most szemetek l\u00e1tt\u00e1ra a mennybe ment.\u201d<br \/>\nEz az Isten ig\u00e9je.<\/p>\n<p align=\"justify\"><span style=\"color: #ff6600;\">V\u00c1LASZOS ZSOLT\u00c1R (Zsolt 46,2-3.6-7.8-9)<\/span><br \/>\nV\u00e1lasz:\u00a0<strong>Ujjong\u00e1s k\u00f6zt ment f\u00f6l\u00a0<u>Is<\/u>ten, * az \u00dar \u00e9gbe emelkedett\u00a0<u>har<\/u>sonasz\u00f3val.<\/strong>\u00a0(5. t\u00f3nus.)<br \/>\nVagy:\u00a0<strong>Alleluja.<\/strong>\u00a05. sz\u00e1m.<br \/>\nEl\u0151\u00e9nekes: Tapsoljatok, nemzetek,\u00a0<u>mind<\/u>ny\u00e1jan, * ujjongjatok Istennek\u00a0<u>di<\/u>cs\u00e9r\u0151 sz\u00f3val.<br \/>\nMert f\u00e9lelmetes az \u00dar, a f\u00f6ls\u00e9ges\u00a0<u>Is<\/u>ten, * nagy kir\u00e1ly az\u00a0<u>e<\/u>g\u00e9sz f\u00f6ld\u00f6n.<br \/>\nH\u00edvek:\u00a0<strong>Ujjong\u00e1s k\u00f6zt ment f\u00f6l\u00a0<u>Is<\/u>ten, * az \u00dar \u00e9gbe emelkedett\u00a0<u>har<\/u>sonasz\u00f3val.<\/strong><br \/>\nVagy:\u00a0<strong>Alleluja.<\/strong><br \/>\nE: Ujjong\u00e1s k\u00f6zt ment f\u00f6l\u00a0<u>Is<\/u>ten, * az \u00dar \u00e9gbe emelkedett\u00a0<u>har<\/u>sonasz\u00f3val.<br \/>\nZengjetek dalt Isten\u00fcnknek,\u00a0<u>zeng<\/u>jetek, * zengjetek dalt kir\u00e1lyunknak,\u00a0<u>zsol<\/u>t\u00e1rt zengjetek!<br \/>\nH:\u00a0<strong>Ujjong\u00e1s k\u00f6zt ment f\u00f6l\u00a0<u>Is<\/u>ten, * az \u00dar \u00e9gbe emelkedett\u00a0<u>har<\/u>sonasz\u00f3val.<\/strong><br \/>\nVagy:\u00a0<strong>Alleluja.<\/strong><br \/>\nE: Mivel Isten az eg\u00e9sz f\u00f6ld\u00a0<u>ki<\/u>r\u00e1lya, * b\u00f6lcsess\u00e9ggel neki\u00a0<u>\u00e9<\/u>neket zengjetek.<br \/>\nIsten orsz\u00e1gol a nemzetek\u00a0<u>f\u00f6<\/u>l\u00f6tt, * szent tr\u00f3nus\u00e1n\u00a0<u>\u00fcl<\/u>\u00a0az Isten.<br \/>\nH:\u00a0<strong>Ujjong\u00e1s k\u00f6zt ment f\u00f6l\u00a0<u>Is<\/u>ten, * az \u00dar \u00e9gbe emelkedett\u00a0<u>har<\/u>sonasz\u00f3val.<\/strong><br \/>\nVagy:\u00a0<strong>Alleluja.<\/strong><\/p>\n<p align=\"justify\"><span style=\"color: #ff6600;\">SZENTLECKE Szent P\u00e1l apostolnak az efezusiakhoz \u00edrt level\u00e9b\u0151l (Ef 1,17-23 )<\/span><br \/>\nTestv\u00e9reim! Urunk J\u00e9zus Krisztus Istene, a dics\u0151s\u00e9g Atyja adja meg nektek a b\u00f6lcsess\u00e9g \u00e9s kinyilatkoztat\u00e1s lelk\u00e9t, hogy megismerj\u00e9tek \u0151t? Gy\u00fajtson vil\u00e1goss\u00e1got lelketekben, hogy meg\u00e9rts\u00e9tek: milyen rem\u00e9nyre h\u00edvott meg titeket, milyen gazdag az a fens\u00e9ges \u00f6r\u00f6ks\u00e9g, amelyet \u0151 a szenteknek sz\u00e1n, \u00e9s milyen m\u00e9rhetetlen\u00fcl nagy az \u0151 hatalma mirajtunk, h\u00edv\u0151k\u00f6n. Nagyszer\u0171 erej\u00e9t Krisztusban mutatta meg, amikor a hal\u00e1lb\u00f3l felt\u00e1masztotta \u0151t, \u00e9s a mennyben jobbj\u00e1ra \u00fcltette. F\u00f6l\u00e9 emelte minden fejedelems\u00e9gnek, hatalomnak, er\u0151nek \u00e9s uralomnak, s minden n\u00e9ven nevezend\u0151 m\u00e9lt\u00f3s\u00e1gnak, nemcsak ezen a vil\u00e1gon, hanem az elj\u00f6vend\u0151ben is. Mindent l\u00e1ba al\u00e1 vetett, \u0151t mag\u00e1t pedig az eg\u00e9sz Egyh\u00e1z fej\u00e9v\u00e9 tette: ez az \u0151 teste, \u00e9s teljess\u00e9ge annak, aki mindent mindenben bet\u00f6lt.<br \/>\nEz az Isten ig\u00e9je.<\/p>\n<p><span style=\"color: #ff6600;\"><em>Vagy:<\/em><\/span><\/p>\n<p><span style=\"color: #ff6600;\">SZENTLECKE Szent P\u00e1l apostolnak az efezusiakhoz \u00edrt level\u00e9b\u0151l\u00a0 (Ef 4,1-13)<\/span><br \/>\nTestv\u00e9reim! K\u00e9rlek benneteket, \u00e9n, aki fogoly vagyok az \u00darban, hogy \u00e9ljetek m\u00e9lt\u00f3n ahhoz a hivat\u00e1shoz, amelyet kaptatok; teljes al\u00e1zatban, szel\u00edds\u00e9gben \u00e9s t\u00fcrelemben. Viselj\u00e9tek el egym\u00e1st szeretettel. T\u00f6rekedjetek arra, hogy a b\u00e9ke k\u00f6tel\u00e9k\u00e9vel fenntarts\u00e1tok a lelki egys\u00e9get. Egy a Test \u00e9s egy a L\u00e9lek, mint ahogy hivat\u00e1stok is egy rem\u00e9nyre sz\u00f3l. Egy az \u00dar, egy a hit, egy a kereszts\u00e9g. Egy az Isten, mindny\u00e1junk Atyja, aki minden f\u00f6l\u00f6tt \u00e1ll, mindent \u00e1that \u00e9s mindenben benne van. Mindegyik\u00fcnk Krisztus aj\u00e1nd\u00e9koz\u00e1s\u00e1nak m\u00e9rt\u00e9ke szerint r\u00e9szes\u00fclt kegyelemben. Ez\u00e9rt mondja az \u00cdr\u00e1s: F\u00f6lment a magasba, mag\u00e1val vitte a foglyokat, s osztott az embereknek aj\u00e1nd\u00e9kokat. Az pedig, hogy f\u00f6lment, mi m\u00e1st jelent, mint hogy el\u0151bb le is sz\u00e1llt a lenti f\u00f6ldi t\u00e1jakra? Aki lesz\u00e1llt, az emelkedett minden \u00e9g f\u00f6l\u00e9, hogy bet\u00f6ltse a mindens\u00e9get. \u0150 n\u00e9melyeket apostoll\u00e1, m\u00e1sokat pr\u00f3f\u00e9t\u00e1v\u00e1, ism\u00e9t m\u00e1sokat evang\u00e9list\u00e1v\u00e1, p\u00e1sztorr\u00e1 \u00e9s tan\u00edt\u00f3v\u00e1 tett, hogy szolg\u00e1latuk bet\u00f6lt\u00e9s\u00e9re nevelj\u00e9k a szenteket, \u00e9s f\u00f6l\u00e9p\u00edts\u00e9k Krisztus test\u00e9t, am\u00edg mindny\u00e1jan el nem jutunk a hitben \u00e9s az Isten Fia megismer\u00e9s\u00e9ben az egys\u00e9gre, \u00e9s meglett emberr\u00e9 nem lesz\u00fcnk, el\u00e9rve Krisztus teljes \u00e9letkor\u00e1nak m\u00e9rt\u00e9k\u00e9re.<br \/>\nEz az Isten ig\u00e9je.<\/p>\n<p align=\"justify\"><span style=\"color: #ff6600;\">ALLELUJA<\/span><br \/>\nJ\u00e9zus mondja: \u2020 Menjetek, tegyetek tan\u00edtv\u00e1nyomm\u00e1 minden n\u00e9pet! \u00c9n veletek vagyok a vil\u00e1g v\u00e9g\u00e9ig. (Mt 28, 19a. 20b \u2013 5. t\u00f3nus.)<\/p>\n<p align=\"justify\"><span style=\"color: #ff6600;\">\u2020 EVANG\u00c9LIUM Szent M\u00e1rk k\u00f6nyv\u00e9b\u0151l (Mk 16,15-20)<\/span><br \/>\nAbban az id\u0151ben J\u00e9zus megjelent a Tizenegynek, \u00e9s \u00edgy sz\u00f3lt hozz\u00e1juk: \u201eMenjetek el az eg\u00e9sz vil\u00e1gra, \u00e9s hirdess\u00e9tek az evang\u00e9liumot minden teremtm\u00e9nynek. Aki hisz \u00e9s megkeresztelkedik, az \u00fcdv\u00f6z\u00fcl, aki nem hisz, az elk\u00e1rhozik. A h\u00edveket ezek a jelek fogj\u00e1k k\u00eds\u00e9rni: A nevemben \u00f6rd\u00f6g\u00f6ket \u0171znek ki, \u00faj nyelveken besz\u00e9lnek, k\u00edgy\u00f3kat vehetnek a kez\u00fckbe, \u00e9s ha valami m\u00e9rget isznak, nem \u00e1rt nekik. R\u00e1teszik a kez\u00fcket a betegekre, \u00e9s azok meggy\u00f3gyulnak.\u201d Az \u00dar J\u00e9zus, miut\u00e1n ezeket elmondta nekik, felv\u00e9tetett a mennybe, \u00e9s helyet foglalt az Isten jobbj\u00e1n. \u0150k pedig elmentek, \u00e9s minden\u00fctt hirdett\u00e9k az evang\u00e9liumot. Az \u00dar egy\u00fctt munk\u00e1lkodott vel\u00fck, \u00e9s az igehirdet\u00e9st meger\u0151s\u00edtette a jelek \u00e1ltal, amelyek k\u00eds\u00e9rt\u00e9k \u0151ket.<br \/>\nEzek az evang\u00e9lium ig\u00e9i.<\/p>\n<p><span style=\"color: #ff6600;\">EGYETEMES K\u00d6NY\u00d6RG\u00c9SEK<\/span><br \/>\nPap: Forduljunk, testv\u00e9reim, \u00f6rvendez\u0151 l\u00e9lekkel Isten\u00fcnkh\u00f6z, mert a mi Urunk felment a mennybe, elfoglalta tr\u00f3nj\u00e1t Atyj\u00e1nak jobbj\u00e1n, mi pedig v\u00e1rva v\u00e1rjuk dics\u0151s\u00e9ges elj\u00f6vetel\u00e9t!<br \/>\nLektor:<br \/>\n1. K\u00f6ny\u00f6r\u00f6gj\u00fcnk Isten szent Egyh\u00e1z\u00e1\u00e9rt, hogy a vil\u00e1gban tan\u00fas\u00e1got tegyen Urunkr\u00f3l, J\u00e9zus Krisztusr\u00f3l!<br \/>\nH\u00edvek: K\u00e9r\u00fcnk t\u00e9ged, hallgass meg minket!<br \/>\n2. K\u00f6ny\u00f6r\u00f6gj\u00fcnk az Egyh\u00e1z el\u00f6lj\u00e1r\u00f3i\u00e9rt, hogy az \u00edt\u00e9let napj\u00e1n \u00f6r\u00f6mmel adhassanak sz\u00e1mot a mi lelk\u00fcnkr\u0151l!<br \/>\nH\u00edvek: K\u00e9r\u00fcnk t\u00e9ged . . .<br \/>\n3. K\u00f6ny\u00f6r\u00f6gj\u00fcnk a n\u00e9pek vezet\u0151i\u00e9rt, hogy igazs\u00e1goss\u00e1gban \u00e9s szeretetben, b\u00e9k\u00e9ben \u00e9s szabads\u00e1gban korm\u00e1nyozz\u00e1k a n\u00e9peket!<br \/>\nH\u00edvek: K\u00e9r\u00fcnk t\u00e9ged . . .<br \/>\n4. K\u00f6ny\u00f6r\u00f6gj\u00fcnk az Egyh\u00e1z tagjai\u00e9rt, hogy Urunk mennybemenetele adjon er\u0151t nekik a k\u00eds\u00e9rt\u00e9sekben, \u00e9s h\u0171s\u00e9gesnek tal\u00e1ltassanak!<br \/>\nH\u00edvek: K\u00e9r\u00fcnk t\u00e9ged . . .<br \/>\n5. K\u00f6ny\u00f6r\u00f6gj\u00fcnk egyh\u00e1zk\u00f6zs\u00e9g\u00fcnk\u00e9rt, hogy egykor mindny\u00e1jan egy\u00fctt lehess\u00fcnk Krisztusnak \u00e9s az \u0151 szentjeinek dics\u0151s\u00e9g\u00e9ben!<br \/>\nH\u00edvek: K\u00e9r\u00fcnk t\u00e9ged . . .<br \/>\nPap: Urunk, Isten\u00fcnk! Seg\u00edts, hogy mindig h\u00edven szolg\u00e1ljunk Szent F\u00f6ls\u00e9gednek, el ne vesz\u00edts\u00fck kegyelmed aj\u00e1nd\u00e9kait, \u00e9s \u00edgy folytonosan vel\u00fcnk maradj a f\u00f6ld\u00f6n, m\u00edg egykor eljutunk hozz\u00e1d a mennyei dics\u0151s\u00e9gbe. Krisztus, a mi Urunk \u00e1ltal.<br \/>\nH\u00edvek: \u00c1men.<\/p>\n<p><span style=\"color: #ff6600;\">Felaj\u00e1nl\u00f3 k\u00f6ny\u00f6rg\u00e9s:<\/span><br \/>\nUrunk, Isten\u00fcnk, h\u00e1la\u00e1ldozatot mutatunk be neked Fiad mennybemenetel\u00e9nek \u00fcnnep\u00e9n. Al\u00e1zattal k\u00e9r\u00fcnk, viszonz\u00e1sul add, hogy szents\u00e9gi aj\u00e1nd\u00e9kaid mennyei \u00e9letre keltsenek minket. Krisztus, a mi Urunk \u00e1ltal.<\/p>\n<p><span style=\"color: #ff6600;\">Pref\u00e1ci\u00f3:<\/span><br \/>\nAz \u00dar legyen veletek.<br \/>\nH.: \u00c9s a te lelkeddel.<br \/>\nEmelj\u00fck f\u00f6l sz\u00edv\u00fcnket.<br \/>\nH.: F\u00f6lemelt\u00fck az \u00darhoz.<br \/>\nAdjunk h\u00e1l\u00e1t Urunknak, Isten\u00fcnknek.<br \/>\nH.: M\u00e9lt\u00f3 \u00e9s igazs\u00e1gos.<br \/>\n(Mert) Val\u00f3ban m\u00e9lt\u00f3 \u00e9s igazs\u00e1gos, ill\u0151 \u00e9s \u00fcdv\u00f6s, hogy mindig \u00e9s minden\u00fctt h\u00e1l\u00e1t adjunk n\u00e9ked, \u2013 mi Urunk, szents\u00e9ges ATy\u00e1nk, mindenhat\u00f3, \u00f6r\u00f6k Isten:<br \/>\nMert Urunk J\u00e9zus, dics\u0151s\u00e9ges kir\u00e1lyunk a b\u0171nt \u00e9s a hal\u00e1lt legy\u0151zte, \u00e9s az angyalok csod\u00e1lat\u00e1ra (a mai napon) f\u00f6lment a mennybe, hogy Istenn\u00e9l \u00e9rt\u00fcnk, emberek\u00e9rt k\u00f6zbenj\u00e1rjon \u2013 \u00edt\u00e9lje a VIl\u00e1got, \u00e9s uralkodj\u00e9k rajta.<br \/>\n\u0150 nem az\u00e9rt t\u00e1vozott, hogy mag\u00e1ra hagyja az esend\u0151 embert, s\u0151t rem\u00e9nys\u00e9ggel t\u00f6lt el minket, titokzatos test\u00e9nek tagjait, \u2013 hogy k\u00f6vethetj\u00fck a MENNYbe, ahov\u00e1 mint az Egyh\u00e1z feje \u00e9s az \u00e9let szerz\u0151je \u00e9rkezett.<br \/>\nA h\u00fasv\u00e9ti \u00f6r\u00f6m ez\u00e9rt ki\u00e1rad az eg\u00e9sz f\u00f6ldre, a nagyvil\u00e1g \u00f6rvendezve ujjong, a mennyei er\u0151k \u00e9s az angyali hatalmak, \u2013 (a te) dics\u0151s\u00e9ged himnusz\u00e1t ZENgik, \u00e9s v\u00e9g n\u00e9lk\u00fcl mondj\u00e1k (\u00e9neklik):<\/p>\n<p><span style=\"color: #ff6600;\">\u00c1ldoz\u00e1si \u00e9nek:<\/span><br \/>\n\u00cdme, \u00e9n veletek vagyok minden nap, a vil\u00e1g v\u00e9g\u00e9ig, alleluja. (Mt 28,20)<\/p>\n<p><span style=\"color: #ff6600;\">\u00c1ldoz\u00e1s ut\u00e1ni k\u00f6ny\u00f6rg\u00e9s:<\/span><br \/>\nMindenhat\u00f3, \u00f6r\u00f6k Isten, te minket m\u00e1r a f\u00f6ld\u00f6n mennyei eledellel t\u00e1pl\u00e1lsz. Add, hogy \u00e1ldozatos buzg\u00f3s\u00e1ggal t\u00f6rekedj\u00fcnk a mennybe, ahov\u00e1 m\u00e1r f\u00f6lvetted emberi term\u00e9szet\u00fcnket. Krisztus, a mi Urunk \u00e1ltal.<\/p>\n<p><em>(Nyit\u00f3k\u00e9p: Sz\u00e9kesegyh\u00e1z &#8211; Szatm\u00e1rn\u00e9meti)<\/em><\/p>\n","protected":false},"excerpt":{"rendered":"<p>Urunk mennybemenetel\u00e9nek \u00fcnnep\u00e9t \u00fclj\u00fck H\u00fasv\u00e9t 7. vas\u00e1rnapj\u00e1n, k\u00f6vetve ezzel az anyaorsz\u00e1g gyakorlat\u00e1t.\u00a0 Az olvasm\u00e1ny egyik verse, mely egyben a kezd\u0151\u00e9nek is, \u00e9rdekes k\u00e9p is egyben: &#8222;Galileai f\u00e9rfiak! Mit csod\u00e1lkoztok az \u00e9gre n\u00e9zve? Ahogy l\u00e1tt\u00e1tok \u0151t az \u00e9gbe menni, \u00fagy j\u00f6n el egykor \u00fajra.&#8221; (ApCsel 1,11)\u00a0 &#8211; Megsz\u00f3l\u00edt\u00e1s, k\u00e9rd\u00e9s \u00e9s v\u00e1lasz. Mintegy jelezve, hogy Isten engem is megsz\u00f3l\u00edt, k\u00e9rd\u00e9seimre \u00e9s k\u00e9telyeimre megnyugtat\u00f3 v\u00e1laszt ad. Alapvet\u0151en ez az igaz\u00e1n fontos. A bennem l\u00e9v\u0151 k\u00e9rd\u00e9sek \u00e9s k\u00e9telyek? Benne, a felt\u00e1madt \u00e9s mennybe ment J\u00e9zus Krisztusban v\u00e1laszt, azaz \u00e9rtelmet kapnak. A szentlecke biztat\u00f3 \u00e9s rem\u00e9nyt kelt\u0151 tan\u00edt\u00e1sa: a mennyei Atya megadja nek\u00fcnk a b\u00f6lcsess\u00e9g \u00e9s kinyilatkoztat\u00e1s lelk\u00e9t. A mi utunk azonos azzal az \u00fattal, amelyet a megdics\u0151\u00fclt \u00e9s mennybe ment J\u00e9zus Krisztus mutatott meg nek\u00fcnk. \u0150 nem hagy el minket, hanem vel\u00fcnk marad minden nap, f\u00f6ldi zar\u00e1ndokl\u00e1sunk idej\u00e9n. \u00cdgy jutunk el hozz\u00e1, a dics\u0151s\u00e9g Atyj\u00e1hoz. Az evang\u00e9liumi r\u00e9sz az apostoloknak aj\u00e1nd\u00e9kozott misszi\u00f3s k\u00fcldet\u00e9sr\u0151l sz\u00f3l: &#8222;Menjetek el az eg\u00e9sz vil\u00e1gra&#8230;&#8221; (Mk 16,15) A kereszts\u00e9g szents\u00e9g\u00e9n kereszt\u00fcl, hiszen ekkor r\u00e9szes\u00fclt\u00fcnk Krisztus \u00e1ltal\u00e1nos papi hatalm\u00e1b\u00f3l, mi magunk is az apostolokhoz hasonl\u00f3an r\u00e9szt kaptunk ezen csod\u00e1latos aj\u00e1nd\u00e9kb\u00f3l.\u00a0 Krisztus a j\u00f6v\u0151nk! &#8211; volt a mott\u00f3ja Ferenc p\u00e1pa 2023. \u00e1prilis 28 &#8211; 30. k\u00f6z\u00f6tti l\u00e1togat\u00e1s\u00e1nak Budapesten. Mintegy meger\u0151s\u00edt\u00e9se annak a gondolatnak, amelyet az akkori N\u00e9pstadionban, ma Pusk\u00e1s Ferenc Stadion, \u00e9nekelt\u00fcnk t\u00f6bb mint 60.000 fiatallal egy\u00fctt, II. J\u00e1nos P\u00e1l p\u00e1pa 1991. augusztus\u00e1ban tett l\u00e1togat\u00e1sa alkalm\u00e1val: &#8222;A vil\u00e1gnak Krisztus kell!&#8221;. Kezd\u0151\u00e9nek: Galileai f\u00e9rfiak! Mit csod\u00e1lkoztok az \u00e9gre n\u00e9zve? Ahogy l\u00e1tt\u00e1tok \u0151t az \u00e9gbe menni, \u00fagy j\u00f6n el egykor \u00fajra, alleluja! (V\u00f6. ApCsel 1,11) K\u00f6ny\u00f6rg\u00e9s: Mindenhat\u00f3 Isten\u00fcnk, hadd ujjongjunk szent \u00f6r\u00f6mmel \u00e9s hadd vigadjunk gyermeki h\u00e1laad\u00e1ssal, mert szent Fiadnak, Krisztusnak mennybemenetele a mi f\u00f6lemelked\u00e9s\u00fcnk. Ahov\u00e1 ugyanis a F\u0151 dics\u0151s\u00e9gben eljutott, oda kapott megh\u00edv\u00e1st az eg\u00e9sz test, az Egyh\u00e1z, rem\u00e9nys\u00e9gben. A mi Urunk, J\u00e9zus Krisztus, a te Fiad \u00e1ltal, aki veled \u00e9l \u00e9s uralkodik&#8230; <\/p>\n<p><a class=\"readmore\" href=\"https:\/\/stuttgarti-katolikusok.de\/index.php\/urunk-mennybemenetele-3\/\">R\u00e9szletek<\/a><\/p>\n","protected":false},"author":3,"featured_media":28901,"comment_status":"closed","ping_status":"closed","sticky":false,"template":"","format":"standard","meta":{"footnotes":""},"categories":[85,63],"tags":[],"class_list":["post-28900","post","type-post","status-publish","format-standard","has-post-thumbnail","hentry","category-a-liturgia-olvasmanyai","category-vasarnapi-gondolatok"],"yoast_head":"<!-- This site is optimized with the Yoast SEO plugin v27.3 - https:\/\/yoast.com\/product\/yoast-seo-wordpress\/ -->\n<title>Urunk mennybemenetele - Stuttgarti Katolikusok<\/title>\n<meta name=\"robots\" content=\"index, follow, max-snippet:-1, max-image-preview:large, max-video-preview:-1\" \/>\n<link rel=\"canonical\" href=\"https:\/\/stuttgarti-katolikusok.de\/index.php\/urunk-mennybemenetele-3\/\" \/>\n<meta property=\"og:locale\" content=\"hu_HU\" \/>\n<meta property=\"og:type\" content=\"article\" \/>\n<meta property=\"og:title\" content=\"Urunk mennybemenetele - Stuttgarti Katolikusok\" \/>\n<meta property=\"og:description\" content=\"Urunk mennybemenetel\u00e9nek \u00fcnnep\u00e9t \u00fclj\u00fck H\u00fasv\u00e9t 7. vas\u00e1rnapj\u00e1n, k\u00f6vetve ezzel az anyaorsz\u00e1g gyakorlat\u00e1t.\u00a0 Az olvasm\u00e1ny egyik verse, mely egyben a kezd\u0151\u00e9nek is, \u00e9rdekes k\u00e9p is egyben: &#8222;Galileai f\u00e9rfiak! Mit csod\u00e1lkoztok az \u00e9gre n\u00e9zve? Ahogy l\u00e1tt\u00e1tok \u0151t az \u00e9gbe menni, \u00fagy j\u00f6n el egykor \u00fajra.&#8221; (ApCsel 1,11)\u00a0 &#8211; Megsz\u00f3l\u00edt\u00e1s, k\u00e9rd\u00e9s \u00e9s v\u00e1lasz. Mintegy jelezve, hogy Isten engem is megsz\u00f3l\u00edt, k\u00e9rd\u00e9seimre \u00e9s k\u00e9telyeimre megnyugtat\u00f3 v\u00e1laszt ad. Alapvet\u0151en ez az igaz\u00e1n fontos. A bennem l\u00e9v\u0151 k\u00e9rd\u00e9sek \u00e9s k\u00e9telyek? Benne, a felt\u00e1madt \u00e9s mennybe ment J\u00e9zus Krisztusban v\u00e1laszt, azaz \u00e9rtelmet kapnak. A szentlecke biztat\u00f3 \u00e9s rem\u00e9nyt kelt\u0151 tan\u00edt\u00e1sa: a mennyei Atya megadja nek\u00fcnk a b\u00f6lcsess\u00e9g \u00e9s kinyilatkoztat\u00e1s lelk\u00e9t. A mi utunk azonos azzal az \u00fattal, amelyet a megdics\u0151\u00fclt \u00e9s mennybe ment J\u00e9zus Krisztus mutatott meg nek\u00fcnk. \u0150 nem hagy el minket, hanem vel\u00fcnk marad minden nap, f\u00f6ldi zar\u00e1ndokl\u00e1sunk idej\u00e9n. \u00cdgy jutunk el hozz\u00e1, a dics\u0151s\u00e9g Atyj\u00e1hoz. Az evang\u00e9liumi r\u00e9sz az apostoloknak aj\u00e1nd\u00e9kozott misszi\u00f3s k\u00fcldet\u00e9sr\u0151l sz\u00f3l: &#8222;Menjetek el az eg\u00e9sz vil\u00e1gra&#8230;&#8221; (Mk 16,15) A kereszts\u00e9g szents\u00e9g\u00e9n kereszt\u00fcl, hiszen ekkor r\u00e9szes\u00fclt\u00fcnk Krisztus \u00e1ltal\u00e1nos papi hatalm\u00e1b\u00f3l, mi magunk is az apostolokhoz hasonl\u00f3an r\u00e9szt kaptunk ezen csod\u00e1latos aj\u00e1nd\u00e9kb\u00f3l.\u00a0 Krisztus a j\u00f6v\u0151nk! &#8211; volt a mott\u00f3ja Ferenc p\u00e1pa 2023. \u00e1prilis 28 &#8211; 30. k\u00f6z\u00f6tti l\u00e1togat\u00e1s\u00e1nak Budapesten. Mintegy meger\u0151s\u00edt\u00e9se annak a gondolatnak, amelyet az akkori N\u00e9pstadionban, ma Pusk\u00e1s Ferenc Stadion, \u00e9nekelt\u00fcnk t\u00f6bb mint 60.000 fiatallal egy\u00fctt, II. J\u00e1nos P\u00e1l p\u00e1pa 1991. augusztus\u00e1ban tett l\u00e1togat\u00e1sa alkalm\u00e1val: &#8222;A vil\u00e1gnak Krisztus kell!&#8221;. Kezd\u0151\u00e9nek: Galileai f\u00e9rfiak! Mit csod\u00e1lkoztok az \u00e9gre n\u00e9zve? Ahogy l\u00e1tt\u00e1tok \u0151t az \u00e9gbe menni, \u00fagy j\u00f6n el egykor \u00fajra, alleluja! (V\u00f6. ApCsel 1,11) K\u00f6ny\u00f6rg\u00e9s: Mindenhat\u00f3 Isten\u00fcnk, hadd ujjongjunk szent \u00f6r\u00f6mmel \u00e9s hadd vigadjunk gyermeki h\u00e1laad\u00e1ssal, mert szent Fiadnak, Krisztusnak mennybemenetele a mi f\u00f6lemelked\u00e9s\u00fcnk. Ahov\u00e1 ugyanis a F\u0151 dics\u0151s\u00e9gben eljutott, oda kapott megh\u00edv\u00e1st az eg\u00e9sz test, az Egyh\u00e1z, rem\u00e9nys\u00e9gben. A mi Urunk, J\u00e9zus Krisztus, a te Fiad \u00e1ltal, aki veled \u00e9l \u00e9s uralkodik... R\u00e9szletek\" \/>\n<meta property=\"og:url\" content=\"https:\/\/stuttgarti-katolikusok.de\/index.php\/urunk-mennybemenetele-3\/\" \/>\n<meta property=\"og:site_name\" content=\"Stuttgarti Katolikusok\" \/>\n<meta property=\"article:published_time\" content=\"2025-05-28T11:06:40+00:00\" \/>\n<meta property=\"article:modified_time\" content=\"2025-05-28T22:08:30+00:00\" \/>\n<meta property=\"og:image\" content=\"https:\/\/stuttgarti-katolikusok.de\/wp-content\/uploads\/2024\/05\/szekes-sm.jpg\" \/>\n\t<meta property=\"og:image:width\" content=\"526\" \/>\n\t<meta property=\"og:image:height\" content=\"789\" \/>\n\t<meta property=\"og:image:type\" content=\"image\/jpeg\" \/>\n<meta name=\"author\" content=\"Tibor atya\" \/>\n<meta name=\"twitter:card\" content=\"summary_large_image\" \/>\n<meta name=\"twitter:label1\" content=\"Szerz\u0151:\" \/>\n\t<meta name=\"twitter:data1\" content=\"Tibor atya\" \/>\n\t<meta name=\"twitter:label2\" content=\"Becs\u00fclt olvas\u00e1si id\u0151\" \/>\n\t<meta name=\"twitter:data2\" content=\"9 perc\" \/>\n<script type=\"application\/ld+json\" class=\"yoast-schema-graph\">{\"@context\":\"https:\\\/\\\/schema.org\",\"@graph\":[{\"@type\":\"Article\",\"@id\":\"https:\\\/\\\/stuttgarti-katolikusok.de\\\/index.php\\\/urunk-mennybemenetele-3\\\/#article\",\"isPartOf\":{\"@id\":\"https:\\\/\\\/stuttgarti-katolikusok.de\\\/index.php\\\/urunk-mennybemenetele-3\\\/\"},\"author\":{\"name\":\"Tibor atya\",\"@id\":\"https:\\\/\\\/stuttgarti-katolikusok.de\\\/#\\\/schema\\\/person\\\/75908d6f8fdc03a57889d27209df7795\"},\"headline\":\"Urunk mennybemenetele\",\"datePublished\":\"2025-05-28T11:06:40+00:00\",\"dateModified\":\"2025-05-28T22:08:30+00:00\",\"mainEntityOfPage\":{\"@id\":\"https:\\\/\\\/stuttgarti-katolikusok.de\\\/index.php\\\/urunk-mennybemenetele-3\\\/\"},\"wordCount\":2204,\"image\":{\"@id\":\"https:\\\/\\\/stuttgarti-katolikusok.de\\\/index.php\\\/urunk-mennybemenetele-3\\\/#primaryimage\"},\"thumbnailUrl\":\"https:\\\/\\\/stuttgarti-katolikusok.de\\\/wp-content\\\/uploads\\\/2024\\\/05\\\/szekes-sm.jpg\",\"articleSection\":[\"A liturgia olvasm\u00e1nyai\",\"Vas\u00e1rnapi gondolatok\"],\"inLanguage\":\"hu\"},{\"@type\":\"WebPage\",\"@id\":\"https:\\\/\\\/stuttgarti-katolikusok.de\\\/index.php\\\/urunk-mennybemenetele-3\\\/\",\"url\":\"https:\\\/\\\/stuttgarti-katolikusok.de\\\/index.php\\\/urunk-mennybemenetele-3\\\/\",\"name\":\"Urunk mennybemenetele - Stuttgarti Katolikusok\",\"isPartOf\":{\"@id\":\"https:\\\/\\\/stuttgarti-katolikusok.de\\\/#website\"},\"primaryImageOfPage\":{\"@id\":\"https:\\\/\\\/stuttgarti-katolikusok.de\\\/index.php\\\/urunk-mennybemenetele-3\\\/#primaryimage\"},\"image\":{\"@id\":\"https:\\\/\\\/stuttgarti-katolikusok.de\\\/index.php\\\/urunk-mennybemenetele-3\\\/#primaryimage\"},\"thumbnailUrl\":\"https:\\\/\\\/stuttgarti-katolikusok.de\\\/wp-content\\\/uploads\\\/2024\\\/05\\\/szekes-sm.jpg\",\"datePublished\":\"2025-05-28T11:06:40+00:00\",\"dateModified\":\"2025-05-28T22:08:30+00:00\",\"author\":{\"@id\":\"https:\\\/\\\/stuttgarti-katolikusok.de\\\/#\\\/schema\\\/person\\\/75908d6f8fdc03a57889d27209df7795\"},\"breadcrumb\":{\"@id\":\"https:\\\/\\\/stuttgarti-katolikusok.de\\\/index.php\\\/urunk-mennybemenetele-3\\\/#breadcrumb\"},\"inLanguage\":\"hu\",\"potentialAction\":[{\"@type\":\"ReadAction\",\"target\":[\"https:\\\/\\\/stuttgarti-katolikusok.de\\\/index.php\\\/urunk-mennybemenetele-3\\\/\"]}]},{\"@type\":\"ImageObject\",\"inLanguage\":\"hu\",\"@id\":\"https:\\\/\\\/stuttgarti-katolikusok.de\\\/index.php\\\/urunk-mennybemenetele-3\\\/#primaryimage\",\"url\":\"https:\\\/\\\/stuttgarti-katolikusok.de\\\/wp-content\\\/uploads\\\/2024\\\/05\\\/szekes-sm.jpg\",\"contentUrl\":\"https:\\\/\\\/stuttgarti-katolikusok.de\\\/wp-content\\\/uploads\\\/2024\\\/05\\\/szekes-sm.jpg\",\"width\":526,\"height\":789},{\"@type\":\"BreadcrumbList\",\"@id\":\"https:\\\/\\\/stuttgarti-katolikusok.de\\\/index.php\\\/urunk-mennybemenetele-3\\\/#breadcrumb\",\"itemListElement\":[{\"@type\":\"ListItem\",\"position\":1,\"name\":\"Kezd\u0151lap\",\"item\":\"https:\\\/\\\/stuttgarti-katolikusok.de\\\/\"},{\"@type\":\"ListItem\",\"position\":2,\"name\":\"Urunk mennybemenetele\"}]},{\"@type\":\"WebSite\",\"@id\":\"https:\\\/\\\/stuttgarti-katolikusok.de\\\/#website\",\"url\":\"https:\\\/\\\/stuttgarti-katolikusok.de\\\/\",\"name\":\"Stuttgarti Katolikusok\",\"description\":\"\",\"potentialAction\":[{\"@type\":\"SearchAction\",\"target\":{\"@type\":\"EntryPoint\",\"urlTemplate\":\"https:\\\/\\\/stuttgarti-katolikusok.de\\\/?s={search_term_string}\"},\"query-input\":{\"@type\":\"PropertyValueSpecification\",\"valueRequired\":true,\"valueName\":\"search_term_string\"}}],\"inLanguage\":\"hu\"},{\"@type\":\"Person\",\"@id\":\"https:\\\/\\\/stuttgarti-katolikusok.de\\\/#\\\/schema\\\/person\\\/75908d6f8fdc03a57889d27209df7795\",\"name\":\"Tibor atya\",\"image\":{\"@type\":\"ImageObject\",\"inLanguage\":\"hu\",\"@id\":\"https:\\\/\\\/secure.gravatar.com\\\/avatar\\\/61d268e57d1f4525b111222e29d2d5a7f8c420fdbf231ba5566a8ceac74fa960?s=96&d=mm&r=g\",\"url\":\"https:\\\/\\\/secure.gravatar.com\\\/avatar\\\/61d268e57d1f4525b111222e29d2d5a7f8c420fdbf231ba5566a8ceac74fa960?s=96&d=mm&r=g\",\"contentUrl\":\"https:\\\/\\\/secure.gravatar.com\\\/avatar\\\/61d268e57d1f4525b111222e29d2d5a7f8c420fdbf231ba5566a8ceac74fa960?s=96&d=mm&r=g\",\"caption\":\"Tibor atya\"},\"url\":\"https:\\\/\\\/stuttgarti-katolikusok.de\\\/index.php\\\/author\\\/tibor-atya\\\/\"}]}<\/script>\n<!-- \/ Yoast SEO plugin. -->","yoast_head_json":{"title":"Urunk mennybemenetele - Stuttgarti Katolikusok","robots":{"index":"index","follow":"follow","max-snippet":"max-snippet:-1","max-image-preview":"max-image-preview:large","max-video-preview":"max-video-preview:-1"},"canonical":"https:\/\/stuttgarti-katolikusok.de\/index.php\/urunk-mennybemenetele-3\/","og_locale":"hu_HU","og_type":"article","og_title":"Urunk mennybemenetele - Stuttgarti Katolikusok","og_description":"Urunk mennybemenetel\u00e9nek \u00fcnnep\u00e9t \u00fclj\u00fck H\u00fasv\u00e9t 7. vas\u00e1rnapj\u00e1n, k\u00f6vetve ezzel az anyaorsz\u00e1g gyakorlat\u00e1t.\u00a0 Az olvasm\u00e1ny egyik verse, mely egyben a kezd\u0151\u00e9nek is, \u00e9rdekes k\u00e9p is egyben: &#8222;Galileai f\u00e9rfiak! Mit csod\u00e1lkoztok az \u00e9gre n\u00e9zve? Ahogy l\u00e1tt\u00e1tok \u0151t az \u00e9gbe menni, \u00fagy j\u00f6n el egykor \u00fajra.&#8221; (ApCsel 1,11)\u00a0 &#8211; Megsz\u00f3l\u00edt\u00e1s, k\u00e9rd\u00e9s \u00e9s v\u00e1lasz. Mintegy jelezve, hogy Isten engem is megsz\u00f3l\u00edt, k\u00e9rd\u00e9seimre \u00e9s k\u00e9telyeimre megnyugtat\u00f3 v\u00e1laszt ad. Alapvet\u0151en ez az igaz\u00e1n fontos. A bennem l\u00e9v\u0151 k\u00e9rd\u00e9sek \u00e9s k\u00e9telyek? Benne, a felt\u00e1madt \u00e9s mennybe ment J\u00e9zus Krisztusban v\u00e1laszt, azaz \u00e9rtelmet kapnak. A szentlecke biztat\u00f3 \u00e9s rem\u00e9nyt kelt\u0151 tan\u00edt\u00e1sa: a mennyei Atya megadja nek\u00fcnk a b\u00f6lcsess\u00e9g \u00e9s kinyilatkoztat\u00e1s lelk\u00e9t. A mi utunk azonos azzal az \u00fattal, amelyet a megdics\u0151\u00fclt \u00e9s mennybe ment J\u00e9zus Krisztus mutatott meg nek\u00fcnk. \u0150 nem hagy el minket, hanem vel\u00fcnk marad minden nap, f\u00f6ldi zar\u00e1ndokl\u00e1sunk idej\u00e9n. \u00cdgy jutunk el hozz\u00e1, a dics\u0151s\u00e9g Atyj\u00e1hoz. Az evang\u00e9liumi r\u00e9sz az apostoloknak aj\u00e1nd\u00e9kozott misszi\u00f3s k\u00fcldet\u00e9sr\u0151l sz\u00f3l: &#8222;Menjetek el az eg\u00e9sz vil\u00e1gra&#8230;&#8221; (Mk 16,15) A kereszts\u00e9g szents\u00e9g\u00e9n kereszt\u00fcl, hiszen ekkor r\u00e9szes\u00fclt\u00fcnk Krisztus \u00e1ltal\u00e1nos papi hatalm\u00e1b\u00f3l, mi magunk is az apostolokhoz hasonl\u00f3an r\u00e9szt kaptunk ezen csod\u00e1latos aj\u00e1nd\u00e9kb\u00f3l.\u00a0 Krisztus a j\u00f6v\u0151nk! &#8211; volt a mott\u00f3ja Ferenc p\u00e1pa 2023. \u00e1prilis 28 &#8211; 30. k\u00f6z\u00f6tti l\u00e1togat\u00e1s\u00e1nak Budapesten. Mintegy meger\u0151s\u00edt\u00e9se annak a gondolatnak, amelyet az akkori N\u00e9pstadionban, ma Pusk\u00e1s Ferenc Stadion, \u00e9nekelt\u00fcnk t\u00f6bb mint 60.000 fiatallal egy\u00fctt, II. J\u00e1nos P\u00e1l p\u00e1pa 1991. augusztus\u00e1ban tett l\u00e1togat\u00e1sa alkalm\u00e1val: &#8222;A vil\u00e1gnak Krisztus kell!&#8221;. Kezd\u0151\u00e9nek: Galileai f\u00e9rfiak! Mit csod\u00e1lkoztok az \u00e9gre n\u00e9zve? Ahogy l\u00e1tt\u00e1tok \u0151t az \u00e9gbe menni, \u00fagy j\u00f6n el egykor \u00fajra, alleluja! (V\u00f6. ApCsel 1,11) K\u00f6ny\u00f6rg\u00e9s: Mindenhat\u00f3 Isten\u00fcnk, hadd ujjongjunk szent \u00f6r\u00f6mmel \u00e9s hadd vigadjunk gyermeki h\u00e1laad\u00e1ssal, mert szent Fiadnak, Krisztusnak mennybemenetele a mi f\u00f6lemelked\u00e9s\u00fcnk. Ahov\u00e1 ugyanis a F\u0151 dics\u0151s\u00e9gben eljutott, oda kapott megh\u00edv\u00e1st az eg\u00e9sz test, az Egyh\u00e1z, rem\u00e9nys\u00e9gben. A mi Urunk, J\u00e9zus Krisztus, a te Fiad \u00e1ltal, aki veled \u00e9l \u00e9s uralkodik... R\u00e9szletek","og_url":"https:\/\/stuttgarti-katolikusok.de\/index.php\/urunk-mennybemenetele-3\/","og_site_name":"Stuttgarti Katolikusok","article_published_time":"2025-05-28T11:06:40+00:00","article_modified_time":"2025-05-28T22:08:30+00:00","og_image":[{"width":526,"height":789,"url":"https:\/\/stuttgarti-katolikusok.de\/wp-content\/uploads\/2024\/05\/szekes-sm.jpg","type":"image\/jpeg"}],"author":"Tibor atya","twitter_card":"summary_large_image","twitter_misc":{"Szerz\u0151:":"Tibor atya","Becs\u00fclt olvas\u00e1si id\u0151":"9 perc"},"schema":{"@context":"https:\/\/schema.org","@graph":[{"@type":"Article","@id":"https:\/\/stuttgarti-katolikusok.de\/index.php\/urunk-mennybemenetele-3\/#article","isPartOf":{"@id":"https:\/\/stuttgarti-katolikusok.de\/index.php\/urunk-mennybemenetele-3\/"},"author":{"name":"Tibor atya","@id":"https:\/\/stuttgarti-katolikusok.de\/#\/schema\/person\/75908d6f8fdc03a57889d27209df7795"},"headline":"Urunk mennybemenetele","datePublished":"2025-05-28T11:06:40+00:00","dateModified":"2025-05-28T22:08:30+00:00","mainEntityOfPage":{"@id":"https:\/\/stuttgarti-katolikusok.de\/index.php\/urunk-mennybemenetele-3\/"},"wordCount":2204,"image":{"@id":"https:\/\/stuttgarti-katolikusok.de\/index.php\/urunk-mennybemenetele-3\/#primaryimage"},"thumbnailUrl":"https:\/\/stuttgarti-katolikusok.de\/wp-content\/uploads\/2024\/05\/szekes-sm.jpg","articleSection":["A liturgia olvasm\u00e1nyai","Vas\u00e1rnapi gondolatok"],"inLanguage":"hu"},{"@type":"WebPage","@id":"https:\/\/stuttgarti-katolikusok.de\/index.php\/urunk-mennybemenetele-3\/","url":"https:\/\/stuttgarti-katolikusok.de\/index.php\/urunk-mennybemenetele-3\/","name":"Urunk mennybemenetele - Stuttgarti Katolikusok","isPartOf":{"@id":"https:\/\/stuttgarti-katolikusok.de\/#website"},"primaryImageOfPage":{"@id":"https:\/\/stuttgarti-katolikusok.de\/index.php\/urunk-mennybemenetele-3\/#primaryimage"},"image":{"@id":"https:\/\/stuttgarti-katolikusok.de\/index.php\/urunk-mennybemenetele-3\/#primaryimage"},"thumbnailUrl":"https:\/\/stuttgarti-katolikusok.de\/wp-content\/uploads\/2024\/05\/szekes-sm.jpg","datePublished":"2025-05-28T11:06:40+00:00","dateModified":"2025-05-28T22:08:30+00:00","author":{"@id":"https:\/\/stuttgarti-katolikusok.de\/#\/schema\/person\/75908d6f8fdc03a57889d27209df7795"},"breadcrumb":{"@id":"https:\/\/stuttgarti-katolikusok.de\/index.php\/urunk-mennybemenetele-3\/#breadcrumb"},"inLanguage":"hu","potentialAction":[{"@type":"ReadAction","target":["https:\/\/stuttgarti-katolikusok.de\/index.php\/urunk-mennybemenetele-3\/"]}]},{"@type":"ImageObject","inLanguage":"hu","@id":"https:\/\/stuttgarti-katolikusok.de\/index.php\/urunk-mennybemenetele-3\/#primaryimage","url":"https:\/\/stuttgarti-katolikusok.de\/wp-content\/uploads\/2024\/05\/szekes-sm.jpg","contentUrl":"https:\/\/stuttgarti-katolikusok.de\/wp-content\/uploads\/2024\/05\/szekes-sm.jpg","width":526,"height":789},{"@type":"BreadcrumbList","@id":"https:\/\/stuttgarti-katolikusok.de\/index.php\/urunk-mennybemenetele-3\/#breadcrumb","itemListElement":[{"@type":"ListItem","position":1,"name":"Kezd\u0151lap","item":"https:\/\/stuttgarti-katolikusok.de\/"},{"@type":"ListItem","position":2,"name":"Urunk mennybemenetele"}]},{"@type":"WebSite","@id":"https:\/\/stuttgarti-katolikusok.de\/#website","url":"https:\/\/stuttgarti-katolikusok.de\/","name":"Stuttgarti Katolikusok","description":"","potentialAction":[{"@type":"SearchAction","target":{"@type":"EntryPoint","urlTemplate":"https:\/\/stuttgarti-katolikusok.de\/?s={search_term_string}"},"query-input":{"@type":"PropertyValueSpecification","valueRequired":true,"valueName":"search_term_string"}}],"inLanguage":"hu"},{"@type":"Person","@id":"https:\/\/stuttgarti-katolikusok.de\/#\/schema\/person\/75908d6f8fdc03a57889d27209df7795","name":"Tibor atya","image":{"@type":"ImageObject","inLanguage":"hu","@id":"https:\/\/secure.gravatar.com\/avatar\/61d268e57d1f4525b111222e29d2d5a7f8c420fdbf231ba5566a8ceac74fa960?s=96&d=mm&r=g","url":"https:\/\/secure.gravatar.com\/avatar\/61d268e57d1f4525b111222e29d2d5a7f8c420fdbf231ba5566a8ceac74fa960?s=96&d=mm&r=g","contentUrl":"https:\/\/secure.gravatar.com\/avatar\/61d268e57d1f4525b111222e29d2d5a7f8c420fdbf231ba5566a8ceac74fa960?s=96&d=mm&r=g","caption":"Tibor atya"},"url":"https:\/\/stuttgarti-katolikusok.de\/index.php\/author\/tibor-atya\/"}]}},"_links":{"self":[{"href":"https:\/\/stuttgarti-katolikusok.de\/index.php\/wp-json\/wp\/v2\/posts\/28900","targetHints":{"allow":["GET"]}}],"collection":[{"href":"https:\/\/stuttgarti-katolikusok.de\/index.php\/wp-json\/wp\/v2\/posts"}],"about":[{"href":"https:\/\/stuttgarti-katolikusok.de\/index.php\/wp-json\/wp\/v2\/types\/post"}],"author":[{"embeddable":true,"href":"https:\/\/stuttgarti-katolikusok.de\/index.php\/wp-json\/wp\/v2\/users\/3"}],"replies":[{"embeddable":true,"href":"https:\/\/stuttgarti-katolikusok.de\/index.php\/wp-json\/wp\/v2\/comments?post=28900"}],"version-history":[{"count":2,"href":"https:\/\/stuttgarti-katolikusok.de\/index.php\/wp-json\/wp\/v2\/posts\/28900\/revisions"}],"predecessor-version":[{"id":28903,"href":"https:\/\/stuttgarti-katolikusok.de\/index.php\/wp-json\/wp\/v2\/posts\/28900\/revisions\/28903"}],"wp:featuredmedia":[{"embeddable":true,"href":"https:\/\/stuttgarti-katolikusok.de\/index.php\/wp-json\/wp\/v2\/media\/28901"}],"wp:attachment":[{"href":"https:\/\/stuttgarti-katolikusok.de\/index.php\/wp-json\/wp\/v2\/media?parent=28900"}],"wp:term":[{"taxonomy":"category","embeddable":true,"href":"https:\/\/stuttgarti-katolikusok.de\/index.php\/wp-json\/wp\/v2\/categories?post=28900"},{"taxonomy":"post_tag","embeddable":true,"href":"https:\/\/stuttgarti-katolikusok.de\/index.php\/wp-json\/wp\/v2\/tags?post=28900"}],"curies":[{"name":"wp","href":"https:\/\/api.w.org\/{rel}","templated":true}]}}