{"id":28869,"date":"2024-05-04T11:13:05","date_gmt":"2024-05-04T09:13:05","guid":{"rendered":"https:\/\/stuttgarti-katolikusok.de\/?p=28869"},"modified":"2024-05-04T11:13:37","modified_gmt":"2024-05-04T09:13:37","slug":"husvet-6-vasarnapja-3","status":"publish","type":"post","link":"https:\/\/stuttgarti-katolikusok.de\/index.php\/husvet-6-vasarnapja-3\/","title":{"rendered":"H\u00fasv\u00e9t 6. vas\u00e1rnapja"},"content":{"rendered":"<p><span style=\"color: #ff6600;\"><em>H\u00fasv\u00e9t 6. vas\u00e1rnapja a szeretet els\u0151rend\u0171s\u00e9g\u00e9t hirdeti. A szeretet a legnagyobb a vil\u00e1gon. Egyben pedig a h\u00edv\u0151 embernek a legnagyobb felismer\u00e9s, hogy Isten a szeretet. Magam t\u00f6rekv\u00e9se pedig, hogy az Isten k\u00edn\u00e1lta szeretetet a lehet\u0151 leghitelesebben k\u00f6zvet\u00edtsem m\u00e1sok fel\u00e9, \u00fagy ahogyan \u00e9n meg\u00e9lem. Cselekedeteim\u00a0 legf\u0151bb \u00e9rt\u00e9k\u00e9t is adja egyben, mennyire van \u00e1titatva a magam szeretet\u00e9vel.<\/em><\/span><\/p>\n<p><span style=\"color: #ff6600;\"><em>Az olvasm\u00e1ny fontos \u00fczenete: &#8222;Val\u00f3ban el kell ismernem, hogy Isten nem szem\u00e9lyv\u00e1logat\u00f3.&#8221; Biztat\u00e1s \u00e9s b\u00e1tor\u00edt\u00e1s mindannyiunk sz\u00e1m\u00e1ra, hogy mi magunk is ezen az \u00faton induljunk el. Csakis ez \u0151riz meg az \u00f3ri\u00e1si k\u00eds\u00e9rt\u00e9st\u0151l, amelyet el\u0151\u00edt\u00e9letnek nevez\u00fcnk.<\/em><\/span><\/p>\n<p><span style=\"color: #ff6600;\"><em>A szentlecke a szeret er\u00e9ny\u00e9nek fels\u0151rend\u0171s\u00e9g\u00e9t hirdeti. Alapja \u00e9s forr\u00e1sa az Isten ir\u00e1ntunk val\u00f3 szeretete. A legt\u00f6bb embert a szeretet vezette Istenhez, annak szava \u00e9s gyakorl\u00e1sa. Amennyiben gyakoroljuk a szeretetet, vagyis szeretetben \u00e9l\u00fcnk, \u00fagy m\u00e1sokat is Istenhez vezethet\u00fcnk.<\/em><\/span><\/p>\n<p><span style=\"color: #ff6600;\"><em>Az evang\u00e9liumban Krisztus \u00f6nmaga ir\u00e1ntunk val\u00f3 szeretet\u00e9t \u00e1ll\u00edtotta el\u00e9nk p\u00e9ld\u00e1nak. A Krisztus k\u00edn\u00e1lta szeretet aj\u00e1nd\u00e9ka, hogy bar\u00e1tj\u00e1nak nevez, nem pedig szolg\u00e1nak. A szolga kapcsolatban megjelenik a f\u00f6l\u00e9- \u00e9s al\u00e1rendelts\u00e9g, a birtokl\u00e1s \u00e9s kiszolg\u00e1ltatotts\u00e1g \u00e9rz\u00e9se. A bar\u00e1ti kapcsolatban mindez nincs meg. A bar\u00e1t nem tulajdon, nincs sem f\u00f6l\u00f6ttem, sem alattam. Szeretem \u00e9s elfogadom \u0151t a maga intimit\u00e1s\u00e1ban, felt\u00e9telek n\u00e9lk\u00fcl. Hogyan \u00e9led meg bar\u00e1ti kapcsolataidat?<\/em><em>\u00a0<\/em><\/span><\/p>\n<p><span style=\"color: #ff6600;\">Kezd\u0151\u00e9nek:<\/span><br \/>\n\u00d6rvendez\u0151 sz\u00f3val hirdess\u00e9tek, hogy mindenki hallja, hirdess\u00e9tek minden\u00fctt a f\u00f6ld v\u00e9gs\u0151 hat\u00e1r\u00e1ig: megszabad\u00edtotta az \u00dar az \u0151 n\u00e9p\u00e9t, alleluja! (V\u00f6. Iz 48,20)<\/p>\n<p><span style=\"color: #ff6600;\">K\u00f6ny\u00f6rg\u00e9s:<\/span><br \/>\nMindenhat\u00f3 Isten\u00fcnk, add, hogy odaad\u00f3 buzg\u00f3s\u00e1ggal \u00fcnnepelj\u00fck Urunk felt\u00e1mad\u00e1s\u00e1nak \u00f6r\u00f6mnapjait. Engedd, hogy cselekedeteinkkel mindenkor \u00e9letre v\u00e1ltsuk, amit az eml\u00e9kez\u00e9ssel felid\u00e9z\u00fcnk. A mi Urunk, J\u00e9zus Krisztus, a te Fiad \u00e1ltal, aki veled \u00e9l \u00e9s uralkodik a Szentl\u00e9lekkel egys\u00e9gben, Isten mind\u00f6r\u00f6kk\u00f6n \u00f6r\u00f6kk\u00e9.<\/p>\n<p>Az olvasm\u00e1ny egy mondat\u00e1t hozom ide: \u201eVal\u00f3ban, el kell ismernem, hogy Isten nem szem\u00e9lyv\u00e1logat\u00f3.&#8221; J\u00f3 ezt tudatos\u00edtanom magam sz\u00e1m\u00e1ra. \u0150 elfogad engem \u00edgy, ahogy vagyok. \u00d6szt\u00f6n\u00f6zz\u00f6n abban, hogy m\u00e1sokat is el tudjak fogadni. T\u00fal kell l\u00e9pnem a magam el\u0151\u00edt\u00e9letein!<\/p>\n<p>A szentlecke \u00fczenete: a szeretet Istent\u0151l van. Amennyiben szeretetben \u00e9l\u00fcnk,<\/p>\n<p align=\"justify\"><span style=\"color: #ff6600;\">OLVASM\u00c1NY az Apostolok Cselekedeteib\u0151l (ApCsel 10,25-26.34-35.44-48)<\/span><br \/>\nAmikor P\u00e9ter meg\u00e9rkezett (Cez\u00e1re\u00e1ba), Korn\u00e9liusz (sz\u00e1zados) el\u00e9je sietett, \u00e9s a l\u00e1b\u00e1hoz borult, hogy h\u00f3doljon neki. De P\u00e9ter f\u00f6lemelte. \u201e\u00c1llj fel \u2013 mondta \u2013, hisz \u00e9n is csak ember vagyok.\u201d Majd sz\u00f3l\u00e1sra nyitotta ajk\u00e1t \u00e9s ezeket mondta: \u201eVal\u00f3ban, el kell ismernem, hogy Isten nem szem\u00e9lyv\u00e1logat\u00f3. Mindenki kedves el\u0151tte, b\u00e1rmely n\u00e9phez tartozik is, aki f\u00e9li \u0151t, \u00e9s az igazs\u00e1got cselekszi.\u201d<br \/>\nP\u00e9ter m\u00e9g be sem fejezte a besz\u00e9det, \u00e9s a Szentl\u00e9lek m\u00e1r lesz\u00e1llt mindenkire, aki hallgatta a tan\u00edt\u00e1st. A zsid\u00f3kb\u00f3l lett kereszt\u00e9nyek, akik P\u00e9terrel \u00e9rkeztek, \u00e1mulatba estek, hogy a Szentl\u00e9lek aj\u00e1nd\u00e9ka a pog\u00e1nyokra is ki\u00e1radt. Mert hallott\u00e1k, hogy megkapt\u00e1k a nyelvek adom\u00e1ny\u00e1t, \u00e9s magasztalj\u00e1k az Istent.<br \/>\nP\u00e9ter megsz\u00f3lalt: \u201eMeg lehet-e tagadni a keresztvizet azokt\u00f3l, akik a Szentlelket \u00e9ppen \u00fagy megkapt\u00e1k, mint mi?\u201d Elrendelte teh\u00e1t, hogy J\u00e9zus Krisztus nev\u00e9ben keresztelj\u00e9k meg \u0151ket. \u0150t viszont arra k\u00e9rt\u00e9k, hogy maradjon m\u00e9g n\u00e1luk n\u00e9h\u00e1ny napig.<br \/>\nEz az Isten ig\u00e9je.<\/p>\n<p align=\"justify\"><span style=\"color: #ff6600;\">V\u00c1LASZOS ZSOLT\u00c1R (Zsolt 97,1.2-3ab.3cd-4)<\/span><br \/>\nV\u00e1lasz:\u00a0<strong>Az \u00dar megmutatta \u00fcd<u>v\u00f6s<\/u>s\u00e9g\u00e9t * a nemze<u>tek<\/u>\u00a0sz\u00edne el\u0151tt.<\/strong>\u00a0(6. t\u00f3nus.)<br \/>\nVagy:\u00a0<strong>Alleluja, alleluja, alleluja.<\/strong><br \/>\nEl\u0151\u00e9nekes: Zengjetek az \u00darnak\u00a0<u>\u00faj<\/u>\u00a0\u00e9neket, * csod\u00e1latra m\u00e9l<u>t\u00f3<\/u>, amit m\u0171velt.<br \/>\nDiadalt ara<u>tott<\/u>\u00a0jobbj\u00e1val, * gy\u0151zelmet\u00a0<u>szent<\/u>s\u00e9ges karj\u00e1val.<br \/>\nH\u00edvek:\u00a0<strong>Az \u00dar megmutatta \u00fcd<u>v\u00f6s<\/u>s\u00e9g\u00e9t * a nemze<u>tek<\/u>\u00a0sz\u00edne el\u0151tt.<\/strong><br \/>\nVagy:\u00a0<strong>Alleluja, alleluja, alleluja.<\/strong><br \/>\nE: Az \u00dar megmutatta szabad\u00ed<u>t\u00f3<\/u>\u00a0erej\u00e9t, * igazs\u00e1goss\u00e1g\u00e1t felt\u00e1rta\u00a0<u>a<\/u>\u00a0n\u00e9pek el\u0151tt.<br \/>\nEml\u00e9kezet\u00e9be id\u00e9zte j\u00f3s\u00e1g\u00e1t\u00a0<u>\u00e9s<\/u>\u00a0h\u0171s\u00e9g\u00e9t, * Izra<u>el<\/u>\u00a0n\u00e9pe ir\u00e1nt.<br \/>\nH:\u00a0<strong>Az \u00dar megmutatta \u00fcd<u>v\u00f6s<\/u>s\u00e9g\u00e9t * a nemze<u>tek<\/u>\u00a0sz\u00edne el\u0151tt.<\/strong><br \/>\nVagy:\u00a0<strong>Alleluja, alleluja, alleluja.<\/strong><br \/>\nE: Megl\u00e1tta a f\u00f6ld min<u>den<\/u>\u00a0hat\u00e1ra, * Isten\u00fcnk szabadu<u>l\u00e1st<\/u>\u00a0hozott n\u00e9k\u00fcnk.<br \/>\nMinden f\u00f6ldek, zengjetek az \u00darnak \u00f6<u>r\u00f6m<\/u>\u00e9neket, * ujjongjatok\u00a0<u>\u00e9s<\/u>\u00a0zsolt\u00e1rt mondjatok.<br \/>\nH:\u00a0<strong>Az \u00dar megmutatta \u00fcd<u>v\u00f6s<\/u>s\u00e9g\u00e9t * a nemze<u>tek<\/u>\u00a0sz\u00edne el\u0151tt.<\/strong><br \/>\nVagy:\u00a0<strong>Alleluja, alleluja, alleluja.<\/strong><\/p>\n<p align=\"justify\"><span style=\"color: #ff6600;\">SZENTLECKE Szent J\u00e1nos apostol els\u0151 level\u00e9b\u0151l (1Jn 4,7-10)<\/span><br \/>\nTestv\u00e9reim!<br \/>\nSzeress\u00fck egym\u00e1st, mert a szeretet Istent\u0151l van! Mindenki, aki szeret, Istent\u0151l val\u00f3, \u00e9s ismeri Istent. Aki nem szeret, nem ismeri az Istent, mert az Isten szeretet. Isten szeretete abban nyilv\u00e1nult meg, hogy az Isten elk\u00fcldte a vil\u00e1gba egysz\u00fcl\u00f6tt Fi\u00e1t, hogy \u00e1ltala \u00e9lj\u00fcnk. A szeretet nem abban \u00e1ll, hogy mi szeretj\u00fck Istent, hanem hogy \u0151 szeret minket, \u00e9s elk\u00fcldte a Fi\u00e1t, b\u0171neink\u00e9rt engesztel\u00e9s\u00fcl.<br \/>\nEz az Isten ig\u00e9je.<\/p>\n<p align=\"justify\"><span style=\"color: #ff6600;\">ALLELUJA<\/span><br \/>\nJ\u00e9zus mondja: \u2020 \u201eAki szeret engem, megfogadja szavamat, * Aty\u00e1m is szeretni fogja, \u00e9s hozz\u00e1 k\u00f6lt\u00f6z\u00fcnk.\u201d (Jn 14, 23 \u2013 8 G. t\u00f3nus.)<\/p>\n<p align=\"justify\"><span style=\"color: #ff6600;\">\u2020 EVANG\u00c9LIUM Szent J\u00e1nos k\u00f6nyv\u00e9b\u0151l (Jn 15,9-17)<\/span><br \/>\nAbban az id\u0151ben J\u00e9zus ezt mondta tan\u00edtv\u00e1nyainak: Amint engem szeret az Atya, \u00fagy szeretlek \u00e9n is titeket. Maradjatok meg az \u00e9n szeretetemben. Ha megtartj\u00e1tok parancsaimat, megmaradtok szeretetemben, ahogy \u00e9n is megtartottam Aty\u00e1m parancsait, \u00e9s megmaradok az \u0151 szeretet\u00e9ben. Ezeket az\u00e9rt mondtam nektek, hogy az \u00e9n \u00f6r\u00f6m\u00f6m legyen bennetek, \u00e9s \u00f6r\u00f6m\u00f6t\u00f6k ezzel teljes legyen. Az az \u00e9n parancsom, hogy szeress\u00e9tek egym\u00e1st, amint \u00e9n szerettelek titeket. Nagyobb szeretete senkinek sincs ann\u00e1l, mint annak, aki \u00e9let\u00e9t adja bar\u00e1tai\u00e9rt.<br \/>\nTi bar\u00e1taim vagytok, ha azt teszitek, amit parancsolok nektek. Nem mondalak titeket t\u00f6bb\u00e9 szolg\u00e1nak, mert a szolga nem tudja, mit tesz az ura. Bar\u00e1taimnak mondalak benneteket, mert mindazt, amit hallottam Aty\u00e1mt\u00f3l, tudtul adtam nektek. Nem ti v\u00e1lasztottatok engem, hanem \u00e9n v\u00e1lasztottalak titeket, \u00e9s arra rendeltelek, hogy elmenjetek \u00e9s gy\u00fcm\u00f6lcs\u00f6t hozzatok: maradand\u00f3 gy\u00fcm\u00f6lcs\u00f6t. B\u00e1rmit k\u00e9rtek az Aty\u00e1t\u00f3l az \u00e9n nevemben, megadja nektek. Azt parancsolom nektek, hogy szeress\u00e9tek egym\u00e1st!<br \/>\nEzek az evang\u00e9lium ig\u00e9i.<\/p>\n<p><span style=\"color: #ff6600;\">EGYETEMES K\u00d6NY\u00d6RG\u00c9SEK<\/span><br \/>\nPap: Testv\u00e9reim! Isten maga a szeretet. K\u00e9rj\u00fck kegyelm\u00e9t, hogy szeretet\u00fcnket soha meg ne rontsa az \u00f6nz\u00e9s m\u00e9telye!<br \/>\nLektor:<br \/>\n1. \u00c1ldd meg, Urunk, Szentaty\u00e1nkat, Ferenc p\u00e1p\u00e1t, hogy a Szentl\u00e9lek erej\u00e9vel hirdesse Isten szeretet\u00e9t!<br \/>\nH\u00edvek: K\u00e9r\u00fcnk T\u00e9ged, hallgass meg minket!<br \/>\n2. Sz\u00fcntesd meg, Urunk, a k\u00edm\u00e9letlen vet\u00e9lked\u00e9st \u00e9s az ellens\u00e9gesked\u00e9st a n\u00e9pek k\u00f6z\u00f6tt, hogy szeretetben \u00e9ljenek egym\u00e1ssal!<br \/>\nH\u00edvek: K\u00e9r\u00fcnk T\u00e9ged, hallgass meg minket!<br \/>\n3. Gy\u00f3gy\u00edtsd ki, Urunk, a vil\u00e1got az \u00f6nz\u00e9s betegs\u00e9g\u00e9b\u0151l, hogy megsz\u0171nj\u00f6n az \u00edns\u00e9g \u00e9s a nyomor a f\u00f6ld\u00f6n!<br \/>\nH\u00edvek: K\u00e9r\u00fcnk T\u00e9ged, hallgass meg minket!<br \/>\n4. Engedd, Urunk, hogy egyh\u00e1zk\u00f6zs\u00e9g\u00fcnk tagjai becs\u00fclj\u00e9k meg egym\u00e1sban Krisztus bar\u00e1tait!<br \/>\nH\u00edvek: K\u00e9r\u00fcnk T\u00e9ged, hallgass meg minket!<br \/>\n5. \u00c1raszd re\u00e1nk, Urunk, Szentlelkedet, hogy tan\u00edt\u00e1sod szerint helyesen szeress\u00fck egym\u00e1st!<br \/>\nH\u00edvek: K\u00e9r\u00fcnk T\u00e9ged, hallgass meg minket!<br \/>\nPap: Urunk, Isten\u00fcnk! Engedd, hogy mi, akik a kereszts\u00e9gben Fiad k\u00e9p\u00e9re form\u00e1l\u00f3dtunk, \u00e1ltala az igaz szeretet p\u00e9ldak\u00e9pei lehess\u00fcnk! Aki veled \u00e9l \u00e9s uralkodik mind\u00f6r\u00f6kk\u00f6n-\u00f6r\u00f6kk\u00e9!<br \/>\nH\u00edvek: \u00c1men.<\/p>\n<p><span style=\"color: #ff6600;\">Felaj\u00e1nl\u00f3 k\u00f6ny\u00f6rg\u00e9s:<\/span><br \/>\nUrunk, Isten\u00fcnk, fogadd el k\u00f6ny\u00f6rg\u00e9seinket \u00e1ldozati adom\u00e1nyainkkal egy\u00fctt. Add, hogy kegyelmed erej\u00e9b\u0151l megtisztulva atyai j\u00f3s\u00e1god szents\u00e9geihez m\u00e9lt\u00f3k legy\u00fcnk. Krisztus, a mi Urunk \u00e1ltal.<\/p>\n<p><span style=\"color: #ff6600;\">Pref\u00e1ci\u00f3:<\/span><br \/>\nAz \u00dar legyen veletek.<br \/>\nH.: \u00c9s a te lelkeddel.<br \/>\nEmelj\u00fck f\u00f6l sz\u00edv\u00fcnket.<br \/>\nH.: F\u00f6lemelt\u00fck az \u00darhoz.<br \/>\nAdjunk h\u00e1l\u00e1t Urunknak, Isten\u00fcnknek.<br \/>\nH.: M\u00e9lt\u00f3 \u00e9s igazs\u00e1gos.<br \/>\n(Mert) Val\u00f3ban m\u00e9lt\u00f3 \u00e9s igazs\u00e1gos, ill\u0151 \u00e9s \u00fcdv\u00f6s, hogy minden id\u0151ben magasztaljunk, Urunk, t\u00e9ged, de k\u00fcl\u00f6n\u00f6sen ezen a szent \u00fcnnepen, \u2013 mid\u0151n \u00e1ldozatt\u00e1 lett \u00e9rt\u00fcnk KRISZtus, a H\u00fasv\u00e9ti B\u00e1r\u00e1ny.<br \/>\nMert \u0151 az igazi B\u00e1r\u00e1ny, aki elvette a vil\u00e1g b\u0171neit, \u2013 hal\u00e1lunkat hal\u00e1l\u00e1val MEGt\u00f6rte, \u00e9s felt\u00e1mad\u00e1s\u00e1val \u00faj \u00e9letet szerzett n\u00e9k\u00fcnk.<br \/>\nA h\u00fasv\u00e9ti \u00f6r\u00f6m ez\u00e9rt ki\u00e1rad az eg\u00e9sz f\u00f6ldre, a nagyvil\u00e1g \u00f6rvendezve ujjong, a mennyei er\u0151k \u00e9s a hatalmas angyalok, \u2013 (a te) dics\u0151s\u00e9ged himnusz\u00e1t ZENgik, \u00e9s v\u00e9g n\u00e9lk\u00fcl mondj\u00e1k (\u00e9neklik):<\/p>\n<p><span style=\"color: #ff6600;\">\u00c1ldoz\u00e1si \u00e9nek:<\/span><br \/>\nHa szerettek engem, tarts\u00e1tok meg parancsaimat \u2013 mondja az \u00dar. \u00c9n pedig k\u00e9rni fogom az Aty\u00e1t, \u00e9s m\u00e1s Vigasztal\u00f3t ad nektek, hogy veletek maradjon mind\u00f6r\u00f6kk\u00e9, alleluja! (Jn 14,15-16)<\/p>\n<p><span style=\"color: #ff6600;\">\u00c1ldoz\u00e1s ut\u00e1ni k\u00f6ny\u00f6rg\u00e9s:<\/span><br \/>\nMindenhat\u00f3, \u00f6r\u00f6k Isten, te Krisztus felt\u00e1mad\u00e1s\u00e1ban \u00fajj\u00e1teremtesz minket az \u00f6r\u00f6k \u00e9letre. N\u00f6veld benn\u00fcnk a h\u00fasv\u00e9ti szents\u00e9gek kegyelm\u00e9t, \u00e9s az \u00fcdv\u00f6ss\u00e9ges eledel erej\u00e9vel t\u00f6ltsd be lelk\u00fcnket. Krisztus, a mi Urunk \u00e1ltal.<\/p>\n<p><em>(K\u00e9p \u00fczenete: n\u00f6veked\u00e9s a szeretetben)<\/em><\/p>\n","protected":false},"excerpt":{"rendered":"<p>H\u00fasv\u00e9t 6. vas\u00e1rnapja a szeretet els\u0151rend\u0171s\u00e9g\u00e9t hirdeti. A szeretet a legnagyobb a vil\u00e1gon. Egyben pedig a h\u00edv\u0151 embernek a legnagyobb felismer\u00e9s, hogy Isten a szeretet. Magam t\u00f6rekv\u00e9se pedig, hogy az Isten k\u00edn\u00e1lta szeretetet a lehet\u0151 leghitelesebben k\u00f6zvet\u00edtsem m\u00e1sok fel\u00e9, \u00fagy ahogyan \u00e9n meg\u00e9lem. Cselekedeteim\u00a0 legf\u0151bb \u00e9rt\u00e9k\u00e9t is adja egyben, mennyire van \u00e1titatva a magam szeretet\u00e9vel. Az olvasm\u00e1ny fontos \u00fczenete: &#8222;Val\u00f3ban el kell ismernem, hogy Isten nem szem\u00e9lyv\u00e1logat\u00f3.&#8221; Biztat\u00e1s \u00e9s b\u00e1tor\u00edt\u00e1s mindannyiunk sz\u00e1m\u00e1ra, hogy mi magunk is ezen az \u00faton induljunk el. Csakis ez \u0151riz meg az \u00f3ri\u00e1si k\u00eds\u00e9rt\u00e9st\u0151l, amelyet el\u0151\u00edt\u00e9letnek nevez\u00fcnk. A szentlecke a szeret er\u00e9ny\u00e9nek fels\u0151rend\u0171s\u00e9g\u00e9t hirdeti. Alapja \u00e9s forr\u00e1sa az Isten ir\u00e1ntunk val\u00f3 szeretete. A legt\u00f6bb embert a szeretet vezette Istenhez, annak szava \u00e9s gyakorl\u00e1sa. Amennyiben gyakoroljuk a szeretetet, vagyis szeretetben \u00e9l\u00fcnk, \u00fagy m\u00e1sokat is Istenhez vezethet\u00fcnk. Az evang\u00e9liumban Krisztus \u00f6nmaga ir\u00e1ntunk val\u00f3 szeretet\u00e9t \u00e1ll\u00edtotta el\u00e9nk p\u00e9ld\u00e1nak. A Krisztus k\u00edn\u00e1lta szeretet aj\u00e1nd\u00e9ka, hogy bar\u00e1tj\u00e1nak nevez, nem pedig szolg\u00e1nak. A szolga kapcsolatban megjelenik a f\u00f6l\u00e9- \u00e9s al\u00e1rendelts\u00e9g, a birtokl\u00e1s \u00e9s kiszolg\u00e1ltatotts\u00e1g \u00e9rz\u00e9se. A bar\u00e1ti kapcsolatban mindez nincs meg. A bar\u00e1t nem tulajdon, nincs sem f\u00f6l\u00f6ttem, sem alattam. Szeretem \u00e9s elfogadom \u0151t a maga intimit\u00e1s\u00e1ban, felt\u00e9telek n\u00e9lk\u00fcl. Hogyan \u00e9led meg bar\u00e1ti kapcsolataidat?\u00a0 Kezd\u0151\u00e9nek: \u00d6rvendez\u0151 sz\u00f3val hirdess\u00e9tek, hogy mindenki hallja, hirdess\u00e9tek minden\u00fctt a f\u00f6ld v\u00e9gs\u0151 hat\u00e1r\u00e1ig: megszabad\u00edtotta az \u00dar az \u0151 n\u00e9p\u00e9t, alleluja! (V\u00f6. Iz 48,20) K\u00f6ny\u00f6rg\u00e9s: Mindenhat\u00f3 Isten\u00fcnk, add, hogy odaad\u00f3 buzg\u00f3s\u00e1ggal \u00fcnnepelj\u00fck Urunk felt\u00e1mad\u00e1s\u00e1nak \u00f6r\u00f6mnapjait. Engedd, hogy cselekedeteinkkel mindenkor \u00e9letre v\u00e1ltsuk, amit az eml\u00e9kez\u00e9ssel felid\u00e9z\u00fcnk. A mi Urunk, J\u00e9zus Krisztus, a te Fiad \u00e1ltal, aki veled \u00e9l \u00e9s uralkodik a Szentl\u00e9lekkel egys\u00e9gben, Isten mind\u00f6r\u00f6kk\u00f6n \u00f6r\u00f6kk\u00e9. Az olvasm\u00e1ny egy mondat\u00e1t hozom ide: \u201eVal\u00f3ban, el kell ismernem, hogy Isten nem szem\u00e9lyv\u00e1logat\u00f3.&#8221; J\u00f3 ezt tudatos\u00edtanom magam sz\u00e1m\u00e1ra. \u0150 elfogad engem \u00edgy, ahogy vagyok. \u00d6szt\u00f6n\u00f6zz\u00f6n abban, hogy m\u00e1sokat is el tudjak fogadni. T\u00fal kell l\u00e9pnem a magam el\u0151\u00edt\u00e9letein! A szentlecke \u00fczenete: a szeretet&#8230; <\/p>\n<p><a class=\"readmore\" href=\"https:\/\/stuttgarti-katolikusok.de\/index.php\/husvet-6-vasarnapja-3\/\">R\u00e9szletek<\/a><\/p>\n","protected":false},"author":3,"featured_media":28870,"comment_status":"closed","ping_status":"closed","sticky":false,"template":"","format":"standard","meta":{"footnotes":""},"categories":[85,63],"tags":[],"class_list":["post-28869","post","type-post","status-publish","format-standard","has-post-thumbnail","hentry","category-a-liturgia-olvasmanyai","category-vasarnapi-gondolatok"],"yoast_head":"<!-- This site is optimized with the Yoast SEO plugin v27.3 - https:\/\/yoast.com\/product\/yoast-seo-wordpress\/ -->\n<title>H\u00fasv\u00e9t 6. vas\u00e1rnapja - Stuttgarti Katolikusok<\/title>\n<meta name=\"robots\" content=\"index, follow, max-snippet:-1, max-image-preview:large, max-video-preview:-1\" \/>\n<link rel=\"canonical\" href=\"https:\/\/stuttgarti-katolikusok.de\/index.php\/husvet-6-vasarnapja-3\/\" \/>\n<meta property=\"og:locale\" content=\"hu_HU\" \/>\n<meta property=\"og:type\" content=\"article\" \/>\n<meta property=\"og:title\" content=\"H\u00fasv\u00e9t 6. vas\u00e1rnapja - Stuttgarti Katolikusok\" \/>\n<meta property=\"og:description\" content=\"H\u00fasv\u00e9t 6. vas\u00e1rnapja a szeretet els\u0151rend\u0171s\u00e9g\u00e9t hirdeti. A szeretet a legnagyobb a vil\u00e1gon. Egyben pedig a h\u00edv\u0151 embernek a legnagyobb felismer\u00e9s, hogy Isten a szeretet. Magam t\u00f6rekv\u00e9se pedig, hogy az Isten k\u00edn\u00e1lta szeretetet a lehet\u0151 leghitelesebben k\u00f6zvet\u00edtsem m\u00e1sok fel\u00e9, \u00fagy ahogyan \u00e9n meg\u00e9lem. Cselekedeteim\u00a0 legf\u0151bb \u00e9rt\u00e9k\u00e9t is adja egyben, mennyire van \u00e1titatva a magam szeretet\u00e9vel. Az olvasm\u00e1ny fontos \u00fczenete: &#8222;Val\u00f3ban el kell ismernem, hogy Isten nem szem\u00e9lyv\u00e1logat\u00f3.&#8221; Biztat\u00e1s \u00e9s b\u00e1tor\u00edt\u00e1s mindannyiunk sz\u00e1m\u00e1ra, hogy mi magunk is ezen az \u00faton induljunk el. Csakis ez \u0151riz meg az \u00f3ri\u00e1si k\u00eds\u00e9rt\u00e9st\u0151l, amelyet el\u0151\u00edt\u00e9letnek nevez\u00fcnk. A szentlecke a szeret er\u00e9ny\u00e9nek fels\u0151rend\u0171s\u00e9g\u00e9t hirdeti. Alapja \u00e9s forr\u00e1sa az Isten ir\u00e1ntunk val\u00f3 szeretete. A legt\u00f6bb embert a szeretet vezette Istenhez, annak szava \u00e9s gyakorl\u00e1sa. Amennyiben gyakoroljuk a szeretetet, vagyis szeretetben \u00e9l\u00fcnk, \u00fagy m\u00e1sokat is Istenhez vezethet\u00fcnk. Az evang\u00e9liumban Krisztus \u00f6nmaga ir\u00e1ntunk val\u00f3 szeretet\u00e9t \u00e1ll\u00edtotta el\u00e9nk p\u00e9ld\u00e1nak. A Krisztus k\u00edn\u00e1lta szeretet aj\u00e1nd\u00e9ka, hogy bar\u00e1tj\u00e1nak nevez, nem pedig szolg\u00e1nak. A szolga kapcsolatban megjelenik a f\u00f6l\u00e9- \u00e9s al\u00e1rendelts\u00e9g, a birtokl\u00e1s \u00e9s kiszolg\u00e1ltatotts\u00e1g \u00e9rz\u00e9se. A bar\u00e1ti kapcsolatban mindez nincs meg. A bar\u00e1t nem tulajdon, nincs sem f\u00f6l\u00f6ttem, sem alattam. Szeretem \u00e9s elfogadom \u0151t a maga intimit\u00e1s\u00e1ban, felt\u00e9telek n\u00e9lk\u00fcl. Hogyan \u00e9led meg bar\u00e1ti kapcsolataidat?\u00a0 Kezd\u0151\u00e9nek: \u00d6rvendez\u0151 sz\u00f3val hirdess\u00e9tek, hogy mindenki hallja, hirdess\u00e9tek minden\u00fctt a f\u00f6ld v\u00e9gs\u0151 hat\u00e1r\u00e1ig: megszabad\u00edtotta az \u00dar az \u0151 n\u00e9p\u00e9t, alleluja! (V\u00f6. Iz 48,20) K\u00f6ny\u00f6rg\u00e9s: Mindenhat\u00f3 Isten\u00fcnk, add, hogy odaad\u00f3 buzg\u00f3s\u00e1ggal \u00fcnnepelj\u00fck Urunk felt\u00e1mad\u00e1s\u00e1nak \u00f6r\u00f6mnapjait. Engedd, hogy cselekedeteinkkel mindenkor \u00e9letre v\u00e1ltsuk, amit az eml\u00e9kez\u00e9ssel felid\u00e9z\u00fcnk. A mi Urunk, J\u00e9zus Krisztus, a te Fiad \u00e1ltal, aki veled \u00e9l \u00e9s uralkodik a Szentl\u00e9lekkel egys\u00e9gben, Isten mind\u00f6r\u00f6kk\u00f6n \u00f6r\u00f6kk\u00e9. Az olvasm\u00e1ny egy mondat\u00e1t hozom ide: \u201eVal\u00f3ban, el kell ismernem, hogy Isten nem szem\u00e9lyv\u00e1logat\u00f3.&#8221; J\u00f3 ezt tudatos\u00edtanom magam sz\u00e1m\u00e1ra. \u0150 elfogad engem \u00edgy, ahogy vagyok. \u00d6szt\u00f6n\u00f6zz\u00f6n abban, hogy m\u00e1sokat is el tudjak fogadni. T\u00fal kell l\u00e9pnem a magam el\u0151\u00edt\u00e9letein! A szentlecke \u00fczenete: a szeretet... R\u00e9szletek\" \/>\n<meta property=\"og:url\" content=\"https:\/\/stuttgarti-katolikusok.de\/index.php\/husvet-6-vasarnapja-3\/\" \/>\n<meta property=\"og:site_name\" content=\"Stuttgarti Katolikusok\" \/>\n<meta property=\"article:published_time\" content=\"2024-05-04T09:13:05+00:00\" \/>\n<meta property=\"article:modified_time\" content=\"2024-05-04T09:13:37+00:00\" \/>\n<meta property=\"og:image\" content=\"https:\/\/stuttgarti-katolikusok.de\/wp-content\/uploads\/2024\/05\/novekedes.jpg\" \/>\n\t<meta property=\"og:image:width\" content=\"800\" \/>\n\t<meta property=\"og:image:height\" content=\"351\" \/>\n\t<meta property=\"og:image:type\" content=\"image\/jpeg\" \/>\n<meta name=\"author\" content=\"Tibor atya\" \/>\n<meta name=\"twitter:card\" content=\"summary_large_image\" \/>\n<meta name=\"twitter:label1\" content=\"Szerz\u0151:\" \/>\n\t<meta name=\"twitter:data1\" content=\"Tibor atya\" \/>\n\t<meta name=\"twitter:label2\" content=\"Becs\u00fclt olvas\u00e1si id\u0151\" \/>\n\t<meta name=\"twitter:data2\" content=\"7 perc\" \/>\n<script type=\"application\/ld+json\" class=\"yoast-schema-graph\">{\"@context\":\"https:\\\/\\\/schema.org\",\"@graph\":[{\"@type\":\"Article\",\"@id\":\"https:\\\/\\\/stuttgarti-katolikusok.de\\\/index.php\\\/husvet-6-vasarnapja-3\\\/#article\",\"isPartOf\":{\"@id\":\"https:\\\/\\\/stuttgarti-katolikusok.de\\\/index.php\\\/husvet-6-vasarnapja-3\\\/\"},\"author\":{\"name\":\"Tibor atya\",\"@id\":\"https:\\\/\\\/stuttgarti-katolikusok.de\\\/#\\\/schema\\\/person\\\/75908d6f8fdc03a57889d27209df7795\"},\"headline\":\"H\u00fasv\u00e9t 6. vas\u00e1rnapja\",\"datePublished\":\"2024-05-04T09:13:05+00:00\",\"dateModified\":\"2024-05-04T09:13:37+00:00\",\"mainEntityOfPage\":{\"@id\":\"https:\\\/\\\/stuttgarti-katolikusok.de\\\/index.php\\\/husvet-6-vasarnapja-3\\\/\"},\"wordCount\":1677,\"image\":{\"@id\":\"https:\\\/\\\/stuttgarti-katolikusok.de\\\/index.php\\\/husvet-6-vasarnapja-3\\\/#primaryimage\"},\"thumbnailUrl\":\"https:\\\/\\\/stuttgarti-katolikusok.de\\\/wp-content\\\/uploads\\\/2024\\\/05\\\/novekedes.jpg\",\"articleSection\":[\"A liturgia olvasm\u00e1nyai\",\"Vas\u00e1rnapi gondolatok\"],\"inLanguage\":\"hu\"},{\"@type\":\"WebPage\",\"@id\":\"https:\\\/\\\/stuttgarti-katolikusok.de\\\/index.php\\\/husvet-6-vasarnapja-3\\\/\",\"url\":\"https:\\\/\\\/stuttgarti-katolikusok.de\\\/index.php\\\/husvet-6-vasarnapja-3\\\/\",\"name\":\"H\u00fasv\u00e9t 6. vas\u00e1rnapja - Stuttgarti Katolikusok\",\"isPartOf\":{\"@id\":\"https:\\\/\\\/stuttgarti-katolikusok.de\\\/#website\"},\"primaryImageOfPage\":{\"@id\":\"https:\\\/\\\/stuttgarti-katolikusok.de\\\/index.php\\\/husvet-6-vasarnapja-3\\\/#primaryimage\"},\"image\":{\"@id\":\"https:\\\/\\\/stuttgarti-katolikusok.de\\\/index.php\\\/husvet-6-vasarnapja-3\\\/#primaryimage\"},\"thumbnailUrl\":\"https:\\\/\\\/stuttgarti-katolikusok.de\\\/wp-content\\\/uploads\\\/2024\\\/05\\\/novekedes.jpg\",\"datePublished\":\"2024-05-04T09:13:05+00:00\",\"dateModified\":\"2024-05-04T09:13:37+00:00\",\"author\":{\"@id\":\"https:\\\/\\\/stuttgarti-katolikusok.de\\\/#\\\/schema\\\/person\\\/75908d6f8fdc03a57889d27209df7795\"},\"breadcrumb\":{\"@id\":\"https:\\\/\\\/stuttgarti-katolikusok.de\\\/index.php\\\/husvet-6-vasarnapja-3\\\/#breadcrumb\"},\"inLanguage\":\"hu\",\"potentialAction\":[{\"@type\":\"ReadAction\",\"target\":[\"https:\\\/\\\/stuttgarti-katolikusok.de\\\/index.php\\\/husvet-6-vasarnapja-3\\\/\"]}]},{\"@type\":\"ImageObject\",\"inLanguage\":\"hu\",\"@id\":\"https:\\\/\\\/stuttgarti-katolikusok.de\\\/index.php\\\/husvet-6-vasarnapja-3\\\/#primaryimage\",\"url\":\"https:\\\/\\\/stuttgarti-katolikusok.de\\\/wp-content\\\/uploads\\\/2024\\\/05\\\/novekedes.jpg\",\"contentUrl\":\"https:\\\/\\\/stuttgarti-katolikusok.de\\\/wp-content\\\/uploads\\\/2024\\\/05\\\/novekedes.jpg\",\"width\":800,\"height\":351},{\"@type\":\"BreadcrumbList\",\"@id\":\"https:\\\/\\\/stuttgarti-katolikusok.de\\\/index.php\\\/husvet-6-vasarnapja-3\\\/#breadcrumb\",\"itemListElement\":[{\"@type\":\"ListItem\",\"position\":1,\"name\":\"Kezd\u0151lap\",\"item\":\"https:\\\/\\\/stuttgarti-katolikusok.de\\\/\"},{\"@type\":\"ListItem\",\"position\":2,\"name\":\"H\u00fasv\u00e9t 6. vas\u00e1rnapja\"}]},{\"@type\":\"WebSite\",\"@id\":\"https:\\\/\\\/stuttgarti-katolikusok.de\\\/#website\",\"url\":\"https:\\\/\\\/stuttgarti-katolikusok.de\\\/\",\"name\":\"Stuttgarti Katolikusok\",\"description\":\"\",\"potentialAction\":[{\"@type\":\"SearchAction\",\"target\":{\"@type\":\"EntryPoint\",\"urlTemplate\":\"https:\\\/\\\/stuttgarti-katolikusok.de\\\/?s={search_term_string}\"},\"query-input\":{\"@type\":\"PropertyValueSpecification\",\"valueRequired\":true,\"valueName\":\"search_term_string\"}}],\"inLanguage\":\"hu\"},{\"@type\":\"Person\",\"@id\":\"https:\\\/\\\/stuttgarti-katolikusok.de\\\/#\\\/schema\\\/person\\\/75908d6f8fdc03a57889d27209df7795\",\"name\":\"Tibor atya\",\"image\":{\"@type\":\"ImageObject\",\"inLanguage\":\"hu\",\"@id\":\"https:\\\/\\\/secure.gravatar.com\\\/avatar\\\/61d268e57d1f4525b111222e29d2d5a7f8c420fdbf231ba5566a8ceac74fa960?s=96&d=mm&r=g\",\"url\":\"https:\\\/\\\/secure.gravatar.com\\\/avatar\\\/61d268e57d1f4525b111222e29d2d5a7f8c420fdbf231ba5566a8ceac74fa960?s=96&d=mm&r=g\",\"contentUrl\":\"https:\\\/\\\/secure.gravatar.com\\\/avatar\\\/61d268e57d1f4525b111222e29d2d5a7f8c420fdbf231ba5566a8ceac74fa960?s=96&d=mm&r=g\",\"caption\":\"Tibor atya\"},\"url\":\"https:\\\/\\\/stuttgarti-katolikusok.de\\\/index.php\\\/author\\\/tibor-atya\\\/\"}]}<\/script>\n<!-- \/ Yoast SEO plugin. -->","yoast_head_json":{"title":"H\u00fasv\u00e9t 6. vas\u00e1rnapja - Stuttgarti Katolikusok","robots":{"index":"index","follow":"follow","max-snippet":"max-snippet:-1","max-image-preview":"max-image-preview:large","max-video-preview":"max-video-preview:-1"},"canonical":"https:\/\/stuttgarti-katolikusok.de\/index.php\/husvet-6-vasarnapja-3\/","og_locale":"hu_HU","og_type":"article","og_title":"H\u00fasv\u00e9t 6. vas\u00e1rnapja - Stuttgarti Katolikusok","og_description":"H\u00fasv\u00e9t 6. vas\u00e1rnapja a szeretet els\u0151rend\u0171s\u00e9g\u00e9t hirdeti. A szeretet a legnagyobb a vil\u00e1gon. Egyben pedig a h\u00edv\u0151 embernek a legnagyobb felismer\u00e9s, hogy Isten a szeretet. Magam t\u00f6rekv\u00e9se pedig, hogy az Isten k\u00edn\u00e1lta szeretetet a lehet\u0151 leghitelesebben k\u00f6zvet\u00edtsem m\u00e1sok fel\u00e9, \u00fagy ahogyan \u00e9n meg\u00e9lem. Cselekedeteim\u00a0 legf\u0151bb \u00e9rt\u00e9k\u00e9t is adja egyben, mennyire van \u00e1titatva a magam szeretet\u00e9vel. Az olvasm\u00e1ny fontos \u00fczenete: &#8222;Val\u00f3ban el kell ismernem, hogy Isten nem szem\u00e9lyv\u00e1logat\u00f3.&#8221; Biztat\u00e1s \u00e9s b\u00e1tor\u00edt\u00e1s mindannyiunk sz\u00e1m\u00e1ra, hogy mi magunk is ezen az \u00faton induljunk el. Csakis ez \u0151riz meg az \u00f3ri\u00e1si k\u00eds\u00e9rt\u00e9st\u0151l, amelyet el\u0151\u00edt\u00e9letnek nevez\u00fcnk. A szentlecke a szeret er\u00e9ny\u00e9nek fels\u0151rend\u0171s\u00e9g\u00e9t hirdeti. Alapja \u00e9s forr\u00e1sa az Isten ir\u00e1ntunk val\u00f3 szeretete. A legt\u00f6bb embert a szeretet vezette Istenhez, annak szava \u00e9s gyakorl\u00e1sa. Amennyiben gyakoroljuk a szeretetet, vagyis szeretetben \u00e9l\u00fcnk, \u00fagy m\u00e1sokat is Istenhez vezethet\u00fcnk. Az evang\u00e9liumban Krisztus \u00f6nmaga ir\u00e1ntunk val\u00f3 szeretet\u00e9t \u00e1ll\u00edtotta el\u00e9nk p\u00e9ld\u00e1nak. A Krisztus k\u00edn\u00e1lta szeretet aj\u00e1nd\u00e9ka, hogy bar\u00e1tj\u00e1nak nevez, nem pedig szolg\u00e1nak. A szolga kapcsolatban megjelenik a f\u00f6l\u00e9- \u00e9s al\u00e1rendelts\u00e9g, a birtokl\u00e1s \u00e9s kiszolg\u00e1ltatotts\u00e1g \u00e9rz\u00e9se. A bar\u00e1ti kapcsolatban mindez nincs meg. A bar\u00e1t nem tulajdon, nincs sem f\u00f6l\u00f6ttem, sem alattam. Szeretem \u00e9s elfogadom \u0151t a maga intimit\u00e1s\u00e1ban, felt\u00e9telek n\u00e9lk\u00fcl. Hogyan \u00e9led meg bar\u00e1ti kapcsolataidat?\u00a0 Kezd\u0151\u00e9nek: \u00d6rvendez\u0151 sz\u00f3val hirdess\u00e9tek, hogy mindenki hallja, hirdess\u00e9tek minden\u00fctt a f\u00f6ld v\u00e9gs\u0151 hat\u00e1r\u00e1ig: megszabad\u00edtotta az \u00dar az \u0151 n\u00e9p\u00e9t, alleluja! (V\u00f6. Iz 48,20) K\u00f6ny\u00f6rg\u00e9s: Mindenhat\u00f3 Isten\u00fcnk, add, hogy odaad\u00f3 buzg\u00f3s\u00e1ggal \u00fcnnepelj\u00fck Urunk felt\u00e1mad\u00e1s\u00e1nak \u00f6r\u00f6mnapjait. Engedd, hogy cselekedeteinkkel mindenkor \u00e9letre v\u00e1ltsuk, amit az eml\u00e9kez\u00e9ssel felid\u00e9z\u00fcnk. A mi Urunk, J\u00e9zus Krisztus, a te Fiad \u00e1ltal, aki veled \u00e9l \u00e9s uralkodik a Szentl\u00e9lekkel egys\u00e9gben, Isten mind\u00f6r\u00f6kk\u00f6n \u00f6r\u00f6kk\u00e9. Az olvasm\u00e1ny egy mondat\u00e1t hozom ide: \u201eVal\u00f3ban, el kell ismernem, hogy Isten nem szem\u00e9lyv\u00e1logat\u00f3.&#8221; J\u00f3 ezt tudatos\u00edtanom magam sz\u00e1m\u00e1ra. \u0150 elfogad engem \u00edgy, ahogy vagyok. \u00d6szt\u00f6n\u00f6zz\u00f6n abban, hogy m\u00e1sokat is el tudjak fogadni. T\u00fal kell l\u00e9pnem a magam el\u0151\u00edt\u00e9letein! A szentlecke \u00fczenete: a szeretet... R\u00e9szletek","og_url":"https:\/\/stuttgarti-katolikusok.de\/index.php\/husvet-6-vasarnapja-3\/","og_site_name":"Stuttgarti Katolikusok","article_published_time":"2024-05-04T09:13:05+00:00","article_modified_time":"2024-05-04T09:13:37+00:00","og_image":[{"width":800,"height":351,"url":"https:\/\/stuttgarti-katolikusok.de\/wp-content\/uploads\/2024\/05\/novekedes.jpg","type":"image\/jpeg"}],"author":"Tibor atya","twitter_card":"summary_large_image","twitter_misc":{"Szerz\u0151:":"Tibor atya","Becs\u00fclt olvas\u00e1si id\u0151":"7 perc"},"schema":{"@context":"https:\/\/schema.org","@graph":[{"@type":"Article","@id":"https:\/\/stuttgarti-katolikusok.de\/index.php\/husvet-6-vasarnapja-3\/#article","isPartOf":{"@id":"https:\/\/stuttgarti-katolikusok.de\/index.php\/husvet-6-vasarnapja-3\/"},"author":{"name":"Tibor atya","@id":"https:\/\/stuttgarti-katolikusok.de\/#\/schema\/person\/75908d6f8fdc03a57889d27209df7795"},"headline":"H\u00fasv\u00e9t 6. vas\u00e1rnapja","datePublished":"2024-05-04T09:13:05+00:00","dateModified":"2024-05-04T09:13:37+00:00","mainEntityOfPage":{"@id":"https:\/\/stuttgarti-katolikusok.de\/index.php\/husvet-6-vasarnapja-3\/"},"wordCount":1677,"image":{"@id":"https:\/\/stuttgarti-katolikusok.de\/index.php\/husvet-6-vasarnapja-3\/#primaryimage"},"thumbnailUrl":"https:\/\/stuttgarti-katolikusok.de\/wp-content\/uploads\/2024\/05\/novekedes.jpg","articleSection":["A liturgia olvasm\u00e1nyai","Vas\u00e1rnapi gondolatok"],"inLanguage":"hu"},{"@type":"WebPage","@id":"https:\/\/stuttgarti-katolikusok.de\/index.php\/husvet-6-vasarnapja-3\/","url":"https:\/\/stuttgarti-katolikusok.de\/index.php\/husvet-6-vasarnapja-3\/","name":"H\u00fasv\u00e9t 6. vas\u00e1rnapja - Stuttgarti Katolikusok","isPartOf":{"@id":"https:\/\/stuttgarti-katolikusok.de\/#website"},"primaryImageOfPage":{"@id":"https:\/\/stuttgarti-katolikusok.de\/index.php\/husvet-6-vasarnapja-3\/#primaryimage"},"image":{"@id":"https:\/\/stuttgarti-katolikusok.de\/index.php\/husvet-6-vasarnapja-3\/#primaryimage"},"thumbnailUrl":"https:\/\/stuttgarti-katolikusok.de\/wp-content\/uploads\/2024\/05\/novekedes.jpg","datePublished":"2024-05-04T09:13:05+00:00","dateModified":"2024-05-04T09:13:37+00:00","author":{"@id":"https:\/\/stuttgarti-katolikusok.de\/#\/schema\/person\/75908d6f8fdc03a57889d27209df7795"},"breadcrumb":{"@id":"https:\/\/stuttgarti-katolikusok.de\/index.php\/husvet-6-vasarnapja-3\/#breadcrumb"},"inLanguage":"hu","potentialAction":[{"@type":"ReadAction","target":["https:\/\/stuttgarti-katolikusok.de\/index.php\/husvet-6-vasarnapja-3\/"]}]},{"@type":"ImageObject","inLanguage":"hu","@id":"https:\/\/stuttgarti-katolikusok.de\/index.php\/husvet-6-vasarnapja-3\/#primaryimage","url":"https:\/\/stuttgarti-katolikusok.de\/wp-content\/uploads\/2024\/05\/novekedes.jpg","contentUrl":"https:\/\/stuttgarti-katolikusok.de\/wp-content\/uploads\/2024\/05\/novekedes.jpg","width":800,"height":351},{"@type":"BreadcrumbList","@id":"https:\/\/stuttgarti-katolikusok.de\/index.php\/husvet-6-vasarnapja-3\/#breadcrumb","itemListElement":[{"@type":"ListItem","position":1,"name":"Kezd\u0151lap","item":"https:\/\/stuttgarti-katolikusok.de\/"},{"@type":"ListItem","position":2,"name":"H\u00fasv\u00e9t 6. vas\u00e1rnapja"}]},{"@type":"WebSite","@id":"https:\/\/stuttgarti-katolikusok.de\/#website","url":"https:\/\/stuttgarti-katolikusok.de\/","name":"Stuttgarti Katolikusok","description":"","potentialAction":[{"@type":"SearchAction","target":{"@type":"EntryPoint","urlTemplate":"https:\/\/stuttgarti-katolikusok.de\/?s={search_term_string}"},"query-input":{"@type":"PropertyValueSpecification","valueRequired":true,"valueName":"search_term_string"}}],"inLanguage":"hu"},{"@type":"Person","@id":"https:\/\/stuttgarti-katolikusok.de\/#\/schema\/person\/75908d6f8fdc03a57889d27209df7795","name":"Tibor atya","image":{"@type":"ImageObject","inLanguage":"hu","@id":"https:\/\/secure.gravatar.com\/avatar\/61d268e57d1f4525b111222e29d2d5a7f8c420fdbf231ba5566a8ceac74fa960?s=96&d=mm&r=g","url":"https:\/\/secure.gravatar.com\/avatar\/61d268e57d1f4525b111222e29d2d5a7f8c420fdbf231ba5566a8ceac74fa960?s=96&d=mm&r=g","contentUrl":"https:\/\/secure.gravatar.com\/avatar\/61d268e57d1f4525b111222e29d2d5a7f8c420fdbf231ba5566a8ceac74fa960?s=96&d=mm&r=g","caption":"Tibor atya"},"url":"https:\/\/stuttgarti-katolikusok.de\/index.php\/author\/tibor-atya\/"}]}},"_links":{"self":[{"href":"https:\/\/stuttgarti-katolikusok.de\/index.php\/wp-json\/wp\/v2\/posts\/28869","targetHints":{"allow":["GET"]}}],"collection":[{"href":"https:\/\/stuttgarti-katolikusok.de\/index.php\/wp-json\/wp\/v2\/posts"}],"about":[{"href":"https:\/\/stuttgarti-katolikusok.de\/index.php\/wp-json\/wp\/v2\/types\/post"}],"author":[{"embeddable":true,"href":"https:\/\/stuttgarti-katolikusok.de\/index.php\/wp-json\/wp\/v2\/users\/3"}],"replies":[{"embeddable":true,"href":"https:\/\/stuttgarti-katolikusok.de\/index.php\/wp-json\/wp\/v2\/comments?post=28869"}],"version-history":[{"count":2,"href":"https:\/\/stuttgarti-katolikusok.de\/index.php\/wp-json\/wp\/v2\/posts\/28869\/revisions"}],"predecessor-version":[{"id":28872,"href":"https:\/\/stuttgarti-katolikusok.de\/index.php\/wp-json\/wp\/v2\/posts\/28869\/revisions\/28872"}],"wp:featuredmedia":[{"embeddable":true,"href":"https:\/\/stuttgarti-katolikusok.de\/index.php\/wp-json\/wp\/v2\/media\/28870"}],"wp:attachment":[{"href":"https:\/\/stuttgarti-katolikusok.de\/index.php\/wp-json\/wp\/v2\/media?parent=28869"}],"wp:term":[{"taxonomy":"category","embeddable":true,"href":"https:\/\/stuttgarti-katolikusok.de\/index.php\/wp-json\/wp\/v2\/categories?post=28869"},{"taxonomy":"post_tag","embeddable":true,"href":"https:\/\/stuttgarti-katolikusok.de\/index.php\/wp-json\/wp\/v2\/tags?post=28869"}],"curies":[{"name":"wp","href":"https:\/\/api.w.org\/{rel}","templated":true}]}}