{"id":28840,"date":"2024-04-30T01:35:25","date_gmt":"2024-04-29T23:35:25","guid":{"rendered":"https:\/\/stuttgarti-katolikusok.de\/?p=28840"},"modified":"2024-05-02T23:10:59","modified_gmt":"2024-05-02T21:10:59","slug":"2024-aprilis-29-es-majus-5-kozott","status":"publish","type":"post","link":"https:\/\/stuttgarti-katolikusok.de\/index.php\/2024-aprilis-29-es-majus-5-kozott\/","title":{"rendered":"2024 \u00c1PRILIS 29 \u00c9S M\u00c1JUS 5 K\u00d6Z\u00d6TT"},"content":{"rendered":"<p><span style=\"color: #ff6600;\"><strong><em>Programel\u0151zetes<\/em><\/strong><\/span><\/p>\n<p><strong>M\u00e1jus 3-\u00e1n, <\/strong>p\u00e9nteken<em>, <\/em><strong><em>Stuttgarti d\u00e9lut\u00e1n, <\/em><\/strong>17.30 \u00f3rakor<em> r\u00f3zsaf\u00fcz\u00e9rt im\u00e1dkozunk <\/em>\u00e9s <em>m\u00e1jusi \u00e1jtatoss\u00e1got <\/em>v\u00e9gz\u00fcnk<em>, <\/em>ezt k\u00f6vet\u0151en<em> szentmise.<\/em><\/p>\n<p style=\"text-align: center;\"><em>\u00a0<\/em><span style=\"color: #ff6600;\"><strong><em>*<\/em><\/strong><\/span><\/p>\n<p><strong>M\u00e1jus 4-\u00e9n<\/strong>, szombaton<em>,<\/em><strong><em>\u00a0<\/em><\/strong><\/p>\n<p>Stuttgartban, 10.00 \u00f3rakor <em>Bar\u00e1ts\u00e1gklub,<\/em><\/p>\n<p><strong>Balingenben<em>\u00a0<\/em><\/strong>16.00 \u00f3rakor<em>\u00a0szentmise, <\/em>keret\u00e9ben az <em>\u00c9desany\u00e1kat k\u00f6sz\u00f6ntj\u00fck<\/em>, ut\u00e1na <em>agap\u00e9.<\/em><\/p>\n<a href=\"https:\/\/stuttgarti-katolikusok.de\/wp-content\/uploads\/2024\/04\/2024-majus-madarak.pdf\" class=\"pdfemb-viewer\" style=\"\" data-width=\"max\" data-height=\"max\" data-toolbar=\"bottom\" data-toolbar-fixed=\"off\">2024 - m\u00e1jus - madarak<\/a>\n<p style=\"text-align: center;\"><span style=\"color: #ff6600;\"><strong>*<\/strong><\/span><\/p>\n<p><strong>M\u00e1jus 5-\u00e9n,<\/strong>\u00a0<em><span style=\"color: #ff6600;\"><strong>H\u00fasv\u00e9t 6. vas\u00e1rnapja<\/strong><\/span>,\u00a0<\/em><\/p>\n<p><strong>Schw\u00e4bisch-Gm\u00fcndben <\/strong>9.30 \u00f3rakor <em>Boldog Bajor Gizella b\u00facs\u00fas-<\/em>szentmise, keret\u00e9ben az <em>\u00c9desany\u00e1kat k\u00f6sz\u00f6ntj\u00fck<\/em>, ut\u00e1na <em>agap\u00e9.<\/em><\/p>\n<p><a href=\"https:\/\/stuttgarti-katolikusok.de\/wp-content\/uploads\/2024\/04\/boldog-bajor-gizella-w1-web.jpg\"><img loading=\"lazy\" decoding=\"async\" class=\"size-full wp-image-28842 aligncenter\" src=\"https:\/\/stuttgarti-katolikusok.de\/wp-content\/uploads\/2024\/04\/boldog-bajor-gizella-w1-web.jpg\" alt=\"\" width=\"340\" height=\"975\" srcset=\"https:\/\/stuttgarti-katolikusok.de\/wp-content\/uploads\/2024\/04\/boldog-bajor-gizella-w1-web.jpg 340w, https:\/\/stuttgarti-katolikusok.de\/wp-content\/uploads\/2024\/04\/boldog-bajor-gizella-w1-web-105x300.jpg 105w\" sizes=\"auto, (max-width: 340px) 100vw, 340px\" \/><\/a><\/p>\n<p><strong>Stuttgartban <\/strong>15.00 \u00f3rakor<em> szentmise, <\/em>keret\u00e9ben az <em>\u00c9desany\u00e1kat k\u00f6sz\u00f6ntj\u00fck<\/em>, ut\u00e1na <em>agap\u00e9.<\/em><\/p>\n<p style=\"text-align: center;\"><em><strong>\u00a0<span style=\"color: #ff6600;\">*<\/span><\/strong><\/em><\/p>\n<p>Minden helyen mindenkit szeretettel v\u00e1r a k\u00f6z\u00f6ss\u00e9g \u00e9s Tibor atya!<\/p>\n<p style=\"text-align: center;\"><span style=\"color: #ff6600;\"><strong>*<\/strong><\/span><\/p>\n<p><a href=\"https:\/\/stuttgarti-katolikusok.de\/wp-content\/uploads\/2021\/05\/love-3604788-1280.jpg\"><img loading=\"lazy\" decoding=\"async\" class=\"alignnone size-full wp-image-21804\" src=\"https:\/\/stuttgarti-katolikusok.de\/wp-content\/uploads\/2021\/05\/love-3604788-1280.jpg\" alt=\"\" width=\"1280\" height=\"779\" srcset=\"https:\/\/stuttgarti-katolikusok.de\/wp-content\/uploads\/2021\/05\/love-3604788-1280.jpg 1280w, https:\/\/stuttgarti-katolikusok.de\/wp-content\/uploads\/2021\/05\/love-3604788-1280-300x183.jpg 300w, https:\/\/stuttgarti-katolikusok.de\/wp-content\/uploads\/2021\/05\/love-3604788-1280-1024x623.jpg 1024w\" sizes=\"auto, (max-width: 1280px) 100vw, 1280px\" \/><\/a><\/p>\n<p style=\"text-align: center;\"><span style=\"color: #ff6600;\"><strong><em>*<\/em><\/strong><\/span><\/p>\n<p><span style=\"color: #ff6600;\"><em><strong>Kegyelemteljes h\u00fasv\u00e9ti napokat, tartalmas besz\u00e9lget\u00e9seket \u00e9s \u00f6r\u00f6mteli tal\u00e1lkoz\u00e1sokat k\u00edv\u00e1nunk minden Kedves H\u00edv\u00fcnknek!<\/strong><\/em><\/span><\/p>\n<p style=\"text-align: center;\"><span style=\"color: #ff6600;\"><em><strong>*<\/strong><\/em><\/span><\/p>\n<p><em><span style=\"color: #ff6600;\">\u201eNek\u00fcnk, kereszt\u00e9nyeknek nem csak meghallgatni kell a Sz\u00f3t, hogy azt\u00e1n egy k\u00f6vetkez\u0151 pillanatban megpr\u00f3b\u00e1ljuk majd \u00e9letre v\u00e1ltani. Az Eucharisztia \u00fcnnepl\u00e9s\u00e9nek kezdet\u00e9n mi, kereszt\u00e9nyek meghallgatjuk a Sz\u00f3t, amelyet azt\u00e1n mint megtestes\u00fclt \u00e9telt vesz\u00fcnk magunkhoz. A Test \u00e9s a V\u00e9r, mint t\u00e1pl\u00e1l\u00e9k adatik meg nek\u00fcnk, pontosan az\u00e9rt, mert a Sz\u00f3 m\u00e1r megtestes\u00fclt olyan m\u00f3don, hogy mi is azz\u00e1 lehess\u00fcnk, amit befogadunk, amit megesz\u00fcnk.\u201d <\/span>(P. Marko Ivan Rupnik SJ, 1954 &#8211; )<\/em><\/p>\n<p><em>(K\u00e9p forr\u00e1sa: Pixabay)<\/em><\/p>\n","protected":false},"excerpt":{"rendered":"<p>Programel\u0151zetes M\u00e1jus 3-\u00e1n, p\u00e9nteken, Stuttgarti d\u00e9lut\u00e1n, 17.30 \u00f3rakor r\u00f3zsaf\u00fcz\u00e9rt im\u00e1dkozunk \u00e9s m\u00e1jusi \u00e1jtatoss\u00e1got v\u00e9gz\u00fcnk, ezt k\u00f6vet\u0151en szentmise. \u00a0* M\u00e1jus 4-\u00e9n, szombaton,\u00a0 Stuttgartban, 10.00 \u00f3rakor Bar\u00e1ts\u00e1gklub, Balingenben\u00a016.00 \u00f3rakor\u00a0szentmise, keret\u00e9ben az \u00c9desany\u00e1kat k\u00f6sz\u00f6ntj\u00fck, ut\u00e1na agap\u00e9. * M\u00e1jus 5-\u00e9n,\u00a0H\u00fasv\u00e9t 6. vas\u00e1rnapja,\u00a0 Schw\u00e4bisch-Gm\u00fcndben 9.30 \u00f3rakor Boldog Bajor Gizella b\u00facs\u00fas-szentmise, keret\u00e9ben az \u00c9desany\u00e1kat k\u00f6sz\u00f6ntj\u00fck, ut\u00e1na agap\u00e9. Stuttgartban 15.00 \u00f3rakor szentmise, keret\u00e9ben az \u00c9desany\u00e1kat k\u00f6sz\u00f6ntj\u00fck, ut\u00e1na agap\u00e9. \u00a0* Minden helyen mindenkit szeretettel v\u00e1r a k\u00f6z\u00f6ss\u00e9g \u00e9s Tibor atya! * * Kegyelemteljes h\u00fasv\u00e9ti napokat, tartalmas besz\u00e9lget\u00e9seket \u00e9s \u00f6r\u00f6mteli tal\u00e1lkoz\u00e1sokat k\u00edv\u00e1nunk minden Kedves H\u00edv\u00fcnknek! * \u201eNek\u00fcnk, kereszt\u00e9nyeknek nem csak meghallgatni kell a Sz\u00f3t, hogy azt\u00e1n egy k\u00f6vetkez\u0151 pillanatban megpr\u00f3b\u00e1ljuk majd \u00e9letre v\u00e1ltani. Az Eucharisztia \u00fcnnepl\u00e9s\u00e9nek kezdet\u00e9n mi, kereszt\u00e9nyek meghallgatjuk a Sz\u00f3t, amelyet azt\u00e1n mint megtestes\u00fclt \u00e9telt vesz\u00fcnk magunkhoz. A Test \u00e9s a V\u00e9r, mint t\u00e1pl\u00e1l\u00e9k adatik meg nek\u00fcnk, pontosan az\u00e9rt, mert a Sz\u00f3 m\u00e1r megtestes\u00fclt olyan m\u00f3don, hogy mi is azz\u00e1 lehess\u00fcnk, amit befogadunk, amit megesz\u00fcnk.\u201d (P. Marko Ivan Rupnik SJ, 1954 &#8211; ) (K\u00e9p forr\u00e1sa: Pixabay)<\/p>\n","protected":false},"author":3,"featured_media":21803,"comment_status":"closed","ping_status":"closed","sticky":false,"template":"","format":"standard","meta":{"footnotes":""},"categories":[37],"tags":[],"class_list":["post-28840","post","type-post","status-publish","format-standard","has-post-thumbnail","hentry","category-progamelozetes"],"yoast_head":"<!-- This site is optimized with the Yoast SEO plugin v27.3 - https:\/\/yoast.com\/product\/yoast-seo-wordpress\/ -->\n<title>2024 \u00c1PRILIS 29 \u00c9S M\u00c1JUS 5 K\u00d6Z\u00d6TT - Stuttgarti Katolikusok<\/title>\n<meta name=\"robots\" content=\"index, follow, max-snippet:-1, max-image-preview:large, max-video-preview:-1\" \/>\n<link rel=\"canonical\" href=\"https:\/\/stuttgarti-katolikusok.de\/index.php\/2024-aprilis-29-es-majus-5-kozott\/\" \/>\n<meta property=\"og:locale\" content=\"hu_HU\" \/>\n<meta property=\"og:type\" content=\"article\" \/>\n<meta property=\"og:title\" content=\"2024 \u00c1PRILIS 29 \u00c9S M\u00c1JUS 5 K\u00d6Z\u00d6TT - Stuttgarti Katolikusok\" \/>\n<meta property=\"og:description\" content=\"Programel\u0151zetes M\u00e1jus 3-\u00e1n, p\u00e9nteken, Stuttgarti d\u00e9lut\u00e1n, 17.30 \u00f3rakor r\u00f3zsaf\u00fcz\u00e9rt im\u00e1dkozunk \u00e9s m\u00e1jusi \u00e1jtatoss\u00e1got v\u00e9gz\u00fcnk, ezt k\u00f6vet\u0151en szentmise. \u00a0* M\u00e1jus 4-\u00e9n, szombaton,\u00a0 Stuttgartban, 10.00 \u00f3rakor Bar\u00e1ts\u00e1gklub, Balingenben\u00a016.00 \u00f3rakor\u00a0szentmise, keret\u00e9ben az \u00c9desany\u00e1kat k\u00f6sz\u00f6ntj\u00fck, ut\u00e1na agap\u00e9. * M\u00e1jus 5-\u00e9n,\u00a0H\u00fasv\u00e9t 6. vas\u00e1rnapja,\u00a0 Schw\u00e4bisch-Gm\u00fcndben 9.30 \u00f3rakor Boldog Bajor Gizella b\u00facs\u00fas-szentmise, keret\u00e9ben az \u00c9desany\u00e1kat k\u00f6sz\u00f6ntj\u00fck, ut\u00e1na agap\u00e9. Stuttgartban 15.00 \u00f3rakor szentmise, keret\u00e9ben az \u00c9desany\u00e1kat k\u00f6sz\u00f6ntj\u00fck, ut\u00e1na agap\u00e9. \u00a0* Minden helyen mindenkit szeretettel v\u00e1r a k\u00f6z\u00f6ss\u00e9g \u00e9s Tibor atya! * * Kegyelemteljes h\u00fasv\u00e9ti napokat, tartalmas besz\u00e9lget\u00e9seket \u00e9s \u00f6r\u00f6mteli tal\u00e1lkoz\u00e1sokat k\u00edv\u00e1nunk minden Kedves H\u00edv\u00fcnknek! * \u201eNek\u00fcnk, kereszt\u00e9nyeknek nem csak meghallgatni kell a Sz\u00f3t, hogy azt\u00e1n egy k\u00f6vetkez\u0151 pillanatban megpr\u00f3b\u00e1ljuk majd \u00e9letre v\u00e1ltani. Az Eucharisztia \u00fcnnepl\u00e9s\u00e9nek kezdet\u00e9n mi, kereszt\u00e9nyek meghallgatjuk a Sz\u00f3t, amelyet azt\u00e1n mint megtestes\u00fclt \u00e9telt vesz\u00fcnk magunkhoz. A Test \u00e9s a V\u00e9r, mint t\u00e1pl\u00e1l\u00e9k adatik meg nek\u00fcnk, pontosan az\u00e9rt, mert a Sz\u00f3 m\u00e1r megtestes\u00fclt olyan m\u00f3don, hogy mi is azz\u00e1 lehess\u00fcnk, amit befogadunk, amit megesz\u00fcnk.\u201d (P. Marko Ivan Rupnik SJ, 1954 &#8211; ) (K\u00e9p forr\u00e1sa: Pixabay)\" \/>\n<meta property=\"og:url\" content=\"https:\/\/stuttgarti-katolikusok.de\/index.php\/2024-aprilis-29-es-majus-5-kozott\/\" \/>\n<meta property=\"og:site_name\" content=\"Stuttgarti Katolikusok\" \/>\n<meta property=\"article:published_time\" content=\"2024-04-29T23:35:25+00:00\" \/>\n<meta property=\"article:modified_time\" content=\"2024-05-02T21:10:59+00:00\" \/>\n<meta property=\"og:image\" content=\"https:\/\/stuttgarti-katolikusok.de\/wp-content\/uploads\/2021\/05\/couple-5989116-1280.jpg\" \/>\n\t<meta property=\"og:image:width\" content=\"1280\" \/>\n\t<meta property=\"og:image:height\" content=\"853\" \/>\n\t<meta property=\"og:image:type\" content=\"image\/jpeg\" \/>\n<meta name=\"author\" content=\"Tibor atya\" \/>\n<meta name=\"twitter:card\" content=\"summary_large_image\" \/>\n<meta name=\"twitter:label1\" content=\"Szerz\u0151:\" \/>\n\t<meta name=\"twitter:data1\" content=\"Tibor atya\" \/>\n\t<meta name=\"twitter:label2\" content=\"Becs\u00fclt olvas\u00e1si id\u0151\" \/>\n\t<meta name=\"twitter:data2\" content=\"2 perc\" \/>\n<script type=\"application\/ld+json\" class=\"yoast-schema-graph\">{\"@context\":\"https:\\\/\\\/schema.org\",\"@graph\":[{\"@type\":\"Article\",\"@id\":\"https:\\\/\\\/stuttgarti-katolikusok.de\\\/index.php\\\/2024-aprilis-29-es-majus-5-kozott\\\/#article\",\"isPartOf\":{\"@id\":\"https:\\\/\\\/stuttgarti-katolikusok.de\\\/index.php\\\/2024-aprilis-29-es-majus-5-kozott\\\/\"},\"author\":{\"name\":\"Tibor atya\",\"@id\":\"https:\\\/\\\/stuttgarti-katolikusok.de\\\/#\\\/schema\\\/person\\\/75908d6f8fdc03a57889d27209df7795\"},\"headline\":\"2024 \u00c1PRILIS 29 \u00c9S M\u00c1JUS 5 K\u00d6Z\u00d6TT\",\"datePublished\":\"2024-04-29T23:35:25+00:00\",\"dateModified\":\"2024-05-02T21:10:59+00:00\",\"mainEntityOfPage\":{\"@id\":\"https:\\\/\\\/stuttgarti-katolikusok.de\\\/index.php\\\/2024-aprilis-29-es-majus-5-kozott\\\/\"},\"wordCount\":261,\"image\":{\"@id\":\"https:\\\/\\\/stuttgarti-katolikusok.de\\\/index.php\\\/2024-aprilis-29-es-majus-5-kozott\\\/#primaryimage\"},\"thumbnailUrl\":\"https:\\\/\\\/stuttgarti-katolikusok.de\\\/wp-content\\\/uploads\\\/2021\\\/05\\\/couple-5989116-1280.jpg\",\"articleSection\":[\"Progamel\u0151zetes\"],\"inLanguage\":\"hu\"},{\"@type\":\"WebPage\",\"@id\":\"https:\\\/\\\/stuttgarti-katolikusok.de\\\/index.php\\\/2024-aprilis-29-es-majus-5-kozott\\\/\",\"url\":\"https:\\\/\\\/stuttgarti-katolikusok.de\\\/index.php\\\/2024-aprilis-29-es-majus-5-kozott\\\/\",\"name\":\"2024 \u00c1PRILIS 29 \u00c9S M\u00c1JUS 5 K\u00d6Z\u00d6TT - Stuttgarti Katolikusok\",\"isPartOf\":{\"@id\":\"https:\\\/\\\/stuttgarti-katolikusok.de\\\/#website\"},\"primaryImageOfPage\":{\"@id\":\"https:\\\/\\\/stuttgarti-katolikusok.de\\\/index.php\\\/2024-aprilis-29-es-majus-5-kozott\\\/#primaryimage\"},\"image\":{\"@id\":\"https:\\\/\\\/stuttgarti-katolikusok.de\\\/index.php\\\/2024-aprilis-29-es-majus-5-kozott\\\/#primaryimage\"},\"thumbnailUrl\":\"https:\\\/\\\/stuttgarti-katolikusok.de\\\/wp-content\\\/uploads\\\/2021\\\/05\\\/couple-5989116-1280.jpg\",\"datePublished\":\"2024-04-29T23:35:25+00:00\",\"dateModified\":\"2024-05-02T21:10:59+00:00\",\"author\":{\"@id\":\"https:\\\/\\\/stuttgarti-katolikusok.de\\\/#\\\/schema\\\/person\\\/75908d6f8fdc03a57889d27209df7795\"},\"breadcrumb\":{\"@id\":\"https:\\\/\\\/stuttgarti-katolikusok.de\\\/index.php\\\/2024-aprilis-29-es-majus-5-kozott\\\/#breadcrumb\"},\"inLanguage\":\"hu\",\"potentialAction\":[{\"@type\":\"ReadAction\",\"target\":[\"https:\\\/\\\/stuttgarti-katolikusok.de\\\/index.php\\\/2024-aprilis-29-es-majus-5-kozott\\\/\"]}]},{\"@type\":\"ImageObject\",\"inLanguage\":\"hu\",\"@id\":\"https:\\\/\\\/stuttgarti-katolikusok.de\\\/index.php\\\/2024-aprilis-29-es-majus-5-kozott\\\/#primaryimage\",\"url\":\"https:\\\/\\\/stuttgarti-katolikusok.de\\\/wp-content\\\/uploads\\\/2021\\\/05\\\/couple-5989116-1280.jpg\",\"contentUrl\":\"https:\\\/\\\/stuttgarti-katolikusok.de\\\/wp-content\\\/uploads\\\/2021\\\/05\\\/couple-5989116-1280.jpg\",\"width\":1280,\"height\":853},{\"@type\":\"BreadcrumbList\",\"@id\":\"https:\\\/\\\/stuttgarti-katolikusok.de\\\/index.php\\\/2024-aprilis-29-es-majus-5-kozott\\\/#breadcrumb\",\"itemListElement\":[{\"@type\":\"ListItem\",\"position\":1,\"name\":\"Kezd\u0151lap\",\"item\":\"https:\\\/\\\/stuttgarti-katolikusok.de\\\/\"},{\"@type\":\"ListItem\",\"position\":2,\"name\":\"2024 \u00c1PRILIS 29 \u00c9S M\u00c1JUS 5 K\u00d6Z\u00d6TT\"}]},{\"@type\":\"WebSite\",\"@id\":\"https:\\\/\\\/stuttgarti-katolikusok.de\\\/#website\",\"url\":\"https:\\\/\\\/stuttgarti-katolikusok.de\\\/\",\"name\":\"Stuttgarti Katolikusok\",\"description\":\"\",\"potentialAction\":[{\"@type\":\"SearchAction\",\"target\":{\"@type\":\"EntryPoint\",\"urlTemplate\":\"https:\\\/\\\/stuttgarti-katolikusok.de\\\/?s={search_term_string}\"},\"query-input\":{\"@type\":\"PropertyValueSpecification\",\"valueRequired\":true,\"valueName\":\"search_term_string\"}}],\"inLanguage\":\"hu\"},{\"@type\":\"Person\",\"@id\":\"https:\\\/\\\/stuttgarti-katolikusok.de\\\/#\\\/schema\\\/person\\\/75908d6f8fdc03a57889d27209df7795\",\"name\":\"Tibor atya\",\"image\":{\"@type\":\"ImageObject\",\"inLanguage\":\"hu\",\"@id\":\"https:\\\/\\\/secure.gravatar.com\\\/avatar\\\/61d268e57d1f4525b111222e29d2d5a7f8c420fdbf231ba5566a8ceac74fa960?s=96&d=mm&r=g\",\"url\":\"https:\\\/\\\/secure.gravatar.com\\\/avatar\\\/61d268e57d1f4525b111222e29d2d5a7f8c420fdbf231ba5566a8ceac74fa960?s=96&d=mm&r=g\",\"contentUrl\":\"https:\\\/\\\/secure.gravatar.com\\\/avatar\\\/61d268e57d1f4525b111222e29d2d5a7f8c420fdbf231ba5566a8ceac74fa960?s=96&d=mm&r=g\",\"caption\":\"Tibor atya\"},\"url\":\"https:\\\/\\\/stuttgarti-katolikusok.de\\\/index.php\\\/author\\\/tibor-atya\\\/\"}]}<\/script>\n<!-- \/ Yoast SEO plugin. -->","yoast_head_json":{"title":"2024 \u00c1PRILIS 29 \u00c9S M\u00c1JUS 5 K\u00d6Z\u00d6TT - Stuttgarti Katolikusok","robots":{"index":"index","follow":"follow","max-snippet":"max-snippet:-1","max-image-preview":"max-image-preview:large","max-video-preview":"max-video-preview:-1"},"canonical":"https:\/\/stuttgarti-katolikusok.de\/index.php\/2024-aprilis-29-es-majus-5-kozott\/","og_locale":"hu_HU","og_type":"article","og_title":"2024 \u00c1PRILIS 29 \u00c9S M\u00c1JUS 5 K\u00d6Z\u00d6TT - Stuttgarti Katolikusok","og_description":"Programel\u0151zetes M\u00e1jus 3-\u00e1n, p\u00e9nteken, Stuttgarti d\u00e9lut\u00e1n, 17.30 \u00f3rakor r\u00f3zsaf\u00fcz\u00e9rt im\u00e1dkozunk \u00e9s m\u00e1jusi \u00e1jtatoss\u00e1got v\u00e9gz\u00fcnk, ezt k\u00f6vet\u0151en szentmise. \u00a0* M\u00e1jus 4-\u00e9n, szombaton,\u00a0 Stuttgartban, 10.00 \u00f3rakor Bar\u00e1ts\u00e1gklub, Balingenben\u00a016.00 \u00f3rakor\u00a0szentmise, keret\u00e9ben az \u00c9desany\u00e1kat k\u00f6sz\u00f6ntj\u00fck, ut\u00e1na agap\u00e9. * M\u00e1jus 5-\u00e9n,\u00a0H\u00fasv\u00e9t 6. vas\u00e1rnapja,\u00a0 Schw\u00e4bisch-Gm\u00fcndben 9.30 \u00f3rakor Boldog Bajor Gizella b\u00facs\u00fas-szentmise, keret\u00e9ben az \u00c9desany\u00e1kat k\u00f6sz\u00f6ntj\u00fck, ut\u00e1na agap\u00e9. Stuttgartban 15.00 \u00f3rakor szentmise, keret\u00e9ben az \u00c9desany\u00e1kat k\u00f6sz\u00f6ntj\u00fck, ut\u00e1na agap\u00e9. \u00a0* Minden helyen mindenkit szeretettel v\u00e1r a k\u00f6z\u00f6ss\u00e9g \u00e9s Tibor atya! * * Kegyelemteljes h\u00fasv\u00e9ti napokat, tartalmas besz\u00e9lget\u00e9seket \u00e9s \u00f6r\u00f6mteli tal\u00e1lkoz\u00e1sokat k\u00edv\u00e1nunk minden Kedves H\u00edv\u00fcnknek! * \u201eNek\u00fcnk, kereszt\u00e9nyeknek nem csak meghallgatni kell a Sz\u00f3t, hogy azt\u00e1n egy k\u00f6vetkez\u0151 pillanatban megpr\u00f3b\u00e1ljuk majd \u00e9letre v\u00e1ltani. Az Eucharisztia \u00fcnnepl\u00e9s\u00e9nek kezdet\u00e9n mi, kereszt\u00e9nyek meghallgatjuk a Sz\u00f3t, amelyet azt\u00e1n mint megtestes\u00fclt \u00e9telt vesz\u00fcnk magunkhoz. A Test \u00e9s a V\u00e9r, mint t\u00e1pl\u00e1l\u00e9k adatik meg nek\u00fcnk, pontosan az\u00e9rt, mert a Sz\u00f3 m\u00e1r megtestes\u00fclt olyan m\u00f3don, hogy mi is azz\u00e1 lehess\u00fcnk, amit befogadunk, amit megesz\u00fcnk.\u201d (P. Marko Ivan Rupnik SJ, 1954 &#8211; ) (K\u00e9p forr\u00e1sa: Pixabay)","og_url":"https:\/\/stuttgarti-katolikusok.de\/index.php\/2024-aprilis-29-es-majus-5-kozott\/","og_site_name":"Stuttgarti Katolikusok","article_published_time":"2024-04-29T23:35:25+00:00","article_modified_time":"2024-05-02T21:10:59+00:00","og_image":[{"width":1280,"height":853,"url":"https:\/\/stuttgarti-katolikusok.de\/wp-content\/uploads\/2021\/05\/couple-5989116-1280.jpg","type":"image\/jpeg"}],"author":"Tibor atya","twitter_card":"summary_large_image","twitter_misc":{"Szerz\u0151:":"Tibor atya","Becs\u00fclt olvas\u00e1si id\u0151":"2 perc"},"schema":{"@context":"https:\/\/schema.org","@graph":[{"@type":"Article","@id":"https:\/\/stuttgarti-katolikusok.de\/index.php\/2024-aprilis-29-es-majus-5-kozott\/#article","isPartOf":{"@id":"https:\/\/stuttgarti-katolikusok.de\/index.php\/2024-aprilis-29-es-majus-5-kozott\/"},"author":{"name":"Tibor atya","@id":"https:\/\/stuttgarti-katolikusok.de\/#\/schema\/person\/75908d6f8fdc03a57889d27209df7795"},"headline":"2024 \u00c1PRILIS 29 \u00c9S M\u00c1JUS 5 K\u00d6Z\u00d6TT","datePublished":"2024-04-29T23:35:25+00:00","dateModified":"2024-05-02T21:10:59+00:00","mainEntityOfPage":{"@id":"https:\/\/stuttgarti-katolikusok.de\/index.php\/2024-aprilis-29-es-majus-5-kozott\/"},"wordCount":261,"image":{"@id":"https:\/\/stuttgarti-katolikusok.de\/index.php\/2024-aprilis-29-es-majus-5-kozott\/#primaryimage"},"thumbnailUrl":"https:\/\/stuttgarti-katolikusok.de\/wp-content\/uploads\/2021\/05\/couple-5989116-1280.jpg","articleSection":["Progamel\u0151zetes"],"inLanguage":"hu"},{"@type":"WebPage","@id":"https:\/\/stuttgarti-katolikusok.de\/index.php\/2024-aprilis-29-es-majus-5-kozott\/","url":"https:\/\/stuttgarti-katolikusok.de\/index.php\/2024-aprilis-29-es-majus-5-kozott\/","name":"2024 \u00c1PRILIS 29 \u00c9S M\u00c1JUS 5 K\u00d6Z\u00d6TT - Stuttgarti Katolikusok","isPartOf":{"@id":"https:\/\/stuttgarti-katolikusok.de\/#website"},"primaryImageOfPage":{"@id":"https:\/\/stuttgarti-katolikusok.de\/index.php\/2024-aprilis-29-es-majus-5-kozott\/#primaryimage"},"image":{"@id":"https:\/\/stuttgarti-katolikusok.de\/index.php\/2024-aprilis-29-es-majus-5-kozott\/#primaryimage"},"thumbnailUrl":"https:\/\/stuttgarti-katolikusok.de\/wp-content\/uploads\/2021\/05\/couple-5989116-1280.jpg","datePublished":"2024-04-29T23:35:25+00:00","dateModified":"2024-05-02T21:10:59+00:00","author":{"@id":"https:\/\/stuttgarti-katolikusok.de\/#\/schema\/person\/75908d6f8fdc03a57889d27209df7795"},"breadcrumb":{"@id":"https:\/\/stuttgarti-katolikusok.de\/index.php\/2024-aprilis-29-es-majus-5-kozott\/#breadcrumb"},"inLanguage":"hu","potentialAction":[{"@type":"ReadAction","target":["https:\/\/stuttgarti-katolikusok.de\/index.php\/2024-aprilis-29-es-majus-5-kozott\/"]}]},{"@type":"ImageObject","inLanguage":"hu","@id":"https:\/\/stuttgarti-katolikusok.de\/index.php\/2024-aprilis-29-es-majus-5-kozott\/#primaryimage","url":"https:\/\/stuttgarti-katolikusok.de\/wp-content\/uploads\/2021\/05\/couple-5989116-1280.jpg","contentUrl":"https:\/\/stuttgarti-katolikusok.de\/wp-content\/uploads\/2021\/05\/couple-5989116-1280.jpg","width":1280,"height":853},{"@type":"BreadcrumbList","@id":"https:\/\/stuttgarti-katolikusok.de\/index.php\/2024-aprilis-29-es-majus-5-kozott\/#breadcrumb","itemListElement":[{"@type":"ListItem","position":1,"name":"Kezd\u0151lap","item":"https:\/\/stuttgarti-katolikusok.de\/"},{"@type":"ListItem","position":2,"name":"2024 \u00c1PRILIS 29 \u00c9S M\u00c1JUS 5 K\u00d6Z\u00d6TT"}]},{"@type":"WebSite","@id":"https:\/\/stuttgarti-katolikusok.de\/#website","url":"https:\/\/stuttgarti-katolikusok.de\/","name":"Stuttgarti Katolikusok","description":"","potentialAction":[{"@type":"SearchAction","target":{"@type":"EntryPoint","urlTemplate":"https:\/\/stuttgarti-katolikusok.de\/?s={search_term_string}"},"query-input":{"@type":"PropertyValueSpecification","valueRequired":true,"valueName":"search_term_string"}}],"inLanguage":"hu"},{"@type":"Person","@id":"https:\/\/stuttgarti-katolikusok.de\/#\/schema\/person\/75908d6f8fdc03a57889d27209df7795","name":"Tibor atya","image":{"@type":"ImageObject","inLanguage":"hu","@id":"https:\/\/secure.gravatar.com\/avatar\/61d268e57d1f4525b111222e29d2d5a7f8c420fdbf231ba5566a8ceac74fa960?s=96&d=mm&r=g","url":"https:\/\/secure.gravatar.com\/avatar\/61d268e57d1f4525b111222e29d2d5a7f8c420fdbf231ba5566a8ceac74fa960?s=96&d=mm&r=g","contentUrl":"https:\/\/secure.gravatar.com\/avatar\/61d268e57d1f4525b111222e29d2d5a7f8c420fdbf231ba5566a8ceac74fa960?s=96&d=mm&r=g","caption":"Tibor atya"},"url":"https:\/\/stuttgarti-katolikusok.de\/index.php\/author\/tibor-atya\/"}]}},"_links":{"self":[{"href":"https:\/\/stuttgarti-katolikusok.de\/index.php\/wp-json\/wp\/v2\/posts\/28840","targetHints":{"allow":["GET"]}}],"collection":[{"href":"https:\/\/stuttgarti-katolikusok.de\/index.php\/wp-json\/wp\/v2\/posts"}],"about":[{"href":"https:\/\/stuttgarti-katolikusok.de\/index.php\/wp-json\/wp\/v2\/types\/post"}],"author":[{"embeddable":true,"href":"https:\/\/stuttgarti-katolikusok.de\/index.php\/wp-json\/wp\/v2\/users\/3"}],"replies":[{"embeddable":true,"href":"https:\/\/stuttgarti-katolikusok.de\/index.php\/wp-json\/wp\/v2\/comments?post=28840"}],"version-history":[{"count":4,"href":"https:\/\/stuttgarti-katolikusok.de\/index.php\/wp-json\/wp\/v2\/posts\/28840\/revisions"}],"predecessor-version":[{"id":28846,"href":"https:\/\/stuttgarti-katolikusok.de\/index.php\/wp-json\/wp\/v2\/posts\/28840\/revisions\/28846"}],"wp:featuredmedia":[{"embeddable":true,"href":"https:\/\/stuttgarti-katolikusok.de\/index.php\/wp-json\/wp\/v2\/media\/21803"}],"wp:attachment":[{"href":"https:\/\/stuttgarti-katolikusok.de\/index.php\/wp-json\/wp\/v2\/media?parent=28840"}],"wp:term":[{"taxonomy":"category","embeddable":true,"href":"https:\/\/stuttgarti-katolikusok.de\/index.php\/wp-json\/wp\/v2\/categories?post=28840"},{"taxonomy":"post_tag","embeddable":true,"href":"https:\/\/stuttgarti-katolikusok.de\/index.php\/wp-json\/wp\/v2\/tags?post=28840"}],"curies":[{"name":"wp","href":"https:\/\/api.w.org\/{rel}","templated":true}]}}