{"id":28835,"date":"2024-04-28T08:34:16","date_gmt":"2024-04-28T06:34:16","guid":{"rendered":"https:\/\/stuttgarti-katolikusok.de\/?p=28835"},"modified":"2024-05-02T23:15:30","modified_gmt":"2024-05-02T21:15:30","slug":"husvet-5-vasarnapja-2","status":"publish","type":"post","link":"https:\/\/stuttgarti-katolikusok.de\/index.php\/husvet-5-vasarnapja-2\/","title":{"rendered":"H\u00fasv\u00e9t 5. vas\u00e1rnapja"},"content":{"rendered":"<p><span style=\"color: #ff6600;\"><em>H\u00fasv\u00e9t 5. vas\u00e1rnapj\u00e1nak olvasm\u00e1nya Szent P\u00e1l apostol bels\u0151 \u00fatj\u00e1nak fontos \u00e1llom\u00e1s\u00e1t mutatja be megt\u00e9r\u00e9s\u00e9t k\u00f6vet\u0151en. Barnab\u00e1s volt az, aki kezess\u00e9get v\u00e1llalt \u00e9s ki\u00e1llt mellette. A keresztsz\u00fcl\u0151k, b\u00e9rmasz\u00fcl\u0151k egy\u00e9ni felel\u0151ss\u00e9g\u00e9t is megtestes\u00edti ez a t\u00f6rt\u00e9net.<\/em><\/span><\/p>\n<p><span style=\"color: #ff6600;\"><em>Szent J\u00e1nos apostol a szentleck\u00e9ben ism\u00e9telten a szeretet fontoss\u00e1g\u00e1t hangs\u00falyozza. Kereszt\u00e9ny hit\u00fcnk tan\u00edt\u00e1sa szerint a legf\u0151bb parancsolat: szeress\u00fck Istent \u00e9s embert\u00e1rsainkat. Szeretet\u00fcnket els\u0151sorban tetteinkkel igazoljuk.<\/em><\/span><\/p>\n<p><span style=\"color: #ff6600;\"><em>Az evang\u00e9lium J\u00e9zus Krisztus gy\u00f6ny\u00f6r\u0171 tan\u00edt\u00e1s\u00e1t tartalmazza. K\u00f6z\u00f6ss\u00e9gben maradni Krisztussal, a kegyelmi \u00e9let alapja. A hasonlat \u00e9rtelm\u00e9ben olyan sz\u0151l\u0151vessz\u0151h\u00f6z kell hasonl\u00edtanunk, amelyik a sz\u0151l\u0151t\u0151b\u0151l, Krisztusb\u00f3l, sz\u00edvja erej\u00e9t. Egyben Neki k\u00f6sz\u00f6nheti b\u0151s\u00e9ges term\u00e9s\u00e9t.<\/em><\/span><\/p>\n<p><span style=\"color: #ff6600;\">Kezd\u0151\u00e9nek:<\/span><br \/>\n\u00c9nekeljetek az \u00darnak \u00faj \u00e9neket, mert csod\u00e1latos dolgokat cselekedett; kinyilatkoztatta az \u0151 igazs\u00e1g\u00e1t a nemzetek sz\u00edne el\u0151tt, alleluja! (V\u00f6. Zsolt 97,1-2)<\/p>\n<p><span style=\"color: #ff6600;\">K\u00f6ny\u00f6rg\u00e9s:<\/span><br \/>\nMindenhat\u00f3, \u00f6r\u00f6k Isten, tedd t\u00f6k\u00e9letess\u00e9 benn\u00fcnk a h\u00fasv\u00e9ti szents\u00e9get, hogy akiket a szent kereszts\u00e9gben meg\u00faj\u00edtott\u00e1l, oltalmad alatt b\u0151 term\u00e9st hozzanak, \u00e9s eljussanak az \u00f6r\u00f6k boldogs\u00e1gra. A mi Urunk, J\u00e9zus Krisztus, a te Fiad \u00e1ltal, aki veled \u00e9l \u00e9s uralkodik a Szentl\u00e9lekkel egys\u00e9gben, Isten mind\u00f6r\u00f6kk\u00f6n \u00f6r\u00f6kk\u00e9.<\/p>\n<p align=\"justify\"><span style=\"color: #ff6600;\">OLVASM\u00c1NY az Apostolok Cselekedeteib\u0151l (ApCsel 9,26-31)<\/span><br \/>\nAmikor (megt\u00e9r\u00e9se ut\u00e1n) Saul Jeruzs\u00e1lembe \u00e9rt, a tan\u00edtv\u00e1nyokhoz akart csatlakozni, de mind f\u00e9ltek t\u0151le. Nem hitt\u00e9k el, hogy tan\u00edtv\u00e1nny\u00e1 lett. V\u00e9g\u00fcl Barnab\u00e1s m\u00e9gis maga mell\u00e9 vette, \u00e9s elvitte az apostolokhoz. Elmondta nekik, hogy (P\u00e1l) l\u00e1tta az \u00faton az Urat, hogy (az \u00dar) mit mondott neki, \u00e9s hogy \u0151 milyen b\u00e1tran ki\u00e1llt Damaszkuszban J\u00e9zus \u00fcgye mellett.<br \/>\n(P\u00e1l) ezent\u00fal vel\u00fck j\u00e1rt-kelt Jeruzs\u00e1lemben, s ny\u00edltan besz\u00e9lt az \u00dar nev\u00e9ben. A g\u00f6r\u00f6g nyelv\u0171 zsid\u00f3khoz is besz\u00e9lt, s\u0151t vit\u00e1ba sz\u00e1llt vel\u00fck. De azok az \u00e9let\u00e9re t\u00f6rtek. Amikor ezt a testv\u00e9rek megtudt\u00e1k, Cez\u00e1re\u00e1ba elk\u00eds\u00e9rt\u00e9k, majd onn\u00e9t Tarzuszba k\u00fcldt\u00e9k.<br \/>\nAz Egyh\u00e1z eg\u00e9sz J\u00fade\u00e1ban, Galile\u00e1ban \u00e9s Szamari\u00e1ban b\u00e9k\u00e9t \u00e9lvezett. Meger\u0151s\u00f6d\u00f6tt, az \u00dar f\u00e9lelm\u00e9ben \u00e9lt, \u00e9s a Szentl\u00e9lek seg\u00edts\u00e9g\u00e9vel egyre terjedt.<br \/>\nEz az Isten ig\u00e9je.<\/p>\n<p align=\"justify\"><span style=\"color: #ff6600;\">V\u00c1LASZOS ZSOLT\u00c1R (Zsolt 21,26b-27.28 \u00e9s 30.31-32)<\/span><br \/>\nV\u00e1lasz:\u00a0<strong>Dics\u00e9rlek t\u00e9ged,\u00a0<u>Is<\/u>tenem, * szent n\u00e9<u>ped<\/u>\u00a0k\u00f6r\u00e9ben.<\/strong>\u00a0(2. t\u00f3nus.)<br \/>\nVagy:\u00a0<strong>Alleluja, alleluja, alleluja.<\/strong>\u00a02. sz\u00e1m.<br \/>\nEl\u0151\u00e9nekes: Az istenf\u00e9l\u0151k\u00a0<u>e<\/u>l\u0151tt, * teljes\u00edtem fo<u>ga<\/u>dalmam.<br \/>\nEgyenek a szeg\u00e9nyek \u00e9s lakjanak\u00a0<u>j\u00f3l<\/u>, \u2020 \u00e1ldj\u00e1k az Urat mind, akik\u00a0<u>ke<\/u>resik, * \u201eSz\u00edv\u00fck \u00e9lni fog mind<u>\u00f6<\/u>r\u00f6kk\u00e9\u201d.<br \/>\nH\u00edvek:\u00a0<strong>Dics\u00e9rlek t\u00e9ged,\u00a0<u>Is<\/u>tenem, * szent n\u00e9<u>ped<\/u>\u00a0k\u00f6r\u00e9ben.<\/strong><br \/>\nVagy:\u00a0<strong>Alleluja, alleluja, alleluja.<\/strong><br \/>\nE: A f\u00f6ld hat\u00e1rai megeml\u00e9keznek err\u0151l \u00e9s az \u00darhoz\u00a0<u>t\u00e9r<\/u>nek, * leborul el\u0151tte a nemzetek min<u>den<\/u>\u00a0csal\u00e1dja.<br \/>\nEgyed\u00fcl \u0151t im\u00e1dj\u00e1k mind, akik a f\u00f6ldben\u00a0<u>al<\/u>szanak, * h\u00f3doljanak el\u0151tte mind, akik a porba vis<u>sza<\/u>t\u00e9rnek.<br \/>\nH:\u00a0<strong>Dics\u00e9rlek t\u00e9ged,\u00a0<u>Is<\/u>tenem, * szent n\u00e9<u>ped<\/u>\u00a0k\u00f6r\u00e9ben.<\/strong><br \/>\nVagy:\u00a0<strong>Alleluja, alleluja, alleluja.<\/strong><br \/>\nE: Neki \u00e9l az \u00e9n\u00a0<u>lel<\/u>kem, * \u00e9s neki fog szolg\u00e1lni nem<u>zet<\/u>s\u00e9gem.<br \/>\nBesz\u00e9ljenek az \u00darr\u00f3l a j\u00f6vend\u0151 nemzed\u00e9k<u>nek<\/u>, \u2020 igazs\u00e1g\u00e1t hirdess\u00e9k a sz\u00fcletend\u0151\u00a0<u>n\u00e9p<\/u>nek: * \u201eMindezt az \u00dar cse<u>le<\/u>kedte!\u201d<br \/>\nH:\u00a0<strong>Dics\u00e9rlek t\u00e9ged,\u00a0<u>Is<\/u>tenem, * szent n\u00e9<u>ped<\/u>\u00a0k\u00f6r\u00e9ben.<\/strong><br \/>\nVagy:\u00a0<strong>Alleluja, alleluja, alleluja.<\/strong><\/p>\n<p align=\"justify\"><span style=\"color: #ff6600;\">SZENTLECKE Szent J\u00e1nos apostol els\u0151 level\u00e9b\u0151l (1Jn 3,18-24)<\/span><br \/>\nGyermekeim, ne sz\u00f3val \u00e9s nyelvvel szeress\u00fcnk, hanem tettel \u00e9s igazs\u00e1ggal. Err\u0151l ismerj\u00fck fel hogy az igazs\u00e1gb\u00f3l val\u00f3k vagyunk-e \u00e9s \u00edgy nyugtatjuk meg sz\u00edne el\u0151tt a sz\u00edv\u00fcnket. Ha sz\u00edv\u00fcnk v\u00e1dol is valamivel, Isten f\u00f6l\u00f6tte \u00e1ll sz\u00edv\u00fcnknek, \u0151 mindent tud. Szeretteim, ha sz\u00edv\u00fcnk nem v\u00e1dol, legy\u00fcnk bizalommal az Isten ir\u00e1nt. B\u00e1rmit k\u00e9r\u00fcnk, megkapjuk t\u0151le, hisz megtartjuk parancsait, \u00e9s azt tessz\u00fck, ami neki tetszik. Az az \u0151 parancsa, hogy higgy\u00fcnk Fi\u00e1nak, J\u00e9zus Krisztusnak nev\u00e9ben, \u00e9s szeress\u00fck egym\u00e1st, amint \u0151 parancsolta. Aki teljes\u00edti parancsait, Istenben marad, \u00e9s Isten is \u0151benne. Azt, hogy \u0151 benn\u00fcnk marad, a L\u00e9lekt\u0151l tudjuk, akit adott nek\u00fcnk.<br \/>\nEz az Isten ig\u00e9je.<\/p>\n<p align=\"justify\"><span style=\"color: #ff6600;\">ALLELUJA<\/span><br \/>\nJ\u00e9zus mondja: \u2020 \u201eMaradjatok bennem, \u00e9s \u00e9n bennetek, * aki \u00e9nbennem marad, b\u0151s\u00e9ges term\u00e9st hoz.\u201d (Jn 15,4a. 5b \u2013 10. t\u00f3nus.)<\/p>\n<p align=\"justify\"><span style=\"color: #ff6600;\">\u2020 EVANG\u00c9LIUM Szent J\u00e1nos k\u00f6nyv\u00e9b\u0151l (Jn 15,1-8)<\/span><br \/>\nAbban az id\u0151ben J\u00e9zus ezt mondta tan\u00edtv\u00e1nyainak: \u00c9n vagyok az igazi sz\u0151l\u0151t\u0151, \u00e9s Aty\u00e1m a sz\u0151l\u0151m\u0171ves. Minden sz\u0151l\u0151vessz\u0151t, amely nem hoz gy\u00fcm\u00f6lcs\u00f6t bennem, lemetsz r\u00f3lam, azt pedig, amely gy\u00fcm\u00f6lcs\u00f6t hoz, megtiszt\u00edtja, hogy m\u00e9g t\u00f6bbet teremjen. Ti m\u00e1r tiszt\u00e1k vagytok a tan\u00edt\u00e1s \u00e1ltal, amelyet hirdettem nektek. Maradjatok bennem, akkor \u00e9n is bennetek maradok. Mik\u00e9nt a sz\u0151l\u0151vessz\u0151 nem hozhat gy\u00fcm\u00f6lcs\u00f6t mag\u00e1t\u00f3l, ha nem marad a sz\u0151l\u0151t\u0151n, \u00fagy ti sem, ha nem maradtok bennem.<br \/>\n\u00c9n vagyok a sz\u0151l\u0151t\u0151, ti a sz\u0151l\u0151vessz\u0151k. Aki bennem marad, \u00e9s \u00e9n \u0151benne, az b\u0151 term\u00e9st hoz. Mert n\u00e9lk\u00fclem semmit sem tehettek. Aki nem marad bennem, azt kivetik, mint a sz\u0151l\u0151vessz\u0151t, \u00e9s elsz\u00e1rad. \u00d6sszeszedik, t\u0171zre vetik \u00e9s el\u00e9getik. Ha bennem maradtok, \u00e9s szavaim is bennetek maradnak, akkor b\u00e1rmit akartok, k\u00e9rj\u00e9tek, \u00e9s megkapj\u00e1tok. Az\u00e1ltal dics\u0151\u00fcl meg Aty\u00e1m, hogy b\u0151 term\u00e9st hoztok, \u00e9s a tan\u00edtv\u00e1nyaim lesztek.<br \/>\nEzek az evang\u00e9lium ig\u00e9i.<\/p>\n<p><span style=\"color: #ff6600;\">EGYETEMES K\u00d6NY\u00d6RG\u00c9SEK<\/span><br \/>\nPap: Testv\u00e9reim! Krisztus az igazi sz\u0151l\u0151t\u0151, \u00e9s a kereszts\u00e9g \u00e1ltal egyben\u0151tt\u00fcnk \u0151vele. K\u00e9rj\u00fck Istent, hogy \u00e9let\u00fcnkkel m\u00e9lt\u00f3k lehess\u00fcnk a kereszt\u00e9ny n\u00e9vre!<br \/>\nLektor:<br \/>\n1. Tartsd meg, Urunk, az igazs\u00e1gban Szentaty\u00e1nkat, Ferenc p\u00e1p\u00e1t, p\u00fcsp\u00f6keinket \u00e9s papjainkat, hogy az igazi sz\u0151l\u0151t\u0151h\u00f6z, Krisztushoz kapcsoljanak minket!<br \/>\nH\u00edvek: K\u00e9r\u00fcnk T\u00e9ged, hallgass meg minket!<br \/>\n2. Add, Urunk, hogy minden n\u00e9p eljusson Krisztusban a testv\u00e9ri egys\u00e9gre!<br \/>\nH\u00edvek: K\u00e9r\u00fcnk T\u00e9ged, hallgass meg minket!<br \/>\n3. Engedd, Urunk, hogy egyh\u00e1zk\u00f6zs\u00e9g\u00fcnk tagjai tudat\u00e1ban legyenek egy\u00fcv\u00e9 tartoz\u00e1suknak, \u00e9s felel\u0151ss\u00e9get \u00e9rezzenek egym\u00e1s ir\u00e1nt!<br \/>\nH\u00edvek: K\u00e9r\u00fcnk T\u00e9ged, hallgass meg minket!<br \/>\n4. Engedd, Urunk, hogy Krisztus tan\u00edt\u00e1sa mindig benn\u00fcnk maradjon, \u00e9s j\u00f3tettekben sok gy\u00fcm\u00f6lcs\u00f6t teremj\u00fcnk!<br \/>\nH\u00edvek: K\u00e9r\u00fcnk T\u00e9ged, hallgass meg minket!<br \/>\n5. \u00c1rassz, Urunk, \u00faj, kegyelmi \u00e9letet azokba, akik b\u0171neik miatt nem hoznak gy\u00fcm\u00f6lcs\u00f6t Krisztusban!<br \/>\nH\u00edvek: K\u00e9r\u00fcnk T\u00e9ged, hallgass meg minket!<br \/>\nPap: Urunk \u00e9s Isten\u00fcnk! Te egysz\u00fcl\u00f6tt Fiad \u00e1ltal meg\u00edg\u00e9rted, hogy aki \u0151benne marad, az b\u0151 term\u00e9st hoz. K\u00e9r\u00fcnk, add hogy igazi sz\u0151l\u0151vessz\u0151k m\u00f3dj\u00e1ra bel\u0151le \u00e9lj\u00fcnk! Aki \u00e9l \u00e9s uralkodik mind\u00f6r\u00f6kk\u00f6n-\u00f6r\u00f6kk\u00e9.<br \/>\nH\u00edvek: \u00c1men.<\/p>\n<p><span style=\"color: #ff6600;\">Felaj\u00e1nl\u00f3 k\u00f6ny\u00f6rg\u00e9s:<\/span><br \/>\nIsten\u00fcnk, te a csod\u00e1latos csere \u00e1ltal, amely ebben az \u00e1ldozatban megval\u00f3sul, isteni \u00e9leted r\u00e9szeseiv\u00e9 tett\u00e9l minket. Add, k\u00e9r\u00fcnk, hogy az \u00edgy megismert igazs\u00e1got m\u00e9lt\u00f3 \u00e9lettel meg is val\u00f3s\u00edtsuk. Krisztus, a mi Urunk \u00e1ltal.<\/p>\n<p>&nbsp;<\/p>\n<p><span style=\"color: #ff6600;\">Pref\u00e1ci\u00f3:<\/span><br \/>\nAz \u00dar legyen veletek.<br \/>\nH.: \u00c9s a te lelkeddel.<br \/>\nEmelj\u00fck f\u00f6l sz\u00edv\u00fcnket.<br \/>\nH.: F\u00f6lemelt\u00fck az \u00darhoz.<br \/>\nAdjunk h\u00e1l\u00e1t Urunknak, Isten\u00fcnknek.<br \/>\nH.: M\u00e9lt\u00f3 \u00e9s igazs\u00e1gos.<br \/>\n(Mert) Val\u00f3ban m\u00e9lt\u00f3 \u00e9s igazs\u00e1gos, ill\u0151 \u00e9s \u00fcdv\u00f6s, hogy minden id\u0151ben magasztaljunk, Urunk, t\u00e9ged, de k\u00fcl\u00f6n\u00f6sen ezen a szent \u00fcnnepen, \u2013 mid\u0151n \u00e1ldozatt\u00e1 lett \u00e9rt\u00fcnk KRISZtus, a H\u00fasv\u00e9ti B\u00e1r\u00e1ny.<br \/>\nMert \u0151 az igazi B\u00e1r\u00e1ny, aki elvette a vil\u00e1g b\u0171neit, \u2013 hal\u00e1lunkat hal\u00e1l\u00e1val MEGt\u00f6rte, \u00e9s felt\u00e1mad\u00e1s\u00e1val \u00faj \u00e9letet szerzett n\u00e9k\u00fcnk.<br \/>\nA h\u00fasv\u00e9ti \u00f6r\u00f6m ez\u00e9rt ki\u00e1rad az eg\u00e9sz f\u00f6ldre, a nagyvil\u00e1g \u00f6rvendezve ujjong, a mennyei er\u0151k \u00e9s a hatalmas angyalok, \u2013 (a te) dics\u0151s\u00e9ged himnusz\u00e1t ZENgik, \u00e9s v\u00e9g n\u00e9lk\u00fcl mondj\u00e1k (\u00e9neklik):<\/p>\n<p><span style=\"color: #ff6600;\">\u00c1ldoz\u00e1si \u00e9nek:<\/span><br \/>\n\u00c9n vagyok az igazi sz\u0151l\u0151t\u00f6, ti pedig a sz\u0151l\u0151vessz\u0151k &#8211; mondja az \u00dar. Aki bennem marad, \u00e9s \u00e9n \u0151benne, az b\u0151 term\u00e9st hoz, alleluja! (Jn 15,1.5)<\/p>\n<p><span style=\"color: #ff6600;\">\u00c1ldoz\u00e1s ut\u00e1ni k\u00f6ny\u00f6rg\u00e9s:<\/span><br \/>\nK\u00e9r\u00fcnk, Urunk, Isten\u00fcnk, l\u00e9gy irgalmas a te n\u00e9pedhez, \u00e9s minket, akiket a mennyei miszt\u00e9riumokba beavatt\u00e1l, vezess \u00e1t a r\u00e9gib\u0151l az \u00faj \u00e9letbe. Krisztus, a mi Urunk \u00e1ltal.<\/p>\n","protected":false},"excerpt":{"rendered":"<p>H\u00fasv\u00e9t 5. vas\u00e1rnapj\u00e1nak olvasm\u00e1nya Szent P\u00e1l apostol bels\u0151 \u00fatj\u00e1nak fontos \u00e1llom\u00e1s\u00e1t mutatja be megt\u00e9r\u00e9s\u00e9t k\u00f6vet\u0151en. Barnab\u00e1s volt az, aki kezess\u00e9get v\u00e1llalt \u00e9s ki\u00e1llt mellette. A keresztsz\u00fcl\u0151k, b\u00e9rmasz\u00fcl\u0151k egy\u00e9ni felel\u0151ss\u00e9g\u00e9t is megtestes\u00edti ez a t\u00f6rt\u00e9net. Szent J\u00e1nos apostol a szentleck\u00e9ben ism\u00e9telten a szeretet fontoss\u00e1g\u00e1t hangs\u00falyozza. Kereszt\u00e9ny hit\u00fcnk tan\u00edt\u00e1sa szerint a legf\u0151bb parancsolat: szeress\u00fck Istent \u00e9s embert\u00e1rsainkat. Szeretet\u00fcnket els\u0151sorban tetteinkkel igazoljuk. Az evang\u00e9lium J\u00e9zus Krisztus gy\u00f6ny\u00f6r\u0171 tan\u00edt\u00e1s\u00e1t tartalmazza. K\u00f6z\u00f6ss\u00e9gben maradni Krisztussal, a kegyelmi \u00e9let alapja. A hasonlat \u00e9rtelm\u00e9ben olyan sz\u0151l\u0151vessz\u0151h\u00f6z kell hasonl\u00edtanunk, amelyik a sz\u0151l\u0151t\u0151b\u0151l, Krisztusb\u00f3l, sz\u00edvja erej\u00e9t. Egyben Neki k\u00f6sz\u00f6nheti b\u0151s\u00e9ges term\u00e9s\u00e9t. Kezd\u0151\u00e9nek: \u00c9nekeljetek az \u00darnak \u00faj \u00e9neket, mert csod\u00e1latos dolgokat cselekedett; kinyilatkoztatta az \u0151 igazs\u00e1g\u00e1t a nemzetek sz\u00edne el\u0151tt, alleluja! (V\u00f6. Zsolt 97,1-2) K\u00f6ny\u00f6rg\u00e9s: Mindenhat\u00f3, \u00f6r\u00f6k Isten, tedd t\u00f6k\u00e9letess\u00e9 benn\u00fcnk a h\u00fasv\u00e9ti szents\u00e9get, hogy akiket a szent kereszts\u00e9gben meg\u00faj\u00edtott\u00e1l, oltalmad alatt b\u0151 term\u00e9st hozzanak, \u00e9s eljussanak az \u00f6r\u00f6k boldogs\u00e1gra. A mi Urunk, J\u00e9zus Krisztus, a te Fiad \u00e1ltal, aki veled \u00e9l \u00e9s uralkodik a Szentl\u00e9lekkel egys\u00e9gben, Isten mind\u00f6r\u00f6kk\u00f6n \u00f6r\u00f6kk\u00e9. OLVASM\u00c1NY az Apostolok Cselekedeteib\u0151l (ApCsel 9,26-31) Amikor (megt\u00e9r\u00e9se ut\u00e1n) Saul Jeruzs\u00e1lembe \u00e9rt, a tan\u00edtv\u00e1nyokhoz akart csatlakozni, de mind f\u00e9ltek t\u0151le. Nem hitt\u00e9k el, hogy tan\u00edtv\u00e1nny\u00e1 lett. V\u00e9g\u00fcl Barnab\u00e1s m\u00e9gis maga mell\u00e9 vette, \u00e9s elvitte az apostolokhoz. Elmondta nekik, hogy (P\u00e1l) l\u00e1tta az \u00faton az Urat, hogy (az \u00dar) mit mondott neki, \u00e9s hogy \u0151 milyen b\u00e1tran ki\u00e1llt Damaszkuszban J\u00e9zus \u00fcgye mellett. (P\u00e1l) ezent\u00fal vel\u00fck j\u00e1rt-kelt Jeruzs\u00e1lemben, s ny\u00edltan besz\u00e9lt az \u00dar nev\u00e9ben. A g\u00f6r\u00f6g nyelv\u0171 zsid\u00f3khoz is besz\u00e9lt, s\u0151t vit\u00e1ba sz\u00e1llt vel\u00fck. De azok az \u00e9let\u00e9re t\u00f6rtek. Amikor ezt a testv\u00e9rek megtudt\u00e1k, Cez\u00e1re\u00e1ba elk\u00eds\u00e9rt\u00e9k, majd onn\u00e9t Tarzuszba k\u00fcldt\u00e9k. Az Egyh\u00e1z eg\u00e9sz J\u00fade\u00e1ban, Galile\u00e1ban \u00e9s Szamari\u00e1ban b\u00e9k\u00e9t \u00e9lvezett. Meger\u0151s\u00f6d\u00f6tt, az \u00dar f\u00e9lelm\u00e9ben \u00e9lt, \u00e9s a Szentl\u00e9lek seg\u00edts\u00e9g\u00e9vel egyre terjedt. Ez az Isten ig\u00e9je. V\u00c1LASZOS ZSOLT\u00c1R (Zsolt 21,26b-27.28 \u00e9s 30.31-32) V\u00e1lasz:\u00a0Dics\u00e9rlek t\u00e9ged,\u00a0Istenem, * szent n\u00e9ped\u00a0k\u00f6r\u00e9ben.\u00a0(2. t\u00f3nus.) Vagy:\u00a0Alleluja, alleluja, alleluja.\u00a02. sz\u00e1m. El\u0151\u00e9nekes: Az istenf\u00e9l\u0151k\u00a0el\u0151tt,&#8230; <\/p>\n<p><a class=\"readmore\" href=\"https:\/\/stuttgarti-katolikusok.de\/index.php\/husvet-5-vasarnapja-2\/\">R\u00e9szletek<\/a><\/p>\n","protected":false},"author":3,"featured_media":21755,"comment_status":"closed","ping_status":"closed","sticky":false,"template":"","format":"standard","meta":{"footnotes":""},"categories":[85,63],"tags":[],"class_list":["post-28835","post","type-post","status-publish","format-standard","has-post-thumbnail","hentry","category-a-liturgia-olvasmanyai","category-vasarnapi-gondolatok"],"yoast_head":"<!-- This site is optimized with the Yoast SEO plugin v27.3 - https:\/\/yoast.com\/product\/yoast-seo-wordpress\/ -->\n<title>H\u00fasv\u00e9t 5. vas\u00e1rnapja - Stuttgarti Katolikusok<\/title>\n<meta name=\"robots\" content=\"index, follow, max-snippet:-1, max-image-preview:large, max-video-preview:-1\" \/>\n<link rel=\"canonical\" href=\"https:\/\/stuttgarti-katolikusok.de\/index.php\/husvet-5-vasarnapja-2\/\" \/>\n<meta property=\"og:locale\" content=\"hu_HU\" \/>\n<meta property=\"og:type\" content=\"article\" \/>\n<meta property=\"og:title\" content=\"H\u00fasv\u00e9t 5. vas\u00e1rnapja - Stuttgarti Katolikusok\" \/>\n<meta property=\"og:description\" content=\"H\u00fasv\u00e9t 5. vas\u00e1rnapj\u00e1nak olvasm\u00e1nya Szent P\u00e1l apostol bels\u0151 \u00fatj\u00e1nak fontos \u00e1llom\u00e1s\u00e1t mutatja be megt\u00e9r\u00e9s\u00e9t k\u00f6vet\u0151en. Barnab\u00e1s volt az, aki kezess\u00e9get v\u00e1llalt \u00e9s ki\u00e1llt mellette. A keresztsz\u00fcl\u0151k, b\u00e9rmasz\u00fcl\u0151k egy\u00e9ni felel\u0151ss\u00e9g\u00e9t is megtestes\u00edti ez a t\u00f6rt\u00e9net. Szent J\u00e1nos apostol a szentleck\u00e9ben ism\u00e9telten a szeretet fontoss\u00e1g\u00e1t hangs\u00falyozza. Kereszt\u00e9ny hit\u00fcnk tan\u00edt\u00e1sa szerint a legf\u0151bb parancsolat: szeress\u00fck Istent \u00e9s embert\u00e1rsainkat. Szeretet\u00fcnket els\u0151sorban tetteinkkel igazoljuk. Az evang\u00e9lium J\u00e9zus Krisztus gy\u00f6ny\u00f6r\u0171 tan\u00edt\u00e1s\u00e1t tartalmazza. K\u00f6z\u00f6ss\u00e9gben maradni Krisztussal, a kegyelmi \u00e9let alapja. A hasonlat \u00e9rtelm\u00e9ben olyan sz\u0151l\u0151vessz\u0151h\u00f6z kell hasonl\u00edtanunk, amelyik a sz\u0151l\u0151t\u0151b\u0151l, Krisztusb\u00f3l, sz\u00edvja erej\u00e9t. Egyben Neki k\u00f6sz\u00f6nheti b\u0151s\u00e9ges term\u00e9s\u00e9t. Kezd\u0151\u00e9nek: \u00c9nekeljetek az \u00darnak \u00faj \u00e9neket, mert csod\u00e1latos dolgokat cselekedett; kinyilatkoztatta az \u0151 igazs\u00e1g\u00e1t a nemzetek sz\u00edne el\u0151tt, alleluja! (V\u00f6. Zsolt 97,1-2) K\u00f6ny\u00f6rg\u00e9s: Mindenhat\u00f3, \u00f6r\u00f6k Isten, tedd t\u00f6k\u00e9letess\u00e9 benn\u00fcnk a h\u00fasv\u00e9ti szents\u00e9get, hogy akiket a szent kereszts\u00e9gben meg\u00faj\u00edtott\u00e1l, oltalmad alatt b\u0151 term\u00e9st hozzanak, \u00e9s eljussanak az \u00f6r\u00f6k boldogs\u00e1gra. A mi Urunk, J\u00e9zus Krisztus, a te Fiad \u00e1ltal, aki veled \u00e9l \u00e9s uralkodik a Szentl\u00e9lekkel egys\u00e9gben, Isten mind\u00f6r\u00f6kk\u00f6n \u00f6r\u00f6kk\u00e9. OLVASM\u00c1NY az Apostolok Cselekedeteib\u0151l (ApCsel 9,26-31) Amikor (megt\u00e9r\u00e9se ut\u00e1n) Saul Jeruzs\u00e1lembe \u00e9rt, a tan\u00edtv\u00e1nyokhoz akart csatlakozni, de mind f\u00e9ltek t\u0151le. Nem hitt\u00e9k el, hogy tan\u00edtv\u00e1nny\u00e1 lett. V\u00e9g\u00fcl Barnab\u00e1s m\u00e9gis maga mell\u00e9 vette, \u00e9s elvitte az apostolokhoz. Elmondta nekik, hogy (P\u00e1l) l\u00e1tta az \u00faton az Urat, hogy (az \u00dar) mit mondott neki, \u00e9s hogy \u0151 milyen b\u00e1tran ki\u00e1llt Damaszkuszban J\u00e9zus \u00fcgye mellett. (P\u00e1l) ezent\u00fal vel\u00fck j\u00e1rt-kelt Jeruzs\u00e1lemben, s ny\u00edltan besz\u00e9lt az \u00dar nev\u00e9ben. A g\u00f6r\u00f6g nyelv\u0171 zsid\u00f3khoz is besz\u00e9lt, s\u0151t vit\u00e1ba sz\u00e1llt vel\u00fck. De azok az \u00e9let\u00e9re t\u00f6rtek. Amikor ezt a testv\u00e9rek megtudt\u00e1k, Cez\u00e1re\u00e1ba elk\u00eds\u00e9rt\u00e9k, majd onn\u00e9t Tarzuszba k\u00fcldt\u00e9k. Az Egyh\u00e1z eg\u00e9sz J\u00fade\u00e1ban, Galile\u00e1ban \u00e9s Szamari\u00e1ban b\u00e9k\u00e9t \u00e9lvezett. Meger\u0151s\u00f6d\u00f6tt, az \u00dar f\u00e9lelm\u00e9ben \u00e9lt, \u00e9s a Szentl\u00e9lek seg\u00edts\u00e9g\u00e9vel egyre terjedt. Ez az Isten ig\u00e9je. V\u00c1LASZOS ZSOLT\u00c1R (Zsolt 21,26b-27.28 \u00e9s 30.31-32) V\u00e1lasz:\u00a0Dics\u00e9rlek t\u00e9ged,\u00a0Istenem, * szent n\u00e9ped\u00a0k\u00f6r\u00e9ben.\u00a0(2. t\u00f3nus.) Vagy:\u00a0Alleluja, alleluja, alleluja.\u00a02. sz\u00e1m. El\u0151\u00e9nekes: Az istenf\u00e9l\u0151k\u00a0el\u0151tt,... R\u00e9szletek\" \/>\n<meta property=\"og:url\" content=\"https:\/\/stuttgarti-katolikusok.de\/index.php\/husvet-5-vasarnapja-2\/\" \/>\n<meta property=\"og:site_name\" content=\"Stuttgarti Katolikusok\" \/>\n<meta property=\"article:published_time\" content=\"2024-04-28T06:34:16+00:00\" \/>\n<meta property=\"article:modified_time\" content=\"2024-05-02T21:15:30+00:00\" \/>\n<meta property=\"og:image\" content=\"https:\/\/stuttgarti-katolikusok.de\/wp-content\/uploads\/2021\/04\/wine-3657275-1280.jpg\" \/>\n\t<meta property=\"og:image:width\" content=\"1280\" \/>\n\t<meta property=\"og:image:height\" content=\"853\" \/>\n\t<meta property=\"og:image:type\" content=\"image\/jpeg\" \/>\n<meta name=\"author\" content=\"Tibor atya\" \/>\n<meta name=\"twitter:card\" content=\"summary_large_image\" \/>\n<meta name=\"twitter:label1\" content=\"Szerz\u0151:\" \/>\n\t<meta name=\"twitter:data1\" content=\"Tibor atya\" \/>\n\t<meta name=\"twitter:label2\" content=\"Becs\u00fclt olvas\u00e1si id\u0151\" \/>\n\t<meta name=\"twitter:data2\" content=\"7 perc\" \/>\n<script type=\"application\/ld+json\" class=\"yoast-schema-graph\">{\"@context\":\"https:\\\/\\\/schema.org\",\"@graph\":[{\"@type\":\"Article\",\"@id\":\"https:\\\/\\\/stuttgarti-katolikusok.de\\\/index.php\\\/husvet-5-vasarnapja-2\\\/#article\",\"isPartOf\":{\"@id\":\"https:\\\/\\\/stuttgarti-katolikusok.de\\\/index.php\\\/husvet-5-vasarnapja-2\\\/\"},\"author\":{\"name\":\"Tibor atya\",\"@id\":\"https:\\\/\\\/stuttgarti-katolikusok.de\\\/#\\\/schema\\\/person\\\/75908d6f8fdc03a57889d27209df7795\"},\"headline\":\"H\u00fasv\u00e9t 5. vas\u00e1rnapja\",\"datePublished\":\"2024-04-28T06:34:16+00:00\",\"dateModified\":\"2024-05-02T21:15:30+00:00\",\"mainEntityOfPage\":{\"@id\":\"https:\\\/\\\/stuttgarti-katolikusok.de\\\/index.php\\\/husvet-5-vasarnapja-2\\\/\"},\"wordCount\":1568,\"image\":{\"@id\":\"https:\\\/\\\/stuttgarti-katolikusok.de\\\/index.php\\\/husvet-5-vasarnapja-2\\\/#primaryimage\"},\"thumbnailUrl\":\"https:\\\/\\\/stuttgarti-katolikusok.de\\\/wp-content\\\/uploads\\\/2021\\\/04\\\/wine-3657275-1280.jpg\",\"articleSection\":[\"A liturgia olvasm\u00e1nyai\",\"Vas\u00e1rnapi gondolatok\"],\"inLanguage\":\"hu\"},{\"@type\":\"WebPage\",\"@id\":\"https:\\\/\\\/stuttgarti-katolikusok.de\\\/index.php\\\/husvet-5-vasarnapja-2\\\/\",\"url\":\"https:\\\/\\\/stuttgarti-katolikusok.de\\\/index.php\\\/husvet-5-vasarnapja-2\\\/\",\"name\":\"H\u00fasv\u00e9t 5. vas\u00e1rnapja - Stuttgarti Katolikusok\",\"isPartOf\":{\"@id\":\"https:\\\/\\\/stuttgarti-katolikusok.de\\\/#website\"},\"primaryImageOfPage\":{\"@id\":\"https:\\\/\\\/stuttgarti-katolikusok.de\\\/index.php\\\/husvet-5-vasarnapja-2\\\/#primaryimage\"},\"image\":{\"@id\":\"https:\\\/\\\/stuttgarti-katolikusok.de\\\/index.php\\\/husvet-5-vasarnapja-2\\\/#primaryimage\"},\"thumbnailUrl\":\"https:\\\/\\\/stuttgarti-katolikusok.de\\\/wp-content\\\/uploads\\\/2021\\\/04\\\/wine-3657275-1280.jpg\",\"datePublished\":\"2024-04-28T06:34:16+00:00\",\"dateModified\":\"2024-05-02T21:15:30+00:00\",\"author\":{\"@id\":\"https:\\\/\\\/stuttgarti-katolikusok.de\\\/#\\\/schema\\\/person\\\/75908d6f8fdc03a57889d27209df7795\"},\"breadcrumb\":{\"@id\":\"https:\\\/\\\/stuttgarti-katolikusok.de\\\/index.php\\\/husvet-5-vasarnapja-2\\\/#breadcrumb\"},\"inLanguage\":\"hu\",\"potentialAction\":[{\"@type\":\"ReadAction\",\"target\":[\"https:\\\/\\\/stuttgarti-katolikusok.de\\\/index.php\\\/husvet-5-vasarnapja-2\\\/\"]}]},{\"@type\":\"ImageObject\",\"inLanguage\":\"hu\",\"@id\":\"https:\\\/\\\/stuttgarti-katolikusok.de\\\/index.php\\\/husvet-5-vasarnapja-2\\\/#primaryimage\",\"url\":\"https:\\\/\\\/stuttgarti-katolikusok.de\\\/wp-content\\\/uploads\\\/2021\\\/04\\\/wine-3657275-1280.jpg\",\"contentUrl\":\"https:\\\/\\\/stuttgarti-katolikusok.de\\\/wp-content\\\/uploads\\\/2021\\\/04\\\/wine-3657275-1280.jpg\",\"width\":1280,\"height\":853},{\"@type\":\"BreadcrumbList\",\"@id\":\"https:\\\/\\\/stuttgarti-katolikusok.de\\\/index.php\\\/husvet-5-vasarnapja-2\\\/#breadcrumb\",\"itemListElement\":[{\"@type\":\"ListItem\",\"position\":1,\"name\":\"Kezd\u0151lap\",\"item\":\"https:\\\/\\\/stuttgarti-katolikusok.de\\\/\"},{\"@type\":\"ListItem\",\"position\":2,\"name\":\"H\u00fasv\u00e9t 5. vas\u00e1rnapja\"}]},{\"@type\":\"WebSite\",\"@id\":\"https:\\\/\\\/stuttgarti-katolikusok.de\\\/#website\",\"url\":\"https:\\\/\\\/stuttgarti-katolikusok.de\\\/\",\"name\":\"Stuttgarti Katolikusok\",\"description\":\"\",\"potentialAction\":[{\"@type\":\"SearchAction\",\"target\":{\"@type\":\"EntryPoint\",\"urlTemplate\":\"https:\\\/\\\/stuttgarti-katolikusok.de\\\/?s={search_term_string}\"},\"query-input\":{\"@type\":\"PropertyValueSpecification\",\"valueRequired\":true,\"valueName\":\"search_term_string\"}}],\"inLanguage\":\"hu\"},{\"@type\":\"Person\",\"@id\":\"https:\\\/\\\/stuttgarti-katolikusok.de\\\/#\\\/schema\\\/person\\\/75908d6f8fdc03a57889d27209df7795\",\"name\":\"Tibor atya\",\"image\":{\"@type\":\"ImageObject\",\"inLanguage\":\"hu\",\"@id\":\"https:\\\/\\\/secure.gravatar.com\\\/avatar\\\/61d268e57d1f4525b111222e29d2d5a7f8c420fdbf231ba5566a8ceac74fa960?s=96&d=mm&r=g\",\"url\":\"https:\\\/\\\/secure.gravatar.com\\\/avatar\\\/61d268e57d1f4525b111222e29d2d5a7f8c420fdbf231ba5566a8ceac74fa960?s=96&d=mm&r=g\",\"contentUrl\":\"https:\\\/\\\/secure.gravatar.com\\\/avatar\\\/61d268e57d1f4525b111222e29d2d5a7f8c420fdbf231ba5566a8ceac74fa960?s=96&d=mm&r=g\",\"caption\":\"Tibor atya\"},\"url\":\"https:\\\/\\\/stuttgarti-katolikusok.de\\\/index.php\\\/author\\\/tibor-atya\\\/\"}]}<\/script>\n<!-- \/ Yoast SEO plugin. -->","yoast_head_json":{"title":"H\u00fasv\u00e9t 5. vas\u00e1rnapja - Stuttgarti Katolikusok","robots":{"index":"index","follow":"follow","max-snippet":"max-snippet:-1","max-image-preview":"max-image-preview:large","max-video-preview":"max-video-preview:-1"},"canonical":"https:\/\/stuttgarti-katolikusok.de\/index.php\/husvet-5-vasarnapja-2\/","og_locale":"hu_HU","og_type":"article","og_title":"H\u00fasv\u00e9t 5. vas\u00e1rnapja - Stuttgarti Katolikusok","og_description":"H\u00fasv\u00e9t 5. vas\u00e1rnapj\u00e1nak olvasm\u00e1nya Szent P\u00e1l apostol bels\u0151 \u00fatj\u00e1nak fontos \u00e1llom\u00e1s\u00e1t mutatja be megt\u00e9r\u00e9s\u00e9t k\u00f6vet\u0151en. Barnab\u00e1s volt az, aki kezess\u00e9get v\u00e1llalt \u00e9s ki\u00e1llt mellette. A keresztsz\u00fcl\u0151k, b\u00e9rmasz\u00fcl\u0151k egy\u00e9ni felel\u0151ss\u00e9g\u00e9t is megtestes\u00edti ez a t\u00f6rt\u00e9net. Szent J\u00e1nos apostol a szentleck\u00e9ben ism\u00e9telten a szeretet fontoss\u00e1g\u00e1t hangs\u00falyozza. Kereszt\u00e9ny hit\u00fcnk tan\u00edt\u00e1sa szerint a legf\u0151bb parancsolat: szeress\u00fck Istent \u00e9s embert\u00e1rsainkat. Szeretet\u00fcnket els\u0151sorban tetteinkkel igazoljuk. Az evang\u00e9lium J\u00e9zus Krisztus gy\u00f6ny\u00f6r\u0171 tan\u00edt\u00e1s\u00e1t tartalmazza. K\u00f6z\u00f6ss\u00e9gben maradni Krisztussal, a kegyelmi \u00e9let alapja. A hasonlat \u00e9rtelm\u00e9ben olyan sz\u0151l\u0151vessz\u0151h\u00f6z kell hasonl\u00edtanunk, amelyik a sz\u0151l\u0151t\u0151b\u0151l, Krisztusb\u00f3l, sz\u00edvja erej\u00e9t. Egyben Neki k\u00f6sz\u00f6nheti b\u0151s\u00e9ges term\u00e9s\u00e9t. Kezd\u0151\u00e9nek: \u00c9nekeljetek az \u00darnak \u00faj \u00e9neket, mert csod\u00e1latos dolgokat cselekedett; kinyilatkoztatta az \u0151 igazs\u00e1g\u00e1t a nemzetek sz\u00edne el\u0151tt, alleluja! (V\u00f6. Zsolt 97,1-2) K\u00f6ny\u00f6rg\u00e9s: Mindenhat\u00f3, \u00f6r\u00f6k Isten, tedd t\u00f6k\u00e9letess\u00e9 benn\u00fcnk a h\u00fasv\u00e9ti szents\u00e9get, hogy akiket a szent kereszts\u00e9gben meg\u00faj\u00edtott\u00e1l, oltalmad alatt b\u0151 term\u00e9st hozzanak, \u00e9s eljussanak az \u00f6r\u00f6k boldogs\u00e1gra. A mi Urunk, J\u00e9zus Krisztus, a te Fiad \u00e1ltal, aki veled \u00e9l \u00e9s uralkodik a Szentl\u00e9lekkel egys\u00e9gben, Isten mind\u00f6r\u00f6kk\u00f6n \u00f6r\u00f6kk\u00e9. OLVASM\u00c1NY az Apostolok Cselekedeteib\u0151l (ApCsel 9,26-31) Amikor (megt\u00e9r\u00e9se ut\u00e1n) Saul Jeruzs\u00e1lembe \u00e9rt, a tan\u00edtv\u00e1nyokhoz akart csatlakozni, de mind f\u00e9ltek t\u0151le. Nem hitt\u00e9k el, hogy tan\u00edtv\u00e1nny\u00e1 lett. V\u00e9g\u00fcl Barnab\u00e1s m\u00e9gis maga mell\u00e9 vette, \u00e9s elvitte az apostolokhoz. Elmondta nekik, hogy (P\u00e1l) l\u00e1tta az \u00faton az Urat, hogy (az \u00dar) mit mondott neki, \u00e9s hogy \u0151 milyen b\u00e1tran ki\u00e1llt Damaszkuszban J\u00e9zus \u00fcgye mellett. (P\u00e1l) ezent\u00fal vel\u00fck j\u00e1rt-kelt Jeruzs\u00e1lemben, s ny\u00edltan besz\u00e9lt az \u00dar nev\u00e9ben. A g\u00f6r\u00f6g nyelv\u0171 zsid\u00f3khoz is besz\u00e9lt, s\u0151t vit\u00e1ba sz\u00e1llt vel\u00fck. De azok az \u00e9let\u00e9re t\u00f6rtek. Amikor ezt a testv\u00e9rek megtudt\u00e1k, Cez\u00e1re\u00e1ba elk\u00eds\u00e9rt\u00e9k, majd onn\u00e9t Tarzuszba k\u00fcldt\u00e9k. Az Egyh\u00e1z eg\u00e9sz J\u00fade\u00e1ban, Galile\u00e1ban \u00e9s Szamari\u00e1ban b\u00e9k\u00e9t \u00e9lvezett. Meger\u0151s\u00f6d\u00f6tt, az \u00dar f\u00e9lelm\u00e9ben \u00e9lt, \u00e9s a Szentl\u00e9lek seg\u00edts\u00e9g\u00e9vel egyre terjedt. Ez az Isten ig\u00e9je. V\u00c1LASZOS ZSOLT\u00c1R (Zsolt 21,26b-27.28 \u00e9s 30.31-32) V\u00e1lasz:\u00a0Dics\u00e9rlek t\u00e9ged,\u00a0Istenem, * szent n\u00e9ped\u00a0k\u00f6r\u00e9ben.\u00a0(2. t\u00f3nus.) Vagy:\u00a0Alleluja, alleluja, alleluja.\u00a02. sz\u00e1m. El\u0151\u00e9nekes: Az istenf\u00e9l\u0151k\u00a0el\u0151tt,... R\u00e9szletek","og_url":"https:\/\/stuttgarti-katolikusok.de\/index.php\/husvet-5-vasarnapja-2\/","og_site_name":"Stuttgarti Katolikusok","article_published_time":"2024-04-28T06:34:16+00:00","article_modified_time":"2024-05-02T21:15:30+00:00","og_image":[{"width":1280,"height":853,"url":"https:\/\/stuttgarti-katolikusok.de\/wp-content\/uploads\/2021\/04\/wine-3657275-1280.jpg","type":"image\/jpeg"}],"author":"Tibor atya","twitter_card":"summary_large_image","twitter_misc":{"Szerz\u0151:":"Tibor atya","Becs\u00fclt olvas\u00e1si id\u0151":"7 perc"},"schema":{"@context":"https:\/\/schema.org","@graph":[{"@type":"Article","@id":"https:\/\/stuttgarti-katolikusok.de\/index.php\/husvet-5-vasarnapja-2\/#article","isPartOf":{"@id":"https:\/\/stuttgarti-katolikusok.de\/index.php\/husvet-5-vasarnapja-2\/"},"author":{"name":"Tibor atya","@id":"https:\/\/stuttgarti-katolikusok.de\/#\/schema\/person\/75908d6f8fdc03a57889d27209df7795"},"headline":"H\u00fasv\u00e9t 5. vas\u00e1rnapja","datePublished":"2024-04-28T06:34:16+00:00","dateModified":"2024-05-02T21:15:30+00:00","mainEntityOfPage":{"@id":"https:\/\/stuttgarti-katolikusok.de\/index.php\/husvet-5-vasarnapja-2\/"},"wordCount":1568,"image":{"@id":"https:\/\/stuttgarti-katolikusok.de\/index.php\/husvet-5-vasarnapja-2\/#primaryimage"},"thumbnailUrl":"https:\/\/stuttgarti-katolikusok.de\/wp-content\/uploads\/2021\/04\/wine-3657275-1280.jpg","articleSection":["A liturgia olvasm\u00e1nyai","Vas\u00e1rnapi gondolatok"],"inLanguage":"hu"},{"@type":"WebPage","@id":"https:\/\/stuttgarti-katolikusok.de\/index.php\/husvet-5-vasarnapja-2\/","url":"https:\/\/stuttgarti-katolikusok.de\/index.php\/husvet-5-vasarnapja-2\/","name":"H\u00fasv\u00e9t 5. vas\u00e1rnapja - Stuttgarti Katolikusok","isPartOf":{"@id":"https:\/\/stuttgarti-katolikusok.de\/#website"},"primaryImageOfPage":{"@id":"https:\/\/stuttgarti-katolikusok.de\/index.php\/husvet-5-vasarnapja-2\/#primaryimage"},"image":{"@id":"https:\/\/stuttgarti-katolikusok.de\/index.php\/husvet-5-vasarnapja-2\/#primaryimage"},"thumbnailUrl":"https:\/\/stuttgarti-katolikusok.de\/wp-content\/uploads\/2021\/04\/wine-3657275-1280.jpg","datePublished":"2024-04-28T06:34:16+00:00","dateModified":"2024-05-02T21:15:30+00:00","author":{"@id":"https:\/\/stuttgarti-katolikusok.de\/#\/schema\/person\/75908d6f8fdc03a57889d27209df7795"},"breadcrumb":{"@id":"https:\/\/stuttgarti-katolikusok.de\/index.php\/husvet-5-vasarnapja-2\/#breadcrumb"},"inLanguage":"hu","potentialAction":[{"@type":"ReadAction","target":["https:\/\/stuttgarti-katolikusok.de\/index.php\/husvet-5-vasarnapja-2\/"]}]},{"@type":"ImageObject","inLanguage":"hu","@id":"https:\/\/stuttgarti-katolikusok.de\/index.php\/husvet-5-vasarnapja-2\/#primaryimage","url":"https:\/\/stuttgarti-katolikusok.de\/wp-content\/uploads\/2021\/04\/wine-3657275-1280.jpg","contentUrl":"https:\/\/stuttgarti-katolikusok.de\/wp-content\/uploads\/2021\/04\/wine-3657275-1280.jpg","width":1280,"height":853},{"@type":"BreadcrumbList","@id":"https:\/\/stuttgarti-katolikusok.de\/index.php\/husvet-5-vasarnapja-2\/#breadcrumb","itemListElement":[{"@type":"ListItem","position":1,"name":"Kezd\u0151lap","item":"https:\/\/stuttgarti-katolikusok.de\/"},{"@type":"ListItem","position":2,"name":"H\u00fasv\u00e9t 5. vas\u00e1rnapja"}]},{"@type":"WebSite","@id":"https:\/\/stuttgarti-katolikusok.de\/#website","url":"https:\/\/stuttgarti-katolikusok.de\/","name":"Stuttgarti Katolikusok","description":"","potentialAction":[{"@type":"SearchAction","target":{"@type":"EntryPoint","urlTemplate":"https:\/\/stuttgarti-katolikusok.de\/?s={search_term_string}"},"query-input":{"@type":"PropertyValueSpecification","valueRequired":true,"valueName":"search_term_string"}}],"inLanguage":"hu"},{"@type":"Person","@id":"https:\/\/stuttgarti-katolikusok.de\/#\/schema\/person\/75908d6f8fdc03a57889d27209df7795","name":"Tibor atya","image":{"@type":"ImageObject","inLanguage":"hu","@id":"https:\/\/secure.gravatar.com\/avatar\/61d268e57d1f4525b111222e29d2d5a7f8c420fdbf231ba5566a8ceac74fa960?s=96&d=mm&r=g","url":"https:\/\/secure.gravatar.com\/avatar\/61d268e57d1f4525b111222e29d2d5a7f8c420fdbf231ba5566a8ceac74fa960?s=96&d=mm&r=g","contentUrl":"https:\/\/secure.gravatar.com\/avatar\/61d268e57d1f4525b111222e29d2d5a7f8c420fdbf231ba5566a8ceac74fa960?s=96&d=mm&r=g","caption":"Tibor atya"},"url":"https:\/\/stuttgarti-katolikusok.de\/index.php\/author\/tibor-atya\/"}]}},"_links":{"self":[{"href":"https:\/\/stuttgarti-katolikusok.de\/index.php\/wp-json\/wp\/v2\/posts\/28835","targetHints":{"allow":["GET"]}}],"collection":[{"href":"https:\/\/stuttgarti-katolikusok.de\/index.php\/wp-json\/wp\/v2\/posts"}],"about":[{"href":"https:\/\/stuttgarti-katolikusok.de\/index.php\/wp-json\/wp\/v2\/types\/post"}],"author":[{"embeddable":true,"href":"https:\/\/stuttgarti-katolikusok.de\/index.php\/wp-json\/wp\/v2\/users\/3"}],"replies":[{"embeddable":true,"href":"https:\/\/stuttgarti-katolikusok.de\/index.php\/wp-json\/wp\/v2\/comments?post=28835"}],"version-history":[{"count":4,"href":"https:\/\/stuttgarti-katolikusok.de\/index.php\/wp-json\/wp\/v2\/posts\/28835\/revisions"}],"predecessor-version":[{"id":28863,"href":"https:\/\/stuttgarti-katolikusok.de\/index.php\/wp-json\/wp\/v2\/posts\/28835\/revisions\/28863"}],"wp:featuredmedia":[{"embeddable":true,"href":"https:\/\/stuttgarti-katolikusok.de\/index.php\/wp-json\/wp\/v2\/media\/21755"}],"wp:attachment":[{"href":"https:\/\/stuttgarti-katolikusok.de\/index.php\/wp-json\/wp\/v2\/media?parent=28835"}],"wp:term":[{"taxonomy":"category","embeddable":true,"href":"https:\/\/stuttgarti-katolikusok.de\/index.php\/wp-json\/wp\/v2\/categories?post=28835"},{"taxonomy":"post_tag","embeddable":true,"href":"https:\/\/stuttgarti-katolikusok.de\/index.php\/wp-json\/wp\/v2\/tags?post=28835"}],"curies":[{"name":"wp","href":"https:\/\/api.w.org\/{rel}","templated":true}]}}