{"id":28798,"date":"2024-04-20T01:13:32","date_gmt":"2024-04-19T23:13:32","guid":{"rendered":"https:\/\/stuttgarti-katolikusok.de\/?p=28798"},"modified":"2024-04-20T01:13:32","modified_gmt":"2024-04-19T23:13:32","slug":"husvet-4-vasarnapja-jo-pasztor-vasarnapja-hivatasok-vilagnapja","status":"publish","type":"post","link":"https:\/\/stuttgarti-katolikusok.de\/index.php\/husvet-4-vasarnapja-jo-pasztor-vasarnapja-hivatasok-vilagnapja\/","title":{"rendered":"H\u00fasv\u00e9t 4. vas\u00e1rnapja &#8211; J\u00f3 P\u00e1sztor  vas\u00e1rnapja &#8211; Hivat\u00e1sok vil\u00e1gnapja"},"content":{"rendered":"<p><strong><span style=\"color: #ff6600;\"><em>H\u00fasv\u00e9t 4. vas\u00e1rnapja &#8211; Hivat\u00e1sok vil\u00e1gnapja<\/em><\/span><\/strong><\/p>\n<p><span style=\"color: #ff6600;\"><em>Az emberis\u00e9gnek sz\u00fcks\u00e9ge van hivatott vezet\u0151kre, \u0151k a ny\u00e1jnak j\u00f3 p\u00e1sztorai. Az\u00e9rt im\u00e1dkozunk, hogy Isten adjon a vil\u00e1gnak lelkiismeretes vezet\u0151ket, akik az igazs\u00e1goss\u00e1g \u00e9s a b\u00e9ke \u00fatj\u00e1n vezetik a r\u00e1juk b\u00edzottokat. Ma k\u00fcl\u00f6n\u00f6sen is im\u00e1dkozunk papi hivat\u00e1sok\u00e9rt, hogy Krisztus lelk\u00fclet\u00e9vel gondoskodjanak a h\u00edvek \u00fcdv\u00f6ss\u00e9g\u00e9r\u0151l.\u00a0<\/em><\/span><\/p>\n<p><span style=\"color: #ff6600;\"><em>Az olvasm\u00e1nyban ism\u00e9telten P\u00e9ter apostol tan\u00fas\u00e1gt\u00e9tel\u00e9r\u0151l hallhatunk. Ez a tan\u00fas\u00e1gt\u00e9tel nem mentes a kritik\u00e1t\u00f3l sem. A f\u0151tan\u00e1cs vezet\u0151inek \u00e9s a v\u00e9nek szem\u00e9re veti, hogy Krisztust, mint szegletk\u00f6vet, elvetett\u00e9k. \u00d6njel\u00f6lt messi\u00e1sok l\u00e9pnek sz\u00ednre, akik a maguk b\u00f6lcsess\u00e9g\u00e9t \u00e9s \u00fcdv\u00f6ss\u00e9g\u00e9t k\u00edn\u00e1lj\u00e1k. V\u00e9g\u00fck a pusztul\u00e1s! \u00dcdv\u00f6ss\u00e9g csakis J\u00e9zus Krisztusban van!<\/em><\/span><\/p>\n<p><span style=\"color: #ff6600;\"><em>A szentlecke gy\u00f6ny\u00f6r\u0171 \u00e9s biztons\u00e1got ad\u00f3 tan\u00edt\u00e1ssal aj\u00e1nd\u00e9koz meg. Isten ir\u00e1ntunk val\u00f3 csod\u00e1latos szeretete. \u00cdzlelgess\u00fck csak: Isten az \u00e9n Aty\u00e1m! Nincs m\u00e1s dolgom, csak ezt a csod\u00e1latos szeretet kapcsolatot meg\u0151rizzem. Ez pedig kiz\u00e1r\u00f3lag csak rajtam m\u00falik.<\/em><\/span><\/p>\n<p><span style=\"color: #ff6600;\"><em>Az evang\u00e9lium tan\u00edt\u00e1sa egyben biztat\u00e1s \u00e9s b\u00e1tor\u00edt\u00e1s is. J\u00e9zus, a mi j\u00f3 P\u00e1sztorunk, aki ismeri gondolatainkat, sz\u00edv\u00fcnk m\u00e9ly\u00e9t, v\u00e1gyainkat, bajainkat. Annyira, hogy m\u00e9g \u00e9let\u00e9t is k\u00e9pes fel\u00e1ldozni juhai\u00e9rt.<\/em><\/span><\/p>\n<p><span style=\"color: #ff6600;\"><em>Egy\u00e9ni \u00e9lethivat\u00e1sunk meg\u00e9l\u00e9s\u00e9nek legf\u0151bb kell\u00e9ke, \u00e1ldozatv\u00e1llal\u00e1s. M\u00e9ricsk\u00e9l\u00e9s n\u00e9lk\u00fcl!<\/em><\/span><\/p>\n<p><span style=\"color: #ff6600;\">Kezd\u0151\u00e9nek:<\/span><br \/>\nAz \u00dar irgalma bet\u00f6lti a f\u00f6ldet, az \u00dar szav\u00e1ra lettek az egek, alleluja! (V\u00f6. Zsolt 32,5-6)<\/p>\n<p><span style=\"color: #ff6600;\">K\u00f6ny\u00f6rg\u00e9s:<\/span><br \/>\nMindenhat\u00f3, \u00f6r\u00f6k Isten, vezess minket a mennyorsz\u00e1g boldog k\u00f6z\u00f6ss\u00e9g\u00e9be. Jusson el h\u00edveid gy\u00f6nge ny\u00e1ja oda, ahov\u00e1 el\u0151tt\u00fcnk ment J\u00e9zus, a mi er\u0151s P\u00e1sztorunk. A mi Urunk, J\u00e9zus Krisztus, a te Fiad \u00e1ltal, aki veled \u00e9l \u00e9s uralkodik a Szentl\u00e9lekkel egys\u00e9gben, Isten mind\u00f6r\u00f6kk\u00f6n \u00f6r\u00f6kk\u00e9.<\/p>\n<p align=\"justify\"><span style=\"color: #ff6600;\">OLVASM\u00c1NY az Apostolok Cselekedeteib\u0151l (ApCsel 4,8-12)<\/span><br \/>\nAzokban a napokban: P\u00e9ter a Szentl\u00e9lekt\u0151l eltelve \u00edgy sz\u00f3lt: \u201eN\u00e9p\u00fcnk el\u00f6lj\u00e1r\u00f3i \u00e9s ti v\u00e9nek! Ha ti ma az\u00e9rt hallgattok ki minket \u2013 miut\u00e1n egy beteggel j\u00f3t tett\u00fcnk \u2013, hogy vajon \u0151 hogyan is gy\u00f3gyult meg, h\u00e1t tudj\u00e1tok meg mindannyian, ti \u00e9s Izrael eg\u00e9sz n\u00e9pe, hogy ez az ember annak a n\u00e1z\u00e1reti J\u00e9zus Krisztusnak a neve \u00e1ltal \u00e1ll itt el\u0151ttetek eg\u00e9szs\u00e9gesen, akit ti keresztre fesz\u00edtettetek, \u00e9s akit az Isten felt\u00e1masztott a hal\u00e1lb\u00f3l. \u0150 az a k\u0151, amelyet ti, \u00e9p\u00edt\u0151k elvetettetek, \u00e9s m\u00e9gis szegletk\u0151v\u00e9 lett. Nincs \u00fcdv\u00f6ss\u00e9g senki m\u00e1sban. Mert nem adatott m\u00e1s n\u00e9v az \u00e9g alatt az embereknek, amelyben \u00fcdv\u00f6z\u00fclhet\u00fcnk.\u201d<br \/>\nEz az Isten ig\u00e9je.<\/p>\n<p align=\"justify\"><span style=\"color: #ff6600;\">V\u00c1LASZOS ZSOLT\u00c1R (Zsolt 117,1 \u00e9s 8-9.21-23.26 \u00e9s 28cd \u00e9s 29)<\/span><\/p>\n<p align=\"justify\">V\u00e1lasz:\u00a0<strong>A k\u0151, amelyet az \u00e9p\u00edt\u0151k f\u00e9l<u>re<\/u>dobtak, * \u00edme, az\u00a0<u>lett<\/u>\u00a0szegletk\u0151v\u00e9.<\/strong>\u00a0(6. t\u00f3nus.)<br \/>\nVagy:\u00a0<strong>Alleluja, alleluja, alleluja.<\/strong>\u00a06. sz\u00e1m.<br \/>\nEl\u0151\u00e9nekes: Adjatok h\u00e1l\u00e1t az \u00dar<u>nak<\/u>, mert j\u00f3, * mivel irgalma\u00a0<u>\u00f6<\/u>r\u00f6kk\u00e9 megmarad!<br \/>\nJobb az \u00darn\u00e1l keres<u>ni<\/u>\u00a0oltalmat, * mint emberek<u>ben<\/u>\u00a0bizakodni.<br \/>\nJobb az \u00darn\u00e1l keres<u>ni<\/u>\u00a0oltalmat, * mint hatalmasok<u>ban<\/u>\u00a0rem\u00e9nykedni.<br \/>\nH\u00edvek:\u00a0<strong>A k\u0151, amelyet az \u00e9p\u00edt\u0151k f\u00e9l<u>re<\/u>dobtak, * \u00edme, az\u00a0<u>lett<\/u>\u00a0szegletk\u0151v\u00e9.<\/strong><br \/>\nVagy:\u00a0<strong>Alleluja, alleluja, alleluja.<\/strong><br \/>\nE: H\u00e1l\u00e1t adok, mert meghallgat<u>t\u00e1l<\/u>\u00a0engem, * te lett\u00e9l az\u00a0<u>\u00e9n<\/u>\u00a0szabad\u00edt\u00f3m.<br \/>\nA k\u0151, amelyet az \u00e9p\u00edt\u0151k f\u00e9l<u>re<\/u>dobtak, * \u00edme, az\u00a0<u>v\u00e1lt<\/u>\u00a0szegletk\u0151v\u00e9.<br \/>\nMindezt az \u00dar vit<u>te<\/u>\u00a0v\u00e9gbe, * csod\u00e1latra m\u00e9l<u>t\u00f3<\/u>\u00a0a mi szem\u00fcnkben.<br \/>\nH:\u00a0<strong>A k\u0151, amelyet az \u00e9p\u00edt\u0151k f\u00e9l<u>re<\/u>dobtak, * \u00edme, az\u00a0<u>lett<\/u>\u00a0szegletk\u0151v\u00e9.<\/strong><br \/>\nVagy:\u00a0<strong>Alleluja, alleluja, alleluja.<\/strong><br \/>\nE: \u00c1ldott, aki j\u00f6n az\u00a0<u>\u00dar<\/u>\u00a0nev\u00e9ben, * az \u00dar h\u00e1z\u00e1b\u00f3l\u00a0<u>meg<\/u>\u00e1ldunk titeket.<br \/>\nH\u00e1l\u00e1t adok n\u00e9ked, te\u00a0<u>vagy<\/u>\u00a0Istenem, * magasztallak,\u00a0<u>Is<\/u>tenem, t\u00e9ged.<br \/>\nAdjatok h\u00e1l\u00e1t az \u00dar<u>nak<\/u>, mert j\u00f3, * mivel irgalma\u00a0<u>\u00f6<\/u>r\u00f6kk\u00e9 megmarad.<br \/>\nH:\u00a0<strong>A k\u0151, amelyet az \u00e9p\u00edt\u0151k f\u00e9l<u>re<\/u>dobtak, * \u00edme, az\u00a0<u>lett<\/u>\u00a0szegletk\u0151v\u00e9.<\/strong><br \/>\nVagy:\u00a0<strong>Alleluja, alleluja, alleluja.<\/strong><\/p>\n<p align=\"justify\"><span style=\"color: #ff6600;\">SZENTLECKE Szent J\u00e1nos apostol els\u0151 level\u00e9b\u0151l (1Jn 3,1-2)<\/span><br \/>\nSzeretteim! N\u00e9zz\u00e9tek, mekkora szeretettel van ir\u00e1ntunk az Atya: Isten gyermekeinek h\u00edvnak minket, \u00e9s azok is vagyunk. A vil\u00e1g az\u00e9rt nem ismer minket, mert \u0151t sem ismeri. Szeretteim, most Isten gyermekei vagyunk, de hogy mik lesz\u00fcnk, az m\u00e9g nem nyilv\u00e1nval\u00f3. Azt tudjuk, hogy ha \u0151 megjelenik, hasonl\u00f3k lesz\u00fcnk hozz\u00e1, mert l\u00e1tni fogjuk \u0151t \u00fagy, amint van.<br \/>\nEz az Isten ig\u00e9je.<\/p>\n<p align=\"justify\"><span style=\"color: #ff6600;\">ALLELUJA<\/span><br \/>\nJ\u00e9zus mondja: \u2020 \u201e\u00c9n vagyok a j\u00f3 P\u00e1sztor, * Ismerem juhaimat, \u00e9s juhaim ismernek engem.\u201d (Jn 10,14 \u2013 8 G. t\u00f3nus.)<\/p>\n<p align=\"justify\"><span style=\"color: #ff6600;\">\u2020 EVANG\u00c9LIUM Szent J\u00e1nos k\u00f6nyv\u00e9b\u0151l (Jn 10,11-18)<\/span><\/p>\n<p align=\"justify\">Abban az id\u0151ben J\u00e9zus \u00edgy sz\u00f3lt: \u00c9n vagyok a j\u00f3 p\u00e1sztor. A j\u00f3 p\u00e1sztor \u00e9let\u00e9t adja a juhok\u00e9rt. A b\u00e9res azonban, aki nem p\u00e1sztor, akinek a juhok nem a saj\u00e1tjai, otthagyja a juhokat, \u00e9s elfut, amikor l\u00e1tja, hogy j\u00f6n a farkas. A farkas azt\u00e1n elragadja \u00e9s sz\u00e9tkergeti \u0151ket. A b\u00e9res az\u00e9rt fut el, mert b\u00e9res, \u00e9s nem t\u00f6r\u0151dik a juhokkal.<br \/>\n\u00c9n vagyok a j\u00f3 p\u00e1sztor. Ismerem eny\u00e9imet, \u00e9s eny\u00e9im is ismernek engem, \u2013 mint ahogy az Atya ismer engem, \u00e9s \u00e9n ismerem az Aty\u00e1t. \u00c9letemet adom a juhok\u00e9rt. De m\u00e1s juhaim is vannak, amelyek nem ebb\u0151l az akolb\u00f3l val\u00f3k. Ezeket is vezetnem kell. Hallgatni fognak szavamra, \u00e9s egy ny\u00e1j lesz \u00e9s egy p\u00e1sztor.<br \/>\nAz\u00e9rt szeret engem az Atya, mert odaadom az \u00e9letemet, hogy majd ism\u00e9t visszavegyem. Nem veszi el t\u0151lem senki, magam adom oda, mert van r\u00e1 hatalmam, hogy odaadjam, \u00e9s van r\u00e1 hatalmam, hogy visszavegyem. Ezt a parancsot kaptam Aty\u00e1mt\u00f3l.\u201d<br \/>\nEzek az evang\u00e9lium ig\u00e9i.<\/p>\n<p align=\"justify\"><span style=\"color: #ff6600;\">EGYETEMES K\u00d6NY\u00d6RG\u00c9SEK<\/span><br \/>\nPap: Testv\u00e9reim! J\u00e9zus, a j\u00f3 P\u00e1sztor, \u00e9let\u00e9t adta \u00e9rt\u00fcnk. K\u00e9rj\u00fck mennyei Aty\u00e1nkat, hogy szent Fia \u00e1ltal eljussunk a meg\u00edg\u00e9rt \u00f6r\u00f6k \u00e9letre!<br \/>\nLektor:<br \/>\n1. Add, Urunk, hogy az Egyh\u00e1z p\u00e1sztoraiban minden ember megismerje a j\u00f3 P\u00e1sztor szeretet\u00e9t!<br \/>\nH\u00edvek: K\u00e9r\u00fcnk t\u00e9ged, hallgass meg minket!<br \/>\n2. Add, Urunk, hogy a n\u00e9pek meghallj\u00e1k a j\u00f3 P\u00e1sztor szav\u00e1t: egy akol legyen \u00e9s egy P\u00e1sztor!<br \/>\nH\u00edvek: K\u00e9r\u00fcnk t\u00e9ged . . .<br \/>\n3. Add, Urunk, hogy az \u00f6nfel\u00e1ldoz\u00f3 szeretet gyakorl\u00e1s\u00e1val hasonl\u00f3v\u00e1 legy\u00fcnk j\u00f3 P\u00e1sztorunkhoz!<br \/>\nH\u00edvek: K\u00e9r\u00fcnk t\u00e9ged . . .<br \/>\n4. Adj, Urunk, Egyh\u00e1zadnak \u00e1ldozatos lelk\u0171 papokat, akik k\u00e9szek \u00e9let\u00fcket adni h\u00edveid\u00e9rt!<br \/>\nH\u00edvek: K\u00e9r\u00fcnk t\u00e9ged . . .<br \/>\n5. Engedd, Urunk, hogy J\u00e9zus neve legyen er\u0151ss\u00e9g\u00fcnk \u00e9s vigasztal\u00e1sunk a hal\u00e1l \u00f3r\u00e1j\u00e1n!<br \/>\nH\u00edvek: K\u00e9r\u00fcnk t\u00e9ged . . .<br \/>\nPap: Irgalmas mennyei Aty\u00e1nk! Te egysz\u00fcl\u00f6tt Fiadat szent n\u00e9ped j\u00f3 P\u00e1sztor\u00e1v\u00e1 rendelted. Engedd, hogy hal\u00e1la \u00e9s felt\u00e1mad\u00e1sa \u00e9rdem\u00e9b\u0151l mindny\u00e1jan eljussunk a mennyei boldogs\u00e1gra! Krisztus, a mi Urunk \u00e1ltal.<br \/>\nH\u00edvek: \u00c1men.<\/p>\n<p><span style=\"color: #ff6600;\">Felaj\u00e1nl\u00f3 k\u00f6ny\u00f6rg\u00e9s:<\/span><br \/>\nUrunk, Isten\u00fcnk, seg\u00edts minket, hogy mindenkor h\u00e1l\u00e1t adjunk a h\u00fasv\u00e9ti miszt\u00e9riumok \u00e1ltal, \u00e9s megv\u00e1lt\u00e1sunk folytonosan hat\u00f3 kegyelme sz\u00fcntelen \u00f6rvendez\u00e9s forr\u00e1sa legyen benn\u00fcnk. Krisztus, a mi Urunk \u00e1ltal.<\/p>\n<p><span style=\"color: #ff6600;\">Pref\u00e1ci\u00f3:<\/span><\/p>\n<p>Az \u00dar legyen veletek.<br \/>\nH.: \u00c9s a te lelkeddel.<br \/>\nEmelj\u00fck f\u00f6l sz\u00edv\u00fcnket.<br \/>\nH.: F\u00f6lemelt\u00fck az \u00darhoz.<br \/>\nAdjunk h\u00e1l\u00e1t Urunknak, Isten\u00fcnknek.<br \/>\nH.: M\u00e9lt\u00f3 \u00e9s igazs\u00e1gos.<br \/>\n(Mert) Val\u00f3ban m\u00e9lt\u00f3 \u00e9s igazs\u00e1gos, ill\u0151 \u00e9s \u00fcdv\u00f6s, hogy minden id\u0151ben magasztaljunk, Urunk, t\u00e9ged, de k\u00fcl\u00f6n\u00f6sen ezen a szent \u00fcnnepen, \u2013 mid\u0151n \u00e1ldozatt\u00e1 lett \u00e9rt\u00fcnk KRISZtus, a H\u00fasv\u00e9ti B\u00e1r\u00e1ny.<br \/>\nMert \u0151 az igazi B\u00e1r\u00e1ny, aki elvette a vil\u00e1g b\u0171neit, \u2013 hal\u00e1lunkat hal\u00e1l\u00e1val MEGt\u00f6rte, \u00e9s felt\u00e1mad\u00e1s\u00e1val \u00faj \u00e9letet szerzett n\u00e9k\u00fcnk.<br \/>\nA h\u00fasv\u00e9ti \u00f6r\u00f6m ez\u00e9rt ki\u00e1rad az eg\u00e9sz f\u00f6ldre, a nagyvil\u00e1g \u00f6rvendezve ujjong, a mennyei er\u0151k \u00e9s a hatalmas angyalok, \u2013 (a te) dics\u0151s\u00e9ged himnusz\u00e1t ZENgik, \u00e9s v\u00e9g n\u00e9lk\u00fcl mondj\u00e1k (\u00e9neklik):<\/p>\n<p><span style=\"color: #ff6600;\">\u00c1ldoz\u00e1si \u00e9nek:<\/span><br \/>\nFelt\u00e1madt a j\u00f3 P\u00e1sztor, aki \u00e9let\u00e9t adta juhai\u00e9rt \u00e9s meghalt az \u0151 ny\u00e1j\u00e1\u00e9rt, alleluja.<\/p>\n<p><span style=\"color: #ff6600;\">\u00c1ldoz\u00e1s ut\u00e1ni k\u00f6ny\u00f6rg\u00e9s:<\/span><br \/>\nJ\u00f3 P\u00e1sztorunk, tekints kegyesen ny\u00e1jadra, \u00e9s juhaidat, akiket Fiad dr\u00e1ga v\u00e9r\u00e9n megv\u00e1ltott\u00e1l, vezesd az \u00f6r\u00f6k \u00e9let orsz\u00e1g\u00e1ba. Krisztus, a mi Urunk \u00e1ltal.<\/p>\n<p><em>(Nyit\u00f3k\u00e9p &#8211; Ferenc p\u00e1pa l\u00e1togat\u00e1sa Budapesten &#8211; 2023. J\u00f3 P\u00e1sztor vas\u00e1rnapj\u00e1ra)<\/em><\/p>\n","protected":false},"excerpt":{"rendered":"<p>H\u00fasv\u00e9t 4. vas\u00e1rnapja &#8211; Hivat\u00e1sok vil\u00e1gnapja Az emberis\u00e9gnek sz\u00fcks\u00e9ge van hivatott vezet\u0151kre, \u0151k a ny\u00e1jnak j\u00f3 p\u00e1sztorai. Az\u00e9rt im\u00e1dkozunk, hogy Isten adjon a vil\u00e1gnak lelkiismeretes vezet\u0151ket, akik az igazs\u00e1goss\u00e1g \u00e9s a b\u00e9ke \u00fatj\u00e1n vezetik a r\u00e1juk b\u00edzottokat. Ma k\u00fcl\u00f6n\u00f6sen is im\u00e1dkozunk papi hivat\u00e1sok\u00e9rt, hogy Krisztus lelk\u00fclet\u00e9vel gondoskodjanak a h\u00edvek \u00fcdv\u00f6ss\u00e9g\u00e9r\u0151l.\u00a0 Az olvasm\u00e1nyban ism\u00e9telten P\u00e9ter apostol tan\u00fas\u00e1gt\u00e9tel\u00e9r\u0151l hallhatunk. Ez a tan\u00fas\u00e1gt\u00e9tel nem mentes a kritik\u00e1t\u00f3l sem. A f\u0151tan\u00e1cs vezet\u0151inek \u00e9s a v\u00e9nek szem\u00e9re veti, hogy Krisztust, mint szegletk\u00f6vet, elvetett\u00e9k. \u00d6njel\u00f6lt messi\u00e1sok l\u00e9pnek sz\u00ednre, akik a maguk b\u00f6lcsess\u00e9g\u00e9t \u00e9s \u00fcdv\u00f6ss\u00e9g\u00e9t k\u00edn\u00e1lj\u00e1k. V\u00e9g\u00fck a pusztul\u00e1s! \u00dcdv\u00f6ss\u00e9g csakis J\u00e9zus Krisztusban van! A szentlecke gy\u00f6ny\u00f6r\u0171 \u00e9s biztons\u00e1got ad\u00f3 tan\u00edt\u00e1ssal aj\u00e1nd\u00e9koz meg. Isten ir\u00e1ntunk val\u00f3 csod\u00e1latos szeretete. \u00cdzlelgess\u00fck csak: Isten az \u00e9n Aty\u00e1m! Nincs m\u00e1s dolgom, csak ezt a csod\u00e1latos szeretet kapcsolatot meg\u0151rizzem. Ez pedig kiz\u00e1r\u00f3lag csak rajtam m\u00falik. Az evang\u00e9lium tan\u00edt\u00e1sa egyben biztat\u00e1s \u00e9s b\u00e1tor\u00edt\u00e1s is. J\u00e9zus, a mi j\u00f3 P\u00e1sztorunk, aki ismeri gondolatainkat, sz\u00edv\u00fcnk m\u00e9ly\u00e9t, v\u00e1gyainkat, bajainkat. Annyira, hogy m\u00e9g \u00e9let\u00e9t is k\u00e9pes fel\u00e1ldozni juhai\u00e9rt. Egy\u00e9ni \u00e9lethivat\u00e1sunk meg\u00e9l\u00e9s\u00e9nek legf\u0151bb kell\u00e9ke, \u00e1ldozatv\u00e1llal\u00e1s. M\u00e9ricsk\u00e9l\u00e9s n\u00e9lk\u00fcl! Kezd\u0151\u00e9nek: Az \u00dar irgalma bet\u00f6lti a f\u00f6ldet, az \u00dar szav\u00e1ra lettek az egek, alleluja! (V\u00f6. Zsolt 32,5-6) K\u00f6ny\u00f6rg\u00e9s: Mindenhat\u00f3, \u00f6r\u00f6k Isten, vezess minket a mennyorsz\u00e1g boldog k\u00f6z\u00f6ss\u00e9g\u00e9be. Jusson el h\u00edveid gy\u00f6nge ny\u00e1ja oda, ahov\u00e1 el\u0151tt\u00fcnk ment J\u00e9zus, a mi er\u0151s P\u00e1sztorunk. A mi Urunk, J\u00e9zus Krisztus, a te Fiad \u00e1ltal, aki veled \u00e9l \u00e9s uralkodik a Szentl\u00e9lekkel egys\u00e9gben, Isten mind\u00f6r\u00f6kk\u00f6n \u00f6r\u00f6kk\u00e9. OLVASM\u00c1NY az Apostolok Cselekedeteib\u0151l (ApCsel 4,8-12) Azokban a napokban: P\u00e9ter a Szentl\u00e9lekt\u0151l eltelve \u00edgy sz\u00f3lt: \u201eN\u00e9p\u00fcnk el\u00f6lj\u00e1r\u00f3i \u00e9s ti v\u00e9nek! Ha ti ma az\u00e9rt hallgattok ki minket \u2013 miut\u00e1n egy beteggel j\u00f3t tett\u00fcnk \u2013, hogy vajon \u0151 hogyan is gy\u00f3gyult meg, h\u00e1t tudj\u00e1tok meg mindannyian, ti \u00e9s Izrael eg\u00e9sz n\u00e9pe, hogy ez az ember annak a n\u00e1z\u00e1reti J\u00e9zus Krisztusnak a neve \u00e1ltal \u00e1ll itt el\u0151ttetek eg\u00e9szs\u00e9gesen, akit ti keresztre fesz\u00edtettetek,&#8230; <\/p>\n<p><a class=\"readmore\" href=\"https:\/\/stuttgarti-katolikusok.de\/index.php\/husvet-4-vasarnapja-jo-pasztor-vasarnapja-hivatasok-vilagnapja\/\">R\u00e9szletek<\/a><\/p>\n","protected":false},"author":3,"featured_media":26707,"comment_status":"closed","ping_status":"closed","sticky":false,"template":"","format":"standard","meta":{"footnotes":""},"categories":[85,63],"tags":[],"class_list":["post-28798","post","type-post","status-publish","format-standard","has-post-thumbnail","hentry","category-a-liturgia-olvasmanyai","category-vasarnapi-gondolatok"],"yoast_head":"<!-- This site is optimized with the Yoast SEO plugin v27.3 - https:\/\/yoast.com\/product\/yoast-seo-wordpress\/ -->\n<title>H\u00fasv\u00e9t 4. vas\u00e1rnapja - J\u00f3 P\u00e1sztor vas\u00e1rnapja - Hivat\u00e1sok vil\u00e1gnapja - Stuttgarti Katolikusok<\/title>\n<meta name=\"robots\" content=\"index, follow, max-snippet:-1, max-image-preview:large, max-video-preview:-1\" \/>\n<link rel=\"canonical\" href=\"https:\/\/stuttgarti-katolikusok.de\/index.php\/husvet-4-vasarnapja-jo-pasztor-vasarnapja-hivatasok-vilagnapja\/\" \/>\n<meta property=\"og:locale\" content=\"hu_HU\" \/>\n<meta property=\"og:type\" content=\"article\" \/>\n<meta property=\"og:title\" content=\"H\u00fasv\u00e9t 4. vas\u00e1rnapja - J\u00f3 P\u00e1sztor vas\u00e1rnapja - Hivat\u00e1sok vil\u00e1gnapja - Stuttgarti Katolikusok\" \/>\n<meta property=\"og:description\" content=\"H\u00fasv\u00e9t 4. vas\u00e1rnapja &#8211; Hivat\u00e1sok vil\u00e1gnapja Az emberis\u00e9gnek sz\u00fcks\u00e9ge van hivatott vezet\u0151kre, \u0151k a ny\u00e1jnak j\u00f3 p\u00e1sztorai. Az\u00e9rt im\u00e1dkozunk, hogy Isten adjon a vil\u00e1gnak lelkiismeretes vezet\u0151ket, akik az igazs\u00e1goss\u00e1g \u00e9s a b\u00e9ke \u00fatj\u00e1n vezetik a r\u00e1juk b\u00edzottokat. Ma k\u00fcl\u00f6n\u00f6sen is im\u00e1dkozunk papi hivat\u00e1sok\u00e9rt, hogy Krisztus lelk\u00fclet\u00e9vel gondoskodjanak a h\u00edvek \u00fcdv\u00f6ss\u00e9g\u00e9r\u0151l.\u00a0 Az olvasm\u00e1nyban ism\u00e9telten P\u00e9ter apostol tan\u00fas\u00e1gt\u00e9tel\u00e9r\u0151l hallhatunk. Ez a tan\u00fas\u00e1gt\u00e9tel nem mentes a kritik\u00e1t\u00f3l sem. A f\u0151tan\u00e1cs vezet\u0151inek \u00e9s a v\u00e9nek szem\u00e9re veti, hogy Krisztust, mint szegletk\u00f6vet, elvetett\u00e9k. \u00d6njel\u00f6lt messi\u00e1sok l\u00e9pnek sz\u00ednre, akik a maguk b\u00f6lcsess\u00e9g\u00e9t \u00e9s \u00fcdv\u00f6ss\u00e9g\u00e9t k\u00edn\u00e1lj\u00e1k. V\u00e9g\u00fck a pusztul\u00e1s! \u00dcdv\u00f6ss\u00e9g csakis J\u00e9zus Krisztusban van! A szentlecke gy\u00f6ny\u00f6r\u0171 \u00e9s biztons\u00e1got ad\u00f3 tan\u00edt\u00e1ssal aj\u00e1nd\u00e9koz meg. Isten ir\u00e1ntunk val\u00f3 csod\u00e1latos szeretete. \u00cdzlelgess\u00fck csak: Isten az \u00e9n Aty\u00e1m! Nincs m\u00e1s dolgom, csak ezt a csod\u00e1latos szeretet kapcsolatot meg\u0151rizzem. Ez pedig kiz\u00e1r\u00f3lag csak rajtam m\u00falik. Az evang\u00e9lium tan\u00edt\u00e1sa egyben biztat\u00e1s \u00e9s b\u00e1tor\u00edt\u00e1s is. J\u00e9zus, a mi j\u00f3 P\u00e1sztorunk, aki ismeri gondolatainkat, sz\u00edv\u00fcnk m\u00e9ly\u00e9t, v\u00e1gyainkat, bajainkat. Annyira, hogy m\u00e9g \u00e9let\u00e9t is k\u00e9pes fel\u00e1ldozni juhai\u00e9rt. Egy\u00e9ni \u00e9lethivat\u00e1sunk meg\u00e9l\u00e9s\u00e9nek legf\u0151bb kell\u00e9ke, \u00e1ldozatv\u00e1llal\u00e1s. M\u00e9ricsk\u00e9l\u00e9s n\u00e9lk\u00fcl! Kezd\u0151\u00e9nek: Az \u00dar irgalma bet\u00f6lti a f\u00f6ldet, az \u00dar szav\u00e1ra lettek az egek, alleluja! (V\u00f6. Zsolt 32,5-6) K\u00f6ny\u00f6rg\u00e9s: Mindenhat\u00f3, \u00f6r\u00f6k Isten, vezess minket a mennyorsz\u00e1g boldog k\u00f6z\u00f6ss\u00e9g\u00e9be. Jusson el h\u00edveid gy\u00f6nge ny\u00e1ja oda, ahov\u00e1 el\u0151tt\u00fcnk ment J\u00e9zus, a mi er\u0151s P\u00e1sztorunk. A mi Urunk, J\u00e9zus Krisztus, a te Fiad \u00e1ltal, aki veled \u00e9l \u00e9s uralkodik a Szentl\u00e9lekkel egys\u00e9gben, Isten mind\u00f6r\u00f6kk\u00f6n \u00f6r\u00f6kk\u00e9. OLVASM\u00c1NY az Apostolok Cselekedeteib\u0151l (ApCsel 4,8-12) Azokban a napokban: P\u00e9ter a Szentl\u00e9lekt\u0151l eltelve \u00edgy sz\u00f3lt: \u201eN\u00e9p\u00fcnk el\u00f6lj\u00e1r\u00f3i \u00e9s ti v\u00e9nek! Ha ti ma az\u00e9rt hallgattok ki minket \u2013 miut\u00e1n egy beteggel j\u00f3t tett\u00fcnk \u2013, hogy vajon \u0151 hogyan is gy\u00f3gyult meg, h\u00e1t tudj\u00e1tok meg mindannyian, ti \u00e9s Izrael eg\u00e9sz n\u00e9pe, hogy ez az ember annak a n\u00e1z\u00e1reti J\u00e9zus Krisztusnak a neve \u00e1ltal \u00e1ll itt el\u0151ttetek eg\u00e9szs\u00e9gesen, akit ti keresztre fesz\u00edtettetek,... R\u00e9szletek\" \/>\n<meta property=\"og:url\" content=\"https:\/\/stuttgarti-katolikusok.de\/index.php\/husvet-4-vasarnapja-jo-pasztor-vasarnapja-hivatasok-vilagnapja\/\" \/>\n<meta property=\"og:site_name\" content=\"Stuttgarti Katolikusok\" \/>\n<meta property=\"article:published_time\" content=\"2024-04-19T23:13:32+00:00\" \/>\n<meta property=\"og:image\" content=\"https:\/\/stuttgarti-katolikusok.de\/wp-content\/uploads\/2023\/04\/ferenc-papa-erkezese.png\" \/>\n\t<meta property=\"og:image:width\" content=\"1640\" \/>\n\t<meta property=\"og:image:height\" content=\"924\" \/>\n\t<meta property=\"og:image:type\" content=\"image\/png\" \/>\n<meta name=\"author\" content=\"Tibor atya\" \/>\n<meta name=\"twitter:card\" content=\"summary_large_image\" \/>\n<meta name=\"twitter:label1\" content=\"Szerz\u0151:\" \/>\n\t<meta name=\"twitter:data1\" content=\"Tibor atya\" \/>\n\t<meta name=\"twitter:label2\" content=\"Becs\u00fclt olvas\u00e1si id\u0151\" \/>\n\t<meta name=\"twitter:data2\" content=\"7 perc\" \/>\n<script type=\"application\/ld+json\" class=\"yoast-schema-graph\">{\"@context\":\"https:\\\/\\\/schema.org\",\"@graph\":[{\"@type\":\"Article\",\"@id\":\"https:\\\/\\\/stuttgarti-katolikusok.de\\\/index.php\\\/husvet-4-vasarnapja-jo-pasztor-vasarnapja-hivatasok-vilagnapja\\\/#article\",\"isPartOf\":{\"@id\":\"https:\\\/\\\/stuttgarti-katolikusok.de\\\/index.php\\\/husvet-4-vasarnapja-jo-pasztor-vasarnapja-hivatasok-vilagnapja\\\/\"},\"author\":{\"name\":\"Tibor atya\",\"@id\":\"https:\\\/\\\/stuttgarti-katolikusok.de\\\/#\\\/schema\\\/person\\\/75908d6f8fdc03a57889d27209df7795\"},\"headline\":\"H\u00fasv\u00e9t 4. vas\u00e1rnapja &#8211; J\u00f3 P\u00e1sztor vas\u00e1rnapja &#8211; Hivat\u00e1sok vil\u00e1gnapja\",\"datePublished\":\"2024-04-19T23:13:32+00:00\",\"mainEntityOfPage\":{\"@id\":\"https:\\\/\\\/stuttgarti-katolikusok.de\\\/index.php\\\/husvet-4-vasarnapja-jo-pasztor-vasarnapja-hivatasok-vilagnapja\\\/\"},\"wordCount\":1559,\"image\":{\"@id\":\"https:\\\/\\\/stuttgarti-katolikusok.de\\\/index.php\\\/husvet-4-vasarnapja-jo-pasztor-vasarnapja-hivatasok-vilagnapja\\\/#primaryimage\"},\"thumbnailUrl\":\"https:\\\/\\\/stuttgarti-katolikusok.de\\\/wp-content\\\/uploads\\\/2023\\\/04\\\/ferenc-papa-erkezese.png\",\"articleSection\":[\"A liturgia olvasm\u00e1nyai\",\"Vas\u00e1rnapi gondolatok\"],\"inLanguage\":\"hu\"},{\"@type\":\"WebPage\",\"@id\":\"https:\\\/\\\/stuttgarti-katolikusok.de\\\/index.php\\\/husvet-4-vasarnapja-jo-pasztor-vasarnapja-hivatasok-vilagnapja\\\/\",\"url\":\"https:\\\/\\\/stuttgarti-katolikusok.de\\\/index.php\\\/husvet-4-vasarnapja-jo-pasztor-vasarnapja-hivatasok-vilagnapja\\\/\",\"name\":\"H\u00fasv\u00e9t 4. vas\u00e1rnapja - J\u00f3 P\u00e1sztor vas\u00e1rnapja - Hivat\u00e1sok vil\u00e1gnapja - Stuttgarti Katolikusok\",\"isPartOf\":{\"@id\":\"https:\\\/\\\/stuttgarti-katolikusok.de\\\/#website\"},\"primaryImageOfPage\":{\"@id\":\"https:\\\/\\\/stuttgarti-katolikusok.de\\\/index.php\\\/husvet-4-vasarnapja-jo-pasztor-vasarnapja-hivatasok-vilagnapja\\\/#primaryimage\"},\"image\":{\"@id\":\"https:\\\/\\\/stuttgarti-katolikusok.de\\\/index.php\\\/husvet-4-vasarnapja-jo-pasztor-vasarnapja-hivatasok-vilagnapja\\\/#primaryimage\"},\"thumbnailUrl\":\"https:\\\/\\\/stuttgarti-katolikusok.de\\\/wp-content\\\/uploads\\\/2023\\\/04\\\/ferenc-papa-erkezese.png\",\"datePublished\":\"2024-04-19T23:13:32+00:00\",\"author\":{\"@id\":\"https:\\\/\\\/stuttgarti-katolikusok.de\\\/#\\\/schema\\\/person\\\/75908d6f8fdc03a57889d27209df7795\"},\"breadcrumb\":{\"@id\":\"https:\\\/\\\/stuttgarti-katolikusok.de\\\/index.php\\\/husvet-4-vasarnapja-jo-pasztor-vasarnapja-hivatasok-vilagnapja\\\/#breadcrumb\"},\"inLanguage\":\"hu\",\"potentialAction\":[{\"@type\":\"ReadAction\",\"target\":[\"https:\\\/\\\/stuttgarti-katolikusok.de\\\/index.php\\\/husvet-4-vasarnapja-jo-pasztor-vasarnapja-hivatasok-vilagnapja\\\/\"]}]},{\"@type\":\"ImageObject\",\"inLanguage\":\"hu\",\"@id\":\"https:\\\/\\\/stuttgarti-katolikusok.de\\\/index.php\\\/husvet-4-vasarnapja-jo-pasztor-vasarnapja-hivatasok-vilagnapja\\\/#primaryimage\",\"url\":\"https:\\\/\\\/stuttgarti-katolikusok.de\\\/wp-content\\\/uploads\\\/2023\\\/04\\\/ferenc-papa-erkezese.png\",\"contentUrl\":\"https:\\\/\\\/stuttgarti-katolikusok.de\\\/wp-content\\\/uploads\\\/2023\\\/04\\\/ferenc-papa-erkezese.png\",\"width\":1640,\"height\":924},{\"@type\":\"BreadcrumbList\",\"@id\":\"https:\\\/\\\/stuttgarti-katolikusok.de\\\/index.php\\\/husvet-4-vasarnapja-jo-pasztor-vasarnapja-hivatasok-vilagnapja\\\/#breadcrumb\",\"itemListElement\":[{\"@type\":\"ListItem\",\"position\":1,\"name\":\"Kezd\u0151lap\",\"item\":\"https:\\\/\\\/stuttgarti-katolikusok.de\\\/\"},{\"@type\":\"ListItem\",\"position\":2,\"name\":\"H\u00fasv\u00e9t 4. vas\u00e1rnapja &#8211; J\u00f3 P\u00e1sztor vas\u00e1rnapja &#8211; Hivat\u00e1sok vil\u00e1gnapja\"}]},{\"@type\":\"WebSite\",\"@id\":\"https:\\\/\\\/stuttgarti-katolikusok.de\\\/#website\",\"url\":\"https:\\\/\\\/stuttgarti-katolikusok.de\\\/\",\"name\":\"Stuttgarti Katolikusok\",\"description\":\"\",\"potentialAction\":[{\"@type\":\"SearchAction\",\"target\":{\"@type\":\"EntryPoint\",\"urlTemplate\":\"https:\\\/\\\/stuttgarti-katolikusok.de\\\/?s={search_term_string}\"},\"query-input\":{\"@type\":\"PropertyValueSpecification\",\"valueRequired\":true,\"valueName\":\"search_term_string\"}}],\"inLanguage\":\"hu\"},{\"@type\":\"Person\",\"@id\":\"https:\\\/\\\/stuttgarti-katolikusok.de\\\/#\\\/schema\\\/person\\\/75908d6f8fdc03a57889d27209df7795\",\"name\":\"Tibor atya\",\"image\":{\"@type\":\"ImageObject\",\"inLanguage\":\"hu\",\"@id\":\"https:\\\/\\\/secure.gravatar.com\\\/avatar\\\/61d268e57d1f4525b111222e29d2d5a7f8c420fdbf231ba5566a8ceac74fa960?s=96&d=mm&r=g\",\"url\":\"https:\\\/\\\/secure.gravatar.com\\\/avatar\\\/61d268e57d1f4525b111222e29d2d5a7f8c420fdbf231ba5566a8ceac74fa960?s=96&d=mm&r=g\",\"contentUrl\":\"https:\\\/\\\/secure.gravatar.com\\\/avatar\\\/61d268e57d1f4525b111222e29d2d5a7f8c420fdbf231ba5566a8ceac74fa960?s=96&d=mm&r=g\",\"caption\":\"Tibor atya\"},\"url\":\"https:\\\/\\\/stuttgarti-katolikusok.de\\\/index.php\\\/author\\\/tibor-atya\\\/\"}]}<\/script>\n<!-- \/ Yoast SEO plugin. -->","yoast_head_json":{"title":"H\u00fasv\u00e9t 4. vas\u00e1rnapja - J\u00f3 P\u00e1sztor vas\u00e1rnapja - Hivat\u00e1sok vil\u00e1gnapja - Stuttgarti Katolikusok","robots":{"index":"index","follow":"follow","max-snippet":"max-snippet:-1","max-image-preview":"max-image-preview:large","max-video-preview":"max-video-preview:-1"},"canonical":"https:\/\/stuttgarti-katolikusok.de\/index.php\/husvet-4-vasarnapja-jo-pasztor-vasarnapja-hivatasok-vilagnapja\/","og_locale":"hu_HU","og_type":"article","og_title":"H\u00fasv\u00e9t 4. vas\u00e1rnapja - J\u00f3 P\u00e1sztor vas\u00e1rnapja - Hivat\u00e1sok vil\u00e1gnapja - Stuttgarti Katolikusok","og_description":"H\u00fasv\u00e9t 4. vas\u00e1rnapja &#8211; Hivat\u00e1sok vil\u00e1gnapja Az emberis\u00e9gnek sz\u00fcks\u00e9ge van hivatott vezet\u0151kre, \u0151k a ny\u00e1jnak j\u00f3 p\u00e1sztorai. Az\u00e9rt im\u00e1dkozunk, hogy Isten adjon a vil\u00e1gnak lelkiismeretes vezet\u0151ket, akik az igazs\u00e1goss\u00e1g \u00e9s a b\u00e9ke \u00fatj\u00e1n vezetik a r\u00e1juk b\u00edzottokat. Ma k\u00fcl\u00f6n\u00f6sen is im\u00e1dkozunk papi hivat\u00e1sok\u00e9rt, hogy Krisztus lelk\u00fclet\u00e9vel gondoskodjanak a h\u00edvek \u00fcdv\u00f6ss\u00e9g\u00e9r\u0151l.\u00a0 Az olvasm\u00e1nyban ism\u00e9telten P\u00e9ter apostol tan\u00fas\u00e1gt\u00e9tel\u00e9r\u0151l hallhatunk. Ez a tan\u00fas\u00e1gt\u00e9tel nem mentes a kritik\u00e1t\u00f3l sem. A f\u0151tan\u00e1cs vezet\u0151inek \u00e9s a v\u00e9nek szem\u00e9re veti, hogy Krisztust, mint szegletk\u00f6vet, elvetett\u00e9k. \u00d6njel\u00f6lt messi\u00e1sok l\u00e9pnek sz\u00ednre, akik a maguk b\u00f6lcsess\u00e9g\u00e9t \u00e9s \u00fcdv\u00f6ss\u00e9g\u00e9t k\u00edn\u00e1lj\u00e1k. V\u00e9g\u00fck a pusztul\u00e1s! \u00dcdv\u00f6ss\u00e9g csakis J\u00e9zus Krisztusban van! A szentlecke gy\u00f6ny\u00f6r\u0171 \u00e9s biztons\u00e1got ad\u00f3 tan\u00edt\u00e1ssal aj\u00e1nd\u00e9koz meg. Isten ir\u00e1ntunk val\u00f3 csod\u00e1latos szeretete. \u00cdzlelgess\u00fck csak: Isten az \u00e9n Aty\u00e1m! Nincs m\u00e1s dolgom, csak ezt a csod\u00e1latos szeretet kapcsolatot meg\u0151rizzem. Ez pedig kiz\u00e1r\u00f3lag csak rajtam m\u00falik. Az evang\u00e9lium tan\u00edt\u00e1sa egyben biztat\u00e1s \u00e9s b\u00e1tor\u00edt\u00e1s is. J\u00e9zus, a mi j\u00f3 P\u00e1sztorunk, aki ismeri gondolatainkat, sz\u00edv\u00fcnk m\u00e9ly\u00e9t, v\u00e1gyainkat, bajainkat. Annyira, hogy m\u00e9g \u00e9let\u00e9t is k\u00e9pes fel\u00e1ldozni juhai\u00e9rt. Egy\u00e9ni \u00e9lethivat\u00e1sunk meg\u00e9l\u00e9s\u00e9nek legf\u0151bb kell\u00e9ke, \u00e1ldozatv\u00e1llal\u00e1s. M\u00e9ricsk\u00e9l\u00e9s n\u00e9lk\u00fcl! Kezd\u0151\u00e9nek: Az \u00dar irgalma bet\u00f6lti a f\u00f6ldet, az \u00dar szav\u00e1ra lettek az egek, alleluja! (V\u00f6. Zsolt 32,5-6) K\u00f6ny\u00f6rg\u00e9s: Mindenhat\u00f3, \u00f6r\u00f6k Isten, vezess minket a mennyorsz\u00e1g boldog k\u00f6z\u00f6ss\u00e9g\u00e9be. Jusson el h\u00edveid gy\u00f6nge ny\u00e1ja oda, ahov\u00e1 el\u0151tt\u00fcnk ment J\u00e9zus, a mi er\u0151s P\u00e1sztorunk. A mi Urunk, J\u00e9zus Krisztus, a te Fiad \u00e1ltal, aki veled \u00e9l \u00e9s uralkodik a Szentl\u00e9lekkel egys\u00e9gben, Isten mind\u00f6r\u00f6kk\u00f6n \u00f6r\u00f6kk\u00e9. OLVASM\u00c1NY az Apostolok Cselekedeteib\u0151l (ApCsel 4,8-12) Azokban a napokban: P\u00e9ter a Szentl\u00e9lekt\u0151l eltelve \u00edgy sz\u00f3lt: \u201eN\u00e9p\u00fcnk el\u00f6lj\u00e1r\u00f3i \u00e9s ti v\u00e9nek! Ha ti ma az\u00e9rt hallgattok ki minket \u2013 miut\u00e1n egy beteggel j\u00f3t tett\u00fcnk \u2013, hogy vajon \u0151 hogyan is gy\u00f3gyult meg, h\u00e1t tudj\u00e1tok meg mindannyian, ti \u00e9s Izrael eg\u00e9sz n\u00e9pe, hogy ez az ember annak a n\u00e1z\u00e1reti J\u00e9zus Krisztusnak a neve \u00e1ltal \u00e1ll itt el\u0151ttetek eg\u00e9szs\u00e9gesen, akit ti keresztre fesz\u00edtettetek,... R\u00e9szletek","og_url":"https:\/\/stuttgarti-katolikusok.de\/index.php\/husvet-4-vasarnapja-jo-pasztor-vasarnapja-hivatasok-vilagnapja\/","og_site_name":"Stuttgarti Katolikusok","article_published_time":"2024-04-19T23:13:32+00:00","og_image":[{"width":1640,"height":924,"url":"https:\/\/stuttgarti-katolikusok.de\/wp-content\/uploads\/2023\/04\/ferenc-papa-erkezese.png","type":"image\/png"}],"author":"Tibor atya","twitter_card":"summary_large_image","twitter_misc":{"Szerz\u0151:":"Tibor atya","Becs\u00fclt olvas\u00e1si id\u0151":"7 perc"},"schema":{"@context":"https:\/\/schema.org","@graph":[{"@type":"Article","@id":"https:\/\/stuttgarti-katolikusok.de\/index.php\/husvet-4-vasarnapja-jo-pasztor-vasarnapja-hivatasok-vilagnapja\/#article","isPartOf":{"@id":"https:\/\/stuttgarti-katolikusok.de\/index.php\/husvet-4-vasarnapja-jo-pasztor-vasarnapja-hivatasok-vilagnapja\/"},"author":{"name":"Tibor atya","@id":"https:\/\/stuttgarti-katolikusok.de\/#\/schema\/person\/75908d6f8fdc03a57889d27209df7795"},"headline":"H\u00fasv\u00e9t 4. vas\u00e1rnapja &#8211; J\u00f3 P\u00e1sztor vas\u00e1rnapja &#8211; Hivat\u00e1sok vil\u00e1gnapja","datePublished":"2024-04-19T23:13:32+00:00","mainEntityOfPage":{"@id":"https:\/\/stuttgarti-katolikusok.de\/index.php\/husvet-4-vasarnapja-jo-pasztor-vasarnapja-hivatasok-vilagnapja\/"},"wordCount":1559,"image":{"@id":"https:\/\/stuttgarti-katolikusok.de\/index.php\/husvet-4-vasarnapja-jo-pasztor-vasarnapja-hivatasok-vilagnapja\/#primaryimage"},"thumbnailUrl":"https:\/\/stuttgarti-katolikusok.de\/wp-content\/uploads\/2023\/04\/ferenc-papa-erkezese.png","articleSection":["A liturgia olvasm\u00e1nyai","Vas\u00e1rnapi gondolatok"],"inLanguage":"hu"},{"@type":"WebPage","@id":"https:\/\/stuttgarti-katolikusok.de\/index.php\/husvet-4-vasarnapja-jo-pasztor-vasarnapja-hivatasok-vilagnapja\/","url":"https:\/\/stuttgarti-katolikusok.de\/index.php\/husvet-4-vasarnapja-jo-pasztor-vasarnapja-hivatasok-vilagnapja\/","name":"H\u00fasv\u00e9t 4. vas\u00e1rnapja - J\u00f3 P\u00e1sztor vas\u00e1rnapja - Hivat\u00e1sok vil\u00e1gnapja - Stuttgarti Katolikusok","isPartOf":{"@id":"https:\/\/stuttgarti-katolikusok.de\/#website"},"primaryImageOfPage":{"@id":"https:\/\/stuttgarti-katolikusok.de\/index.php\/husvet-4-vasarnapja-jo-pasztor-vasarnapja-hivatasok-vilagnapja\/#primaryimage"},"image":{"@id":"https:\/\/stuttgarti-katolikusok.de\/index.php\/husvet-4-vasarnapja-jo-pasztor-vasarnapja-hivatasok-vilagnapja\/#primaryimage"},"thumbnailUrl":"https:\/\/stuttgarti-katolikusok.de\/wp-content\/uploads\/2023\/04\/ferenc-papa-erkezese.png","datePublished":"2024-04-19T23:13:32+00:00","author":{"@id":"https:\/\/stuttgarti-katolikusok.de\/#\/schema\/person\/75908d6f8fdc03a57889d27209df7795"},"breadcrumb":{"@id":"https:\/\/stuttgarti-katolikusok.de\/index.php\/husvet-4-vasarnapja-jo-pasztor-vasarnapja-hivatasok-vilagnapja\/#breadcrumb"},"inLanguage":"hu","potentialAction":[{"@type":"ReadAction","target":["https:\/\/stuttgarti-katolikusok.de\/index.php\/husvet-4-vasarnapja-jo-pasztor-vasarnapja-hivatasok-vilagnapja\/"]}]},{"@type":"ImageObject","inLanguage":"hu","@id":"https:\/\/stuttgarti-katolikusok.de\/index.php\/husvet-4-vasarnapja-jo-pasztor-vasarnapja-hivatasok-vilagnapja\/#primaryimage","url":"https:\/\/stuttgarti-katolikusok.de\/wp-content\/uploads\/2023\/04\/ferenc-papa-erkezese.png","contentUrl":"https:\/\/stuttgarti-katolikusok.de\/wp-content\/uploads\/2023\/04\/ferenc-papa-erkezese.png","width":1640,"height":924},{"@type":"BreadcrumbList","@id":"https:\/\/stuttgarti-katolikusok.de\/index.php\/husvet-4-vasarnapja-jo-pasztor-vasarnapja-hivatasok-vilagnapja\/#breadcrumb","itemListElement":[{"@type":"ListItem","position":1,"name":"Kezd\u0151lap","item":"https:\/\/stuttgarti-katolikusok.de\/"},{"@type":"ListItem","position":2,"name":"H\u00fasv\u00e9t 4. vas\u00e1rnapja &#8211; J\u00f3 P\u00e1sztor vas\u00e1rnapja &#8211; Hivat\u00e1sok vil\u00e1gnapja"}]},{"@type":"WebSite","@id":"https:\/\/stuttgarti-katolikusok.de\/#website","url":"https:\/\/stuttgarti-katolikusok.de\/","name":"Stuttgarti Katolikusok","description":"","potentialAction":[{"@type":"SearchAction","target":{"@type":"EntryPoint","urlTemplate":"https:\/\/stuttgarti-katolikusok.de\/?s={search_term_string}"},"query-input":{"@type":"PropertyValueSpecification","valueRequired":true,"valueName":"search_term_string"}}],"inLanguage":"hu"},{"@type":"Person","@id":"https:\/\/stuttgarti-katolikusok.de\/#\/schema\/person\/75908d6f8fdc03a57889d27209df7795","name":"Tibor atya","image":{"@type":"ImageObject","inLanguage":"hu","@id":"https:\/\/secure.gravatar.com\/avatar\/61d268e57d1f4525b111222e29d2d5a7f8c420fdbf231ba5566a8ceac74fa960?s=96&d=mm&r=g","url":"https:\/\/secure.gravatar.com\/avatar\/61d268e57d1f4525b111222e29d2d5a7f8c420fdbf231ba5566a8ceac74fa960?s=96&d=mm&r=g","contentUrl":"https:\/\/secure.gravatar.com\/avatar\/61d268e57d1f4525b111222e29d2d5a7f8c420fdbf231ba5566a8ceac74fa960?s=96&d=mm&r=g","caption":"Tibor atya"},"url":"https:\/\/stuttgarti-katolikusok.de\/index.php\/author\/tibor-atya\/"}]}},"_links":{"self":[{"href":"https:\/\/stuttgarti-katolikusok.de\/index.php\/wp-json\/wp\/v2\/posts\/28798","targetHints":{"allow":["GET"]}}],"collection":[{"href":"https:\/\/stuttgarti-katolikusok.de\/index.php\/wp-json\/wp\/v2\/posts"}],"about":[{"href":"https:\/\/stuttgarti-katolikusok.de\/index.php\/wp-json\/wp\/v2\/types\/post"}],"author":[{"embeddable":true,"href":"https:\/\/stuttgarti-katolikusok.de\/index.php\/wp-json\/wp\/v2\/users\/3"}],"replies":[{"embeddable":true,"href":"https:\/\/stuttgarti-katolikusok.de\/index.php\/wp-json\/wp\/v2\/comments?post=28798"}],"version-history":[{"count":1,"href":"https:\/\/stuttgarti-katolikusok.de\/index.php\/wp-json\/wp\/v2\/posts\/28798\/revisions"}],"predecessor-version":[{"id":28799,"href":"https:\/\/stuttgarti-katolikusok.de\/index.php\/wp-json\/wp\/v2\/posts\/28798\/revisions\/28799"}],"wp:featuredmedia":[{"embeddable":true,"href":"https:\/\/stuttgarti-katolikusok.de\/index.php\/wp-json\/wp\/v2\/media\/26707"}],"wp:attachment":[{"href":"https:\/\/stuttgarti-katolikusok.de\/index.php\/wp-json\/wp\/v2\/media?parent=28798"}],"wp:term":[{"taxonomy":"category","embeddable":true,"href":"https:\/\/stuttgarti-katolikusok.de\/index.php\/wp-json\/wp\/v2\/categories?post=28798"},{"taxonomy":"post_tag","embeddable":true,"href":"https:\/\/stuttgarti-katolikusok.de\/index.php\/wp-json\/wp\/v2\/tags?post=28798"}],"curies":[{"name":"wp","href":"https:\/\/api.w.org\/{rel}","templated":true}]}}