{"id":28763,"date":"2024-04-13T11:18:01","date_gmt":"2024-04-13T09:18:01","guid":{"rendered":"https:\/\/stuttgarti-katolikusok.de\/?p=28763"},"modified":"2024-04-13T11:18:01","modified_gmt":"2024-04-13T09:18:01","slug":"husvet-3-vasarnapja-2","status":"publish","type":"post","link":"https:\/\/stuttgarti-katolikusok.de\/index.php\/husvet-3-vasarnapja-2\/","title":{"rendered":"H\u00fasv\u00e9t 3. vas\u00e1rnapja"},"content":{"rendered":"<p><strong><span style=\"color: #ff6600;\"><em>A tan\u00fas\u00e1gt\u00e9tel vas\u00e1rnapja<\/em><\/span><\/strong><\/p>\n<p><span style=\"color: #ff6600;\"><em>A tan\u00fas\u00e1gt\u00e9tel (g\u00f6r\u00f6g: mart\u00fcrion, latin: testimonium) eredetileg jogi fogalom. A Szent\u00edr\u00e1sban pedig ennek vall\u00e1si tartalm\u00e1val ismerkedhet\u00fcnk meg.<\/em><\/span><\/p>\n<p><span style=\"color: #ff6600;\"><em><strong>Az olvasm\u00e1ny<\/strong> annak a P\u00e9ter apostolnak tan\u00fas\u00e1gt\u00e9tel\u00e9r\u0151l sz\u00f3l, aki f\u00e9lelemb\u0151l m\u00e9g megtagadja J\u00e9zus Krisztust. A felt\u00e1madottal val\u00f3 t\u00f6bbsz\u00f6ri tal\u00e1lkoz\u00e1sa mer\u0151ben megv\u00e1ltoztatja \u0151t. Most b\u00e1tran tan\u00fas\u00e1got tesz hit\u00e9r\u0151l. &#8222;\u00c9s ennek mi tan\u00fai vagyunk.&#8221; &#8211; milyen er\u0151 van ebben a mondatban.<\/em><\/span><\/p>\n<p><span style=\"color: #ff6600;\"><em><strong>A szentlecke<\/strong> arr\u00f3l a lehet\u0151s\u00e9gr\u0151l sz\u00f3l, amelyet ki\u00fatnak nevez\u00fcnk. B\u00e1rmilyen m\u00e9lyre ess\u00fcnk is b\u0171neinkben, lehet\u0151s\u00e9g\u00fcnk van \u00fajrakezdeni, talpra \u00e1llni. Ez is h\u00fasv\u00e9t \u00f6r\u00f6mh\u00edr\u00e9nek aj\u00e1nd\u00e9ka sz\u00e1munkra.<\/em><\/span><\/p>\n<p><span style=\"color: #ff6600;\"><em><strong>Az evang\u00e9lium<\/strong> azokr\u00f3l az emmauszi tan\u00edtv\u00e1nyokr\u00f3l sz\u00f3l, akik m\u00e1r tal\u00e1lkoztak a felt\u00e1madt Krisztussal. \u00c9rdemes megfigyelni, hogy f\u00e9lelm\u00fck nem t\u0171nik el egyik pillanatr\u00f3l a m\u00e1sikra. Hiszen a f\u00e9lelem \u00e9rz\u00e9se \u00e9s a benne l\u00e9v\u0151 bizonytalans\u00e1g minden ember \u00e9let\u00e9nek \u00e1lland\u00f3 k\u00eds\u00e9r\u0151je. M\u00e1sr\u00e9szt az ism\u00e9telt tal\u00e1lkoz\u00e1s a felt\u00e1madt Krisztussal k\u00f6rvonalazza feladataikat:\u00a0 \u201eMeg van \u00edrva, hogy a Messi\u00e1snak szenvednie kell, \u00e9s harmadnap fel kell t\u00e1madnia a hal\u00e1lb\u00f3l. Nev\u00e9ben megt\u00e9r\u00e9st \u00e9s b\u0171nbocs\u00e1natot kell hirdetni Jeruzs\u00e1lemt\u0151l kezdve minden n\u00e9pnek. <strong>Ti tan\u00fai vagytok ezeknek.<\/strong> \u00c9n meg ki\u00e1rasztom r\u00e1tok Aty\u00e1m \u00edg\u00e9ret\u00e9t.\u201d<\/em><\/span><\/p>\n<p><span style=\"color: #ff6600;\">Kezd\u0151\u00e9nek:<\/span><br \/>\nUjjongjatok Istennek, minden f\u00f6ldek, mondjatok nev\u00e9nek \u00e9neket, dics\u0151s\u00e9g\u00e9t dics\u00e9rve zengj\u00e9tek, alleluja! (V\u00f6. Zsolt 65,1-2)<\/p>\n<p><span style=\"color: #ff6600;\">K\u00f6ny\u00f6rg\u00e9s:<\/span><br \/>\nIsten\u00fcnk, te \u00fagy akartad, hogy n\u00e9ped sz\u00fcntelen\u00fcl vigadozz\u00e9k, mert visszaadtad lelke fiatals\u00e1g\u00e1t. Engedd, hogy akik most a fogadott fi\u00fas\u00e1g dics\u0151s\u00e9g\u00e9nek \u00f6rvendeznek, a biztos rem\u00e9ny \u00f6r\u00f6m\u00e9vel v\u00e1rj\u00e1k a felt\u00e1mad\u00e1s napj\u00e1t. A mi Urunk, J\u00e9zus Krisztus, a te Fiad \u00e1ltal, aki veled \u00e9l \u00e9s uralkodik a Szentl\u00e9lekkel egys\u00e9gben, Isten mind\u00f6r\u00f6kk\u00f6n \u00f6r\u00f6kk\u00e9.<\/p>\n<p align=\"justify\"><span style=\"color: #ff6600;\">OLVASM\u00c1NY az Apostolok Cselekedeteib\u0151l (ApCsel 3,13-15.17-19)<\/span><br \/>\nAzokban a napokban P\u00e9ter \u00edgy besz\u00e9lt a n\u00e9phez: \u00c1brah\u00e1m, Izs\u00e1k \u00e9s J\u00e1kob Istene, aty\u00e1ink Istene megdics\u0151\u00edtette Szolg\u00e1j\u00e1t, J\u00e9zust, akit ti kiszolg\u00e1ltattatok \u00e9s megtagadtatok Pil\u00e1tus sz\u00edne el\u0151tt, noha \u0151 \u00fagy hat\u00e1rozott, hogy szabadon bocs\u00e1tja. Ti azonban megtagadt\u00e1tok a Szentet \u00e9s az Igazat, \u00e9s (Pil\u00e1tust) arra k\u00e9rt\u00e9tek, hogy a gyilkosnak kegyelmezzen, az \u00e9let Fejedelm\u00e9t pedig meg\u00f6lt\u00e9tek. Isten azonban felt\u00e1masztotta \u0151t a hal\u00e1lb\u00f3l, \u00e9s ennek mi tan\u00fai vagyunk. Tudom, testv\u00e9rek, hogy csak tudatlans\u00e1gb\u00f3l cselekedt\u00e9tek, amit tettetek, ahogy vezet\u0151itek is. Isten azonban \u00edgy teljes\u00edtette be, amit minden pr\u00f3f\u00e9t\u00e1j\u00e1nak sz\u00e1j\u00e1val hirdetett: hogy az \u0151 F\u00f6lkentj\u00e9nek szenvednie kell. Tartsatok h\u00e1t b\u0171nb\u00e1natot, \u00e9s t\u00e9rjetek meg, hogy b\u0171neitek bocs\u00e1natot nyerjenek.<br \/>\nEz az Isten ig\u00e9je.<\/p>\n<p align=\"justify\"><span style=\"color: #ff6600;\">V\u00c1LASZOS ZSOLT\u00c1R (Zsolt 4,2.4.7.9)<\/span><br \/>\nV\u00e1lasz:\u00a0<strong>Ragyog<u>tasd<\/u>\u00a0r\u00e1nk, Uram, * arcod f\u00e9nyess\u00e9<u>g\u00e9t<\/u>!<\/strong>\u00a0(4g. t\u00f3nus.)<br \/>\nVagy:\u00a0<strong>Alleluja.<\/strong>\u00a04. sz\u00e1m.<br \/>\nEl\u0151\u00e9nekes: Mid\u0151n seg\u00edt<u>s\u00e9<\/u>g\u00fcl h\u00edvtalak, * meghallgatt\u00e1l engem, igazs\u00e1gom Is<u>te<\/u>ne.<br \/>\nSzorult helyzetemben megseg\u00ed<u>tet<\/u>t\u00e9l engem; * k\u00f6ny\u00f6r\u00fclj rajtam, \u00e9s hallgasd meg i<u>m\u00e1<\/u>mat.<br \/>\nH\u00edvek:\u00a0<strong>Ragyog<u>tasd<\/u>\u00a0r\u00e1nk, Uram, * arcod f\u00e9nyess\u00e9<u>g\u00e9t<\/u>!<\/strong><br \/>\nVagy:\u00a0<strong>Alleluja.<\/strong><br \/>\nE: Tudj\u00e1tok\u00a0<u>meg<\/u>: \u2020 Az \u00dar csod\u00e1san meg<u>men<\/u>ti h\u00edv\u00e9t; * meghallgat az \u00dar, ha hozz\u00e1 ki<u>\u00e1l<\/u>tok.<br \/>\nH:\u00a0<strong>Ragyog<u>tasd<\/u>\u00a0r\u00e1nk, Uram, * arcod f\u00e9nyess\u00e9<u>g\u00e9t<\/u>!<\/strong><br \/>\nVagy:\u00a0<strong>Alleluja.<\/strong><br \/>\nE: Mondj\u00e1k so<u>kan<\/u>: \u2020 \u201eKi r\u00e9szes\u00edt\u00a0<u>j\u00f3<\/u>ban minket?\u201d * Ragyogtasd r\u00e1nk, Uram, arcod f\u00e9nyess\u00e9<u>g\u00e9t<\/u>!<br \/>\nH:\u00a0<strong>Ragyog<u>tasd<\/u>\u00a0r\u00e1nk, Uram, * arcod f\u00e9nyess\u00e9<u>g\u00e9t<\/u>!<\/strong><br \/>\nVagy:\u00a0<strong>Alleluja.<\/strong><br \/>\nE: Alig t\u00e9rek nyugov\u00f3ra, b\u00e9<u>k\u00e9<\/u>ben elalszom, * mert egyed\u00fcl te adsz n\u00e9kem biztons\u00e1got, U<u>ram<\/u>.<br \/>\nH:\u00a0<strong>Ragyog<u>tasd<\/u>\u00a0r\u00e1nk, Uram, * arcod f\u00e9nyess\u00e9<u>g\u00e9t<\/u>!<\/strong><br \/>\nVagy:\u00a0<strong>Alleluja.<\/strong><\/p>\n<p align=\"justify\"><span style=\"color: #ff6600;\">SZENTLECKE Szent J\u00e1nos apostol els\u0151 level\u00e9b\u0151l (1Jn 2,1-5a)<\/span><br \/>\nGyermekeim! Ezeket az\u00e9rt \u00edrom, hogy ne k\u00f6vessetek el b\u0171nt. De ha valaki b\u0171nbe esik, van sz\u00f3sz\u00f3l\u00f3nk az Aty\u00e1n\u00e1l: J\u00e9zus Krisztus, az Igaz. \u0150 az engesztel\u0151 \u00e1ldozat b\u0171neink\u00e9rt, nemcsak a mieink\u00e9rt, hanem az eg\u00e9sz vil\u00e1g b\u0171nei\u00e9rt is.<br \/>\nAbb\u00f3l tudjuk meg, hogy megismert\u00fck, ha megtartjuk parancsait. Aki azt mondja: \u201eismerem\u201d, de parancsait nem tartja meg, az hazudik, \u00e9s nincs meg benne az igazs\u00e1g. De aki megtartja tan\u00edt\u00e1s\u00e1t, abban az Isten szeretete val\u00f3ban t\u00f6k\u00e9letes.<br \/>\nEz az Isten ig\u00e9je.<\/p>\n<p align=\"justify\"><span style=\"color: #ff6600;\">ALLELUJA<\/span><br \/>\nUrunk, J\u00e9zus, t\u00e1rd fel nek\u00fcnk az \u00cdr\u00e1sok \u00e9rtelm\u00e9t! * Hadd l\u00e1ngoljon a sz\u00edv\u00fcnk, mid\u0151n tan\u00edtasz minket! (Lk 24,32 \u2013 6. t\u00f3nus.)<\/p>\n<p align=\"justify\"><span style=\"color: #ff6600;\">\u2020 EVANG\u00c9LIUM Szent Luk\u00e1cs k\u00f6nyv\u00e9b\u0151l (Lk 24,35-48)<\/span><br \/>\nAbban az id\u0151ben: Az (Emmauszb\u00f3l visszat\u00e9rt) tan\u00edtv\u00e1nyok besz\u00e1moltak az \u00faton t\u00f6rt\u00e9ntekr\u0151l, meg arr\u00f3l, hogyan ismert\u00e9k fel J\u00e9zust a keny\u00e9rt\u00f6r\u00e9skor. M\u00edg ezekr\u0151l besz\u00e9lgettek, egyszer csak megjelent k\u00f6zt\u00fck (J\u00e9zus), \u00e9s k\u00f6sz\u00f6nt\u00f6tte \u0151ket: \u201eB\u00e9kess\u00e9g nektek!\u201d Ijedt\u00fckben \u00e9s f\u00e9lelm\u00fckben azt v\u00e9lt\u00e9k, hogy szellemet l\u00e1tnak. De \u0151 \u00edgy sz\u00f3lt hozz\u00e1juk: \u201eMi\u00e9rt ijedtetek meg, \u00e9s mi\u00e9rt t\u00e1mad k\u00e9tely a sz\u00edvetekben? N\u00e9zz\u00e9tek meg kezemet \u00e9s l\u00e1bamat! \u00c9n vagyok. Tapintsatok meg \u00e9s l\u00e1ss\u00e1tok! A szellemnek nincs h\u00fasa \u00e9s csontja, de amint l\u00e1tj\u00e1tok, nekem van.\u201d Ezut\u00e1n megmutatta nekik a kez\u00e9t \u00e9s a l\u00e1b\u00e1t. De \u00f6r\u00f6m\u00fckben m\u00e9g mindig nem mertek hinni, \u00e9s csod\u00e1lkoztak. Ez\u00e9rt \u00edgy sz\u00f3lt hozz\u00e1juk: \u201eVan itt valami ennival\u00f3tok?\u201d Adtak neki egy darab s\u00fclt halat. Fogta \u00e9s a szem\u00fck l\u00e1tt\u00e1ra evett bel\u0151le.<br \/>\nAzt\u00e1n \u00edgy sz\u00f3lt hozz\u00e1juk: \u201eEzeket mondtam nektek, amikor m\u00e9g veletek voltam. Be kell teljesednie mindannak, amit r\u00f3lam M\u00f3zes t\u00f6rv\u00e9ny\u00e9ben, a pr\u00f3f\u00e9t\u00e1kban \u00e9s a zsolt\u00e1rokban \u00edrtak.\u201d Ekkor megnyitotta \u00e9rtelm\u00fcket, hogy meg\u00e9rts\u00e9k az \u00cdr\u00e1sokat. Majd \u00edgy folytatta: \u201eMeg van \u00edrva, hogy a Messi\u00e1snak szenvednie kell, \u00e9s harmadnap fel kell t\u00e1madnia a hal\u00e1lb\u00f3l. Nev\u00e9ben megt\u00e9r\u00e9st \u00e9s b\u0171nbocs\u00e1natot kell hirdetni Jeruzs\u00e1lemt\u0151l kezdve minden n\u00e9pnek. Ti tan\u00fai vagytok ezeknek. \u00c9n meg ki\u00e1rasztom r\u00e1tok Aty\u00e1m \u00edg\u00e9ret\u00e9t.\u201d<br \/>\nEzek az evang\u00e9lium ig\u00e9i.<\/p>\n<p><span style=\"color: #ff6600;\">EGYETEMES K\u00d6NY\u00d6RG\u00c9SEK<\/span><br \/>\nPap: Testv\u00e9reim, k\u00e9rj\u00fck Urunkat, a felt\u00e1madt Krisztust, vil\u00e1g\u00edtsa meg \u00e9rtelm\u00fcnket, hogy meg\u00e9rts\u00fck tan\u00edt\u00e1s\u00e1t, \u00e9s b\u0171n n\u00e9lk\u00fcl \u00e9lj\u00fcnk!<br \/>\nLektor:<br \/>\n1. \u00c1raszd, Urunk, Egyh\u00e1zadra a meg\u00edg\u00e9rt Szentlelket, hogy hathat\u00f3san tan\u00faskodjunk felt\u00e1mad\u00e1sodr\u00f3l!<br \/>\nH\u00edvek: K\u00e9r\u00fcnk T\u00e9ged, hallgass meg minket!<br \/>\n2. Add kegyelmedet, Urunk, hogy a nemzetek megtarts\u00e1k parancsaidat, \u00e9s igazs\u00e1gban \u00e9ljenek!<br \/>\nH\u00edvek: K\u00e9r\u00fcnk T\u00e9ged, hallgass meg minket!<br \/>\n3. Tedd, Urunk, tart\u00f3ss\u00e1 benn\u00fcnk h\u00fasv\u00e9ti engesztel\u0151 \u00e1ldozatod gy\u00fcm\u00f6lcs\u00e9t, a kegyelmi \u00e9letet!<br \/>\nH\u00edvek: K\u00e9r\u00fcnk T\u00e9ged, hallgass meg minket!<br \/>\n4. Seg\u00edts minket, Urunk, hogy tan\u00edt\u00e1sodat megtartsuk, \u00e9s \u00edgy t\u00f6k\u00e9letes legyen benn\u00fcnk az Isten szeretete!<br \/>\nH\u00edvek: K\u00e9r\u00fcnk T\u00e9ged, hallgass meg minket!<br \/>\n5. Vezesd el, Urunk, a k\u00e9sleked\u0151ket is az igaz b\u0171nb\u00e1natra!<br \/>\nH\u00edvek: K\u00e9r\u00fcnk T\u00e9ged, hallgass meg minket!<br \/>\nPap: Urunk, J\u00e9zus Krisztus! Hal\u00e1lod \u00e9s felt\u00e1mad\u00e1sod megt\u00f6rte a b\u0171n hatalm\u00e1t. K\u00e9r\u00fcnk, er\u0151s\u00edtsd h\u00edveidet kegyelmeddel, hogy b\u0171ntelen \u00e9lettel tegyenek tan\u00fas\u00e1got r\u00f3lad! Aki \u00e9lsz \u00e9s uralkodol mind\u00f6r\u00f6kk\u00f6n-\u00f6r\u00f6kk\u00e9.<br \/>\nH\u00edvek: \u00c1men.<\/p>\n<p><span style=\"color: #ff6600;\">Felaj\u00e1nl\u00f3 k\u00f6ny\u00f6rg\u00e9s:<\/span><br \/>\nK\u00e9r\u00fcnk, Isten\u00fcnk, fogadd el ezeket az adom\u00e1nyokat ujjong\u00f3 Egyh\u00e1zadt\u00f3l, amelynek most ilyen nagy \u00f6r\u00f6met okozt\u00e1l. Add, hogy egykor az \u00f6r\u00f6k boldogs\u00e1got is \u00e9lvezze. Krisztus, a mi Urunk \u00e1ltal.<\/p>\n<p><span style=\"color: #ff6600;\">Pref\u00e1ci\u00f3:<\/span><\/p>\n<p>Az \u00dar legyen veletek.<br \/>\nH.: \u00c9s a te lelkeddel.<br \/>\nEmelj\u00fck f\u00f6l sz\u00edv\u00fcnket.<br \/>\nH.: F\u00f6lemelt\u00fck az \u00darhoz.<br \/>\nAdjunk h\u00e1l\u00e1t Urunknak, Isten\u00fcnknek.<br \/>\nH.: M\u00e9lt\u00f3 \u00e9s igazs\u00e1gos.<br \/>\n(Mert) Val\u00f3ban m\u00e9lt\u00f3 \u00e9s igazs\u00e1gos, ill\u0151 \u00e9s \u00fcdv\u00f6s, hogy minden id\u0151ben magasztaljunk, Urunk, t\u00e9ged, de k\u00fcl\u00f6n\u00f6sen ezen a szent \u00fcnnepen, \u2013 mid\u0151n \u00e1ldozatt\u00e1 lett \u00e9rt\u00fcnk KRISZtus, a H\u00fasv\u00e9ti B\u00e1r\u00e1ny.<br \/>\nMert \u0151 az igazi B\u00e1r\u00e1ny, aki elvette a vil\u00e1g b\u0171neit, \u2013 hal\u00e1lunkat hal\u00e1l\u00e1val MEGt\u00f6rte, \u00e9s felt\u00e1mad\u00e1s\u00e1val \u00faj \u00e9letet szerzett n\u00e9k\u00fcnk.<br \/>\nA h\u00fasv\u00e9ti \u00f6r\u00f6m ez\u00e9rt ki\u00e1rad az eg\u00e9sz f\u00f6ldre, a nagyvil\u00e1g \u00f6rvendezve ujjong, a mennyei er\u0151k \u00e9s a hatalmas angyalok, \u2013 (a te) dics\u0151s\u00e9ged himnusz\u00e1t ZENgik, \u00e9s v\u00e9g n\u00e9lk\u00fcl mondj\u00e1k (\u00e9neklik):<\/p>\n<p><span style=\"color: #ff6600;\">\u00c1ldoz\u00e1si \u00e9nek:<\/span><br \/>\nSzenvednie kellett Krisztusnak, \u00e9s harmadnap felt\u00e1madnia a hal\u00e1lb\u00f3l, nev\u00e9ben megt\u00e9r\u00e9st kell hirdetni, \u00e9s b\u00fcnbocs\u00e1natot minden n\u00e9pnek, alleluja! (Lk 24,46-47)<\/p>\n<p><span style=\"color: #ff6600;\">\u00c1ldoz\u00e1s ut\u00e1ni k\u00f6ny\u00f6rg\u00e9s:<\/span><br \/>\nUrunk, Isten\u00fcnk, tekints j\u00f3s\u00e1gosan n\u00e9pedre, \u00e9s akiket \u00f6r\u00f6k \u00e9letre sz\u00f3l\u00f3 szents\u00e9geiddel meg\u00faj\u00edtott\u00e1l, azokat juttasd el a megdics\u0151\u00fcl\u0151 test romolhatatlan felt\u00e1mad\u00e1s\u00e1ra. Krisztus, a mi Urunk \u00e1ltal.<\/p>\n<p><em>(Eislingen &#8211; Emmauszi tan\u00edtv\u00e1nyok)<\/em><\/p>\n","protected":false},"excerpt":{"rendered":"<p>A tan\u00fas\u00e1gt\u00e9tel vas\u00e1rnapja A tan\u00fas\u00e1gt\u00e9tel (g\u00f6r\u00f6g: mart\u00fcrion, latin: testimonium) eredetileg jogi fogalom. A Szent\u00edr\u00e1sban pedig ennek vall\u00e1si tartalm\u00e1val ismerkedhet\u00fcnk meg. Az olvasm\u00e1ny annak a P\u00e9ter apostolnak tan\u00fas\u00e1gt\u00e9tel\u00e9r\u0151l sz\u00f3l, aki f\u00e9lelemb\u0151l m\u00e9g megtagadja J\u00e9zus Krisztust. A felt\u00e1madottal val\u00f3 t\u00f6bbsz\u00f6ri tal\u00e1lkoz\u00e1sa mer\u0151ben megv\u00e1ltoztatja \u0151t. Most b\u00e1tran tan\u00fas\u00e1got tesz hit\u00e9r\u0151l. &#8222;\u00c9s ennek mi tan\u00fai vagyunk.&#8221; &#8211; milyen er\u0151 van ebben a mondatban. A szentlecke arr\u00f3l a lehet\u0151s\u00e9gr\u0151l sz\u00f3l, amelyet ki\u00fatnak nevez\u00fcnk. B\u00e1rmilyen m\u00e9lyre ess\u00fcnk is b\u0171neinkben, lehet\u0151s\u00e9g\u00fcnk van \u00fajrakezdeni, talpra \u00e1llni. Ez is h\u00fasv\u00e9t \u00f6r\u00f6mh\u00edr\u00e9nek aj\u00e1nd\u00e9ka sz\u00e1munkra. Az evang\u00e9lium azokr\u00f3l az emmauszi tan\u00edtv\u00e1nyokr\u00f3l sz\u00f3l, akik m\u00e1r tal\u00e1lkoztak a felt\u00e1madt Krisztussal. \u00c9rdemes megfigyelni, hogy f\u00e9lelm\u00fck nem t\u0171nik el egyik pillanatr\u00f3l a m\u00e1sikra. Hiszen a f\u00e9lelem \u00e9rz\u00e9se \u00e9s a benne l\u00e9v\u0151 bizonytalans\u00e1g minden ember \u00e9let\u00e9nek \u00e1lland\u00f3 k\u00eds\u00e9r\u0151je. M\u00e1sr\u00e9szt az ism\u00e9telt tal\u00e1lkoz\u00e1s a felt\u00e1madt Krisztussal k\u00f6rvonalazza feladataikat:\u00a0 \u201eMeg van \u00edrva, hogy a Messi\u00e1snak szenvednie kell, \u00e9s harmadnap fel kell t\u00e1madnia a hal\u00e1lb\u00f3l. Nev\u00e9ben megt\u00e9r\u00e9st \u00e9s b\u0171nbocs\u00e1natot kell hirdetni Jeruzs\u00e1lemt\u0151l kezdve minden n\u00e9pnek. Ti tan\u00fai vagytok ezeknek. \u00c9n meg ki\u00e1rasztom r\u00e1tok Aty\u00e1m \u00edg\u00e9ret\u00e9t.\u201d Kezd\u0151\u00e9nek: Ujjongjatok Istennek, minden f\u00f6ldek, mondjatok nev\u00e9nek \u00e9neket, dics\u0151s\u00e9g\u00e9t dics\u00e9rve zengj\u00e9tek, alleluja! (V\u00f6. Zsolt 65,1-2) K\u00f6ny\u00f6rg\u00e9s: Isten\u00fcnk, te \u00fagy akartad, hogy n\u00e9ped sz\u00fcntelen\u00fcl vigadozz\u00e9k, mert visszaadtad lelke fiatals\u00e1g\u00e1t. Engedd, hogy akik most a fogadott fi\u00fas\u00e1g dics\u0151s\u00e9g\u00e9nek \u00f6rvendeznek, a biztos rem\u00e9ny \u00f6r\u00f6m\u00e9vel v\u00e1rj\u00e1k a felt\u00e1mad\u00e1s napj\u00e1t. A mi Urunk, J\u00e9zus Krisztus, a te Fiad \u00e1ltal, aki veled \u00e9l \u00e9s uralkodik a Szentl\u00e9lekkel egys\u00e9gben, Isten mind\u00f6r\u00f6kk\u00f6n \u00f6r\u00f6kk\u00e9. OLVASM\u00c1NY az Apostolok Cselekedeteib\u0151l (ApCsel 3,13-15.17-19) Azokban a napokban P\u00e9ter \u00edgy besz\u00e9lt a n\u00e9phez: \u00c1brah\u00e1m, Izs\u00e1k \u00e9s J\u00e1kob Istene, aty\u00e1ink Istene megdics\u0151\u00edtette Szolg\u00e1j\u00e1t, J\u00e9zust, akit ti kiszolg\u00e1ltattatok \u00e9s megtagadtatok Pil\u00e1tus sz\u00edne el\u0151tt, noha \u0151 \u00fagy hat\u00e1rozott, hogy szabadon bocs\u00e1tja. Ti azonban megtagadt\u00e1tok a Szentet \u00e9s az Igazat, \u00e9s (Pil\u00e1tust) arra k\u00e9rt\u00e9tek, hogy a gyilkosnak kegyelmezzen, az \u00e9let Fejedelm\u00e9t pedig meg\u00f6lt\u00e9tek. Isten azonban felt\u00e1masztotta \u0151t a hal\u00e1lb\u00f3l, \u00e9s ennek mi&#8230; <\/p>\n<p><a class=\"readmore\" href=\"https:\/\/stuttgarti-katolikusok.de\/index.php\/husvet-3-vasarnapja-2\/\">R\u00e9szletek<\/a><\/p>\n","protected":false},"author":3,"featured_media":26677,"comment_status":"closed","ping_status":"closed","sticky":false,"template":"","format":"standard","meta":{"footnotes":""},"categories":[85,24],"tags":[],"class_list":["post-28763","post","type-post","status-publish","format-standard","has-post-thumbnail","hentry","category-a-liturgia-olvasmanyai","category-gondolatok"],"yoast_head":"<!-- This site is optimized with the Yoast SEO plugin v27.3 - https:\/\/yoast.com\/product\/yoast-seo-wordpress\/ -->\n<title>H\u00fasv\u00e9t 3. vas\u00e1rnapja - Stuttgarti Katolikusok<\/title>\n<meta name=\"robots\" content=\"index, follow, max-snippet:-1, max-image-preview:large, max-video-preview:-1\" \/>\n<link rel=\"canonical\" href=\"https:\/\/stuttgarti-katolikusok.de\/index.php\/husvet-3-vasarnapja-2\/\" \/>\n<meta property=\"og:locale\" content=\"hu_HU\" \/>\n<meta property=\"og:type\" content=\"article\" \/>\n<meta property=\"og:title\" content=\"H\u00fasv\u00e9t 3. vas\u00e1rnapja - Stuttgarti Katolikusok\" \/>\n<meta property=\"og:description\" content=\"A tan\u00fas\u00e1gt\u00e9tel vas\u00e1rnapja A tan\u00fas\u00e1gt\u00e9tel (g\u00f6r\u00f6g: mart\u00fcrion, latin: testimonium) eredetileg jogi fogalom. A Szent\u00edr\u00e1sban pedig ennek vall\u00e1si tartalm\u00e1val ismerkedhet\u00fcnk meg. Az olvasm\u00e1ny annak a P\u00e9ter apostolnak tan\u00fas\u00e1gt\u00e9tel\u00e9r\u0151l sz\u00f3l, aki f\u00e9lelemb\u0151l m\u00e9g megtagadja J\u00e9zus Krisztust. A felt\u00e1madottal val\u00f3 t\u00f6bbsz\u00f6ri tal\u00e1lkoz\u00e1sa mer\u0151ben megv\u00e1ltoztatja \u0151t. Most b\u00e1tran tan\u00fas\u00e1got tesz hit\u00e9r\u0151l. &#8222;\u00c9s ennek mi tan\u00fai vagyunk.&#8221; &#8211; milyen er\u0151 van ebben a mondatban. A szentlecke arr\u00f3l a lehet\u0151s\u00e9gr\u0151l sz\u00f3l, amelyet ki\u00fatnak nevez\u00fcnk. B\u00e1rmilyen m\u00e9lyre ess\u00fcnk is b\u0171neinkben, lehet\u0151s\u00e9g\u00fcnk van \u00fajrakezdeni, talpra \u00e1llni. Ez is h\u00fasv\u00e9t \u00f6r\u00f6mh\u00edr\u00e9nek aj\u00e1nd\u00e9ka sz\u00e1munkra. Az evang\u00e9lium azokr\u00f3l az emmauszi tan\u00edtv\u00e1nyokr\u00f3l sz\u00f3l, akik m\u00e1r tal\u00e1lkoztak a felt\u00e1madt Krisztussal. \u00c9rdemes megfigyelni, hogy f\u00e9lelm\u00fck nem t\u0171nik el egyik pillanatr\u00f3l a m\u00e1sikra. Hiszen a f\u00e9lelem \u00e9rz\u00e9se \u00e9s a benne l\u00e9v\u0151 bizonytalans\u00e1g minden ember \u00e9let\u00e9nek \u00e1lland\u00f3 k\u00eds\u00e9r\u0151je. M\u00e1sr\u00e9szt az ism\u00e9telt tal\u00e1lkoz\u00e1s a felt\u00e1madt Krisztussal k\u00f6rvonalazza feladataikat:\u00a0 \u201eMeg van \u00edrva, hogy a Messi\u00e1snak szenvednie kell, \u00e9s harmadnap fel kell t\u00e1madnia a hal\u00e1lb\u00f3l. Nev\u00e9ben megt\u00e9r\u00e9st \u00e9s b\u0171nbocs\u00e1natot kell hirdetni Jeruzs\u00e1lemt\u0151l kezdve minden n\u00e9pnek. Ti tan\u00fai vagytok ezeknek. \u00c9n meg ki\u00e1rasztom r\u00e1tok Aty\u00e1m \u00edg\u00e9ret\u00e9t.\u201d Kezd\u0151\u00e9nek: Ujjongjatok Istennek, minden f\u00f6ldek, mondjatok nev\u00e9nek \u00e9neket, dics\u0151s\u00e9g\u00e9t dics\u00e9rve zengj\u00e9tek, alleluja! (V\u00f6. Zsolt 65,1-2) K\u00f6ny\u00f6rg\u00e9s: Isten\u00fcnk, te \u00fagy akartad, hogy n\u00e9ped sz\u00fcntelen\u00fcl vigadozz\u00e9k, mert visszaadtad lelke fiatals\u00e1g\u00e1t. Engedd, hogy akik most a fogadott fi\u00fas\u00e1g dics\u0151s\u00e9g\u00e9nek \u00f6rvendeznek, a biztos rem\u00e9ny \u00f6r\u00f6m\u00e9vel v\u00e1rj\u00e1k a felt\u00e1mad\u00e1s napj\u00e1t. A mi Urunk, J\u00e9zus Krisztus, a te Fiad \u00e1ltal, aki veled \u00e9l \u00e9s uralkodik a Szentl\u00e9lekkel egys\u00e9gben, Isten mind\u00f6r\u00f6kk\u00f6n \u00f6r\u00f6kk\u00e9. OLVASM\u00c1NY az Apostolok Cselekedeteib\u0151l (ApCsel 3,13-15.17-19) Azokban a napokban P\u00e9ter \u00edgy besz\u00e9lt a n\u00e9phez: \u00c1brah\u00e1m, Izs\u00e1k \u00e9s J\u00e1kob Istene, aty\u00e1ink Istene megdics\u0151\u00edtette Szolg\u00e1j\u00e1t, J\u00e9zust, akit ti kiszolg\u00e1ltattatok \u00e9s megtagadtatok Pil\u00e1tus sz\u00edne el\u0151tt, noha \u0151 \u00fagy hat\u00e1rozott, hogy szabadon bocs\u00e1tja. Ti azonban megtagadt\u00e1tok a Szentet \u00e9s az Igazat, \u00e9s (Pil\u00e1tust) arra k\u00e9rt\u00e9tek, hogy a gyilkosnak kegyelmezzen, az \u00e9let Fejedelm\u00e9t pedig meg\u00f6lt\u00e9tek. Isten azonban felt\u00e1masztotta \u0151t a hal\u00e1lb\u00f3l, \u00e9s ennek mi... R\u00e9szletek\" \/>\n<meta property=\"og:url\" content=\"https:\/\/stuttgarti-katolikusok.de\/index.php\/husvet-3-vasarnapja-2\/\" \/>\n<meta property=\"og:site_name\" content=\"Stuttgarti Katolikusok\" \/>\n<meta property=\"article:published_time\" content=\"2024-04-13T09:18:01+00:00\" \/>\n<meta property=\"og:image\" content=\"https:\/\/stuttgarti-katolikusok.de\/wp-content\/uploads\/2023\/04\/eislingen-emmausz.jpg\" \/>\n\t<meta property=\"og:image:width\" content=\"1976\" \/>\n\t<meta property=\"og:image:height\" content=\"1100\" \/>\n\t<meta property=\"og:image:type\" content=\"image\/jpeg\" \/>\n<meta name=\"author\" content=\"Tibor atya\" \/>\n<meta name=\"twitter:card\" content=\"summary_large_image\" \/>\n<meta name=\"twitter:label1\" content=\"Szerz\u0151:\" \/>\n\t<meta name=\"twitter:data1\" content=\"Tibor atya\" \/>\n\t<meta name=\"twitter:label2\" content=\"Becs\u00fclt olvas\u00e1si id\u0151\" \/>\n\t<meta name=\"twitter:data2\" content=\"7 perc\" \/>\n<script type=\"application\/ld+json\" class=\"yoast-schema-graph\">{\"@context\":\"https:\\\/\\\/schema.org\",\"@graph\":[{\"@type\":\"Article\",\"@id\":\"https:\\\/\\\/stuttgarti-katolikusok.de\\\/index.php\\\/husvet-3-vasarnapja-2\\\/#article\",\"isPartOf\":{\"@id\":\"https:\\\/\\\/stuttgarti-katolikusok.de\\\/index.php\\\/husvet-3-vasarnapja-2\\\/\"},\"author\":{\"name\":\"Tibor atya\",\"@id\":\"https:\\\/\\\/stuttgarti-katolikusok.de\\\/#\\\/schema\\\/person\\\/75908d6f8fdc03a57889d27209df7795\"},\"headline\":\"H\u00fasv\u00e9t 3. vas\u00e1rnapja\",\"datePublished\":\"2024-04-13T09:18:01+00:00\",\"mainEntityOfPage\":{\"@id\":\"https:\\\/\\\/stuttgarti-katolikusok.de\\\/index.php\\\/husvet-3-vasarnapja-2\\\/\"},\"wordCount\":1654,\"image\":{\"@id\":\"https:\\\/\\\/stuttgarti-katolikusok.de\\\/index.php\\\/husvet-3-vasarnapja-2\\\/#primaryimage\"},\"thumbnailUrl\":\"https:\\\/\\\/stuttgarti-katolikusok.de\\\/wp-content\\\/uploads\\\/2023\\\/04\\\/eislingen-emmausz.jpg\",\"articleSection\":[\"A liturgia olvasm\u00e1nyai\",\"Gondolatok\"],\"inLanguage\":\"hu\"},{\"@type\":\"WebPage\",\"@id\":\"https:\\\/\\\/stuttgarti-katolikusok.de\\\/index.php\\\/husvet-3-vasarnapja-2\\\/\",\"url\":\"https:\\\/\\\/stuttgarti-katolikusok.de\\\/index.php\\\/husvet-3-vasarnapja-2\\\/\",\"name\":\"H\u00fasv\u00e9t 3. vas\u00e1rnapja - Stuttgarti Katolikusok\",\"isPartOf\":{\"@id\":\"https:\\\/\\\/stuttgarti-katolikusok.de\\\/#website\"},\"primaryImageOfPage\":{\"@id\":\"https:\\\/\\\/stuttgarti-katolikusok.de\\\/index.php\\\/husvet-3-vasarnapja-2\\\/#primaryimage\"},\"image\":{\"@id\":\"https:\\\/\\\/stuttgarti-katolikusok.de\\\/index.php\\\/husvet-3-vasarnapja-2\\\/#primaryimage\"},\"thumbnailUrl\":\"https:\\\/\\\/stuttgarti-katolikusok.de\\\/wp-content\\\/uploads\\\/2023\\\/04\\\/eislingen-emmausz.jpg\",\"datePublished\":\"2024-04-13T09:18:01+00:00\",\"author\":{\"@id\":\"https:\\\/\\\/stuttgarti-katolikusok.de\\\/#\\\/schema\\\/person\\\/75908d6f8fdc03a57889d27209df7795\"},\"breadcrumb\":{\"@id\":\"https:\\\/\\\/stuttgarti-katolikusok.de\\\/index.php\\\/husvet-3-vasarnapja-2\\\/#breadcrumb\"},\"inLanguage\":\"hu\",\"potentialAction\":[{\"@type\":\"ReadAction\",\"target\":[\"https:\\\/\\\/stuttgarti-katolikusok.de\\\/index.php\\\/husvet-3-vasarnapja-2\\\/\"]}]},{\"@type\":\"ImageObject\",\"inLanguage\":\"hu\",\"@id\":\"https:\\\/\\\/stuttgarti-katolikusok.de\\\/index.php\\\/husvet-3-vasarnapja-2\\\/#primaryimage\",\"url\":\"https:\\\/\\\/stuttgarti-katolikusok.de\\\/wp-content\\\/uploads\\\/2023\\\/04\\\/eislingen-emmausz.jpg\",\"contentUrl\":\"https:\\\/\\\/stuttgarti-katolikusok.de\\\/wp-content\\\/uploads\\\/2023\\\/04\\\/eislingen-emmausz.jpg\",\"width\":1976,\"height\":1100},{\"@type\":\"BreadcrumbList\",\"@id\":\"https:\\\/\\\/stuttgarti-katolikusok.de\\\/index.php\\\/husvet-3-vasarnapja-2\\\/#breadcrumb\",\"itemListElement\":[{\"@type\":\"ListItem\",\"position\":1,\"name\":\"Kezd\u0151lap\",\"item\":\"https:\\\/\\\/stuttgarti-katolikusok.de\\\/\"},{\"@type\":\"ListItem\",\"position\":2,\"name\":\"H\u00fasv\u00e9t 3. vas\u00e1rnapja\"}]},{\"@type\":\"WebSite\",\"@id\":\"https:\\\/\\\/stuttgarti-katolikusok.de\\\/#website\",\"url\":\"https:\\\/\\\/stuttgarti-katolikusok.de\\\/\",\"name\":\"Stuttgarti Katolikusok\",\"description\":\"\",\"potentialAction\":[{\"@type\":\"SearchAction\",\"target\":{\"@type\":\"EntryPoint\",\"urlTemplate\":\"https:\\\/\\\/stuttgarti-katolikusok.de\\\/?s={search_term_string}\"},\"query-input\":{\"@type\":\"PropertyValueSpecification\",\"valueRequired\":true,\"valueName\":\"search_term_string\"}}],\"inLanguage\":\"hu\"},{\"@type\":\"Person\",\"@id\":\"https:\\\/\\\/stuttgarti-katolikusok.de\\\/#\\\/schema\\\/person\\\/75908d6f8fdc03a57889d27209df7795\",\"name\":\"Tibor atya\",\"image\":{\"@type\":\"ImageObject\",\"inLanguage\":\"hu\",\"@id\":\"https:\\\/\\\/secure.gravatar.com\\\/avatar\\\/61d268e57d1f4525b111222e29d2d5a7f8c420fdbf231ba5566a8ceac74fa960?s=96&d=mm&r=g\",\"url\":\"https:\\\/\\\/secure.gravatar.com\\\/avatar\\\/61d268e57d1f4525b111222e29d2d5a7f8c420fdbf231ba5566a8ceac74fa960?s=96&d=mm&r=g\",\"contentUrl\":\"https:\\\/\\\/secure.gravatar.com\\\/avatar\\\/61d268e57d1f4525b111222e29d2d5a7f8c420fdbf231ba5566a8ceac74fa960?s=96&d=mm&r=g\",\"caption\":\"Tibor atya\"},\"url\":\"https:\\\/\\\/stuttgarti-katolikusok.de\\\/index.php\\\/author\\\/tibor-atya\\\/\"}]}<\/script>\n<!-- \/ Yoast SEO plugin. -->","yoast_head_json":{"title":"H\u00fasv\u00e9t 3. vas\u00e1rnapja - Stuttgarti Katolikusok","robots":{"index":"index","follow":"follow","max-snippet":"max-snippet:-1","max-image-preview":"max-image-preview:large","max-video-preview":"max-video-preview:-1"},"canonical":"https:\/\/stuttgarti-katolikusok.de\/index.php\/husvet-3-vasarnapja-2\/","og_locale":"hu_HU","og_type":"article","og_title":"H\u00fasv\u00e9t 3. vas\u00e1rnapja - Stuttgarti Katolikusok","og_description":"A tan\u00fas\u00e1gt\u00e9tel vas\u00e1rnapja A tan\u00fas\u00e1gt\u00e9tel (g\u00f6r\u00f6g: mart\u00fcrion, latin: testimonium) eredetileg jogi fogalom. A Szent\u00edr\u00e1sban pedig ennek vall\u00e1si tartalm\u00e1val ismerkedhet\u00fcnk meg. Az olvasm\u00e1ny annak a P\u00e9ter apostolnak tan\u00fas\u00e1gt\u00e9tel\u00e9r\u0151l sz\u00f3l, aki f\u00e9lelemb\u0151l m\u00e9g megtagadja J\u00e9zus Krisztust. A felt\u00e1madottal val\u00f3 t\u00f6bbsz\u00f6ri tal\u00e1lkoz\u00e1sa mer\u0151ben megv\u00e1ltoztatja \u0151t. Most b\u00e1tran tan\u00fas\u00e1got tesz hit\u00e9r\u0151l. &#8222;\u00c9s ennek mi tan\u00fai vagyunk.&#8221; &#8211; milyen er\u0151 van ebben a mondatban. A szentlecke arr\u00f3l a lehet\u0151s\u00e9gr\u0151l sz\u00f3l, amelyet ki\u00fatnak nevez\u00fcnk. B\u00e1rmilyen m\u00e9lyre ess\u00fcnk is b\u0171neinkben, lehet\u0151s\u00e9g\u00fcnk van \u00fajrakezdeni, talpra \u00e1llni. Ez is h\u00fasv\u00e9t \u00f6r\u00f6mh\u00edr\u00e9nek aj\u00e1nd\u00e9ka sz\u00e1munkra. Az evang\u00e9lium azokr\u00f3l az emmauszi tan\u00edtv\u00e1nyokr\u00f3l sz\u00f3l, akik m\u00e1r tal\u00e1lkoztak a felt\u00e1madt Krisztussal. \u00c9rdemes megfigyelni, hogy f\u00e9lelm\u00fck nem t\u0171nik el egyik pillanatr\u00f3l a m\u00e1sikra. Hiszen a f\u00e9lelem \u00e9rz\u00e9se \u00e9s a benne l\u00e9v\u0151 bizonytalans\u00e1g minden ember \u00e9let\u00e9nek \u00e1lland\u00f3 k\u00eds\u00e9r\u0151je. M\u00e1sr\u00e9szt az ism\u00e9telt tal\u00e1lkoz\u00e1s a felt\u00e1madt Krisztussal k\u00f6rvonalazza feladataikat:\u00a0 \u201eMeg van \u00edrva, hogy a Messi\u00e1snak szenvednie kell, \u00e9s harmadnap fel kell t\u00e1madnia a hal\u00e1lb\u00f3l. Nev\u00e9ben megt\u00e9r\u00e9st \u00e9s b\u0171nbocs\u00e1natot kell hirdetni Jeruzs\u00e1lemt\u0151l kezdve minden n\u00e9pnek. Ti tan\u00fai vagytok ezeknek. \u00c9n meg ki\u00e1rasztom r\u00e1tok Aty\u00e1m \u00edg\u00e9ret\u00e9t.\u201d Kezd\u0151\u00e9nek: Ujjongjatok Istennek, minden f\u00f6ldek, mondjatok nev\u00e9nek \u00e9neket, dics\u0151s\u00e9g\u00e9t dics\u00e9rve zengj\u00e9tek, alleluja! (V\u00f6. Zsolt 65,1-2) K\u00f6ny\u00f6rg\u00e9s: Isten\u00fcnk, te \u00fagy akartad, hogy n\u00e9ped sz\u00fcntelen\u00fcl vigadozz\u00e9k, mert visszaadtad lelke fiatals\u00e1g\u00e1t. Engedd, hogy akik most a fogadott fi\u00fas\u00e1g dics\u0151s\u00e9g\u00e9nek \u00f6rvendeznek, a biztos rem\u00e9ny \u00f6r\u00f6m\u00e9vel v\u00e1rj\u00e1k a felt\u00e1mad\u00e1s napj\u00e1t. A mi Urunk, J\u00e9zus Krisztus, a te Fiad \u00e1ltal, aki veled \u00e9l \u00e9s uralkodik a Szentl\u00e9lekkel egys\u00e9gben, Isten mind\u00f6r\u00f6kk\u00f6n \u00f6r\u00f6kk\u00e9. OLVASM\u00c1NY az Apostolok Cselekedeteib\u0151l (ApCsel 3,13-15.17-19) Azokban a napokban P\u00e9ter \u00edgy besz\u00e9lt a n\u00e9phez: \u00c1brah\u00e1m, Izs\u00e1k \u00e9s J\u00e1kob Istene, aty\u00e1ink Istene megdics\u0151\u00edtette Szolg\u00e1j\u00e1t, J\u00e9zust, akit ti kiszolg\u00e1ltattatok \u00e9s megtagadtatok Pil\u00e1tus sz\u00edne el\u0151tt, noha \u0151 \u00fagy hat\u00e1rozott, hogy szabadon bocs\u00e1tja. Ti azonban megtagadt\u00e1tok a Szentet \u00e9s az Igazat, \u00e9s (Pil\u00e1tust) arra k\u00e9rt\u00e9tek, hogy a gyilkosnak kegyelmezzen, az \u00e9let Fejedelm\u00e9t pedig meg\u00f6lt\u00e9tek. Isten azonban felt\u00e1masztotta \u0151t a hal\u00e1lb\u00f3l, \u00e9s ennek mi... R\u00e9szletek","og_url":"https:\/\/stuttgarti-katolikusok.de\/index.php\/husvet-3-vasarnapja-2\/","og_site_name":"Stuttgarti Katolikusok","article_published_time":"2024-04-13T09:18:01+00:00","og_image":[{"width":1976,"height":1100,"url":"https:\/\/stuttgarti-katolikusok.de\/wp-content\/uploads\/2023\/04\/eislingen-emmausz.jpg","type":"image\/jpeg"}],"author":"Tibor atya","twitter_card":"summary_large_image","twitter_misc":{"Szerz\u0151:":"Tibor atya","Becs\u00fclt olvas\u00e1si id\u0151":"7 perc"},"schema":{"@context":"https:\/\/schema.org","@graph":[{"@type":"Article","@id":"https:\/\/stuttgarti-katolikusok.de\/index.php\/husvet-3-vasarnapja-2\/#article","isPartOf":{"@id":"https:\/\/stuttgarti-katolikusok.de\/index.php\/husvet-3-vasarnapja-2\/"},"author":{"name":"Tibor atya","@id":"https:\/\/stuttgarti-katolikusok.de\/#\/schema\/person\/75908d6f8fdc03a57889d27209df7795"},"headline":"H\u00fasv\u00e9t 3. vas\u00e1rnapja","datePublished":"2024-04-13T09:18:01+00:00","mainEntityOfPage":{"@id":"https:\/\/stuttgarti-katolikusok.de\/index.php\/husvet-3-vasarnapja-2\/"},"wordCount":1654,"image":{"@id":"https:\/\/stuttgarti-katolikusok.de\/index.php\/husvet-3-vasarnapja-2\/#primaryimage"},"thumbnailUrl":"https:\/\/stuttgarti-katolikusok.de\/wp-content\/uploads\/2023\/04\/eislingen-emmausz.jpg","articleSection":["A liturgia olvasm\u00e1nyai","Gondolatok"],"inLanguage":"hu"},{"@type":"WebPage","@id":"https:\/\/stuttgarti-katolikusok.de\/index.php\/husvet-3-vasarnapja-2\/","url":"https:\/\/stuttgarti-katolikusok.de\/index.php\/husvet-3-vasarnapja-2\/","name":"H\u00fasv\u00e9t 3. vas\u00e1rnapja - Stuttgarti Katolikusok","isPartOf":{"@id":"https:\/\/stuttgarti-katolikusok.de\/#website"},"primaryImageOfPage":{"@id":"https:\/\/stuttgarti-katolikusok.de\/index.php\/husvet-3-vasarnapja-2\/#primaryimage"},"image":{"@id":"https:\/\/stuttgarti-katolikusok.de\/index.php\/husvet-3-vasarnapja-2\/#primaryimage"},"thumbnailUrl":"https:\/\/stuttgarti-katolikusok.de\/wp-content\/uploads\/2023\/04\/eislingen-emmausz.jpg","datePublished":"2024-04-13T09:18:01+00:00","author":{"@id":"https:\/\/stuttgarti-katolikusok.de\/#\/schema\/person\/75908d6f8fdc03a57889d27209df7795"},"breadcrumb":{"@id":"https:\/\/stuttgarti-katolikusok.de\/index.php\/husvet-3-vasarnapja-2\/#breadcrumb"},"inLanguage":"hu","potentialAction":[{"@type":"ReadAction","target":["https:\/\/stuttgarti-katolikusok.de\/index.php\/husvet-3-vasarnapja-2\/"]}]},{"@type":"ImageObject","inLanguage":"hu","@id":"https:\/\/stuttgarti-katolikusok.de\/index.php\/husvet-3-vasarnapja-2\/#primaryimage","url":"https:\/\/stuttgarti-katolikusok.de\/wp-content\/uploads\/2023\/04\/eislingen-emmausz.jpg","contentUrl":"https:\/\/stuttgarti-katolikusok.de\/wp-content\/uploads\/2023\/04\/eislingen-emmausz.jpg","width":1976,"height":1100},{"@type":"BreadcrumbList","@id":"https:\/\/stuttgarti-katolikusok.de\/index.php\/husvet-3-vasarnapja-2\/#breadcrumb","itemListElement":[{"@type":"ListItem","position":1,"name":"Kezd\u0151lap","item":"https:\/\/stuttgarti-katolikusok.de\/"},{"@type":"ListItem","position":2,"name":"H\u00fasv\u00e9t 3. vas\u00e1rnapja"}]},{"@type":"WebSite","@id":"https:\/\/stuttgarti-katolikusok.de\/#website","url":"https:\/\/stuttgarti-katolikusok.de\/","name":"Stuttgarti Katolikusok","description":"","potentialAction":[{"@type":"SearchAction","target":{"@type":"EntryPoint","urlTemplate":"https:\/\/stuttgarti-katolikusok.de\/?s={search_term_string}"},"query-input":{"@type":"PropertyValueSpecification","valueRequired":true,"valueName":"search_term_string"}}],"inLanguage":"hu"},{"@type":"Person","@id":"https:\/\/stuttgarti-katolikusok.de\/#\/schema\/person\/75908d6f8fdc03a57889d27209df7795","name":"Tibor atya","image":{"@type":"ImageObject","inLanguage":"hu","@id":"https:\/\/secure.gravatar.com\/avatar\/61d268e57d1f4525b111222e29d2d5a7f8c420fdbf231ba5566a8ceac74fa960?s=96&d=mm&r=g","url":"https:\/\/secure.gravatar.com\/avatar\/61d268e57d1f4525b111222e29d2d5a7f8c420fdbf231ba5566a8ceac74fa960?s=96&d=mm&r=g","contentUrl":"https:\/\/secure.gravatar.com\/avatar\/61d268e57d1f4525b111222e29d2d5a7f8c420fdbf231ba5566a8ceac74fa960?s=96&d=mm&r=g","caption":"Tibor atya"},"url":"https:\/\/stuttgarti-katolikusok.de\/index.php\/author\/tibor-atya\/"}]}},"_links":{"self":[{"href":"https:\/\/stuttgarti-katolikusok.de\/index.php\/wp-json\/wp\/v2\/posts\/28763","targetHints":{"allow":["GET"]}}],"collection":[{"href":"https:\/\/stuttgarti-katolikusok.de\/index.php\/wp-json\/wp\/v2\/posts"}],"about":[{"href":"https:\/\/stuttgarti-katolikusok.de\/index.php\/wp-json\/wp\/v2\/types\/post"}],"author":[{"embeddable":true,"href":"https:\/\/stuttgarti-katolikusok.de\/index.php\/wp-json\/wp\/v2\/users\/3"}],"replies":[{"embeddable":true,"href":"https:\/\/stuttgarti-katolikusok.de\/index.php\/wp-json\/wp\/v2\/comments?post=28763"}],"version-history":[{"count":1,"href":"https:\/\/stuttgarti-katolikusok.de\/index.php\/wp-json\/wp\/v2\/posts\/28763\/revisions"}],"predecessor-version":[{"id":28764,"href":"https:\/\/stuttgarti-katolikusok.de\/index.php\/wp-json\/wp\/v2\/posts\/28763\/revisions\/28764"}],"wp:featuredmedia":[{"embeddable":true,"href":"https:\/\/stuttgarti-katolikusok.de\/index.php\/wp-json\/wp\/v2\/media\/26677"}],"wp:attachment":[{"href":"https:\/\/stuttgarti-katolikusok.de\/index.php\/wp-json\/wp\/v2\/media?parent=28763"}],"wp:term":[{"taxonomy":"category","embeddable":true,"href":"https:\/\/stuttgarti-katolikusok.de\/index.php\/wp-json\/wp\/v2\/categories?post=28763"},{"taxonomy":"post_tag","embeddable":true,"href":"https:\/\/stuttgarti-katolikusok.de\/index.php\/wp-json\/wp\/v2\/tags?post=28763"}],"curies":[{"name":"wp","href":"https:\/\/api.w.org\/{rel}","templated":true}]}}