{"id":28744,"date":"2024-04-08T14:50:03","date_gmt":"2024-04-08T12:50:03","guid":{"rendered":"https:\/\/stuttgarti-katolikusok.de\/?p=28744"},"modified":"2024-04-08T14:50:03","modified_gmt":"2024-04-08T12:50:03","slug":"2024-aprlis-8-es-14-kozott","status":"publish","type":"post","link":"https:\/\/stuttgarti-katolikusok.de\/index.php\/2024-aprlis-8-es-14-kozott\/","title":{"rendered":"2024 \u00c1PRLIS 8 \u00c9S 14 K\u00d6Z\u00d6TT"},"content":{"rendered":"<p><span style=\"color: #ff6600;\"><strong><em>Programel\u0151zetes<\/em><\/strong><\/span><\/p>\n<p style=\"text-align: center;\"><strong><span style=\"color: #ff6600;\"><em>\u00a0<\/em>*<\/span><\/strong><\/p>\n<p><strong>\u00c1prilis 12-\u00e9n, <\/strong>p\u00e9nteken<em>, <strong>Stuttgarti d\u00e9lut\u00e1n, <\/strong><\/em>18.00 \u00f3rakor<em> szentmise, <\/em>el\u0151tte <em>r\u00f3zsaf\u00fcz\u00e9rt im\u00e1dkozunk.<\/em><\/p>\n<p style=\"text-align: center;\"><span style=\"color: #ff6600;\"><strong><em>\u00a0*<\/em><\/strong><\/span><\/p>\n<p><strong>\u00c1prilis 13-\u00e1n<\/strong>, szombaton,<strong> Biberachban<\/strong> 16.45 \u00f3rakor <em>szentmise, <\/em>ut\u00e1na <em>agap\u00e9. <\/em>A szentmise keret\u00e9ben k\u00f6z\u00f6ss\u00e9g\u00fcnk legid\u0151sebb tagj\u00e1t, <em>Schlachter Feri b\u00e1csit <\/em>k\u00f6sz\u00f6ntj\u00fck 100. sz\u00fclet\u00e9snapja alkalm\u00e1b\u00f3l.<\/p>\n<p style=\"text-align: center;\"><span style=\"color: #ff6600;\"><strong><em>\u00a0*<\/em><\/strong><\/span><\/p>\n<p><strong>\u00c1prilis 14-\u00e9n<em>,<\/em><\/strong> <span style=\"color: #ff6600;\"><strong><em>H\u00fasv\u00e9t 3. vas\u00e1rnapja<\/em><\/strong><\/span><em>,<\/em><\/p>\n<p><strong>Weingartenben <\/strong>10.00 \u00f3rakor<em> szentmise <\/em>a <em>14 Nothelfer Kapelle-<\/em>ben<em>, <\/em>ut\u00e1na <em>agap\u00e9,<\/em><\/p>\n<p><strong>Ulmban <\/strong>15.00 \u00f3rakor<em> szentmise,<\/em> ut\u00e1na <em>agap\u00e9.<\/em><\/p>\n<p style=\"text-align: center;\"><strong><span style=\"color: #ff6600;\"><em>\u00a0*<\/em><\/span><\/strong><\/p>\n<p>Minden helyen mindenkit szeretettel v\u00e1r a k\u00f6z\u00f6ss\u00e9g \u00e9s Tibor atya!<\/p>\n<p style=\"text-align: center;\"><span style=\"color: #ff6600;\">*<\/span><\/p>\n<p><a href=\"https:\/\/stuttgarti-katolikusok.de\/wp-content\/uploads\/2023\/04\/eislingen-feltamadas.jpg\"><img loading=\"lazy\" decoding=\"async\" class=\"alignnone size-full wp-image-26645\" src=\"https:\/\/stuttgarti-katolikusok.de\/wp-content\/uploads\/2023\/04\/eislingen-feltamadas.jpg\" alt=\"\" width=\"1482\" height=\"2048\" srcset=\"https:\/\/stuttgarti-katolikusok.de\/wp-content\/uploads\/2023\/04\/eislingen-feltamadas.jpg 1482w, https:\/\/stuttgarti-katolikusok.de\/wp-content\/uploads\/2023\/04\/eislingen-feltamadas-217x300.jpg 217w, https:\/\/stuttgarti-katolikusok.de\/wp-content\/uploads\/2023\/04\/eislingen-feltamadas-741x1024.jpg 741w, https:\/\/stuttgarti-katolikusok.de\/wp-content\/uploads\/2023\/04\/eislingen-feltamadas-1112x1536.jpg 1112w\" sizes=\"auto, (max-width: 1482px) 100vw, 1482px\" \/><\/a><\/p>\n<p><em>(Eislingen \u2013 XV. \u00e1llom\u00e1s Krisztus felt\u00e1mad\u00e1sa)<\/em><\/p>\n<p style=\"text-align: center;\"><span style=\"color: #ff6600;\"><em>*<\/em><\/span><\/p>\n<p><span style=\"color: #ff6600;\"><strong><em>Kegyelemteljes h\u00fasv\u00e9ti napokat, tartalmas besz\u00e9lget\u00e9seket \u00e9s \u00f6r\u00f6mteli tal\u00e1lkoz\u00e1sokat k\u00edv\u00e1nunk minden Kedves H\u00edv\u00fcnknek!<\/em><\/strong><\/span><\/p>\n<p style=\"text-align: center;\"><span style=\"color: #ff6600;\"><strong><em>*<\/em><\/strong><\/span><\/p>\n<p><strong><em>\u201eIsten Orsz\u00e1g\u00e1ban megsz\u0171nnek az egy\u00e9n hat\u00e1rvonalai. Mindazt, amit eddig csak t\u00fck\u00f6r \u00e1ltal hom\u00e1lyosan tal\u00e1lgattunk, imm\u00e1r l\u00e1tni \u00e9s tudni fogjuk. Isten a vil\u00e1g l\u00e9nyeg\u00e9nek az \u00e1lland\u00f3s\u00e1ga nem zaj, hanem Csend.\u201d <\/em><\/strong><em>(Csermely P\u00e9ter \u2013 kutat\u00f3, biok\u00e9mikus \u2013 1958 -)<\/em><\/p>\n<p><em>(Nyit\u00f3k\u00e9p: Balingen &#8211; Szent P\u00e1l templom)<\/em><\/p>\n<p style=\"text-align: center;\"><em>\u00a0<span style=\"color: #ff6600;\"><strong>*<\/strong><\/span><\/em><\/p>\n","protected":false},"excerpt":{"rendered":"<p>Programel\u0151zetes \u00a0* \u00c1prilis 12-\u00e9n, p\u00e9nteken, Stuttgarti d\u00e9lut\u00e1n, 18.00 \u00f3rakor szentmise, el\u0151tte r\u00f3zsaf\u00fcz\u00e9rt im\u00e1dkozunk. \u00a0* \u00c1prilis 13-\u00e1n, szombaton, Biberachban 16.45 \u00f3rakor szentmise, ut\u00e1na agap\u00e9. A szentmise keret\u00e9ben k\u00f6z\u00f6ss\u00e9g\u00fcnk legid\u0151sebb tagj\u00e1t, Schlachter Feri b\u00e1csit k\u00f6sz\u00f6ntj\u00fck 100. sz\u00fclet\u00e9snapja alkalm\u00e1b\u00f3l. \u00a0* \u00c1prilis 14-\u00e9n, H\u00fasv\u00e9t 3. vas\u00e1rnapja, Weingartenben 10.00 \u00f3rakor szentmise a 14 Nothelfer Kapelle-ben, ut\u00e1na agap\u00e9, Ulmban 15.00 \u00f3rakor szentmise, ut\u00e1na agap\u00e9. \u00a0* Minden helyen mindenkit szeretettel v\u00e1r a k\u00f6z\u00f6ss\u00e9g \u00e9s Tibor atya! * (Eislingen \u2013 XV. \u00e1llom\u00e1s Krisztus felt\u00e1mad\u00e1sa) * Kegyelemteljes h\u00fasv\u00e9ti napokat, tartalmas besz\u00e9lget\u00e9seket \u00e9s \u00f6r\u00f6mteli tal\u00e1lkoz\u00e1sokat k\u00edv\u00e1nunk minden Kedves H\u00edv\u00fcnknek! * \u201eIsten Orsz\u00e1g\u00e1ban megsz\u0171nnek az egy\u00e9n hat\u00e1rvonalai. Mindazt, amit eddig csak t\u00fck\u00f6r \u00e1ltal hom\u00e1lyosan tal\u00e1lgattunk, imm\u00e1r l\u00e1tni \u00e9s tudni fogjuk. Isten a vil\u00e1g l\u00e9nyeg\u00e9nek az \u00e1lland\u00f3s\u00e1ga nem zaj, hanem Csend.\u201d (Csermely P\u00e9ter \u2013 kutat\u00f3, biok\u00e9mikus \u2013 1958 -) (Nyit\u00f3k\u00e9p: Balingen &#8211; Szent P\u00e1l templom) \u00a0*<\/p>\n","protected":false},"author":3,"featured_media":28746,"comment_status":"closed","ping_status":"closed","sticky":false,"template":"","format":"standard","meta":{"footnotes":""},"categories":[37],"tags":[],"class_list":["post-28744","post","type-post","status-publish","format-standard","has-post-thumbnail","hentry","category-progamelozetes"],"yoast_head":"<!-- This site is optimized with the Yoast SEO plugin v27.3 - https:\/\/yoast.com\/product\/yoast-seo-wordpress\/ -->\n<title>2024 \u00c1PRLIS 8 \u00c9S 14 K\u00d6Z\u00d6TT - Stuttgarti Katolikusok<\/title>\n<meta name=\"robots\" content=\"index, follow, max-snippet:-1, max-image-preview:large, max-video-preview:-1\" \/>\n<link rel=\"canonical\" href=\"https:\/\/stuttgarti-katolikusok.de\/index.php\/2024-aprlis-8-es-14-kozott\/\" \/>\n<meta property=\"og:locale\" content=\"hu_HU\" \/>\n<meta property=\"og:type\" content=\"article\" \/>\n<meta property=\"og:title\" content=\"2024 \u00c1PRLIS 8 \u00c9S 14 K\u00d6Z\u00d6TT - Stuttgarti Katolikusok\" \/>\n<meta property=\"og:description\" content=\"Programel\u0151zetes \u00a0* \u00c1prilis 12-\u00e9n, p\u00e9nteken, Stuttgarti d\u00e9lut\u00e1n, 18.00 \u00f3rakor szentmise, el\u0151tte r\u00f3zsaf\u00fcz\u00e9rt im\u00e1dkozunk. \u00a0* \u00c1prilis 13-\u00e1n, szombaton, Biberachban 16.45 \u00f3rakor szentmise, ut\u00e1na agap\u00e9. A szentmise keret\u00e9ben k\u00f6z\u00f6ss\u00e9g\u00fcnk legid\u0151sebb tagj\u00e1t, Schlachter Feri b\u00e1csit k\u00f6sz\u00f6ntj\u00fck 100. sz\u00fclet\u00e9snapja alkalm\u00e1b\u00f3l. \u00a0* \u00c1prilis 14-\u00e9n, H\u00fasv\u00e9t 3. vas\u00e1rnapja, Weingartenben 10.00 \u00f3rakor szentmise a 14 Nothelfer Kapelle-ben, ut\u00e1na agap\u00e9, Ulmban 15.00 \u00f3rakor szentmise, ut\u00e1na agap\u00e9. \u00a0* Minden helyen mindenkit szeretettel v\u00e1r a k\u00f6z\u00f6ss\u00e9g \u00e9s Tibor atya! * (Eislingen \u2013 XV. \u00e1llom\u00e1s Krisztus felt\u00e1mad\u00e1sa) * Kegyelemteljes h\u00fasv\u00e9ti napokat, tartalmas besz\u00e9lget\u00e9seket \u00e9s \u00f6r\u00f6mteli tal\u00e1lkoz\u00e1sokat k\u00edv\u00e1nunk minden Kedves H\u00edv\u00fcnknek! * \u201eIsten Orsz\u00e1g\u00e1ban megsz\u0171nnek az egy\u00e9n hat\u00e1rvonalai. Mindazt, amit eddig csak t\u00fck\u00f6r \u00e1ltal hom\u00e1lyosan tal\u00e1lgattunk, imm\u00e1r l\u00e1tni \u00e9s tudni fogjuk. Isten a vil\u00e1g l\u00e9nyeg\u00e9nek az \u00e1lland\u00f3s\u00e1ga nem zaj, hanem Csend.\u201d (Csermely P\u00e9ter \u2013 kutat\u00f3, biok\u00e9mikus \u2013 1958 -) (Nyit\u00f3k\u00e9p: Balingen &#8211; Szent P\u00e1l templom) \u00a0*\" \/>\n<meta property=\"og:url\" content=\"https:\/\/stuttgarti-katolikusok.de\/index.php\/2024-aprlis-8-es-14-kozott\/\" \/>\n<meta property=\"og:site_name\" content=\"Stuttgarti Katolikusok\" \/>\n<meta property=\"article:published_time\" content=\"2024-04-08T12:50:03+00:00\" \/>\n<meta property=\"og:image\" content=\"https:\/\/stuttgarti-katolikusok.de\/wp-content\/uploads\/2024\/04\/balingen-1.jpg\" \/>\n\t<meta property=\"og:image:width\" content=\"2000\" \/>\n\t<meta property=\"og:image:height\" content=\"1500\" \/>\n\t<meta property=\"og:image:type\" content=\"image\/jpeg\" \/>\n<meta name=\"author\" content=\"Tibor atya\" \/>\n<meta name=\"twitter:card\" content=\"summary_large_image\" \/>\n<meta name=\"twitter:label1\" content=\"Szerz\u0151:\" \/>\n\t<meta name=\"twitter:data1\" content=\"Tibor atya\" \/>\n\t<meta name=\"twitter:label2\" content=\"Becs\u00fclt olvas\u00e1si id\u0151\" \/>\n\t<meta name=\"twitter:data2\" content=\"2 perc\" \/>\n<script type=\"application\/ld+json\" class=\"yoast-schema-graph\">{\"@context\":\"https:\\\/\\\/schema.org\",\"@graph\":[{\"@type\":\"Article\",\"@id\":\"https:\\\/\\\/stuttgarti-katolikusok.de\\\/index.php\\\/2024-aprlis-8-es-14-kozott\\\/#article\",\"isPartOf\":{\"@id\":\"https:\\\/\\\/stuttgarti-katolikusok.de\\\/index.php\\\/2024-aprlis-8-es-14-kozott\\\/\"},\"author\":{\"name\":\"Tibor atya\",\"@id\":\"https:\\\/\\\/stuttgarti-katolikusok.de\\\/#\\\/schema\\\/person\\\/75908d6f8fdc03a57889d27209df7795\"},\"headline\":\"2024 \u00c1PRLIS 8 \u00c9S 14 K\u00d6Z\u00d6TT\",\"datePublished\":\"2024-04-08T12:50:03+00:00\",\"mainEntityOfPage\":{\"@id\":\"https:\\\/\\\/stuttgarti-katolikusok.de\\\/index.php\\\/2024-aprlis-8-es-14-kozott\\\/\"},\"wordCount\":192,\"image\":{\"@id\":\"https:\\\/\\\/stuttgarti-katolikusok.de\\\/index.php\\\/2024-aprlis-8-es-14-kozott\\\/#primaryimage\"},\"thumbnailUrl\":\"https:\\\/\\\/stuttgarti-katolikusok.de\\\/wp-content\\\/uploads\\\/2024\\\/04\\\/balingen-1.jpg\",\"articleSection\":[\"Progamel\u0151zetes\"],\"inLanguage\":\"hu\"},{\"@type\":\"WebPage\",\"@id\":\"https:\\\/\\\/stuttgarti-katolikusok.de\\\/index.php\\\/2024-aprlis-8-es-14-kozott\\\/\",\"url\":\"https:\\\/\\\/stuttgarti-katolikusok.de\\\/index.php\\\/2024-aprlis-8-es-14-kozott\\\/\",\"name\":\"2024 \u00c1PRLIS 8 \u00c9S 14 K\u00d6Z\u00d6TT - Stuttgarti Katolikusok\",\"isPartOf\":{\"@id\":\"https:\\\/\\\/stuttgarti-katolikusok.de\\\/#website\"},\"primaryImageOfPage\":{\"@id\":\"https:\\\/\\\/stuttgarti-katolikusok.de\\\/index.php\\\/2024-aprlis-8-es-14-kozott\\\/#primaryimage\"},\"image\":{\"@id\":\"https:\\\/\\\/stuttgarti-katolikusok.de\\\/index.php\\\/2024-aprlis-8-es-14-kozott\\\/#primaryimage\"},\"thumbnailUrl\":\"https:\\\/\\\/stuttgarti-katolikusok.de\\\/wp-content\\\/uploads\\\/2024\\\/04\\\/balingen-1.jpg\",\"datePublished\":\"2024-04-08T12:50:03+00:00\",\"author\":{\"@id\":\"https:\\\/\\\/stuttgarti-katolikusok.de\\\/#\\\/schema\\\/person\\\/75908d6f8fdc03a57889d27209df7795\"},\"breadcrumb\":{\"@id\":\"https:\\\/\\\/stuttgarti-katolikusok.de\\\/index.php\\\/2024-aprlis-8-es-14-kozott\\\/#breadcrumb\"},\"inLanguage\":\"hu\",\"potentialAction\":[{\"@type\":\"ReadAction\",\"target\":[\"https:\\\/\\\/stuttgarti-katolikusok.de\\\/index.php\\\/2024-aprlis-8-es-14-kozott\\\/\"]}]},{\"@type\":\"ImageObject\",\"inLanguage\":\"hu\",\"@id\":\"https:\\\/\\\/stuttgarti-katolikusok.de\\\/index.php\\\/2024-aprlis-8-es-14-kozott\\\/#primaryimage\",\"url\":\"https:\\\/\\\/stuttgarti-katolikusok.de\\\/wp-content\\\/uploads\\\/2024\\\/04\\\/balingen-1.jpg\",\"contentUrl\":\"https:\\\/\\\/stuttgarti-katolikusok.de\\\/wp-content\\\/uploads\\\/2024\\\/04\\\/balingen-1.jpg\",\"width\":2000,\"height\":1500},{\"@type\":\"BreadcrumbList\",\"@id\":\"https:\\\/\\\/stuttgarti-katolikusok.de\\\/index.php\\\/2024-aprlis-8-es-14-kozott\\\/#breadcrumb\",\"itemListElement\":[{\"@type\":\"ListItem\",\"position\":1,\"name\":\"Kezd\u0151lap\",\"item\":\"https:\\\/\\\/stuttgarti-katolikusok.de\\\/\"},{\"@type\":\"ListItem\",\"position\":2,\"name\":\"2024 \u00c1PRLIS 8 \u00c9S 14 K\u00d6Z\u00d6TT\"}]},{\"@type\":\"WebSite\",\"@id\":\"https:\\\/\\\/stuttgarti-katolikusok.de\\\/#website\",\"url\":\"https:\\\/\\\/stuttgarti-katolikusok.de\\\/\",\"name\":\"Stuttgarti Katolikusok\",\"description\":\"\",\"potentialAction\":[{\"@type\":\"SearchAction\",\"target\":{\"@type\":\"EntryPoint\",\"urlTemplate\":\"https:\\\/\\\/stuttgarti-katolikusok.de\\\/?s={search_term_string}\"},\"query-input\":{\"@type\":\"PropertyValueSpecification\",\"valueRequired\":true,\"valueName\":\"search_term_string\"}}],\"inLanguage\":\"hu\"},{\"@type\":\"Person\",\"@id\":\"https:\\\/\\\/stuttgarti-katolikusok.de\\\/#\\\/schema\\\/person\\\/75908d6f8fdc03a57889d27209df7795\",\"name\":\"Tibor atya\",\"image\":{\"@type\":\"ImageObject\",\"inLanguage\":\"hu\",\"@id\":\"https:\\\/\\\/secure.gravatar.com\\\/avatar\\\/61d268e57d1f4525b111222e29d2d5a7f8c420fdbf231ba5566a8ceac74fa960?s=96&d=mm&r=g\",\"url\":\"https:\\\/\\\/secure.gravatar.com\\\/avatar\\\/61d268e57d1f4525b111222e29d2d5a7f8c420fdbf231ba5566a8ceac74fa960?s=96&d=mm&r=g\",\"contentUrl\":\"https:\\\/\\\/secure.gravatar.com\\\/avatar\\\/61d268e57d1f4525b111222e29d2d5a7f8c420fdbf231ba5566a8ceac74fa960?s=96&d=mm&r=g\",\"caption\":\"Tibor atya\"},\"url\":\"https:\\\/\\\/stuttgarti-katolikusok.de\\\/index.php\\\/author\\\/tibor-atya\\\/\"}]}<\/script>\n<!-- \/ Yoast SEO plugin. -->","yoast_head_json":{"title":"2024 \u00c1PRLIS 8 \u00c9S 14 K\u00d6Z\u00d6TT - Stuttgarti Katolikusok","robots":{"index":"index","follow":"follow","max-snippet":"max-snippet:-1","max-image-preview":"max-image-preview:large","max-video-preview":"max-video-preview:-1"},"canonical":"https:\/\/stuttgarti-katolikusok.de\/index.php\/2024-aprlis-8-es-14-kozott\/","og_locale":"hu_HU","og_type":"article","og_title":"2024 \u00c1PRLIS 8 \u00c9S 14 K\u00d6Z\u00d6TT - Stuttgarti Katolikusok","og_description":"Programel\u0151zetes \u00a0* \u00c1prilis 12-\u00e9n, p\u00e9nteken, Stuttgarti d\u00e9lut\u00e1n, 18.00 \u00f3rakor szentmise, el\u0151tte r\u00f3zsaf\u00fcz\u00e9rt im\u00e1dkozunk. \u00a0* \u00c1prilis 13-\u00e1n, szombaton, Biberachban 16.45 \u00f3rakor szentmise, ut\u00e1na agap\u00e9. A szentmise keret\u00e9ben k\u00f6z\u00f6ss\u00e9g\u00fcnk legid\u0151sebb tagj\u00e1t, Schlachter Feri b\u00e1csit k\u00f6sz\u00f6ntj\u00fck 100. sz\u00fclet\u00e9snapja alkalm\u00e1b\u00f3l. \u00a0* \u00c1prilis 14-\u00e9n, H\u00fasv\u00e9t 3. vas\u00e1rnapja, Weingartenben 10.00 \u00f3rakor szentmise a 14 Nothelfer Kapelle-ben, ut\u00e1na agap\u00e9, Ulmban 15.00 \u00f3rakor szentmise, ut\u00e1na agap\u00e9. \u00a0* Minden helyen mindenkit szeretettel v\u00e1r a k\u00f6z\u00f6ss\u00e9g \u00e9s Tibor atya! * (Eislingen \u2013 XV. \u00e1llom\u00e1s Krisztus felt\u00e1mad\u00e1sa) * Kegyelemteljes h\u00fasv\u00e9ti napokat, tartalmas besz\u00e9lget\u00e9seket \u00e9s \u00f6r\u00f6mteli tal\u00e1lkoz\u00e1sokat k\u00edv\u00e1nunk minden Kedves H\u00edv\u00fcnknek! * \u201eIsten Orsz\u00e1g\u00e1ban megsz\u0171nnek az egy\u00e9n hat\u00e1rvonalai. Mindazt, amit eddig csak t\u00fck\u00f6r \u00e1ltal hom\u00e1lyosan tal\u00e1lgattunk, imm\u00e1r l\u00e1tni \u00e9s tudni fogjuk. Isten a vil\u00e1g l\u00e9nyeg\u00e9nek az \u00e1lland\u00f3s\u00e1ga nem zaj, hanem Csend.\u201d (Csermely P\u00e9ter \u2013 kutat\u00f3, biok\u00e9mikus \u2013 1958 -) (Nyit\u00f3k\u00e9p: Balingen &#8211; Szent P\u00e1l templom) \u00a0*","og_url":"https:\/\/stuttgarti-katolikusok.de\/index.php\/2024-aprlis-8-es-14-kozott\/","og_site_name":"Stuttgarti Katolikusok","article_published_time":"2024-04-08T12:50:03+00:00","og_image":[{"width":2000,"height":1500,"url":"https:\/\/stuttgarti-katolikusok.de\/wp-content\/uploads\/2024\/04\/balingen-1.jpg","type":"image\/jpeg"}],"author":"Tibor atya","twitter_card":"summary_large_image","twitter_misc":{"Szerz\u0151:":"Tibor atya","Becs\u00fclt olvas\u00e1si id\u0151":"2 perc"},"schema":{"@context":"https:\/\/schema.org","@graph":[{"@type":"Article","@id":"https:\/\/stuttgarti-katolikusok.de\/index.php\/2024-aprlis-8-es-14-kozott\/#article","isPartOf":{"@id":"https:\/\/stuttgarti-katolikusok.de\/index.php\/2024-aprlis-8-es-14-kozott\/"},"author":{"name":"Tibor atya","@id":"https:\/\/stuttgarti-katolikusok.de\/#\/schema\/person\/75908d6f8fdc03a57889d27209df7795"},"headline":"2024 \u00c1PRLIS 8 \u00c9S 14 K\u00d6Z\u00d6TT","datePublished":"2024-04-08T12:50:03+00:00","mainEntityOfPage":{"@id":"https:\/\/stuttgarti-katolikusok.de\/index.php\/2024-aprlis-8-es-14-kozott\/"},"wordCount":192,"image":{"@id":"https:\/\/stuttgarti-katolikusok.de\/index.php\/2024-aprlis-8-es-14-kozott\/#primaryimage"},"thumbnailUrl":"https:\/\/stuttgarti-katolikusok.de\/wp-content\/uploads\/2024\/04\/balingen-1.jpg","articleSection":["Progamel\u0151zetes"],"inLanguage":"hu"},{"@type":"WebPage","@id":"https:\/\/stuttgarti-katolikusok.de\/index.php\/2024-aprlis-8-es-14-kozott\/","url":"https:\/\/stuttgarti-katolikusok.de\/index.php\/2024-aprlis-8-es-14-kozott\/","name":"2024 \u00c1PRLIS 8 \u00c9S 14 K\u00d6Z\u00d6TT - Stuttgarti Katolikusok","isPartOf":{"@id":"https:\/\/stuttgarti-katolikusok.de\/#website"},"primaryImageOfPage":{"@id":"https:\/\/stuttgarti-katolikusok.de\/index.php\/2024-aprlis-8-es-14-kozott\/#primaryimage"},"image":{"@id":"https:\/\/stuttgarti-katolikusok.de\/index.php\/2024-aprlis-8-es-14-kozott\/#primaryimage"},"thumbnailUrl":"https:\/\/stuttgarti-katolikusok.de\/wp-content\/uploads\/2024\/04\/balingen-1.jpg","datePublished":"2024-04-08T12:50:03+00:00","author":{"@id":"https:\/\/stuttgarti-katolikusok.de\/#\/schema\/person\/75908d6f8fdc03a57889d27209df7795"},"breadcrumb":{"@id":"https:\/\/stuttgarti-katolikusok.de\/index.php\/2024-aprlis-8-es-14-kozott\/#breadcrumb"},"inLanguage":"hu","potentialAction":[{"@type":"ReadAction","target":["https:\/\/stuttgarti-katolikusok.de\/index.php\/2024-aprlis-8-es-14-kozott\/"]}]},{"@type":"ImageObject","inLanguage":"hu","@id":"https:\/\/stuttgarti-katolikusok.de\/index.php\/2024-aprlis-8-es-14-kozott\/#primaryimage","url":"https:\/\/stuttgarti-katolikusok.de\/wp-content\/uploads\/2024\/04\/balingen-1.jpg","contentUrl":"https:\/\/stuttgarti-katolikusok.de\/wp-content\/uploads\/2024\/04\/balingen-1.jpg","width":2000,"height":1500},{"@type":"BreadcrumbList","@id":"https:\/\/stuttgarti-katolikusok.de\/index.php\/2024-aprlis-8-es-14-kozott\/#breadcrumb","itemListElement":[{"@type":"ListItem","position":1,"name":"Kezd\u0151lap","item":"https:\/\/stuttgarti-katolikusok.de\/"},{"@type":"ListItem","position":2,"name":"2024 \u00c1PRLIS 8 \u00c9S 14 K\u00d6Z\u00d6TT"}]},{"@type":"WebSite","@id":"https:\/\/stuttgarti-katolikusok.de\/#website","url":"https:\/\/stuttgarti-katolikusok.de\/","name":"Stuttgarti Katolikusok","description":"","potentialAction":[{"@type":"SearchAction","target":{"@type":"EntryPoint","urlTemplate":"https:\/\/stuttgarti-katolikusok.de\/?s={search_term_string}"},"query-input":{"@type":"PropertyValueSpecification","valueRequired":true,"valueName":"search_term_string"}}],"inLanguage":"hu"},{"@type":"Person","@id":"https:\/\/stuttgarti-katolikusok.de\/#\/schema\/person\/75908d6f8fdc03a57889d27209df7795","name":"Tibor atya","image":{"@type":"ImageObject","inLanguage":"hu","@id":"https:\/\/secure.gravatar.com\/avatar\/61d268e57d1f4525b111222e29d2d5a7f8c420fdbf231ba5566a8ceac74fa960?s=96&d=mm&r=g","url":"https:\/\/secure.gravatar.com\/avatar\/61d268e57d1f4525b111222e29d2d5a7f8c420fdbf231ba5566a8ceac74fa960?s=96&d=mm&r=g","contentUrl":"https:\/\/secure.gravatar.com\/avatar\/61d268e57d1f4525b111222e29d2d5a7f8c420fdbf231ba5566a8ceac74fa960?s=96&d=mm&r=g","caption":"Tibor atya"},"url":"https:\/\/stuttgarti-katolikusok.de\/index.php\/author\/tibor-atya\/"}]}},"_links":{"self":[{"href":"https:\/\/stuttgarti-katolikusok.de\/index.php\/wp-json\/wp\/v2\/posts\/28744","targetHints":{"allow":["GET"]}}],"collection":[{"href":"https:\/\/stuttgarti-katolikusok.de\/index.php\/wp-json\/wp\/v2\/posts"}],"about":[{"href":"https:\/\/stuttgarti-katolikusok.de\/index.php\/wp-json\/wp\/v2\/types\/post"}],"author":[{"embeddable":true,"href":"https:\/\/stuttgarti-katolikusok.de\/index.php\/wp-json\/wp\/v2\/users\/3"}],"replies":[{"embeddable":true,"href":"https:\/\/stuttgarti-katolikusok.de\/index.php\/wp-json\/wp\/v2\/comments?post=28744"}],"version-history":[{"count":1,"href":"https:\/\/stuttgarti-katolikusok.de\/index.php\/wp-json\/wp\/v2\/posts\/28744\/revisions"}],"predecessor-version":[{"id":28747,"href":"https:\/\/stuttgarti-katolikusok.de\/index.php\/wp-json\/wp\/v2\/posts\/28744\/revisions\/28747"}],"wp:featuredmedia":[{"embeddable":true,"href":"https:\/\/stuttgarti-katolikusok.de\/index.php\/wp-json\/wp\/v2\/media\/28746"}],"wp:attachment":[{"href":"https:\/\/stuttgarti-katolikusok.de\/index.php\/wp-json\/wp\/v2\/media?parent=28744"}],"wp:term":[{"taxonomy":"category","embeddable":true,"href":"https:\/\/stuttgarti-katolikusok.de\/index.php\/wp-json\/wp\/v2\/categories?post=28744"},{"taxonomy":"post_tag","embeddable":true,"href":"https:\/\/stuttgarti-katolikusok.de\/index.php\/wp-json\/wp\/v2\/tags?post=28744"}],"curies":[{"name":"wp","href":"https:\/\/api.w.org\/{rel}","templated":true}]}}