{"id":28571,"date":"2024-03-23T12:36:36","date_gmt":"2024-03-23T11:36:36","guid":{"rendered":"https:\/\/stuttgarti-katolikusok.de\/?p=28571"},"modified":"2024-03-23T12:38:41","modified_gmt":"2024-03-23T11:38:41","slug":"egy-csutortoki-es-penteki-nap-margojara","status":"publish","type":"post","link":"https:\/\/stuttgarti-katolikusok.de\/index.php\/egy-csutortoki-es-penteki-nap-margojara\/","title":{"rendered":"Egy cs\u00fct\u00f6rt\u00f6ki \u00e9s p\u00e9nteki nap marg\u00f3j\u00e1ra"},"content":{"rendered":"<p>Ezen a h\u00e9ten, 2024. m\u00e1rcius 21-\u00e9n, cs\u00fct\u00f6rt\u00f6k\u00f6n, viszonylag kor\u00e1n elindultam Stuttgartb\u00f3l. Az els\u0151 meg\u00e1ll\u00f3 Biberachban volt. Szem\u00e9lyes dolgaimon t\u00fal id\u0151s \u00e9s beteg testv\u00e9reket is felkerestem, hiszen k\u00f6zeleg h\u00fasv\u00e9t \u00fcnnepe.<\/p>\n<p>\u00cdgy jutottam el t\u00f6bbek k\u00f6z\u00f6tt Schlachter Feri b\u00e1csihoz \u00e9s kedves feles\u00e9g\u00e9hez, B\u00f6ske n\u00e9nihez. Amikor meg\u00e9rkeztem, meg is k\u00e9rdeztem Feri b\u00e1csit, hogy h\u00e1nyat kell m\u00e9g aludnia? M\u00e1r csak kilencet &#8211; volt a v\u00e1lasz. Ugyanis 2024. m\u00e1rcius 30-\u00e1n, azaz Nagyszombaton, Feri b\u00e1csi 100. sz\u00fclet\u00e9snapj\u00e1t \u00fcnnepli.<\/p>\n<p><a href=\"https:\/\/stuttgarti-katolikusok.de\/wp-content\/uploads\/2024\/03\/web-27.jpg\"><img loading=\"lazy\" decoding=\"async\" class=\"alignnone size-full wp-image-28572\" src=\"https:\/\/stuttgarti-katolikusok.de\/wp-content\/uploads\/2024\/03\/web-27.jpg\" alt=\"\" width=\"1824\" height=\"1368\" srcset=\"https:\/\/stuttgarti-katolikusok.de\/wp-content\/uploads\/2024\/03\/web-27.jpg 1824w, https:\/\/stuttgarti-katolikusok.de\/wp-content\/uploads\/2024\/03\/web-27-300x225.jpg 300w, https:\/\/stuttgarti-katolikusok.de\/wp-content\/uploads\/2024\/03\/web-27-1024x768.jpg 1024w, https:\/\/stuttgarti-katolikusok.de\/wp-content\/uploads\/2024\/03\/web-27-1536x1152.jpg 1536w, https:\/\/stuttgarti-katolikusok.de\/wp-content\/uploads\/2024\/03\/web-27-164x124.jpg 164w\" sizes=\"auto, (max-width: 1824px) 100vw, 1824px\" \/><\/a><\/p>\n<p>Ezt k\u00f6vet\u0151en tov\u00e1bb folytattam utamat. Weingartenben, a szok\u00e1sos Weingarteni d\u00e9lut\u00e1nok keret\u00e9ben, kereszt\u00fati \u00e1jtatoss\u00e1gra \u00e9s szentmis\u00e9re gy\u0171lt\u00fcnk \u00f6ssze. Meglep\u0151 m\u00f3don nagyon sz\u00e9p sz\u00e1mban voltunk jelen. Nagy \u00f6r\u00f6m\u00fcnkre szolg\u00e1lt, hogy Terike n\u00e9ni is m\u00e1r el tudott j\u00f6nni egyed\u00fcl, \u00fagy ahogy baleset\u00e9t k\u00f6vet\u0151en \u00edg\u00e9rte.<\/p>\n<p><a href=\"https:\/\/stuttgarti-katolikusok.de\/wp-content\/uploads\/2024\/03\/web-26-weingarten.jpg\"><img loading=\"lazy\" decoding=\"async\" class=\"alignnone size-full wp-image-28573\" src=\"https:\/\/stuttgarti-katolikusok.de\/wp-content\/uploads\/2024\/03\/web-26-weingarten.jpg\" alt=\"\" width=\"2000\" height=\"1500\" srcset=\"https:\/\/stuttgarti-katolikusok.de\/wp-content\/uploads\/2024\/03\/web-26-weingarten.jpg 2000w, https:\/\/stuttgarti-katolikusok.de\/wp-content\/uploads\/2024\/03\/web-26-weingarten-300x225.jpg 300w, https:\/\/stuttgarti-katolikusok.de\/wp-content\/uploads\/2024\/03\/web-26-weingarten-1024x768.jpg 1024w, https:\/\/stuttgarti-katolikusok.de\/wp-content\/uploads\/2024\/03\/web-26-weingarten-1536x1152.jpg 1536w, https:\/\/stuttgarti-katolikusok.de\/wp-content\/uploads\/2024\/03\/web-26-weingarten-164x124.jpg 164w\" sizes=\"auto, (max-width: 2000px) 100vw, 2000px\" \/><\/a><\/p>\n<p>Este 19.30 \u00f3rakor indultam haza Stuttgartba, a kertek alatt. Riedlingen k\u00f6zel\u00e9ben m\u00e9g egy kedves csal\u00e1dot l\u00e1togattam meg. Esk\u00fcv\u0151t k\u00e9sz\u00edt\u00fcnk el\u0151, annak r\u00e9szleteit besz\u00e9lt\u00fck \u00e1t.<\/p>\n<p>K\u00e9s\u0151re j\u00e1rt, amikor \u00fajb\u00f3l aut\u00f3ba \u00fcltem. Csendes volt az \u00fat, sehol egy l\u00e9lek sem. Gondolataimba temetkeztem \u00e9s v\u00e1rtam, hogy haza \u00e9kezzem. Nagyon f\u00e1raszt\u00f3, de ann\u00e1l tartalmasabb volt ez a nap, sok \u00e9lm\u00e9nnyel, \u00f6r\u00f6mteli tal\u00e1lkoz\u00e1sok sokas\u00e1g\u00e1val. \u0150szint\u00e9n \u00f6r\u00fcltem, hogy az \u00dar J\u00e9zus szamarak\u00e9nt ma is annyi helyre elvittem \u0150t. Mintegy n\u00e9gysz\u00e1z kilom\u00e9ter utaz\u00e1s, \u00f6r\u00f6mteli tekintetek, amelyek egyk\u00e9nt \u00fczenik: mennyire j\u00f3, hogy vagyunk egym\u00e1snak.<\/p>\n<p>\u00c9jf\u00e9l el\u0151tt \u00e9rkeztem haza. Gyorsan kellene aludni, holnap \u00fajabb tal\u00e1lkoz\u00e1sok v\u00e1rnak.<\/p>\n<p>Igen, p\u00e9nteken folyattam ott, ahol abbahagytam. Ism\u00e9t id\u0151s testv\u00e9reket kerestem fel. K\u00f6zben az\u00e9rt volt egy nagyon neh\u00e9z tal\u00e1lkoz\u00f3 is.<\/p>\n<p>A Stuttgartban l\u00e9v\u0151 &#8222;Kinder und Jugend Hospiz&#8221;-ba l\u00e1togattam el. K\u00e1rp\u00e1talj\u00e1r\u00f3l, Beregsz\u00e1szb\u00f3l \u00e9rkezett az \u00f6t gyermekes csal\u00e1d. Annabella, aki \u00e9desapja \u00f6l\u00e9ben \u00fcl, 6 \u00e9ves \u00e9s agydaganata van. \u00c1llapota s\u00falyos. Elmentem, hogy els\u0151 k\u00f6rben egy kicsit tolm\u00e1cskodjam,\u00a0 tal\u00e1lkozzunk. Ugyanis az \u00e9desapa \u00f3haja az volt, hogy olyan j\u00f3 lenne ha el tudn\u00e9k menni \u00e9s megl\u00e1togatni \u0151ket. Lelkileg nagyon \u00f6ssze vannak t\u00f6rve. \u00c9rthet\u0151 f\u00e1jdalmuk. J\u00f3zsef, az \u00e9desapa z\u00f6ld hat\u00e1ron menek\u00fclt \u00e9s j\u00f6tt a csal\u00e1d ut\u00e1n. A h\u00e1bor\u00faba akart\u00e1k vinni, hi\u00e1ba pr\u00f3b\u00e1lta bizony\u00edtani, hogy gyermeke s\u00falyos beteg. A csal\u00e1dot kiengedt\u00e9k, \u0151t azonban nem.<\/p>\n<p><a href=\"https:\/\/stuttgarti-katolikusok.de\/wp-content\/uploads\/2024\/03\/web-28.jpg\"><img loading=\"lazy\" decoding=\"async\" class=\"alignnone size-full wp-image-28574\" src=\"https:\/\/stuttgarti-katolikusok.de\/wp-content\/uploads\/2024\/03\/web-28.jpg\" alt=\"\" width=\"2000\" height=\"1500\" srcset=\"https:\/\/stuttgarti-katolikusok.de\/wp-content\/uploads\/2024\/03\/web-28.jpg 2000w, https:\/\/stuttgarti-katolikusok.de\/wp-content\/uploads\/2024\/03\/web-28-300x225.jpg 300w, https:\/\/stuttgarti-katolikusok.de\/wp-content\/uploads\/2024\/03\/web-28-1024x768.jpg 1024w, https:\/\/stuttgarti-katolikusok.de\/wp-content\/uploads\/2024\/03\/web-28-1536x1152.jpg 1536w, https:\/\/stuttgarti-katolikusok.de\/wp-content\/uploads\/2024\/03\/web-28-164x124.jpg 164w\" sizes=\"auto, (max-width: 2000px) 100vw, 2000px\" \/><\/a><\/p>\n<p>Most egy\u00fctt a csal\u00e1d. V\u00e1rnak. \u00cdg\u00e9rtem, hogy m\u00e9g visszaj\u00f6v\u00f6k. De m\u00e1r nem egyed\u00fcl. Minden jelleg\u0171 seg\u00edts\u00e9g j\u00f3l j\u00f6n. Rajtunk a sor!<\/p>\n<p>Amennyiben seg\u00edteni szeretn\u00e9l, sz\u00f3l\u00edts meg. K\u00f6sz\u00f6n\u00f6m.<\/p>\n<p><em>Tibor atya<\/em><\/p>\n","protected":false},"excerpt":{"rendered":"<p>Ezen a h\u00e9ten, 2024. m\u00e1rcius 21-\u00e9n, cs\u00fct\u00f6rt\u00f6k\u00f6n, viszonylag kor\u00e1n elindultam Stuttgartb\u00f3l. Az els\u0151 meg\u00e1ll\u00f3 Biberachban volt. Szem\u00e9lyes dolgaimon t\u00fal id\u0151s \u00e9s beteg testv\u00e9reket is felkerestem, hiszen k\u00f6zeleg h\u00fasv\u00e9t \u00fcnnepe. \u00cdgy jutottam el t\u00f6bbek k\u00f6z\u00f6tt Schlachter Feri b\u00e1csihoz \u00e9s kedves feles\u00e9g\u00e9hez, B\u00f6ske n\u00e9nihez. Amikor meg\u00e9rkeztem, meg is k\u00e9rdeztem Feri b\u00e1csit, hogy h\u00e1nyat kell m\u00e9g aludnia? M\u00e1r csak kilencet &#8211; volt a v\u00e1lasz. Ugyanis 2024. m\u00e1rcius 30-\u00e1n, azaz Nagyszombaton, Feri b\u00e1csi 100. sz\u00fclet\u00e9snapj\u00e1t \u00fcnnepli. Ezt k\u00f6vet\u0151en tov\u00e1bb folytattam utamat. Weingartenben, a szok\u00e1sos Weingarteni d\u00e9lut\u00e1nok keret\u00e9ben, kereszt\u00fati \u00e1jtatoss\u00e1gra \u00e9s szentmis\u00e9re gy\u0171lt\u00fcnk \u00f6ssze. Meglep\u0151 m\u00f3don nagyon sz\u00e9p sz\u00e1mban voltunk jelen. Nagy \u00f6r\u00f6m\u00fcnkre szolg\u00e1lt, hogy Terike n\u00e9ni is m\u00e1r el tudott j\u00f6nni egyed\u00fcl, \u00fagy ahogy baleset\u00e9t k\u00f6vet\u0151en \u00edg\u00e9rte. Este 19.30 \u00f3rakor indultam haza Stuttgartba, a kertek alatt. Riedlingen k\u00f6zel\u00e9ben m\u00e9g egy kedves csal\u00e1dot l\u00e1togattam meg. Esk\u00fcv\u0151t k\u00e9sz\u00edt\u00fcnk el\u0151, annak r\u00e9szleteit besz\u00e9lt\u00fck \u00e1t. K\u00e9s\u0151re j\u00e1rt, amikor \u00fajb\u00f3l aut\u00f3ba \u00fcltem. Csendes volt az \u00fat, sehol egy l\u00e9lek sem. Gondolataimba temetkeztem \u00e9s v\u00e1rtam, hogy haza \u00e9kezzem. Nagyon f\u00e1raszt\u00f3, de ann\u00e1l tartalmasabb volt ez a nap, sok \u00e9lm\u00e9nnyel, \u00f6r\u00f6mteli tal\u00e1lkoz\u00e1sok sokas\u00e1g\u00e1val. \u0150szint\u00e9n \u00f6r\u00fcltem, hogy az \u00dar J\u00e9zus szamarak\u00e9nt ma is annyi helyre elvittem \u0150t. Mintegy n\u00e9gysz\u00e1z kilom\u00e9ter utaz\u00e1s, \u00f6r\u00f6mteli tekintetek, amelyek egyk\u00e9nt \u00fczenik: mennyire j\u00f3, hogy vagyunk egym\u00e1snak. \u00c9jf\u00e9l el\u0151tt \u00e9rkeztem haza. Gyorsan kellene aludni, holnap \u00fajabb tal\u00e1lkoz\u00e1sok v\u00e1rnak. Igen, p\u00e9nteken folyattam ott, ahol abbahagytam. Ism\u00e9t id\u0151s testv\u00e9reket kerestem fel. K\u00f6zben az\u00e9rt volt egy nagyon neh\u00e9z tal\u00e1lkoz\u00f3 is. A Stuttgartban l\u00e9v\u0151 &#8222;Kinder und Jugend Hospiz&#8221;-ba l\u00e1togattam el. K\u00e1rp\u00e1talj\u00e1r\u00f3l, Beregsz\u00e1szb\u00f3l \u00e9rkezett az \u00f6t gyermekes csal\u00e1d. Annabella, aki \u00e9desapja \u00f6l\u00e9ben \u00fcl, 6 \u00e9ves \u00e9s agydaganata van. \u00c1llapota s\u00falyos. Elmentem, hogy els\u0151 k\u00f6rben egy kicsit tolm\u00e1cskodjam,\u00a0 tal\u00e1lkozzunk. Ugyanis az \u00e9desapa \u00f3haja az volt, hogy olyan j\u00f3 lenne ha el tudn\u00e9k menni \u00e9s megl\u00e1togatni \u0151ket. Lelkileg nagyon \u00f6ssze vannak t\u00f6rve. \u00c9rthet\u0151 f\u00e1jdalmuk. J\u00f3zsef, az \u00e9desapa z\u00f6ld hat\u00e1ron menek\u00fclt \u00e9s j\u00f6tt a csal\u00e1d ut\u00e1n&#8230;. <\/p>\n<p><a class=\"readmore\" href=\"https:\/\/stuttgarti-katolikusok.de\/index.php\/egy-csutortoki-es-penteki-nap-margojara\/\">R\u00e9szletek<\/a><\/p>\n","protected":false},"author":3,"featured_media":28575,"comment_status":"closed","ping_status":"closed","sticky":false,"template":"","format":"standard","meta":{"footnotes":""},"categories":[24],"tags":[],"class_list":["post-28571","post","type-post","status-publish","format-standard","has-post-thumbnail","hentry","category-gondolatok"],"yoast_head":"<!-- This site is optimized with the Yoast SEO plugin v27.3 - https:\/\/yoast.com\/product\/yoast-seo-wordpress\/ -->\n<title>Egy cs\u00fct\u00f6rt\u00f6ki \u00e9s p\u00e9nteki nap marg\u00f3j\u00e1ra - Stuttgarti Katolikusok<\/title>\n<meta name=\"robots\" content=\"index, follow, max-snippet:-1, max-image-preview:large, max-video-preview:-1\" \/>\n<link rel=\"canonical\" href=\"https:\/\/stuttgarti-katolikusok.de\/index.php\/egy-csutortoki-es-penteki-nap-margojara\/\" \/>\n<meta property=\"og:locale\" content=\"hu_HU\" \/>\n<meta property=\"og:type\" content=\"article\" \/>\n<meta property=\"og:title\" content=\"Egy cs\u00fct\u00f6rt\u00f6ki \u00e9s p\u00e9nteki nap marg\u00f3j\u00e1ra - Stuttgarti Katolikusok\" \/>\n<meta property=\"og:description\" content=\"Ezen a h\u00e9ten, 2024. m\u00e1rcius 21-\u00e9n, cs\u00fct\u00f6rt\u00f6k\u00f6n, viszonylag kor\u00e1n elindultam Stuttgartb\u00f3l. Az els\u0151 meg\u00e1ll\u00f3 Biberachban volt. Szem\u00e9lyes dolgaimon t\u00fal id\u0151s \u00e9s beteg testv\u00e9reket is felkerestem, hiszen k\u00f6zeleg h\u00fasv\u00e9t \u00fcnnepe. \u00cdgy jutottam el t\u00f6bbek k\u00f6z\u00f6tt Schlachter Feri b\u00e1csihoz \u00e9s kedves feles\u00e9g\u00e9hez, B\u00f6ske n\u00e9nihez. Amikor meg\u00e9rkeztem, meg is k\u00e9rdeztem Feri b\u00e1csit, hogy h\u00e1nyat kell m\u00e9g aludnia? M\u00e1r csak kilencet &#8211; volt a v\u00e1lasz. Ugyanis 2024. m\u00e1rcius 30-\u00e1n, azaz Nagyszombaton, Feri b\u00e1csi 100. sz\u00fclet\u00e9snapj\u00e1t \u00fcnnepli. Ezt k\u00f6vet\u0151en tov\u00e1bb folytattam utamat. Weingartenben, a szok\u00e1sos Weingarteni d\u00e9lut\u00e1nok keret\u00e9ben, kereszt\u00fati \u00e1jtatoss\u00e1gra \u00e9s szentmis\u00e9re gy\u0171lt\u00fcnk \u00f6ssze. Meglep\u0151 m\u00f3don nagyon sz\u00e9p sz\u00e1mban voltunk jelen. Nagy \u00f6r\u00f6m\u00fcnkre szolg\u00e1lt, hogy Terike n\u00e9ni is m\u00e1r el tudott j\u00f6nni egyed\u00fcl, \u00fagy ahogy baleset\u00e9t k\u00f6vet\u0151en \u00edg\u00e9rte. Este 19.30 \u00f3rakor indultam haza Stuttgartba, a kertek alatt. Riedlingen k\u00f6zel\u00e9ben m\u00e9g egy kedves csal\u00e1dot l\u00e1togattam meg. Esk\u00fcv\u0151t k\u00e9sz\u00edt\u00fcnk el\u0151, annak r\u00e9szleteit besz\u00e9lt\u00fck \u00e1t. K\u00e9s\u0151re j\u00e1rt, amikor \u00fajb\u00f3l aut\u00f3ba \u00fcltem. Csendes volt az \u00fat, sehol egy l\u00e9lek sem. Gondolataimba temetkeztem \u00e9s v\u00e1rtam, hogy haza \u00e9kezzem. Nagyon f\u00e1raszt\u00f3, de ann\u00e1l tartalmasabb volt ez a nap, sok \u00e9lm\u00e9nnyel, \u00f6r\u00f6mteli tal\u00e1lkoz\u00e1sok sokas\u00e1g\u00e1val. \u0150szint\u00e9n \u00f6r\u00fcltem, hogy az \u00dar J\u00e9zus szamarak\u00e9nt ma is annyi helyre elvittem \u0150t. Mintegy n\u00e9gysz\u00e1z kilom\u00e9ter utaz\u00e1s, \u00f6r\u00f6mteli tekintetek, amelyek egyk\u00e9nt \u00fczenik: mennyire j\u00f3, hogy vagyunk egym\u00e1snak. \u00c9jf\u00e9l el\u0151tt \u00e9rkeztem haza. Gyorsan kellene aludni, holnap \u00fajabb tal\u00e1lkoz\u00e1sok v\u00e1rnak. Igen, p\u00e9nteken folyattam ott, ahol abbahagytam. Ism\u00e9t id\u0151s testv\u00e9reket kerestem fel. K\u00f6zben az\u00e9rt volt egy nagyon neh\u00e9z tal\u00e1lkoz\u00f3 is. A Stuttgartban l\u00e9v\u0151 &#8222;Kinder und Jugend Hospiz&#8221;-ba l\u00e1togattam el. K\u00e1rp\u00e1talj\u00e1r\u00f3l, Beregsz\u00e1szb\u00f3l \u00e9rkezett az \u00f6t gyermekes csal\u00e1d. Annabella, aki \u00e9desapja \u00f6l\u00e9ben \u00fcl, 6 \u00e9ves \u00e9s agydaganata van. \u00c1llapota s\u00falyos. Elmentem, hogy els\u0151 k\u00f6rben egy kicsit tolm\u00e1cskodjam,\u00a0 tal\u00e1lkozzunk. Ugyanis az \u00e9desapa \u00f3haja az volt, hogy olyan j\u00f3 lenne ha el tudn\u00e9k menni \u00e9s megl\u00e1togatni \u0151ket. Lelkileg nagyon \u00f6ssze vannak t\u00f6rve. \u00c9rthet\u0151 f\u00e1jdalmuk. J\u00f3zsef, az \u00e9desapa z\u00f6ld hat\u00e1ron menek\u00fclt \u00e9s j\u00f6tt a csal\u00e1d ut\u00e1n.... R\u00e9szletek\" \/>\n<meta property=\"og:url\" content=\"https:\/\/stuttgarti-katolikusok.de\/index.php\/egy-csutortoki-es-penteki-nap-margojara\/\" \/>\n<meta property=\"og:site_name\" content=\"Stuttgarti Katolikusok\" \/>\n<meta property=\"article:published_time\" content=\"2024-03-23T11:36:36+00:00\" \/>\n<meta property=\"article:modified_time\" content=\"2024-03-23T11:38:41+00:00\" \/>\n<meta property=\"og:image\" content=\"https:\/\/stuttgarti-katolikusok.de\/wp-content\/uploads\/2024\/03\/web-25.jpg\" \/>\n\t<meta property=\"og:image:width\" content=\"1080\" \/>\n\t<meta property=\"og:image:height\" content=\"799\" \/>\n\t<meta property=\"og:image:type\" content=\"image\/jpeg\" \/>\n<meta name=\"author\" content=\"Tibor atya\" \/>\n<meta name=\"twitter:card\" content=\"summary_large_image\" \/>\n<meta name=\"twitter:label1\" content=\"Szerz\u0151:\" \/>\n\t<meta name=\"twitter:data1\" content=\"Tibor atya\" \/>\n\t<meta name=\"twitter:label2\" content=\"Becs\u00fclt olvas\u00e1si id\u0151\" \/>\n\t<meta name=\"twitter:data2\" content=\"3 perc\" \/>\n<script type=\"application\/ld+json\" class=\"yoast-schema-graph\">{\"@context\":\"https:\\\/\\\/schema.org\",\"@graph\":[{\"@type\":\"Article\",\"@id\":\"https:\\\/\\\/stuttgarti-katolikusok.de\\\/index.php\\\/egy-csutortoki-es-penteki-nap-margojara\\\/#article\",\"isPartOf\":{\"@id\":\"https:\\\/\\\/stuttgarti-katolikusok.de\\\/index.php\\\/egy-csutortoki-es-penteki-nap-margojara\\\/\"},\"author\":{\"name\":\"Tibor atya\",\"@id\":\"https:\\\/\\\/stuttgarti-katolikusok.de\\\/#\\\/schema\\\/person\\\/75908d6f8fdc03a57889d27209df7795\"},\"headline\":\"Egy cs\u00fct\u00f6rt\u00f6ki \u00e9s p\u00e9nteki nap marg\u00f3j\u00e1ra\",\"datePublished\":\"2024-03-23T11:36:36+00:00\",\"dateModified\":\"2024-03-23T11:38:41+00:00\",\"mainEntityOfPage\":{\"@id\":\"https:\\\/\\\/stuttgarti-katolikusok.de\\\/index.php\\\/egy-csutortoki-es-penteki-nap-margojara\\\/\"},\"wordCount\":525,\"image\":{\"@id\":\"https:\\\/\\\/stuttgarti-katolikusok.de\\\/index.php\\\/egy-csutortoki-es-penteki-nap-margojara\\\/#primaryimage\"},\"thumbnailUrl\":\"https:\\\/\\\/stuttgarti-katolikusok.de\\\/wp-content\\\/uploads\\\/2024\\\/03\\\/web-25.jpg\",\"articleSection\":[\"Gondolatok\"],\"inLanguage\":\"hu\"},{\"@type\":\"WebPage\",\"@id\":\"https:\\\/\\\/stuttgarti-katolikusok.de\\\/index.php\\\/egy-csutortoki-es-penteki-nap-margojara\\\/\",\"url\":\"https:\\\/\\\/stuttgarti-katolikusok.de\\\/index.php\\\/egy-csutortoki-es-penteki-nap-margojara\\\/\",\"name\":\"Egy cs\u00fct\u00f6rt\u00f6ki \u00e9s p\u00e9nteki nap marg\u00f3j\u00e1ra - Stuttgarti Katolikusok\",\"isPartOf\":{\"@id\":\"https:\\\/\\\/stuttgarti-katolikusok.de\\\/#website\"},\"primaryImageOfPage\":{\"@id\":\"https:\\\/\\\/stuttgarti-katolikusok.de\\\/index.php\\\/egy-csutortoki-es-penteki-nap-margojara\\\/#primaryimage\"},\"image\":{\"@id\":\"https:\\\/\\\/stuttgarti-katolikusok.de\\\/index.php\\\/egy-csutortoki-es-penteki-nap-margojara\\\/#primaryimage\"},\"thumbnailUrl\":\"https:\\\/\\\/stuttgarti-katolikusok.de\\\/wp-content\\\/uploads\\\/2024\\\/03\\\/web-25.jpg\",\"datePublished\":\"2024-03-23T11:36:36+00:00\",\"dateModified\":\"2024-03-23T11:38:41+00:00\",\"author\":{\"@id\":\"https:\\\/\\\/stuttgarti-katolikusok.de\\\/#\\\/schema\\\/person\\\/75908d6f8fdc03a57889d27209df7795\"},\"breadcrumb\":{\"@id\":\"https:\\\/\\\/stuttgarti-katolikusok.de\\\/index.php\\\/egy-csutortoki-es-penteki-nap-margojara\\\/#breadcrumb\"},\"inLanguage\":\"hu\",\"potentialAction\":[{\"@type\":\"ReadAction\",\"target\":[\"https:\\\/\\\/stuttgarti-katolikusok.de\\\/index.php\\\/egy-csutortoki-es-penteki-nap-margojara\\\/\"]}]},{\"@type\":\"ImageObject\",\"inLanguage\":\"hu\",\"@id\":\"https:\\\/\\\/stuttgarti-katolikusok.de\\\/index.php\\\/egy-csutortoki-es-penteki-nap-margojara\\\/#primaryimage\",\"url\":\"https:\\\/\\\/stuttgarti-katolikusok.de\\\/wp-content\\\/uploads\\\/2024\\\/03\\\/web-25.jpg\",\"contentUrl\":\"https:\\\/\\\/stuttgarti-katolikusok.de\\\/wp-content\\\/uploads\\\/2024\\\/03\\\/web-25.jpg\",\"width\":1080,\"height\":799},{\"@type\":\"BreadcrumbList\",\"@id\":\"https:\\\/\\\/stuttgarti-katolikusok.de\\\/index.php\\\/egy-csutortoki-es-penteki-nap-margojara\\\/#breadcrumb\",\"itemListElement\":[{\"@type\":\"ListItem\",\"position\":1,\"name\":\"Kezd\u0151lap\",\"item\":\"https:\\\/\\\/stuttgarti-katolikusok.de\\\/\"},{\"@type\":\"ListItem\",\"position\":2,\"name\":\"Egy cs\u00fct\u00f6rt\u00f6ki \u00e9s p\u00e9nteki nap marg\u00f3j\u00e1ra\"}]},{\"@type\":\"WebSite\",\"@id\":\"https:\\\/\\\/stuttgarti-katolikusok.de\\\/#website\",\"url\":\"https:\\\/\\\/stuttgarti-katolikusok.de\\\/\",\"name\":\"Stuttgarti Katolikusok\",\"description\":\"\",\"potentialAction\":[{\"@type\":\"SearchAction\",\"target\":{\"@type\":\"EntryPoint\",\"urlTemplate\":\"https:\\\/\\\/stuttgarti-katolikusok.de\\\/?s={search_term_string}\"},\"query-input\":{\"@type\":\"PropertyValueSpecification\",\"valueRequired\":true,\"valueName\":\"search_term_string\"}}],\"inLanguage\":\"hu\"},{\"@type\":\"Person\",\"@id\":\"https:\\\/\\\/stuttgarti-katolikusok.de\\\/#\\\/schema\\\/person\\\/75908d6f8fdc03a57889d27209df7795\",\"name\":\"Tibor atya\",\"image\":{\"@type\":\"ImageObject\",\"inLanguage\":\"hu\",\"@id\":\"https:\\\/\\\/secure.gravatar.com\\\/avatar\\\/61d268e57d1f4525b111222e29d2d5a7f8c420fdbf231ba5566a8ceac74fa960?s=96&d=mm&r=g\",\"url\":\"https:\\\/\\\/secure.gravatar.com\\\/avatar\\\/61d268e57d1f4525b111222e29d2d5a7f8c420fdbf231ba5566a8ceac74fa960?s=96&d=mm&r=g\",\"contentUrl\":\"https:\\\/\\\/secure.gravatar.com\\\/avatar\\\/61d268e57d1f4525b111222e29d2d5a7f8c420fdbf231ba5566a8ceac74fa960?s=96&d=mm&r=g\",\"caption\":\"Tibor atya\"},\"url\":\"https:\\\/\\\/stuttgarti-katolikusok.de\\\/index.php\\\/author\\\/tibor-atya\\\/\"}]}<\/script>\n<!-- \/ Yoast SEO plugin. -->","yoast_head_json":{"title":"Egy cs\u00fct\u00f6rt\u00f6ki \u00e9s p\u00e9nteki nap marg\u00f3j\u00e1ra - Stuttgarti Katolikusok","robots":{"index":"index","follow":"follow","max-snippet":"max-snippet:-1","max-image-preview":"max-image-preview:large","max-video-preview":"max-video-preview:-1"},"canonical":"https:\/\/stuttgarti-katolikusok.de\/index.php\/egy-csutortoki-es-penteki-nap-margojara\/","og_locale":"hu_HU","og_type":"article","og_title":"Egy cs\u00fct\u00f6rt\u00f6ki \u00e9s p\u00e9nteki nap marg\u00f3j\u00e1ra - Stuttgarti Katolikusok","og_description":"Ezen a h\u00e9ten, 2024. m\u00e1rcius 21-\u00e9n, cs\u00fct\u00f6rt\u00f6k\u00f6n, viszonylag kor\u00e1n elindultam Stuttgartb\u00f3l. Az els\u0151 meg\u00e1ll\u00f3 Biberachban volt. Szem\u00e9lyes dolgaimon t\u00fal id\u0151s \u00e9s beteg testv\u00e9reket is felkerestem, hiszen k\u00f6zeleg h\u00fasv\u00e9t \u00fcnnepe. \u00cdgy jutottam el t\u00f6bbek k\u00f6z\u00f6tt Schlachter Feri b\u00e1csihoz \u00e9s kedves feles\u00e9g\u00e9hez, B\u00f6ske n\u00e9nihez. Amikor meg\u00e9rkeztem, meg is k\u00e9rdeztem Feri b\u00e1csit, hogy h\u00e1nyat kell m\u00e9g aludnia? M\u00e1r csak kilencet &#8211; volt a v\u00e1lasz. Ugyanis 2024. m\u00e1rcius 30-\u00e1n, azaz Nagyszombaton, Feri b\u00e1csi 100. sz\u00fclet\u00e9snapj\u00e1t \u00fcnnepli. Ezt k\u00f6vet\u0151en tov\u00e1bb folytattam utamat. Weingartenben, a szok\u00e1sos Weingarteni d\u00e9lut\u00e1nok keret\u00e9ben, kereszt\u00fati \u00e1jtatoss\u00e1gra \u00e9s szentmis\u00e9re gy\u0171lt\u00fcnk \u00f6ssze. Meglep\u0151 m\u00f3don nagyon sz\u00e9p sz\u00e1mban voltunk jelen. Nagy \u00f6r\u00f6m\u00fcnkre szolg\u00e1lt, hogy Terike n\u00e9ni is m\u00e1r el tudott j\u00f6nni egyed\u00fcl, \u00fagy ahogy baleset\u00e9t k\u00f6vet\u0151en \u00edg\u00e9rte. Este 19.30 \u00f3rakor indultam haza Stuttgartba, a kertek alatt. Riedlingen k\u00f6zel\u00e9ben m\u00e9g egy kedves csal\u00e1dot l\u00e1togattam meg. Esk\u00fcv\u0151t k\u00e9sz\u00edt\u00fcnk el\u0151, annak r\u00e9szleteit besz\u00e9lt\u00fck \u00e1t. K\u00e9s\u0151re j\u00e1rt, amikor \u00fajb\u00f3l aut\u00f3ba \u00fcltem. Csendes volt az \u00fat, sehol egy l\u00e9lek sem. Gondolataimba temetkeztem \u00e9s v\u00e1rtam, hogy haza \u00e9kezzem. Nagyon f\u00e1raszt\u00f3, de ann\u00e1l tartalmasabb volt ez a nap, sok \u00e9lm\u00e9nnyel, \u00f6r\u00f6mteli tal\u00e1lkoz\u00e1sok sokas\u00e1g\u00e1val. \u0150szint\u00e9n \u00f6r\u00fcltem, hogy az \u00dar J\u00e9zus szamarak\u00e9nt ma is annyi helyre elvittem \u0150t. Mintegy n\u00e9gysz\u00e1z kilom\u00e9ter utaz\u00e1s, \u00f6r\u00f6mteli tekintetek, amelyek egyk\u00e9nt \u00fczenik: mennyire j\u00f3, hogy vagyunk egym\u00e1snak. \u00c9jf\u00e9l el\u0151tt \u00e9rkeztem haza. Gyorsan kellene aludni, holnap \u00fajabb tal\u00e1lkoz\u00e1sok v\u00e1rnak. Igen, p\u00e9nteken folyattam ott, ahol abbahagytam. Ism\u00e9t id\u0151s testv\u00e9reket kerestem fel. K\u00f6zben az\u00e9rt volt egy nagyon neh\u00e9z tal\u00e1lkoz\u00f3 is. A Stuttgartban l\u00e9v\u0151 &#8222;Kinder und Jugend Hospiz&#8221;-ba l\u00e1togattam el. K\u00e1rp\u00e1talj\u00e1r\u00f3l, Beregsz\u00e1szb\u00f3l \u00e9rkezett az \u00f6t gyermekes csal\u00e1d. Annabella, aki \u00e9desapja \u00f6l\u00e9ben \u00fcl, 6 \u00e9ves \u00e9s agydaganata van. \u00c1llapota s\u00falyos. Elmentem, hogy els\u0151 k\u00f6rben egy kicsit tolm\u00e1cskodjam,\u00a0 tal\u00e1lkozzunk. Ugyanis az \u00e9desapa \u00f3haja az volt, hogy olyan j\u00f3 lenne ha el tudn\u00e9k menni \u00e9s megl\u00e1togatni \u0151ket. Lelkileg nagyon \u00f6ssze vannak t\u00f6rve. \u00c9rthet\u0151 f\u00e1jdalmuk. J\u00f3zsef, az \u00e9desapa z\u00f6ld hat\u00e1ron menek\u00fclt \u00e9s j\u00f6tt a csal\u00e1d ut\u00e1n.... R\u00e9szletek","og_url":"https:\/\/stuttgarti-katolikusok.de\/index.php\/egy-csutortoki-es-penteki-nap-margojara\/","og_site_name":"Stuttgarti Katolikusok","article_published_time":"2024-03-23T11:36:36+00:00","article_modified_time":"2024-03-23T11:38:41+00:00","og_image":[{"width":1080,"height":799,"url":"https:\/\/stuttgarti-katolikusok.de\/wp-content\/uploads\/2024\/03\/web-25.jpg","type":"image\/jpeg"}],"author":"Tibor atya","twitter_card":"summary_large_image","twitter_misc":{"Szerz\u0151:":"Tibor atya","Becs\u00fclt olvas\u00e1si id\u0151":"3 perc"},"schema":{"@context":"https:\/\/schema.org","@graph":[{"@type":"Article","@id":"https:\/\/stuttgarti-katolikusok.de\/index.php\/egy-csutortoki-es-penteki-nap-margojara\/#article","isPartOf":{"@id":"https:\/\/stuttgarti-katolikusok.de\/index.php\/egy-csutortoki-es-penteki-nap-margojara\/"},"author":{"name":"Tibor atya","@id":"https:\/\/stuttgarti-katolikusok.de\/#\/schema\/person\/75908d6f8fdc03a57889d27209df7795"},"headline":"Egy cs\u00fct\u00f6rt\u00f6ki \u00e9s p\u00e9nteki nap marg\u00f3j\u00e1ra","datePublished":"2024-03-23T11:36:36+00:00","dateModified":"2024-03-23T11:38:41+00:00","mainEntityOfPage":{"@id":"https:\/\/stuttgarti-katolikusok.de\/index.php\/egy-csutortoki-es-penteki-nap-margojara\/"},"wordCount":525,"image":{"@id":"https:\/\/stuttgarti-katolikusok.de\/index.php\/egy-csutortoki-es-penteki-nap-margojara\/#primaryimage"},"thumbnailUrl":"https:\/\/stuttgarti-katolikusok.de\/wp-content\/uploads\/2024\/03\/web-25.jpg","articleSection":["Gondolatok"],"inLanguage":"hu"},{"@type":"WebPage","@id":"https:\/\/stuttgarti-katolikusok.de\/index.php\/egy-csutortoki-es-penteki-nap-margojara\/","url":"https:\/\/stuttgarti-katolikusok.de\/index.php\/egy-csutortoki-es-penteki-nap-margojara\/","name":"Egy cs\u00fct\u00f6rt\u00f6ki \u00e9s p\u00e9nteki nap marg\u00f3j\u00e1ra - Stuttgarti Katolikusok","isPartOf":{"@id":"https:\/\/stuttgarti-katolikusok.de\/#website"},"primaryImageOfPage":{"@id":"https:\/\/stuttgarti-katolikusok.de\/index.php\/egy-csutortoki-es-penteki-nap-margojara\/#primaryimage"},"image":{"@id":"https:\/\/stuttgarti-katolikusok.de\/index.php\/egy-csutortoki-es-penteki-nap-margojara\/#primaryimage"},"thumbnailUrl":"https:\/\/stuttgarti-katolikusok.de\/wp-content\/uploads\/2024\/03\/web-25.jpg","datePublished":"2024-03-23T11:36:36+00:00","dateModified":"2024-03-23T11:38:41+00:00","author":{"@id":"https:\/\/stuttgarti-katolikusok.de\/#\/schema\/person\/75908d6f8fdc03a57889d27209df7795"},"breadcrumb":{"@id":"https:\/\/stuttgarti-katolikusok.de\/index.php\/egy-csutortoki-es-penteki-nap-margojara\/#breadcrumb"},"inLanguage":"hu","potentialAction":[{"@type":"ReadAction","target":["https:\/\/stuttgarti-katolikusok.de\/index.php\/egy-csutortoki-es-penteki-nap-margojara\/"]}]},{"@type":"ImageObject","inLanguage":"hu","@id":"https:\/\/stuttgarti-katolikusok.de\/index.php\/egy-csutortoki-es-penteki-nap-margojara\/#primaryimage","url":"https:\/\/stuttgarti-katolikusok.de\/wp-content\/uploads\/2024\/03\/web-25.jpg","contentUrl":"https:\/\/stuttgarti-katolikusok.de\/wp-content\/uploads\/2024\/03\/web-25.jpg","width":1080,"height":799},{"@type":"BreadcrumbList","@id":"https:\/\/stuttgarti-katolikusok.de\/index.php\/egy-csutortoki-es-penteki-nap-margojara\/#breadcrumb","itemListElement":[{"@type":"ListItem","position":1,"name":"Kezd\u0151lap","item":"https:\/\/stuttgarti-katolikusok.de\/"},{"@type":"ListItem","position":2,"name":"Egy cs\u00fct\u00f6rt\u00f6ki \u00e9s p\u00e9nteki nap marg\u00f3j\u00e1ra"}]},{"@type":"WebSite","@id":"https:\/\/stuttgarti-katolikusok.de\/#website","url":"https:\/\/stuttgarti-katolikusok.de\/","name":"Stuttgarti Katolikusok","description":"","potentialAction":[{"@type":"SearchAction","target":{"@type":"EntryPoint","urlTemplate":"https:\/\/stuttgarti-katolikusok.de\/?s={search_term_string}"},"query-input":{"@type":"PropertyValueSpecification","valueRequired":true,"valueName":"search_term_string"}}],"inLanguage":"hu"},{"@type":"Person","@id":"https:\/\/stuttgarti-katolikusok.de\/#\/schema\/person\/75908d6f8fdc03a57889d27209df7795","name":"Tibor atya","image":{"@type":"ImageObject","inLanguage":"hu","@id":"https:\/\/secure.gravatar.com\/avatar\/61d268e57d1f4525b111222e29d2d5a7f8c420fdbf231ba5566a8ceac74fa960?s=96&d=mm&r=g","url":"https:\/\/secure.gravatar.com\/avatar\/61d268e57d1f4525b111222e29d2d5a7f8c420fdbf231ba5566a8ceac74fa960?s=96&d=mm&r=g","contentUrl":"https:\/\/secure.gravatar.com\/avatar\/61d268e57d1f4525b111222e29d2d5a7f8c420fdbf231ba5566a8ceac74fa960?s=96&d=mm&r=g","caption":"Tibor atya"},"url":"https:\/\/stuttgarti-katolikusok.de\/index.php\/author\/tibor-atya\/"}]}},"_links":{"self":[{"href":"https:\/\/stuttgarti-katolikusok.de\/index.php\/wp-json\/wp\/v2\/posts\/28571","targetHints":{"allow":["GET"]}}],"collection":[{"href":"https:\/\/stuttgarti-katolikusok.de\/index.php\/wp-json\/wp\/v2\/posts"}],"about":[{"href":"https:\/\/stuttgarti-katolikusok.de\/index.php\/wp-json\/wp\/v2\/types\/post"}],"author":[{"embeddable":true,"href":"https:\/\/stuttgarti-katolikusok.de\/index.php\/wp-json\/wp\/v2\/users\/3"}],"replies":[{"embeddable":true,"href":"https:\/\/stuttgarti-katolikusok.de\/index.php\/wp-json\/wp\/v2\/comments?post=28571"}],"version-history":[{"count":3,"href":"https:\/\/stuttgarti-katolikusok.de\/index.php\/wp-json\/wp\/v2\/posts\/28571\/revisions"}],"predecessor-version":[{"id":28578,"href":"https:\/\/stuttgarti-katolikusok.de\/index.php\/wp-json\/wp\/v2\/posts\/28571\/revisions\/28578"}],"wp:featuredmedia":[{"embeddable":true,"href":"https:\/\/stuttgarti-katolikusok.de\/index.php\/wp-json\/wp\/v2\/media\/28575"}],"wp:attachment":[{"href":"https:\/\/stuttgarti-katolikusok.de\/index.php\/wp-json\/wp\/v2\/media?parent=28571"}],"wp:term":[{"taxonomy":"category","embeddable":true,"href":"https:\/\/stuttgarti-katolikusok.de\/index.php\/wp-json\/wp\/v2\/categories?post=28571"},{"taxonomy":"post_tag","embeddable":true,"href":"https:\/\/stuttgarti-katolikusok.de\/index.php\/wp-json\/wp\/v2\/tags?post=28571"}],"curies":[{"name":"wp","href":"https:\/\/api.w.org\/{rel}","templated":true}]}}