{"id":28566,"date":"2024-03-23T11:36:45","date_gmt":"2024-03-23T10:36:45","guid":{"rendered":"https:\/\/stuttgarti-katolikusok.de\/?p=28566"},"modified":"2024-03-23T11:41:33","modified_gmt":"2024-03-23T10:41:33","slug":"viragvasarnap-az-ur-szenvedesenek-vasarnapja","status":"publish","type":"post","link":"https:\/\/stuttgarti-katolikusok.de\/index.php\/viragvasarnap-az-ur-szenvedesenek-vasarnapja\/","title":{"rendered":"Vir\u00e1gvas\u00e1rnap &#8211; az \u00dar szenved\u00e9s\u00e9nek vas\u00e1rnapja"},"content":{"rendered":"<p><span style=\"color: #ff0000;\"><em>A vir\u00e1gvas\u00e1rnapi barkaszentel\u00e9s \u00e9s k\u00f6rmenet J\u00e9zus \u00fcnnep\u00e9lyes jeruzs\u00e1lemi bevonul\u00e1sra eml\u00e9keztet. Csatlakozzunk mi is a lelkes t\u00f6meghez, k\u00f6sz\u00f6nj\u00fck meg D\u00e1vid Fi\u00e1nak, hogy elj\u00f6tt hozz\u00e1nk az \u00dar nev\u00e9ben, \u00e9s elhozta k\u00f6z\u00e9nk Isten orsz\u00e1g\u00e1t.<\/em><\/span><\/p>\n<p><span style=\"color: #ff0000;\"><em>Az olvasm\u00e1ny arr\u00f3l sz\u00f3l, hogy a Messi\u00e1s az \u00dar szenved\u0151 szolg\u00e1ja lesz. Nem menek\u00fcl el a szenved\u00e9st\u0151l, hanem el\u00e9be megy, mert b\u00edzik az \u00darban, hogy megseg\u00edti \u00e9s nem vall sz\u00e9gyent.<\/em><\/span><\/p>\n<p><span style=\"color: #ff0000;\"><em>A szentlecke az egyik legm\u00e9lyebb teol\u00f3giai tan\u00edt\u00e1s. Krisztus szolgai alakot vett fel \u00e9s ki\u00fcres\u00edtette \u00f6nmag\u00e1t. Ezzel mintegy k\u00f6vetend\u0151 utat is mutat a ma embere sz\u00e1m\u00e1ra. A teljes\u00edtm\u00e9ny n\u00e9lk\u00fcli celebek kor\u00e1ban, \u0151ket k\u00f6vetve, sokan a neki juttatott c\u00edm \u00e9s poz\u00edci\u00f3 m\u00f6g\u00e9 rejt\u0151\u00edznek. M\u00e9lys\u00e9g \u00e9s tartalom n\u00e9lk\u00fcl! Cser\u00e9be elv\u00e1rj\u00e1k, hogy emiatt tisztelj\u00e9k \u0151ket. K\u00f6z\u00e9j\u00fck tartozom? &#8211; megv\u00e1laszoland\u00f3 k\u00e9rd\u00e9s.<\/em><\/span><\/p>\n<p><span style=\"color: #ff0000;\"><em>A szenved\u00e9st\u00f6rt\u00e9net, azaz a passi\u00f3, karaktereket \u00e1ll\u00edt el\u00e9m. Mik\u00f6zben hallgatom \u00e9s gondolkodom, helyem is keresem a szenved\u00e9st\u00f6rt\u00e9netben. Ilyen \u00e9rtelemben egyfajta t\u00fck\u00f6rk\u00e9nt is tekinthetek r\u00e1, amelyben megl\u00e1tom magam. Maradjak \u0151szinte \u00f6nmagamhoz, s akkor igencsak tisztul ez a k\u00e9p.\u00a0<\/em><\/span><\/p>\n<p><span style=\"color: #ff0000;\">Kezd\u0151\u00e9nek:<\/span><br \/>\nHat nappal H\u00fasv\u00e9t el\u0151tt, amikor az \u00dar Jeruzs\u00e1lembe \u00e9rkezett, gyermekek j\u00f6ttek el\u00e9be: kez\u00fckben p\u00e1lma\u00e1gakat hoztak, \u00e9s hangosan ki\u00e1ltozt\u00e1k: Hozsanna a magass\u00e1gban! \u00c1ldott vagy, aki irgalmadnak b\u0151s\u00e9g\u00e9v\u00e9! \u00e9rkezel! (V\u00f6.Jn 12,1.12-13)<br \/>\n<span style=\"color: #ff0000;\"><em>vagy<\/em><\/span><br \/>\nEmelj\u00e9tek f\u00f6l fejeteket, kapuk, t\u00e1ruljatok fel, \u00f6r\u00f6k kapuk, hadd vonuljon be a dics\u0151s\u00e9g kir\u00e1lya!<br \/>\nKi az a dics\u0151s\u00e9g kir\u00e1lya? A Seregek Ura, \u0151 a dics\u0151s\u00e9g Kir\u00e1lya! Hozsanna a magass\u00e1gban! \u00c1ldott vagy, aki irgalmadnak b\u0151s\u00e9g\u00e9v\u00e9! \u00e9rkezel! (Zsolt 23,9-10)<\/p>\n<p><span style=\"color: #ff0000;\">K\u00f6ny\u00f6rg\u00e9s:<\/span><br \/>\nMindenhat\u00f3, \u00f6r\u00f6k Isten, \u00dcdv\u00f6z\u00edt\u0151nk p\u00e9ld\u00e1t adott nek\u00fcnk az al\u00e1zatoss\u00e1gra, amikor szent akaratodb\u00f3l emberi testet \u00f6lt\u00f6tt \u00e9s v\u00e1llalta a kereszthal\u00e1lt. Seg\u00edts j\u00f3s\u00e1gosan, hogy k\u00ednszenved\u00e9s\u00e9nek tan\u00edt\u00e1s\u00e1t meg\u00e9rts\u00fck, \u00e9s t\u00e1rsai lehess\u00fcnk felt\u00e1mad\u00e1s\u00e1ban. Aki veled \u00e9l \u00e9s uralkodik a Szentl\u00e9lekkel egys\u00e9gben, Isten mind\u00f6r\u00f6kk\u00f6n \u00f6r\u00f6kk\u00e9.<\/p>\n<p align=\"justify\"><span style=\"color: #ff0000;\">OLVASM\u00c1NY Izaj\u00e1s pr\u00f3f\u00e9ta k\u00f6nyv\u00e9b\u0151l (Iz 50,4-7)<\/span><br \/>\nIzaj\u00e1s \u00edgy j\u00f6vend\u00f6lt a Megv\u00e1lt\u00f3r\u00f3l: Ezt mondja az \u00dar Szolg\u00e1ja: \u201eIsten, az \u00dar tan\u00edtotta nyelvemet, hogy az ig\u00e9vel t\u00e1masza lehessek a megf\u00e1radtaknak. Reggelenk\u00e9nt \u0151 teszi figyelmess\u00e9 f\u00fclemet, hogy r\u00e1 hallgassak, mint a tan\u00edtv\u00e1nyok. Isten, az \u00dar nyitotta meg f\u00fclemet. S \u00e9n nem \u00e1lltam ellen \u00e9s nem h\u00e1tr\u00e1ltam meg. H\u00e1tamat odaadtam azoknak, akik vertek, arcomat meg azoknak, akik t\u00e9p\u00e1ztak. Nem rejtettem el arcomat azok el\u0151l, akik gyal\u00e1ztak \u00e9s lek\u00f6pd\u00f6stek. Isten, az \u00dar megseg\u00edt, ez\u00e9rt nem vallok sz\u00e9gyent. Arcomat megkem\u00e9ny\u00edtem, mint a k\u0151szikla, s tudom, hogy nem kell sz\u00e9gyenkeznem.\u201d<br \/>\nEz az Isten ig\u00e9je.<\/p>\n<p align=\"justify\"><span style=\"color: #ff0000;\">V\u00c1LASZOS ZSOLT\u00c1R (Zsolt 21,8-9.17-18a.19-20.23-24)<\/span><br \/>\nV\u00e1lasz:\u00a0<strong>Istenem,\u00a0<u>Is<\/u>tenem, * mi\u00e9rt hagyt\u00e1l\u00a0<u>el<\/u>\u00a0engem?<\/strong>\u00a0(2. t\u00f3nus.)<br \/>\nEl\u0151\u00e9nekes: Aki csak r\u00e1m n\u00e9z, mind\u00a0<u>ki<\/u>nevet, * elh\u00fazza sz\u00e1j\u00e1t, fe<u>j\u00e9t<\/u>\u00a0cs\u00f3v\u00e1lja.<br \/>\nAz \u00darban rem\u00e9lt, h\u00e1t\u00a0<u>ment<\/u>se meg, * ha szereti \u0151t, szaba<u>d\u00edt<\/u>sa meg.<br \/>\nH\u00edvek:\u00a0<strong>Istenem,\u00a0<u>Is<\/u>tenem, * mi\u00e9rt hagyt\u00e1l\u00a0<u>el<\/u>\u00a0engem?<\/strong><br \/>\nE: Kuty\u00e1k falk\u00e1ja vett\u00a0<u>k\u00f6<\/u>r\u00fcl, * gonosztev\u0151k serege szoron<u>gat<\/u>\u00a0engem.<br \/>\n\u00c1tlyuggatt\u00e1k kezemet \u00e9s\u00a0<u>l\u00e1<\/u>bamat, * megsz\u00e1ml\u00e1lhatom min<u>den<\/u>\u00a0csontomat.<br \/>\nH:\u00a0<strong>Istenem,\u00a0<u>Is<\/u>tenem, * mi\u00e9rt hagyt\u00e1l\u00a0<u>el<\/u>\u00a0engem?<\/strong><br \/>\nE: Elosztj\u00e1k maguk k\u00f6zt\u00a0<u>ru<\/u>h\u00e1mat, * \u00e9s k\u00f6nt\u00f6s\u00f6mre sor<u>sot<\/u>\u00a0vetnek.<br \/>\nTe azonban, Uram, ne maradj\u00a0<u>t\u00e1<\/u>vol, * er\u0151ss\u00e9gem siess\u00a0<u>\u00e9s<\/u>\u00a0seg\u00edts.<br \/>\nH:\u00a0<strong>Istenem,\u00a0<u>Is<\/u>tenem, * mi\u00e9rt hagyt\u00e1l\u00a0<u>el<\/u>\u00a0engem?<\/strong><br \/>\nE: Hirdetni fogom nevedet testv\u00e9reim\u00a0<u>e<\/u>l\u0151tt, * a gy\u00fclekezetben dics\u0151\u00edte<u>lek<\/u>\u00a0t\u00e9ged.<br \/>\nTi, akik f\u00e9litek az Urat, \u00e1ld<u>j\u00e1<\/u>tok, \u2020 magasztalj\u00e1tok \u0151t, J\u00e1kob\u00a0<u>fi<\/u>ai, * Izrael minden gyerme<u>ke<\/u>\u00a0f\u00e9lje \u0151t.<br \/>\nH:\u00a0<strong>Istenem,\u00a0<u>Is<\/u>tenem, * mi\u00e9rt hagyt\u00e1l\u00a0<u>el<\/u>\u00a0engem?<\/strong><\/p>\n<p align=\"justify\"><span style=\"color: #ff0000;\">SZENTLECKE Szent P\u00e1l apostolnak a filippiekhez \u00edrt level\u00e9b\u0151l (Fil 2,6-11)<\/span><br \/>\nTestv\u00e9reim! Krisztus J\u00e9zus, mint Isten, az Istennel val\u00f3 egyenl\u0151s\u00e9get nem tartotta olyan dolognak, amelyhez felt\u00e9tlen\u00fcl ragaszkodnia kell, hanem szolgai alakot \u00f6lt\u00f6tt, ki\u00fcres\u00edtette \u00f6nmag\u00e1t, \u00e9s hasonl\u00f3 lett az emberekhez. Megal\u00e1zta \u00f6nmag\u00e1t, \u00e9s engedelmes lett a hal\u00e1lig, m\u00e9gpedig a kereszthal\u00e1lig.<br \/>\nEz\u00e9rt Isten felmagasztalta \u0151t, \u00e9s olyan nevet adott neki, amely f\u00f6l\u00f6tte van minden n\u00e9vnek, hogy J\u00e9zus nev\u00e9re hajoljon meg minden t\u00e9rd a mennyben, a f\u00f6ld\u00f6n, \u00e9s az alvil\u00e1gban, \u00e9s minden nyelv hirdesse az Atyaisten dics\u0151s\u00e9g\u00e9re, hogy J\u00e9zus Krisztus az \u00dar.<br \/>\nEz az Isten ig\u00e9je.<\/p>\n<p align=\"justify\"><span style=\"color: #ff0000;\">EVANG\u00c9LIUM EL\u0150TTI VERS<\/span><br \/>\nKrisztus engedelmes lett \u00e9rt\u00fcnk\u00a0<u>mind<\/u>hal\u00e1lig, * m\u00e9gpedig a\u00a0<u>ke<\/u>reszthal\u00e1lig.<br \/>\nEz\u00e9rt Isten felmagasztal<u>ta<\/u>, \u2020 \u00e9s olyan nevet\u00a0<u>a<\/u>dott neki, * amely f\u00f6l\u00f6tte \u00e1ll\u00a0<u>min<\/u>den n\u00e9vnek.<br \/>\n(Fil 2,8-9 \u2013 7b. t\u00f3nus.)<\/p>\n<p align=\"justify\"><span style=\"color: #ff0000;\">\u2020 A MI URUNK J\u00c9ZUS KRISZTUS K\u00cdNSZENVED\u00c9SE Szent M\u00e1rk szerint (Mk 14,1-15,47 <em>vagy<\/em> <em>r\u00f6v.<\/em>: Mk 15,1-39)<\/span><\/p>\n<p>K\u00e9t nappal a h\u00fasv\u00e9t \u00e9s a kov\u00e1sztalan kenyerek \u00fcnnepe el\u0151tt a f\u0151papok \u00e9s \u00edr\u00e1stud\u00f3k arr\u00f3l tan\u00e1cskoztak, hogyan foghatn\u00e1k el J\u00e9zust csellel, hogy azut\u00e1n meg\u00f6lj\u00e9k. \u00cdgy sz\u00f3ltak: \u201eNe az \u00fcnnepen, nehogy zavarg\u00e1s t\u00e1madjon a n\u00e9p k\u00f6z\u00f6tt!\u201d<\/p>\n<p>Amikor J\u00e9zust Bet\u00e1ni\u00e1ban a lepr\u00e1s Simon h\u00e1z\u00e1ban vend\u00e9g\u00fcl l\u00e1tt\u00e1k, odal\u00e9pett hozz\u00e1 egy asszony. Alab\u00e1strom ed\u00e9nyben val\u00f3di \u00e9s igen dr\u00e1ga n\u00e1rdusolajat hozott. Sz\u00e9tt\u00f6rte az alab\u00e1strom ed\u00e9nyt, \u00e9s (az olajat J\u00e9zus) fej\u00e9re \u00f6nt\u00f6tte. Egyesek bosszankodtak magukban: \u201eMi\u00e9rt kell a kenetet \u00edgy pazarolni? Hiszen t\u00f6bb mint h\u00e1romsz\u00e1z d\u00e9n\u00e1r\u00e9rt el lehetett volna adni, \u00e9s sz\u00e9tosztani a szeg\u00e9nyek k\u00f6z\u00f6tt.\u201d \u00c9s megharagudtak az asszonyra. J\u00e9zus azonban ezt mondta: \u201eHagyj\u00e1tok \u0151t! Mi\u00e9rt b\u00e1ntj\u00e1tok, hiszen j\u00f3t tett velem! Szeg\u00e9nyek mindig lesznek veletek, \u00e9s amikor csak akarj\u00e1tok, j\u00f3t tehettek vel\u00fck. \u00c9n azonban nem leszek mindig veletek. \u0150 megtette azt, ami t\u0151le telt: El\u0151re megkente testemet a temet\u00e9sre. Bizony mondom nektek, b\u00e1rhol hirdetik majd az evang\u00e9liumot az eg\u00e9sz vil\u00e1gon, ezt is hirdetni fogj\u00e1k az \u0151 eml\u00e9kezet\u00e9re.\u201d<\/p>\n<p>Iskari\u00f3ti J\u00fad\u00e1s, egy a tizenkett\u0151 k\u00f6z\u00fcl, elment a f\u0151papokhoz, hogy el\u00e1rulja nekik J\u00e9zust. Amikor azok meghallott\u00e1k, meg\u00f6r\u00fcltek, \u00e9s meg\u00edg\u00e9rt\u00e9k, hogy p\u00e9nzt adnak neki. \u0150 teh\u00e1t kereste a kedvez\u0151 alkalmat, hogy el\u00e1rulhassa.<\/p>\n<p>A kov\u00e1sztalan kenyerek \u00fcnnep\u00e9nek els\u0151 napj\u00e1n, amikor a h\u00fasv\u00e9ti b\u00e1r\u00e1nyt fel\u00e1ldozz\u00e1k, tan\u00edtv\u00e1nyai megk\u00e9rdezt\u00e9k (J\u00e9zust): \u201eMit akarsz, hov\u00e1 menj\u00fcnk, hogy elk\u00e9sz\u00edts\u00fck sz\u00e1modra a h\u00fasv\u00e9ti vacsor\u00e1t?\u201d Erre elk\u00fcldte k\u00e9t tan\u00edtv\u00e1ny\u00e1t ezekkel a szavakkal: \u201eMenjetek a v\u00e1rosba. Tal\u00e1lkoztok ott egy emberrel, aki vizeskors\u00f3t visz. K\u00f6vess\u00e9tek \u0151t, azt\u00e1n ahov\u00e1 bemegy, ott mondj\u00e1tok meg a h\u00e1zigazd\u00e1nak: \u00bbA Mester k\u00e9rdezi, hogy hol van az a sz\u00e1ll\u00e1s, ahol a h\u00fasv\u00e9ti vacsor\u00e1t tan\u00edtv\u00e1nyaimmal elfogyaszthatom?\u00ab \u0150 mutat majd nektek egy \u00e9tkez\u00e9sre berendezett, t\u00e1gas, emeleti termet. Ott k\u00e9sz\u00edts\u00e9tek el nek\u00fcnk.\u201d A tan\u00edtv\u00e1nyok elmentek, \u00e9s a v\u00e1rosba \u00e9rve mindent \u00fagy tal\u00e1ltak, ahogy megmondta; \u00e9s elk\u00e9sz\u00edtett\u00e9k a h\u00fasv\u00e9ti vacsor\u00e1t.<\/p>\n<p>Amikor beesteledett, odament a tizenkett\u0151vel. Mik\u00f6zben letelepedtek \u00e9s ettek, J\u00e9zus ezt mondta: \u201eBizony mondom nektek, egy k\u00f6z\u00fcletek, aki velem eszik, el\u00e1rul engem.\u201d Azok elszomorodtak \u00e9s egyenk\u00e9nt megk\u00e9rdezt\u00e9k: \u201eTal\u00e1n \u00e9n?\u201d \u0150 azt felelte: \u201eEgy a tizenkett\u0151 k\u00f6z\u00fcl, aki velem egy\u00fctt ny\u00fal a t\u00e1lba. Az Emberfia ugyan elmegy, amint meg\u00edrt\u00e1k r\u00f3la, de jaj annak az embernek, aki el\u00e1rulja az Emberfi\u00e1t. Jobb lett volna neki, ha meg sem sz\u00fcletik.\u201d<\/p>\n<p>Vacsora k\u00f6zben kez\u00e9be vette a kenyeret, meg\u00e1ldotta, megt\u00f6rte, \u00e9s ezekkel a szavakkal adta nekik: \u201eVegy\u00e9tek, ez az \u00e9n testem.\u201d Majd fogta a kelyhet, h\u00e1l\u00e1t adott, odany\u00fajtotta nekik, \u00e9s mindny\u00e1jan ittak bel\u0151le. \u0150 pedig \u00edgy sz\u00f3lt: \u201eEz az \u00e9n v\u00e9rem, a sz\u00f6vets\u00e9g\u00e9, amely sokak\u00e9rt kiontatik. Bizony mondom nektek: nem iszom t\u00f6bb\u00e9 a sz\u0151l\u0151 term\u00e9s\u00e9b\u0151l addig a napig, am\u00edg az \u00fajat nem iszom az Isten orsz\u00e1g\u00e1ban.\u201d<\/p>\n<p>Ezut\u00e1n zsolt\u00e1rt \u00e9nekelve kimentek az Olajf\u00e1k hegy\u00e9re. Ott J\u00e9zus \u00edgy sz\u00f3lt: \u201eMindny\u00e1jan megbotr\u00e1nkoztok bennem, mert \u00edrva van: Megverem a p\u00e1sztort \u00e9s sz\u00e9tsz\u00e9lednek a juhok. De felt\u00e1mad\u00e1som ut\u00e1n majd el\u0151ttetek megyek Galile\u00e1ba.\u201d P\u00e9ter kijelentette: \u201eHa mindny\u00e1jan megbotr\u00e1nkoznak is benned, \u00e9n bizony nem!\u201d J\u00e9zus azt felelte: \u201eBizony, mondom neked, hogy m\u00e9g ma, ezen az \u00e9jszak\u00e1n, miel\u0151tt a kakas m\u00e1sodszor sz\u00f3lna, h\u00e1romszor is megtagadsz engem.\u201d Erre m\u00e9g jobban fogadkozott: \u201eHa veled egy\u00fctt meg is kell halnom, \u00e9n nem tagadlak meg.\u201d Ugyan\u00edgy fogadkoztak a t\u00f6bbiek is.<\/p>\n<p>K\u00f6zben oda\u00e9rtek a Getszem\u00e1ni nev\u0171 kertbe. Itt (J\u00e9zus) \u00edgy sz\u00f3lt tan\u00edtv\u00e1nyaihoz: \u201e\u00dcljetek le, am\u00edg im\u00e1dkozom.\u201d P\u00e9tert, Jakabot \u00e9s J\u00e1nost mag\u00e1val vitte. Remegni \u00e9s gy\u00f6tr\u0151dni kezdett, majd \u00edgy sz\u00f3lt hozz\u00e1juk: \u201eHal\u00e1losan szomor\u00fa a lelkem. Maradjatok itt \u00e9s virrasszatok!\u201d Valamivel el\u0151bbre ment, leborult a f\u00f6ldre \u00e9s im\u00e1dkozott, hogy ha lehets\u00e9ges, m\u00falj\u00e9k el t\u0151le ez az \u00f3ra. Ezt mondta: \u201eAbba, Aty\u00e1m! Neked minden lehets\u00e9ges. Vedd el t\u0151lem ezt a kelyhet! De ne az \u00e9n akaratom legyen meg, hanem a ti\u00e9d.\u201d Azt\u00e1n visszament hozz\u00e1juk, de alva tal\u00e1lta \u0151ket. Megsz\u00f3l\u00edtotta P\u00e9tert: \u201eSimon, alszol? Egy \u00f3r\u00e1t sem tudt\u00e1l virrasztani velem? Virrasszatok \u00e9s im\u00e1dkozzatok, hogy k\u00eds\u00e9rt\u00e9sbe ne essetek. A l\u00e9lek ugyan k\u00e9sz, de a test er\u0151tlen.\u201d Majd ism\u00e9t elment, \u00e9s ugyanazon szavakkal im\u00e1dkozott. Amikor visszat\u00e9rt, \u00fajra alva tal\u00e1lta \u0151ket, mert szem\u00fck igen elnehezedett. Nem is tudt\u00e1k, mit feleljenek neki. Harmadszor is visszament hozz\u00e1juk, \u00e9s azt mondta nekik: \u201eAludjatok csak, \u00e9s nyugodjatok! \u2013 El\u00e9g volt! Itt az \u00f3ra, az Emberfi\u00e1t a b\u0171n\u00f6s\u00f6k kez\u00e9re adj\u00e1k. Keljetek fel, menj\u00fcnk! \u00cdme, ott j\u00f6n az \u00e1rul\u00f3!\u201d<\/p>\n<p>M\u00e9g besz\u00e9lt, amikor meg\u00e9rkezett J\u00fad\u00e1s, egy a tizenkett\u0151 k\u00f6z\u00fcl, s vele egy kardokkal \u00e9s botokkal f\u00f6lszerelt csapat, amelyet a f\u0151papok, \u00edr\u00e1stud\u00f3k \u00e9s v\u00e9nek k\u00fcldtek. Az \u00e1rul\u00f3 ebben a jelben egyezett meg vel\u00fck: \u201eAkit megcs\u00f3kolok, \u0151 az. Fogj\u00e1tok el, \u00e9s vigy\u00e9tek szigor\u00fa \u0151rizet alatt!\u201d Amikor oda\u00e9rt, mindj\u00e1rt odal\u00e9pett J\u00e9zushoz, \u00e9s \u00edgy sz\u00f3lt: \u201eMester!\u201d \u2013 \u00e9s megcs\u00f3kolta. Erre r\u00e1tett\u00e9k kez\u00fcket \u00e9s elfogt\u00e1k. Azok k\u00f6z\u00fcl, akik ott \u00e1lltak, valaki kir\u00e1ntotta a kardj\u00e1t, a f\u0151pap szolg\u00e1j\u00e1ra s\u00fajtott vele, \u00e9s lev\u00e1gta a f\u00fcl\u00e9t. J\u00e9zus \u00edgy sz\u00f3lt hozz\u00e1juk: \u201eKardokkal \u00e9s dorongokkal j\u00f6ttetek elfogni, mint egy rabl\u00f3t. Naponta veletek voltam a templomban \u00e9s tan\u00edtottam, de nem fogtatok el. Az \u00cdr\u00e1soknak azonban be kell teljesedni\u00fck.\u201d Erre valamennyien elhagyt\u00e1k \u0151t \u00e9s elfutottak. Egy ifj\u00fa m\u00e9gis k\u00f6vette. Mez\u00edtelen test\u00e9t csak egy gyolcslepel fedte. Amikor meg akart\u00e1k fogni, otthagyta a gyolcsleplet, \u00e9s mez\u00edtelen\u00fcl elfutott.<\/p>\n<p>J\u00e9zust a f\u0151paphoz vezett\u00e9k. Itt gy\u0171ltek \u00f6ssze a f\u0151papok, a v\u00e9nek \u00e9s az \u00edr\u00e1stud\u00f3k. P\u00e9ter messzir\u0151l k\u00f6vette, eg\u00e9szen a f\u0151pap udvar\u00e1ba. Ott le\u00fclt a szolg\u00e1kkal egy\u00fctt, \u00e9s melegedett a t\u0171zn\u00e9l. A f\u0151papok \u00e9s az eg\u00e9sz f\u0151tan\u00e1cs bizony\u00edt\u00e9kot kerestek J\u00e9zus ellen, hogy hal\u00e1lra \u00edt\u00e9lhess\u00e9k, de nem tal\u00e1ltak. Sokan tan\u00faskodtak ugyan hamisan ellene, de vallom\u00e1suk nem egyezett. Ekkor n\u00e9h\u00e1nyan fel\u00e1lltak, \u00e9s ezt a hamis vallom\u00e1st tett\u00e9k ellene: \u201eHallottuk, amikor ez azt mondta: Lebontom ezt a k\u00e9zzel \u00e9p\u00edtett templomot, \u00e9s h\u00e1rom nap alatt m\u00e1sikat \u00e9p\u00edtek, amelyet nem emberi k\u00e9z alkotott.\u201d De vallom\u00e1suk \u00edgy sem volt megegyez\u0151. Ekkor a f\u0151pap k\u00f6z\u00e9pre \u00e1llt, \u00e9s megk\u00e9rdezte J\u00e9zust\u00f3l: \u201eSemmit sem v\u00e1laszolsz arra, amit ezek felhoznak ellened?\u201d De \u0151 hallgatott, \u00e9s nem felelt semmit. A f\u0151pap \u00fajra megk\u00e9rdezte: \u201eTe vagy a Messi\u00e1s, az \u00c1ldott (Isten ) Fia.\u201d J\u00e9zus \u00edgy v\u00e1laszolt: \u201e\u00c9n vagyok. L\u00e1tni fogj\u00e1tok, hogy az Emberfia ott \u00fcl a Mindenhat\u00f3 f\u00f6ls\u00e9g\u00e9nek jobbj\u00e1n, \u00e9s elj\u00f6n az \u00e9g felh\u0151in.\u201d A f\u0151pap erre megszaggatta ruh\u00e1j\u00e1t, \u00e9s felki\u00e1ltott: \u201eMi sz\u00fcks\u00e9g\u00fcnk van m\u00e9g tan\u00fakra? Hallott\u00e1tok a k\u00e1roml\u00e1st. Mit gondoltok?\u201d Azok mindny\u00e1jan m\u00e9lt\u00f3nak \u00edt\u00e9lt\u00e9k \u0151t a hal\u00e1lra. Ekkor n\u00e9melyek lek\u00f6pd\u00f6st\u00e9k, azut\u00e1n arc\u00e1t letakarva \u00f6k\u00f6llel vert\u00e9k, \u00e9s k\u00f6zben ezt mondt\u00e1k neki: \u201eRajta, most pr\u00f3f\u00e9t\u00e1lj!\u201d M\u00e9g a szolg\u00e1k is arcul vert\u00e9k \u0151t.<\/p>\n<p>P\u00e9ter kint \u00fclt az udvaron. K\u00f6zben kiment a f\u0151pap egyik szolg\u00e1l\u00f3ja. Megl\u00e1tta P\u00e9tert, amint melegedett, \u00e9s megsz\u00f3l\u00edtotta: \u201eTe is a n\u00e1z\u00e1reti J\u00e9zussal volt\u00e1l!\u201d De \u0151 tagadta: \u201eNem ismerem, nem is \u00e9rtem, mit besz\u00e9lsz.\u201d Ezzel kiment az el\u0151csarnokba; s akkor megsz\u00f3lalt a kakas. De a szolg\u00e1l\u00f3 figyelte \u0151t, \u00e9s megint mondta az ott \u00e1ll\u00f3knak, hogy ez is k\u00f6z\u00fcl\u00fck val\u00f3. \u0150 \u00fajra letagadta. Nem sokkal ezut\u00e1n ism\u00e9t megsz\u00f3laltak az ott \u00e1ll\u00f3k: \u201eBiztosan k\u00f6z\u00e9j\u00fck tartozol, hiszen te is galileai vagy.\u201d Erre P\u00e9ter \u00e1tkoz\u00f3dni \u00e9s esk\u00fcd\u00f6zni kezdett: \u201eNem ismerem azt az embert, akir\u0151l besz\u00e9ltek.\u201d Ekkor mindj\u00e1rt megsz\u00f3lalt a kakas m\u00e1sodszor is. P\u00e9ternek esz\u00e9be jutottak J\u00e9zus szavai: \u201eMiel\u0151tt a kakas m\u00e1sodszor megsz\u00f3lal, h\u00e1romszor is megtagadsz engem.\u201d \u00c9s s\u00edr\u00e1sra fakadt.<br \/>\n<strong><span style=\"color: #ff0000;\">*<\/span><\/strong><br \/>\nA f\u0151papok kor\u00e1n reggel tan\u00e1csot tartottak a v\u00e9nekkel, az \u00edr\u00e1stud\u00f3kkal \u00e9s az eg\u00e9sz f\u0151tan\u00e1ccsal, majd J\u00e9zust megk\u00f6t\u00f6zve elvezett\u00e9k, \u00e9s \u00e1tadt\u00e1k Pil\u00e1tusnak. Pil\u00e1tus megk\u00e9rdezte \u0151t: \u201eTe vagy a zsid\u00f3k kir\u00e1lya?\u201d J\u00e9zus ezt v\u00e1laszolta: \u201eTe mondod.\u201d \u2013 A f\u0151papok sok v\u00e1dat hoztak fel ellene. Pil\u00e1tus \u00fajra megk\u00e9rdezte: \u201eNem felelsz semmit sem? N\u00e9zd, mi mindennel v\u00e1dolnak t\u00e9ged!\u201d De J\u00e9zus nem v\u00e1laszolt t\u00f6bb\u00e9 semmit, \u00e9s Pil\u00e1tus csod\u00e1lkozott ezen. Az \u00fcnnep alkalm\u00e1val Pil\u00e1tus mindig elbocs\u00e1tott nekik egyet a rabok k\u00f6z\u00fcl, akit k\u00e9rtek. Volt a b\u00f6rt\u00f6nben egy Barab\u00e1s nev\u0171 rab. A l\u00e1zad\u00f3kkal egy\u00fctt tart\u00f3ztatt\u00e1k le, akik egy zend\u00fcl\u00e9skor gyilkoss\u00e1got k\u00f6vettek el. A t\u00f6meg felvonult teh\u00e1t, \u00e9s k\u00e9rte Pil\u00e1tust\u00f3l azt, amit mindig megtett nekik. Pil\u00e1tus megk\u00e9rdezte: \u201eAkarj\u00e1tok-e, hogy a zsid\u00f3k kir\u00e1ly\u00e1t engedjem szabadon nektek?\u201d Tudta ugyanis, hogy a f\u0151papok csak irigys\u00e9gb\u0151l adt\u00e1k \u0151t a kez\u00e9re. \u00c1m a f\u0151papok felbujtott\u00e1k a t\u00f6meget, hogy ink\u00e1bb Barab\u00e1s szabadon bocs\u00e1t\u00e1s\u00e1t k\u00e9rj\u00e9k. Pil\u00e1tus ism\u00e9t megk\u00e9rdezte: \u201e\u00c9s mit tegyek azzal az emberrel, akit ti a zsid\u00f3k kir\u00e1ly\u00e1nak neveztek?\u201d Azok ezt ki\u00e1ltott\u00e1k: \u201eFesz\u00edtsd \u0151t keresztre!\u201d Pil\u00e1tus folytatta: \u201eDe h\u00e1t mi rosszat tett?\u201d Erre azok m\u00e9g hangosabban ki\u00e1ltozt\u00e1k: \u201eFesz\u00edtsd \u0151t keresztre\u201d Ekkor Pil\u00e1tus, aki eleget akart tenni a t\u00f6meg k\u00e9r\u00e9s\u00e9nek, szabadon bocs\u00e1totta Barab\u00e1st, J\u00e9zust pedig megostoroztatta, azut\u00e1n \u00e1tadta nekik, hogy keresztre fesz\u00edts\u00e9k.<\/p>\n<p>A katon\u00e1k bevezett\u00e9k \u0151t a helytart\u00f3s\u00e1g udvar\u00e1ba, \u00e9s \u00f6sszeh\u00edvt\u00e1k az eg\u00e9sz csapatot. B\u00edborruh\u00e1ba \u00f6lt\u00f6ztett\u00e9k, t\u00f6visb\u0151l font koszor\u00fat tettek a fej\u00e9re, \u00e9s \u00edgy k\u00f6sz\u00f6nt\u00f6tt\u00e9k: \u201e\u00dcdv\u00f6z l\u00e9gy, zsid\u00f3k kir\u00e1lya!\u201d A fej\u00e9t n\u00e1dsz\u00e1llal vert\u00e9k, lek\u00f6pd\u00f6st\u00e9k, \u00e9s t\u00e9rdet hajtva h\u00f3doltak el\u0151tte. Miut\u00e1n \u00edgy g\u00fanyt \u0171ztek bel\u0151le, levett\u00e9k r\u00f3la a b\u00edborruh\u00e1t, \u00e9s r\u00e1adt\u00e1k saj\u00e1t ruh\u00e1j\u00e1t. Ezut\u00e1n kivezett\u00e9k, hogy keresztre fesz\u00edts\u00e9k.<\/p>\n<p>Egy arra j\u00e1r\u00f3 embert, cirenei Simont, Alexander \u00e9s R\u00fafusz apj\u00e1t, aki \u00e9ppen a mez\u0151r\u0151l j\u00f6tt, k\u00e9nyszer\u00edtett\u00e9k, hogy vigye a keresztj\u00e9t. \u00cdgy vezett\u00e9k ki arra a helyre, amelynek Golgota, vagyis Koponyahely a neve.<\/p>\n<p>Mirh\u00e1val kevert bort adtak inni neki, de \u0151 nem fogadta el. Felfesz\u00edtett\u00e9k a keresztre, azut\u00e1n megosztoztak a ruh\u00e1in, sorsot vetve, hogy kinek mi jusson. H\u00e1rom \u00f3ra volt, amikor keresztre fesz\u00edtett\u00e9k. Felirat is volt a kereszten, amelyre el\u00edt\u00e9l\u00e9s\u00e9nek ok\u00e1t \u00edrt\u00e1k: A zsid\u00f3k kir\u00e1lya. Vele egy\u00fctt k\u00e9t rabl\u00f3t is f\u00f6lfesz\u00edtettek, az egyiket jobb fel\u0151l, a m\u00e1sikat balr\u00f3l. \u00cdgy beteljesedett az \u00cdr\u00e1s: A gonoszok k\u00f6z\u00e9 sorolt\u00e1k.<\/p>\n<p>Akik arra j\u00e1rtak, k\u00e1romolt\u00e1k, a fej\u00fcket cs\u00f3v\u00e1lt\u00e1k, \u00e9s mondogatt\u00e1k: \u201eTe, aki lerontod a templomot, \u00e9s h\u00e1rom nap alatt fel\u00e9p\u00edted, szabad\u00edtsd meg magadat, sz\u00e1llj le a keresztr\u0151l!\u201d Hasonl\u00f3k\u00e9ppen g\u00fanyolt\u00e1k \u0151t a f\u0151papok is az \u00edr\u00e1stud\u00f3kkal egy\u00fctt: \u201eM\u00e1sokat megmentett, de \u00f6nmag\u00e1t nem tudja megmenteni? A Messi\u00e1s, Izrael kir\u00e1lya sz\u00e1lljon most le a keresztr\u0151l, hogy l\u00e1ssuk \u00e9s higgy\u00fcnk!\u201d Azok is gyal\u00e1zt\u00e1k \u0151t, akiket vele egy\u00fctt f\u00f6lfesz\u00edtettek.<\/p>\n<p>Amikor hat \u00f3ra lett, nagy s\u00f6t\u00e9ts\u00e9g borult az eg\u00e9sz f\u00f6ldre, eg\u00e9szen a kilencedik \u00f3r\u00e1ig. Kilenc \u00f3rakor J\u00e9zus hangosan felki\u00e1ltott: \u201e\u00c9l\u00f3i, \u00c9l\u00f3i, l\u00e1mm\u00e1 sz\u00e1bakt\u00e1ni?\u201d Ez azt jelenti: \u201eIstenem, Istenem, mi\u00e9rt hagyt\u00e1l el engem?\u201d Amikor n\u00e9h\u00e1nyan az ott \u00e1ll\u00f3k k\u00f6z\u00fcl meghallott\u00e1k ezt, \u00edgy sz\u00f3ltak: \u201e\u00cdme, Ill\u00e9st h\u00edvja.\u201d Valaki odafutott, ecetbe m\u00e1rtott egy szivacsot, n\u00e1dsz\u00e1lra t\u0171zte, inni adott neki, \u00e9s ezt mondta: \u201eHadd l\u00e1ssuk, elj\u00f6n-e Ill\u00e9s, hogy levegye \u0151t?!\u201d J\u00e9zus pedig hangosan felki\u00e1ltott \u00e9s kilehelte lelk\u00e9t. (Most t\u00e9rdre borulunk, \u00e9s egy keveset csendben id\u0151z\u00fcnk.) Ekkor a templom f\u00fcgg\u00f6nye kett\u00e9hasadt, f\u00f6l\u00fclr\u0151l eg\u00e9szen az alj\u00e1ig. A sz\u00e1zados, aki ott \u00e1llt J\u00e9zus el\u0151tt, \u00e9s l\u00e1tta, hogyan lehelte ki a lelk\u00e9t, \u00edgy sz\u00f3lt: \u201eEz az ember val\u00f3ban az Isten Fia volt.\u201d Asszonyok is \u00e1lltak ott: t\u00e1volr\u00f3l figyelt\u00e9k, hogy mi t\u00f6rt\u00e9nik. K\u00f6zt\u00fck volt M\u00e1ria Magdolna, M\u00e1ria, az ifjabb Jakab \u00e9s J\u00f3zsef anyja, \u00e9s Szal\u00f3me. Rajtuk k\u00edv\u00fcl voltak ott m\u00e9g t\u00f6bben is, akik vele egy\u00fctt j\u00f6ttek fel Jeruzs\u00e1lembe.<\/p>\n<p>A k\u00e9sz\u00fclet napja volt, azaz a szombat el\u0151tti nap. Amikor beesteledett, j\u00f6tt egy el\u0151kel\u0151 tan\u00e1csos, az Arimate\u00e1b\u00f3l val\u00f3 J\u00f3zsef, aki maga is v\u00e1rta Isten orsz\u00e1g\u00e1t. B\u00e1tran bement Pil\u00e1tushoz, \u00e9s elk\u00e9rte J\u00e9zus holttest\u00e9t. Pil\u00e1tus elcsod\u00e1lkozott, hogy m\u00e1r meghalt. Mag\u00e1hoz rendelte a sz\u00e1zadost, \u00e9s megk\u00e9rdezte, hogy val\u00f3ban meghalt-e. Amikor a sz\u00e1zadost\u00f3l megtudta ezt, J\u00f3zsefnek adta a holttestet. Az pedig gyolcsot v\u00e1s\u00e1rolt, azut\u00e1n levette J\u00e9zust a keresztr\u0151l, beg\u00f6ngy\u00f6lte a gyolcsba, \u00e9s egy szikl\u00e1ba v\u00e1jt s\u00edrboltba temette. A s\u00edr bej\u00e1rata el\u00e9 k\u00f6vet henger\u00edtett. M\u00e1ria Magdolna \u00e9s M\u00e1ria, J\u00f3zsef anyja pedig megfigyelt\u00e9k, hogy hova temette.<br \/>\nEzek az evang\u00e9lium ig\u00e9i.<br \/>\n<em>vagy r\u00f6videbb a csillagt\u00f3l<\/em><\/p>\n<p align=\"justify\"><span style=\"color: #ff0000;\">EGYETEMES K\u00d6NY\u00d6RG\u00c9SEK<\/span><br \/>\nPap: Im\u00e1dkozzunk, testv\u00e9reim, hogy Megv\u00e1lt\u00f3 kir\u00e1lyunkhoz mindenkor h\u0171s\u00e9gesek maradjunk!<br \/>\nLektor:<br \/>\n1. Urunk, ismerje fel minden ember, hogy \u00f6nfel\u00e1ldoz\u00f3 szenved\u00e9sed \u00e1r\u00e1n v\u00e1ltott\u00e1l meg benn\u00fcnket!<br \/>\nH\u00edvek: K\u00e9r\u00fcnk T\u00e9ged, hallgass meg minket!<br \/>\n2. Tedd k\u00e9szs\u00e9gess\u00e9 Egyh\u00e1zad tagjait a kereszt hordoz\u00e1s\u00e1ra \u00e9s a kegyelem k\u00f6zvet\u00edt\u00e9s\u00e9re!<br \/>\nH\u00edvek: K\u00e9r\u00fcnk T\u00e9ged, hallgass meg minket!<br \/>\n3. Keresztedb\u0151l fakadjon b\u00e9ke \u00e9s egyet\u00e9rt\u00e9s minden n\u00e9p sz\u00e1m\u00e1ra!<br \/>\nH\u00edvek: K\u00e9r\u00fcnk T\u00e9ged, hallgass meg minket!<br \/>\n4. Egyes\u00edtsd szenved\u00e9seinket megv\u00e1lt\u00f3 szenved\u00e9seddel, hogy egyek lehess\u00fcnk veled a mennyei boldogs\u00e1gban is!<br \/>\nH\u00edvek: K\u00e9r\u00fcnk T\u00e9ged, hallgass meg minket!<br \/>\n5. Megv\u00e1lt\u00f3 kereszthal\u00e1lod \u00e1ltal adj \u00f6r\u00f6k \u00e9letet az elhunyt h\u00edveknek!<br \/>\nH\u00edvek: K\u00e9r\u00fcnk T\u00e9ged, hallgass meg minket!<br \/>\nPap: Urunk J\u00e9zus, Te vonakod\u00e1s n\u00e9lk\u00fcl v\u00e1llaltad a kereszthal\u00e1l gy\u00f6trelm\u00e9t n\u00e9ped \u00fcdv\u00f6ss\u00e9g\u00e9\u00e9rt. Tan\u00edts meg minket az \u00e1ldozatos szeretetre, hogy r\u00e9sz\u00fcnk legyen az \u00f6r\u00f6k dics\u0151s\u00e9gben! Aki \u00e9lsz \u00e9s uralkodol mind\u00f6r\u00f6kk\u00f6n-\u00f6r\u00f6kk\u00e9.<br \/>\nH\u00edvek: \u00c1men.<\/p>\n<p><span style=\"color: #ff0000;\">Felaj\u00e1nl\u00f3 k\u00f6ny\u00f6rg\u00e9s:<\/span><br \/>\nUrunk, Isten\u00fcnk, egysz\u00fcl\u00f6tt Fiad szenved\u00e9se engeszteljen ki t\u00e9ged ir\u00e1ntunk, \u00e9s amit cselekedeteinkkel nem tudunk ki\u00e9rdemelni, ennek a v\u00e9gtelen \u00e9rt\u00e9k\u0171 \u00e1ldozatnak \u00e9rdem\u00e9b\u0151l adja meg nek\u00fcnk a te irgalmad. Krisztus, a mi Urunk \u00e1ltal.<\/p>\n<p><span style=\"color: #ff0000;\">Pref\u00e1ci\u00f3:<\/span><br \/>\nAz \u00dar legyen veletek.<br \/>\nH.: \u00c9s a te lelkeddel.<br \/>\nEmelj\u00fck f\u00f6l sz\u00edv\u00fcnket.<br \/>\nH.: F\u00f6lemelt\u00fck az \u00darhoz.<br \/>\nAdjunk h\u00e1l\u00e1t Urunknak, Isten\u00fcnknek.<br \/>\nH.: M\u00e9lt\u00f3 \u00e9s igazs\u00e1gos.<br \/>\n(Mert) Val\u00f3ban m\u00e9lt\u00f3 \u00e9s igazs\u00e1gos, ill\u0151 \u00e9s \u00fcdv\u00f6s, hogy mindig \u00e9s minden\u00fctt h\u00e1l\u00e1t adjunk n\u00e9ked, mi Urunk, szents\u00e9ges Aty\u00e1nk, mindenhat\u00f3 \u00f6r\u00f6k Isten: \u2013 Krisztus, a mi Urunk \u00e1ltal.<br \/>\nB\u00e1r \u0151maga semmit sem v\u00e9tett, az \u00edt\u00e9let \u00e1rtatlanul \u00e9rte, \u2013 a b\u0171n\u00f6s\u00f6k\u00e9rt m\u00e9gis szenved\u00e9st v\u00e1llalt.<br \/>\nAz \u0151 hal\u00e1la b\u0171neinket elvette, felt\u00e1mad\u00e1sa megigazul\u00e1st adott nek\u00fcnk.<br \/>\nAz \u0151 dics\u0151s\u00e9g\u00e9t vallja \u00e9g \u00e9s f\u00f6ld, vallj\u00e1k az angyalok \u00e9s f\u0151angyalok, \u2013 hangos sz\u00f3val hirdetik, \u00e9s v\u00e9g n\u00e9lk\u00fcl mondj\u00e1k (zengik):<\/p>\n<p><span style=\"color: #ff0000;\">\u00c1ldoz\u00e1si \u00e9nek:<\/span><br \/>\nAty\u00e1m, ha nem lehet, hogy elm\u00faljon ez a kehely an\u00e9lk\u00fcl, hogy kiigyam, legyen meg a te akaratod. (Mt 26,42)<\/p>\n<p><span style=\"color: #ff0000;\">\u00c1ldoz\u00e1s ut\u00e1ni k\u00f6ny\u00f6rg\u00e9s:<\/span><br \/>\nMennyei eledellel t\u00e1pl\u00e1lt\u00e1l minket, Urunk, Isten\u00fcnk. K\u00f6ny\u00f6r\u00f6gve k\u00e9r\u00fcnk, hogy akik szent Fiad hal\u00e1l\u00e1b\u00f3l m\u00e1r biztosan rem\u00e9lhetj\u00fck azt, amiben hisz\u00fcnk, felt\u00e1mad\u00e1s\u00e1nak erej\u00e9b\u0151l eljuthassunk oda, ahov\u00e1 t\u00f6reksz\u00fcnk. Krisztus, a mi Urunk \u00e1ltal.<\/p>\n<p><span style=\"color: #ff0000;\">K\u00f6ny\u00f6rg\u00e9s a n\u00e9p\u00e9rt:<\/span><br \/>\nK\u00e9r\u00fcnk, Urunk, Isten\u00fcnk, tekints a te csal\u00e1dodra, mely\u00e9rt a mi Urunk, J\u00e9zus Krisztus t\u00e9tov\u00e1z\u00e1s n\u00e9lk\u00fcl a b\u0171n\u00f6s\u00f6k kez\u00e9re adta mag\u00e1t \u00e9s v\u00e1llalta a kereszthal\u00e1l gy\u00f6trelm\u00e9t. Aki veled \u00e9l \u00e9s uralkodik mind\u00f6r\u00f6kk\u00f6n \u00f6r\u00f6kk\u00e9.<\/p>\n<p><em>(K\u00e9p forr\u00e1sa: Instagram)<\/em><\/p>\n","protected":false},"excerpt":{"rendered":"<p>A vir\u00e1gvas\u00e1rnapi barkaszentel\u00e9s \u00e9s k\u00f6rmenet J\u00e9zus \u00fcnnep\u00e9lyes jeruzs\u00e1lemi bevonul\u00e1sra eml\u00e9keztet. Csatlakozzunk mi is a lelkes t\u00f6meghez, k\u00f6sz\u00f6nj\u00fck meg D\u00e1vid Fi\u00e1nak, hogy elj\u00f6tt hozz\u00e1nk az \u00dar nev\u00e9ben, \u00e9s elhozta k\u00f6z\u00e9nk Isten orsz\u00e1g\u00e1t. Az olvasm\u00e1ny arr\u00f3l sz\u00f3l, hogy a Messi\u00e1s az \u00dar szenved\u0151 szolg\u00e1ja lesz. Nem menek\u00fcl el a szenved\u00e9st\u0151l, hanem el\u00e9be megy, mert b\u00edzik az \u00darban, hogy megseg\u00edti \u00e9s nem vall sz\u00e9gyent. A szentlecke az egyik legm\u00e9lyebb teol\u00f3giai tan\u00edt\u00e1s. Krisztus szolgai alakot vett fel \u00e9s ki\u00fcres\u00edtette \u00f6nmag\u00e1t. Ezzel mintegy k\u00f6vetend\u0151 utat is mutat a ma embere sz\u00e1m\u00e1ra. A teljes\u00edtm\u00e9ny n\u00e9lk\u00fcli celebek kor\u00e1ban, \u0151ket k\u00f6vetve, sokan a neki juttatott c\u00edm \u00e9s poz\u00edci\u00f3 m\u00f6g\u00e9 rejt\u0151\u00edznek. M\u00e9lys\u00e9g \u00e9s tartalom n\u00e9lk\u00fcl! Cser\u00e9be elv\u00e1rj\u00e1k, hogy emiatt tisztelj\u00e9k \u0151ket. K\u00f6z\u00e9j\u00fck tartozom? &#8211; megv\u00e1laszoland\u00f3 k\u00e9rd\u00e9s. A szenved\u00e9st\u00f6rt\u00e9net, azaz a passi\u00f3, karaktereket \u00e1ll\u00edt el\u00e9m. Mik\u00f6zben hallgatom \u00e9s gondolkodom, helyem is keresem a szenved\u00e9st\u00f6rt\u00e9netben. Ilyen \u00e9rtelemben egyfajta t\u00fck\u00f6rk\u00e9nt is tekinthetek r\u00e1, amelyben megl\u00e1tom magam. Maradjak \u0151szinte \u00f6nmagamhoz, s akkor igencsak tisztul ez a k\u00e9p.\u00a0 Kezd\u0151\u00e9nek: Hat nappal H\u00fasv\u00e9t el\u0151tt, amikor az \u00dar Jeruzs\u00e1lembe \u00e9rkezett, gyermekek j\u00f6ttek el\u00e9be: kez\u00fckben p\u00e1lma\u00e1gakat hoztak, \u00e9s hangosan ki\u00e1ltozt\u00e1k: Hozsanna a magass\u00e1gban! \u00c1ldott vagy, aki irgalmadnak b\u0151s\u00e9g\u00e9v\u00e9! \u00e9rkezel! (V\u00f6.Jn 12,1.12-13) vagy Emelj\u00e9tek f\u00f6l fejeteket, kapuk, t\u00e1ruljatok fel, \u00f6r\u00f6k kapuk, hadd vonuljon be a dics\u0151s\u00e9g kir\u00e1lya! Ki az a dics\u0151s\u00e9g kir\u00e1lya? A Seregek Ura, \u0151 a dics\u0151s\u00e9g Kir\u00e1lya! Hozsanna a magass\u00e1gban! \u00c1ldott vagy, aki irgalmadnak b\u0151s\u00e9g\u00e9v\u00e9! \u00e9rkezel! (Zsolt 23,9-10) K\u00f6ny\u00f6rg\u00e9s: Mindenhat\u00f3, \u00f6r\u00f6k Isten, \u00dcdv\u00f6z\u00edt\u0151nk p\u00e9ld\u00e1t adott nek\u00fcnk az al\u00e1zatoss\u00e1gra, amikor szent akaratodb\u00f3l emberi testet \u00f6lt\u00f6tt \u00e9s v\u00e1llalta a kereszthal\u00e1lt. Seg\u00edts j\u00f3s\u00e1gosan, hogy k\u00ednszenved\u00e9s\u00e9nek tan\u00edt\u00e1s\u00e1t meg\u00e9rts\u00fck, \u00e9s t\u00e1rsai lehess\u00fcnk felt\u00e1mad\u00e1s\u00e1ban. Aki veled \u00e9l \u00e9s uralkodik a Szentl\u00e9lekkel egys\u00e9gben, Isten mind\u00f6r\u00f6kk\u00f6n \u00f6r\u00f6kk\u00e9. OLVASM\u00c1NY Izaj\u00e1s pr\u00f3f\u00e9ta k\u00f6nyv\u00e9b\u0151l (Iz 50,4-7) Izaj\u00e1s \u00edgy j\u00f6vend\u00f6lt a Megv\u00e1lt\u00f3r\u00f3l: Ezt mondja az \u00dar Szolg\u00e1ja: \u201eIsten, az \u00dar tan\u00edtotta nyelvemet, hogy az ig\u00e9vel t\u00e1masza lehessek a megf\u00e1radtaknak. Reggelenk\u00e9nt \u0151 teszi figyelmess\u00e9 f\u00fclemet, hogy r\u00e1 hallgassak, mint&#8230; <\/p>\n<p><a class=\"readmore\" href=\"https:\/\/stuttgarti-katolikusok.de\/index.php\/viragvasarnap-az-ur-szenvedesenek-vasarnapja\/\">R\u00e9szletek<\/a><\/p>\n","protected":false},"author":3,"featured_media":28567,"comment_status":"closed","ping_status":"closed","sticky":false,"template":"","format":"standard","meta":{"footnotes":""},"categories":[85,24],"tags":[],"class_list":["post-28566","post","type-post","status-publish","format-standard","has-post-thumbnail","hentry","category-a-liturgia-olvasmanyai","category-gondolatok"],"yoast_head":"<!-- This site is optimized with the Yoast SEO plugin v27.3 - https:\/\/yoast.com\/product\/yoast-seo-wordpress\/ -->\n<title>Vir\u00e1gvas\u00e1rnap - az \u00dar szenved\u00e9s\u00e9nek vas\u00e1rnapja - Stuttgarti Katolikusok<\/title>\n<meta name=\"robots\" content=\"index, follow, max-snippet:-1, max-image-preview:large, max-video-preview:-1\" \/>\n<link rel=\"canonical\" href=\"https:\/\/stuttgarti-katolikusok.de\/index.php\/viragvasarnap-az-ur-szenvedesenek-vasarnapja\/\" \/>\n<meta property=\"og:locale\" content=\"hu_HU\" \/>\n<meta property=\"og:type\" content=\"article\" \/>\n<meta property=\"og:title\" content=\"Vir\u00e1gvas\u00e1rnap - az \u00dar szenved\u00e9s\u00e9nek vas\u00e1rnapja - Stuttgarti Katolikusok\" \/>\n<meta property=\"og:description\" content=\"A vir\u00e1gvas\u00e1rnapi barkaszentel\u00e9s \u00e9s k\u00f6rmenet J\u00e9zus \u00fcnnep\u00e9lyes jeruzs\u00e1lemi bevonul\u00e1sra eml\u00e9keztet. Csatlakozzunk mi is a lelkes t\u00f6meghez, k\u00f6sz\u00f6nj\u00fck meg D\u00e1vid Fi\u00e1nak, hogy elj\u00f6tt hozz\u00e1nk az \u00dar nev\u00e9ben, \u00e9s elhozta k\u00f6z\u00e9nk Isten orsz\u00e1g\u00e1t. Az olvasm\u00e1ny arr\u00f3l sz\u00f3l, hogy a Messi\u00e1s az \u00dar szenved\u0151 szolg\u00e1ja lesz. Nem menek\u00fcl el a szenved\u00e9st\u0151l, hanem el\u00e9be megy, mert b\u00edzik az \u00darban, hogy megseg\u00edti \u00e9s nem vall sz\u00e9gyent. A szentlecke az egyik legm\u00e9lyebb teol\u00f3giai tan\u00edt\u00e1s. Krisztus szolgai alakot vett fel \u00e9s ki\u00fcres\u00edtette \u00f6nmag\u00e1t. Ezzel mintegy k\u00f6vetend\u0151 utat is mutat a ma embere sz\u00e1m\u00e1ra. A teljes\u00edtm\u00e9ny n\u00e9lk\u00fcli celebek kor\u00e1ban, \u0151ket k\u00f6vetve, sokan a neki juttatott c\u00edm \u00e9s poz\u00edci\u00f3 m\u00f6g\u00e9 rejt\u0151\u00edznek. M\u00e9lys\u00e9g \u00e9s tartalom n\u00e9lk\u00fcl! Cser\u00e9be elv\u00e1rj\u00e1k, hogy emiatt tisztelj\u00e9k \u0151ket. K\u00f6z\u00e9j\u00fck tartozom? &#8211; megv\u00e1laszoland\u00f3 k\u00e9rd\u00e9s. A szenved\u00e9st\u00f6rt\u00e9net, azaz a passi\u00f3, karaktereket \u00e1ll\u00edt el\u00e9m. Mik\u00f6zben hallgatom \u00e9s gondolkodom, helyem is keresem a szenved\u00e9st\u00f6rt\u00e9netben. Ilyen \u00e9rtelemben egyfajta t\u00fck\u00f6rk\u00e9nt is tekinthetek r\u00e1, amelyben megl\u00e1tom magam. Maradjak \u0151szinte \u00f6nmagamhoz, s akkor igencsak tisztul ez a k\u00e9p.\u00a0 Kezd\u0151\u00e9nek: Hat nappal H\u00fasv\u00e9t el\u0151tt, amikor az \u00dar Jeruzs\u00e1lembe \u00e9rkezett, gyermekek j\u00f6ttek el\u00e9be: kez\u00fckben p\u00e1lma\u00e1gakat hoztak, \u00e9s hangosan ki\u00e1ltozt\u00e1k: Hozsanna a magass\u00e1gban! \u00c1ldott vagy, aki irgalmadnak b\u0151s\u00e9g\u00e9v\u00e9! \u00e9rkezel! (V\u00f6.Jn 12,1.12-13) vagy Emelj\u00e9tek f\u00f6l fejeteket, kapuk, t\u00e1ruljatok fel, \u00f6r\u00f6k kapuk, hadd vonuljon be a dics\u0151s\u00e9g kir\u00e1lya! Ki az a dics\u0151s\u00e9g kir\u00e1lya? A Seregek Ura, \u0151 a dics\u0151s\u00e9g Kir\u00e1lya! Hozsanna a magass\u00e1gban! \u00c1ldott vagy, aki irgalmadnak b\u0151s\u00e9g\u00e9v\u00e9! \u00e9rkezel! (Zsolt 23,9-10) K\u00f6ny\u00f6rg\u00e9s: Mindenhat\u00f3, \u00f6r\u00f6k Isten, \u00dcdv\u00f6z\u00edt\u0151nk p\u00e9ld\u00e1t adott nek\u00fcnk az al\u00e1zatoss\u00e1gra, amikor szent akaratodb\u00f3l emberi testet \u00f6lt\u00f6tt \u00e9s v\u00e1llalta a kereszthal\u00e1lt. Seg\u00edts j\u00f3s\u00e1gosan, hogy k\u00ednszenved\u00e9s\u00e9nek tan\u00edt\u00e1s\u00e1t meg\u00e9rts\u00fck, \u00e9s t\u00e1rsai lehess\u00fcnk felt\u00e1mad\u00e1s\u00e1ban. Aki veled \u00e9l \u00e9s uralkodik a Szentl\u00e9lekkel egys\u00e9gben, Isten mind\u00f6r\u00f6kk\u00f6n \u00f6r\u00f6kk\u00e9. OLVASM\u00c1NY Izaj\u00e1s pr\u00f3f\u00e9ta k\u00f6nyv\u00e9b\u0151l (Iz 50,4-7) Izaj\u00e1s \u00edgy j\u00f6vend\u00f6lt a Megv\u00e1lt\u00f3r\u00f3l: Ezt mondja az \u00dar Szolg\u00e1ja: \u201eIsten, az \u00dar tan\u00edtotta nyelvemet, hogy az ig\u00e9vel t\u00e1masza lehessek a megf\u00e1radtaknak. Reggelenk\u00e9nt \u0151 teszi figyelmess\u00e9 f\u00fclemet, hogy r\u00e1 hallgassak, mint... R\u00e9szletek\" \/>\n<meta property=\"og:url\" content=\"https:\/\/stuttgarti-katolikusok.de\/index.php\/viragvasarnap-az-ur-szenvedesenek-vasarnapja\/\" \/>\n<meta property=\"og:site_name\" content=\"Stuttgarti Katolikusok\" \/>\n<meta property=\"article:published_time\" content=\"2024-03-23T10:36:45+00:00\" \/>\n<meta property=\"article:modified_time\" content=\"2024-03-23T10:41:33+00:00\" \/>\n<meta property=\"og:image\" content=\"https:\/\/stuttgarti-katolikusok.de\/wp-content\/uploads\/2024\/03\/web-13.jpg\" \/>\n\t<meta property=\"og:image:width\" content=\"1080\" \/>\n\t<meta property=\"og:image:height\" content=\"803\" \/>\n\t<meta property=\"og:image:type\" content=\"image\/jpeg\" \/>\n<meta name=\"author\" content=\"Tibor atya\" \/>\n<meta name=\"twitter:card\" content=\"summary_large_image\" \/>\n<meta name=\"twitter:label1\" content=\"Szerz\u0151:\" \/>\n\t<meta name=\"twitter:data1\" content=\"Tibor atya\" \/>\n\t<meta name=\"twitter:label2\" content=\"Becs\u00fclt olvas\u00e1si id\u0151\" \/>\n\t<meta name=\"twitter:data2\" content=\"16 perc\" \/>\n<script type=\"application\/ld+json\" class=\"yoast-schema-graph\">{\"@context\":\"https:\\\/\\\/schema.org\",\"@graph\":[{\"@type\":\"Article\",\"@id\":\"https:\\\/\\\/stuttgarti-katolikusok.de\\\/index.php\\\/viragvasarnap-az-ur-szenvedesenek-vasarnapja\\\/#article\",\"isPartOf\":{\"@id\":\"https:\\\/\\\/stuttgarti-katolikusok.de\\\/index.php\\\/viragvasarnap-az-ur-szenvedesenek-vasarnapja\\\/\"},\"author\":{\"name\":\"Tibor atya\",\"@id\":\"https:\\\/\\\/stuttgarti-katolikusok.de\\\/#\\\/schema\\\/person\\\/75908d6f8fdc03a57889d27209df7795\"},\"headline\":\"Vir\u00e1gvas\u00e1rnap &#8211; az \u00dar szenved\u00e9s\u00e9nek vas\u00e1rnapja\",\"datePublished\":\"2024-03-23T10:36:45+00:00\",\"dateModified\":\"2024-03-23T10:41:33+00:00\",\"mainEntityOfPage\":{\"@id\":\"https:\\\/\\\/stuttgarti-katolikusok.de\\\/index.php\\\/viragvasarnap-az-ur-szenvedesenek-vasarnapja\\\/\"},\"wordCount\":4057,\"image\":{\"@id\":\"https:\\\/\\\/stuttgarti-katolikusok.de\\\/index.php\\\/viragvasarnap-az-ur-szenvedesenek-vasarnapja\\\/#primaryimage\"},\"thumbnailUrl\":\"https:\\\/\\\/stuttgarti-katolikusok.de\\\/wp-content\\\/uploads\\\/2024\\\/03\\\/web-13.jpg\",\"articleSection\":[\"A liturgia olvasm\u00e1nyai\",\"Gondolatok\"],\"inLanguage\":\"hu\"},{\"@type\":\"WebPage\",\"@id\":\"https:\\\/\\\/stuttgarti-katolikusok.de\\\/index.php\\\/viragvasarnap-az-ur-szenvedesenek-vasarnapja\\\/\",\"url\":\"https:\\\/\\\/stuttgarti-katolikusok.de\\\/index.php\\\/viragvasarnap-az-ur-szenvedesenek-vasarnapja\\\/\",\"name\":\"Vir\u00e1gvas\u00e1rnap - az \u00dar szenved\u00e9s\u00e9nek vas\u00e1rnapja - Stuttgarti Katolikusok\",\"isPartOf\":{\"@id\":\"https:\\\/\\\/stuttgarti-katolikusok.de\\\/#website\"},\"primaryImageOfPage\":{\"@id\":\"https:\\\/\\\/stuttgarti-katolikusok.de\\\/index.php\\\/viragvasarnap-az-ur-szenvedesenek-vasarnapja\\\/#primaryimage\"},\"image\":{\"@id\":\"https:\\\/\\\/stuttgarti-katolikusok.de\\\/index.php\\\/viragvasarnap-az-ur-szenvedesenek-vasarnapja\\\/#primaryimage\"},\"thumbnailUrl\":\"https:\\\/\\\/stuttgarti-katolikusok.de\\\/wp-content\\\/uploads\\\/2024\\\/03\\\/web-13.jpg\",\"datePublished\":\"2024-03-23T10:36:45+00:00\",\"dateModified\":\"2024-03-23T10:41:33+00:00\",\"author\":{\"@id\":\"https:\\\/\\\/stuttgarti-katolikusok.de\\\/#\\\/schema\\\/person\\\/75908d6f8fdc03a57889d27209df7795\"},\"breadcrumb\":{\"@id\":\"https:\\\/\\\/stuttgarti-katolikusok.de\\\/index.php\\\/viragvasarnap-az-ur-szenvedesenek-vasarnapja\\\/#breadcrumb\"},\"inLanguage\":\"hu\",\"potentialAction\":[{\"@type\":\"ReadAction\",\"target\":[\"https:\\\/\\\/stuttgarti-katolikusok.de\\\/index.php\\\/viragvasarnap-az-ur-szenvedesenek-vasarnapja\\\/\"]}]},{\"@type\":\"ImageObject\",\"inLanguage\":\"hu\",\"@id\":\"https:\\\/\\\/stuttgarti-katolikusok.de\\\/index.php\\\/viragvasarnap-az-ur-szenvedesenek-vasarnapja\\\/#primaryimage\",\"url\":\"https:\\\/\\\/stuttgarti-katolikusok.de\\\/wp-content\\\/uploads\\\/2024\\\/03\\\/web-13.jpg\",\"contentUrl\":\"https:\\\/\\\/stuttgarti-katolikusok.de\\\/wp-content\\\/uploads\\\/2024\\\/03\\\/web-13.jpg\",\"width\":1080,\"height\":803},{\"@type\":\"BreadcrumbList\",\"@id\":\"https:\\\/\\\/stuttgarti-katolikusok.de\\\/index.php\\\/viragvasarnap-az-ur-szenvedesenek-vasarnapja\\\/#breadcrumb\",\"itemListElement\":[{\"@type\":\"ListItem\",\"position\":1,\"name\":\"Kezd\u0151lap\",\"item\":\"https:\\\/\\\/stuttgarti-katolikusok.de\\\/\"},{\"@type\":\"ListItem\",\"position\":2,\"name\":\"Vir\u00e1gvas\u00e1rnap &#8211; az \u00dar szenved\u00e9s\u00e9nek vas\u00e1rnapja\"}]},{\"@type\":\"WebSite\",\"@id\":\"https:\\\/\\\/stuttgarti-katolikusok.de\\\/#website\",\"url\":\"https:\\\/\\\/stuttgarti-katolikusok.de\\\/\",\"name\":\"Stuttgarti Katolikusok\",\"description\":\"\",\"potentialAction\":[{\"@type\":\"SearchAction\",\"target\":{\"@type\":\"EntryPoint\",\"urlTemplate\":\"https:\\\/\\\/stuttgarti-katolikusok.de\\\/?s={search_term_string}\"},\"query-input\":{\"@type\":\"PropertyValueSpecification\",\"valueRequired\":true,\"valueName\":\"search_term_string\"}}],\"inLanguage\":\"hu\"},{\"@type\":\"Person\",\"@id\":\"https:\\\/\\\/stuttgarti-katolikusok.de\\\/#\\\/schema\\\/person\\\/75908d6f8fdc03a57889d27209df7795\",\"name\":\"Tibor atya\",\"image\":{\"@type\":\"ImageObject\",\"inLanguage\":\"hu\",\"@id\":\"https:\\\/\\\/secure.gravatar.com\\\/avatar\\\/61d268e57d1f4525b111222e29d2d5a7f8c420fdbf231ba5566a8ceac74fa960?s=96&d=mm&r=g\",\"url\":\"https:\\\/\\\/secure.gravatar.com\\\/avatar\\\/61d268e57d1f4525b111222e29d2d5a7f8c420fdbf231ba5566a8ceac74fa960?s=96&d=mm&r=g\",\"contentUrl\":\"https:\\\/\\\/secure.gravatar.com\\\/avatar\\\/61d268e57d1f4525b111222e29d2d5a7f8c420fdbf231ba5566a8ceac74fa960?s=96&d=mm&r=g\",\"caption\":\"Tibor atya\"},\"url\":\"https:\\\/\\\/stuttgarti-katolikusok.de\\\/index.php\\\/author\\\/tibor-atya\\\/\"}]}<\/script>\n<!-- \/ Yoast SEO plugin. -->","yoast_head_json":{"title":"Vir\u00e1gvas\u00e1rnap - az \u00dar szenved\u00e9s\u00e9nek vas\u00e1rnapja - Stuttgarti Katolikusok","robots":{"index":"index","follow":"follow","max-snippet":"max-snippet:-1","max-image-preview":"max-image-preview:large","max-video-preview":"max-video-preview:-1"},"canonical":"https:\/\/stuttgarti-katolikusok.de\/index.php\/viragvasarnap-az-ur-szenvedesenek-vasarnapja\/","og_locale":"hu_HU","og_type":"article","og_title":"Vir\u00e1gvas\u00e1rnap - az \u00dar szenved\u00e9s\u00e9nek vas\u00e1rnapja - Stuttgarti Katolikusok","og_description":"A vir\u00e1gvas\u00e1rnapi barkaszentel\u00e9s \u00e9s k\u00f6rmenet J\u00e9zus \u00fcnnep\u00e9lyes jeruzs\u00e1lemi bevonul\u00e1sra eml\u00e9keztet. Csatlakozzunk mi is a lelkes t\u00f6meghez, k\u00f6sz\u00f6nj\u00fck meg D\u00e1vid Fi\u00e1nak, hogy elj\u00f6tt hozz\u00e1nk az \u00dar nev\u00e9ben, \u00e9s elhozta k\u00f6z\u00e9nk Isten orsz\u00e1g\u00e1t. Az olvasm\u00e1ny arr\u00f3l sz\u00f3l, hogy a Messi\u00e1s az \u00dar szenved\u0151 szolg\u00e1ja lesz. Nem menek\u00fcl el a szenved\u00e9st\u0151l, hanem el\u00e9be megy, mert b\u00edzik az \u00darban, hogy megseg\u00edti \u00e9s nem vall sz\u00e9gyent. A szentlecke az egyik legm\u00e9lyebb teol\u00f3giai tan\u00edt\u00e1s. Krisztus szolgai alakot vett fel \u00e9s ki\u00fcres\u00edtette \u00f6nmag\u00e1t. Ezzel mintegy k\u00f6vetend\u0151 utat is mutat a ma embere sz\u00e1m\u00e1ra. A teljes\u00edtm\u00e9ny n\u00e9lk\u00fcli celebek kor\u00e1ban, \u0151ket k\u00f6vetve, sokan a neki juttatott c\u00edm \u00e9s poz\u00edci\u00f3 m\u00f6g\u00e9 rejt\u0151\u00edznek. M\u00e9lys\u00e9g \u00e9s tartalom n\u00e9lk\u00fcl! Cser\u00e9be elv\u00e1rj\u00e1k, hogy emiatt tisztelj\u00e9k \u0151ket. K\u00f6z\u00e9j\u00fck tartozom? &#8211; megv\u00e1laszoland\u00f3 k\u00e9rd\u00e9s. A szenved\u00e9st\u00f6rt\u00e9net, azaz a passi\u00f3, karaktereket \u00e1ll\u00edt el\u00e9m. Mik\u00f6zben hallgatom \u00e9s gondolkodom, helyem is keresem a szenved\u00e9st\u00f6rt\u00e9netben. Ilyen \u00e9rtelemben egyfajta t\u00fck\u00f6rk\u00e9nt is tekinthetek r\u00e1, amelyben megl\u00e1tom magam. Maradjak \u0151szinte \u00f6nmagamhoz, s akkor igencsak tisztul ez a k\u00e9p.\u00a0 Kezd\u0151\u00e9nek: Hat nappal H\u00fasv\u00e9t el\u0151tt, amikor az \u00dar Jeruzs\u00e1lembe \u00e9rkezett, gyermekek j\u00f6ttek el\u00e9be: kez\u00fckben p\u00e1lma\u00e1gakat hoztak, \u00e9s hangosan ki\u00e1ltozt\u00e1k: Hozsanna a magass\u00e1gban! \u00c1ldott vagy, aki irgalmadnak b\u0151s\u00e9g\u00e9v\u00e9! \u00e9rkezel! (V\u00f6.Jn 12,1.12-13) vagy Emelj\u00e9tek f\u00f6l fejeteket, kapuk, t\u00e1ruljatok fel, \u00f6r\u00f6k kapuk, hadd vonuljon be a dics\u0151s\u00e9g kir\u00e1lya! Ki az a dics\u0151s\u00e9g kir\u00e1lya? A Seregek Ura, \u0151 a dics\u0151s\u00e9g Kir\u00e1lya! Hozsanna a magass\u00e1gban! \u00c1ldott vagy, aki irgalmadnak b\u0151s\u00e9g\u00e9v\u00e9! \u00e9rkezel! (Zsolt 23,9-10) K\u00f6ny\u00f6rg\u00e9s: Mindenhat\u00f3, \u00f6r\u00f6k Isten, \u00dcdv\u00f6z\u00edt\u0151nk p\u00e9ld\u00e1t adott nek\u00fcnk az al\u00e1zatoss\u00e1gra, amikor szent akaratodb\u00f3l emberi testet \u00f6lt\u00f6tt \u00e9s v\u00e1llalta a kereszthal\u00e1lt. Seg\u00edts j\u00f3s\u00e1gosan, hogy k\u00ednszenved\u00e9s\u00e9nek tan\u00edt\u00e1s\u00e1t meg\u00e9rts\u00fck, \u00e9s t\u00e1rsai lehess\u00fcnk felt\u00e1mad\u00e1s\u00e1ban. Aki veled \u00e9l \u00e9s uralkodik a Szentl\u00e9lekkel egys\u00e9gben, Isten mind\u00f6r\u00f6kk\u00f6n \u00f6r\u00f6kk\u00e9. OLVASM\u00c1NY Izaj\u00e1s pr\u00f3f\u00e9ta k\u00f6nyv\u00e9b\u0151l (Iz 50,4-7) Izaj\u00e1s \u00edgy j\u00f6vend\u00f6lt a Megv\u00e1lt\u00f3r\u00f3l: Ezt mondja az \u00dar Szolg\u00e1ja: \u201eIsten, az \u00dar tan\u00edtotta nyelvemet, hogy az ig\u00e9vel t\u00e1masza lehessek a megf\u00e1radtaknak. Reggelenk\u00e9nt \u0151 teszi figyelmess\u00e9 f\u00fclemet, hogy r\u00e1 hallgassak, mint... R\u00e9szletek","og_url":"https:\/\/stuttgarti-katolikusok.de\/index.php\/viragvasarnap-az-ur-szenvedesenek-vasarnapja\/","og_site_name":"Stuttgarti Katolikusok","article_published_time":"2024-03-23T10:36:45+00:00","article_modified_time":"2024-03-23T10:41:33+00:00","og_image":[{"width":1080,"height":803,"url":"https:\/\/stuttgarti-katolikusok.de\/wp-content\/uploads\/2024\/03\/web-13.jpg","type":"image\/jpeg"}],"author":"Tibor atya","twitter_card":"summary_large_image","twitter_misc":{"Szerz\u0151:":"Tibor atya","Becs\u00fclt olvas\u00e1si id\u0151":"16 perc"},"schema":{"@context":"https:\/\/schema.org","@graph":[{"@type":"Article","@id":"https:\/\/stuttgarti-katolikusok.de\/index.php\/viragvasarnap-az-ur-szenvedesenek-vasarnapja\/#article","isPartOf":{"@id":"https:\/\/stuttgarti-katolikusok.de\/index.php\/viragvasarnap-az-ur-szenvedesenek-vasarnapja\/"},"author":{"name":"Tibor atya","@id":"https:\/\/stuttgarti-katolikusok.de\/#\/schema\/person\/75908d6f8fdc03a57889d27209df7795"},"headline":"Vir\u00e1gvas\u00e1rnap &#8211; az \u00dar szenved\u00e9s\u00e9nek vas\u00e1rnapja","datePublished":"2024-03-23T10:36:45+00:00","dateModified":"2024-03-23T10:41:33+00:00","mainEntityOfPage":{"@id":"https:\/\/stuttgarti-katolikusok.de\/index.php\/viragvasarnap-az-ur-szenvedesenek-vasarnapja\/"},"wordCount":4057,"image":{"@id":"https:\/\/stuttgarti-katolikusok.de\/index.php\/viragvasarnap-az-ur-szenvedesenek-vasarnapja\/#primaryimage"},"thumbnailUrl":"https:\/\/stuttgarti-katolikusok.de\/wp-content\/uploads\/2024\/03\/web-13.jpg","articleSection":["A liturgia olvasm\u00e1nyai","Gondolatok"],"inLanguage":"hu"},{"@type":"WebPage","@id":"https:\/\/stuttgarti-katolikusok.de\/index.php\/viragvasarnap-az-ur-szenvedesenek-vasarnapja\/","url":"https:\/\/stuttgarti-katolikusok.de\/index.php\/viragvasarnap-az-ur-szenvedesenek-vasarnapja\/","name":"Vir\u00e1gvas\u00e1rnap - az \u00dar szenved\u00e9s\u00e9nek vas\u00e1rnapja - Stuttgarti Katolikusok","isPartOf":{"@id":"https:\/\/stuttgarti-katolikusok.de\/#website"},"primaryImageOfPage":{"@id":"https:\/\/stuttgarti-katolikusok.de\/index.php\/viragvasarnap-az-ur-szenvedesenek-vasarnapja\/#primaryimage"},"image":{"@id":"https:\/\/stuttgarti-katolikusok.de\/index.php\/viragvasarnap-az-ur-szenvedesenek-vasarnapja\/#primaryimage"},"thumbnailUrl":"https:\/\/stuttgarti-katolikusok.de\/wp-content\/uploads\/2024\/03\/web-13.jpg","datePublished":"2024-03-23T10:36:45+00:00","dateModified":"2024-03-23T10:41:33+00:00","author":{"@id":"https:\/\/stuttgarti-katolikusok.de\/#\/schema\/person\/75908d6f8fdc03a57889d27209df7795"},"breadcrumb":{"@id":"https:\/\/stuttgarti-katolikusok.de\/index.php\/viragvasarnap-az-ur-szenvedesenek-vasarnapja\/#breadcrumb"},"inLanguage":"hu","potentialAction":[{"@type":"ReadAction","target":["https:\/\/stuttgarti-katolikusok.de\/index.php\/viragvasarnap-az-ur-szenvedesenek-vasarnapja\/"]}]},{"@type":"ImageObject","inLanguage":"hu","@id":"https:\/\/stuttgarti-katolikusok.de\/index.php\/viragvasarnap-az-ur-szenvedesenek-vasarnapja\/#primaryimage","url":"https:\/\/stuttgarti-katolikusok.de\/wp-content\/uploads\/2024\/03\/web-13.jpg","contentUrl":"https:\/\/stuttgarti-katolikusok.de\/wp-content\/uploads\/2024\/03\/web-13.jpg","width":1080,"height":803},{"@type":"BreadcrumbList","@id":"https:\/\/stuttgarti-katolikusok.de\/index.php\/viragvasarnap-az-ur-szenvedesenek-vasarnapja\/#breadcrumb","itemListElement":[{"@type":"ListItem","position":1,"name":"Kezd\u0151lap","item":"https:\/\/stuttgarti-katolikusok.de\/"},{"@type":"ListItem","position":2,"name":"Vir\u00e1gvas\u00e1rnap &#8211; az \u00dar szenved\u00e9s\u00e9nek vas\u00e1rnapja"}]},{"@type":"WebSite","@id":"https:\/\/stuttgarti-katolikusok.de\/#website","url":"https:\/\/stuttgarti-katolikusok.de\/","name":"Stuttgarti Katolikusok","description":"","potentialAction":[{"@type":"SearchAction","target":{"@type":"EntryPoint","urlTemplate":"https:\/\/stuttgarti-katolikusok.de\/?s={search_term_string}"},"query-input":{"@type":"PropertyValueSpecification","valueRequired":true,"valueName":"search_term_string"}}],"inLanguage":"hu"},{"@type":"Person","@id":"https:\/\/stuttgarti-katolikusok.de\/#\/schema\/person\/75908d6f8fdc03a57889d27209df7795","name":"Tibor atya","image":{"@type":"ImageObject","inLanguage":"hu","@id":"https:\/\/secure.gravatar.com\/avatar\/61d268e57d1f4525b111222e29d2d5a7f8c420fdbf231ba5566a8ceac74fa960?s=96&d=mm&r=g","url":"https:\/\/secure.gravatar.com\/avatar\/61d268e57d1f4525b111222e29d2d5a7f8c420fdbf231ba5566a8ceac74fa960?s=96&d=mm&r=g","contentUrl":"https:\/\/secure.gravatar.com\/avatar\/61d268e57d1f4525b111222e29d2d5a7f8c420fdbf231ba5566a8ceac74fa960?s=96&d=mm&r=g","caption":"Tibor atya"},"url":"https:\/\/stuttgarti-katolikusok.de\/index.php\/author\/tibor-atya\/"}]}},"_links":{"self":[{"href":"https:\/\/stuttgarti-katolikusok.de\/index.php\/wp-json\/wp\/v2\/posts\/28566","targetHints":{"allow":["GET"]}}],"collection":[{"href":"https:\/\/stuttgarti-katolikusok.de\/index.php\/wp-json\/wp\/v2\/posts"}],"about":[{"href":"https:\/\/stuttgarti-katolikusok.de\/index.php\/wp-json\/wp\/v2\/types\/post"}],"author":[{"embeddable":true,"href":"https:\/\/stuttgarti-katolikusok.de\/index.php\/wp-json\/wp\/v2\/users\/3"}],"replies":[{"embeddable":true,"href":"https:\/\/stuttgarti-katolikusok.de\/index.php\/wp-json\/wp\/v2\/comments?post=28566"}],"version-history":[{"count":3,"href":"https:\/\/stuttgarti-katolikusok.de\/index.php\/wp-json\/wp\/v2\/posts\/28566\/revisions"}],"predecessor-version":[{"id":28570,"href":"https:\/\/stuttgarti-katolikusok.de\/index.php\/wp-json\/wp\/v2\/posts\/28566\/revisions\/28570"}],"wp:featuredmedia":[{"embeddable":true,"href":"https:\/\/stuttgarti-katolikusok.de\/index.php\/wp-json\/wp\/v2\/media\/28567"}],"wp:attachment":[{"href":"https:\/\/stuttgarti-katolikusok.de\/index.php\/wp-json\/wp\/v2\/media?parent=28566"}],"wp:term":[{"taxonomy":"category","embeddable":true,"href":"https:\/\/stuttgarti-katolikusok.de\/index.php\/wp-json\/wp\/v2\/categories?post=28566"},{"taxonomy":"post_tag","embeddable":true,"href":"https:\/\/stuttgarti-katolikusok.de\/index.php\/wp-json\/wp\/v2\/tags?post=28566"}],"curies":[{"name":"wp","href":"https:\/\/api.w.org\/{rel}","templated":true}]}}