{"id":28534,"date":"2024-03-15T12:09:40","date_gmt":"2024-03-15T11:09:40","guid":{"rendered":"https:\/\/stuttgarti-katolikusok.de\/?p=28534"},"modified":"2024-03-15T12:09:40","modified_gmt":"2024-03-15T11:09:40","slug":"nagybojt-5-vasarnapja-4","status":"publish","type":"post","link":"https:\/\/stuttgarti-katolikusok.de\/index.php\/nagybojt-5-vasarnapja-4\/","title":{"rendered":"NAGYB\u00d6JT 5. VAS\u00c1RNAPJA"},"content":{"rendered":"<p><strong><em><span style=\"color: #ad1181;\">\u00c9let \u00e9s hal\u00e1l &#8211; Tal\u00e1lkoz\u00e1s J\u00e9zussal<\/span><\/em><\/strong><\/p>\n<p><em><span style=\"color: #ad1181;\"><strong>A szentmise kezd\u0151\u00e9neke<\/strong> \u00f6r\u00f6k emberi k\u00e9r\u00e9st fogalmaz meg. Keress\u00fck az igazs\u00e1got. A zsolt\u00e1ros Istent k\u00e9ri f\u00f6l, hogy szolg\u00e1ltasson igazs\u00e1got sz\u00e1m\u00e1ra. \u00c9rdekes, hogy am\u00edg a magam igazs\u00e1g\u00e1t, igaz\u00e1t keresem, sohasem tal\u00e1lom meg. Amennyiben pedig Istent k\u00e9rem erre, r\u00e1m tal\u00e1l az igazs\u00e1g, benne a val\u00f3s\u00e1g is. Ne feledjem sohasem!<\/span><\/em><\/p>\n<p><em><span style=\"color: #ad1181;\"><strong>A k\u00f6ny\u00f6rg\u00e9s foh\u00e1sza <\/strong>egyben felh\u00edv\u00e1s a szeretetben val\u00f3 \u00e9letre. Azzal a szeretettel fordulok m\u00e1sok fel\u00e9, amellyel \u00f6nmagamat is szeretem.\u00a0<\/span><\/em><\/p>\n<p><em><span style=\"color: #ad1181;\"><strong>Az \u00f3sz\u00f6vets\u00e9gi olvasm\u00e1ny<\/strong>, Jeremi\u00e1s pr\u00f3f\u00e9ta k\u00f6nyv\u00e9b\u0151l, a sz\u00edv\u00fcnkbe \u00edrt t\u00f6rv\u00e9nyr\u0151l sz\u00f3l. Ez pedig nem m\u00e1s, mint a szeretet kett\u0151s parancsa. Aki pedig sz\u00edv\u00e9ben ezzel a paranccsal \u00e9l, igaz\u00e1n boldog!<\/span><\/em><\/p>\n<p><em><span style=\"color: #ad1181;\"><strong>A v\u00e1laszos zsolt\u00e1r<\/strong> ism\u00e9tl\u0151d\u0151 foh\u00e1sza egyben k\u00e9r\u00e9s is Istenhez: &#8222;Istenem k\u00e9rlek, teremts bennem tiszta sz\u00edvet.&#8221;<\/span><\/em><\/p>\n<p><em><span style=\"color: #ad1181;\"><strong>A szentlecke<\/strong> egy nagyon \u00e9rdekes \u00e9s sokakat foglalkoztat\u00f3 k\u00e9rd\u00e9sre keresi a v\u00e1laszt: Mi a szenved\u00e9s \u00e9rtelme? A szenved\u00e9sb\u0151l tanulta meg az engedelmess\u00e9get &#8211; Legyen \u00fagy, ahogyan Te akarod! Ez pedig elhozta az \u00fcdv\u00f6ss\u00e9get. Sz\u00e1munkra, h\u00edv\u0151 embereknek, szint\u00e9n egyfajta meger\u0151s\u00edt\u00e9s egy\u00e9ni szenved\u00e9seinkben.<\/span><\/em><\/p>\n<p><em><span style=\"color: #ad1181;\"><strong>Az evang\u00e9liumi r\u00e9sz<\/strong>, amelyet Szent J\u00e1nos, a szeretet apostol\u00e1nak tolm\u00e1csol\u00e1s\u00e1ban olvashatunk, az egyik legm\u00e9lyebb \u00e9s legszebb teol\u00f3giai tartalm\u00fa gondolatot k\u00f6zvet\u00edti. G\u00f6r\u00f6g\u00f6k, azaz pog\u00e1nyok mennek azzal a k\u00e9r\u00e9ssel a Betszaid\u00e1b\u00f3l sz\u00e1rmaz\u00f3 F\u00fcl\u00f6ph\u00f6z, hogy l\u00e1tni, pontosabban, tal\u00e1lkozni szeretn\u00e9nek J\u00e9zussal. \u00d6nk\u00e9nt ad\u00f3dik a k\u00e9rd\u00e9s, \u00e9n meg tudom mutatni J\u00e9zust m\u00e1soknak? Ugyanis, ez kereszt\u00e9ny, h\u00edv\u0151 \u00e9letem l\u00e9nyege: m\u00e1sokat elvezetni J\u00e9zushoz. Csak akkor tehetem meg, ha m\u00e1r \u00e9n tal\u00e1lkoztam Vele, \u00e9s ismerem \u0150t.\u00a0<\/span><\/em><\/p>\n<p><span style=\"color: #ad1181;\">Kezd\u0151\u00e9nek:<\/span><br \/>\nSzolg\u00e1ltass nekem igazs\u00e1got, Istenem, az istentelen n\u00e9ppel szemben v\u00e9delmezd \u00fcgyemet, ments meg a gonosz \u00e9s \u00e1lnok embert\u0151l, mert te vagy Istenem \u00e9s er\u0151ss\u00e9gem. (V\u00f6. Zsolt 42,1-2)<\/p>\n<p><span style=\"color: #ad1181;\">K\u00f6ny\u00f6rg\u00e9s:<\/span><br \/>\nUrunk, Isten\u00fcnk, seg\u00edts minket, hogy \u00e9letutunkat azzal az odaad\u00f3 szeretettel j\u00e1rjuk, amellyel Fiad szerette a vil\u00e1got, \u00e9s hal\u00e1lra adta \u00e9rt\u00fcnk \u00f6nmag\u00e1t. A mi Urunk, J\u00e9zus Krisztus, a te Fiad \u00e1ltal, aki veled \u00e9l \u00e9s uralkodik a Szentl\u00e9lekkel egys\u00e9gben, Isten mind\u00f6r\u00f6kk\u00f6n \u00f6r\u00f6kk\u00e9.<\/p>\n<p align=\"justify\"><span style=\"color: #ad1181;\">OLVASM\u00c1NY Jeremi\u00e1s pr\u00f3f\u00e9ta k\u00f6nyv\u00e9b\u0151l. (Jer 31,31-34)<\/span><br \/>\n\u201e\u00cdme, napok j\u00f6nnek \u2013 mondja az \u00dar \u2013, amikor \u00faj sz\u00f6vets\u00e9get k\u00f6t\u00f6k Izrael h\u00e1z\u00e1val \u00e9s Juda h\u00e1z\u00e1val. De nem olyan sz\u00f6vets\u00e9get, mint amilyet aty\u00e1ikkal k\u00f6t\u00f6ttem azon a napon, amikor k\u00e9zen fogva kivezettem \u0151ket Egyiptom f\u00f6ldj\u00e9r\u0151l. Azt a sz\u00f6vets\u00e9gemet ugyanis megszegt\u00e9k, pedig Uruk voltam \u2013 mondja az \u00dar.<br \/>\nEz lesz az a sz\u00f6vets\u00e9g, amelyet majd Izrael h\u00e1z\u00e1val k\u00f6t\u00f6k, ha el\u00e9rkeznek azok a napok \u2013 mondja az \u00dar: Bensej\u00fckbe adom t\u00f6rv\u00e9nyemet, \u00e9s a sz\u00edv\u00fckbe \u00edrom. Isten\u00fck leszek, \u0151k meg az \u00e9n n\u00e9pem lesznek. T\u00f6bb\u00e9 nem lesz sz\u00fcks\u00e9g arra, hogy az egyik ember a m\u00e1sikat, testv\u00e9r a testv\u00e9r\u00e9t \u00edgy tan\u00edtsa: \u00bbIsmerd meg az Urat,\u00ab mert mindny\u00e1jan ismerni fognak a legkisebbt\u0151l a legnagyobbig \u2013 mondja az \u00dar \u2013, mivel megbocs\u00e1tom gonoszs\u00e1gaikat, \u00e9s v\u00e9tkeikre t\u00f6bb\u00e9 nem eml\u00e9kezem.\u201d<br \/>\nEz az Isten ig\u00e9je.<\/p>\n<p align=\"justify\"><span style=\"color: #ad1181;\">V\u00c1LASZOS ZSOLT\u00c1R (Zsolt 50,3-4.12-13.14-15)<\/span><br \/>\nV\u00e1lasz:\u00a0<strong>Istenem,\u00a0<u>k\u00e9r<\/u>lek t\u00e9ged, * teremts bennem\u00a0<u>tisz<\/u>ta sz\u00edvet.<\/strong>\u00a0(1 D<sup><small>2<\/small><\/sup>\u00a0t\u00f3nus.)<br \/>\nEl\u0151\u00e9nekes: K\u00f6ny\u00f6r\u00fclj rajtam, Is<u>te<\/u>nem, \u2020 mivel irgalmas \u00e9s\u00a0<u>j\u00f3<\/u>s\u00e1gos vagy, * t\u00f6r\u00f6ld el gonoszs\u00e1gomat m\u00e9rhetetlen\u00a0<u>ir<\/u>galmaddal.<br \/>\nMosd le\u00a0<u>b\u0171<\/u>n\u00f6met teljesen, * \u00e9s v\u00e9tkemt\u0151l tisz<u>t\u00edts<\/u>\u00a0meg engem.<br \/>\nH\u00edvek:\u00a0<strong>Istenem,\u00a0<u>k\u00e9r<\/u>lek t\u00e9ged, * teremts bennem\u00a0<u>tisz<\/u>ta sz\u00edvet.<\/strong><br \/>\nE: Tiszta sz\u00edvet teremts\u00a0<u>ben<\/u>nem, Istenem, * az er\u0151s lelket \u00e9leszd fel\u00a0<u>\u00faj<\/u>ra bennem.<br \/>\nNe tasz\u00edts el\u00a0<u>sz\u00ed<\/u>ned el\u0151l, * \u00e9s szent lelkedet ne\u00a0<u>vond<\/u>\u00a0meg t\u0151lem.<br \/>\nH:\u00a0<strong>Istenem,\u00a0<u>k\u00e9r<\/u>lek t\u00e9ged, * teremts bennem\u00a0<u>tisz<\/u>ta sz\u00edvet.<\/strong><br \/>\nE: \u00dcdv\u00f6ss\u00e9ged \u00f6r\u00f6m\u00e9t\u00a0<u>add<\/u>\u00a0meg \u00fajra, * a k\u00e9szs\u00e9ges lelk\u00fcletet er\u0151<u>s\u00edtsd<\/u>\u00a0meg bennem.<br \/>\nMegtan\u00edtom utaidat a\u00a0<u>v\u00e9t<\/u>keseknek, * \u00e9s a b\u0171n\u00f6s\u00f6k\u00a0<u>hoz<\/u>z\u00e1d t\u00e9rnek.<br \/>\nH:\u00a0<strong>Istenem,\u00a0<u>k\u00e9r<\/u>lek t\u00e9ged, * teremts bennem\u00a0<u>tisz<\/u>ta sz\u00edvet.<\/strong><\/p>\n<p align=\"justify\"><span style=\"color: #ad1181;\">SZENTLECKE a Zsid\u00f3khoz \u00edrt lev\u00e9lb\u0151l (Zsid 5,7-9)<\/span><br \/>\nTestv\u00e9reim! J\u00e9zus f\u00f6ldi \u00e9let\u00e9ben hangosan ki\u00e1ltozva, k\u00f6nnyek k\u00f6z\u00f6tt im\u00e1dkozott, \u00e9s k\u00f6ny\u00f6rg\u00f6tt ahhoz, aki meg tudta menteni a hal\u00e1lt\u00f3l. H\u00f3dolat\u00e1\u00e9rt meghallgat\u00e1sra tal\u00e1lt. Annak ellen\u00e9re, hogy \u0151 volt a Fi\u00fa, a szenved\u00e9sb\u0151l tanulta meg az engedelmess\u00e9get. M\u0171ve befejezt\u00e9vel pedig \u00f6r\u00f6k \u00fcdv\u00f6ss\u00e9get szerzett azoknak, akik engedelmeskednek neki.<br \/>\nEz az Isten ig\u00e9je.<\/p>\n<p align=\"justify\">\n<span style=\"color: #ad1181;\">EVANG\u00c9LIUM EL\u0150TTI VERS<\/span><br \/>\nJ\u00e9zus mond<u>ja<\/u>: \u2020 \u201eAki n\u00e9kem szolg\u00e1l, az\u00a0<u>en<\/u>gem k\u00f6vessen, * \u00e9s ahol \u00e9n vagyok, ott lesz\u00a0<u>az<\/u>\u00a0\u00e9n szolg\u00e1m.\u201d (Jn 12,26 \u2013 1 D<sup><small>2<\/small><\/sup>\u00a0t\u00f3nus.)<\/p>\n<p align=\"justify\"><span style=\"color: #ad1181;\">\u2020 EVANG\u00c9LIUM Szent J\u00e1nos k\u00f6nyv\u00e9b\u0151l (Jn 12,20-33)<\/span><br \/>\nAbban az id\u0151ben: Azok k\u00f6z\u00f6tt, akik felzar\u00e1ndokoltak, hogy az \u00fcnnepen im\u00e1dj\u00e1k Istent, volt n\u00e9h\u00e1ny g\u00f6r\u00f6g is. Ezek odamentek F\u00fcl\u00f6ph\u00f6z, aki a galileai Betszaid\u00e1b\u00f3l sz\u00e1rmazott, \u00e9s k\u00e9rt\u00e9k: \u201eUram, l\u00e1tni szeretn\u00e9nk J\u00e9zust.\u201d F\u00fcl\u00f6p elment \u00e9s sz\u00f3lt Andr\u00e1snak. Azt\u00e1n Andr\u00e1s \u00e9s F\u00fcl\u00f6p elmentek, \u00e9s megmondt\u00e1k J\u00e9zusnak. J\u00e9zus ezt v\u00e1laszolta: \u201eElj\u00f6tt az \u00f3ra, hogy megdics\u0151\u00fclj\u00f6n az Emberfia. Bizony, bizony, mondom nektek: ha a b\u00fazaszem nem hull a f\u00f6ldbe, \u00e9s el nem hal, egyed\u00fcl marad, ha azonban elhal, sok gy\u00fcm\u00f6lcs\u00f6t hoz. Aki szereti \u00e9let\u00e9t, elvesz\u00edti azt, de aki gy\u0171l\u00f6li \u00e9let\u00e9t ebben a vil\u00e1gban, az megmenti azt az \u00f6r\u00f6k \u00e9letre. Aki nekem szolg\u00e1l, k\u00f6vessen engem, \u00e9s ahol \u00e9n vagyok, ott lesz a szolg\u00e1m is. Aki nekem szolg\u00e1l, azt becs\u00fclni fogja az Atya. Most megrend\u00fclt a lelkem. Mit is mondjak? Aty\u00e1m, szabad\u00edts meg ett\u0151l az \u00f3r\u00e1t\u00f3l? De hiszen \u00e9ppen ez\u00e9rt az \u00f3r\u00e1\u00e9rt j\u00f6ttem. Aty\u00e1m, dics\u0151\u00edtsd meg nevedet!\u201d<br \/>\nErre hang hallatszott az \u00e9gb\u0151l: \u201eMegdics\u0151\u00edtettem, \u00e9s ism\u00e9t megdics\u0151\u00edtem.\u201d A t\u00f6meg, amely ott \u00e1llt, ennek hallat\u00e1ra azt gondolta, hogy mennyd\u00f6rg\u00f6tt. M\u00e1sok \u00edgy v\u00e9lekedtek: \u201eAngyal besz\u00e9lt vele.\u201d J\u00e9zus megmagyar\u00e1zta nekik: \u201eNem miattam hallatszott ez a hang, hanem miattatok. \u00cdt\u00e9let van most a vil\u00e1gon. Most vetik ki ennek a vil\u00e1gnak a fejedelm\u00e9t. \u00c9n pedig, ha majd f\u00f6lmagasztalnak a f\u00f6ldr\u0151l, mindenkit magamhoz vonzok.\u201d Ezt az\u00e9rt mondta, hogy jelezze: milyen hal\u00e1llal fog meghalni.<br \/>\nEzek az evang\u00e9lium ig\u00e9i.<\/p>\n<p align=\"justify\">\n<span style=\"color: #ad1181;\">EGYETEMES K\u00d6NY\u00d6RG\u00c9SEK<\/span><br \/>\nPap: Im\u00e1dkozzunk, testv\u00e9reim, hogy Megv\u00e1lt\u00f3nk k\u00ednszenved\u00e9se adjon er\u0151t nek\u00fcnk is a szenved\u00e9sek t\u00fcrelmes elvisel\u00e9s\u00e9re!<br \/>\nLektor:<br \/>\n1. Add, Urunk, hogy n\u00e9ped \u00fagy szeresse f\u00f6ldi \u00e9let\u00e9t, hogy el ne vesz\u00edtse az \u00f6r\u00f6k \u00e9letet!<br \/>\nH\u00edvek: K\u00e9r\u00fcnk T\u00e9ged, hallgass meg minket!<br \/>\n2. Add, hogy Egyh\u00e1zad p\u00e1sztorai \u00e9let\u00fck p\u00e9ld\u00e1j\u00e1val is tan\u00edts\u00e1k az \u00e1ldozatv\u00e1llal\u00e1s sz\u00fcks\u00e9gess\u00e9g\u00e9t!<br \/>\nH\u00edvek: K\u00e9r\u00fcnk T\u00e9ged, hallgass meg minket!<br \/>\n3. Add, hogy az \u00e1llamok vezet\u0151i \u00f6nzetlen\u00fcl szolg\u00e1lj\u00e1k a n\u00e9pek j\u00f3l\u00e9t\u00e9t!<br \/>\nH\u00edvek: K\u00e9r\u00fcnk T\u00e9ged, hallgass meg minket!<br \/>\n4. Add, hogy beteg \u00e9s szenved\u0151 testv\u00e9reink megv\u00e1lt\u00f3 szeretetedb\u0151l mer\u00edtsenek er\u0151t!<br \/>\nH\u00edvek: K\u00e9r\u00fcnk T\u00e9ged, hallgass meg minket!<br \/>\n5. Add, hogy ne rettegj\u00fcnk a hal\u00e1lt\u00f3l, hanem megl\u00e1ssuk benne \u00f6r\u00f6k \u00e9let\u00fcnk kezdet\u00e9t!<br \/>\nH\u00edvek: K\u00e9r\u00fcnk T\u00e9ged, hallgass meg minket!<br \/>\nPap: Urunk \u00e9s Megv\u00e1lt\u00f3nk! F\u00f6ldi \u00e9letedben magad is megtapasztaltad az emberi szenved\u00e9seket. Er\u0151s\u00edts minket neh\u00e9z \u00f3r\u00e1inkban, hogy a szenved\u00e9s \u00fcdv\u00f6ss\u00e9g\u00fcnkre v\u00e1lj\u00e9k. Aki \u00e9lsz \u00e9s uralkodol mind\u00f6r\u00f6kk\u00f6n- \u00f6r\u00f6kk\u00e9.<br \/>\nH\u00edvek: \u00c1men.<\/p>\n<p>Felaj\u00e1nl\u00f3 k\u00f6ny\u00f6rg\u00e9s:<br \/>\nHallgass meg minket, mindenhat\u00f3 Isten\u00fcnk, \u00e9s add, hogy h\u00edveidet tiszt\u00edtsa meg ennek az \u00e1ldozatnak az ereje, miut\u00e1n a kereszt\u00e9ny hit tan\u00edt\u00e1s\u00e1ban r\u00e9szes\u00fcltek. Krisztus, a mi Urunk \u00e1ltal.<\/p>\n<p><span style=\"color: #ad1181;\">\u00c1ldoz\u00e1si \u00e9nek:<\/span><br \/>\nBizony, bizony, mondom nektek: ha a f\u00f6ldbe hullott b\u00fazaszem el nem hal, egymaga marad, de ha elhal, sok term\u00e9st hoz! (Jn 12,24-25)<\/p>\n<p><span style=\"color: #ad1181;\">\u00c1ldoz\u00e1s ut\u00e1ni k\u00f6ny\u00f6rg\u00e9s:<\/span><br \/>\nK\u00e9r\u00fcnk, mindenhat\u00f3 Isten\u00fcnk, add, hogy mindig \u00e9l\u0151 tagjai maradjunk szent Fiadnak, akinek test\u00e9t \u00e9s v\u00e9r\u00e9t magunkhoz vett\u00fck. Aki \u00e9l \u00e9s uralkodik mind\u00f6r\u00f6kk\u00f6n \u00f6r\u00f6kk\u00e9.<\/p>\n<p><span style=\"color: #ad1181;\">K\u00f6ny\u00f6rg\u00e9s a n\u00e9p\u00e9rt:<\/span><br \/>\n\u00c1ldd meg, Urunk, Isten\u00fcnk irgalmass\u00e1god aj\u00e1nd\u00e9k\u00e1t v\u00e1r\u00f3 n\u00e9pedet. Add meg, hogy amit \u00f6szt\u00f6nz\u00e9sedre k\u00edv\u00e1n, b\u0151kez\u0171s\u00e9gedb\u0151l meg is kapja. Krisztus, a mi Urunk \u00e1ltal.<\/p>\n<p><em>(K\u00e9p forr\u00e1sa: VDTA blog)<\/em><\/p>\n","protected":false},"excerpt":{"rendered":"<p>\u00c9let \u00e9s hal\u00e1l &#8211; Tal\u00e1lkoz\u00e1s J\u00e9zussal A szentmise kezd\u0151\u00e9neke \u00f6r\u00f6k emberi k\u00e9r\u00e9st fogalmaz meg. Keress\u00fck az igazs\u00e1got. A zsolt\u00e1ros Istent k\u00e9ri f\u00f6l, hogy szolg\u00e1ltasson igazs\u00e1got sz\u00e1m\u00e1ra. \u00c9rdekes, hogy am\u00edg a magam igazs\u00e1g\u00e1t, igaz\u00e1t keresem, sohasem tal\u00e1lom meg. Amennyiben pedig Istent k\u00e9rem erre, r\u00e1m tal\u00e1l az igazs\u00e1g, benne a val\u00f3s\u00e1g is. Ne feledjem sohasem! A k\u00f6ny\u00f6rg\u00e9s foh\u00e1sza egyben felh\u00edv\u00e1s a szeretetben val\u00f3 \u00e9letre. Azzal a szeretettel fordulok m\u00e1sok fel\u00e9, amellyel \u00f6nmagamat is szeretem.\u00a0 Az \u00f3sz\u00f6vets\u00e9gi olvasm\u00e1ny, Jeremi\u00e1s pr\u00f3f\u00e9ta k\u00f6nyv\u00e9b\u0151l, a sz\u00edv\u00fcnkbe \u00edrt t\u00f6rv\u00e9nyr\u0151l sz\u00f3l. Ez pedig nem m\u00e1s, mint a szeretet kett\u0151s parancsa. Aki pedig sz\u00edv\u00e9ben ezzel a paranccsal \u00e9l, igaz\u00e1n boldog! A v\u00e1laszos zsolt\u00e1r ism\u00e9tl\u0151d\u0151 foh\u00e1sza egyben k\u00e9r\u00e9s is Istenhez: &#8222;Istenem k\u00e9rlek, teremts bennem tiszta sz\u00edvet.&#8221; A szentlecke egy nagyon \u00e9rdekes \u00e9s sokakat foglalkoztat\u00f3 k\u00e9rd\u00e9sre keresi a v\u00e1laszt: Mi a szenved\u00e9s \u00e9rtelme? A szenved\u00e9sb\u0151l tanulta meg az engedelmess\u00e9get &#8211; Legyen \u00fagy, ahogyan Te akarod! Ez pedig elhozta az \u00fcdv\u00f6ss\u00e9get. Sz\u00e1munkra, h\u00edv\u0151 embereknek, szint\u00e9n egyfajta meger\u0151s\u00edt\u00e9s egy\u00e9ni szenved\u00e9seinkben. Az evang\u00e9liumi r\u00e9sz, amelyet Szent J\u00e1nos, a szeretet apostol\u00e1nak tolm\u00e1csol\u00e1s\u00e1ban olvashatunk, az egyik legm\u00e9lyebb \u00e9s legszebb teol\u00f3giai tartalm\u00fa gondolatot k\u00f6zvet\u00edti. G\u00f6r\u00f6g\u00f6k, azaz pog\u00e1nyok mennek azzal a k\u00e9r\u00e9ssel a Betszaid\u00e1b\u00f3l sz\u00e1rmaz\u00f3 F\u00fcl\u00f6ph\u00f6z, hogy l\u00e1tni, pontosabban, tal\u00e1lkozni szeretn\u00e9nek J\u00e9zussal. \u00d6nk\u00e9nt ad\u00f3dik a k\u00e9rd\u00e9s, \u00e9n meg tudom mutatni J\u00e9zust m\u00e1soknak? Ugyanis, ez kereszt\u00e9ny, h\u00edv\u0151 \u00e9letem l\u00e9nyege: m\u00e1sokat elvezetni J\u00e9zushoz. Csak akkor tehetem meg, ha m\u00e1r \u00e9n tal\u00e1lkoztam Vele, \u00e9s ismerem \u0150t.\u00a0 Kezd\u0151\u00e9nek: Szolg\u00e1ltass nekem igazs\u00e1got, Istenem, az istentelen n\u00e9ppel szemben v\u00e9delmezd \u00fcgyemet, ments meg a gonosz \u00e9s \u00e1lnok embert\u0151l, mert te vagy Istenem \u00e9s er\u0151ss\u00e9gem. (V\u00f6. Zsolt 42,1-2) K\u00f6ny\u00f6rg\u00e9s: Urunk, Isten\u00fcnk, seg\u00edts minket, hogy \u00e9letutunkat azzal az odaad\u00f3 szeretettel j\u00e1rjuk, amellyel Fiad szerette a vil\u00e1got, \u00e9s hal\u00e1lra adta \u00e9rt\u00fcnk \u00f6nmag\u00e1t. A mi Urunk, J\u00e9zus Krisztus, a te Fiad \u00e1ltal, aki veled \u00e9l \u00e9s uralkodik a Szentl\u00e9lekkel egys\u00e9gben, Isten mind\u00f6r\u00f6kk\u00f6n \u00f6r\u00f6kk\u00e9. OLVASM\u00c1NY Jeremi\u00e1s pr\u00f3f\u00e9ta k\u00f6nyv\u00e9b\u0151l. (Jer 31,31-34)&#8230; <\/p>\n<p><a class=\"readmore\" href=\"https:\/\/stuttgarti-katolikusok.de\/index.php\/nagybojt-5-vasarnapja-4\/\">R\u00e9szletek<\/a><\/p>\n","protected":false},"author":3,"featured_media":28535,"comment_status":"closed","ping_status":"closed","sticky":false,"template":"","format":"standard","meta":{"footnotes":""},"categories":[85,63],"tags":[],"class_list":["post-28534","post","type-post","status-publish","format-standard","has-post-thumbnail","hentry","category-a-liturgia-olvasmanyai","category-vasarnapi-gondolatok"],"yoast_head":"<!-- This site is optimized with the Yoast SEO plugin v27.3 - https:\/\/yoast.com\/product\/yoast-seo-wordpress\/ -->\n<title>NAGYB\u00d6JT 5. VAS\u00c1RNAPJA - Stuttgarti Katolikusok<\/title>\n<meta name=\"robots\" content=\"index, follow, max-snippet:-1, max-image-preview:large, max-video-preview:-1\" \/>\n<link rel=\"canonical\" href=\"https:\/\/stuttgarti-katolikusok.de\/index.php\/nagybojt-5-vasarnapja-4\/\" \/>\n<meta property=\"og:locale\" content=\"hu_HU\" \/>\n<meta property=\"og:type\" content=\"article\" \/>\n<meta property=\"og:title\" content=\"NAGYB\u00d6JT 5. VAS\u00c1RNAPJA - Stuttgarti Katolikusok\" \/>\n<meta property=\"og:description\" content=\"\u00c9let \u00e9s hal\u00e1l &#8211; Tal\u00e1lkoz\u00e1s J\u00e9zussal A szentmise kezd\u0151\u00e9neke \u00f6r\u00f6k emberi k\u00e9r\u00e9st fogalmaz meg. Keress\u00fck az igazs\u00e1got. A zsolt\u00e1ros Istent k\u00e9ri f\u00f6l, hogy szolg\u00e1ltasson igazs\u00e1got sz\u00e1m\u00e1ra. \u00c9rdekes, hogy am\u00edg a magam igazs\u00e1g\u00e1t, igaz\u00e1t keresem, sohasem tal\u00e1lom meg. Amennyiben pedig Istent k\u00e9rem erre, r\u00e1m tal\u00e1l az igazs\u00e1g, benne a val\u00f3s\u00e1g is. Ne feledjem sohasem! A k\u00f6ny\u00f6rg\u00e9s foh\u00e1sza egyben felh\u00edv\u00e1s a szeretetben val\u00f3 \u00e9letre. Azzal a szeretettel fordulok m\u00e1sok fel\u00e9, amellyel \u00f6nmagamat is szeretem.\u00a0 Az \u00f3sz\u00f6vets\u00e9gi olvasm\u00e1ny, Jeremi\u00e1s pr\u00f3f\u00e9ta k\u00f6nyv\u00e9b\u0151l, a sz\u00edv\u00fcnkbe \u00edrt t\u00f6rv\u00e9nyr\u0151l sz\u00f3l. Ez pedig nem m\u00e1s, mint a szeretet kett\u0151s parancsa. Aki pedig sz\u00edv\u00e9ben ezzel a paranccsal \u00e9l, igaz\u00e1n boldog! A v\u00e1laszos zsolt\u00e1r ism\u00e9tl\u0151d\u0151 foh\u00e1sza egyben k\u00e9r\u00e9s is Istenhez: &#8222;Istenem k\u00e9rlek, teremts bennem tiszta sz\u00edvet.&#8221; A szentlecke egy nagyon \u00e9rdekes \u00e9s sokakat foglalkoztat\u00f3 k\u00e9rd\u00e9sre keresi a v\u00e1laszt: Mi a szenved\u00e9s \u00e9rtelme? A szenved\u00e9sb\u0151l tanulta meg az engedelmess\u00e9get &#8211; Legyen \u00fagy, ahogyan Te akarod! Ez pedig elhozta az \u00fcdv\u00f6ss\u00e9get. Sz\u00e1munkra, h\u00edv\u0151 embereknek, szint\u00e9n egyfajta meger\u0151s\u00edt\u00e9s egy\u00e9ni szenved\u00e9seinkben. Az evang\u00e9liumi r\u00e9sz, amelyet Szent J\u00e1nos, a szeretet apostol\u00e1nak tolm\u00e1csol\u00e1s\u00e1ban olvashatunk, az egyik legm\u00e9lyebb \u00e9s legszebb teol\u00f3giai tartalm\u00fa gondolatot k\u00f6zvet\u00edti. G\u00f6r\u00f6g\u00f6k, azaz pog\u00e1nyok mennek azzal a k\u00e9r\u00e9ssel a Betszaid\u00e1b\u00f3l sz\u00e1rmaz\u00f3 F\u00fcl\u00f6ph\u00f6z, hogy l\u00e1tni, pontosabban, tal\u00e1lkozni szeretn\u00e9nek J\u00e9zussal. \u00d6nk\u00e9nt ad\u00f3dik a k\u00e9rd\u00e9s, \u00e9n meg tudom mutatni J\u00e9zust m\u00e1soknak? Ugyanis, ez kereszt\u00e9ny, h\u00edv\u0151 \u00e9letem l\u00e9nyege: m\u00e1sokat elvezetni J\u00e9zushoz. Csak akkor tehetem meg, ha m\u00e1r \u00e9n tal\u00e1lkoztam Vele, \u00e9s ismerem \u0150t.\u00a0 Kezd\u0151\u00e9nek: Szolg\u00e1ltass nekem igazs\u00e1got, Istenem, az istentelen n\u00e9ppel szemben v\u00e9delmezd \u00fcgyemet, ments meg a gonosz \u00e9s \u00e1lnok embert\u0151l, mert te vagy Istenem \u00e9s er\u0151ss\u00e9gem. (V\u00f6. Zsolt 42,1-2) K\u00f6ny\u00f6rg\u00e9s: Urunk, Isten\u00fcnk, seg\u00edts minket, hogy \u00e9letutunkat azzal az odaad\u00f3 szeretettel j\u00e1rjuk, amellyel Fiad szerette a vil\u00e1got, \u00e9s hal\u00e1lra adta \u00e9rt\u00fcnk \u00f6nmag\u00e1t. A mi Urunk, J\u00e9zus Krisztus, a te Fiad \u00e1ltal, aki veled \u00e9l \u00e9s uralkodik a Szentl\u00e9lekkel egys\u00e9gben, Isten mind\u00f6r\u00f6kk\u00f6n \u00f6r\u00f6kk\u00e9. OLVASM\u00c1NY Jeremi\u00e1s pr\u00f3f\u00e9ta k\u00f6nyv\u00e9b\u0151l. (Jer 31,31-34)... R\u00e9szletek\" \/>\n<meta property=\"og:url\" content=\"https:\/\/stuttgarti-katolikusok.de\/index.php\/nagybojt-5-vasarnapja-4\/\" \/>\n<meta property=\"og:site_name\" content=\"Stuttgarti Katolikusok\" \/>\n<meta property=\"article:published_time\" content=\"2024-03-15T11:09:40+00:00\" \/>\n<meta property=\"og:image\" content=\"https:\/\/stuttgarti-katolikusok.de\/wp-content\/uploads\/2024\/03\/unnamed-1.jpg\" \/>\n\t<meta property=\"og:image:width\" content=\"1920\" \/>\n\t<meta property=\"og:image:height\" content=\"1280\" \/>\n\t<meta property=\"og:image:type\" content=\"image\/jpeg\" \/>\n<meta name=\"author\" content=\"Tibor atya\" \/>\n<meta name=\"twitter:card\" content=\"summary_large_image\" \/>\n<meta name=\"twitter:label1\" content=\"Szerz\u0151:\" \/>\n\t<meta name=\"twitter:data1\" content=\"Tibor atya\" \/>\n\t<meta name=\"twitter:label2\" content=\"Becs\u00fclt olvas\u00e1si id\u0151\" \/>\n\t<meta name=\"twitter:data2\" content=\"7 perc\" \/>\n<script type=\"application\/ld+json\" class=\"yoast-schema-graph\">{\"@context\":\"https:\\\/\\\/schema.org\",\"@graph\":[{\"@type\":\"Article\",\"@id\":\"https:\\\/\\\/stuttgarti-katolikusok.de\\\/index.php\\\/nagybojt-5-vasarnapja-4\\\/#article\",\"isPartOf\":{\"@id\":\"https:\\\/\\\/stuttgarti-katolikusok.de\\\/index.php\\\/nagybojt-5-vasarnapja-4\\\/\"},\"author\":{\"name\":\"Tibor atya\",\"@id\":\"https:\\\/\\\/stuttgarti-katolikusok.de\\\/#\\\/schema\\\/person\\\/75908d6f8fdc03a57889d27209df7795\"},\"headline\":\"NAGYB\u00d6JT 5. VAS\u00c1RNAPJA\",\"datePublished\":\"2024-03-15T11:09:40+00:00\",\"mainEntityOfPage\":{\"@id\":\"https:\\\/\\\/stuttgarti-katolikusok.de\\\/index.php\\\/nagybojt-5-vasarnapja-4\\\/\"},\"wordCount\":1612,\"image\":{\"@id\":\"https:\\\/\\\/stuttgarti-katolikusok.de\\\/index.php\\\/nagybojt-5-vasarnapja-4\\\/#primaryimage\"},\"thumbnailUrl\":\"https:\\\/\\\/stuttgarti-katolikusok.de\\\/wp-content\\\/uploads\\\/2024\\\/03\\\/unnamed-1.jpg\",\"articleSection\":[\"A liturgia olvasm\u00e1nyai\",\"Vas\u00e1rnapi gondolatok\"],\"inLanguage\":\"hu\"},{\"@type\":\"WebPage\",\"@id\":\"https:\\\/\\\/stuttgarti-katolikusok.de\\\/index.php\\\/nagybojt-5-vasarnapja-4\\\/\",\"url\":\"https:\\\/\\\/stuttgarti-katolikusok.de\\\/index.php\\\/nagybojt-5-vasarnapja-4\\\/\",\"name\":\"NAGYB\u00d6JT 5. VAS\u00c1RNAPJA - Stuttgarti Katolikusok\",\"isPartOf\":{\"@id\":\"https:\\\/\\\/stuttgarti-katolikusok.de\\\/#website\"},\"primaryImageOfPage\":{\"@id\":\"https:\\\/\\\/stuttgarti-katolikusok.de\\\/index.php\\\/nagybojt-5-vasarnapja-4\\\/#primaryimage\"},\"image\":{\"@id\":\"https:\\\/\\\/stuttgarti-katolikusok.de\\\/index.php\\\/nagybojt-5-vasarnapja-4\\\/#primaryimage\"},\"thumbnailUrl\":\"https:\\\/\\\/stuttgarti-katolikusok.de\\\/wp-content\\\/uploads\\\/2024\\\/03\\\/unnamed-1.jpg\",\"datePublished\":\"2024-03-15T11:09:40+00:00\",\"author\":{\"@id\":\"https:\\\/\\\/stuttgarti-katolikusok.de\\\/#\\\/schema\\\/person\\\/75908d6f8fdc03a57889d27209df7795\"},\"breadcrumb\":{\"@id\":\"https:\\\/\\\/stuttgarti-katolikusok.de\\\/index.php\\\/nagybojt-5-vasarnapja-4\\\/#breadcrumb\"},\"inLanguage\":\"hu\",\"potentialAction\":[{\"@type\":\"ReadAction\",\"target\":[\"https:\\\/\\\/stuttgarti-katolikusok.de\\\/index.php\\\/nagybojt-5-vasarnapja-4\\\/\"]}]},{\"@type\":\"ImageObject\",\"inLanguage\":\"hu\",\"@id\":\"https:\\\/\\\/stuttgarti-katolikusok.de\\\/index.php\\\/nagybojt-5-vasarnapja-4\\\/#primaryimage\",\"url\":\"https:\\\/\\\/stuttgarti-katolikusok.de\\\/wp-content\\\/uploads\\\/2024\\\/03\\\/unnamed-1.jpg\",\"contentUrl\":\"https:\\\/\\\/stuttgarti-katolikusok.de\\\/wp-content\\\/uploads\\\/2024\\\/03\\\/unnamed-1.jpg\",\"width\":1920,\"height\":1280},{\"@type\":\"BreadcrumbList\",\"@id\":\"https:\\\/\\\/stuttgarti-katolikusok.de\\\/index.php\\\/nagybojt-5-vasarnapja-4\\\/#breadcrumb\",\"itemListElement\":[{\"@type\":\"ListItem\",\"position\":1,\"name\":\"Kezd\u0151lap\",\"item\":\"https:\\\/\\\/stuttgarti-katolikusok.de\\\/\"},{\"@type\":\"ListItem\",\"position\":2,\"name\":\"NAGYB\u00d6JT 5. VAS\u00c1RNAPJA\"}]},{\"@type\":\"WebSite\",\"@id\":\"https:\\\/\\\/stuttgarti-katolikusok.de\\\/#website\",\"url\":\"https:\\\/\\\/stuttgarti-katolikusok.de\\\/\",\"name\":\"Stuttgarti Katolikusok\",\"description\":\"\",\"potentialAction\":[{\"@type\":\"SearchAction\",\"target\":{\"@type\":\"EntryPoint\",\"urlTemplate\":\"https:\\\/\\\/stuttgarti-katolikusok.de\\\/?s={search_term_string}\"},\"query-input\":{\"@type\":\"PropertyValueSpecification\",\"valueRequired\":true,\"valueName\":\"search_term_string\"}}],\"inLanguage\":\"hu\"},{\"@type\":\"Person\",\"@id\":\"https:\\\/\\\/stuttgarti-katolikusok.de\\\/#\\\/schema\\\/person\\\/75908d6f8fdc03a57889d27209df7795\",\"name\":\"Tibor atya\",\"image\":{\"@type\":\"ImageObject\",\"inLanguage\":\"hu\",\"@id\":\"https:\\\/\\\/secure.gravatar.com\\\/avatar\\\/61d268e57d1f4525b111222e29d2d5a7f8c420fdbf231ba5566a8ceac74fa960?s=96&d=mm&r=g\",\"url\":\"https:\\\/\\\/secure.gravatar.com\\\/avatar\\\/61d268e57d1f4525b111222e29d2d5a7f8c420fdbf231ba5566a8ceac74fa960?s=96&d=mm&r=g\",\"contentUrl\":\"https:\\\/\\\/secure.gravatar.com\\\/avatar\\\/61d268e57d1f4525b111222e29d2d5a7f8c420fdbf231ba5566a8ceac74fa960?s=96&d=mm&r=g\",\"caption\":\"Tibor atya\"},\"url\":\"https:\\\/\\\/stuttgarti-katolikusok.de\\\/index.php\\\/author\\\/tibor-atya\\\/\"}]}<\/script>\n<!-- \/ Yoast SEO plugin. -->","yoast_head_json":{"title":"NAGYB\u00d6JT 5. VAS\u00c1RNAPJA - Stuttgarti Katolikusok","robots":{"index":"index","follow":"follow","max-snippet":"max-snippet:-1","max-image-preview":"max-image-preview:large","max-video-preview":"max-video-preview:-1"},"canonical":"https:\/\/stuttgarti-katolikusok.de\/index.php\/nagybojt-5-vasarnapja-4\/","og_locale":"hu_HU","og_type":"article","og_title":"NAGYB\u00d6JT 5. VAS\u00c1RNAPJA - Stuttgarti Katolikusok","og_description":"\u00c9let \u00e9s hal\u00e1l &#8211; Tal\u00e1lkoz\u00e1s J\u00e9zussal A szentmise kezd\u0151\u00e9neke \u00f6r\u00f6k emberi k\u00e9r\u00e9st fogalmaz meg. Keress\u00fck az igazs\u00e1got. A zsolt\u00e1ros Istent k\u00e9ri f\u00f6l, hogy szolg\u00e1ltasson igazs\u00e1got sz\u00e1m\u00e1ra. \u00c9rdekes, hogy am\u00edg a magam igazs\u00e1g\u00e1t, igaz\u00e1t keresem, sohasem tal\u00e1lom meg. Amennyiben pedig Istent k\u00e9rem erre, r\u00e1m tal\u00e1l az igazs\u00e1g, benne a val\u00f3s\u00e1g is. Ne feledjem sohasem! A k\u00f6ny\u00f6rg\u00e9s foh\u00e1sza egyben felh\u00edv\u00e1s a szeretetben val\u00f3 \u00e9letre. Azzal a szeretettel fordulok m\u00e1sok fel\u00e9, amellyel \u00f6nmagamat is szeretem.\u00a0 Az \u00f3sz\u00f6vets\u00e9gi olvasm\u00e1ny, Jeremi\u00e1s pr\u00f3f\u00e9ta k\u00f6nyv\u00e9b\u0151l, a sz\u00edv\u00fcnkbe \u00edrt t\u00f6rv\u00e9nyr\u0151l sz\u00f3l. Ez pedig nem m\u00e1s, mint a szeretet kett\u0151s parancsa. Aki pedig sz\u00edv\u00e9ben ezzel a paranccsal \u00e9l, igaz\u00e1n boldog! A v\u00e1laszos zsolt\u00e1r ism\u00e9tl\u0151d\u0151 foh\u00e1sza egyben k\u00e9r\u00e9s is Istenhez: &#8222;Istenem k\u00e9rlek, teremts bennem tiszta sz\u00edvet.&#8221; A szentlecke egy nagyon \u00e9rdekes \u00e9s sokakat foglalkoztat\u00f3 k\u00e9rd\u00e9sre keresi a v\u00e1laszt: Mi a szenved\u00e9s \u00e9rtelme? A szenved\u00e9sb\u0151l tanulta meg az engedelmess\u00e9get &#8211; Legyen \u00fagy, ahogyan Te akarod! Ez pedig elhozta az \u00fcdv\u00f6ss\u00e9get. Sz\u00e1munkra, h\u00edv\u0151 embereknek, szint\u00e9n egyfajta meger\u0151s\u00edt\u00e9s egy\u00e9ni szenved\u00e9seinkben. Az evang\u00e9liumi r\u00e9sz, amelyet Szent J\u00e1nos, a szeretet apostol\u00e1nak tolm\u00e1csol\u00e1s\u00e1ban olvashatunk, az egyik legm\u00e9lyebb \u00e9s legszebb teol\u00f3giai tartalm\u00fa gondolatot k\u00f6zvet\u00edti. G\u00f6r\u00f6g\u00f6k, azaz pog\u00e1nyok mennek azzal a k\u00e9r\u00e9ssel a Betszaid\u00e1b\u00f3l sz\u00e1rmaz\u00f3 F\u00fcl\u00f6ph\u00f6z, hogy l\u00e1tni, pontosabban, tal\u00e1lkozni szeretn\u00e9nek J\u00e9zussal. \u00d6nk\u00e9nt ad\u00f3dik a k\u00e9rd\u00e9s, \u00e9n meg tudom mutatni J\u00e9zust m\u00e1soknak? Ugyanis, ez kereszt\u00e9ny, h\u00edv\u0151 \u00e9letem l\u00e9nyege: m\u00e1sokat elvezetni J\u00e9zushoz. Csak akkor tehetem meg, ha m\u00e1r \u00e9n tal\u00e1lkoztam Vele, \u00e9s ismerem \u0150t.\u00a0 Kezd\u0151\u00e9nek: Szolg\u00e1ltass nekem igazs\u00e1got, Istenem, az istentelen n\u00e9ppel szemben v\u00e9delmezd \u00fcgyemet, ments meg a gonosz \u00e9s \u00e1lnok embert\u0151l, mert te vagy Istenem \u00e9s er\u0151ss\u00e9gem. (V\u00f6. Zsolt 42,1-2) K\u00f6ny\u00f6rg\u00e9s: Urunk, Isten\u00fcnk, seg\u00edts minket, hogy \u00e9letutunkat azzal az odaad\u00f3 szeretettel j\u00e1rjuk, amellyel Fiad szerette a vil\u00e1got, \u00e9s hal\u00e1lra adta \u00e9rt\u00fcnk \u00f6nmag\u00e1t. A mi Urunk, J\u00e9zus Krisztus, a te Fiad \u00e1ltal, aki veled \u00e9l \u00e9s uralkodik a Szentl\u00e9lekkel egys\u00e9gben, Isten mind\u00f6r\u00f6kk\u00f6n \u00f6r\u00f6kk\u00e9. OLVASM\u00c1NY Jeremi\u00e1s pr\u00f3f\u00e9ta k\u00f6nyv\u00e9b\u0151l. (Jer 31,31-34)... R\u00e9szletek","og_url":"https:\/\/stuttgarti-katolikusok.de\/index.php\/nagybojt-5-vasarnapja-4\/","og_site_name":"Stuttgarti Katolikusok","article_published_time":"2024-03-15T11:09:40+00:00","og_image":[{"width":1920,"height":1280,"url":"https:\/\/stuttgarti-katolikusok.de\/wp-content\/uploads\/2024\/03\/unnamed-1.jpg","type":"image\/jpeg"}],"author":"Tibor atya","twitter_card":"summary_large_image","twitter_misc":{"Szerz\u0151:":"Tibor atya","Becs\u00fclt olvas\u00e1si id\u0151":"7 perc"},"schema":{"@context":"https:\/\/schema.org","@graph":[{"@type":"Article","@id":"https:\/\/stuttgarti-katolikusok.de\/index.php\/nagybojt-5-vasarnapja-4\/#article","isPartOf":{"@id":"https:\/\/stuttgarti-katolikusok.de\/index.php\/nagybojt-5-vasarnapja-4\/"},"author":{"name":"Tibor atya","@id":"https:\/\/stuttgarti-katolikusok.de\/#\/schema\/person\/75908d6f8fdc03a57889d27209df7795"},"headline":"NAGYB\u00d6JT 5. VAS\u00c1RNAPJA","datePublished":"2024-03-15T11:09:40+00:00","mainEntityOfPage":{"@id":"https:\/\/stuttgarti-katolikusok.de\/index.php\/nagybojt-5-vasarnapja-4\/"},"wordCount":1612,"image":{"@id":"https:\/\/stuttgarti-katolikusok.de\/index.php\/nagybojt-5-vasarnapja-4\/#primaryimage"},"thumbnailUrl":"https:\/\/stuttgarti-katolikusok.de\/wp-content\/uploads\/2024\/03\/unnamed-1.jpg","articleSection":["A liturgia olvasm\u00e1nyai","Vas\u00e1rnapi gondolatok"],"inLanguage":"hu"},{"@type":"WebPage","@id":"https:\/\/stuttgarti-katolikusok.de\/index.php\/nagybojt-5-vasarnapja-4\/","url":"https:\/\/stuttgarti-katolikusok.de\/index.php\/nagybojt-5-vasarnapja-4\/","name":"NAGYB\u00d6JT 5. VAS\u00c1RNAPJA - Stuttgarti Katolikusok","isPartOf":{"@id":"https:\/\/stuttgarti-katolikusok.de\/#website"},"primaryImageOfPage":{"@id":"https:\/\/stuttgarti-katolikusok.de\/index.php\/nagybojt-5-vasarnapja-4\/#primaryimage"},"image":{"@id":"https:\/\/stuttgarti-katolikusok.de\/index.php\/nagybojt-5-vasarnapja-4\/#primaryimage"},"thumbnailUrl":"https:\/\/stuttgarti-katolikusok.de\/wp-content\/uploads\/2024\/03\/unnamed-1.jpg","datePublished":"2024-03-15T11:09:40+00:00","author":{"@id":"https:\/\/stuttgarti-katolikusok.de\/#\/schema\/person\/75908d6f8fdc03a57889d27209df7795"},"breadcrumb":{"@id":"https:\/\/stuttgarti-katolikusok.de\/index.php\/nagybojt-5-vasarnapja-4\/#breadcrumb"},"inLanguage":"hu","potentialAction":[{"@type":"ReadAction","target":["https:\/\/stuttgarti-katolikusok.de\/index.php\/nagybojt-5-vasarnapja-4\/"]}]},{"@type":"ImageObject","inLanguage":"hu","@id":"https:\/\/stuttgarti-katolikusok.de\/index.php\/nagybojt-5-vasarnapja-4\/#primaryimage","url":"https:\/\/stuttgarti-katolikusok.de\/wp-content\/uploads\/2024\/03\/unnamed-1.jpg","contentUrl":"https:\/\/stuttgarti-katolikusok.de\/wp-content\/uploads\/2024\/03\/unnamed-1.jpg","width":1920,"height":1280},{"@type":"BreadcrumbList","@id":"https:\/\/stuttgarti-katolikusok.de\/index.php\/nagybojt-5-vasarnapja-4\/#breadcrumb","itemListElement":[{"@type":"ListItem","position":1,"name":"Kezd\u0151lap","item":"https:\/\/stuttgarti-katolikusok.de\/"},{"@type":"ListItem","position":2,"name":"NAGYB\u00d6JT 5. VAS\u00c1RNAPJA"}]},{"@type":"WebSite","@id":"https:\/\/stuttgarti-katolikusok.de\/#website","url":"https:\/\/stuttgarti-katolikusok.de\/","name":"Stuttgarti Katolikusok","description":"","potentialAction":[{"@type":"SearchAction","target":{"@type":"EntryPoint","urlTemplate":"https:\/\/stuttgarti-katolikusok.de\/?s={search_term_string}"},"query-input":{"@type":"PropertyValueSpecification","valueRequired":true,"valueName":"search_term_string"}}],"inLanguage":"hu"},{"@type":"Person","@id":"https:\/\/stuttgarti-katolikusok.de\/#\/schema\/person\/75908d6f8fdc03a57889d27209df7795","name":"Tibor atya","image":{"@type":"ImageObject","inLanguage":"hu","@id":"https:\/\/secure.gravatar.com\/avatar\/61d268e57d1f4525b111222e29d2d5a7f8c420fdbf231ba5566a8ceac74fa960?s=96&d=mm&r=g","url":"https:\/\/secure.gravatar.com\/avatar\/61d268e57d1f4525b111222e29d2d5a7f8c420fdbf231ba5566a8ceac74fa960?s=96&d=mm&r=g","contentUrl":"https:\/\/secure.gravatar.com\/avatar\/61d268e57d1f4525b111222e29d2d5a7f8c420fdbf231ba5566a8ceac74fa960?s=96&d=mm&r=g","caption":"Tibor atya"},"url":"https:\/\/stuttgarti-katolikusok.de\/index.php\/author\/tibor-atya\/"}]}},"_links":{"self":[{"href":"https:\/\/stuttgarti-katolikusok.de\/index.php\/wp-json\/wp\/v2\/posts\/28534","targetHints":{"allow":["GET"]}}],"collection":[{"href":"https:\/\/stuttgarti-katolikusok.de\/index.php\/wp-json\/wp\/v2\/posts"}],"about":[{"href":"https:\/\/stuttgarti-katolikusok.de\/index.php\/wp-json\/wp\/v2\/types\/post"}],"author":[{"embeddable":true,"href":"https:\/\/stuttgarti-katolikusok.de\/index.php\/wp-json\/wp\/v2\/users\/3"}],"replies":[{"embeddable":true,"href":"https:\/\/stuttgarti-katolikusok.de\/index.php\/wp-json\/wp\/v2\/comments?post=28534"}],"version-history":[{"count":2,"href":"https:\/\/stuttgarti-katolikusok.de\/index.php\/wp-json\/wp\/v2\/posts\/28534\/revisions"}],"predecessor-version":[{"id":28537,"href":"https:\/\/stuttgarti-katolikusok.de\/index.php\/wp-json\/wp\/v2\/posts\/28534\/revisions\/28537"}],"wp:featuredmedia":[{"embeddable":true,"href":"https:\/\/stuttgarti-katolikusok.de\/index.php\/wp-json\/wp\/v2\/media\/28535"}],"wp:attachment":[{"href":"https:\/\/stuttgarti-katolikusok.de\/index.php\/wp-json\/wp\/v2\/media?parent=28534"}],"wp:term":[{"taxonomy":"category","embeddable":true,"href":"https:\/\/stuttgarti-katolikusok.de\/index.php\/wp-json\/wp\/v2\/categories?post=28534"},{"taxonomy":"post_tag","embeddable":true,"href":"https:\/\/stuttgarti-katolikusok.de\/index.php\/wp-json\/wp\/v2\/tags?post=28534"}],"curies":[{"name":"wp","href":"https:\/\/api.w.org\/{rel}","templated":true}]}}