{"id":28501,"date":"2024-03-09T07:41:10","date_gmt":"2024-03-09T06:41:10","guid":{"rendered":"https:\/\/stuttgarti-katolikusok.de\/?p=28501"},"modified":"2024-03-09T23:41:52","modified_gmt":"2024-03-09T22:41:52","slug":"nagybojt-4-vasarnapja-laetare-vasarnap","status":"publish","type":"post","link":"https:\/\/stuttgarti-katolikusok.de\/index.php\/nagybojt-4-vasarnapja-laetare-vasarnap\/","title":{"rendered":"Nagyb\u00f6jt 4. vas\u00e1rnapja \u2013 L\u00e6tare-vas\u00e1rnap"},"content":{"rendered":"<p><em><span style=\"color: #993366;\">Nagyb\u00f6jt 4. vas\u00e1rnapja az \u00f6r\u00f6m vas\u00e1rnapja. A szentmise kezd\u0151\u00e9neke, Izaj\u00e1s pr\u00f3f\u00e9ta nyom\u00e1n, \u00f6r\u00f6mre sz\u00f3l\u00edt fel.\u00a0<\/span><\/em><\/p>\n<p><em><span style=\"color: #993366;\">Mi az, ami benn\u00fcnket, kereszt\u00e9nyeket \u00f6r\u00f6mre k\u00e9sztet? Ahogyan k\u00f6ny\u00f6rg\u00e9s\u00fcnk fogalmaz, a puszta t\u00e9ny, hogy Isten J\u00e9zus Krisztus \u00e1ltal mag\u00e1hoz b\u00e9k\u00edtette az emberis\u00e9get.<\/span><\/em><\/p>\n<p><em><span style=\"color: #993366;\">Ez, mint feladat \u00e9s lehet\u0151s\u00e9g, mindannyiunk k\u00fcldet\u00e9se \u00e9s hivat\u00e1sa is egyben. A b\u00e9ke \u00e9s a kiengesztel\u0151d\u00e9s k\u00f6veteiv\u00e9 kell v\u00e1lnunk.<\/span><\/em><\/p>\n<p><em><span style=\"color: #993366;\">&#8211; Az olvasm\u00e1ny vil\u00e1gos \u00e9s biztat\u00f3 \u00fczenete, hogy a babiloni rabs\u00e1g nem csup\u00e1n a b\u00fcntet\u00e9s ideje \u00e9s eszk\u00f6ze, hanem egyben lehet\u0151s\u00e9g a b\u0171nb\u00e1natra \u00e9s megt\u00e9r\u00e9sre.<\/span><\/em><\/p>\n<p><em><span style=\"color: #993366;\">&#8211; A v\u00e1laszos zsolt\u00e1r egyike a legismertebb zsolt\u00e1roknak. Olyan emberi \u00e9rz\u00e9seket fogalmaz meg, amelyekkel k\u00f6nnyen tudunk mi magunk is azonosulni. T\u00e1vol az otthont\u00f3l, idegen orsz\u00e1gban, fel\u00e9bred a v\u00e1gy a zsolt\u00e1rosban, hogy \u00fajb\u00f3l otthon lehessen, Jeruzs\u00e1lemben, a b\u00e9ke v\u00e1ros\u00e1ban. Mintegy meg\u00e1tkozza mag\u00e1t, amennyiben nem Jeruzs\u00e1lemet tartja legf\u0151bb \u00f6r\u00f6m\u00e9nek. Ezt a 137. zsolt\u00e1rt (\u00faj sz\u00e1moz\u00e1s), nemzeti panasz\u00e9nekk\u00e9nt is szoktuk emlegetni. Ami azonban a legfontosabb, mag\u00e1ban a panaszban megjelenik az \u00f6r\u00f6m \u00e9s boldogs\u00e1g ut\u00e1ni v\u00e1gy. Szeretne m\u00e1r v\u00e9gre \u00f6r\u00f6mdalra fakadni a panaszkod\u00f3 zsolt\u00e1ros. &#8211; Keresd magadban az \u00f6r\u00f6m forr\u00e1sait!<\/span><\/em><\/p>\n<p><em><span style=\"color: #993366;\">&#8211; A szentleck\u00e9ben Szent P\u00e1l apostol Isten ingyenes kegyelmi aj\u00e1nd\u00e9kaira h\u00edvja fel figyelm\u00fcnket. Mindez pedig nem a magunk \u00e9rdeme, hanem Isten aj\u00e1nd\u00e9ka. Ism\u00e9telten csup\u00e1n arra van sz\u00fcks\u00e9g, hogy magam \u00e9let\u00e9ben ezeket a kincseket felfedezzem \u00e9s egyben h\u00e1l\u00e1s legyek \u00e9rt\u00fck.<\/span><\/em><\/p>\n<p><em><span style=\"color: #993366;\">&#8211; Az evang\u00e9lium az Isten v\u00e9gtelen szeretet\u00e9r\u0151l sz\u00f3l. \u00c9letem nem m\u00e1s, mint v\u00e1lasz erre az \u00f6r\u00f6k \u00e9s v\u00e9gtelen isteni szeretetre. M\u00e9g pedig \u00fagy, hogy benne \u00e9lek abban a vil\u00e1gban, amely a j\u00f3 \u00e9s rossz, vil\u00e1goss\u00e1g \u00e9s s\u00f6t\u00e9ts\u00e9g \u00f6r\u00f6k\u00f6s kett\u0151ss\u00e9g\u00e9nek harc\u00e1r\u00f3l sz\u00f3l. A nagy k\u00e9rd\u00e9s, hogyan tudok mindig a j\u00f3 \u00e9s vil\u00e1goss\u00e1g oldal\u00e1n maradni? K\u00fcl\u00f6n\u00f6sen annak f\u00e9ny\u00e9ben, hogy ma l\u00e1tsz\u00f3lag nem ezen \u00e9rt\u00e9keknek \u00e1ll a z\u00e1szl\u00f3.<\/span><\/em><\/p>\n<p><span style=\"color: #993366;\">Kezd\u0151\u00e9nek:<\/span><br \/>\nVigadozz\u00e1l, Jeruzs\u00e1lem, \u00e9s gy\u0171ljetek egybe mind, akik szeretitek \u0151t, \u00f6rvendjetek vigass\u00e1ggal, akik b\u00e1nk\u00f3dtatok, hogy ujjongjatok \u00e9s elteljetek vigasztal\u00e1s\u00e1nak tej\u00e9vel. (V\u00f6. Iz 66,10-11)<\/p>\n<p><span style=\"color: #993366;\">K\u00f6ny\u00f6rg\u00e9s:<\/span><br \/>\nIsten\u00fcnk, te szent Fiad \u00e1ltal csod\u00e1latos m\u00f3don magadhoz b\u00e9k\u00edtetted az emberis\u00e9get. Engedd, k\u00e9r\u00fcnk, hogy kereszt\u00e9ny n\u00e9ped k\u00e9szs\u00e9ges \u00f6n\u00e1tad\u00e1ssal \u00e9s \u00e9l\u0151 hittel k\u00e9sz\u00fclj\u00f6n a k\u00f6zelg\u0151 \u00fcnnepekre. A mi Urunk, J\u00e9zus Krisztus, a te Fiad \u00e1ltal, aki veled \u00e9l \u00e9s uralkodik a Szentl\u00e9lekkel egys\u00e9gben, Isten mind\u00f6r\u00f6kk\u00f6n \u00f6r\u00f6kk\u00e9.<\/p>\n<p align=\"justify\"><span style=\"color: #993366;\">OLVASM\u00c1NY a Kr\u00f3nik\u00e1k m\u00e1sodik k\u00f6nyv\u00e9b\u0151l (2Kr\u00f3n 36,14-16.19-23)<\/span><br \/>\nCidkij\u00e1nak, Juda utols\u00f3 kir\u00e1ly\u00e1nak napjaiban nemcsak a n\u00e9p, hanem a papok \u00f6sszes el\u00f6lj\u00e1r\u00f3i is sok-sok h\u0171tlens\u00e9get k\u00f6vettek el, ut\u00e1nozva a nemzetek valamennyi iszonyatos dolg\u00e1t. Megszents\u00e9gtelen\u00edtett\u00e9k az \u00dar templom\u00e1t, amelyet pedig \u0151 tett szentt\u00e9 Jeruzs\u00e1lemben. Az \u00dar, aty\u00e1ik Istene, k\u00f6vetei \u00e1ltal m\u00e9g j\u00f3kor \u00e9s ism\u00e9telten elk\u00fcldte hozz\u00e1juk figyelmeztet\u00e9seit. K\u00edm\u00e9lni akarta n\u00e9p\u00e9t \u00e9s a maga lak\u00f3hely\u00e9t. De \u0151k kig\u00fanyolt\u00e1k Isten k\u00f6veteit, megvetett\u00e9k \u00fczeneteit, \u00e9s kinevett\u00e9k pr\u00f3f\u00e9t\u00e1it. V\u00e9g\u00fcl az \u00dar haragja visszavonhatatlanul n\u00e9p\u00e9re z\u00fadult.<br \/>\nEllens\u00e9geik a templomot felgy\u00fajtott\u00e1k, Jeruzs\u00e1lem falait lerombolt\u00e1k, valamennyi palot\u00e1j\u00e1t \u00e9s minden dr\u00e1gas\u00e1g\u00e1t elhamvasztott\u00e1k, \u00e9s teljesen elpuszt\u00edtott\u00e1k. Aki a kardt\u00f3l megmenek\u00fclt, az fogs\u00e1gba ker\u00fclt Babilonba. Szolg\u00e1i lettek a kir\u00e1lynak \u00e9s ut\u00f3dainak, m\u00edg uralomra nem jutott a perzsa kir\u00e1lys\u00e1g. \u00cdgy teljesedett be az \u00darnak Jeremi\u00e1s pr\u00f3f\u00e9ta \u00e1ltal mondott szava: Pusztas\u00e1g lesz az orsz\u00e1g \u00e9s nyugodni fog hetven esztendeig, m\u00edg e nyugalom \u00e1ltal el\u00e9gt\u00e9telt nem szolg\u00e1ltat a megszents\u00e9gtelen\u00edtett szombatok\u00e9rt.<br \/>\nAz \u00dar teljes\u00edteni akarta Jeremi\u00e1s pr\u00f3f\u00e9ta \u00e1ltal mondott szav\u00e1t. Az\u00e9rt K\u00fcrosznak, a perzs\u00e1k kir\u00e1ly\u00e1nak els\u0151 \u00e9v\u00e9ben f\u00f6l\u00e9bresztette K\u00fcrosznak, a perzs\u00e1k kir\u00e1ly\u00e1nak lelk\u00e9t. \u0150 a k\u00f6vetkez\u0151 felh\u00edv\u00e1st int\u00e9zte eg\u00e9sz birodalm\u00e1hoz, m\u00e9gpedig \u00edr\u00e1sban is: \u201e\u00cdgy sz\u00f3l K\u00fcrosz, a perzsa kir\u00e1ly: Az \u00dar, az \u00e9g Istene nekem adta a f\u00f6ld minden orsz\u00e1g\u00e1t. \u0150 megparancsolta, hogy templomot \u00e9p\u00edtsek neki a Jud\u00e1ban fekv\u0151 Jeruzs\u00e1lemben. Aki k\u00f6z\u00fcletek az \u0151 n\u00e9p\u00e9hez tartozik, legyen azzal az \u0151 Istene, \u00e9s t\u00e9rjen haza.\u201d<br \/>\nEz az Isten ig\u00e9je.<\/p>\n<p align=\"justify\"><span style=\"color: #993366;\">V\u00c1LASZOS ZSOLT\u00c1R (Zsolt 137,1-2.3.4-5.6)<\/span><br \/>\nV\u00e1lasz:\u00a0<strong>Ragadjon \u00ednyem<u>hez<\/u>\u00a0a nyelvem, * ha nem eml\u00e9kezem meg r\u00f3<u>lad<\/u>.<\/strong>\u00a0(4g. t\u00f3nus.)<br \/>\nEl\u0151\u00e9nekes: Babilon foly\u00f3i mellett \u00fcl<u>t\u00fcnk<\/u>\u00a0\u00e9s s\u00edrtunk, * Sion v\u00e1ros\u00e1ra eml\u00e9kez<u>t\u00fcnk<\/u>.<br \/>\nH\u00e1rf\u00e1inkat f\u0171zf\u00e1kra\u00a0<u>f\u00fcg<\/u>gesztett\u00fck, * azon a f\u00f6l<u>d\u00f6n<\/u>.<br \/>\nH\u00edvek:\u00a0<strong>Ragadjon \u00ednyem<u>hez<\/u>\u00a0a nyelvem, * ha nem eml\u00e9kezem meg r\u00f3<u>lad<\/u>.<\/strong><br \/>\nE: Mert akik elhur<u>col<\/u>tak minket, * dalt akartak hallani t\u0151<u>l\u00fcnk<\/u>.<br \/>\nElnyom\u00f3ink \u00f6r\u00f6m\u00e9neket k\u00f6ve<u>tel<\/u>tek t\u0151l\u00fcnk: * \u201eDaloljatok nek\u00fcnk Sion dalai<u>b\u00f3l<\/u>!\u201d<br \/>\nH:\u00a0<strong>Ragadjon \u00ednyem<u>hez<\/u>\u00a0a nyelvem, * ha nem eml\u00e9kezem meg r\u00f3<u>lad<\/u>.<\/strong><br \/>\nE: Hogyan dalolhatn\u00e1nk az \u00dar\u00a0<u>\u00e9<\/u>nekeit * az idegen f\u00f6l<u>d\u00f6n<\/u>?<br \/>\nHa elfeledn\u00e9lek t\u00e9ged,\u00a0<u>Je<\/u>ruzs\u00e1lem, * sz\u00e1radjon el a jobb ke<u>zem<\/u>!<br \/>\nH:\u00a0<strong>Ragadjon \u00ednyem<u>hez<\/u>\u00a0a nyelvem, * ha nem eml\u00e9kezem meg r\u00f3<u>lad<\/u>.<\/strong><br \/>\nE: Ragadjon \u00ednyem<u>hez<\/u>\u00a0a nyelvem, * ha nem eml\u00e9kezem meg r\u00f3<u>lad<\/u>.<br \/>\nHa nem Jeruzs\u00e1<u>le<\/u>met tartom * legf\u0151bb \u00f6r\u00f6m\u00f6m<u>nek<\/u>.<br \/>\nH:\u00a0<strong>Ragadjon \u00ednyem<u>hez<\/u>\u00a0a nyelvem, * ha nem eml\u00e9kezem meg r\u00f3<u>lad<\/u>.<\/strong><\/p>\n<p align=\"justify\"><span style=\"color: #993366;\">SZENTLECKE Szent P\u00e1l apostolnak az efezusiakhoz \u00edrt level\u00e9b\u0151l (Ef 2,4-10)<\/span><br \/>\nTestv\u00e9reim! A v\u00e9gtelen\u00fcl irgalmas Isten azzal mutatta meg nagy szeretet\u00e9t ir\u00e1ntunk, hogy Krisztussal \u00e9letre keltett minket is, b\u0171neink miatt halottakat. \u00cdgy kegyelm\u00e9b\u0151l kapt\u00e1tok az \u00fcdv\u00f6ss\u00e9get. Felt\u00e1masztott minket, \u00e9s Krisztus J\u00e9zusban a mennyeiek k\u00f6z\u00e9 helyezett, hogy az elj\u00f6vend\u0151 korokban J\u00e9zus Krisztusban kinyilv\u00e1n\u00edtsa kegyelm\u00e9nek t\u00fal\u00e1rad\u00f3 b\u0151s\u00e9g\u00e9t, ir\u00e1ntunk val\u00f3 j\u00f3s\u00e1g\u00e1b\u00f3l.<br \/>\nKegyelemb\u0151l r\u00e9szes\u00fcltetek az \u00fcdv\u00f6ss\u00e9gben, a hit \u00e1ltal. Ez teh\u00e1t nem a magatok \u00e9rdeme, hanem Isten aj\u00e1nd\u00e9ka. Nem tetteiteknek k\u00f6sz\u00f6nhetitek, hogy senki se dicsekedhess\u00e9k. Az \u0151 alkot\u00e1sa vagyunk: Krisztus J\u00e9zusban j\u00f3tettekre teremtett minket; ezeket Isten el\u0151re elrendelte, hogy benn\u00fck \u00e9lj\u00fcnk.<br \/>\nEz az Isten ig\u00e9je.<\/p>\n<p align=\"justify\"><span style=\"color: #993366;\">EVANG\u00c9LIUM EL\u0150TTI VERS<\/span><br \/>\nIsten \u00fagy szerette a vil\u00e1got, hogy egysz\u00fcl\u00f6tt Fi\u00e1t\u00a0<u>ad<\/u>ta \u00e9rte, * hogy \u00f6r\u00f6kk\u00e9 \u00e9ljen minden \u0151<u>ben<\/u>ne h\u00edv\u0151. (Jn 3,16 \u2013 1 D<sup><small>2<\/small><\/sup>\u00a0t\u00f3nus.)<\/p>\n<p align=\"justify\"><span style=\"color: #993366;\">\u2020 EVANG\u00c9LIUM Szent J\u00e1nos k\u00f6nyv\u00e9b\u0151l (Jn 3,14-21)<\/span><br \/>\nAbban az id\u0151ben J\u00e9zus ezt mondta Nikod\u00e9musnak: \u201eAhogy M\u00f3zes f\u00f6lemelte a k\u00edgy\u00f3t a puszt\u00e1ban, \u00fagy fogj\u00e1k f\u00f6lemelni az Emberfi\u00e1t is, hogy aki hisz benne, el ne vesszen, hanem \u00f6r\u00f6kk\u00e9 \u00e9ljen. Mert \u00fagy szerette Isten a vil\u00e1got, hogy egysz\u00fcl\u00f6tt Fi\u00e1t adta oda, hogy aki benne hisz, el ne vesszen, hanem \u00f6r\u00f6k \u00e9lete legyen. Isten nem az\u00e9rt k\u00fcldte Fi\u00e1t a vil\u00e1gba, hogy el\u00edt\u00e9lje a vil\u00e1got, hanem hogy \u00e1ltala \u00fcdv\u00f6z\u00fclj\u00f6n a vil\u00e1g. Aki hisz benne, az nem esik \u00edt\u00e9let al\u00e1, de aki nem hisz, az m\u00e1r \u00edt\u00e9letet vont mag\u00e1ra, mert nem hitt Isten egysz\u00fcl\u00f6tt Fi\u00e1ban.<br \/>\nAz \u00edt\u00e9let ez: A vil\u00e1goss\u00e1g a vil\u00e1gba j\u00f6tt, de az emberek jobban szerett\u00e9k a s\u00f6t\u00e9ts\u00e9get, mint a vil\u00e1goss\u00e1got, mert tetteik gonoszak voltak. Mert mindenki, aki gonoszat tesz, gy\u0171l\u00f6li a vil\u00e1goss\u00e1got, \u00e9s nem megy a vil\u00e1goss\u00e1gra, nehogy napvil\u00e1gra ker\u00fcljenek tettei. Aki azonban az igazs\u00e1got cselekszi, a vil\u00e1goss\u00e1gra megy, hadd nyilv\u00e1nuljanak ki tettei, hogy Isten szerint cselekedte azokat.\u201d<br \/>\nEzek az evang\u00e9lium ig\u00e9i.<\/p>\n<p><span style=\"color: #993366;\">EGYETEMES K\u00d6NY\u00d6RG\u00c9SEK<\/span><br \/>\nPap: K\u00e9rj\u00fck, testv\u00e9reim, Isten kegyelm\u00e9t, hogy felhagyjunk a s\u00f6t\u00e9ts\u00e9g cselekedeteivel, \u00e9s mindenkor az igazs\u00e1g f\u00e9ny\u00e9ben j\u00e1rjunk!<br \/>\nLektor:<br \/>\n1. Engedd, Urunk, hogy h\u00edveid j\u00f3 cselekedetekkel tan\u00fas\u00edts\u00e1k, hogy \u0151k a vil\u00e1goss\u00e1g fiai!<br \/>\nH\u00edvek: K\u00e9r\u00fcnk T\u00e9ged, hallgass meg minket!<br \/>\n2. Add, hogy Szentaty\u00e1nk, Ferenc p\u00e1pa \u00e9s p\u00fcsp\u00f6keink tan\u00edt\u00e1sa a vil\u00e1goss\u00e1g \u00fatj\u00e1n vezesse Egyh\u00e1zadat!<br \/>\nH\u00edvek: K\u00e9r\u00fcnk T\u00e9ged, hallgass meg minket!<br \/>\n3. Add, hogy a nemzetek akaratod szerint igazs\u00e1gos b\u00e9k\u00e9ben \u00e9ljenek!<br \/>\nH\u00edvek: K\u00e9r\u00fcnk T\u00e9ged, hallgass meg minket!<br \/>\n4. Add, hogy a nagyb\u00f6jti b\u0171nb\u00e1natban megtisztuljunk b\u0171neinkt\u0151l, \u00e9s minden tett\u00fcnket a szeretet ir\u00e1ny\u00edtsa!<br \/>\nH\u00edvek: K\u00e9r\u00fcnk T\u00e9ged, hallgass meg minket!<br \/>\n5. Egyes\u00edtsd pl\u00e9b\u00e1ni\u00e1nk b\u0171nb\u00e1natban meg\u00fajult n\u00e9p\u00e9t a szentmise\u00e1ldozat szeretetk\u00f6z\u00f6ss\u00e9g\u00e9ben!<br \/>\nH\u00edvek: K\u00e9r\u00fcnk T\u00e9ged, hallgass meg minket!<br \/>\nPap: Mennyei Aty\u00e1nk! Seg\u00edts minket kegyelmeddel, hogy a nagyb\u00f6jti b\u0171nb\u00e1natban teljesen megtisztuljunk, \u00e9s a vil\u00e1goss\u00e1g fiai lehess\u00fcnk! Krisztus, a mi Urunk \u00e1ltal.<br \/>\nH\u00edvek: \u00c1men.<\/p>\n<p><span style=\"color: #993366;\">Felaj\u00e1nl\u00f3 k\u00f6ny\u00f6rg\u00e9s:<\/span><br \/>\n\u00d6r\u00f6mmel aj\u00e1nljuk fel neked, Isten\u00fcnk, \u00e1ldozatunkat, hogy az \u00f6r\u00f6k \u00e9let kenyere legyen bel\u0151le. K\u00e9rve k\u00e9r\u00fcnk, seg\u00edts, hogy h\u00edv\u0151 tisztelettel vegy\u00fck k\u00f6r\u00fcl, \u00e9s m\u00e9lt\u00f3k\u00e9ppen mutassuk be a vil\u00e1g \u00fcdv\u00f6ss\u00e9g\u00e9re. Krisztus, a mi Urunk \u00e1ltal.<\/p>\n<p><span style=\"color: #993366;\">\u00c1ldoz\u00e1si \u00e9nek:<\/span><\/p>\n<p>Jeruzs\u00e1lem j\u00f3l meg\u00e9p\u00fclt v\u00e1ros, egybeillik annak minden r\u00e9sze. Oda j\u00e1rnak fel a t\u00f6rzsek, az \u00dar t\u00f6rzsei, hogy h\u00e1l\u00e1t adjanak nevednek, Urunk! (V\u00f6. Zsolt 121,3-4)<\/p>\n<p><span style=\"color: #993366;\">\u00c1ldoz\u00e1s ut\u00e1ni k\u00f6ny\u00f6rg\u00e9s:<\/span><br \/>\nIsten\u00fcnk, te megvil\u00e1gos\u00edtasz minden embert, aki a vil\u00e1gra sz\u00fcletik. K\u00e9r\u00fcnk, ragyogja be sz\u00edv\u00fcnket kegyelmed f\u00e9nye, hogy mindig \u00fagy gondolkodjunk, ahogy hozz\u00e1d m\u00e9lt\u00f3, f\u00f6ls\u00e9gednek kedves, \u00e9s \u0151szinte sz\u00edvvel szeress\u00fcnk t\u00e9ged. Krisztus, a mi Urunk \u00e1ltal.<\/p>\n<p><span style=\"color: #993366;\">K\u00f6ny\u00f6rg\u00e9s a n\u00e9p\u00e9rt:<\/span><br \/>\nV\u00e9delmezd, Urunk, a hozz\u00e1d ki\u00e1lt\u00f3kat, t\u00e1mogasd a gyeng\u00e9ket, a hal\u00e1l \u00e1rny\u00e9k\u00e1ban j\u00e1r\u00f3kat \u00e9ltesd f\u00e9nyeddel, \u00e9s azokat, akiket a bajokb\u00f3l szel\u00edden kimentett\u00e9l, engedd, eljutni \u00e9gi javaid birtokl\u00e1s\u00e1ra. Krisztus, a mi Urunk \u00e1ltal.<\/p>\n<p><em>(K\u00e9p forr\u00e1sa: Instagram)<\/em><\/p>\n","protected":false},"excerpt":{"rendered":"<p>Nagyb\u00f6jt 4. vas\u00e1rnapja az \u00f6r\u00f6m vas\u00e1rnapja. A szentmise kezd\u0151\u00e9neke, Izaj\u00e1s pr\u00f3f\u00e9ta nyom\u00e1n, \u00f6r\u00f6mre sz\u00f3l\u00edt fel.\u00a0 Mi az, ami benn\u00fcnket, kereszt\u00e9nyeket \u00f6r\u00f6mre k\u00e9sztet? Ahogyan k\u00f6ny\u00f6rg\u00e9s\u00fcnk fogalmaz, a puszta t\u00e9ny, hogy Isten J\u00e9zus Krisztus \u00e1ltal mag\u00e1hoz b\u00e9k\u00edtette az emberis\u00e9get. Ez, mint feladat \u00e9s lehet\u0151s\u00e9g, mindannyiunk k\u00fcldet\u00e9se \u00e9s hivat\u00e1sa is egyben. A b\u00e9ke \u00e9s a kiengesztel\u0151d\u00e9s k\u00f6veteiv\u00e9 kell v\u00e1lnunk. &#8211; Az olvasm\u00e1ny vil\u00e1gos \u00e9s biztat\u00f3 \u00fczenete, hogy a babiloni rabs\u00e1g nem csup\u00e1n a b\u00fcntet\u00e9s ideje \u00e9s eszk\u00f6ze, hanem egyben lehet\u0151s\u00e9g a b\u0171nb\u00e1natra \u00e9s megt\u00e9r\u00e9sre. &#8211; A v\u00e1laszos zsolt\u00e1r egyike a legismertebb zsolt\u00e1roknak. Olyan emberi \u00e9rz\u00e9seket fogalmaz meg, amelyekkel k\u00f6nnyen tudunk mi magunk is azonosulni. T\u00e1vol az otthont\u00f3l, idegen orsz\u00e1gban, fel\u00e9bred a v\u00e1gy a zsolt\u00e1rosban, hogy \u00fajb\u00f3l otthon lehessen, Jeruzs\u00e1lemben, a b\u00e9ke v\u00e1ros\u00e1ban. Mintegy meg\u00e1tkozza mag\u00e1t, amennyiben nem Jeruzs\u00e1lemet tartja legf\u0151bb \u00f6r\u00f6m\u00e9nek. Ezt a 137. zsolt\u00e1rt (\u00faj sz\u00e1moz\u00e1s), nemzeti panasz\u00e9nekk\u00e9nt is szoktuk emlegetni. Ami azonban a legfontosabb, mag\u00e1ban a panaszban megjelenik az \u00f6r\u00f6m \u00e9s boldogs\u00e1g ut\u00e1ni v\u00e1gy. Szeretne m\u00e1r v\u00e9gre \u00f6r\u00f6mdalra fakadni a panaszkod\u00f3 zsolt\u00e1ros. &#8211; Keresd magadban az \u00f6r\u00f6m forr\u00e1sait! &#8211; A szentleck\u00e9ben Szent P\u00e1l apostol Isten ingyenes kegyelmi aj\u00e1nd\u00e9kaira h\u00edvja fel figyelm\u00fcnket. Mindez pedig nem a magunk \u00e9rdeme, hanem Isten aj\u00e1nd\u00e9ka. Ism\u00e9telten csup\u00e1n arra van sz\u00fcks\u00e9g, hogy magam \u00e9let\u00e9ben ezeket a kincseket felfedezzem \u00e9s egyben h\u00e1l\u00e1s legyek \u00e9rt\u00fck. &#8211; Az evang\u00e9lium az Isten v\u00e9gtelen szeretet\u00e9r\u0151l sz\u00f3l. \u00c9letem nem m\u00e1s, mint v\u00e1lasz erre az \u00f6r\u00f6k \u00e9s v\u00e9gtelen isteni szeretetre. M\u00e9g pedig \u00fagy, hogy benne \u00e9lek abban a vil\u00e1gban, amely a j\u00f3 \u00e9s rossz, vil\u00e1goss\u00e1g \u00e9s s\u00f6t\u00e9ts\u00e9g \u00f6r\u00f6k\u00f6s kett\u0151ss\u00e9g\u00e9nek harc\u00e1r\u00f3l sz\u00f3l. A nagy k\u00e9rd\u00e9s, hogyan tudok mindig a j\u00f3 \u00e9s vil\u00e1goss\u00e1g oldal\u00e1n maradni? K\u00fcl\u00f6n\u00f6sen annak f\u00e9ny\u00e9ben, hogy ma l\u00e1tsz\u00f3lag nem ezen \u00e9rt\u00e9keknek \u00e1ll a z\u00e1szl\u00f3. Kezd\u0151\u00e9nek: Vigadozz\u00e1l, Jeruzs\u00e1lem, \u00e9s gy\u0171ljetek egybe mind, akik szeretitek \u0151t, \u00f6rvendjetek vigass\u00e1ggal, akik b\u00e1nk\u00f3dtatok, hogy ujjongjatok \u00e9s elteljetek vigasztal\u00e1s\u00e1nak tej\u00e9vel. (V\u00f6. Iz 66,10-11) K\u00f6ny\u00f6rg\u00e9s: Isten\u00fcnk, te szent Fiad \u00e1ltal&#8230; <\/p>\n<p><a class=\"readmore\" href=\"https:\/\/stuttgarti-katolikusok.de\/index.php\/nagybojt-4-vasarnapja-laetare-vasarnap\/\">R\u00e9szletek<\/a><\/p>\n","protected":false},"author":3,"featured_media":28502,"comment_status":"closed","ping_status":"closed","sticky":false,"template":"","format":"standard","meta":{"footnotes":""},"categories":[85,63],"tags":[],"class_list":["post-28501","post","type-post","status-publish","format-standard","has-post-thumbnail","hentry","category-a-liturgia-olvasmanyai","category-vasarnapi-gondolatok"],"yoast_head":"<!-- This site is optimized with the Yoast SEO plugin v27.3 - https:\/\/yoast.com\/product\/yoast-seo-wordpress\/ -->\n<title>Nagyb\u00f6jt 4. vas\u00e1rnapja \u2013 L\u00e6tare-vas\u00e1rnap - Stuttgarti Katolikusok<\/title>\n<meta name=\"robots\" content=\"index, follow, max-snippet:-1, max-image-preview:large, max-video-preview:-1\" \/>\n<link rel=\"canonical\" href=\"https:\/\/stuttgarti-katolikusok.de\/index.php\/nagybojt-4-vasarnapja-laetare-vasarnap\/\" \/>\n<meta property=\"og:locale\" content=\"hu_HU\" \/>\n<meta property=\"og:type\" content=\"article\" \/>\n<meta property=\"og:title\" content=\"Nagyb\u00f6jt 4. vas\u00e1rnapja \u2013 L\u00e6tare-vas\u00e1rnap - Stuttgarti Katolikusok\" \/>\n<meta property=\"og:description\" content=\"Nagyb\u00f6jt 4. vas\u00e1rnapja az \u00f6r\u00f6m vas\u00e1rnapja. A szentmise kezd\u0151\u00e9neke, Izaj\u00e1s pr\u00f3f\u00e9ta nyom\u00e1n, \u00f6r\u00f6mre sz\u00f3l\u00edt fel.\u00a0 Mi az, ami benn\u00fcnket, kereszt\u00e9nyeket \u00f6r\u00f6mre k\u00e9sztet? Ahogyan k\u00f6ny\u00f6rg\u00e9s\u00fcnk fogalmaz, a puszta t\u00e9ny, hogy Isten J\u00e9zus Krisztus \u00e1ltal mag\u00e1hoz b\u00e9k\u00edtette az emberis\u00e9get. Ez, mint feladat \u00e9s lehet\u0151s\u00e9g, mindannyiunk k\u00fcldet\u00e9se \u00e9s hivat\u00e1sa is egyben. A b\u00e9ke \u00e9s a kiengesztel\u0151d\u00e9s k\u00f6veteiv\u00e9 kell v\u00e1lnunk. &#8211; Az olvasm\u00e1ny vil\u00e1gos \u00e9s biztat\u00f3 \u00fczenete, hogy a babiloni rabs\u00e1g nem csup\u00e1n a b\u00fcntet\u00e9s ideje \u00e9s eszk\u00f6ze, hanem egyben lehet\u0151s\u00e9g a b\u0171nb\u00e1natra \u00e9s megt\u00e9r\u00e9sre. &#8211; A v\u00e1laszos zsolt\u00e1r egyike a legismertebb zsolt\u00e1roknak. Olyan emberi \u00e9rz\u00e9seket fogalmaz meg, amelyekkel k\u00f6nnyen tudunk mi magunk is azonosulni. T\u00e1vol az otthont\u00f3l, idegen orsz\u00e1gban, fel\u00e9bred a v\u00e1gy a zsolt\u00e1rosban, hogy \u00fajb\u00f3l otthon lehessen, Jeruzs\u00e1lemben, a b\u00e9ke v\u00e1ros\u00e1ban. Mintegy meg\u00e1tkozza mag\u00e1t, amennyiben nem Jeruzs\u00e1lemet tartja legf\u0151bb \u00f6r\u00f6m\u00e9nek. Ezt a 137. zsolt\u00e1rt (\u00faj sz\u00e1moz\u00e1s), nemzeti panasz\u00e9nekk\u00e9nt is szoktuk emlegetni. Ami azonban a legfontosabb, mag\u00e1ban a panaszban megjelenik az \u00f6r\u00f6m \u00e9s boldogs\u00e1g ut\u00e1ni v\u00e1gy. Szeretne m\u00e1r v\u00e9gre \u00f6r\u00f6mdalra fakadni a panaszkod\u00f3 zsolt\u00e1ros. &#8211; Keresd magadban az \u00f6r\u00f6m forr\u00e1sait! &#8211; A szentleck\u00e9ben Szent P\u00e1l apostol Isten ingyenes kegyelmi aj\u00e1nd\u00e9kaira h\u00edvja fel figyelm\u00fcnket. Mindez pedig nem a magunk \u00e9rdeme, hanem Isten aj\u00e1nd\u00e9ka. Ism\u00e9telten csup\u00e1n arra van sz\u00fcks\u00e9g, hogy magam \u00e9let\u00e9ben ezeket a kincseket felfedezzem \u00e9s egyben h\u00e1l\u00e1s legyek \u00e9rt\u00fck. &#8211; Az evang\u00e9lium az Isten v\u00e9gtelen szeretet\u00e9r\u0151l sz\u00f3l. \u00c9letem nem m\u00e1s, mint v\u00e1lasz erre az \u00f6r\u00f6k \u00e9s v\u00e9gtelen isteni szeretetre. M\u00e9g pedig \u00fagy, hogy benne \u00e9lek abban a vil\u00e1gban, amely a j\u00f3 \u00e9s rossz, vil\u00e1goss\u00e1g \u00e9s s\u00f6t\u00e9ts\u00e9g \u00f6r\u00f6k\u00f6s kett\u0151ss\u00e9g\u00e9nek harc\u00e1r\u00f3l sz\u00f3l. A nagy k\u00e9rd\u00e9s, hogyan tudok mindig a j\u00f3 \u00e9s vil\u00e1goss\u00e1g oldal\u00e1n maradni? K\u00fcl\u00f6n\u00f6sen annak f\u00e9ny\u00e9ben, hogy ma l\u00e1tsz\u00f3lag nem ezen \u00e9rt\u00e9keknek \u00e1ll a z\u00e1szl\u00f3. Kezd\u0151\u00e9nek: Vigadozz\u00e1l, Jeruzs\u00e1lem, \u00e9s gy\u0171ljetek egybe mind, akik szeretitek \u0151t, \u00f6rvendjetek vigass\u00e1ggal, akik b\u00e1nk\u00f3dtatok, hogy ujjongjatok \u00e9s elteljetek vigasztal\u00e1s\u00e1nak tej\u00e9vel. (V\u00f6. Iz 66,10-11) K\u00f6ny\u00f6rg\u00e9s: Isten\u00fcnk, te szent Fiad \u00e1ltal... R\u00e9szletek\" \/>\n<meta property=\"og:url\" content=\"https:\/\/stuttgarti-katolikusok.de\/index.php\/nagybojt-4-vasarnapja-laetare-vasarnap\/\" \/>\n<meta property=\"og:site_name\" content=\"Stuttgarti Katolikusok\" \/>\n<meta property=\"article:published_time\" content=\"2024-03-09T06:41:10+00:00\" \/>\n<meta property=\"article:modified_time\" content=\"2024-03-09T22:41:52+00:00\" \/>\n<meta property=\"og:image\" content=\"https:\/\/stuttgarti-katolikusok.de\/wp-content\/uploads\/2024\/03\/web-24.jpg\" \/>\n\t<meta property=\"og:image:width\" content=\"1080\" \/>\n\t<meta property=\"og:image:height\" content=\"1066\" \/>\n\t<meta property=\"og:image:type\" content=\"image\/jpeg\" \/>\n<meta name=\"author\" content=\"Tibor atya\" \/>\n<meta name=\"twitter:card\" content=\"summary_large_image\" \/>\n<meta name=\"twitter:label1\" content=\"Szerz\u0151:\" \/>\n\t<meta name=\"twitter:data1\" content=\"Tibor atya\" \/>\n\t<meta name=\"twitter:label2\" content=\"Becs\u00fclt olvas\u00e1si id\u0151\" \/>\n\t<meta name=\"twitter:data2\" content=\"8 perc\" \/>\n<script type=\"application\/ld+json\" class=\"yoast-schema-graph\">{\"@context\":\"https:\\\/\\\/schema.org\",\"@graph\":[{\"@type\":\"Article\",\"@id\":\"https:\\\/\\\/stuttgarti-katolikusok.de\\\/index.php\\\/nagybojt-4-vasarnapja-laetare-vasarnap\\\/#article\",\"isPartOf\":{\"@id\":\"https:\\\/\\\/stuttgarti-katolikusok.de\\\/index.php\\\/nagybojt-4-vasarnapja-laetare-vasarnap\\\/\"},\"author\":{\"name\":\"Tibor atya\",\"@id\":\"https:\\\/\\\/stuttgarti-katolikusok.de\\\/#\\\/schema\\\/person\\\/75908d6f8fdc03a57889d27209df7795\"},\"headline\":\"Nagyb\u00f6jt 4. vas\u00e1rnapja \u2013 L\u00e6tare-vas\u00e1rnap\",\"datePublished\":\"2024-03-09T06:41:10+00:00\",\"dateModified\":\"2024-03-09T22:41:52+00:00\",\"mainEntityOfPage\":{\"@id\":\"https:\\\/\\\/stuttgarti-katolikusok.de\\\/index.php\\\/nagybojt-4-vasarnapja-laetare-vasarnap\\\/\"},\"wordCount\":1879,\"image\":{\"@id\":\"https:\\\/\\\/stuttgarti-katolikusok.de\\\/index.php\\\/nagybojt-4-vasarnapja-laetare-vasarnap\\\/#primaryimage\"},\"thumbnailUrl\":\"https:\\\/\\\/stuttgarti-katolikusok.de\\\/wp-content\\\/uploads\\\/2024\\\/03\\\/web-24.jpg\",\"articleSection\":[\"A liturgia olvasm\u00e1nyai\",\"Vas\u00e1rnapi gondolatok\"],\"inLanguage\":\"hu\"},{\"@type\":\"WebPage\",\"@id\":\"https:\\\/\\\/stuttgarti-katolikusok.de\\\/index.php\\\/nagybojt-4-vasarnapja-laetare-vasarnap\\\/\",\"url\":\"https:\\\/\\\/stuttgarti-katolikusok.de\\\/index.php\\\/nagybojt-4-vasarnapja-laetare-vasarnap\\\/\",\"name\":\"Nagyb\u00f6jt 4. vas\u00e1rnapja \u2013 L\u00e6tare-vas\u00e1rnap - Stuttgarti Katolikusok\",\"isPartOf\":{\"@id\":\"https:\\\/\\\/stuttgarti-katolikusok.de\\\/#website\"},\"primaryImageOfPage\":{\"@id\":\"https:\\\/\\\/stuttgarti-katolikusok.de\\\/index.php\\\/nagybojt-4-vasarnapja-laetare-vasarnap\\\/#primaryimage\"},\"image\":{\"@id\":\"https:\\\/\\\/stuttgarti-katolikusok.de\\\/index.php\\\/nagybojt-4-vasarnapja-laetare-vasarnap\\\/#primaryimage\"},\"thumbnailUrl\":\"https:\\\/\\\/stuttgarti-katolikusok.de\\\/wp-content\\\/uploads\\\/2024\\\/03\\\/web-24.jpg\",\"datePublished\":\"2024-03-09T06:41:10+00:00\",\"dateModified\":\"2024-03-09T22:41:52+00:00\",\"author\":{\"@id\":\"https:\\\/\\\/stuttgarti-katolikusok.de\\\/#\\\/schema\\\/person\\\/75908d6f8fdc03a57889d27209df7795\"},\"breadcrumb\":{\"@id\":\"https:\\\/\\\/stuttgarti-katolikusok.de\\\/index.php\\\/nagybojt-4-vasarnapja-laetare-vasarnap\\\/#breadcrumb\"},\"inLanguage\":\"hu\",\"potentialAction\":[{\"@type\":\"ReadAction\",\"target\":[\"https:\\\/\\\/stuttgarti-katolikusok.de\\\/index.php\\\/nagybojt-4-vasarnapja-laetare-vasarnap\\\/\"]}]},{\"@type\":\"ImageObject\",\"inLanguage\":\"hu\",\"@id\":\"https:\\\/\\\/stuttgarti-katolikusok.de\\\/index.php\\\/nagybojt-4-vasarnapja-laetare-vasarnap\\\/#primaryimage\",\"url\":\"https:\\\/\\\/stuttgarti-katolikusok.de\\\/wp-content\\\/uploads\\\/2024\\\/03\\\/web-24.jpg\",\"contentUrl\":\"https:\\\/\\\/stuttgarti-katolikusok.de\\\/wp-content\\\/uploads\\\/2024\\\/03\\\/web-24.jpg\",\"width\":1080,\"height\":1066},{\"@type\":\"BreadcrumbList\",\"@id\":\"https:\\\/\\\/stuttgarti-katolikusok.de\\\/index.php\\\/nagybojt-4-vasarnapja-laetare-vasarnap\\\/#breadcrumb\",\"itemListElement\":[{\"@type\":\"ListItem\",\"position\":1,\"name\":\"Kezd\u0151lap\",\"item\":\"https:\\\/\\\/stuttgarti-katolikusok.de\\\/\"},{\"@type\":\"ListItem\",\"position\":2,\"name\":\"Nagyb\u00f6jt 4. vas\u00e1rnapja \u2013 L\u00e6tare-vas\u00e1rnap\"}]},{\"@type\":\"WebSite\",\"@id\":\"https:\\\/\\\/stuttgarti-katolikusok.de\\\/#website\",\"url\":\"https:\\\/\\\/stuttgarti-katolikusok.de\\\/\",\"name\":\"Stuttgarti Katolikusok\",\"description\":\"\",\"potentialAction\":[{\"@type\":\"SearchAction\",\"target\":{\"@type\":\"EntryPoint\",\"urlTemplate\":\"https:\\\/\\\/stuttgarti-katolikusok.de\\\/?s={search_term_string}\"},\"query-input\":{\"@type\":\"PropertyValueSpecification\",\"valueRequired\":true,\"valueName\":\"search_term_string\"}}],\"inLanguage\":\"hu\"},{\"@type\":\"Person\",\"@id\":\"https:\\\/\\\/stuttgarti-katolikusok.de\\\/#\\\/schema\\\/person\\\/75908d6f8fdc03a57889d27209df7795\",\"name\":\"Tibor atya\",\"image\":{\"@type\":\"ImageObject\",\"inLanguage\":\"hu\",\"@id\":\"https:\\\/\\\/secure.gravatar.com\\\/avatar\\\/61d268e57d1f4525b111222e29d2d5a7f8c420fdbf231ba5566a8ceac74fa960?s=96&d=mm&r=g\",\"url\":\"https:\\\/\\\/secure.gravatar.com\\\/avatar\\\/61d268e57d1f4525b111222e29d2d5a7f8c420fdbf231ba5566a8ceac74fa960?s=96&d=mm&r=g\",\"contentUrl\":\"https:\\\/\\\/secure.gravatar.com\\\/avatar\\\/61d268e57d1f4525b111222e29d2d5a7f8c420fdbf231ba5566a8ceac74fa960?s=96&d=mm&r=g\",\"caption\":\"Tibor atya\"},\"url\":\"https:\\\/\\\/stuttgarti-katolikusok.de\\\/index.php\\\/author\\\/tibor-atya\\\/\"}]}<\/script>\n<!-- \/ Yoast SEO plugin. -->","yoast_head_json":{"title":"Nagyb\u00f6jt 4. vas\u00e1rnapja \u2013 L\u00e6tare-vas\u00e1rnap - Stuttgarti Katolikusok","robots":{"index":"index","follow":"follow","max-snippet":"max-snippet:-1","max-image-preview":"max-image-preview:large","max-video-preview":"max-video-preview:-1"},"canonical":"https:\/\/stuttgarti-katolikusok.de\/index.php\/nagybojt-4-vasarnapja-laetare-vasarnap\/","og_locale":"hu_HU","og_type":"article","og_title":"Nagyb\u00f6jt 4. vas\u00e1rnapja \u2013 L\u00e6tare-vas\u00e1rnap - Stuttgarti Katolikusok","og_description":"Nagyb\u00f6jt 4. vas\u00e1rnapja az \u00f6r\u00f6m vas\u00e1rnapja. A szentmise kezd\u0151\u00e9neke, Izaj\u00e1s pr\u00f3f\u00e9ta nyom\u00e1n, \u00f6r\u00f6mre sz\u00f3l\u00edt fel.\u00a0 Mi az, ami benn\u00fcnket, kereszt\u00e9nyeket \u00f6r\u00f6mre k\u00e9sztet? Ahogyan k\u00f6ny\u00f6rg\u00e9s\u00fcnk fogalmaz, a puszta t\u00e9ny, hogy Isten J\u00e9zus Krisztus \u00e1ltal mag\u00e1hoz b\u00e9k\u00edtette az emberis\u00e9get. Ez, mint feladat \u00e9s lehet\u0151s\u00e9g, mindannyiunk k\u00fcldet\u00e9se \u00e9s hivat\u00e1sa is egyben. A b\u00e9ke \u00e9s a kiengesztel\u0151d\u00e9s k\u00f6veteiv\u00e9 kell v\u00e1lnunk. &#8211; Az olvasm\u00e1ny vil\u00e1gos \u00e9s biztat\u00f3 \u00fczenete, hogy a babiloni rabs\u00e1g nem csup\u00e1n a b\u00fcntet\u00e9s ideje \u00e9s eszk\u00f6ze, hanem egyben lehet\u0151s\u00e9g a b\u0171nb\u00e1natra \u00e9s megt\u00e9r\u00e9sre. &#8211; A v\u00e1laszos zsolt\u00e1r egyike a legismertebb zsolt\u00e1roknak. Olyan emberi \u00e9rz\u00e9seket fogalmaz meg, amelyekkel k\u00f6nnyen tudunk mi magunk is azonosulni. T\u00e1vol az otthont\u00f3l, idegen orsz\u00e1gban, fel\u00e9bred a v\u00e1gy a zsolt\u00e1rosban, hogy \u00fajb\u00f3l otthon lehessen, Jeruzs\u00e1lemben, a b\u00e9ke v\u00e1ros\u00e1ban. Mintegy meg\u00e1tkozza mag\u00e1t, amennyiben nem Jeruzs\u00e1lemet tartja legf\u0151bb \u00f6r\u00f6m\u00e9nek. Ezt a 137. zsolt\u00e1rt (\u00faj sz\u00e1moz\u00e1s), nemzeti panasz\u00e9nekk\u00e9nt is szoktuk emlegetni. Ami azonban a legfontosabb, mag\u00e1ban a panaszban megjelenik az \u00f6r\u00f6m \u00e9s boldogs\u00e1g ut\u00e1ni v\u00e1gy. Szeretne m\u00e1r v\u00e9gre \u00f6r\u00f6mdalra fakadni a panaszkod\u00f3 zsolt\u00e1ros. &#8211; Keresd magadban az \u00f6r\u00f6m forr\u00e1sait! &#8211; A szentleck\u00e9ben Szent P\u00e1l apostol Isten ingyenes kegyelmi aj\u00e1nd\u00e9kaira h\u00edvja fel figyelm\u00fcnket. Mindez pedig nem a magunk \u00e9rdeme, hanem Isten aj\u00e1nd\u00e9ka. Ism\u00e9telten csup\u00e1n arra van sz\u00fcks\u00e9g, hogy magam \u00e9let\u00e9ben ezeket a kincseket felfedezzem \u00e9s egyben h\u00e1l\u00e1s legyek \u00e9rt\u00fck. &#8211; Az evang\u00e9lium az Isten v\u00e9gtelen szeretet\u00e9r\u0151l sz\u00f3l. \u00c9letem nem m\u00e1s, mint v\u00e1lasz erre az \u00f6r\u00f6k \u00e9s v\u00e9gtelen isteni szeretetre. M\u00e9g pedig \u00fagy, hogy benne \u00e9lek abban a vil\u00e1gban, amely a j\u00f3 \u00e9s rossz, vil\u00e1goss\u00e1g \u00e9s s\u00f6t\u00e9ts\u00e9g \u00f6r\u00f6k\u00f6s kett\u0151ss\u00e9g\u00e9nek harc\u00e1r\u00f3l sz\u00f3l. A nagy k\u00e9rd\u00e9s, hogyan tudok mindig a j\u00f3 \u00e9s vil\u00e1goss\u00e1g oldal\u00e1n maradni? K\u00fcl\u00f6n\u00f6sen annak f\u00e9ny\u00e9ben, hogy ma l\u00e1tsz\u00f3lag nem ezen \u00e9rt\u00e9keknek \u00e1ll a z\u00e1szl\u00f3. Kezd\u0151\u00e9nek: Vigadozz\u00e1l, Jeruzs\u00e1lem, \u00e9s gy\u0171ljetek egybe mind, akik szeretitek \u0151t, \u00f6rvendjetek vigass\u00e1ggal, akik b\u00e1nk\u00f3dtatok, hogy ujjongjatok \u00e9s elteljetek vigasztal\u00e1s\u00e1nak tej\u00e9vel. (V\u00f6. Iz 66,10-11) K\u00f6ny\u00f6rg\u00e9s: Isten\u00fcnk, te szent Fiad \u00e1ltal... R\u00e9szletek","og_url":"https:\/\/stuttgarti-katolikusok.de\/index.php\/nagybojt-4-vasarnapja-laetare-vasarnap\/","og_site_name":"Stuttgarti Katolikusok","article_published_time":"2024-03-09T06:41:10+00:00","article_modified_time":"2024-03-09T22:41:52+00:00","og_image":[{"width":1080,"height":1066,"url":"https:\/\/stuttgarti-katolikusok.de\/wp-content\/uploads\/2024\/03\/web-24.jpg","type":"image\/jpeg"}],"author":"Tibor atya","twitter_card":"summary_large_image","twitter_misc":{"Szerz\u0151:":"Tibor atya","Becs\u00fclt olvas\u00e1si id\u0151":"8 perc"},"schema":{"@context":"https:\/\/schema.org","@graph":[{"@type":"Article","@id":"https:\/\/stuttgarti-katolikusok.de\/index.php\/nagybojt-4-vasarnapja-laetare-vasarnap\/#article","isPartOf":{"@id":"https:\/\/stuttgarti-katolikusok.de\/index.php\/nagybojt-4-vasarnapja-laetare-vasarnap\/"},"author":{"name":"Tibor atya","@id":"https:\/\/stuttgarti-katolikusok.de\/#\/schema\/person\/75908d6f8fdc03a57889d27209df7795"},"headline":"Nagyb\u00f6jt 4. vas\u00e1rnapja \u2013 L\u00e6tare-vas\u00e1rnap","datePublished":"2024-03-09T06:41:10+00:00","dateModified":"2024-03-09T22:41:52+00:00","mainEntityOfPage":{"@id":"https:\/\/stuttgarti-katolikusok.de\/index.php\/nagybojt-4-vasarnapja-laetare-vasarnap\/"},"wordCount":1879,"image":{"@id":"https:\/\/stuttgarti-katolikusok.de\/index.php\/nagybojt-4-vasarnapja-laetare-vasarnap\/#primaryimage"},"thumbnailUrl":"https:\/\/stuttgarti-katolikusok.de\/wp-content\/uploads\/2024\/03\/web-24.jpg","articleSection":["A liturgia olvasm\u00e1nyai","Vas\u00e1rnapi gondolatok"],"inLanguage":"hu"},{"@type":"WebPage","@id":"https:\/\/stuttgarti-katolikusok.de\/index.php\/nagybojt-4-vasarnapja-laetare-vasarnap\/","url":"https:\/\/stuttgarti-katolikusok.de\/index.php\/nagybojt-4-vasarnapja-laetare-vasarnap\/","name":"Nagyb\u00f6jt 4. vas\u00e1rnapja \u2013 L\u00e6tare-vas\u00e1rnap - Stuttgarti Katolikusok","isPartOf":{"@id":"https:\/\/stuttgarti-katolikusok.de\/#website"},"primaryImageOfPage":{"@id":"https:\/\/stuttgarti-katolikusok.de\/index.php\/nagybojt-4-vasarnapja-laetare-vasarnap\/#primaryimage"},"image":{"@id":"https:\/\/stuttgarti-katolikusok.de\/index.php\/nagybojt-4-vasarnapja-laetare-vasarnap\/#primaryimage"},"thumbnailUrl":"https:\/\/stuttgarti-katolikusok.de\/wp-content\/uploads\/2024\/03\/web-24.jpg","datePublished":"2024-03-09T06:41:10+00:00","dateModified":"2024-03-09T22:41:52+00:00","author":{"@id":"https:\/\/stuttgarti-katolikusok.de\/#\/schema\/person\/75908d6f8fdc03a57889d27209df7795"},"breadcrumb":{"@id":"https:\/\/stuttgarti-katolikusok.de\/index.php\/nagybojt-4-vasarnapja-laetare-vasarnap\/#breadcrumb"},"inLanguage":"hu","potentialAction":[{"@type":"ReadAction","target":["https:\/\/stuttgarti-katolikusok.de\/index.php\/nagybojt-4-vasarnapja-laetare-vasarnap\/"]}]},{"@type":"ImageObject","inLanguage":"hu","@id":"https:\/\/stuttgarti-katolikusok.de\/index.php\/nagybojt-4-vasarnapja-laetare-vasarnap\/#primaryimage","url":"https:\/\/stuttgarti-katolikusok.de\/wp-content\/uploads\/2024\/03\/web-24.jpg","contentUrl":"https:\/\/stuttgarti-katolikusok.de\/wp-content\/uploads\/2024\/03\/web-24.jpg","width":1080,"height":1066},{"@type":"BreadcrumbList","@id":"https:\/\/stuttgarti-katolikusok.de\/index.php\/nagybojt-4-vasarnapja-laetare-vasarnap\/#breadcrumb","itemListElement":[{"@type":"ListItem","position":1,"name":"Kezd\u0151lap","item":"https:\/\/stuttgarti-katolikusok.de\/"},{"@type":"ListItem","position":2,"name":"Nagyb\u00f6jt 4. vas\u00e1rnapja \u2013 L\u00e6tare-vas\u00e1rnap"}]},{"@type":"WebSite","@id":"https:\/\/stuttgarti-katolikusok.de\/#website","url":"https:\/\/stuttgarti-katolikusok.de\/","name":"Stuttgarti Katolikusok","description":"","potentialAction":[{"@type":"SearchAction","target":{"@type":"EntryPoint","urlTemplate":"https:\/\/stuttgarti-katolikusok.de\/?s={search_term_string}"},"query-input":{"@type":"PropertyValueSpecification","valueRequired":true,"valueName":"search_term_string"}}],"inLanguage":"hu"},{"@type":"Person","@id":"https:\/\/stuttgarti-katolikusok.de\/#\/schema\/person\/75908d6f8fdc03a57889d27209df7795","name":"Tibor atya","image":{"@type":"ImageObject","inLanguage":"hu","@id":"https:\/\/secure.gravatar.com\/avatar\/61d268e57d1f4525b111222e29d2d5a7f8c420fdbf231ba5566a8ceac74fa960?s=96&d=mm&r=g","url":"https:\/\/secure.gravatar.com\/avatar\/61d268e57d1f4525b111222e29d2d5a7f8c420fdbf231ba5566a8ceac74fa960?s=96&d=mm&r=g","contentUrl":"https:\/\/secure.gravatar.com\/avatar\/61d268e57d1f4525b111222e29d2d5a7f8c420fdbf231ba5566a8ceac74fa960?s=96&d=mm&r=g","caption":"Tibor atya"},"url":"https:\/\/stuttgarti-katolikusok.de\/index.php\/author\/tibor-atya\/"}]}},"_links":{"self":[{"href":"https:\/\/stuttgarti-katolikusok.de\/index.php\/wp-json\/wp\/v2\/posts\/28501","targetHints":{"allow":["GET"]}}],"collection":[{"href":"https:\/\/stuttgarti-katolikusok.de\/index.php\/wp-json\/wp\/v2\/posts"}],"about":[{"href":"https:\/\/stuttgarti-katolikusok.de\/index.php\/wp-json\/wp\/v2\/types\/post"}],"author":[{"embeddable":true,"href":"https:\/\/stuttgarti-katolikusok.de\/index.php\/wp-json\/wp\/v2\/users\/3"}],"replies":[{"embeddable":true,"href":"https:\/\/stuttgarti-katolikusok.de\/index.php\/wp-json\/wp\/v2\/comments?post=28501"}],"version-history":[{"count":4,"href":"https:\/\/stuttgarti-katolikusok.de\/index.php\/wp-json\/wp\/v2\/posts\/28501\/revisions"}],"predecessor-version":[{"id":28506,"href":"https:\/\/stuttgarti-katolikusok.de\/index.php\/wp-json\/wp\/v2\/posts\/28501\/revisions\/28506"}],"wp:featuredmedia":[{"embeddable":true,"href":"https:\/\/stuttgarti-katolikusok.de\/index.php\/wp-json\/wp\/v2\/media\/28502"}],"wp:attachment":[{"href":"https:\/\/stuttgarti-katolikusok.de\/index.php\/wp-json\/wp\/v2\/media?parent=28501"}],"wp:term":[{"taxonomy":"category","embeddable":true,"href":"https:\/\/stuttgarti-katolikusok.de\/index.php\/wp-json\/wp\/v2\/categories?post=28501"},{"taxonomy":"post_tag","embeddable":true,"href":"https:\/\/stuttgarti-katolikusok.de\/index.php\/wp-json\/wp\/v2\/tags?post=28501"}],"curies":[{"name":"wp","href":"https:\/\/api.w.org\/{rel}","templated":true}]}}