{"id":28465,"date":"2024-03-04T10:48:59","date_gmt":"2024-03-04T09:48:59","guid":{"rendered":"https:\/\/stuttgarti-katolikusok.de\/?p=28465"},"modified":"2024-03-05T08:10:07","modified_gmt":"2024-03-05T07:10:07","slug":"2024-marcius-4-es-10-kozott","status":"publish","type":"post","link":"https:\/\/stuttgarti-katolikusok.de\/index.php\/2024-marcius-4-es-10-kozott\/","title":{"rendered":"2024 M\u00c1RCIUS 4 \u00c9S 10 K\u00d6Z\u00d6TT"},"content":{"rendered":"<p><span style=\"color: #993366;\"><strong>Programel\u0151zetes<\/strong><\/span><\/p>\n<p style=\"text-align: center;\"><strong><span style=\"color: #993366;\">*<\/span><\/strong><\/p>\n<p><strong>M\u00e1rcius 8-\u00e1n<\/strong>, p\u00e9nteken, <strong><em>Stuttgarti d\u00e9lut\u00e1n<\/em><\/strong>,<\/p>\n<p>17.30 \u00f3rakor <em>kereszt\u00fati \u00e1jtatoss\u00e1g,<\/em><\/p>\n<p>18.00 \u00f3rakor <em>szentmise,<\/em><\/p>\n<p>18.30 \u00f3rakor az <strong>Erasmus Akad\u00e9mia <\/strong>\u00e9s a <strong>Bar\u00e1ts\u00e1gklub <\/strong>szervez\u00e9s\u00e9ben k\u00f6z\u00f6s el\u0151ad\u00e1sra ker\u00fcl sor.<\/p>\n<p><a href=\"https:\/\/stuttgarti-katolikusok.de\/wp-content\/uploads\/2024\/03\/whatsapp-kep-2024-02-13-213638-9286a5c9.jpg\"><img loading=\"lazy\" decoding=\"async\" class=\"alignnone size-full wp-image-28466\" src=\"https:\/\/stuttgarti-katolikusok.de\/wp-content\/uploads\/2024\/03\/whatsapp-kep-2024-02-13-213638-9286a5c9.jpg\" alt=\"\" width=\"1080\" height=\"761\" srcset=\"https:\/\/stuttgarti-katolikusok.de\/wp-content\/uploads\/2024\/03\/whatsapp-kep-2024-02-13-213638-9286a5c9.jpg 1080w, https:\/\/stuttgarti-katolikusok.de\/wp-content\/uploads\/2024\/03\/whatsapp-kep-2024-02-13-213638-9286a5c9-300x211.jpg 300w, https:\/\/stuttgarti-katolikusok.de\/wp-content\/uploads\/2024\/03\/whatsapp-kep-2024-02-13-213638-9286a5c9-1024x722.jpg 1024w\" sizes=\"auto, (max-width: 1080px) 100vw, 1080px\" \/><\/a><\/p>\n<p style=\"text-align: center;\"><span style=\"color: #993366;\"><em><strong>*<\/strong><\/em><\/span><\/p>\n<p><strong>M\u00e1rcius 9-\u00e9n<\/strong><em>,<\/em> szombaton<em>,<\/em><strong> Biberachban <\/strong>16.45 \u00f3rakor<em>\u00a0szentmise, <\/em><em>szentmise keret\u00e9ben kiszolg\u00e1ltatom a <\/em><em>szentkenet szents\u00e9g\u00e9t. Nincs agap\u00e9!!!<\/em><\/p>\n<p style=\"text-align: center;\"><span style=\"color: #993366;\"><em><strong>*<\/strong><\/em><\/span><\/p>\n<p><strong>M\u00e1rcius 10-\u00e9n<\/strong><em><strong>,<\/strong><\/em> <span style=\"color: #993366;\"><em><strong>Nagyb\u00f6jt 4. vas\u00e1rnapja<\/strong><\/em><\/span><em>,\u00a0<\/em><\/p>\n<p><strong>Weingartenben<\/strong><strong>, <\/strong>10.00 \u00f3rakor <em>szentmise<\/em> a <em>14 Nothelfer Kapelle-<\/em>ben, keret\u00e9ben kiszolg\u00e1ltatom a <em>szentkenet szents\u00e9g\u00e9t<\/em><em>, <\/em>ut\u00e1na <em>agap\u00e9.<\/em><\/p>\n<p><strong>Ulmban<\/strong><em>, <\/em>15.00 \u00f3rakor <em>szentmise, <\/em>keret\u00e9ben a <em>szentkenet szents\u00e9g\u00e9nek <\/em>kiszolg\u00e1ltat\u00e1sa<em>, <\/em>ut\u00e1na <em>agap\u00e9.<\/em><\/p>\n<p><strong>Stuttgartban <\/strong>15.00 \u00f3rakor <em>\u00f6kumenikus istentisztelet <\/em>a <strong><em>Stuttgart-Bad Cannstatt<\/em><\/strong>-i<strong><em> Lutherkirche<\/em><\/strong>-ben. Ezt k\u00f6vet\u0151en pedig <strong>M\u00e1rcius 15-i \u00fcnnep\u00e9ly.<\/strong> Az \u00fcnnep\u00e9lyt a gy\u00fclekezeti teremben lesz, ahol az \u00fcnnepi m\u0171sor k\u00f6z\u00e9ppontj\u00e1ban a 200 \u00e9ves magyar Himnusz \u00e1ll.<\/p>\n<p><em>\u201eNagy megtiszteltet\u00e9snek venn\u00e9nk, ha min\u00e9l t\u00f6bben j\u00f6nn\u00e9nek a stuttgarti \u00e9s k\u00f6rny\u00e9kb\u00e9li katolikusok\u201d<\/em> \u2013 \u00edrja megh\u00edv\u00f3 level\u00e9ben G\u00e9mes P\u00e1l, lelk\u00e9sz \u00far, a \u00a0W\u00fcrttembergi Magyar Protest\u00e1ns Gy\u00fclekezet presbit\u00e9riuma nev\u00e9ben.<\/p>\n<p style=\"text-align: center;\"><em><strong>\u00a0<span style=\"color: #993366;\">*<\/span><\/strong><\/em><\/p>\n<p>Minden helyen mindenkit szeretettel v\u00e1r a k\u00f6z\u00f6ss\u00e9g \u00e9s Tibor atya!<\/p>\n<p style=\"text-align: center;\"><span style=\"color: #993366;\"><strong>\u00a0*<\/strong><\/span><\/p>\n<p><a href=\"https:\/\/stuttgarti-katolikusok.de\/wp-content\/uploads\/2021\/03\/thorn-4265860-1280.jpg\"><img loading=\"lazy\" decoding=\"async\" class=\"alignnone size-full wp-image-21415\" src=\"https:\/\/stuttgarti-katolikusok.de\/wp-content\/uploads\/2021\/03\/thorn-4265860-1280.jpg\" alt=\"\" width=\"1280\" height=\"723\" srcset=\"https:\/\/stuttgarti-katolikusok.de\/wp-content\/uploads\/2021\/03\/thorn-4265860-1280.jpg 1280w, https:\/\/stuttgarti-katolikusok.de\/wp-content\/uploads\/2021\/03\/thorn-4265860-1280-300x169.jpg 300w, https:\/\/stuttgarti-katolikusok.de\/wp-content\/uploads\/2021\/03\/thorn-4265860-1280-1024x578.jpg 1024w, https:\/\/stuttgarti-katolikusok.de\/wp-content\/uploads\/2021\/03\/thorn-4265860-1280-518x294.jpg 518w\" sizes=\"auto, (max-width: 1280px) 100vw, 1280px\" \/><\/a><\/p>\n<p style=\"text-align: center;\"><span style=\"color: #993366;\"><em><strong>*<\/strong><\/em><\/span><\/p>\n<p><span style=\"color: #993366;\"><em><strong>Bens\u0151s\u00e9ges nagyb\u00f6jti napokat, j\u00f3 munk\u00e1t, tartalmas besz\u00e9lget\u00e9seket \u00e9s \u00f6r\u00f6mteli tal\u00e1lkoz\u00e1sokat k\u00edv\u00e1nunk minden Kedves H\u00edv\u00fcnknek!<\/strong><\/em><\/span><\/p>\n<p style=\"text-align: center;\"><span style=\"color: #993366;\"><em><strong>*<\/strong><\/em><\/span><\/p>\n<p><em><strong>\u201eNem b\u00fcntethetn\u00e9 Isten \u00e9rz\u00e9kenyebben az embert, mint ha megengedn\u00e9, hogy minden k\u00edv\u00e1ns\u00e1ga szerint t\u00f6rt\u00e9njen.<\/strong><\/em><\/p>\n<p><em><strong>J\u00f3zsefnek testv\u00e9rei sohasem haszn\u00e1lhattak volna annyit szeretet\u00fckkel, mint amennyit haszn\u00e1ltak gonoszs\u00e1gukkal \u00e9s gy\u0171l\u00f6let\u00fckkel.<\/strong><\/em><\/p>\n<p><em><strong>Uram, adj nekem humor\u00e9rz\u00e9ket. Add meg a kegyelmet, hogy \u00e9rtsem a tr\u00e9f\u00e1t, hogy \u00edgy az \u00e9letben egy kis boldogs\u00e1gom legyen, \u00e9s m\u00e1snak is tov\u00e1bbadjak bel\u0151le\u201d <\/strong><\/em><em>(Morus Szent Tam\u00e1s \u2013 angol humanista &#8211; 1478 \u2013 1535)<\/em><\/p>\n<p><em>(K\u00e9pek forr\u00e1sa: Pixabay)<\/em><\/p>\n","protected":false},"excerpt":{"rendered":"<p>Programel\u0151zetes * M\u00e1rcius 8-\u00e1n, p\u00e9nteken, Stuttgarti d\u00e9lut\u00e1n, 17.30 \u00f3rakor kereszt\u00fati \u00e1jtatoss\u00e1g, 18.00 \u00f3rakor szentmise, 18.30 \u00f3rakor az Erasmus Akad\u00e9mia \u00e9s a Bar\u00e1ts\u00e1gklub szervez\u00e9s\u00e9ben k\u00f6z\u00f6s el\u0151ad\u00e1sra ker\u00fcl sor. * M\u00e1rcius 9-\u00e9n, szombaton, Biberachban 16.45 \u00f3rakor\u00a0szentmise, szentmise keret\u00e9ben kiszolg\u00e1ltatom a szentkenet szents\u00e9g\u00e9t. Nincs agap\u00e9!!! * M\u00e1rcius 10-\u00e9n, Nagyb\u00f6jt 4. vas\u00e1rnapja,\u00a0 Weingartenben, 10.00 \u00f3rakor szentmise a 14 Nothelfer Kapelle-ben, keret\u00e9ben kiszolg\u00e1ltatom a szentkenet szents\u00e9g\u00e9t, ut\u00e1na agap\u00e9. Ulmban, 15.00 \u00f3rakor szentmise, keret\u00e9ben a szentkenet szents\u00e9g\u00e9nek kiszolg\u00e1ltat\u00e1sa, ut\u00e1na agap\u00e9. Stuttgartban 15.00 \u00f3rakor \u00f6kumenikus istentisztelet a Stuttgart-Bad Cannstatt-i Lutherkirche-ben. Ezt k\u00f6vet\u0151en pedig M\u00e1rcius 15-i \u00fcnnep\u00e9ly. Az \u00fcnnep\u00e9lyt a gy\u00fclekezeti teremben lesz, ahol az \u00fcnnepi m\u0171sor k\u00f6z\u00e9ppontj\u00e1ban a 200 \u00e9ves magyar Himnusz \u00e1ll. \u201eNagy megtiszteltet\u00e9snek venn\u00e9nk, ha min\u00e9l t\u00f6bben j\u00f6nn\u00e9nek a stuttgarti \u00e9s k\u00f6rny\u00e9kb\u00e9li katolikusok\u201d \u2013 \u00edrja megh\u00edv\u00f3 level\u00e9ben G\u00e9mes P\u00e1l, lelk\u00e9sz \u00far, a \u00a0W\u00fcrttembergi Magyar Protest\u00e1ns Gy\u00fclekezet presbit\u00e9riuma nev\u00e9ben. \u00a0* Minden helyen mindenkit szeretettel v\u00e1r a k\u00f6z\u00f6ss\u00e9g \u00e9s Tibor atya! \u00a0* * Bens\u0151s\u00e9ges nagyb\u00f6jti napokat, j\u00f3 munk\u00e1t, tartalmas besz\u00e9lget\u00e9seket \u00e9s \u00f6r\u00f6mteli tal\u00e1lkoz\u00e1sokat k\u00edv\u00e1nunk minden Kedves H\u00edv\u00fcnknek! * \u201eNem b\u00fcntethetn\u00e9 Isten \u00e9rz\u00e9kenyebben az embert, mint ha megengedn\u00e9, hogy minden k\u00edv\u00e1ns\u00e1ga szerint t\u00f6rt\u00e9njen. J\u00f3zsefnek testv\u00e9rei sohasem haszn\u00e1lhattak volna annyit szeretet\u00fckkel, mint amennyit haszn\u00e1ltak gonoszs\u00e1gukkal \u00e9s gy\u0171l\u00f6let\u00fckkel. Uram, adj nekem humor\u00e9rz\u00e9ket. Add meg a kegyelmet, hogy \u00e9rtsem a tr\u00e9f\u00e1t, hogy \u00edgy az \u00e9letben egy kis boldogs\u00e1gom legyen, \u00e9s m\u00e1snak is tov\u00e1bbadjak bel\u0151le\u201d (Morus Szent Tam\u00e1s \u2013 angol humanista &#8211; 1478 \u2013 1535) (K\u00e9pek forr\u00e1sa: Pixabay)<\/p>\n","protected":false},"author":3,"featured_media":21407,"comment_status":"closed","ping_status":"closed","sticky":false,"template":"","format":"standard","meta":{"footnotes":""},"categories":[32],"tags":[],"class_list":["post-28465","post","type-post","status-publish","format-standard","has-post-thumbnail","hentry","category-baratsag-klub"],"yoast_head":"<!-- This site is optimized with the Yoast SEO plugin v27.3 - https:\/\/yoast.com\/product\/yoast-seo-wordpress\/ -->\n<title>2024 M\u00c1RCIUS 4 \u00c9S 10 K\u00d6Z\u00d6TT - Stuttgarti Katolikusok<\/title>\n<meta name=\"robots\" content=\"index, follow, max-snippet:-1, max-image-preview:large, max-video-preview:-1\" \/>\n<link rel=\"canonical\" href=\"https:\/\/stuttgarti-katolikusok.de\/index.php\/2024-marcius-4-es-10-kozott\/\" \/>\n<meta property=\"og:locale\" content=\"hu_HU\" \/>\n<meta property=\"og:type\" content=\"article\" \/>\n<meta property=\"og:title\" content=\"2024 M\u00c1RCIUS 4 \u00c9S 10 K\u00d6Z\u00d6TT - Stuttgarti Katolikusok\" \/>\n<meta property=\"og:description\" content=\"Programel\u0151zetes * M\u00e1rcius 8-\u00e1n, p\u00e9nteken, Stuttgarti d\u00e9lut\u00e1n, 17.30 \u00f3rakor kereszt\u00fati \u00e1jtatoss\u00e1g, 18.00 \u00f3rakor szentmise, 18.30 \u00f3rakor az Erasmus Akad\u00e9mia \u00e9s a Bar\u00e1ts\u00e1gklub szervez\u00e9s\u00e9ben k\u00f6z\u00f6s el\u0151ad\u00e1sra ker\u00fcl sor. * M\u00e1rcius 9-\u00e9n, szombaton, Biberachban 16.45 \u00f3rakor\u00a0szentmise, szentmise keret\u00e9ben kiszolg\u00e1ltatom a szentkenet szents\u00e9g\u00e9t. Nincs agap\u00e9!!! * M\u00e1rcius 10-\u00e9n, Nagyb\u00f6jt 4. vas\u00e1rnapja,\u00a0 Weingartenben, 10.00 \u00f3rakor szentmise a 14 Nothelfer Kapelle-ben, keret\u00e9ben kiszolg\u00e1ltatom a szentkenet szents\u00e9g\u00e9t, ut\u00e1na agap\u00e9. Ulmban, 15.00 \u00f3rakor szentmise, keret\u00e9ben a szentkenet szents\u00e9g\u00e9nek kiszolg\u00e1ltat\u00e1sa, ut\u00e1na agap\u00e9. Stuttgartban 15.00 \u00f3rakor \u00f6kumenikus istentisztelet a Stuttgart-Bad Cannstatt-i Lutherkirche-ben. Ezt k\u00f6vet\u0151en pedig M\u00e1rcius 15-i \u00fcnnep\u00e9ly. Az \u00fcnnep\u00e9lyt a gy\u00fclekezeti teremben lesz, ahol az \u00fcnnepi m\u0171sor k\u00f6z\u00e9ppontj\u00e1ban a 200 \u00e9ves magyar Himnusz \u00e1ll. \u201eNagy megtiszteltet\u00e9snek venn\u00e9nk, ha min\u00e9l t\u00f6bben j\u00f6nn\u00e9nek a stuttgarti \u00e9s k\u00f6rny\u00e9kb\u00e9li katolikusok\u201d \u2013 \u00edrja megh\u00edv\u00f3 level\u00e9ben G\u00e9mes P\u00e1l, lelk\u00e9sz \u00far, a \u00a0W\u00fcrttembergi Magyar Protest\u00e1ns Gy\u00fclekezet presbit\u00e9riuma nev\u00e9ben. \u00a0* Minden helyen mindenkit szeretettel v\u00e1r a k\u00f6z\u00f6ss\u00e9g \u00e9s Tibor atya! \u00a0* * Bens\u0151s\u00e9ges nagyb\u00f6jti napokat, j\u00f3 munk\u00e1t, tartalmas besz\u00e9lget\u00e9seket \u00e9s \u00f6r\u00f6mteli tal\u00e1lkoz\u00e1sokat k\u00edv\u00e1nunk minden Kedves H\u00edv\u00fcnknek! * \u201eNem b\u00fcntethetn\u00e9 Isten \u00e9rz\u00e9kenyebben az embert, mint ha megengedn\u00e9, hogy minden k\u00edv\u00e1ns\u00e1ga szerint t\u00f6rt\u00e9njen. J\u00f3zsefnek testv\u00e9rei sohasem haszn\u00e1lhattak volna annyit szeretet\u00fckkel, mint amennyit haszn\u00e1ltak gonoszs\u00e1gukkal \u00e9s gy\u0171l\u00f6let\u00fckkel. Uram, adj nekem humor\u00e9rz\u00e9ket. Add meg a kegyelmet, hogy \u00e9rtsem a tr\u00e9f\u00e1t, hogy \u00edgy az \u00e9letben egy kis boldogs\u00e1gom legyen, \u00e9s m\u00e1snak is tov\u00e1bbadjak bel\u0151le\u201d (Morus Szent Tam\u00e1s \u2013 angol humanista &#8211; 1478 \u2013 1535) (K\u00e9pek forr\u00e1sa: Pixabay)\" \/>\n<meta property=\"og:url\" content=\"https:\/\/stuttgarti-katolikusok.de\/index.php\/2024-marcius-4-es-10-kozott\/\" \/>\n<meta property=\"og:site_name\" content=\"Stuttgarti Katolikusok\" \/>\n<meta property=\"article:published_time\" content=\"2024-03-04T09:48:59+00:00\" \/>\n<meta property=\"article:modified_time\" content=\"2024-03-05T07:10:07+00:00\" \/>\n<meta property=\"og:image\" content=\"https:\/\/stuttgarti-katolikusok.de\/wp-content\/uploads\/2021\/03\/church-window-2294959-1280-1.jpg\" \/>\n\t<meta property=\"og:image:width\" content=\"1280\" \/>\n\t<meta property=\"og:image:height\" content=\"765\" \/>\n\t<meta property=\"og:image:type\" content=\"image\/jpeg\" \/>\n<meta name=\"author\" content=\"Tibor atya\" \/>\n<meta name=\"twitter:card\" content=\"summary_large_image\" \/>\n<meta name=\"twitter:label1\" content=\"Szerz\u0151:\" \/>\n\t<meta name=\"twitter:data1\" content=\"Tibor atya\" \/>\n\t<meta name=\"twitter:label2\" content=\"Becs\u00fclt olvas\u00e1si id\u0151\" \/>\n\t<meta name=\"twitter:data2\" content=\"2 perc\" \/>\n<script type=\"application\/ld+json\" class=\"yoast-schema-graph\">{\"@context\":\"https:\\\/\\\/schema.org\",\"@graph\":[{\"@type\":\"Article\",\"@id\":\"https:\\\/\\\/stuttgarti-katolikusok.de\\\/index.php\\\/2024-marcius-4-es-10-kozott\\\/#article\",\"isPartOf\":{\"@id\":\"https:\\\/\\\/stuttgarti-katolikusok.de\\\/index.php\\\/2024-marcius-4-es-10-kozott\\\/\"},\"author\":{\"name\":\"Tibor atya\",\"@id\":\"https:\\\/\\\/stuttgarti-katolikusok.de\\\/#\\\/schema\\\/person\\\/75908d6f8fdc03a57889d27209df7795\"},\"headline\":\"2024 M\u00c1RCIUS 4 \u00c9S 10 K\u00d6Z\u00d6TT\",\"datePublished\":\"2024-03-04T09:48:59+00:00\",\"dateModified\":\"2024-03-05T07:10:07+00:00\",\"mainEntityOfPage\":{\"@id\":\"https:\\\/\\\/stuttgarti-katolikusok.de\\\/index.php\\\/2024-marcius-4-es-10-kozott\\\/\"},\"wordCount\":325,\"image\":{\"@id\":\"https:\\\/\\\/stuttgarti-katolikusok.de\\\/index.php\\\/2024-marcius-4-es-10-kozott\\\/#primaryimage\"},\"thumbnailUrl\":\"https:\\\/\\\/stuttgarti-katolikusok.de\\\/wp-content\\\/uploads\\\/2021\\\/03\\\/church-window-2294959-1280-1.jpg\",\"articleSection\":[\"Bar\u00e1ts\u00e1g Klub\"],\"inLanguage\":\"hu\"},{\"@type\":\"WebPage\",\"@id\":\"https:\\\/\\\/stuttgarti-katolikusok.de\\\/index.php\\\/2024-marcius-4-es-10-kozott\\\/\",\"url\":\"https:\\\/\\\/stuttgarti-katolikusok.de\\\/index.php\\\/2024-marcius-4-es-10-kozott\\\/\",\"name\":\"2024 M\u00c1RCIUS 4 \u00c9S 10 K\u00d6Z\u00d6TT - Stuttgarti Katolikusok\",\"isPartOf\":{\"@id\":\"https:\\\/\\\/stuttgarti-katolikusok.de\\\/#website\"},\"primaryImageOfPage\":{\"@id\":\"https:\\\/\\\/stuttgarti-katolikusok.de\\\/index.php\\\/2024-marcius-4-es-10-kozott\\\/#primaryimage\"},\"image\":{\"@id\":\"https:\\\/\\\/stuttgarti-katolikusok.de\\\/index.php\\\/2024-marcius-4-es-10-kozott\\\/#primaryimage\"},\"thumbnailUrl\":\"https:\\\/\\\/stuttgarti-katolikusok.de\\\/wp-content\\\/uploads\\\/2021\\\/03\\\/church-window-2294959-1280-1.jpg\",\"datePublished\":\"2024-03-04T09:48:59+00:00\",\"dateModified\":\"2024-03-05T07:10:07+00:00\",\"author\":{\"@id\":\"https:\\\/\\\/stuttgarti-katolikusok.de\\\/#\\\/schema\\\/person\\\/75908d6f8fdc03a57889d27209df7795\"},\"breadcrumb\":{\"@id\":\"https:\\\/\\\/stuttgarti-katolikusok.de\\\/index.php\\\/2024-marcius-4-es-10-kozott\\\/#breadcrumb\"},\"inLanguage\":\"hu\",\"potentialAction\":[{\"@type\":\"ReadAction\",\"target\":[\"https:\\\/\\\/stuttgarti-katolikusok.de\\\/index.php\\\/2024-marcius-4-es-10-kozott\\\/\"]}]},{\"@type\":\"ImageObject\",\"inLanguage\":\"hu\",\"@id\":\"https:\\\/\\\/stuttgarti-katolikusok.de\\\/index.php\\\/2024-marcius-4-es-10-kozott\\\/#primaryimage\",\"url\":\"https:\\\/\\\/stuttgarti-katolikusok.de\\\/wp-content\\\/uploads\\\/2021\\\/03\\\/church-window-2294959-1280-1.jpg\",\"contentUrl\":\"https:\\\/\\\/stuttgarti-katolikusok.de\\\/wp-content\\\/uploads\\\/2021\\\/03\\\/church-window-2294959-1280-1.jpg\",\"width\":1280,\"height\":765},{\"@type\":\"BreadcrumbList\",\"@id\":\"https:\\\/\\\/stuttgarti-katolikusok.de\\\/index.php\\\/2024-marcius-4-es-10-kozott\\\/#breadcrumb\",\"itemListElement\":[{\"@type\":\"ListItem\",\"position\":1,\"name\":\"Kezd\u0151lap\",\"item\":\"https:\\\/\\\/stuttgarti-katolikusok.de\\\/\"},{\"@type\":\"ListItem\",\"position\":2,\"name\":\"2024 M\u00c1RCIUS 4 \u00c9S 10 K\u00d6Z\u00d6TT\"}]},{\"@type\":\"WebSite\",\"@id\":\"https:\\\/\\\/stuttgarti-katolikusok.de\\\/#website\",\"url\":\"https:\\\/\\\/stuttgarti-katolikusok.de\\\/\",\"name\":\"Stuttgarti Katolikusok\",\"description\":\"\",\"potentialAction\":[{\"@type\":\"SearchAction\",\"target\":{\"@type\":\"EntryPoint\",\"urlTemplate\":\"https:\\\/\\\/stuttgarti-katolikusok.de\\\/?s={search_term_string}\"},\"query-input\":{\"@type\":\"PropertyValueSpecification\",\"valueRequired\":true,\"valueName\":\"search_term_string\"}}],\"inLanguage\":\"hu\"},{\"@type\":\"Person\",\"@id\":\"https:\\\/\\\/stuttgarti-katolikusok.de\\\/#\\\/schema\\\/person\\\/75908d6f8fdc03a57889d27209df7795\",\"name\":\"Tibor atya\",\"image\":{\"@type\":\"ImageObject\",\"inLanguage\":\"hu\",\"@id\":\"https:\\\/\\\/secure.gravatar.com\\\/avatar\\\/61d268e57d1f4525b111222e29d2d5a7f8c420fdbf231ba5566a8ceac74fa960?s=96&d=mm&r=g\",\"url\":\"https:\\\/\\\/secure.gravatar.com\\\/avatar\\\/61d268e57d1f4525b111222e29d2d5a7f8c420fdbf231ba5566a8ceac74fa960?s=96&d=mm&r=g\",\"contentUrl\":\"https:\\\/\\\/secure.gravatar.com\\\/avatar\\\/61d268e57d1f4525b111222e29d2d5a7f8c420fdbf231ba5566a8ceac74fa960?s=96&d=mm&r=g\",\"caption\":\"Tibor atya\"},\"url\":\"https:\\\/\\\/stuttgarti-katolikusok.de\\\/index.php\\\/author\\\/tibor-atya\\\/\"}]}<\/script>\n<!-- \/ Yoast SEO plugin. -->","yoast_head_json":{"title":"2024 M\u00c1RCIUS 4 \u00c9S 10 K\u00d6Z\u00d6TT - Stuttgarti Katolikusok","robots":{"index":"index","follow":"follow","max-snippet":"max-snippet:-1","max-image-preview":"max-image-preview:large","max-video-preview":"max-video-preview:-1"},"canonical":"https:\/\/stuttgarti-katolikusok.de\/index.php\/2024-marcius-4-es-10-kozott\/","og_locale":"hu_HU","og_type":"article","og_title":"2024 M\u00c1RCIUS 4 \u00c9S 10 K\u00d6Z\u00d6TT - Stuttgarti Katolikusok","og_description":"Programel\u0151zetes * M\u00e1rcius 8-\u00e1n, p\u00e9nteken, Stuttgarti d\u00e9lut\u00e1n, 17.30 \u00f3rakor kereszt\u00fati \u00e1jtatoss\u00e1g, 18.00 \u00f3rakor szentmise, 18.30 \u00f3rakor az Erasmus Akad\u00e9mia \u00e9s a Bar\u00e1ts\u00e1gklub szervez\u00e9s\u00e9ben k\u00f6z\u00f6s el\u0151ad\u00e1sra ker\u00fcl sor. * M\u00e1rcius 9-\u00e9n, szombaton, Biberachban 16.45 \u00f3rakor\u00a0szentmise, szentmise keret\u00e9ben kiszolg\u00e1ltatom a szentkenet szents\u00e9g\u00e9t. Nincs agap\u00e9!!! * M\u00e1rcius 10-\u00e9n, Nagyb\u00f6jt 4. vas\u00e1rnapja,\u00a0 Weingartenben, 10.00 \u00f3rakor szentmise a 14 Nothelfer Kapelle-ben, keret\u00e9ben kiszolg\u00e1ltatom a szentkenet szents\u00e9g\u00e9t, ut\u00e1na agap\u00e9. Ulmban, 15.00 \u00f3rakor szentmise, keret\u00e9ben a szentkenet szents\u00e9g\u00e9nek kiszolg\u00e1ltat\u00e1sa, ut\u00e1na agap\u00e9. Stuttgartban 15.00 \u00f3rakor \u00f6kumenikus istentisztelet a Stuttgart-Bad Cannstatt-i Lutherkirche-ben. Ezt k\u00f6vet\u0151en pedig M\u00e1rcius 15-i \u00fcnnep\u00e9ly. Az \u00fcnnep\u00e9lyt a gy\u00fclekezeti teremben lesz, ahol az \u00fcnnepi m\u0171sor k\u00f6z\u00e9ppontj\u00e1ban a 200 \u00e9ves magyar Himnusz \u00e1ll. \u201eNagy megtiszteltet\u00e9snek venn\u00e9nk, ha min\u00e9l t\u00f6bben j\u00f6nn\u00e9nek a stuttgarti \u00e9s k\u00f6rny\u00e9kb\u00e9li katolikusok\u201d \u2013 \u00edrja megh\u00edv\u00f3 level\u00e9ben G\u00e9mes P\u00e1l, lelk\u00e9sz \u00far, a \u00a0W\u00fcrttembergi Magyar Protest\u00e1ns Gy\u00fclekezet presbit\u00e9riuma nev\u00e9ben. \u00a0* Minden helyen mindenkit szeretettel v\u00e1r a k\u00f6z\u00f6ss\u00e9g \u00e9s Tibor atya! \u00a0* * Bens\u0151s\u00e9ges nagyb\u00f6jti napokat, j\u00f3 munk\u00e1t, tartalmas besz\u00e9lget\u00e9seket \u00e9s \u00f6r\u00f6mteli tal\u00e1lkoz\u00e1sokat k\u00edv\u00e1nunk minden Kedves H\u00edv\u00fcnknek! * \u201eNem b\u00fcntethetn\u00e9 Isten \u00e9rz\u00e9kenyebben az embert, mint ha megengedn\u00e9, hogy minden k\u00edv\u00e1ns\u00e1ga szerint t\u00f6rt\u00e9njen. J\u00f3zsefnek testv\u00e9rei sohasem haszn\u00e1lhattak volna annyit szeretet\u00fckkel, mint amennyit haszn\u00e1ltak gonoszs\u00e1gukkal \u00e9s gy\u0171l\u00f6let\u00fckkel. Uram, adj nekem humor\u00e9rz\u00e9ket. Add meg a kegyelmet, hogy \u00e9rtsem a tr\u00e9f\u00e1t, hogy \u00edgy az \u00e9letben egy kis boldogs\u00e1gom legyen, \u00e9s m\u00e1snak is tov\u00e1bbadjak bel\u0151le\u201d (Morus Szent Tam\u00e1s \u2013 angol humanista &#8211; 1478 \u2013 1535) (K\u00e9pek forr\u00e1sa: Pixabay)","og_url":"https:\/\/stuttgarti-katolikusok.de\/index.php\/2024-marcius-4-es-10-kozott\/","og_site_name":"Stuttgarti Katolikusok","article_published_time":"2024-03-04T09:48:59+00:00","article_modified_time":"2024-03-05T07:10:07+00:00","og_image":[{"width":1280,"height":765,"url":"https:\/\/stuttgarti-katolikusok.de\/wp-content\/uploads\/2021\/03\/church-window-2294959-1280-1.jpg","type":"image\/jpeg"}],"author":"Tibor atya","twitter_card":"summary_large_image","twitter_misc":{"Szerz\u0151:":"Tibor atya","Becs\u00fclt olvas\u00e1si id\u0151":"2 perc"},"schema":{"@context":"https:\/\/schema.org","@graph":[{"@type":"Article","@id":"https:\/\/stuttgarti-katolikusok.de\/index.php\/2024-marcius-4-es-10-kozott\/#article","isPartOf":{"@id":"https:\/\/stuttgarti-katolikusok.de\/index.php\/2024-marcius-4-es-10-kozott\/"},"author":{"name":"Tibor atya","@id":"https:\/\/stuttgarti-katolikusok.de\/#\/schema\/person\/75908d6f8fdc03a57889d27209df7795"},"headline":"2024 M\u00c1RCIUS 4 \u00c9S 10 K\u00d6Z\u00d6TT","datePublished":"2024-03-04T09:48:59+00:00","dateModified":"2024-03-05T07:10:07+00:00","mainEntityOfPage":{"@id":"https:\/\/stuttgarti-katolikusok.de\/index.php\/2024-marcius-4-es-10-kozott\/"},"wordCount":325,"image":{"@id":"https:\/\/stuttgarti-katolikusok.de\/index.php\/2024-marcius-4-es-10-kozott\/#primaryimage"},"thumbnailUrl":"https:\/\/stuttgarti-katolikusok.de\/wp-content\/uploads\/2021\/03\/church-window-2294959-1280-1.jpg","articleSection":["Bar\u00e1ts\u00e1g Klub"],"inLanguage":"hu"},{"@type":"WebPage","@id":"https:\/\/stuttgarti-katolikusok.de\/index.php\/2024-marcius-4-es-10-kozott\/","url":"https:\/\/stuttgarti-katolikusok.de\/index.php\/2024-marcius-4-es-10-kozott\/","name":"2024 M\u00c1RCIUS 4 \u00c9S 10 K\u00d6Z\u00d6TT - Stuttgarti Katolikusok","isPartOf":{"@id":"https:\/\/stuttgarti-katolikusok.de\/#website"},"primaryImageOfPage":{"@id":"https:\/\/stuttgarti-katolikusok.de\/index.php\/2024-marcius-4-es-10-kozott\/#primaryimage"},"image":{"@id":"https:\/\/stuttgarti-katolikusok.de\/index.php\/2024-marcius-4-es-10-kozott\/#primaryimage"},"thumbnailUrl":"https:\/\/stuttgarti-katolikusok.de\/wp-content\/uploads\/2021\/03\/church-window-2294959-1280-1.jpg","datePublished":"2024-03-04T09:48:59+00:00","dateModified":"2024-03-05T07:10:07+00:00","author":{"@id":"https:\/\/stuttgarti-katolikusok.de\/#\/schema\/person\/75908d6f8fdc03a57889d27209df7795"},"breadcrumb":{"@id":"https:\/\/stuttgarti-katolikusok.de\/index.php\/2024-marcius-4-es-10-kozott\/#breadcrumb"},"inLanguage":"hu","potentialAction":[{"@type":"ReadAction","target":["https:\/\/stuttgarti-katolikusok.de\/index.php\/2024-marcius-4-es-10-kozott\/"]}]},{"@type":"ImageObject","inLanguage":"hu","@id":"https:\/\/stuttgarti-katolikusok.de\/index.php\/2024-marcius-4-es-10-kozott\/#primaryimage","url":"https:\/\/stuttgarti-katolikusok.de\/wp-content\/uploads\/2021\/03\/church-window-2294959-1280-1.jpg","contentUrl":"https:\/\/stuttgarti-katolikusok.de\/wp-content\/uploads\/2021\/03\/church-window-2294959-1280-1.jpg","width":1280,"height":765},{"@type":"BreadcrumbList","@id":"https:\/\/stuttgarti-katolikusok.de\/index.php\/2024-marcius-4-es-10-kozott\/#breadcrumb","itemListElement":[{"@type":"ListItem","position":1,"name":"Kezd\u0151lap","item":"https:\/\/stuttgarti-katolikusok.de\/"},{"@type":"ListItem","position":2,"name":"2024 M\u00c1RCIUS 4 \u00c9S 10 K\u00d6Z\u00d6TT"}]},{"@type":"WebSite","@id":"https:\/\/stuttgarti-katolikusok.de\/#website","url":"https:\/\/stuttgarti-katolikusok.de\/","name":"Stuttgarti Katolikusok","description":"","potentialAction":[{"@type":"SearchAction","target":{"@type":"EntryPoint","urlTemplate":"https:\/\/stuttgarti-katolikusok.de\/?s={search_term_string}"},"query-input":{"@type":"PropertyValueSpecification","valueRequired":true,"valueName":"search_term_string"}}],"inLanguage":"hu"},{"@type":"Person","@id":"https:\/\/stuttgarti-katolikusok.de\/#\/schema\/person\/75908d6f8fdc03a57889d27209df7795","name":"Tibor atya","image":{"@type":"ImageObject","inLanguage":"hu","@id":"https:\/\/secure.gravatar.com\/avatar\/61d268e57d1f4525b111222e29d2d5a7f8c420fdbf231ba5566a8ceac74fa960?s=96&d=mm&r=g","url":"https:\/\/secure.gravatar.com\/avatar\/61d268e57d1f4525b111222e29d2d5a7f8c420fdbf231ba5566a8ceac74fa960?s=96&d=mm&r=g","contentUrl":"https:\/\/secure.gravatar.com\/avatar\/61d268e57d1f4525b111222e29d2d5a7f8c420fdbf231ba5566a8ceac74fa960?s=96&d=mm&r=g","caption":"Tibor atya"},"url":"https:\/\/stuttgarti-katolikusok.de\/index.php\/author\/tibor-atya\/"}]}},"_links":{"self":[{"href":"https:\/\/stuttgarti-katolikusok.de\/index.php\/wp-json\/wp\/v2\/posts\/28465","targetHints":{"allow":["GET"]}}],"collection":[{"href":"https:\/\/stuttgarti-katolikusok.de\/index.php\/wp-json\/wp\/v2\/posts"}],"about":[{"href":"https:\/\/stuttgarti-katolikusok.de\/index.php\/wp-json\/wp\/v2\/types\/post"}],"author":[{"embeddable":true,"href":"https:\/\/stuttgarti-katolikusok.de\/index.php\/wp-json\/wp\/v2\/users\/3"}],"replies":[{"embeddable":true,"href":"https:\/\/stuttgarti-katolikusok.de\/index.php\/wp-json\/wp\/v2\/comments?post=28465"}],"version-history":[{"count":5,"href":"https:\/\/stuttgarti-katolikusok.de\/index.php\/wp-json\/wp\/v2\/posts\/28465\/revisions"}],"predecessor-version":[{"id":28484,"href":"https:\/\/stuttgarti-katolikusok.de\/index.php\/wp-json\/wp\/v2\/posts\/28465\/revisions\/28484"}],"wp:featuredmedia":[{"embeddable":true,"href":"https:\/\/stuttgarti-katolikusok.de\/index.php\/wp-json\/wp\/v2\/media\/21407"}],"wp:attachment":[{"href":"https:\/\/stuttgarti-katolikusok.de\/index.php\/wp-json\/wp\/v2\/media?parent=28465"}],"wp:term":[{"taxonomy":"category","embeddable":true,"href":"https:\/\/stuttgarti-katolikusok.de\/index.php\/wp-json\/wp\/v2\/categories?post=28465"},{"taxonomy":"post_tag","embeddable":true,"href":"https:\/\/stuttgarti-katolikusok.de\/index.php\/wp-json\/wp\/v2\/tags?post=28465"}],"curies":[{"name":"wp","href":"https:\/\/api.w.org\/{rel}","templated":true}]}}